{"id":19329,"date":"2020-06-28T16:20:00","date_gmt":"2020-06-28T14:20:00","guid":{"rendered":"https:\/\/marek2.rkartist.pl\/?p=19329"},"modified":"2020-07-17T16:37:34","modified_gmt":"2020-07-17T14:37:34","slug":"przemysl-obrazem-polityki-kulturalnej-panstwa","status":"publish","type":"post","link":"https:\/\/marekkuchcinski.pl\/ro\/wydarzenia\/przemysl-obrazem-polityki-kulturalnej-panstwa\/","title":{"rendered":"Przemy\u015bl ca imagine a politicii culturale de stat"},"content":{"rendered":"<p>Datorit\u0103 eforturilor lui Piotr Gli\u0144ski, ministrul Culturii, \u0219i ale lui Marek Kuchci\u0144ski, pre\u0219edintele Sejm-ului, \u00een urm\u0103 cu doi ani, Consiliul pentru Protec\u021bia Monumentelor a adoptat o rezolu\u021bie prin care Cetatea Przemy\u015bl \u0219i Complexul Urbanistic al Ora\u0219ului Vechi din ora\u0219ul Przemy\u015bl au devenit Monumente ale Istoriei. \u00cen plus, Muzeul \u021ainutului Przemy\u015bl a fost co-gestionat de Ministerul Culturii \u0219i Patrimoniului Na\u021bional.<\/p>\n\n\n\n<p>Piotr Gli\u0144ski, care se afla \u00een vizit\u0103 la Przemy\u015bl \u00een acel moment, a subliniat c\u0103, datorit\u0103 num\u0103rului de ini\u021biative co-organizate de minister \u00een Podkarpacie, viziteaz\u0103 des regiunea \u0219i datorit\u0103 bunei cooper\u0103ri dintre institu\u021biile centrale \u0219i comunitatea local\u0103 a fost posibil\u0103 semnarea acordului.<\/p>\n\n\n\n<p>\u00cen timpul vizitei sale la muzeul din Przemy\u015bl, pe 26 iunie, Piotr Gli\u0144ski a sus\u021binut c\u0103 ceea ce se poate spune despre cultura din Przemy\u015bl \u00een ultimii patru ani ilustreaz\u0103 politica na\u021bional\u0103 a partidului Lege \u0219i Justi\u021bie; grija pentru patrimoniu, o multitudine de ini\u021biative, inclusiv birouri nou \u00eenfiin\u021bate, cum ar fi Institutul Pilecki sau cele care ap\u0103r\u0103 estetica spa\u021biului sau care desf\u0103\u0219oar\u0103 proiecte \u00een str\u0103in\u0103tate. - Noi pur \u0219i simplu credem c\u0103 cultura este foarte important\u0103 \u0219i confirm\u0103m acest lucru prin decizii reale\", a spus Gli\u0144ski.<\/p>\n\n\n\n<p class=\"has-text-color has-vivid-cyan-blue-color\"><strong>\u00cen ultimii patru ani, 88 de milioane de zlo\u021bi au fost transfera\u021bi de la Ministerul Culturii c\u0103tre regiunea Podkarpacie. \u00cen perioada 2011-2014, aceasta a fost de 39 de milioane PLN.<\/strong><\/p>\n\n\n\n<p>Ministrul a subliniat c\u0103 bugetul Ministerului Culturii, \u00een compara\u021bie cu guvernele anterioare, a crescut cu 37%. Acesta este acum de peste 5,2 miliarde de zlo\u021bi - a spus el. - Trebuie s\u0103 modific\u0103m bugetul \u0219i \u00een ceea ce prive\u0219te posibilele pierderi ale institu\u021biilor culturale, dar acestea sunt recuperate \u00een mod continuu datorit\u0103 scuturilor anticriz\u0103. Putem spune cu fruntea sus c\u0103 \u00een aceast\u0103 perioad\u0103 dificil\u0103 am protejat locurile de munc\u0103 din cultur\u0103\", a argumentat Piotr Gli\u0144ski.<\/p>\n\n\n\n<p>Marek Kuchci\u0144ski s-a referit la politica cultural\u0103 a statului. El a subliniat c\u0103 regiunea Podkarpacie este apreciat\u0103 \u00een politica de stat \u00een domenii culturale larg r\u0103sp\u00e2ndite - de la protec\u021bia monumentelor istorice p\u00e2n\u0103 la artele plastice. De asemenea, a reamintit c\u0103 Andrzej Maksymilian Fredro, fondatorul Kalwaria Pac\u0142awska, pre\u0219edinte al Sejm-ului \u0219i autor a numeroase publica\u021bii, descoperite tot datorit\u0103 istoricilor din Podkarpackie, s-a n\u0103scut \u00een 1620. \u00cen acela\u0219i an s-a n\u0103scut Hetman Stanislaw \u017b\u00f3\u0142kiewski, un om de stat remarcabil care a devenit celebru dup\u0103 victoria de la Kluszyn \u0219i cucerirea Moscovei.<\/p>\n\n\n\n<p>Vicepremierul Gli\u0144ski \u0219i mare\u0219alul Marek Kuchci\u0144ski au vizitat, de asemenea, Biserica Franciscan\u0103, pentru renovarea c\u0103reia Ministerul Culturii a donat 3,4 milioane de zlo\u021bi. - Przemy\u015bl este un ora\u0219 excep\u021bional, unde monumentele pot fi g\u0103site la tot pasul. Acestea sunt foarte importante, deoarece genereaz\u0103 dezvoltarea regiunii. Toate aceste locuri de excep\u021bie sunt foarte bine \u00eengrijite datorit\u0103 sprijinului de la bugetul de stat \u0219i a eforturilor autorit\u0103\u021bilor locale\", a declarat ministrul.<\/p>\n\n\n\n<p>Foto: Pawe\u0142 Husarz\/ MNZP<\/p>\n\n\n\n<figure class=\"wp-block-gallery columns-1 is-cropped wp-block-gallery-1 is-layout-flex wp-block-gallery-is-layout-flex\"><ul class=\"blocks-gallery-grid\"><li class=\"blocks-gallery-item\"><figure><img fetchpriority=\"high\" decoding=\"async\" width=\"1024\" height=\"684\" src=\"https:\/\/marekkuchcinski.pl\/wp-content\/uploads\/2020\/07\/DSC_5810.jpg\" alt=\"\" data-id=\"19330\" data-full-url=\"https:\/\/marekkuchcinski.pl\/wp-content\/uploads\/2020\/07\/DSC_5810.jpg\" data-link=\"https:\/\/marekkuchcinski.pl\/?attachment_id=19330\" class=\"wp-image-19330\" srcset=\"https:\/\/marekkuchcinski.pl\/wp-content\/uploads\/2020\/07\/DSC_5810.jpg 1024w, https:\/\/marekkuchcinski.pl\/wp-content\/uploads\/2020\/07\/DSC_5810-300x200.jpg 300w, https:\/\/marekkuchcinski.pl\/wp-content\/uploads\/2020\/07\/DSC_5810-768x513.jpg 768w\" sizes=\"(max-width: 1024px) 100vw, 1024px\" \/><\/figure><\/li><li class=\"blocks-gallery-item\"><figure><img decoding=\"async\" width=\"1024\" height=\"684\" src=\"https:\/\/marekkuchcinski.pl\/wp-content\/uploads\/2020\/07\/DSC_5851.jpg\" alt=\"\" data-id=\"19331\" data-full-url=\"https:\/\/marekkuchcinski.pl\/wp-content\/uploads\/2020\/07\/DSC_5851.jpg\" data-link=\"https:\/\/marekkuchcinski.pl\/?attachment_id=19331\" class=\"wp-image-19331\" srcset=\"https:\/\/marekkuchcinski.pl\/wp-content\/uploads\/2020\/07\/DSC_5851.jpg 1024w, https:\/\/marekkuchcinski.pl\/wp-content\/uploads\/2020\/07\/DSC_5851-300x200.jpg 300w, https:\/\/marekkuchcinski.pl\/wp-content\/uploads\/2020\/07\/DSC_5851-768x513.jpg 768w\" sizes=\"(max-width: 1024px) 100vw, 1024px\" \/><\/figure><\/li><li class=\"blocks-gallery-item\"><figure><img decoding=\"async\" width=\"1024\" height=\"684\" src=\"https:\/\/marekkuchcinski.pl\/wp-content\/uploads\/2020\/07\/DSC_5923.jpg\" alt=\"\" data-id=\"19332\" data-full-url=\"https:\/\/marekkuchcinski.pl\/wp-content\/uploads\/2020\/07\/DSC_5923.jpg\" data-link=\"https:\/\/marekkuchcinski.pl\/?attachment_id=19332\" class=\"wp-image-19332\" srcset=\"https:\/\/marekkuchcinski.pl\/wp-content\/uploads\/2020\/07\/DSC_5923.jpg 1024w, https:\/\/marekkuchcinski.pl\/wp-content\/uploads\/2020\/07\/DSC_5923-300x200.jpg 300w, https:\/\/marekkuchcinski.pl\/wp-content\/uploads\/2020\/07\/DSC_5923-768x513.jpg 768w\" sizes=\"(max-width: 1024px) 100vw, 1024px\" \/><\/figure><\/li><li class=\"blocks-gallery-item\"><figure><img loading=\"lazy\" decoding=\"async\" width=\"1024\" height=\"684\" src=\"https:\/\/marekkuchcinski.pl\/wp-content\/uploads\/2020\/07\/DSC_5979.jpg\" alt=\"\" data-id=\"19333\" data-full-url=\"https:\/\/marekkuchcinski.pl\/wp-content\/uploads\/2020\/07\/DSC_5979.jpg\" data-link=\"https:\/\/marekkuchcinski.pl\/?attachment_id=19333\" class=\"wp-image-19333\" srcset=\"https:\/\/marekkuchcinski.pl\/wp-content\/uploads\/2020\/07\/DSC_5979.jpg 1024w, https:\/\/marekkuchcinski.pl\/wp-content\/uploads\/2020\/07\/DSC_5979-300x200.jpg 300w, https:\/\/marekkuchcinski.pl\/wp-content\/uploads\/2020\/07\/DSC_5979-768x513.jpg 768w\" sizes=\"(max-width: 1024px) 100vw, 1024px\" \/><\/figure><\/li><li class=\"blocks-gallery-item\"><figure><img loading=\"lazy\" decoding=\"async\" width=\"1024\" height=\"684\" src=\"https:\/\/marekkuchcinski.pl\/wp-content\/uploads\/2020\/07\/DSC_5991.jpg\" alt=\"\" data-id=\"19334\" data-full-url=\"https:\/\/marekkuchcinski.pl\/wp-content\/uploads\/2020\/07\/DSC_5991.jpg\" data-link=\"https:\/\/marekkuchcinski.pl\/?attachment_id=19334\" class=\"wp-image-19334\" srcset=\"https:\/\/marekkuchcinski.pl\/wp-content\/uploads\/2020\/07\/DSC_5991.jpg 1024w, https:\/\/marekkuchcinski.pl\/wp-content\/uploads\/2020\/07\/DSC_5991-300x200.jpg 300w, https:\/\/marekkuchcinski.pl\/wp-content\/uploads\/2020\/07\/DSC_5991-768x513.jpg 768w\" sizes=\"(max-width: 1024px) 100vw, 1024px\" \/><\/figure><\/li><li class=\"blocks-gallery-item\"><figure><img loading=\"lazy\" decoding=\"async\" width=\"1024\" height=\"684\" src=\"https:\/\/marekkuchcinski.pl\/wp-content\/uploads\/2020\/07\/DSC_6012.jpg\" alt=\"\" data-id=\"19335\" data-full-url=\"https:\/\/marekkuchcinski.pl\/wp-content\/uploads\/2020\/07\/DSC_6012.jpg\" data-link=\"https:\/\/marekkuchcinski.pl\/?attachment_id=19335\" class=\"wp-image-19335\" srcset=\"https:\/\/marekkuchcinski.pl\/wp-content\/uploads\/2020\/07\/DSC_6012.jpg 1024w, https:\/\/marekkuchcinski.pl\/wp-content\/uploads\/2020\/07\/DSC_6012-300x200.jpg 300w, https:\/\/marekkuchcinski.pl\/wp-content\/uploads\/2020\/07\/DSC_6012-768x513.jpg 768w\" sizes=\"(max-width: 1024px) 100vw, 1024px\" \/><\/figure><\/li><li class=\"blocks-gallery-item\"><figure><img loading=\"lazy\" decoding=\"async\" width=\"1024\" height=\"684\" src=\"https:\/\/marekkuchcinski.pl\/wp-content\/uploads\/2020\/07\/DSC_6077.jpg\" alt=\"\" data-id=\"19336\" data-full-url=\"https:\/\/marekkuchcinski.pl\/wp-content\/uploads\/2020\/07\/DSC_6077.jpg\" data-link=\"https:\/\/marekkuchcinski.pl\/?attachment_id=19336\" class=\"wp-image-19336\" srcset=\"https:\/\/marekkuchcinski.pl\/wp-content\/uploads\/2020\/07\/DSC_6077.jpg 1024w, https:\/\/marekkuchcinski.pl\/wp-content\/uploads\/2020\/07\/DSC_6077-300x200.jpg 300w, https:\/\/marekkuchcinski.pl\/wp-content\/uploads\/2020\/07\/DSC_6077-768x513.jpg 768w\" sizes=\"(max-width: 1024px) 100vw, 1024px\" \/><\/figure><\/li><li class=\"blocks-gallery-item\"><figure><img loading=\"lazy\" decoding=\"async\" width=\"1024\" height=\"684\" src=\"https:\/\/marekkuchcinski.pl\/wp-content\/uploads\/2020\/07\/DSC_6146.jpg\" alt=\"\" data-id=\"19337\" data-full-url=\"https:\/\/marekkuchcinski.pl\/wp-content\/uploads\/2020\/07\/DSC_6146.jpg\" data-link=\"https:\/\/marekkuchcinski.pl\/?attachment_id=19337\" class=\"wp-image-19337\" srcset=\"https:\/\/marekkuchcinski.pl\/wp-content\/uploads\/2020\/07\/DSC_6146.jpg 1024w, https:\/\/marekkuchcinski.pl\/wp-content\/uploads\/2020\/07\/DSC_6146-300x200.jpg 300w, https:\/\/marekkuchcinski.pl\/wp-content\/uploads\/2020\/07\/DSC_6146-768x513.jpg 768w\" sizes=\"(max-width: 1024px) 100vw, 1024px\" \/><\/figure><\/li><li class=\"blocks-gallery-item\"><figure><img loading=\"lazy\" decoding=\"async\" width=\"1024\" height=\"684\" src=\"https:\/\/marekkuchcinski.pl\/wp-content\/uploads\/2020\/07\/DSC_6197.jpg\" alt=\"\" data-id=\"19338\" data-full-url=\"https:\/\/marekkuchcinski.pl\/wp-content\/uploads\/2020\/07\/DSC_6197.jpg\" data-link=\"https:\/\/marekkuchcinski.pl\/?attachment_id=19338\" class=\"wp-image-19338\" srcset=\"https:\/\/marekkuchcinski.pl\/wp-content\/uploads\/2020\/07\/DSC_6197.jpg 1024w, https:\/\/marekkuchcinski.pl\/wp-content\/uploads\/2020\/07\/DSC_6197-300x200.jpg 300w, https:\/\/marekkuchcinski.pl\/wp-content\/uploads\/2020\/07\/DSC_6197-768x513.jpg 768w\" sizes=\"(max-width: 1024px) 100vw, 1024px\" \/><\/figure><\/li><li class=\"blocks-gallery-item\"><figure><img loading=\"lazy\" decoding=\"async\" width=\"1024\" height=\"684\" src=\"https:\/\/marekkuchcinski.pl\/wp-content\/uploads\/2020\/07\/DSC_6206.jpg\" alt=\"\" data-id=\"19339\" data-full-url=\"https:\/\/marekkuchcinski.pl\/wp-content\/uploads\/2020\/07\/DSC_6206.jpg\" data-link=\"https:\/\/marekkuchcinski.pl\/?attachment_id=19339\" class=\"wp-image-19339\" srcset=\"https:\/\/marekkuchcinski.pl\/wp-content\/uploads\/2020\/07\/DSC_6206.jpg 1024w, https:\/\/marekkuchcinski.pl\/wp-content\/uploads\/2020\/07\/DSC_6206-300x200.jpg 300w, https:\/\/marekkuchcinski.pl\/wp-content\/uploads\/2020\/07\/DSC_6206-768x513.jpg 768w\" sizes=\"(max-width: 1024px) 100vw, 1024px\" \/><\/figure><\/li><li class=\"blocks-gallery-item\"><figure><img loading=\"lazy\" decoding=\"async\" width=\"1024\" height=\"683\" src=\"https:\/\/marekkuchcinski.pl\/wp-content\/uploads\/2020\/07\/EA7729D0-67F1-4C0B-B80A-12FF2175460D-1-scaled-1-1024x683.jpeg\" alt=\"\" data-id=\"19340\" data-full-url=\"https:\/\/marekkuchcinski.pl\/wp-content\/uploads\/2020\/07\/EA7729D0-67F1-4C0B-B80A-12FF2175460D-1-scaled-1-scaled.jpeg\" data-link=\"https:\/\/marekkuchcinski.pl\/?attachment_id=19340\" class=\"wp-image-19340\" srcset=\"https:\/\/marekkuchcinski.pl\/wp-content\/uploads\/2020\/07\/EA7729D0-67F1-4C0B-B80A-12FF2175460D-1-scaled-1-1024x683.jpeg 1024w, https:\/\/marekkuchcinski.pl\/wp-content\/uploads\/2020\/07\/EA7729D0-67F1-4C0B-B80A-12FF2175460D-1-scaled-1-300x200.jpeg 300w, https:\/\/marekkuchcinski.pl\/wp-content\/uploads\/2020\/07\/EA7729D0-67F1-4C0B-B80A-12FF2175460D-1-scaled-1-768x512.jpeg 768w, https:\/\/marekkuchcinski.pl\/wp-content\/uploads\/2020\/07\/EA7729D0-67F1-4C0B-B80A-12FF2175460D-1-scaled-1-1536x1024.jpeg 1536w, https:\/\/marekkuchcinski.pl\/wp-content\/uploads\/2020\/07\/EA7729D0-67F1-4C0B-B80A-12FF2175460D-1-scaled-1-scaled.jpeg 2048w\" sizes=\"(max-width: 1024px) 100vw, 1024px\" \/><\/figure><\/li><\/ul><\/figure>\n\n\n\n<figure class=\"wp-block-embed-wordpress wp-block-embed is-type-wp-embed is-provider-marek-kuchcinski\"><div class=\"wp-block-embed__wrapper\">\n<blockquote class=\"wp-embedded-content\" data-secret=\"DjWvLhdwxn\"><a href=\"https:\/\/marekkuchcinski.pl\/uk\/podkarpacie\/list-marszalka-sejmu-ministra-kidn-ws-wpisania-fortyfikacji-liste-unesco\/\">Fortifica\u021biile \u0219i cimitirele de r\u0103zboi s-ar putea al\u0103tura comorilor UNESCO<\/a><\/blockquote><iframe class=\"wp-embedded-content\" sandbox=\"allow-scripts\" security=\"restricted\" style=\"position: absolute; clip: rect(1px, 1px, 1px, 1px);\" title=\"&quot;Fortifica\u021biile \u0219i cimitirele de r\u0103zboi se pot al\u0103tura comorilor UNESCO&quot; - Marek Kuchci\u0144ski\" src=\"https:\/\/marekkuchcinski.pl\/uk\/podkarpacie\/list-marszalka-sejmu-ministra-kidn-ws-wpisania-fortyfikacji-liste-unesco\/embed\/#?secret=DjWvLhdwxn\" data-secret=\"DjWvLhdwxn\" width=\"600\" height=\"338\" frameborder=\"0\" marginwidth=\"0\" marginheight=\"0\" scrolling=\"no\"><\/iframe>\n<\/div><\/figure>\n\n\n\n<figure class=\"wp-block-embed-wordpress wp-block-embed is-type-wp-embed is-provider-marek-kuchcinski\"><div class=\"wp-block-embed__wrapper\">\n<blockquote class=\"wp-embedded-content\" data-secret=\"29j1KzNsDU\"><a href=\"https:\/\/marekkuchcinski.pl\/uk\/podkarpacie\/muzeum-narodowe-ziemi-przemyskiej-wspolprowadzone-mzp\/\">Muzeul Na\u021bional al Regiunii Przemysl, administrat \u00een comun cu Ministerul Culturii<\/a><\/blockquote><iframe class=\"wp-embedded-content\" sandbox=\"allow-scripts\" security=\"restricted\" style=\"position: absolute; clip: rect(1px, 1px, 1px, 1px);\" title=\"&quot;Muzeul Na\u021bional al \u021ainutului Przemysl co-gestionat de Ministerul Culturii&quot; - Marek Kuchci\u0144ski\" src=\"https:\/\/marekkuchcinski.pl\/uk\/podkarpacie\/muzeum-narodowe-ziemi-przemyskiej-wspolprowadzone-mzp\/embed\/#?secret=29j1KzNsDU\" data-secret=\"29j1KzNsDU\" width=\"600\" height=\"338\" frameborder=\"0\" marginwidth=\"0\" marginheight=\"0\" scrolling=\"no\"><\/iframe>\n<\/div><\/figure>\n\n\n\n<figure class=\"wp-block-embed-wordpress wp-block-embed is-type-wp-embed is-provider-marek-kuchcinski\"><div class=\"wp-block-embed__wrapper\">\n<blockquote class=\"wp-embedded-content\" data-secret=\"BOTN2Gy9BL\"><a href=\"https:\/\/marekkuchcinski.pl\/uk\/podkarpacie\/muzeum-narodowe-ziemi-przemyskiej-wspolprowadzone-mzp\/\">Muzeul Na\u021bional al Regiunii Przemysl, administrat \u00een comun cu Ministerul Culturii<\/a><\/blockquote><iframe class=\"wp-embedded-content\" sandbox=\"allow-scripts\" security=\"restricted\" style=\"position: absolute; clip: rect(1px, 1px, 1px, 1px);\" title=\"&quot;Muzeul Na\u021bional al \u021ainutului Przemysl co-gestionat de Ministerul Culturii&quot; - Marek Kuchci\u0144ski\" src=\"https:\/\/marekkuchcinski.pl\/uk\/podkarpacie\/muzeum-narodowe-ziemi-przemyskiej-wspolprowadzone-mzp\/embed\/#?secret=BOTN2Gy9BL\" data-secret=\"BOTN2Gy9BL\" width=\"600\" height=\"338\" frameborder=\"0\" marginwidth=\"0\" marginheight=\"0\" scrolling=\"no\"><\/iframe>\n<\/div><\/figure>\n\n\n\n<p><\/p>","protected":false},"excerpt":{"rendered":"<p>Dzi\u0119ki staraniom ministra kultury Piotra Gli\u0144skiego i marsza\u0142ka Sejmu Marka Kuchci\u0144skiego dwa lata temu Rada Ochrony Zabytk\u00f3w podj\u0119\u0142a uchwal\u0119, w kt\u00f3rej Twierdza Przemy\u015bl oraz Staromiejski Zesp\u00f3\u0142 Urbanistyczny Miasta Przemy\u015bl zosta\u0142y Pomnikami Historii. Dodatkowo Muzeum Ziemi Przemyskiej zosta\u0142o wsp\u00f3\u0142prowadzone przez Ministerstwo Kultury i Dziedzictwa Narodowego. Przebywaj\u0105cy w\u00f3wczas z wizyt\u0105 w Przemy\u015blu Piotr Gli\u0144ski podkre\u015bli\u0142, \u017ce ze [&hellip;]<\/p>","protected":false},"author":17,"featured_media":19333,"comment_status":"open","ping_status":"open","sticky":false,"template":"","format":"standard","meta":{"ngg_post_thumbnail":0,"footnotes":""},"categories":[49,3],"tags":[],"class_list":["post-19329","post","type-post","status-publish","format-standard","has-post-thumbnail","hentry","category-podkarpacie","category-wydarzenia"],"yoast_head":"<!-- This site is optimized with the Yoast SEO plugin v24.7 - https:\/\/yoast.com\/wordpress\/plugins\/seo\/ -->\n<title>Przemy\u015bl obrazem polityki kulturalnej pa\u0144stwa &#8211; Marek Kuchci\u0144ski<\/title>\n<meta name=\"robots\" content=\"index, follow, max-snippet:-1, max-image-preview:large, max-video-preview:-1\" \/>\n<link rel=\"canonical\" href=\"https:\/\/marekkuchcinski.pl\/ro\/wydarzenia\/przemysl-obrazem-polityki-kulturalnej-panstwa\/\" \/>\n<meta property=\"og:locale\" content=\"ro_RO\" \/>\n<meta property=\"og:type\" content=\"article\" \/>\n<meta property=\"og:title\" content=\"Przemy\u015bl obrazem polityki kulturalnej pa\u0144stwa &#8211; Marek Kuchci\u0144ski\" \/>\n<meta property=\"og:description\" content=\"Dzi\u0119ki staraniom ministra kultury Piotra Gli\u0144skiego i marsza\u0142ka Sejmu Marka Kuchci\u0144skiego dwa lata temu Rada Ochrony Zabytk\u00f3w podj\u0119\u0142a uchwal\u0119, w kt\u00f3rej Twierdza Przemy\u015bl oraz Staromiejski Zesp\u00f3\u0142 Urbanistyczny Miasta Przemy\u015bl zosta\u0142y Pomnikami Historii. Dodatkowo Muzeum Ziemi Przemyskiej zosta\u0142o wsp\u00f3\u0142prowadzone przez Ministerstwo Kultury i Dziedzictwa Narodowego. Przebywaj\u0105cy w\u00f3wczas z wizyt\u0105 w Przemy\u015blu Piotr Gli\u0144ski podkre\u015bli\u0142, \u017ce ze [&hellip;]\" \/>\n<meta property=\"og:url\" content=\"https:\/\/marekkuchcinski.pl\/ro\/wydarzenia\/przemysl-obrazem-polityki-kulturalnej-panstwa\/\" \/>\n<meta property=\"og:site_name\" content=\"Marek Kuchci\u0144ski\" \/>\n<meta property=\"article:published_time\" content=\"2020-06-28T14:20:00+00:00\" \/>\n<meta property=\"article:modified_time\" content=\"2020-07-17T14:37:34+00:00\" \/>\n<meta property=\"og:image\" content=\"https:\/\/marekkuchcinski.pl\/wp-content\/uploads\/2020\/07\/DSC_5979.jpg\" \/>\n\t<meta property=\"og:image:width\" content=\"1024\" \/>\n\t<meta property=\"og:image:height\" content=\"684\" \/>\n\t<meta property=\"og:image:type\" content=\"image\/jpeg\" \/>\n<meta name=\"author\" content=\"Tomasz \u0141acina\" \/>\n<meta name=\"twitter:card\" content=\"summary_large_image\" \/>\n<meta name=\"twitter:label1\" content=\"Scris de\" \/>\n\t<meta name=\"twitter:data1\" content=\"Tomasz \u0141acina\" \/>\n\t<meta name=\"twitter:label2\" content=\"Timp estimat pentru citire\" \/>\n\t<meta name=\"twitter:data2\" content=\"2 minutes\" \/>\n<script type=\"application\/ld+json\" class=\"yoast-schema-graph\">{\"@context\":\"https:\/\/schema.org\",\"@graph\":[{\"@type\":\"Article\",\"@id\":\"https:\/\/marekkuchcinski.pl\/wydarzenia\/przemysl-obrazem-polityki-kulturalnej-panstwa\/#article\",\"isPartOf\":{\"@id\":\"https:\/\/marekkuchcinski.pl\/wydarzenia\/przemysl-obrazem-polityki-kulturalnej-panstwa\/\"},\"author\":{\"name\":\"Tomasz \u0141acina\",\"@id\":\"https:\/\/marekkuchcinski.pl\/#\/schema\/person\/b8a29fe7813098f7be78801d029910a7\"},\"headline\":\"Przemy\u015bl obrazem polityki kulturalnej pa\u0144stwa\",\"datePublished\":\"2020-06-28T14:20:00+00:00\",\"dateModified\":\"2020-07-17T14:37:34+00:00\",\"mainEntityOfPage\":{\"@id\":\"https:\/\/marekkuchcinski.pl\/wydarzenia\/przemysl-obrazem-polityki-kulturalnej-panstwa\/\"},\"wordCount\":490,\"commentCount\":0,\"publisher\":{\"@id\":\"https:\/\/marekkuchcinski.pl\/#organization\"},\"image\":{\"@id\":\"https:\/\/marekkuchcinski.pl\/wydarzenia\/przemysl-obrazem-polityki-kulturalnej-panstwa\/#primaryimage\"},\"thumbnailUrl\":\"https:\/\/marekkuchcinski.pl\/wp-content\/uploads\/2020\/07\/DSC_5979.jpg\",\"articleSection\":[\"Podkarpacie\",\"Wydarzenia\"],\"inLanguage\":\"ro-RO\",\"potentialAction\":[{\"@type\":\"CommentAction\",\"name\":\"Comment\",\"target\":[\"https:\/\/marekkuchcinski.pl\/wydarzenia\/przemysl-obrazem-polityki-kulturalnej-panstwa\/#respond\"]}]},{\"@type\":\"WebPage\",\"@id\":\"https:\/\/marekkuchcinski.pl\/wydarzenia\/przemysl-obrazem-polityki-kulturalnej-panstwa\/\",\"url\":\"https:\/\/marekkuchcinski.pl\/wydarzenia\/przemysl-obrazem-polityki-kulturalnej-panstwa\/\",\"name\":\"Przemy\u015bl obrazem polityki kulturalnej pa\u0144stwa &#8211; Marek Kuchci\u0144ski\",\"isPartOf\":{\"@id\":\"https:\/\/marekkuchcinski.pl\/#website\"},\"primaryImageOfPage\":{\"@id\":\"https:\/\/marekkuchcinski.pl\/wydarzenia\/przemysl-obrazem-polityki-kulturalnej-panstwa\/#primaryimage\"},\"image\":{\"@id\":\"https:\/\/marekkuchcinski.pl\/wydarzenia\/przemysl-obrazem-polityki-kulturalnej-panstwa\/#primaryimage\"},\"thumbnailUrl\":\"https:\/\/marekkuchcinski.pl\/wp-content\/uploads\/2020\/07\/DSC_5979.jpg\",\"datePublished\":\"2020-06-28T14:20:00+00:00\",\"dateModified\":\"2020-07-17T14:37:34+00:00\",\"breadcrumb\":{\"@id\":\"https:\/\/marekkuchcinski.pl\/wydarzenia\/przemysl-obrazem-polityki-kulturalnej-panstwa\/#breadcrumb\"},\"inLanguage\":\"ro-RO\",\"potentialAction\":[{\"@type\":\"ReadAction\",\"target\":[\"https:\/\/marekkuchcinski.pl\/wydarzenia\/przemysl-obrazem-polityki-kulturalnej-panstwa\/\"]}]},{\"@type\":\"ImageObject\",\"inLanguage\":\"ro-RO\",\"@id\":\"https:\/\/marekkuchcinski.pl\/wydarzenia\/przemysl-obrazem-polityki-kulturalnej-panstwa\/#primaryimage\",\"url\":\"https:\/\/marekkuchcinski.pl\/wp-content\/uploads\/2020\/07\/DSC_5979.jpg\",\"contentUrl\":\"https:\/\/marekkuchcinski.pl\/wp-content\/uploads\/2020\/07\/DSC_5979.jpg\",\"width\":1024,\"height\":684},{\"@type\":\"BreadcrumbList\",\"@id\":\"https:\/\/marekkuchcinski.pl\/wydarzenia\/przemysl-obrazem-polityki-kulturalnej-panstwa\/#breadcrumb\",\"itemListElement\":[{\"@type\":\"ListItem\",\"position\":1,\"name\":\"Strona g\u0142\u00f3wna\",\"item\":\"https:\/\/marekkuchcinski.pl\/\"},{\"@type\":\"ListItem\",\"position\":2,\"name\":\"Przemy\u015bl obrazem polityki kulturalnej pa\u0144stwa\"}]},{\"@type\":\"WebSite\",\"@id\":\"https:\/\/marekkuchcinski.pl\/#website\",\"url\":\"https:\/\/marekkuchcinski.pl\/\",\"name\":\"Marek Kuchci\u0144ski\",\"description\":\"Pose\u0142 na sejm RP &ndash; okr\u0119g nr 22\",\"publisher\":{\"@id\":\"https:\/\/marekkuchcinski.pl\/#organization\"},\"potentialAction\":[{\"@type\":\"SearchAction\",\"target\":{\"@type\":\"EntryPoint\",\"urlTemplate\":\"https:\/\/marekkuchcinski.pl\/?s={search_term_string}\"},\"query-input\":{\"@type\":\"PropertyValueSpecification\",\"valueRequired\":true,\"valueName\":\"search_term_string\"}}],\"inLanguage\":\"ro-RO\"},{\"@type\":\"Organization\",\"@id\":\"https:\/\/marekkuchcinski.pl\/#organization\",\"name\":\"Marek Kuchci\u0144ski\",\"url\":\"https:\/\/marekkuchcinski.pl\/\",\"logo\":{\"@type\":\"ImageObject\",\"inLanguage\":\"ro-RO\",\"@id\":\"https:\/\/marekkuchcinski.pl\/#\/schema\/logo\/image\/\",\"url\":\"https:\/\/marekkuchcinski.pl\/wp-content\/uploads\/2022\/09\/Marek.jpg\",\"contentUrl\":\"https:\/\/marekkuchcinski.pl\/wp-content\/uploads\/2022\/09\/Marek.jpg\",\"width\":1600,\"height\":971,\"caption\":\"Marek Kuchci\u0144ski\"},\"image\":{\"@id\":\"https:\/\/marekkuchcinski.pl\/#\/schema\/logo\/image\/\"}},{\"@type\":\"Person\",\"@id\":\"https:\/\/marekkuchcinski.pl\/#\/schema\/person\/b8a29fe7813098f7be78801d029910a7\",\"name\":\"Tomasz \u0141acina\",\"image\":{\"@type\":\"ImageObject\",\"inLanguage\":\"ro-RO\",\"@id\":\"https:\/\/marekkuchcinski.pl\/#\/schema\/person\/image\/\",\"url\":\"https:\/\/secure.gravatar.com\/avatar\/22e75f6c51aff77a676ed77dd222f852?s=96&d=mm&r=g\",\"contentUrl\":\"https:\/\/secure.gravatar.com\/avatar\/22e75f6c51aff77a676ed77dd222f852?s=96&d=mm&r=g\",\"caption\":\"Tomasz \u0141acina\"},\"url\":\"https:\/\/marekkuchcinski.pl\/ro\/author\/tomek-lacina\/\"}]}<\/script>\n<!-- \/ Yoast SEO plugin. -->","yoast_head_json":{"title":"Przemy\u015bl obrazem polityki kulturalnej pa\u0144stwa &#8211; Marek Kuchci\u0144ski","robots":{"index":"index","follow":"follow","max-snippet":"max-snippet:-1","max-image-preview":"max-image-preview:large","max-video-preview":"max-video-preview:-1"},"canonical":"https:\/\/marekkuchcinski.pl\/ro\/wydarzenia\/przemysl-obrazem-polityki-kulturalnej-panstwa\/","og_locale":"ro_RO","og_type":"article","og_title":"Przemy\u015bl obrazem polityki kulturalnej pa\u0144stwa &#8211; Marek Kuchci\u0144ski","og_description":"Dzi\u0119ki staraniom ministra kultury Piotra Gli\u0144skiego i marsza\u0142ka Sejmu Marka Kuchci\u0144skiego dwa lata temu Rada Ochrony Zabytk\u00f3w podj\u0119\u0142a uchwal\u0119, w kt\u00f3rej Twierdza Przemy\u015bl oraz Staromiejski Zesp\u00f3\u0142 Urbanistyczny Miasta Przemy\u015bl zosta\u0142y Pomnikami Historii. Dodatkowo Muzeum Ziemi Przemyskiej zosta\u0142o wsp\u00f3\u0142prowadzone przez Ministerstwo Kultury i Dziedzictwa Narodowego. Przebywaj\u0105cy w\u00f3wczas z wizyt\u0105 w Przemy\u015blu Piotr Gli\u0144ski podkre\u015bli\u0142, \u017ce ze [&hellip;]","og_url":"https:\/\/marekkuchcinski.pl\/ro\/wydarzenia\/przemysl-obrazem-polityki-kulturalnej-panstwa\/","og_site_name":"Marek Kuchci\u0144ski","article_published_time":"2020-06-28T14:20:00+00:00","article_modified_time":"2020-07-17T14:37:34+00:00","og_image":[{"width":1024,"height":684,"url":"https:\/\/marekkuchcinski.pl\/wp-content\/uploads\/2020\/07\/DSC_5979.jpg","type":"image\/jpeg"}],"author":"Tomasz \u0141acina","twitter_card":"summary_large_image","twitter_misc":{"Scris de":"Tomasz \u0141acina","Timp estimat pentru citire":"2 minutes"},"schema":{"@context":"https:\/\/schema.org","@graph":[{"@type":"Article","@id":"https:\/\/marekkuchcinski.pl\/wydarzenia\/przemysl-obrazem-polityki-kulturalnej-panstwa\/#article","isPartOf":{"@id":"https:\/\/marekkuchcinski.pl\/wydarzenia\/przemysl-obrazem-polityki-kulturalnej-panstwa\/"},"author":{"name":"Tomasz \u0141acina","@id":"https:\/\/marekkuchcinski.pl\/#\/schema\/person\/b8a29fe7813098f7be78801d029910a7"},"headline":"Przemy\u015bl obrazem polityki kulturalnej pa\u0144stwa","datePublished":"2020-06-28T14:20:00+00:00","dateModified":"2020-07-17T14:37:34+00:00","mainEntityOfPage":{"@id":"https:\/\/marekkuchcinski.pl\/wydarzenia\/przemysl-obrazem-polityki-kulturalnej-panstwa\/"},"wordCount":490,"commentCount":0,"publisher":{"@id":"https:\/\/marekkuchcinski.pl\/#organization"},"image":{"@id":"https:\/\/marekkuchcinski.pl\/wydarzenia\/przemysl-obrazem-polityki-kulturalnej-panstwa\/#primaryimage"},"thumbnailUrl":"https:\/\/marekkuchcinski.pl\/wp-content\/uploads\/2020\/07\/DSC_5979.jpg","articleSection":["Podkarpacie","Wydarzenia"],"inLanguage":"ro-RO","potentialAction":[{"@type":"CommentAction","name":"Comment","target":["https:\/\/marekkuchcinski.pl\/wydarzenia\/przemysl-obrazem-polityki-kulturalnej-panstwa\/#respond"]}]},{"@type":"WebPage","@id":"https:\/\/marekkuchcinski.pl\/wydarzenia\/przemysl-obrazem-polityki-kulturalnej-panstwa\/","url":"https:\/\/marekkuchcinski.pl\/wydarzenia\/przemysl-obrazem-polityki-kulturalnej-panstwa\/","name":"Przemy\u015bl obrazem polityki kulturalnej pa\u0144stwa &#8211; Marek Kuchci\u0144ski","isPartOf":{"@id":"https:\/\/marekkuchcinski.pl\/#website"},"primaryImageOfPage":{"@id":"https:\/\/marekkuchcinski.pl\/wydarzenia\/przemysl-obrazem-polityki-kulturalnej-panstwa\/#primaryimage"},"image":{"@id":"https:\/\/marekkuchcinski.pl\/wydarzenia\/przemysl-obrazem-polityki-kulturalnej-panstwa\/#primaryimage"},"thumbnailUrl":"https:\/\/marekkuchcinski.pl\/wp-content\/uploads\/2020\/07\/DSC_5979.jpg","datePublished":"2020-06-28T14:20:00+00:00","dateModified":"2020-07-17T14:37:34+00:00","breadcrumb":{"@id":"https:\/\/marekkuchcinski.pl\/wydarzenia\/przemysl-obrazem-polityki-kulturalnej-panstwa\/#breadcrumb"},"inLanguage":"ro-RO","potentialAction":[{"@type":"ReadAction","target":["https:\/\/marekkuchcinski.pl\/wydarzenia\/przemysl-obrazem-polityki-kulturalnej-panstwa\/"]}]},{"@type":"ImageObject","inLanguage":"ro-RO","@id":"https:\/\/marekkuchcinski.pl\/wydarzenia\/przemysl-obrazem-polityki-kulturalnej-panstwa\/#primaryimage","url":"https:\/\/marekkuchcinski.pl\/wp-content\/uploads\/2020\/07\/DSC_5979.jpg","contentUrl":"https:\/\/marekkuchcinski.pl\/wp-content\/uploads\/2020\/07\/DSC_5979.jpg","width":1024,"height":684},{"@type":"BreadcrumbList","@id":"https:\/\/marekkuchcinski.pl\/wydarzenia\/przemysl-obrazem-polityki-kulturalnej-panstwa\/#breadcrumb","itemListElement":[{"@type":"ListItem","position":1,"name":"Strona g\u0142\u00f3wna","item":"https:\/\/marekkuchcinski.pl\/"},{"@type":"ListItem","position":2,"name":"Przemy\u015bl obrazem polityki kulturalnej pa\u0144stwa"}]},{"@type":"WebSite","@id":"https:\/\/marekkuchcinski.pl\/#website","url":"https:\/\/marekkuchcinski.pl\/","name":"Marek Kuchci\u0144ski","description":"Pose\u0142 na sejm RP &ndash; okr\u0119g nr 22","publisher":{"@id":"https:\/\/marekkuchcinski.pl\/#organization"},"potentialAction":[{"@type":"SearchAction","target":{"@type":"EntryPoint","urlTemplate":"https:\/\/marekkuchcinski.pl\/?s={search_term_string}"},"query-input":{"@type":"PropertyValueSpecification","valueRequired":true,"valueName":"search_term_string"}}],"inLanguage":"ro-RO"},{"@type":"Organization","@id":"https:\/\/marekkuchcinski.pl\/#organization","name":"Marek Kuchci\u0144ski","url":"https:\/\/marekkuchcinski.pl\/","logo":{"@type":"ImageObject","inLanguage":"ro-RO","@id":"https:\/\/marekkuchcinski.pl\/#\/schema\/logo\/image\/","url":"https:\/\/marekkuchcinski.pl\/wp-content\/uploads\/2022\/09\/Marek.jpg","contentUrl":"https:\/\/marekkuchcinski.pl\/wp-content\/uploads\/2022\/09\/Marek.jpg","width":1600,"height":971,"caption":"Marek Kuchci\u0144ski"},"image":{"@id":"https:\/\/marekkuchcinski.pl\/#\/schema\/logo\/image\/"}},{"@type":"Person","@id":"https:\/\/marekkuchcinski.pl\/#\/schema\/person\/b8a29fe7813098f7be78801d029910a7","name":"Tomasz \u0141acina","image":{"@type":"ImageObject","inLanguage":"ro-RO","@id":"https:\/\/marekkuchcinski.pl\/#\/schema\/person\/image\/","url":"https:\/\/secure.gravatar.com\/avatar\/22e75f6c51aff77a676ed77dd222f852?s=96&d=mm&r=g","contentUrl":"https:\/\/secure.gravatar.com\/avatar\/22e75f6c51aff77a676ed77dd222f852?s=96&d=mm&r=g","caption":"Tomasz \u0141acina"},"url":"https:\/\/marekkuchcinski.pl\/ro\/author\/tomek-lacina\/"}]}},"_links":{"self":[{"href":"https:\/\/marekkuchcinski.pl\/ro\/wp-json\/wp\/v2\/posts\/19329","targetHints":{"allow":["GET"]}}],"collection":[{"href":"https:\/\/marekkuchcinski.pl\/ro\/wp-json\/wp\/v2\/posts"}],"about":[{"href":"https:\/\/marekkuchcinski.pl\/ro\/wp-json\/wp\/v2\/types\/post"}],"author":[{"embeddable":true,"href":"https:\/\/marekkuchcinski.pl\/ro\/wp-json\/wp\/v2\/users\/17"}],"replies":[{"embeddable":true,"href":"https:\/\/marekkuchcinski.pl\/ro\/wp-json\/wp\/v2\/comments?post=19329"}],"version-history":[{"count":4,"href":"https:\/\/marekkuchcinski.pl\/ro\/wp-json\/wp\/v2\/posts\/19329\/revisions"}],"predecessor-version":[{"id":19353,"href":"https:\/\/marekkuchcinski.pl\/ro\/wp-json\/wp\/v2\/posts\/19329\/revisions\/19353"}],"wp:featuredmedia":[{"embeddable":true,"href":"https:\/\/marekkuchcinski.pl\/ro\/wp-json\/wp\/v2\/media\/19333"}],"wp:attachment":[{"href":"https:\/\/marekkuchcinski.pl\/ro\/wp-json\/wp\/v2\/media?parent=19329"}],"wp:term":[{"taxonomy":"category","embeddable":true,"href":"https:\/\/marekkuchcinski.pl\/ro\/wp-json\/wp\/v2\/categories?post=19329"},{"taxonomy":"post_tag","embeddable":true,"href":"https:\/\/marekkuchcinski.pl\/ro\/wp-json\/wp\/v2\/tags?post=19329"}],"curies":[{"name":"wp","href":"https:\/\/api.w.org\/{rel}","templated":true}]}}