{"id":19325,"date":"2020-06-26T15:40:00","date_gmt":"2020-06-26T13:40:00","guid":{"rendered":"https:\/\/marek2.rkartist.pl\/?p=19325"},"modified":"2020-07-17T16:00:25","modified_gmt":"2020-07-17T14:00:25","slug":"morawiecki-na-podkarpaciu-andrzej-duda-stoi-po-stronie-zwyklych-ludzi","status":"publish","type":"post","link":"https:\/\/marekkuchcinski.pl\/ro\/wydarzenia\/morawiecki-na-podkarpaciu-andrzej-duda-stoi-po-stronie-zwyklych-ludzi\/","title":{"rendered":"Morawiecki \u00een Podkarpacie: Andrzej Duda este de partea oamenilor obi\u0219nui\u021bi"},"content":{"rendered":"<p>- \u00cempreun\u0103 cu dumneavoastr\u0103, dle pre\u0219edinte, continu\u0103m s\u0103 fim de partea oamenilor obi\u0219nui\u021bi. Lupt\u0103m \u00eempotriva diverselor grupuri de interese, \u00eempotriva celor care au conspirat pentru ca Polonia s\u0103 mearg\u0103 \u00een sus cu o piatr\u0103 la picioare. \u0218i pre\u0219edintele se lupt\u0103 cu ei\", a declarat Mateusz Morawiecki la Rzesz\u00f3w. Premierul a amintit c\u0103 Podkarpacie a primit de \u0219apte ori mai mult sprijin financiar pentru infrastructur\u0103 din partea guvernului Lege \u0219i Justi\u021bie dec\u00e2t din partea guvernului lui Donald Tusk - \u00een Podkarpacie au fost finalizate 500 de investi\u021bii rutiere. \u00a0<\/p>\n\n\n\n<p><strong>R\u0103spunsul rapid al serviciilor la inunda\u021bii<\/strong><\/p>\n\n\n\n<p>Premierul Mateusz Morawiecki a subliniat c\u0103 statul a reac\u021bionat rapid la situa\u021bia inunda\u021biilor din voievodatul Podkarpackie \u0219i a oferit asisten\u021b\u0103 celor afecta\u021bi. \"Au fost alocate beneficii pentru 79 de familii din rezerva guvernamental\u0103 direc\u021bionat\u0103. \u00cen prezent, se estimeaz\u0103 pierderile pentru a ajuta oamenii c\u00e2t mai cur\u00e2nd posibil\", a precizat premierul. \"Deviza guvernului nostru este s\u0103 nu lase pe nimeni f\u0103r\u0103 ajutor\", a ad\u0103ugat el.<\/p>\n\n\n\n<p><strong>Investi\u021bii pentru prevenirea inunda\u021biilor<\/strong><\/p>\n\n\n\n<p>Guvernul pl\u0103nuie\u0219te s\u0103 construiasc\u0103 o investi\u021bie care s\u0103 ajute la protejarea locuitorilor din Rzesz\u00f3w \u0219i din municipiul Krasne \u00eempotriva inunda\u021biilor. \u00cen acest scop, va fi proiectat un sistem de gestionare a apei.<\/p>\n\n\n\n<p>Investi\u021bia include construc\u021bia a 2 rezervoare de control al inunda\u021biilor cu o suprafa\u021b\u0103 total\u0103 de 13,3 ha \u0219i o capacitate de 130.000 m3. Se vor modela escarp\u0103rile \u0219i se vor ridica malurile pe por\u021biuni.<\/p>\n\n\n\n<p>Investi\u021bia va asigura protec\u021bia \u00eempotriva inunda\u021biilor pentru aproximativ 872 de locuitori \u0219i 273 de cl\u0103diri reziden\u021biale pe o suprafa\u021b\u0103 total\u0103 de 75 de hectare.<\/p>\n\n\n\n<p><strong>Sprijin pentru voievodatul Podkarpackie \u00een cadrul m\u0103surilor guvernamentale anticriz\u0103<\/strong><\/p>\n\n\n\n<p>\u00cen leg\u0103tur\u0103 cu situa\u021bia cauzat\u0103 de COVID-19, guvernul a alocat peste 4,2 miliarde PLN pentru a ajuta lucr\u0103torii \u0219i antreprenorii din Podkarpacie.<\/p>\n\n\n\n<p>Scutul anticriz\u0103: peste 1,3 miliarde PLN, inclusiv subven\u021bii pentru salariile a aproximativ 120 de mii de angaja\u021bi - peste 0,5 miliarde PLN.<br>Fondul polonez de dezvoltare Scutul financiar: aproximativ 2,5 miliarde PLN<br>Bank Gospodarstwa Krajowego Aid Shield: aproximativ 0,5 miliarde PLN<\/p>\n\n\n\n<p><strong>Investi\u021bii rutiere \u00een Podkarpackie voivodship\u00a0\u00a0\u00a0\u00a0\u00a0\u00a0\u00a0\u00a0\u00a0\u00a0\u00a0\u00a0\u00a0\u00a0\u00a0\u00a0\u00a0\u00a0\u00a0\u00a0\u00a0\u00a0\u00a0\u00a0\u00a0\u00a0\u00a0\u00a0\u00a0\u00a0\u00a0\u00a0\u00a0\u00a0\u00a0\u00a0\u00a0\u00a0\u00a0\u00a0\u00a0\u00a0\u00a0\u00a0\u00a0\u00a0\u00a0\u00a0\u00a0\u00a0\u00a0\u00a0\u00a0\u00a0\u00a0\u00a0\u00a0\u00a0\u00a0\u00a0\u00a0\u00a0\u00a0\u00a0\u00a0\u00a0\u00a0\u00a0\u00a0\u00a0\u00a0\u00a0\u00a0\u00a0\u00a0\u00a0\u00a0\u00a0\u00a0\u00a0\u00a0\u00a0\u00a0\u00a0\u00a0\u00a0\u00a0\u00a0\u00a0\u00a0\u00a0<\/strong><\/p>\n\n\n\n<p>Podkarpacie se afl\u0103 \u00een curs de dezvoltare dinamic\u0103 a unei noi re\u021bele rutiere, inclusiv construc\u021bia traseului Via Carpatia - drumul expres S19.<\/p>\n\n\n\n<p>Peste 54 km din drumul expres S19 sunt \u00een construc\u021bie, iar al\u021bi 85 km sunt \u00een curs de execu\u021bie. Mai mult de 30 km au fost deja deschi\u0219i traficului (de la intersec\u021bia Soko\u0142\u00f3w Ma\u0142opolski p\u00e2n\u0103 la intersec\u021bia Rzesz\u00f3w Po\u0142udnie). Lungimea S19 \u00een voivodatul Podkarpackie va ajunge \u00een cele din urm\u0103 la aproximativ 169 km.<\/p>\n\n\n\n<p><strong>S19 Lublin-Rzesz\u00f3w<\/strong><\/p>\n\n\n\n<p>Lungimea total\u0103 a sec\u021biunilor cu autoriza\u021bie de construire: 46 km.<br>Valoarea total\u0103 a investi\u021biei: peste 1,3 miliarde PLN.<\/p>\n\n\n\n<p>\u00cen 2022. Rzesz\u00f3w va fi conectat nu numai la Lublin prin intermediul autostr\u0103zii S19, ci \u0219i la Var\u0219ovia prin intermediul autostr\u0103zii S17. Aceasta va fi o leg\u0103tur\u0103 rutier\u0103 nou\u0103, confortabil\u0103 \u0219i sigur\u0103 cu capitala. Traseul, care are o lungime de aproximativ 300 km \u0219i leag\u0103 suburbiile Rzesz\u00f3w \u0219i Var\u0219ovia, poate fi parcurs cu ma\u0219ina \u00een mai pu\u021bin de 3 ore.<\/p>\n\n\n\n<p><strong>S19 Rzesz\u00f3w-Barwinek<\/strong><\/p>\n\n\n\n<p>Mai mult de 85 km din viitoarea S19, de la jonc\u021biunea Rzesz\u00f3w Po\u0142udnie p\u00e2n\u0103 la grani\u021ba de stat din Barwinek, sunt \u00een curs de preg\u0103tire.<\/p>\n\n\n\n<p><strong>100 programul de centur\u0103<\/strong><\/p>\n\n\n\n<p>\u00cen voievodatul Podkarpackie, programul acoper\u0103, printre altele, \u0219oselele de centur\u0103:<\/p>\n\n\n\n<p>Sanok (DK28) - 7 km: deschis \u00een ianuarie 2020; traficul de tranzit greu a fost mutat \u00een afara centrului ora\u0219ului.<br>Stalowa Wola \u0219i Nisko (DK77) - 15 km: valoarea investi\u021biei este de peste 199 de milioane de zlo\u021bi; finalizarea este planificat\u0103 pentru primul trimestru al anului 2021.<br>A\u0219a-numita variant\u0103 de ocolire \u0141a\u0144cut (DK94) - 5,8 km: valoarea investi\u021biei este de peste 115 milioane PLN; finalizarea este programat\u0103 pentru septembrie 2021.<\/p>\n\n\n\n<p>\u00cen voievodatul Podkarpackie, 8 variante de ocolire sunt \u00eenc\u0103 \u00een preg\u0103tire.\u00a0<\/p>\n\n\n\n<p><strong>Sprijin guvernamental pentru drumurile locale<\/strong><\/p>\n\n\n\n<p>\u00cen perioada 2016-2020 s-a \u00eenregistrat o cre\u0219tere a sprijinului guvernamental pentru \u00eembun\u0103t\u0103\u021birea infrastructurii rutiere locale.<br>Datorit\u0103 Fondului pentru drumurile din administra\u021bia local\u0103, \u00een 2019, fondurile pentru Voievodatul Podkarpackie au crescut fa\u021b\u0103 de anii preceden\u021bi de la 50 de milioane de zlo\u021bi la peste 300 de milioane de zlo\u021bi, adic\u0103 cu 600%.<br>\u00centre 2016 \u0219i 2020, \u00een Podkarpacie au fost implementate 665 de sarcini municipale \u0219i districtuale pentru o cofinan\u021bare total\u0103 de peste 656 de milioane PLN, inclusiv peste 317 milioane PLN din FDS \u00een 2019.\u00a0<br>\u00cen total, au fost construi\u021bi, reconstrui\u021bi \u0219i repara\u021bi 919 km de drumuri locale.<\/p>\n\n\n\n<p><strong>Programul \"Poduri pentru regiuni<\/strong><\/p>\n\n\n\n<p>Programul ofer\u0103 finan\u021bare pentru preg\u0103tirea documenta\u021biei de proiect pentru construc\u021bia de noi poduri de importan\u021b\u0103 strategic\u0103 pentru regiune.<br>Am oferit o finan\u021bare de 5,8 milioane PLN pentru elaborarea documenta\u021biei de proiectare pentru construirea a 3 poduri noi \u00een voievodatul Podkarpackie: peste r\u00e2ul San \u00een districtele Stalowa Wola, Jaros\u0142aw \u0219i Brzoz\u00f3w.<\/p>\n\n\n\n<p><em>sursa: prime minister.gov<\/em><\/p>\n\n\n\n<figure class=\"wp-block-image size-large\"><img fetchpriority=\"high\" decoding=\"async\" width=\"960\" height=\"640\" src=\"https:\/\/marekkuchcinski.pl\/wp-content\/uploads\/2020\/07\/PMM-Rzesz\u00f3w.jpg\" alt=\"\" class=\"wp-image-19326\" srcset=\"https:\/\/marekkuchcinski.pl\/wp-content\/uploads\/2020\/07\/PMM-Rzesz\u00f3w.jpg 960w, https:\/\/marekkuchcinski.pl\/wp-content\/uploads\/2020\/07\/PMM-Rzesz\u00f3w-300x200.jpg 300w, https:\/\/marekkuchcinski.pl\/wp-content\/uploads\/2020\/07\/PMM-Rzesz\u00f3w-768x512.jpg 768w\" sizes=\"(max-width: 960px) 100vw, 960px\" \/><\/figure>\n\n\n\n<figure class=\"wp-block-image size-large\"><img decoding=\"async\" width=\"960\" height=\"720\" src=\"https:\/\/marekkuchcinski.pl\/wp-content\/uploads\/2020\/07\/M-rzesz\u00f3w.jpg\" alt=\"\" class=\"wp-image-19327\" srcset=\"https:\/\/marekkuchcinski.pl\/wp-content\/uploads\/2020\/07\/M-rzesz\u00f3w.jpg 960w, https:\/\/marekkuchcinski.pl\/wp-content\/uploads\/2020\/07\/M-rzesz\u00f3w-300x225.jpg 300w, https:\/\/marekkuchcinski.pl\/wp-content\/uploads\/2020\/07\/M-rzesz\u00f3w-768x576.jpg 768w\" sizes=\"(max-width: 960px) 100vw, 960px\" \/><\/figure>","protected":false},"excerpt":{"rendered":"<p>\u2013 Ca\u0142y czas stoimy razem z panem prezydentem po stronie zwyk\u0142ych ludzi. Walczymy z r\u00f3\u017cnymi grupami interes\u00f3w, z tymi, kt\u00f3rzy si\u0119 sprzysi\u0119gli, \u017ceby Polska bieg\u0142a pod g\u00f3rk\u0119 z kamieniem u nogi. Walczy z nimi te\u017c prezydent \u2013 m\u00f3wi\u0142 w Rzeszowie Mateusz Morawiecki.\u00a0Premier przypomnia\u0142, \u017ce od rz\u0105du Prawa i Sprawiedliwo\u015bci Podkarpacie otrzyma\u0142o siedmiokrotnie wi\u0119ksze wsparcie finansowe [&hellip;]<\/p>","protected":false},"author":17,"featured_media":19326,"comment_status":"open","ping_status":"open","sticky":false,"template":"","format":"standard","meta":{"ngg_post_thumbnail":0,"footnotes":""},"categories":[49,3],"tags":[],"class_list":["post-19325","post","type-post","status-publish","format-standard","has-post-thumbnail","hentry","category-podkarpacie","category-wydarzenia"],"yoast_head":"<!-- This site is optimized with the Yoast SEO plugin v24.7 - https:\/\/yoast.com\/wordpress\/plugins\/seo\/ -->\n<title>Morawiecki na Podkarpaciu: Andrzej Duda stoi po stronie zwyk\u0142ych ludzi &#8211; Marek Kuchci\u0144ski<\/title>\n<meta name=\"robots\" content=\"index, follow, max-snippet:-1, max-image-preview:large, max-video-preview:-1\" \/>\n<link rel=\"canonical\" href=\"https:\/\/marekkuchcinski.pl\/ro\/wydarzenia\/morawiecki-na-podkarpaciu-andrzej-duda-stoi-po-stronie-zwyklych-ludzi\/\" \/>\n<meta property=\"og:locale\" content=\"ro_RO\" \/>\n<meta property=\"og:type\" content=\"article\" \/>\n<meta property=\"og:title\" content=\"Morawiecki na Podkarpaciu: Andrzej Duda stoi po stronie zwyk\u0142ych ludzi &#8211; Marek Kuchci\u0144ski\" \/>\n<meta property=\"og:description\" content=\"\u2013 Ca\u0142y czas stoimy razem z panem prezydentem po stronie zwyk\u0142ych ludzi. Walczymy z r\u00f3\u017cnymi grupami interes\u00f3w, z tymi, kt\u00f3rzy si\u0119 sprzysi\u0119gli, \u017ceby Polska bieg\u0142a pod g\u00f3rk\u0119 z kamieniem u nogi. Walczy z nimi te\u017c prezydent \u2013 m\u00f3wi\u0142 w Rzeszowie Mateusz Morawiecki.\u00a0Premier przypomnia\u0142, \u017ce od rz\u0105du Prawa i Sprawiedliwo\u015bci Podkarpacie otrzyma\u0142o siedmiokrotnie wi\u0119ksze wsparcie finansowe [&hellip;]\" \/>\n<meta property=\"og:url\" content=\"https:\/\/marekkuchcinski.pl\/ro\/wydarzenia\/morawiecki-na-podkarpaciu-andrzej-duda-stoi-po-stronie-zwyklych-ludzi\/\" \/>\n<meta property=\"og:site_name\" content=\"Marek Kuchci\u0144ski\" \/>\n<meta property=\"article:published_time\" content=\"2020-06-26T13:40:00+00:00\" \/>\n<meta property=\"article:modified_time\" content=\"2020-07-17T14:00:25+00:00\" \/>\n<meta property=\"og:image\" content=\"https:\/\/marekkuchcinski.pl\/wp-content\/uploads\/2020\/07\/PMM-Rzesz\u00f3w.jpg\" \/>\n\t<meta property=\"og:image:width\" content=\"960\" \/>\n\t<meta property=\"og:image:height\" content=\"640\" \/>\n\t<meta property=\"og:image:type\" content=\"image\/jpeg\" \/>\n<meta name=\"author\" content=\"Tomasz \u0141acina\" \/>\n<meta name=\"twitter:card\" content=\"summary_large_image\" \/>\n<meta name=\"twitter:label1\" content=\"Scris de\" \/>\n\t<meta name=\"twitter:data1\" content=\"Tomasz \u0141acina\" \/>\n\t<meta name=\"twitter:label2\" content=\"Timp estimat pentru citire\" \/>\n\t<meta name=\"twitter:data2\" content=\"3 minutes\" \/>\n<script type=\"application\/ld+json\" class=\"yoast-schema-graph\">{\"@context\":\"https:\/\/schema.org\",\"@graph\":[{\"@type\":\"Article\",\"@id\":\"https:\/\/marekkuchcinski.pl\/wydarzenia\/morawiecki-na-podkarpaciu-andrzej-duda-stoi-po-stronie-zwyklych-ludzi\/#article\",\"isPartOf\":{\"@id\":\"https:\/\/marekkuchcinski.pl\/wydarzenia\/morawiecki-na-podkarpaciu-andrzej-duda-stoi-po-stronie-zwyklych-ludzi\/\"},\"author\":{\"name\":\"Tomasz \u0141acina\",\"@id\":\"https:\/\/marekkuchcinski.pl\/#\/schema\/person\/b8a29fe7813098f7be78801d029910a7\"},\"headline\":\"Morawiecki na Podkarpaciu: Andrzej Duda stoi po stronie zwyk\u0142ych ludzi\",\"datePublished\":\"2020-06-26T13:40:00+00:00\",\"dateModified\":\"2020-07-17T14:00:25+00:00\",\"mainEntityOfPage\":{\"@id\":\"https:\/\/marekkuchcinski.pl\/wydarzenia\/morawiecki-na-podkarpaciu-andrzej-duda-stoi-po-stronie-zwyklych-ludzi\/\"},\"wordCount\":699,\"commentCount\":0,\"publisher\":{\"@id\":\"https:\/\/marekkuchcinski.pl\/#organization\"},\"image\":{\"@id\":\"https:\/\/marekkuchcinski.pl\/wydarzenia\/morawiecki-na-podkarpaciu-andrzej-duda-stoi-po-stronie-zwyklych-ludzi\/#primaryimage\"},\"thumbnailUrl\":\"https:\/\/marekkuchcinski.pl\/wp-content\/uploads\/2020\/07\/PMM-Rzesz\u00f3w.jpg\",\"articleSection\":[\"Podkarpacie\",\"Wydarzenia\"],\"inLanguage\":\"ro-RO\",\"potentialAction\":[{\"@type\":\"CommentAction\",\"name\":\"Comment\",\"target\":[\"https:\/\/marekkuchcinski.pl\/wydarzenia\/morawiecki-na-podkarpaciu-andrzej-duda-stoi-po-stronie-zwyklych-ludzi\/#respond\"]}]},{\"@type\":\"WebPage\",\"@id\":\"https:\/\/marekkuchcinski.pl\/wydarzenia\/morawiecki-na-podkarpaciu-andrzej-duda-stoi-po-stronie-zwyklych-ludzi\/\",\"url\":\"https:\/\/marekkuchcinski.pl\/wydarzenia\/morawiecki-na-podkarpaciu-andrzej-duda-stoi-po-stronie-zwyklych-ludzi\/\",\"name\":\"Morawiecki na Podkarpaciu: Andrzej Duda stoi po stronie zwyk\u0142ych ludzi &#8211; Marek Kuchci\u0144ski\",\"isPartOf\":{\"@id\":\"https:\/\/marekkuchcinski.pl\/#website\"},\"primaryImageOfPage\":{\"@id\":\"https:\/\/marekkuchcinski.pl\/wydarzenia\/morawiecki-na-podkarpaciu-andrzej-duda-stoi-po-stronie-zwyklych-ludzi\/#primaryimage\"},\"image\":{\"@id\":\"https:\/\/marekkuchcinski.pl\/wydarzenia\/morawiecki-na-podkarpaciu-andrzej-duda-stoi-po-stronie-zwyklych-ludzi\/#primaryimage\"},\"thumbnailUrl\":\"https:\/\/marekkuchcinski.pl\/wp-content\/uploads\/2020\/07\/PMM-Rzesz\u00f3w.jpg\",\"datePublished\":\"2020-06-26T13:40:00+00:00\",\"dateModified\":\"2020-07-17T14:00:25+00:00\",\"breadcrumb\":{\"@id\":\"https:\/\/marekkuchcinski.pl\/wydarzenia\/morawiecki-na-podkarpaciu-andrzej-duda-stoi-po-stronie-zwyklych-ludzi\/#breadcrumb\"},\"inLanguage\":\"ro-RO\",\"potentialAction\":[{\"@type\":\"ReadAction\",\"target\":[\"https:\/\/marekkuchcinski.pl\/wydarzenia\/morawiecki-na-podkarpaciu-andrzej-duda-stoi-po-stronie-zwyklych-ludzi\/\"]}]},{\"@type\":\"ImageObject\",\"inLanguage\":\"ro-RO\",\"@id\":\"https:\/\/marekkuchcinski.pl\/wydarzenia\/morawiecki-na-podkarpaciu-andrzej-duda-stoi-po-stronie-zwyklych-ludzi\/#primaryimage\",\"url\":\"https:\/\/marekkuchcinski.pl\/wp-content\/uploads\/2020\/07\/PMM-Rzesz\u00f3w.jpg\",\"contentUrl\":\"https:\/\/marekkuchcinski.pl\/wp-content\/uploads\/2020\/07\/PMM-Rzesz\u00f3w.jpg\",\"width\":960,\"height\":640},{\"@type\":\"BreadcrumbList\",\"@id\":\"https:\/\/marekkuchcinski.pl\/wydarzenia\/morawiecki-na-podkarpaciu-andrzej-duda-stoi-po-stronie-zwyklych-ludzi\/#breadcrumb\",\"itemListElement\":[{\"@type\":\"ListItem\",\"position\":1,\"name\":\"Strona g\u0142\u00f3wna\",\"item\":\"https:\/\/marekkuchcinski.pl\/\"},{\"@type\":\"ListItem\",\"position\":2,\"name\":\"Morawiecki na Podkarpaciu: Andrzej Duda stoi po stronie zwyk\u0142ych ludzi\"}]},{\"@type\":\"WebSite\",\"@id\":\"https:\/\/marekkuchcinski.pl\/#website\",\"url\":\"https:\/\/marekkuchcinski.pl\/\",\"name\":\"Marek Kuchci\u0144ski\",\"description\":\"Pose\u0142 na sejm RP &ndash; okr\u0119g nr 22\",\"publisher\":{\"@id\":\"https:\/\/marekkuchcinski.pl\/#organization\"},\"potentialAction\":[{\"@type\":\"SearchAction\",\"target\":{\"@type\":\"EntryPoint\",\"urlTemplate\":\"https:\/\/marekkuchcinski.pl\/?s={search_term_string}\"},\"query-input\":{\"@type\":\"PropertyValueSpecification\",\"valueRequired\":true,\"valueName\":\"search_term_string\"}}],\"inLanguage\":\"ro-RO\"},{\"@type\":\"Organization\",\"@id\":\"https:\/\/marekkuchcinski.pl\/#organization\",\"name\":\"Marek Kuchci\u0144ski\",\"url\":\"https:\/\/marekkuchcinski.pl\/\",\"logo\":{\"@type\":\"ImageObject\",\"inLanguage\":\"ro-RO\",\"@id\":\"https:\/\/marekkuchcinski.pl\/#\/schema\/logo\/image\/\",\"url\":\"https:\/\/marekkuchcinski.pl\/wp-content\/uploads\/2022\/09\/Marek.jpg\",\"contentUrl\":\"https:\/\/marekkuchcinski.pl\/wp-content\/uploads\/2022\/09\/Marek.jpg\",\"width\":1600,\"height\":971,\"caption\":\"Marek Kuchci\u0144ski\"},\"image\":{\"@id\":\"https:\/\/marekkuchcinski.pl\/#\/schema\/logo\/image\/\"}},{\"@type\":\"Person\",\"@id\":\"https:\/\/marekkuchcinski.pl\/#\/schema\/person\/b8a29fe7813098f7be78801d029910a7\",\"name\":\"Tomasz \u0141acina\",\"image\":{\"@type\":\"ImageObject\",\"inLanguage\":\"ro-RO\",\"@id\":\"https:\/\/marekkuchcinski.pl\/#\/schema\/person\/image\/\",\"url\":\"https:\/\/secure.gravatar.com\/avatar\/22e75f6c51aff77a676ed77dd222f852?s=96&d=mm&r=g\",\"contentUrl\":\"https:\/\/secure.gravatar.com\/avatar\/22e75f6c51aff77a676ed77dd222f852?s=96&d=mm&r=g\",\"caption\":\"Tomasz \u0141acina\"},\"url\":\"https:\/\/marekkuchcinski.pl\/ro\/author\/tomek-lacina\/\"}]}<\/script>\n<!-- \/ Yoast SEO plugin. -->","yoast_head_json":{"title":"Morawiecki na Podkarpaciu: Andrzej Duda stoi po stronie zwyk\u0142ych ludzi &#8211; Marek Kuchci\u0144ski","robots":{"index":"index","follow":"follow","max-snippet":"max-snippet:-1","max-image-preview":"max-image-preview:large","max-video-preview":"max-video-preview:-1"},"canonical":"https:\/\/marekkuchcinski.pl\/ro\/wydarzenia\/morawiecki-na-podkarpaciu-andrzej-duda-stoi-po-stronie-zwyklych-ludzi\/","og_locale":"ro_RO","og_type":"article","og_title":"Morawiecki na Podkarpaciu: Andrzej Duda stoi po stronie zwyk\u0142ych ludzi &#8211; Marek Kuchci\u0144ski","og_description":"\u2013 Ca\u0142y czas stoimy razem z panem prezydentem po stronie zwyk\u0142ych ludzi. Walczymy z r\u00f3\u017cnymi grupami interes\u00f3w, z tymi, kt\u00f3rzy si\u0119 sprzysi\u0119gli, \u017ceby Polska bieg\u0142a pod g\u00f3rk\u0119 z kamieniem u nogi. Walczy z nimi te\u017c prezydent \u2013 m\u00f3wi\u0142 w Rzeszowie Mateusz Morawiecki.\u00a0Premier przypomnia\u0142, \u017ce od rz\u0105du Prawa i Sprawiedliwo\u015bci Podkarpacie otrzyma\u0142o siedmiokrotnie wi\u0119ksze wsparcie finansowe [&hellip;]","og_url":"https:\/\/marekkuchcinski.pl\/ro\/wydarzenia\/morawiecki-na-podkarpaciu-andrzej-duda-stoi-po-stronie-zwyklych-ludzi\/","og_site_name":"Marek Kuchci\u0144ski","article_published_time":"2020-06-26T13:40:00+00:00","article_modified_time":"2020-07-17T14:00:25+00:00","og_image":[{"width":960,"height":640,"url":"https:\/\/marekkuchcinski.pl\/wp-content\/uploads\/2020\/07\/PMM-Rzesz\u00f3w.jpg","type":"image\/jpeg"}],"author":"Tomasz \u0141acina","twitter_card":"summary_large_image","twitter_misc":{"Scris de":"Tomasz \u0141acina","Timp estimat pentru citire":"3 minutes"},"schema":{"@context":"https:\/\/schema.org","@graph":[{"@type":"Article","@id":"https:\/\/marekkuchcinski.pl\/wydarzenia\/morawiecki-na-podkarpaciu-andrzej-duda-stoi-po-stronie-zwyklych-ludzi\/#article","isPartOf":{"@id":"https:\/\/marekkuchcinski.pl\/wydarzenia\/morawiecki-na-podkarpaciu-andrzej-duda-stoi-po-stronie-zwyklych-ludzi\/"},"author":{"name":"Tomasz \u0141acina","@id":"https:\/\/marekkuchcinski.pl\/#\/schema\/person\/b8a29fe7813098f7be78801d029910a7"},"headline":"Morawiecki na Podkarpaciu: Andrzej Duda stoi po stronie zwyk\u0142ych ludzi","datePublished":"2020-06-26T13:40:00+00:00","dateModified":"2020-07-17T14:00:25+00:00","mainEntityOfPage":{"@id":"https:\/\/marekkuchcinski.pl\/wydarzenia\/morawiecki-na-podkarpaciu-andrzej-duda-stoi-po-stronie-zwyklych-ludzi\/"},"wordCount":699,"commentCount":0,"publisher":{"@id":"https:\/\/marekkuchcinski.pl\/#organization"},"image":{"@id":"https:\/\/marekkuchcinski.pl\/wydarzenia\/morawiecki-na-podkarpaciu-andrzej-duda-stoi-po-stronie-zwyklych-ludzi\/#primaryimage"},"thumbnailUrl":"https:\/\/marekkuchcinski.pl\/wp-content\/uploads\/2020\/07\/PMM-Rzesz\u00f3w.jpg","articleSection":["Podkarpacie","Wydarzenia"],"inLanguage":"ro-RO","potentialAction":[{"@type":"CommentAction","name":"Comment","target":["https:\/\/marekkuchcinski.pl\/wydarzenia\/morawiecki-na-podkarpaciu-andrzej-duda-stoi-po-stronie-zwyklych-ludzi\/#respond"]}]},{"@type":"WebPage","@id":"https:\/\/marekkuchcinski.pl\/wydarzenia\/morawiecki-na-podkarpaciu-andrzej-duda-stoi-po-stronie-zwyklych-ludzi\/","url":"https:\/\/marekkuchcinski.pl\/wydarzenia\/morawiecki-na-podkarpaciu-andrzej-duda-stoi-po-stronie-zwyklych-ludzi\/","name":"Morawiecki na Podkarpaciu: Andrzej Duda stoi po stronie zwyk\u0142ych ludzi &#8211; Marek Kuchci\u0144ski","isPartOf":{"@id":"https:\/\/marekkuchcinski.pl\/#website"},"primaryImageOfPage":{"@id":"https:\/\/marekkuchcinski.pl\/wydarzenia\/morawiecki-na-podkarpaciu-andrzej-duda-stoi-po-stronie-zwyklych-ludzi\/#primaryimage"},"image":{"@id":"https:\/\/marekkuchcinski.pl\/wydarzenia\/morawiecki-na-podkarpaciu-andrzej-duda-stoi-po-stronie-zwyklych-ludzi\/#primaryimage"},"thumbnailUrl":"https:\/\/marekkuchcinski.pl\/wp-content\/uploads\/2020\/07\/PMM-Rzesz\u00f3w.jpg","datePublished":"2020-06-26T13:40:00+00:00","dateModified":"2020-07-17T14:00:25+00:00","breadcrumb":{"@id":"https:\/\/marekkuchcinski.pl\/wydarzenia\/morawiecki-na-podkarpaciu-andrzej-duda-stoi-po-stronie-zwyklych-ludzi\/#breadcrumb"},"inLanguage":"ro-RO","potentialAction":[{"@type":"ReadAction","target":["https:\/\/marekkuchcinski.pl\/wydarzenia\/morawiecki-na-podkarpaciu-andrzej-duda-stoi-po-stronie-zwyklych-ludzi\/"]}]},{"@type":"ImageObject","inLanguage":"ro-RO","@id":"https:\/\/marekkuchcinski.pl\/wydarzenia\/morawiecki-na-podkarpaciu-andrzej-duda-stoi-po-stronie-zwyklych-ludzi\/#primaryimage","url":"https:\/\/marekkuchcinski.pl\/wp-content\/uploads\/2020\/07\/PMM-Rzesz\u00f3w.jpg","contentUrl":"https:\/\/marekkuchcinski.pl\/wp-content\/uploads\/2020\/07\/PMM-Rzesz\u00f3w.jpg","width":960,"height":640},{"@type":"BreadcrumbList","@id":"https:\/\/marekkuchcinski.pl\/wydarzenia\/morawiecki-na-podkarpaciu-andrzej-duda-stoi-po-stronie-zwyklych-ludzi\/#breadcrumb","itemListElement":[{"@type":"ListItem","position":1,"name":"Strona g\u0142\u00f3wna","item":"https:\/\/marekkuchcinski.pl\/"},{"@type":"ListItem","position":2,"name":"Morawiecki na Podkarpaciu: Andrzej Duda stoi po stronie zwyk\u0142ych ludzi"}]},{"@type":"WebSite","@id":"https:\/\/marekkuchcinski.pl\/#website","url":"https:\/\/marekkuchcinski.pl\/","name":"Marek Kuchci\u0144ski","description":"Pose\u0142 na sejm RP &ndash; okr\u0119g nr 22","publisher":{"@id":"https:\/\/marekkuchcinski.pl\/#organization"},"potentialAction":[{"@type":"SearchAction","target":{"@type":"EntryPoint","urlTemplate":"https:\/\/marekkuchcinski.pl\/?s={search_term_string}"},"query-input":{"@type":"PropertyValueSpecification","valueRequired":true,"valueName":"search_term_string"}}],"inLanguage":"ro-RO"},{"@type":"Organization","@id":"https:\/\/marekkuchcinski.pl\/#organization","name":"Marek Kuchci\u0144ski","url":"https:\/\/marekkuchcinski.pl\/","logo":{"@type":"ImageObject","inLanguage":"ro-RO","@id":"https:\/\/marekkuchcinski.pl\/#\/schema\/logo\/image\/","url":"https:\/\/marekkuchcinski.pl\/wp-content\/uploads\/2022\/09\/Marek.jpg","contentUrl":"https:\/\/marekkuchcinski.pl\/wp-content\/uploads\/2022\/09\/Marek.jpg","width":1600,"height":971,"caption":"Marek Kuchci\u0144ski"},"image":{"@id":"https:\/\/marekkuchcinski.pl\/#\/schema\/logo\/image\/"}},{"@type":"Person","@id":"https:\/\/marekkuchcinski.pl\/#\/schema\/person\/b8a29fe7813098f7be78801d029910a7","name":"Tomasz \u0141acina","image":{"@type":"ImageObject","inLanguage":"ro-RO","@id":"https:\/\/marekkuchcinski.pl\/#\/schema\/person\/image\/","url":"https:\/\/secure.gravatar.com\/avatar\/22e75f6c51aff77a676ed77dd222f852?s=96&d=mm&r=g","contentUrl":"https:\/\/secure.gravatar.com\/avatar\/22e75f6c51aff77a676ed77dd222f852?s=96&d=mm&r=g","caption":"Tomasz \u0141acina"},"url":"https:\/\/marekkuchcinski.pl\/ro\/author\/tomek-lacina\/"}]}},"_links":{"self":[{"href":"https:\/\/marekkuchcinski.pl\/ro\/wp-json\/wp\/v2\/posts\/19325","targetHints":{"allow":["GET"]}}],"collection":[{"href":"https:\/\/marekkuchcinski.pl\/ro\/wp-json\/wp\/v2\/posts"}],"about":[{"href":"https:\/\/marekkuchcinski.pl\/ro\/wp-json\/wp\/v2\/types\/post"}],"author":[{"embeddable":true,"href":"https:\/\/marekkuchcinski.pl\/ro\/wp-json\/wp\/v2\/users\/17"}],"replies":[{"embeddable":true,"href":"https:\/\/marekkuchcinski.pl\/ro\/wp-json\/wp\/v2\/comments?post=19325"}],"version-history":[{"count":1,"href":"https:\/\/marekkuchcinski.pl\/ro\/wp-json\/wp\/v2\/posts\/19325\/revisions"}],"predecessor-version":[{"id":19328,"href":"https:\/\/marekkuchcinski.pl\/ro\/wp-json\/wp\/v2\/posts\/19325\/revisions\/19328"}],"wp:featuredmedia":[{"embeddable":true,"href":"https:\/\/marekkuchcinski.pl\/ro\/wp-json\/wp\/v2\/media\/19326"}],"wp:attachment":[{"href":"https:\/\/marekkuchcinski.pl\/ro\/wp-json\/wp\/v2\/media?parent=19325"}],"wp:term":[{"taxonomy":"category","embeddable":true,"href":"https:\/\/marekkuchcinski.pl\/ro\/wp-json\/wp\/v2\/categories?post=19325"},{"taxonomy":"post_tag","embeddable":true,"href":"https:\/\/marekkuchcinski.pl\/ro\/wp-json\/wp\/v2\/tags?post=19325"}],"curies":[{"name":"wp","href":"https:\/\/api.w.org\/{rel}","templated":true}]}}