{"id":19286,"date":"2020-06-15T02:15:00","date_gmt":"2020-06-15T00:15:00","guid":{"rendered":"https:\/\/marek2.rkartist.pl\/?p=19286"},"modified":"2020-07-09T02:24:17","modified_gmt":"2020-07-09T00:24:17","slug":"kuchcinski-o-porozumieniach-ustrzycko-rzeszowskich-wielkie-zwyciestwo-ktore-obudzilo-poczucie-godnosci-i-wiare-we-wlasne-sily","status":"publish","type":"post","link":"https:\/\/marekkuchcinski.pl\/ro\/wydarzenia\/kuchcinski-o-porozumieniach-ustrzycko-rzeszowskich-wielkie-zwyciestwo-ktore-obudzilo-poczucie-godnosci-i-wiare-we-wlasne-sily\/","title":{"rendered":"Kuchci\u0144ski cu privire la acordurile Ustrzycko-Rzeszowskie: O mare victorie care a trezit un sentiment de demnitate \u0219i \u00eencredere \u00een sine"},"content":{"rendered":"<p>La Ustrzyki Dolne au avut loc festivit\u0103\u021bi de aniversare a acordurilor Ustrzyki-Rzeszzowskie. Semnate la 20 februarie 1981, dup\u0103 grevele agricultorilor din Bieszczady, acordurile aveau ca scop asigurarea propriet\u0103\u021bii asupra terenurilor, respectarea drepturilor la libertatea de exprimare \u0219i de con\u0219tiin\u021b\u0103 \u0219i transformarea agricultorilor individuali \u00een egali cu cooperativele \u0219i fermele de stat.<\/p>\n\n\n\n<p>- Totul a \u00eenceput aici, \u00een Ustrzyki. Reprezentan\u021bii independen\u021bi din mediul rural, sus\u021binu\u021bi de muncitori, au declan\u0219at o grev\u0103 at\u00e2t de eficient\u0103 \u00eenc\u00e2t au ob\u021binut drepturile pe care le ceream cu to\u021bii - a declarat Marek Kuchci\u0144ski. Mare\u0219alul a subliniat, de asemenea, c\u0103 marea victorie a trezit \u00een locuitorii din Podkarpacie un sentiment de demnitate, precum \u0219i credin\u021ba \u00een propria lor putere.<strong><em>.<\/em><\/strong>\u00a0Aceast\u0103 credin\u021b\u0103 a permis ca lupta \u00eempotriva regimului comunist s\u0103 continue \u00een timpul lunilor dificile ale legii mar\u021biale \u0219i chiar \u0219i dup\u0103 aceea.<\/p>\n\n\n\n<p>S\u0103rb\u0103torile au \u00eenceput cu o slujb\u0103 \u00een biserica din Ustrzyki, a c\u0103rei construc\u021bie a fost finalizat\u0103 datorit\u0103 presiunii exercitate de fermierii grevi\u0219ti asupra autorit\u0103\u021bilor de la acea vreme. La eveniment au participat semnatari ai acordului, parlamentari \u0219i reprezentan\u021bi ai autorit\u0103\u021bilor locale \u0219i de stat. Fermierii care au fost hot\u0103r\u00e2\u021bi s\u0103 lupte \u00eempotriva autorit\u0103\u021bilor comuniste au fost omagia\u021bi prin depunerea de flori \u00een fa\u021ba monumentului dedicat solda\u021bilor polonezi care au luptat pentru patrie.<br><br>Participan\u021bilor li s-a adresat o scrisoare din partea pre\u0219edintelui Andrzej Duda, a prim-ministrului Mateusz Morawiecki \u0219i a pre\u0219edintelui PiS Jaros\u0142aw Kaczy\u0144ski. Mesajul preziden\u021bial a exprimat convingerea c\u0103 valorile tradi\u021bionale \u0219i mo\u0219tenirea patriotic\u0103 a zonei rurale poloneze reprezint\u0103 fundamentul identit\u0103\u021bii noastre na\u021bionale \u0219i consolideaz\u0103 prosperitatea unei Polonii independente \u0219i drepte.<\/p>\n\n\n\n<p>Premierul a subliniat c\u0103, \u00een calitate de mo\u0219tenitori ai mo\u0219tenirii eroilor din 1981, ne sim\u021bim obliga\u021bi s\u0103 protej\u0103m mediul rural polonez, s\u0103 ap\u0103r\u0103m p\u0103m\u00e2ntul polonez \u0219i s\u0103 ne ocup\u0103m \u00een mod eficient de interesele agricultorilor polonezi \u00een Uniunea European\u0103. - \u00cen prezent, \u00een Europa \u0219i \u00een \u00eentreaga lume, dep\u0103\u0219im efectele crizei de la Covid 19. Prin urmare, am f\u0103cut apel la liderii UE s\u0103 creasc\u0103 cheltuielile pentru Politica Agricol\u0103 Comun\u0103\", a argumentat \u0219eful guvernului.<\/p>\n\n\n\n<p>Pre\u0219edintele Jaros\u0142aw Kaczy\u0144ski a scris c\u0103, \u00een timp ce ne rug\u0103m pentru inten\u021bia fermierilor polonezi \u0219i a Patriei, le mul\u021bumim activi\u0219tilor mi\u0219c\u0103rii \u021b\u0103r\u0103ne\u0219ti independente pentru tot ceea ce au f\u0103cut pentru cauza libert\u0103\u021bii \u0219i independen\u021bei Poloniei, pentru cauza spa\u021biului rural polonez.<\/p>\n\n\n\n<p>Participan\u021bii la cea de-a XXXIX-a aniversare a grevei fermierilor din Ustrzyki Dolne \u0219i la semnarea acordurilor de la Rzesz\u00f3w-Ustrzyki au semnat o rezolu\u021bie prin care \u0219i-au declarat sprijinul pentru Andrzej Duda \u00een calitate de pre\u0219edinte al Republicii Polone. \"Afirm\u0103m c\u0103 candidatura pre\u0219edintelui Andrzej Duda poate \u00eendeplini speran\u021bele de a ap\u0103ra interesele Poloniei \u0219i de a continua construirea consecvent\u0103 a ordinii sociale bazate pe tradi\u021biile na\u021bionale \u0219i de independen\u021b\u0103\".<strong> -\u00a0<\/strong>a fost scris\u0103. De asemenea, \u0219i-a exprimat speran\u021ba c\u0103 pre\u0219edintele va sus\u021bine tradi\u021bia cre\u0219tin\u0103 \u0219i va garanta protec\u021bia constitu\u021bional\u0103 a terenurilor \u0219i a fermelor familiale.<\/p>\n\n\n\n<figure class=\"wp-block-image size-large\"><img fetchpriority=\"high\" decoding=\"async\" width=\"960\" height=\"720\" src=\"https:\/\/marekkuchcinski.pl\/wp-content\/uploads\/2020\/07\/5.jpg\" alt=\"\" class=\"wp-image-19287\" srcset=\"https:\/\/marekkuchcinski.pl\/wp-content\/uploads\/2020\/07\/5.jpg 960w, https:\/\/marekkuchcinski.pl\/wp-content\/uploads\/2020\/07\/5-300x225.jpg 300w, https:\/\/marekkuchcinski.pl\/wp-content\/uploads\/2020\/07\/5-768x576.jpg 768w\" sizes=\"(max-width: 960px) 100vw, 960px\" \/><\/figure>\n\n\n\n<figure class=\"wp-block-image size-large\"><img decoding=\"async\" width=\"1024\" height=\"768\" src=\"https:\/\/marekkuchcinski.pl\/wp-content\/uploads\/2020\/07\/2-1-1024x768.jpg\" alt=\"\" class=\"wp-image-19288\" srcset=\"https:\/\/marekkuchcinski.pl\/wp-content\/uploads\/2020\/07\/2-1-1024x768.jpg 1024w, https:\/\/marekkuchcinski.pl\/wp-content\/uploads\/2020\/07\/2-1-300x225.jpg 300w, https:\/\/marekkuchcinski.pl\/wp-content\/uploads\/2020\/07\/2-1-768x576.jpg 768w, https:\/\/marekkuchcinski.pl\/wp-content\/uploads\/2020\/07\/2-1-1536x1152.jpg 1536w, https:\/\/marekkuchcinski.pl\/wp-content\/uploads\/2020\/07\/2-1.jpg 2048w\" sizes=\"(max-width: 1024px) 100vw, 1024px\" \/><\/figure>\n\n\n\n<figure class=\"wp-block-image size-large\"><img decoding=\"async\" width=\"722\" height=\"545\" src=\"https:\/\/marekkuchcinski.pl\/wp-content\/uploads\/2020\/07\/3.jpg\" alt=\"\" class=\"wp-image-19289\" srcset=\"https:\/\/marekkuchcinski.pl\/wp-content\/uploads\/2020\/07\/3.jpg 722w, https:\/\/marekkuchcinski.pl\/wp-content\/uploads\/2020\/07\/3-300x226.jpg 300w\" sizes=\"(max-width: 722px) 100vw, 722px\" \/><\/figure>\n\n\n\n<figure class=\"wp-block-image size-large\"><img loading=\"lazy\" decoding=\"async\" width=\"960\" height=\"720\" src=\"https:\/\/marekkuchcinski.pl\/wp-content\/uploads\/2020\/07\/1.jpg\" alt=\"\" class=\"wp-image-19290\" srcset=\"https:\/\/marekkuchcinski.pl\/wp-content\/uploads\/2020\/07\/1.jpg 960w, https:\/\/marekkuchcinski.pl\/wp-content\/uploads\/2020\/07\/1-300x225.jpg 300w, https:\/\/marekkuchcinski.pl\/wp-content\/uploads\/2020\/07\/1-768x576.jpg 768w\" sizes=\"(max-width: 960px) 100vw, 960px\" \/><\/figure>\n\n\n\n<figure class=\"wp-block-gallery columns-1 is-cropped wp-block-gallery-1 is-layout-flex wp-block-gallery-is-layout-flex\"><ul class=\"blocks-gallery-grid\"><li class=\"blocks-gallery-item\"><figure><img loading=\"lazy\" decoding=\"async\" width=\"1024\" height=\"683\" src=\"https:\/\/marekkuchcinski.pl\/wp-content\/uploads\/2020\/07\/86-431928-1024x683.jpg\" alt=\"\" data-id=\"19291\" class=\"wp-image-19291\" srcset=\"https:\/\/marekkuchcinski.pl\/wp-content\/uploads\/2020\/07\/86-431928-1024x683.jpg 1024w, https:\/\/marekkuchcinski.pl\/wp-content\/uploads\/2020\/07\/86-431928-300x200.jpg 300w, https:\/\/marekkuchcinski.pl\/wp-content\/uploads\/2020\/07\/86-431928-768x512.jpg 768w, https:\/\/marekkuchcinski.pl\/wp-content\/uploads\/2020\/07\/86-431928.jpg 1500w\" sizes=\"(max-width: 1024px) 100vw, 1024px\" \/><\/figure><\/li><li class=\"blocks-gallery-item\"><figure><img loading=\"lazy\" decoding=\"async\" width=\"480\" height=\"640\" src=\"https:\/\/marekkuchcinski.pl\/wp-content\/uploads\/2020\/07\/102813637_2672655766172372_7106957947579437348_n-1.jpg\" alt=\"\" data-id=\"19293\" data-link=\"https:\/\/marekkuchcinski.pl\/?attachment_id=19293\" class=\"wp-image-19293\" srcset=\"https:\/\/marekkuchcinski.pl\/wp-content\/uploads\/2020\/07\/102813637_2672655766172372_7106957947579437348_n-1.jpg 480w, https:\/\/marekkuchcinski.pl\/wp-content\/uploads\/2020\/07\/102813637_2672655766172372_7106957947579437348_n-1-225x300.jpg 225w\" sizes=\"(max-width: 480px) 100vw, 480px\" \/><\/figure><\/li><li class=\"blocks-gallery-item\"><figure><img loading=\"lazy\" decoding=\"async\" width=\"960\" height=\"720\" src=\"https:\/\/marekkuchcinski.pl\/wp-content\/uploads\/2020\/07\/4.jpg\" alt=\"\" data-id=\"19294\" data-full-url=\"https:\/\/marekkuchcinski.pl\/wp-content\/uploads\/2020\/07\/4.jpg\" data-link=\"https:\/\/marekkuchcinski.pl\/?attachment_id=19294\" class=\"wp-image-19294\" srcset=\"https:\/\/marekkuchcinski.pl\/wp-content\/uploads\/2020\/07\/4.jpg 960w, https:\/\/marekkuchcinski.pl\/wp-content\/uploads\/2020\/07\/4-300x225.jpg 300w, https:\/\/marekkuchcinski.pl\/wp-content\/uploads\/2020\/07\/4-768x576.jpg 768w\" sizes=\"(max-width: 960px) 100vw, 960px\" \/><\/figure><\/li><\/ul><figcaption class=\"blocks-gallery-caption\">De la st\u00e2nga: Arkadiusz Lupa (pre\u0219edintele Consiliului Municipal din Ustrzyki Dolne), Stanis\u0142aw Majda\u0144ski (fost senator \u0219i membru al Sejm, vicepre\u0219edinte al Asocia\u021biei pentru Dezvoltare Durabil\u0103, al c\u0103rei pre\u0219edinte \u0219i fondator a fost Jan Szyszko), Jan J. Cynk, Krzysztof Szczurko, Jaros\u0142aw \u015aliwi\u0144ski (\u00een picioare), Jerzy Jankowski (jos, la masa preziden\u021bial\u0103), Marek Andruch (Bieszczady starost), Henryk Kozik (pre\u0219edintele Consiliului Districtului Brzozowski), Marek Kuchci\u0144ski (deputat, pre\u0219edintele Sejm-ului \u00een cel de-al 8-lea mandat), Leszek Murzyn (fost deputat), Bogdan Szuma\u0144ski, Marian Mrozik<\/figcaption><\/figure>\n\n\n\n<figure class=\"wp-block-image size-large\"><img loading=\"lazy\" decoding=\"async\" width=\"758\" height=\"1024\" src=\"https:\/\/marekkuchcinski.pl\/wp-content\/uploads\/2020\/07\/Screenshot_20200616-0024572-758x1024.png\" alt=\"\" class=\"wp-image-19295\" srcset=\"https:\/\/marekkuchcinski.pl\/wp-content\/uploads\/2020\/07\/Screenshot_20200616-0024572-758x1024.png 758w, https:\/\/marekkuchcinski.pl\/wp-content\/uploads\/2020\/07\/Screenshot_20200616-0024572-222x300.png 222w, https:\/\/marekkuchcinski.pl\/wp-content\/uploads\/2020\/07\/Screenshot_20200616-0024572-768x1038.png 768w, https:\/\/marekkuchcinski.pl\/wp-content\/uploads\/2020\/07\/Screenshot_20200616-0024572-1137x1536.png 1137w, https:\/\/marekkuchcinski.pl\/wp-content\/uploads\/2020\/07\/Screenshot_20200616-0024572.png 1361w\" sizes=\"(max-width: 758px) 100vw, 758px\" \/><\/figure>","protected":false},"excerpt":{"rendered":"<p>W Ustrzykach Dolnych odby\u0142y si\u0119 uroczysto\u015bci rocznicowe zwi\u0105zane z Porozumieniami\u00a0Ustrzycko-Rzeszowskimi. Podpisane 20 lutego 1981 roku po strajkach bieszczadzkich rolnik\u00f3w Porozumienia mia\u0142y zapewni\u0107 w\u0142asno\u015b\u0107 do ziemi, respektowanie praw do wolno\u015bci s\u0142owa i sumienia\u00a0oraz wyr\u00f3wna\u0107 rolnik\u00f3w indywidualnych ze sp\u00f3\u0142dzielniami i PGR-ami. \u2013 Wszystko zacz\u0119\u0142o si\u0119 tutaj w Ustrzykach. Niezale\u017cni przedstawiciele wsi, wspierani przez robotnik\u00f3w rozpocz\u0119li strajk, kt\u00f3ry [&hellip;]<\/p>","protected":false},"author":17,"featured_media":19297,"comment_status":"open","ping_status":"open","sticky":false,"template":"","format":"standard","meta":{"ngg_post_thumbnail":0,"footnotes":""},"categories":[49,82,3],"tags":[],"class_list":["post-19286","post","type-post","status-publish","format-standard","has-post-thumbnail","hentry","category-podkarpacie","category-prawo-i-sprawiedliwosc","category-wydarzenia"],"yoast_head":"<!-- This site is optimized with the Yoast SEO plugin v24.7 - https:\/\/yoast.com\/wordpress\/plugins\/seo\/ -->\n<title>Kuchci\u0144ski o Porozumieniach Ustrzycko-Rzeszowskich: Wielkie zwyci\u0119stwo, kt\u00f3re obudzi\u0142o poczucie godno\u015bci i wiar\u0119 we w\u0142asne si\u0142y &#8211; Marek Kuchci\u0144ski<\/title>\n<meta name=\"robots\" content=\"index, follow, max-snippet:-1, max-image-preview:large, max-video-preview:-1\" \/>\n<link rel=\"canonical\" href=\"https:\/\/marekkuchcinski.pl\/ro\/wydarzenia\/kuchcinski-o-porozumieniach-ustrzycko-rzeszowskich-wielkie-zwyciestwo-ktore-obudzilo-poczucie-godnosci-i-wiare-we-wlasne-sily\/\" \/>\n<meta property=\"og:locale\" content=\"ro_RO\" \/>\n<meta property=\"og:type\" content=\"article\" \/>\n<meta property=\"og:title\" content=\"Kuchci\u0144ski o Porozumieniach Ustrzycko-Rzeszowskich: Wielkie zwyci\u0119stwo, kt\u00f3re obudzi\u0142o poczucie godno\u015bci i wiar\u0119 we w\u0142asne si\u0142y &#8211; Marek Kuchci\u0144ski\" \/>\n<meta property=\"og:description\" content=\"W Ustrzykach Dolnych odby\u0142y si\u0119 uroczysto\u015bci rocznicowe zwi\u0105zane z Porozumieniami\u00a0Ustrzycko-Rzeszowskimi. Podpisane 20 lutego 1981 roku po strajkach bieszczadzkich rolnik\u00f3w Porozumienia mia\u0142y zapewni\u0107 w\u0142asno\u015b\u0107 do ziemi, respektowanie praw do wolno\u015bci s\u0142owa i sumienia\u00a0oraz wyr\u00f3wna\u0107 rolnik\u00f3w indywidualnych ze sp\u00f3\u0142dzielniami i PGR-ami. \u2013 Wszystko zacz\u0119\u0142o si\u0119 tutaj w Ustrzykach. Niezale\u017cni przedstawiciele wsi, wspierani przez robotnik\u00f3w rozpocz\u0119li strajk, kt\u00f3ry [&hellip;]\" \/>\n<meta property=\"og:url\" content=\"https:\/\/marekkuchcinski.pl\/ro\/wydarzenia\/kuchcinski-o-porozumieniach-ustrzycko-rzeszowskich-wielkie-zwyciestwo-ktore-obudzilo-poczucie-godnosci-i-wiare-we-wlasne-sily\/\" \/>\n<meta property=\"og:site_name\" content=\"Marek Kuchci\u0144ski\" \/>\n<meta property=\"article:published_time\" content=\"2020-06-15T00:15:00+00:00\" \/>\n<meta property=\"article:modified_time\" content=\"2020-07-09T00:24:17+00:00\" \/>\n<meta property=\"og:image\" content=\"https:\/\/marekkuchcinski.pl\/wp-content\/uploads\/2020\/07\/3a.jpg\" \/>\n\t<meta property=\"og:image:width\" content=\"722\" \/>\n\t<meta property=\"og:image:height\" content=\"545\" \/>\n\t<meta property=\"og:image:type\" content=\"image\/jpeg\" \/>\n<meta name=\"author\" content=\"Tomasz \u0141acina\" \/>\n<meta name=\"twitter:card\" content=\"summary_large_image\" \/>\n<meta name=\"twitter:label1\" content=\"Scris de\" \/>\n\t<meta name=\"twitter:data1\" content=\"Tomasz \u0141acina\" \/>\n\t<meta name=\"twitter:label2\" content=\"Timp estimat pentru citire\" \/>\n\t<meta name=\"twitter:data2\" content=\"3 minutes\" \/>\n<script type=\"application\/ld+json\" class=\"yoast-schema-graph\">{\"@context\":\"https:\/\/schema.org\",\"@graph\":[{\"@type\":\"Article\",\"@id\":\"https:\/\/marekkuchcinski.pl\/wydarzenia\/kuchcinski-o-porozumieniach-ustrzycko-rzeszowskich-wielkie-zwyciestwo-ktore-obudzilo-poczucie-godnosci-i-wiare-we-wlasne-sily\/#article\",\"isPartOf\":{\"@id\":\"https:\/\/marekkuchcinski.pl\/wydarzenia\/kuchcinski-o-porozumieniach-ustrzycko-rzeszowskich-wielkie-zwyciestwo-ktore-obudzilo-poczucie-godnosci-i-wiare-we-wlasne-sily\/\"},\"author\":{\"name\":\"Tomasz \u0141acina\",\"@id\":\"https:\/\/marekkuchcinski.pl\/#\/schema\/person\/b8a29fe7813098f7be78801d029910a7\"},\"headline\":\"Kuchci\u0144ski o Porozumieniach Ustrzycko-Rzeszowskich: Wielkie zwyci\u0119stwo, kt\u00f3re obudzi\u0142o poczucie godno\u015bci i wiar\u0119 we w\u0142asne si\u0142y\",\"datePublished\":\"2020-06-15T00:15:00+00:00\",\"dateModified\":\"2020-07-09T00:24:17+00:00\",\"mainEntityOfPage\":{\"@id\":\"https:\/\/marekkuchcinski.pl\/wydarzenia\/kuchcinski-o-porozumieniach-ustrzycko-rzeszowskich-wielkie-zwyciestwo-ktore-obudzilo-poczucie-godnosci-i-wiare-we-wlasne-sily\/\"},\"wordCount\":567,\"commentCount\":0,\"publisher\":{\"@id\":\"https:\/\/marekkuchcinski.pl\/#organization\"},\"image\":{\"@id\":\"https:\/\/marekkuchcinski.pl\/wydarzenia\/kuchcinski-o-porozumieniach-ustrzycko-rzeszowskich-wielkie-zwyciestwo-ktore-obudzilo-poczucie-godnosci-i-wiare-we-wlasne-sily\/#primaryimage\"},\"thumbnailUrl\":\"https:\/\/marekkuchcinski.pl\/wp-content\/uploads\/2020\/07\/3a.jpg\",\"articleSection\":[\"Podkarpacie\",\"Prawo i Sprawiedliwo\u015b\u0107\",\"Wydarzenia\"],\"inLanguage\":\"ro-RO\",\"potentialAction\":[{\"@type\":\"CommentAction\",\"name\":\"Comment\",\"target\":[\"https:\/\/marekkuchcinski.pl\/wydarzenia\/kuchcinski-o-porozumieniach-ustrzycko-rzeszowskich-wielkie-zwyciestwo-ktore-obudzilo-poczucie-godnosci-i-wiare-we-wlasne-sily\/#respond\"]}]},{\"@type\":\"WebPage\",\"@id\":\"https:\/\/marekkuchcinski.pl\/wydarzenia\/kuchcinski-o-porozumieniach-ustrzycko-rzeszowskich-wielkie-zwyciestwo-ktore-obudzilo-poczucie-godnosci-i-wiare-we-wlasne-sily\/\",\"url\":\"https:\/\/marekkuchcinski.pl\/wydarzenia\/kuchcinski-o-porozumieniach-ustrzycko-rzeszowskich-wielkie-zwyciestwo-ktore-obudzilo-poczucie-godnosci-i-wiare-we-wlasne-sily\/\",\"name\":\"Kuchci\u0144ski o Porozumieniach Ustrzycko-Rzeszowskich: Wielkie zwyci\u0119stwo, kt\u00f3re obudzi\u0142o poczucie godno\u015bci i wiar\u0119 we w\u0142asne si\u0142y &#8211; Marek Kuchci\u0144ski\",\"isPartOf\":{\"@id\":\"https:\/\/marekkuchcinski.pl\/#website\"},\"primaryImageOfPage\":{\"@id\":\"https:\/\/marekkuchcinski.pl\/wydarzenia\/kuchcinski-o-porozumieniach-ustrzycko-rzeszowskich-wielkie-zwyciestwo-ktore-obudzilo-poczucie-godnosci-i-wiare-we-wlasne-sily\/#primaryimage\"},\"image\":{\"@id\":\"https:\/\/marekkuchcinski.pl\/wydarzenia\/kuchcinski-o-porozumieniach-ustrzycko-rzeszowskich-wielkie-zwyciestwo-ktore-obudzilo-poczucie-godnosci-i-wiare-we-wlasne-sily\/#primaryimage\"},\"thumbnailUrl\":\"https:\/\/marekkuchcinski.pl\/wp-content\/uploads\/2020\/07\/3a.jpg\",\"datePublished\":\"2020-06-15T00:15:00+00:00\",\"dateModified\":\"2020-07-09T00:24:17+00:00\",\"breadcrumb\":{\"@id\":\"https:\/\/marekkuchcinski.pl\/wydarzenia\/kuchcinski-o-porozumieniach-ustrzycko-rzeszowskich-wielkie-zwyciestwo-ktore-obudzilo-poczucie-godnosci-i-wiare-we-wlasne-sily\/#breadcrumb\"},\"inLanguage\":\"ro-RO\",\"potentialAction\":[{\"@type\":\"ReadAction\",\"target\":[\"https:\/\/marekkuchcinski.pl\/wydarzenia\/kuchcinski-o-porozumieniach-ustrzycko-rzeszowskich-wielkie-zwyciestwo-ktore-obudzilo-poczucie-godnosci-i-wiare-we-wlasne-sily\/\"]}]},{\"@type\":\"ImageObject\",\"inLanguage\":\"ro-RO\",\"@id\":\"https:\/\/marekkuchcinski.pl\/wydarzenia\/kuchcinski-o-porozumieniach-ustrzycko-rzeszowskich-wielkie-zwyciestwo-ktore-obudzilo-poczucie-godnosci-i-wiare-we-wlasne-sily\/#primaryimage\",\"url\":\"https:\/\/marekkuchcinski.pl\/wp-content\/uploads\/2020\/07\/3a.jpg\",\"contentUrl\":\"https:\/\/marekkuchcinski.pl\/wp-content\/uploads\/2020\/07\/3a.jpg\",\"width\":722,\"height\":545},{\"@type\":\"BreadcrumbList\",\"@id\":\"https:\/\/marekkuchcinski.pl\/wydarzenia\/kuchcinski-o-porozumieniach-ustrzycko-rzeszowskich-wielkie-zwyciestwo-ktore-obudzilo-poczucie-godnosci-i-wiare-we-wlasne-sily\/#breadcrumb\",\"itemListElement\":[{\"@type\":\"ListItem\",\"position\":1,\"name\":\"Strona g\u0142\u00f3wna\",\"item\":\"https:\/\/marekkuchcinski.pl\/\"},{\"@type\":\"ListItem\",\"position\":2,\"name\":\"Kuchci\u0144ski o Porozumieniach Ustrzycko-Rzeszowskich: Wielkie zwyci\u0119stwo, kt\u00f3re obudzi\u0142o poczucie godno\u015bci i wiar\u0119 we w\u0142asne si\u0142y\"}]},{\"@type\":\"WebSite\",\"@id\":\"https:\/\/marekkuchcinski.pl\/#website\",\"url\":\"https:\/\/marekkuchcinski.pl\/\",\"name\":\"Marek Kuchci\u0144ski\",\"description\":\"Pose\u0142 na sejm RP &ndash; okr\u0119g nr 22\",\"publisher\":{\"@id\":\"https:\/\/marekkuchcinski.pl\/#organization\"},\"potentialAction\":[{\"@type\":\"SearchAction\",\"target\":{\"@type\":\"EntryPoint\",\"urlTemplate\":\"https:\/\/marekkuchcinski.pl\/?s={search_term_string}\"},\"query-input\":{\"@type\":\"PropertyValueSpecification\",\"valueRequired\":true,\"valueName\":\"search_term_string\"}}],\"inLanguage\":\"ro-RO\"},{\"@type\":\"Organization\",\"@id\":\"https:\/\/marekkuchcinski.pl\/#organization\",\"name\":\"Marek Kuchci\u0144ski\",\"url\":\"https:\/\/marekkuchcinski.pl\/\",\"logo\":{\"@type\":\"ImageObject\",\"inLanguage\":\"ro-RO\",\"@id\":\"https:\/\/marekkuchcinski.pl\/#\/schema\/logo\/image\/\",\"url\":\"https:\/\/marekkuchcinski.pl\/wp-content\/uploads\/2022\/09\/Marek.jpg\",\"contentUrl\":\"https:\/\/marekkuchcinski.pl\/wp-content\/uploads\/2022\/09\/Marek.jpg\",\"width\":1600,\"height\":971,\"caption\":\"Marek Kuchci\u0144ski\"},\"image\":{\"@id\":\"https:\/\/marekkuchcinski.pl\/#\/schema\/logo\/image\/\"}},{\"@type\":\"Person\",\"@id\":\"https:\/\/marekkuchcinski.pl\/#\/schema\/person\/b8a29fe7813098f7be78801d029910a7\",\"name\":\"Tomasz \u0141acina\",\"image\":{\"@type\":\"ImageObject\",\"inLanguage\":\"ro-RO\",\"@id\":\"https:\/\/marekkuchcinski.pl\/#\/schema\/person\/image\/\",\"url\":\"https:\/\/secure.gravatar.com\/avatar\/22e75f6c51aff77a676ed77dd222f852?s=96&d=mm&r=g\",\"contentUrl\":\"https:\/\/secure.gravatar.com\/avatar\/22e75f6c51aff77a676ed77dd222f852?s=96&d=mm&r=g\",\"caption\":\"Tomasz \u0141acina\"},\"url\":\"https:\/\/marekkuchcinski.pl\/ro\/author\/tomek-lacina\/\"}]}<\/script>\n<!-- \/ Yoast SEO plugin. -->","yoast_head_json":{"title":"Kuchci\u0144ski o Porozumieniach Ustrzycko-Rzeszowskich: Wielkie zwyci\u0119stwo, kt\u00f3re obudzi\u0142o poczucie godno\u015bci i wiar\u0119 we w\u0142asne si\u0142y &#8211; Marek Kuchci\u0144ski","robots":{"index":"index","follow":"follow","max-snippet":"max-snippet:-1","max-image-preview":"max-image-preview:large","max-video-preview":"max-video-preview:-1"},"canonical":"https:\/\/marekkuchcinski.pl\/ro\/wydarzenia\/kuchcinski-o-porozumieniach-ustrzycko-rzeszowskich-wielkie-zwyciestwo-ktore-obudzilo-poczucie-godnosci-i-wiare-we-wlasne-sily\/","og_locale":"ro_RO","og_type":"article","og_title":"Kuchci\u0144ski o Porozumieniach Ustrzycko-Rzeszowskich: Wielkie zwyci\u0119stwo, kt\u00f3re obudzi\u0142o poczucie godno\u015bci i wiar\u0119 we w\u0142asne si\u0142y &#8211; Marek Kuchci\u0144ski","og_description":"W Ustrzykach Dolnych odby\u0142y si\u0119 uroczysto\u015bci rocznicowe zwi\u0105zane z Porozumieniami\u00a0Ustrzycko-Rzeszowskimi. Podpisane 20 lutego 1981 roku po strajkach bieszczadzkich rolnik\u00f3w Porozumienia mia\u0142y zapewni\u0107 w\u0142asno\u015b\u0107 do ziemi, respektowanie praw do wolno\u015bci s\u0142owa i sumienia\u00a0oraz wyr\u00f3wna\u0107 rolnik\u00f3w indywidualnych ze sp\u00f3\u0142dzielniami i PGR-ami. \u2013 Wszystko zacz\u0119\u0142o si\u0119 tutaj w Ustrzykach. Niezale\u017cni przedstawiciele wsi, wspierani przez robotnik\u00f3w rozpocz\u0119li strajk, kt\u00f3ry [&hellip;]","og_url":"https:\/\/marekkuchcinski.pl\/ro\/wydarzenia\/kuchcinski-o-porozumieniach-ustrzycko-rzeszowskich-wielkie-zwyciestwo-ktore-obudzilo-poczucie-godnosci-i-wiare-we-wlasne-sily\/","og_site_name":"Marek Kuchci\u0144ski","article_published_time":"2020-06-15T00:15:00+00:00","article_modified_time":"2020-07-09T00:24:17+00:00","og_image":[{"width":722,"height":545,"url":"https:\/\/marekkuchcinski.pl\/wp-content\/uploads\/2020\/07\/3a.jpg","type":"image\/jpeg"}],"author":"Tomasz \u0141acina","twitter_card":"summary_large_image","twitter_misc":{"Scris de":"Tomasz \u0141acina","Timp estimat pentru citire":"3 minutes"},"schema":{"@context":"https:\/\/schema.org","@graph":[{"@type":"Article","@id":"https:\/\/marekkuchcinski.pl\/wydarzenia\/kuchcinski-o-porozumieniach-ustrzycko-rzeszowskich-wielkie-zwyciestwo-ktore-obudzilo-poczucie-godnosci-i-wiare-we-wlasne-sily\/#article","isPartOf":{"@id":"https:\/\/marekkuchcinski.pl\/wydarzenia\/kuchcinski-o-porozumieniach-ustrzycko-rzeszowskich-wielkie-zwyciestwo-ktore-obudzilo-poczucie-godnosci-i-wiare-we-wlasne-sily\/"},"author":{"name":"Tomasz \u0141acina","@id":"https:\/\/marekkuchcinski.pl\/#\/schema\/person\/b8a29fe7813098f7be78801d029910a7"},"headline":"Kuchci\u0144ski o Porozumieniach Ustrzycko-Rzeszowskich: Wielkie zwyci\u0119stwo, kt\u00f3re obudzi\u0142o poczucie godno\u015bci i wiar\u0119 we w\u0142asne si\u0142y","datePublished":"2020-06-15T00:15:00+00:00","dateModified":"2020-07-09T00:24:17+00:00","mainEntityOfPage":{"@id":"https:\/\/marekkuchcinski.pl\/wydarzenia\/kuchcinski-o-porozumieniach-ustrzycko-rzeszowskich-wielkie-zwyciestwo-ktore-obudzilo-poczucie-godnosci-i-wiare-we-wlasne-sily\/"},"wordCount":567,"commentCount":0,"publisher":{"@id":"https:\/\/marekkuchcinski.pl\/#organization"},"image":{"@id":"https:\/\/marekkuchcinski.pl\/wydarzenia\/kuchcinski-o-porozumieniach-ustrzycko-rzeszowskich-wielkie-zwyciestwo-ktore-obudzilo-poczucie-godnosci-i-wiare-we-wlasne-sily\/#primaryimage"},"thumbnailUrl":"https:\/\/marekkuchcinski.pl\/wp-content\/uploads\/2020\/07\/3a.jpg","articleSection":["Podkarpacie","Prawo i Sprawiedliwo\u015b\u0107","Wydarzenia"],"inLanguage":"ro-RO","potentialAction":[{"@type":"CommentAction","name":"Comment","target":["https:\/\/marekkuchcinski.pl\/wydarzenia\/kuchcinski-o-porozumieniach-ustrzycko-rzeszowskich-wielkie-zwyciestwo-ktore-obudzilo-poczucie-godnosci-i-wiare-we-wlasne-sily\/#respond"]}]},{"@type":"WebPage","@id":"https:\/\/marekkuchcinski.pl\/wydarzenia\/kuchcinski-o-porozumieniach-ustrzycko-rzeszowskich-wielkie-zwyciestwo-ktore-obudzilo-poczucie-godnosci-i-wiare-we-wlasne-sily\/","url":"https:\/\/marekkuchcinski.pl\/wydarzenia\/kuchcinski-o-porozumieniach-ustrzycko-rzeszowskich-wielkie-zwyciestwo-ktore-obudzilo-poczucie-godnosci-i-wiare-we-wlasne-sily\/","name":"Kuchci\u0144ski o Porozumieniach Ustrzycko-Rzeszowskich: Wielkie zwyci\u0119stwo, kt\u00f3re obudzi\u0142o poczucie godno\u015bci i wiar\u0119 we w\u0142asne si\u0142y &#8211; Marek Kuchci\u0144ski","isPartOf":{"@id":"https:\/\/marekkuchcinski.pl\/#website"},"primaryImageOfPage":{"@id":"https:\/\/marekkuchcinski.pl\/wydarzenia\/kuchcinski-o-porozumieniach-ustrzycko-rzeszowskich-wielkie-zwyciestwo-ktore-obudzilo-poczucie-godnosci-i-wiare-we-wlasne-sily\/#primaryimage"},"image":{"@id":"https:\/\/marekkuchcinski.pl\/wydarzenia\/kuchcinski-o-porozumieniach-ustrzycko-rzeszowskich-wielkie-zwyciestwo-ktore-obudzilo-poczucie-godnosci-i-wiare-we-wlasne-sily\/#primaryimage"},"thumbnailUrl":"https:\/\/marekkuchcinski.pl\/wp-content\/uploads\/2020\/07\/3a.jpg","datePublished":"2020-06-15T00:15:00+00:00","dateModified":"2020-07-09T00:24:17+00:00","breadcrumb":{"@id":"https:\/\/marekkuchcinski.pl\/wydarzenia\/kuchcinski-o-porozumieniach-ustrzycko-rzeszowskich-wielkie-zwyciestwo-ktore-obudzilo-poczucie-godnosci-i-wiare-we-wlasne-sily\/#breadcrumb"},"inLanguage":"ro-RO","potentialAction":[{"@type":"ReadAction","target":["https:\/\/marekkuchcinski.pl\/wydarzenia\/kuchcinski-o-porozumieniach-ustrzycko-rzeszowskich-wielkie-zwyciestwo-ktore-obudzilo-poczucie-godnosci-i-wiare-we-wlasne-sily\/"]}]},{"@type":"ImageObject","inLanguage":"ro-RO","@id":"https:\/\/marekkuchcinski.pl\/wydarzenia\/kuchcinski-o-porozumieniach-ustrzycko-rzeszowskich-wielkie-zwyciestwo-ktore-obudzilo-poczucie-godnosci-i-wiare-we-wlasne-sily\/#primaryimage","url":"https:\/\/marekkuchcinski.pl\/wp-content\/uploads\/2020\/07\/3a.jpg","contentUrl":"https:\/\/marekkuchcinski.pl\/wp-content\/uploads\/2020\/07\/3a.jpg","width":722,"height":545},{"@type":"BreadcrumbList","@id":"https:\/\/marekkuchcinski.pl\/wydarzenia\/kuchcinski-o-porozumieniach-ustrzycko-rzeszowskich-wielkie-zwyciestwo-ktore-obudzilo-poczucie-godnosci-i-wiare-we-wlasne-sily\/#breadcrumb","itemListElement":[{"@type":"ListItem","position":1,"name":"Strona g\u0142\u00f3wna","item":"https:\/\/marekkuchcinski.pl\/"},{"@type":"ListItem","position":2,"name":"Kuchci\u0144ski o Porozumieniach Ustrzycko-Rzeszowskich: Wielkie zwyci\u0119stwo, kt\u00f3re obudzi\u0142o poczucie godno\u015bci i wiar\u0119 we w\u0142asne si\u0142y"}]},{"@type":"WebSite","@id":"https:\/\/marekkuchcinski.pl\/#website","url":"https:\/\/marekkuchcinski.pl\/","name":"Marek Kuchci\u0144ski","description":"Pose\u0142 na sejm RP &ndash; okr\u0119g nr 22","publisher":{"@id":"https:\/\/marekkuchcinski.pl\/#organization"},"potentialAction":[{"@type":"SearchAction","target":{"@type":"EntryPoint","urlTemplate":"https:\/\/marekkuchcinski.pl\/?s={search_term_string}"},"query-input":{"@type":"PropertyValueSpecification","valueRequired":true,"valueName":"search_term_string"}}],"inLanguage":"ro-RO"},{"@type":"Organization","@id":"https:\/\/marekkuchcinski.pl\/#organization","name":"Marek Kuchci\u0144ski","url":"https:\/\/marekkuchcinski.pl\/","logo":{"@type":"ImageObject","inLanguage":"ro-RO","@id":"https:\/\/marekkuchcinski.pl\/#\/schema\/logo\/image\/","url":"https:\/\/marekkuchcinski.pl\/wp-content\/uploads\/2022\/09\/Marek.jpg","contentUrl":"https:\/\/marekkuchcinski.pl\/wp-content\/uploads\/2022\/09\/Marek.jpg","width":1600,"height":971,"caption":"Marek Kuchci\u0144ski"},"image":{"@id":"https:\/\/marekkuchcinski.pl\/#\/schema\/logo\/image\/"}},{"@type":"Person","@id":"https:\/\/marekkuchcinski.pl\/#\/schema\/person\/b8a29fe7813098f7be78801d029910a7","name":"Tomasz \u0141acina","image":{"@type":"ImageObject","inLanguage":"ro-RO","@id":"https:\/\/marekkuchcinski.pl\/#\/schema\/person\/image\/","url":"https:\/\/secure.gravatar.com\/avatar\/22e75f6c51aff77a676ed77dd222f852?s=96&d=mm&r=g","contentUrl":"https:\/\/secure.gravatar.com\/avatar\/22e75f6c51aff77a676ed77dd222f852?s=96&d=mm&r=g","caption":"Tomasz \u0141acina"},"url":"https:\/\/marekkuchcinski.pl\/ro\/author\/tomek-lacina\/"}]}},"_links":{"self":[{"href":"https:\/\/marekkuchcinski.pl\/ro\/wp-json\/wp\/v2\/posts\/19286","targetHints":{"allow":["GET"]}}],"collection":[{"href":"https:\/\/marekkuchcinski.pl\/ro\/wp-json\/wp\/v2\/posts"}],"about":[{"href":"https:\/\/marekkuchcinski.pl\/ro\/wp-json\/wp\/v2\/types\/post"}],"author":[{"embeddable":true,"href":"https:\/\/marekkuchcinski.pl\/ro\/wp-json\/wp\/v2\/users\/17"}],"replies":[{"embeddable":true,"href":"https:\/\/marekkuchcinski.pl\/ro\/wp-json\/wp\/v2\/comments?post=19286"}],"version-history":[{"count":1,"href":"https:\/\/marekkuchcinski.pl\/ro\/wp-json\/wp\/v2\/posts\/19286\/revisions"}],"predecessor-version":[{"id":19296,"href":"https:\/\/marekkuchcinski.pl\/ro\/wp-json\/wp\/v2\/posts\/19286\/revisions\/19296"}],"wp:featuredmedia":[{"embeddable":true,"href":"https:\/\/marekkuchcinski.pl\/ro\/wp-json\/wp\/v2\/media\/19297"}],"wp:attachment":[{"href":"https:\/\/marekkuchcinski.pl\/ro\/wp-json\/wp\/v2\/media?parent=19286"}],"wp:term":[{"taxonomy":"category","embeddable":true,"href":"https:\/\/marekkuchcinski.pl\/ro\/wp-json\/wp\/v2\/categories?post=19286"},{"taxonomy":"post_tag","embeddable":true,"href":"https:\/\/marekkuchcinski.pl\/ro\/wp-json\/wp\/v2\/tags?post=19286"}],"curies":[{"name":"wp","href":"https:\/\/api.w.org\/{rel}","templated":true}]}}