{"id":19235,"date":"2020-05-21T22:20:00","date_gmt":"2020-05-21T20:20:00","guid":{"rendered":"https:\/\/marek2.rkartist.pl\/?p=19235"},"modified":"2020-07-07T22:26:49","modified_gmt":"2020-07-07T20:26:49","slug":"podkarpacie-zaskoczylo-archeologow","status":"publish","type":"post","link":"https:\/\/marekkuchcinski.pl\/ro\/wydarzenia\/podkarpacie-zaskoczylo-archeologow\/","title":{"rendered":"Podkarpacie i-a surprins pe arheologi"},"content":{"rendered":"<p>\u00cen ultimele zile, \u00een regiunea Podkarpacie au fost f\u0103cute dou\u0103 descoperiri arheologice remarcabile: prima \u00een Kalwaria Pac\u0142awska, \u00een timpul lucr\u0103rilor de construc\u021bie la complexul m\u0103n\u0103stiresc, iar cea de-a doua \u00een leg\u0103tur\u0103 cu extinderea drumului voievodal de la Przemy\u015bl p\u00e2n\u0103 la grani\u021ba \u021b\u0103rii.\u00a0<\/p>\n\n\n\n<p>Calvarul din Pac\u0142awsko este un loc frumos. \u0218i pe c\u00e2t de pitoresc, pe at\u00e2t de misterios. Acesta ascunde bijuterii arheologice ascunse sub suprafa\u021ba p\u0103m\u00e2ntului, care au fost g\u0103site pe teritoriul M\u0103n\u0103stirii Descoperirea Crucii a Ordinului Fra\u021bilor Minori Conventuali (franciscani). Acestea sunt relicvele unor ziduri de piatr\u0103 (cu fragmente de c\u0103r\u0103mid\u0103 \u0219i piatr\u0103), cel mai probabil funda\u021biile funda\u021biei construite la ini\u021biativa lui Andrzej Maksymilian Fredro \u00een secolul al XVII-lea ca funda\u021bie pentru m\u0103n\u0103stire.<\/p>\n\n\n\n<figure class=\"wp-block-image size-large\"><img fetchpriority=\"high\" decoding=\"async\" width=\"1024\" height=\"683\" src=\"https:\/\/marekkuchcinski.pl\/wp-content\/uploads\/2020\/07\/DSC_0458-scaled-1-1024x683.jpg\" alt=\"\" class=\"wp-image-19236\" srcset=\"https:\/\/marekkuchcinski.pl\/wp-content\/uploads\/2020\/07\/DSC_0458-scaled-1-1024x683.jpg 1024w, https:\/\/marekkuchcinski.pl\/wp-content\/uploads\/2020\/07\/DSC_0458-scaled-1-300x200.jpg 300w, https:\/\/marekkuchcinski.pl\/wp-content\/uploads\/2020\/07\/DSC_0458-scaled-1-768x512.jpg 768w, https:\/\/marekkuchcinski.pl\/wp-content\/uploads\/2020\/07\/DSC_0458-scaled-1-1536x1024.jpg 1536w, https:\/\/marekkuchcinski.pl\/wp-content\/uploads\/2020\/07\/DSC_0458-scaled-1-scaled.jpg 2048w\" sizes=\"(max-width: 1024px) 100vw, 1024px\" \/><\/figure>\n\n\n\n<figure class=\"wp-block-image size-large\"><img decoding=\"async\" width=\"1024\" height=\"766\" src=\"https:\/\/marekkuchcinski.pl\/wp-content\/uploads\/2020\/07\/DSC_0472-scaled-1-1024x766.jpg\" alt=\"\" class=\"wp-image-19237\" srcset=\"https:\/\/marekkuchcinski.pl\/wp-content\/uploads\/2020\/07\/DSC_0472-scaled-1-1024x766.jpg 1024w, https:\/\/marekkuchcinski.pl\/wp-content\/uploads\/2020\/07\/DSC_0472-scaled-1-300x224.jpg 300w, https:\/\/marekkuchcinski.pl\/wp-content\/uploads\/2020\/07\/DSC_0472-scaled-1-768x575.jpg 768w, https:\/\/marekkuchcinski.pl\/wp-content\/uploads\/2020\/07\/DSC_0472-scaled-1-1536x1149.jpg 1536w, https:\/\/marekkuchcinski.pl\/wp-content\/uploads\/2020\/07\/DSC_0472-scaled-1-scaled.jpg 2048w\" sizes=\"(max-width: 1024px) 100vw, 1024px\" \/><\/figure>\n\n\n\n<p>Se inten\u021bioneaz\u0103 s\u0103 se descopere \u00eentreaga descoperire \u00een timpul unor investiga\u021bii arheologice ulterioare. Loca\u021bia primei funda\u021bii monahale nu era cunoscut\u0103 \u00een detaliu. Prin urmare, s\u0103p\u0103turile au confirmat ipotezele anterioare ale franciscanilor. Un fapt interesant este c\u0103 o moned\u0103 comun\u0103 a lui Ioan Casimir (a\u0219a-numita boratin\u0103) a fost g\u0103sit\u0103 \u00een funda\u021bie, \u00eentre pietre.<\/p>\n\n\n\n<figure class=\"wp-block-embed-twitter wp-block-embed is-type-rich is-provider-twitter\"><div class=\"wp-block-embed__wrapper\">\n<blockquote class=\"twitter-tweet\" data-width=\"550\" data-dnt=\"true\"><p lang=\"pl\" dir=\"ltr\">Noi altare \u0219i priveli\u0219ti frumoase din Kalwaria Poloniny. Duminic\u0103, am vizitat \u00eemprejurimile Kalwaria Pac\u0142awska \u00eempreun\u0103 cu profesorul Jerzy Pi\u00f3recki \u0219i p\u0103rintele Krzysztof Hura, custodele \u0219i paznicul m\u0103n\u0103stirii, care a fost fondat\u0103 \u00een secolul al XVII-lea de mare\u0219alul Andrzej Maksymilian Fredro. <a href=\"https:\/\/t.co\/PDl60yXgfO\">pic.twitter.com\/PDl60yXgfO<\/a><\/p>- Marek Kuchci\u0144ski \ud83c\uddf5\ud83c\uddf1 (@MarekKuchcinski) <a href=\"https:\/\/twitter.com\/MarekKuchcinski\/status\/1143033327345123328?ref_src=twsrc%5Etfw\">24 iunie 2019<\/a><\/blockquote><script async src=\"https:\/\/platform.twitter.com\/widgets.js\" charset=\"utf-8\"><\/script>\n<\/div><\/figure>\n\n\n\n<figure class=\"wp-block-image size-large\"><img decoding=\"async\" width=\"547\" height=\"566\" src=\"https:\/\/marekkuchcinski.pl\/wp-content\/uploads\/2020\/07\/DSC_0015-002.jpg\" alt=\"\" class=\"wp-image-19239\" srcset=\"https:\/\/marekkuchcinski.pl\/wp-content\/uploads\/2020\/07\/DSC_0015-002.jpg 547w, https:\/\/marekkuchcinski.pl\/wp-content\/uploads\/2020\/07\/DSC_0015-002-290x300.jpg 290w\" sizes=\"(max-width: 547px) 100vw, 547px\" \/><\/figure>\n\n\n\n<p>Pe de alt\u0103 parte, la Malhowice a fost descoperit\u0103 o a\u0219ezare care dateaz\u0103 probabil din perioada roman\u0103 t\u00e2rzie. Investi\u021bia planificat\u0103 sub denumirea: \"Extinderea drumului voievodal nr. 885 Przemy\u015bl - Hermanowice - frontiera de stat\" este par\u021bial situat\u0103 \u00een zona sitului arheologic nr. 9, care este listat \u00een documente ca o a\u0219ezare din perioada neolitic\u0103, epoca bronzului \u0219i \u00eenceputul epocii fierului \u0219i perioada de influen\u021b\u0103 roman\u0103 t\u00e2rzie.<\/p>\n\n\n\n<figure class=\"wp-block-embed-twitter wp-block-embed is-type-rich is-provider-twitter\"><div class=\"wp-block-embed__wrapper\">\n<blockquote class=\"twitter-tweet\" data-width=\"550\" data-dnt=\"true\"><p lang=\"pl\" dir=\"ltr\">Reconstituim traseul Carpa\u021bilor de acum dou\u0103 mii de ani. \u00cen Malhowice, l\u00e2ng\u0103 Przemy\u015bl, pe drumul spre grani\u021b\u0103, a fost descoperit\u0103 o a\u0219ezare din epoca roman\u0103. <a href=\"https:\/\/t.co\/9cDrtYFK0H\">pic.twitter.com\/9cDrtYFK0H<\/a><\/p>- Marek Kuchci\u0144ski \ud83c\uddf5\ud83c\uddf1 (@MarekKuchcinski) <a href=\"https:\/\/twitter.com\/MarekKuchcinski\/status\/1263032772404424705?ref_src=twsrc%5Etfw\">20 mai 2020<\/a><\/blockquote><script async src=\"https:\/\/platform.twitter.com\/widgets.js\" charset=\"utf-8\"><\/script>\n<\/div><\/figure>\n\n\n\n<figure class=\"wp-block-image size-large\"><img loading=\"lazy\" decoding=\"async\" width=\"922\" height=\"1024\" src=\"https:\/\/marekkuchcinski.pl\/wp-content\/uploads\/2020\/07\/Fotoram.io1_-922x1024.jpg\" alt=\"\" class=\"wp-image-19240\" srcset=\"https:\/\/marekkuchcinski.pl\/wp-content\/uploads\/2020\/07\/Fotoram.io1_-922x1024.jpg 922w, https:\/\/marekkuchcinski.pl\/wp-content\/uploads\/2020\/07\/Fotoram.io1_-270x300.jpg 270w, https:\/\/marekkuchcinski.pl\/wp-content\/uploads\/2020\/07\/Fotoram.io1_-768x853.jpg 768w, https:\/\/marekkuchcinski.pl\/wp-content\/uploads\/2020\/07\/Fotoram.io1_.jpg 1080w\" sizes=\"(max-width: 922px) 100vw, 922px\" \/><\/figure>\n\n\n\n<p>Andrzej Maksymilian Fredro de Pleszowice, blazonul Bo\u0144cza, pseudonimul lui B\u0142a\u017cej Lipowski n\u0103scut c.1620 \u00een regiunea Przemy\u015bl, decedat la 25 aprilie 1679 \u00een Przemy\u015bl - castelan de Lw\u00f3w din 1654, staroste de Krosno, voievod de Podolia din 1676, senator, deputat, mare\u0219al al Sejm-ului ordinar din Var\u0219ovia \u00een 1652, secretar regal \u00een 1650, curtean regal \u00een 1652.<\/p>","protected":false},"excerpt":{"rendered":"<p>W ostatnich dniach na Podkarpaciu dokonano dw\u00f3ch nietuzinkowych odkry\u0107 archeologicznych: pierwszego w Kalwarii Pac\u0142awskiej podczas prac budowlanych w obr\u0119bie zespo\u0142u klasztornego, drugiego \u2013 w zwi\u0105zku z rozbudow\u0105 drogi wojew\u00f3dzkiej\u00a0z Przemy\u015bla do granicy kraju.\u00a0 Kalwaria Pac\u0142awska to pi\u0119kna kraina. I r\u00f3wnie malownicza, co tajemnicza. Pod powierzchni\u0105 ziemi skrywa archeologiczne pere\u0142ki, na kt\u00f3re natrafiono na terenie Klasztoru [&hellip;]<\/p>","protected":false},"author":17,"featured_media":19236,"comment_status":"open","ping_status":"open","sticky":false,"template":"","format":"standard","meta":{"ngg_post_thumbnail":0,"footnotes":""},"categories":[49,3],"tags":[],"class_list":["post-19235","post","type-post","status-publish","format-standard","has-post-thumbnail","hentry","category-podkarpacie","category-wydarzenia"],"yoast_head":"<!-- This site is optimized with the Yoast SEO plugin v24.7 - https:\/\/yoast.com\/wordpress\/plugins\/seo\/ -->\n<title>Podkarpacie zaskoczy\u0142o archeolog\u00f3w &#8211; Marek Kuchci\u0144ski<\/title>\n<meta name=\"robots\" content=\"index, follow, max-snippet:-1, max-image-preview:large, max-video-preview:-1\" \/>\n<link rel=\"canonical\" href=\"https:\/\/marekkuchcinski.pl\/ro\/wydarzenia\/podkarpacie-zaskoczylo-archeologow\/\" \/>\n<meta property=\"og:locale\" content=\"ro_RO\" \/>\n<meta property=\"og:type\" content=\"article\" \/>\n<meta property=\"og:title\" content=\"Podkarpacie zaskoczy\u0142o archeolog\u00f3w &#8211; Marek Kuchci\u0144ski\" \/>\n<meta property=\"og:description\" content=\"W ostatnich dniach na Podkarpaciu dokonano dw\u00f3ch nietuzinkowych odkry\u0107 archeologicznych: pierwszego w Kalwarii Pac\u0142awskiej podczas prac budowlanych w obr\u0119bie zespo\u0142u klasztornego, drugiego \u2013 w zwi\u0105zku z rozbudow\u0105 drogi wojew\u00f3dzkiej\u00a0z Przemy\u015bla do granicy kraju.\u00a0 Kalwaria Pac\u0142awska to pi\u0119kna kraina. I r\u00f3wnie malownicza, co tajemnicza. Pod powierzchni\u0105 ziemi skrywa archeologiczne pere\u0142ki, na kt\u00f3re natrafiono na terenie Klasztoru [&hellip;]\" \/>\n<meta property=\"og:url\" content=\"https:\/\/marekkuchcinski.pl\/ro\/wydarzenia\/podkarpacie-zaskoczylo-archeologow\/\" \/>\n<meta property=\"og:site_name\" content=\"Marek Kuchci\u0144ski\" \/>\n<meta property=\"article:published_time\" content=\"2020-05-21T20:20:00+00:00\" \/>\n<meta property=\"article:modified_time\" content=\"2020-07-07T20:26:49+00:00\" \/>\n<meta property=\"og:image\" content=\"https:\/\/marekkuchcinski.pl\/wp-content\/uploads\/2020\/07\/DSC_0458-scaled-1-scaled.jpg\" \/>\n\t<meta property=\"og:image:width\" content=\"2048\" \/>\n\t<meta property=\"og:image:height\" content=\"1366\" \/>\n\t<meta property=\"og:image:type\" content=\"image\/jpeg\" \/>\n<meta name=\"author\" content=\"Tomasz \u0141acina\" \/>\n<meta name=\"twitter:card\" content=\"summary_large_image\" \/>\n<meta name=\"twitter:label1\" content=\"Scris de\" \/>\n\t<meta name=\"twitter:data1\" content=\"Tomasz \u0141acina\" \/>\n\t<meta name=\"twitter:label2\" content=\"Timp estimat pentru citire\" \/>\n\t<meta name=\"twitter:data2\" content=\"1 minute\" \/>\n<script type=\"application\/ld+json\" class=\"yoast-schema-graph\">{\"@context\":\"https:\/\/schema.org\",\"@graph\":[{\"@type\":\"Article\",\"@id\":\"https:\/\/marekkuchcinski.pl\/wydarzenia\/podkarpacie-zaskoczylo-archeologow\/#article\",\"isPartOf\":{\"@id\":\"https:\/\/marekkuchcinski.pl\/wydarzenia\/podkarpacie-zaskoczylo-archeologow\/\"},\"author\":{\"name\":\"Tomasz \u0141acina\",\"@id\":\"https:\/\/marekkuchcinski.pl\/#\/schema\/person\/b8a29fe7813098f7be78801d029910a7\"},\"headline\":\"Podkarpacie zaskoczy\u0142o archeolog\u00f3w\",\"datePublished\":\"2020-05-21T20:20:00+00:00\",\"dateModified\":\"2020-07-07T20:26:49+00:00\",\"mainEntityOfPage\":{\"@id\":\"https:\/\/marekkuchcinski.pl\/wydarzenia\/podkarpacie-zaskoczylo-archeologow\/\"},\"wordCount\":293,\"commentCount\":0,\"publisher\":{\"@id\":\"https:\/\/marekkuchcinski.pl\/#organization\"},\"image\":{\"@id\":\"https:\/\/marekkuchcinski.pl\/wydarzenia\/podkarpacie-zaskoczylo-archeologow\/#primaryimage\"},\"thumbnailUrl\":\"https:\/\/marekkuchcinski.pl\/wp-content\/uploads\/2020\/07\/DSC_0458-scaled-1-scaled.jpg\",\"articleSection\":[\"Podkarpacie\",\"Wydarzenia\"],\"inLanguage\":\"ro-RO\",\"potentialAction\":[{\"@type\":\"CommentAction\",\"name\":\"Comment\",\"target\":[\"https:\/\/marekkuchcinski.pl\/wydarzenia\/podkarpacie-zaskoczylo-archeologow\/#respond\"]}]},{\"@type\":\"WebPage\",\"@id\":\"https:\/\/marekkuchcinski.pl\/wydarzenia\/podkarpacie-zaskoczylo-archeologow\/\",\"url\":\"https:\/\/marekkuchcinski.pl\/wydarzenia\/podkarpacie-zaskoczylo-archeologow\/\",\"name\":\"Podkarpacie zaskoczy\u0142o archeolog\u00f3w &#8211; Marek Kuchci\u0144ski\",\"isPartOf\":{\"@id\":\"https:\/\/marekkuchcinski.pl\/#website\"},\"primaryImageOfPage\":{\"@id\":\"https:\/\/marekkuchcinski.pl\/wydarzenia\/podkarpacie-zaskoczylo-archeologow\/#primaryimage\"},\"image\":{\"@id\":\"https:\/\/marekkuchcinski.pl\/wydarzenia\/podkarpacie-zaskoczylo-archeologow\/#primaryimage\"},\"thumbnailUrl\":\"https:\/\/marekkuchcinski.pl\/wp-content\/uploads\/2020\/07\/DSC_0458-scaled-1-scaled.jpg\",\"datePublished\":\"2020-05-21T20:20:00+00:00\",\"dateModified\":\"2020-07-07T20:26:49+00:00\",\"breadcrumb\":{\"@id\":\"https:\/\/marekkuchcinski.pl\/wydarzenia\/podkarpacie-zaskoczylo-archeologow\/#breadcrumb\"},\"inLanguage\":\"ro-RO\",\"potentialAction\":[{\"@type\":\"ReadAction\",\"target\":[\"https:\/\/marekkuchcinski.pl\/wydarzenia\/podkarpacie-zaskoczylo-archeologow\/\"]}]},{\"@type\":\"ImageObject\",\"inLanguage\":\"ro-RO\",\"@id\":\"https:\/\/marekkuchcinski.pl\/wydarzenia\/podkarpacie-zaskoczylo-archeologow\/#primaryimage\",\"url\":\"https:\/\/marekkuchcinski.pl\/wp-content\/uploads\/2020\/07\/DSC_0458-scaled-1-scaled.jpg\",\"contentUrl\":\"https:\/\/marekkuchcinski.pl\/wp-content\/uploads\/2020\/07\/DSC_0458-scaled-1-scaled.jpg\",\"width\":2048,\"height\":1366},{\"@type\":\"BreadcrumbList\",\"@id\":\"https:\/\/marekkuchcinski.pl\/wydarzenia\/podkarpacie-zaskoczylo-archeologow\/#breadcrumb\",\"itemListElement\":[{\"@type\":\"ListItem\",\"position\":1,\"name\":\"Strona g\u0142\u00f3wna\",\"item\":\"https:\/\/marekkuchcinski.pl\/\"},{\"@type\":\"ListItem\",\"position\":2,\"name\":\"Podkarpacie zaskoczy\u0142o archeolog\u00f3w\"}]},{\"@type\":\"WebSite\",\"@id\":\"https:\/\/marekkuchcinski.pl\/#website\",\"url\":\"https:\/\/marekkuchcinski.pl\/\",\"name\":\"Marek Kuchci\u0144ski\",\"description\":\"Pose\u0142 na sejm RP &ndash; okr\u0119g nr 22\",\"publisher\":{\"@id\":\"https:\/\/marekkuchcinski.pl\/#organization\"},\"potentialAction\":[{\"@type\":\"SearchAction\",\"target\":{\"@type\":\"EntryPoint\",\"urlTemplate\":\"https:\/\/marekkuchcinski.pl\/?s={search_term_string}\"},\"query-input\":{\"@type\":\"PropertyValueSpecification\",\"valueRequired\":true,\"valueName\":\"search_term_string\"}}],\"inLanguage\":\"ro-RO\"},{\"@type\":\"Organization\",\"@id\":\"https:\/\/marekkuchcinski.pl\/#organization\",\"name\":\"Marek Kuchci\u0144ski\",\"url\":\"https:\/\/marekkuchcinski.pl\/\",\"logo\":{\"@type\":\"ImageObject\",\"inLanguage\":\"ro-RO\",\"@id\":\"https:\/\/marekkuchcinski.pl\/#\/schema\/logo\/image\/\",\"url\":\"https:\/\/marekkuchcinski.pl\/wp-content\/uploads\/2022\/09\/Marek.jpg\",\"contentUrl\":\"https:\/\/marekkuchcinski.pl\/wp-content\/uploads\/2022\/09\/Marek.jpg\",\"width\":1600,\"height\":971,\"caption\":\"Marek Kuchci\u0144ski\"},\"image\":{\"@id\":\"https:\/\/marekkuchcinski.pl\/#\/schema\/logo\/image\/\"}},{\"@type\":\"Person\",\"@id\":\"https:\/\/marekkuchcinski.pl\/#\/schema\/person\/b8a29fe7813098f7be78801d029910a7\",\"name\":\"Tomasz \u0141acina\",\"image\":{\"@type\":\"ImageObject\",\"inLanguage\":\"ro-RO\",\"@id\":\"https:\/\/marekkuchcinski.pl\/#\/schema\/person\/image\/\",\"url\":\"https:\/\/secure.gravatar.com\/avatar\/22e75f6c51aff77a676ed77dd222f852?s=96&d=mm&r=g\",\"contentUrl\":\"https:\/\/secure.gravatar.com\/avatar\/22e75f6c51aff77a676ed77dd222f852?s=96&d=mm&r=g\",\"caption\":\"Tomasz \u0141acina\"},\"url\":\"https:\/\/marekkuchcinski.pl\/ro\/author\/tomek-lacina\/\"}]}<\/script>\n<!-- \/ Yoast SEO plugin. -->","yoast_head_json":{"title":"Podkarpacie zaskoczy\u0142o archeolog\u00f3w &#8211; Marek Kuchci\u0144ski","robots":{"index":"index","follow":"follow","max-snippet":"max-snippet:-1","max-image-preview":"max-image-preview:large","max-video-preview":"max-video-preview:-1"},"canonical":"https:\/\/marekkuchcinski.pl\/ro\/wydarzenia\/podkarpacie-zaskoczylo-archeologow\/","og_locale":"ro_RO","og_type":"article","og_title":"Podkarpacie zaskoczy\u0142o archeolog\u00f3w &#8211; Marek Kuchci\u0144ski","og_description":"W ostatnich dniach na Podkarpaciu dokonano dw\u00f3ch nietuzinkowych odkry\u0107 archeologicznych: pierwszego w Kalwarii Pac\u0142awskiej podczas prac budowlanych w obr\u0119bie zespo\u0142u klasztornego, drugiego \u2013 w zwi\u0105zku z rozbudow\u0105 drogi wojew\u00f3dzkiej\u00a0z Przemy\u015bla do granicy kraju.\u00a0 Kalwaria Pac\u0142awska to pi\u0119kna kraina. I r\u00f3wnie malownicza, co tajemnicza. Pod powierzchni\u0105 ziemi skrywa archeologiczne pere\u0142ki, na kt\u00f3re natrafiono na terenie Klasztoru [&hellip;]","og_url":"https:\/\/marekkuchcinski.pl\/ro\/wydarzenia\/podkarpacie-zaskoczylo-archeologow\/","og_site_name":"Marek Kuchci\u0144ski","article_published_time":"2020-05-21T20:20:00+00:00","article_modified_time":"2020-07-07T20:26:49+00:00","og_image":[{"width":2048,"height":1366,"url":"https:\/\/marekkuchcinski.pl\/wp-content\/uploads\/2020\/07\/DSC_0458-scaled-1-scaled.jpg","type":"image\/jpeg"}],"author":"Tomasz \u0141acina","twitter_card":"summary_large_image","twitter_misc":{"Scris de":"Tomasz \u0141acina","Timp estimat pentru citire":"1 minute"},"schema":{"@context":"https:\/\/schema.org","@graph":[{"@type":"Article","@id":"https:\/\/marekkuchcinski.pl\/wydarzenia\/podkarpacie-zaskoczylo-archeologow\/#article","isPartOf":{"@id":"https:\/\/marekkuchcinski.pl\/wydarzenia\/podkarpacie-zaskoczylo-archeologow\/"},"author":{"name":"Tomasz \u0141acina","@id":"https:\/\/marekkuchcinski.pl\/#\/schema\/person\/b8a29fe7813098f7be78801d029910a7"},"headline":"Podkarpacie zaskoczy\u0142o archeolog\u00f3w","datePublished":"2020-05-21T20:20:00+00:00","dateModified":"2020-07-07T20:26:49+00:00","mainEntityOfPage":{"@id":"https:\/\/marekkuchcinski.pl\/wydarzenia\/podkarpacie-zaskoczylo-archeologow\/"},"wordCount":293,"commentCount":0,"publisher":{"@id":"https:\/\/marekkuchcinski.pl\/#organization"},"image":{"@id":"https:\/\/marekkuchcinski.pl\/wydarzenia\/podkarpacie-zaskoczylo-archeologow\/#primaryimage"},"thumbnailUrl":"https:\/\/marekkuchcinski.pl\/wp-content\/uploads\/2020\/07\/DSC_0458-scaled-1-scaled.jpg","articleSection":["Podkarpacie","Wydarzenia"],"inLanguage":"ro-RO","potentialAction":[{"@type":"CommentAction","name":"Comment","target":["https:\/\/marekkuchcinski.pl\/wydarzenia\/podkarpacie-zaskoczylo-archeologow\/#respond"]}]},{"@type":"WebPage","@id":"https:\/\/marekkuchcinski.pl\/wydarzenia\/podkarpacie-zaskoczylo-archeologow\/","url":"https:\/\/marekkuchcinski.pl\/wydarzenia\/podkarpacie-zaskoczylo-archeologow\/","name":"Podkarpacie zaskoczy\u0142o archeolog\u00f3w &#8211; Marek Kuchci\u0144ski","isPartOf":{"@id":"https:\/\/marekkuchcinski.pl\/#website"},"primaryImageOfPage":{"@id":"https:\/\/marekkuchcinski.pl\/wydarzenia\/podkarpacie-zaskoczylo-archeologow\/#primaryimage"},"image":{"@id":"https:\/\/marekkuchcinski.pl\/wydarzenia\/podkarpacie-zaskoczylo-archeologow\/#primaryimage"},"thumbnailUrl":"https:\/\/marekkuchcinski.pl\/wp-content\/uploads\/2020\/07\/DSC_0458-scaled-1-scaled.jpg","datePublished":"2020-05-21T20:20:00+00:00","dateModified":"2020-07-07T20:26:49+00:00","breadcrumb":{"@id":"https:\/\/marekkuchcinski.pl\/wydarzenia\/podkarpacie-zaskoczylo-archeologow\/#breadcrumb"},"inLanguage":"ro-RO","potentialAction":[{"@type":"ReadAction","target":["https:\/\/marekkuchcinski.pl\/wydarzenia\/podkarpacie-zaskoczylo-archeologow\/"]}]},{"@type":"ImageObject","inLanguage":"ro-RO","@id":"https:\/\/marekkuchcinski.pl\/wydarzenia\/podkarpacie-zaskoczylo-archeologow\/#primaryimage","url":"https:\/\/marekkuchcinski.pl\/wp-content\/uploads\/2020\/07\/DSC_0458-scaled-1-scaled.jpg","contentUrl":"https:\/\/marekkuchcinski.pl\/wp-content\/uploads\/2020\/07\/DSC_0458-scaled-1-scaled.jpg","width":2048,"height":1366},{"@type":"BreadcrumbList","@id":"https:\/\/marekkuchcinski.pl\/wydarzenia\/podkarpacie-zaskoczylo-archeologow\/#breadcrumb","itemListElement":[{"@type":"ListItem","position":1,"name":"Strona g\u0142\u00f3wna","item":"https:\/\/marekkuchcinski.pl\/"},{"@type":"ListItem","position":2,"name":"Podkarpacie zaskoczy\u0142o archeolog\u00f3w"}]},{"@type":"WebSite","@id":"https:\/\/marekkuchcinski.pl\/#website","url":"https:\/\/marekkuchcinski.pl\/","name":"Marek Kuchci\u0144ski","description":"Pose\u0142 na sejm RP &ndash; okr\u0119g nr 22","publisher":{"@id":"https:\/\/marekkuchcinski.pl\/#organization"},"potentialAction":[{"@type":"SearchAction","target":{"@type":"EntryPoint","urlTemplate":"https:\/\/marekkuchcinski.pl\/?s={search_term_string}"},"query-input":{"@type":"PropertyValueSpecification","valueRequired":true,"valueName":"search_term_string"}}],"inLanguage":"ro-RO"},{"@type":"Organization","@id":"https:\/\/marekkuchcinski.pl\/#organization","name":"Marek Kuchci\u0144ski","url":"https:\/\/marekkuchcinski.pl\/","logo":{"@type":"ImageObject","inLanguage":"ro-RO","@id":"https:\/\/marekkuchcinski.pl\/#\/schema\/logo\/image\/","url":"https:\/\/marekkuchcinski.pl\/wp-content\/uploads\/2022\/09\/Marek.jpg","contentUrl":"https:\/\/marekkuchcinski.pl\/wp-content\/uploads\/2022\/09\/Marek.jpg","width":1600,"height":971,"caption":"Marek Kuchci\u0144ski"},"image":{"@id":"https:\/\/marekkuchcinski.pl\/#\/schema\/logo\/image\/"}},{"@type":"Person","@id":"https:\/\/marekkuchcinski.pl\/#\/schema\/person\/b8a29fe7813098f7be78801d029910a7","name":"Tomasz \u0141acina","image":{"@type":"ImageObject","inLanguage":"ro-RO","@id":"https:\/\/marekkuchcinski.pl\/#\/schema\/person\/image\/","url":"https:\/\/secure.gravatar.com\/avatar\/22e75f6c51aff77a676ed77dd222f852?s=96&d=mm&r=g","contentUrl":"https:\/\/secure.gravatar.com\/avatar\/22e75f6c51aff77a676ed77dd222f852?s=96&d=mm&r=g","caption":"Tomasz \u0141acina"},"url":"https:\/\/marekkuchcinski.pl\/ro\/author\/tomek-lacina\/"}]}},"_links":{"self":[{"href":"https:\/\/marekkuchcinski.pl\/ro\/wp-json\/wp\/v2\/posts\/19235","targetHints":{"allow":["GET"]}}],"collection":[{"href":"https:\/\/marekkuchcinski.pl\/ro\/wp-json\/wp\/v2\/posts"}],"about":[{"href":"https:\/\/marekkuchcinski.pl\/ro\/wp-json\/wp\/v2\/types\/post"}],"author":[{"embeddable":true,"href":"https:\/\/marekkuchcinski.pl\/ro\/wp-json\/wp\/v2\/users\/17"}],"replies":[{"embeddable":true,"href":"https:\/\/marekkuchcinski.pl\/ro\/wp-json\/wp\/v2\/comments?post=19235"}],"version-history":[{"count":1,"href":"https:\/\/marekkuchcinski.pl\/ro\/wp-json\/wp\/v2\/posts\/19235\/revisions"}],"predecessor-version":[{"id":19241,"href":"https:\/\/marekkuchcinski.pl\/ro\/wp-json\/wp\/v2\/posts\/19235\/revisions\/19241"}],"wp:featuredmedia":[{"embeddable":true,"href":"https:\/\/marekkuchcinski.pl\/ro\/wp-json\/wp\/v2\/media\/19236"}],"wp:attachment":[{"href":"https:\/\/marekkuchcinski.pl\/ro\/wp-json\/wp\/v2\/media?parent=19235"}],"wp:term":[{"taxonomy":"category","embeddable":true,"href":"https:\/\/marekkuchcinski.pl\/ro\/wp-json\/wp\/v2\/categories?post=19235"},{"taxonomy":"post_tag","embeddable":true,"href":"https:\/\/marekkuchcinski.pl\/ro\/wp-json\/wp\/v2\/tags?post=19235"}],"curies":[{"name":"wp","href":"https:\/\/api.w.org\/{rel}","templated":true}]}}