{"id":19195,"date":"2020-05-03T17:58:00","date_gmt":"2020-05-03T15:58:00","guid":{"rendered":"https:\/\/marek2.rkartist.pl\/?p=19195"},"modified":"2020-07-06T18:01:09","modified_gmt":"2020-07-06T16:01:09","slug":"wyraz-madrosci-zbiorowej-polakow","status":"publish","type":"post","link":"https:\/\/marekkuchcinski.pl\/ro\/wydarzenia\/wyraz-madrosci-zbiorowej-polakow\/","title":{"rendered":"Constitu\u021bia din 3 mai: o expresie a \u00een\u021belepciunii colective a polonezilor"},"content":{"rendered":"<p>Marek Kuchci\u0144ski a depus flori la piatra dedicat\u0103 Constitu\u021biei din 3 mai din Przemy\u015bl. - Aceast\u0103 zi este s\u0103rb\u0103torit\u0103 de un an de la adoptarea ei, Constitu\u021bia ne-a dat o mare putere, unii istorici spun c\u0103 a fost prima redob\u00e2ndire a independen\u021bei - a spus pre\u0219edintele Sejm-ului din legislatura a VIII-a. Marek Kuchci\u0144ski a mai amintit c\u0103 \u00een urm\u0103 cu un an, \u00een Sejm <a href=\"https:\/\/marekkuchcinski.pl\/ro\/wydarzenia\/marek-kuchcinski-odslonil-popiersia-wspoltworcow-konstytucji-3-maja\/\">sunt dezvelite busturile a doi mare\u0219ali ai Marelui Sejm<\/a> (polonez \u0219i lituanian) Stanis\u0142aw Ma\u0142achowski, al c\u0103rui nume este \u00eenscris pe piatra din Przemy\u015bl, \u0219i Kazimierz Nestor Sapieha (Mare\u0219al al Confedera\u021biei Marelui Ducat al Lituaniei), politicieni remarcabili \u0219i co-fondatori ai Constitu\u021biei din 3 mai.<\/p>\n\n\n\n<p>Constitu\u021bia din 3 mai a fost opera Sejmului de patru ani al Comunit\u0103\u021bii polono-lituaniene, s\u0103rb\u0103torit\u0103 ast\u0103zi at\u00e2t de Polonia, c\u00e2t \u0219i de Lituania. A fost, de asemenea, punctul culminant al multor ani de eforturi pentru repararea statului polonez, o expresie a \u00een\u021belepciunii colective a polonezilor care se str\u0103duiau s\u0103-\u0219i repare propriul stat aflat \u00een criz\u0103 \u0219i o dovad\u0103 a posibilit\u0103\u021bii unui compromis \u00eentre maiestatea Republicii \u00een persoana regelui \u0219i na\u021biunea reprezentat\u0103 de deputa\u021bii \u0219i senatorii s\u0103i.<\/p>\n\n\n\n<p>Constitu\u021bia adoptat\u0103 \u00een urm\u0103 cu 229 de ani a fost prima din Europa \u0219i, prin urmare, a avut un mare impact asupra dezvolt\u0103rii constitu\u021bionalismului, precum \u0219i a democra\u021biei la scar\u0103 universal\u0103.  Autorii s\u0103i au avut viziunea unei republici \u0219i a unei na\u021biuni re\u00eennoite, ca o comunitate politic\u0103 ce includea toate statele \u0219i grupurile etnice, lingvistice, regionale \u0219i religioase. Ace\u0219tia trebuiau s\u0103 fie uni\u021bi prin drepturile \u0219i libert\u0103\u021bile Republicii. Legea guvernului prevedea: \"Toat\u0103 puterea unei comunit\u0103\u021bi umane \u00ee\u0219i are originea \u00een voin\u021ba na\u021biunii\". Astfel, na\u021biunea a fost recunoscut\u0103 ca suveran\u0103.<\/p>\n\n\n\n<figure class=\"wp-block-image size-large\"><img fetchpriority=\"high\" decoding=\"async\" width=\"1024\" height=\"749\" src=\"https:\/\/marekkuchcinski.pl\/wp-content\/uploads\/2020\/07\/mk-scaled-1-1024x749.jpg\" alt=\"\" class=\"wp-image-19196\" srcset=\"https:\/\/marekkuchcinski.pl\/wp-content\/uploads\/2020\/07\/mk-scaled-1-1024x749.jpg 1024w, https:\/\/marekkuchcinski.pl\/wp-content\/uploads\/2020\/07\/mk-scaled-1-300x219.jpg 300w, https:\/\/marekkuchcinski.pl\/wp-content\/uploads\/2020\/07\/mk-scaled-1-768x562.jpg 768w, https:\/\/marekkuchcinski.pl\/wp-content\/uploads\/2020\/07\/mk-scaled-1-1536x1123.jpg 1536w, https:\/\/marekkuchcinski.pl\/wp-content\/uploads\/2020\/07\/mk-scaled-1-scaled.jpg 2048w\" sizes=\"(max-width: 1024px) 100vw, 1024px\" \/><\/figure>\n\n\n\n<figure class=\"wp-block-image size-large\"><img decoding=\"async\" width=\"1024\" height=\"681\" src=\"https:\/\/marekkuchcinski.pl\/wp-content\/uploads\/2020\/07\/95700265_230126981753828_236361318838304768_n_edited-scaled-1-1024x681.jpg\" alt=\"\" class=\"wp-image-19197\" srcset=\"https:\/\/marekkuchcinski.pl\/wp-content\/uploads\/2020\/07\/95700265_230126981753828_236361318838304768_n_edited-scaled-1-1024x681.jpg 1024w, https:\/\/marekkuchcinski.pl\/wp-content\/uploads\/2020\/07\/95700265_230126981753828_236361318838304768_n_edited-scaled-1-300x199.jpg 300w, https:\/\/marekkuchcinski.pl\/wp-content\/uploads\/2020\/07\/95700265_230126981753828_236361318838304768_n_edited-scaled-1-768x511.jpg 768w, https:\/\/marekkuchcinski.pl\/wp-content\/uploads\/2020\/07\/95700265_230126981753828_236361318838304768_n_edited-scaled-1-1536x1021.jpg 1536w, https:\/\/marekkuchcinski.pl\/wp-content\/uploads\/2020\/07\/95700265_230126981753828_236361318838304768_n_edited-scaled-1-scaled.jpg 2048w\" sizes=\"(max-width: 1024px) 100vw, 1024px\" \/><\/figure>\n\n\n\n<figure class=\"wp-block-image size-large\"><img decoding=\"async\" width=\"1024\" height=\"814\" src=\"https:\/\/marekkuchcinski.pl\/wp-content\/uploads\/2020\/07\/95929280_332113851100451_8500372957531471872_n-scaled-1-1024x814.jpg\" alt=\"\" class=\"wp-image-19198\" srcset=\"https:\/\/marekkuchcinski.pl\/wp-content\/uploads\/2020\/07\/95929280_332113851100451_8500372957531471872_n-scaled-1-1024x814.jpg 1024w, https:\/\/marekkuchcinski.pl\/wp-content\/uploads\/2020\/07\/95929280_332113851100451_8500372957531471872_n-scaled-1-300x239.jpg 300w, https:\/\/marekkuchcinski.pl\/wp-content\/uploads\/2020\/07\/95929280_332113851100451_8500372957531471872_n-scaled-1-768x611.jpg 768w, https:\/\/marekkuchcinski.pl\/wp-content\/uploads\/2020\/07\/95929280_332113851100451_8500372957531471872_n-scaled-1-1536x1222.jpg 1536w, https:\/\/marekkuchcinski.pl\/wp-content\/uploads\/2020\/07\/95929280_332113851100451_8500372957531471872_n-scaled-1-scaled.jpg 2048w\" sizes=\"(max-width: 1024px) 100vw, 1024px\" \/><\/figure>\n\n\n\n<figure class=\"wp-block-image size-large\"><img loading=\"lazy\" decoding=\"async\" width=\"1024\" height=\"768\" src=\"https:\/\/marekkuchcinski.pl\/wp-content\/uploads\/2020\/07\/95708056_234054781253840_5069462350302543872_n-scaled-1-1024x768.jpg\" alt=\"\" class=\"wp-image-19199\" srcset=\"https:\/\/marekkuchcinski.pl\/wp-content\/uploads\/2020\/07\/95708056_234054781253840_5069462350302543872_n-scaled-1-1024x768.jpg 1024w, https:\/\/marekkuchcinski.pl\/wp-content\/uploads\/2020\/07\/95708056_234054781253840_5069462350302543872_n-scaled-1-300x225.jpg 300w, https:\/\/marekkuchcinski.pl\/wp-content\/uploads\/2020\/07\/95708056_234054781253840_5069462350302543872_n-scaled-1-768x576.jpg 768w, https:\/\/marekkuchcinski.pl\/wp-content\/uploads\/2020\/07\/95708056_234054781253840_5069462350302543872_n-scaled-1-1536x1152.jpg 1536w, https:\/\/marekkuchcinski.pl\/wp-content\/uploads\/2020\/07\/95708056_234054781253840_5069462350302543872_n-scaled-1-scaled.jpg 2048w\" sizes=\"(max-width: 1024px) 100vw, 1024px\" \/><figcaption>Obelisc care comemoreaz\u0103 fondatorii Constitu\u021biei din 3 mai. Acesta a fost inaugurat \u00een 1891, cu ocazia celei de-a 100-a anivers\u0103ri a adopt\u0103rii Constitu\u021biei. Pe cele patru laturi ale piedestalului sunt inscrip\u021bionate numele celor care au contribuit la elaborarea Constitu\u021biei:<br>Hugo Ko\u0142\u0142\u0105taj - preot, rector \u0219i reformator al Academiei din Cracovia \u0219i activist al Comisiei de Educa\u021bie Na\u021bional\u0103,<br>Ignacy Potocki - Mare\u0219al al Lituaniei,<br>Stanis\u0142aw Ma\u0142achowski - Mare\u0219al al Sejmului de patru ani.<br>Jan Dekert - pre\u0219edinte al Var\u0219oviei, care a luptat pentru drepturile burgheziei \u0219i care, la 2 decembrie 1789, a condus a\u0219a-numita Procesiune Neagr\u0103 - o demonstra\u021bie politic\u0103 a delega\u021bilor din 190 de ora\u0219e ale Republicii.<\/figcaption><\/figure>\n\n\n\n<figure class=\"wp-block-image size-large\"><img loading=\"lazy\" decoding=\"async\" width=\"1024\" height=\"768\" src=\"https:\/\/marekkuchcinski.pl\/wp-content\/uploads\/2020\/07\/95634699_236174740812744_5166033989873434624_n-scaled-1-1024x768.jpg\" alt=\"\" class=\"wp-image-19200\" srcset=\"https:\/\/marekkuchcinski.pl\/wp-content\/uploads\/2020\/07\/95634699_236174740812744_5166033989873434624_n-scaled-1-1024x768.jpg 1024w, https:\/\/marekkuchcinski.pl\/wp-content\/uploads\/2020\/07\/95634699_236174740812744_5166033989873434624_n-scaled-1-300x225.jpg 300w, https:\/\/marekkuchcinski.pl\/wp-content\/uploads\/2020\/07\/95634699_236174740812744_5166033989873434624_n-scaled-1-768x576.jpg 768w, https:\/\/marekkuchcinski.pl\/wp-content\/uploads\/2020\/07\/95634699_236174740812744_5166033989873434624_n-scaled-1-1536x1152.jpg 1536w, https:\/\/marekkuchcinski.pl\/wp-content\/uploads\/2020\/07\/95634699_236174740812744_5166033989873434624_n-scaled-1-scaled.jpg 2048w\" sizes=\"(max-width: 1024px) 100vw, 1024px\" \/><\/figure>\n\n\n\n<figure class=\"wp-block-image size-large\"><img loading=\"lazy\" decoding=\"async\" width=\"1024\" height=\"768\" src=\"https:\/\/marekkuchcinski.pl\/wp-content\/uploads\/2020\/07\/95606558_2991454810912273_6056264368260120576_n-scaled-1-1024x768.jpg\" alt=\"\" class=\"wp-image-19201\" srcset=\"https:\/\/marekkuchcinski.pl\/wp-content\/uploads\/2020\/07\/95606558_2991454810912273_6056264368260120576_n-scaled-1-1024x768.jpg 1024w, https:\/\/marekkuchcinski.pl\/wp-content\/uploads\/2020\/07\/95606558_2991454810912273_6056264368260120576_n-scaled-1-300x225.jpg 300w, https:\/\/marekkuchcinski.pl\/wp-content\/uploads\/2020\/07\/95606558_2991454810912273_6056264368260120576_n-scaled-1-768x576.jpg 768w, https:\/\/marekkuchcinski.pl\/wp-content\/uploads\/2020\/07\/95606558_2991454810912273_6056264368260120576_n-scaled-1-1536x1152.jpg 1536w, https:\/\/marekkuchcinski.pl\/wp-content\/uploads\/2020\/07\/95606558_2991454810912273_6056264368260120576_n-scaled-1-scaled.jpg 2048w\" sizes=\"(max-width: 1024px) 100vw, 1024px\" \/><\/figure>\n\n\n\n<figure class=\"wp-block-image size-large\"><img loading=\"lazy\" decoding=\"async\" width=\"1024\" height=\"768\" src=\"https:\/\/marekkuchcinski.pl\/wp-content\/uploads\/2020\/07\/95788355_2627335094212230_4342019358512381952_n-scaled-1-1024x768.jpg\" alt=\"\" class=\"wp-image-19202\" srcset=\"https:\/\/marekkuchcinski.pl\/wp-content\/uploads\/2020\/07\/95788355_2627335094212230_4342019358512381952_n-scaled-1-1024x768.jpg 1024w, https:\/\/marekkuchcinski.pl\/wp-content\/uploads\/2020\/07\/95788355_2627335094212230_4342019358512381952_n-scaled-1-300x225.jpg 300w, https:\/\/marekkuchcinski.pl\/wp-content\/uploads\/2020\/07\/95788355_2627335094212230_4342019358512381952_n-scaled-1-768x576.jpg 768w, https:\/\/marekkuchcinski.pl\/wp-content\/uploads\/2020\/07\/95788355_2627335094212230_4342019358512381952_n-scaled-1-1536x1152.jpg 1536w, https:\/\/marekkuchcinski.pl\/wp-content\/uploads\/2020\/07\/95788355_2627335094212230_4342019358512381952_n-scaled-1-scaled.jpg 2048w\" sizes=\"(max-width: 1024px) 100vw, 1024px\" \/><\/figure>","protected":false},"excerpt":{"rendered":"<p>Marek Kuchci\u0144ski z\u0142o\u017cy\u0142 kwiaty przy kamieniu po\u015bwi\u0119conym Konstytucji 3 maja w Przemy\u015blu. \u2013 Ten dzie\u0144 jest \u015bwi\u0119tem ju\u017c rok od uchwalenia, Konstytucja da\u0142a nam wielk\u0105 si\u0142\u0119, niekt\u00f3rzy historycy twierdz\u0105, \u017ce by\u0142o to pierwsze odzyskanie niepodleg\u0142o\u015bci \u2013 powiedzia\u0142 marsza\u0142ek Sejmu VIII kadencji. Marek Kuchci\u0144ski przypomnia\u0142 tak\u017ce, \u017ce rok temu w Sejmie ods\u0142oni\u0119to popiersia dw\u00f3ch marsza\u0142k\u00f3w Sejmu [&hellip;]<\/p>","protected":false},"author":17,"featured_media":19196,"comment_status":"open","ping_status":"open","sticky":false,"template":"","format":"standard","meta":{"ngg_post_thumbnail":0,"footnotes":""},"categories":[49,77,81,3],"tags":[],"class_list":["post-19195","post","type-post","status-publish","format-standard","has-post-thumbnail","hentry","category-podkarpacie","category-wazne-daty","category-wiesci-z-sejmu","category-wydarzenia"],"yoast_head":"<!-- This site is optimized with the Yoast SEO plugin v24.7 - https:\/\/yoast.com\/wordpress\/plugins\/seo\/ -->\n<title>Konstytucja 3 maja: wyraz m\u0105dro\u015bci zbiorowej Polak\u00f3w &#8211; Marek Kuchci\u0144ski<\/title>\n<meta name=\"robots\" content=\"index, follow, max-snippet:-1, max-image-preview:large, max-video-preview:-1\" \/>\n<link rel=\"canonical\" href=\"https:\/\/marekkuchcinski.pl\/ro\/wydarzenia\/wyraz-madrosci-zbiorowej-polakow\/\" \/>\n<meta property=\"og:locale\" content=\"ro_RO\" \/>\n<meta property=\"og:type\" content=\"article\" \/>\n<meta property=\"og:title\" content=\"Konstytucja 3 maja: wyraz m\u0105dro\u015bci zbiorowej Polak\u00f3w &#8211; Marek Kuchci\u0144ski\" \/>\n<meta property=\"og:description\" content=\"Marek Kuchci\u0144ski z\u0142o\u017cy\u0142 kwiaty przy kamieniu po\u015bwi\u0119conym Konstytucji 3 maja w Przemy\u015blu. \u2013 Ten dzie\u0144 jest \u015bwi\u0119tem ju\u017c rok od uchwalenia, Konstytucja da\u0142a nam wielk\u0105 si\u0142\u0119, niekt\u00f3rzy historycy twierdz\u0105, \u017ce by\u0142o to pierwsze odzyskanie niepodleg\u0142o\u015bci \u2013 powiedzia\u0142 marsza\u0142ek Sejmu VIII kadencji. Marek Kuchci\u0144ski przypomnia\u0142 tak\u017ce, \u017ce rok temu w Sejmie ods\u0142oni\u0119to popiersia dw\u00f3ch marsza\u0142k\u00f3w Sejmu [&hellip;]\" \/>\n<meta property=\"og:url\" content=\"https:\/\/marekkuchcinski.pl\/ro\/wydarzenia\/wyraz-madrosci-zbiorowej-polakow\/\" \/>\n<meta property=\"og:site_name\" content=\"Marek Kuchci\u0144ski\" \/>\n<meta property=\"article:published_time\" content=\"2020-05-03T15:58:00+00:00\" \/>\n<meta property=\"article:modified_time\" content=\"2020-07-06T16:01:09+00:00\" \/>\n<meta property=\"og:image\" content=\"https:\/\/marekkuchcinski.pl\/wp-content\/uploads\/2020\/07\/mk-scaled-1-scaled.jpg\" \/>\n\t<meta property=\"og:image:width\" content=\"2048\" \/>\n\t<meta property=\"og:image:height\" content=\"1498\" \/>\n\t<meta property=\"og:image:type\" content=\"image\/jpeg\" \/>\n<meta name=\"author\" content=\"Tomasz \u0141acina\" \/>\n<meta name=\"twitter:card\" content=\"summary_large_image\" \/>\n<meta name=\"twitter:label1\" content=\"Scris de\" \/>\n\t<meta name=\"twitter:data1\" content=\"Tomasz \u0141acina\" \/>\n\t<meta name=\"twitter:label2\" content=\"Timp estimat pentru citire\" \/>\n\t<meta name=\"twitter:data2\" content=\"2 minutes\" \/>\n<script type=\"application\/ld+json\" class=\"yoast-schema-graph\">{\"@context\":\"https:\/\/schema.org\",\"@graph\":[{\"@type\":\"Article\",\"@id\":\"https:\/\/marekkuchcinski.pl\/cs\/wydarzenia\/wyraz-madrosci-zbiorowej-polakow\/#article\",\"isPartOf\":{\"@id\":\"https:\/\/marekkuchcinski.pl\/cs\/wydarzenia\/wyraz-madrosci-zbiorowej-polakow\/\"},\"author\":{\"name\":\"Tomasz \u0141acina\",\"@id\":\"https:\/\/marekkuchcinski.pl\/#\/schema\/person\/b8a29fe7813098f7be78801d029910a7\"},\"headline\":\"Konstytucja 3 maja: wyraz m\u0105dro\u015bci zbiorowej Polak\u00f3w\",\"datePublished\":\"2020-05-03T15:58:00+00:00\",\"dateModified\":\"2020-07-06T16:01:09+00:00\",\"mainEntityOfPage\":{\"@id\":\"https:\/\/marekkuchcinski.pl\/cs\/wydarzenia\/wyraz-madrosci-zbiorowej-polakow\/\"},\"wordCount\":372,\"commentCount\":0,\"publisher\":{\"@id\":\"https:\/\/marekkuchcinski.pl\/#organization\"},\"image\":{\"@id\":\"https:\/\/marekkuchcinski.pl\/cs\/wydarzenia\/wyraz-madrosci-zbiorowej-polakow\/#primaryimage\"},\"thumbnailUrl\":\"https:\/\/marekkuchcinski.pl\/wp-content\/uploads\/2020\/07\/mk-scaled-1-scaled.jpg\",\"articleSection\":[\"Podkarpacie\",\"Wa\u017cne daty\",\"Wie\u015bci z Sejmu\",\"Wydarzenia\"],\"inLanguage\":\"ro-RO\",\"potentialAction\":[{\"@type\":\"CommentAction\",\"name\":\"Comment\",\"target\":[\"https:\/\/marekkuchcinski.pl\/cs\/wydarzenia\/wyraz-madrosci-zbiorowej-polakow\/#respond\"]}]},{\"@type\":\"WebPage\",\"@id\":\"https:\/\/marekkuchcinski.pl\/cs\/wydarzenia\/wyraz-madrosci-zbiorowej-polakow\/\",\"url\":\"https:\/\/marekkuchcinski.pl\/cs\/wydarzenia\/wyraz-madrosci-zbiorowej-polakow\/\",\"name\":\"Konstytucja 3 maja: wyraz m\u0105dro\u015bci zbiorowej Polak\u00f3w &#8211; Marek Kuchci\u0144ski\",\"isPartOf\":{\"@id\":\"https:\/\/marekkuchcinski.pl\/#website\"},\"primaryImageOfPage\":{\"@id\":\"https:\/\/marekkuchcinski.pl\/cs\/wydarzenia\/wyraz-madrosci-zbiorowej-polakow\/#primaryimage\"},\"image\":{\"@id\":\"https:\/\/marekkuchcinski.pl\/cs\/wydarzenia\/wyraz-madrosci-zbiorowej-polakow\/#primaryimage\"},\"thumbnailUrl\":\"https:\/\/marekkuchcinski.pl\/wp-content\/uploads\/2020\/07\/mk-scaled-1-scaled.jpg\",\"datePublished\":\"2020-05-03T15:58:00+00:00\",\"dateModified\":\"2020-07-06T16:01:09+00:00\",\"breadcrumb\":{\"@id\":\"https:\/\/marekkuchcinski.pl\/cs\/wydarzenia\/wyraz-madrosci-zbiorowej-polakow\/#breadcrumb\"},\"inLanguage\":\"ro-RO\",\"potentialAction\":[{\"@type\":\"ReadAction\",\"target\":[\"https:\/\/marekkuchcinski.pl\/cs\/wydarzenia\/wyraz-madrosci-zbiorowej-polakow\/\"]}]},{\"@type\":\"ImageObject\",\"inLanguage\":\"ro-RO\",\"@id\":\"https:\/\/marekkuchcinski.pl\/cs\/wydarzenia\/wyraz-madrosci-zbiorowej-polakow\/#primaryimage\",\"url\":\"https:\/\/marekkuchcinski.pl\/wp-content\/uploads\/2020\/07\/mk-scaled-1-scaled.jpg\",\"contentUrl\":\"https:\/\/marekkuchcinski.pl\/wp-content\/uploads\/2020\/07\/mk-scaled-1-scaled.jpg\",\"width\":2048,\"height\":1498},{\"@type\":\"BreadcrumbList\",\"@id\":\"https:\/\/marekkuchcinski.pl\/cs\/wydarzenia\/wyraz-madrosci-zbiorowej-polakow\/#breadcrumb\",\"itemListElement\":[{\"@type\":\"ListItem\",\"position\":1,\"name\":\"Strona g\u0142\u00f3wna\",\"item\":\"https:\/\/marekkuchcinski.pl\/\"},{\"@type\":\"ListItem\",\"position\":2,\"name\":\"Konstytucja 3 maja: wyraz m\u0105dro\u015bci zbiorowej Polak\u00f3w\"}]},{\"@type\":\"WebSite\",\"@id\":\"https:\/\/marekkuchcinski.pl\/#website\",\"url\":\"https:\/\/marekkuchcinski.pl\/\",\"name\":\"Marek Kuchci\u0144ski\",\"description\":\"Pose\u0142 na sejm RP &ndash; okr\u0119g nr 22\",\"publisher\":{\"@id\":\"https:\/\/marekkuchcinski.pl\/#organization\"},\"potentialAction\":[{\"@type\":\"SearchAction\",\"target\":{\"@type\":\"EntryPoint\",\"urlTemplate\":\"https:\/\/marekkuchcinski.pl\/?s={search_term_string}\"},\"query-input\":{\"@type\":\"PropertyValueSpecification\",\"valueRequired\":true,\"valueName\":\"search_term_string\"}}],\"inLanguage\":\"ro-RO\"},{\"@type\":\"Organization\",\"@id\":\"https:\/\/marekkuchcinski.pl\/#organization\",\"name\":\"Marek Kuchci\u0144ski\",\"url\":\"https:\/\/marekkuchcinski.pl\/\",\"logo\":{\"@type\":\"ImageObject\",\"inLanguage\":\"ro-RO\",\"@id\":\"https:\/\/marekkuchcinski.pl\/#\/schema\/logo\/image\/\",\"url\":\"https:\/\/marekkuchcinski.pl\/wp-content\/uploads\/2022\/09\/Marek.jpg\",\"contentUrl\":\"https:\/\/marekkuchcinski.pl\/wp-content\/uploads\/2022\/09\/Marek.jpg\",\"width\":1600,\"height\":971,\"caption\":\"Marek Kuchci\u0144ski\"},\"image\":{\"@id\":\"https:\/\/marekkuchcinski.pl\/#\/schema\/logo\/image\/\"}},{\"@type\":\"Person\",\"@id\":\"https:\/\/marekkuchcinski.pl\/#\/schema\/person\/b8a29fe7813098f7be78801d029910a7\",\"name\":\"Tomasz \u0141acina\",\"image\":{\"@type\":\"ImageObject\",\"inLanguage\":\"ro-RO\",\"@id\":\"https:\/\/marekkuchcinski.pl\/#\/schema\/person\/image\/\",\"url\":\"https:\/\/secure.gravatar.com\/avatar\/22e75f6c51aff77a676ed77dd222f852?s=96&d=mm&r=g\",\"contentUrl\":\"https:\/\/secure.gravatar.com\/avatar\/22e75f6c51aff77a676ed77dd222f852?s=96&d=mm&r=g\",\"caption\":\"Tomasz \u0141acina\"},\"url\":\"https:\/\/marekkuchcinski.pl\/ro\/author\/tomek-lacina\/\"}]}<\/script>\n<!-- \/ Yoast SEO plugin. -->","yoast_head_json":{"title":"Konstytucja 3 maja: wyraz m\u0105dro\u015bci zbiorowej Polak\u00f3w &#8211; Marek Kuchci\u0144ski","robots":{"index":"index","follow":"follow","max-snippet":"max-snippet:-1","max-image-preview":"max-image-preview:large","max-video-preview":"max-video-preview:-1"},"canonical":"https:\/\/marekkuchcinski.pl\/ro\/wydarzenia\/wyraz-madrosci-zbiorowej-polakow\/","og_locale":"ro_RO","og_type":"article","og_title":"Konstytucja 3 maja: wyraz m\u0105dro\u015bci zbiorowej Polak\u00f3w &#8211; Marek Kuchci\u0144ski","og_description":"Marek Kuchci\u0144ski z\u0142o\u017cy\u0142 kwiaty przy kamieniu po\u015bwi\u0119conym Konstytucji 3 maja w Przemy\u015blu. \u2013 Ten dzie\u0144 jest \u015bwi\u0119tem ju\u017c rok od uchwalenia, Konstytucja da\u0142a nam wielk\u0105 si\u0142\u0119, niekt\u00f3rzy historycy twierdz\u0105, \u017ce by\u0142o to pierwsze odzyskanie niepodleg\u0142o\u015bci \u2013 powiedzia\u0142 marsza\u0142ek Sejmu VIII kadencji. Marek Kuchci\u0144ski przypomnia\u0142 tak\u017ce, \u017ce rok temu w Sejmie ods\u0142oni\u0119to popiersia dw\u00f3ch marsza\u0142k\u00f3w Sejmu [&hellip;]","og_url":"https:\/\/marekkuchcinski.pl\/ro\/wydarzenia\/wyraz-madrosci-zbiorowej-polakow\/","og_site_name":"Marek Kuchci\u0144ski","article_published_time":"2020-05-03T15:58:00+00:00","article_modified_time":"2020-07-06T16:01:09+00:00","og_image":[{"width":2048,"height":1498,"url":"https:\/\/marekkuchcinski.pl\/wp-content\/uploads\/2020\/07\/mk-scaled-1-scaled.jpg","type":"image\/jpeg"}],"author":"Tomasz \u0141acina","twitter_card":"summary_large_image","twitter_misc":{"Scris de":"Tomasz \u0141acina","Timp estimat pentru citire":"2 minutes"},"schema":{"@context":"https:\/\/schema.org","@graph":[{"@type":"Article","@id":"https:\/\/marekkuchcinski.pl\/cs\/wydarzenia\/wyraz-madrosci-zbiorowej-polakow\/#article","isPartOf":{"@id":"https:\/\/marekkuchcinski.pl\/cs\/wydarzenia\/wyraz-madrosci-zbiorowej-polakow\/"},"author":{"name":"Tomasz \u0141acina","@id":"https:\/\/marekkuchcinski.pl\/#\/schema\/person\/b8a29fe7813098f7be78801d029910a7"},"headline":"Konstytucja 3 maja: wyraz m\u0105dro\u015bci zbiorowej Polak\u00f3w","datePublished":"2020-05-03T15:58:00+00:00","dateModified":"2020-07-06T16:01:09+00:00","mainEntityOfPage":{"@id":"https:\/\/marekkuchcinski.pl\/cs\/wydarzenia\/wyraz-madrosci-zbiorowej-polakow\/"},"wordCount":372,"commentCount":0,"publisher":{"@id":"https:\/\/marekkuchcinski.pl\/#organization"},"image":{"@id":"https:\/\/marekkuchcinski.pl\/cs\/wydarzenia\/wyraz-madrosci-zbiorowej-polakow\/#primaryimage"},"thumbnailUrl":"https:\/\/marekkuchcinski.pl\/wp-content\/uploads\/2020\/07\/mk-scaled-1-scaled.jpg","articleSection":["Podkarpacie","Wa\u017cne daty","Wie\u015bci z Sejmu","Wydarzenia"],"inLanguage":"ro-RO","potentialAction":[{"@type":"CommentAction","name":"Comment","target":["https:\/\/marekkuchcinski.pl\/cs\/wydarzenia\/wyraz-madrosci-zbiorowej-polakow\/#respond"]}]},{"@type":"WebPage","@id":"https:\/\/marekkuchcinski.pl\/cs\/wydarzenia\/wyraz-madrosci-zbiorowej-polakow\/","url":"https:\/\/marekkuchcinski.pl\/cs\/wydarzenia\/wyraz-madrosci-zbiorowej-polakow\/","name":"Konstytucja 3 maja: wyraz m\u0105dro\u015bci zbiorowej Polak\u00f3w &#8211; Marek Kuchci\u0144ski","isPartOf":{"@id":"https:\/\/marekkuchcinski.pl\/#website"},"primaryImageOfPage":{"@id":"https:\/\/marekkuchcinski.pl\/cs\/wydarzenia\/wyraz-madrosci-zbiorowej-polakow\/#primaryimage"},"image":{"@id":"https:\/\/marekkuchcinski.pl\/cs\/wydarzenia\/wyraz-madrosci-zbiorowej-polakow\/#primaryimage"},"thumbnailUrl":"https:\/\/marekkuchcinski.pl\/wp-content\/uploads\/2020\/07\/mk-scaled-1-scaled.jpg","datePublished":"2020-05-03T15:58:00+00:00","dateModified":"2020-07-06T16:01:09+00:00","breadcrumb":{"@id":"https:\/\/marekkuchcinski.pl\/cs\/wydarzenia\/wyraz-madrosci-zbiorowej-polakow\/#breadcrumb"},"inLanguage":"ro-RO","potentialAction":[{"@type":"ReadAction","target":["https:\/\/marekkuchcinski.pl\/cs\/wydarzenia\/wyraz-madrosci-zbiorowej-polakow\/"]}]},{"@type":"ImageObject","inLanguage":"ro-RO","@id":"https:\/\/marekkuchcinski.pl\/cs\/wydarzenia\/wyraz-madrosci-zbiorowej-polakow\/#primaryimage","url":"https:\/\/marekkuchcinski.pl\/wp-content\/uploads\/2020\/07\/mk-scaled-1-scaled.jpg","contentUrl":"https:\/\/marekkuchcinski.pl\/wp-content\/uploads\/2020\/07\/mk-scaled-1-scaled.jpg","width":2048,"height":1498},{"@type":"BreadcrumbList","@id":"https:\/\/marekkuchcinski.pl\/cs\/wydarzenia\/wyraz-madrosci-zbiorowej-polakow\/#breadcrumb","itemListElement":[{"@type":"ListItem","position":1,"name":"Strona g\u0142\u00f3wna","item":"https:\/\/marekkuchcinski.pl\/"},{"@type":"ListItem","position":2,"name":"Konstytucja 3 maja: wyraz m\u0105dro\u015bci zbiorowej Polak\u00f3w"}]},{"@type":"WebSite","@id":"https:\/\/marekkuchcinski.pl\/#website","url":"https:\/\/marekkuchcinski.pl\/","name":"Marek Kuchci\u0144ski","description":"Pose\u0142 na sejm RP &ndash; okr\u0119g nr 22","publisher":{"@id":"https:\/\/marekkuchcinski.pl\/#organization"},"potentialAction":[{"@type":"SearchAction","target":{"@type":"EntryPoint","urlTemplate":"https:\/\/marekkuchcinski.pl\/?s={search_term_string}"},"query-input":{"@type":"PropertyValueSpecification","valueRequired":true,"valueName":"search_term_string"}}],"inLanguage":"ro-RO"},{"@type":"Organization","@id":"https:\/\/marekkuchcinski.pl\/#organization","name":"Marek Kuchci\u0144ski","url":"https:\/\/marekkuchcinski.pl\/","logo":{"@type":"ImageObject","inLanguage":"ro-RO","@id":"https:\/\/marekkuchcinski.pl\/#\/schema\/logo\/image\/","url":"https:\/\/marekkuchcinski.pl\/wp-content\/uploads\/2022\/09\/Marek.jpg","contentUrl":"https:\/\/marekkuchcinski.pl\/wp-content\/uploads\/2022\/09\/Marek.jpg","width":1600,"height":971,"caption":"Marek Kuchci\u0144ski"},"image":{"@id":"https:\/\/marekkuchcinski.pl\/#\/schema\/logo\/image\/"}},{"@type":"Person","@id":"https:\/\/marekkuchcinski.pl\/#\/schema\/person\/b8a29fe7813098f7be78801d029910a7","name":"Tomasz \u0141acina","image":{"@type":"ImageObject","inLanguage":"ro-RO","@id":"https:\/\/marekkuchcinski.pl\/#\/schema\/person\/image\/","url":"https:\/\/secure.gravatar.com\/avatar\/22e75f6c51aff77a676ed77dd222f852?s=96&d=mm&r=g","contentUrl":"https:\/\/secure.gravatar.com\/avatar\/22e75f6c51aff77a676ed77dd222f852?s=96&d=mm&r=g","caption":"Tomasz \u0141acina"},"url":"https:\/\/marekkuchcinski.pl\/ro\/author\/tomek-lacina\/"}]}},"_links":{"self":[{"href":"https:\/\/marekkuchcinski.pl\/ro\/wp-json\/wp\/v2\/posts\/19195","targetHints":{"allow":["GET"]}}],"collection":[{"href":"https:\/\/marekkuchcinski.pl\/ro\/wp-json\/wp\/v2\/posts"}],"about":[{"href":"https:\/\/marekkuchcinski.pl\/ro\/wp-json\/wp\/v2\/types\/post"}],"author":[{"embeddable":true,"href":"https:\/\/marekkuchcinski.pl\/ro\/wp-json\/wp\/v2\/users\/17"}],"replies":[{"embeddable":true,"href":"https:\/\/marekkuchcinski.pl\/ro\/wp-json\/wp\/v2\/comments?post=19195"}],"version-history":[{"count":1,"href":"https:\/\/marekkuchcinski.pl\/ro\/wp-json\/wp\/v2\/posts\/19195\/revisions"}],"predecessor-version":[{"id":19203,"href":"https:\/\/marekkuchcinski.pl\/ro\/wp-json\/wp\/v2\/posts\/19195\/revisions\/19203"}],"wp:featuredmedia":[{"embeddable":true,"href":"https:\/\/marekkuchcinski.pl\/ro\/wp-json\/wp\/v2\/media\/19196"}],"wp:attachment":[{"href":"https:\/\/marekkuchcinski.pl\/ro\/wp-json\/wp\/v2\/media?parent=19195"}],"wp:term":[{"taxonomy":"category","embeddable":true,"href":"https:\/\/marekkuchcinski.pl\/ro\/wp-json\/wp\/v2\/categories?post=19195"},{"taxonomy":"post_tag","embeddable":true,"href":"https:\/\/marekkuchcinski.pl\/ro\/wp-json\/wp\/v2\/tags?post=19195"}],"curies":[{"name":"wp","href":"https:\/\/api.w.org\/{rel}","templated":true}]}}