{"id":19133,"date":"2020-04-15T14:56:00","date_gmt":"2020-04-15T12:56:00","guid":{"rendered":"https:\/\/marek2.rkartist.pl\/?p=19133"},"modified":"2020-08-07T17:25:31","modified_gmt":"2020-08-07T15:25:31","slug":"na-kresach-unii-glos-w-dyskusji-wita-wojtowicza","status":"publish","type":"post","link":"https:\/\/marekkuchcinski.pl\/ro\/europa-karpat\/europa-karpat-dyskusja\/na-kresach-unii-glos-w-dyskusji-wita-wojtowicza\/","title":{"rendered":"\"LA GRANI\u021aELE UNIUNII\" - voce \u00een discu\u021bie de Wit Wojtowicz"},"content":{"rendered":"<figure class=\"wp-block-image size-large\"><img fetchpriority=\"high\" decoding=\"async\" width=\"1024\" height=\"545\" src=\"https:\/\/marekkuchcinski.pl\/wp-content\/uploads\/2020\/07\/AAB8294-1024x545.jpg\" alt=\"\" class=\"wp-image-19134\" srcset=\"https:\/\/marekkuchcinski.pl\/wp-content\/uploads\/2020\/07\/AAB8294-1024x545.jpg 1024w, https:\/\/marekkuchcinski.pl\/wp-content\/uploads\/2020\/07\/AAB8294-300x160.jpg 300w, https:\/\/marekkuchcinski.pl\/wp-content\/uploads\/2020\/07\/AAB8294-768x408.jpg 768w, https:\/\/marekkuchcinski.pl\/wp-content\/uploads\/2020\/07\/AAB8294.jpg 1181w\" sizes=\"(max-width: 1024px) 100vw, 1024px\" \/><figcaption>Muzeu - Castelul din Lancut<\/figcaption><\/figure>\n\n\n\n<p class=\"has-medium-font-size\">&nbsp;&nbsp;&nbsp;&nbsp;&nbsp;&nbsp;&nbsp;&nbsp;&nbsp; <em>Am prezentat premisele proiectului discutat mai jos \u00een data de 25 septembrie 2018, \u00een cadrul \u0219edin\u021bei Comisiei generale pentru afaceri economice a Adun\u0103rii Parlamentare a Ini\u021biativei Central-Europene \u00een Sejm&nbsp;<a href=\"https:\/\/youtu.be\/lRsqjmYg8LM\">https:\/\/youtu.be\/lRsqjmYg8LM<\/a>. Unul dintre subiectele reuniunii a fost proiectul rutier Via Carpatia. Aceasta este o nou\u0103 rut\u0103 de transport care duce din sud spre nord prin \u021b\u0103ri cu r\u0103d\u0103cini culturale \u0219i istorice comune, care au r\u0103mas ani de zile \u00een sfera de influen\u021b\u0103 a URSS. Acesta se \u00eentinde de-a lungul frontierei estice a Uniunii Europene \u0219i ar trebui s\u0103 consolideze \u0219i s\u0103 promoveze nu numai economia, ci \u0219i diversitatea regional\u0103 a patrimoniului cultural. Aceasta se va baza pe tema reuniunii \u0141a\u0144cut a \u021b\u0103rilor V4 din 14 X 2016, c\u00e2nd pre\u0219edin\u021bii au convenit c\u0103 \"Europa este \u00een primul r\u00e2nd despre cultur\u0103. Nu este vorba doar de p\u0103strarea, ci mai ales de dezvoltarea culturilor na\u021bionale.<\/em><\/p>\n\n\n\n<p class=\"has-medium-font-size\">&nbsp;&nbsp;&nbsp;&nbsp;&nbsp;&nbsp;&nbsp;&nbsp;&nbsp;&nbsp;&nbsp; <em>\u00cen afar\u0103 de realizarea planului men\u021bionat mai sus, ar trebui organizate numeroase evenimente pentru a promova cultura \u0219i arta \u021b\u0103rilor din aceast\u0103 parte a Europei sub titlul \"ABC Trimarium\" (unde \"a\", \"b\" \u0219i \"c\" reprezint\u0103 primele litere ale numelor m\u0103rilor \u00een polonez\u0103: Adriatica, Baltica \u0219i Neagr\u0103). Ar fi un ciclu de \u00eent\u00e2lniri cu cultura \u0219i arta din \u021b\u0103rile din Trei Moravia, combinate cu prezentarea de expozi\u021bii de fotografie, film, teatru, muzic\u0103 \u0219i \u00eent\u00e2lniri cu oameni de cultur\u0103 \u0219i \u0219tiin\u021b\u0103. Toate acestea sunt - \u00een opinia mea - un \"pretext\" bun \u0219i suficient pentru a preg\u0103ti o reuniune interna\u021bional\u0103 a mini\u0219trilor culturii (\u0219i poate a celor ai turismului?) la \u0141a\u0144cut (sic!).<\/em><\/p>\n\n\n\n<p class=\"has-medium-font-size\">&nbsp;&nbsp;&nbsp;&nbsp;&nbsp;&nbsp;&nbsp;&nbsp;&nbsp;&nbsp;&nbsp; <em>Am salutat recenta reuniune Via Carpatia de la Lancut din 17 aprilie 2019 cu o imens\u0103 bucurie c\u0103 ni se ofer\u0103 posibilitatea de a participa la aceste evenimente istorice. Ne sim\u021bim obliga\u021bi de frumoasele cuvinte ale regretatului Prof. Lech Kaczy\u0144ski, pre\u0219edintele Poloniei, pe care le-a rostit la \u0141a\u0144cut \u00een 2006. Ne dorim foarte mult s\u0103 \u00eendeplinim aceste dorin\u021be.<\/em><\/p>\n\n\n\n<figure class=\"wp-block-image size-large\"><img decoding=\"async\" width=\"658\" height=\"1024\" src=\"https:\/\/marekkuchcinski.pl\/wp-content\/uploads\/2020\/07\/Korytarz-Via-Carpatia-658x1024.jpg\" alt=\"\" class=\"wp-image-19135\" srcset=\"https:\/\/marekkuchcinski.pl\/wp-content\/uploads\/2020\/07\/Korytarz-Via-Carpatia-658x1024.jpg 658w, https:\/\/marekkuchcinski.pl\/wp-content\/uploads\/2020\/07\/Korytarz-Via-Carpatia-193x300.jpg 193w, https:\/\/marekkuchcinski.pl\/wp-content\/uploads\/2020\/07\/Korytarz-Via-Carpatia-768x1195.jpg 768w, https:\/\/marekkuchcinski.pl\/wp-content\/uploads\/2020\/07\/Korytarz-Via-Carpatia-987x1536.jpg 987w, https:\/\/marekkuchcinski.pl\/wp-content\/uploads\/2020\/07\/Korytarz-Via-Carpatia.jpg 1316w\" sizes=\"(max-width: 658px) 100vw, 658px\" \/><\/figure>\n\n\n\n<p class=\"has-medium-font-size\">&nbsp;&nbsp;&nbsp;&nbsp;&nbsp;&nbsp;&nbsp;&nbsp;&nbsp; <em>Cred c\u0103 cooperarea cu alte institu\u021bii de-a lungul acestei rute a patrimoniului poate fi extins\u0103 \u0219i mai mult pentru a include universit\u0103\u021bi, filarmonici, teatre etc. Este un domeniu important pentru cooperarea interna\u021bional\u0103 \u0219i, \u00een acela\u0219i timp, creeaz\u0103 oportunit\u0103\u021bi de \u00eenv\u0103\u021bare reciproc\u0103 cu privire la patrimoniul cultural \u0219i evenimentele contemporane din domeniile culturii, artei \u0219i \u0219tiin\u021bei.<\/em><\/p>\n\n\n\n<p>&nbsp;&nbsp;&nbsp;&nbsp;&nbsp;&nbsp;&nbsp;&nbsp;&nbsp;&nbsp;<\/p>\n\n\n\n<p class=\"has-medium-font-size\">&nbsp;&nbsp;&nbsp;&nbsp;&nbsp;&nbsp;&nbsp;&nbsp;&nbsp; <em>Seminariile ciclice dedicate rela\u021biilor \u0219i leg\u0103turilor reciproce dintre \u021b\u0103rile din Europa Central\u0103 \u0219i de Sud-Est de-a lungul istoriei, inclusiv elemente din istoria, obiceiurile \u0219i geografia istoric\u0103 a acestora, pot fi foarte importante. Aceste activit\u0103\u021bi de una sau mai multe zile vor fi completate de \"Vacan\u021be ale patrimoniului\" dedicate adul\u021bilor care doresc s\u0103 afle mai multe despre identitatea na\u021bional\u0103 a \u021b\u0103rilor care formeaz\u0103 \u00een prezent zona Tri-City. Aceste \u00eent\u00e2lniri ar trebui s\u0103 cuprind\u0103 perioade diferite dedicate unui anumit subiect \u0219i diferen\u021belor de percep\u021bie a acestuia \u00een fiecare \u021bar\u0103 sau \u00eentr-un anumit domeniu artistic sau cultural. De asemenea, va fi posibil\u0103 organizarea de conferin\u021be monografice dedicate locurilor de comemorare din fiecare \u021bar\u0103 din Tricity, at\u00e2t \u00een sens topografic, c\u00e2t \u0219i metaforic.<\/em><\/p>\n\n\n\n<p class=\"has-medium-font-size\">&nbsp;&nbsp;&nbsp;&nbsp;&nbsp;&nbsp;&nbsp;&nbsp;&nbsp;&nbsp;&nbsp;<em> Un program structurat \u00een acest mod nu numai c\u0103 va promova aceste \u021b\u0103ri, dar poate contribui, de asemenea, la construirea de rela\u021bii \u00eentre popoarele care tr\u0103iesc acolo, la consolidarea sentimentului de apartenen\u021b\u0103 la zon\u0103 \u0219i la respectul pentru istorie \u0219i continuitatea tradi\u021biilor (s\u0103rb\u0103tori na\u021bionale \u0219i de stat, p\u0103strarea memoriei locurilor marilor evenimente \u0219i a eroilor asocia\u021bi cu acestea).<\/em><\/p>\n\n\n\n<p class=\"has-medium-font-size\">&nbsp;&nbsp;&nbsp;&nbsp;&nbsp;&nbsp;&nbsp;&nbsp;&nbsp;&nbsp;<em>&nbsp; Aproape toate \u021b\u0103rile din aceast\u0103 regiune au fost cucerite \u0219i \u00eenrobite de ani de zile. C\u00e2ndva au avut un du\u0219man comun care a f\u0103cut tot ce i-a stat \u00een putin\u021b\u0103 pentru a-i desp\u0103r\u021bi - \u0219i \u00een foarte multe cazuri (din p\u0103cate prea multe) a reu\u0219it. La baza identit\u0103\u021bii colective a acestor \u021b\u0103ri st\u0103 o dorin\u021b\u0103 constant\u0103 de libertate, suveranitate \u0219i independen\u021b\u0103. Este timpul s\u0103 vorbim despre acest trecut dificil, de dragul viitorului. Aceste \u021b\u0103ri sunt unite de lupta lor \u00eempotriva dictaturii comuniste. Este necesar s\u0103 cultiv\u0103m memoria celor care au c\u00e2\u0219tigat libertatea \u0219i s\u0103 prezent\u0103m schimb\u0103rile din libertate. Toate discu\u021biile ar trebui s\u0103 se desf\u0103\u0219oare cu respect deplin pentru parteneri. Cu siguran\u021b\u0103, subiectele dificile nu pot fi evitate, dar voin\u021ba de a le rezolva ar trebui s\u0103 fie evident\u0103 \u00eenc\u0103 de la \u00eenceput. Scopul este de a dep\u0103\u0219i toate diviziunile existente \u0219i de a construi o mare \u0219i puternic\u0103 comunitate de na\u021biuni \u00een regiunea tri-marocan\u0103 \u0219i de a prezenta \u00een exterior aceast\u0103 unitate a \u021b\u0103rilor de la grani\u021ba cu Europa. Cel mai important lucru pentru ei este comunitatea de state care \u00ee\u0219i p\u0103streaz\u0103 suveranitatea na\u021bional\u0103, vis\u00e2nd la crearea Uniunii celor trei ora\u0219e, fiind un grup puternic \u0219i important \u00een Uniunea European\u0103.<\/em><\/p>\n\n\n\n<p class=\"has-medium-font-size\">&nbsp;&nbsp;&nbsp;&nbsp;&nbsp;&nbsp;&nbsp;&nbsp;&nbsp;<em>&nbsp;\u00cen viitor, Palatul de V\u00e2n\u0103toare din Julin, situat \u00een imediata apropiere a autostr\u0103zii A4 \u0219i a C\u0103ii Carpa\u021bilor, ar putea fi un loc central perfect pentru activit\u0103\u021bile legate de Tricity. Are tot poten\u021bialul de a deveni un loc special, \u00een care s\u0103 fie cultivat\u0103 rela\u021bia str\u00e2ns\u0103 dintre oameni \u0219i \u021bar\u0103, care este o unitate cultural\u0103. Un loc \u00een care, cu participarea activ\u0103 a \u021b\u0103rilor aflate de-a lungul traseului Patrimoniului Tri-Morocan, se va trezi \u0219i se va cultiva sentimentul de apartenen\u021b\u0103 la regiune, unde culturile na\u021bionale ale acestor \u021b\u0103ri vor fi prezentate pe picior de egalitate \u0219i unde comunitatea acestei p\u0103r\u021bi a Europei va fi cultivat\u0103.<\/em><\/p>\n\n\n\n<figure class=\"wp-block-image size-large\"><img decoding=\"async\" width=\"1024\" height=\"682\" src=\"https:\/\/marekkuchcinski.pl\/wp-content\/uploads\/2020\/07\/AAB0454-1024x682.jpg\" alt=\"\" class=\"wp-image-19136\" srcset=\"https:\/\/marekkuchcinski.pl\/wp-content\/uploads\/2020\/07\/AAB0454-1024x682.jpg 1024w, https:\/\/marekkuchcinski.pl\/wp-content\/uploads\/2020\/07\/AAB0454-300x200.jpg 300w, https:\/\/marekkuchcinski.pl\/wp-content\/uploads\/2020\/07\/AAB0454-768x512.jpg 768w, https:\/\/marekkuchcinski.pl\/wp-content\/uploads\/2020\/07\/AAB0454.jpg 1181w\" sizes=\"(max-width: 1024px) 100vw, 1024px\" \/><figcaption>Cabana de v\u00e2n\u0103toare Potocki din Julin, construit\u0103 \u00een 1880.<\/figcaption><\/figure>\n\n\n\n<p class=\"has-medium-font-size\">&nbsp;&nbsp;&nbsp;&nbsp;&nbsp;&nbsp;&nbsp;&nbsp;&nbsp; <em>Permite\u021bi-mi s\u0103 v\u0103 prezint mai jos un proiect extins al discursului meu din septembrie 2018.<\/em><\/p>\n\n\n\n<p class=\"has-text-align-right\">&nbsp;&nbsp;&nbsp;&nbsp;&nbsp;&nbsp;&nbsp;&nbsp;&nbsp;&nbsp;&nbsp;&nbsp;&nbsp;&nbsp;&nbsp;&nbsp;&nbsp;&nbsp;&nbsp;&nbsp;&nbsp;&nbsp;&nbsp;&nbsp;&nbsp;&nbsp;&nbsp;&nbsp;&nbsp;&nbsp;&nbsp;&nbsp;&nbsp;&nbsp;&nbsp;&nbsp;&nbsp;&nbsp;&nbsp;&nbsp;&nbsp;&nbsp;&nbsp;&nbsp;&nbsp;&nbsp;&nbsp;&nbsp;&nbsp;&nbsp;&nbsp;&nbsp;&nbsp;&nbsp;&nbsp;&nbsp;&nbsp;&nbsp;&nbsp;&nbsp;&nbsp;&nbsp;&nbsp;&nbsp;&nbsp;&nbsp;&nbsp;&nbsp;&nbsp;&nbsp;&nbsp;&nbsp;&nbsp;&nbsp;&nbsp;&nbsp;&nbsp;&nbsp;&nbsp;&nbsp;&nbsp;&nbsp;&nbsp;&nbsp;&nbsp;&nbsp;&nbsp;&nbsp;&nbsp;&nbsp;&nbsp;&nbsp;&nbsp;&nbsp;&nbsp;&nbsp;&nbsp;&nbsp;&nbsp;&nbsp;&nbsp;&nbsp;&nbsp;&nbsp;&nbsp;&nbsp;&nbsp;&nbsp;&nbsp;&nbsp;&nbsp;&nbsp;&nbsp;&nbsp;&nbsp;&nbsp;&nbsp;&nbsp;&nbsp;&nbsp;&nbsp;&nbsp;&nbsp;&nbsp;&nbsp;&nbsp;&nbsp;&nbsp;&nbsp;&nbsp;&nbsp;&nbsp;&nbsp;&nbsp;&nbsp;&nbsp;&nbsp;&nbsp;&nbsp;&nbsp;&nbsp;&nbsp;&nbsp;&nbsp;&nbsp;&nbsp;&nbsp;&nbsp;&nbsp;&nbsp;&nbsp;&nbsp;&nbsp;&nbsp;&nbsp;&nbsp;&nbsp;&nbsp;&nbsp;&nbsp;&nbsp;&nbsp;&nbsp;&nbsp;&nbsp;&nbsp;&nbsp;&nbsp;&nbsp;&nbsp;&nbsp;&nbsp;&nbsp;&nbsp;&nbsp;&nbsp; &nbsp;&nbsp;&nbsp;&nbsp;&nbsp;&nbsp;&nbsp;&nbsp;&nbsp;&nbsp;&nbsp;&nbsp;&nbsp;&nbsp;&nbsp;&nbsp;&nbsp;&nbsp;&nbsp;&nbsp;&nbsp;&nbsp;&nbsp;&nbsp;&nbsp;&nbsp;&nbsp;&nbsp;&nbsp;&nbsp;&nbsp;&nbsp;&nbsp;&nbsp;&nbsp;&nbsp;&nbsp;&nbsp;&nbsp;&nbsp;&nbsp;&nbsp; Wit K. Wojtowicz<\/p>\n\n\n\n<p class=\"has-text-align-right\">Director al Muzeului Castelului din \u0141a\u0144cut<br>&nbsp;&nbsp;&nbsp;&nbsp;&nbsp;&nbsp;&nbsp;&nbsp;&nbsp;&nbsp;&nbsp;&nbsp;&nbsp;&nbsp;&nbsp;&nbsp;&nbsp;&nbsp;&nbsp;&nbsp;&nbsp;&nbsp;&nbsp; &nbsp;&nbsp;&nbsp;&nbsp;&nbsp;&nbsp;&nbsp;&nbsp;&nbsp;&nbsp;&nbsp;&nbsp;&nbsp;&nbsp;&nbsp;&nbsp;&nbsp;&nbsp;&nbsp;&nbsp;&nbsp;&nbsp;&nbsp;&nbsp;&nbsp;&nbsp;&nbsp;&nbsp;&nbsp;&nbsp;&nbsp;&nbsp;&nbsp;&nbsp;&nbsp;&nbsp;&nbsp;&nbsp;&nbsp;&nbsp;&nbsp;&nbsp;&nbsp;&nbsp;&nbsp;&nbsp;&nbsp;&nbsp;&nbsp; \u0141a\u0144cut, 10 aprilie 2020<\/p>\n\n\n\n<p><\/p>\n\n\n\n<p class=\"has-text-align-center has-medium-font-size\"><strong>Via Carpatia - un drum al patrimoniului cultural<\/strong><\/p>\n\n\n\n<p class=\"has-medium-font-size\">&nbsp;&nbsp;&nbsp;&nbsp;<\/p>\n\n\n\n<p class=\"has-medium-font-size\">&nbsp;&nbsp;&nbsp;&nbsp;&nbsp;&nbsp;&nbsp;&nbsp;&nbsp;<em>La 27 octombrie 2006, la Castelul din Lancut a avut loc o reuniune foarte important\u0103, de mare \u00eensemn\u0103tate pentru o serie de \u021b\u0103ri din Europa Central\u0103.&nbsp;<br>La ini\u021biativa Poloniei, la Lancut a fost organizat\u0103 conferin\u021ba interna\u021bional\u0103 \"Un drum - patru \u021b\u0103ri\".  Acesta a avut loc sub patronajul regretatului profesor Lech Kaczy\u0144ski, pre\u0219edintele Poloniei. \u00cen discursul s\u0103u adresat participan\u021bilor la conferin\u021b\u0103, acesta a spus printre altele <strong>... este o idee excelent\u0103 c\u0103 aceast\u0103 conferin\u021b\u0103 a fost convocat\u0103 aici, la \u0141a\u0144cut, \u00eentr-unul dintre cele mai frumoase palate pe care am reu\u0219it s\u0103 le p\u0103str\u0103m. Fie ca acest \u0141a\u0144cut, care este un simbol al m\u0103re\u021biei, s\u0103 fie \u0219i un simbol al \u00een\u021belegerii \u00eentre \u021b\u0103rile care ast\u0103zi sunt toate \u00een UE, toate \u00een NATO...\".&nbsp;<\/strong><\/em> <em>\u00cen prezen\u021ba pre\u0219edintelui, mini\u0219trii transporturilor din Ungaria, Lituania, Slovacia \u0219i Polonia au semnat Declara\u021bia de la Lancut. Scopul acestei ini\u021biative poloneze de anvergur\u0103 interna\u021bional\u0103 este de a realiza o investi\u021bie de importan\u021b\u0103 strategic\u0103 pentru Europa Central\u0103 \u0219i de Est, sub numele de <strong>VIA CARPATIA<\/strong>. Acesta va deveni o nou\u0103 leg\u0103tur\u0103 foarte important\u0103 \u0219i semnificativ\u0103 \u00eentre nordul \u0219i sudul Europei. Ini\u021bial, urma s\u0103 treac\u0103 prin patru \u021b\u0103ri: Ungaria, Slovacia, Lituania \u0219i Polonia. Aderarea noilor state membre la UE a creat o oportunitate de a extinde acest proiect. \u00cen cadrul unei reuniuni ulterioare, care a avut loc la \u0141a\u0144cut, la 22 octombrie 2010, Rom\u00e2nia, Bulgaria \u0219i Grecia s-au al\u0103turat acestui proiect interna\u021bional. Acest lucru a creat o oportunitate de a conecta \u0219apte \u021b\u0103ri \u0219i trei m\u0103ri. O alt\u0103 \u00eent\u00e2lnire important\u0103 pentru realizarea rutei de transport a avut loc la 3 martie 2016 la Var\u0219ovia, ocazie cu care a fost semnat\u0103 Declara\u021bia \u0141a\u0144cut II.<\/em><\/p>\n\n\n\n<p><\/p>\n\n\n\n<figure class=\"wp-block-image size-large\"><img loading=\"lazy\" decoding=\"async\" width=\"640\" height=\"428\" src=\"https:\/\/marekkuchcinski.pl\/wp-content\/uploads\/2020\/07\/93189132_1581789841968307_4491767031124721664_n.jpg\" alt=\"\" class=\"wp-image-19137\" srcset=\"https:\/\/marekkuchcinski.pl\/wp-content\/uploads\/2020\/07\/93189132_1581789841968307_4491767031124721664_n.jpg 640w, https:\/\/marekkuchcinski.pl\/wp-content\/uploads\/2020\/07\/93189132_1581789841968307_4491767031124721664_n-300x201.jpg 300w\" sizes=\"(max-width: 640px) 100vw, 640px\" \/><figcaption>Conferin\u021ba interna\u021bional\u0103 \"Un drum - patru \u021b\u0103ri\", Pre\u0219edintele Lech Kaczy\u0144ski sose\u0219te la \u0141a\u0144cut, 27.X.2006.<\/figcaption><\/figure>\n\n\n\n<p class=\"has-medium-font-size\">&nbsp;&nbsp;&nbsp;&nbsp;&nbsp;&nbsp;&nbsp;&nbsp;&nbsp; <em>\u00cen 2015, la ini\u021biativa pre\u0219edin\u021bilor Poloniei \u0219i Croa\u021biei, dl Andrzej Duda \u0219i dna Kolinda Grabar-Kitarovi\u0107, a fost \u00eenfiin\u021bat Grupul Tri-Mora. Primul summit al acestui grup a avut loc la Dubrovnik, \u00een august 2016, iar cel de-al doilea la Var\u0219ovia, \u00een iulie anul trecut. Unul dintre obiectivele de cooperare ale acestui grup este, de asemenea, dezvoltarea Via Carpatia.<\/em><\/p>\n\n\n\n<p class=\"has-medium-font-size\">&nbsp;&nbsp;&nbsp;&nbsp;&nbsp;&nbsp;&nbsp;&nbsp;&nbsp; <em>La 7 noiembrie 2016, la Castelul din Lancut a avut loc o conferin\u021b\u0103 organizat\u0103 de mare\u0219alul regiunii Podkarpackie, domnul W\u0142adys\u0142aw Ortyl, intitulat\u0103 \"10 ani de la Declara\u021bia de la Lancut - Via Carpatia ast\u0103zi, provoc\u0103ri pentru viitor\". \u00cen prezen\u021ba prim-ministrului Beata Szyd\u0142o, a fost semnat \"Acordul de cooperare pentru construirea coridorului de tranzit Via Carpatia\". Aceast\u0103 rut\u0103 de transport rutier se desf\u0103\u0219oar\u0103 de-a lungul frontierei estice a Uniunii Europene, de la Klaipeda, \u00een Lituania, prin Polonia, Slovacia, Ungaria, Rom\u00e2nia (unde se bifurc\u0103 spre Constan\u021ba \u0219i, prin Bulgaria, spre Sofia \u0219i apoi spre Salonic, \u00een Grecia). Odat\u0103 cu \u00eenfiin\u021barea Ini\u021biativei Tri-Maritime, urm\u0103toarele \u021b\u0103ri din grupul Tri-Maritime s-au al\u0103turat celor \u0219apte \u021b\u0103ri care au co-fondat proiectul Via Carpatia \u00een prima etap\u0103: Croa\u021bia, Slovenia, Austria, Republica Ceh\u0103, Estonia \u0219i Letonia. Datorit\u0103 bifurca\u021biilor suplimentare planificate, aceast\u0103 rut\u0103 va conecta \u00een viitor nu numai toate \u021b\u0103rile din regiunea tri-portughez\u0103, ci \u0219i unele \u021b\u0103ri din sud-estul \u0219i nordul Europei.<\/em> <em>Din nefericire, o percep\u021bie destul de popular\u0103 a Via Carpathia p\u00e2n\u0103 \u00een prezent este aceea de a o vedea doar ca pe o rut\u0103 de transport pentru circula\u021bia diferitelor bunuri. Pe l\u00e2ng\u0103 firul economic foarte puternic articulat, mai exist\u0103 un altul extrem de important, de\u0219i absent din aproape toate considera\u021biile despre cunoa\u0219terea Via. Via Carpatia va deveni astfel ruta de patrimoniu a \u021b\u0103rilor situate \u00eentre Marea Adriatic\u0103, Marea Baltic\u0103 \u0219i Marea Neagr\u0103. Acest lucru creeaz\u0103 baza pentru a-l numi <strong>Ruta patrimoniului trimarin, sau - VIA HAEREDITATIS TRIMARIUM<\/strong>.<\/em> <em>Acest program nu numai c\u0103 va promova aceste \u021b\u0103ri, dar va contribui, de asemenea, la construirea de rela\u021bii \u00eentre na\u021biuni \u0219i la familiarizarea oamenilor cu patrimoniul, obiceiurile, istoria \u0219i peisajele culturale ale acestora. Proximitatea geografic\u0103 va facilita cooperarea at\u00e2t \u00een domeniul cultural, c\u00e2t \u0219i \u00een cel \u0219tiin\u021bific.<\/em> <em>Este necesar nu doar s\u0103 prezent\u0103m aceast\u0103 unitate \u00een exterior, ci, mai ales, s\u0103 o construim chiar \u00een aceast\u0103 regiune. Viitorul \u021b\u0103rilor noastre depinde de ac\u021biunea noastr\u0103 comun\u0103. Trebuie s\u0103 consolid\u0103m \u0219i mai mult sinergia care exist\u0103 deja \u00eentre noi. Este evident c\u0103, f\u0103r\u0103 dezvoltare economic\u0103, cultura nu se va dezvolta.<\/em><\/p>\n\n\n\n<p class=\"has-medium-font-size\">&nbsp;&nbsp;&nbsp;&nbsp;&nbsp;&nbsp;&nbsp;&nbsp;&nbsp; <em>Via Carpatia este un proiect extrem de important din punct de vedere economic, dar este timpul s\u0103 vorbim \u0219i despre to\u021bi factorii culturali care justific\u0103 construc\u021bia acestui proiect. Crearea unei noi re\u021bele de comunica\u021bii va facilita dezvoltarea turismului. Educa\u021bia este, de asemenea, foarte str\u00e2ns legat\u0103 de acest aspect. Ar trebui s\u0103 vorbim din ce \u00een ce mai mult despre identitatea noastr\u0103 cultural\u0103, despre patrimoniul na\u021bional, despre toate aceste locuri de amintire \u0219i repere culturale. Ar trebui s\u0103 le ar\u0103t\u0103m vecinilor no\u0219tri frumuse\u021bea \u021b\u0103rilor noastre, resursele culturale \u0219i peisajele lor.  La urma urmei, aceast\u0103 cooperare \u00eentre \u021b\u0103rile din aceast\u0103 parte a Europei nu este \u00een concuren\u021b\u0103 cu Uniunea, ci va fi un plus valoros pentru aceasta.<\/em><\/p>\n\n\n\n<p>&nbsp;&nbsp;&nbsp;&nbsp;<\/p>\n\n\n\n<p class=\"has-medium-font-size\">&nbsp;&nbsp;&nbsp;&nbsp;&nbsp;&nbsp;&nbsp;&nbsp;&nbsp;&nbsp; <em>A\u0219a cum am men\u021bionat mai devreme, Declara\u021bia de la Lancut, care a ini\u021biat Via Carpatia, a fost semnat\u0103 la Castelul din Lancut, fapt de care Muzeul este foarte m\u00e2ndru \u0219i apreciat. Am \u00eenceput s\u0103 ne g\u00e2ndim la modul \u00een care aceast\u0103 nou\u0103 rut\u0103 de transport ar putea fi folosit\u0103 \u00een viitor \u00een vecin\u0103tatea Lancut. \u00cen cur\u00e2nd, ideea ini\u021bial\u0103, limitat\u0103 doar la promovarea castelului din Lancut, a luat amploare. Urm\u0103torul proiect a fost un program de turism cultural care acoper\u0103 zonele de pe Via Carpatia, a c\u0103rei sec\u021biune polonez\u0103 are o l\u0103\u021bime de aproximativ 100 km. S-a planificat apoi crearea unui traseu al locurilor memoriale care s\u0103 prezinte patrimoniul cultural material \u0219i imaterial. Ar fi posibil s\u0103 se prezinte complexe de vile, amenaj\u0103ri de parcuri \u0219i gr\u0103dini, peisaje culturale, monumente de arhitectur\u0103 sacr\u0103, art\u0103 popular\u0103 etc.<\/em> <em>\u00cen timp, a ap\u0103rut o alt\u0103 idee, aceea c\u0103 de-a lungul Via Carpatia, pe \u00eentreaga sa lungime, de la Klaipeda la Salonic, ar trebui dezvoltate alte atrac\u021bii turistice similare, \u00een cooperare cu alte muzee aflate \u00een apropierea acestui traseu.<\/em> <em>Unul dintre proiectele complementare ar putea fi un muzeu virtual al statelor din Europa Central\u0103 \u0219i de Sud-Est, care s\u0103 prezinte istoria, cultura \u0219i arta, patrimoniul material \u0219i imaterial al tuturor \u021b\u0103rilor din Tricity. Nu va fi doar o ofert\u0103 turistic\u0103 compact\u0103 a \u021b\u0103rilor din Tricity \u0219i o manifestare a unit\u0103\u021bii central-europene, ci \u00een primul r\u00e2nd o construc\u021bie fizic\u0103 \u00een regiunea noastr\u0103.<\/em><\/p>\n\n\n\n<p><\/p>\n\n\n\n<p class=\"has-medium-font-size\">&nbsp;&nbsp;&nbsp;&nbsp;&nbsp;&nbsp;&nbsp;&nbsp;&nbsp; <em>Deci, ce ar trebui s\u0103 fie <strong>VIA HAEREDITATIS TRIMARIUM<\/strong>? Mai presus de toate, pentru \u021b\u0103rile din Europa Central\u0103 \u0219i de Sud-Est, ar trebui s\u0103 fie <strong>ap\u0103rare \u00eempotriva dispre\u021bului str\u0103in \u0219i a propriei \u00eendoieli<\/strong>. Aceste cuvinte au fost rostite la 16 ianuarie 1918 de profesorul W\u0142adys\u0142aw Konopczy\u0144ski, un eminent istoric polonez de la cump\u0103na dintre secolele XIX \u0219i XX. - Aceste cuvinte, rostite la 16 ianuarie 1918 de profesorul W\u0142adys\u0142aw Konopczy\u0144ski, un eminent istoric polonez de la cump\u0103na dintre secolele XIX \u0219i XX, \u00een timpul prelegerii sale introductive la Universitatea Jagiellonian\u0103, cu ocazia prelu\u0103rii catedrei de istorie, reflect\u0103 perfect sensul ac\u021biunii comune a statelor din aceast\u0103 parte a Europei, numit\u0103 uneori \"a treia\" sau pur \u0219i simplu \"Europa de frontier\u0103\".<\/em><\/p>\n\n\n\n<figure class=\"wp-block-image size-full is-resized\"><img loading=\"lazy\" decoding=\"async\" src=\"https:\/\/marekkuchcinski.pl\/wp-content\/uploads\/2020\/07\/Wit-Wojtowicz.png\" alt=\"\" class=\"wp-image-19138\" width=\"152\" height=\"197\" srcset=\"https:\/\/marekkuchcinski.pl\/wp-content\/uploads\/2020\/07\/Wit-Wojtowicz.png 439w, https:\/\/marekkuchcinski.pl\/wp-content\/uploads\/2020\/07\/Wit-Wojtowicz-232x300.png 232w\" sizes=\"(max-width: 152px) 100vw, 152px\" \/><figcaption>Wit Karol Wojtowicz<br>Director al Muzeului Castelului din \u0141a\u0144cut<\/figcaption><\/figure>","protected":false},"excerpt":{"rendered":"<p>&nbsp;&nbsp;&nbsp;&nbsp;&nbsp;&nbsp;&nbsp;&nbsp;&nbsp; Am prezentat premisele proiectului discutat mai jos la 25 septembrie 2018, \u00een cadrul unei reuniuni a Comisiei generale pentru afaceri economice a Adun\u0103rii Parlamentare a Ini\u021biativei Central-Europene \u00een cadrul Sejm https:\/\/youtu.be\/lRsqjmYg8LM. Subiectul acestei \u00eent\u00e2lniri a fost, printre altele, proiectul rutier Via Carpatia. Aceasta este o nou\u0103 rut\u0103 de transport care duce de la sud la nord prin \u021b\u0103ri cu r\u0103d\u0103cini culturale \u0219i istorice comune, care de-a lungul anilor au r\u0103mas \u00een [...]<\/p>","protected":false},"author":17,"featured_media":19134,"comment_status":"open","ping_status":"open","sticky":false,"template":"","format":"standard","meta":{"ngg_post_thumbnail":0,"footnotes":""},"categories":[78,177,49,3],"tags":[],"class_list":["post-19133","post","type-post","status-publish","format-standard","has-post-thumbnail","hentry","category-europa-karpat","category-europa-karpat-dyskusja","category-podkarpacie","category-wydarzenia"],"yoast_head":"<!-- This site is optimized with the Yoast SEO plugin v24.7 - https:\/\/yoast.com\/wordpress\/plugins\/seo\/ -->\n<title>\u201eNA KRESACH UNII\u201d \u2013 g\u0142os w dyskusji Wita Wojtowicza &#8211; Marek Kuchci\u0144ski<\/title>\n<meta name=\"robots\" content=\"index, follow, max-snippet:-1, max-image-preview:large, max-video-preview:-1\" \/>\n<link rel=\"canonical\" href=\"https:\/\/marekkuchcinski.pl\/ro\/europa-karpat\/europa-karpat-dyskusja\/na-kresach-unii-glos-w-dyskusji-wita-wojtowicza\/\" \/>\n<meta property=\"og:locale\" content=\"ro_RO\" \/>\n<meta property=\"og:type\" content=\"article\" \/>\n<meta property=\"og:title\" content=\"\u201eNA KRESACH UNII\u201d \u2013 g\u0142os w dyskusji Wita Wojtowicza &#8211; Marek Kuchci\u0144ski\" \/>\n<meta property=\"og:description\" content=\"&nbsp;&nbsp;&nbsp;&nbsp;&nbsp;&nbsp;&nbsp;&nbsp;&nbsp; Za\u0142o\u017cenia ni\u017cej om\u00f3wionego projektu &nbsp;przedstawi\u0142em w dniu 25 wrze\u015bnia 2018 r. na posiedzeniu Komisji Og\u00f3lnej ds. Gospodarczych Zgromadzenia Parlamentarnego Inicjatywy \u015arodkowoeuropejskiej w Sejmie&nbsp;https:\/\/youtu.be\/lRsqjmYg8LM. Tematem tego spotkania by\u0142 m.in. projekt drogowy Via Carpatia. To nowy szlak komunikacyjny wiod\u0105cy z po\u0142udnia na p\u00f3\u0142noc przez kraje o wsp\u00f3lnych korzeniach kulturowych i historycznych, kt\u00f3re przez lata pozostawa\u0142y w [&hellip;]\" \/>\n<meta property=\"og:url\" content=\"https:\/\/marekkuchcinski.pl\/ro\/europa-karpat\/europa-karpat-dyskusja\/na-kresach-unii-glos-w-dyskusji-wita-wojtowicza\/\" \/>\n<meta property=\"og:site_name\" content=\"Marek Kuchci\u0144ski\" \/>\n<meta property=\"article:published_time\" content=\"2020-04-15T12:56:00+00:00\" \/>\n<meta property=\"article:modified_time\" content=\"2020-08-07T15:25:31+00:00\" \/>\n<meta property=\"og:image\" content=\"https:\/\/marekkuchcinski.pl\/wp-content\/uploads\/2020\/07\/AAB8294.jpg\" \/>\n\t<meta property=\"og:image:width\" content=\"1181\" \/>\n\t<meta property=\"og:image:height\" content=\"628\" \/>\n\t<meta property=\"og:image:type\" content=\"image\/jpeg\" \/>\n<meta name=\"author\" content=\"Tomasz \u0141acina\" \/>\n<meta name=\"twitter:card\" content=\"summary_large_image\" \/>\n<meta name=\"twitter:label1\" content=\"Scris de\" \/>\n\t<meta name=\"twitter:data1\" content=\"Tomasz \u0141acina\" \/>\n\t<meta name=\"twitter:label2\" content=\"Timp estimat pentru citire\" \/>\n\t<meta name=\"twitter:data2\" content=\"13 minutes\" \/>\n<script type=\"application\/ld+json\" class=\"yoast-schema-graph\">{\"@context\":\"https:\/\/schema.org\",\"@graph\":[{\"@type\":\"Article\",\"@id\":\"https:\/\/marekkuchcinski.pl\/cs\/europa-karpat\/europa-karpat-dyskusja\/na-kresach-unii-glos-w-dyskusji-wita-wojtowicza\/#article\",\"isPartOf\":{\"@id\":\"https:\/\/marekkuchcinski.pl\/cs\/europa-karpat\/europa-karpat-dyskusja\/na-kresach-unii-glos-w-dyskusji-wita-wojtowicza\/\"},\"author\":{\"name\":\"Tomasz \u0141acina\",\"@id\":\"https:\/\/marekkuchcinski.pl\/#\/schema\/person\/b8a29fe7813098f7be78801d029910a7\"},\"headline\":\"\u201eNA KRESACH UNII\u201d \u2013 g\u0142os w dyskusji Wita Wojtowicza\",\"datePublished\":\"2020-04-15T12:56:00+00:00\",\"dateModified\":\"2020-08-07T15:25:31+00:00\",\"mainEntityOfPage\":{\"@id\":\"https:\/\/marekkuchcinski.pl\/cs\/europa-karpat\/europa-karpat-dyskusja\/na-kresach-unii-glos-w-dyskusji-wita-wojtowicza\/\"},\"wordCount\":2644,\"commentCount\":0,\"publisher\":{\"@id\":\"https:\/\/marekkuchcinski.pl\/#organization\"},\"image\":{\"@id\":\"https:\/\/marekkuchcinski.pl\/cs\/europa-karpat\/europa-karpat-dyskusja\/na-kresach-unii-glos-w-dyskusji-wita-wojtowicza\/#primaryimage\"},\"thumbnailUrl\":\"https:\/\/marekkuchcinski.pl\/wp-content\/uploads\/2020\/07\/AAB8294.jpg\",\"articleSection\":[\"Europa Karpat\",\"Europa Karpat \u2013 dyskusja\",\"Podkarpacie\",\"Wydarzenia\"],\"inLanguage\":\"ro-RO\",\"potentialAction\":[{\"@type\":\"CommentAction\",\"name\":\"Comment\",\"target\":[\"https:\/\/marekkuchcinski.pl\/cs\/europa-karpat\/europa-karpat-dyskusja\/na-kresach-unii-glos-w-dyskusji-wita-wojtowicza\/#respond\"]}]},{\"@type\":\"WebPage\",\"@id\":\"https:\/\/marekkuchcinski.pl\/cs\/europa-karpat\/europa-karpat-dyskusja\/na-kresach-unii-glos-w-dyskusji-wita-wojtowicza\/\",\"url\":\"https:\/\/marekkuchcinski.pl\/cs\/europa-karpat\/europa-karpat-dyskusja\/na-kresach-unii-glos-w-dyskusji-wita-wojtowicza\/\",\"name\":\"\u201eNA KRESACH UNII\u201d \u2013 g\u0142os w dyskusji Wita Wojtowicza &#8211; Marek Kuchci\u0144ski\",\"isPartOf\":{\"@id\":\"https:\/\/marekkuchcinski.pl\/#website\"},\"primaryImageOfPage\":{\"@id\":\"https:\/\/marekkuchcinski.pl\/cs\/europa-karpat\/europa-karpat-dyskusja\/na-kresach-unii-glos-w-dyskusji-wita-wojtowicza\/#primaryimage\"},\"image\":{\"@id\":\"https:\/\/marekkuchcinski.pl\/cs\/europa-karpat\/europa-karpat-dyskusja\/na-kresach-unii-glos-w-dyskusji-wita-wojtowicza\/#primaryimage\"},\"thumbnailUrl\":\"https:\/\/marekkuchcinski.pl\/wp-content\/uploads\/2020\/07\/AAB8294.jpg\",\"datePublished\":\"2020-04-15T12:56:00+00:00\",\"dateModified\":\"2020-08-07T15:25:31+00:00\",\"breadcrumb\":{\"@id\":\"https:\/\/marekkuchcinski.pl\/cs\/europa-karpat\/europa-karpat-dyskusja\/na-kresach-unii-glos-w-dyskusji-wita-wojtowicza\/#breadcrumb\"},\"inLanguage\":\"ro-RO\",\"potentialAction\":[{\"@type\":\"ReadAction\",\"target\":[\"https:\/\/marekkuchcinski.pl\/cs\/europa-karpat\/europa-karpat-dyskusja\/na-kresach-unii-glos-w-dyskusji-wita-wojtowicza\/\"]}]},{\"@type\":\"ImageObject\",\"inLanguage\":\"ro-RO\",\"@id\":\"https:\/\/marekkuchcinski.pl\/cs\/europa-karpat\/europa-karpat-dyskusja\/na-kresach-unii-glos-w-dyskusji-wita-wojtowicza\/#primaryimage\",\"url\":\"https:\/\/marekkuchcinski.pl\/wp-content\/uploads\/2020\/07\/AAB8294.jpg\",\"contentUrl\":\"https:\/\/marekkuchcinski.pl\/wp-content\/uploads\/2020\/07\/AAB8294.jpg\",\"width\":1181,\"height\":628},{\"@type\":\"BreadcrumbList\",\"@id\":\"https:\/\/marekkuchcinski.pl\/cs\/europa-karpat\/europa-karpat-dyskusja\/na-kresach-unii-glos-w-dyskusji-wita-wojtowicza\/#breadcrumb\",\"itemListElement\":[{\"@type\":\"ListItem\",\"position\":1,\"name\":\"Strona g\u0142\u00f3wna\",\"item\":\"https:\/\/marekkuchcinski.pl\/\"},{\"@type\":\"ListItem\",\"position\":2,\"name\":\"\u201eNA KRESACH UNII\u201d \u2013 g\u0142os w dyskusji Wita Wojtowicza\"}]},{\"@type\":\"WebSite\",\"@id\":\"https:\/\/marekkuchcinski.pl\/#website\",\"url\":\"https:\/\/marekkuchcinski.pl\/\",\"name\":\"Marek Kuchci\u0144ski\",\"description\":\"Pose\u0142 na sejm RP &ndash; okr\u0119g nr 22\",\"publisher\":{\"@id\":\"https:\/\/marekkuchcinski.pl\/#organization\"},\"potentialAction\":[{\"@type\":\"SearchAction\",\"target\":{\"@type\":\"EntryPoint\",\"urlTemplate\":\"https:\/\/marekkuchcinski.pl\/?s={search_term_string}\"},\"query-input\":{\"@type\":\"PropertyValueSpecification\",\"valueRequired\":true,\"valueName\":\"search_term_string\"}}],\"inLanguage\":\"ro-RO\"},{\"@type\":\"Organization\",\"@id\":\"https:\/\/marekkuchcinski.pl\/#organization\",\"name\":\"Marek Kuchci\u0144ski\",\"url\":\"https:\/\/marekkuchcinski.pl\/\",\"logo\":{\"@type\":\"ImageObject\",\"inLanguage\":\"ro-RO\",\"@id\":\"https:\/\/marekkuchcinski.pl\/#\/schema\/logo\/image\/\",\"url\":\"https:\/\/marekkuchcinski.pl\/wp-content\/uploads\/2022\/09\/Marek.jpg\",\"contentUrl\":\"https:\/\/marekkuchcinski.pl\/wp-content\/uploads\/2022\/09\/Marek.jpg\",\"width\":1600,\"height\":971,\"caption\":\"Marek Kuchci\u0144ski\"},\"image\":{\"@id\":\"https:\/\/marekkuchcinski.pl\/#\/schema\/logo\/image\/\"}},{\"@type\":\"Person\",\"@id\":\"https:\/\/marekkuchcinski.pl\/#\/schema\/person\/b8a29fe7813098f7be78801d029910a7\",\"name\":\"Tomasz \u0141acina\",\"image\":{\"@type\":\"ImageObject\",\"inLanguage\":\"ro-RO\",\"@id\":\"https:\/\/marekkuchcinski.pl\/#\/schema\/person\/image\/\",\"url\":\"https:\/\/secure.gravatar.com\/avatar\/22e75f6c51aff77a676ed77dd222f852?s=96&d=mm&r=g\",\"contentUrl\":\"https:\/\/secure.gravatar.com\/avatar\/22e75f6c51aff77a676ed77dd222f852?s=96&d=mm&r=g\",\"caption\":\"Tomasz \u0141acina\"},\"url\":\"https:\/\/marekkuchcinski.pl\/ro\/author\/tomek-lacina\/\"}]}<\/script>\n<!-- \/ Yoast SEO plugin. -->","yoast_head_json":{"title":"\u201eNA KRESACH UNII\u201d \u2013 g\u0142os w dyskusji Wita Wojtowicza &#8211; Marek Kuchci\u0144ski","robots":{"index":"index","follow":"follow","max-snippet":"max-snippet:-1","max-image-preview":"max-image-preview:large","max-video-preview":"max-video-preview:-1"},"canonical":"https:\/\/marekkuchcinski.pl\/ro\/europa-karpat\/europa-karpat-dyskusja\/na-kresach-unii-glos-w-dyskusji-wita-wojtowicza\/","og_locale":"ro_RO","og_type":"article","og_title":"\u201eNA KRESACH UNII\u201d \u2013 g\u0142os w dyskusji Wita Wojtowicza &#8211; Marek Kuchci\u0144ski","og_description":"&nbsp;&nbsp;&nbsp;&nbsp;&nbsp;&nbsp;&nbsp;&nbsp;&nbsp; Za\u0142o\u017cenia ni\u017cej om\u00f3wionego projektu &nbsp;przedstawi\u0142em w dniu 25 wrze\u015bnia 2018 r. na posiedzeniu Komisji Og\u00f3lnej ds. Gospodarczych Zgromadzenia Parlamentarnego Inicjatywy \u015arodkowoeuropejskiej w Sejmie&nbsp;https:\/\/youtu.be\/lRsqjmYg8LM. Tematem tego spotkania by\u0142 m.in. projekt drogowy Via Carpatia. To nowy szlak komunikacyjny wiod\u0105cy z po\u0142udnia na p\u00f3\u0142noc przez kraje o wsp\u00f3lnych korzeniach kulturowych i historycznych, kt\u00f3re przez lata pozostawa\u0142y w [&hellip;]","og_url":"https:\/\/marekkuchcinski.pl\/ro\/europa-karpat\/europa-karpat-dyskusja\/na-kresach-unii-glos-w-dyskusji-wita-wojtowicza\/","og_site_name":"Marek Kuchci\u0144ski","article_published_time":"2020-04-15T12:56:00+00:00","article_modified_time":"2020-08-07T15:25:31+00:00","og_image":[{"width":1181,"height":628,"url":"https:\/\/marekkuchcinski.pl\/wp-content\/uploads\/2020\/07\/AAB8294.jpg","type":"image\/jpeg"}],"author":"Tomasz \u0141acina","twitter_card":"summary_large_image","twitter_misc":{"Scris de":"Tomasz \u0141acina","Timp estimat pentru citire":"13 minutes"},"schema":{"@context":"https:\/\/schema.org","@graph":[{"@type":"Article","@id":"https:\/\/marekkuchcinski.pl\/cs\/europa-karpat\/europa-karpat-dyskusja\/na-kresach-unii-glos-w-dyskusji-wita-wojtowicza\/#article","isPartOf":{"@id":"https:\/\/marekkuchcinski.pl\/cs\/europa-karpat\/europa-karpat-dyskusja\/na-kresach-unii-glos-w-dyskusji-wita-wojtowicza\/"},"author":{"name":"Tomasz \u0141acina","@id":"https:\/\/marekkuchcinski.pl\/#\/schema\/person\/b8a29fe7813098f7be78801d029910a7"},"headline":"\u201eNA KRESACH UNII\u201d \u2013 g\u0142os w dyskusji Wita Wojtowicza","datePublished":"2020-04-15T12:56:00+00:00","dateModified":"2020-08-07T15:25:31+00:00","mainEntityOfPage":{"@id":"https:\/\/marekkuchcinski.pl\/cs\/europa-karpat\/europa-karpat-dyskusja\/na-kresach-unii-glos-w-dyskusji-wita-wojtowicza\/"},"wordCount":2644,"commentCount":0,"publisher":{"@id":"https:\/\/marekkuchcinski.pl\/#organization"},"image":{"@id":"https:\/\/marekkuchcinski.pl\/cs\/europa-karpat\/europa-karpat-dyskusja\/na-kresach-unii-glos-w-dyskusji-wita-wojtowicza\/#primaryimage"},"thumbnailUrl":"https:\/\/marekkuchcinski.pl\/wp-content\/uploads\/2020\/07\/AAB8294.jpg","articleSection":["Europa Karpat","Europa Karpat \u2013 dyskusja","Podkarpacie","Wydarzenia"],"inLanguage":"ro-RO","potentialAction":[{"@type":"CommentAction","name":"Comment","target":["https:\/\/marekkuchcinski.pl\/cs\/europa-karpat\/europa-karpat-dyskusja\/na-kresach-unii-glos-w-dyskusji-wita-wojtowicza\/#respond"]}]},{"@type":"WebPage","@id":"https:\/\/marekkuchcinski.pl\/cs\/europa-karpat\/europa-karpat-dyskusja\/na-kresach-unii-glos-w-dyskusji-wita-wojtowicza\/","url":"https:\/\/marekkuchcinski.pl\/cs\/europa-karpat\/europa-karpat-dyskusja\/na-kresach-unii-glos-w-dyskusji-wita-wojtowicza\/","name":"\u201eNA KRESACH UNII\u201d \u2013 g\u0142os w dyskusji Wita Wojtowicza &#8211; Marek Kuchci\u0144ski","isPartOf":{"@id":"https:\/\/marekkuchcinski.pl\/#website"},"primaryImageOfPage":{"@id":"https:\/\/marekkuchcinski.pl\/cs\/europa-karpat\/europa-karpat-dyskusja\/na-kresach-unii-glos-w-dyskusji-wita-wojtowicza\/#primaryimage"},"image":{"@id":"https:\/\/marekkuchcinski.pl\/cs\/europa-karpat\/europa-karpat-dyskusja\/na-kresach-unii-glos-w-dyskusji-wita-wojtowicza\/#primaryimage"},"thumbnailUrl":"https:\/\/marekkuchcinski.pl\/wp-content\/uploads\/2020\/07\/AAB8294.jpg","datePublished":"2020-04-15T12:56:00+00:00","dateModified":"2020-08-07T15:25:31+00:00","breadcrumb":{"@id":"https:\/\/marekkuchcinski.pl\/cs\/europa-karpat\/europa-karpat-dyskusja\/na-kresach-unii-glos-w-dyskusji-wita-wojtowicza\/#breadcrumb"},"inLanguage":"ro-RO","potentialAction":[{"@type":"ReadAction","target":["https:\/\/marekkuchcinski.pl\/cs\/europa-karpat\/europa-karpat-dyskusja\/na-kresach-unii-glos-w-dyskusji-wita-wojtowicza\/"]}]},{"@type":"ImageObject","inLanguage":"ro-RO","@id":"https:\/\/marekkuchcinski.pl\/cs\/europa-karpat\/europa-karpat-dyskusja\/na-kresach-unii-glos-w-dyskusji-wita-wojtowicza\/#primaryimage","url":"https:\/\/marekkuchcinski.pl\/wp-content\/uploads\/2020\/07\/AAB8294.jpg","contentUrl":"https:\/\/marekkuchcinski.pl\/wp-content\/uploads\/2020\/07\/AAB8294.jpg","width":1181,"height":628},{"@type":"BreadcrumbList","@id":"https:\/\/marekkuchcinski.pl\/cs\/europa-karpat\/europa-karpat-dyskusja\/na-kresach-unii-glos-w-dyskusji-wita-wojtowicza\/#breadcrumb","itemListElement":[{"@type":"ListItem","position":1,"name":"Strona g\u0142\u00f3wna","item":"https:\/\/marekkuchcinski.pl\/"},{"@type":"ListItem","position":2,"name":"\u201eNA KRESACH UNII\u201d \u2013 g\u0142os w dyskusji Wita Wojtowicza"}]},{"@type":"WebSite","@id":"https:\/\/marekkuchcinski.pl\/#website","url":"https:\/\/marekkuchcinski.pl\/","name":"Marek Kuchci\u0144ski","description":"Pose\u0142 na sejm RP &ndash; okr\u0119g nr 22","publisher":{"@id":"https:\/\/marekkuchcinski.pl\/#organization"},"potentialAction":[{"@type":"SearchAction","target":{"@type":"EntryPoint","urlTemplate":"https:\/\/marekkuchcinski.pl\/?s={search_term_string}"},"query-input":{"@type":"PropertyValueSpecification","valueRequired":true,"valueName":"search_term_string"}}],"inLanguage":"ro-RO"},{"@type":"Organization","@id":"https:\/\/marekkuchcinski.pl\/#organization","name":"Marek Kuchci\u0144ski","url":"https:\/\/marekkuchcinski.pl\/","logo":{"@type":"ImageObject","inLanguage":"ro-RO","@id":"https:\/\/marekkuchcinski.pl\/#\/schema\/logo\/image\/","url":"https:\/\/marekkuchcinski.pl\/wp-content\/uploads\/2022\/09\/Marek.jpg","contentUrl":"https:\/\/marekkuchcinski.pl\/wp-content\/uploads\/2022\/09\/Marek.jpg","width":1600,"height":971,"caption":"Marek Kuchci\u0144ski"},"image":{"@id":"https:\/\/marekkuchcinski.pl\/#\/schema\/logo\/image\/"}},{"@type":"Person","@id":"https:\/\/marekkuchcinski.pl\/#\/schema\/person\/b8a29fe7813098f7be78801d029910a7","name":"Tomasz \u0141acina","image":{"@type":"ImageObject","inLanguage":"ro-RO","@id":"https:\/\/marekkuchcinski.pl\/#\/schema\/person\/image\/","url":"https:\/\/secure.gravatar.com\/avatar\/22e75f6c51aff77a676ed77dd222f852?s=96&d=mm&r=g","contentUrl":"https:\/\/secure.gravatar.com\/avatar\/22e75f6c51aff77a676ed77dd222f852?s=96&d=mm&r=g","caption":"Tomasz \u0141acina"},"url":"https:\/\/marekkuchcinski.pl\/ro\/author\/tomek-lacina\/"}]}},"_links":{"self":[{"href":"https:\/\/marekkuchcinski.pl\/ro\/wp-json\/wp\/v2\/posts\/19133","targetHints":{"allow":["GET"]}}],"collection":[{"href":"https:\/\/marekkuchcinski.pl\/ro\/wp-json\/wp\/v2\/posts"}],"about":[{"href":"https:\/\/marekkuchcinski.pl\/ro\/wp-json\/wp\/v2\/types\/post"}],"author":[{"embeddable":true,"href":"https:\/\/marekkuchcinski.pl\/ro\/wp-json\/wp\/v2\/users\/17"}],"replies":[{"embeddable":true,"href":"https:\/\/marekkuchcinski.pl\/ro\/wp-json\/wp\/v2\/comments?post=19133"}],"version-history":[{"count":7,"href":"https:\/\/marekkuchcinski.pl\/ro\/wp-json\/wp\/v2\/posts\/19133\/revisions"}],"predecessor-version":[{"id":19549,"href":"https:\/\/marekkuchcinski.pl\/ro\/wp-json\/wp\/v2\/posts\/19133\/revisions\/19549"}],"wp:featuredmedia":[{"embeddable":true,"href":"https:\/\/marekkuchcinski.pl\/ro\/wp-json\/wp\/v2\/media\/19134"}],"wp:attachment":[{"href":"https:\/\/marekkuchcinski.pl\/ro\/wp-json\/wp\/v2\/media?parent=19133"}],"wp:term":[{"taxonomy":"category","embeddable":true,"href":"https:\/\/marekkuchcinski.pl\/ro\/wp-json\/wp\/v2\/categories?post=19133"},{"taxonomy":"post_tag","embeddable":true,"href":"https:\/\/marekkuchcinski.pl\/ro\/wp-json\/wp\/v2\/tags?post=19133"}],"curies":[{"name":"wp","href":"https:\/\/api.w.org\/{rel}","templated":true}]}}