{"id":19090,"date":"2020-04-08T18:55:29","date_gmt":"2020-04-08T16:55:29","guid":{"rendered":"https:\/\/marek2.rkartist.pl\/?p=19090"},"modified":"2020-07-05T19:03:49","modified_gmt":"2020-07-05T17:03:49","slug":"czy-juz-rysuje-sie-program-na-konferencje-europa-karpat-2021","status":"publish","type":"post","link":"https:\/\/marekkuchcinski.pl\/ro\/europa-karpat\/europa-karpat-dyskusja\/czy-juz-rysuje-sie-program-na-konferencje-europa-karpat-2021\/","title":{"rendered":"Este deja stabilit programul conferin\u021bei \"Europa Carpatic\u0103 2021\"?"},"content":{"rendered":"<p class=\"has-medium-font-size\"><strong><em>Andrzej Mazur - cuv\u00e2ntul<\/em><\/strong>.<\/p>\n\n\n\n<p class=\"has-medium-font-size\"><em>\u00centrebarea este pur retoric\u0103, deoarece, odat\u0103 cu dezvoltarea rutei interna\u021bionale Via Carpathia Klaipeda - Salonic, nu vor lipsi subiectele pentru anii urm\u0103tori.<br>Cu toate acestea, \u00een ceea ce prive\u0219te programul pentru 2021, ar fi bine s\u0103 se fac\u0103 referire la viitorul proiect legat de Primul Forum Interna\u021bional de Cooperare pentru Tineret al Regiunii Carpatice \u0219i Ini\u021biativa celor Trei Mun\u021bi, pe 21 februarie 2020 la Przemy\u015bl.<br>Forumul a fost primit cu mult\u0103 simpatie \u0219i cu toat\u0103 sus\u021binerea \u0219i \u00een comentariile de pe internet. Tinerii sunt, ca \u00eentotdeauna, inventivi \u0219i plini de imagina\u021bie.<br>Forumul a prezentat propuneri pentru forme comune de turism de-a lungul traseului Via Carpathia: turism \u00een natur\u0103, ciclism, canotaj, yachting, drume\u021bii sau turism cultural - bazat pe patrimoniu.<br>Acesta este doar rezultatul unei zile de conferin\u021b\u0103.<br>Cu toate acestea, f\u0103r\u0103 \u0219tirea tinerilor participan\u021bi \u0219i a participan\u021bilor adul\u021bi la conferin\u021b\u0103, organizatorii aveau \u00een rezerv\u0103 dou\u0103 proiecte majore.<\/em><\/p>\n\n\n\n<p class=\"has-medium-font-size\"><strong>Via Culturalia \u0219i Crimson Route<\/strong><\/p>\n\n\n\n<p class=\"has-medium-font-size\"><em>Primul dintre acestea, care ar trebui s\u0103 fie prezentat la cel de-al doilea Forum al Tineretului din 2021, este un proiect numit \"Via Culturalia\".<br>Potrivit ini\u021biatorului, directorul Palatului \u0141a\u0144cut, Wit Wojtowicz, acesta ar fi un traseu de-a lungul C\u0103ii Carpa\u021bilor, care ar ar\u0103ta patrimoniul cultural al diferitelor na\u021biuni aflate de-a lungul acestei rute interna\u021bionale. Coexisten\u021ba culturilor din Grecia p\u00e2n\u0103 \u00een Lituania, \u00eentrep\u0103trunderea lor, inspira\u021biile reciproce, eforturile de documentare ale institu\u021biilor guvernamentale, \u0219tiin\u021bifice \u0219i interna\u021bionale contemporane.<br>Sper c\u0103 organizatorii conferin\u021bei \u00eel vor invita pe Vit Wojtowicz s\u0103 prezinte un pachet de activit\u0103\u021bi ini\u021biale \u0219i o schi\u021b\u0103 a activit\u0103\u021bilor viitoare planificate.<br>Trebuie amintit c\u0103 proiectul Via Culturalia a fost discutat ini\u021bial la \u0141a\u0144cut, la 20 octombrie 2019, \u00een cadrul unei \u00eent\u00e2lniri care a durat mai multe ore, la invita\u021bia lui Wit Wojtowicz. Acest lucru a fost informat imediat de c\u0103tre deputatul Marek Kuchcinski pe pagina sa de Facebook.<\/em><\/p>\n\n\n\n<figure class=\"wp-block-image size-large\"><img fetchpriority=\"high\" decoding=\"async\" width=\"1024\" height=\"499\" src=\"https:\/\/marekkuchcinski.pl\/wp-content\/uploads\/2020\/07\/A.M-2-1024x499-1.jpg\" alt=\"Obrazek posiada pusty atrybut alt; plik o nazwie A.M-2-1024x499.jpg\" class=\"wp-image-19095\" srcset=\"https:\/\/marekkuchcinski.pl\/wp-content\/uploads\/2020\/07\/A.M-2-1024x499-1.jpg 1024w, https:\/\/marekkuchcinski.pl\/wp-content\/uploads\/2020\/07\/A.M-2-1024x499-1-300x146.jpg 300w, https:\/\/marekkuchcinski.pl\/wp-content\/uploads\/2020\/07\/A.M-2-1024x499-1-768x374.jpg 768w\" sizes=\"(max-width: 1024px) 100vw, 1024px\" \/><figcaption><em>Sf\u00e2r\u0219itul traseului Crimson: statuia lui Alexandru al Macedoniei, Salonic, pe fundalul Muntelui Olimp. Pentru: Wikimedia Commons: konstantionos kolimpa&nbsp;&nbsp;<\/em><\/figcaption><\/figure>\n\n\n\n<p class=\"has-medium-font-size\"><em>Cel de-al doilea proiect - ca parte a Via Culturalii - a fost dezvoltat de un participant la \u00eent\u00e2lnirea de la Lancut, Andrzej Mazur, autorul megastrategiei \"Ecopolitica Przemy\u015bl p\u00e2n\u0103 \u00een 2160-2170\", care s-a \u00eent\u00e2mplat s\u0103 s\u0103rb\u0103toreasc\u0103 45 de ani de drume\u021bii pe traseele Parcului peisagistic Przemysl Foothills \u00een 2019. Scriu aici la persoana a treia pentru a sublinia faptul c\u0103 am fost doar una dintre multele persoane care au participat la \u00eent\u00e2lnirea de la \u0141a\u0144cut \u0219i c\u0103 nici eu nu am inventat traseele Foothills, ci le-am descoperit pe o hart\u0103 pe care am cump\u0103rat-o \u00een Przemy\u015bl \u00een 1975.<br>Aceasta este o propunere pentru un traseu turistic de-a lungul Via Carpathia, de la Spit Curonian, un sit UNESCO, p\u00e2n\u0103 la Salonic, un sit UNESCO, trec\u00e2nd prin locuri naturale frumoase \u0219i monumente de arhitectur\u0103 renascentist\u0103, sub numele de \"Ruta Crimson\".<br>Traseul este conceput pentru un drume\u021b obi\u0219nuit, inclusiv pentru persoanele \u00een v\u00e2rst\u0103 de peste 60 de ani, turi\u0219ti cu motociclete (c\u0103l\u0103re\u021bi) \u0219i chiar, pe anumite segmente, mame cu copii.<br>O hart\u0103 preliminar\u0103 a traseului Crimson a fost deja afi\u0219at\u0103 pe Facebook \u0219i pe internet. O secven\u021b\u0103 de cl\u0103diri renascentiste a devenit principala sa tr\u0103s\u0103tur\u0103 cultural\u0103, steagul s\u0103u de identificare, nucleul s\u0103u dur.&nbsp;<br>Traseul din sec\u021biunea polonez\u0103 trece, printre altele, prin monumente istorice: Krasiczyn, Cetatea Przemy\u015bl, Ora\u0219ul Vechi din Przemy\u015bl, \u0141a\u0144cut, Koz\u0142\u00f3wka, \u0219i situri UNESCO: P\u0103durea Bia\u0142ystok, Zamo\u015b\u0107.<br>Se propune vizitarea pe traseu a Centrului European de Practici Teatrale al lui W\u0142odzimierz Staniewski din Gardzienice, avansat \u00een lectura coreei grece\u0219ti (art\u0103 dramatic\u0103 \u0219i c\u00e2ntec), a celui mai bun fabricant de tobe din Polonia, Zenon Nadolski, \u00een Zawadka, \u00een regiunea Podkarpacie, cunoa\u0219terea traseelor turistice deosebite din Parcul Na\u021bional Turnicki din cadrul proiectului, a resurselor Gr\u0103dinii Botanice ARBORETUM din Bolestraszyce, precum \u0219i a complexului compact al Rena\u0219terii poloneze - ora\u0219ul vechi din Lublin. Proiectul a fost prezentat \u00een cadrul materialelor conferin\u021bei Europa Karpaty 2020 sub forma unui comunicat \u0219i publicat pe internet cu acordul organizatorilor.<\/em><\/p>\n\n\n\n<p class=\"has-medium-font-size\"><strong><em>Dialog, cooperare \u0219i planuri comune ale Forumului Tinerilor, Via Culturalia \u0219i Crimson Route<\/em><\/strong><\/p>\n\n\n\n<p class=\"has-medium-font-size\"><em>Ar fi benefic ca autorii Via Culturalii, ruta purpurie, s\u0103 \u00ee\u0219i prezinte planurile \u00een 2021, \u00een cadrul celui de-al doilea Forum al Tinerilor. Iar pe l\u00e2ng\u0103 ace\u0219tia, autorii proiectelor de tineret: ap\u0103, munte, muzeu, muzeu \u00een aer liber \u0219i trasee \u0219i piste de biciclete. Probabil din toate \u021b\u0103rile aflate de-a lungul traseului Via Carpathia. Ar fi creat\u0103 astfel o hart\u0103 optim\u0103 a proiectelor. Vor ap\u0103rea comitete care s\u0103 coordoneze activitatea ulterioar\u0103 (echipe, editori). Ar putea fi create profiluri pe Facebook, bloguri tematice sau site-uri web.&nbsp;<br>\u00cen acest fel, ar exista posibilitatea ca, odat\u0103 cu finalizarea C\u0103ii Carpa\u021bilor 2023-2024, toate traseele istorice \u0219i turistice s\u0103 fie finalizate din punct de vedere al designului. Iar acestea ar putea fi prezentate publicului european \u0219i mondial prin intermediul site-urilor, bro\u0219urilor, pliantelor, timbrelor, gadget-urilor. \u0218i, de asemenea, la conferin\u021be locale, na\u021bionale \u0219i interna\u021bionale.&nbsp;&nbsp;&nbsp;&nbsp;&nbsp;<br>Personal, nu v\u0103d niciun obstacol pentru conferin\u021bele din 2022, 2023, 2024 ca autorii proiectelor de tineret, precum \u0219i Via Culturalia \u0219i Crimson Route s\u0103 nu ofere o actualizare a stadiului actual al lucr\u0103rilor, ar\u0103t\u00e2nd evolu\u021bia propunerilor lor.<\/em><\/p>\n\n\n\n<p class=\"has-medium-font-size\"><em>Un traseu Via Culturalia care s\u0103 documenteze dezvoltarea formelor culturale de la premisele grece\u0219ti p\u00e2n\u0103 la imitarea \u0219i muta\u021bia lor \u00een secolele urm\u0103toare \u00een lumea elenistic\u0103, Pax Romana \u0219i \u00een zonele din Europa carpatic\u0103 ar fi de o importan\u021b\u0103 strategic\u0103 pentru to\u021bi cet\u0103\u021benii europeni \u0219i pentru opinia public\u0103 mondial\u0103.<br>\u00cenchei acest text cu alte h\u0103r\u021bi - de la Universitatea Johns Hopkins \u0219i de la Worldometers - care arat\u0103 drama na\u021biunilor din Europa \u0219i din lume \u00een lupta cu virusul insidios \u0219i \u00een evolu\u021bie rapid\u0103 Covid 19.<br>\u0218i cred c\u0103 aceasta este o motiva\u021bie suplimentar\u0103 foarte puternic\u0103 pentru continuarea conferin\u021belor. Acestea au fost concepute ca un forum de cunoa\u0219tere reciproc\u0103, de integrare \u0219i de schimb de experien\u021b\u0103 pentru a planifica \u00eempreun\u0103 dezvoltarea durabil\u0103 \u0219i o ordine ecologic\u0103 care s\u0103 fie \u00een beneficiul tuturor. Cu un accent poate nu explicit, dar evident: solidaritatea, subliniind soarta adesea comun\u0103, r\u0103d\u0103cinile culturale apropiate exprimate \u00een c\u00e2ntecele, literatura, poezia \u0219i construc\u021bia lor.<br>Cred, de asemenea, c\u0103 Via Culturalia \u0219i Drumul Crimsonului intuite ca o presupunere apriori, dar \u00een acela\u0219i timp \u021bin\u00e2ndu-se ferm de obiectele culturale materiale \u0219i de traseele pitore\u0219ti, arat\u0103 un anumit mod (Via) de a ra\u021biona \u0219i o anumit\u0103 cale (Route) de a \u00eenv\u0103\u021ba despre cultura european\u0103 \u0219i dezvoltarea ei ulterioar\u0103. Culoarea Carpa\u021bilor \u00ee\u0219i poate imprima aici originalitatea.<\/em><\/p>\n\n\n\n<p class=\"has-medium-font-size\"><em>Propunere pentru Ruta Crimson - comunicare pentru conferin\u021ba Przemy\u015bl\/Krasiczyn 2020 cu biografia autorului<br>Link: <a rel=\"noreferrer noopener\" href=\"https:\/\/www.salon24.pl\/u\/prognozy2030\/1035432,crimson-route-komunikat-na-konferencje-europa-karpat-21-02-2020\" target=\"_blank\">https:\/\/www.salon24.pl\/u\/prognozy2030\/1035432,crimson-route-komunikat-na-konferencje-europa-karpat-21-02-2020<\/a><\/em><\/p>\n\n\n\n<div class=\"wp-block-image\"><figure class=\"alignleft size-large is-resized\"><img decoding=\"async\" src=\"https:\/\/marekkuchcinski.pl\/wp-content\/uploads\/2020\/07\/47112801_603023990115243_4700187496053473280_n.jpg\" alt=\"\" class=\"wp-image-19096\" width=\"282\" height=\"318\" srcset=\"https:\/\/marekkuchcinski.pl\/wp-content\/uploads\/2020\/07\/47112801_603023990115243_4700187496053473280_n.jpg 366w, https:\/\/marekkuchcinski.pl\/wp-content\/uploads\/2020\/07\/47112801_603023990115243_4700187496053473280_n-267x300.jpg 267w\" sizes=\"(max-width: 282px) 100vw, 282px\" \/><figcaption>Andrew Mazur. Expert independent, blogger, drume\u021b. Stagiar la Institutul de actorie<br>Teatrul Laborator Jerzy Grotowski din Wroc\u0142aw \u00een domeniul parateatrului,<br>Redactor-\u0219ef al revistei online Poetry&amp;Paratheatre 2010-.<br>B. PNK UNESCO MaB Programme \u0219i expert PAN. \u00cen 2004 a publicat<br>\"Metodologia \u0219tiin\u021belor \u0219i strategiilor ecologice\". Participant la festivalurile din Przemysl<br>Poezie 2010, 2012, 2014, 2015, 2018.<\/figcaption><\/figure><\/div>","protected":false},"excerpt":{"rendered":"<p>Andrzej Mazur - voce \u00een discu\u021bie. \u00centrebarea este pur retoric\u0103, deoarece \u00een leg\u0103tur\u0103 cu dezvoltarea traseului interna\u021bional Via Carpathia Klaip\u0117da - Salonic, nu vor lipsi subiectele pentru anii urm\u0103tori.Cu toate acestea, \u00een ceea ce prive\u0219te programul pentru anul 2021, ar fi bine s\u0103 ne referim la proiectul de viitor legat de Primul Forum Interna\u021bional pentru Cooperare \u00eentre Tineret din Carpa\u021bi \u0219i Ini\u021biativa Trilateral\u0103 de Cooperare \u00eentre Tineret din Carpa\u021bi \u0219i [...]<\/p>","protected":false},"author":17,"featured_media":19095,"comment_status":"open","ping_status":"open","sticky":false,"template":"","format":"standard","meta":{"ngg_post_thumbnail":0,"footnotes":""},"categories":[78,177,49,3],"tags":[],"class_list":["post-19090","post","type-post","status-publish","format-standard","has-post-thumbnail","hentry","category-europa-karpat","category-europa-karpat-dyskusja","category-podkarpacie","category-wydarzenia"],"yoast_head":"<!-- This site is optimized with the Yoast SEO plugin v24.7 - https:\/\/yoast.com\/wordpress\/plugins\/seo\/ -->\n<title>Czy ju\u017c rysuje si\u0119 program na konferencj\u0119 \u201eEuropa Karpat 2021&quot;? &#8211; Marek Kuchci\u0144ski<\/title>\n<meta name=\"robots\" content=\"index, follow, max-snippet:-1, max-image-preview:large, max-video-preview:-1\" \/>\n<link rel=\"canonical\" href=\"https:\/\/marekkuchcinski.pl\/ro\/europa-karpat\/europa-karpat-dyskusja\/czy-juz-rysuje-sie-program-na-konferencje-europa-karpat-2021\/\" \/>\n<meta property=\"og:locale\" content=\"ro_RO\" \/>\n<meta property=\"og:type\" content=\"article\" \/>\n<meta property=\"og:title\" content=\"Czy ju\u017c rysuje si\u0119 program na konferencj\u0119 \u201eEuropa Karpat 2021&quot;? &#8211; Marek Kuchci\u0144ski\" \/>\n<meta property=\"og:description\" content=\"Andrzej Mazur \u2013 g\u0142os w dyskusji. Pytanie jest czysto retoryczne, bo w zwi\u0105zku z rozwojem mi\u0119dzynarodowej trasy Via Carpathia K\u0142ajpeda &#8211; Saloniki temat\u00f3w nie b\u0119dzie brakowa\u0107 na lata.Niemniej je\u015bli idzie o program na rok 2021, dobrze by\u0142oby nawi\u0105za\u0107 do przysz\u0142o\u015bciowego projektu zwi\u0105zanego z I Mi\u0119dzynarodowym Forum Wsp\u00f3\u0142pracy M\u0142odych Obszaru Karpat i Inicjatywy Tr\u00f3jmorza, z dnia [&hellip;]\" \/>\n<meta property=\"og:url\" content=\"https:\/\/marekkuchcinski.pl\/ro\/europa-karpat\/europa-karpat-dyskusja\/czy-juz-rysuje-sie-program-na-konferencje-europa-karpat-2021\/\" \/>\n<meta property=\"og:site_name\" content=\"Marek Kuchci\u0144ski\" \/>\n<meta property=\"article:published_time\" content=\"2020-04-08T16:55:29+00:00\" \/>\n<meta property=\"article:modified_time\" content=\"2020-07-05T17:03:49+00:00\" \/>\n<meta property=\"og:image\" content=\"https:\/\/marekkuchcinski.pl\/wp-content\/uploads\/2020\/07\/A.M-2-1024x499-1.jpg\" \/>\n\t<meta property=\"og:image:width\" content=\"1024\" \/>\n\t<meta property=\"og:image:height\" content=\"499\" \/>\n\t<meta property=\"og:image:type\" content=\"image\/jpeg\" \/>\n<meta name=\"author\" content=\"Tomasz \u0141acina\" \/>\n<meta name=\"twitter:card\" content=\"summary_large_image\" \/>\n<meta name=\"twitter:label1\" content=\"Scris de\" \/>\n\t<meta name=\"twitter:data1\" content=\"Tomasz \u0141acina\" \/>\n\t<meta name=\"twitter:label2\" content=\"Timp estimat pentru citire\" \/>\n\t<meta name=\"twitter:data2\" content=\"6 minutes\" \/>\n<script type=\"application\/ld+json\" class=\"yoast-schema-graph\">{\"@context\":\"https:\/\/schema.org\",\"@graph\":[{\"@type\":\"Article\",\"@id\":\"https:\/\/marekkuchcinski.pl\/europa-karpat\/europa-karpat-dyskusja\/czy-juz-rysuje-sie-program-na-konferencje-europa-karpat-2021\/#article\",\"isPartOf\":{\"@id\":\"https:\/\/marekkuchcinski.pl\/europa-karpat\/europa-karpat-dyskusja\/czy-juz-rysuje-sie-program-na-konferencje-europa-karpat-2021\/\"},\"author\":{\"name\":\"Tomasz \u0141acina\",\"@id\":\"https:\/\/marekkuchcinski.pl\/#\/schema\/person\/b8a29fe7813098f7be78801d029910a7\"},\"headline\":\"Czy ju\u017c rysuje si\u0119 program na konferencj\u0119 \u201eEuropa Karpat 2021&#8243;?\",\"datePublished\":\"2020-04-08T16:55:29+00:00\",\"dateModified\":\"2020-07-05T17:03:49+00:00\",\"mainEntityOfPage\":{\"@id\":\"https:\/\/marekkuchcinski.pl\/europa-karpat\/europa-karpat-dyskusja\/czy-juz-rysuje-sie-program-na-konferencje-europa-karpat-2021\/\"},\"wordCount\":1128,\"commentCount\":0,\"publisher\":{\"@id\":\"https:\/\/marekkuchcinski.pl\/#organization\"},\"image\":{\"@id\":\"https:\/\/marekkuchcinski.pl\/europa-karpat\/europa-karpat-dyskusja\/czy-juz-rysuje-sie-program-na-konferencje-europa-karpat-2021\/#primaryimage\"},\"thumbnailUrl\":\"https:\/\/marekkuchcinski.pl\/wp-content\/uploads\/2020\/07\/A.M-2-1024x499-1.jpg\",\"articleSection\":[\"Europa Karpat\",\"Europa Karpat \u2013 dyskusja\",\"Podkarpacie\",\"Wydarzenia\"],\"inLanguage\":\"ro-RO\",\"potentialAction\":[{\"@type\":\"CommentAction\",\"name\":\"Comment\",\"target\":[\"https:\/\/marekkuchcinski.pl\/europa-karpat\/europa-karpat-dyskusja\/czy-juz-rysuje-sie-program-na-konferencje-europa-karpat-2021\/#respond\"]}]},{\"@type\":\"WebPage\",\"@id\":\"https:\/\/marekkuchcinski.pl\/europa-karpat\/europa-karpat-dyskusja\/czy-juz-rysuje-sie-program-na-konferencje-europa-karpat-2021\/\",\"url\":\"https:\/\/marekkuchcinski.pl\/europa-karpat\/europa-karpat-dyskusja\/czy-juz-rysuje-sie-program-na-konferencje-europa-karpat-2021\/\",\"name\":\"Czy ju\u017c rysuje si\u0119 program na konferencj\u0119 \u201eEuropa Karpat 2021\\\"? &#8211; Marek Kuchci\u0144ski\",\"isPartOf\":{\"@id\":\"https:\/\/marekkuchcinski.pl\/#website\"},\"primaryImageOfPage\":{\"@id\":\"https:\/\/marekkuchcinski.pl\/europa-karpat\/europa-karpat-dyskusja\/czy-juz-rysuje-sie-program-na-konferencje-europa-karpat-2021\/#primaryimage\"},\"image\":{\"@id\":\"https:\/\/marekkuchcinski.pl\/europa-karpat\/europa-karpat-dyskusja\/czy-juz-rysuje-sie-program-na-konferencje-europa-karpat-2021\/#primaryimage\"},\"thumbnailUrl\":\"https:\/\/marekkuchcinski.pl\/wp-content\/uploads\/2020\/07\/A.M-2-1024x499-1.jpg\",\"datePublished\":\"2020-04-08T16:55:29+00:00\",\"dateModified\":\"2020-07-05T17:03:49+00:00\",\"breadcrumb\":{\"@id\":\"https:\/\/marekkuchcinski.pl\/europa-karpat\/europa-karpat-dyskusja\/czy-juz-rysuje-sie-program-na-konferencje-europa-karpat-2021\/#breadcrumb\"},\"inLanguage\":\"ro-RO\",\"potentialAction\":[{\"@type\":\"ReadAction\",\"target\":[\"https:\/\/marekkuchcinski.pl\/europa-karpat\/europa-karpat-dyskusja\/czy-juz-rysuje-sie-program-na-konferencje-europa-karpat-2021\/\"]}]},{\"@type\":\"ImageObject\",\"inLanguage\":\"ro-RO\",\"@id\":\"https:\/\/marekkuchcinski.pl\/europa-karpat\/europa-karpat-dyskusja\/czy-juz-rysuje-sie-program-na-konferencje-europa-karpat-2021\/#primaryimage\",\"url\":\"https:\/\/marekkuchcinski.pl\/wp-content\/uploads\/2020\/07\/A.M-2-1024x499-1.jpg\",\"contentUrl\":\"https:\/\/marekkuchcinski.pl\/wp-content\/uploads\/2020\/07\/A.M-2-1024x499-1.jpg\",\"width\":1024,\"height\":499},{\"@type\":\"BreadcrumbList\",\"@id\":\"https:\/\/marekkuchcinski.pl\/europa-karpat\/europa-karpat-dyskusja\/czy-juz-rysuje-sie-program-na-konferencje-europa-karpat-2021\/#breadcrumb\",\"itemListElement\":[{\"@type\":\"ListItem\",\"position\":1,\"name\":\"Strona g\u0142\u00f3wna\",\"item\":\"https:\/\/marekkuchcinski.pl\/\"},{\"@type\":\"ListItem\",\"position\":2,\"name\":\"Czy ju\u017c rysuje si\u0119 program na konferencj\u0119 \u201eEuropa Karpat 2021&#8243;?\"}]},{\"@type\":\"WebSite\",\"@id\":\"https:\/\/marekkuchcinski.pl\/#website\",\"url\":\"https:\/\/marekkuchcinski.pl\/\",\"name\":\"Marek Kuchci\u0144ski\",\"description\":\"Pose\u0142 na sejm RP &ndash; okr\u0119g nr 22\",\"publisher\":{\"@id\":\"https:\/\/marekkuchcinski.pl\/#organization\"},\"potentialAction\":[{\"@type\":\"SearchAction\",\"target\":{\"@type\":\"EntryPoint\",\"urlTemplate\":\"https:\/\/marekkuchcinski.pl\/?s={search_term_string}\"},\"query-input\":{\"@type\":\"PropertyValueSpecification\",\"valueRequired\":true,\"valueName\":\"search_term_string\"}}],\"inLanguage\":\"ro-RO\"},{\"@type\":\"Organization\",\"@id\":\"https:\/\/marekkuchcinski.pl\/#organization\",\"name\":\"Marek Kuchci\u0144ski\",\"url\":\"https:\/\/marekkuchcinski.pl\/\",\"logo\":{\"@type\":\"ImageObject\",\"inLanguage\":\"ro-RO\",\"@id\":\"https:\/\/marekkuchcinski.pl\/#\/schema\/logo\/image\/\",\"url\":\"https:\/\/marekkuchcinski.pl\/wp-content\/uploads\/2022\/09\/Marek.jpg\",\"contentUrl\":\"https:\/\/marekkuchcinski.pl\/wp-content\/uploads\/2022\/09\/Marek.jpg\",\"width\":1600,\"height\":971,\"caption\":\"Marek Kuchci\u0144ski\"},\"image\":{\"@id\":\"https:\/\/marekkuchcinski.pl\/#\/schema\/logo\/image\/\"}},{\"@type\":\"Person\",\"@id\":\"https:\/\/marekkuchcinski.pl\/#\/schema\/person\/b8a29fe7813098f7be78801d029910a7\",\"name\":\"Tomasz \u0141acina\",\"image\":{\"@type\":\"ImageObject\",\"inLanguage\":\"ro-RO\",\"@id\":\"https:\/\/marekkuchcinski.pl\/#\/schema\/person\/image\/\",\"url\":\"https:\/\/secure.gravatar.com\/avatar\/22e75f6c51aff77a676ed77dd222f852?s=96&d=mm&r=g\",\"contentUrl\":\"https:\/\/secure.gravatar.com\/avatar\/22e75f6c51aff77a676ed77dd222f852?s=96&d=mm&r=g\",\"caption\":\"Tomasz \u0141acina\"},\"url\":\"https:\/\/marekkuchcinski.pl\/ro\/author\/tomek-lacina\/\"}]}<\/script>\n<!-- \/ Yoast SEO plugin. -->","yoast_head_json":{"title":"Czy ju\u017c rysuje si\u0119 program na konferencj\u0119 \u201eEuropa Karpat 2021\"? &#8211; Marek Kuchci\u0144ski","robots":{"index":"index","follow":"follow","max-snippet":"max-snippet:-1","max-image-preview":"max-image-preview:large","max-video-preview":"max-video-preview:-1"},"canonical":"https:\/\/marekkuchcinski.pl\/ro\/europa-karpat\/europa-karpat-dyskusja\/czy-juz-rysuje-sie-program-na-konferencje-europa-karpat-2021\/","og_locale":"ro_RO","og_type":"article","og_title":"Czy ju\u017c rysuje si\u0119 program na konferencj\u0119 \u201eEuropa Karpat 2021\"? &#8211; Marek Kuchci\u0144ski","og_description":"Andrzej Mazur \u2013 g\u0142os w dyskusji. Pytanie jest czysto retoryczne, bo w zwi\u0105zku z rozwojem mi\u0119dzynarodowej trasy Via Carpathia K\u0142ajpeda &#8211; Saloniki temat\u00f3w nie b\u0119dzie brakowa\u0107 na lata.Niemniej je\u015bli idzie o program na rok 2021, dobrze by\u0142oby nawi\u0105za\u0107 do przysz\u0142o\u015bciowego projektu zwi\u0105zanego z I Mi\u0119dzynarodowym Forum Wsp\u00f3\u0142pracy M\u0142odych Obszaru Karpat i Inicjatywy Tr\u00f3jmorza, z dnia [&hellip;]","og_url":"https:\/\/marekkuchcinski.pl\/ro\/europa-karpat\/europa-karpat-dyskusja\/czy-juz-rysuje-sie-program-na-konferencje-europa-karpat-2021\/","og_site_name":"Marek Kuchci\u0144ski","article_published_time":"2020-04-08T16:55:29+00:00","article_modified_time":"2020-07-05T17:03:49+00:00","og_image":[{"width":1024,"height":499,"url":"https:\/\/marekkuchcinski.pl\/wp-content\/uploads\/2020\/07\/A.M-2-1024x499-1.jpg","type":"image\/jpeg"}],"author":"Tomasz \u0141acina","twitter_card":"summary_large_image","twitter_misc":{"Scris de":"Tomasz \u0141acina","Timp estimat pentru citire":"6 minutes"},"schema":{"@context":"https:\/\/schema.org","@graph":[{"@type":"Article","@id":"https:\/\/marekkuchcinski.pl\/europa-karpat\/europa-karpat-dyskusja\/czy-juz-rysuje-sie-program-na-konferencje-europa-karpat-2021\/#article","isPartOf":{"@id":"https:\/\/marekkuchcinski.pl\/europa-karpat\/europa-karpat-dyskusja\/czy-juz-rysuje-sie-program-na-konferencje-europa-karpat-2021\/"},"author":{"name":"Tomasz \u0141acina","@id":"https:\/\/marekkuchcinski.pl\/#\/schema\/person\/b8a29fe7813098f7be78801d029910a7"},"headline":"Czy ju\u017c rysuje si\u0119 program na konferencj\u0119 \u201eEuropa Karpat 2021&#8243;?","datePublished":"2020-04-08T16:55:29+00:00","dateModified":"2020-07-05T17:03:49+00:00","mainEntityOfPage":{"@id":"https:\/\/marekkuchcinski.pl\/europa-karpat\/europa-karpat-dyskusja\/czy-juz-rysuje-sie-program-na-konferencje-europa-karpat-2021\/"},"wordCount":1128,"commentCount":0,"publisher":{"@id":"https:\/\/marekkuchcinski.pl\/#organization"},"image":{"@id":"https:\/\/marekkuchcinski.pl\/europa-karpat\/europa-karpat-dyskusja\/czy-juz-rysuje-sie-program-na-konferencje-europa-karpat-2021\/#primaryimage"},"thumbnailUrl":"https:\/\/marekkuchcinski.pl\/wp-content\/uploads\/2020\/07\/A.M-2-1024x499-1.jpg","articleSection":["Europa Karpat","Europa Karpat \u2013 dyskusja","Podkarpacie","Wydarzenia"],"inLanguage":"ro-RO","potentialAction":[{"@type":"CommentAction","name":"Comment","target":["https:\/\/marekkuchcinski.pl\/europa-karpat\/europa-karpat-dyskusja\/czy-juz-rysuje-sie-program-na-konferencje-europa-karpat-2021\/#respond"]}]},{"@type":"WebPage","@id":"https:\/\/marekkuchcinski.pl\/europa-karpat\/europa-karpat-dyskusja\/czy-juz-rysuje-sie-program-na-konferencje-europa-karpat-2021\/","url":"https:\/\/marekkuchcinski.pl\/europa-karpat\/europa-karpat-dyskusja\/czy-juz-rysuje-sie-program-na-konferencje-europa-karpat-2021\/","name":"Czy ju\u017c rysuje si\u0119 program na konferencj\u0119 \u201eEuropa Karpat 2021\"? &#8211; Marek Kuchci\u0144ski","isPartOf":{"@id":"https:\/\/marekkuchcinski.pl\/#website"},"primaryImageOfPage":{"@id":"https:\/\/marekkuchcinski.pl\/europa-karpat\/europa-karpat-dyskusja\/czy-juz-rysuje-sie-program-na-konferencje-europa-karpat-2021\/#primaryimage"},"image":{"@id":"https:\/\/marekkuchcinski.pl\/europa-karpat\/europa-karpat-dyskusja\/czy-juz-rysuje-sie-program-na-konferencje-europa-karpat-2021\/#primaryimage"},"thumbnailUrl":"https:\/\/marekkuchcinski.pl\/wp-content\/uploads\/2020\/07\/A.M-2-1024x499-1.jpg","datePublished":"2020-04-08T16:55:29+00:00","dateModified":"2020-07-05T17:03:49+00:00","breadcrumb":{"@id":"https:\/\/marekkuchcinski.pl\/europa-karpat\/europa-karpat-dyskusja\/czy-juz-rysuje-sie-program-na-konferencje-europa-karpat-2021\/#breadcrumb"},"inLanguage":"ro-RO","potentialAction":[{"@type":"ReadAction","target":["https:\/\/marekkuchcinski.pl\/europa-karpat\/europa-karpat-dyskusja\/czy-juz-rysuje-sie-program-na-konferencje-europa-karpat-2021\/"]}]},{"@type":"ImageObject","inLanguage":"ro-RO","@id":"https:\/\/marekkuchcinski.pl\/europa-karpat\/europa-karpat-dyskusja\/czy-juz-rysuje-sie-program-na-konferencje-europa-karpat-2021\/#primaryimage","url":"https:\/\/marekkuchcinski.pl\/wp-content\/uploads\/2020\/07\/A.M-2-1024x499-1.jpg","contentUrl":"https:\/\/marekkuchcinski.pl\/wp-content\/uploads\/2020\/07\/A.M-2-1024x499-1.jpg","width":1024,"height":499},{"@type":"BreadcrumbList","@id":"https:\/\/marekkuchcinski.pl\/europa-karpat\/europa-karpat-dyskusja\/czy-juz-rysuje-sie-program-na-konferencje-europa-karpat-2021\/#breadcrumb","itemListElement":[{"@type":"ListItem","position":1,"name":"Strona g\u0142\u00f3wna","item":"https:\/\/marekkuchcinski.pl\/"},{"@type":"ListItem","position":2,"name":"Czy ju\u017c rysuje si\u0119 program na konferencj\u0119 \u201eEuropa Karpat 2021&#8243;?"}]},{"@type":"WebSite","@id":"https:\/\/marekkuchcinski.pl\/#website","url":"https:\/\/marekkuchcinski.pl\/","name":"Marek Kuchci\u0144ski","description":"Pose\u0142 na sejm RP &ndash; okr\u0119g nr 22","publisher":{"@id":"https:\/\/marekkuchcinski.pl\/#organization"},"potentialAction":[{"@type":"SearchAction","target":{"@type":"EntryPoint","urlTemplate":"https:\/\/marekkuchcinski.pl\/?s={search_term_string}"},"query-input":{"@type":"PropertyValueSpecification","valueRequired":true,"valueName":"search_term_string"}}],"inLanguage":"ro-RO"},{"@type":"Organization","@id":"https:\/\/marekkuchcinski.pl\/#organization","name":"Marek Kuchci\u0144ski","url":"https:\/\/marekkuchcinski.pl\/","logo":{"@type":"ImageObject","inLanguage":"ro-RO","@id":"https:\/\/marekkuchcinski.pl\/#\/schema\/logo\/image\/","url":"https:\/\/marekkuchcinski.pl\/wp-content\/uploads\/2022\/09\/Marek.jpg","contentUrl":"https:\/\/marekkuchcinski.pl\/wp-content\/uploads\/2022\/09\/Marek.jpg","width":1600,"height":971,"caption":"Marek Kuchci\u0144ski"},"image":{"@id":"https:\/\/marekkuchcinski.pl\/#\/schema\/logo\/image\/"}},{"@type":"Person","@id":"https:\/\/marekkuchcinski.pl\/#\/schema\/person\/b8a29fe7813098f7be78801d029910a7","name":"Tomasz \u0141acina","image":{"@type":"ImageObject","inLanguage":"ro-RO","@id":"https:\/\/marekkuchcinski.pl\/#\/schema\/person\/image\/","url":"https:\/\/secure.gravatar.com\/avatar\/22e75f6c51aff77a676ed77dd222f852?s=96&d=mm&r=g","contentUrl":"https:\/\/secure.gravatar.com\/avatar\/22e75f6c51aff77a676ed77dd222f852?s=96&d=mm&r=g","caption":"Tomasz \u0141acina"},"url":"https:\/\/marekkuchcinski.pl\/ro\/author\/tomek-lacina\/"}]}},"_links":{"self":[{"href":"https:\/\/marekkuchcinski.pl\/ro\/wp-json\/wp\/v2\/posts\/19090","targetHints":{"allow":["GET"]}}],"collection":[{"href":"https:\/\/marekkuchcinski.pl\/ro\/wp-json\/wp\/v2\/posts"}],"about":[{"href":"https:\/\/marekkuchcinski.pl\/ro\/wp-json\/wp\/v2\/types\/post"}],"author":[{"embeddable":true,"href":"https:\/\/marekkuchcinski.pl\/ro\/wp-json\/wp\/v2\/users\/17"}],"replies":[{"embeddable":true,"href":"https:\/\/marekkuchcinski.pl\/ro\/wp-json\/wp\/v2\/comments?post=19090"}],"version-history":[{"count":5,"href":"https:\/\/marekkuchcinski.pl\/ro\/wp-json\/wp\/v2\/posts\/19090\/revisions"}],"predecessor-version":[{"id":19097,"href":"https:\/\/marekkuchcinski.pl\/ro\/wp-json\/wp\/v2\/posts\/19090\/revisions\/19097"}],"wp:featuredmedia":[{"embeddable":true,"href":"https:\/\/marekkuchcinski.pl\/ro\/wp-json\/wp\/v2\/media\/19095"}],"wp:attachment":[{"href":"https:\/\/marekkuchcinski.pl\/ro\/wp-json\/wp\/v2\/media?parent=19090"}],"wp:term":[{"taxonomy":"category","embeddable":true,"href":"https:\/\/marekkuchcinski.pl\/ro\/wp-json\/wp\/v2\/categories?post=19090"},{"taxonomy":"post_tag","embeddable":true,"href":"https:\/\/marekkuchcinski.pl\/ro\/wp-json\/wp\/v2\/tags?post=19090"}],"curies":[{"name":"wp","href":"https:\/\/api.w.org\/{rel}","templated":true}]}}