{"id":19081,"date":"2020-04-06T18:49:04","date_gmt":"2020-04-06T16:49:04","guid":{"rendered":"https:\/\/marek2.rkartist.pl\/?p=19081"},"modified":"2020-07-05T13:10:50","modified_gmt":"2020-07-05T11:10:50","slug":"maciej-szymanowski-glos-w-dyskusji-o-przyszlosci-europy-karpat","status":"publish","type":"post","link":"https:\/\/marekkuchcinski.pl\/ro\/europa-karpat\/maciej-szymanowski-glos-w-dyskusji-o-przyszlosci-europy-karpat\/","title":{"rendered":"Maciej Szymanowski - o voce \u00een discu\u021bia despre viitorul Europei carpatice"},"content":{"rendered":"<p class=\"has-medium-font-size\"><strong>Doamnelor \u0219i domnilor, <\/strong><\/p>\n\n\n\n<p class=\"has-text-align-left has-medium-font-size\">  &nbsp;&nbsp;&nbsp;&nbsp;&nbsp;&nbsp;&nbsp;&nbsp;&nbsp;&nbsp;&nbsp; \u00cemi face pl\u0103cere s\u0103 v\u0103 prezint prima voce \u00een discu\u021bia despre viitorul Europei carpatice, care \u00eei apar\u021bine lui Maciej Szymanowski, directorul Institutului Wac\u0142aw Felczak pentru cooperare polono-ungar\u0103 din Var\u0219ovia, la care v-am invitat cu un preambul pe site-ul meu la 2 aprilie 2020.<\/p>\n\n\n\n<p class=\"has-text-align-right has-normal-font-size\"><em>Marek Kuchci\u0144ski<\/em><\/p>\n\n\n\n<p class=\"has-text-align-center has-medium-font-size\"><strong><em>Europa Carpa\u021bilor<\/em><\/strong><\/p>\n\n\n\n<p class=\"has-text-align-center has-medium-font-size\"><strong><em>Viitorul. Europa Carpatic\u0103 ca Europa Central\u0103. Europa Carpatic\u0103 ca \"ige\"<\/em><\/strong><\/p>\n\n\n\n<p class=\"has-medium-font-size\"> &nbsp;&nbsp;&nbsp;&nbsp;&nbsp;&nbsp;&nbsp;&nbsp;&nbsp;&nbsp;&nbsp;<em> Scriem \u00een moduri diferite. Ca polonezi \u0219i europeni, scriem de la st\u00e2nga la dreapta. Dar \u00een multe alte culturi, cum ar fi cea arab\u0103 sau evreiasc\u0103, se scrie exact invers: de la dreapta la st\u00e2nga. \u00cen altele, cum ar fi cele chineze\u0219ti sau japoneze, se scrie \u00een mod tradi\u021bional: sus-jos. \u00cen fiecare dintre aceste culturi, \u00eens\u0103, exist\u0103 un proverb bine cunoscut: de la general la particular sau de la particular la general. C\u00e2teva g\u00e2nduri, pe care \u00eemi permit s\u0103 le trec mai jos, vor urma \u00een aceast\u0103 ultim\u0103 ordine. Din punctul meu de vedere, ele reflect\u0103 bine ceea ce reprezint\u0103 una dintre principalele valori ale conferin\u021bei Europa Carpatic\u0103 de ast\u0103zi \u0219i unde se afl\u0103 marele s\u0103u poten\u021bial pentru viitor. <\/em><\/p>\n\n\n\n<p class=\"has-medium-font-size\"><strong><em>IGE sau cuv\u00e2ntul ca ac\u021biune<\/em><\/strong><\/p>\n\n\n\n<p class=\"has-medium-font-size\"> &nbsp;&nbsp;&nbsp;&nbsp;&nbsp;&nbsp;&nbsp;&nbsp;&nbsp;&nbsp;&nbsp;<em> \"La \u00eenceput era Cuv\u00e2ntul\", afl\u0103m din Evanghelia Sf\u00e2ntului Ioan. Maghiarii folosesc \u00een acest citat nu termenul care \u00eenseamn\u0103 strict \"cuv\u00e2nt\" - \"sz\u00f3\", ci cuv\u00e2ntul \"ige\" - care \u00eenseamn\u0103 cuv\u00e2nt, dar \u0219i cuv\u00e2nt: \"verb\", \"mi\u0219care\". Carpathian Europe - aceast\u0103 serie de conferin\u021be care se desf\u0103\u0219oar\u0103 de mul\u021bi ani este un loc de \u00eent\u00e2lnire nu numai pentru oameni din diferite \u021b\u0103ri, ci mai ales pentru cei care \u00ee\u0219i formeaz\u0103 g\u00e2ndurile \u0219i folosesc cuv\u00e2ntul \"ige\". Cuv\u00e2nt \u00een spatele c\u0103ruia se afl\u0103 o idee, un proiect sau o ac\u021biune concret\u0103. Ar fi ap\u0103rut strategia de dezvoltare durabil\u0103 care se bucur\u0103 \u00een prezent de at\u00e2t de mult sprijin public \u00een Polonia f\u0103r\u0103 Europa Carpa\u021bilor? Este posibil. \u00centrebarea este c\u00e2nd? Sau mai degrab\u0103: c\u00e2t de mult mai t\u00e2rziu? Ar fi fost construit\u0103 o nou\u0103 rut\u0103 comercial\u0103 central-european\u0103, Via Carpathia, f\u0103r\u0103 Europa carpatic\u0103? Probabil c\u0103 da. Dar mai degrab\u0103 nu sub ochii no\u0219tri.<\/em><\/p>\n\n\n\n<p class=\"has-medium-font-size\"> &nbsp;&nbsp;&nbsp;&nbsp;&nbsp;&nbsp;&nbsp;&nbsp;&nbsp;&nbsp;&nbsp; <em>Spiritul \u0219i litera \"Conven\u021biei privind protec\u021bia \u0219i dezvoltarea durabil\u0103 a Carpa\u021bilor\", semnat\u0103 la Kiev (2003) sau ideea construirii traseului de transport transfrontalier Via Carpathia, care apare din 2013 \u00een aproape toate documentele semnate sub semnul Europei Carpatice, sunt exemple concrete ale modului \u00een care func\u021bioneaz\u0103 \u00een practic\u0103 formula adoptat\u0103 de conferin\u021ba \u00een cauz\u0103. Acest lucru se poate observa \u0219i \u00een discu\u021biile purtate la Europa Karpatia, care au dus la ideea \u00eenfiin\u021b\u0103rii Collegium Carphaticum. Schimbul de profesori \u0219i cursuri pe teme central-europene, de la geologie la \u0219tiin\u021be politice, are loc \u00een mod sistematic datorit\u0103 acordului \u00eencheiat \u00een 2017, la cea de-a 19-a edi\u021bie a conferin\u021bei, \u00eentre universit\u0103\u021bi din 6 \u021b\u0103ri: Cehia, Polonia, Rom\u00e2nia, Slovacia, Ucraina \u0219i Ungaria.<\/em><\/p>\n\n\n\n<p class=\"has-medium-font-size\"><strong><em>EUROPA CARPATIC\u0102 CA EUROPA CENTRAL\u0102<\/em><\/strong><\/p>\n\n\n\n<p class=\"has-medium-font-size\"> &nbsp;&nbsp;&nbsp;&nbsp;&nbsp;&nbsp;&nbsp;&nbsp;&nbsp;&nbsp;&nbsp; <em>Dup\u0103 cum \u0219ti\u021bi, exist\u0103 zeci de defini\u021bii ale Europei Centrale. Av\u00e2nd \u00een vedere c\u0103 \u00een total o duzin\u0103 de \u021b\u0103ri europene au marcat \u0219i comemorat centrul geografic al Europei pe teritoriul lor cu un obelisc comemorativ (cehii la Praga, slovacii la Kremnica, polonezii la Suchowola, ucrainenii la Dilove, ungurii la T\u00e1llya etc.), este probabil corect s\u0103 presupunem c\u0103 Europa Central\u0103 este acolo unde exist\u0103 a\u0219tept\u0103ri sociale, acolo unde oamenii o doresc. <\/em><\/p>\n\n\n\n<p class=\"has-medium-font-size\"> &nbsp;&nbsp;&nbsp;&nbsp;&nbsp;&nbsp;&nbsp;&nbsp;&nbsp;&nbsp;&nbsp; <em>Acesta este, \u00eentr-o oarecare m\u0103sur\u0103, \u0219i cazul Europei Carpa\u021bilor. Ea nu reune\u0219te at\u00e2t de mult reprezentan\u021bi ai \u021b\u0103rilor prin care trece acest lan\u021b muntos, ci \u00eei atrage mai degrab\u0103 pe cei pentru care muntele este un simbol al lucrurilor durabile, puternice \u0219i eterne. Cei care \u0219tiu c\u0103 mun\u021bii ne fac \u00een mod natural s\u0103 privim... \"\u00een sus\". Ele ne for\u021beaz\u0103 - cel pu\u021bin pentru o clip\u0103 - s\u0103 renun\u021b\u0103m la percep\u021bia orizontal\u0103 a lumii, cu diferitele sale dogme, cum ar fi celebra teorie centru-periferie. Ele creeaz\u0103 un spa\u021biu unic de via\u021b\u0103 \u0219i libertate, spre care, nu \u00eent\u00e2mpl\u0103tor, oamenii de \u0219tiin\u021b\u0103, arti\u0219tii \u0219i clericii au fost atra\u0219i cu at\u00e2ta entuziasm timp de secole. Publicat\u0103 \u00een 2019 \u0219i editat\u0103 de Prof. Waldemar Paruch, cartea \"Carpathian Europe. A Matter of Cooperation\", con\u021bine o list\u0103 impresionant\u0103 de 54 de laurea\u021bi ai Premiului Nobel din aceast\u0103 parte a Europei, \u00eens\u0103 aceasta reprezint\u0103 doar o parte din contribu\u021bia civiliza\u021bional\u0103 \u0219i spiritual\u0103 n\u0103scut\u0103 \u00een aceast\u0103 parte a lumii. Lista nu include gigan\u021bi ai g\u00e2ndirii precum Sf\u00e2ntul Ioan Paul al II-lea. Sau, de exemplu, cei care s-au n\u0103scut \u00eenainte de acordarea premiului, cum ar fi ungurul Ign\u00e1c Semmelweis, care a pus cap\u0103t febrei post-menopauz\u0103, care a avut un impact tragic asupra femeilor timp de secole, instruindu-i pe medici s\u0103 se spele pe m\u00e2ini \u00eentr-un mod pe care \u00eel folosim cu to\u021bii ast\u0103zi \u00een perioadele de epidemii de coronavirus. <\/em><\/p>\n\n\n\n<p class=\"has-medium-font-size\">VIITORUL EUROPEI CARPATICE<\/p>\n\n\n\n<p class=\"has-medium-font-size\"> &nbsp;&nbsp;&nbsp;&nbsp;&nbsp;&nbsp;&nbsp;&nbsp;&nbsp;&nbsp;&nbsp;<em> Vedem interese comune \u0219i amenin\u021b\u0103ri comune. Chiar \u0219i \u00een \u021b\u0103rile din regiune, unde nu exist\u0103 un sentiment de destin comun, exist\u0103 cu siguran\u021b\u0103 un sentiment de interdependen\u021b\u0103. Convingerea c\u0103, de\u0219i nu cunoa\u0219tem viitorul, putem co-crea evenimentele viitoare. Participan\u021bii \u0219i ascult\u0103torii celei de-a 26-a edi\u021bii a conferin\u021bei s-au convins de multe ori de acest lucru. La fel ca \u0219i necesitatea unei cooper\u0103ri constructive \u00een ceea ce prive\u0219te proiectele de infrastructur\u0103, securitatea, inclusiv securitatea energetic\u0103, \u0219i inovarea. \u00cen plus, este necesar s\u0103 se construiasc\u0103 o rezisten\u021b\u0103 la perturb\u0103rile externe care nu sunt favorabile dezvolt\u0103rii viitoare a regiunii. Economia de pia\u021b\u0103 nu func\u021bioneaz\u0103 \u00een vid. R\u0103zboaiele informa\u021bionale, care \u00een ultima vreme au f\u0103cut ca \u00een regiune s\u0103 se vorbeasc\u0103 mai mult despre amenin\u021b\u0103rile neonazismului dec\u00e2t despre cele ale postcomunismului, au devenit, de asemenea, o realitate.<\/em><\/p>\n\n\n\n<p class=\"has-medium-font-size\"> &nbsp;&nbsp;&nbsp;&nbsp;&nbsp;&nbsp;&nbsp;&nbsp;&nbsp;&nbsp;&nbsp; <em>Pentru a putea ac\u021biona \u00een mod eficient \u00een vederea atingerii cel pu\u021bin a unora dintre aceste obiective, este nevoie de o institu\u021bionalizare social\u0103 a ideii de cooperare \u00een Polonia \u0219i \u00een \u021b\u0103rile din regiune. Iar pentru o mai bun\u0103 coordonare a pa\u0219ilor necesari care duc la aceasta - \u00eenfiin\u021barea unei entit\u0103\u021bi responsabile de aceasta. Un institut sau o funda\u021bie care s\u0103 reuneasc\u0103 oameni din r\u00e2ndul politicienilor, exper\u021bi \u0219i jurnali\u0219ti, precum \u0219i institu\u021bii din \u021b\u0103rile Europei carpatice \u0219i nu numai, dispu\u0219i s\u0103 coopereze \u00een mod permanent. Structura formal\u0103, juridic\u0103 \u0219i financiar\u0103 a acestei institu\u021bii trebuie s\u0103 fac\u0103 posibil\u0103 nu at\u00e2t organizarea de \u00eentreprinderi individuale, c\u00e2t dezvoltarea \u0219i punerea \u00een aplicare a unor mecanisme de r\u0103spuns la provoc\u0103rile cu care ne confrunt\u0103m ca state din regiune. Multiplicarea capitalului de \u00eencredere \u00een regiune prin lansarea de noi canale de circula\u021bie a informa\u021biei (portal!). Generarea de noi idei \u0219i solu\u021bii.<\/em><\/p>\n\n\n\n<p class=\"has-medium-font-size\"> &nbsp;&nbsp;&nbsp;&nbsp;&nbsp;&nbsp;&nbsp;&nbsp;&nbsp;&nbsp;&nbsp;<em> Pragmatismul \u0219i bunul sim\u021b sugereaz\u0103 solidaritatea ca baz\u0103 a cooper\u0103rii \u00een Europa Central\u0103 \u0219i de Est. \"Toamna na\u021biunilor\" \u00een Europa \u00eentre 1989 \u0219i 1990 nu a fost declan\u0219at\u0103 de solidaritatea de for\u021b\u0103, ci de solidaritatea social\u0103 \u0219i na\u021bional\u0103. Conferin\u021ba \"Europa Carpa\u021bilor\" \u0219i oamenii s\u0103i au ar\u0103tat c\u0103 sunt con\u0219tien\u021bi de aceast\u0103 for\u021b\u0103. Acum este doar o chestiune de a elibera acest poten\u021bial, de a-i da o direc\u021bie \u0219i de a stabili primele sarcini care trebuie \u00eendeplinite. Ca \u0219i \u00een cazul \u00een care a fost creat\u0103 Europa Carpa\u021bilor, cred c\u0103 ini\u021biativa, sau mai degrab\u0103 ini\u021biativele, ar trebui s\u0103 vin\u0103 din partea polonez\u0103. <\/em><\/p>\n\n\n\n<figure class=\"wp-block-image size-large is-resized\"><img fetchpriority=\"high\" decoding=\"async\" src=\"https:\/\/marekkuchcinski.pl\/wp-content\/uploads\/2020\/04\/Maciej_Szymanowski_1-890x1024.jpg\" alt=\"\" class=\"wp-image-19146\" width=\"235\" height=\"270\"\/><figcaption>Maciej Szymanowski -   <br> Director al Institutului Wac\u0142aw Felczak pentru Cooperare Polono-Ungar\u0103 din Var\u0219ovia \u0219i lector la Universitatea Catolic\u0103 din Budapesta  <\/figcaption><\/figure>","protected":false},"excerpt":{"rendered":"<p>Doamnelor \u0219i domnilor, am pl\u0103cerea de a v\u0103 prezenta prima contribu\u021bie la discu\u021bia despre viitorul Europei carpatice, apar\u021bin\u00e2nd lui Maciej Szymanowski, directorul Institutului Wac\u0142aw Felczak pentru cooperare polono-ungar\u0103 din Var\u0219ovia, la care am invitat cu un cuv\u00e2nt introductiv la 2 aprilie 2020 \u00een paginile site-ului meu. Marek Kuchcinski Viitorul Europei Carpa\u021bilor. Europa Carpatic\u0103 ca Europa Central\u0103. Europa Carpatic\u0103 ca [...]<\/p>","protected":false},"author":17,"featured_media":19082,"comment_status":"open","ping_status":"open","sticky":false,"template":"","format":"standard","meta":{"ngg_post_thumbnail":0,"footnotes":""},"categories":[78,177,49,3],"tags":[],"class_list":["post-19081","post","type-post","status-publish","format-standard","has-post-thumbnail","hentry","category-europa-karpat","category-europa-karpat-dyskusja","category-podkarpacie","category-wydarzenia"],"yoast_head":"<!-- This site is optimized with the Yoast SEO plugin v24.7 - https:\/\/yoast.com\/wordpress\/plugins\/seo\/ -->\n<title>Maciej Szymanowski \u2013 g\u0142os w dyskusji o przysz\u0142o\u015bci Europy Karpat &#8211; Marek Kuchci\u0144ski<\/title>\n<meta name=\"robots\" content=\"index, follow, max-snippet:-1, max-image-preview:large, max-video-preview:-1\" \/>\n<link rel=\"canonical\" href=\"https:\/\/marekkuchcinski.pl\/ro\/europa-karpat\/maciej-szymanowski-glos-w-dyskusji-o-przyszlosci-europy-karpat\/\" \/>\n<meta property=\"og:locale\" content=\"ro_RO\" \/>\n<meta property=\"og:type\" content=\"article\" \/>\n<meta property=\"og:title\" content=\"Maciej Szymanowski \u2013 g\u0142os w dyskusji o przysz\u0142o\u015bci Europy Karpat &#8211; Marek Kuchci\u0144ski\" \/>\n<meta property=\"og:description\" content=\"Szanowni Pa\u0144stwo, &nbsp;&nbsp;&nbsp;&nbsp;&nbsp;&nbsp;&nbsp;&nbsp;&nbsp;&nbsp;&nbsp; mam przyjemno\u015b\u0107 przedstawi\u0107 pierwszy g\u0142os zabrany w dyskusji nad przysz\u0142o\u015bci\u0105 Europy Karpat nale\u017c\u0105cy do Macieja Szymanowskiego, dyrektora Instytutu Wsp\u00f3\u0142pracy Polsko-W\u0119gierskiej im. Wac\u0142awa Felczaka w Warszawie, do kt\u00f3rej s\u0142owem wst\u0119pnym zaprosi\u0142em 2 kwietnia 2020 r. na \u0142amach mojej strony www. Marek Kuchci\u0144ski Europa Karpat Przysz\u0142o\u015b\u0107. Europa Karpat jako Europa \u015arodkowa. Europa Karpat jako [&hellip;]\" \/>\n<meta property=\"og:url\" content=\"https:\/\/marekkuchcinski.pl\/ro\/europa-karpat\/maciej-szymanowski-glos-w-dyskusji-o-przyszlosci-europy-karpat\/\" \/>\n<meta property=\"og:site_name\" content=\"Marek Kuchci\u0144ski\" \/>\n<meta property=\"article:published_time\" content=\"2020-04-06T16:49:04+00:00\" \/>\n<meta property=\"article:modified_time\" content=\"2020-07-05T11:10:50+00:00\" \/>\n<meta property=\"og:image\" content=\"https:\/\/marekkuchcinski.pl\/wp-content\/uploads\/2020\/06\/Szymanowski-1024x6822-1.jpg\" \/>\n\t<meta property=\"og:image:width\" content=\"619\" \/>\n\t<meta property=\"og:image:height\" content=\"417\" \/>\n\t<meta property=\"og:image:type\" content=\"image\/jpeg\" \/>\n<meta name=\"author\" content=\"Tomasz \u0141acina\" \/>\n<meta name=\"twitter:card\" content=\"summary_large_image\" \/>\n<meta name=\"twitter:label1\" content=\"Scris de\" \/>\n\t<meta name=\"twitter:data1\" content=\"Tomasz \u0141acina\" \/>\n\t<meta name=\"twitter:label2\" content=\"Timp estimat pentru citire\" \/>\n\t<meta name=\"twitter:data2\" content=\"6 minutes\" \/>\n<script type=\"application\/ld+json\" class=\"yoast-schema-graph\">{\"@context\":\"https:\/\/schema.org\",\"@graph\":[{\"@type\":\"Article\",\"@id\":\"https:\/\/marekkuchcinski.pl\/cs\/europa-karpat\/maciej-szymanowski-glos-w-dyskusji-o-przyszlosci-europy-karpat\/#article\",\"isPartOf\":{\"@id\":\"https:\/\/marekkuchcinski.pl\/cs\/europa-karpat\/maciej-szymanowski-glos-w-dyskusji-o-przyszlosci-europy-karpat\/\"},\"author\":{\"name\":\"Tomasz \u0141acina\",\"@id\":\"https:\/\/marekkuchcinski.pl\/#\/schema\/person\/b8a29fe7813098f7be78801d029910a7\"},\"headline\":\"Maciej Szymanowski \u2013 g\u0142os w dyskusji o przysz\u0142o\u015bci Europy Karpat\",\"datePublished\":\"2020-04-06T16:49:04+00:00\",\"dateModified\":\"2020-07-05T11:10:50+00:00\",\"mainEntityOfPage\":{\"@id\":\"https:\/\/marekkuchcinski.pl\/cs\/europa-karpat\/maciej-szymanowski-glos-w-dyskusji-o-przyszlosci-europy-karpat\/\"},\"wordCount\":1305,\"commentCount\":0,\"publisher\":{\"@id\":\"https:\/\/marekkuchcinski.pl\/#organization\"},\"image\":{\"@id\":\"https:\/\/marekkuchcinski.pl\/cs\/europa-karpat\/maciej-szymanowski-glos-w-dyskusji-o-przyszlosci-europy-karpat\/#primaryimage\"},\"thumbnailUrl\":\"https:\/\/marekkuchcinski.pl\/wp-content\/uploads\/2020\/06\/Szymanowski-1024x6822-1.jpg\",\"articleSection\":[\"Europa Karpat\",\"Europa Karpat \u2013 dyskusja\",\"Podkarpacie\",\"Wydarzenia\"],\"inLanguage\":\"ro-RO\",\"potentialAction\":[{\"@type\":\"CommentAction\",\"name\":\"Comment\",\"target\":[\"https:\/\/marekkuchcinski.pl\/cs\/europa-karpat\/maciej-szymanowski-glos-w-dyskusji-o-przyszlosci-europy-karpat\/#respond\"]}]},{\"@type\":\"WebPage\",\"@id\":\"https:\/\/marekkuchcinski.pl\/cs\/europa-karpat\/maciej-szymanowski-glos-w-dyskusji-o-przyszlosci-europy-karpat\/\",\"url\":\"https:\/\/marekkuchcinski.pl\/cs\/europa-karpat\/maciej-szymanowski-glos-w-dyskusji-o-przyszlosci-europy-karpat\/\",\"name\":\"Maciej Szymanowski \u2013 g\u0142os w dyskusji o przysz\u0142o\u015bci Europy Karpat &#8211; Marek Kuchci\u0144ski\",\"isPartOf\":{\"@id\":\"https:\/\/marekkuchcinski.pl\/#website\"},\"primaryImageOfPage\":{\"@id\":\"https:\/\/marekkuchcinski.pl\/cs\/europa-karpat\/maciej-szymanowski-glos-w-dyskusji-o-przyszlosci-europy-karpat\/#primaryimage\"},\"image\":{\"@id\":\"https:\/\/marekkuchcinski.pl\/cs\/europa-karpat\/maciej-szymanowski-glos-w-dyskusji-o-przyszlosci-europy-karpat\/#primaryimage\"},\"thumbnailUrl\":\"https:\/\/marekkuchcinski.pl\/wp-content\/uploads\/2020\/06\/Szymanowski-1024x6822-1.jpg\",\"datePublished\":\"2020-04-06T16:49:04+00:00\",\"dateModified\":\"2020-07-05T11:10:50+00:00\",\"breadcrumb\":{\"@id\":\"https:\/\/marekkuchcinski.pl\/cs\/europa-karpat\/maciej-szymanowski-glos-w-dyskusji-o-przyszlosci-europy-karpat\/#breadcrumb\"},\"inLanguage\":\"ro-RO\",\"potentialAction\":[{\"@type\":\"ReadAction\",\"target\":[\"https:\/\/marekkuchcinski.pl\/cs\/europa-karpat\/maciej-szymanowski-glos-w-dyskusji-o-przyszlosci-europy-karpat\/\"]}]},{\"@type\":\"ImageObject\",\"inLanguage\":\"ro-RO\",\"@id\":\"https:\/\/marekkuchcinski.pl\/cs\/europa-karpat\/maciej-szymanowski-glos-w-dyskusji-o-przyszlosci-europy-karpat\/#primaryimage\",\"url\":\"https:\/\/marekkuchcinski.pl\/wp-content\/uploads\/2020\/06\/Szymanowski-1024x6822-1.jpg\",\"contentUrl\":\"https:\/\/marekkuchcinski.pl\/wp-content\/uploads\/2020\/06\/Szymanowski-1024x6822-1.jpg\",\"width\":619,\"height\":417},{\"@type\":\"BreadcrumbList\",\"@id\":\"https:\/\/marekkuchcinski.pl\/cs\/europa-karpat\/maciej-szymanowski-glos-w-dyskusji-o-przyszlosci-europy-karpat\/#breadcrumb\",\"itemListElement\":[{\"@type\":\"ListItem\",\"position\":1,\"name\":\"Strona g\u0142\u00f3wna\",\"item\":\"https:\/\/marekkuchcinski.pl\/\"},{\"@type\":\"ListItem\",\"position\":2,\"name\":\"Maciej Szymanowski \u2013 g\u0142os w dyskusji o przysz\u0142o\u015bci Europy Karpat\"}]},{\"@type\":\"WebSite\",\"@id\":\"https:\/\/marekkuchcinski.pl\/#website\",\"url\":\"https:\/\/marekkuchcinski.pl\/\",\"name\":\"Marek Kuchci\u0144ski\",\"description\":\"Pose\u0142 na sejm RP &ndash; okr\u0119g nr 22\",\"publisher\":{\"@id\":\"https:\/\/marekkuchcinski.pl\/#organization\"},\"potentialAction\":[{\"@type\":\"SearchAction\",\"target\":{\"@type\":\"EntryPoint\",\"urlTemplate\":\"https:\/\/marekkuchcinski.pl\/?s={search_term_string}\"},\"query-input\":{\"@type\":\"PropertyValueSpecification\",\"valueRequired\":true,\"valueName\":\"search_term_string\"}}],\"inLanguage\":\"ro-RO\"},{\"@type\":\"Organization\",\"@id\":\"https:\/\/marekkuchcinski.pl\/#organization\",\"name\":\"Marek Kuchci\u0144ski\",\"url\":\"https:\/\/marekkuchcinski.pl\/\",\"logo\":{\"@type\":\"ImageObject\",\"inLanguage\":\"ro-RO\",\"@id\":\"https:\/\/marekkuchcinski.pl\/#\/schema\/logo\/image\/\",\"url\":\"https:\/\/marekkuchcinski.pl\/wp-content\/uploads\/2022\/09\/Marek.jpg\",\"contentUrl\":\"https:\/\/marekkuchcinski.pl\/wp-content\/uploads\/2022\/09\/Marek.jpg\",\"width\":1600,\"height\":971,\"caption\":\"Marek Kuchci\u0144ski\"},\"image\":{\"@id\":\"https:\/\/marekkuchcinski.pl\/#\/schema\/logo\/image\/\"}},{\"@type\":\"Person\",\"@id\":\"https:\/\/marekkuchcinski.pl\/#\/schema\/person\/b8a29fe7813098f7be78801d029910a7\",\"name\":\"Tomasz \u0141acina\",\"image\":{\"@type\":\"ImageObject\",\"inLanguage\":\"ro-RO\",\"@id\":\"https:\/\/marekkuchcinski.pl\/#\/schema\/person\/image\/\",\"url\":\"https:\/\/secure.gravatar.com\/avatar\/22e75f6c51aff77a676ed77dd222f852?s=96&d=mm&r=g\",\"contentUrl\":\"https:\/\/secure.gravatar.com\/avatar\/22e75f6c51aff77a676ed77dd222f852?s=96&d=mm&r=g\",\"caption\":\"Tomasz \u0141acina\"},\"url\":\"https:\/\/marekkuchcinski.pl\/ro\/author\/tomek-lacina\/\"}]}<\/script>\n<!-- \/ Yoast SEO plugin. -->","yoast_head_json":{"title":"Maciej Szymanowski \u2013 g\u0142os w dyskusji o przysz\u0142o\u015bci Europy Karpat &#8211; Marek Kuchci\u0144ski","robots":{"index":"index","follow":"follow","max-snippet":"max-snippet:-1","max-image-preview":"max-image-preview:large","max-video-preview":"max-video-preview:-1"},"canonical":"https:\/\/marekkuchcinski.pl\/ro\/europa-karpat\/maciej-szymanowski-glos-w-dyskusji-o-przyszlosci-europy-karpat\/","og_locale":"ro_RO","og_type":"article","og_title":"Maciej Szymanowski \u2013 g\u0142os w dyskusji o przysz\u0142o\u015bci Europy Karpat &#8211; Marek Kuchci\u0144ski","og_description":"Szanowni Pa\u0144stwo, &nbsp;&nbsp;&nbsp;&nbsp;&nbsp;&nbsp;&nbsp;&nbsp;&nbsp;&nbsp;&nbsp; mam przyjemno\u015b\u0107 przedstawi\u0107 pierwszy g\u0142os zabrany w dyskusji nad przysz\u0142o\u015bci\u0105 Europy Karpat nale\u017c\u0105cy do Macieja Szymanowskiego, dyrektora Instytutu Wsp\u00f3\u0142pracy Polsko-W\u0119gierskiej im. Wac\u0142awa Felczaka w Warszawie, do kt\u00f3rej s\u0142owem wst\u0119pnym zaprosi\u0142em 2 kwietnia 2020 r. na \u0142amach mojej strony www. Marek Kuchci\u0144ski Europa Karpat Przysz\u0142o\u015b\u0107. Europa Karpat jako Europa \u015arodkowa. Europa Karpat jako [&hellip;]","og_url":"https:\/\/marekkuchcinski.pl\/ro\/europa-karpat\/maciej-szymanowski-glos-w-dyskusji-o-przyszlosci-europy-karpat\/","og_site_name":"Marek Kuchci\u0144ski","article_published_time":"2020-04-06T16:49:04+00:00","article_modified_time":"2020-07-05T11:10:50+00:00","og_image":[{"width":619,"height":417,"url":"https:\/\/marekkuchcinski.pl\/wp-content\/uploads\/2020\/06\/Szymanowski-1024x6822-1.jpg","type":"image\/jpeg"}],"author":"Tomasz \u0141acina","twitter_card":"summary_large_image","twitter_misc":{"Scris de":"Tomasz \u0141acina","Timp estimat pentru citire":"6 minutes"},"schema":{"@context":"https:\/\/schema.org","@graph":[{"@type":"Article","@id":"https:\/\/marekkuchcinski.pl\/cs\/europa-karpat\/maciej-szymanowski-glos-w-dyskusji-o-przyszlosci-europy-karpat\/#article","isPartOf":{"@id":"https:\/\/marekkuchcinski.pl\/cs\/europa-karpat\/maciej-szymanowski-glos-w-dyskusji-o-przyszlosci-europy-karpat\/"},"author":{"name":"Tomasz \u0141acina","@id":"https:\/\/marekkuchcinski.pl\/#\/schema\/person\/b8a29fe7813098f7be78801d029910a7"},"headline":"Maciej Szymanowski \u2013 g\u0142os w dyskusji o przysz\u0142o\u015bci Europy Karpat","datePublished":"2020-04-06T16:49:04+00:00","dateModified":"2020-07-05T11:10:50+00:00","mainEntityOfPage":{"@id":"https:\/\/marekkuchcinski.pl\/cs\/europa-karpat\/maciej-szymanowski-glos-w-dyskusji-o-przyszlosci-europy-karpat\/"},"wordCount":1305,"commentCount":0,"publisher":{"@id":"https:\/\/marekkuchcinski.pl\/#organization"},"image":{"@id":"https:\/\/marekkuchcinski.pl\/cs\/europa-karpat\/maciej-szymanowski-glos-w-dyskusji-o-przyszlosci-europy-karpat\/#primaryimage"},"thumbnailUrl":"https:\/\/marekkuchcinski.pl\/wp-content\/uploads\/2020\/06\/Szymanowski-1024x6822-1.jpg","articleSection":["Europa Karpat","Europa Karpat \u2013 dyskusja","Podkarpacie","Wydarzenia"],"inLanguage":"ro-RO","potentialAction":[{"@type":"CommentAction","name":"Comment","target":["https:\/\/marekkuchcinski.pl\/cs\/europa-karpat\/maciej-szymanowski-glos-w-dyskusji-o-przyszlosci-europy-karpat\/#respond"]}]},{"@type":"WebPage","@id":"https:\/\/marekkuchcinski.pl\/cs\/europa-karpat\/maciej-szymanowski-glos-w-dyskusji-o-przyszlosci-europy-karpat\/","url":"https:\/\/marekkuchcinski.pl\/cs\/europa-karpat\/maciej-szymanowski-glos-w-dyskusji-o-przyszlosci-europy-karpat\/","name":"Maciej Szymanowski \u2013 g\u0142os w dyskusji o przysz\u0142o\u015bci Europy Karpat &#8211; Marek Kuchci\u0144ski","isPartOf":{"@id":"https:\/\/marekkuchcinski.pl\/#website"},"primaryImageOfPage":{"@id":"https:\/\/marekkuchcinski.pl\/cs\/europa-karpat\/maciej-szymanowski-glos-w-dyskusji-o-przyszlosci-europy-karpat\/#primaryimage"},"image":{"@id":"https:\/\/marekkuchcinski.pl\/cs\/europa-karpat\/maciej-szymanowski-glos-w-dyskusji-o-przyszlosci-europy-karpat\/#primaryimage"},"thumbnailUrl":"https:\/\/marekkuchcinski.pl\/wp-content\/uploads\/2020\/06\/Szymanowski-1024x6822-1.jpg","datePublished":"2020-04-06T16:49:04+00:00","dateModified":"2020-07-05T11:10:50+00:00","breadcrumb":{"@id":"https:\/\/marekkuchcinski.pl\/cs\/europa-karpat\/maciej-szymanowski-glos-w-dyskusji-o-przyszlosci-europy-karpat\/#breadcrumb"},"inLanguage":"ro-RO","potentialAction":[{"@type":"ReadAction","target":["https:\/\/marekkuchcinski.pl\/cs\/europa-karpat\/maciej-szymanowski-glos-w-dyskusji-o-przyszlosci-europy-karpat\/"]}]},{"@type":"ImageObject","inLanguage":"ro-RO","@id":"https:\/\/marekkuchcinski.pl\/cs\/europa-karpat\/maciej-szymanowski-glos-w-dyskusji-o-przyszlosci-europy-karpat\/#primaryimage","url":"https:\/\/marekkuchcinski.pl\/wp-content\/uploads\/2020\/06\/Szymanowski-1024x6822-1.jpg","contentUrl":"https:\/\/marekkuchcinski.pl\/wp-content\/uploads\/2020\/06\/Szymanowski-1024x6822-1.jpg","width":619,"height":417},{"@type":"BreadcrumbList","@id":"https:\/\/marekkuchcinski.pl\/cs\/europa-karpat\/maciej-szymanowski-glos-w-dyskusji-o-przyszlosci-europy-karpat\/#breadcrumb","itemListElement":[{"@type":"ListItem","position":1,"name":"Strona g\u0142\u00f3wna","item":"https:\/\/marekkuchcinski.pl\/"},{"@type":"ListItem","position":2,"name":"Maciej Szymanowski \u2013 g\u0142os w dyskusji o przysz\u0142o\u015bci Europy Karpat"}]},{"@type":"WebSite","@id":"https:\/\/marekkuchcinski.pl\/#website","url":"https:\/\/marekkuchcinski.pl\/","name":"Marek Kuchci\u0144ski","description":"Pose\u0142 na sejm RP &ndash; okr\u0119g nr 22","publisher":{"@id":"https:\/\/marekkuchcinski.pl\/#organization"},"potentialAction":[{"@type":"SearchAction","target":{"@type":"EntryPoint","urlTemplate":"https:\/\/marekkuchcinski.pl\/?s={search_term_string}"},"query-input":{"@type":"PropertyValueSpecification","valueRequired":true,"valueName":"search_term_string"}}],"inLanguage":"ro-RO"},{"@type":"Organization","@id":"https:\/\/marekkuchcinski.pl\/#organization","name":"Marek Kuchci\u0144ski","url":"https:\/\/marekkuchcinski.pl\/","logo":{"@type":"ImageObject","inLanguage":"ro-RO","@id":"https:\/\/marekkuchcinski.pl\/#\/schema\/logo\/image\/","url":"https:\/\/marekkuchcinski.pl\/wp-content\/uploads\/2022\/09\/Marek.jpg","contentUrl":"https:\/\/marekkuchcinski.pl\/wp-content\/uploads\/2022\/09\/Marek.jpg","width":1600,"height":971,"caption":"Marek Kuchci\u0144ski"},"image":{"@id":"https:\/\/marekkuchcinski.pl\/#\/schema\/logo\/image\/"}},{"@type":"Person","@id":"https:\/\/marekkuchcinski.pl\/#\/schema\/person\/b8a29fe7813098f7be78801d029910a7","name":"Tomasz \u0141acina","image":{"@type":"ImageObject","inLanguage":"ro-RO","@id":"https:\/\/marekkuchcinski.pl\/#\/schema\/person\/image\/","url":"https:\/\/secure.gravatar.com\/avatar\/22e75f6c51aff77a676ed77dd222f852?s=96&d=mm&r=g","contentUrl":"https:\/\/secure.gravatar.com\/avatar\/22e75f6c51aff77a676ed77dd222f852?s=96&d=mm&r=g","caption":"Tomasz \u0141acina"},"url":"https:\/\/marekkuchcinski.pl\/ro\/author\/tomek-lacina\/"}]}},"_links":{"self":[{"href":"https:\/\/marekkuchcinski.pl\/ro\/wp-json\/wp\/v2\/posts\/19081","targetHints":{"allow":["GET"]}}],"collection":[{"href":"https:\/\/marekkuchcinski.pl\/ro\/wp-json\/wp\/v2\/posts"}],"about":[{"href":"https:\/\/marekkuchcinski.pl\/ro\/wp-json\/wp\/v2\/types\/post"}],"author":[{"embeddable":true,"href":"https:\/\/marekkuchcinski.pl\/ro\/wp-json\/wp\/v2\/users\/17"}],"replies":[{"embeddable":true,"href":"https:\/\/marekkuchcinski.pl\/ro\/wp-json\/wp\/v2\/comments?post=19081"}],"version-history":[{"count":1,"href":"https:\/\/marekkuchcinski.pl\/ro\/wp-json\/wp\/v2\/posts\/19081\/revisions"}],"predecessor-version":[{"id":19083,"href":"https:\/\/marekkuchcinski.pl\/ro\/wp-json\/wp\/v2\/posts\/19081\/revisions\/19083"}],"wp:featuredmedia":[{"embeddable":true,"href":"https:\/\/marekkuchcinski.pl\/ro\/wp-json\/wp\/v2\/media\/19082"}],"wp:attachment":[{"href":"https:\/\/marekkuchcinski.pl\/ro\/wp-json\/wp\/v2\/media?parent=19081"}],"wp:term":[{"taxonomy":"category","embeddable":true,"href":"https:\/\/marekkuchcinski.pl\/ro\/wp-json\/wp\/v2\/categories?post=19081"},{"taxonomy":"post_tag","embeddable":true,"href":"https:\/\/marekkuchcinski.pl\/ro\/wp-json\/wp\/v2\/tags?post=19081"}],"curies":[{"name":"wp","href":"https:\/\/api.w.org\/{rel}","templated":true}]}}