{"id":19078,"date":"2020-05-30T18:46:36","date_gmt":"2020-05-30T16:46:36","guid":{"rendered":"https:\/\/marek2.rkartist.pl\/?p=19078"},"modified":"2020-07-08T21:16:39","modified_gmt":"2020-07-08T19:16:39","slug":"europa-karpat-zaproszenie-do-dyskusji","status":"publish","type":"post","link":"https:\/\/marekkuchcinski.pl\/ro\/europa-karpat\/europa-karpat-zaproszenie-do-dyskusji\/","title":{"rendered":"Europa Carpatic\u0103 Apel la discu\u021bii"},"content":{"rendered":"<p class=\"has-medium-font-size\"><strong>Doamnelor \u0219i domnilor,<\/strong><\/p>\n\n\n\n<p class=\"has-medium-font-size\"><\/p>\n\n\n\n<p class=\"has-medium-font-size\"> &nbsp;&nbsp;&nbsp;&nbsp;&nbsp;&nbsp;&nbsp;&nbsp;&nbsp;&nbsp;&nbsp; \u00cen perioada 21-23 februarie 2020, la Krasiczyn \u0219i Przemy\u015bl a avut loc cea de-a XXVI-a Conferin\u021b\u0103 \"Europa Carpa\u021bilor\", organizat\u0103 de Sejm-ul Republicii Polone \u00een cooperare cu Institutul W. Felczak, Euroregiunea Carpa\u021bilor \u0219i Muzeul Na\u021bional din Przemysl, printre al\u021bii.<\/p>\n\n\n\n<p class=\"has-medium-font-size\"> &nbsp;&nbsp;&nbsp;&nbsp;&nbsp;&nbsp;&nbsp;&nbsp;&nbsp;&nbsp;&nbsp; Oaspe\u021bi invita\u021bi din mai multe \u021b\u0103ri din Europa Central\u0103 \u0219i de Est au discutat probleme actuale \u0219i perspective de cooperare. Discu\u021biile s-au referit la problemele de baz\u0103 ale societ\u0103\u021bilor din regiunea carpatic\u0103 \u0219i la chestiuni care au, de asemenea, o dimensiune pan-european\u0103. Dezbaterile au pornit de la aspecte fundamentale privind forma Uniunii Europene, starea actual\u0103 a acesteia \u0219i proiectele de transformare a acesteia. <\/p>\n\n\n\n<p class=\"has-medium-font-size\">&nbsp;&nbsp;&nbsp;&nbsp;&nbsp;&nbsp;&nbsp;&nbsp;&nbsp;&nbsp;&nbsp; Mini\u0219trii comunica\u021biilor din mai multe \u021b\u0103ri\nMini\u0219trii transporturilor \u0219i exper\u021bii din Europa Central\u0103 \u0219i de Est au discutat despre infrastructura de transport\ninfrastructura de transport \u0219i func\u021bionarea comunica\u021biilor \u00een \u00eentreaga zon\u0103 Tri-City,\ndiscut\u00e2nd \u00een special despre punerea \u00een aplicare a unor proiecte precum Via Carpatia, Via Baltica, Rail Baltica,\nPortul Central de Comunica\u021bii... Mini\u0219trii Dezvolt\u0103rii au discutat despre activit\u0103\u021bile pentru\nStrategia Carpa\u021bi. Grupul de la Vi\u0219egrad a fost, de asemenea, discutat \u00een ajunul\n30 de ani de la \u00eenfiin\u021bare. Cele patru \u021b\u0103ri ale noastre sunt \u00eenc\u0103 unite de interese comune\nCele patru \u021b\u0103ri ale noastre sunt \u00eenc\u0103 unite de interese comune \u00een domeniul securit\u0103\u021bii, protec\u021biei mediului \u0219i turismului.\nexperien\u021ba a dovedit c\u0103 ac\u021biunile comune sunt mai eficiente. The\nRealiz\u0103rile cooper\u0103rii parlamentare intensive \u00een \u021b\u0103rile din Europa Central\u0103 \u0219i de Est\nEuropa de Est au fost, de asemenea, prezentate.<\/p>\n\n\n\n<p class=\"has-medium-font-size\">&nbsp;&nbsp;&nbsp;&nbsp;&nbsp;&nbsp;&nbsp;&nbsp;&nbsp;&nbsp;&nbsp; Conferin\u021ba Europa Carpa\u021bilor din acest an\nConferin\u021ba \"Europa Carpa\u021bilor\" din acest an s-a \u00eembog\u0103\u021bit cu noi teme - intr\u00e2nd \u00een zona culturii, care este\nbaza existen\u021bei na\u021biunilor din regiunea carpatic\u0103 \u0219i un factor\napropierea \u0219i cooperarea eficient\u0103 \u00een situa\u021bia de rivalitate european\u0103 \u0219i global\u0103<strong>.<\/strong><\/p>\n\n\n\n<p class=\"has-medium-font-size\">&nbsp;&nbsp;&nbsp;&nbsp;&nbsp;&nbsp;&nbsp;&nbsp;&nbsp;&nbsp;&nbsp; Astfel, discu\u021bia s-a axat pe sistemele de valori care func\u021bioneaz\u0103 \u00een Europa Central\u0103 \u0219i de Est, pe amenin\u021b\u0103rile axiologice \u0219i pe factorii care stimuleaz\u0103 valorile. Au fost prezentate personalit\u0103\u021bi marcante care au realizat cu succes valori, exercit\u00e2nd influen\u021b\u0103 asupra proceselor de rec\u00e2\u0219tigare a libert\u0103\u021bii colective \u0219i personale \u0219i de construire a unei realit\u0103\u021bi valoroase dup\u0103 r\u0103sturnarea totalitarismului comunist. \u00cen str\u00e2ns\u0103 leg\u0103tur\u0103 cu viziunea asupra lumii \u0219i problemele culturale a fost un panel dedicat eminentului filosof englez Roger Scruton, un prieten al na\u021biunilor din Europa Central\u0103 - un g\u00e2nditor care a frecventat Krasiczyn \u0219i c\u0103ruia \u00eei dator\u0103m multe.<\/p>\n\n\n\n<p class=\"has-medium-font-size\">&nbsp;&nbsp;&nbsp;&nbsp;&nbsp;&nbsp;&nbsp;&nbsp;&nbsp;&nbsp;&nbsp; Idei noi au fost introduse \u00een bogata tradi\u021bie a Conferin\u021bei Europei Carpatice\n\u00eent\u00e2lniri de discu\u021bii \u0219i evenimente \u00eenso\u021bitoare ale primului Forum Interna\u021bional pentru\na Regiunii Carpatice \u0219i a Ini\u021biativei celor trei Carpa\u021bi, care a avut loc la Przemysl,\n\u00een prima zi a celei de-a XXVI-a Conferin\u021be Europa Carpa\u021bilor.<\/p>\n\n\n\n<p class=\"has-medium-font-size\"><strong>Doamnelor \u0219i domnilor,<\/strong><\/p>\n\n\n\n<p class=\"has-medium-font-size\"> &nbsp;&nbsp;&nbsp;&nbsp;&nbsp;&nbsp;&nbsp;&nbsp;&nbsp;&nbsp;&nbsp;  \u00eentruc\u00e2t primim o serie de propuneri concrete pentru viitor, propunem s\u0103 \u00eencepem o discu\u021bie despre cooperarea \u00een Europa Central\u0103 \u0219i \u00een Europa Carpa\u021bilor. V\u0103 invit\u0103m s\u0103 reflecta\u021bi la ceea ce \u00eenseamn\u0103 Europa Carpa\u021bilor pentru fiecare dintre noi, la ceea ce s-a realizat \u0219i la provoc\u0103rile cu care ne confrunt\u0103m: Ce urmeaz\u0103? Cum s\u0103 mergem mai departe? De ce mai departe? \u0218i cine merit\u0103 s\u0103 fie \u021binut minte?<\/p>\n\n\n\n<p class=\"has-medium-font-size\"> &nbsp;&nbsp;&nbsp;&nbsp;&nbsp;&nbsp;&nbsp;&nbsp;&nbsp;&nbsp;&nbsp;  Avem viziuni concrete pentru 2020, pentru anul urm\u0103tor \u0219i - din perspectiva genera\u021biei urm\u0103toare - ce ar trebui s\u0103 se \u00eent\u00e2mple pentru ca Europa Central\u0103, \u00een sens larg, s\u0103 devin\u0103 ea \u00eens\u0103\u0219i, s\u0103 devin\u0103 o parte cu drepturi depline a UE \u0219i s\u0103 devin\u0103 at\u00e2t o piatr\u0103 de temelie pentru Europa \u0219i Asia, c\u00e2t \u0219i o ancor\u0103 pentru lume, unde familia, na\u021biunea\/comunitatea, religia, drepturile cet\u0103\u021benilor etc. sunt primordiale? <\/p>\n\n\n\n<p class=\"has-medium-font-size\"> &nbsp;&nbsp;&nbsp;&nbsp;&nbsp;&nbsp;&nbsp;&nbsp;&nbsp;&nbsp;&nbsp;  Inten\u021bion\u0103m s\u0103 public\u0103m materialul pe site <a href=\"https:\/\/marekkuchcinski.pl\/ro\/\">www.marekkuchcinski.pl<\/a>., \u00een cadrul rubricii Europa Carpa\u021bilor, precum \u0219i s\u0103 extind\u0103 discu\u021bia prin intermediul mass-media \u0219i al portalurilor web interesate. Adres\u0103 pentru coresponden\u021b\u0103: <a href=\"mailto:marek.kuchcinski@sejm.pl\">marek.kuchcinski@sejm.pl<\/a>. De asemenea, acestea vor fi utile \u00een preg\u0103tirea urm\u0103toarelor conferin\u021be \u0219i reuniuni. <\/p>\n\n\n\n<p class=\"has-medium-font-size\">V\u0103 invit\u0103m cordial s\u0103 coopera\u021bi cu noi<\/p>\n\n\n\n<p class=\"has-medium-font-size\">&nbsp;&nbsp;&nbsp;&nbsp;&nbsp;&nbsp;&nbsp;&nbsp;&nbsp; <strong>Marek Kuchci\u0144ski <\/strong><\/p>\n\n\n\n<p class=\"has-medium-font-size\">  <strong>Pre\u0219edinte al Carpa\u021bilor <\/strong><\/p>\n\n\n\n<p class=\"has-medium-font-size\">&nbsp;&nbsp;&nbsp; <strong>Grupul parlamentar,<\/strong> <\/p>\n\n\n\n<p>Martie\n2020<\/p>","protected":false},"excerpt":{"rendered":"<p>Doamnelor \u0219i domnilor, \u00een perioada 21-23 februarie 2020, la Krasiczyn \u0219i Przemy\u015bl a avut loc cea de-a XXVI-a Conferin\u021b\u0103 \"Europa Carpa\u021bilor\", organizat\u0103 de Sejm-ul Republicii Polone \u00een cooperare, printre altele, cu Institutul W. Felczak, Euroregiunea Carpa\u021bilor \u0219i Muzeul Na\u021bional al Regiunii Przemysl.             Oaspe\u021bi invita\u021bi din peste o duzin\u0103 de \u021b\u0103ri din Europa Central\u0103 \u0219i de Est au discutat probleme actuale \u0219i perspective de cooperare. [...]<\/p>","protected":false},"author":17,"featured_media":19079,"comment_status":"open","ping_status":"open","sticky":true,"template":"","format":"standard","meta":{"ngg_post_thumbnail":0,"footnotes":""},"categories":[78,177],"tags":[],"class_list":["post-19078","post","type-post","status-publish","format-standard","has-post-thumbnail","hentry","category-europa-karpat","category-europa-karpat-dyskusja"],"yoast_head":"<!-- This site is optimized with the Yoast SEO plugin v24.7 - https:\/\/yoast.com\/wordpress\/plugins\/seo\/ -->\n<title>Europa Karpat zaproszenie do dyskusji &#8211; Marek Kuchci\u0144ski<\/title>\n<meta name=\"robots\" content=\"index, follow, max-snippet:-1, max-image-preview:large, max-video-preview:-1\" \/>\n<link rel=\"canonical\" href=\"https:\/\/marekkuchcinski.pl\/ro\/europa-karpat\/europa-karpat-zaproszenie-do-dyskusji\/\" \/>\n<meta property=\"og:locale\" content=\"ro_RO\" \/>\n<meta property=\"og:type\" content=\"article\" \/>\n<meta property=\"og:title\" content=\"Europa Karpat zaproszenie do dyskusji &#8211; Marek Kuchci\u0144ski\" \/>\n<meta property=\"og:description\" content=\"Szanowni Pa\u0144stwo, &nbsp;&nbsp;&nbsp;&nbsp;&nbsp;&nbsp;&nbsp;&nbsp;&nbsp;&nbsp;&nbsp; w dniach 21-23 lutego 2020 r., w Krasiczynie i w Przemy\u015blu odby\u0142a si\u0119 XXVI Konferencja Europa Karpat organizowana przez Sejm RP, przy wsp\u00f3\u0142pracy m.in. z Instytutem im. W. Felczaka, Euroregionem Karpackim i Muzeum Narodowym Ziemi Przemyskiej. &nbsp;&nbsp;&nbsp;&nbsp;&nbsp;&nbsp;&nbsp;&nbsp;&nbsp;&nbsp;&nbsp; Zaproszeni go\u015bcie z kilkunastu pa\u0144stw Europy \u015arodkowej i Wschodniej omawiali aktualn\u0105 problematyk\u0119 i perspektywy wsp\u00f3\u0142pracy. [&hellip;]\" \/>\n<meta property=\"og:url\" content=\"https:\/\/marekkuchcinski.pl\/ro\/europa-karpat\/europa-karpat-zaproszenie-do-dyskusji\/\" \/>\n<meta property=\"og:site_name\" content=\"Marek Kuchci\u0144ski\" \/>\n<meta property=\"article:published_time\" content=\"2020-05-30T16:46:36+00:00\" \/>\n<meta property=\"article:modified_time\" content=\"2020-07-08T19:16:39+00:00\" \/>\n<meta property=\"og:image\" content=\"https:\/\/marekkuchcinski.pl\/wp-content\/uploads\/2020\/06\/Mapka-2.png\" \/>\n\t<meta property=\"og:image:width\" content=\"696\" \/>\n\t<meta property=\"og:image:height\" content=\"642\" \/>\n\t<meta property=\"og:image:type\" content=\"image\/png\" \/>\n<meta name=\"author\" content=\"Tomasz \u0141acina\" \/>\n<meta name=\"twitter:card\" content=\"summary_large_image\" \/>\n<meta name=\"twitter:label1\" content=\"Scris de\" \/>\n\t<meta name=\"twitter:data1\" content=\"Tomasz \u0141acina\" \/>\n\t<meta name=\"twitter:label2\" content=\"Timp estimat pentru citire\" \/>\n\t<meta name=\"twitter:data2\" content=\"3 minutes\" \/>\n<script type=\"application\/ld+json\" class=\"yoast-schema-graph\">{\"@context\":\"https:\/\/schema.org\",\"@graph\":[{\"@type\":\"Article\",\"@id\":\"https:\/\/marekkuchcinski.pl\/cs\/europa-karpat\/europa-karpat-zaproszenie-do-dyskusji\/#article\",\"isPartOf\":{\"@id\":\"https:\/\/marekkuchcinski.pl\/cs\/europa-karpat\/europa-karpat-zaproszenie-do-dyskusji\/\"},\"author\":{\"name\":\"Tomasz \u0141acina\",\"@id\":\"https:\/\/marekkuchcinski.pl\/#\/schema\/person\/b8a29fe7813098f7be78801d029910a7\"},\"headline\":\"Europa Karpat zaproszenie do dyskusji\",\"datePublished\":\"2020-05-30T16:46:36+00:00\",\"dateModified\":\"2020-07-08T19:16:39+00:00\",\"mainEntityOfPage\":{\"@id\":\"https:\/\/marekkuchcinski.pl\/cs\/europa-karpat\/europa-karpat-zaproszenie-do-dyskusji\/\"},\"wordCount\":699,\"commentCount\":0,\"publisher\":{\"@id\":\"https:\/\/marekkuchcinski.pl\/#organization\"},\"image\":{\"@id\":\"https:\/\/marekkuchcinski.pl\/cs\/europa-karpat\/europa-karpat-zaproszenie-do-dyskusji\/#primaryimage\"},\"thumbnailUrl\":\"https:\/\/marekkuchcinski.pl\/wp-content\/uploads\/2020\/06\/Mapka-2.png\",\"articleSection\":[\"Europa Karpat\",\"Europa Karpat \u2013 dyskusja\"],\"inLanguage\":\"ro-RO\",\"potentialAction\":[{\"@type\":\"CommentAction\",\"name\":\"Comment\",\"target\":[\"https:\/\/marekkuchcinski.pl\/cs\/europa-karpat\/europa-karpat-zaproszenie-do-dyskusji\/#respond\"]}]},{\"@type\":\"WebPage\",\"@id\":\"https:\/\/marekkuchcinski.pl\/cs\/europa-karpat\/europa-karpat-zaproszenie-do-dyskusji\/\",\"url\":\"https:\/\/marekkuchcinski.pl\/cs\/europa-karpat\/europa-karpat-zaproszenie-do-dyskusji\/\",\"name\":\"Europa Karpat zaproszenie do dyskusji &#8211; Marek Kuchci\u0144ski\",\"isPartOf\":{\"@id\":\"https:\/\/marekkuchcinski.pl\/#website\"},\"primaryImageOfPage\":{\"@id\":\"https:\/\/marekkuchcinski.pl\/cs\/europa-karpat\/europa-karpat-zaproszenie-do-dyskusji\/#primaryimage\"},\"image\":{\"@id\":\"https:\/\/marekkuchcinski.pl\/cs\/europa-karpat\/europa-karpat-zaproszenie-do-dyskusji\/#primaryimage\"},\"thumbnailUrl\":\"https:\/\/marekkuchcinski.pl\/wp-content\/uploads\/2020\/06\/Mapka-2.png\",\"datePublished\":\"2020-05-30T16:46:36+00:00\",\"dateModified\":\"2020-07-08T19:16:39+00:00\",\"breadcrumb\":{\"@id\":\"https:\/\/marekkuchcinski.pl\/cs\/europa-karpat\/europa-karpat-zaproszenie-do-dyskusji\/#breadcrumb\"},\"inLanguage\":\"ro-RO\",\"potentialAction\":[{\"@type\":\"ReadAction\",\"target\":[\"https:\/\/marekkuchcinski.pl\/cs\/europa-karpat\/europa-karpat-zaproszenie-do-dyskusji\/\"]}]},{\"@type\":\"ImageObject\",\"inLanguage\":\"ro-RO\",\"@id\":\"https:\/\/marekkuchcinski.pl\/cs\/europa-karpat\/europa-karpat-zaproszenie-do-dyskusji\/#primaryimage\",\"url\":\"https:\/\/marekkuchcinski.pl\/wp-content\/uploads\/2020\/06\/Mapka-2.png\",\"contentUrl\":\"https:\/\/marekkuchcinski.pl\/wp-content\/uploads\/2020\/06\/Mapka-2.png\",\"width\":696,\"height\":642},{\"@type\":\"BreadcrumbList\",\"@id\":\"https:\/\/marekkuchcinski.pl\/cs\/europa-karpat\/europa-karpat-zaproszenie-do-dyskusji\/#breadcrumb\",\"itemListElement\":[{\"@type\":\"ListItem\",\"position\":1,\"name\":\"Strona g\u0142\u00f3wna\",\"item\":\"https:\/\/marekkuchcinski.pl\/\"},{\"@type\":\"ListItem\",\"position\":2,\"name\":\"Europa Karpat zaproszenie do dyskusji\"}]},{\"@type\":\"WebSite\",\"@id\":\"https:\/\/marekkuchcinski.pl\/#website\",\"url\":\"https:\/\/marekkuchcinski.pl\/\",\"name\":\"Marek Kuchci\u0144ski\",\"description\":\"Pose\u0142 na sejm RP &ndash; okr\u0119g nr 22\",\"publisher\":{\"@id\":\"https:\/\/marekkuchcinski.pl\/#organization\"},\"potentialAction\":[{\"@type\":\"SearchAction\",\"target\":{\"@type\":\"EntryPoint\",\"urlTemplate\":\"https:\/\/marekkuchcinski.pl\/?s={search_term_string}\"},\"query-input\":{\"@type\":\"PropertyValueSpecification\",\"valueRequired\":true,\"valueName\":\"search_term_string\"}}],\"inLanguage\":\"ro-RO\"},{\"@type\":\"Organization\",\"@id\":\"https:\/\/marekkuchcinski.pl\/#organization\",\"name\":\"Marek Kuchci\u0144ski\",\"url\":\"https:\/\/marekkuchcinski.pl\/\",\"logo\":{\"@type\":\"ImageObject\",\"inLanguage\":\"ro-RO\",\"@id\":\"https:\/\/marekkuchcinski.pl\/#\/schema\/logo\/image\/\",\"url\":\"https:\/\/marekkuchcinski.pl\/wp-content\/uploads\/2022\/09\/Marek.jpg\",\"contentUrl\":\"https:\/\/marekkuchcinski.pl\/wp-content\/uploads\/2022\/09\/Marek.jpg\",\"width\":1600,\"height\":971,\"caption\":\"Marek Kuchci\u0144ski\"},\"image\":{\"@id\":\"https:\/\/marekkuchcinski.pl\/#\/schema\/logo\/image\/\"}},{\"@type\":\"Person\",\"@id\":\"https:\/\/marekkuchcinski.pl\/#\/schema\/person\/b8a29fe7813098f7be78801d029910a7\",\"name\":\"Tomasz \u0141acina\",\"image\":{\"@type\":\"ImageObject\",\"inLanguage\":\"ro-RO\",\"@id\":\"https:\/\/marekkuchcinski.pl\/#\/schema\/person\/image\/\",\"url\":\"https:\/\/secure.gravatar.com\/avatar\/22e75f6c51aff77a676ed77dd222f852?s=96&d=mm&r=g\",\"contentUrl\":\"https:\/\/secure.gravatar.com\/avatar\/22e75f6c51aff77a676ed77dd222f852?s=96&d=mm&r=g\",\"caption\":\"Tomasz \u0141acina\"},\"url\":\"https:\/\/marekkuchcinski.pl\/ro\/author\/tomek-lacina\/\"}]}<\/script>\n<!-- \/ Yoast SEO plugin. -->","yoast_head_json":{"title":"Europa Karpat zaproszenie do dyskusji &#8211; Marek Kuchci\u0144ski","robots":{"index":"index","follow":"follow","max-snippet":"max-snippet:-1","max-image-preview":"max-image-preview:large","max-video-preview":"max-video-preview:-1"},"canonical":"https:\/\/marekkuchcinski.pl\/ro\/europa-karpat\/europa-karpat-zaproszenie-do-dyskusji\/","og_locale":"ro_RO","og_type":"article","og_title":"Europa Karpat zaproszenie do dyskusji &#8211; Marek Kuchci\u0144ski","og_description":"Szanowni Pa\u0144stwo, &nbsp;&nbsp;&nbsp;&nbsp;&nbsp;&nbsp;&nbsp;&nbsp;&nbsp;&nbsp;&nbsp; w dniach 21-23 lutego 2020 r., w Krasiczynie i w Przemy\u015blu odby\u0142a si\u0119 XXVI Konferencja Europa Karpat organizowana przez Sejm RP, przy wsp\u00f3\u0142pracy m.in. z Instytutem im. W. Felczaka, Euroregionem Karpackim i Muzeum Narodowym Ziemi Przemyskiej. &nbsp;&nbsp;&nbsp;&nbsp;&nbsp;&nbsp;&nbsp;&nbsp;&nbsp;&nbsp;&nbsp; Zaproszeni go\u015bcie z kilkunastu pa\u0144stw Europy \u015arodkowej i Wschodniej omawiali aktualn\u0105 problematyk\u0119 i perspektywy wsp\u00f3\u0142pracy. [&hellip;]","og_url":"https:\/\/marekkuchcinski.pl\/ro\/europa-karpat\/europa-karpat-zaproszenie-do-dyskusji\/","og_site_name":"Marek Kuchci\u0144ski","article_published_time":"2020-05-30T16:46:36+00:00","article_modified_time":"2020-07-08T19:16:39+00:00","og_image":[{"width":696,"height":642,"url":"https:\/\/marekkuchcinski.pl\/wp-content\/uploads\/2020\/06\/Mapka-2.png","type":"image\/png"}],"author":"Tomasz \u0141acina","twitter_card":"summary_large_image","twitter_misc":{"Scris de":"Tomasz \u0141acina","Timp estimat pentru citire":"3 minutes"},"schema":{"@context":"https:\/\/schema.org","@graph":[{"@type":"Article","@id":"https:\/\/marekkuchcinski.pl\/cs\/europa-karpat\/europa-karpat-zaproszenie-do-dyskusji\/#article","isPartOf":{"@id":"https:\/\/marekkuchcinski.pl\/cs\/europa-karpat\/europa-karpat-zaproszenie-do-dyskusji\/"},"author":{"name":"Tomasz \u0141acina","@id":"https:\/\/marekkuchcinski.pl\/#\/schema\/person\/b8a29fe7813098f7be78801d029910a7"},"headline":"Europa Karpat zaproszenie do dyskusji","datePublished":"2020-05-30T16:46:36+00:00","dateModified":"2020-07-08T19:16:39+00:00","mainEntityOfPage":{"@id":"https:\/\/marekkuchcinski.pl\/cs\/europa-karpat\/europa-karpat-zaproszenie-do-dyskusji\/"},"wordCount":699,"commentCount":0,"publisher":{"@id":"https:\/\/marekkuchcinski.pl\/#organization"},"image":{"@id":"https:\/\/marekkuchcinski.pl\/cs\/europa-karpat\/europa-karpat-zaproszenie-do-dyskusji\/#primaryimage"},"thumbnailUrl":"https:\/\/marekkuchcinski.pl\/wp-content\/uploads\/2020\/06\/Mapka-2.png","articleSection":["Europa Karpat","Europa Karpat \u2013 dyskusja"],"inLanguage":"ro-RO","potentialAction":[{"@type":"CommentAction","name":"Comment","target":["https:\/\/marekkuchcinski.pl\/cs\/europa-karpat\/europa-karpat-zaproszenie-do-dyskusji\/#respond"]}]},{"@type":"WebPage","@id":"https:\/\/marekkuchcinski.pl\/cs\/europa-karpat\/europa-karpat-zaproszenie-do-dyskusji\/","url":"https:\/\/marekkuchcinski.pl\/cs\/europa-karpat\/europa-karpat-zaproszenie-do-dyskusji\/","name":"Europa Karpat zaproszenie do dyskusji &#8211; Marek Kuchci\u0144ski","isPartOf":{"@id":"https:\/\/marekkuchcinski.pl\/#website"},"primaryImageOfPage":{"@id":"https:\/\/marekkuchcinski.pl\/cs\/europa-karpat\/europa-karpat-zaproszenie-do-dyskusji\/#primaryimage"},"image":{"@id":"https:\/\/marekkuchcinski.pl\/cs\/europa-karpat\/europa-karpat-zaproszenie-do-dyskusji\/#primaryimage"},"thumbnailUrl":"https:\/\/marekkuchcinski.pl\/wp-content\/uploads\/2020\/06\/Mapka-2.png","datePublished":"2020-05-30T16:46:36+00:00","dateModified":"2020-07-08T19:16:39+00:00","breadcrumb":{"@id":"https:\/\/marekkuchcinski.pl\/cs\/europa-karpat\/europa-karpat-zaproszenie-do-dyskusji\/#breadcrumb"},"inLanguage":"ro-RO","potentialAction":[{"@type":"ReadAction","target":["https:\/\/marekkuchcinski.pl\/cs\/europa-karpat\/europa-karpat-zaproszenie-do-dyskusji\/"]}]},{"@type":"ImageObject","inLanguage":"ro-RO","@id":"https:\/\/marekkuchcinski.pl\/cs\/europa-karpat\/europa-karpat-zaproszenie-do-dyskusji\/#primaryimage","url":"https:\/\/marekkuchcinski.pl\/wp-content\/uploads\/2020\/06\/Mapka-2.png","contentUrl":"https:\/\/marekkuchcinski.pl\/wp-content\/uploads\/2020\/06\/Mapka-2.png","width":696,"height":642},{"@type":"BreadcrumbList","@id":"https:\/\/marekkuchcinski.pl\/cs\/europa-karpat\/europa-karpat-zaproszenie-do-dyskusji\/#breadcrumb","itemListElement":[{"@type":"ListItem","position":1,"name":"Strona g\u0142\u00f3wna","item":"https:\/\/marekkuchcinski.pl\/"},{"@type":"ListItem","position":2,"name":"Europa Karpat zaproszenie do dyskusji"}]},{"@type":"WebSite","@id":"https:\/\/marekkuchcinski.pl\/#website","url":"https:\/\/marekkuchcinski.pl\/","name":"Marek Kuchci\u0144ski","description":"Pose\u0142 na sejm RP &ndash; okr\u0119g nr 22","publisher":{"@id":"https:\/\/marekkuchcinski.pl\/#organization"},"potentialAction":[{"@type":"SearchAction","target":{"@type":"EntryPoint","urlTemplate":"https:\/\/marekkuchcinski.pl\/?s={search_term_string}"},"query-input":{"@type":"PropertyValueSpecification","valueRequired":true,"valueName":"search_term_string"}}],"inLanguage":"ro-RO"},{"@type":"Organization","@id":"https:\/\/marekkuchcinski.pl\/#organization","name":"Marek Kuchci\u0144ski","url":"https:\/\/marekkuchcinski.pl\/","logo":{"@type":"ImageObject","inLanguage":"ro-RO","@id":"https:\/\/marekkuchcinski.pl\/#\/schema\/logo\/image\/","url":"https:\/\/marekkuchcinski.pl\/wp-content\/uploads\/2022\/09\/Marek.jpg","contentUrl":"https:\/\/marekkuchcinski.pl\/wp-content\/uploads\/2022\/09\/Marek.jpg","width":1600,"height":971,"caption":"Marek Kuchci\u0144ski"},"image":{"@id":"https:\/\/marekkuchcinski.pl\/#\/schema\/logo\/image\/"}},{"@type":"Person","@id":"https:\/\/marekkuchcinski.pl\/#\/schema\/person\/b8a29fe7813098f7be78801d029910a7","name":"Tomasz \u0141acina","image":{"@type":"ImageObject","inLanguage":"ro-RO","@id":"https:\/\/marekkuchcinski.pl\/#\/schema\/person\/image\/","url":"https:\/\/secure.gravatar.com\/avatar\/22e75f6c51aff77a676ed77dd222f852?s=96&d=mm&r=g","contentUrl":"https:\/\/secure.gravatar.com\/avatar\/22e75f6c51aff77a676ed77dd222f852?s=96&d=mm&r=g","caption":"Tomasz \u0141acina"},"url":"https:\/\/marekkuchcinski.pl\/ro\/author\/tomek-lacina\/"}]}},"_links":{"self":[{"href":"https:\/\/marekkuchcinski.pl\/ro\/wp-json\/wp\/v2\/posts\/19078","targetHints":{"allow":["GET"]}}],"collection":[{"href":"https:\/\/marekkuchcinski.pl\/ro\/wp-json\/wp\/v2\/posts"}],"about":[{"href":"https:\/\/marekkuchcinski.pl\/ro\/wp-json\/wp\/v2\/types\/post"}],"author":[{"embeddable":true,"href":"https:\/\/marekkuchcinski.pl\/ro\/wp-json\/wp\/v2\/users\/17"}],"replies":[{"embeddable":true,"href":"https:\/\/marekkuchcinski.pl\/ro\/wp-json\/wp\/v2\/comments?post=19078"}],"version-history":[{"count":1,"href":"https:\/\/marekkuchcinski.pl\/ro\/wp-json\/wp\/v2\/posts\/19078\/revisions"}],"predecessor-version":[{"id":19080,"href":"https:\/\/marekkuchcinski.pl\/ro\/wp-json\/wp\/v2\/posts\/19078\/revisions\/19080"}],"wp:featuredmedia":[{"embeddable":true,"href":"https:\/\/marekkuchcinski.pl\/ro\/wp-json\/wp\/v2\/media\/19079"}],"wp:attachment":[{"href":"https:\/\/marekkuchcinski.pl\/ro\/wp-json\/wp\/v2\/media?parent=19078"}],"wp:term":[{"taxonomy":"category","embeddable":true,"href":"https:\/\/marekkuchcinski.pl\/ro\/wp-json\/wp\/v2\/categories?post=19078"},{"taxonomy":"post_tag","embeddable":true,"href":"https:\/\/marekkuchcinski.pl\/ro\/wp-json\/wp\/v2\/tags?post=19078"}],"curies":[{"name":"wp","href":"https:\/\/api.w.org\/{rel}","templated":true}]}}