{"id":19069,"date":"2020-03-31T18:36:52","date_gmt":"2020-03-31T16:36:52","guid":{"rendered":"https:\/\/marek2.rkartist.pl\/?p=19069"},"modified":"2020-07-05T12:52:58","modified_gmt":"2020-07-05T10:52:58","slug":"rzad-wprowadza-kolejne-kroki-w-walce-z-koronawirusem","status":"publish","type":"post","link":"https:\/\/marekkuchcinski.pl\/ro\/wydarzenia\/rzad-wprowadza-kolejne-kroki-w-walce-z-koronawirusem\/","title":{"rendered":"Guvernul prezint\u0103 urm\u0103toarele etape \u00een lupta \u00eempotriva coronavirusului"},"content":{"rendered":"<p><strong>Restric\u021bii privind num\u0103rul de clien\u021bi \u00een magazine, pie\u021be, oficii po\u0219tale (din\n1.04.2020 r.)<\/strong><\/p>\n\n\n\n<ul class=\"wp-block-list\"><li><strong>Magazine \u0219i servicii - 3 persoane\n     la casa de marcat sau la ghi\u0219eul de plat\u0103<\/strong><\/li><\/ul>\n\n\n\n<p>Pentru fiecare magazin (at\u00e2t\nFiecare magazin (at\u00e2t mic, c\u00e2t \u0219i mare), precum \u0219i fiecare punct de service\n\u00cen fiecare magazin (at\u00e2t mic, c\u00e2t \u0219i mare) \u0219i \u00een fiecare punct de prest\u0103ri servicii poate intra un num\u0103r maxim de persoane egal cu produsul dintre toate registrele \u00eenmul\u021bit cu\n3.<\/p>\n\n\n\n<ul class=\"wp-block-list\"><li><strong>Marketplace - 3 clien\u021bi la 1 punct de v\u00e2nzare cu am\u0103nuntul\n     comer\u021b<\/strong><\/li><\/ul>\n\n\n\n<p>O \u00een\u0103sprire similar\u0103 va afecta \u0219i pie\u021bele, tarabele \u0219i bazarurile. Cu acest\ndiferen\u021ba const\u0103 \u00een faptul c\u0103 num\u0103rul de persoane prezente pe o pia\u021b\u0103 nu poate fi mai mare dec\u00e2t\nde trei ori mai mare dec\u00e2t num\u0103rul de puncte de tranzac\u021bionare.<\/p>\n\n\n\n<ul class=\"wp-block-list\"><li><strong>Oficiile po\u0219tale - 2 persoane pentru 1\n     fereastra oficiului po\u0219tal<\/strong><\/li><\/ul>\n\n\n\n<p>\u00cen zona oficiului po\u0219tal se pot afla la un moment dat at\u00e2tea persoane c\u00e2te sunt\nnum\u0103rul de ferestre po\u0219tale \u00eenmul\u021bit cu 2.<\/p>\n\n\n\n<p><strong>Restric\u021bionarea func\u021bion\u0103rii magazinelor de bricolaj \u0219i noi obliga\u021bii pentru to\u021bi\nmagazine<\/strong><\/p>\n\n\n\n<p>La sf\u00e2r\u0219it de s\u0103pt\u0103m\u00e2n\u0103, marile magazine de construc\u021bii vor fi \u00eenchise.<\/p>\n\n\n\n<p>Pe de alt\u0103 parte, toate magazinele vor trebui s\u0103 se adapteze la nou,\nnorme de siguran\u021b\u0103 mai stricte:<\/p>\n\n\n\n<ul class=\"wp-block-list\"><li>Din 2 aprilie (joi) toate\n     cump\u0103r\u0103torii vor purta m\u0103nu\u0219i de unic\u0103 folosin\u021b\u0103,<\/li><li>\u00eentre orele 10:00 \u0219i 12:00\n     magazinele \u0219i centrele de servicii pot accepta \u0219i servi numai persoane\n     cu v\u00e2rsta de peste 65 de ani.  \u00cen timpul orelor r\u0103mase, magazinele \u0219i\n     sunt deschise pentru toat\u0103 lumea. Aceasta include persoanele cu v\u00e2rsta de peste 65 de ani.\n     Peste 65 de ani, inclusiv.<\/li><\/ul>\n\n\n\n<p><strong>Hoteluri \u00eenchise \u0219i alte tipuri de cazare<\/strong><\/p>\n\n\n\n<p>Hoteluri \u0219i alte tipuri de cazare (care func\u021bioneaz\u0103 pe baz\u0103 de \u00eenchiriere pe termen scurt)\ncazare pe termen scurt) se \u00eenchide. Acestea pot func\u021biona numai\nla cazarea persoanelor aflate \u00een carantin\u0103 sau izolare \u0219i la cazarea personalului medical.\npersonalul medical este prezent.<\/p>\n\n\n\n<p>Important! Oaspe\u021bii care sunt caza\u021bi la aceste propriet\u0103\u021bi atunci c\u00e2nd\nnoile reglement\u0103ri intr\u0103 \u00een vigoare, trebuie s\u0103 plece p\u00e2n\u0103 joi, 2 aprilie 2020.\np\u00e2n\u0103 joi, 2 aprilie 2020. <\/p>\n\n\n\n<p>Cu toate acestea, acest lucru nu se aplic\u0103 persoanelor care se afl\u0103 \u00een c\u0103l\u0103torii de afaceri \u0219i utilizeaz\u0103\ncazare ca parte a sarcinilor de serviciu. Pentru aceste persoane, hotelurile\nr\u0103m\u00e2n deschise.<\/p>\n\n\n\n<p><strong>Carantin\u0103 automat\u0103 pentru cei dragi afla\u021bi \u00een carantin\u0103 (1.04.2020)<\/strong><\/p>\n\n\n\n<p>Extindem lista persoanelor care vor fi supuse carantinei obligatorii la domiciliu\ncarantin\u0103 la domiciliu. Aceasta va include pe to\u021bi cei care locuiesc cu o persoan\u0103 men\u021bionat\u0103 la\n\u00een carantin\u0103. Normele se vor aplica persoanelor care \u00eempart\nlocuin\u021be cu persoane trimise \u00een carantin\u0103 \u00eencep\u00e2nd de miercuri, 1 aprilie 2020.<\/p>\n\n\n\n<p><strong>Suspendarea reabilit\u0103rii \u0219i \u00eenchiderea saloanelor de \u00eenfrumuse\u021bare \u0219i de coafur\u0103\n<\/strong><\/p>\n\n\n\n<p>Toate saloanele de coafur\u0103, saloanele de \u00eenfrumuse\u021bare, saloanele de tatuaje \u0219i saloanele de piercing se \u00eenchid f\u0103r\u0103 excep\u021bie,\nsaloane de tatuaje \u0219i piercing. Aceste servicii nu pot fi furnizate \u00een afara\nsaloane - vizitele la domiciliu, de exemplu, nu sunt o op\u021biune.<\/p>\n\n\n\n<p>De asemenea, suspend\u0103m furnizarea de tratamente de reabilitare \u0219i masaj -\nat\u00e2t \u00een institu\u021biile publice, c\u00e2t \u0219i \u00een cele private. Excep\u021bie fac situa\u021biile\nreabilitarea este absolut necesar\u0103 din cauza st\u0103rii de s\u0103n\u0103tate a pacientului.<\/p>\n\n\n\n<p><strong>Interzicerea persoanelor cu v\u00e2rsta sub 18 ani de a p\u0103r\u0103si domiciliul ne\u00eenso\u021bite de un adult<\/strong><\/p>\n\n\n\n<p>Copiii \u0219i tinerii cu v\u00e2rsta sub 18 ani nu vor putea pleca\ns\u0103 plece de acas\u0103 ne\u00eenso\u021bit. Numai prezen\u021ba unui p\u0103rinte, a unui tutore legal sau a unui\nadult \u00ee\u0219i justific\u0103 prezen\u021ba pe strad\u0103. <\/p>\n\n\n\n<p>Cu toate acestea, restric\u021biile privind circula\u021bia tuturor\npersoane. Tot nu ave\u021bi voie s\u0103 v\u0103 p\u0103r\u0103si\u021bi locuin\u021ba, cu excep\u021bia:<\/p>\n\n\n\n<ul class=\"wp-block-list\"><li><strong>naveta la locul de munc\u0103<\/strong>. Dac\u0103 sunte\u021bi angajat, ave\u021bi propria afacere sau o ferm\u0103, ave\u021bi dreptul de a face naveta la locul de munc\u0103. De asemenea, ave\u021bi dreptul de a merge s\u0103 cump\u0103ra\u021bi bunuri \u0219i servicii legate de activitatea dumneavoastr\u0103 profesional\u0103.<\/li><li><strong>voluntariat pentru lupta \u00eempotriva COVID-19. <\/strong>Dac\u0103 lucra\u021bi pentru a lupta \u00eempotriva coronavirusului \u0219i \u00eei ajuta\u021bi pe cei afla\u021bi \u00een carantin\u0103 sau pe cei care nu ar trebui s\u0103-\u0219i p\u0103r\u0103seasc\u0103 locuin\u021bele, v\u0103 pute\u021bi deplasa \u00een cadrul acestei activit\u0103\u021bi.<\/li><li><strong>s\u0103 se ocupe de chestiuni necesare pentru via\u021ba de zi cu zi. <\/strong>Ve\u021bi putea s\u0103 v\u0103 deplasa\u021bi pentru a face cump\u0103r\u0103turile esen\u021biale, s\u0103 cump\u0103ra\u021bi medicamente, s\u0103 merge\u021bi la medic, s\u0103 ave\u021bi grij\u0103 de cei dragi, s\u0103 plimba\u021bi c\u00e2inele.<\/li><\/ul>\n\n\n\n<p><strong>Interdic\u021bia de a folosi parcurile, plajele, bulevardele, promenadele \u0219i bicicletele din ora\u0219<\/strong><\/p>\n\n\n\n<p>De asemenea, introducem, p\u00e2n\u0103 la noi ordine, o interdic\u021bie pe plaje \u0219i \u00een zonele verzi\ncare au o func\u021bie public\u0103. Prin urmare, interdic\u021bia se aplic\u0103 parcurilor, spa\u021biilor verzi,\npromenade, bulevarde, gr\u0103dini botanice \u0219i zoologice, sau\ngr\u0103dini. Experien\u021ba recent\u0103 a ar\u0103tat c\u0103 acestea sunt locuri \u00een care oamenii\n\u0219i, prin urmare, cresc \u0219ansele de infectare.<\/p>\n\n\n\n<p>Din acest motiv, restric\u021bion\u0103m utilizarea bicicletelor de ora\u0219.<\/p>\n\n\n\n<p><strong>2 metri - distan\u021ba minim\u0103 \u00eentre pietoni<\/strong><\/p>\n\n\n\n<p>Facem obligatorie men\u021binerea unei distan\u021be de cel pu\u021bin 2 metri \u00eentre\npietoni. Acest lucru este valabil \u0219i pentru familii \u0219i rude.<\/p>\n\n\n\n<p>Sunt excluse de la aceast\u0103 obliga\u021bie: <\/p>\n\n\n\n<ul class=\"wp-block-list\"><li>p\u0103rin\u021bi cu copii \u00een \u00eentre\u021binere\n     (p\u00e2n\u0103 la v\u00e2rsta de 13 ani), <\/li><li>precum \u0219i persoanele cu dizabilit\u0103\u021bi sau\n     \u0219i a celor care \u00eei \u00eengrijesc.&nbsp; <\/li><\/ul>\n\n\n\n<p><strong>Birouri de lucru la distan\u021b\u0103<\/strong><\/p>\n\n\n\n<p>Institu\u021biile publice \u00ee\u0219i vor exercita atribu\u021biile de la distan\u021b\u0103. Singurele excep\u021bii pot fi\nnumai activit\u0103\u021bile \u00een care munca la distan\u021b\u0103 nu garanteaz\u0103 posibilitatea de a \u00eendeplini\nresponsabilit\u0103\u021bile lor principale.<\/p>\n\n\n\n<p><strong>Limita de pasageri \u0219i \u00een vehiculele 9+ (din 2.04.2020)<\/strong><\/p>\n\n\n\n<p>\u00cen transportul public colectiv, regula \"c\u00e2t mai mul\u021bi pasageri,\nla fel de mul\u021bi pasageri c\u00e2t jum\u0103tate din num\u0103rul de locuri din vehicul\" se aplic\u0103 deja \u00een transportul public. De asemenea, extindem aceast\u0103 cerin\u021b\u0103 la\nvehicule cu mai mult de 9 locuri, inclusiv vehicule de transport\ninclusiv transportul nepublic, cum ar fi transportul organizat de naveti\u0219ti \u0219i transportatorii priva\u021bi.\ntransportatori.<\/p>\n\n\n\n<p><strong>Locurile de munc\u0103 - garan\u021bii suplimentare pentru angaja\u021bi (din 2.04.2020)<\/strong><\/p>\n\n\n\n<p>Angajatorii vor trebui s\u0103 asigure m\u0103suri suplimentare de siguran\u021b\u0103 pentru angaja\u021bii lor\nangaja\u021bi. Astfel:<\/p>\n\n\n\n<ul class=\"wp-block-list\"><li>posturi de lucru individuale\n     posturile de lucru trebuie s\u0103 fie la o distan\u021b\u0103 de cel pu\u021bin 1,5 metri \u00eentre ele.<\/li><li>lucr\u0103torii sunt obliga\u021bi s\u0103 utilizeze\n     m\u0103nu\u0219i sau s\u0103 aib\u0103 acces la lichide dezinfectante.<\/li><\/ul>\n\n\n\n<p>Important! Angajatorii trebuie s\u0103 asigure aceste m\u0103suri de siguran\u021b\u0103 \u00eencep\u00e2nd de joi, 2 aprilie 2020. <\/p>\n\n\n\n<p>Sursa: https:\/\/www.gov.pl\/web\/koronawirus <\/p>\n\n\n\n<p> Foto: https:\/\/www.gov.pl\/web\/koronawirus  <\/p>","protected":false},"excerpt":{"rendered":"<p>Ograniczenia w liczbie klient\u00f3w w sklepach, na targach, na poczcie (od 1.04.2020 r.) Sklepy i punkty us\u0142ugowe \u2013 3 osoby na kas\u0119 lub stanowisko do p\u0142acenia Do ka\u017cdego sklepu (zar\u00f3wno ma\u0142ego, jak i wielkopowierzchniowego), a tak\u017ce do ka\u017cdego lokalu us\u0142ugowego mo\u017ce wej\u015b\u0107 maksymalnie tyle os\u00f3b, ile wynosi iloczyn liczby wszystkich kas i liczby 3. Targowisko [&hellip;]<\/p>","protected":false},"author":17,"featured_media":19070,"comment_status":"open","ping_status":"open","sticky":false,"template":"","format":"standard","meta":{"ngg_post_thumbnail":0,"footnotes":""},"categories":[3],"tags":[],"class_list":["post-19069","post","type-post","status-publish","format-standard","has-post-thumbnail","hentry","category-wydarzenia"],"yoast_head":"<!-- This site is optimized with the Yoast SEO plugin v24.7 - https:\/\/yoast.com\/wordpress\/plugins\/seo\/ -->\n<title>Rz\u0105d wprowadza kolejne kroki w walce z koronawirusem &#8211; Marek Kuchci\u0144ski<\/title>\n<meta name=\"robots\" content=\"index, follow, max-snippet:-1, max-image-preview:large, max-video-preview:-1\" \/>\n<link rel=\"canonical\" href=\"https:\/\/marekkuchcinski.pl\/ro\/wydarzenia\/rzad-wprowadza-kolejne-kroki-w-walce-z-koronawirusem\/\" \/>\n<meta property=\"og:locale\" content=\"ro_RO\" \/>\n<meta property=\"og:type\" content=\"article\" \/>\n<meta property=\"og:title\" content=\"Rz\u0105d wprowadza kolejne kroki w walce z koronawirusem &#8211; Marek Kuchci\u0144ski\" \/>\n<meta property=\"og:description\" content=\"Ograniczenia w liczbie klient\u00f3w w sklepach, na targach, na poczcie (od 1.04.2020 r.) Sklepy i punkty us\u0142ugowe \u2013 3 osoby na kas\u0119 lub stanowisko do p\u0142acenia Do ka\u017cdego sklepu (zar\u00f3wno ma\u0142ego, jak i wielkopowierzchniowego), a tak\u017ce do ka\u017cdego lokalu us\u0142ugowego mo\u017ce wej\u015b\u0107 maksymalnie tyle os\u00f3b, ile wynosi iloczyn liczby wszystkich kas i liczby 3. Targowisko [&hellip;]\" \/>\n<meta property=\"og:url\" content=\"https:\/\/marekkuchcinski.pl\/ro\/wydarzenia\/rzad-wprowadza-kolejne-kroki-w-walce-z-koronawirusem\/\" \/>\n<meta property=\"og:site_name\" content=\"Marek Kuchci\u0144ski\" \/>\n<meta property=\"article:published_time\" content=\"2020-03-31T16:36:52+00:00\" \/>\n<meta property=\"article:modified_time\" content=\"2020-07-05T10:52:58+00:00\" \/>\n<meta property=\"og:image\" content=\"https:\/\/marekkuchcinski.pl\/wp-content\/uploads\/2020\/06\/1-1.jpg\" \/>\n\t<meta property=\"og:image:width\" content=\"696\" \/>\n\t<meta property=\"og:image:height\" content=\"564\" \/>\n\t<meta property=\"og:image:type\" content=\"image\/jpeg\" \/>\n<meta name=\"author\" content=\"Tomasz \u0141acina\" \/>\n<meta name=\"twitter:card\" content=\"summary_large_image\" \/>\n<meta name=\"twitter:label1\" content=\"Scris de\" \/>\n\t<meta name=\"twitter:data1\" content=\"Tomasz \u0141acina\" \/>\n\t<meta name=\"twitter:label2\" content=\"Timp estimat pentru citire\" \/>\n\t<meta name=\"twitter:data2\" content=\"5 minutes\" \/>\n<script type=\"application\/ld+json\" class=\"yoast-schema-graph\">{\"@context\":\"https:\/\/schema.org\",\"@graph\":[{\"@type\":\"Article\",\"@id\":\"https:\/\/marekkuchcinski.pl\/wydarzenia\/rzad-wprowadza-kolejne-kroki-w-walce-z-koronawirusem\/#article\",\"isPartOf\":{\"@id\":\"https:\/\/marekkuchcinski.pl\/wydarzenia\/rzad-wprowadza-kolejne-kroki-w-walce-z-koronawirusem\/\"},\"author\":{\"name\":\"Tomasz \u0141acina\",\"@id\":\"https:\/\/marekkuchcinski.pl\/#\/schema\/person\/b8a29fe7813098f7be78801d029910a7\"},\"headline\":\"Rz\u0105d wprowadza kolejne kroki w walce z koronawirusem\",\"datePublished\":\"2020-03-31T16:36:52+00:00\",\"dateModified\":\"2020-07-05T10:52:58+00:00\",\"mainEntityOfPage\":{\"@id\":\"https:\/\/marekkuchcinski.pl\/wydarzenia\/rzad-wprowadza-kolejne-kroki-w-walce-z-koronawirusem\/\"},\"wordCount\":1009,\"commentCount\":0,\"publisher\":{\"@id\":\"https:\/\/marekkuchcinski.pl\/#organization\"},\"image\":{\"@id\":\"https:\/\/marekkuchcinski.pl\/wydarzenia\/rzad-wprowadza-kolejne-kroki-w-walce-z-koronawirusem\/#primaryimage\"},\"thumbnailUrl\":\"https:\/\/marekkuchcinski.pl\/wp-content\/uploads\/2020\/06\/1-1.jpg\",\"articleSection\":[\"Wydarzenia\"],\"inLanguage\":\"ro-RO\",\"potentialAction\":[{\"@type\":\"CommentAction\",\"name\":\"Comment\",\"target\":[\"https:\/\/marekkuchcinski.pl\/wydarzenia\/rzad-wprowadza-kolejne-kroki-w-walce-z-koronawirusem\/#respond\"]}]},{\"@type\":\"WebPage\",\"@id\":\"https:\/\/marekkuchcinski.pl\/wydarzenia\/rzad-wprowadza-kolejne-kroki-w-walce-z-koronawirusem\/\",\"url\":\"https:\/\/marekkuchcinski.pl\/wydarzenia\/rzad-wprowadza-kolejne-kroki-w-walce-z-koronawirusem\/\",\"name\":\"Rz\u0105d wprowadza kolejne kroki w walce z koronawirusem &#8211; Marek Kuchci\u0144ski\",\"isPartOf\":{\"@id\":\"https:\/\/marekkuchcinski.pl\/#website\"},\"primaryImageOfPage\":{\"@id\":\"https:\/\/marekkuchcinski.pl\/wydarzenia\/rzad-wprowadza-kolejne-kroki-w-walce-z-koronawirusem\/#primaryimage\"},\"image\":{\"@id\":\"https:\/\/marekkuchcinski.pl\/wydarzenia\/rzad-wprowadza-kolejne-kroki-w-walce-z-koronawirusem\/#primaryimage\"},\"thumbnailUrl\":\"https:\/\/marekkuchcinski.pl\/wp-content\/uploads\/2020\/06\/1-1.jpg\",\"datePublished\":\"2020-03-31T16:36:52+00:00\",\"dateModified\":\"2020-07-05T10:52:58+00:00\",\"breadcrumb\":{\"@id\":\"https:\/\/marekkuchcinski.pl\/wydarzenia\/rzad-wprowadza-kolejne-kroki-w-walce-z-koronawirusem\/#breadcrumb\"},\"inLanguage\":\"ro-RO\",\"potentialAction\":[{\"@type\":\"ReadAction\",\"target\":[\"https:\/\/marekkuchcinski.pl\/wydarzenia\/rzad-wprowadza-kolejne-kroki-w-walce-z-koronawirusem\/\"]}]},{\"@type\":\"ImageObject\",\"inLanguage\":\"ro-RO\",\"@id\":\"https:\/\/marekkuchcinski.pl\/wydarzenia\/rzad-wprowadza-kolejne-kroki-w-walce-z-koronawirusem\/#primaryimage\",\"url\":\"https:\/\/marekkuchcinski.pl\/wp-content\/uploads\/2020\/06\/1-1.jpg\",\"contentUrl\":\"https:\/\/marekkuchcinski.pl\/wp-content\/uploads\/2020\/06\/1-1.jpg\",\"width\":696,\"height\":564},{\"@type\":\"BreadcrumbList\",\"@id\":\"https:\/\/marekkuchcinski.pl\/wydarzenia\/rzad-wprowadza-kolejne-kroki-w-walce-z-koronawirusem\/#breadcrumb\",\"itemListElement\":[{\"@type\":\"ListItem\",\"position\":1,\"name\":\"Strona g\u0142\u00f3wna\",\"item\":\"https:\/\/marekkuchcinski.pl\/\"},{\"@type\":\"ListItem\",\"position\":2,\"name\":\"Rz\u0105d wprowadza kolejne kroki w walce z koronawirusem\"}]},{\"@type\":\"WebSite\",\"@id\":\"https:\/\/marekkuchcinski.pl\/#website\",\"url\":\"https:\/\/marekkuchcinski.pl\/\",\"name\":\"Marek Kuchci\u0144ski\",\"description\":\"Pose\u0142 na sejm RP &ndash; okr\u0119g nr 22\",\"publisher\":{\"@id\":\"https:\/\/marekkuchcinski.pl\/#organization\"},\"potentialAction\":[{\"@type\":\"SearchAction\",\"target\":{\"@type\":\"EntryPoint\",\"urlTemplate\":\"https:\/\/marekkuchcinski.pl\/?s={search_term_string}\"},\"query-input\":{\"@type\":\"PropertyValueSpecification\",\"valueRequired\":true,\"valueName\":\"search_term_string\"}}],\"inLanguage\":\"ro-RO\"},{\"@type\":\"Organization\",\"@id\":\"https:\/\/marekkuchcinski.pl\/#organization\",\"name\":\"Marek Kuchci\u0144ski\",\"url\":\"https:\/\/marekkuchcinski.pl\/\",\"logo\":{\"@type\":\"ImageObject\",\"inLanguage\":\"ro-RO\",\"@id\":\"https:\/\/marekkuchcinski.pl\/#\/schema\/logo\/image\/\",\"url\":\"https:\/\/marekkuchcinski.pl\/wp-content\/uploads\/2022\/09\/Marek.jpg\",\"contentUrl\":\"https:\/\/marekkuchcinski.pl\/wp-content\/uploads\/2022\/09\/Marek.jpg\",\"width\":1600,\"height\":971,\"caption\":\"Marek Kuchci\u0144ski\"},\"image\":{\"@id\":\"https:\/\/marekkuchcinski.pl\/#\/schema\/logo\/image\/\"}},{\"@type\":\"Person\",\"@id\":\"https:\/\/marekkuchcinski.pl\/#\/schema\/person\/b8a29fe7813098f7be78801d029910a7\",\"name\":\"Tomasz \u0141acina\",\"image\":{\"@type\":\"ImageObject\",\"inLanguage\":\"ro-RO\",\"@id\":\"https:\/\/marekkuchcinski.pl\/#\/schema\/person\/image\/\",\"url\":\"https:\/\/secure.gravatar.com\/avatar\/22e75f6c51aff77a676ed77dd222f852?s=96&d=mm&r=g\",\"contentUrl\":\"https:\/\/secure.gravatar.com\/avatar\/22e75f6c51aff77a676ed77dd222f852?s=96&d=mm&r=g\",\"caption\":\"Tomasz \u0141acina\"},\"url\":\"https:\/\/marekkuchcinski.pl\/ro\/author\/tomek-lacina\/\"}]}<\/script>\n<!-- \/ Yoast SEO plugin. -->","yoast_head_json":{"title":"Rz\u0105d wprowadza kolejne kroki w walce z koronawirusem &#8211; Marek Kuchci\u0144ski","robots":{"index":"index","follow":"follow","max-snippet":"max-snippet:-1","max-image-preview":"max-image-preview:large","max-video-preview":"max-video-preview:-1"},"canonical":"https:\/\/marekkuchcinski.pl\/ro\/wydarzenia\/rzad-wprowadza-kolejne-kroki-w-walce-z-koronawirusem\/","og_locale":"ro_RO","og_type":"article","og_title":"Rz\u0105d wprowadza kolejne kroki w walce z koronawirusem &#8211; Marek Kuchci\u0144ski","og_description":"Ograniczenia w liczbie klient\u00f3w w sklepach, na targach, na poczcie (od 1.04.2020 r.) Sklepy i punkty us\u0142ugowe \u2013 3 osoby na kas\u0119 lub stanowisko do p\u0142acenia Do ka\u017cdego sklepu (zar\u00f3wno ma\u0142ego, jak i wielkopowierzchniowego), a tak\u017ce do ka\u017cdego lokalu us\u0142ugowego mo\u017ce wej\u015b\u0107 maksymalnie tyle os\u00f3b, ile wynosi iloczyn liczby wszystkich kas i liczby 3. Targowisko [&hellip;]","og_url":"https:\/\/marekkuchcinski.pl\/ro\/wydarzenia\/rzad-wprowadza-kolejne-kroki-w-walce-z-koronawirusem\/","og_site_name":"Marek Kuchci\u0144ski","article_published_time":"2020-03-31T16:36:52+00:00","article_modified_time":"2020-07-05T10:52:58+00:00","og_image":[{"width":696,"height":564,"url":"https:\/\/marekkuchcinski.pl\/wp-content\/uploads\/2020\/06\/1-1.jpg","type":"image\/jpeg"}],"author":"Tomasz \u0141acina","twitter_card":"summary_large_image","twitter_misc":{"Scris de":"Tomasz \u0141acina","Timp estimat pentru citire":"5 minutes"},"schema":{"@context":"https:\/\/schema.org","@graph":[{"@type":"Article","@id":"https:\/\/marekkuchcinski.pl\/wydarzenia\/rzad-wprowadza-kolejne-kroki-w-walce-z-koronawirusem\/#article","isPartOf":{"@id":"https:\/\/marekkuchcinski.pl\/wydarzenia\/rzad-wprowadza-kolejne-kroki-w-walce-z-koronawirusem\/"},"author":{"name":"Tomasz \u0141acina","@id":"https:\/\/marekkuchcinski.pl\/#\/schema\/person\/b8a29fe7813098f7be78801d029910a7"},"headline":"Rz\u0105d wprowadza kolejne kroki w walce z koronawirusem","datePublished":"2020-03-31T16:36:52+00:00","dateModified":"2020-07-05T10:52:58+00:00","mainEntityOfPage":{"@id":"https:\/\/marekkuchcinski.pl\/wydarzenia\/rzad-wprowadza-kolejne-kroki-w-walce-z-koronawirusem\/"},"wordCount":1009,"commentCount":0,"publisher":{"@id":"https:\/\/marekkuchcinski.pl\/#organization"},"image":{"@id":"https:\/\/marekkuchcinski.pl\/wydarzenia\/rzad-wprowadza-kolejne-kroki-w-walce-z-koronawirusem\/#primaryimage"},"thumbnailUrl":"https:\/\/marekkuchcinski.pl\/wp-content\/uploads\/2020\/06\/1-1.jpg","articleSection":["Wydarzenia"],"inLanguage":"ro-RO","potentialAction":[{"@type":"CommentAction","name":"Comment","target":["https:\/\/marekkuchcinski.pl\/wydarzenia\/rzad-wprowadza-kolejne-kroki-w-walce-z-koronawirusem\/#respond"]}]},{"@type":"WebPage","@id":"https:\/\/marekkuchcinski.pl\/wydarzenia\/rzad-wprowadza-kolejne-kroki-w-walce-z-koronawirusem\/","url":"https:\/\/marekkuchcinski.pl\/wydarzenia\/rzad-wprowadza-kolejne-kroki-w-walce-z-koronawirusem\/","name":"Rz\u0105d wprowadza kolejne kroki w walce z koronawirusem &#8211; Marek Kuchci\u0144ski","isPartOf":{"@id":"https:\/\/marekkuchcinski.pl\/#website"},"primaryImageOfPage":{"@id":"https:\/\/marekkuchcinski.pl\/wydarzenia\/rzad-wprowadza-kolejne-kroki-w-walce-z-koronawirusem\/#primaryimage"},"image":{"@id":"https:\/\/marekkuchcinski.pl\/wydarzenia\/rzad-wprowadza-kolejne-kroki-w-walce-z-koronawirusem\/#primaryimage"},"thumbnailUrl":"https:\/\/marekkuchcinski.pl\/wp-content\/uploads\/2020\/06\/1-1.jpg","datePublished":"2020-03-31T16:36:52+00:00","dateModified":"2020-07-05T10:52:58+00:00","breadcrumb":{"@id":"https:\/\/marekkuchcinski.pl\/wydarzenia\/rzad-wprowadza-kolejne-kroki-w-walce-z-koronawirusem\/#breadcrumb"},"inLanguage":"ro-RO","potentialAction":[{"@type":"ReadAction","target":["https:\/\/marekkuchcinski.pl\/wydarzenia\/rzad-wprowadza-kolejne-kroki-w-walce-z-koronawirusem\/"]}]},{"@type":"ImageObject","inLanguage":"ro-RO","@id":"https:\/\/marekkuchcinski.pl\/wydarzenia\/rzad-wprowadza-kolejne-kroki-w-walce-z-koronawirusem\/#primaryimage","url":"https:\/\/marekkuchcinski.pl\/wp-content\/uploads\/2020\/06\/1-1.jpg","contentUrl":"https:\/\/marekkuchcinski.pl\/wp-content\/uploads\/2020\/06\/1-1.jpg","width":696,"height":564},{"@type":"BreadcrumbList","@id":"https:\/\/marekkuchcinski.pl\/wydarzenia\/rzad-wprowadza-kolejne-kroki-w-walce-z-koronawirusem\/#breadcrumb","itemListElement":[{"@type":"ListItem","position":1,"name":"Strona g\u0142\u00f3wna","item":"https:\/\/marekkuchcinski.pl\/"},{"@type":"ListItem","position":2,"name":"Rz\u0105d wprowadza kolejne kroki w walce z koronawirusem"}]},{"@type":"WebSite","@id":"https:\/\/marekkuchcinski.pl\/#website","url":"https:\/\/marekkuchcinski.pl\/","name":"Marek Kuchci\u0144ski","description":"Pose\u0142 na sejm RP &ndash; okr\u0119g nr 22","publisher":{"@id":"https:\/\/marekkuchcinski.pl\/#organization"},"potentialAction":[{"@type":"SearchAction","target":{"@type":"EntryPoint","urlTemplate":"https:\/\/marekkuchcinski.pl\/?s={search_term_string}"},"query-input":{"@type":"PropertyValueSpecification","valueRequired":true,"valueName":"search_term_string"}}],"inLanguage":"ro-RO"},{"@type":"Organization","@id":"https:\/\/marekkuchcinski.pl\/#organization","name":"Marek Kuchci\u0144ski","url":"https:\/\/marekkuchcinski.pl\/","logo":{"@type":"ImageObject","inLanguage":"ro-RO","@id":"https:\/\/marekkuchcinski.pl\/#\/schema\/logo\/image\/","url":"https:\/\/marekkuchcinski.pl\/wp-content\/uploads\/2022\/09\/Marek.jpg","contentUrl":"https:\/\/marekkuchcinski.pl\/wp-content\/uploads\/2022\/09\/Marek.jpg","width":1600,"height":971,"caption":"Marek Kuchci\u0144ski"},"image":{"@id":"https:\/\/marekkuchcinski.pl\/#\/schema\/logo\/image\/"}},{"@type":"Person","@id":"https:\/\/marekkuchcinski.pl\/#\/schema\/person\/b8a29fe7813098f7be78801d029910a7","name":"Tomasz \u0141acina","image":{"@type":"ImageObject","inLanguage":"ro-RO","@id":"https:\/\/marekkuchcinski.pl\/#\/schema\/person\/image\/","url":"https:\/\/secure.gravatar.com\/avatar\/22e75f6c51aff77a676ed77dd222f852?s=96&d=mm&r=g","contentUrl":"https:\/\/secure.gravatar.com\/avatar\/22e75f6c51aff77a676ed77dd222f852?s=96&d=mm&r=g","caption":"Tomasz \u0141acina"},"url":"https:\/\/marekkuchcinski.pl\/ro\/author\/tomek-lacina\/"}]}},"_links":{"self":[{"href":"https:\/\/marekkuchcinski.pl\/ro\/wp-json\/wp\/v2\/posts\/19069","targetHints":{"allow":["GET"]}}],"collection":[{"href":"https:\/\/marekkuchcinski.pl\/ro\/wp-json\/wp\/v2\/posts"}],"about":[{"href":"https:\/\/marekkuchcinski.pl\/ro\/wp-json\/wp\/v2\/types\/post"}],"author":[{"embeddable":true,"href":"https:\/\/marekkuchcinski.pl\/ro\/wp-json\/wp\/v2\/users\/17"}],"replies":[{"embeddable":true,"href":"https:\/\/marekkuchcinski.pl\/ro\/wp-json\/wp\/v2\/comments?post=19069"}],"version-history":[{"count":1,"href":"https:\/\/marekkuchcinski.pl\/ro\/wp-json\/wp\/v2\/posts\/19069\/revisions"}],"predecessor-version":[{"id":19071,"href":"https:\/\/marekkuchcinski.pl\/ro\/wp-json\/wp\/v2\/posts\/19069\/revisions\/19071"}],"wp:featuredmedia":[{"embeddable":true,"href":"https:\/\/marekkuchcinski.pl\/ro\/wp-json\/wp\/v2\/media\/19070"}],"wp:attachment":[{"href":"https:\/\/marekkuchcinski.pl\/ro\/wp-json\/wp\/v2\/media?parent=19069"}],"wp:term":[{"taxonomy":"category","embeddable":true,"href":"https:\/\/marekkuchcinski.pl\/ro\/wp-json\/wp\/v2\/categories?post=19069"},{"taxonomy":"post_tag","embeddable":true,"href":"https:\/\/marekkuchcinski.pl\/ro\/wp-json\/wp\/v2\/tags?post=19069"}],"curies":[{"name":"wp","href":"https:\/\/api.w.org\/{rel}","templated":true}]}}