{"id":19064,"date":"2020-03-29T18:28:56","date_gmt":"2020-03-29T16:28:56","guid":{"rendered":"https:\/\/marek2.rkartist.pl\/?p=19064"},"modified":"2020-07-05T13:04:00","modified_gmt":"2020-07-05T11:04:00","slug":"podsumowanie-8-posiedzenia-sejmu","status":"publish","type":"post","link":"https:\/\/marekkuchcinski.pl\/ro\/bez-kategorii\/podsumowanie-8-posiedzenia-sejmu\/","title":{"rendered":"Rezumatul celei de-a 8-a \u0219edin\u021be a Sejm-ului"},"content":{"rendered":"<p><strong>Posibilitatea parlamentarilor de a participa de la distan\u021b\u0103 la\nModificarea adoptat\u0103 joi, 26 martie, a Regulamentului de procedur\u0103 al Sejm-ului<\/strong>.\nAcesta a fost singurul punct de pe ordinea de zi din prima zi a celei de-a opta \u0219edin\u021be a Parlamentului. Av\u00e2nd \u00een vedere\nstarea de epidemie care fusese declarat\u0103, Sejm-ul s-a \u00eentrunit \u00een condi\u021bii speciale de securitate.\nnormele de securitate. \u0218edin\u021ba s-a desf\u0103\u0219urat \u00eentr-un total de 12 camere de \u0219edin\u021b\u0103\ncamere. Acest lucru a f\u0103cut posibil\u0103 respectarea distan\u021belor dintre parlamentari, a\u0219a cum recomand\u0103 autorit\u0103\u021bile sanitare.\nrecomandat\u0103 de autorit\u0103\u021bile sanitare, a fost posibil\u0103 p\u0103strarea distan\u021belor dintre parlamentari.<\/p>\n\n\n\n<p><strong>Legisla\u021bia adoptat\u0103 le permite deputa\u021bilor s\u0103\ns\u0103 participe la o sesiune a Sejm-ului prin intermediul mijloacelor electronice.\nmijloace de comunicare electronic\u0103 care fac posibil\u0103 comunicarea la distan\u021b\u0103. Aceasta\nmodul extraordinar de func\u021bionare a Sejm-ului poate fi dispus numai \u00een\n\u00een cazul introducerii uneia dintre st\u0103rile de urgen\u021b\u0103 descrise \u00een Constitu\u021bie\nsau \u00een timpul unei epidemii. Modificarea va r\u0103m\u00e2ne \u00een vigoare p\u00e2n\u0103 la 30 iunie\ndin acest an.<\/strong><\/p>\n\n\n\n<p>Proiectele de amendamente au fost prezentate de c\u0103tre Biroul Sejm. Ca\nsubliniat\u0103 \u00een justificare, schimbarea a fost dictat\u0103 de necesitatea de a\ns\u0103 se asigure c\u0103 Parlamentul <strong>posibilitatea unei ac\u021biuni proactive \u0219i a unei legisla\u021bii\n\u00een lupta \u00eempotriva epidemiei de coronavirus.<\/strong><\/p>\n\n\n\n<p>Modific\u0103rile prev\u0103d, de asemenea, c\u0103 un format similar\ncomisiile \u0219i subcomisiile Sejm-ului vor putea, de asemenea, s\u0103 \u00ee\u0219i desf\u0103\u0219oare \u0219edin\u021bele,\nPrezidiul Sejm-ului \u0219i Conven\u021bia seniorilor.<\/p>\n\n\n\n<p><strong>\u00cen cea de-a doua zi a sesiunii Sejm-ului (vineri, 27 martie), care a fost extrem de aglomerat\u0103 \u0219i s-a \u00eencheiat abia s\u00e2mb\u0103t\u0103 dup\u0103 ora 6 diminea\u021ba, au fost adoptate proiectele de lege care alc\u0103tuiesc scutul anticriz\u0103:<\/strong><\/p>\n\n\n\n<ul class=\"wp-block-list\"><li><strong>s\u0103 ac\u021bioneze asupra solu\u021biilor specifice legate de prevenirea, combaterea \u0219i eradicarea COVID-19, a altor boli infec\u021bioase \u0219i a situa\u021biilor de criz\u0103 cauzate de acestea. <\/strong><\/li><\/ul>\n\n\n\n<p><\/p>\n\n\n\n<ul class=\"wp-block-list\"><li><strong>Legea pentru modificarea unor acte legislative din domeniul sistemului de s\u0103n\u0103tate privind prevenirea, contracararea \u0219i combaterea COVID-19<\/strong><\/li><\/ul>\n\n\n\n<p><\/p>\n\n\n\n<ul class=\"wp-block-list\"><li><strong>de modificare a legii privind sistemul institu\u021biilor de dezvoltare. <\/strong><\/li><\/ul>\n\n\n\n<p><strong>Proiectele adoptate se bazeaz\u0103 pe cinci piloni: <\/strong>p\u0103strarea locurilor de munc\u0103, sprijinirea companiilor \u0219i a antreprenorilor, cre\u0219terea finan\u021b\u0103rii pentru s\u0103n\u0103tate, consolidarea sectorului de investi\u021bii publice \u0219i a sistemului financiar. <\/p>\n\n\n\n<p>Printre amendamentele depuse \u0219i adoptate s-a num\u0103rat \u0219i o modificare a Codului electoral, care a fost extins\u0103 pentru a include posibilitatea votului prin coresponden\u021b\u0103, astfel \u00eenc\u00e2t s\u0103 poat\u0103 participa la vot aleg\u0103torii \"supu\u0219i carantinei obligatorii, izol\u0103rii sau izol\u0103rii la domiciliu \u00een ziua vot\u0103rii\" \u0219i \"care au \u00eemplinit v\u00e2rsta de 60 de ani cel t\u00e2rziu \u00een ziua alegerilor\".  De asemenea, au fost votate amendamente importante la bugetul de stat pentru 2020. <\/p>\n\n\n\n<p><\/p>\n\n\n\n<figure class=\"wp-block-image size-large\"><img decoding=\"async\" src=\"https:\/\/marekkuchcinski.pl\/wp-content\/uploads\/2020\/03\/91204815_3079663365385602_8120208269537968128_n.view_.jpg\" alt=\"\" class=\"wp-image-19046\"\/><figcaption> Foto: Cancelaria Sejm-ului \/ \u0141ukasz B\u0142asikiewicz <\/figcaption><\/figure>\n\n\n\n<figure class=\"wp-block-image size-large\"><img decoding=\"async\" src=\"https:\/\/marekkuchcinski.pl\/wp-content\/uploads\/2020\/03\/LB1_3328.view_.jpg\" alt=\"\" class=\"wp-image-19047\"\/><figcaption> Foto: Cancelaria Sejm-ului \/ \u0141ukasz B\u0142asikiewicz <\/figcaption><\/figure>\n\n\n\n<p>sursa: https:\/\/www.sejm.gov.pl\/<\/p>\n\n\n\n<p><\/p>","protected":false},"excerpt":{"rendered":"<p>Mo\u017cliwo\u015b\u0107 zdalnego udzia\u0142u pos\u0142\u00f3w w pracach Sejmu zapewnia uchwalona w czwartek 26 marca zmiana w Regulaminie Sejmu. By\u0142 to jedyny punkt pierwszego dnia 8. posiedzenia Izby. W zwi\u0105zku z wprowadzonym stanem epidemii Sejm obradowa\u0142 z zachowaniem szczeg\u00f3lnych zasad bezpiecze\u0144stwa. Pos\u0142owie uczestniczyli w posiedzeniu rozmieszczeni \u0142\u0105cznie w 12 salach. Dzi\u0119ki temu mo\u017cliwe by\u0142o zachowanie zalecanych przez [&hellip;]<\/p>","protected":false},"author":17,"featured_media":19066,"comment_status":"open","ping_status":"open","sticky":false,"template":"","format":"standard","meta":{"ngg_post_thumbnail":0,"footnotes":""},"categories":[1,167,81],"tags":[],"class_list":["post-19064","post","type-post","status-publish","format-standard","has-post-thumbnail","hentry","category-bez-kategorii","category-posiedzenia-sejmu","category-wiesci-z-sejmu"],"yoast_head":"<!-- This site is optimized with the Yoast SEO plugin v24.7 - https:\/\/yoast.com\/wordpress\/plugins\/seo\/ -->\n<title>Podsumowanie 8. posiedzenia Sejmu &#8211; Marek Kuchci\u0144ski<\/title>\n<meta name=\"robots\" content=\"index, follow, max-snippet:-1, max-image-preview:large, max-video-preview:-1\" \/>\n<link rel=\"canonical\" href=\"https:\/\/marekkuchcinski.pl\/ro\/bez-kategorii\/podsumowanie-8-posiedzenia-sejmu\/\" \/>\n<meta property=\"og:locale\" content=\"ro_RO\" \/>\n<meta property=\"og:type\" content=\"article\" \/>\n<meta property=\"og:title\" content=\"Podsumowanie 8. posiedzenia Sejmu &#8211; Marek Kuchci\u0144ski\" \/>\n<meta property=\"og:description\" content=\"Mo\u017cliwo\u015b\u0107 zdalnego udzia\u0142u pos\u0142\u00f3w w pracach Sejmu zapewnia uchwalona w czwartek 26 marca zmiana w Regulaminie Sejmu. By\u0142 to jedyny punkt pierwszego dnia 8. posiedzenia Izby. W zwi\u0105zku z wprowadzonym stanem epidemii Sejm obradowa\u0142 z zachowaniem szczeg\u00f3lnych zasad bezpiecze\u0144stwa. Pos\u0142owie uczestniczyli w posiedzeniu rozmieszczeni \u0142\u0105cznie w 12 salach. Dzi\u0119ki temu mo\u017cliwe by\u0142o zachowanie zalecanych przez [&hellip;]\" \/>\n<meta property=\"og:url\" content=\"https:\/\/marekkuchcinski.pl\/ro\/bez-kategorii\/podsumowanie-8-posiedzenia-sejmu\/\" \/>\n<meta property=\"og:site_name\" content=\"Marek Kuchci\u0144ski\" \/>\n<meta property=\"article:published_time\" content=\"2020-03-29T16:28:56+00:00\" \/>\n<meta property=\"article:modified_time\" content=\"2020-07-05T11:04:00+00:00\" \/>\n<meta property=\"og:image\" content=\"https:\/\/marekkuchcinski.pl\/wp-content\/uploads\/2020\/06\/EUELSuPXQAAVtDM-250x200-1.jpg\" \/>\n\t<meta property=\"og:image:width\" content=\"250\" \/>\n\t<meta property=\"og:image:height\" content=\"200\" \/>\n\t<meta property=\"og:image:type\" content=\"image\/jpeg\" \/>\n<meta name=\"author\" content=\"Tomasz \u0141acina\" \/>\n<meta name=\"twitter:card\" content=\"summary_large_image\" \/>\n<meta name=\"twitter:label1\" content=\"Scris de\" \/>\n\t<meta name=\"twitter:data1\" content=\"Tomasz \u0141acina\" \/>\n\t<meta name=\"twitter:label2\" content=\"Timp estimat pentru citire\" \/>\n\t<meta name=\"twitter:data2\" content=\"2 minutes\" \/>\n<script type=\"application\/ld+json\" class=\"yoast-schema-graph\">{\"@context\":\"https:\/\/schema.org\",\"@graph\":[{\"@type\":\"Article\",\"@id\":\"https:\/\/marekkuchcinski.pl\/bez-kategorii\/podsumowanie-8-posiedzenia-sejmu\/#article\",\"isPartOf\":{\"@id\":\"https:\/\/marekkuchcinski.pl\/bez-kategorii\/podsumowanie-8-posiedzenia-sejmu\/\"},\"author\":{\"name\":\"Tomasz \u0141acina\",\"@id\":\"https:\/\/marekkuchcinski.pl\/#\/schema\/person\/b8a29fe7813098f7be78801d029910a7\"},\"headline\":\"Podsumowanie 8. posiedzenia Sejmu\",\"datePublished\":\"2020-03-29T16:28:56+00:00\",\"dateModified\":\"2020-07-05T11:04:00+00:00\",\"mainEntityOfPage\":{\"@id\":\"https:\/\/marekkuchcinski.pl\/bez-kategorii\/podsumowanie-8-posiedzenia-sejmu\/\"},\"wordCount\":419,\"commentCount\":0,\"publisher\":{\"@id\":\"https:\/\/marekkuchcinski.pl\/#organization\"},\"image\":{\"@id\":\"https:\/\/marekkuchcinski.pl\/bez-kategorii\/podsumowanie-8-posiedzenia-sejmu\/#primaryimage\"},\"thumbnailUrl\":\"https:\/\/marekkuchcinski.pl\/wp-content\/uploads\/2020\/06\/EUELSuPXQAAVtDM-250x200-1.jpg\",\"articleSection\":[\"Bez kategorii\",\"Posiedzenia Sejmu\",\"Wie\u015bci z Sejmu\"],\"inLanguage\":\"ro-RO\",\"potentialAction\":[{\"@type\":\"CommentAction\",\"name\":\"Comment\",\"target\":[\"https:\/\/marekkuchcinski.pl\/bez-kategorii\/podsumowanie-8-posiedzenia-sejmu\/#respond\"]}]},{\"@type\":\"WebPage\",\"@id\":\"https:\/\/marekkuchcinski.pl\/bez-kategorii\/podsumowanie-8-posiedzenia-sejmu\/\",\"url\":\"https:\/\/marekkuchcinski.pl\/bez-kategorii\/podsumowanie-8-posiedzenia-sejmu\/\",\"name\":\"Podsumowanie 8. posiedzenia Sejmu &#8211; Marek Kuchci\u0144ski\",\"isPartOf\":{\"@id\":\"https:\/\/marekkuchcinski.pl\/#website\"},\"primaryImageOfPage\":{\"@id\":\"https:\/\/marekkuchcinski.pl\/bez-kategorii\/podsumowanie-8-posiedzenia-sejmu\/#primaryimage\"},\"image\":{\"@id\":\"https:\/\/marekkuchcinski.pl\/bez-kategorii\/podsumowanie-8-posiedzenia-sejmu\/#primaryimage\"},\"thumbnailUrl\":\"https:\/\/marekkuchcinski.pl\/wp-content\/uploads\/2020\/06\/EUELSuPXQAAVtDM-250x200-1.jpg\",\"datePublished\":\"2020-03-29T16:28:56+00:00\",\"dateModified\":\"2020-07-05T11:04:00+00:00\",\"breadcrumb\":{\"@id\":\"https:\/\/marekkuchcinski.pl\/bez-kategorii\/podsumowanie-8-posiedzenia-sejmu\/#breadcrumb\"},\"inLanguage\":\"ro-RO\",\"potentialAction\":[{\"@type\":\"ReadAction\",\"target\":[\"https:\/\/marekkuchcinski.pl\/bez-kategorii\/podsumowanie-8-posiedzenia-sejmu\/\"]}]},{\"@type\":\"ImageObject\",\"inLanguage\":\"ro-RO\",\"@id\":\"https:\/\/marekkuchcinski.pl\/bez-kategorii\/podsumowanie-8-posiedzenia-sejmu\/#primaryimage\",\"url\":\"https:\/\/marekkuchcinski.pl\/wp-content\/uploads\/2020\/06\/EUELSuPXQAAVtDM-250x200-1.jpg\",\"contentUrl\":\"https:\/\/marekkuchcinski.pl\/wp-content\/uploads\/2020\/06\/EUELSuPXQAAVtDM-250x200-1.jpg\",\"width\":250,\"height\":200},{\"@type\":\"BreadcrumbList\",\"@id\":\"https:\/\/marekkuchcinski.pl\/bez-kategorii\/podsumowanie-8-posiedzenia-sejmu\/#breadcrumb\",\"itemListElement\":[{\"@type\":\"ListItem\",\"position\":1,\"name\":\"Strona g\u0142\u00f3wna\",\"item\":\"https:\/\/marekkuchcinski.pl\/\"},{\"@type\":\"ListItem\",\"position\":2,\"name\":\"Podsumowanie 8. posiedzenia Sejmu\"}]},{\"@type\":\"WebSite\",\"@id\":\"https:\/\/marekkuchcinski.pl\/#website\",\"url\":\"https:\/\/marekkuchcinski.pl\/\",\"name\":\"Marek Kuchci\u0144ski\",\"description\":\"Pose\u0142 na sejm RP &ndash; okr\u0119g nr 22\",\"publisher\":{\"@id\":\"https:\/\/marekkuchcinski.pl\/#organization\"},\"potentialAction\":[{\"@type\":\"SearchAction\",\"target\":{\"@type\":\"EntryPoint\",\"urlTemplate\":\"https:\/\/marekkuchcinski.pl\/?s={search_term_string}\"},\"query-input\":{\"@type\":\"PropertyValueSpecification\",\"valueRequired\":true,\"valueName\":\"search_term_string\"}}],\"inLanguage\":\"ro-RO\"},{\"@type\":\"Organization\",\"@id\":\"https:\/\/marekkuchcinski.pl\/#organization\",\"name\":\"Marek Kuchci\u0144ski\",\"url\":\"https:\/\/marekkuchcinski.pl\/\",\"logo\":{\"@type\":\"ImageObject\",\"inLanguage\":\"ro-RO\",\"@id\":\"https:\/\/marekkuchcinski.pl\/#\/schema\/logo\/image\/\",\"url\":\"https:\/\/marekkuchcinski.pl\/wp-content\/uploads\/2022\/09\/Marek.jpg\",\"contentUrl\":\"https:\/\/marekkuchcinski.pl\/wp-content\/uploads\/2022\/09\/Marek.jpg\",\"width\":1600,\"height\":971,\"caption\":\"Marek Kuchci\u0144ski\"},\"image\":{\"@id\":\"https:\/\/marekkuchcinski.pl\/#\/schema\/logo\/image\/\"}},{\"@type\":\"Person\",\"@id\":\"https:\/\/marekkuchcinski.pl\/#\/schema\/person\/b8a29fe7813098f7be78801d029910a7\",\"name\":\"Tomasz \u0141acina\",\"image\":{\"@type\":\"ImageObject\",\"inLanguage\":\"ro-RO\",\"@id\":\"https:\/\/marekkuchcinski.pl\/#\/schema\/person\/image\/\",\"url\":\"https:\/\/secure.gravatar.com\/avatar\/22e75f6c51aff77a676ed77dd222f852?s=96&d=mm&r=g\",\"contentUrl\":\"https:\/\/secure.gravatar.com\/avatar\/22e75f6c51aff77a676ed77dd222f852?s=96&d=mm&r=g\",\"caption\":\"Tomasz \u0141acina\"},\"url\":\"https:\/\/marekkuchcinski.pl\/ro\/author\/tomek-lacina\/\"}]}<\/script>\n<!-- \/ Yoast SEO plugin. -->","yoast_head_json":{"title":"Podsumowanie 8. posiedzenia Sejmu &#8211; Marek Kuchci\u0144ski","robots":{"index":"index","follow":"follow","max-snippet":"max-snippet:-1","max-image-preview":"max-image-preview:large","max-video-preview":"max-video-preview:-1"},"canonical":"https:\/\/marekkuchcinski.pl\/ro\/bez-kategorii\/podsumowanie-8-posiedzenia-sejmu\/","og_locale":"ro_RO","og_type":"article","og_title":"Podsumowanie 8. posiedzenia Sejmu &#8211; Marek Kuchci\u0144ski","og_description":"Mo\u017cliwo\u015b\u0107 zdalnego udzia\u0142u pos\u0142\u00f3w w pracach Sejmu zapewnia uchwalona w czwartek 26 marca zmiana w Regulaminie Sejmu. By\u0142 to jedyny punkt pierwszego dnia 8. posiedzenia Izby. W zwi\u0105zku z wprowadzonym stanem epidemii Sejm obradowa\u0142 z zachowaniem szczeg\u00f3lnych zasad bezpiecze\u0144stwa. Pos\u0142owie uczestniczyli w posiedzeniu rozmieszczeni \u0142\u0105cznie w 12 salach. Dzi\u0119ki temu mo\u017cliwe by\u0142o zachowanie zalecanych przez [&hellip;]","og_url":"https:\/\/marekkuchcinski.pl\/ro\/bez-kategorii\/podsumowanie-8-posiedzenia-sejmu\/","og_site_name":"Marek Kuchci\u0144ski","article_published_time":"2020-03-29T16:28:56+00:00","article_modified_time":"2020-07-05T11:04:00+00:00","og_image":[{"width":250,"height":200,"url":"https:\/\/marekkuchcinski.pl\/wp-content\/uploads\/2020\/06\/EUELSuPXQAAVtDM-250x200-1.jpg","type":"image\/jpeg"}],"author":"Tomasz \u0141acina","twitter_card":"summary_large_image","twitter_misc":{"Scris de":"Tomasz \u0141acina","Timp estimat pentru citire":"2 minutes"},"schema":{"@context":"https:\/\/schema.org","@graph":[{"@type":"Article","@id":"https:\/\/marekkuchcinski.pl\/bez-kategorii\/podsumowanie-8-posiedzenia-sejmu\/#article","isPartOf":{"@id":"https:\/\/marekkuchcinski.pl\/bez-kategorii\/podsumowanie-8-posiedzenia-sejmu\/"},"author":{"name":"Tomasz \u0141acina","@id":"https:\/\/marekkuchcinski.pl\/#\/schema\/person\/b8a29fe7813098f7be78801d029910a7"},"headline":"Podsumowanie 8. posiedzenia Sejmu","datePublished":"2020-03-29T16:28:56+00:00","dateModified":"2020-07-05T11:04:00+00:00","mainEntityOfPage":{"@id":"https:\/\/marekkuchcinski.pl\/bez-kategorii\/podsumowanie-8-posiedzenia-sejmu\/"},"wordCount":419,"commentCount":0,"publisher":{"@id":"https:\/\/marekkuchcinski.pl\/#organization"},"image":{"@id":"https:\/\/marekkuchcinski.pl\/bez-kategorii\/podsumowanie-8-posiedzenia-sejmu\/#primaryimage"},"thumbnailUrl":"https:\/\/marekkuchcinski.pl\/wp-content\/uploads\/2020\/06\/EUELSuPXQAAVtDM-250x200-1.jpg","articleSection":["Bez kategorii","Posiedzenia Sejmu","Wie\u015bci z Sejmu"],"inLanguage":"ro-RO","potentialAction":[{"@type":"CommentAction","name":"Comment","target":["https:\/\/marekkuchcinski.pl\/bez-kategorii\/podsumowanie-8-posiedzenia-sejmu\/#respond"]}]},{"@type":"WebPage","@id":"https:\/\/marekkuchcinski.pl\/bez-kategorii\/podsumowanie-8-posiedzenia-sejmu\/","url":"https:\/\/marekkuchcinski.pl\/bez-kategorii\/podsumowanie-8-posiedzenia-sejmu\/","name":"Podsumowanie 8. posiedzenia Sejmu &#8211; Marek Kuchci\u0144ski","isPartOf":{"@id":"https:\/\/marekkuchcinski.pl\/#website"},"primaryImageOfPage":{"@id":"https:\/\/marekkuchcinski.pl\/bez-kategorii\/podsumowanie-8-posiedzenia-sejmu\/#primaryimage"},"image":{"@id":"https:\/\/marekkuchcinski.pl\/bez-kategorii\/podsumowanie-8-posiedzenia-sejmu\/#primaryimage"},"thumbnailUrl":"https:\/\/marekkuchcinski.pl\/wp-content\/uploads\/2020\/06\/EUELSuPXQAAVtDM-250x200-1.jpg","datePublished":"2020-03-29T16:28:56+00:00","dateModified":"2020-07-05T11:04:00+00:00","breadcrumb":{"@id":"https:\/\/marekkuchcinski.pl\/bez-kategorii\/podsumowanie-8-posiedzenia-sejmu\/#breadcrumb"},"inLanguage":"ro-RO","potentialAction":[{"@type":"ReadAction","target":["https:\/\/marekkuchcinski.pl\/bez-kategorii\/podsumowanie-8-posiedzenia-sejmu\/"]}]},{"@type":"ImageObject","inLanguage":"ro-RO","@id":"https:\/\/marekkuchcinski.pl\/bez-kategorii\/podsumowanie-8-posiedzenia-sejmu\/#primaryimage","url":"https:\/\/marekkuchcinski.pl\/wp-content\/uploads\/2020\/06\/EUELSuPXQAAVtDM-250x200-1.jpg","contentUrl":"https:\/\/marekkuchcinski.pl\/wp-content\/uploads\/2020\/06\/EUELSuPXQAAVtDM-250x200-1.jpg","width":250,"height":200},{"@type":"BreadcrumbList","@id":"https:\/\/marekkuchcinski.pl\/bez-kategorii\/podsumowanie-8-posiedzenia-sejmu\/#breadcrumb","itemListElement":[{"@type":"ListItem","position":1,"name":"Strona g\u0142\u00f3wna","item":"https:\/\/marekkuchcinski.pl\/"},{"@type":"ListItem","position":2,"name":"Podsumowanie 8. posiedzenia Sejmu"}]},{"@type":"WebSite","@id":"https:\/\/marekkuchcinski.pl\/#website","url":"https:\/\/marekkuchcinski.pl\/","name":"Marek Kuchci\u0144ski","description":"Pose\u0142 na sejm RP &ndash; okr\u0119g nr 22","publisher":{"@id":"https:\/\/marekkuchcinski.pl\/#organization"},"potentialAction":[{"@type":"SearchAction","target":{"@type":"EntryPoint","urlTemplate":"https:\/\/marekkuchcinski.pl\/?s={search_term_string}"},"query-input":{"@type":"PropertyValueSpecification","valueRequired":true,"valueName":"search_term_string"}}],"inLanguage":"ro-RO"},{"@type":"Organization","@id":"https:\/\/marekkuchcinski.pl\/#organization","name":"Marek Kuchci\u0144ski","url":"https:\/\/marekkuchcinski.pl\/","logo":{"@type":"ImageObject","inLanguage":"ro-RO","@id":"https:\/\/marekkuchcinski.pl\/#\/schema\/logo\/image\/","url":"https:\/\/marekkuchcinski.pl\/wp-content\/uploads\/2022\/09\/Marek.jpg","contentUrl":"https:\/\/marekkuchcinski.pl\/wp-content\/uploads\/2022\/09\/Marek.jpg","width":1600,"height":971,"caption":"Marek Kuchci\u0144ski"},"image":{"@id":"https:\/\/marekkuchcinski.pl\/#\/schema\/logo\/image\/"}},{"@type":"Person","@id":"https:\/\/marekkuchcinski.pl\/#\/schema\/person\/b8a29fe7813098f7be78801d029910a7","name":"Tomasz \u0141acina","image":{"@type":"ImageObject","inLanguage":"ro-RO","@id":"https:\/\/marekkuchcinski.pl\/#\/schema\/person\/image\/","url":"https:\/\/secure.gravatar.com\/avatar\/22e75f6c51aff77a676ed77dd222f852?s=96&d=mm&r=g","contentUrl":"https:\/\/secure.gravatar.com\/avatar\/22e75f6c51aff77a676ed77dd222f852?s=96&d=mm&r=g","caption":"Tomasz \u0141acina"},"url":"https:\/\/marekkuchcinski.pl\/ro\/author\/tomek-lacina\/"}]}},"_links":{"self":[{"href":"https:\/\/marekkuchcinski.pl\/ro\/wp-json\/wp\/v2\/posts\/19064","targetHints":{"allow":["GET"]}}],"collection":[{"href":"https:\/\/marekkuchcinski.pl\/ro\/wp-json\/wp\/v2\/posts"}],"about":[{"href":"https:\/\/marekkuchcinski.pl\/ro\/wp-json\/wp\/v2\/types\/post"}],"author":[{"embeddable":true,"href":"https:\/\/marekkuchcinski.pl\/ro\/wp-json\/wp\/v2\/users\/17"}],"replies":[{"embeddable":true,"href":"https:\/\/marekkuchcinski.pl\/ro\/wp-json\/wp\/v2\/comments?post=19064"}],"version-history":[{"count":1,"href":"https:\/\/marekkuchcinski.pl\/ro\/wp-json\/wp\/v2\/posts\/19064\/revisions"}],"predecessor-version":[{"id":19065,"href":"https:\/\/marekkuchcinski.pl\/ro\/wp-json\/wp\/v2\/posts\/19064\/revisions\/19065"}],"wp:featuredmedia":[{"embeddable":true,"href":"https:\/\/marekkuchcinski.pl\/ro\/wp-json\/wp\/v2\/media\/19066"}],"wp:attachment":[{"href":"https:\/\/marekkuchcinski.pl\/ro\/wp-json\/wp\/v2\/media?parent=19064"}],"wp:term":[{"taxonomy":"category","embeddable":true,"href":"https:\/\/marekkuchcinski.pl\/ro\/wp-json\/wp\/v2\/categories?post=19064"},{"taxonomy":"post_tag","embeddable":true,"href":"https:\/\/marekkuchcinski.pl\/ro\/wp-json\/wp\/v2\/tags?post=19064"}],"curies":[{"name":"wp","href":"https:\/\/api.w.org\/{rel}","templated":true}]}}