{"id":18926,"date":"2020-03-24T14:29:51","date_gmt":"2020-03-24T13:29:51","guid":{"rendered":"https:\/\/marekkuchcinski.pl\/?p=18926"},"modified":"2020-03-25T13:00:31","modified_gmt":"2020-03-25T12:00:31","slug":"europa-karpat-rzecz-o-wspolpracy","status":"publish","type":"post","link":"https:\/\/marekkuchcinski.pl\/ro\/europa-karpat\/europa-karpat-rzecz-o-wspolpracy\/","title":{"rendered":"EUROPA KARPAT - O chestiune de cooperare Editura Sejmowe"},"content":{"rendered":"<p style=\"font-size:25px\"><strong>Introducere:<\/strong><\/p>\n\n\n\n<p class=\"has-medium-font-size\">\u00cen mun\u021bi nu sim\u021bi nicio limit\u0103. \u00cen mun\u021bi c\u0103uta\u021bi libertatea. \u00cen mun\u021bi, desigur, exist\u0103 rivalitate, dar este vorba de obiectiv, nu de adversar. Acest obiectiv pentru om este, \u00eenainte de toate, c\u0103utarea armoniei, a echilibrului \u0219i a unei vie\u021bi demne \u00een spa\u021biul nostru geopolitic destul de complicat al Europei Centrale. Astfel, dac\u0103 omul se str\u0103duie\u0219te \u00een mod natural s\u0103 ob\u021bin\u0103 o dezvoltare durabil\u0103, c\u0103ut\u00e2nd un echilibru \u00eentre economie \u0219i ecologie care s\u0103 inspire ac\u021biuni creative - el \u00ee\u0219i consolideaz\u0103 capacitatea de a g\u00e2ndi \u00een termeni de mai multe genera\u021bii. Iar comunit\u0103\u021bi \u00eentregi, \"p\u0103str\u00e2nd\" mo\u0219tenirea str\u0103mo\u0219ilor lor, \u00ee\u0219i construiesc un sentiment de con\u0219tiin\u021b\u0103 na\u021bional\u0103 bazat mai degrab\u0103 pe dimensiunea etic\u0103 dec\u00e2t pe cre\u0219terea economic\u0103 sau pe satisfacerea nevoilor de baz\u0103. O astfel de atitudine este str\u00e2ns legat\u0103 de preocuparea pentru p\u0103strarea diversit\u0103\u021bii multiculturale \u0219i a biodiversit\u0103\u021bii Carpa\u021bilor, a aerului curat sau a celor mai strategice<br> materia prim\u0103 care va fi apa potabil\u0103 \u00een viitor. Demolarea este u\u0219oar\u0103 \u0219i rapid\u0103, construc\u021bia este lent\u0103 \u0219i necesit\u0103 cooperare. Tocmai \u00een ceea ce prive\u0219te genera\u021biile viitoare, fiecare dintre noi trebuie s\u0103 se orienteze spre cooperarea cu al\u021bi oameni. Avem nevoie de timp \u0219i spa\u021biu pentru a construi \u00eencrederea reciproc\u0103. De la egal la egal \u0219i de la liber la liber.  <\/p>\n\n\n\n<p class=\"has-medium-font-size\">                                                                                                                                                                                                                                                       <br>Ideea unei \"Europe carpatice\" se bazeaz\u0103 tocmai pe acest tip de g\u00e2ndire. Acesta se bazeaz\u0103 pe<br>poten\u021bialului acestui spa\u021biu unic, care se \u00eentinde pe o mie de metri p\u0103tra\u021bi.<br> kilometri \u00eentr-un arc de cerc care atinge poalele Alpilor \u00een estul Austriei, \u0219i<br>7 Balcani, \u00een partea de sud a Europei. Este un arc care, timp de secole, a permis na\u021biunilor \u0219i statelor care au fost uneori mari puteri s\u0103 lucreze \u00eempreun\u0103. Este, de asemenea, patria multor oameni extraordinari care au avut un impact extraordinar asupra formei civiliza\u021biei noastre, cum ar fi Henri Coand\u0103 din Bucure\u0219ti sau Serghei Korolov din Zhytomyr, ale c\u0103rui nave cu reac\u021bie au dep\u0103\u0219it limitele sunetului \u0219i ale gravita\u021biei terestre; Ignacy \u0141ukasiewicz din regiunea Podkarpacie sau Jan Szczepanik din Mo\u015bciskie, cunoscut ca Edison al Poloniei - pionieri ai industriei petroliere \u0219i ai fotografiei color, respectiv ai \u021besutului \u0219i ai \u021besutului: pionieri ai industriei petroliere \u0219i ai fotografiei color, ai \u021besutului \u0219i ai televiziunii; ca Nikola Tesla, str\u0103lucitul s\u00e2rb croat - omul care a \u00eembl\u00e2nzit electricitatea prin construirea unui motor electric \u0219i a unei baterii solare; ca Otto Wichterle, chimistul ceh din Prost\u011bjov, f\u0103r\u0103 de care ar fi greu de imaginat \u00eembr\u0103c\u0103mintea de ast\u0103zi; sau Albert Szent-Gy\u00f6rgyi din Budapesta, descoperitorul vitaminelor C \u0219i P.<\/p>\n\n\n\n<p class=\"has-medium-font-size\"><br>Nu am fi avut celebrul cub Rubik dac\u0103 nu ar fi fost inventat de un ungur<br>arhitectul Rubik Ern\u0151, nici nu am fi avut Premiul Pulitzer dac\u0103 nu ar fi fost pentru<br>A fost \u00eenfiin\u021bat\u0103 \u00een SUA de c\u0103tre Joseph Pulitzer, un maghiar. Nu am fi avut o ma\u0219in\u0103 de scris pentru nev\u0103z\u0103tori dac\u0103 Kempelen Farkas din Bratislava nu ar fi creat-o. \u0218i mai sunt \u0219i marii arti\u0219ti ale c\u0103ror opere \u00eembog\u0103\u021besc via\u021ba spiritual\u0103 a oamenilor de pe tot globul. Printre ace\u0219tia se num\u0103r\u0103 compozitorii geniali Frederic Chopin, B\u00e9la Bart\u00f3k, Ferenc Liszt, Anton\u00edn Dvo\u0159\u00e1k, Gustav Mahler, n\u0103scut \u00een Moravia, Zolt\u00e1n Kod\u00e1ly \u0219i compozitorii contemporani Henryk Miko\u0142aj G\u00f3recki \u0219i Krzysztof Penderecki. Arti\u0219tii plastici au dob\u00e2ndit, de asemenea, o importan\u021b\u0103 mondial\u0103: Kazimir Malevici, Andy Warhol, Constantin Br\u00e2ncu\u0219i. Scriitori \u0219i g\u00e2nditori din regiunea Carpa\u021bilor - Martin Buber, Paul Celan, Mircea Eliade, Zbigniew Herbert, Eug\u00e8ne Ionesco, Stanislav Lem, S\u00e1ndor M\u00e1rai, Bruno Schulz \u0219i mul\u021bi al\u021bii, precum cehii Franz Kafka, Jaroslav Ha\u0161ek, Bohumil Hrabal \u0219i Milan Kundera - au adus o contribu\u021bie durabil\u0103 la literatura mondial\u0103. Avem eroi ai istoriei recente, precum J\u00f3zsef Antall \u0219i Henryk S\u0142awik sau martiri precum Ryszard Siwiec, Jan Palach, S\u00e1ndor Bauer sau ultimul de\u021binut politic din Gulag, Vasily Stus, pentru care libertatea uman\u0103 a fost cea mai mare valoare. Mai presus de toate, s\u0103 ne amintim c\u0103 Sf\u00e2ntul Ioan Paul al II-lea a venit de la Wadowice, un ora\u0219 de la poalele Carpa\u021bilor, creatorul conceptului \u0219i promotorul civiliza\u021biei iubirii, un proiect de nepre\u021buit care ar putea dep\u0103\u0219i numeroasele conflicte care zguduie omenirea \u00een secolul XXI, un proiect derivat din valorile care ghideaz\u0103 via\u021ba oamenilor din regiunea Carpa\u021bilor.<br><br>Poten\u021bialul intelectual al regiunii noastre este mare, s\u0103 ne amintim doar<br>urm\u0103torul fapt - na\u021biuni existente de la Marea Baltic\u0103 p\u00e2n\u0103 la Marea Adriatic\u0103,<br>au dat lumii 56 de laurea\u021bi ai Premiului Nobel.<\/p>\n\n\n\n<p class=\"has-medium-font-size\"><br>Conferin\u021ba \"Europa Carpa\u021bilor\" este de ani de zile un loc unde oamenii se \u00eent\u00e2lnesc \u0219i discut\u0103,<br>care doresc s\u0103 vorbeasc\u0103 liber at\u00e2t despre p\u0103strarea bog\u0103\u021biei unice a culturii, naturii \u0219i a modului de cultivare a p\u0103m\u00e2ntului, c\u00e2t \u0219i despre elaborarea de noi ini\u021biative care s\u0103 serveasc\u0103 dezvolt\u0103rii \u021b\u0103rilor din regiunea noastr\u0103 \u00een lumea competi\u021biei globale, despre ini\u021biativa celor trei ora\u0219e, despre NATO \u0219i securitate, despre Uniunea European\u0103 \u00een contextul problemelor, provoc\u0103rilor \u0219i oportunit\u0103\u021bilor cu care se confrunt\u0103 \u00een prezent \u00een multe domenii de activitate, despre problemele axiologice ale civiliza\u021biei noastre, despre strategii \u0219i dezvoltare economic\u0103, despre noile perspective de cooperare \u0219tiin\u021bific\u0103 a \u021b\u0103rilor carpatice - acestea sunt doar c\u00e2teva dintre subiectele discutate \u00een cadrul conferin\u021belor noastre. <\/p>\n\n\n\n<p class=\"has-medium-font-size\">Conferin\u021ba \"Europa Carpa\u021bilor\" a ajuns la cea de-a 25-a edi\u021bie. Mul\u021bi dintre participan\u021bi, inclusiv reprezentan\u021bi ai parlamentelor europene, au f\u0103cut cuno\u0219tin\u021b\u0103 cu \u021b\u0103rile din regiunea noastr\u0103 prin prisma acesteia - o agora deschis\u0103, un loc de \u00eent\u00e2lniri \u0219i discu\u021bii, de stabilire a obiectivelor \u0219i de c\u0103utare de acorduri. Europa Carpatic\u0103 st\u00e2rne\u0219te curiozitatea fa\u021b\u0103 de vecinii s\u0103i \u0219i aceast\u0103 curiozitate este satisf\u0103cut\u0103 \u00een timpul \u00eent\u00e2lnirilor ulterioare de la Krasiczyn, Regiet\u00f3w \u0219i Krynica.<\/p>\n\n\n\n<div class=\"wp-block-file\"><a href=\"https:\/\/marekkuchcinski.pl\/wp-content\/uploads\/2020\/03\/EUROPA-KARPAT-Rzecz-o-wsp\u00f3\u0142pracy.pdf\">EUROPA-KARPAT-FACILITATEA DE COOPERARE<\/a><a href=\"https:\/\/marekkuchcinski.pl\/wp-content\/uploads\/2020\/03\/EUROPA-KARPAT-Rzecz-o-wsp\u00f3\u0142pracy.pdf\" class=\"wp-block-file__button\" download>Desc\u0103rca\u021bi<\/a><\/div>\n\n\n\n<div class=\"wp-block-file\"><a href=\"https:\/\/marekkuchcinski.pl\/wp-content\/uploads\/2020\/03\/EK_EN_2019.pdf\">EUROPA CARPA\u021aILOR-Cooperare<\/a><a href=\"https:\/\/marekkuchcinski.pl\/wp-content\/uploads\/2020\/03\/EK_EN_2019.pdf\" class=\"wp-block-file__button\" download>Desc\u0103rca\u021bi<\/a><\/div>","protected":false},"excerpt":{"rendered":"<p>Wst\u0119p: W g\u00f3rach nie czujemy granic. W g\u00f3rach szuka si\u0119 wolno\u015bci. W g\u00f3rach istnieje oczywi\u015bcie rywalizacja, ale dotyczy ona wyznaczonego celu, nie przeciwnika. Tym celem dla cz\u0142owieka jest przede wszystkim poszukiwanie harmonii, r\u00f3wnowagi i godnego \u017cycia w naszej do\u015b\u0107 skomplikowanej geopolitycznej przestrzeni \u015brodkowoeuropejskiej. Je\u015bli wi\u0119c cz\u0142owiek w naturalny spos\u00f3b d\u0105\u017cy do zr\u00f3wnowa\u017conego rozwoju, poszukuj\u0105c r\u00f3wnowagi [&hellip;]<\/p>","protected":false},"author":17,"featured_media":18929,"comment_status":"open","ping_status":"open","sticky":false,"template":"","format":"standard","meta":{"ngg_post_thumbnail":0,"footnotes":""},"categories":[78],"tags":[],"class_list":["post-18926","post","type-post","status-publish","format-standard","has-post-thumbnail","hentry","category-europa-karpat"],"yoast_head":"<!-- This site is optimized with the Yoast SEO plugin v24.7 - https:\/\/yoast.com\/wordpress\/plugins\/seo\/ -->\n<title>EUROPA KARPAT - Rzecz o wsp\u00f3\u0142pracy        Wydawnictwo Sejmowe &#8211; Marek Kuchci\u0144ski<\/title>\n<meta name=\"robots\" content=\"index, follow, max-snippet:-1, max-image-preview:large, max-video-preview:-1\" \/>\n<link rel=\"canonical\" href=\"https:\/\/marekkuchcinski.pl\/ro\/europa-karpat\/europa-karpat-rzecz-o-wspolpracy\/\" \/>\n<meta property=\"og:locale\" content=\"ro_RO\" \/>\n<meta property=\"og:type\" content=\"article\" \/>\n<meta property=\"og:title\" content=\"EUROPA KARPAT - Rzecz o wsp\u00f3\u0142pracy        Wydawnictwo Sejmowe &#8211; Marek Kuchci\u0144ski\" \/>\n<meta property=\"og:description\" content=\"Wst\u0119p: W g\u00f3rach nie czujemy granic. W g\u00f3rach szuka si\u0119 wolno\u015bci. W g\u00f3rach istnieje oczywi\u015bcie rywalizacja, ale dotyczy ona wyznaczonego celu, nie przeciwnika. Tym celem dla cz\u0142owieka jest przede wszystkim poszukiwanie harmonii, r\u00f3wnowagi i godnego \u017cycia w naszej do\u015b\u0107 skomplikowanej geopolitycznej przestrzeni \u015brodkowoeuropejskiej. Je\u015bli wi\u0119c cz\u0142owiek w naturalny spos\u00f3b d\u0105\u017cy do zr\u00f3wnowa\u017conego rozwoju, poszukuj\u0105c r\u00f3wnowagi [&hellip;]\" \/>\n<meta property=\"og:url\" content=\"https:\/\/marekkuchcinski.pl\/ro\/europa-karpat\/europa-karpat-rzecz-o-wspolpracy\/\" \/>\n<meta property=\"og:site_name\" content=\"Marek Kuchci\u0144ski\" \/>\n<meta property=\"article:published_time\" content=\"2020-03-24T13:29:51+00:00\" \/>\n<meta property=\"article:modified_time\" content=\"2020-03-25T12:00:31+00:00\" \/>\n<meta property=\"og:image\" content=\"https:\/\/marekkuchcinski.pl\/wp-content\/uploads\/2020\/03\/ksiazka-2019-001.jpg\" \/>\n\t<meta property=\"og:image:width\" content=\"1300\" \/>\n\t<meta property=\"og:image:height\" content=\"1875\" \/>\n\t<meta property=\"og:image:type\" content=\"image\/jpeg\" \/>\n<meta name=\"author\" content=\"Tomasz \u0141acina\" \/>\n<meta name=\"twitter:card\" content=\"summary_large_image\" \/>\n<meta name=\"twitter:label1\" content=\"Scris de\" \/>\n\t<meta name=\"twitter:data1\" content=\"Tomasz \u0141acina\" \/>\n\t<meta name=\"twitter:label2\" content=\"Timp estimat pentru citire\" \/>\n\t<meta name=\"twitter:data2\" content=\"4 minutes\" \/>\n<script type=\"application\/ld+json\" class=\"yoast-schema-graph\">{\"@context\":\"https:\/\/schema.org\",\"@graph\":[{\"@type\":\"Article\",\"@id\":\"https:\/\/marekkuchcinski.pl\/ro\/europa-karpat\/europa-karpat-rzecz-o-wspolpracy\/#article\",\"isPartOf\":{\"@id\":\"https:\/\/marekkuchcinski.pl\/ro\/europa-karpat\/europa-karpat-rzecz-o-wspolpracy\/\"},\"author\":{\"name\":\"Tomasz \u0141acina\",\"@id\":\"https:\/\/marekkuchcinski.pl\/#\/schema\/person\/b8a29fe7813098f7be78801d029910a7\"},\"headline\":\"EUROPA KARPAT &#8211; Rzecz o wsp\u00f3\u0142pracy Wydawnictwo Sejmowe\",\"datePublished\":\"2020-03-24T13:29:51+00:00\",\"dateModified\":\"2020-03-25T12:00:31+00:00\",\"mainEntityOfPage\":{\"@id\":\"https:\/\/marekkuchcinski.pl\/ro\/europa-karpat\/europa-karpat-rzecz-o-wspolpracy\/\"},\"wordCount\":907,\"commentCount\":0,\"publisher\":{\"@id\":\"https:\/\/marekkuchcinski.pl\/#organization\"},\"image\":{\"@id\":\"https:\/\/marekkuchcinski.pl\/ro\/europa-karpat\/europa-karpat-rzecz-o-wspolpracy\/#primaryimage\"},\"thumbnailUrl\":\"https:\/\/marekkuchcinski.pl\/wp-content\/uploads\/2020\/03\/ksiazka-2019-001.jpg\",\"articleSection\":[\"Europa Karpat\"],\"inLanguage\":\"ro-RO\",\"potentialAction\":[{\"@type\":\"CommentAction\",\"name\":\"Comment\",\"target\":[\"https:\/\/marekkuchcinski.pl\/ro\/europa-karpat\/europa-karpat-rzecz-o-wspolpracy\/#respond\"]}]},{\"@type\":\"WebPage\",\"@id\":\"https:\/\/marekkuchcinski.pl\/ro\/europa-karpat\/europa-karpat-rzecz-o-wspolpracy\/\",\"url\":\"https:\/\/marekkuchcinski.pl\/ro\/europa-karpat\/europa-karpat-rzecz-o-wspolpracy\/\",\"name\":\"EUROPA KARPAT - Rzecz o wsp\u00f3\u0142pracy Wydawnictwo Sejmowe &#8211; Marek Kuchci\u0144ski\",\"isPartOf\":{\"@id\":\"https:\/\/marekkuchcinski.pl\/#website\"},\"primaryImageOfPage\":{\"@id\":\"https:\/\/marekkuchcinski.pl\/ro\/europa-karpat\/europa-karpat-rzecz-o-wspolpracy\/#primaryimage\"},\"image\":{\"@id\":\"https:\/\/marekkuchcinski.pl\/ro\/europa-karpat\/europa-karpat-rzecz-o-wspolpracy\/#primaryimage\"},\"thumbnailUrl\":\"https:\/\/marekkuchcinski.pl\/wp-content\/uploads\/2020\/03\/ksiazka-2019-001.jpg\",\"datePublished\":\"2020-03-24T13:29:51+00:00\",\"dateModified\":\"2020-03-25T12:00:31+00:00\",\"breadcrumb\":{\"@id\":\"https:\/\/marekkuchcinski.pl\/ro\/europa-karpat\/europa-karpat-rzecz-o-wspolpracy\/#breadcrumb\"},\"inLanguage\":\"ro-RO\",\"potentialAction\":[{\"@type\":\"ReadAction\",\"target\":[\"https:\/\/marekkuchcinski.pl\/ro\/europa-karpat\/europa-karpat-rzecz-o-wspolpracy\/\"]}]},{\"@type\":\"ImageObject\",\"inLanguage\":\"ro-RO\",\"@id\":\"https:\/\/marekkuchcinski.pl\/ro\/europa-karpat\/europa-karpat-rzecz-o-wspolpracy\/#primaryimage\",\"url\":\"https:\/\/marekkuchcinski.pl\/wp-content\/uploads\/2020\/03\/ksiazka-2019-001.jpg\",\"contentUrl\":\"https:\/\/marekkuchcinski.pl\/wp-content\/uploads\/2020\/03\/ksiazka-2019-001.jpg\",\"width\":1300,\"height\":1875},{\"@type\":\"BreadcrumbList\",\"@id\":\"https:\/\/marekkuchcinski.pl\/ro\/europa-karpat\/europa-karpat-rzecz-o-wspolpracy\/#breadcrumb\",\"itemListElement\":[{\"@type\":\"ListItem\",\"position\":1,\"name\":\"Strona g\u0142\u00f3wna\",\"item\":\"https:\/\/marekkuchcinski.pl\/\"},{\"@type\":\"ListItem\",\"position\":2,\"name\":\"EUROPA KARPAT &#8211; Rzecz o wsp\u00f3\u0142pracy Wydawnictwo Sejmowe\"}]},{\"@type\":\"WebSite\",\"@id\":\"https:\/\/marekkuchcinski.pl\/#website\",\"url\":\"https:\/\/marekkuchcinski.pl\/\",\"name\":\"Marek Kuchci\u0144ski\",\"description\":\"Pose\u0142 na sejm RP &ndash; okr\u0119g nr 22\",\"publisher\":{\"@id\":\"https:\/\/marekkuchcinski.pl\/#organization\"},\"potentialAction\":[{\"@type\":\"SearchAction\",\"target\":{\"@type\":\"EntryPoint\",\"urlTemplate\":\"https:\/\/marekkuchcinski.pl\/?s={search_term_string}\"},\"query-input\":{\"@type\":\"PropertyValueSpecification\",\"valueRequired\":true,\"valueName\":\"search_term_string\"}}],\"inLanguage\":\"ro-RO\"},{\"@type\":\"Organization\",\"@id\":\"https:\/\/marekkuchcinski.pl\/#organization\",\"name\":\"Marek Kuchci\u0144ski\",\"url\":\"https:\/\/marekkuchcinski.pl\/\",\"logo\":{\"@type\":\"ImageObject\",\"inLanguage\":\"ro-RO\",\"@id\":\"https:\/\/marekkuchcinski.pl\/#\/schema\/logo\/image\/\",\"url\":\"https:\/\/marekkuchcinski.pl\/wp-content\/uploads\/2022\/09\/Marek.jpg\",\"contentUrl\":\"https:\/\/marekkuchcinski.pl\/wp-content\/uploads\/2022\/09\/Marek.jpg\",\"width\":1600,\"height\":971,\"caption\":\"Marek Kuchci\u0144ski\"},\"image\":{\"@id\":\"https:\/\/marekkuchcinski.pl\/#\/schema\/logo\/image\/\"}},{\"@type\":\"Person\",\"@id\":\"https:\/\/marekkuchcinski.pl\/#\/schema\/person\/b8a29fe7813098f7be78801d029910a7\",\"name\":\"Tomasz \u0141acina\",\"image\":{\"@type\":\"ImageObject\",\"inLanguage\":\"ro-RO\",\"@id\":\"https:\/\/marekkuchcinski.pl\/#\/schema\/person\/image\/\",\"url\":\"https:\/\/secure.gravatar.com\/avatar\/22e75f6c51aff77a676ed77dd222f852?s=96&d=mm&r=g\",\"contentUrl\":\"https:\/\/secure.gravatar.com\/avatar\/22e75f6c51aff77a676ed77dd222f852?s=96&d=mm&r=g\",\"caption\":\"Tomasz \u0141acina\"},\"url\":\"https:\/\/marekkuchcinski.pl\/ro\/author\/tomek-lacina\/\"}]}<\/script>\n<!-- \/ Yoast SEO plugin. -->","yoast_head_json":{"title":"EUROPA KARPAT - Rzecz o wsp\u00f3\u0142pracy        Wydawnictwo Sejmowe &#8211; Marek Kuchci\u0144ski","robots":{"index":"index","follow":"follow","max-snippet":"max-snippet:-1","max-image-preview":"max-image-preview:large","max-video-preview":"max-video-preview:-1"},"canonical":"https:\/\/marekkuchcinski.pl\/ro\/europa-karpat\/europa-karpat-rzecz-o-wspolpracy\/","og_locale":"ro_RO","og_type":"article","og_title":"EUROPA KARPAT - Rzecz o wsp\u00f3\u0142pracy        Wydawnictwo Sejmowe &#8211; Marek Kuchci\u0144ski","og_description":"Wst\u0119p: W g\u00f3rach nie czujemy granic. W g\u00f3rach szuka si\u0119 wolno\u015bci. W g\u00f3rach istnieje oczywi\u015bcie rywalizacja, ale dotyczy ona wyznaczonego celu, nie przeciwnika. Tym celem dla cz\u0142owieka jest przede wszystkim poszukiwanie harmonii, r\u00f3wnowagi i godnego \u017cycia w naszej do\u015b\u0107 skomplikowanej geopolitycznej przestrzeni \u015brodkowoeuropejskiej. Je\u015bli wi\u0119c cz\u0142owiek w naturalny spos\u00f3b d\u0105\u017cy do zr\u00f3wnowa\u017conego rozwoju, poszukuj\u0105c r\u00f3wnowagi [&hellip;]","og_url":"https:\/\/marekkuchcinski.pl\/ro\/europa-karpat\/europa-karpat-rzecz-o-wspolpracy\/","og_site_name":"Marek Kuchci\u0144ski","article_published_time":"2020-03-24T13:29:51+00:00","article_modified_time":"2020-03-25T12:00:31+00:00","og_image":[{"width":1300,"height":1875,"url":"https:\/\/marekkuchcinski.pl\/wp-content\/uploads\/2020\/03\/ksiazka-2019-001.jpg","type":"image\/jpeg"}],"author":"Tomasz \u0141acina","twitter_card":"summary_large_image","twitter_misc":{"Scris de":"Tomasz \u0141acina","Timp estimat pentru citire":"4 minutes"},"schema":{"@context":"https:\/\/schema.org","@graph":[{"@type":"Article","@id":"https:\/\/marekkuchcinski.pl\/ro\/europa-karpat\/europa-karpat-rzecz-o-wspolpracy\/#article","isPartOf":{"@id":"https:\/\/marekkuchcinski.pl\/ro\/europa-karpat\/europa-karpat-rzecz-o-wspolpracy\/"},"author":{"name":"Tomasz \u0141acina","@id":"https:\/\/marekkuchcinski.pl\/#\/schema\/person\/b8a29fe7813098f7be78801d029910a7"},"headline":"EUROPA KARPAT &#8211; Rzecz o wsp\u00f3\u0142pracy Wydawnictwo Sejmowe","datePublished":"2020-03-24T13:29:51+00:00","dateModified":"2020-03-25T12:00:31+00:00","mainEntityOfPage":{"@id":"https:\/\/marekkuchcinski.pl\/ro\/europa-karpat\/europa-karpat-rzecz-o-wspolpracy\/"},"wordCount":907,"commentCount":0,"publisher":{"@id":"https:\/\/marekkuchcinski.pl\/#organization"},"image":{"@id":"https:\/\/marekkuchcinski.pl\/ro\/europa-karpat\/europa-karpat-rzecz-o-wspolpracy\/#primaryimage"},"thumbnailUrl":"https:\/\/marekkuchcinski.pl\/wp-content\/uploads\/2020\/03\/ksiazka-2019-001.jpg","articleSection":["Europa Karpat"],"inLanguage":"ro-RO","potentialAction":[{"@type":"CommentAction","name":"Comment","target":["https:\/\/marekkuchcinski.pl\/ro\/europa-karpat\/europa-karpat-rzecz-o-wspolpracy\/#respond"]}]},{"@type":"WebPage","@id":"https:\/\/marekkuchcinski.pl\/ro\/europa-karpat\/europa-karpat-rzecz-o-wspolpracy\/","url":"https:\/\/marekkuchcinski.pl\/ro\/europa-karpat\/europa-karpat-rzecz-o-wspolpracy\/","name":"EUROPA KARPAT - Rzecz o wsp\u00f3\u0142pracy Wydawnictwo Sejmowe &#8211; Marek Kuchci\u0144ski","isPartOf":{"@id":"https:\/\/marekkuchcinski.pl\/#website"},"primaryImageOfPage":{"@id":"https:\/\/marekkuchcinski.pl\/ro\/europa-karpat\/europa-karpat-rzecz-o-wspolpracy\/#primaryimage"},"image":{"@id":"https:\/\/marekkuchcinski.pl\/ro\/europa-karpat\/europa-karpat-rzecz-o-wspolpracy\/#primaryimage"},"thumbnailUrl":"https:\/\/marekkuchcinski.pl\/wp-content\/uploads\/2020\/03\/ksiazka-2019-001.jpg","datePublished":"2020-03-24T13:29:51+00:00","dateModified":"2020-03-25T12:00:31+00:00","breadcrumb":{"@id":"https:\/\/marekkuchcinski.pl\/ro\/europa-karpat\/europa-karpat-rzecz-o-wspolpracy\/#breadcrumb"},"inLanguage":"ro-RO","potentialAction":[{"@type":"ReadAction","target":["https:\/\/marekkuchcinski.pl\/ro\/europa-karpat\/europa-karpat-rzecz-o-wspolpracy\/"]}]},{"@type":"ImageObject","inLanguage":"ro-RO","@id":"https:\/\/marekkuchcinski.pl\/ro\/europa-karpat\/europa-karpat-rzecz-o-wspolpracy\/#primaryimage","url":"https:\/\/marekkuchcinski.pl\/wp-content\/uploads\/2020\/03\/ksiazka-2019-001.jpg","contentUrl":"https:\/\/marekkuchcinski.pl\/wp-content\/uploads\/2020\/03\/ksiazka-2019-001.jpg","width":1300,"height":1875},{"@type":"BreadcrumbList","@id":"https:\/\/marekkuchcinski.pl\/ro\/europa-karpat\/europa-karpat-rzecz-o-wspolpracy\/#breadcrumb","itemListElement":[{"@type":"ListItem","position":1,"name":"Strona g\u0142\u00f3wna","item":"https:\/\/marekkuchcinski.pl\/"},{"@type":"ListItem","position":2,"name":"EUROPA KARPAT &#8211; Rzecz o wsp\u00f3\u0142pracy Wydawnictwo Sejmowe"}]},{"@type":"WebSite","@id":"https:\/\/marekkuchcinski.pl\/#website","url":"https:\/\/marekkuchcinski.pl\/","name":"Marek Kuchci\u0144ski","description":"Pose\u0142 na sejm RP &ndash; okr\u0119g nr 22","publisher":{"@id":"https:\/\/marekkuchcinski.pl\/#organization"},"potentialAction":[{"@type":"SearchAction","target":{"@type":"EntryPoint","urlTemplate":"https:\/\/marekkuchcinski.pl\/?s={search_term_string}"},"query-input":{"@type":"PropertyValueSpecification","valueRequired":true,"valueName":"search_term_string"}}],"inLanguage":"ro-RO"},{"@type":"Organization","@id":"https:\/\/marekkuchcinski.pl\/#organization","name":"Marek Kuchci\u0144ski","url":"https:\/\/marekkuchcinski.pl\/","logo":{"@type":"ImageObject","inLanguage":"ro-RO","@id":"https:\/\/marekkuchcinski.pl\/#\/schema\/logo\/image\/","url":"https:\/\/marekkuchcinski.pl\/wp-content\/uploads\/2022\/09\/Marek.jpg","contentUrl":"https:\/\/marekkuchcinski.pl\/wp-content\/uploads\/2022\/09\/Marek.jpg","width":1600,"height":971,"caption":"Marek Kuchci\u0144ski"},"image":{"@id":"https:\/\/marekkuchcinski.pl\/#\/schema\/logo\/image\/"}},{"@type":"Person","@id":"https:\/\/marekkuchcinski.pl\/#\/schema\/person\/b8a29fe7813098f7be78801d029910a7","name":"Tomasz \u0141acina","image":{"@type":"ImageObject","inLanguage":"ro-RO","@id":"https:\/\/marekkuchcinski.pl\/#\/schema\/person\/image\/","url":"https:\/\/secure.gravatar.com\/avatar\/22e75f6c51aff77a676ed77dd222f852?s=96&d=mm&r=g","contentUrl":"https:\/\/secure.gravatar.com\/avatar\/22e75f6c51aff77a676ed77dd222f852?s=96&d=mm&r=g","caption":"Tomasz \u0141acina"},"url":"https:\/\/marekkuchcinski.pl\/ro\/author\/tomek-lacina\/"}]}},"_links":{"self":[{"href":"https:\/\/marekkuchcinski.pl\/ro\/wp-json\/wp\/v2\/posts\/18926","targetHints":{"allow":["GET"]}}],"collection":[{"href":"https:\/\/marekkuchcinski.pl\/ro\/wp-json\/wp\/v2\/posts"}],"about":[{"href":"https:\/\/marekkuchcinski.pl\/ro\/wp-json\/wp\/v2\/types\/post"}],"author":[{"embeddable":true,"href":"https:\/\/marekkuchcinski.pl\/ro\/wp-json\/wp\/v2\/users\/17"}],"replies":[{"embeddable":true,"href":"https:\/\/marekkuchcinski.pl\/ro\/wp-json\/wp\/v2\/comments?post=18926"}],"version-history":[{"count":29,"href":"https:\/\/marekkuchcinski.pl\/ro\/wp-json\/wp\/v2\/posts\/18926\/revisions"}],"predecessor-version":[{"id":18964,"href":"https:\/\/marekkuchcinski.pl\/ro\/wp-json\/wp\/v2\/posts\/18926\/revisions\/18964"}],"wp:featuredmedia":[{"embeddable":true,"href":"https:\/\/marekkuchcinski.pl\/ro\/wp-json\/wp\/v2\/media\/18929"}],"wp:attachment":[{"href":"https:\/\/marekkuchcinski.pl\/ro\/wp-json\/wp\/v2\/media?parent=18926"}],"wp:term":[{"taxonomy":"category","embeddable":true,"href":"https:\/\/marekkuchcinski.pl\/ro\/wp-json\/wp\/v2\/categories?post=18926"},{"taxonomy":"post_tag","embeddable":true,"href":"https:\/\/marekkuchcinski.pl\/ro\/wp-json\/wp\/v2\/tags?post=18926"}],"curies":[{"name":"wp","href":"https:\/\/api.w.org\/{rel}","templated":true}]}}