{"id":18877,"date":"2020-03-21T14:34:46","date_gmt":"2020-03-21T13:34:46","guid":{"rendered":"https:\/\/marekkuchcinski.pl\/?p=18877"},"modified":"2020-03-21T14:53:06","modified_gmt":"2020-03-21T13:53:06","slug":"koronawirus-w-polsce-wsparcie-i-profilaktyka-2","status":"publish","type":"post","link":"https:\/\/marekkuchcinski.pl\/ro\/wydarzenia\/koronawirus-w-polsce-wsparcie-i-profilaktyka-2\/","title":{"rendered":"Coronavirusul \u00een Polonia - sprijin \u0219i prevenire"},"content":{"rendered":"<p><strong>INFORMA\u021aII CHEIE :<\/strong><\/p>\n\n\n\n<ul class=\"wp-block-list\"><li><strong>A fost declarat\u0103 starea de epidemie.<\/strong> <ul><li>Pentru a preveni r\u0103sp\u00e2ndirea coronavirusului. Starea epidemiei ne confer\u0103 noi prerogative \u0219i ne impune noi responsabilit\u0103\u021bi.  <\/li><li> Au fost introduse amenzi mai mari, de la 5.000 la 30.000 de lire sterline, precum \u0219i mecanisme pentru a urm\u0103ri dac\u0103 o persoan\u0103 se afl\u0103 \u00eentr-un loc <\/li><\/ul><\/li><li><strong>A fost luat\u0103 decizia de a suspenda \u00een continuare cursurile \u00een cre\u0219e, gr\u0103dini\u021be, \u0219coli \u0219i unit\u0103\u021bi de \u00eenv\u0103\u021b\u0103m\u00e2nt p\u00e2n\u0103 la Pa\u0219te. <\/strong> <ul><li>Majoritatea \u0219colilor au trecut la predarea la distan\u021b\u0103. <\/li><li>Plata aloca\u021biei pentru \u00eengrijirea copilului pentru p\u0103rin\u021bii copiilor cu v\u00e2rsta sub 8 ani va fi prelungit\u0103 cu \u00eenc\u0103 14 zile.     <\/li><\/ul><\/li><li><strong>Facem apel la solidaritate \u00eentre genera\u021bii:<\/strong> <ul><li>S\u0103 avem grij\u0103 de b\u0103tr\u00e2ni \u0219i de persoanele cu dizabilit\u0103\u021bi pentru a nu-i l\u0103sa singuri.     <\/li><\/ul><\/li><\/ul>\n\n\n\n<p><strong>ALTE<\/strong><\/p>\n\n\n\n<p><strong>Principalul obiectiv al eforturilor guvernului este prevenirea. P\u00e2n\u0103 \u00een prezent, au fost luate urm\u0103toarele decizii: <\/strong> <\/p>\n\n\n\n<p>de la <strong>Duminic\u0103, 15 martie<\/strong> reintroducem temporar controlul la frontier\u0103 pentru perioada <strong>10 zile<\/strong>, <\/p>\n\n\n\n<p>Polonezii care se \u00eentorc \u00een \u021bar\u0103 trebuie s\u0103 se supun\u0103 unei carantine de 14 zile la domiciliu, <\/p>\n\n\n\n<p><strong>b\u0103ncile \u0219i furnizorii de servicii r\u0103m\u00e2n deschise<\/strong>, <\/p>\n\n\n\n<p>centrele comerciale au fost restric\u021bionate, dar magazinele alimentare, drogheriile, farmaciile \u0219i sp\u0103l\u0103toriile r\u0103m\u00e2n deschise \u00een centrele comerciale, <\/p>\n\n\n\n<p>a fost introdus\u0103 o interdic\u021bie privind adun\u0103rile publice <strong>peste 50 de persoane<\/strong>, <\/p>\n\n\n\n<p>restaurantele, barurile \u0219i cafenelele vor putea func\u021biona doar ca unit\u0103\u021bi de tip take-away \u0219i take-down.   <\/p>\n\n\n\n<p>Cet\u0103\u021benii polonezi care se afl\u0103 \u00een prezent pe teritoriul polonez se pot \u00eentoarce \u00een \u021bara lor pe cale terestr\u0103. \u00cen plus, \u00een cooperare cu LOT Polish Airlines, vom desf\u0103\u0219ura o opera\u021biune special\u0103 \"LOT acas\u0103\" din anumite loca\u021bii din \u00eentreaga lume.  Ne a\u0219tept\u0103m la o cre\u0219tere a num\u0103rului de cazuri de boal\u0103 \u00een zilele urm\u0103toare. F\u0103r\u0103 aceste decizii, epidemia ar putea sc\u0103pa de sub control. Nu putem permite ca acest lucru s\u0103 se \u00eent\u00e2mple.<\/p>\n\n\n\n<table class=\"wp-block-table\"><tbody><tr><td>\n\t\t\t\n\t\t\t<strong>KORONAVIRUS -\n\t\t\tINFORMA\u021aII DE BAZ\u0102<\/strong>\n\t\t<\/td><\/tr><\/tbody><\/table>\n\n\n\n<p><strong>Ce\neste coronavirusul?<\/strong><\/p>\n\n\n\n<ul class=\"wp-block-list\"><li>Nou\n\tCoronavirusul SARS-Cov-2 provoac\u0103 o boal\u0103 numit\u0103 COVID-19. \n\t\n\t<\/li><li>Boala\n\tse prezint\u0103 de obicei cu febr\u0103, tuse, dificult\u0103\u021bi de respira\u021bie,\n\tdureri musculare, oboseal\u0103. \n\t\n\t<\/li><li>Virusul\n\teste transmis\u0103 prin pic\u0103turi. \n\t\n\t<\/li><li>Cele mai multe\n\tCei mai expu\u0219i riscului de a dezvolta boli grave \u0219i de a muri sunt\n\tpersoanele \u00een v\u00e2rst\u0103, <br>pacien\u021bi imunocompromi\u0219i \u00eenso\u021bi\u021bi de\n\talte boli, \u00een special boli cronice.\n<\/li><\/ul>\n\n\n\n<p><strong>Cum\ns\u0103 v\u0103 proteja\u021bi \u00eempotriva coronavirusului?<\/strong><\/p>\n\n\n\n<ul class=\"wp-block-list\"><li>Frecvent\n\tsp\u0103larea m\u00e2inilor cu ap\u0103 \u0219i s\u0103pun. \n\t\n\t<\/li><li>C\u00e2nd\n\tLa tuse \u0219i str\u0103nut, acoperirea gurii \u0219i a nasului. P\u0103strarea unei distan\u021be de cel pu\u021bin\n\tP\u0103stra\u021bi o distan\u021b\u0103 de cel pu\u021bin un metru fa\u021b\u0103 de persoanele care tu\u0219esc \u0219i str\u0103nut\u0103. \n\t\n<\/li><\/ul>\n\n\n\n<p><strong>Important\ndecizii:<\/strong><\/p>\n\n\n\n<ul class=\"wp-block-list\"><li>Organizat\n\tA fost organizat\u0103 o re\u021bea de spitale infec\u021bioase cu un singur nume. \u00cen fiecare voievodat, cel pu\u021bin 1.\n\tspitalele au posibilitatea de a\n\tspitalizare pentru coronavirus \u0219i alte afec\u021biuni:\n\t<ul><li>\u00een continuare\n\t\tspitale sunt incluse \u00een re\u021beaua de spitale de boli infec\u021bioase\n\t\tspitale cu un singur nume, astfel \u00eenc\u00e2t to\u021bi pacien\u021bii care vor avea nevoie de\n\t\tspitalizare, trebuie s\u0103 aib\u0103 unde s\u0103 se trateze. \n\t\t\n\t\t<\/li><li>la\n\t\techipamentul individual de protec\u021bie este furnizat \u00een permanen\u021b\u0103 pentru fiecare\n\t\tdin aceste spitale.\n\t<\/li><\/ul>\n\t<\/li><li>W\n\tsim\u021bindu-se responsabil pentru s\u0103n\u0103tatea polonezilor, a fost luat\u0103 o decizie\n\t<br>s\u0103 anuleze toate evenimentele \u00een mas\u0103:\n\t<ul><li>la\n\t\torganizatorilor de evenimente li se vor furniza informa\u021bii exacte\n\t\tinforma\u021bii.\n\t<\/li><\/ul>\n\t<\/li><li>Adresat\u0103\n\tAngajatorii au fost \u00eendemna\u021bi s\u0103 maximizeze punerea \u00een aplicare a muncii la distan\u021b\u0103\n\tlucrul la distan\u021b\u0103 c\u00e2t mai mult posibil. \n\t\n\t<\/li><li>De la\n\t<strong>12\n\t Martie p\u00e2n\u0103 la Pa\u0219te<\/strong>\n\tcre\u0219e, gr\u0103dini\u021be, \u0219coli \u0219i unit\u0103\u021bi de \u00eenv\u0103\u021b\u0103m\u00e2nt -\n\tat\u00e2t publice c\u00e2t \u0219i private, nu vor oferi\n\tactivit\u0103\u021bi educa\u021bionale \u0219i de educa\u021bie. \n\t\n\t<ul><li> Profesori\n\t\tsunt \u00eencuraja\u021bi s\u0103 utilizeze \u00eenv\u0103\u021b\u0103m\u00e2ntul la distan\u021b\u0103. \n\t\t\n\t\t<\/li><li>Studen\u021bi\n\t\ttimp f\u0103r\u0103 predare tradi\u021bional\u0103 ar trebui\n\t\ts\u0103 foloseasc\u0103 timpul f\u0103r\u0103 predare tradi\u021bional\u0103 pentru a revizui materialul sau pentru a se preg\u0103ti pentru\n\t\texamene. \n\t\t\n\t<\/li><\/ul>\n\t<\/li><li><strong>Pe\n\tSite-ul e-podreczniki.pl con\u021bine o cantitate mare de materiale\n\tde utilizat. <br>\u00cen zilele urm\u0103toare vor fi\n\tcalendarul propus \u00een zilele urm\u0103toare, care va ar\u0103ta\n\tprofesorilor ce materiale pot folosi.<\/strong>\n\t<\/li><li>De la\n\t<strong>12\n\tMartie  <\/strong>au fost\n\tcursurile din universit\u0103\u021bi au fost suspendate.\n\t<\/li><li>S-a decis\n\ts\u0103 suspende<strong>de la\n\t12 martie <\/strong>activit\u0103\u021bi de\n\tinstitu\u021bii culturale: teatre\n\tfilarmonici, muzee, cinematografe, opere, biblioteci, precum \u0219i \u0219coli \u0219i\n\tacademii artistice.\n\t\n\t\n\t\t\n\t\t\n\t\t\t\n\t\t\t\t\n\t\t\t\t<strong>ACTIVIT\u0102\u021aI \u00ceN\n\t\t\t\tPOLONIA<\/strong>\n\t\t\t\n\t\t\n\t\n\t<\/li><li>Coronavirus\n\tse r\u0103sp\u00e2nde\u0219te rapid, iar natura sa este necunoscut\u0103. Un vaccin\n\tnu este \u00eenc\u0103 disponibil\u0103.\n<\/li><\/ul>\n\n\n\n<p><strong>Verific\u0103ri\nfrontiere<\/strong><\/p>\n\n\n\n<ul class=\"wp-block-list\"><li><strong>De duminic\u0103, 15 martie, grani\u021bele \u021b\u0103rii noastre au fost \u00eenchise pentru str\u0103ini timp de 10 zile. To\u021bi cet\u0103\u021benii polonezi care se afl\u0103 \u00een afara grani\u021belor se pot \u00eentoarce \u00een \u021bar\u0103. <\/strong> <\/li><li><strong>Av\u00e2nd \u00een vedere siguran\u021ba polonezilor, a fost luat\u0103 decizia de a reintroduce controalele temporare la frontier\u0103:<\/strong> <\/li><li>Cet\u0103\u021benii polonezi, la trecerea frontierei, vor fi examina\u021bi \u0219i \u00eendruma\u021bi c\u0103tre o carantin\u0103 de 14 zile la domiciliu. Aceste persoane vor fi \u00eengrijite de serviciile sanitare. <\/li><li>Vom men\u021bine statutul polonezilor pentru a se \u00eentoarce \u00een \u021bara lor natal\u0103. Ne-am angajat ca Polish Airlines s\u0103 fie pe deplin preg\u0103tit\u0103 \u0219i s\u0103 coopereze cu serviciile.   <\/li><li>Grani\u021ba polonez\u0103 cu Germania, Lituania, Republica Ceh\u0103 \u0219i Slovacia va fi traversat\u0103 doar \u00een locurile desemnate.  <\/li><li>Controalele vor fi efectuate \u00een porturile maritime \u0219i \u00een aeroporturi. <\/li><li>At\u00e2t la frontiera intern\u0103, c\u00e2t \u0219i la cea extern\u0103 (punctele de trecere a frontierei cu Belarus, Rusia \u0219i Ucraina) vor fi introduse restric\u021bii pentru str\u0103ini \u00een direc\u021bia de intrare \u00een Polonia.  <\/li><li>Carantina obligatorie nu se aplic\u0103: <ul><li>persoane din zonele de frontier\u0103 care locuiesc \u00een Polonia, dar lucreaz\u0103 zilnic \u00een \u021bara vecin\u0103 \u0219i care trec frontiera \u00een mod regulat, <\/li><li>str\u0103inii care locuiesc \u00eentr-o \u021bar\u0103 vecin\u0103, dar lucreaz\u0103 \u00een Polonia \u0219i trec frontiera \u00een mod regulat, <\/li><li>\u0219oferi profesioni\u0219ti \u00een transportul de marf\u0103 \u0219i de c\u0103l\u0103tori care \u00ee\u0219i \u00eendeplinesc sarcinile.  <\/li><\/ul><\/li><li>\u00cen situa\u021bia actual\u0103, nu putem permite ca frontierele s\u0103 r\u0103m\u00e2n\u0103 deschise pentru str\u0103ini. Suntem con\u0219tien\u021bi de faptul c\u0103 virusul a venit la noi din str\u0103in\u0103tate.   <\/li><li>Interdic\u021bia nu se aplic\u0103: <ul><li>so\u021bii de cet\u0103\u021beni polonezi, <\/li><li>copii de cet\u0103\u021beni polonezi, <\/li><li>persoanele care de\u021bin o carte de la Polul, <\/li><li>persoanele cu drept de \u0219edere permanent\u0103 sau temporar\u0103 \u00een Republica Polon\u0103 sau cu permis de munc\u0103, <\/li><li>diploma\u021bi, <\/li><li>str\u0103inii care exploateaz\u0103 un mijloc de transport pentru transportul de m\u0103rfuri.  <\/li><\/ul><\/li><li>Frontierele r\u0103m\u00e2n deschise pentru circula\u021bia m\u0103rfurilor.   <\/li><li>Serviciile aeriene interna\u021bionale de pasageri \u0219i serviciile feroviare interna\u021bionale au fost suspendate:  <\/li><li><strong>Traficul aerian, feroviar \u0219i rutier intra-na\u021bional r\u0103m\u00e2ne neschimbat. <\/strong> <\/li><li><strong>Polonia va putea ie\u0219i pe cale rutier\u0103 la punctele de trecere a frontierei. Restric\u021bii privind intrarea \u00een \u021bar\u0103.<\/strong> <\/li><li>Persoanele care lucreaz\u0103 \u00een str\u0103in\u0103tate \u0219i fac naveta zilnic sunt excluse de la \u00eenchiderea frontierelor. Acest lucru \u00eei prive\u0219te at\u00e2t pe polonezii care lucreaz\u0103 \u00een str\u0103in\u0103tate, c\u00e2t \u0219i pe str\u0103inii care lucreaz\u0103 \u00een Polonia \u0219i fac naveta zilnic. <\/li><li>Lu\u0103m m\u0103suri similare cu cele luate de \u021b\u0103rile din regiunea noastr\u0103: Slovacia, Republica Ceh\u0103, dar \u0219i SUA sau Israel. <\/li><li><strong>Pentru to\u021bi cet\u0103\u021benii polonezi, Ministerul Afacerilor Externe a \u00eenfiin\u021bat o linie telefonic\u0103 de urgen\u021b\u0103 pentru trecerea frontierei: +48 22 523 8880. <\/strong> <\/li><li>Misiunile diplomatice lucreaz\u0103 \u00een regim de urgen\u021b\u0103. Birourile consulare sunt la dispozi\u021bia cet\u0103\u021benilor no\u0219tri din str\u0103in\u0103tate 24 de ore pe zi. <\/li><\/ul>\n\n\n\n<table class=\"wp-block-table\"><tbody><tr><td>\n\t\t\t\n\t\t\t<strong>TRANSPORT \u0218I\n\t\t\tTRAFICUL AERIAN<\/strong>\n\t\t<\/td><\/tr><\/tbody><\/table>\n\n\n\n<ul class=\"wp-block-list\"><li>Introdus\n\trestric\u021biile creeaz\u0103 situa\u021bii foarte dificile, \u00een special pentru\n\tpersoanele care se afl\u0103 \u00een str\u0103in\u0103tate. \n\t\n\t<\/li><li>Pentru\n\t<strong>toate\n\tcet\u0103\u021beni ai Republicii Polone care, din cauza distan\u021bei, nu au posibilitatea de a\n\ttrecem grani\u021ba polonez\u0103 pe \u0219osea, cre\u0103m 3\n\tposibilit\u0103\u021bi de a se \u00eentoarce \u00een Polonia pe calea aerului. <\/strong>\n\t\n\t<\/li><li><strong>Punerea \u00een aplicare a\n\tzborurile charter planificate p\u00e2n\u0103 \u00een prezent<\/strong>\n\t<\/li><li>\u00cen ciuda\n\t\u00cen ciuda suspend\u0103rii leg\u0103turilor aeriene interna\u021bionale, toate\n\ttoate avioanele charter cu cet\u0103\u021beni polonezi care aveau\n\tau avut zboruri programate anterior. \u00cempreun\u0103 cu ei, vor putea ateriza \u00een\n\tPolonia cu ei vor putea ateriza \u0219i pe teritoriul \u021b\u0103rii noastre\n\tstr\u0103ini, adic\u0103\n\t<ul><li>so\u021bi\n\t\tCet\u0103\u021beni polonezi,\n\t\t<\/li><li>copii\n\t\tCet\u0103\u021beni polonezi,\n\t\t<\/li><li>persoane\n\t\tde\u021bin\u0103tori ai Cardului Polului,\n\t\t<\/li><li>persoane\n\t\tcare au drept de \u0219edere permanent\u0103 sau temporar\u0103 pe teritoriul Republicii Polone sau\n\t\tpermis de munc\u0103.\n\t<\/li><\/ul>\n\t<\/li><li>Zboruri\n\tzboruri charter care au fost deja rezervate, <strong>va avea loc\n\tva avea loc f\u0103r\u0103 impedimente. <\/strong>\n\t\n<\/li><\/ul>\n\n\n\n<p><strong>Special\nLOT Charters - Opera\u021biunea \"LOT Acas\u0103\"<\/strong><\/p>\n\n\n\n<ul class=\"wp-block-list\"><li>Polonez\u0103\n\tLOT Polish Airlines va organiza zboruri charter speciale c\u0103tre diverse destina\u021bii.\n\tregiuni ale lumii pentru a ne lua cet\u0103\u021benii acas\u0103. \n\t\n\t<\/li><li>Toate\n\tpolonezii care vor dori s\u0103 se \u00eentoarc\u0103 \u00een \u021bara lor, precum \u0219i\n\tstr\u0103inii \u00eendrept\u0103\u021bi\u021bi care au leg\u0103turi permanente cu\n\tPolonia \u00ee\u0219i va putea achizi\u021biona biletele de avion prin intermediul\n\tPlatforma online a LOT. \n\t\n\t<\/li><li>Programat\n\tvor avea loc, printre altele, zboruri suplimentare: \n\t\n\t<ul><li>z\n\t\tRegatul Unit,\n\t\t<\/li><li>z\n\t\tIrlanda,\n\t\t<\/li><li>z\n\t\tCipru,\n\t\t<\/li><li>z\n\t\tMalta,\n\t\t<\/li><li>de la\n\t\tStatele Unite ale Americii.\n\t<\/li><\/ul>\n<\/li><\/ul>\n\n\n\n<p><strong>Zboruri\ndup\u0103 cum este necesar <\/strong>\n<\/p>\n\n\n\n<ul class=\"wp-block-list\"><li>Persoane\n\t\u00een loca\u021bii c\u0103tre care LOT nu organizeaz\u0103 zboruri speciale\n\tzboruri speciale, vor putea depune o cerere pentru\n\tcrearea unui astfel de zbor. \n\t\n\t<\/li><li>Analizat\n\tnum\u0103rul de persoane aflate \u00een nevoie dintr-o anumit\u0103 \u021bar\u0103 va fi analizat \u00een mod constant, precum \u0219i\n\tposibilitatea de a organiza un zbor. \n\t\n\t<\/li><li><strong>Cererea\n\tpot fi transmise prin intermediul unui formular special preg\u0103tit\n\tPlatforma de cump\u0103r\u0103turi \"Lot to Home\" a LOT. <\/strong>\n\t\n<\/li><\/ul>\n\n\n\n<p><strong>Tarif forfetar\npre\u021buri<\/strong><\/p>\n\n\n\n<ul class=\"wp-block-list\"><li>Pentru\n\t\u00eentoarcerea \u00een Polonia cu zboruri speciale organizate de LOT Polish Airlines\n\tc\u0103l\u0103torii vor pl\u0103ti un tarif forfetar \u0219i uniform. Acesta\n\tSuma depinde de direc\u021bia din care\n\tdirec\u021bia de zbor. Restul fondurilor vor fi pl\u0103tite de guvernul polonez.\n\t<\/li><li><strong>C\u0103l\u0103torie\n\t\u00een interiorul \u021b\u0103rii pentru persoanele care nu sunt \u00een carantin\u0103 \u0219i care sunt s\u0103n\u0103toase,\n\teste ne\u00eengr\u0103dit\u0103: traficul feroviar, aerian \u0219i rutier\n\tr\u0103m\u00e2ne neschimbat\u0103.<\/strong>\n<\/li><\/ul>\n\n\n\n<p><strong>Transport\npasageri la locul de re\u0219edin\u021b\u0103 al acestora <\/strong>\n<\/p>\n\n\n\n<ul class=\"wp-block-list\"><li><strong>Cel mai mare\n\ttransportatori na\u021bionali: PKP Intercity - feroviar \u0219i Polonus - autocar.\n\tPolonus, al\u0103tur\u0103-te campaniei LOT Acas\u0103. Acest lucru este pentru a permite\n\tpasagerii care aterizeaz\u0103 pe Aeroportul Chopin din Var\u0219ovia s\u0103 c\u0103l\u0103toreasc\u0103 \u00een siguran\u021b\u0103 c\u0103tre anumite ora\u0219e din Polonia.\n\tCampania LOT Home are ca scop s\u0103 le permit\u0103 pasagerilor care aterizeaz\u0103 pe Aeroportul Chopin din Var\u0219ovia s\u0103 c\u0103l\u0103toreasc\u0103 \u00een siguran\u021b\u0103 c\u0103tre anumite ora\u0219e din Polonia. &nbsp;<\/strong>\n<\/li><\/ul>\n\n\n\n<p><strong>PKP<\/strong><\/p>\n\n\n\n<ul class=\"wp-block-list\"><li>PKP\n\tIntercity lanseaz\u0103 4 trenuri speciale de la aeroportul Chopin \u00een\n\tVar\u0219ovia pentru persoanele care sosesc \u00een Polonia cu avioane charter\n\torganizat\u0103 de PLL LOT. \n\t\n<\/li><li>Trenuri\n\tvor pleca \u00een 4 direc\u021bii: Przemy\u015bl, Bielsko-Bia\u0142a, Wroc\u0142aw \u0219i\n\tKo\u0142obrzeg. Trenurile vor opri la sta\u021biile intermediare desemnate\n\tsta\u021bii intermediare, ceea ce va facilita accesul c\u0103l\u0103torilor la sta\u021biile lor.\n\tcase. \n\t\n<\/li><\/ul>\n\n\n\n<p><strong>Polonus<\/strong><\/p>\n\n\n\n<ul class=\"wp-block-list\"><li>De la\n\t20.03.2020 autobuzele companiei Polonus ajut\u0103 pasagerii care\n\tau aterizat pe Aeroportul Chopin pentru a ajunge la casele lor.\n\tSunt implicate mai multe zeci de alb \u0219i ro\u0219u,\n\tau fost angaja\u021bi antrenori confortabili de la Polonus.\n<\/li><\/ul>\n\n\n\n<ul class=\"wp-block-list\"><li>Toate\n\tc\u0103l\u0103torii care vor avea nevoie de transport suplimentar pentru\n\tlocul de re\u0219edin\u021b\u0103 \u00een afara Var\u0219oviei, <strong>va fi\n\ttransportate gratuit <\/strong>la\n\tc\u0103tre ora\u0219e selectate la bordul autocarelor Polonus. \n\t\n\t<\/li><li>Pentru a\n\tPentru a beneficia de posibilitatea de transport suplimentar, dup\u0103 ce\n\tsosire merge\u021bi \u00een zona special marcat\u0103 cu lista\n\tora\u0219e. Coordonatorii \u00eei vor \u00eendruma pe pasageri c\u0103tre anumite\n\tantrenori.\n<\/li><\/ul>\n\n\n\n<p><strong>Zboruri\ndomestic<\/strong><\/p>\n\n\n\n<ul class=\"wp-block-list\"><li>Prin decizie a\n\tPrimul ministru M. Morawiecki la 16.03, zborurile interne au fost suspendate.\n\t\n\t\t\n\t\t\n\t\t\t\n\t\t\t\t\n\t\t\t\t<strong>MAGAZINE,\n\t\t\t\tGASTRONOMIE<\/strong>\n\t\t\t\n\t\t\n\t\n\t<\/li><li><strong>De la\n\t14 martie p\u00e2n\u0103 la noi ordine va fi activitate limitat\u0103 \u00een centrele comerciale\n\t\u00een care <\/strong><strong>va r\u0103m\u00e2ne\n\ttoate magazinele alimentare sunt deschise<\/strong><strong>,\n\tfarmacii, drogherii \u0219i sp\u0103l\u0103torii.<\/strong>\n\t<\/li><li>Dup\u0103\n\t14 zile, MZ va examina posibilitatea abrog\u0103rii regulamentului \u00een\n\t\u00een cazul \u00een care situa\u021bia se \u00eembun\u0103t\u0103\u021be\u0219te.\n\t<\/li><li>Luat\n\tdecizia de a acorda temporar <strong>suspendarea\n\topera\u021biuni ale altor magazine <br>\u00een galerii,<\/strong>\n\tpentru a nu genera trafic suplimentar \u00een aceste locuri. \n\t\n\t<\/li><li>W\n\tmagazinele din mall-uri vor fi \u00eenchise:\n\t<ul><li>produse\n\t\ttextile, \u00eembr\u0103c\u0103minte, \n\t\t\n\t\t<\/li><li>\u00eenc\u0103l\u021b\u0103minte\n\t\t\u0219i articole din piele, \n\t\t\n\t\t<\/li><li>mobilier\n\t\t\u0219i echipamente de iluminat, \n\t\t\n\t\t<\/li><li>echipament\n\t\tradiodifuziune \u0219i televiziune \u0219i aparate de uz casnic, \n\t\t\n\t\t<\/li><li>articole\n\t\tpapet\u0103rie \u0219i c\u0103r\u021bi;\n\t\t<\/li><li>\u0219i\n\t\ttoate punctele de divertisment \u0219i de catering.\n\t\tcatering.\n\t<\/li><\/ul>\n\t<\/li><li><strong>\u00cen afara\n\t\u00cen afara centrelor comerciale, restric\u021bia nu se aplic\u0103:<\/strong>\n\t<ul><li>toate\n\t\tmagazine, b\u0103nci sau servicii - indiferent de ce\n\t\t\u0219i unde se afl\u0103 acestea - r\u0103m\u00e2n deschise. \n\t\t\n\t<\/li><\/ul>\n\t<\/li><li><strong>Toat\u0103 lumea\n\tvor avea posibilitatea de a face cump\u0103r\u0103turi. <\/strong>\n\t\n\t<\/li><li>Limitat\n\tactivit\u0103\u021bile au fost limitate\n\t<\/li><li>\n\tcatering \u0219i puncte de v\u00e2nzare <br>o\n\tde natur\u0103 distractiv\u0103:\n\t<ul><li>restaurante,\n\t\tbarurile, cafenelele vor putea s\u0103 \u00ee\u0219i ofere serviciile doar <br>w\n\t\tsub form\u0103 de \"take away\" sau \"la livrare\".\n\t\t<\/li><li>puncte\n\t\tpuncte de alimenta\u021bie public\u0103 vor fi \u00eenchise p\u00e2n\u0103 la finalizarea lucr\u0103rilor de igienizare.\n\t\tsitua\u021bia sanitar\u0103 este asigurat\u0103, atunci c\u00e2nd regulamentul ministrului s\u0103n\u0103t\u0103\u021bii va fi abrogat.\n\t\tde s\u0103n\u0103tate va fi abrogat\u0103.\n\t\t\n\t\t\t\n\t\t\t\n\t\t\t\t\n\t\t\t\t\t\n\t\t\t\t\t<strong>\u00ceNT\u00c2LNIRI\n\t\t\t\t\tPUBLIC<\/strong>\n\t\t\t\t\n\t\t\t\n\t\t\n\t<\/li><\/ul>\n\t<\/li><li>Adoptat\u0103\n\tau fost adoptate m\u0103suri de securitate suplimentare, const\u00e2nd \u00een\n\tlimitarea adun\u0103rilor colective la <strong>50\n\toameni <\/strong>de la\n\t14 martie p\u00e2n\u0103 la noi ordine:\n\t<ul><li>restric\u021bie\n\t\tnu se aplic\u0103 locurilor de munc\u0103 (cu excep\u021bia cazului \u00een care excluderea activit\u0103\u021bilor lor\n\t\trezult\u0103 din alte ordonan\u021be). \n\t\t\n\t\t<\/li><li>w\n\t\tcu toate acestea, trebuie men\u021binute m\u0103suri sanitare speciale\n\t\tm\u0103suri sanitare\n\t<\/li><\/ul>\n\t<\/li><li>Dup\u0103\n\t14 zile, MZ va examina posibilitatea abrog\u0103rii regulamentului \u00een\n\t\u00een cazul \u00een care situa\u021bia se \u00eembun\u0103t\u0103\u021be\u0219te.\n\t<\/li><li>Restric\u021bia\n\tsunt de natur\u0103 general\u0103.\n\t<ul><li>\u00cen ceea ce prive\u0219te.\n\t\ttoate locurile \u00een care oamenii se pot aduna <br>i\n\t\tse pun \u00een pericol \u00een mod inutil pe ei \u00een\u0219i\u0219i \u0219i pe ceilal\u021bi, de exemplu, \u00een locuri publice, religioase\n\t\ts\u0103rb\u0103tori publice, evenimente religioase, demonstra\u021bii sau mar\u0219uri. \n\t\t\n\t\t<\/li><li>Nu\n\t\tNu se aplic\u0103 la locurile de munc\u0103 - cu excep\u021bia cazului \u00een care excluderea lor\n\t\tactivit\u0103\u021bi deriv\u0103 din alte ordine.\n\t<\/li><\/ul>\n\t<\/li><li>W\n\t\u00een astfel de unit\u0103\u021bi trebuie men\u021binute m\u0103suri sanitare speciale.\n\tPrevenirea este principalul nostru obiectiv. \n\t\n\t\n\t\t\n\t\t\n\t\t\t\n\t\t\t\t\n\t\t\t\t<strong>DIAGNOSTICARE \u0218I\n\t\t\t\tSPITALIZARE<\/strong>\n\t\t\t\n\t\t\n\t\n\t<\/li><li><strong>Polonia\n\teste preg\u0103tit pentru gestionarea crizelor \u0219i a situa\u021biilor de urgen\u021b\u0103.\n\tAvem echipamentul potrivit \u0219i profesionalism\n\tlucr\u0103torii din domeniul s\u0103n\u0103t\u0103\u021bii.<\/strong>\n\t<\/li><li><strong>De la\n\tc\u00e2teva s\u0103pt\u0103m\u00e2ni <\/strong><strong>79<\/strong><strong>\n\tsec\u021biile de boli infec\u021bioase sunt \u00een alert\u0103 maxim\u0103.<\/strong>\n\t<\/li><li><strong>19\n\tspitale din Polonia au fost transformate \u00een spitale de boli infec\u021bioase. <\/strong>\n\t\n\t<ul><li>Cre\u0219te\n\t\tnum\u0103rul de paturi \u00een sec\u021biile de boli infec\u021bioase pentru a face fa\u021b\u0103 cre\u0219terii num\u0103rului de\n\t\tinfec\u021bii cu coronavirus. \n\t\t\n\t\t<\/li><li>W\n\t\t\u00een fiecare provincie exist\u0103 o unitate special\u0103\n\t\tspital dedicat doar persoanelor cu coronavirus, \u00een cazul \u00een care aceste\n\t\tar exista mult mai multe cazuri. \n\t\t\n\t<\/li><\/ul>\n\t<\/li><li>W\n\tBugetul de stat rezerv\u0103 fonduri pentru toate\n\t\u0219i tratamentul coronavirusului.\n<\/li><\/ul>\n\n\n\n<p><strong>Teste\npentru coronavirus: <\/strong>\n<\/p>\n\n\n\n<ul class=\"wp-block-list\"><li><strong>Guvern\n\tse ocup\u0103, \u00een mod continuu, de toate nevoile de testare a persoanelor\n\tpoten\u021bial bolnav. <\/strong>\n\t\n\t<\/li><li><strong>21\n\tlaboratoare <\/strong>este\n\tgata s\u0103 testeze e\u0219antioane.\n\tAcestea opereaz\u0103\n\tPrimul se afl\u0103 \u00een urm\u0103toarele ora\u0219e: Gda\u0144sk, Gorz\u00f3w Wlkp: Gda\u0144sk, Gorz\u00f3w Wlkp., Katowice, Kielce,\n\tOlsztyn, Pozna\u0144, Rzesz\u00f3w, Wroc\u0142aw, 2 \u00een \u0141\u00f3d\u017a, Lublin,\n\tSzczecin, Cracovia, Bydgoszcz, Bia\u0142ystok \u0219i 4 \u00een Var\u0219ovia.\n\t<\/li><li><strong>Nici unul\n\tpersoana spitalizat\u0103 \u0219i trimis\u0103 de un medic pentru examinare nu\n\ts\u0103 pl\u0103teasc\u0103 pentru ele.<\/strong>\n\t<\/li><li><strong>Fiecare\n\tpacientul care se prezint\u0103 la spital cu simptome suspecte de\n\tcoronavirus este oferit cu testare gratuit\u0103.<\/strong>\n\t<\/li><li><strong>W\n\t\u00cen Polonia nu exist\u0103 teste pentru coronavirus f\u0103r\u0103 indica\u021bie medical\u0103\n\tindica\u021bii medicale. <\/strong>\n\t\n\t<\/li><li><strong>Toate\n\tprovincii au confirmat preg\u0103tirea spitalelor de boli infec\u021bioase pentru\n\tfocare.<\/strong>\n<\/li><\/ul>","protected":false},"excerpt":{"rendered":"<p>NAJWA\u017bNIEJSZE INFORMACJE : Wprowadzono stan epidemii. Aby zapobiega\u0107 rozprzestrzenianiu si\u0119 koronawirusa. Stan epidemii daje nowe prerogatywy i nak\u0142ada na nas nowe obowi\u0105zki. Wprowadzono podwy\u017cszone kary z\u00a05 do\u00a030 tys. z\u0142otych, oraz mechanizmy \u015bledzenia tego, czy\u00a0dany cz\u0142owiek przebywa w\u00a0miejscu Podj\u0119to decyzj\u0119 o dalszym wstrzymaniu zaj\u0119\u0107 w \u017c\u0142obkach, przedszkolach, szko\u0142ach i plac\u00f3wkach o\u015bwiatowych do \u015awi\u0105t Wielkiej Nocy. Wi\u0119kszo\u015b\u0107 [&hellip;]<\/p>","protected":false},"author":15,"featured_media":18883,"comment_status":"open","ping_status":"open","sticky":false,"template":"","format":"standard","meta":{"ngg_post_thumbnail":0,"footnotes":""},"categories":[1,3],"tags":[],"class_list":["post-18877","post","type-post","status-publish","format-standard","has-post-thumbnail","hentry","category-bez-kategorii","category-wydarzenia"],"yoast_head":"<!-- This site is optimized with the Yoast SEO plugin v24.7 - https:\/\/yoast.com\/wordpress\/plugins\/seo\/ -->\n<title>Koronawirus w Polsce - wsparcie i profilaktyka &#8211; Marek Kuchci\u0144ski<\/title>\n<meta name=\"robots\" content=\"index, follow, max-snippet:-1, max-image-preview:large, max-video-preview:-1\" \/>\n<link rel=\"canonical\" href=\"https:\/\/marekkuchcinski.pl\/ro\/wydarzenia\/koronawirus-w-polsce-wsparcie-i-profilaktyka-2\/\" \/>\n<meta property=\"og:locale\" content=\"ro_RO\" \/>\n<meta property=\"og:type\" content=\"article\" \/>\n<meta property=\"og:title\" content=\"Koronawirus w Polsce - wsparcie i profilaktyka &#8211; Marek Kuchci\u0144ski\" \/>\n<meta property=\"og:description\" content=\"NAJWA\u017bNIEJSZE INFORMACJE : Wprowadzono stan epidemii. Aby zapobiega\u0107 rozprzestrzenianiu si\u0119 koronawirusa. Stan epidemii daje nowe prerogatywy i nak\u0142ada na nas nowe obowi\u0105zki. Wprowadzono podwy\u017cszone kary z\u00a05 do\u00a030 tys. z\u0142otych, oraz mechanizmy \u015bledzenia tego, czy\u00a0dany cz\u0142owiek przebywa w\u00a0miejscu Podj\u0119to decyzj\u0119 o dalszym wstrzymaniu zaj\u0119\u0107 w \u017c\u0142obkach, przedszkolach, szko\u0142ach i plac\u00f3wkach o\u015bwiatowych do \u015awi\u0105t Wielkiej Nocy. Wi\u0119kszo\u015b\u0107 [&hellip;]\" \/>\n<meta property=\"og:url\" content=\"https:\/\/marekkuchcinski.pl\/ro\/wydarzenia\/koronawirus-w-polsce-wsparcie-i-profilaktyka-2\/\" \/>\n<meta property=\"og:site_name\" content=\"Marek Kuchci\u0144ski\" \/>\n<meta property=\"article:published_time\" content=\"2020-03-21T13:34:46+00:00\" \/>\n<meta property=\"article:modified_time\" content=\"2020-03-21T13:53:06+00:00\" \/>\n<meta property=\"og:image\" content=\"https:\/\/marekkuchcinski.pl\/wp-content\/uploads\/2020\/03\/KV_plakat_og\u00f3lny-4-1.jpg\" \/>\n\t<meta property=\"og:image:width\" content=\"2048\" \/>\n\t<meta property=\"og:image:height\" content=\"2896\" \/>\n\t<meta property=\"og:image:type\" content=\"image\/jpeg\" \/>\n<meta name=\"author\" content=\"Andrzej Paniw\" \/>\n<meta name=\"twitter:card\" content=\"summary_large_image\" \/>\n<meta name=\"twitter:label1\" content=\"Scris de\" \/>\n\t<meta name=\"twitter:data1\" content=\"Andrzej Paniw\" \/>\n\t<meta name=\"twitter:label2\" content=\"Timp estimat pentru citire\" \/>\n\t<meta name=\"twitter:data2\" content=\"11 minutes\" \/>\n<script type=\"application\/ld+json\" class=\"yoast-schema-graph\">{\"@context\":\"https:\/\/schema.org\",\"@graph\":[{\"@type\":\"Article\",\"@id\":\"https:\/\/marekkuchcinski.pl\/wydarzenia\/koronawirus-w-polsce-wsparcie-i-profilaktyka-2\/#article\",\"isPartOf\":{\"@id\":\"https:\/\/marekkuchcinski.pl\/wydarzenia\/koronawirus-w-polsce-wsparcie-i-profilaktyka-2\/\"},\"author\":{\"name\":\"Andrzej Paniw\",\"@id\":\"https:\/\/marekkuchcinski.pl\/#\/schema\/person\/0346d7f21c9bed5cf4eed3231e9f59fa\"},\"headline\":\"Koronawirus w Polsce &#8211; wsparcie i profilaktyka\",\"datePublished\":\"2020-03-21T13:34:46+00:00\",\"dateModified\":\"2020-03-21T13:53:06+00:00\",\"mainEntityOfPage\":{\"@id\":\"https:\/\/marekkuchcinski.pl\/wydarzenia\/koronawirus-w-polsce-wsparcie-i-profilaktyka-2\/\"},\"wordCount\":2230,\"commentCount\":0,\"publisher\":{\"@id\":\"https:\/\/marekkuchcinski.pl\/#organization\"},\"image\":{\"@id\":\"https:\/\/marekkuchcinski.pl\/wydarzenia\/koronawirus-w-polsce-wsparcie-i-profilaktyka-2\/#primaryimage\"},\"thumbnailUrl\":\"https:\/\/marekkuchcinski.pl\/wp-content\/uploads\/2020\/03\/KV_plakat_og\u00f3lny-4-1.jpg\",\"articleSection\":[\"Bez kategorii\",\"Wydarzenia\"],\"inLanguage\":\"ro-RO\",\"potentialAction\":[{\"@type\":\"CommentAction\",\"name\":\"Comment\",\"target\":[\"https:\/\/marekkuchcinski.pl\/wydarzenia\/koronawirus-w-polsce-wsparcie-i-profilaktyka-2\/#respond\"]}]},{\"@type\":\"WebPage\",\"@id\":\"https:\/\/marekkuchcinski.pl\/wydarzenia\/koronawirus-w-polsce-wsparcie-i-profilaktyka-2\/\",\"url\":\"https:\/\/marekkuchcinski.pl\/wydarzenia\/koronawirus-w-polsce-wsparcie-i-profilaktyka-2\/\",\"name\":\"Koronawirus w Polsce - wsparcie i profilaktyka &#8211; Marek Kuchci\u0144ski\",\"isPartOf\":{\"@id\":\"https:\/\/marekkuchcinski.pl\/#website\"},\"primaryImageOfPage\":{\"@id\":\"https:\/\/marekkuchcinski.pl\/wydarzenia\/koronawirus-w-polsce-wsparcie-i-profilaktyka-2\/#primaryimage\"},\"image\":{\"@id\":\"https:\/\/marekkuchcinski.pl\/wydarzenia\/koronawirus-w-polsce-wsparcie-i-profilaktyka-2\/#primaryimage\"},\"thumbnailUrl\":\"https:\/\/marekkuchcinski.pl\/wp-content\/uploads\/2020\/03\/KV_plakat_og\u00f3lny-4-1.jpg\",\"datePublished\":\"2020-03-21T13:34:46+00:00\",\"dateModified\":\"2020-03-21T13:53:06+00:00\",\"breadcrumb\":{\"@id\":\"https:\/\/marekkuchcinski.pl\/wydarzenia\/koronawirus-w-polsce-wsparcie-i-profilaktyka-2\/#breadcrumb\"},\"inLanguage\":\"ro-RO\",\"potentialAction\":[{\"@type\":\"ReadAction\",\"target\":[\"https:\/\/marekkuchcinski.pl\/wydarzenia\/koronawirus-w-polsce-wsparcie-i-profilaktyka-2\/\"]}]},{\"@type\":\"ImageObject\",\"inLanguage\":\"ro-RO\",\"@id\":\"https:\/\/marekkuchcinski.pl\/wydarzenia\/koronawirus-w-polsce-wsparcie-i-profilaktyka-2\/#primaryimage\",\"url\":\"https:\/\/marekkuchcinski.pl\/wp-content\/uploads\/2020\/03\/KV_plakat_og\u00f3lny-4-1.jpg\",\"contentUrl\":\"https:\/\/marekkuchcinski.pl\/wp-content\/uploads\/2020\/03\/KV_plakat_og\u00f3lny-4-1.jpg\",\"width\":2048,\"height\":2896},{\"@type\":\"BreadcrumbList\",\"@id\":\"https:\/\/marekkuchcinski.pl\/wydarzenia\/koronawirus-w-polsce-wsparcie-i-profilaktyka-2\/#breadcrumb\",\"itemListElement\":[{\"@type\":\"ListItem\",\"position\":1,\"name\":\"Strona g\u0142\u00f3wna\",\"item\":\"https:\/\/marekkuchcinski.pl\/\"},{\"@type\":\"ListItem\",\"position\":2,\"name\":\"Koronawirus w Polsce &#8211; wsparcie i profilaktyka\"}]},{\"@type\":\"WebSite\",\"@id\":\"https:\/\/marekkuchcinski.pl\/#website\",\"url\":\"https:\/\/marekkuchcinski.pl\/\",\"name\":\"Marek Kuchci\u0144ski\",\"description\":\"Pose\u0142 na sejm RP &ndash; okr\u0119g nr 22\",\"publisher\":{\"@id\":\"https:\/\/marekkuchcinski.pl\/#organization\"},\"potentialAction\":[{\"@type\":\"SearchAction\",\"target\":{\"@type\":\"EntryPoint\",\"urlTemplate\":\"https:\/\/marekkuchcinski.pl\/?s={search_term_string}\"},\"query-input\":{\"@type\":\"PropertyValueSpecification\",\"valueRequired\":true,\"valueName\":\"search_term_string\"}}],\"inLanguage\":\"ro-RO\"},{\"@type\":\"Organization\",\"@id\":\"https:\/\/marekkuchcinski.pl\/#organization\",\"name\":\"Marek Kuchci\u0144ski\",\"url\":\"https:\/\/marekkuchcinski.pl\/\",\"logo\":{\"@type\":\"ImageObject\",\"inLanguage\":\"ro-RO\",\"@id\":\"https:\/\/marekkuchcinski.pl\/#\/schema\/logo\/image\/\",\"url\":\"https:\/\/marekkuchcinski.pl\/wp-content\/uploads\/2022\/09\/Marek.jpg\",\"contentUrl\":\"https:\/\/marekkuchcinski.pl\/wp-content\/uploads\/2022\/09\/Marek.jpg\",\"width\":1600,\"height\":971,\"caption\":\"Marek Kuchci\u0144ski\"},\"image\":{\"@id\":\"https:\/\/marekkuchcinski.pl\/#\/schema\/logo\/image\/\"}},{\"@type\":\"Person\",\"@id\":\"https:\/\/marekkuchcinski.pl\/#\/schema\/person\/0346d7f21c9bed5cf4eed3231e9f59fa\",\"name\":\"Andrzej Paniw\",\"image\":{\"@type\":\"ImageObject\",\"inLanguage\":\"ro-RO\",\"@id\":\"https:\/\/marekkuchcinski.pl\/#\/schema\/person\/image\/\",\"url\":\"https:\/\/secure.gravatar.com\/avatar\/b68f7f24be3be59e4e54b34ffa26bdeb?s=96&d=mm&r=g\",\"contentUrl\":\"https:\/\/secure.gravatar.com\/avatar\/b68f7f24be3be59e4e54b34ffa26bdeb?s=96&d=mm&r=g\",\"caption\":\"Andrzej Paniw\"},\"url\":\"https:\/\/marekkuchcinski.pl\/ro\/author\/andrzej-paniw\/\"}]}<\/script>\n<!-- \/ Yoast SEO plugin. -->","yoast_head_json":{"title":"Koronawirus w Polsce - wsparcie i profilaktyka &#8211; Marek Kuchci\u0144ski","robots":{"index":"index","follow":"follow","max-snippet":"max-snippet:-1","max-image-preview":"max-image-preview:large","max-video-preview":"max-video-preview:-1"},"canonical":"https:\/\/marekkuchcinski.pl\/ro\/wydarzenia\/koronawirus-w-polsce-wsparcie-i-profilaktyka-2\/","og_locale":"ro_RO","og_type":"article","og_title":"Koronawirus w Polsce - wsparcie i profilaktyka &#8211; Marek Kuchci\u0144ski","og_description":"NAJWA\u017bNIEJSZE INFORMACJE : Wprowadzono stan epidemii. Aby zapobiega\u0107 rozprzestrzenianiu si\u0119 koronawirusa. Stan epidemii daje nowe prerogatywy i nak\u0142ada na nas nowe obowi\u0105zki. Wprowadzono podwy\u017cszone kary z\u00a05 do\u00a030 tys. z\u0142otych, oraz mechanizmy \u015bledzenia tego, czy\u00a0dany cz\u0142owiek przebywa w\u00a0miejscu Podj\u0119to decyzj\u0119 o dalszym wstrzymaniu zaj\u0119\u0107 w \u017c\u0142obkach, przedszkolach, szko\u0142ach i plac\u00f3wkach o\u015bwiatowych do \u015awi\u0105t Wielkiej Nocy. Wi\u0119kszo\u015b\u0107 [&hellip;]","og_url":"https:\/\/marekkuchcinski.pl\/ro\/wydarzenia\/koronawirus-w-polsce-wsparcie-i-profilaktyka-2\/","og_site_name":"Marek Kuchci\u0144ski","article_published_time":"2020-03-21T13:34:46+00:00","article_modified_time":"2020-03-21T13:53:06+00:00","og_image":[{"width":2048,"height":2896,"url":"https:\/\/marekkuchcinski.pl\/wp-content\/uploads\/2020\/03\/KV_plakat_og\u00f3lny-4-1.jpg","type":"image\/jpeg"}],"author":"Andrzej Paniw","twitter_card":"summary_large_image","twitter_misc":{"Scris de":"Andrzej Paniw","Timp estimat pentru citire":"11 minutes"},"schema":{"@context":"https:\/\/schema.org","@graph":[{"@type":"Article","@id":"https:\/\/marekkuchcinski.pl\/wydarzenia\/koronawirus-w-polsce-wsparcie-i-profilaktyka-2\/#article","isPartOf":{"@id":"https:\/\/marekkuchcinski.pl\/wydarzenia\/koronawirus-w-polsce-wsparcie-i-profilaktyka-2\/"},"author":{"name":"Andrzej Paniw","@id":"https:\/\/marekkuchcinski.pl\/#\/schema\/person\/0346d7f21c9bed5cf4eed3231e9f59fa"},"headline":"Koronawirus w Polsce &#8211; wsparcie i profilaktyka","datePublished":"2020-03-21T13:34:46+00:00","dateModified":"2020-03-21T13:53:06+00:00","mainEntityOfPage":{"@id":"https:\/\/marekkuchcinski.pl\/wydarzenia\/koronawirus-w-polsce-wsparcie-i-profilaktyka-2\/"},"wordCount":2230,"commentCount":0,"publisher":{"@id":"https:\/\/marekkuchcinski.pl\/#organization"},"image":{"@id":"https:\/\/marekkuchcinski.pl\/wydarzenia\/koronawirus-w-polsce-wsparcie-i-profilaktyka-2\/#primaryimage"},"thumbnailUrl":"https:\/\/marekkuchcinski.pl\/wp-content\/uploads\/2020\/03\/KV_plakat_og\u00f3lny-4-1.jpg","articleSection":["Bez kategorii","Wydarzenia"],"inLanguage":"ro-RO","potentialAction":[{"@type":"CommentAction","name":"Comment","target":["https:\/\/marekkuchcinski.pl\/wydarzenia\/koronawirus-w-polsce-wsparcie-i-profilaktyka-2\/#respond"]}]},{"@type":"WebPage","@id":"https:\/\/marekkuchcinski.pl\/wydarzenia\/koronawirus-w-polsce-wsparcie-i-profilaktyka-2\/","url":"https:\/\/marekkuchcinski.pl\/wydarzenia\/koronawirus-w-polsce-wsparcie-i-profilaktyka-2\/","name":"Koronawirus w Polsce - wsparcie i profilaktyka &#8211; Marek Kuchci\u0144ski","isPartOf":{"@id":"https:\/\/marekkuchcinski.pl\/#website"},"primaryImageOfPage":{"@id":"https:\/\/marekkuchcinski.pl\/wydarzenia\/koronawirus-w-polsce-wsparcie-i-profilaktyka-2\/#primaryimage"},"image":{"@id":"https:\/\/marekkuchcinski.pl\/wydarzenia\/koronawirus-w-polsce-wsparcie-i-profilaktyka-2\/#primaryimage"},"thumbnailUrl":"https:\/\/marekkuchcinski.pl\/wp-content\/uploads\/2020\/03\/KV_plakat_og\u00f3lny-4-1.jpg","datePublished":"2020-03-21T13:34:46+00:00","dateModified":"2020-03-21T13:53:06+00:00","breadcrumb":{"@id":"https:\/\/marekkuchcinski.pl\/wydarzenia\/koronawirus-w-polsce-wsparcie-i-profilaktyka-2\/#breadcrumb"},"inLanguage":"ro-RO","potentialAction":[{"@type":"ReadAction","target":["https:\/\/marekkuchcinski.pl\/wydarzenia\/koronawirus-w-polsce-wsparcie-i-profilaktyka-2\/"]}]},{"@type":"ImageObject","inLanguage":"ro-RO","@id":"https:\/\/marekkuchcinski.pl\/wydarzenia\/koronawirus-w-polsce-wsparcie-i-profilaktyka-2\/#primaryimage","url":"https:\/\/marekkuchcinski.pl\/wp-content\/uploads\/2020\/03\/KV_plakat_og\u00f3lny-4-1.jpg","contentUrl":"https:\/\/marekkuchcinski.pl\/wp-content\/uploads\/2020\/03\/KV_plakat_og\u00f3lny-4-1.jpg","width":2048,"height":2896},{"@type":"BreadcrumbList","@id":"https:\/\/marekkuchcinski.pl\/wydarzenia\/koronawirus-w-polsce-wsparcie-i-profilaktyka-2\/#breadcrumb","itemListElement":[{"@type":"ListItem","position":1,"name":"Strona g\u0142\u00f3wna","item":"https:\/\/marekkuchcinski.pl\/"},{"@type":"ListItem","position":2,"name":"Koronawirus w Polsce &#8211; wsparcie i profilaktyka"}]},{"@type":"WebSite","@id":"https:\/\/marekkuchcinski.pl\/#website","url":"https:\/\/marekkuchcinski.pl\/","name":"Marek Kuchci\u0144ski","description":"Pose\u0142 na sejm RP &ndash; okr\u0119g nr 22","publisher":{"@id":"https:\/\/marekkuchcinski.pl\/#organization"},"potentialAction":[{"@type":"SearchAction","target":{"@type":"EntryPoint","urlTemplate":"https:\/\/marekkuchcinski.pl\/?s={search_term_string}"},"query-input":{"@type":"PropertyValueSpecification","valueRequired":true,"valueName":"search_term_string"}}],"inLanguage":"ro-RO"},{"@type":"Organization","@id":"https:\/\/marekkuchcinski.pl\/#organization","name":"Marek Kuchci\u0144ski","url":"https:\/\/marekkuchcinski.pl\/","logo":{"@type":"ImageObject","inLanguage":"ro-RO","@id":"https:\/\/marekkuchcinski.pl\/#\/schema\/logo\/image\/","url":"https:\/\/marekkuchcinski.pl\/wp-content\/uploads\/2022\/09\/Marek.jpg","contentUrl":"https:\/\/marekkuchcinski.pl\/wp-content\/uploads\/2022\/09\/Marek.jpg","width":1600,"height":971,"caption":"Marek Kuchci\u0144ski"},"image":{"@id":"https:\/\/marekkuchcinski.pl\/#\/schema\/logo\/image\/"}},{"@type":"Person","@id":"https:\/\/marekkuchcinski.pl\/#\/schema\/person\/0346d7f21c9bed5cf4eed3231e9f59fa","name":"Andrzej Paniw","image":{"@type":"ImageObject","inLanguage":"ro-RO","@id":"https:\/\/marekkuchcinski.pl\/#\/schema\/person\/image\/","url":"https:\/\/secure.gravatar.com\/avatar\/b68f7f24be3be59e4e54b34ffa26bdeb?s=96&d=mm&r=g","contentUrl":"https:\/\/secure.gravatar.com\/avatar\/b68f7f24be3be59e4e54b34ffa26bdeb?s=96&d=mm&r=g","caption":"Andrzej Paniw"},"url":"https:\/\/marekkuchcinski.pl\/ro\/author\/andrzej-paniw\/"}]}},"_links":{"self":[{"href":"https:\/\/marekkuchcinski.pl\/ro\/wp-json\/wp\/v2\/posts\/18877","targetHints":{"allow":["GET"]}}],"collection":[{"href":"https:\/\/marekkuchcinski.pl\/ro\/wp-json\/wp\/v2\/posts"}],"about":[{"href":"https:\/\/marekkuchcinski.pl\/ro\/wp-json\/wp\/v2\/types\/post"}],"author":[{"embeddable":true,"href":"https:\/\/marekkuchcinski.pl\/ro\/wp-json\/wp\/v2\/users\/15"}],"replies":[{"embeddable":true,"href":"https:\/\/marekkuchcinski.pl\/ro\/wp-json\/wp\/v2\/comments?post=18877"}],"version-history":[{"count":5,"href":"https:\/\/marekkuchcinski.pl\/ro\/wp-json\/wp\/v2\/posts\/18877\/revisions"}],"predecessor-version":[{"id":18884,"href":"https:\/\/marekkuchcinski.pl\/ro\/wp-json\/wp\/v2\/posts\/18877\/revisions\/18884"}],"wp:featuredmedia":[{"embeddable":true,"href":"https:\/\/marekkuchcinski.pl\/ro\/wp-json\/wp\/v2\/media\/18883"}],"wp:attachment":[{"href":"https:\/\/marekkuchcinski.pl\/ro\/wp-json\/wp\/v2\/media?parent=18877"}],"wp:term":[{"taxonomy":"category","embeddable":true,"href":"https:\/\/marekkuchcinski.pl\/ro\/wp-json\/wp\/v2\/categories?post=18877"},{"taxonomy":"post_tag","embeddable":true,"href":"https:\/\/marekkuchcinski.pl\/ro\/wp-json\/wp\/v2\/tags?post=18877"}],"curies":[{"name":"wp","href":"https:\/\/api.w.org\/{rel}","templated":true}]}}