{"id":18002,"date":"2019-12-02T15:29:55","date_gmt":"2019-12-02T14:29:55","guid":{"rendered":"https:\/\/marekkuchcinski.pl\/?p=18002"},"modified":"2019-12-02T23:43:06","modified_gmt":"2019-12-02T22:43:06","slug":"posel-marek-kuchcinski-z-wizyta-we-lwowie","status":"publish","type":"post","link":"https:\/\/marekkuchcinski.pl\/ro\/bez-kategorii\/posel-marek-kuchcinski-z-wizyta-we-lwowie\/","title":{"rendered":"Deputatul Marek Kuchcinski \u00een vizit\u0103 la Lviv"},"content":{"rendered":"<p><em>\u00cen perioada 28-29 noiembrie, deputatul Marek Kuchci\u0144ski, pre\u0219edintele Grupului parlamentar al Carpa\u021bilor, \u00eempreun\u0103 cu ministrul Infrastructurii, Andrzej Adamczyk, \u0219i o delega\u021bie a ministerului, au participat la Lviv la discu\u021bii privind dezvoltarea infrastructurii \u0219i rela\u021biile economice polono-ucrainene. Printre subiectele discutate \u00een timpul vizitei s-au num\u0103rat conexiunile rutiere cu Ucraina, crearea unei leg\u0103turi feroviare \u0219i de autobuz \u00eentre Przemy\u015bl \u0219i Lviv, trecerea la nivel cu calea ferat\u0103 Nizankowice - Malhowice \u0219i linia 102 de la Malhowice la Chyrov \u0219i Zag\u00f3rze.<\/em><\/p>\n\n\n\n<p><em>Aceast\u0103 tem\u0103 a fost dictat\u0103 de interesul \u00een continu\u0103 cre\u0219tere pentru dezvoltarea cooper\u0103rii. O infrastructur\u0103 de comunica\u021bii bine dezvoltat\u0103 este foarte important\u0103 pentru Polonia \u0219i Ucraina, inclusiv pentru zonele de frontier\u0103. C\u00e2teva milioane de persoane care trec frontiera \u00een fiecare an prin cele doar 11 puncte de trecere a c\u0103ii ferate \u0219i a drumurilor ofer\u0103 mii de locuri de munc\u0103 \u0219i aduc profituri de miliarde de zlo\u021bi antreprenorilor locali. Interesul pentru Polonia este \u00een cre\u0219tere, cel mai bine exemplificat de faptul c\u0103 trenul interna\u021bional IC de la Przemy\u015bl la Kiev \u0219i Odesa, lansat \u00een 2017, a transportat peste un milion de pasageri p\u00e2n\u0103 \u00een iunie 2019, c\u00e2nd \u00een anii anteriori leg\u0103turile locale PKP erau folosite de abia de c\u00e2teva mii de persoane. <\/em><\/p>\n\n\n\n<p><em>Europarlamentarul Marek Kuchci\u0144ski, \u00eempreun\u0103 cu europarlamentarul Kazimierz Go\u0142ojuch din \u0141a\u0144cut, s-a \u00eent\u00e2lnit, de asemenea, la Lviv cu o delega\u021bie de parlamentari ucraineni: Micha\u0142 Knia\u017cycki \u0219i Orest Solomocha. Ambii sunt activi \u00een cadrul grupului bilateral polono-ucrainean \u0219i sunt interesa\u021bi de dezvoltarea cooper\u0103rii \u00eentre \u021b\u0103rile carpatice. Aceast\u0103 cooperare a fost discutat\u0103.<\/em><\/p>\n\n\n\n<figure class=\"wp-block-image\"><img fetchpriority=\"high\" decoding=\"async\" width=\"1024\" height=\"577\" src=\"https:\/\/marekkuchcinski.pl\/wp-content\/uploads\/2019\/12\/rozmowy-z-deputowanymi-Lw\u00f3w-1024x577.jpg\" alt=\"\" class=\"wp-image-18011\" srcset=\"https:\/\/marekkuchcinski.pl\/wp-content\/uploads\/2019\/12\/rozmowy-z-deputowanymi-Lw\u00f3w-1024x577.jpg 1024w, https:\/\/marekkuchcinski.pl\/wp-content\/uploads\/2019\/12\/rozmowy-z-deputowanymi-Lw\u00f3w-300x169.jpg 300w, https:\/\/marekkuchcinski.pl\/wp-content\/uploads\/2019\/12\/rozmowy-z-deputowanymi-Lw\u00f3w-768x433.jpg 768w, https:\/\/marekkuchcinski.pl\/wp-content\/uploads\/2019\/12\/rozmowy-z-deputowanymi-Lw\u00f3w.jpg 2048w\" sizes=\"(max-width: 1024px) 100vw, 1024px\" \/><\/figure>\n\n\n\n<figure class=\"wp-block-image\"><img decoding=\"async\" width=\"1024\" height=\"577\" src=\"https:\/\/marekkuchcinski.pl\/wp-content\/uploads\/2019\/12\/spotkanie-z-deputowanymi-1024x577.jpg\" alt=\"\" class=\"wp-image-18010\" srcset=\"https:\/\/marekkuchcinski.pl\/wp-content\/uploads\/2019\/12\/spotkanie-z-deputowanymi-1024x577.jpg 1024w, https:\/\/marekkuchcinski.pl\/wp-content\/uploads\/2019\/12\/spotkanie-z-deputowanymi-300x169.jpg 300w, https:\/\/marekkuchcinski.pl\/wp-content\/uploads\/2019\/12\/spotkanie-z-deputowanymi-768x433.jpg 768w, https:\/\/marekkuchcinski.pl\/wp-content\/uploads\/2019\/12\/spotkanie-z-deputowanymi.jpg 2048w\" sizes=\"(max-width: 1024px) 100vw, 1024px\" \/><\/figure>\n\n\n\n<p><em>Scurta vizit\u0103 a delega\u021biei poloneze la Lviv a fost, de asemenea, o oportunitate de a vizita locuri \u00een care istoria polonez\u0103 continu\u0103 s\u0103 tr\u0103iasc\u0103. Principalul loc este biserica romano-catolic\u0103 <\/em> <em>catedral\u0103<\/em> <em>\u00cen 1656, la 1 aprilie, regele Jan Kazimierz a depus jur\u0103m\u00e2ntul \u00een catedrala din Lw\u00f3w. 350 de ani mai t\u00e2rziu, \u00een 2006, pre\u0219edintele Poloniei, profesorul Lech Kaczy\u0144ski, \u00eempreun\u0103 cu o delega\u021bie de parlamentari polonezi, a participat la o slujb\u0103 la care au fost re\u00eennoite jur\u0103mintele de c\u0103tre cardinalul Marian Jaworski.<\/em><\/p>\n\n\n\n<p><em>\u00cen timpul vizitei sale memorabile, pre\u0219edintele Kaczy\u0144ski a d\u0103ruit catedralei un potir care comemoreaz\u0103 evenimentele de acum 350 de ani. Catedrala din Lviv, un loc important pentru Polonia, care este cunoscut pe scar\u0103 larg\u0103, prime\u0219te de ani de zile sprijin din partea Ministerului Culturii \u0219i Patrimoniului Na\u021bional. Dar nevoile sunt \u00eenc\u0103 enorme, iar polonezii sunt dornici s\u0103 sprijine catedrala, bogat\u0103 \u00een istorie \u0219i \u00een vitralii realizate de J\u00f3zef Mehoffer \u0219i Jan Matejko. <\/em><\/p>\n\n\n\n<figure class=\"wp-block-image\"><img decoding=\"async\" width=\"577\" height=\"1024\" src=\"https:\/\/marekkuchcinski.pl\/wp-content\/uploads\/2019\/12\/DSC02593-1-577x1024.jpg\" alt=\"\" class=\"wp-image-18044\" srcset=\"https:\/\/marekkuchcinski.pl\/wp-content\/uploads\/2019\/12\/DSC02593-1-577x1024.jpg 577w, https:\/\/marekkuchcinski.pl\/wp-content\/uploads\/2019\/12\/DSC02593-1-169x300.jpg 169w, https:\/\/marekkuchcinski.pl\/wp-content\/uploads\/2019\/12\/DSC02593-1-768x1363.jpg 768w, https:\/\/marekkuchcinski.pl\/wp-content\/uploads\/2019\/12\/DSC02593-1.jpg 1154w\" sizes=\"(max-width: 577px) 100vw, 577px\" \/><\/figure>\n\n\n\n<figure class=\"wp-block-image\"><img loading=\"lazy\" decoding=\"async\" width=\"577\" height=\"1024\" src=\"https:\/\/marekkuchcinski.pl\/wp-content\/uploads\/2019\/12\/DSC02623-1-577x1024.jpg\" alt=\"\" class=\"wp-image-18045\" srcset=\"https:\/\/marekkuchcinski.pl\/wp-content\/uploads\/2019\/12\/DSC02623-1-577x1024.jpg 577w, https:\/\/marekkuchcinski.pl\/wp-content\/uploads\/2019\/12\/DSC02623-1-169x300.jpg 169w, https:\/\/marekkuchcinski.pl\/wp-content\/uploads\/2019\/12\/DSC02623-1-768x1363.jpg 768w, https:\/\/marekkuchcinski.pl\/wp-content\/uploads\/2019\/12\/DSC02623-1.jpg 1154w\" sizes=\"(max-width: 577px) 100vw, 577px\" \/><\/figure>\n\n\n\n<p><em>Delega\u021bia a participat, de asemenea, la ceremonia de binecuv\u00e2ntare a mormintelor restaurate ale insurgen\u021bilor R\u0103scoalei din noiembrie din cimitirul Lychakiv, \u00een ajunul celei de-a 189-a anivers\u0103ri a r\u0103scoalei. Au fost depuse flori la sec\u021bia restaurat\u0103 a cimitirului \"\u017belazna Kompania\" (numele provine de la crucile de fier, care au fost a\u0219ezate pe mormintele insurgen\u021bilor \u00eengropa\u021bi \u00een aceast\u0103 sec\u021bie \u00een 1880, la 50 de ani de la izbucnirea revoltei). <\/em><\/p>\n\n\n\n<p><em>De asemenea, au fost depuse coroane de flori pe mormintele lui\nAp\u0103r\u0103torii din Lviv \u00een cimitirul separat al Ap\u0103r\u0103torilor din Lviv.<\/em><\/p>\n\n\n\n<p><em>Un fapt important \u0219i oarecum uitat este c\u0103 mul\u021bi parlamentari polonezi din cea de-a doua Republic\u0103 Polonez\u0103 sunt \u00eenmorm\u00e2nta\u021bi \u00een afara \u021b\u0103rii, inclusiv \u00een Lw\u00f3w. \u0218i este datoria fireasc\u0103 a statului polonez s\u0103 \u0219i le aminteasc\u0103. Deputatul Marek Kuchci\u0144ski, \u00eenso\u021bit de ambasadorul Republicii Polone, a depus flori la mormintele deputatului celei de-a doua Republici, Jan Pieracki, un cunoscut activist na\u021bional (nici p\u00e2n\u0103 \u00een ziua de azi nu exist\u0103 informa\u021bii despre \u00eenmorm\u00e2ntarea sa acolo, pe magnificul, de\u0219i foarte d\u0103r\u0103p\u0103nat, morm\u00e2nt-capela de familie unde se odihne\u0219te deputatul. A murit \u00een timpul ocupa\u021biei \u0219i a fost \u00eenmorm\u00e2ntat \u00een conspira\u021bie, dar acum aceast\u0103 lips\u0103 de nume este nejustificat\u0103!), dar \u0219i arhiepiscopul polonez de rit armean J\u00f3zef Teodorowicz, deputat \u00een Sejm-ul legislativ \u0219i senator al celei de-a doua Republici, care a deschis lucr\u0103rile Sejm-ului legislativ cu o predic\u0103 \u00een Catedrala Sf\u00e2ntul Ioan din Var\u0219ovia, la 10 februarie 1919. <\/em><\/p>\n\n\n\n<p><em>Parlamentarii celei de-a doua Republici Poloneze care se odihnesc dincolo de grani\u021bele \u021b\u0103rii merit\u0103 s\u0103 fie comemora\u021bi \u0219i \u00eengriji\u021bi \u00eentr-un mod special, astfel \u00eenc\u00e2t polonezii din diferite p\u0103r\u021bi ale lumii s\u0103 \u00eei poat\u0103 vizita, ei care se afl\u0103 pentru totdeauna dincolo de grani\u021bele patriei lor. Cinsti\u021bi-le memoria!<\/em><\/p>\n\n\n\n<figure class=\"wp-block-image\"><img loading=\"lazy\" decoding=\"async\" width=\"1024\" height=\"577\" src=\"https:\/\/marekkuchcinski.pl\/wp-content\/uploads\/2019\/12\/Bitschan-1024x577.jpg\" alt=\"\" class=\"wp-image-18043\" srcset=\"https:\/\/marekkuchcinski.pl\/wp-content\/uploads\/2019\/12\/Bitschan-1024x577.jpg 1024w, https:\/\/marekkuchcinski.pl\/wp-content\/uploads\/2019\/12\/Bitschan-300x169.jpg 300w, https:\/\/marekkuchcinski.pl\/wp-content\/uploads\/2019\/12\/Bitschan-768x433.jpg 768w, https:\/\/marekkuchcinski.pl\/wp-content\/uploads\/2019\/12\/Bitschan.jpg 2048w\" sizes=\"(max-width: 1024px) 100vw, 1024px\" \/><figcaption>Morm\u00e2ntul lui Jurek Bitschan<\/figcaption><\/figure>\n\n\n\n<figure class=\"wp-block-image\"><img loading=\"lazy\" decoding=\"async\" width=\"1024\" height=\"577\" src=\"https:\/\/marekkuchcinski.pl\/wp-content\/uploads\/2019\/12\/DSC02678-1024x577.jpg\" alt=\"\" class=\"wp-image-18007\" srcset=\"https:\/\/marekkuchcinski.pl\/wp-content\/uploads\/2019\/12\/DSC02678-1024x577.jpg 1024w, https:\/\/marekkuchcinski.pl\/wp-content\/uploads\/2019\/12\/DSC02678-300x169.jpg 300w, https:\/\/marekkuchcinski.pl\/wp-content\/uploads\/2019\/12\/DSC02678-768x433.jpg 768w, https:\/\/marekkuchcinski.pl\/wp-content\/uploads\/2019\/12\/DSC02678.jpg 2048w\" sizes=\"(max-width: 1024px) 100vw, 1024px\" \/><figcaption> Cartierul \"Compania de Fier\"<\/figcaption><\/figure>\n\n\n\n<figure class=\"wp-block-image\"><img loading=\"lazy\" decoding=\"async\" width=\"1024\" height=\"577\" src=\"https:\/\/marekkuchcinski.pl\/wp-content\/uploads\/2019\/12\/J\u00f3zef-Teodorowicz-1024x577.jpg\" alt=\"\" class=\"wp-image-18042\" srcset=\"https:\/\/marekkuchcinski.pl\/wp-content\/uploads\/2019\/12\/J\u00f3zef-Teodorowicz-1024x577.jpg 1024w, https:\/\/marekkuchcinski.pl\/wp-content\/uploads\/2019\/12\/J\u00f3zef-Teodorowicz-300x169.jpg 300w, https:\/\/marekkuchcinski.pl\/wp-content\/uploads\/2019\/12\/J\u00f3zef-Teodorowicz-768x433.jpg 768w, https:\/\/marekkuchcinski.pl\/wp-content\/uploads\/2019\/12\/J\u00f3zef-Teodorowicz.jpg 2048w\" sizes=\"(max-width: 1024px) 100vw, 1024px\" \/><figcaption>Morm\u00e2ntul lui J\u00f3zef Teodorowicz, deputat al celei de-a doua Republici Poloneze<\/figcaption><\/figure>\n\n\n\n<figure class=\"wp-block-image\"><img loading=\"lazy\" decoding=\"async\" width=\"577\" height=\"1024\" src=\"https:\/\/marekkuchcinski.pl\/wp-content\/uploads\/2019\/12\/Jan-Pieracki-577x1024.jpg\" alt=\"\" class=\"wp-image-18041\" srcset=\"https:\/\/marekkuchcinski.pl\/wp-content\/uploads\/2019\/12\/Jan-Pieracki-577x1024.jpg 577w, https:\/\/marekkuchcinski.pl\/wp-content\/uploads\/2019\/12\/Jan-Pieracki-169x300.jpg 169w, https:\/\/marekkuchcinski.pl\/wp-content\/uploads\/2019\/12\/Jan-Pieracki-768x1363.jpg 768w, https:\/\/marekkuchcinski.pl\/wp-content\/uploads\/2019\/12\/Jan-Pieracki.jpg 1154w\" sizes=\"(max-width: 577px) 100vw, 577px\" \/><figcaption> Morm\u00e2ntul lui Jan Pieracki, deputat al celei de-a doua Republici Poloneze <\/figcaption><\/figure>","protected":false},"excerpt":{"rendered":"<p>W dniach 28-29 listopada br., pose\u0142 Marek Kuchci\u0144ski, przewodnicz\u0105cy Karpackiego Zespo\u0142u Parlamentarnego bra\u0142 udzia\u0142 we \u00a0Lwowie wraz z Ministrem Infrastruktury Andrzejem Adamczykiem i delegacj\u0105 resortu, w rozmowach dotycz\u0105cych rozwoju infrastruktury oraz polsko-ukrai\u0144skich relacji gospodarczych. Podczas wizyty poruszono m. in. tematy po\u0142\u0105cze\u0144 drogowych z Ukrain\u0105, utworzenia po\u0142\u0105czenia szynobusowego Przemy\u015bl \u2013 Lw\u00f3w, przej\u015bcia kolejowego Ni\u017cankowice \u2013 Malhowice [&hellip;]<\/p>","protected":false},"author":15,"featured_media":18011,"comment_status":"open","ping_status":"open","sticky":false,"template":"","format":"standard","meta":{"ngg_post_thumbnail":0,"footnotes":""},"categories":[1,3],"tags":[],"class_list":["post-18002","post","type-post","status-publish","format-standard","has-post-thumbnail","hentry","category-bez-kategorii","category-wydarzenia"],"yoast_head":"<!-- This site is optimized with the Yoast SEO plugin v24.7 - https:\/\/yoast.com\/wordpress\/plugins\/seo\/ -->\n<title>Pose\u0142 Marek Kuchci\u0144ski z wizyt\u0105 we Lwowie &#8211; Marek Kuchci\u0144ski<\/title>\n<meta name=\"robots\" content=\"index, follow, max-snippet:-1, max-image-preview:large, max-video-preview:-1\" \/>\n<link rel=\"canonical\" href=\"https:\/\/marekkuchcinski.pl\/ro\/bez-kategorii\/posel-marek-kuchcinski-z-wizyta-we-lwowie\/\" \/>\n<meta property=\"og:locale\" content=\"ro_RO\" \/>\n<meta property=\"og:type\" content=\"article\" \/>\n<meta property=\"og:title\" content=\"Pose\u0142 Marek Kuchci\u0144ski z wizyt\u0105 we Lwowie &#8211; Marek Kuchci\u0144ski\" \/>\n<meta property=\"og:description\" content=\"W dniach 28-29 listopada br., pose\u0142 Marek Kuchci\u0144ski, przewodnicz\u0105cy Karpackiego Zespo\u0142u Parlamentarnego bra\u0142 udzia\u0142 we \u00a0Lwowie wraz z Ministrem Infrastruktury Andrzejem Adamczykiem i delegacj\u0105 resortu, w rozmowach dotycz\u0105cych rozwoju infrastruktury oraz polsko-ukrai\u0144skich relacji gospodarczych. Podczas wizyty poruszono m. in. tematy po\u0142\u0105cze\u0144 drogowych z Ukrain\u0105, utworzenia po\u0142\u0105czenia szynobusowego Przemy\u015bl \u2013 Lw\u00f3w, przej\u015bcia kolejowego Ni\u017cankowice \u2013 Malhowice [&hellip;]\" \/>\n<meta property=\"og:url\" content=\"https:\/\/marekkuchcinski.pl\/ro\/bez-kategorii\/posel-marek-kuchcinski-z-wizyta-we-lwowie\/\" \/>\n<meta property=\"og:site_name\" content=\"Marek Kuchci\u0144ski\" \/>\n<meta property=\"article:published_time\" content=\"2019-12-02T14:29:55+00:00\" \/>\n<meta property=\"article:modified_time\" content=\"2019-12-02T22:43:06+00:00\" \/>\n<meta property=\"og:image\" content=\"https:\/\/marekkuchcinski.pl\/wp-content\/uploads\/2019\/12\/rozmowy-z-deputowanymi-Lw\u00f3w.jpg\" \/>\n\t<meta property=\"og:image:width\" content=\"2048\" \/>\n\t<meta property=\"og:image:height\" content=\"1154\" \/>\n\t<meta property=\"og:image:type\" content=\"image\/jpeg\" \/>\n<meta name=\"author\" content=\"Andrzej Paniw\" \/>\n<meta name=\"twitter:card\" content=\"summary_large_image\" \/>\n<meta name=\"twitter:label1\" content=\"Scris de\" \/>\n\t<meta name=\"twitter:data1\" content=\"Andrzej Paniw\" \/>\n\t<meta name=\"twitter:label2\" content=\"Timp estimat pentru citire\" \/>\n\t<meta name=\"twitter:data2\" content=\"3 minutes\" \/>\n<script type=\"application\/ld+json\" class=\"yoast-schema-graph\">{\"@context\":\"https:\/\/schema.org\",\"@graph\":[{\"@type\":\"Article\",\"@id\":\"https:\/\/marekkuchcinski.pl\/bez-kategorii\/posel-marek-kuchcinski-z-wizyta-we-lwowie\/#article\",\"isPartOf\":{\"@id\":\"https:\/\/marekkuchcinski.pl\/bez-kategorii\/posel-marek-kuchcinski-z-wizyta-we-lwowie\/\"},\"author\":{\"name\":\"Andrzej Paniw\",\"@id\":\"https:\/\/marekkuchcinski.pl\/#\/schema\/person\/0346d7f21c9bed5cf4eed3231e9f59fa\"},\"headline\":\"Pose\u0142 Marek Kuchci\u0144ski z wizyt\u0105 we Lwowie\",\"datePublished\":\"2019-12-02T14:29:55+00:00\",\"dateModified\":\"2019-12-02T22:43:06+00:00\",\"mainEntityOfPage\":{\"@id\":\"https:\/\/marekkuchcinski.pl\/bez-kategorii\/posel-marek-kuchcinski-z-wizyta-we-lwowie\/\"},\"wordCount\":673,\"commentCount\":0,\"publisher\":{\"@id\":\"https:\/\/marekkuchcinski.pl\/#organization\"},\"image\":{\"@id\":\"https:\/\/marekkuchcinski.pl\/bez-kategorii\/posel-marek-kuchcinski-z-wizyta-we-lwowie\/#primaryimage\"},\"thumbnailUrl\":\"https:\/\/marekkuchcinski.pl\/wp-content\/uploads\/2019\/12\/rozmowy-z-deputowanymi-Lw\u00f3w.jpg\",\"articleSection\":[\"Bez kategorii\",\"Wydarzenia\"],\"inLanguage\":\"ro-RO\",\"potentialAction\":[{\"@type\":\"CommentAction\",\"name\":\"Comment\",\"target\":[\"https:\/\/marekkuchcinski.pl\/bez-kategorii\/posel-marek-kuchcinski-z-wizyta-we-lwowie\/#respond\"]}]},{\"@type\":\"WebPage\",\"@id\":\"https:\/\/marekkuchcinski.pl\/bez-kategorii\/posel-marek-kuchcinski-z-wizyta-we-lwowie\/\",\"url\":\"https:\/\/marekkuchcinski.pl\/bez-kategorii\/posel-marek-kuchcinski-z-wizyta-we-lwowie\/\",\"name\":\"Pose\u0142 Marek Kuchci\u0144ski z wizyt\u0105 we Lwowie &#8211; Marek Kuchci\u0144ski\",\"isPartOf\":{\"@id\":\"https:\/\/marekkuchcinski.pl\/#website\"},\"primaryImageOfPage\":{\"@id\":\"https:\/\/marekkuchcinski.pl\/bez-kategorii\/posel-marek-kuchcinski-z-wizyta-we-lwowie\/#primaryimage\"},\"image\":{\"@id\":\"https:\/\/marekkuchcinski.pl\/bez-kategorii\/posel-marek-kuchcinski-z-wizyta-we-lwowie\/#primaryimage\"},\"thumbnailUrl\":\"https:\/\/marekkuchcinski.pl\/wp-content\/uploads\/2019\/12\/rozmowy-z-deputowanymi-Lw\u00f3w.jpg\",\"datePublished\":\"2019-12-02T14:29:55+00:00\",\"dateModified\":\"2019-12-02T22:43:06+00:00\",\"breadcrumb\":{\"@id\":\"https:\/\/marekkuchcinski.pl\/bez-kategorii\/posel-marek-kuchcinski-z-wizyta-we-lwowie\/#breadcrumb\"},\"inLanguage\":\"ro-RO\",\"potentialAction\":[{\"@type\":\"ReadAction\",\"target\":[\"https:\/\/marekkuchcinski.pl\/bez-kategorii\/posel-marek-kuchcinski-z-wizyta-we-lwowie\/\"]}]},{\"@type\":\"ImageObject\",\"inLanguage\":\"ro-RO\",\"@id\":\"https:\/\/marekkuchcinski.pl\/bez-kategorii\/posel-marek-kuchcinski-z-wizyta-we-lwowie\/#primaryimage\",\"url\":\"https:\/\/marekkuchcinski.pl\/wp-content\/uploads\/2019\/12\/rozmowy-z-deputowanymi-Lw\u00f3w.jpg\",\"contentUrl\":\"https:\/\/marekkuchcinski.pl\/wp-content\/uploads\/2019\/12\/rozmowy-z-deputowanymi-Lw\u00f3w.jpg\",\"width\":2048,\"height\":1154},{\"@type\":\"BreadcrumbList\",\"@id\":\"https:\/\/marekkuchcinski.pl\/bez-kategorii\/posel-marek-kuchcinski-z-wizyta-we-lwowie\/#breadcrumb\",\"itemListElement\":[{\"@type\":\"ListItem\",\"position\":1,\"name\":\"Strona g\u0142\u00f3wna\",\"item\":\"https:\/\/marekkuchcinski.pl\/\"},{\"@type\":\"ListItem\",\"position\":2,\"name\":\"Pose\u0142 Marek Kuchci\u0144ski z wizyt\u0105 we Lwowie\"}]},{\"@type\":\"WebSite\",\"@id\":\"https:\/\/marekkuchcinski.pl\/#website\",\"url\":\"https:\/\/marekkuchcinski.pl\/\",\"name\":\"Marek Kuchci\u0144ski\",\"description\":\"Pose\u0142 na sejm RP &ndash; okr\u0119g nr 22\",\"publisher\":{\"@id\":\"https:\/\/marekkuchcinski.pl\/#organization\"},\"potentialAction\":[{\"@type\":\"SearchAction\",\"target\":{\"@type\":\"EntryPoint\",\"urlTemplate\":\"https:\/\/marekkuchcinski.pl\/?s={search_term_string}\"},\"query-input\":{\"@type\":\"PropertyValueSpecification\",\"valueRequired\":true,\"valueName\":\"search_term_string\"}}],\"inLanguage\":\"ro-RO\"},{\"@type\":\"Organization\",\"@id\":\"https:\/\/marekkuchcinski.pl\/#organization\",\"name\":\"Marek Kuchci\u0144ski\",\"url\":\"https:\/\/marekkuchcinski.pl\/\",\"logo\":{\"@type\":\"ImageObject\",\"inLanguage\":\"ro-RO\",\"@id\":\"https:\/\/marekkuchcinski.pl\/#\/schema\/logo\/image\/\",\"url\":\"https:\/\/marekkuchcinski.pl\/wp-content\/uploads\/2022\/09\/Marek.jpg\",\"contentUrl\":\"https:\/\/marekkuchcinski.pl\/wp-content\/uploads\/2022\/09\/Marek.jpg\",\"width\":1600,\"height\":971,\"caption\":\"Marek Kuchci\u0144ski\"},\"image\":{\"@id\":\"https:\/\/marekkuchcinski.pl\/#\/schema\/logo\/image\/\"}},{\"@type\":\"Person\",\"@id\":\"https:\/\/marekkuchcinski.pl\/#\/schema\/person\/0346d7f21c9bed5cf4eed3231e9f59fa\",\"name\":\"Andrzej Paniw\",\"image\":{\"@type\":\"ImageObject\",\"inLanguage\":\"ro-RO\",\"@id\":\"https:\/\/marekkuchcinski.pl\/#\/schema\/person\/image\/\",\"url\":\"https:\/\/secure.gravatar.com\/avatar\/b68f7f24be3be59e4e54b34ffa26bdeb?s=96&d=mm&r=g\",\"contentUrl\":\"https:\/\/secure.gravatar.com\/avatar\/b68f7f24be3be59e4e54b34ffa26bdeb?s=96&d=mm&r=g\",\"caption\":\"Andrzej Paniw\"},\"url\":\"https:\/\/marekkuchcinski.pl\/ro\/author\/andrzej-paniw\/\"}]}<\/script>\n<!-- \/ Yoast SEO plugin. -->","yoast_head_json":{"title":"Pose\u0142 Marek Kuchci\u0144ski z wizyt\u0105 we Lwowie &#8211; Marek Kuchci\u0144ski","robots":{"index":"index","follow":"follow","max-snippet":"max-snippet:-1","max-image-preview":"max-image-preview:large","max-video-preview":"max-video-preview:-1"},"canonical":"https:\/\/marekkuchcinski.pl\/ro\/bez-kategorii\/posel-marek-kuchcinski-z-wizyta-we-lwowie\/","og_locale":"ro_RO","og_type":"article","og_title":"Pose\u0142 Marek Kuchci\u0144ski z wizyt\u0105 we Lwowie &#8211; Marek Kuchci\u0144ski","og_description":"W dniach 28-29 listopada br., pose\u0142 Marek Kuchci\u0144ski, przewodnicz\u0105cy Karpackiego Zespo\u0142u Parlamentarnego bra\u0142 udzia\u0142 we \u00a0Lwowie wraz z Ministrem Infrastruktury Andrzejem Adamczykiem i delegacj\u0105 resortu, w rozmowach dotycz\u0105cych rozwoju infrastruktury oraz polsko-ukrai\u0144skich relacji gospodarczych. Podczas wizyty poruszono m. in. tematy po\u0142\u0105cze\u0144 drogowych z Ukrain\u0105, utworzenia po\u0142\u0105czenia szynobusowego Przemy\u015bl \u2013 Lw\u00f3w, przej\u015bcia kolejowego Ni\u017cankowice \u2013 Malhowice [&hellip;]","og_url":"https:\/\/marekkuchcinski.pl\/ro\/bez-kategorii\/posel-marek-kuchcinski-z-wizyta-we-lwowie\/","og_site_name":"Marek Kuchci\u0144ski","article_published_time":"2019-12-02T14:29:55+00:00","article_modified_time":"2019-12-02T22:43:06+00:00","og_image":[{"width":2048,"height":1154,"url":"https:\/\/marekkuchcinski.pl\/wp-content\/uploads\/2019\/12\/rozmowy-z-deputowanymi-Lw\u00f3w.jpg","type":"image\/jpeg"}],"author":"Andrzej Paniw","twitter_card":"summary_large_image","twitter_misc":{"Scris de":"Andrzej Paniw","Timp estimat pentru citire":"3 minutes"},"schema":{"@context":"https:\/\/schema.org","@graph":[{"@type":"Article","@id":"https:\/\/marekkuchcinski.pl\/bez-kategorii\/posel-marek-kuchcinski-z-wizyta-we-lwowie\/#article","isPartOf":{"@id":"https:\/\/marekkuchcinski.pl\/bez-kategorii\/posel-marek-kuchcinski-z-wizyta-we-lwowie\/"},"author":{"name":"Andrzej Paniw","@id":"https:\/\/marekkuchcinski.pl\/#\/schema\/person\/0346d7f21c9bed5cf4eed3231e9f59fa"},"headline":"Pose\u0142 Marek Kuchci\u0144ski z wizyt\u0105 we Lwowie","datePublished":"2019-12-02T14:29:55+00:00","dateModified":"2019-12-02T22:43:06+00:00","mainEntityOfPage":{"@id":"https:\/\/marekkuchcinski.pl\/bez-kategorii\/posel-marek-kuchcinski-z-wizyta-we-lwowie\/"},"wordCount":673,"commentCount":0,"publisher":{"@id":"https:\/\/marekkuchcinski.pl\/#organization"},"image":{"@id":"https:\/\/marekkuchcinski.pl\/bez-kategorii\/posel-marek-kuchcinski-z-wizyta-we-lwowie\/#primaryimage"},"thumbnailUrl":"https:\/\/marekkuchcinski.pl\/wp-content\/uploads\/2019\/12\/rozmowy-z-deputowanymi-Lw\u00f3w.jpg","articleSection":["Bez kategorii","Wydarzenia"],"inLanguage":"ro-RO","potentialAction":[{"@type":"CommentAction","name":"Comment","target":["https:\/\/marekkuchcinski.pl\/bez-kategorii\/posel-marek-kuchcinski-z-wizyta-we-lwowie\/#respond"]}]},{"@type":"WebPage","@id":"https:\/\/marekkuchcinski.pl\/bez-kategorii\/posel-marek-kuchcinski-z-wizyta-we-lwowie\/","url":"https:\/\/marekkuchcinski.pl\/bez-kategorii\/posel-marek-kuchcinski-z-wizyta-we-lwowie\/","name":"Pose\u0142 Marek Kuchci\u0144ski z wizyt\u0105 we Lwowie &#8211; Marek Kuchci\u0144ski","isPartOf":{"@id":"https:\/\/marekkuchcinski.pl\/#website"},"primaryImageOfPage":{"@id":"https:\/\/marekkuchcinski.pl\/bez-kategorii\/posel-marek-kuchcinski-z-wizyta-we-lwowie\/#primaryimage"},"image":{"@id":"https:\/\/marekkuchcinski.pl\/bez-kategorii\/posel-marek-kuchcinski-z-wizyta-we-lwowie\/#primaryimage"},"thumbnailUrl":"https:\/\/marekkuchcinski.pl\/wp-content\/uploads\/2019\/12\/rozmowy-z-deputowanymi-Lw\u00f3w.jpg","datePublished":"2019-12-02T14:29:55+00:00","dateModified":"2019-12-02T22:43:06+00:00","breadcrumb":{"@id":"https:\/\/marekkuchcinski.pl\/bez-kategorii\/posel-marek-kuchcinski-z-wizyta-we-lwowie\/#breadcrumb"},"inLanguage":"ro-RO","potentialAction":[{"@type":"ReadAction","target":["https:\/\/marekkuchcinski.pl\/bez-kategorii\/posel-marek-kuchcinski-z-wizyta-we-lwowie\/"]}]},{"@type":"ImageObject","inLanguage":"ro-RO","@id":"https:\/\/marekkuchcinski.pl\/bez-kategorii\/posel-marek-kuchcinski-z-wizyta-we-lwowie\/#primaryimage","url":"https:\/\/marekkuchcinski.pl\/wp-content\/uploads\/2019\/12\/rozmowy-z-deputowanymi-Lw\u00f3w.jpg","contentUrl":"https:\/\/marekkuchcinski.pl\/wp-content\/uploads\/2019\/12\/rozmowy-z-deputowanymi-Lw\u00f3w.jpg","width":2048,"height":1154},{"@type":"BreadcrumbList","@id":"https:\/\/marekkuchcinski.pl\/bez-kategorii\/posel-marek-kuchcinski-z-wizyta-we-lwowie\/#breadcrumb","itemListElement":[{"@type":"ListItem","position":1,"name":"Strona g\u0142\u00f3wna","item":"https:\/\/marekkuchcinski.pl\/"},{"@type":"ListItem","position":2,"name":"Pose\u0142 Marek Kuchci\u0144ski z wizyt\u0105 we Lwowie"}]},{"@type":"WebSite","@id":"https:\/\/marekkuchcinski.pl\/#website","url":"https:\/\/marekkuchcinski.pl\/","name":"Marek Kuchci\u0144ski","description":"Pose\u0142 na sejm RP &ndash; okr\u0119g nr 22","publisher":{"@id":"https:\/\/marekkuchcinski.pl\/#organization"},"potentialAction":[{"@type":"SearchAction","target":{"@type":"EntryPoint","urlTemplate":"https:\/\/marekkuchcinski.pl\/?s={search_term_string}"},"query-input":{"@type":"PropertyValueSpecification","valueRequired":true,"valueName":"search_term_string"}}],"inLanguage":"ro-RO"},{"@type":"Organization","@id":"https:\/\/marekkuchcinski.pl\/#organization","name":"Marek Kuchci\u0144ski","url":"https:\/\/marekkuchcinski.pl\/","logo":{"@type":"ImageObject","inLanguage":"ro-RO","@id":"https:\/\/marekkuchcinski.pl\/#\/schema\/logo\/image\/","url":"https:\/\/marekkuchcinski.pl\/wp-content\/uploads\/2022\/09\/Marek.jpg","contentUrl":"https:\/\/marekkuchcinski.pl\/wp-content\/uploads\/2022\/09\/Marek.jpg","width":1600,"height":971,"caption":"Marek Kuchci\u0144ski"},"image":{"@id":"https:\/\/marekkuchcinski.pl\/#\/schema\/logo\/image\/"}},{"@type":"Person","@id":"https:\/\/marekkuchcinski.pl\/#\/schema\/person\/0346d7f21c9bed5cf4eed3231e9f59fa","name":"Andrzej Paniw","image":{"@type":"ImageObject","inLanguage":"ro-RO","@id":"https:\/\/marekkuchcinski.pl\/#\/schema\/person\/image\/","url":"https:\/\/secure.gravatar.com\/avatar\/b68f7f24be3be59e4e54b34ffa26bdeb?s=96&d=mm&r=g","contentUrl":"https:\/\/secure.gravatar.com\/avatar\/b68f7f24be3be59e4e54b34ffa26bdeb?s=96&d=mm&r=g","caption":"Andrzej Paniw"},"url":"https:\/\/marekkuchcinski.pl\/ro\/author\/andrzej-paniw\/"}]}},"_links":{"self":[{"href":"https:\/\/marekkuchcinski.pl\/ro\/wp-json\/wp\/v2\/posts\/18002","targetHints":{"allow":["GET"]}}],"collection":[{"href":"https:\/\/marekkuchcinski.pl\/ro\/wp-json\/wp\/v2\/posts"}],"about":[{"href":"https:\/\/marekkuchcinski.pl\/ro\/wp-json\/wp\/v2\/types\/post"}],"author":[{"embeddable":true,"href":"https:\/\/marekkuchcinski.pl\/ro\/wp-json\/wp\/v2\/users\/15"}],"replies":[{"embeddable":true,"href":"https:\/\/marekkuchcinski.pl\/ro\/wp-json\/wp\/v2\/comments?post=18002"}],"version-history":[{"count":30,"href":"https:\/\/marekkuchcinski.pl\/ro\/wp-json\/wp\/v2\/posts\/18002\/revisions"}],"predecessor-version":[{"id":18050,"href":"https:\/\/marekkuchcinski.pl\/ro\/wp-json\/wp\/v2\/posts\/18002\/revisions\/18050"}],"wp:featuredmedia":[{"embeddable":true,"href":"https:\/\/marekkuchcinski.pl\/ro\/wp-json\/wp\/v2\/media\/18011"}],"wp:attachment":[{"href":"https:\/\/marekkuchcinski.pl\/ro\/wp-json\/wp\/v2\/media?parent=18002"}],"wp:term":[{"taxonomy":"category","embeddable":true,"href":"https:\/\/marekkuchcinski.pl\/ro\/wp-json\/wp\/v2\/categories?post=18002"},{"taxonomy":"post_tag","embeddable":true,"href":"https:\/\/marekkuchcinski.pl\/ro\/wp-json\/wp\/v2\/tags?post=18002"}],"curies":[{"name":"wp","href":"https:\/\/api.w.org\/{rel}","templated":true}]}}