{"id":17705,"date":"2019-10-06T21:26:08","date_gmt":"2019-10-06T19:26:08","guid":{"rendered":"https:\/\/marekkuchcinski.pl\/?p=17705"},"modified":"2019-10-06T22:43:32","modified_gmt":"2019-10-06T20:43:32","slug":"prezes-pis-na-podkarpaciu-nasza-wartoscia-jest-wiarygodnosc-wszystko-co-zostalo-zapowiedziane-zostalo-zrealizowane","status":"publish","type":"post","link":"https:\/\/marekkuchcinski.pl\/ro\/wydarzenia\/prezes-pis-na-podkarpaciu-nasza-wartoscia-jest-wiarygodnosc-wszystko-co-zostalo-zapowiedziane-zostalo-zrealizowane\/","title":{"rendered":"Pre\u0219edintele PiS din Podkarpacie: Valoarea noastr\u0103 este credibilitatea. Tot ceea ce a fost anun\u021bat a fost realizat"},"content":{"rendered":"<p><strong>Credibilitatea, egalitatea \u00een drepturi, libertatea, cre\u0219tinismul \u0219i cultura polonez\u0103 au fost valorile care au rezonat cel mai puternic \u00een timpul conven\u021biei Partidului Lege \u0219i Justi\u021bie din Krosno \u0219i Rzesz\u00f3w, \u00een regiunea Podkarpacie. At\u00e2t pre\u0219edintele partidului Lege \u0219i Justi\u021bie, Jaros\u0142aw Kaczy\u0144ski, c\u00e2t \u0219i liderul districtual Marek Kuchci\u0144ski au subliniat c\u0103, datorit\u0103 partidului de guvern\u0103m\u00e2nt, este posibil\u0103 o politic\u0103 de egalitate de \u0219anse \u0219i, prin urmare, o dezvoltare durabil\u0103 \u00een Polonia, \u00een special \u00een regiunile sale estice.<\/strong><\/p>\n\n\n\n<p>- \u00cen patru ani am ob\u021binut un lucru foarte elementar\nvaloare, ceva care nu are pre\u021b. Am c\u00e2\u0219tigat credibilitate\", a declarat pre\u0219edintele Lege \u0219i Justi\u021bie \u00een\nKrosno. - Tot ceea ce s-a anun\u021bat a fost realizat', a ad\u0103ugat el.\nJaros\u0142aw Kaczy\u0144ski a sus\u021binut c\u0103 p\u00e2n\u0103 acum nu a existat o civiliza\u021bie care s\u0103\ncare a tratat at\u00e2t de bine oamenii, care a dus la egalitatea de drepturi, care a introdus\nsolu\u021bii sociale, iar toate acestea au ap\u0103rut datorit\u0103 cre\u0219tinismului.<\/p>\n\n\n\n<p>Fostul prim-ministru a amintit c\u0103 guvernele Platformei Civice\na fost o perioad\u0103 pierdut\u0103 pentru Polonia. Timp de opt ani, \u021bara noastr\u0103, \u00een loc s\u0103 fie reformat\u0103,\na fost jefuit. El a dat asigur\u0103ri c\u0103, odat\u0103 cu continuarea actualei politici economice \u00een 14\nEl a dat asigur\u0103ri c\u0103, dac\u0103 se continu\u0103 actuala politic\u0103 economic\u0103, \u00een 14 ani am putea fi la un nivel mediu european.\nAcest lucru trebuie realizat, printre altele, prin cre\u0219terea salariilor \u0219i reducerea la minimum a poverii asupra antreprenorilor.<\/p>\n\n\n\n<p>- Sper c\u0103 aceast\u0103 mobilizare puternic\u0103 pe care ne-o ofer\u0103\nPre\u0219edintele Kaczy\u0144ski ne va \u00eencuraja \u0219i vom avea un rezultat mai bun dec\u00e2t la alegerile pentru\nPE. Aici am avut peste 65 la sut\u0103, locul doi \u00een Polonia\", \u0219i-a \u00eenceput discursul\nDeputatul Marek Kuchci\u0144ski.<\/p>\n\n\n\n<p>- Noi ne dezvolt\u0103m \u00een regiune, dar nu ar exista astfel de succese \u0219i\no astfel de dezvoltare a Podkarpacie dac\u0103 nu ar fi fost sprijinul Partidului Lege \u0219i Justi\u021bie \u0219i faptul c\u0103 suntem capabili s\u0103\njuc\u0103m ca o echip\u0103, suntem o singur\u0103 echip\u0103\", a declarat Marek Kuchci\u0144ski.<\/p>\n\n\n\n<p>Fostul pre\u0219edinte al Sejm-ului a sus\u021binut, de asemenea, c\u0103 cooperarea dintre administra\u021bia local\u0103 \u0219i guvernul de la Var\u0219ovia produce rezultate excelente. Unul dintre acestea, care se dore\u0219te a fi un impuls uria\u0219 pentru dezvoltarea regiunii, este ruta de transport Via Carpathia. - \u00cei dator\u0103m acest drum lui Lech Kaczy\u0144ski. \u00cen opinia mea, domnule pre\u0219edinte, ar trebui s\u0103 poarte numele lui Lech Kaczy\u0144ski\", a declarat Kuchci\u0144ski.<\/p>\n\n\n\n<p>Exist\u0103 multe alte realiz\u0103ri care sprijin\u0103 dezvoltarea durabil\u0103 \u0219i sporesc atractivitatea economic\u0103 a regiunii Podkarpackie. Ca s\u0103 men\u021bionez doar c\u00e2teva:<\/p>\n\n\n\n<ul class=\"wp-block-list\"><li>reconstruc\u021bia fabricii de vagoane PKP din Gniewczyna<\/li><li>reconstruc\u021bia industriei de gaze, petrol \u0219i produse chimice (exemplificat\u0103 prin salvarea \u0219i extinderea rafin\u0103riilor din Jas\u0142o \u0219i Jedlicze) <\/li><li>decizia de a construi rezervorul K\u0105ty-Myscowa (pentru a asigura o mai mare siguran\u021b\u0103 nu numai \u00eempotriva inunda\u021biilor, ci \u0219i \u00een ceea ce prive\u0219te resursele de ap\u0103 potabil\u0103 din regiunea Subcarpatic\u0103)<\/li><li>dezvoltarea companiei Autosan din Sanok (\u00een urm\u0103torii patru ani, compania grupului PGZ va produce 1.500 de vehicule electrice) <\/li><li>\u00cenfiin\u021barea PKP CARGO TERMINALS \u00een \u017burawica <\/li><li>un amplu program guvernamental pentru Bieszczady, care include construirea unui centru sportiv central, a unei telecabine peste barajul Solina sau o \u00eembun\u0103t\u0103\u021bire cuprinz\u0103toare a siguran\u021bei \u0219i a valorii peisagistice a drumurilor din voievodatul Bieszczady. <\/li><\/ul>\n\n\n\n<p><em>mo<\/em><\/p>\n\n\n\n<p> surs\u0103 foto: <a rel=\"noreferrer noopener\" target=\"_blank\" href=\"http:\/\/fb.com\/pisorgpl\">Fb.com\/pisorgpl<\/a><\/p>\n\n\n\n<figure class=\"wp-block-image\"><img fetchpriority=\"high\" decoding=\"async\" width=\"960\" height=\"640\" src=\"https:\/\/marekkuchcinski.pl\/wp-content\/uploads\/2019\/10\/72358198_10156183707537132_7346391167233163264_n-1.jpg\" alt=\"\" class=\"wp-image-17714\" srcset=\"https:\/\/marekkuchcinski.pl\/wp-content\/uploads\/2019\/10\/72358198_10156183707537132_7346391167233163264_n-1.jpg 960w, https:\/\/marekkuchcinski.pl\/wp-content\/uploads\/2019\/10\/72358198_10156183707537132_7346391167233163264_n-1-300x200.jpg 300w, https:\/\/marekkuchcinski.pl\/wp-content\/uploads\/2019\/10\/72358198_10156183707537132_7346391167233163264_n-1-768x512.jpg 768w\" sizes=\"(max-width: 960px) 100vw, 960px\" \/><\/figure>\n\n\n\n<ul class=\"wp-block-gallery columns-1 is-cropped wp-block-gallery-1 is-layout-flex wp-block-gallery-is-layout-flex\"><li class=\"blocks-gallery-item\"><figure><img decoding=\"async\" width=\"960\" height=\"640\" src=\"https:\/\/marekkuchcinski.pl\/wp-content\/uploads\/2019\/10\/71187665_10156183707317132_7276050945933312000_n.jpg\" alt=\"\" data-id=\"17706\" data-link=\"https:\/\/marekkuchcinski.pl\/?attachment_id=17706\" class=\"wp-image-17706\" srcset=\"https:\/\/marekkuchcinski.pl\/wp-content\/uploads\/2019\/10\/71187665_10156183707317132_7276050945933312000_n.jpg 960w, https:\/\/marekkuchcinski.pl\/wp-content\/uploads\/2019\/10\/71187665_10156183707317132_7276050945933312000_n-300x200.jpg 300w, https:\/\/marekkuchcinski.pl\/wp-content\/uploads\/2019\/10\/71187665_10156183707317132_7276050945933312000_n-768x512.jpg 768w\" sizes=\"(max-width: 960px) 100vw, 960px\" \/><\/figure><\/li><li class=\"blocks-gallery-item\"><figure><img decoding=\"async\" width=\"960\" height=\"640\" src=\"https:\/\/marekkuchcinski.pl\/wp-content\/uploads\/2019\/10\/71657149_10156183709082132_5416286431242878976_n.jpg\" alt=\"\" data-id=\"17707\" data-link=\"https:\/\/marekkuchcinski.pl\/?attachment_id=17707\" class=\"wp-image-17707\" srcset=\"https:\/\/marekkuchcinski.pl\/wp-content\/uploads\/2019\/10\/71657149_10156183709082132_5416286431242878976_n.jpg 960w, https:\/\/marekkuchcinski.pl\/wp-content\/uploads\/2019\/10\/71657149_10156183709082132_5416286431242878976_n-300x200.jpg 300w, https:\/\/marekkuchcinski.pl\/wp-content\/uploads\/2019\/10\/71657149_10156183709082132_5416286431242878976_n-768x512.jpg 768w\" sizes=\"(max-width: 960px) 100vw, 960px\" \/><\/figure><\/li><li class=\"blocks-gallery-item\"><figure><img loading=\"lazy\" decoding=\"async\" width=\"960\" height=\"640\" src=\"https:\/\/marekkuchcinski.pl\/wp-content\/uploads\/2019\/10\/71772230_10156183708777132_3604944563258523648_n.jpg\" alt=\"\" data-id=\"17708\" data-link=\"https:\/\/marekkuchcinski.pl\/?attachment_id=17708\" class=\"wp-image-17708\" srcset=\"https:\/\/marekkuchcinski.pl\/wp-content\/uploads\/2019\/10\/71772230_10156183708777132_3604944563258523648_n.jpg 960w, https:\/\/marekkuchcinski.pl\/wp-content\/uploads\/2019\/10\/71772230_10156183708777132_3604944563258523648_n-300x200.jpg 300w, https:\/\/marekkuchcinski.pl\/wp-content\/uploads\/2019\/10\/71772230_10156183708777132_3604944563258523648_n-768x512.jpg 768w\" sizes=\"(max-width: 960px) 100vw, 960px\" \/><\/figure><\/li><li class=\"blocks-gallery-item\"><figure><img loading=\"lazy\" decoding=\"async\" width=\"960\" height=\"640\" src=\"https:\/\/marekkuchcinski.pl\/wp-content\/uploads\/2019\/10\/72282718_10156183707022132_8212227608847319040_n.jpg\" alt=\"\" data-id=\"17709\" data-link=\"https:\/\/marekkuchcinski.pl\/?attachment_id=17709\" class=\"wp-image-17709\" srcset=\"https:\/\/marekkuchcinski.pl\/wp-content\/uploads\/2019\/10\/72282718_10156183707022132_8212227608847319040_n.jpg 960w, https:\/\/marekkuchcinski.pl\/wp-content\/uploads\/2019\/10\/72282718_10156183707022132_8212227608847319040_n-300x200.jpg 300w, https:\/\/marekkuchcinski.pl\/wp-content\/uploads\/2019\/10\/72282718_10156183707022132_8212227608847319040_n-768x512.jpg 768w\" sizes=\"(max-width: 960px) 100vw, 960px\" \/><\/figure><\/li><li class=\"blocks-gallery-item\"><figure><img loading=\"lazy\" decoding=\"async\" width=\"960\" height=\"640\" src=\"https:\/\/marekkuchcinski.pl\/wp-content\/uploads\/2019\/10\/72318557_10156183708692132_9002073537690730496_n.jpg\" alt=\"\" data-id=\"17710\" data-link=\"https:\/\/marekkuchcinski.pl\/?attachment_id=17710\" class=\"wp-image-17710\" srcset=\"https:\/\/marekkuchcinski.pl\/wp-content\/uploads\/2019\/10\/72318557_10156183708692132_9002073537690730496_n.jpg 960w, https:\/\/marekkuchcinski.pl\/wp-content\/uploads\/2019\/10\/72318557_10156183708692132_9002073537690730496_n-300x200.jpg 300w, https:\/\/marekkuchcinski.pl\/wp-content\/uploads\/2019\/10\/72318557_10156183708692132_9002073537690730496_n-768x512.jpg 768w\" sizes=\"(max-width: 960px) 100vw, 960px\" \/><\/figure><\/li><li class=\"blocks-gallery-item\"><figure><img loading=\"lazy\" decoding=\"async\" width=\"640\" height=\"480\" src=\"https:\/\/marekkuchcinski.pl\/wp-content\/uploads\/2019\/10\/72183905_2388678484783670_7404339536005693440_n-1.jpg\" alt=\"\" data-id=\"17716\" data-link=\"https:\/\/marekkuchcinski.pl\/?attachment_id=17716\" class=\"wp-image-17716\" srcset=\"https:\/\/marekkuchcinski.pl\/wp-content\/uploads\/2019\/10\/72183905_2388678484783670_7404339536005693440_n-1.jpg 640w, https:\/\/marekkuchcinski.pl\/wp-content\/uploads\/2019\/10\/72183905_2388678484783670_7404339536005693440_n-1-300x225.jpg 300w\" sizes=\"(max-width: 640px) 100vw, 640px\" \/><\/figure><\/li><\/ul>\n\n\n\n<p>\u00cenainte de conven\u021bia electoral\u0103, parlamentarii de la Lege \u0219i Justi\u021bie au participat la o slujb\u0103 pentru patrie la Sanctuarul Sf\u00e2ntului Andrei Bobola din Strachocina, l\u00e2ng\u0103 Sanok.<\/p>\n\n\n\n<figure class=\"wp-block-image\"><img loading=\"lazy\" decoding=\"async\" width=\"640\" height=\"380\" src=\"https:\/\/marekkuchcinski.pl\/wp-content\/uploads\/2019\/10\/PSX_20191006_124148-1.jpg\" alt=\"\" class=\"wp-image-17720\" srcset=\"https:\/\/marekkuchcinski.pl\/wp-content\/uploads\/2019\/10\/PSX_20191006_124148-1.jpg 640w, https:\/\/marekkuchcinski.pl\/wp-content\/uploads\/2019\/10\/PSX_20191006_124148-1-300x178.jpg 300w\" sizes=\"(max-width: 640px) 100vw, 640px\" \/><\/figure>\n\n\n\n<figure class=\"wp-block-image\"><img loading=\"lazy\" decoding=\"async\" width=\"522\" height=\"382\" src=\"https:\/\/marekkuchcinski.pl\/wp-content\/uploads\/2019\/10\/PSX_20191006_131229-1.jpg\" alt=\"\" class=\"wp-image-17721\" srcset=\"https:\/\/marekkuchcinski.pl\/wp-content\/uploads\/2019\/10\/PSX_20191006_131229-1.jpg 522w, https:\/\/marekkuchcinski.pl\/wp-content\/uploads\/2019\/10\/PSX_20191006_131229-1-300x220.jpg 300w\" sizes=\"(max-width: 522px) 100vw, 522px\" \/><\/figure>","protected":false},"excerpt":{"rendered":"<p>Wiarygodno\u015b\u0107, r\u00f3wnouprawnienie, wolno\u015b\u0107, chrze\u015bcija\u0144stwo, polska kultura to warto\u015bci, kt\u00f3re najmocniej wybrzmia\u0142y podczas konwencji Prawa i Sprawiedliwo\u015bci w Kro\u015bnie i Rzeszowie na Podkarpaciu. Zar\u00f3wno prezes PiS Jaros\u0142aw Kaczy\u0144ski, jak i lider okr\u0119gu Marek Kuchci\u0144ski podkre\u015blali, \u017ce dzi\u0119ki partii rz\u0105dz\u0105cej mo\u017cliwa jest polityka r\u00f3wnych szans, a co za tym idzie \u2013 zr\u00f3wnowa\u017cony rozw\u00f3j Polski, szczeg\u00f3lnie jej wschodnich [&hellip;]<\/p>","protected":false},"author":6,"featured_media":17727,"comment_status":"open","ping_status":"open","sticky":false,"template":"","format":"standard","meta":{"ngg_post_thumbnail":0,"footnotes":""},"categories":[49,82,3],"tags":[],"class_list":["post-17705","post","type-post","status-publish","format-standard","has-post-thumbnail","hentry","category-podkarpacie","category-prawo-i-sprawiedliwosc","category-wydarzenia"],"yoast_head":"<!-- This site is optimized with the Yoast SEO plugin v24.7 - https:\/\/yoast.com\/wordpress\/plugins\/seo\/ -->\n<title>Prezes PiS na Podkarpaciu: Nasz\u0105 warto\u015bci\u0105 jest wiarygodno\u015b\u0107. Wszystko, co zosta\u0142o zapowiedziane, zosta\u0142o zrealizowane &#8211; Marek Kuchci\u0144ski<\/title>\n<meta name=\"robots\" content=\"index, follow, max-snippet:-1, max-image-preview:large, max-video-preview:-1\" \/>\n<link rel=\"canonical\" href=\"https:\/\/marekkuchcinski.pl\/ro\/wydarzenia\/prezes-pis-na-podkarpaciu-nasza-wartoscia-jest-wiarygodnosc-wszystko-co-zostalo-zapowiedziane-zostalo-zrealizowane\/\" \/>\n<meta property=\"og:locale\" content=\"ro_RO\" \/>\n<meta property=\"og:type\" content=\"article\" \/>\n<meta property=\"og:title\" content=\"Prezes PiS na Podkarpaciu: Nasz\u0105 warto\u015bci\u0105 jest wiarygodno\u015b\u0107. Wszystko, co zosta\u0142o zapowiedziane, zosta\u0142o zrealizowane &#8211; Marek Kuchci\u0144ski\" \/>\n<meta property=\"og:description\" content=\"Wiarygodno\u015b\u0107, r\u00f3wnouprawnienie, wolno\u015b\u0107, chrze\u015bcija\u0144stwo, polska kultura to warto\u015bci, kt\u00f3re najmocniej wybrzmia\u0142y podczas konwencji Prawa i Sprawiedliwo\u015bci w Kro\u015bnie i Rzeszowie na Podkarpaciu. Zar\u00f3wno prezes PiS Jaros\u0142aw Kaczy\u0144ski, jak i lider okr\u0119gu Marek Kuchci\u0144ski podkre\u015blali, \u017ce dzi\u0119ki partii rz\u0105dz\u0105cej mo\u017cliwa jest polityka r\u00f3wnych szans, a co za tym idzie \u2013 zr\u00f3wnowa\u017cony rozw\u00f3j Polski, szczeg\u00f3lnie jej wschodnich [&hellip;]\" \/>\n<meta property=\"og:url\" content=\"https:\/\/marekkuchcinski.pl\/ro\/wydarzenia\/prezes-pis-na-podkarpaciu-nasza-wartoscia-jest-wiarygodnosc-wszystko-co-zostalo-zapowiedziane-zostalo-zrealizowane\/\" \/>\n<meta property=\"og:site_name\" content=\"Marek Kuchci\u0144ski\" \/>\n<meta property=\"article:published_time\" content=\"2019-10-06T19:26:08+00:00\" \/>\n<meta property=\"article:modified_time\" content=\"2019-10-06T20:43:32+00:00\" \/>\n<meta property=\"og:image\" content=\"https:\/\/marekkuchcinski.pl\/wp-content\/uploads\/2019\/10\/1-71187665_10156183707317132_7276050945933312000_n-003.jpg\" \/>\n\t<meta property=\"og:image:width\" content=\"755\" \/>\n\t<meta property=\"og:image:height\" content=\"474\" \/>\n\t<meta property=\"og:image:type\" content=\"image\/jpeg\" \/>\n<meta name=\"author\" content=\"admin\" \/>\n<meta name=\"twitter:card\" content=\"summary_large_image\" \/>\n<meta name=\"twitter:label1\" content=\"Scris de\" \/>\n\t<meta name=\"twitter:data1\" content=\"admin\" \/>\n\t<meta name=\"twitter:label2\" content=\"Timp estimat pentru citire\" \/>\n\t<meta name=\"twitter:data2\" content=\"3 minutes\" \/>\n<script type=\"application\/ld+json\" class=\"yoast-schema-graph\">{\"@context\":\"https:\/\/schema.org\",\"@graph\":[{\"@type\":\"Article\",\"@id\":\"https:\/\/marekkuchcinski.pl\/wydarzenia\/prezes-pis-na-podkarpaciu-nasza-wartoscia-jest-wiarygodnosc-wszystko-co-zostalo-zapowiedziane-zostalo-zrealizowane\/#article\",\"isPartOf\":{\"@id\":\"https:\/\/marekkuchcinski.pl\/wydarzenia\/prezes-pis-na-podkarpaciu-nasza-wartoscia-jest-wiarygodnosc-wszystko-co-zostalo-zapowiedziane-zostalo-zrealizowane\/\"},\"author\":{\"name\":\"admin\",\"@id\":\"https:\/\/marekkuchcinski.pl\/#\/schema\/person\/6f62700996b4d950b6ea2d1183b6c6be\"},\"headline\":\"Prezes PiS na Podkarpaciu: Nasz\u0105 warto\u015bci\u0105 jest wiarygodno\u015b\u0107. Wszystko, co zosta\u0142o zapowiedziane, zosta\u0142o zrealizowane\",\"datePublished\":\"2019-10-06T19:26:08+00:00\",\"dateModified\":\"2019-10-06T20:43:32+00:00\",\"mainEntityOfPage\":{\"@id\":\"https:\/\/marekkuchcinski.pl\/wydarzenia\/prezes-pis-na-podkarpaciu-nasza-wartoscia-jest-wiarygodnosc-wszystko-co-zostalo-zapowiedziane-zostalo-zrealizowane\/\"},\"wordCount\":541,\"commentCount\":0,\"publisher\":{\"@id\":\"https:\/\/marekkuchcinski.pl\/#organization\"},\"image\":{\"@id\":\"https:\/\/marekkuchcinski.pl\/wydarzenia\/prezes-pis-na-podkarpaciu-nasza-wartoscia-jest-wiarygodnosc-wszystko-co-zostalo-zapowiedziane-zostalo-zrealizowane\/#primaryimage\"},\"thumbnailUrl\":\"https:\/\/marekkuchcinski.pl\/wp-content\/uploads\/2019\/10\/1-71187665_10156183707317132_7276050945933312000_n-003.jpg\",\"articleSection\":[\"Podkarpacie\",\"Prawo i Sprawiedliwo\u015b\u0107\",\"Wydarzenia\"],\"inLanguage\":\"ro-RO\",\"potentialAction\":[{\"@type\":\"CommentAction\",\"name\":\"Comment\",\"target\":[\"https:\/\/marekkuchcinski.pl\/wydarzenia\/prezes-pis-na-podkarpaciu-nasza-wartoscia-jest-wiarygodnosc-wszystko-co-zostalo-zapowiedziane-zostalo-zrealizowane\/#respond\"]}]},{\"@type\":\"WebPage\",\"@id\":\"https:\/\/marekkuchcinski.pl\/wydarzenia\/prezes-pis-na-podkarpaciu-nasza-wartoscia-jest-wiarygodnosc-wszystko-co-zostalo-zapowiedziane-zostalo-zrealizowane\/\",\"url\":\"https:\/\/marekkuchcinski.pl\/wydarzenia\/prezes-pis-na-podkarpaciu-nasza-wartoscia-jest-wiarygodnosc-wszystko-co-zostalo-zapowiedziane-zostalo-zrealizowane\/\",\"name\":\"Prezes PiS na Podkarpaciu: Nasz\u0105 warto\u015bci\u0105 jest wiarygodno\u015b\u0107. Wszystko, co zosta\u0142o zapowiedziane, zosta\u0142o zrealizowane &#8211; Marek Kuchci\u0144ski\",\"isPartOf\":{\"@id\":\"https:\/\/marekkuchcinski.pl\/#website\"},\"primaryImageOfPage\":{\"@id\":\"https:\/\/marekkuchcinski.pl\/wydarzenia\/prezes-pis-na-podkarpaciu-nasza-wartoscia-jest-wiarygodnosc-wszystko-co-zostalo-zapowiedziane-zostalo-zrealizowane\/#primaryimage\"},\"image\":{\"@id\":\"https:\/\/marekkuchcinski.pl\/wydarzenia\/prezes-pis-na-podkarpaciu-nasza-wartoscia-jest-wiarygodnosc-wszystko-co-zostalo-zapowiedziane-zostalo-zrealizowane\/#primaryimage\"},\"thumbnailUrl\":\"https:\/\/marekkuchcinski.pl\/wp-content\/uploads\/2019\/10\/1-71187665_10156183707317132_7276050945933312000_n-003.jpg\",\"datePublished\":\"2019-10-06T19:26:08+00:00\",\"dateModified\":\"2019-10-06T20:43:32+00:00\",\"breadcrumb\":{\"@id\":\"https:\/\/marekkuchcinski.pl\/wydarzenia\/prezes-pis-na-podkarpaciu-nasza-wartoscia-jest-wiarygodnosc-wszystko-co-zostalo-zapowiedziane-zostalo-zrealizowane\/#breadcrumb\"},\"inLanguage\":\"ro-RO\",\"potentialAction\":[{\"@type\":\"ReadAction\",\"target\":[\"https:\/\/marekkuchcinski.pl\/wydarzenia\/prezes-pis-na-podkarpaciu-nasza-wartoscia-jest-wiarygodnosc-wszystko-co-zostalo-zapowiedziane-zostalo-zrealizowane\/\"]}]},{\"@type\":\"ImageObject\",\"inLanguage\":\"ro-RO\",\"@id\":\"https:\/\/marekkuchcinski.pl\/wydarzenia\/prezes-pis-na-podkarpaciu-nasza-wartoscia-jest-wiarygodnosc-wszystko-co-zostalo-zapowiedziane-zostalo-zrealizowane\/#primaryimage\",\"url\":\"https:\/\/marekkuchcinski.pl\/wp-content\/uploads\/2019\/10\/1-71187665_10156183707317132_7276050945933312000_n-003.jpg\",\"contentUrl\":\"https:\/\/marekkuchcinski.pl\/wp-content\/uploads\/2019\/10\/1-71187665_10156183707317132_7276050945933312000_n-003.jpg\",\"width\":755,\"height\":474},{\"@type\":\"BreadcrumbList\",\"@id\":\"https:\/\/marekkuchcinski.pl\/wydarzenia\/prezes-pis-na-podkarpaciu-nasza-wartoscia-jest-wiarygodnosc-wszystko-co-zostalo-zapowiedziane-zostalo-zrealizowane\/#breadcrumb\",\"itemListElement\":[{\"@type\":\"ListItem\",\"position\":1,\"name\":\"Strona g\u0142\u00f3wna\",\"item\":\"https:\/\/marekkuchcinski.pl\/\"},{\"@type\":\"ListItem\",\"position\":2,\"name\":\"Prezes PiS na Podkarpaciu: Nasz\u0105 warto\u015bci\u0105 jest wiarygodno\u015b\u0107. Wszystko, co zosta\u0142o zapowiedziane, zosta\u0142o zrealizowane\"}]},{\"@type\":\"WebSite\",\"@id\":\"https:\/\/marekkuchcinski.pl\/#website\",\"url\":\"https:\/\/marekkuchcinski.pl\/\",\"name\":\"Marek Kuchci\u0144ski\",\"description\":\"Pose\u0142 na sejm RP &ndash; okr\u0119g nr 22\",\"publisher\":{\"@id\":\"https:\/\/marekkuchcinski.pl\/#organization\"},\"potentialAction\":[{\"@type\":\"SearchAction\",\"target\":{\"@type\":\"EntryPoint\",\"urlTemplate\":\"https:\/\/marekkuchcinski.pl\/?s={search_term_string}\"},\"query-input\":{\"@type\":\"PropertyValueSpecification\",\"valueRequired\":true,\"valueName\":\"search_term_string\"}}],\"inLanguage\":\"ro-RO\"},{\"@type\":\"Organization\",\"@id\":\"https:\/\/marekkuchcinski.pl\/#organization\",\"name\":\"Marek Kuchci\u0144ski\",\"url\":\"https:\/\/marekkuchcinski.pl\/\",\"logo\":{\"@type\":\"ImageObject\",\"inLanguage\":\"ro-RO\",\"@id\":\"https:\/\/marekkuchcinski.pl\/#\/schema\/logo\/image\/\",\"url\":\"https:\/\/marekkuchcinski.pl\/wp-content\/uploads\/2022\/09\/Marek.jpg\",\"contentUrl\":\"https:\/\/marekkuchcinski.pl\/wp-content\/uploads\/2022\/09\/Marek.jpg\",\"width\":1600,\"height\":971,\"caption\":\"Marek Kuchci\u0144ski\"},\"image\":{\"@id\":\"https:\/\/marekkuchcinski.pl\/#\/schema\/logo\/image\/\"}},{\"@type\":\"Person\",\"@id\":\"https:\/\/marekkuchcinski.pl\/#\/schema\/person\/6f62700996b4d950b6ea2d1183b6c6be\",\"name\":\"admin\",\"image\":{\"@type\":\"ImageObject\",\"inLanguage\":\"ro-RO\",\"@id\":\"https:\/\/marekkuchcinski.pl\/#\/schema\/person\/image\/\",\"url\":\"https:\/\/secure.gravatar.com\/avatar\/4bab693b9d55c3d6b52c0296a8765085?s=96&d=mm&r=g\",\"contentUrl\":\"https:\/\/secure.gravatar.com\/avatar\/4bab693b9d55c3d6b52c0296a8765085?s=96&d=mm&r=g\",\"caption\":\"admin\"},\"url\":\"https:\/\/marekkuchcinski.pl\/ro\/author\/marta-olejnik\/\"}]}<\/script>\n<!-- \/ Yoast SEO plugin. -->","yoast_head_json":{"title":"Prezes PiS na Podkarpaciu: Nasz\u0105 warto\u015bci\u0105 jest wiarygodno\u015b\u0107. Wszystko, co zosta\u0142o zapowiedziane, zosta\u0142o zrealizowane &#8211; Marek Kuchci\u0144ski","robots":{"index":"index","follow":"follow","max-snippet":"max-snippet:-1","max-image-preview":"max-image-preview:large","max-video-preview":"max-video-preview:-1"},"canonical":"https:\/\/marekkuchcinski.pl\/ro\/wydarzenia\/prezes-pis-na-podkarpaciu-nasza-wartoscia-jest-wiarygodnosc-wszystko-co-zostalo-zapowiedziane-zostalo-zrealizowane\/","og_locale":"ro_RO","og_type":"article","og_title":"Prezes PiS na Podkarpaciu: Nasz\u0105 warto\u015bci\u0105 jest wiarygodno\u015b\u0107. Wszystko, co zosta\u0142o zapowiedziane, zosta\u0142o zrealizowane &#8211; Marek Kuchci\u0144ski","og_description":"Wiarygodno\u015b\u0107, r\u00f3wnouprawnienie, wolno\u015b\u0107, chrze\u015bcija\u0144stwo, polska kultura to warto\u015bci, kt\u00f3re najmocniej wybrzmia\u0142y podczas konwencji Prawa i Sprawiedliwo\u015bci w Kro\u015bnie i Rzeszowie na Podkarpaciu. Zar\u00f3wno prezes PiS Jaros\u0142aw Kaczy\u0144ski, jak i lider okr\u0119gu Marek Kuchci\u0144ski podkre\u015blali, \u017ce dzi\u0119ki partii rz\u0105dz\u0105cej mo\u017cliwa jest polityka r\u00f3wnych szans, a co za tym idzie \u2013 zr\u00f3wnowa\u017cony rozw\u00f3j Polski, szczeg\u00f3lnie jej wschodnich [&hellip;]","og_url":"https:\/\/marekkuchcinski.pl\/ro\/wydarzenia\/prezes-pis-na-podkarpaciu-nasza-wartoscia-jest-wiarygodnosc-wszystko-co-zostalo-zapowiedziane-zostalo-zrealizowane\/","og_site_name":"Marek Kuchci\u0144ski","article_published_time":"2019-10-06T19:26:08+00:00","article_modified_time":"2019-10-06T20:43:32+00:00","og_image":[{"width":755,"height":474,"url":"https:\/\/marekkuchcinski.pl\/wp-content\/uploads\/2019\/10\/1-71187665_10156183707317132_7276050945933312000_n-003.jpg","type":"image\/jpeg"}],"author":"admin","twitter_card":"summary_large_image","twitter_misc":{"Scris de":"admin","Timp estimat pentru citire":"3 minutes"},"schema":{"@context":"https:\/\/schema.org","@graph":[{"@type":"Article","@id":"https:\/\/marekkuchcinski.pl\/wydarzenia\/prezes-pis-na-podkarpaciu-nasza-wartoscia-jest-wiarygodnosc-wszystko-co-zostalo-zapowiedziane-zostalo-zrealizowane\/#article","isPartOf":{"@id":"https:\/\/marekkuchcinski.pl\/wydarzenia\/prezes-pis-na-podkarpaciu-nasza-wartoscia-jest-wiarygodnosc-wszystko-co-zostalo-zapowiedziane-zostalo-zrealizowane\/"},"author":{"name":"admin","@id":"https:\/\/marekkuchcinski.pl\/#\/schema\/person\/6f62700996b4d950b6ea2d1183b6c6be"},"headline":"Prezes PiS na Podkarpaciu: Nasz\u0105 warto\u015bci\u0105 jest wiarygodno\u015b\u0107. Wszystko, co zosta\u0142o zapowiedziane, zosta\u0142o zrealizowane","datePublished":"2019-10-06T19:26:08+00:00","dateModified":"2019-10-06T20:43:32+00:00","mainEntityOfPage":{"@id":"https:\/\/marekkuchcinski.pl\/wydarzenia\/prezes-pis-na-podkarpaciu-nasza-wartoscia-jest-wiarygodnosc-wszystko-co-zostalo-zapowiedziane-zostalo-zrealizowane\/"},"wordCount":541,"commentCount":0,"publisher":{"@id":"https:\/\/marekkuchcinski.pl\/#organization"},"image":{"@id":"https:\/\/marekkuchcinski.pl\/wydarzenia\/prezes-pis-na-podkarpaciu-nasza-wartoscia-jest-wiarygodnosc-wszystko-co-zostalo-zapowiedziane-zostalo-zrealizowane\/#primaryimage"},"thumbnailUrl":"https:\/\/marekkuchcinski.pl\/wp-content\/uploads\/2019\/10\/1-71187665_10156183707317132_7276050945933312000_n-003.jpg","articleSection":["Podkarpacie","Prawo i Sprawiedliwo\u015b\u0107","Wydarzenia"],"inLanguage":"ro-RO","potentialAction":[{"@type":"CommentAction","name":"Comment","target":["https:\/\/marekkuchcinski.pl\/wydarzenia\/prezes-pis-na-podkarpaciu-nasza-wartoscia-jest-wiarygodnosc-wszystko-co-zostalo-zapowiedziane-zostalo-zrealizowane\/#respond"]}]},{"@type":"WebPage","@id":"https:\/\/marekkuchcinski.pl\/wydarzenia\/prezes-pis-na-podkarpaciu-nasza-wartoscia-jest-wiarygodnosc-wszystko-co-zostalo-zapowiedziane-zostalo-zrealizowane\/","url":"https:\/\/marekkuchcinski.pl\/wydarzenia\/prezes-pis-na-podkarpaciu-nasza-wartoscia-jest-wiarygodnosc-wszystko-co-zostalo-zapowiedziane-zostalo-zrealizowane\/","name":"Prezes PiS na Podkarpaciu: Nasz\u0105 warto\u015bci\u0105 jest wiarygodno\u015b\u0107. Wszystko, co zosta\u0142o zapowiedziane, zosta\u0142o zrealizowane &#8211; Marek Kuchci\u0144ski","isPartOf":{"@id":"https:\/\/marekkuchcinski.pl\/#website"},"primaryImageOfPage":{"@id":"https:\/\/marekkuchcinski.pl\/wydarzenia\/prezes-pis-na-podkarpaciu-nasza-wartoscia-jest-wiarygodnosc-wszystko-co-zostalo-zapowiedziane-zostalo-zrealizowane\/#primaryimage"},"image":{"@id":"https:\/\/marekkuchcinski.pl\/wydarzenia\/prezes-pis-na-podkarpaciu-nasza-wartoscia-jest-wiarygodnosc-wszystko-co-zostalo-zapowiedziane-zostalo-zrealizowane\/#primaryimage"},"thumbnailUrl":"https:\/\/marekkuchcinski.pl\/wp-content\/uploads\/2019\/10\/1-71187665_10156183707317132_7276050945933312000_n-003.jpg","datePublished":"2019-10-06T19:26:08+00:00","dateModified":"2019-10-06T20:43:32+00:00","breadcrumb":{"@id":"https:\/\/marekkuchcinski.pl\/wydarzenia\/prezes-pis-na-podkarpaciu-nasza-wartoscia-jest-wiarygodnosc-wszystko-co-zostalo-zapowiedziane-zostalo-zrealizowane\/#breadcrumb"},"inLanguage":"ro-RO","potentialAction":[{"@type":"ReadAction","target":["https:\/\/marekkuchcinski.pl\/wydarzenia\/prezes-pis-na-podkarpaciu-nasza-wartoscia-jest-wiarygodnosc-wszystko-co-zostalo-zapowiedziane-zostalo-zrealizowane\/"]}]},{"@type":"ImageObject","inLanguage":"ro-RO","@id":"https:\/\/marekkuchcinski.pl\/wydarzenia\/prezes-pis-na-podkarpaciu-nasza-wartoscia-jest-wiarygodnosc-wszystko-co-zostalo-zapowiedziane-zostalo-zrealizowane\/#primaryimage","url":"https:\/\/marekkuchcinski.pl\/wp-content\/uploads\/2019\/10\/1-71187665_10156183707317132_7276050945933312000_n-003.jpg","contentUrl":"https:\/\/marekkuchcinski.pl\/wp-content\/uploads\/2019\/10\/1-71187665_10156183707317132_7276050945933312000_n-003.jpg","width":755,"height":474},{"@type":"BreadcrumbList","@id":"https:\/\/marekkuchcinski.pl\/wydarzenia\/prezes-pis-na-podkarpaciu-nasza-wartoscia-jest-wiarygodnosc-wszystko-co-zostalo-zapowiedziane-zostalo-zrealizowane\/#breadcrumb","itemListElement":[{"@type":"ListItem","position":1,"name":"Strona g\u0142\u00f3wna","item":"https:\/\/marekkuchcinski.pl\/"},{"@type":"ListItem","position":2,"name":"Prezes PiS na Podkarpaciu: Nasz\u0105 warto\u015bci\u0105 jest wiarygodno\u015b\u0107. Wszystko, co zosta\u0142o zapowiedziane, zosta\u0142o zrealizowane"}]},{"@type":"WebSite","@id":"https:\/\/marekkuchcinski.pl\/#website","url":"https:\/\/marekkuchcinski.pl\/","name":"Marek Kuchci\u0144ski","description":"Pose\u0142 na sejm RP &ndash; okr\u0119g nr 22","publisher":{"@id":"https:\/\/marekkuchcinski.pl\/#organization"},"potentialAction":[{"@type":"SearchAction","target":{"@type":"EntryPoint","urlTemplate":"https:\/\/marekkuchcinski.pl\/?s={search_term_string}"},"query-input":{"@type":"PropertyValueSpecification","valueRequired":true,"valueName":"search_term_string"}}],"inLanguage":"ro-RO"},{"@type":"Organization","@id":"https:\/\/marekkuchcinski.pl\/#organization","name":"Marek Kuchci\u0144ski","url":"https:\/\/marekkuchcinski.pl\/","logo":{"@type":"ImageObject","inLanguage":"ro-RO","@id":"https:\/\/marekkuchcinski.pl\/#\/schema\/logo\/image\/","url":"https:\/\/marekkuchcinski.pl\/wp-content\/uploads\/2022\/09\/Marek.jpg","contentUrl":"https:\/\/marekkuchcinski.pl\/wp-content\/uploads\/2022\/09\/Marek.jpg","width":1600,"height":971,"caption":"Marek Kuchci\u0144ski"},"image":{"@id":"https:\/\/marekkuchcinski.pl\/#\/schema\/logo\/image\/"}},{"@type":"Person","@id":"https:\/\/marekkuchcinski.pl\/#\/schema\/person\/6f62700996b4d950b6ea2d1183b6c6be","name":"admin","image":{"@type":"ImageObject","inLanguage":"ro-RO","@id":"https:\/\/marekkuchcinski.pl\/#\/schema\/person\/image\/","url":"https:\/\/secure.gravatar.com\/avatar\/4bab693b9d55c3d6b52c0296a8765085?s=96&d=mm&r=g","contentUrl":"https:\/\/secure.gravatar.com\/avatar\/4bab693b9d55c3d6b52c0296a8765085?s=96&d=mm&r=g","caption":"admin"},"url":"https:\/\/marekkuchcinski.pl\/ro\/author\/marta-olejnik\/"}]}},"_links":{"self":[{"href":"https:\/\/marekkuchcinski.pl\/ro\/wp-json\/wp\/v2\/posts\/17705","targetHints":{"allow":["GET"]}}],"collection":[{"href":"https:\/\/marekkuchcinski.pl\/ro\/wp-json\/wp\/v2\/posts"}],"about":[{"href":"https:\/\/marekkuchcinski.pl\/ro\/wp-json\/wp\/v2\/types\/post"}],"author":[{"embeddable":true,"href":"https:\/\/marekkuchcinski.pl\/ro\/wp-json\/wp\/v2\/users\/6"}],"replies":[{"embeddable":true,"href":"https:\/\/marekkuchcinski.pl\/ro\/wp-json\/wp\/v2\/comments?post=17705"}],"version-history":[{"count":12,"href":"https:\/\/marekkuchcinski.pl\/ro\/wp-json\/wp\/v2\/posts\/17705\/revisions"}],"predecessor-version":[{"id":17734,"href":"https:\/\/marekkuchcinski.pl\/ro\/wp-json\/wp\/v2\/posts\/17705\/revisions\/17734"}],"wp:featuredmedia":[{"embeddable":true,"href":"https:\/\/marekkuchcinski.pl\/ro\/wp-json\/wp\/v2\/media\/17727"}],"wp:attachment":[{"href":"https:\/\/marekkuchcinski.pl\/ro\/wp-json\/wp\/v2\/media?parent=17705"}],"wp:term":[{"taxonomy":"category","embeddable":true,"href":"https:\/\/marekkuchcinski.pl\/ro\/wp-json\/wp\/v2\/categories?post=17705"},{"taxonomy":"post_tag","embeddable":true,"href":"https:\/\/marekkuchcinski.pl\/ro\/wp-json\/wp\/v2\/tags?post=17705"}],"curies":[{"name":"wp","href":"https:\/\/api.w.org\/{rel}","templated":true}]}}