{"id":17594,"date":"2019-09-16T22:14:35","date_gmt":"2019-09-16T20:14:35","guid":{"rendered":"https:\/\/marekkuchcinski.pl\/?p=17594"},"modified":"2019-09-17T08:48:34","modified_gmt":"2019-09-17T06:48:34","slug":"piatka-dla-podkarpacia","status":"publish","type":"post","link":"https:\/\/marekkuchcinski.pl\/ro\/wydarzenia\/piatka-dla-podkarpacia\/","title":{"rendered":"Cinci+ pentru Podkarpackie"},"content":{"rendered":"<p class=\"wp-block-paragraph\"><\/p>\n\n\n\n<p class=\"wp-block-paragraph\" style=\"text-align:left\"> La 14 septembrie 2019, la Rzesz\u00f3w a avut loc o reuniune a Consiliului Regional de Drept \u0219i Justi\u021bie din Podkarpackie. A fost prezentat \"Cinci+ pentru Podkarpacie\" - rezultatul cooper\u0103rii dintre Consiliul Regional, Clubul Consilierilor de Drept \u0219i Justi\u021bie (PiS) din Adunarea Voievodal\u0103 Podkarpackie, Consiliul Voievodal Podkarpackie \u0219i Consiliile Districtuale 22 \u0219i 23.<br><\/p>\n\n\n\n<p class=\"wp-block-paragraph\">\"Cinci + pentru Podkarpacie\" este o dezvoltare a a\u0219a-numitului \"Cinci Morawiecki pentru Podkarpacie\", anun\u021bat \u00een timpul alegerilor locale din 2018. Acesta avanseaz\u0103 propuneri de extindere a m\u0103surilor de dezvoltare a regiunii noastre prin noi investi\u021bii \u0219i extinderea celor existente, \u00een ceea ce prive\u0219te:<\/p>\n\n\n\n<p class=\"wp-block-paragraph\">- Infrastructura rutier\u0103;<br>- Linii de cale ferat\u0103;<br>- Programul Housing+;<br>- Protec\u021bia \u00eempotriva inunda\u021biilor;<br>- Programul pentru Mun\u021bii Bieszczady.<\/p>\n\n\n\n<p class=\"wp-block-paragraph\">Detaliile sunt incluse \u00eentr-o prezentare a mare\u0219alului de Podkarpackie, W\u0142adys\u0142aw Ortyl.<br><\/p>\n\n\n\n<figure class=\"wp-block-image\"><img fetchpriority=\"high\" decoding=\"async\" width=\"1024\" height=\"669\" src=\"https:\/\/marekkuchcinski.pl\/wp-content\/uploads\/2019\/09\/20190916_213348-1024x669.jpg\" alt=\"\" class=\"wp-image-17595\" srcset=\"https:\/\/marekkuchcinski.pl\/wp-content\/uploads\/2019\/09\/20190916_213348-1024x669.jpg 1024w, https:\/\/marekkuchcinski.pl\/wp-content\/uploads\/2019\/09\/20190916_213348-300x196.jpg 300w, https:\/\/marekkuchcinski.pl\/wp-content\/uploads\/2019\/09\/20190916_213348-768x502.jpg 768w, https:\/\/marekkuchcinski.pl\/wp-content\/uploads\/2019\/09\/20190916_213348.jpg 2048w\" sizes=\"(max-width: 1024px) 100vw, 1024px\" \/><\/figure>\n\n\n\n<figure class=\"wp-block-image\"><img decoding=\"async\" width=\"1024\" height=\"658\" src=\"https:\/\/marekkuchcinski.pl\/wp-content\/uploads\/2019\/09\/20190914_120829-1024x658.jpg\" alt=\"\" class=\"wp-image-17596\" srcset=\"https:\/\/marekkuchcinski.pl\/wp-content\/uploads\/2019\/09\/20190914_120829-1024x658.jpg 1024w, https:\/\/marekkuchcinski.pl\/wp-content\/uploads\/2019\/09\/20190914_120829-300x193.jpg 300w, https:\/\/marekkuchcinski.pl\/wp-content\/uploads\/2019\/09\/20190914_120829-768x494.jpg 768w, https:\/\/marekkuchcinski.pl\/wp-content\/uploads\/2019\/09\/20190914_120829.jpg 2048w\" sizes=\"(max-width: 1024px) 100vw, 1024px\" \/><\/figure>\n\n\n\n<div class=\"wp-block-file\"><a href=\"https:\/\/marekkuchcinski.pl\/wp-content\/uploads\/2019\/09\/Pi\u0105tka-plus-prezentacja-12.09.2019-skonwertowany.pdf\">Cinci-plus-prezentare<\/a><a href=\"https:\/\/marekkuchcinski.pl\/wp-content\/uploads\/2019\/09\/Pi\u0105tka-plus-prezentacja-12.09.2019-skonwertowany.pdf\" class=\"wp-block-file__button\" download>Desc\u0103rca\u021bi<\/a><\/div>","protected":false},"excerpt":{"rendered":"<p>W dniu 14 wrze\u015bnia 2019 r. w Rzeszowie odby\u0142o si\u0119 spotkanie Podkarpackiej Rady Regionalnej Prawa i Sprawiedliwo\u015bci. Przedstawiona zosta\u0142a &#8222;Pi\u0105tka+ dla Podkarpacia&#8221; &#8211; efekt wsp\u00f3\u0142pracy Rady Regionalnej, Klubu Radnych PiS w Sejmiku Wojew\u00f3dztwa Podkarpackiego, Zarz\u0105du Wojew\u00f3dztwa Podkarpackiego oraz Zarz\u0105d\u00f3w Okr\u0119gowych nr 22 i 23. &#8222;Pi\u0105tka + dla Podkarpacia&#8221; \u00a0jest rozwini\u0119ciem tzw. Pi\u0105tki Morawieckiego dla Podkarpacia, [&hellip;]<\/p>\n","protected":false},"author":15,"featured_media":0,"comment_status":"open","ping_status":"open","sticky":false,"template":"","format":"standard","meta":{"ngg_post_thumbnail":0,"footnotes":""},"categories":[49,3],"tags":[],"class_list":["post-17594","post","type-post","status-publish","format-standard","hentry","category-podkarpacie","category-wydarzenia"],"_links":{"self":[{"href":"https:\/\/marekkuchcinski.pl\/ro\/wp-json\/wp\/v2\/posts\/17594","targetHints":{"allow":["GET"]}}],"collection":[{"href":"https:\/\/marekkuchcinski.pl\/ro\/wp-json\/wp\/v2\/posts"}],"about":[{"href":"https:\/\/marekkuchcinski.pl\/ro\/wp-json\/wp\/v2\/types\/post"}],"author":[{"embeddable":true,"href":"https:\/\/marekkuchcinski.pl\/ro\/wp-json\/wp\/v2\/users\/15"}],"replies":[{"embeddable":true,"href":"https:\/\/marekkuchcinski.pl\/ro\/wp-json\/wp\/v2\/comments?post=17594"}],"version-history":[{"count":7,"href":"https:\/\/marekkuchcinski.pl\/ro\/wp-json\/wp\/v2\/posts\/17594\/revisions"}],"predecessor-version":[{"id":17609,"href":"https:\/\/marekkuchcinski.pl\/ro\/wp-json\/wp\/v2\/posts\/17594\/revisions\/17609"}],"wp:attachment":[{"href":"https:\/\/marekkuchcinski.pl\/ro\/wp-json\/wp\/v2\/media?parent=17594"}],"wp:term":[{"taxonomy":"category","embeddable":true,"href":"https:\/\/marekkuchcinski.pl\/ro\/wp-json\/wp\/v2\/categories?post=17594"},{"taxonomy":"post_tag","embeddable":true,"href":"https:\/\/marekkuchcinski.pl\/ro\/wp-json\/wp\/v2\/tags?post=17594"}],"curies":[{"name":"wp","href":"https:\/\/api.w.org\/{rel}","templated":true}]}}