{"id":17563,"date":"2019-09-12T15:48:18","date_gmt":"2019-09-12T13:48:18","guid":{"rendered":"https:\/\/marekkuchcinski.pl\/?p=17563"},"modified":"2022-09-02T15:24:44","modified_gmt":"2022-09-02T13:24:44","slug":"marek-kuchcinski-idea-europy-karpat-czerpie-z-potencjalu-unikalnej-przestrzeni-ciagnacej-sie-liczacym-ponad-tysiac-kilometrow-lukiem-dotykajacym-podnoza-alp-ktory-od-stuleci-umozliwial-wspolprace-n","status":"publish","type":"post","link":"https:\/\/marekkuchcinski.pl\/ro\/wydarzenia\/marek-kuchcinski-idea-europy-karpat-czerpie-z-potencjalu-unikalnej-przestrzeni-ciagnacej-sie-liczacym-ponad-tysiac-kilometrow-lukiem-dotykajacym-podnoza-alp-ktory-od-stuleci-umozliwial-wspolprace-n\/","title":{"rendered":"Marek Kuchci\u0144ski: Idea Europy Karpat czerpie z potencja\u0142u unikalnej przestrzeni, ci\u0105gn\u0105cej si\u0119 licz\u0105cym ponad tysi\u0105c kilometr\u00f3w \u0142ukiem dotykaj\u0105cym podn\u00f3\u017ca Alp, kt\u00f3ry od stuleci umo\u017cliwia\u0142 wsp\u00f3\u0142prac\u0119 narod\u00f3w i pa\u0144stw niejednokrotnie tworz\u0105cych wielkie pot\u0119gi"},"content":{"rendered":"<p class=\"wp-block-paragraph\"><strong>Z okazji 25. edycji Konferencji Europa Karpat, organizowanej w ramach Forum Ekonomicznego w Krynicy, wydawnictwo sejmowe przygotowa\u0142o ksi\u0105\u017ck\u0119 b\u0119d\u0105c\u0105 zbiorem my\u015bli polityk\u00f3w i uczonych ze s\u0142owem wst\u0119pnym tw\u00f3rcy inicjatywy Marka Kuchci\u0144skiego<\/strong>.<\/p>\n\n\n\n<p class=\"wp-block-paragraph\"><strong>S\u0142owo wst\u0119pne<\/strong><\/p>\n\n\n\n<p class=\"wp-block-paragraph\">W g\u00f3rach nie czujemy granic. W\ng\u00f3rach szuka si\u0119 wolno\u015bci. W g\u00f3rach istnieje oczywi\u015bcie rywalizacja, ale\ndotyczy ona wyznaczonego celu, nie przeciwnika. Tym celem dla cz\u0142owieka jest\nprzede wszystkim poszukiwanie harmonii, r\u00f3wnowagi i godnego \u017cycia w naszej do\u015b\u0107\nskomplikowanej geopolitycznej przestrzeni \u015brodkowoeuropejskiej. Je\u015bli wi\u0119c\ncz\u0142owiek w naturalny spos\u00f3b d\u0105\u017cy do zr\u00f3wnowa\u017conego rozwoju, poszukuj\u0105c\nr\u00f3wnowagi mi\u0119dzy ekonomi\u0105 i ekologi\u0105, kt\u00f3ra inspirowa\u0142aby do tw\u00f3rczego\ndzia\u0142ania \u2013 umacnia swe zdolno\u015bci do my\u015blenia kategoriami wielu pokole\u0144. A ca\u0142e\nspo\u0142eczno\u015bci, \u201ekonserwuj\u0105c\u201d dziedzictwo przodk\u00f3w, buduj\u0105 poczucie \u015bwiadomo\u015bci\nnarodowej bardziej w oparciu o wymiar etyczny, ani\u017celi o wzrost gospodarczy czy\nzaspokajanie podstawowych potrzeb. Z tak\u0105 postaw\u0105 \u015bci\u015ble wi\u0105\u017ce si\u0119 troska o\nzachowanie wielokulturowo\u015bci i bior\u00f3\u017cnorodno\u015bci Karpat, o czyste powietrze czy\no najbardziej strategiczny surowiec, jakim w przysz\u0142o\u015bci b\u0119dzie woda pitna.\nBurzenie jest \u0142atwe i szybkie, budowanie \u2013 powolne i wymagaj\u0105ce wsp\u00f3\u0142dzia\u0142ania.\nW\u0142a\u015bnie w kategoriach przysz\u0142o\u015bci pokole\u0144 ka\u017cdy z nas powinien by\u0107 nastawiony\nna wsp\u00f3\u0142prac\u0119 z innymi lud\u017ami. Potrzebujemy czasu i przestrzeni, aby budowa\u0107\nwzajemne zaufanie. Jak r\u00f3wni z r\u00f3wnymi i wolni z wolnymi.<\/p>\n\n\n\n<p class=\"wp-block-paragraph\">Idea \u201eEuropy Karpat\u201d czerpie\nw\u0142a\u015bnie z tego rodzaju my\u015blenia. Czerpie z potencja\u0142u tej unikalnej\nprzestrzeni, ci\u0105gn\u0105cej si\u0119 licz\u0105cym ponad tysi\u0105c kilometr\u00f3w \u0142ukiem dotykaj\u0105cym\npodn\u00f3\u017ca Alp we wschodniej Austrii oraz Ba\u0142kan\u00f3w w po\u0142udniowej cz\u0119\u015bci Europy.\n\u0141ukiem, kt\u00f3ry od stuleci umo\u017cliwia\u0142 wsp\u00f3\u0142prac\u0119 narod\u00f3w i pa\u0144stw tworz\u0105cych\nnieraz wielkie pot\u0119gi. Jest to te\u017c rodzinna ziemia wielu niezwyk\u0142ych ludzi,\nkt\u00f3rzy wywarli ogromny wp\u0142yw na kszta\u0142t naszej cywilizacji, jak Henri Coand\u0103 z\nBukaresztu czy Siergiej Korolow z \u017bytomierza, kt\u00f3rych odrzutowe statki pokona\u0142y\ngranic\u0119 d\u017awi\u0119ku i ziemskiej grawitacji; jak Ignacy \u0141ukasiewicz z Podkarpacia\nczy Jan Szczepanik z Mo\u015bcisk, zwany polskim Edisonem \u2013 odpowiednio: pionierzy\nprzemys\u0142u naftowego i fotografii barwnej, tkactwa i telewizji; jak Nikola Tesla,\ngenialny chorwacki Serb \u2013 cz\u0142owiek, kt\u00f3ry ujarzmi\u0142 energi\u0119 elektryczn\u0105,\nkonstruuj\u0105c silnik elektryczny i bateri\u0119 s\u0142oneczn\u0105; jak Otto Wichterle, czeski\nchemik z Pro\u015bciejowa, bez kt\u00f3rego tworzyw sztucznych trudno by\u0142oby sobie\nwyobrazi\u0107 dzisiejsz\u0105 odzie\u017c; czy Albert Szent-Gy\u00f6rgyi z Budapesztu, odkrywca\nwitamin C i P.<\/p>\n\n\n\n<p class=\"wp-block-paragraph\">Nie mieliby\u015bmy s\u0142ynnej kostki\nRubika, gdyby nie wymy\u015bli\u0142 jej w\u0119gierski architekt Rubik Ern\u0151, nie mieliby\u015bmy\nte\u017c Nagrody Pulitzera, gdyby nie ustanowi\u0142 jej w USA W\u0119gier J\u00f3zef Pulitzer. Nie\nmieliby\u015bmy maszyny do pisania dla niewidomych, gdyby nie stworzy\u0142 jej Kempelen\nFarkas z Bratys\u0142awy. A mamy jeszcze wielkich tw\u00f3rc\u00f3w, kt\u00f3rych dzie\u0142a wzbogacaj\u0105\nduchowe \u017cycie ludzi na ca\u0142ym globie. W\u015br\u00f3d nich s\u0105 genialni kompozytorzy:\nFryderyk Chopin, B\u00e9la Bart\u00f3k, Ferenc Liszt, Anton\u00edn Dvo\u0159\u00e1k, urodzony na\nMorawach Gustav Mahler, Zolt\u00e1n Kod\u00e1ly oraz kompozytorzy wsp\u00f3\u0142cze\u015bni Henryk\nMiko\u0142aj G\u00f3recki i Krzysztof Penderecki. \u015awiatowe znaczenie uzyskali r\u00f3wnie\u017c\ntw\u00f3rcy sztuk plastycznych: Kazimierz Malewicz, Andy Warhol, Constantin\nBr\u00e2ncu\u0219i. Literatur\u0119 \u015bwiatow\u0105 na trwa\u0142e wzbogacili pochodz\u0105cy z regionu Karpat\npisarze i my\u015bliciele: Martin Buber, Paul Celan, Mircea Eliade, Zbigniew\nHerbert, Eug\u00e8ne Ionesco, Stanis\u0142aw Lem, S\u00e1ndor M\u00e1rai, Bruno Schulz i wielu\ninnych, jak na przyk\u0142ad \u017cyj\u0105cy w Czechach Franz Kafka, Jaroslav Ha\u0161ek, Bohumil\nHrabal i Milan Kundera. Mamy bohater\u00f3w najnowszej historii takich jak J\u00f3zsef\nAntall i Henryk S\u0142awik, czy m\u0119czennik\u00f3w jak Ryszard Siwiec, Jan Palach, S\u00e1ndor\nBauer lub ostatni polityczny wi\u0119zie\u0144 Gu\u0142agu Wasyl Stus, dla kt\u00f3rych wolno\u015b\u0107\ncz\u0142owieka by\u0142a najwi\u0119ksz\u0105 warto\u015bci\u0105. Przede wszystkim pami\u0119tajmy, \u017ce z Wadowic,\nmiasta po\u0142o\u017conego u st\u00f3p Karpat, pochodzi\u0142 \u015bwi\u0119ty Jan Pawe\u0142 II \u2013 tw\u00f3rca\nkoncepcji i propagator cywilizacji mi\u0142o\u015bci, bezcennego projektu mog\u0105cego\nprzezwyci\u0119\u017cy\u0107 liczne konflikty wstrz\u0105saj\u0105ce ludzko\u015bci\u0105 XXI wieku, projektu\nwywodz\u0105cego si\u0119 z warto\u015bci kieruj\u0105cych \u017cyciem ludzi regionu karpackiego.<\/p>\n\n\n\n<p class=\"wp-block-paragraph\">Wielki jest intelektualny\npotencja\u0142 naszego regionu, przypomnijmy tylko nast\u0119puj\u0105cy fakt \u2013 narody istniej\u0105ce\nw przestrzeni od Ba\u0142tyku po Adriatyk, ofiarowa\u0142y \u015bwiatu 56 laureat\u00f3w Nagrody\nNobla.<\/p>\n\n\n\n<p class=\"wp-block-paragraph\">Konferencja \u201eEuropa Karpat\u201d to od\nlat miejsce spotka\u0144 i dyskusji ludzi, kt\u00f3rzy chc\u0105 swobodnie rozmawia\u0107 zar\u00f3wno o\nzachowaniu unikalnego bogactwa kultury, przyrody i sposob\u00f3w gospodarowania, jak\ni o pracy nad kolejnymi inicjatywami s\u0142u\u017c\u0105cymi rozwojowi pa\u0144stw naszego regionu\nw \u015bwiecie globalnej rywalizacji, o inicjatywie Tr\u00f3jmorza; o NATO i\nbezpiecze\u0144stwie; o Unii Europejskiej w kontek\u015bcie problem\u00f3w, wyzwa\u0144 i mo\u017cliwo\u015bci,\nprzed kt\u00f3rymi obecnie stoi w wielu obszarach swojej dzia\u0142alno\u015bci; o\nzagadnieniach aksjologicznych naszej cywilizacji; strategiach i rozwoju\ngospodarczym; nowych perspektywach wsp\u00f3\u0142pracy naukowej pa\u0144stw karpackich \u2013 to\ntylko niekt\u00f3re z temat\u00f3w poruszanych na naszych konferencjach.<\/p>\n\n\n\n<p class=\"wp-block-paragraph\">Konferencja Europa Karpat doczeka\u0142a si\u0119 dot\u0105d XXV edycji. Wielu jej uczestnik\u00f3w, w tym przedstawicieli parlament\u00f3w europejskich, pozna\u0142o pa\u0144stwa naszego regionu przez jej pryzmat \u2013 otwartej agory, miejsca spotka\u0144 i rozm\u00f3w, wytyczania cel\u00f3w i szukania porozumie\u0144. Europa Karpat rozbudza ciekawo\u015b\u0107 wobec s\u0105siad\u00f3w i t\u0119 ciekawo\u015b\u0107 zaspokaja podczas kolejnych spotka\u0144 w Krasiczynie, Regietowie i Krynicy.<\/p>\n\n\n\n<div class=\"wp-block-file\"><a href=\"https:\/\/marekkuchcinski.pl\/wp-content\/uploads\/2019\/11\/EK_PL_2019_.pdf\">\u201eEuropa Karpat\u201d K_PL_2019_<\/a><a href=\"https:\/\/marekkuchcinski.pl\/wp-content\/uploads\/2019\/11\/EK_PL_2019_.pdf\" class=\"wp-block-file__button\" download>Pobierz<\/a><\/div>\n\n\n\n<figure class=\"wp-block-image\"><img fetchpriority=\"high\" decoding=\"async\" width=\"1024\" height=\"741\" src=\"https:\/\/marekkuchcinski.pl\/wp-content\/uploads\/2019\/09\/mg\u00f3ry-1-1024x741.jpg\" alt=\"\" class=\"wp-image-17572\" srcset=\"\" sizes=\"(max-width: 1024px) 100vw, 1024px\" data-srcset=\"\" \/><\/figure>\n\n\n\n<figure class=\"wp-block-image\"><img decoding=\"async\" width=\"1024\" height=\"978\" src=\"https:\/\/marekkuchcinski.pl\/wp-content\/uploads\/2019\/09\/Jas\u0142o-1024x978.png\" alt=\"\" class=\"wp-image-17574\" srcset=\"\" sizes=\"(max-width: 1024px) 100vw, 1024px\" data-srcset=\"\" \/><figcaption>Bieszczady, Du\u017ce Jas\u0142o<\/figcaption><\/figure>","protected":false},"excerpt":{"rendered":"<p>Z okazji 25. edycji Konferencji Europa Karpat, organizowanej w ramach Forum Ekonomicznego w Krynicy, wydawnictwo sejmowe przygotowa\u0142o ksi\u0105\u017ck\u0119 b\u0119d\u0105c\u0105 zbiorem my\u015bli polityk\u00f3w i uczonych ze s\u0142owem wst\u0119pnym tw\u00f3rcy inicjatywy Marka Kuchci\u0144skiego. S\u0142owo wst\u0119pne W g\u00f3rach nie czujemy granic. W g\u00f3rach szuka si\u0119 wolno\u015bci. W g\u00f3rach istnieje oczywi\u015bcie rywalizacja, ale dotyczy ona wyznaczonego celu, nie przeciwnika. [&hellip;]<\/p>\n","protected":false},"author":1,"featured_media":17571,"comment_status":"open","ping_status":"open","sticky":false,"template":"","format":"standard","meta":{"ngg_post_thumbnail":0,"footnotes":""},"categories":[78,196,50,3],"tags":[],"class_list":["post-17563","post","type-post","status-publish","format-standard","has-post-thumbnail","hentry","category-europa-karpat","category-publikacje","category-wspolpraca-miedzynarodowa","category-wydarzenia"],"yoast_head":"<!-- This site is optimized with the Yoast SEO plugin v28.4 - https:\/\/yoast.com\/product\/yoast-seo-wordpress\/ -->\n<title>Marek Kuchci\u0144ski: Idea Europy Karpat czerpie z potencja\u0142u unikalnej przestrzeni, ci\u0105gn\u0105cej si\u0119 licz\u0105cym ponad tysi\u0105c kilometr\u00f3w \u0142ukiem dotykaj\u0105cym podn\u00f3\u017ca Alp, kt\u00f3ry od stuleci umo\u017cliwia\u0142 wsp\u00f3\u0142prac\u0119 narod\u00f3w i pa\u0144stw niejednokrotnie tworz\u0105cych wielkie pot\u0119gi &#8211; Marek Kuchci\u0144ski<\/title>\n<meta name=\"robots\" content=\"index, follow, max-snippet:-1, max-image-preview:large, max-video-preview:-1\" \/>\n<link rel=\"canonical\" href=\"https:\/\/marekkuchcinski.pl\/ro\/wydarzenia\/marek-kuchcinski-idea-europy-karpat-czerpie-z-potencjalu-unikalnej-przestrzeni-ciagnacej-sie-liczacym-ponad-tysiac-kilometrow-lukiem-dotykajacym-podnoza-alp-ktory-od-stuleci-umozliwial-wspolprace-n\/\" \/>\n<meta property=\"og:locale\" content=\"ro_RO\" \/>\n<meta property=\"og:type\" content=\"article\" \/>\n<meta property=\"og:title\" content=\"Marek Kuchci\u0144ski: Idea Europy Karpat czerpie z potencja\u0142u unikalnej przestrzeni, ci\u0105gn\u0105cej si\u0119 licz\u0105cym ponad tysi\u0105c kilometr\u00f3w \u0142ukiem dotykaj\u0105cym podn\u00f3\u017ca Alp, kt\u00f3ry od stuleci umo\u017cliwia\u0142 wsp\u00f3\u0142prac\u0119 narod\u00f3w i pa\u0144stw niejednokrotnie tworz\u0105cych wielkie pot\u0119gi &#8211; Marek Kuchci\u0144ski\" \/>\n<meta property=\"og:description\" content=\"Z okazji 25. edycji Konferencji Europa Karpat, organizowanej w ramach Forum Ekonomicznego w Krynicy, wydawnictwo sejmowe przygotowa\u0142o ksi\u0105\u017ck\u0119 b\u0119d\u0105c\u0105 zbiorem my\u015bli polityk\u00f3w i uczonych ze s\u0142owem wst\u0119pnym tw\u00f3rcy inicjatywy Marka Kuchci\u0144skiego. S\u0142owo wst\u0119pne W g\u00f3rach nie czujemy granic. W g\u00f3rach szuka si\u0119 wolno\u015bci. W g\u00f3rach istnieje oczywi\u015bcie rywalizacja, ale dotyczy ona wyznaczonego celu, nie przeciwnika. [&hellip;]\" \/>\n<meta property=\"og:url\" content=\"https:\/\/marekkuchcinski.pl\/ro\/wydarzenia\/marek-kuchcinski-idea-europy-karpat-czerpie-z-potencjalu-unikalnej-przestrzeni-ciagnacej-sie-liczacym-ponad-tysiac-kilometrow-lukiem-dotykajacym-podnoza-alp-ktory-od-stuleci-umozliwial-wspolprace-n\/\" \/>\n<meta property=\"og:site_name\" content=\"Marek Kuchci\u0144ski\" \/>\n<meta property=\"article:published_time\" content=\"2019-09-12T13:48:18+00:00\" \/>\n<meta property=\"article:modified_time\" content=\"2022-09-02T13:24:44+00:00\" \/>\n<meta property=\"og:image\" content=\"https:\/\/marekkuchcinski.pl\/wp-content\/uploads\/2019\/09\/mg\u00f3ry.jpg\" \/>\n\t<meta property=\"og:image:width\" content=\"1807\" \/>\n\t<meta property=\"og:image:height\" content=\"1307\" \/>\n\t<meta property=\"og:image:type\" content=\"image\/jpeg\" \/>\n<meta name=\"author\" content=\"admin\" \/>\n<meta name=\"twitter:card\" content=\"summary_large_image\" \/>\n<meta name=\"twitter:label1\" content=\"Written by\" \/>\n\t<meta name=\"twitter:data1\" content=\"admin\" \/>\n\t<meta name=\"twitter:label2\" content=\"Est. reading time\" \/>\n\t<meta name=\"twitter:data2\" content=\"4 minutes\" \/>\n<script type=\"application\/ld+json\" class=\"yoast-schema-graph\">{\"@context\":\"https:\\\/\\\/schema.org\",\"@graph\":[{\"@type\":\"Article\",\"@id\":\"https:\\\/\\\/marekkuchcinski.pl\\\/wydarzenia\\\/marek-kuchcinski-idea-europy-karpat-czerpie-z-potencjalu-unikalnej-przestrzeni-ciagnacej-sie-liczacym-ponad-tysiac-kilometrow-lukiem-dotykajacym-podnoza-alp-ktory-od-stuleci-umozliwial-wspolprace-n\\\/#article\",\"isPartOf\":{\"@id\":\"https:\\\/\\\/marekkuchcinski.pl\\\/wydarzenia\\\/marek-kuchcinski-idea-europy-karpat-czerpie-z-potencjalu-unikalnej-przestrzeni-ciagnacej-sie-liczacym-ponad-tysiac-kilometrow-lukiem-dotykajacym-podnoza-alp-ktory-od-stuleci-umozliwial-wspolprace-n\\\/\"},\"author\":{\"name\":\"admin\",\"@id\":\"https:\\\/\\\/marekkuchcinski.pl\\\/#\\\/schema\\\/person\\\/3df5731f1d989baf25555b5a344773d5\"},\"headline\":\"Marek Kuchci\u0144ski: Idea Europy Karpat czerpie z potencja\u0142u unikalnej przestrzeni, ci\u0105gn\u0105cej si\u0119 licz\u0105cym ponad tysi\u0105c kilometr\u00f3w \u0142ukiem dotykaj\u0105cym podn\u00f3\u017ca Alp, kt\u00f3ry od stuleci umo\u017cliwia\u0142 wsp\u00f3\u0142prac\u0119 narod\u00f3w i pa\u0144stw niejednokrotnie tworz\u0105cych wielkie pot\u0119gi\",\"datePublished\":\"2019-09-12T13:48:18+00:00\",\"dateModified\":\"2022-09-02T13:24:44+00:00\",\"mainEntityOfPage\":{\"@id\":\"https:\\\/\\\/marekkuchcinski.pl\\\/wydarzenia\\\/marek-kuchcinski-idea-europy-karpat-czerpie-z-potencjalu-unikalnej-przestrzeni-ciagnacej-sie-liczacym-ponad-tysiac-kilometrow-lukiem-dotykajacym-podnoza-alp-ktory-od-stuleci-umozliwial-wspolprace-n\\\/\"},\"wordCount\":994,\"commentCount\":0,\"publisher\":{\"@id\":\"https:\\\/\\\/marekkuchcinski.pl\\\/#organization\"},\"image\":{\"@id\":\"https:\\\/\\\/marekkuchcinski.pl\\\/wydarzenia\\\/marek-kuchcinski-idea-europy-karpat-czerpie-z-potencjalu-unikalnej-przestrzeni-ciagnacej-sie-liczacym-ponad-tysiac-kilometrow-lukiem-dotykajacym-podnoza-alp-ktory-od-stuleci-umozliwial-wspolprace-n\\\/#primaryimage\"},\"thumbnailUrl\":\"https:\\\/\\\/marekkuchcinski.pl\\\/wp-content\\\/uploads\\\/2019\\\/09\\\/mg\u00f3ry.jpg\",\"articleSection\":[\"Europa Karpat\",\"Publikacje\",\"Wsp\u00f3\u0142praca mi\u0119dzynarodowa\",\"Wydarzenia\"],\"inLanguage\":\"ro-RO\",\"potentialAction\":[{\"@type\":\"CommentAction\",\"name\":\"Comment\",\"target\":[\"https:\\\/\\\/marekkuchcinski.pl\\\/wydarzenia\\\/marek-kuchcinski-idea-europy-karpat-czerpie-z-potencjalu-unikalnej-przestrzeni-ciagnacej-sie-liczacym-ponad-tysiac-kilometrow-lukiem-dotykajacym-podnoza-alp-ktory-od-stuleci-umozliwial-wspolprace-n\\\/#respond\"]}]},{\"@type\":\"WebPage\",\"@id\":\"https:\\\/\\\/marekkuchcinski.pl\\\/wydarzenia\\\/marek-kuchcinski-idea-europy-karpat-czerpie-z-potencjalu-unikalnej-przestrzeni-ciagnacej-sie-liczacym-ponad-tysiac-kilometrow-lukiem-dotykajacym-podnoza-alp-ktory-od-stuleci-umozliwial-wspolprace-n\\\/\",\"url\":\"https:\\\/\\\/marekkuchcinski.pl\\\/wydarzenia\\\/marek-kuchcinski-idea-europy-karpat-czerpie-z-potencjalu-unikalnej-przestrzeni-ciagnacej-sie-liczacym-ponad-tysiac-kilometrow-lukiem-dotykajacym-podnoza-alp-ktory-od-stuleci-umozliwial-wspolprace-n\\\/\",\"name\":\"Marek Kuchci\u0144ski: Idea Europy Karpat czerpie z potencja\u0142u unikalnej przestrzeni, ci\u0105gn\u0105cej si\u0119 licz\u0105cym ponad tysi\u0105c kilometr\u00f3w \u0142ukiem dotykaj\u0105cym podn\u00f3\u017ca Alp, kt\u00f3ry od stuleci umo\u017cliwia\u0142 wsp\u00f3\u0142prac\u0119 narod\u00f3w i pa\u0144stw niejednokrotnie tworz\u0105cych wielkie pot\u0119gi &#8211; Marek Kuchci\u0144ski\",\"isPartOf\":{\"@id\":\"https:\\\/\\\/marekkuchcinski.pl\\\/#website\"},\"primaryImageOfPage\":{\"@id\":\"https:\\\/\\\/marekkuchcinski.pl\\\/wydarzenia\\\/marek-kuchcinski-idea-europy-karpat-czerpie-z-potencjalu-unikalnej-przestrzeni-ciagnacej-sie-liczacym-ponad-tysiac-kilometrow-lukiem-dotykajacym-podnoza-alp-ktory-od-stuleci-umozliwial-wspolprace-n\\\/#primaryimage\"},\"image\":{\"@id\":\"https:\\\/\\\/marekkuchcinski.pl\\\/wydarzenia\\\/marek-kuchcinski-idea-europy-karpat-czerpie-z-potencjalu-unikalnej-przestrzeni-ciagnacej-sie-liczacym-ponad-tysiac-kilometrow-lukiem-dotykajacym-podnoza-alp-ktory-od-stuleci-umozliwial-wspolprace-n\\\/#primaryimage\"},\"thumbnailUrl\":\"https:\\\/\\\/marekkuchcinski.pl\\\/wp-content\\\/uploads\\\/2019\\\/09\\\/mg\u00f3ry.jpg\",\"datePublished\":\"2019-09-12T13:48:18+00:00\",\"dateModified\":\"2022-09-02T13:24:44+00:00\",\"breadcrumb\":{\"@id\":\"https:\\\/\\\/marekkuchcinski.pl\\\/wydarzenia\\\/marek-kuchcinski-idea-europy-karpat-czerpie-z-potencjalu-unikalnej-przestrzeni-ciagnacej-sie-liczacym-ponad-tysiac-kilometrow-lukiem-dotykajacym-podnoza-alp-ktory-od-stuleci-umozliwial-wspolprace-n\\\/#breadcrumb\"},\"inLanguage\":\"ro-RO\",\"potentialAction\":[{\"@type\":\"ReadAction\",\"target\":[\"https:\\\/\\\/marekkuchcinski.pl\\\/wydarzenia\\\/marek-kuchcinski-idea-europy-karpat-czerpie-z-potencjalu-unikalnej-przestrzeni-ciagnacej-sie-liczacym-ponad-tysiac-kilometrow-lukiem-dotykajacym-podnoza-alp-ktory-od-stuleci-umozliwial-wspolprace-n\\\/\"]}]},{\"@type\":\"ImageObject\",\"inLanguage\":\"ro-RO\",\"@id\":\"https:\\\/\\\/marekkuchcinski.pl\\\/wydarzenia\\\/marek-kuchcinski-idea-europy-karpat-czerpie-z-potencjalu-unikalnej-przestrzeni-ciagnacej-sie-liczacym-ponad-tysiac-kilometrow-lukiem-dotykajacym-podnoza-alp-ktory-od-stuleci-umozliwial-wspolprace-n\\\/#primaryimage\",\"url\":\"https:\\\/\\\/marekkuchcinski.pl\\\/wp-content\\\/uploads\\\/2019\\\/09\\\/mg\u00f3ry.jpg\",\"contentUrl\":\"https:\\\/\\\/marekkuchcinski.pl\\\/wp-content\\\/uploads\\\/2019\\\/09\\\/mg\u00f3ry.jpg\",\"width\":1807,\"height\":1307},{\"@type\":\"BreadcrumbList\",\"@id\":\"https:\\\/\\\/marekkuchcinski.pl\\\/wydarzenia\\\/marek-kuchcinski-idea-europy-karpat-czerpie-z-potencjalu-unikalnej-przestrzeni-ciagnacej-sie-liczacym-ponad-tysiac-kilometrow-lukiem-dotykajacym-podnoza-alp-ktory-od-stuleci-umozliwial-wspolprace-n\\\/#breadcrumb\",\"itemListElement\":[{\"@type\":\"ListItem\",\"position\":1,\"name\":\"Strona g\u0142\u00f3wna\",\"item\":\"https:\\\/\\\/marekkuchcinski.pl\\\/\"},{\"@type\":\"ListItem\",\"position\":2,\"name\":\"Marek Kuchci\u0144ski: Idea Europy Karpat czerpie z potencja\u0142u unikalnej przestrzeni, ci\u0105gn\u0105cej si\u0119 licz\u0105cym ponad tysi\u0105c kilometr\u00f3w \u0142ukiem dotykaj\u0105cym podn\u00f3\u017ca Alp, kt\u00f3ry od stuleci umo\u017cliwia\u0142 wsp\u00f3\u0142prac\u0119 narod\u00f3w i pa\u0144stw niejednokrotnie tworz\u0105cych wielkie pot\u0119gi\"}]},{\"@type\":\"WebSite\",\"@id\":\"https:\\\/\\\/marekkuchcinski.pl\\\/#website\",\"url\":\"https:\\\/\\\/marekkuchcinski.pl\\\/\",\"name\":\"Marek Kuchci\u0144ski\",\"description\":\"Marek Kuchci\u0144ski \",\"publisher\":{\"@id\":\"https:\\\/\\\/marekkuchcinski.pl\\\/#organization\"},\"potentialAction\":[{\"@type\":\"SearchAction\",\"target\":{\"@type\":\"EntryPoint\",\"urlTemplate\":\"https:\\\/\\\/marekkuchcinski.pl\\\/?s={search_term_string}\"},\"query-input\":{\"@type\":\"PropertyValueSpecification\",\"valueRequired\":true,\"valueName\":\"search_term_string\"}}],\"inLanguage\":\"ro-RO\"},{\"@type\":\"Organization\",\"@id\":\"https:\\\/\\\/marekkuchcinski.pl\\\/#organization\",\"name\":\"Marek Kuchci\u0144ski\",\"url\":\"https:\\\/\\\/marekkuchcinski.pl\\\/\",\"logo\":{\"@type\":\"ImageObject\",\"inLanguage\":\"ro-RO\",\"@id\":\"https:\\\/\\\/marekkuchcinski.pl\\\/#\\\/schema\\\/logo\\\/image\\\/\",\"url\":\"https:\\\/\\\/marekkuchcinski.pl\\\/wp-content\\\/uploads\\\/2022\\\/09\\\/Marek.jpg\",\"contentUrl\":\"https:\\\/\\\/marekkuchcinski.pl\\\/wp-content\\\/uploads\\\/2022\\\/09\\\/Marek.jpg\",\"width\":1600,\"height\":971,\"caption\":\"Marek Kuchci\u0144ski\"},\"image\":{\"@id\":\"https:\\\/\\\/marekkuchcinski.pl\\\/#\\\/schema\\\/logo\\\/image\\\/\"}},{\"@type\":\"Person\",\"@id\":\"https:\\\/\\\/marekkuchcinski.pl\\\/#\\\/schema\\\/person\\\/3df5731f1d989baf25555b5a344773d5\",\"name\":\"admin\",\"image\":{\"@type\":\"ImageObject\",\"inLanguage\":\"ro-RO\",\"@id\":\"https:\\\/\\\/secure.gravatar.com\\\/avatar\\\/8fdd2bf34b2a04a8cfb92bbed2c60d558452e5d61a8064e677da4778b9cf4898?s=96&d=mm&r=g\",\"url\":\"https:\\\/\\\/secure.gravatar.com\\\/avatar\\\/8fdd2bf34b2a04a8cfb92bbed2c60d558452e5d61a8064e677da4778b9cf4898?s=96&d=mm&r=g\",\"contentUrl\":\"https:\\\/\\\/secure.gravatar.com\\\/avatar\\\/8fdd2bf34b2a04a8cfb92bbed2c60d558452e5d61a8064e677da4778b9cf4898?s=96&d=mm&r=g\",\"caption\":\"admin\"},\"sameAs\":[\"https:\\\/\\\/marekkuchcinski.pl\"],\"url\":\"https:\\\/\\\/marekkuchcinski.pl\\\/ro\\\/author\\\/admin\\\/\"}]}<\/script>\n<!-- \/ Yoast SEO plugin. -->","yoast_head_json":{"title":"Marek Kuchci\u0144ski: Idea Europy Karpat czerpie z potencja\u0142u unikalnej przestrzeni, ci\u0105gn\u0105cej si\u0119 licz\u0105cym ponad tysi\u0105c kilometr\u00f3w \u0142ukiem dotykaj\u0105cym podn\u00f3\u017ca Alp, kt\u00f3ry od stuleci umo\u017cliwia\u0142 wsp\u00f3\u0142prac\u0119 narod\u00f3w i pa\u0144stw niejednokrotnie tworz\u0105cych wielkie pot\u0119gi &#8211; Marek Kuchci\u0144ski","robots":{"index":"index","follow":"follow","max-snippet":"max-snippet:-1","max-image-preview":"max-image-preview:large","max-video-preview":"max-video-preview:-1"},"canonical":"https:\/\/marekkuchcinski.pl\/ro\/wydarzenia\/marek-kuchcinski-idea-europy-karpat-czerpie-z-potencjalu-unikalnej-przestrzeni-ciagnacej-sie-liczacym-ponad-tysiac-kilometrow-lukiem-dotykajacym-podnoza-alp-ktory-od-stuleci-umozliwial-wspolprace-n\/","og_locale":"ro_RO","og_type":"article","og_title":"Marek Kuchci\u0144ski: Idea Europy Karpat czerpie z potencja\u0142u unikalnej przestrzeni, ci\u0105gn\u0105cej si\u0119 licz\u0105cym ponad tysi\u0105c kilometr\u00f3w \u0142ukiem dotykaj\u0105cym podn\u00f3\u017ca Alp, kt\u00f3ry od stuleci umo\u017cliwia\u0142 wsp\u00f3\u0142prac\u0119 narod\u00f3w i pa\u0144stw niejednokrotnie tworz\u0105cych wielkie pot\u0119gi &#8211; Marek Kuchci\u0144ski","og_description":"Z okazji 25. edycji Konferencji Europa Karpat, organizowanej w ramach Forum Ekonomicznego w Krynicy, wydawnictwo sejmowe przygotowa\u0142o ksi\u0105\u017ck\u0119 b\u0119d\u0105c\u0105 zbiorem my\u015bli polityk\u00f3w i uczonych ze s\u0142owem wst\u0119pnym tw\u00f3rcy inicjatywy Marka Kuchci\u0144skiego. S\u0142owo wst\u0119pne W g\u00f3rach nie czujemy granic. W g\u00f3rach szuka si\u0119 wolno\u015bci. W g\u00f3rach istnieje oczywi\u015bcie rywalizacja, ale dotyczy ona wyznaczonego celu, nie przeciwnika. [&hellip;]","og_url":"https:\/\/marekkuchcinski.pl\/ro\/wydarzenia\/marek-kuchcinski-idea-europy-karpat-czerpie-z-potencjalu-unikalnej-przestrzeni-ciagnacej-sie-liczacym-ponad-tysiac-kilometrow-lukiem-dotykajacym-podnoza-alp-ktory-od-stuleci-umozliwial-wspolprace-n\/","og_site_name":"Marek Kuchci\u0144ski","article_published_time":"2019-09-12T13:48:18+00:00","article_modified_time":"2022-09-02T13:24:44+00:00","og_image":[{"width":1807,"height":1307,"url":"https:\/\/marekkuchcinski.pl\/wp-content\/uploads\/2019\/09\/mg\u00f3ry.jpg","type":"image\/jpeg"}],"author":"admin","twitter_card":"summary_large_image","twitter_misc":{"Written by":"admin","Est. reading time":"4 minutes"},"schema":{"@context":"https:\/\/schema.org","@graph":[{"@type":"Article","@id":"https:\/\/marekkuchcinski.pl\/wydarzenia\/marek-kuchcinski-idea-europy-karpat-czerpie-z-potencjalu-unikalnej-przestrzeni-ciagnacej-sie-liczacym-ponad-tysiac-kilometrow-lukiem-dotykajacym-podnoza-alp-ktory-od-stuleci-umozliwial-wspolprace-n\/#article","isPartOf":{"@id":"https:\/\/marekkuchcinski.pl\/wydarzenia\/marek-kuchcinski-idea-europy-karpat-czerpie-z-potencjalu-unikalnej-przestrzeni-ciagnacej-sie-liczacym-ponad-tysiac-kilometrow-lukiem-dotykajacym-podnoza-alp-ktory-od-stuleci-umozliwial-wspolprace-n\/"},"author":{"name":"admin","@id":"https:\/\/marekkuchcinski.pl\/#\/schema\/person\/3df5731f1d989baf25555b5a344773d5"},"headline":"Marek Kuchci\u0144ski: Idea Europy Karpat czerpie z potencja\u0142u unikalnej przestrzeni, ci\u0105gn\u0105cej si\u0119 licz\u0105cym ponad tysi\u0105c kilometr\u00f3w \u0142ukiem dotykaj\u0105cym podn\u00f3\u017ca Alp, kt\u00f3ry od stuleci umo\u017cliwia\u0142 wsp\u00f3\u0142prac\u0119 narod\u00f3w i pa\u0144stw niejednokrotnie tworz\u0105cych wielkie pot\u0119gi","datePublished":"2019-09-12T13:48:18+00:00","dateModified":"2022-09-02T13:24:44+00:00","mainEntityOfPage":{"@id":"https:\/\/marekkuchcinski.pl\/wydarzenia\/marek-kuchcinski-idea-europy-karpat-czerpie-z-potencjalu-unikalnej-przestrzeni-ciagnacej-sie-liczacym-ponad-tysiac-kilometrow-lukiem-dotykajacym-podnoza-alp-ktory-od-stuleci-umozliwial-wspolprace-n\/"},"wordCount":994,"commentCount":0,"publisher":{"@id":"https:\/\/marekkuchcinski.pl\/#organization"},"image":{"@id":"https:\/\/marekkuchcinski.pl\/wydarzenia\/marek-kuchcinski-idea-europy-karpat-czerpie-z-potencjalu-unikalnej-przestrzeni-ciagnacej-sie-liczacym-ponad-tysiac-kilometrow-lukiem-dotykajacym-podnoza-alp-ktory-od-stuleci-umozliwial-wspolprace-n\/#primaryimage"},"thumbnailUrl":"https:\/\/marekkuchcinski.pl\/wp-content\/uploads\/2019\/09\/mg\u00f3ry.jpg","articleSection":["Europa Karpat","Publikacje","Wsp\u00f3\u0142praca mi\u0119dzynarodowa","Wydarzenia"],"inLanguage":"ro-RO","potentialAction":[{"@type":"CommentAction","name":"Comment","target":["https:\/\/marekkuchcinski.pl\/wydarzenia\/marek-kuchcinski-idea-europy-karpat-czerpie-z-potencjalu-unikalnej-przestrzeni-ciagnacej-sie-liczacym-ponad-tysiac-kilometrow-lukiem-dotykajacym-podnoza-alp-ktory-od-stuleci-umozliwial-wspolprace-n\/#respond"]}]},{"@type":"WebPage","@id":"https:\/\/marekkuchcinski.pl\/wydarzenia\/marek-kuchcinski-idea-europy-karpat-czerpie-z-potencjalu-unikalnej-przestrzeni-ciagnacej-sie-liczacym-ponad-tysiac-kilometrow-lukiem-dotykajacym-podnoza-alp-ktory-od-stuleci-umozliwial-wspolprace-n\/","url":"https:\/\/marekkuchcinski.pl\/wydarzenia\/marek-kuchcinski-idea-europy-karpat-czerpie-z-potencjalu-unikalnej-przestrzeni-ciagnacej-sie-liczacym-ponad-tysiac-kilometrow-lukiem-dotykajacym-podnoza-alp-ktory-od-stuleci-umozliwial-wspolprace-n\/","name":"Marek Kuchci\u0144ski: Idea Europy Karpat czerpie z potencja\u0142u unikalnej przestrzeni, ci\u0105gn\u0105cej si\u0119 licz\u0105cym ponad tysi\u0105c kilometr\u00f3w \u0142ukiem dotykaj\u0105cym podn\u00f3\u017ca Alp, kt\u00f3ry od stuleci umo\u017cliwia\u0142 wsp\u00f3\u0142prac\u0119 narod\u00f3w i pa\u0144stw niejednokrotnie tworz\u0105cych wielkie pot\u0119gi &#8211; Marek Kuchci\u0144ski","isPartOf":{"@id":"https:\/\/marekkuchcinski.pl\/#website"},"primaryImageOfPage":{"@id":"https:\/\/marekkuchcinski.pl\/wydarzenia\/marek-kuchcinski-idea-europy-karpat-czerpie-z-potencjalu-unikalnej-przestrzeni-ciagnacej-sie-liczacym-ponad-tysiac-kilometrow-lukiem-dotykajacym-podnoza-alp-ktory-od-stuleci-umozliwial-wspolprace-n\/#primaryimage"},"image":{"@id":"https:\/\/marekkuchcinski.pl\/wydarzenia\/marek-kuchcinski-idea-europy-karpat-czerpie-z-potencjalu-unikalnej-przestrzeni-ciagnacej-sie-liczacym-ponad-tysiac-kilometrow-lukiem-dotykajacym-podnoza-alp-ktory-od-stuleci-umozliwial-wspolprace-n\/#primaryimage"},"thumbnailUrl":"https:\/\/marekkuchcinski.pl\/wp-content\/uploads\/2019\/09\/mg\u00f3ry.jpg","datePublished":"2019-09-12T13:48:18+00:00","dateModified":"2022-09-02T13:24:44+00:00","breadcrumb":{"@id":"https:\/\/marekkuchcinski.pl\/wydarzenia\/marek-kuchcinski-idea-europy-karpat-czerpie-z-potencjalu-unikalnej-przestrzeni-ciagnacej-sie-liczacym-ponad-tysiac-kilometrow-lukiem-dotykajacym-podnoza-alp-ktory-od-stuleci-umozliwial-wspolprace-n\/#breadcrumb"},"inLanguage":"ro-RO","potentialAction":[{"@type":"ReadAction","target":["https:\/\/marekkuchcinski.pl\/wydarzenia\/marek-kuchcinski-idea-europy-karpat-czerpie-z-potencjalu-unikalnej-przestrzeni-ciagnacej-sie-liczacym-ponad-tysiac-kilometrow-lukiem-dotykajacym-podnoza-alp-ktory-od-stuleci-umozliwial-wspolprace-n\/"]}]},{"@type":"ImageObject","inLanguage":"ro-RO","@id":"https:\/\/marekkuchcinski.pl\/wydarzenia\/marek-kuchcinski-idea-europy-karpat-czerpie-z-potencjalu-unikalnej-przestrzeni-ciagnacej-sie-liczacym-ponad-tysiac-kilometrow-lukiem-dotykajacym-podnoza-alp-ktory-od-stuleci-umozliwial-wspolprace-n\/#primaryimage","url":"https:\/\/marekkuchcinski.pl\/wp-content\/uploads\/2019\/09\/mg\u00f3ry.jpg","contentUrl":"https:\/\/marekkuchcinski.pl\/wp-content\/uploads\/2019\/09\/mg\u00f3ry.jpg","width":1807,"height":1307},{"@type":"BreadcrumbList","@id":"https:\/\/marekkuchcinski.pl\/wydarzenia\/marek-kuchcinski-idea-europy-karpat-czerpie-z-potencjalu-unikalnej-przestrzeni-ciagnacej-sie-liczacym-ponad-tysiac-kilometrow-lukiem-dotykajacym-podnoza-alp-ktory-od-stuleci-umozliwial-wspolprace-n\/#breadcrumb","itemListElement":[{"@type":"ListItem","position":1,"name":"Strona g\u0142\u00f3wna","item":"https:\/\/marekkuchcinski.pl\/"},{"@type":"ListItem","position":2,"name":"Marek Kuchci\u0144ski: Idea Europy Karpat czerpie z potencja\u0142u unikalnej przestrzeni, ci\u0105gn\u0105cej si\u0119 licz\u0105cym ponad tysi\u0105c kilometr\u00f3w \u0142ukiem dotykaj\u0105cym podn\u00f3\u017ca Alp, kt\u00f3ry od stuleci umo\u017cliwia\u0142 wsp\u00f3\u0142prac\u0119 narod\u00f3w i pa\u0144stw niejednokrotnie tworz\u0105cych wielkie pot\u0119gi"}]},{"@type":"WebSite","@id":"https:\/\/marekkuchcinski.pl\/#website","url":"https:\/\/marekkuchcinski.pl\/","name":"Marek Kuchci\u0144ski","description":"Marek Kuchci\u0144ski","publisher":{"@id":"https:\/\/marekkuchcinski.pl\/#organization"},"potentialAction":[{"@type":"SearchAction","target":{"@type":"EntryPoint","urlTemplate":"https:\/\/marekkuchcinski.pl\/?s={search_term_string}"},"query-input":{"@type":"PropertyValueSpecification","valueRequired":true,"valueName":"search_term_string"}}],"inLanguage":"ro-RO"},{"@type":"Organization","@id":"https:\/\/marekkuchcinski.pl\/#organization","name":"Marek Kuchci\u0144ski","url":"https:\/\/marekkuchcinski.pl\/","logo":{"@type":"ImageObject","inLanguage":"ro-RO","@id":"https:\/\/marekkuchcinski.pl\/#\/schema\/logo\/image\/","url":"https:\/\/marekkuchcinski.pl\/wp-content\/uploads\/2022\/09\/Marek.jpg","contentUrl":"https:\/\/marekkuchcinski.pl\/wp-content\/uploads\/2022\/09\/Marek.jpg","width":1600,"height":971,"caption":"Marek Kuchci\u0144ski"},"image":{"@id":"https:\/\/marekkuchcinski.pl\/#\/schema\/logo\/image\/"}},{"@type":"Person","@id":"https:\/\/marekkuchcinski.pl\/#\/schema\/person\/3df5731f1d989baf25555b5a344773d5","name":"admin","image":{"@type":"ImageObject","inLanguage":"ro-RO","@id":"https:\/\/secure.gravatar.com\/avatar\/8fdd2bf34b2a04a8cfb92bbed2c60d558452e5d61a8064e677da4778b9cf4898?s=96&d=mm&r=g","url":"https:\/\/secure.gravatar.com\/avatar\/8fdd2bf34b2a04a8cfb92bbed2c60d558452e5d61a8064e677da4778b9cf4898?s=96&d=mm&r=g","contentUrl":"https:\/\/secure.gravatar.com\/avatar\/8fdd2bf34b2a04a8cfb92bbed2c60d558452e5d61a8064e677da4778b9cf4898?s=96&d=mm&r=g","caption":"admin"},"sameAs":["https:\/\/marekkuchcinski.pl"],"url":"https:\/\/marekkuchcinski.pl\/ro\/author\/admin\/"}]}},"_links":{"self":[{"href":"https:\/\/marekkuchcinski.pl\/ro\/wp-json\/wp\/v2\/posts\/17563","targetHints":{"allow":["GET"]}}],"collection":[{"href":"https:\/\/marekkuchcinski.pl\/ro\/wp-json\/wp\/v2\/posts"}],"about":[{"href":"https:\/\/marekkuchcinski.pl\/ro\/wp-json\/wp\/v2\/types\/post"}],"author":[{"embeddable":true,"href":"https:\/\/marekkuchcinski.pl\/ro\/wp-json\/wp\/v2\/users\/1"}],"replies":[{"embeddable":true,"href":"https:\/\/marekkuchcinski.pl\/ro\/wp-json\/wp\/v2\/comments?post=17563"}],"version-history":[{"count":9,"href":"https:\/\/marekkuchcinski.pl\/ro\/wp-json\/wp\/v2\/posts\/17563\/revisions"}],"predecessor-version":[{"id":17991,"href":"https:\/\/marekkuchcinski.pl\/ro\/wp-json\/wp\/v2\/posts\/17563\/revisions\/17991"}],"wp:featuredmedia":[{"embeddable":true,"href":"https:\/\/marekkuchcinski.pl\/ro\/wp-json\/wp\/v2\/media\/17571"}],"wp:attachment":[{"href":"https:\/\/marekkuchcinski.pl\/ro\/wp-json\/wp\/v2\/media?parent=17563"}],"wp:term":[{"taxonomy":"category","embeddable":true,"href":"https:\/\/marekkuchcinski.pl\/ro\/wp-json\/wp\/v2\/categories?post=17563"},{"taxonomy":"post_tag","embeddable":true,"href":"https:\/\/marekkuchcinski.pl\/ro\/wp-json\/wp\/v2\/tags?post=17563"}],"curies":[{"name":"wp","href":"https:\/\/api.w.org\/{rel}","templated":true}]}}