{"id":17522,"date":"2019-08-27T16:47:48","date_gmt":"2019-08-27T14:47:48","guid":{"rendered":"https:\/\/marekkuchcinski.pl\/?p=17522"},"modified":"2019-08-27T16:50:34","modified_gmt":"2019-08-27T14:50:34","slug":"ii-uniwersytet-letni-instytutu-wspolpracy-polsko-wegierskiej-im-waclawa-felczaka","status":"publish","type":"post","link":"https:\/\/marekkuchcinski.pl\/ro\/wydarzenia\/ii-uniwersytet-letni-instytutu-wspolpracy-polsko-wegierskiej-im-waclawa-felczaka\/","title":{"rendered":"A II-a edi\u021bie a Universit\u0103\u021bii de var\u0103 a Institutului Wac\u0142aw Felczak pentru cooperare polono-ungar\u0103"},"content":{"rendered":"<p>\u00cen perioada 26 august - 30 august 2019, la Castelul Krasiczyn are loc cea de-a doua edi\u021bie a Universit\u0103\u021bii de Var\u0103 Wac\u0142aw Felczak a Institutului de Cooperare Polono-Ungar.  Marek Kuchcinski, membru al Parlamentului polonez, \u00eempreun\u0103 cu Ryszard Terlecki, vicepre\u0219edinte al Sejm, \u0219i Dr. Janos Latorcai, vicepre\u0219edinte al Adun\u0103rii Na\u021bionale, au participat la o discu\u021bie pe aceast\u0103 tem\u0103: \"Ce este Polonia pentru mine, ce este Ungaria pentru mine?\".<\/p>\n\n\n\n<p>Marek Kuchci\u0144ski a men\u021bionat simbolismul alegerii loca\u021biei - Krasiczyn, ca sat de l\u00e2ng\u0103 Przemy\u015bl, care este un loc special din perspectiva Europei Centrale \u0219i a rela\u021biilor polono-maghiare. El a subliniat importan\u021ba ini\u021biativei Institutului Felczak, care vizeaz\u0103 nu doar cooperarea actual\u0103, ci \u0219i viitorul Europei \u00een spiritul toleran\u021bei \u0219i al culturii cre\u0219tine.<\/p>\n\n\n\n<p>Speakerul Terlecki a vorbit despre dificult\u0103\u021bile \u00een salvarea culturii \u0219i istoriei europene, indic\u00e2nd Polonia \u0219i Ungaria ca fiind \u021b\u0103rile care reprezint\u0103 speran\u021ba acestui efort \u0219i asupra c\u0103rora apas\u0103 cea mai mare responsabilitate. Dr. Janos Latorcaim a subliniat rolul tinerilor \u00een planificarea viitorului Europei, care trebuie s\u0103 accepte provocarea de a p\u0103stra identitatea polonez\u0103 sau maghiar\u0103. El s-a adresat direct participan\u021bilor la Universitate pentru a se angaja \u00eentr-o cooperare reciproc\u0103 \u00een vederea p\u0103str\u0103rii valorilor europene cre\u0219tine.<br><\/p>\n\n\n\n<p>Printre ceilal\u021bi participan\u021bi s-au num\u0103rat Piotr Babinetz, deputat \u00een Parlamentul European, \u0219i profesorul Istv\u00e1n Kov\u00e1cs.<\/p>\n\n\n\n<figure class=\"wp-block-image\"><img fetchpriority=\"high\" decoding=\"async\" width=\"1024\" height=\"685\" src=\"https:\/\/marekkuchcinski.pl\/wp-content\/uploads\/2019\/08\/DSC_0153-1-1024x685.jpg\" alt=\"\" class=\"wp-image-17524\" srcset=\"https:\/\/marekkuchcinski.pl\/wp-content\/uploads\/2019\/08\/DSC_0153-1-1024x685.jpg 1024w, https:\/\/marekkuchcinski.pl\/wp-content\/uploads\/2019\/08\/DSC_0153-1-300x201.jpg 300w, https:\/\/marekkuchcinski.pl\/wp-content\/uploads\/2019\/08\/DSC_0153-1-768x514.jpg 768w, https:\/\/marekkuchcinski.pl\/wp-content\/uploads\/2019\/08\/DSC_0153-1.jpg 2048w\" sizes=\"(max-width: 1024px) 100vw, 1024px\" \/><\/figure>\n\n\n\n<figure class=\"wp-block-image\"><img decoding=\"async\" width=\"1024\" height=\"685\" src=\"https:\/\/marekkuchcinski.pl\/wp-content\/uploads\/2019\/08\/DSC_0209-1-1024x685.jpg\" alt=\"\" class=\"wp-image-17525\" srcset=\"https:\/\/marekkuchcinski.pl\/wp-content\/uploads\/2019\/08\/DSC_0209-1-1024x685.jpg 1024w, https:\/\/marekkuchcinski.pl\/wp-content\/uploads\/2019\/08\/DSC_0209-1-300x201.jpg 300w, https:\/\/marekkuchcinski.pl\/wp-content\/uploads\/2019\/08\/DSC_0209-1-768x514.jpg 768w, https:\/\/marekkuchcinski.pl\/wp-content\/uploads\/2019\/08\/DSC_0209-1.jpg 2048w\" sizes=\"(max-width: 1024px) 100vw, 1024px\" \/><\/figure>\n\n\n\n<figure class=\"wp-block-image\"><img decoding=\"async\" width=\"1024\" height=\"685\" src=\"https:\/\/marekkuchcinski.pl\/wp-content\/uploads\/2019\/08\/DSC_0223-1024x685.jpg\" alt=\"\" class=\"wp-image-17526\" srcset=\"https:\/\/marekkuchcinski.pl\/wp-content\/uploads\/2019\/08\/DSC_0223-1024x685.jpg 1024w, https:\/\/marekkuchcinski.pl\/wp-content\/uploads\/2019\/08\/DSC_0223-300x201.jpg 300w, https:\/\/marekkuchcinski.pl\/wp-content\/uploads\/2019\/08\/DSC_0223-768x514.jpg 768w, https:\/\/marekkuchcinski.pl\/wp-content\/uploads\/2019\/08\/DSC_0223.jpg 2048w\" sizes=\"(max-width: 1024px) 100vw, 1024px\" \/><\/figure>\n\n\n\n<figure class=\"wp-block-image\"><img loading=\"lazy\" decoding=\"async\" width=\"1024\" height=\"685\" src=\"https:\/\/marekkuchcinski.pl\/wp-content\/uploads\/2019\/08\/DSC_0251-1024x685.jpg\" alt=\"\" class=\"wp-image-17527\" srcset=\"https:\/\/marekkuchcinski.pl\/wp-content\/uploads\/2019\/08\/DSC_0251-1024x685.jpg 1024w, https:\/\/marekkuchcinski.pl\/wp-content\/uploads\/2019\/08\/DSC_0251-300x201.jpg 300w, https:\/\/marekkuchcinski.pl\/wp-content\/uploads\/2019\/08\/DSC_0251-768x514.jpg 768w, https:\/\/marekkuchcinski.pl\/wp-content\/uploads\/2019\/08\/DSC_0251.jpg 2048w\" sizes=\"(max-width: 1024px) 100vw, 1024px\" \/><\/figure>\n\n\n\n<figure class=\"wp-block-image\"><img loading=\"lazy\" decoding=\"async\" width=\"1024\" height=\"685\" src=\"https:\/\/marekkuchcinski.pl\/wp-content\/uploads\/2019\/08\/DSC_0265-1024x685.jpg\" alt=\"\" class=\"wp-image-17528\" srcset=\"https:\/\/marekkuchcinski.pl\/wp-content\/uploads\/2019\/08\/DSC_0265-1024x685.jpg 1024w, https:\/\/marekkuchcinski.pl\/wp-content\/uploads\/2019\/08\/DSC_0265-300x201.jpg 300w, https:\/\/marekkuchcinski.pl\/wp-content\/uploads\/2019\/08\/DSC_0265-768x514.jpg 768w, https:\/\/marekkuchcinski.pl\/wp-content\/uploads\/2019\/08\/DSC_0265.jpg 2048w\" sizes=\"(max-width: 1024px) 100vw, 1024px\" \/><\/figure>\n\n\n\n<figure class=\"wp-block-image\"><img loading=\"lazy\" decoding=\"async\" width=\"1024\" height=\"685\" src=\"https:\/\/marekkuchcinski.pl\/wp-content\/uploads\/2019\/08\/DSC_0262-1024x685.jpg\" alt=\"\" class=\"wp-image-17529\" srcset=\"https:\/\/marekkuchcinski.pl\/wp-content\/uploads\/2019\/08\/DSC_0262-1024x685.jpg 1024w, https:\/\/marekkuchcinski.pl\/wp-content\/uploads\/2019\/08\/DSC_0262-300x201.jpg 300w, https:\/\/marekkuchcinski.pl\/wp-content\/uploads\/2019\/08\/DSC_0262-768x514.jpg 768w, https:\/\/marekkuchcinski.pl\/wp-content\/uploads\/2019\/08\/DSC_0262.jpg 2048w\" sizes=\"(max-width: 1024px) 100vw, 1024px\" \/><\/figure>","protected":false},"excerpt":{"rendered":"<p>W dniach od 26 sierpnia do 30 sierpnia 2019 r. w Zamku w Krasiczynie odbywa si\u0119 II edycja Uniwersytetu Letniego Instytutu Wsp\u00f3\u0142pracy Polsko-W\u0119gierskiej im. Wac\u0142awa Felczaka. Pose\u0142 na Sejm RP Marek Kuchci\u0144ski wraz Wicemarsza\u0142kiem Sejmu Ryszardem Terleckim oraz Wiceprzewodnicz\u0105cym Zgromadzenia Narodowego dr Janosem Latorcaim uczestniczyli w dyskusji na temat: &#8222;Czym dla mnie jest Polska, czym [&hellip;]<\/p>","protected":false},"author":16,"featured_media":17523,"comment_status":"open","ping_status":"open","sticky":true,"template":"","format":"standard","meta":{"ngg_post_thumbnail":0,"footnotes":""},"categories":[3],"tags":[],"class_list":["post-17522","post","type-post","status-publish","format-standard","has-post-thumbnail","hentry","category-wydarzenia"],"yoast_head":"<!-- This site is optimized with the Yoast SEO plugin v24.7 - https:\/\/yoast.com\/wordpress\/plugins\/seo\/ -->\n<title>II Uniwersytet Letni Instytutu Wsp\u00f3\u0142pracy Polsko-W\u0119gierskiej im. Wac\u0142awa Felczaka &#8211; Marek Kuchci\u0144ski<\/title>\n<meta name=\"robots\" content=\"index, follow, max-snippet:-1, max-image-preview:large, max-video-preview:-1\" \/>\n<link rel=\"canonical\" href=\"https:\/\/marekkuchcinski.pl\/ro\/wydarzenia\/ii-uniwersytet-letni-instytutu-wspolpracy-polsko-wegierskiej-im-waclawa-felczaka\/\" \/>\n<meta property=\"og:locale\" content=\"ro_RO\" \/>\n<meta property=\"og:type\" content=\"article\" \/>\n<meta property=\"og:title\" content=\"II Uniwersytet Letni Instytutu Wsp\u00f3\u0142pracy Polsko-W\u0119gierskiej im. Wac\u0142awa Felczaka &#8211; Marek Kuchci\u0144ski\" \/>\n<meta property=\"og:description\" content=\"W dniach od 26 sierpnia do 30 sierpnia 2019 r. w Zamku w Krasiczynie odbywa si\u0119 II edycja Uniwersytetu Letniego Instytutu Wsp\u00f3\u0142pracy Polsko-W\u0119gierskiej im. Wac\u0142awa Felczaka. Pose\u0142 na Sejm RP Marek Kuchci\u0144ski wraz Wicemarsza\u0142kiem Sejmu Ryszardem Terleckim oraz Wiceprzewodnicz\u0105cym Zgromadzenia Narodowego dr Janosem Latorcaim uczestniczyli w dyskusji na temat: &#8222;Czym dla mnie jest Polska, czym [&hellip;]\" \/>\n<meta property=\"og:url\" content=\"https:\/\/marekkuchcinski.pl\/ro\/wydarzenia\/ii-uniwersytet-letni-instytutu-wspolpracy-polsko-wegierskiej-im-waclawa-felczaka\/\" \/>\n<meta property=\"og:site_name\" content=\"Marek Kuchci\u0144ski\" \/>\n<meta property=\"article:published_time\" content=\"2019-08-27T14:47:48+00:00\" \/>\n<meta property=\"article:modified_time\" content=\"2019-08-27T14:50:34+00:00\" \/>\n<meta property=\"og:image\" content=\"https:\/\/marekkuchcinski.pl\/wp-content\/uploads\/2019\/08\/DSC_0217.jpg\" \/>\n\t<meta property=\"og:image:width\" content=\"2048\" \/>\n\t<meta property=\"og:image:height\" content=\"1371\" \/>\n\t<meta property=\"og:image:type\" content=\"image\/jpeg\" \/>\n<meta name=\"author\" content=\"Katarzyna Rokitowska\" \/>\n<meta name=\"twitter:card\" content=\"summary_large_image\" \/>\n<meta name=\"twitter:label1\" content=\"Scris de\" \/>\n\t<meta name=\"twitter:data1\" content=\"Katarzyna Rokitowska\" \/>\n\t<meta name=\"twitter:label2\" content=\"Timp estimat pentru citire\" \/>\n\t<meta name=\"twitter:data2\" content=\"1 minute\" \/>\n<script type=\"application\/ld+json\" class=\"yoast-schema-graph\">{\"@context\":\"https:\/\/schema.org\",\"@graph\":[{\"@type\":\"Article\",\"@id\":\"https:\/\/marekkuchcinski.pl\/hu\/wydarzenia\/ii-uniwersytet-letni-instytutu-wspolpracy-polsko-wegierskiej-im-waclawa-felczaka\/#article\",\"isPartOf\":{\"@id\":\"https:\/\/marekkuchcinski.pl\/hu\/wydarzenia\/ii-uniwersytet-letni-instytutu-wspolpracy-polsko-wegierskiej-im-waclawa-felczaka\/\"},\"author\":{\"name\":\"Katarzyna Rokitowska\",\"@id\":\"https:\/\/marekkuchcinski.pl\/#\/schema\/person\/4a5bca3043f3981ff25765c1a631cb30\"},\"headline\":\"II Uniwersytet Letni Instytutu Wsp\u00f3\u0142pracy Polsko-W\u0119gierskiej im. Wac\u0142awa Felczaka\",\"datePublished\":\"2019-08-27T14:47:48+00:00\",\"dateModified\":\"2019-08-27T14:50:34+00:00\",\"mainEntityOfPage\":{\"@id\":\"https:\/\/marekkuchcinski.pl\/hu\/wydarzenia\/ii-uniwersytet-letni-instytutu-wspolpracy-polsko-wegierskiej-im-waclawa-felczaka\/\"},\"wordCount\":256,\"commentCount\":0,\"publisher\":{\"@id\":\"https:\/\/marekkuchcinski.pl\/#organization\"},\"image\":{\"@id\":\"https:\/\/marekkuchcinski.pl\/hu\/wydarzenia\/ii-uniwersytet-letni-instytutu-wspolpracy-polsko-wegierskiej-im-waclawa-felczaka\/#primaryimage\"},\"thumbnailUrl\":\"https:\/\/marekkuchcinski.pl\/wp-content\/uploads\/2019\/08\/DSC_0217.jpg\",\"articleSection\":[\"Wydarzenia\"],\"inLanguage\":\"ro-RO\",\"potentialAction\":[{\"@type\":\"CommentAction\",\"name\":\"Comment\",\"target\":[\"https:\/\/marekkuchcinski.pl\/hu\/wydarzenia\/ii-uniwersytet-letni-instytutu-wspolpracy-polsko-wegierskiej-im-waclawa-felczaka\/#respond\"]}]},{\"@type\":\"WebPage\",\"@id\":\"https:\/\/marekkuchcinski.pl\/hu\/wydarzenia\/ii-uniwersytet-letni-instytutu-wspolpracy-polsko-wegierskiej-im-waclawa-felczaka\/\",\"url\":\"https:\/\/marekkuchcinski.pl\/hu\/wydarzenia\/ii-uniwersytet-letni-instytutu-wspolpracy-polsko-wegierskiej-im-waclawa-felczaka\/\",\"name\":\"II Uniwersytet Letni Instytutu Wsp\u00f3\u0142pracy Polsko-W\u0119gierskiej im. Wac\u0142awa Felczaka &#8211; Marek Kuchci\u0144ski\",\"isPartOf\":{\"@id\":\"https:\/\/marekkuchcinski.pl\/#website\"},\"primaryImageOfPage\":{\"@id\":\"https:\/\/marekkuchcinski.pl\/hu\/wydarzenia\/ii-uniwersytet-letni-instytutu-wspolpracy-polsko-wegierskiej-im-waclawa-felczaka\/#primaryimage\"},\"image\":{\"@id\":\"https:\/\/marekkuchcinski.pl\/hu\/wydarzenia\/ii-uniwersytet-letni-instytutu-wspolpracy-polsko-wegierskiej-im-waclawa-felczaka\/#primaryimage\"},\"thumbnailUrl\":\"https:\/\/marekkuchcinski.pl\/wp-content\/uploads\/2019\/08\/DSC_0217.jpg\",\"datePublished\":\"2019-08-27T14:47:48+00:00\",\"dateModified\":\"2019-08-27T14:50:34+00:00\",\"breadcrumb\":{\"@id\":\"https:\/\/marekkuchcinski.pl\/hu\/wydarzenia\/ii-uniwersytet-letni-instytutu-wspolpracy-polsko-wegierskiej-im-waclawa-felczaka\/#breadcrumb\"},\"inLanguage\":\"ro-RO\",\"potentialAction\":[{\"@type\":\"ReadAction\",\"target\":[\"https:\/\/marekkuchcinski.pl\/hu\/wydarzenia\/ii-uniwersytet-letni-instytutu-wspolpracy-polsko-wegierskiej-im-waclawa-felczaka\/\"]}]},{\"@type\":\"ImageObject\",\"inLanguage\":\"ro-RO\",\"@id\":\"https:\/\/marekkuchcinski.pl\/hu\/wydarzenia\/ii-uniwersytet-letni-instytutu-wspolpracy-polsko-wegierskiej-im-waclawa-felczaka\/#primaryimage\",\"url\":\"https:\/\/marekkuchcinski.pl\/wp-content\/uploads\/2019\/08\/DSC_0217.jpg\",\"contentUrl\":\"https:\/\/marekkuchcinski.pl\/wp-content\/uploads\/2019\/08\/DSC_0217.jpg\",\"width\":2048,\"height\":1371},{\"@type\":\"BreadcrumbList\",\"@id\":\"https:\/\/marekkuchcinski.pl\/hu\/wydarzenia\/ii-uniwersytet-letni-instytutu-wspolpracy-polsko-wegierskiej-im-waclawa-felczaka\/#breadcrumb\",\"itemListElement\":[{\"@type\":\"ListItem\",\"position\":1,\"name\":\"Strona g\u0142\u00f3wna\",\"item\":\"https:\/\/marekkuchcinski.pl\/\"},{\"@type\":\"ListItem\",\"position\":2,\"name\":\"II Uniwersytet Letni Instytutu Wsp\u00f3\u0142pracy Polsko-W\u0119gierskiej im. Wac\u0142awa Felczaka\"}]},{\"@type\":\"WebSite\",\"@id\":\"https:\/\/marekkuchcinski.pl\/#website\",\"url\":\"https:\/\/marekkuchcinski.pl\/\",\"name\":\"Marek Kuchci\u0144ski\",\"description\":\"Pose\u0142 na sejm RP &ndash; okr\u0119g nr 22\",\"publisher\":{\"@id\":\"https:\/\/marekkuchcinski.pl\/#organization\"},\"potentialAction\":[{\"@type\":\"SearchAction\",\"target\":{\"@type\":\"EntryPoint\",\"urlTemplate\":\"https:\/\/marekkuchcinski.pl\/?s={search_term_string}\"},\"query-input\":{\"@type\":\"PropertyValueSpecification\",\"valueRequired\":true,\"valueName\":\"search_term_string\"}}],\"inLanguage\":\"ro-RO\"},{\"@type\":\"Organization\",\"@id\":\"https:\/\/marekkuchcinski.pl\/#organization\",\"name\":\"Marek Kuchci\u0144ski\",\"url\":\"https:\/\/marekkuchcinski.pl\/\",\"logo\":{\"@type\":\"ImageObject\",\"inLanguage\":\"ro-RO\",\"@id\":\"https:\/\/marekkuchcinski.pl\/#\/schema\/logo\/image\/\",\"url\":\"https:\/\/marekkuchcinski.pl\/wp-content\/uploads\/2022\/09\/Marek.jpg\",\"contentUrl\":\"https:\/\/marekkuchcinski.pl\/wp-content\/uploads\/2022\/09\/Marek.jpg\",\"width\":1600,\"height\":971,\"caption\":\"Marek Kuchci\u0144ski\"},\"image\":{\"@id\":\"https:\/\/marekkuchcinski.pl\/#\/schema\/logo\/image\/\"}},{\"@type\":\"Person\",\"@id\":\"https:\/\/marekkuchcinski.pl\/#\/schema\/person\/4a5bca3043f3981ff25765c1a631cb30\",\"name\":\"Katarzyna Rokitowska\",\"image\":{\"@type\":\"ImageObject\",\"inLanguage\":\"ro-RO\",\"@id\":\"https:\/\/marekkuchcinski.pl\/#\/schema\/person\/image\/\",\"url\":\"https:\/\/secure.gravatar.com\/avatar\/d0d7a27353e5343220c84b87905639c4?s=96&d=mm&r=g\",\"contentUrl\":\"https:\/\/secure.gravatar.com\/avatar\/d0d7a27353e5343220c84b87905639c4?s=96&d=mm&r=g\",\"caption\":\"Katarzyna Rokitowska\"},\"url\":\"https:\/\/marekkuchcinski.pl\/ro\/author\/kasia-rokitowska\/\"}]}<\/script>\n<!-- \/ Yoast SEO plugin. -->","yoast_head_json":{"title":"II Uniwersytet Letni Instytutu Wsp\u00f3\u0142pracy Polsko-W\u0119gierskiej im. Wac\u0142awa Felczaka &#8211; Marek Kuchci\u0144ski","robots":{"index":"index","follow":"follow","max-snippet":"max-snippet:-1","max-image-preview":"max-image-preview:large","max-video-preview":"max-video-preview:-1"},"canonical":"https:\/\/marekkuchcinski.pl\/ro\/wydarzenia\/ii-uniwersytet-letni-instytutu-wspolpracy-polsko-wegierskiej-im-waclawa-felczaka\/","og_locale":"ro_RO","og_type":"article","og_title":"II Uniwersytet Letni Instytutu Wsp\u00f3\u0142pracy Polsko-W\u0119gierskiej im. Wac\u0142awa Felczaka &#8211; Marek Kuchci\u0144ski","og_description":"W dniach od 26 sierpnia do 30 sierpnia 2019 r. w Zamku w Krasiczynie odbywa si\u0119 II edycja Uniwersytetu Letniego Instytutu Wsp\u00f3\u0142pracy Polsko-W\u0119gierskiej im. Wac\u0142awa Felczaka. Pose\u0142 na Sejm RP Marek Kuchci\u0144ski wraz Wicemarsza\u0142kiem Sejmu Ryszardem Terleckim oraz Wiceprzewodnicz\u0105cym Zgromadzenia Narodowego dr Janosem Latorcaim uczestniczyli w dyskusji na temat: &#8222;Czym dla mnie jest Polska, czym [&hellip;]","og_url":"https:\/\/marekkuchcinski.pl\/ro\/wydarzenia\/ii-uniwersytet-letni-instytutu-wspolpracy-polsko-wegierskiej-im-waclawa-felczaka\/","og_site_name":"Marek Kuchci\u0144ski","article_published_time":"2019-08-27T14:47:48+00:00","article_modified_time":"2019-08-27T14:50:34+00:00","og_image":[{"width":2048,"height":1371,"url":"https:\/\/marekkuchcinski.pl\/wp-content\/uploads\/2019\/08\/DSC_0217.jpg","type":"image\/jpeg"}],"author":"Katarzyna Rokitowska","twitter_card":"summary_large_image","twitter_misc":{"Scris de":"Katarzyna Rokitowska","Timp estimat pentru citire":"1 minute"},"schema":{"@context":"https:\/\/schema.org","@graph":[{"@type":"Article","@id":"https:\/\/marekkuchcinski.pl\/hu\/wydarzenia\/ii-uniwersytet-letni-instytutu-wspolpracy-polsko-wegierskiej-im-waclawa-felczaka\/#article","isPartOf":{"@id":"https:\/\/marekkuchcinski.pl\/hu\/wydarzenia\/ii-uniwersytet-letni-instytutu-wspolpracy-polsko-wegierskiej-im-waclawa-felczaka\/"},"author":{"name":"Katarzyna Rokitowska","@id":"https:\/\/marekkuchcinski.pl\/#\/schema\/person\/4a5bca3043f3981ff25765c1a631cb30"},"headline":"II Uniwersytet Letni Instytutu Wsp\u00f3\u0142pracy Polsko-W\u0119gierskiej im. Wac\u0142awa Felczaka","datePublished":"2019-08-27T14:47:48+00:00","dateModified":"2019-08-27T14:50:34+00:00","mainEntityOfPage":{"@id":"https:\/\/marekkuchcinski.pl\/hu\/wydarzenia\/ii-uniwersytet-letni-instytutu-wspolpracy-polsko-wegierskiej-im-waclawa-felczaka\/"},"wordCount":256,"commentCount":0,"publisher":{"@id":"https:\/\/marekkuchcinski.pl\/#organization"},"image":{"@id":"https:\/\/marekkuchcinski.pl\/hu\/wydarzenia\/ii-uniwersytet-letni-instytutu-wspolpracy-polsko-wegierskiej-im-waclawa-felczaka\/#primaryimage"},"thumbnailUrl":"https:\/\/marekkuchcinski.pl\/wp-content\/uploads\/2019\/08\/DSC_0217.jpg","articleSection":["Wydarzenia"],"inLanguage":"ro-RO","potentialAction":[{"@type":"CommentAction","name":"Comment","target":["https:\/\/marekkuchcinski.pl\/hu\/wydarzenia\/ii-uniwersytet-letni-instytutu-wspolpracy-polsko-wegierskiej-im-waclawa-felczaka\/#respond"]}]},{"@type":"WebPage","@id":"https:\/\/marekkuchcinski.pl\/hu\/wydarzenia\/ii-uniwersytet-letni-instytutu-wspolpracy-polsko-wegierskiej-im-waclawa-felczaka\/","url":"https:\/\/marekkuchcinski.pl\/hu\/wydarzenia\/ii-uniwersytet-letni-instytutu-wspolpracy-polsko-wegierskiej-im-waclawa-felczaka\/","name":"II Uniwersytet Letni Instytutu Wsp\u00f3\u0142pracy Polsko-W\u0119gierskiej im. Wac\u0142awa Felczaka &#8211; Marek Kuchci\u0144ski","isPartOf":{"@id":"https:\/\/marekkuchcinski.pl\/#website"},"primaryImageOfPage":{"@id":"https:\/\/marekkuchcinski.pl\/hu\/wydarzenia\/ii-uniwersytet-letni-instytutu-wspolpracy-polsko-wegierskiej-im-waclawa-felczaka\/#primaryimage"},"image":{"@id":"https:\/\/marekkuchcinski.pl\/hu\/wydarzenia\/ii-uniwersytet-letni-instytutu-wspolpracy-polsko-wegierskiej-im-waclawa-felczaka\/#primaryimage"},"thumbnailUrl":"https:\/\/marekkuchcinski.pl\/wp-content\/uploads\/2019\/08\/DSC_0217.jpg","datePublished":"2019-08-27T14:47:48+00:00","dateModified":"2019-08-27T14:50:34+00:00","breadcrumb":{"@id":"https:\/\/marekkuchcinski.pl\/hu\/wydarzenia\/ii-uniwersytet-letni-instytutu-wspolpracy-polsko-wegierskiej-im-waclawa-felczaka\/#breadcrumb"},"inLanguage":"ro-RO","potentialAction":[{"@type":"ReadAction","target":["https:\/\/marekkuchcinski.pl\/hu\/wydarzenia\/ii-uniwersytet-letni-instytutu-wspolpracy-polsko-wegierskiej-im-waclawa-felczaka\/"]}]},{"@type":"ImageObject","inLanguage":"ro-RO","@id":"https:\/\/marekkuchcinski.pl\/hu\/wydarzenia\/ii-uniwersytet-letni-instytutu-wspolpracy-polsko-wegierskiej-im-waclawa-felczaka\/#primaryimage","url":"https:\/\/marekkuchcinski.pl\/wp-content\/uploads\/2019\/08\/DSC_0217.jpg","contentUrl":"https:\/\/marekkuchcinski.pl\/wp-content\/uploads\/2019\/08\/DSC_0217.jpg","width":2048,"height":1371},{"@type":"BreadcrumbList","@id":"https:\/\/marekkuchcinski.pl\/hu\/wydarzenia\/ii-uniwersytet-letni-instytutu-wspolpracy-polsko-wegierskiej-im-waclawa-felczaka\/#breadcrumb","itemListElement":[{"@type":"ListItem","position":1,"name":"Strona g\u0142\u00f3wna","item":"https:\/\/marekkuchcinski.pl\/"},{"@type":"ListItem","position":2,"name":"II Uniwersytet Letni Instytutu Wsp\u00f3\u0142pracy Polsko-W\u0119gierskiej im. Wac\u0142awa Felczaka"}]},{"@type":"WebSite","@id":"https:\/\/marekkuchcinski.pl\/#website","url":"https:\/\/marekkuchcinski.pl\/","name":"Marek Kuchci\u0144ski","description":"Pose\u0142 na sejm RP &ndash; okr\u0119g nr 22","publisher":{"@id":"https:\/\/marekkuchcinski.pl\/#organization"},"potentialAction":[{"@type":"SearchAction","target":{"@type":"EntryPoint","urlTemplate":"https:\/\/marekkuchcinski.pl\/?s={search_term_string}"},"query-input":{"@type":"PropertyValueSpecification","valueRequired":true,"valueName":"search_term_string"}}],"inLanguage":"ro-RO"},{"@type":"Organization","@id":"https:\/\/marekkuchcinski.pl\/#organization","name":"Marek Kuchci\u0144ski","url":"https:\/\/marekkuchcinski.pl\/","logo":{"@type":"ImageObject","inLanguage":"ro-RO","@id":"https:\/\/marekkuchcinski.pl\/#\/schema\/logo\/image\/","url":"https:\/\/marekkuchcinski.pl\/wp-content\/uploads\/2022\/09\/Marek.jpg","contentUrl":"https:\/\/marekkuchcinski.pl\/wp-content\/uploads\/2022\/09\/Marek.jpg","width":1600,"height":971,"caption":"Marek Kuchci\u0144ski"},"image":{"@id":"https:\/\/marekkuchcinski.pl\/#\/schema\/logo\/image\/"}},{"@type":"Person","@id":"https:\/\/marekkuchcinski.pl\/#\/schema\/person\/4a5bca3043f3981ff25765c1a631cb30","name":"Katarzyna Rokitowska","image":{"@type":"ImageObject","inLanguage":"ro-RO","@id":"https:\/\/marekkuchcinski.pl\/#\/schema\/person\/image\/","url":"https:\/\/secure.gravatar.com\/avatar\/d0d7a27353e5343220c84b87905639c4?s=96&d=mm&r=g","contentUrl":"https:\/\/secure.gravatar.com\/avatar\/d0d7a27353e5343220c84b87905639c4?s=96&d=mm&r=g","caption":"Katarzyna Rokitowska"},"url":"https:\/\/marekkuchcinski.pl\/ro\/author\/kasia-rokitowska\/"}]}},"_links":{"self":[{"href":"https:\/\/marekkuchcinski.pl\/ro\/wp-json\/wp\/v2\/posts\/17522","targetHints":{"allow":["GET"]}}],"collection":[{"href":"https:\/\/marekkuchcinski.pl\/ro\/wp-json\/wp\/v2\/posts"}],"about":[{"href":"https:\/\/marekkuchcinski.pl\/ro\/wp-json\/wp\/v2\/types\/post"}],"author":[{"embeddable":true,"href":"https:\/\/marekkuchcinski.pl\/ro\/wp-json\/wp\/v2\/users\/16"}],"replies":[{"embeddable":true,"href":"https:\/\/marekkuchcinski.pl\/ro\/wp-json\/wp\/v2\/comments?post=17522"}],"version-history":[{"count":3,"href":"https:\/\/marekkuchcinski.pl\/ro\/wp-json\/wp\/v2\/posts\/17522\/revisions"}],"predecessor-version":[{"id":17532,"href":"https:\/\/marekkuchcinski.pl\/ro\/wp-json\/wp\/v2\/posts\/17522\/revisions\/17532"}],"wp:featuredmedia":[{"embeddable":true,"href":"https:\/\/marekkuchcinski.pl\/ro\/wp-json\/wp\/v2\/media\/17523"}],"wp:attachment":[{"href":"https:\/\/marekkuchcinski.pl\/ro\/wp-json\/wp\/v2\/media?parent=17522"}],"wp:term":[{"taxonomy":"category","embeddable":true,"href":"https:\/\/marekkuchcinski.pl\/ro\/wp-json\/wp\/v2\/categories?post=17522"},{"taxonomy":"post_tag","embeddable":true,"href":"https:\/\/marekkuchcinski.pl\/ro\/wp-json\/wp\/v2\/tags?post=17522"}],"curies":[{"name":"wp","href":"https:\/\/api.w.org\/{rel}","templated":true}]}}