{"id":17440,"date":"2019-08-20T09:43:51","date_gmt":"2019-08-20T07:43:51","guid":{"rendered":"https:\/\/marekkuchcinski.pl\/?p=17440"},"modified":"2019-08-20T17:17:01","modified_gmt":"2019-08-20T15:17:01","slug":"bezplatna-pomoc-w-biurze-interwencji-i-porad-prawnych-pis-w-przemyslu","status":"publish","type":"post","link":"https:\/\/marekkuchcinski.pl\/ro\/podkarpacie\/biuro-interwencji-i-porad-pis\/bezplatna-pomoc-w-biurze-interwencji-i-porad-prawnych-pis-w-przemyslu\/","title":{"rendered":"Bezp\u0142atna pomoc w Biurze Interwencji i Porad Prawnych PiS w Przemy\u015blu"},"content":{"rendered":"<p class=\"wp-block-paragraph\"><strong>Biuro Interwencji i Porad Prawnych PiS w Przemy\u015blu jest stref\u0105 parlamentarnej pracy marsza\u0142ka Sejmu Marka Kuchci\u0144skiego. Od lat anga\u017cuje si\u0119 ono w rozwi\u0105zywanie problem\u00f3w wojew\u00f3dztwa podkarpackiego i polityki regionalnej.<\/strong> <\/p>\n\n\n\n<p class=\"wp-block-paragraph\"><strong>Biuro s\u0142u\u017cy pomoc\u0105 ka\u017cdemu, kogo dotkn\u0119\u0142a niesprawiedliwo\u015b\u0107, niekompetencja lub arogancja urz\u0119d\u00f3w i instytucji, kto potrzebuje wskaz\u00f3wki w korzystaniu z przys\u0142uguj\u0105cych mu praw. Bez wzgl\u0119du na narodowo\u015b\u0107, pogl\u0105dy polityczne czy status spo\u0142eczny.<\/strong><\/p>\n\n\n\n<p class=\"wp-block-paragraph\"><strong>Pomoc ta polega na udzielaniu bezp\u0142atnych porad prawnych, przygotowywaniu pism procesowych i administracyjnych, a w sprawach tego wymagaj\u0105cych na podejmowaniu odpowiednich interwencji.<\/strong><\/p>\n\n\n\n<p class=\"wp-block-paragraph\"><strong>Osoby zainteresowane skorzystaniem z darmowej pomocy prawnej w biurze poselskim Marsza\u0142ka Sejmu RP Marka Kuchci\u0144skiego mog\u0105 skontaktowa\u0107 si\u0119 z&nbsp;pracownikami biura osobi\u015bcie b\u0105d\u017a telefonicznie pod nr 16&nbsp;678 49 19<\/strong>.<\/p>\n\n\n\n<p class=\"wp-block-paragraph\">W pierwszym p\u00f3\u0142roczu 2019 r. \u0142\u0105cznie odby\u0142y si\u0119<strong> 174<\/strong> spotkania. Podczas nich poruszane by\u0142y kwestie z r\u00f3\u017cnego rodzaju ga\u0142\u0119zi prawa, tj.:<\/p>\n\n\n\n<ol class=\"wp-block-list\"><li>prawa administracyjnego;<\/li><li>og\u00f3lnego zakresu prawa cywilnego;<\/li><li>prawa karnego i wykroczeniowego;<\/li><li>prawa pracy i ubezpiecze\u0144 spo\u0142ecznych;<\/li><li>prawa rodzinnego;<\/li><\/ol>\n\n\n\n<p class=\"wp-block-paragraph\">Podzia\u0142 tematyczny spotka\u0144 zosta\u0142 przedstawiony na poni\u017cszym wykresie: <\/p>\n\n\n\n<p class=\"wp-block-paragraph\"><strong>Porady prawne w I p\u00f3\u0142roczu 2019 r.<\/strong><\/p>\n\n\n\n<p class=\"wp-block-paragraph\">Przewa\u017caj\u0105cym tematem by\u0142o zagadnienie upad\u0142o\u015bci konsumenckiej. Takich spotka\u0144 odby\u0142o si\u0119 a\u017c 26. Pokazuje to jak wa\u017cn\u0105 i potrzebn\u0105 instytucj\u0105 jest mo\u017cliwo\u015b\u0107 og\u0142oszenia przez osoby nieprowadz\u0105ce dzia\u0142alno\u015bci gospodarczej upad\u0142o\u015bci, celem odd\u0142u\u017cenia.<\/p>\n\n\n\n<p class=\"wp-block-paragraph\">R\u00f3wnie\u017c\ncz\u0119sto do biura poselskiego zg\u0142asza\u0142y si\u0119 osoby z pro\u015bb\u0105 o pomoc w&nbsp;sprawach\nspadkowych. W pierwszym p\u00f3\u0142roczu odby\u0142o si\u0119 ich 18. Spotkania dotyczy\u0142y zar\u00f3wno\ndrogi s\u0105dowej poprzez wniosek o stwierdzenie nabycia spadku, jak i opcji\nnotarialnej tj. po\u015bwiadczenia dziedziczenia.<\/p>\n\n\n\n<p class=\"wp-block-paragraph\">Istotnym\nproblemem, z kt\u00f3rym zmagaj\u0105 si\u0119 obywatele s\u0105 sprawy rent i emerytur. 21 os\u00f3b\nposzukiwa\u0142o pomocy w sprawach nieprawid\u0142owo naliczonych \u015bwiadcze\u0144, czy odmowy\nich przyznania. Bardzo wa\u017cne jest u\u015bwiadamianie ich o mo\u017cliwo\u015bci odwo\u0142ania si\u0119\ndo S\u0105du Powszechnego, kt\u00f3ry niejednokrotnie zmienia postanowienie organu\nemerytalno-rentowego. &nbsp;Dwukrotnie\nomawiana by\u0142a sprawa nowej emerytury \u201eMama 4 plus\u201d.<\/p>\n\n\n\n<p class=\"wp-block-paragraph\">Popularn\u0105\ntematyk\u0105 s\u0105 r\u00f3wnie\u017c sprawy rodzinnie, a w szczeg\u00f3lno\u015bci alimenty i&nbsp;rozwody.\nW przypadku aliment\u00f3w przewa\u017ca\u0142y sprawy o zas\u0105dzenie ich na rzecz ma\u0142oletnich\ndzieci, jednak jeden przypadek dotyczy\u0142 ich zniesienia z uwagi na osi\u0105gni\u0119cie\nsamodzielno\u015bci przez dziecko. Post\u0119powania rozwodowe dotyczy\u0142y zar\u00f3wno wniosk\u00f3w\no ustalenie winy jednego z ma\u0142\u017conk\u00f3w, lub z zaniechaniem orzekania o niej.\nSpraw tych by\u0142o \u0142\u0105cznie 14.<\/p>\n\n\n\n<p class=\"wp-block-paragraph\">Pozosta\u0142e\nsprawy cywilnoprawne dotyczy\u0142y m.in.:<\/p>\n\n\n\n<ul class=\"wp-block-list\"><li>skierowania na przymusowe leczenie;<\/li><li>zap\u0142aty za wykonan\u0105 us\u0142ug\u0119;<\/li><li>czynszu mieszkalnego;<\/li><li>podzia\u0142u maj\u0105tku;<\/li><li>s\u0142u\u017cebno\u015bci;<\/li><li>spraw wieczystoksi\u0119gowych;<\/li><li>konsumenckiego odst\u0105pienia od umowy;<\/li><li>dzier\u017cawy;<\/li><li>odszkodowa\u0144\/zado\u015b\u0107uczynie\u0144;<\/li><li>eksmisji;<\/li><li>depozytu s\u0105dowego.<\/li><\/ul>\n\n\n\n<p class=\"wp-block-paragraph\">Zdecydowany ma\u0142y procent spraw, bo\ntylko 5%, stanowi\u0142y kwestie zwi\u0105zane z&nbsp;przest\u0119pstwami i wykroczeniami. Dotyczy\u0142y\nm.in.:<\/p>\n\n\n\n<ul class=\"wp-block-list\"><li>stalkingu;<\/li><li>oszustwa;<\/li><li>naruszenia nietykalno\u015bci cielesnej;<\/li><li>zn\u0119cania si\u0119;<\/li><li>przej\u0119cia \u015bcigania.<\/li><\/ul>\n\n\n\n<p class=\"wp-block-paragraph\">Prawo\nadministracyjne&nbsp;r\u00f3\u017cni si\u0119 od innych ga\u0142\u0119zi prawa, gdy\u017c reguluj\u0105 go wyj\u0105tkowo\nliczne i zr\u00f3\u017cnicowane akty prawne. Zagadnienia te poruszane by\u0142y na 24\nspotkaniach i dotyczy\u0142y m. in.<\/p>\n\n\n\n<ul class=\"wp-block-list\"><li>zasi\u0142ku piel\u0119gnacyjnego;<\/li><li>uzyskania dokument\u00f3w z archiwum;<\/li><li>wy\u0142\u0105czenia stosowania ustawy\ndezubekizacyjnej;<\/li><li>post\u0119powaniem rozgraniczeniowym;<\/li><li>umorzenia nale\u017cno\u015bci wobec Funduszu\nAlimentacyjnego;<\/li><li>abonamentu RTV;<\/li><li>\u015bwiadczenia 500+;<\/li><li>warunk\u00f3w zabudowy.<\/li><\/ul>\n\n\n\n<p class=\"wp-block-paragraph\">Osoby, kt\u00f3re najrzadziej zwraca\u0142y si\u0119 do Biura Interwencji i Porad Prawnych z&nbsp;pro\u015bb\u0105 o pomoc w swoich sprawach, to petenci z problemami pracowniczymi. Porady dotyczy\u0142y kwestii:<\/p>\n\n\n\n<ul class=\"wp-block-list\"><li>bezzasadnego rozwi\u0105zania stosunku pracy;<\/li><li>zaleg\u0142o\u015bci w wyp\u0142acie wynagrodzenia;<\/li><li>nieprawid\u0142owego \u015bwiadectwa pracy;<\/li><li>sta\u017cu pracy.<\/li><\/ul>\n\n\n\n<p class=\"wp-block-paragraph\">Trzykrotnie\nporuszany by\u0142 temat skargi nadzwyczajnej tj. w sprawie nieprawid\u0142owo naliczonej\nemerytury, nieumy\u015blnego spowodowania \u015bmierci oraz odwo\u0142ania darowizny.<\/p>\n\n\n\n<p class=\"wp-block-paragraph\"><\/p>","protected":false},"excerpt":{"rendered":"<p>Biuro Interwencji i Porad Prawnych PiS w Przemy\u015blu jest stref\u0105 parlamentarnej pracy marsza\u0142ka Sejmu Marka Kuchci\u0144skiego. Od lat anga\u017cuje si\u0119 ono w rozwi\u0105zywanie problem\u00f3w wojew\u00f3dztwa podkarpackiego i polityki regionalnej. Biuro s\u0142u\u017cy pomoc\u0105 ka\u017cdemu, kogo dotkn\u0119\u0142a niesprawiedliwo\u015b\u0107, niekompetencja lub arogancja urz\u0119d\u00f3w i instytucji, kto potrzebuje wskaz\u00f3wki w korzystaniu z przys\u0142uguj\u0105cych mu praw. Bez wzgl\u0119du na narodowo\u015b\u0107, [&hellip;]<\/p>\n","protected":false},"author":1,"featured_media":17461,"comment_status":"open","ping_status":"open","sticky":false,"template":"","format":"standard","meta":{"ngg_post_thumbnail":0,"footnotes":""},"categories":[79,49,82,3],"tags":[],"class_list":["post-17440","post","type-post","status-publish","format-standard","has-post-thumbnail","hentry","category-biuro-interwencji-i-porad-pis","category-podkarpacie","category-prawo-i-sprawiedliwosc","category-wydarzenia"],"yoast_head":"<!-- This site is optimized with the Yoast SEO plugin v28.4 - https:\/\/yoast.com\/product\/yoast-seo-wordpress\/ -->\n<title>Bezp\u0142atna pomoc w Biurze Interwencji i Porad Prawnych PiS w Przemy\u015blu &#8211; Marek Kuchci\u0144ski<\/title>\n<meta name=\"robots\" content=\"index, follow, max-snippet:-1, max-image-preview:large, max-video-preview:-1\" \/>\n<link rel=\"canonical\" href=\"https:\/\/marekkuchcinski.pl\/ro\/podkarpacie\/biuro-interwencji-i-porad-pis\/bezplatna-pomoc-w-biurze-interwencji-i-porad-prawnych-pis-w-przemyslu\/\" \/>\n<meta property=\"og:locale\" content=\"ro_RO\" \/>\n<meta property=\"og:type\" content=\"article\" \/>\n<meta property=\"og:title\" content=\"Bezp\u0142atna pomoc w Biurze Interwencji i Porad Prawnych PiS w Przemy\u015blu &#8211; Marek Kuchci\u0144ski\" \/>\n<meta property=\"og:description\" content=\"Biuro Interwencji i Porad Prawnych PiS w Przemy\u015blu jest stref\u0105 parlamentarnej pracy marsza\u0142ka Sejmu Marka Kuchci\u0144skiego. Od lat anga\u017cuje si\u0119 ono w rozwi\u0105zywanie problem\u00f3w wojew\u00f3dztwa podkarpackiego i polityki regionalnej. Biuro s\u0142u\u017cy pomoc\u0105 ka\u017cdemu, kogo dotkn\u0119\u0142a niesprawiedliwo\u015b\u0107, niekompetencja lub arogancja urz\u0119d\u00f3w i instytucji, kto potrzebuje wskaz\u00f3wki w korzystaniu z przys\u0142uguj\u0105cych mu praw. Bez wzgl\u0119du na narodowo\u015b\u0107, [&hellip;]\" \/>\n<meta property=\"og:url\" content=\"https:\/\/marekkuchcinski.pl\/ro\/podkarpacie\/biuro-interwencji-i-porad-pis\/bezplatna-pomoc-w-biurze-interwencji-i-porad-prawnych-pis-w-przemyslu\/\" \/>\n<meta property=\"og:site_name\" content=\"Marek Kuchci\u0144ski\" \/>\n<meta property=\"article:published_time\" content=\"2019-08-20T07:43:51+00:00\" \/>\n<meta property=\"article:modified_time\" content=\"2019-08-20T15:17:01+00:00\" \/>\n<meta property=\"og:image\" content=\"https:\/\/marekkuchcinski.pl\/wp-content\/uploads\/2019\/08\/BIURO-INTERWENCJI-I-PORAD-PRAWNYCH-2.jpg\" \/>\n\t<meta property=\"og:image:width\" content=\"967\" \/>\n\t<meta property=\"og:image:height\" content=\"691\" \/>\n\t<meta property=\"og:image:type\" content=\"image\/jpeg\" \/>\n<meta name=\"author\" content=\"admin\" \/>\n<meta name=\"twitter:card\" content=\"summary_large_image\" \/>\n<meta name=\"twitter:label1\" content=\"Written by\" \/>\n\t<meta name=\"twitter:data1\" content=\"admin\" \/>\n\t<meta name=\"twitter:label2\" content=\"Est. reading time\" \/>\n\t<meta name=\"twitter:data2\" content=\"3 minutes\" \/>\n<script type=\"application\/ld+json\" class=\"yoast-schema-graph\">{\"@context\":\"https:\\\/\\\/schema.org\",\"@graph\":[{\"@type\":\"Article\",\"@id\":\"https:\\\/\\\/marekkuchcinski.pl\\\/podkarpacie\\\/biuro-interwencji-i-porad-pis\\\/bezplatna-pomoc-w-biurze-interwencji-i-porad-prawnych-pis-w-przemyslu\\\/#article\",\"isPartOf\":{\"@id\":\"https:\\\/\\\/marekkuchcinski.pl\\\/podkarpacie\\\/biuro-interwencji-i-porad-pis\\\/bezplatna-pomoc-w-biurze-interwencji-i-porad-prawnych-pis-w-przemyslu\\\/\"},\"author\":{\"name\":\"admin\",\"@id\":\"https:\\\/\\\/marekkuchcinski.pl\\\/#\\\/schema\\\/person\\\/3df5731f1d989baf25555b5a344773d5\"},\"headline\":\"Bezp\u0142atna pomoc w Biurze Interwencji i Porad Prawnych PiS w Przemy\u015blu\",\"datePublished\":\"2019-08-20T07:43:51+00:00\",\"dateModified\":\"2019-08-20T15:17:01+00:00\",\"mainEntityOfPage\":{\"@id\":\"https:\\\/\\\/marekkuchcinski.pl\\\/podkarpacie\\\/biuro-interwencji-i-porad-pis\\\/bezplatna-pomoc-w-biurze-interwencji-i-porad-prawnych-pis-w-przemyslu\\\/\"},\"wordCount\":657,\"commentCount\":0,\"publisher\":{\"@id\":\"https:\\\/\\\/marekkuchcinski.pl\\\/#organization\"},\"image\":{\"@id\":\"https:\\\/\\\/marekkuchcinski.pl\\\/podkarpacie\\\/biuro-interwencji-i-porad-pis\\\/bezplatna-pomoc-w-biurze-interwencji-i-porad-prawnych-pis-w-przemyslu\\\/#primaryimage\"},\"thumbnailUrl\":\"https:\\\/\\\/marekkuchcinski.pl\\\/wp-content\\\/uploads\\\/2019\\\/08\\\/BIURO-INTERWENCJI-I-PORAD-PRAWNYCH-2.jpg\",\"articleSection\":[\"Biuro Interwencji i Porad Prawnych\",\"Podkarpacie\",\"Prawo i Sprawiedliwo\u015b\u0107\",\"Wydarzenia\"],\"inLanguage\":\"ro-RO\",\"potentialAction\":[{\"@type\":\"CommentAction\",\"name\":\"Comment\",\"target\":[\"https:\\\/\\\/marekkuchcinski.pl\\\/podkarpacie\\\/biuro-interwencji-i-porad-pis\\\/bezplatna-pomoc-w-biurze-interwencji-i-porad-prawnych-pis-w-przemyslu\\\/#respond\"]}]},{\"@type\":\"WebPage\",\"@id\":\"https:\\\/\\\/marekkuchcinski.pl\\\/podkarpacie\\\/biuro-interwencji-i-porad-pis\\\/bezplatna-pomoc-w-biurze-interwencji-i-porad-prawnych-pis-w-przemyslu\\\/\",\"url\":\"https:\\\/\\\/marekkuchcinski.pl\\\/podkarpacie\\\/biuro-interwencji-i-porad-pis\\\/bezplatna-pomoc-w-biurze-interwencji-i-porad-prawnych-pis-w-przemyslu\\\/\",\"name\":\"Bezp\u0142atna pomoc w Biurze Interwencji i Porad Prawnych PiS w Przemy\u015blu &#8211; Marek Kuchci\u0144ski\",\"isPartOf\":{\"@id\":\"https:\\\/\\\/marekkuchcinski.pl\\\/#website\"},\"primaryImageOfPage\":{\"@id\":\"https:\\\/\\\/marekkuchcinski.pl\\\/podkarpacie\\\/biuro-interwencji-i-porad-pis\\\/bezplatna-pomoc-w-biurze-interwencji-i-porad-prawnych-pis-w-przemyslu\\\/#primaryimage\"},\"image\":{\"@id\":\"https:\\\/\\\/marekkuchcinski.pl\\\/podkarpacie\\\/biuro-interwencji-i-porad-pis\\\/bezplatna-pomoc-w-biurze-interwencji-i-porad-prawnych-pis-w-przemyslu\\\/#primaryimage\"},\"thumbnailUrl\":\"https:\\\/\\\/marekkuchcinski.pl\\\/wp-content\\\/uploads\\\/2019\\\/08\\\/BIURO-INTERWENCJI-I-PORAD-PRAWNYCH-2.jpg\",\"datePublished\":\"2019-08-20T07:43:51+00:00\",\"dateModified\":\"2019-08-20T15:17:01+00:00\",\"breadcrumb\":{\"@id\":\"https:\\\/\\\/marekkuchcinski.pl\\\/podkarpacie\\\/biuro-interwencji-i-porad-pis\\\/bezplatna-pomoc-w-biurze-interwencji-i-porad-prawnych-pis-w-przemyslu\\\/#breadcrumb\"},\"inLanguage\":\"ro-RO\",\"potentialAction\":[{\"@type\":\"ReadAction\",\"target\":[\"https:\\\/\\\/marekkuchcinski.pl\\\/podkarpacie\\\/biuro-interwencji-i-porad-pis\\\/bezplatna-pomoc-w-biurze-interwencji-i-porad-prawnych-pis-w-przemyslu\\\/\"]}]},{\"@type\":\"ImageObject\",\"inLanguage\":\"ro-RO\",\"@id\":\"https:\\\/\\\/marekkuchcinski.pl\\\/podkarpacie\\\/biuro-interwencji-i-porad-pis\\\/bezplatna-pomoc-w-biurze-interwencji-i-porad-prawnych-pis-w-przemyslu\\\/#primaryimage\",\"url\":\"https:\\\/\\\/marekkuchcinski.pl\\\/wp-content\\\/uploads\\\/2019\\\/08\\\/BIURO-INTERWENCJI-I-PORAD-PRAWNYCH-2.jpg\",\"contentUrl\":\"https:\\\/\\\/marekkuchcinski.pl\\\/wp-content\\\/uploads\\\/2019\\\/08\\\/BIURO-INTERWENCJI-I-PORAD-PRAWNYCH-2.jpg\",\"width\":967,\"height\":691},{\"@type\":\"BreadcrumbList\",\"@id\":\"https:\\\/\\\/marekkuchcinski.pl\\\/podkarpacie\\\/biuro-interwencji-i-porad-pis\\\/bezplatna-pomoc-w-biurze-interwencji-i-porad-prawnych-pis-w-przemyslu\\\/#breadcrumb\",\"itemListElement\":[{\"@type\":\"ListItem\",\"position\":1,\"name\":\"Strona g\u0142\u00f3wna\",\"item\":\"https:\\\/\\\/marekkuchcinski.pl\\\/\"},{\"@type\":\"ListItem\",\"position\":2,\"name\":\"Bezp\u0142atna pomoc w Biurze Interwencji i Porad Prawnych PiS w Przemy\u015blu\"}]},{\"@type\":\"WebSite\",\"@id\":\"https:\\\/\\\/marekkuchcinski.pl\\\/#website\",\"url\":\"https:\\\/\\\/marekkuchcinski.pl\\\/\",\"name\":\"Marek Kuchci\u0144ski\",\"description\":\"Marek Kuchci\u0144ski \",\"publisher\":{\"@id\":\"https:\\\/\\\/marekkuchcinski.pl\\\/#organization\"},\"potentialAction\":[{\"@type\":\"SearchAction\",\"target\":{\"@type\":\"EntryPoint\",\"urlTemplate\":\"https:\\\/\\\/marekkuchcinski.pl\\\/?s={search_term_string}\"},\"query-input\":{\"@type\":\"PropertyValueSpecification\",\"valueRequired\":true,\"valueName\":\"search_term_string\"}}],\"inLanguage\":\"ro-RO\"},{\"@type\":\"Organization\",\"@id\":\"https:\\\/\\\/marekkuchcinski.pl\\\/#organization\",\"name\":\"Marek Kuchci\u0144ski\",\"url\":\"https:\\\/\\\/marekkuchcinski.pl\\\/\",\"logo\":{\"@type\":\"ImageObject\",\"inLanguage\":\"ro-RO\",\"@id\":\"https:\\\/\\\/marekkuchcinski.pl\\\/#\\\/schema\\\/logo\\\/image\\\/\",\"url\":\"https:\\\/\\\/marekkuchcinski.pl\\\/wp-content\\\/uploads\\\/2022\\\/09\\\/Marek.jpg\",\"contentUrl\":\"https:\\\/\\\/marekkuchcinski.pl\\\/wp-content\\\/uploads\\\/2022\\\/09\\\/Marek.jpg\",\"width\":1600,\"height\":971,\"caption\":\"Marek Kuchci\u0144ski\"},\"image\":{\"@id\":\"https:\\\/\\\/marekkuchcinski.pl\\\/#\\\/schema\\\/logo\\\/image\\\/\"}},{\"@type\":\"Person\",\"@id\":\"https:\\\/\\\/marekkuchcinski.pl\\\/#\\\/schema\\\/person\\\/3df5731f1d989baf25555b5a344773d5\",\"name\":\"admin\",\"image\":{\"@type\":\"ImageObject\",\"inLanguage\":\"ro-RO\",\"@id\":\"https:\\\/\\\/secure.gravatar.com\\\/avatar\\\/8fdd2bf34b2a04a8cfb92bbed2c60d558452e5d61a8064e677da4778b9cf4898?s=96&d=mm&r=g\",\"url\":\"https:\\\/\\\/secure.gravatar.com\\\/avatar\\\/8fdd2bf34b2a04a8cfb92bbed2c60d558452e5d61a8064e677da4778b9cf4898?s=96&d=mm&r=g\",\"contentUrl\":\"https:\\\/\\\/secure.gravatar.com\\\/avatar\\\/8fdd2bf34b2a04a8cfb92bbed2c60d558452e5d61a8064e677da4778b9cf4898?s=96&d=mm&r=g\",\"caption\":\"admin\"},\"sameAs\":[\"https:\\\/\\\/marekkuchcinski.pl\"],\"url\":\"https:\\\/\\\/marekkuchcinski.pl\\\/ro\\\/author\\\/admin\\\/\"}]}<\/script>\n<!-- \/ Yoast SEO plugin. -->","yoast_head_json":{"title":"Bezp\u0142atna pomoc w Biurze Interwencji i Porad Prawnych PiS w Przemy\u015blu &#8211; Marek Kuchci\u0144ski","robots":{"index":"index","follow":"follow","max-snippet":"max-snippet:-1","max-image-preview":"max-image-preview:large","max-video-preview":"max-video-preview:-1"},"canonical":"https:\/\/marekkuchcinski.pl\/ro\/podkarpacie\/biuro-interwencji-i-porad-pis\/bezplatna-pomoc-w-biurze-interwencji-i-porad-prawnych-pis-w-przemyslu\/","og_locale":"ro_RO","og_type":"article","og_title":"Bezp\u0142atna pomoc w Biurze Interwencji i Porad Prawnych PiS w Przemy\u015blu &#8211; Marek Kuchci\u0144ski","og_description":"Biuro Interwencji i Porad Prawnych PiS w Przemy\u015blu jest stref\u0105 parlamentarnej pracy marsza\u0142ka Sejmu Marka Kuchci\u0144skiego. Od lat anga\u017cuje si\u0119 ono w rozwi\u0105zywanie problem\u00f3w wojew\u00f3dztwa podkarpackiego i polityki regionalnej. Biuro s\u0142u\u017cy pomoc\u0105 ka\u017cdemu, kogo dotkn\u0119\u0142a niesprawiedliwo\u015b\u0107, niekompetencja lub arogancja urz\u0119d\u00f3w i instytucji, kto potrzebuje wskaz\u00f3wki w korzystaniu z przys\u0142uguj\u0105cych mu praw. Bez wzgl\u0119du na narodowo\u015b\u0107, [&hellip;]","og_url":"https:\/\/marekkuchcinski.pl\/ro\/podkarpacie\/biuro-interwencji-i-porad-pis\/bezplatna-pomoc-w-biurze-interwencji-i-porad-prawnych-pis-w-przemyslu\/","og_site_name":"Marek Kuchci\u0144ski","article_published_time":"2019-08-20T07:43:51+00:00","article_modified_time":"2019-08-20T15:17:01+00:00","og_image":[{"width":967,"height":691,"url":"https:\/\/marekkuchcinski.pl\/wp-content\/uploads\/2019\/08\/BIURO-INTERWENCJI-I-PORAD-PRAWNYCH-2.jpg","type":"image\/jpeg"}],"author":"admin","twitter_card":"summary_large_image","twitter_misc":{"Written by":"admin","Est. reading time":"3 minutes"},"schema":{"@context":"https:\/\/schema.org","@graph":[{"@type":"Article","@id":"https:\/\/marekkuchcinski.pl\/podkarpacie\/biuro-interwencji-i-porad-pis\/bezplatna-pomoc-w-biurze-interwencji-i-porad-prawnych-pis-w-przemyslu\/#article","isPartOf":{"@id":"https:\/\/marekkuchcinski.pl\/podkarpacie\/biuro-interwencji-i-porad-pis\/bezplatna-pomoc-w-biurze-interwencji-i-porad-prawnych-pis-w-przemyslu\/"},"author":{"name":"admin","@id":"https:\/\/marekkuchcinski.pl\/#\/schema\/person\/3df5731f1d989baf25555b5a344773d5"},"headline":"Bezp\u0142atna pomoc w Biurze Interwencji i Porad Prawnych PiS w Przemy\u015blu","datePublished":"2019-08-20T07:43:51+00:00","dateModified":"2019-08-20T15:17:01+00:00","mainEntityOfPage":{"@id":"https:\/\/marekkuchcinski.pl\/podkarpacie\/biuro-interwencji-i-porad-pis\/bezplatna-pomoc-w-biurze-interwencji-i-porad-prawnych-pis-w-przemyslu\/"},"wordCount":657,"commentCount":0,"publisher":{"@id":"https:\/\/marekkuchcinski.pl\/#organization"},"image":{"@id":"https:\/\/marekkuchcinski.pl\/podkarpacie\/biuro-interwencji-i-porad-pis\/bezplatna-pomoc-w-biurze-interwencji-i-porad-prawnych-pis-w-przemyslu\/#primaryimage"},"thumbnailUrl":"https:\/\/marekkuchcinski.pl\/wp-content\/uploads\/2019\/08\/BIURO-INTERWENCJI-I-PORAD-PRAWNYCH-2.jpg","articleSection":["Biuro Interwencji i Porad Prawnych","Podkarpacie","Prawo i Sprawiedliwo\u015b\u0107","Wydarzenia"],"inLanguage":"ro-RO","potentialAction":[{"@type":"CommentAction","name":"Comment","target":["https:\/\/marekkuchcinski.pl\/podkarpacie\/biuro-interwencji-i-porad-pis\/bezplatna-pomoc-w-biurze-interwencji-i-porad-prawnych-pis-w-przemyslu\/#respond"]}]},{"@type":"WebPage","@id":"https:\/\/marekkuchcinski.pl\/podkarpacie\/biuro-interwencji-i-porad-pis\/bezplatna-pomoc-w-biurze-interwencji-i-porad-prawnych-pis-w-przemyslu\/","url":"https:\/\/marekkuchcinski.pl\/podkarpacie\/biuro-interwencji-i-porad-pis\/bezplatna-pomoc-w-biurze-interwencji-i-porad-prawnych-pis-w-przemyslu\/","name":"Bezp\u0142atna pomoc w Biurze Interwencji i Porad Prawnych PiS w Przemy\u015blu &#8211; Marek Kuchci\u0144ski","isPartOf":{"@id":"https:\/\/marekkuchcinski.pl\/#website"},"primaryImageOfPage":{"@id":"https:\/\/marekkuchcinski.pl\/podkarpacie\/biuro-interwencji-i-porad-pis\/bezplatna-pomoc-w-biurze-interwencji-i-porad-prawnych-pis-w-przemyslu\/#primaryimage"},"image":{"@id":"https:\/\/marekkuchcinski.pl\/podkarpacie\/biuro-interwencji-i-porad-pis\/bezplatna-pomoc-w-biurze-interwencji-i-porad-prawnych-pis-w-przemyslu\/#primaryimage"},"thumbnailUrl":"https:\/\/marekkuchcinski.pl\/wp-content\/uploads\/2019\/08\/BIURO-INTERWENCJI-I-PORAD-PRAWNYCH-2.jpg","datePublished":"2019-08-20T07:43:51+00:00","dateModified":"2019-08-20T15:17:01+00:00","breadcrumb":{"@id":"https:\/\/marekkuchcinski.pl\/podkarpacie\/biuro-interwencji-i-porad-pis\/bezplatna-pomoc-w-biurze-interwencji-i-porad-prawnych-pis-w-przemyslu\/#breadcrumb"},"inLanguage":"ro-RO","potentialAction":[{"@type":"ReadAction","target":["https:\/\/marekkuchcinski.pl\/podkarpacie\/biuro-interwencji-i-porad-pis\/bezplatna-pomoc-w-biurze-interwencji-i-porad-prawnych-pis-w-przemyslu\/"]}]},{"@type":"ImageObject","inLanguage":"ro-RO","@id":"https:\/\/marekkuchcinski.pl\/podkarpacie\/biuro-interwencji-i-porad-pis\/bezplatna-pomoc-w-biurze-interwencji-i-porad-prawnych-pis-w-przemyslu\/#primaryimage","url":"https:\/\/marekkuchcinski.pl\/wp-content\/uploads\/2019\/08\/BIURO-INTERWENCJI-I-PORAD-PRAWNYCH-2.jpg","contentUrl":"https:\/\/marekkuchcinski.pl\/wp-content\/uploads\/2019\/08\/BIURO-INTERWENCJI-I-PORAD-PRAWNYCH-2.jpg","width":967,"height":691},{"@type":"BreadcrumbList","@id":"https:\/\/marekkuchcinski.pl\/podkarpacie\/biuro-interwencji-i-porad-pis\/bezplatna-pomoc-w-biurze-interwencji-i-porad-prawnych-pis-w-przemyslu\/#breadcrumb","itemListElement":[{"@type":"ListItem","position":1,"name":"Strona g\u0142\u00f3wna","item":"https:\/\/marekkuchcinski.pl\/"},{"@type":"ListItem","position":2,"name":"Bezp\u0142atna pomoc w Biurze Interwencji i Porad Prawnych PiS w Przemy\u015blu"}]},{"@type":"WebSite","@id":"https:\/\/marekkuchcinski.pl\/#website","url":"https:\/\/marekkuchcinski.pl\/","name":"Marek Kuchci\u0144ski","description":"Marek Kuchci\u0144ski","publisher":{"@id":"https:\/\/marekkuchcinski.pl\/#organization"},"potentialAction":[{"@type":"SearchAction","target":{"@type":"EntryPoint","urlTemplate":"https:\/\/marekkuchcinski.pl\/?s={search_term_string}"},"query-input":{"@type":"PropertyValueSpecification","valueRequired":true,"valueName":"search_term_string"}}],"inLanguage":"ro-RO"},{"@type":"Organization","@id":"https:\/\/marekkuchcinski.pl\/#organization","name":"Marek Kuchci\u0144ski","url":"https:\/\/marekkuchcinski.pl\/","logo":{"@type":"ImageObject","inLanguage":"ro-RO","@id":"https:\/\/marekkuchcinski.pl\/#\/schema\/logo\/image\/","url":"https:\/\/marekkuchcinski.pl\/wp-content\/uploads\/2022\/09\/Marek.jpg","contentUrl":"https:\/\/marekkuchcinski.pl\/wp-content\/uploads\/2022\/09\/Marek.jpg","width":1600,"height":971,"caption":"Marek Kuchci\u0144ski"},"image":{"@id":"https:\/\/marekkuchcinski.pl\/#\/schema\/logo\/image\/"}},{"@type":"Person","@id":"https:\/\/marekkuchcinski.pl\/#\/schema\/person\/3df5731f1d989baf25555b5a344773d5","name":"admin","image":{"@type":"ImageObject","inLanguage":"ro-RO","@id":"https:\/\/secure.gravatar.com\/avatar\/8fdd2bf34b2a04a8cfb92bbed2c60d558452e5d61a8064e677da4778b9cf4898?s=96&d=mm&r=g","url":"https:\/\/secure.gravatar.com\/avatar\/8fdd2bf34b2a04a8cfb92bbed2c60d558452e5d61a8064e677da4778b9cf4898?s=96&d=mm&r=g","contentUrl":"https:\/\/secure.gravatar.com\/avatar\/8fdd2bf34b2a04a8cfb92bbed2c60d558452e5d61a8064e677da4778b9cf4898?s=96&d=mm&r=g","caption":"admin"},"sameAs":["https:\/\/marekkuchcinski.pl"],"url":"https:\/\/marekkuchcinski.pl\/ro\/author\/admin\/"}]}},"_links":{"self":[{"href":"https:\/\/marekkuchcinski.pl\/ro\/wp-json\/wp\/v2\/posts\/17440","targetHints":{"allow":["GET"]}}],"collection":[{"href":"https:\/\/marekkuchcinski.pl\/ro\/wp-json\/wp\/v2\/posts"}],"about":[{"href":"https:\/\/marekkuchcinski.pl\/ro\/wp-json\/wp\/v2\/types\/post"}],"author":[{"embeddable":true,"href":"https:\/\/marekkuchcinski.pl\/ro\/wp-json\/wp\/v2\/users\/1"}],"replies":[{"embeddable":true,"href":"https:\/\/marekkuchcinski.pl\/ro\/wp-json\/wp\/v2\/comments?post=17440"}],"version-history":[{"count":7,"href":"https:\/\/marekkuchcinski.pl\/ro\/wp-json\/wp\/v2\/posts\/17440\/revisions"}],"predecessor-version":[{"id":17462,"href":"https:\/\/marekkuchcinski.pl\/ro\/wp-json\/wp\/v2\/posts\/17440\/revisions\/17462"}],"wp:featuredmedia":[{"embeddable":true,"href":"https:\/\/marekkuchcinski.pl\/ro\/wp-json\/wp\/v2\/media\/17461"}],"wp:attachment":[{"href":"https:\/\/marekkuchcinski.pl\/ro\/wp-json\/wp\/v2\/media?parent=17440"}],"wp:term":[{"taxonomy":"category","embeddable":true,"href":"https:\/\/marekkuchcinski.pl\/ro\/wp-json\/wp\/v2\/categories?post=17440"},{"taxonomy":"post_tag","embeddable":true,"href":"https:\/\/marekkuchcinski.pl\/ro\/wp-json\/wp\/v2\/tags?post=17440"}],"curies":[{"name":"wp","href":"https:\/\/api.w.org\/{rel}","templated":true}]}}