{"id":17421,"date":"2019-08-12T16:14:57","date_gmt":"2019-08-12T14:14:57","guid":{"rendered":"https:\/\/marekkuchcinski.pl\/?p=17421"},"modified":"2019-08-12T23:15:56","modified_gmt":"2019-08-12T21:15:56","slug":"dzis-mija-11-rocznica-pamietnego-wystapienia-lecha-kaczynskiego-na-wiecu-w-tbilisi","status":"publish","type":"post","link":"https:\/\/marekkuchcinski.pl\/ro\/bez-kategorii\/dzis-mija-11-rocznica-pamietnego-wystapienia-lecha-kaczynskiego-na-wiecu-w-tbilisi\/","title":{"rendered":"Ast\u0103zi se \u00eemplinesc 11 ani de la discursul memorabil al lui Lech Kaczy\u0144ski la un miting la Tbilisi"},"content":{"rendered":"<p>Ast\u0103zi se \u00eemplinesc 11 ani de la discursul memorabil al lui Lech Kaczynski la un miting din Tbilisi. \u00cen cea de-a cincea zi decisiv\u0103 a r\u0103zboiului ruso-georgian, c\u00e2nd trupele ruse\u0219ti au ocupat ora\u0219ele Karaleti \u0219i Gori \u0219i \u00eenaintau spre Tbilisi, Lech Kaczy\u0144ski a sosit personal \u00een Georgia, lu\u00e2ndu-i cu el pe liderii Ucrainei, Lituaniei, Letoniei \u0219i Estoniei. Lu\u00e2nd cuv\u00e2ntul \u00een fa\u021ba cl\u0103dirii parlamentului \u00een fa\u021ba a 200.000 de georgieni, el a subliniat c\u0103 este de datoria comunit\u0103\u021bii interna\u021bionale s\u0103 fie solidar\u0103 \u00eempotriva aspira\u021biilor imperiale ruse\u0219ti. \"A\u0219 vrea s\u0103 v\u0103 spun nu numai vou\u0103, a\u0219 vrea s\u0103 le spun \u0219i celor din Uniunea European\u0103 comun\u0103 c\u0103 Europa Central\u0103, Georgia, c\u0103 \u00eentreaga noastr\u0103 regiune va conta, c\u0103 noi suntem un subiect\", a subliniat el. - \"\u0218i mai \u0219tim foarte bine c\u0103 ast\u0103zi Georgia, m\u00e2ine Ucraina, poim\u00e2ine statele baltice, iar mai t\u00e2rziu poate c\u0103 va veni timpul pentru \u021bara mea - pentru Polonia.\"   Lech Kaczy\u0144ski a fost unul dintre cei mai mari oameni de stat din istoria Poloniei \u0219i a excelat \u00een prezicerea scenariilor posibile pentru evolu\u021bia evenimentelor interna\u021bionale. \u00cen acela\u0219i timp, el a reu\u0219it s\u0103 le contracareze \u00een mod eficient \u0219i curajos. Potrivit politicienilor \u0219i comentatorilor georgieni, vizita lui Lech Kaczy\u0144ski a fost un element important \u00een stoparea agresiunii ruse\u0219ti. Georgienii nu au uitat niciodat\u0103 ce a f\u0103cut Lech Kaczynski pentru ei.  \u00cen semn de recuno\u0219tin\u021b\u0103 \u0219i pentru a-i p\u0103stra memoria \u0219i contribu\u021bia la independen\u021ba Georgiei, au dat numele s\u0103u unor str\u0103zi \u0219i pie\u021be \u0219i au ridicat un bust al pre\u0219edintelui polonez \u00een Tbilisi.<\/p>","protected":false},"excerpt":{"rendered":"<p>Dzi\u015b mija 11. rocznica pami\u0119tnego wyst\u0105pienia Lecha Kaczy\u0144skiego na wiecu w Tbilisi. W pi\u0105tym, decyduj\u0105cym dniu rosyjsko-gruzi\u0144skiej wojny, kiedy to rosyjskie oddzia\u0142y zaj\u0119\u0142y miejscowo\u015bci Karaleti i Gori i posuwa\u0142y si\u0119 w kierunku Tbilisi, Lech Kaczy\u0144ski osobi\u015bcie przyby\u0142 do Gruzji, zabieraj\u0105c ze sob\u0105 przyw\u00f3dc\u00f3w: Ukrainy, Litwy, \u0141otwy i Estonii. Podczas przem\u00f3wienia przed budynkiem parlamentu do zgromadzonych [&hellip;]<\/p>","protected":false},"author":15,"featured_media":0,"comment_status":"open","ping_status":"open","sticky":false,"template":"","format":"standard","meta":{"ngg_post_thumbnail":0,"footnotes":""},"categories":[1],"tags":[],"class_list":["post-17421","post","type-post","status-publish","format-standard","hentry","category-bez-kategorii"],"yoast_head":"<!-- This site is optimized with the Yoast SEO plugin v24.7 - https:\/\/yoast.com\/wordpress\/plugins\/seo\/ -->\n<title>Dzi\u015b mija 11. rocznica pami\u0119tnego wyst\u0105pienia Lecha Kaczy\u0144skiego na wiecu w Tbilisi &#8211; Marek Kuchci\u0144ski<\/title>\n<meta name=\"robots\" content=\"index, follow, max-snippet:-1, max-image-preview:large, max-video-preview:-1\" \/>\n<link rel=\"canonical\" href=\"https:\/\/marekkuchcinski.pl\/ro\/bez-kategorii\/dzis-mija-11-rocznica-pamietnego-wystapienia-lecha-kaczynskiego-na-wiecu-w-tbilisi\/\" \/>\n<meta property=\"og:locale\" content=\"ro_RO\" \/>\n<meta property=\"og:type\" content=\"article\" \/>\n<meta property=\"og:title\" content=\"Dzi\u015b mija 11. rocznica pami\u0119tnego wyst\u0105pienia Lecha Kaczy\u0144skiego na wiecu w Tbilisi &#8211; Marek Kuchci\u0144ski\" \/>\n<meta property=\"og:description\" content=\"Dzi\u015b mija 11. rocznica pami\u0119tnego wyst\u0105pienia Lecha Kaczy\u0144skiego na wiecu w Tbilisi. W pi\u0105tym, decyduj\u0105cym dniu rosyjsko-gruzi\u0144skiej wojny, kiedy to rosyjskie oddzia\u0142y zaj\u0119\u0142y miejscowo\u015bci Karaleti i Gori i posuwa\u0142y si\u0119 w kierunku Tbilisi, Lech Kaczy\u0144ski osobi\u015bcie przyby\u0142 do Gruzji, zabieraj\u0105c ze sob\u0105 przyw\u00f3dc\u00f3w: Ukrainy, Litwy, \u0141otwy i Estonii. Podczas przem\u00f3wienia przed budynkiem parlamentu do zgromadzonych [&hellip;]\" \/>\n<meta property=\"og:url\" content=\"https:\/\/marekkuchcinski.pl\/ro\/bez-kategorii\/dzis-mija-11-rocznica-pamietnego-wystapienia-lecha-kaczynskiego-na-wiecu-w-tbilisi\/\" \/>\n<meta property=\"og:site_name\" content=\"Marek Kuchci\u0144ski\" \/>\n<meta property=\"article:published_time\" content=\"2019-08-12T14:14:57+00:00\" \/>\n<meta property=\"article:modified_time\" content=\"2019-08-12T21:15:56+00:00\" \/>\n<meta property=\"og:image\" content=\"https:\/\/marekkuchcinski.pl\/wp-content\/uploads\/2022\/09\/Marek.jpg\" \/>\n\t<meta property=\"og:image:width\" content=\"1600\" \/>\n\t<meta property=\"og:image:height\" content=\"971\" \/>\n\t<meta property=\"og:image:type\" content=\"image\/jpeg\" \/>\n<meta name=\"author\" content=\"Andrzej Paniw\" \/>\n<meta name=\"twitter:card\" content=\"summary_large_image\" \/>\n<meta name=\"twitter:label1\" content=\"Scris de\" \/>\n\t<meta name=\"twitter:data1\" content=\"Andrzej Paniw\" \/>\n\t<meta name=\"twitter:label2\" content=\"Timp estimat pentru citire\" \/>\n\t<meta name=\"twitter:data2\" content=\"1 minute\" \/>\n<script type=\"application\/ld+json\" class=\"yoast-schema-graph\">{\"@context\":\"https:\/\/schema.org\",\"@graph\":[{\"@type\":\"Article\",\"@id\":\"https:\/\/marekkuchcinski.pl\/bez-kategorii\/dzis-mija-11-rocznica-pamietnego-wystapienia-lecha-kaczynskiego-na-wiecu-w-tbilisi\/#article\",\"isPartOf\":{\"@id\":\"https:\/\/marekkuchcinski.pl\/bez-kategorii\/dzis-mija-11-rocznica-pamietnego-wystapienia-lecha-kaczynskiego-na-wiecu-w-tbilisi\/\"},\"author\":{\"name\":\"Andrzej Paniw\",\"@id\":\"https:\/\/marekkuchcinski.pl\/#\/schema\/person\/0346d7f21c9bed5cf4eed3231e9f59fa\"},\"headline\":\"Dzi\u015b mija 11. rocznica pami\u0119tnego wyst\u0105pienia Lecha Kaczy\u0144skiego na wiecu w Tbilisi\",\"datePublished\":\"2019-08-12T14:14:57+00:00\",\"dateModified\":\"2019-08-12T21:15:56+00:00\",\"mainEntityOfPage\":{\"@id\":\"https:\/\/marekkuchcinski.pl\/bez-kategorii\/dzis-mija-11-rocznica-pamietnego-wystapienia-lecha-kaczynskiego-na-wiecu-w-tbilisi\/\"},\"wordCount\":276,\"commentCount\":0,\"publisher\":{\"@id\":\"https:\/\/marekkuchcinski.pl\/#organization\"},\"articleSection\":[\"Bez kategorii\"],\"inLanguage\":\"ro-RO\",\"potentialAction\":[{\"@type\":\"CommentAction\",\"name\":\"Comment\",\"target\":[\"https:\/\/marekkuchcinski.pl\/bez-kategorii\/dzis-mija-11-rocznica-pamietnego-wystapienia-lecha-kaczynskiego-na-wiecu-w-tbilisi\/#respond\"]}]},{\"@type\":\"WebPage\",\"@id\":\"https:\/\/marekkuchcinski.pl\/bez-kategorii\/dzis-mija-11-rocznica-pamietnego-wystapienia-lecha-kaczynskiego-na-wiecu-w-tbilisi\/\",\"url\":\"https:\/\/marekkuchcinski.pl\/bez-kategorii\/dzis-mija-11-rocznica-pamietnego-wystapienia-lecha-kaczynskiego-na-wiecu-w-tbilisi\/\",\"name\":\"Dzi\u015b mija 11. rocznica pami\u0119tnego wyst\u0105pienia Lecha Kaczy\u0144skiego na wiecu w Tbilisi &#8211; Marek Kuchci\u0144ski\",\"isPartOf\":{\"@id\":\"https:\/\/marekkuchcinski.pl\/#website\"},\"datePublished\":\"2019-08-12T14:14:57+00:00\",\"dateModified\":\"2019-08-12T21:15:56+00:00\",\"breadcrumb\":{\"@id\":\"https:\/\/marekkuchcinski.pl\/bez-kategorii\/dzis-mija-11-rocznica-pamietnego-wystapienia-lecha-kaczynskiego-na-wiecu-w-tbilisi\/#breadcrumb\"},\"inLanguage\":\"ro-RO\",\"potentialAction\":[{\"@type\":\"ReadAction\",\"target\":[\"https:\/\/marekkuchcinski.pl\/bez-kategorii\/dzis-mija-11-rocznica-pamietnego-wystapienia-lecha-kaczynskiego-na-wiecu-w-tbilisi\/\"]}]},{\"@type\":\"BreadcrumbList\",\"@id\":\"https:\/\/marekkuchcinski.pl\/bez-kategorii\/dzis-mija-11-rocznica-pamietnego-wystapienia-lecha-kaczynskiego-na-wiecu-w-tbilisi\/#breadcrumb\",\"itemListElement\":[{\"@type\":\"ListItem\",\"position\":1,\"name\":\"Strona g\u0142\u00f3wna\",\"item\":\"https:\/\/marekkuchcinski.pl\/\"},{\"@type\":\"ListItem\",\"position\":2,\"name\":\"Dzi\u015b mija 11. rocznica pami\u0119tnego wyst\u0105pienia Lecha Kaczy\u0144skiego na wiecu w Tbilisi\"}]},{\"@type\":\"WebSite\",\"@id\":\"https:\/\/marekkuchcinski.pl\/#website\",\"url\":\"https:\/\/marekkuchcinski.pl\/\",\"name\":\"Marek Kuchci\u0144ski\",\"description\":\"Pose\u0142 na sejm RP &ndash; okr\u0119g nr 22\",\"publisher\":{\"@id\":\"https:\/\/marekkuchcinski.pl\/#organization\"},\"potentialAction\":[{\"@type\":\"SearchAction\",\"target\":{\"@type\":\"EntryPoint\",\"urlTemplate\":\"https:\/\/marekkuchcinski.pl\/?s={search_term_string}\"},\"query-input\":{\"@type\":\"PropertyValueSpecification\",\"valueRequired\":true,\"valueName\":\"search_term_string\"}}],\"inLanguage\":\"ro-RO\"},{\"@type\":\"Organization\",\"@id\":\"https:\/\/marekkuchcinski.pl\/#organization\",\"name\":\"Marek Kuchci\u0144ski\",\"url\":\"https:\/\/marekkuchcinski.pl\/\",\"logo\":{\"@type\":\"ImageObject\",\"inLanguage\":\"ro-RO\",\"@id\":\"https:\/\/marekkuchcinski.pl\/#\/schema\/logo\/image\/\",\"url\":\"https:\/\/marekkuchcinski.pl\/wp-content\/uploads\/2022\/09\/Marek.jpg\",\"contentUrl\":\"https:\/\/marekkuchcinski.pl\/wp-content\/uploads\/2022\/09\/Marek.jpg\",\"width\":1600,\"height\":971,\"caption\":\"Marek Kuchci\u0144ski\"},\"image\":{\"@id\":\"https:\/\/marekkuchcinski.pl\/#\/schema\/logo\/image\/\"}},{\"@type\":\"Person\",\"@id\":\"https:\/\/marekkuchcinski.pl\/#\/schema\/person\/0346d7f21c9bed5cf4eed3231e9f59fa\",\"name\":\"Andrzej Paniw\",\"image\":{\"@type\":\"ImageObject\",\"inLanguage\":\"ro-RO\",\"@id\":\"https:\/\/marekkuchcinski.pl\/#\/schema\/person\/image\/\",\"url\":\"https:\/\/secure.gravatar.com\/avatar\/b68f7f24be3be59e4e54b34ffa26bdeb?s=96&d=mm&r=g\",\"contentUrl\":\"https:\/\/secure.gravatar.com\/avatar\/b68f7f24be3be59e4e54b34ffa26bdeb?s=96&d=mm&r=g\",\"caption\":\"Andrzej Paniw\"},\"url\":\"https:\/\/marekkuchcinski.pl\/ro\/author\/andrzej-paniw\/\"}]}<\/script>\n<!-- \/ Yoast SEO plugin. -->","yoast_head_json":{"title":"Dzi\u015b mija 11. rocznica pami\u0119tnego wyst\u0105pienia Lecha Kaczy\u0144skiego na wiecu w Tbilisi &#8211; Marek Kuchci\u0144ski","robots":{"index":"index","follow":"follow","max-snippet":"max-snippet:-1","max-image-preview":"max-image-preview:large","max-video-preview":"max-video-preview:-1"},"canonical":"https:\/\/marekkuchcinski.pl\/ro\/bez-kategorii\/dzis-mija-11-rocznica-pamietnego-wystapienia-lecha-kaczynskiego-na-wiecu-w-tbilisi\/","og_locale":"ro_RO","og_type":"article","og_title":"Dzi\u015b mija 11. rocznica pami\u0119tnego wyst\u0105pienia Lecha Kaczy\u0144skiego na wiecu w Tbilisi &#8211; Marek Kuchci\u0144ski","og_description":"Dzi\u015b mija 11. rocznica pami\u0119tnego wyst\u0105pienia Lecha Kaczy\u0144skiego na wiecu w Tbilisi. W pi\u0105tym, decyduj\u0105cym dniu rosyjsko-gruzi\u0144skiej wojny, kiedy to rosyjskie oddzia\u0142y zaj\u0119\u0142y miejscowo\u015bci Karaleti i Gori i posuwa\u0142y si\u0119 w kierunku Tbilisi, Lech Kaczy\u0144ski osobi\u015bcie przyby\u0142 do Gruzji, zabieraj\u0105c ze sob\u0105 przyw\u00f3dc\u00f3w: Ukrainy, Litwy, \u0141otwy i Estonii. Podczas przem\u00f3wienia przed budynkiem parlamentu do zgromadzonych [&hellip;]","og_url":"https:\/\/marekkuchcinski.pl\/ro\/bez-kategorii\/dzis-mija-11-rocznica-pamietnego-wystapienia-lecha-kaczynskiego-na-wiecu-w-tbilisi\/","og_site_name":"Marek Kuchci\u0144ski","article_published_time":"2019-08-12T14:14:57+00:00","article_modified_time":"2019-08-12T21:15:56+00:00","og_image":[{"width":1600,"height":971,"url":"https:\/\/marekkuchcinski.pl\/wp-content\/uploads\/2022\/09\/Marek.jpg","type":"image\/jpeg"}],"author":"Andrzej Paniw","twitter_card":"summary_large_image","twitter_misc":{"Scris de":"Andrzej Paniw","Timp estimat pentru citire":"1 minute"},"schema":{"@context":"https:\/\/schema.org","@graph":[{"@type":"Article","@id":"https:\/\/marekkuchcinski.pl\/bez-kategorii\/dzis-mija-11-rocznica-pamietnego-wystapienia-lecha-kaczynskiego-na-wiecu-w-tbilisi\/#article","isPartOf":{"@id":"https:\/\/marekkuchcinski.pl\/bez-kategorii\/dzis-mija-11-rocznica-pamietnego-wystapienia-lecha-kaczynskiego-na-wiecu-w-tbilisi\/"},"author":{"name":"Andrzej Paniw","@id":"https:\/\/marekkuchcinski.pl\/#\/schema\/person\/0346d7f21c9bed5cf4eed3231e9f59fa"},"headline":"Dzi\u015b mija 11. rocznica pami\u0119tnego wyst\u0105pienia Lecha Kaczy\u0144skiego na wiecu w Tbilisi","datePublished":"2019-08-12T14:14:57+00:00","dateModified":"2019-08-12T21:15:56+00:00","mainEntityOfPage":{"@id":"https:\/\/marekkuchcinski.pl\/bez-kategorii\/dzis-mija-11-rocznica-pamietnego-wystapienia-lecha-kaczynskiego-na-wiecu-w-tbilisi\/"},"wordCount":276,"commentCount":0,"publisher":{"@id":"https:\/\/marekkuchcinski.pl\/#organization"},"articleSection":["Bez kategorii"],"inLanguage":"ro-RO","potentialAction":[{"@type":"CommentAction","name":"Comment","target":["https:\/\/marekkuchcinski.pl\/bez-kategorii\/dzis-mija-11-rocznica-pamietnego-wystapienia-lecha-kaczynskiego-na-wiecu-w-tbilisi\/#respond"]}]},{"@type":"WebPage","@id":"https:\/\/marekkuchcinski.pl\/bez-kategorii\/dzis-mija-11-rocznica-pamietnego-wystapienia-lecha-kaczynskiego-na-wiecu-w-tbilisi\/","url":"https:\/\/marekkuchcinski.pl\/bez-kategorii\/dzis-mija-11-rocznica-pamietnego-wystapienia-lecha-kaczynskiego-na-wiecu-w-tbilisi\/","name":"Dzi\u015b mija 11. rocznica pami\u0119tnego wyst\u0105pienia Lecha Kaczy\u0144skiego na wiecu w Tbilisi &#8211; Marek Kuchci\u0144ski","isPartOf":{"@id":"https:\/\/marekkuchcinski.pl\/#website"},"datePublished":"2019-08-12T14:14:57+00:00","dateModified":"2019-08-12T21:15:56+00:00","breadcrumb":{"@id":"https:\/\/marekkuchcinski.pl\/bez-kategorii\/dzis-mija-11-rocznica-pamietnego-wystapienia-lecha-kaczynskiego-na-wiecu-w-tbilisi\/#breadcrumb"},"inLanguage":"ro-RO","potentialAction":[{"@type":"ReadAction","target":["https:\/\/marekkuchcinski.pl\/bez-kategorii\/dzis-mija-11-rocznica-pamietnego-wystapienia-lecha-kaczynskiego-na-wiecu-w-tbilisi\/"]}]},{"@type":"BreadcrumbList","@id":"https:\/\/marekkuchcinski.pl\/bez-kategorii\/dzis-mija-11-rocznica-pamietnego-wystapienia-lecha-kaczynskiego-na-wiecu-w-tbilisi\/#breadcrumb","itemListElement":[{"@type":"ListItem","position":1,"name":"Strona g\u0142\u00f3wna","item":"https:\/\/marekkuchcinski.pl\/"},{"@type":"ListItem","position":2,"name":"Dzi\u015b mija 11. rocznica pami\u0119tnego wyst\u0105pienia Lecha Kaczy\u0144skiego na wiecu w Tbilisi"}]},{"@type":"WebSite","@id":"https:\/\/marekkuchcinski.pl\/#website","url":"https:\/\/marekkuchcinski.pl\/","name":"Marek Kuchci\u0144ski","description":"Pose\u0142 na sejm RP &ndash; okr\u0119g nr 22","publisher":{"@id":"https:\/\/marekkuchcinski.pl\/#organization"},"potentialAction":[{"@type":"SearchAction","target":{"@type":"EntryPoint","urlTemplate":"https:\/\/marekkuchcinski.pl\/?s={search_term_string}"},"query-input":{"@type":"PropertyValueSpecification","valueRequired":true,"valueName":"search_term_string"}}],"inLanguage":"ro-RO"},{"@type":"Organization","@id":"https:\/\/marekkuchcinski.pl\/#organization","name":"Marek Kuchci\u0144ski","url":"https:\/\/marekkuchcinski.pl\/","logo":{"@type":"ImageObject","inLanguage":"ro-RO","@id":"https:\/\/marekkuchcinski.pl\/#\/schema\/logo\/image\/","url":"https:\/\/marekkuchcinski.pl\/wp-content\/uploads\/2022\/09\/Marek.jpg","contentUrl":"https:\/\/marekkuchcinski.pl\/wp-content\/uploads\/2022\/09\/Marek.jpg","width":1600,"height":971,"caption":"Marek Kuchci\u0144ski"},"image":{"@id":"https:\/\/marekkuchcinski.pl\/#\/schema\/logo\/image\/"}},{"@type":"Person","@id":"https:\/\/marekkuchcinski.pl\/#\/schema\/person\/0346d7f21c9bed5cf4eed3231e9f59fa","name":"Andrzej Paniw","image":{"@type":"ImageObject","inLanguage":"ro-RO","@id":"https:\/\/marekkuchcinski.pl\/#\/schema\/person\/image\/","url":"https:\/\/secure.gravatar.com\/avatar\/b68f7f24be3be59e4e54b34ffa26bdeb?s=96&d=mm&r=g","contentUrl":"https:\/\/secure.gravatar.com\/avatar\/b68f7f24be3be59e4e54b34ffa26bdeb?s=96&d=mm&r=g","caption":"Andrzej Paniw"},"url":"https:\/\/marekkuchcinski.pl\/ro\/author\/andrzej-paniw\/"}]}},"_links":{"self":[{"href":"https:\/\/marekkuchcinski.pl\/ro\/wp-json\/wp\/v2\/posts\/17421","targetHints":{"allow":["GET"]}}],"collection":[{"href":"https:\/\/marekkuchcinski.pl\/ro\/wp-json\/wp\/v2\/posts"}],"about":[{"href":"https:\/\/marekkuchcinski.pl\/ro\/wp-json\/wp\/v2\/types\/post"}],"author":[{"embeddable":true,"href":"https:\/\/marekkuchcinski.pl\/ro\/wp-json\/wp\/v2\/users\/15"}],"replies":[{"embeddable":true,"href":"https:\/\/marekkuchcinski.pl\/ro\/wp-json\/wp\/v2\/comments?post=17421"}],"version-history":[{"count":6,"href":"https:\/\/marekkuchcinski.pl\/ro\/wp-json\/wp\/v2\/posts\/17421\/revisions"}],"predecessor-version":[{"id":17432,"href":"https:\/\/marekkuchcinski.pl\/ro\/wp-json\/wp\/v2\/posts\/17421\/revisions\/17432"}],"wp:attachment":[{"href":"https:\/\/marekkuchcinski.pl\/ro\/wp-json\/wp\/v2\/media?parent=17421"}],"wp:term":[{"taxonomy":"category","embeddable":true,"href":"https:\/\/marekkuchcinski.pl\/ro\/wp-json\/wp\/v2\/categories?post=17421"},{"taxonomy":"post_tag","embeddable":true,"href":"https:\/\/marekkuchcinski.pl\/ro\/wp-json\/wp\/v2\/tags?post=17421"}],"curies":[{"name":"wp","href":"https:\/\/api.w.org\/{rel}","templated":true}]}}