{"id":16582,"date":"2019-07-01T14:04:51","date_gmt":"2019-07-01T12:04:51","guid":{"rendered":"https:\/\/marekkuchcinski.pl\/?p=16582"},"modified":"2019-07-01T20:37:48","modified_gmt":"2019-07-01T18:37:48","slug":"marek-kuchcinski-w-lublinie-450-lat-temu-polska-i-litwa-zawarly-unie-w-ktorej-dostrzec-mozna-wiele-wzorcow-dla-wspolczesnej-polityki-miedzynarodowej","status":"publish","type":"post","link":"https:\/\/marekkuchcinski.pl\/ro\/wydarzenia\/marek-kuchcinski-w-lublinie-450-lat-temu-polska-i-litwa-zawarly-unie-w-ktorej-dostrzec-mozna-wiele-wzorcow-dla-wspolczesnej-polityki-miedzynarodowej\/","title":{"rendered":"Marek Kuchci\u0144ski \u00een Lublin: \u00cen urm\u0103 cu 450 de ani, Polonia \u0219i Lituania au \u00eencheiat o uniune \u00een care pot fi v\u0103zute multe modele de politic\u0103 interna\u021bional\u0103 modern\u0103."},"content":{"rendered":"<p>Duminic\u0103, la Lublin, au avut loc festivit\u0103\u021bi de celebrare a 450 de ani de la unirea Poloniei \u0219i Lituaniei, la care au participat, printre al\u021bii, pre\u0219edintele Sejm-ului, pre\u0219edintele Senatului, premierul, parlamentari, mini\u0219tri \u0219i invita\u021bi str\u0103ini.  <\/p>\n\n\n\n<p>Uniunea de la Lublin a fost un eveniment epocal care a definit ordinea politic\u0103 \u0219i social\u0103 din Europa Central\u0103 \u0219i de Est pentru mul\u021bi ani. A creat Comunitatea Polono-Lituanian\u0103 - o entitate politic\u0103 coerent\u0103 \u0219i durabil\u0103, care a fost un exemplu rar de compromis reu\u0219it \u00eentre diferite na\u021biuni, teritorii, religii, culturi \u0219i limbi\", a declarat pre\u0219edintele Sejm, Marek Kuchci\u0144ski, deschiz\u00e2nd dezbaterea cu participarea pre\u0219edintelui Senatului, Stanis\u0142aw Karczewski, \u0219i a invita\u021bilor str\u0103ini, inclusiv a pre\u0219edintelui Parlamentului lituanian.  <br>Viktoras Pranckietis.&nbsp; <\/p>\n\n\n\n<p>Discursul ulterior al pre\u0219edintelui Sejm, Marek Kuchci\u0144ski:<\/p>\n\n\n\n<p>Esen\u021ba acestui mare\nproiect era cuprins\u0103 \u00een slogan: \"liber cu cei liberi, egal cu cei egali\", care\na fost realizat cu toat\u0103 for\u021ba. A fost creat un nou spa\u021biu public, ai c\u0103rui piloni au fost\nau fost: parlamentarismul, autoguvernarea, toleran\u021ba, independen\u021ba sistemului judiciar,\nalegerea republican\u0103 a monarhului, libertate \u0219i egalitate, precum \u0219i o sfer\u0103 privat\u0103 larg\u0103. Acestea\nst\u00e2lpii Comunit\u0103\u021bii Polono-Lituaniene din acea vreme sunt ast\u0103zi mo\u0219tenirea Uniunii de la Lublin.\n\u00cen acele secole, statul polono-lituanian a fost un stat politic \u0219i\npolitic\u0103 \u0219i sistemul politic din Europa, unde domnia absolutist\u0103 \u0219i principiul \"a cui este \u021bara\nregimul absolutist \u0219i principiul \"a cui \u021bar\u0103, a cui religie\" deveneau un standard. Rzeczpospolita a fost\ncontradic\u021bie cu aceste tendin\u021be, \u0219i, prin urmare, a p\u0103rut atractiv\u0103 pentru mul\u021bi\npersoane fizice. Numero\u0219i nou-veni\u021bi din \u021b\u0103rile \u00eenvecinate s-au stabilit \u00een interiorul grani\u021belor sale,\n\u0219i chiar din Europa de Vest. Comunitatea polono-lituanian\u0103 a devenit un refugiu pentru multe societ\u0103\u021bi, garant\u00e2ndu-le\npentru multe societ\u0103\u021bi, garant\u00e2ndu-le stabilitate \u0219i o dezvoltare sigur\u0103. <\/p>\n\n\n\n<p>Uniunea de la Lublin este un exemplu de\norganizarea cooper\u0103rii interna\u021bionale \u00een regiune, astfel \u00eenc\u00e2t s\u0103 fie\ndurabile \u0219i s\u0103 aduc\u0103 beneficii, dezvoltare \u0219i stabilitate. \u00cen anii 1569-1648\nf\u0103r\u0103 \u00eendoial\u0103, a garantat securitatea tuturor locuitorilor s\u0103i \u0219i, de asemenea, a\na creat condi\u021bii favorabile pentru economie, bog\u0103\u021bie \u0219i desf\u0103\u0219urarea unor mari cariere.\nmari cariere. Voi men\u021biona aici, de exemplu, doi mari politicieni din Lublin\ndin acele vremuri: Jan Zamoyski, care reprezenta Coroana polonez\u0103, \u0219i Lew Sapieha\n- reprezent\u00e2nd Marele Ducat. Ei nu erau monarhi, dar au jucat un rol special.\nrol istoric, ocup\u00e2ndu-se de extinderea modelului politic al Republicii Poloneze\nc\u0103tre \u021binuturile \u00eenvecinate.<\/p>\n\n\n\n<p>Dezbaterea noastr\u0103 formal\u0103 de ast\u0103zi a fost intitulat\u0103: \"Semnifica\u021bia european\u0103 a mo\u0219tenirii Uniunii de la Lublin pentru na\u021biunile \u0219i statele moderne\". Acest titlu este menit s\u0103 sublinieze faptul c\u0103 ne-am \u00eent\u00e2lnit ast\u0103zi la Lublin nu doar pentru a comemora realiz\u0103rile str\u0103mo\u0219ilor no\u0219tri, ci \u0219i pentru a reflecta asupra lec\u021biilor pe care le putem \u00eenv\u0103\u021ba din istoria destinului nostru comun.<\/p>\n\n\n\n<p>\u00cen Uniunea din Lublin\nse pot distinge multe modele pentru politica interna\u021bional\u0103 contemporan\u0103.\nLa urma urmei, Comunitatea Polono-Lituanian\u0103 a fost un organism uria\u0219 care a durat peste dou\u0103 sute de ani.\norganism care a supravie\u021buit timp de peste dou\u0103 sute de ani. \u00cen acest context, este important s\u0103 se\nimportan\u021ba experien\u021bei Uniunii de la Lublin \u00een rezolvarea problemelor actuale de politic\u0103 interna\u021bional\u0103.\nprobleme de politic\u0103 interna\u021bional\u0103. Protec\u021bia valorilor comune ca baz\u0103 pentru\nunificare a na\u021biunilor sau dezvoltarea cooper\u0103rii \u00een ceea ce prive\u0219te diversitatea \u0219i\ntradi\u021bii ale statelor individuale sunt obiective pe care ar trebui s\u0103 le urm\u0103rim, deoarece acestea\nDup\u0103 cum a ar\u0103tat exemplul Uniunii de la Lublin, acestea reprezint\u0103 fundamentul unei integr\u0103ri eficiente \u0219i durabile.\nintegrare durabil\u0103.<\/p>\n\n\n\n<p>Prin urmare, am \u00eencredere c\u0103 reuniunea de ast\u0103zi\n\u00eent\u00e2lnire nu va fi doar o form\u0103 de comemorare a 450 de ani de la Unirea\nUniunea de la Lublin, dar \u0219i o \u00eencercare eficient\u0103 de a r\u0103spunde la c\u00e2teva \u00eentreb\u0103ri importante:<\/p>\n\n\n\n<ul class=\"wp-block-list\"><li>C\u0103rui fapt \u00eei datoreaz\u0103 Uniunea din Lublin statele,\nna\u021biunilor \u0219i cet\u0103\u021benilor din Europa Central\u0103? <\/li><li>Putem vorbi de influen\u021ba Uniunii de la Lublin?\nasupra dezvolt\u0103rii Uniunii Europene \u0219i a Europei Centrale \u0219i de Est?<\/li><li>Poate fi Uniunea de la Lublin un eveniment istoric\nun model pentru cooperarea contemporan\u0103 \u00een regiune? <\/li><li>Care sunt cele mai importante elemente contemporane\nvalorile care rezult\u0103 din tradi\u021bia Uniunii de la Lublin?<\/li><\/ul>\n\n\n\n<p>R\u0103spunsurile la aceste \u00eentreb\u0103ri pot fi extrem de utile pentru a determina viitorul regiunii noastre \u0219i direc\u021bia \u00een care ar trebui s\u0103 se \u00eendrepte Europa, precum \u0219i sarcinile cu care se confrunt\u0103 \u021b\u0103rile noastre.<\/p>\n\n\n\n<p><strong>Discursul lui Marek Kuchcinski cu ocazia prezent\u0103rii timbrului po\u0219tal comemorativ:<\/strong><\/p>\n\n\n\n<p>Actul\nde \u00eencheiere a Uniunii polono-lituaniene la Lublin \u00een 1569 a fost o dovad\u0103 de inova\u021bie.\ng\u00e2ndirea \u00een materie de tratate, g\u00e2ndirea juridic\u0103 \u0219i organiza\u021bional\u0103 \u0219i reflec\u021bia geopolitic\u0103. Sejm-ul din\nLublin a creat o comunitate multicultural\u0103 \u0219i multireligioas\u0103 extrem de durabil\u0103 \u0219i stabil\u0103.\n\u0219i o comunitate multi-religioas\u0103. Printre cet\u0103\u021benii Republicii se num\u0103rau: Polonezi, lituanieni, letoni,\nruteni, evrei \u0219i georgieni. <\/p>\n\n\n\n<p>Republica\n- ajung\u00e2nd \u00een perioada celei mai mari expansiuni teritoriale a acesteia de la Inflants la Marea Neagr\u0103\nMarea Neagr\u0103 - a devenit o punte de leg\u0103tur\u0103 \u00eentre Est \u0219i Vest, un spa\u021biu pentru dialogul interna\u021bional, dar \u0219i intercultural.\nnu doar dialogul interna\u021bional, ci \u0219i cel intercultural. Una dintre institu\u021biile\nUna dintre institu\u021biile a c\u0103rei na\u0219tere \u0219i dezvoltare este str\u00e2ns legat\u0103 de politica vizionar\u0103 a\nJagellonienii a fost Po\u0219ta polonez\u0103, care trebuia s\u0103 serveasc\u0103 la schimbul de informa\u021bii \u00een cadrul\n\u00een cadrul statului \u0219i s\u0103 men\u021bin\u0103 contacte diplomatice \u0219i economice durabile cu alte \u021b\u0103ri europene.\ncontacte economice cu alte \u021b\u0103ri europene. \u00cenfiin\u021barea Po\u0219tei poate fi considerat\u0103 ca f\u0103c\u00e2nd parte din strategia politic\u0103 a\nJagellonilor, care a culminat c\u00e2\u021biva ani mai t\u00e2rziu cu semnarea Actului de Unire real\u0103 a Coroanei \u0219i Lituaniei\nActul privind Uniunea real\u0103 a Coroanei \u0219i a Lituaniei.<\/p>\n\n\n\n<p>Social\nMemoria istoriei unirii a fost consemnat\u0103 de martorii evenimentelor de la Lublin, autorii de\njurnale ale Sejm-ului, iar apoi sus\u021binut\u0103 de istorici, scriitori \u0219i arti\u0219ti.\narti\u0219ti. \u00cen Polonia, un loc special \u00een construirea unei viziuni a istoriei na\u021bionale\neste pictura lui Jan Matejko. Tabloul \"Unirea de la Lublin\" - imortalizat pe \u0219tampila de la\nTimbrul Po\u0219tei poloneze - a fost creat \u00een 1869 pentru a comemora a trei sute de ani de la semnarea actului.\nde la semnarea actului. Pe p\u00e2nz\u0103, artistul a combinat dou\u0103 evenimente istorice:\n\u00eendemnul regelui de a semna unirea \u0219i actul de jur\u0103m\u00e2nt al acestuia. Aceast\u0103 lucrare a avut permanent\na intrat \u00een iconografia parlamentar\u0103. Mai mult, timp de mai multe decenii, tabloul a \u00eempodobit\nconstruirea Sejm-ului na\u021bional \u00een Galicia.<\/p>\n\n\n\n<p>Dorim s\u0103 mul\u021bumim Po\u0219tei poloneze pentru contribu\u021bia sa la diseminarea cuno\u0219tin\u021belor despre istoria parlamentarismului. \u00cen luna februarie a acestui an, Po\u0219ta polonez\u0103 a emis un timbru care comemoreaz\u0103 Adunarea Constituant\u0103, primul parlament al Poloniei ren\u0103scute. Ast\u0103zi, la Lublin, comemor\u0103m na\u0219terea Comunit\u0103\u021bii Polono-Lituaniene - un focar de democra\u021bie \u0219i valori republicane.<\/p>\n\n\n\n<p><em>Foto: Marta Olejnik<\/em><\/p>\n\n\n\n<figure class=\"wp-block-image\"><img fetchpriority=\"high\" decoding=\"async\" width=\"1024\" height=\"646\" src=\"https:\/\/marekkuchcinski.pl\/wp-content\/uploads\/2019\/07\/IMG_2225_Fotor-1-1024x646.jpg\" alt=\"\" class=\"wp-image-16678\" srcset=\"https:\/\/marekkuchcinski.pl\/wp-content\/uploads\/2019\/07\/IMG_2225_Fotor-1-1024x646.jpg 1024w, https:\/\/marekkuchcinski.pl\/wp-content\/uploads\/2019\/07\/IMG_2225_Fotor-1-300x189.jpg 300w, https:\/\/marekkuchcinski.pl\/wp-content\/uploads\/2019\/07\/IMG_2225_Fotor-1-768x484.jpg 768w, https:\/\/marekkuchcinski.pl\/wp-content\/uploads\/2019\/07\/IMG_2225_Fotor-1.jpg 2048w\" sizes=\"(max-width: 1024px) 100vw, 1024px\" \/><\/figure>\n\n\n\n<figure class=\"wp-block-image\"><img decoding=\"async\" width=\"1024\" height=\"646\" src=\"https:\/\/marekkuchcinski.pl\/wp-content\/uploads\/2019\/07\/IMG_2354-1024x646.jpg\" alt=\"\" class=\"wp-image-16588\" srcset=\"https:\/\/marekkuchcinski.pl\/wp-content\/uploads\/2019\/07\/IMG_2354-1024x646.jpg 1024w, https:\/\/marekkuchcinski.pl\/wp-content\/uploads\/2019\/07\/IMG_2354-300x189.jpg 300w, https:\/\/marekkuchcinski.pl\/wp-content\/uploads\/2019\/07\/IMG_2354-768x485.jpg 768w, https:\/\/marekkuchcinski.pl\/wp-content\/uploads\/2019\/07\/IMG_2354.jpg 2048w\" sizes=\"(max-width: 1024px) 100vw, 1024px\" \/><\/figure>\n\n\n\n<figure class=\"wp-block-image\"><img decoding=\"async\" width=\"1024\" height=\"683\" src=\"https:\/\/marekkuchcinski.pl\/wp-content\/uploads\/2019\/07\/IMG_2301_Fotor-1024x683.jpg\" alt=\"\" class=\"wp-image-16665\" srcset=\"https:\/\/marekkuchcinski.pl\/wp-content\/uploads\/2019\/07\/IMG_2301_Fotor-1024x683.jpg 1024w, https:\/\/marekkuchcinski.pl\/wp-content\/uploads\/2019\/07\/IMG_2301_Fotor-300x200.jpg 300w, https:\/\/marekkuchcinski.pl\/wp-content\/uploads\/2019\/07\/IMG_2301_Fotor-768x512.jpg 768w, https:\/\/marekkuchcinski.pl\/wp-content\/uploads\/2019\/07\/IMG_2301_Fotor.jpg 2048w\" sizes=\"(max-width: 1024px) 100vw, 1024px\" \/><\/figure>\n\n\n\n<figure class=\"wp-block-image\"><img loading=\"lazy\" decoding=\"async\" width=\"1024\" height=\"683\" src=\"https:\/\/marekkuchcinski.pl\/wp-content\/uploads\/2019\/07\/IMG_2315_Fotor-1024x683.jpg\" alt=\"\" class=\"wp-image-16667\" srcset=\"https:\/\/marekkuchcinski.pl\/wp-content\/uploads\/2019\/07\/IMG_2315_Fotor-1024x683.jpg 1024w, https:\/\/marekkuchcinski.pl\/wp-content\/uploads\/2019\/07\/IMG_2315_Fotor-300x200.jpg 300w, https:\/\/marekkuchcinski.pl\/wp-content\/uploads\/2019\/07\/IMG_2315_Fotor-768x512.jpg 768w, https:\/\/marekkuchcinski.pl\/wp-content\/uploads\/2019\/07\/IMG_2315_Fotor.jpg 2048w\" sizes=\"(max-width: 1024px) 100vw, 1024px\" \/><\/figure>\n\n\n\n<figure class=\"wp-block-image\"><img loading=\"lazy\" decoding=\"async\" width=\"1024\" height=\"683\" src=\"https:\/\/marekkuchcinski.pl\/wp-content\/uploads\/2019\/07\/IMG_2438_Fotor-1024x683.jpg\" alt=\"\" class=\"wp-image-16669\" srcset=\"https:\/\/marekkuchcinski.pl\/wp-content\/uploads\/2019\/07\/IMG_2438_Fotor-1024x683.jpg 1024w, https:\/\/marekkuchcinski.pl\/wp-content\/uploads\/2019\/07\/IMG_2438_Fotor-300x200.jpg 300w, https:\/\/marekkuchcinski.pl\/wp-content\/uploads\/2019\/07\/IMG_2438_Fotor-768x512.jpg 768w, https:\/\/marekkuchcinski.pl\/wp-content\/uploads\/2019\/07\/IMG_2438_Fotor.jpg 2048w\" sizes=\"(max-width: 1024px) 100vw, 1024px\" \/><\/figure>\n\n\n\n<figure class=\"wp-block-image\"><img loading=\"lazy\" decoding=\"async\" width=\"1024\" height=\"683\" src=\"https:\/\/marekkuchcinski.pl\/wp-content\/uploads\/2019\/07\/IMG_2416_Fotor-1024x683.jpg\" alt=\"\" class=\"wp-image-16674\" srcset=\"https:\/\/marekkuchcinski.pl\/wp-content\/uploads\/2019\/07\/IMG_2416_Fotor-1024x683.jpg 1024w, https:\/\/marekkuchcinski.pl\/wp-content\/uploads\/2019\/07\/IMG_2416_Fotor-300x200.jpg 300w, https:\/\/marekkuchcinski.pl\/wp-content\/uploads\/2019\/07\/IMG_2416_Fotor-768x512.jpg 768w, https:\/\/marekkuchcinski.pl\/wp-content\/uploads\/2019\/07\/IMG_2416_Fotor.jpg 2048w\" sizes=\"(max-width: 1024px) 100vw, 1024px\" \/><\/figure>\n\n\n\n<ul class=\"wp-block-gallery columns-1 is-cropped wp-block-gallery-1 is-layout-flex wp-block-gallery-is-layout-flex\"><li class=\"blocks-gallery-item\"><figure><img loading=\"lazy\" decoding=\"async\" width=\"1024\" height=\"627\" src=\"https:\/\/marekkuchcinski.pl\/wp-content\/uploads\/2019\/07\/IMG_2413-1024x627.jpg\" alt=\"\" data-id=\"16583\" data-link=\"https:\/\/marekkuchcinski.pl\/?attachment_id=16583\" class=\"wp-image-16583\" srcset=\"https:\/\/marekkuchcinski.pl\/wp-content\/uploads\/2019\/07\/IMG_2413-1024x627.jpg 1024w, https:\/\/marekkuchcinski.pl\/wp-content\/uploads\/2019\/07\/IMG_2413-300x184.jpg 300w, https:\/\/marekkuchcinski.pl\/wp-content\/uploads\/2019\/07\/IMG_2413-768x470.jpg 768w, https:\/\/marekkuchcinski.pl\/wp-content\/uploads\/2019\/07\/IMG_2413.jpg 2048w\" sizes=\"(max-width: 1024px) 100vw, 1024px\" \/><\/figure><\/li><li class=\"blocks-gallery-item\"><figure><img loading=\"lazy\" decoding=\"async\" width=\"1024\" height=\"667\" src=\"https:\/\/marekkuchcinski.pl\/wp-content\/uploads\/2019\/07\/IMG_2430-1024x667.jpg\" alt=\"\" data-id=\"16586\" data-link=\"https:\/\/marekkuchcinski.pl\/?attachment_id=16586\" class=\"wp-image-16586\" srcset=\"https:\/\/marekkuchcinski.pl\/wp-content\/uploads\/2019\/07\/IMG_2430-1024x667.jpg 1024w, https:\/\/marekkuchcinski.pl\/wp-content\/uploads\/2019\/07\/IMG_2430-300x196.jpg 300w, https:\/\/marekkuchcinski.pl\/wp-content\/uploads\/2019\/07\/IMG_2430-768x501.jpg 768w, https:\/\/marekkuchcinski.pl\/wp-content\/uploads\/2019\/07\/IMG_2430.jpg 2048w\" sizes=\"(max-width: 1024px) 100vw, 1024px\" \/><\/figure><\/li><li class=\"blocks-gallery-item\"><figure><img loading=\"lazy\" decoding=\"async\" width=\"1024\" height=\"683\" src=\"https:\/\/marekkuchcinski.pl\/wp-content\/uploads\/2019\/07\/IMG_2436-1024x683.jpg\" alt=\"\" data-id=\"16587\" data-link=\"https:\/\/marekkuchcinski.pl\/?attachment_id=16587\" class=\"wp-image-16587\" srcset=\"https:\/\/marekkuchcinski.pl\/wp-content\/uploads\/2019\/07\/IMG_2436-1024x683.jpg 1024w, https:\/\/marekkuchcinski.pl\/wp-content\/uploads\/2019\/07\/IMG_2436-300x200.jpg 300w, https:\/\/marekkuchcinski.pl\/wp-content\/uploads\/2019\/07\/IMG_2436-768x512.jpg 768w, https:\/\/marekkuchcinski.pl\/wp-content\/uploads\/2019\/07\/IMG_2436.jpg 2048w\" sizes=\"(max-width: 1024px) 100vw, 1024px\" \/><\/figure><\/li><li class=\"blocks-gallery-item\"><figure><img loading=\"lazy\" decoding=\"async\" width=\"1024\" height=\"683\" src=\"https:\/\/marekkuchcinski.pl\/wp-content\/uploads\/2019\/07\/IMG_2253-1024x683.jpg\" alt=\"\" data-id=\"16592\" data-link=\"https:\/\/marekkuchcinski.pl\/?attachment_id=16592\" class=\"wp-image-16592\" srcset=\"https:\/\/marekkuchcinski.pl\/wp-content\/uploads\/2019\/07\/IMG_2253-1024x683.jpg 1024w, https:\/\/marekkuchcinski.pl\/wp-content\/uploads\/2019\/07\/IMG_2253-300x200.jpg 300w, https:\/\/marekkuchcinski.pl\/wp-content\/uploads\/2019\/07\/IMG_2253-768x512.jpg 768w, https:\/\/marekkuchcinski.pl\/wp-content\/uploads\/2019\/07\/IMG_2253.jpg 2048w\" sizes=\"(max-width: 1024px) 100vw, 1024px\" \/><\/figure><\/li><li class=\"blocks-gallery-item\"><figure><img loading=\"lazy\" decoding=\"async\" width=\"1024\" height=\"643\" src=\"https:\/\/marekkuchcinski.pl\/wp-content\/uploads\/2019\/07\/IMG_2096-1024x643.jpg\" alt=\"\" data-id=\"16596\" data-link=\"https:\/\/marekkuchcinski.pl\/?attachment_id=16596\" class=\"wp-image-16596\" srcset=\"https:\/\/marekkuchcinski.pl\/wp-content\/uploads\/2019\/07\/IMG_2096-1024x643.jpg 1024w, https:\/\/marekkuchcinski.pl\/wp-content\/uploads\/2019\/07\/IMG_2096-300x189.jpg 300w, https:\/\/marekkuchcinski.pl\/wp-content\/uploads\/2019\/07\/IMG_2096-768x483.jpg 768w, https:\/\/marekkuchcinski.pl\/wp-content\/uploads\/2019\/07\/IMG_2096.jpg 2048w\" sizes=\"(max-width: 1024px) 100vw, 1024px\" \/><\/figure><\/li><li class=\"blocks-gallery-item\"><figure><img loading=\"lazy\" decoding=\"async\" width=\"1024\" height=\"683\" src=\"https:\/\/marekkuchcinski.pl\/wp-content\/uploads\/2019\/07\/IMG_2102-1024x683.jpg\" alt=\"\" data-id=\"16597\" data-link=\"https:\/\/marekkuchcinski.pl\/?attachment_id=16597\" class=\"wp-image-16597\" srcset=\"https:\/\/marekkuchcinski.pl\/wp-content\/uploads\/2019\/07\/IMG_2102-1024x683.jpg 1024w, https:\/\/marekkuchcinski.pl\/wp-content\/uploads\/2019\/07\/IMG_2102-300x200.jpg 300w, https:\/\/marekkuchcinski.pl\/wp-content\/uploads\/2019\/07\/IMG_2102-768x512.jpg 768w, https:\/\/marekkuchcinski.pl\/wp-content\/uploads\/2019\/07\/IMG_2102.jpg 2048w\" sizes=\"(max-width: 1024px) 100vw, 1024px\" \/><\/figure><\/li><li class=\"blocks-gallery-item\"><figure><img loading=\"lazy\" decoding=\"async\" width=\"1024\" height=\"683\" src=\"https:\/\/marekkuchcinski.pl\/wp-content\/uploads\/2019\/07\/IMG_1942-1024x683.jpg\" alt=\"\" data-id=\"16599\" data-link=\"https:\/\/marekkuchcinski.pl\/?attachment_id=16599\" class=\"wp-image-16599\" srcset=\"https:\/\/marekkuchcinski.pl\/wp-content\/uploads\/2019\/07\/IMG_1942-1024x683.jpg 1024w, https:\/\/marekkuchcinski.pl\/wp-content\/uploads\/2019\/07\/IMG_1942-300x200.jpg 300w, https:\/\/marekkuchcinski.pl\/wp-content\/uploads\/2019\/07\/IMG_1942-768x512.jpg 768w, https:\/\/marekkuchcinski.pl\/wp-content\/uploads\/2019\/07\/IMG_1942.jpg 2048w\" sizes=\"(max-width: 1024px) 100vw, 1024px\" \/><\/figure><\/li><li class=\"blocks-gallery-item\"><figure><img loading=\"lazy\" decoding=\"async\" width=\"1024\" height=\"683\" src=\"https:\/\/marekkuchcinski.pl\/wp-content\/uploads\/2019\/07\/IMG_1909-1024x683.jpg\" alt=\"\" data-id=\"16600\" data-link=\"https:\/\/marekkuchcinski.pl\/?attachment_id=16600\" class=\"wp-image-16600\" srcset=\"https:\/\/marekkuchcinski.pl\/wp-content\/uploads\/2019\/07\/IMG_1909-1024x683.jpg 1024w, https:\/\/marekkuchcinski.pl\/wp-content\/uploads\/2019\/07\/IMG_1909-300x200.jpg 300w, https:\/\/marekkuchcinski.pl\/wp-content\/uploads\/2019\/07\/IMG_1909-768x512.jpg 768w, https:\/\/marekkuchcinski.pl\/wp-content\/uploads\/2019\/07\/IMG_1909.jpg 2048w\" sizes=\"(max-width: 1024px) 100vw, 1024px\" \/><\/figure><\/li><li class=\"blocks-gallery-item\"><figure><img loading=\"lazy\" decoding=\"async\" width=\"1024\" height=\"730\" src=\"https:\/\/marekkuchcinski.pl\/wp-content\/uploads\/2019\/07\/IMG_1856-1024x730.jpg\" alt=\"\" data-id=\"16601\" data-link=\"https:\/\/marekkuchcinski.pl\/?attachment_id=16601\" class=\"wp-image-16601\" srcset=\"https:\/\/marekkuchcinski.pl\/wp-content\/uploads\/2019\/07\/IMG_1856-1024x730.jpg 1024w, https:\/\/marekkuchcinski.pl\/wp-content\/uploads\/2019\/07\/IMG_1856-300x214.jpg 300w, https:\/\/marekkuchcinski.pl\/wp-content\/uploads\/2019\/07\/IMG_1856-768x548.jpg 768w, https:\/\/marekkuchcinski.pl\/wp-content\/uploads\/2019\/07\/IMG_1856.jpg 2048w\" sizes=\"(max-width: 1024px) 100vw, 1024px\" \/><\/figure><\/li><li class=\"blocks-gallery-item\"><figure><img loading=\"lazy\" decoding=\"async\" width=\"1024\" height=\"683\" src=\"https:\/\/marekkuchcinski.pl\/wp-content\/uploads\/2019\/07\/IMG_1845-1024x683.jpg\" alt=\"\" data-id=\"16602\" data-link=\"https:\/\/marekkuchcinski.pl\/?attachment_id=16602\" class=\"wp-image-16602\" srcset=\"https:\/\/marekkuchcinski.pl\/wp-content\/uploads\/2019\/07\/IMG_1845-1024x683.jpg 1024w, https:\/\/marekkuchcinski.pl\/wp-content\/uploads\/2019\/07\/IMG_1845-300x200.jpg 300w, https:\/\/marekkuchcinski.pl\/wp-content\/uploads\/2019\/07\/IMG_1845-768x512.jpg 768w, https:\/\/marekkuchcinski.pl\/wp-content\/uploads\/2019\/07\/IMG_1845.jpg 2048w\" sizes=\"(max-width: 1024px) 100vw, 1024px\" \/><\/figure><\/li><li class=\"blocks-gallery-item\"><figure><img loading=\"lazy\" decoding=\"async\" width=\"1024\" height=\"674\" src=\"https:\/\/marekkuchcinski.pl\/wp-content\/uploads\/2019\/07\/IMG_1836-1024x674.jpg\" alt=\"\" data-id=\"16605\" data-link=\"https:\/\/marekkuchcinski.pl\/?attachment_id=16605\" class=\"wp-image-16605\" srcset=\"https:\/\/marekkuchcinski.pl\/wp-content\/uploads\/2019\/07\/IMG_1836-1024x674.jpg 1024w, https:\/\/marekkuchcinski.pl\/wp-content\/uploads\/2019\/07\/IMG_1836-300x197.jpg 300w, https:\/\/marekkuchcinski.pl\/wp-content\/uploads\/2019\/07\/IMG_1836-768x506.jpg 768w, https:\/\/marekkuchcinski.pl\/wp-content\/uploads\/2019\/07\/IMG_1836.jpg 2048w\" sizes=\"(max-width: 1024px) 100vw, 1024px\" \/><\/figure><\/li><li class=\"blocks-gallery-item\"><figure><img loading=\"lazy\" decoding=\"async\" width=\"1024\" height=\"683\" src=\"https:\/\/marekkuchcinski.pl\/wp-content\/uploads\/2019\/07\/IMG_1696-1024x683.jpg\" alt=\"\" data-id=\"16606\" data-link=\"https:\/\/marekkuchcinski.pl\/?attachment_id=16606\" class=\"wp-image-16606\" srcset=\"https:\/\/marekkuchcinski.pl\/wp-content\/uploads\/2019\/07\/IMG_1696-1024x683.jpg 1024w, https:\/\/marekkuchcinski.pl\/wp-content\/uploads\/2019\/07\/IMG_1696-300x200.jpg 300w, https:\/\/marekkuchcinski.pl\/wp-content\/uploads\/2019\/07\/IMG_1696-768x512.jpg 768w, https:\/\/marekkuchcinski.pl\/wp-content\/uploads\/2019\/07\/IMG_1696.jpg 2048w\" sizes=\"(max-width: 1024px) 100vw, 1024px\" \/><\/figure><\/li><li class=\"blocks-gallery-item\"><figure><img loading=\"lazy\" decoding=\"async\" width=\"1024\" height=\"683\" src=\"https:\/\/marekkuchcinski.pl\/wp-content\/uploads\/2019\/07\/IMG_1679-1024x683.jpg\" alt=\"\" data-id=\"16607\" data-link=\"https:\/\/marekkuchcinski.pl\/?attachment_id=16607\" class=\"wp-image-16607\" srcset=\"https:\/\/marekkuchcinski.pl\/wp-content\/uploads\/2019\/07\/IMG_1679-1024x683.jpg 1024w, https:\/\/marekkuchcinski.pl\/wp-content\/uploads\/2019\/07\/IMG_1679-300x200.jpg 300w, https:\/\/marekkuchcinski.pl\/wp-content\/uploads\/2019\/07\/IMG_1679-768x512.jpg 768w, https:\/\/marekkuchcinski.pl\/wp-content\/uploads\/2019\/07\/IMG_1679.jpg 1677w\" sizes=\"(max-width: 1024px) 100vw, 1024px\" \/><\/figure><\/li><li class=\"blocks-gallery-item\"><figure><img loading=\"lazy\" decoding=\"async\" width=\"1024\" height=\"679\" src=\"https:\/\/marekkuchcinski.pl\/wp-content\/uploads\/2019\/07\/IMG_1671-1024x679.jpg\" alt=\"\" data-id=\"16609\" data-link=\"https:\/\/marekkuchcinski.pl\/?attachment_id=16609\" class=\"wp-image-16609\" srcset=\"https:\/\/marekkuchcinski.pl\/wp-content\/uploads\/2019\/07\/IMG_1671-1024x679.jpg 1024w, https:\/\/marekkuchcinski.pl\/wp-content\/uploads\/2019\/07\/IMG_1671-300x199.jpg 300w, https:\/\/marekkuchcinski.pl\/wp-content\/uploads\/2019\/07\/IMG_1671-768x509.jpg 768w, https:\/\/marekkuchcinski.pl\/wp-content\/uploads\/2019\/07\/IMG_1671.jpg 2048w\" sizes=\"(max-width: 1024px) 100vw, 1024px\" \/><\/figure><\/li><li class=\"blocks-gallery-item\"><figure><img loading=\"lazy\" decoding=\"async\" width=\"1024\" height=\"683\" src=\"https:\/\/marekkuchcinski.pl\/wp-content\/uploads\/2019\/07\/IMG_1642-1024x683.jpg\" alt=\"\" data-id=\"16610\" data-link=\"https:\/\/marekkuchcinski.pl\/?attachment_id=16610\" class=\"wp-image-16610\" srcset=\"https:\/\/marekkuchcinski.pl\/wp-content\/uploads\/2019\/07\/IMG_1642-1024x683.jpg 1024w, https:\/\/marekkuchcinski.pl\/wp-content\/uploads\/2019\/07\/IMG_1642-300x200.jpg 300w, https:\/\/marekkuchcinski.pl\/wp-content\/uploads\/2019\/07\/IMG_1642-768x512.jpg 768w, https:\/\/marekkuchcinski.pl\/wp-content\/uploads\/2019\/07\/IMG_1642.jpg 2048w\" sizes=\"(max-width: 1024px) 100vw, 1024px\" \/><\/figure><\/li><li class=\"blocks-gallery-item\"><figure><img loading=\"lazy\" decoding=\"async\" width=\"1024\" height=\"683\" src=\"https:\/\/marekkuchcinski.pl\/wp-content\/uploads\/2019\/07\/IMG_1626-1024x683.jpg\" alt=\"\" data-id=\"16613\" data-link=\"https:\/\/marekkuchcinski.pl\/?attachment_id=16613\" class=\"wp-image-16613\" srcset=\"https:\/\/marekkuchcinski.pl\/wp-content\/uploads\/2019\/07\/IMG_1626-1024x683.jpg 1024w, https:\/\/marekkuchcinski.pl\/wp-content\/uploads\/2019\/07\/IMG_1626-300x200.jpg 300w, https:\/\/marekkuchcinski.pl\/wp-content\/uploads\/2019\/07\/IMG_1626-768x512.jpg 768w, https:\/\/marekkuchcinski.pl\/wp-content\/uploads\/2019\/07\/IMG_1626.jpg 2048w\" sizes=\"(max-width: 1024px) 100vw, 1024px\" \/><\/figure><\/li><li class=\"blocks-gallery-item\"><figure><img loading=\"lazy\" decoding=\"async\" width=\"1024\" height=\"683\" src=\"https:\/\/marekkuchcinski.pl\/wp-content\/uploads\/2019\/07\/IMG_1526-1-1024x683.jpg\" alt=\"\" data-id=\"16617\" data-link=\"https:\/\/marekkuchcinski.pl\/?attachment_id=16617\" class=\"wp-image-16617\" srcset=\"https:\/\/marekkuchcinski.pl\/wp-content\/uploads\/2019\/07\/IMG_1526-1-1024x683.jpg 1024w, https:\/\/marekkuchcinski.pl\/wp-content\/uploads\/2019\/07\/IMG_1526-1-300x200.jpg 300w, https:\/\/marekkuchcinski.pl\/wp-content\/uploads\/2019\/07\/IMG_1526-1-768x512.jpg 768w, https:\/\/marekkuchcinski.pl\/wp-content\/uploads\/2019\/07\/IMG_1526-1.jpg 2048w\" sizes=\"(max-width: 1024px) 100vw, 1024px\" \/><\/figure><\/li><li class=\"blocks-gallery-item\"><figure><img loading=\"lazy\" decoding=\"async\" width=\"1024\" height=\"642\" src=\"https:\/\/marekkuchcinski.pl\/wp-content\/uploads\/2019\/07\/IMG_1596_Fotor-1024x642.jpg\" alt=\"\" data-id=\"16689\" data-link=\"https:\/\/marekkuchcinski.pl\/wydarzenia\/marek-kuchcinski-w-lublinie-450-lat-temu-polska-i-litwa-zawarly-unie-w-ktorej-dostrzec-mozna-wiele-wzorcow-dla-wspolczesnej-polityki-miedzynarodowej\/attachment\/img_1596_fotor\/\" class=\"wp-image-16689\" srcset=\"https:\/\/marekkuchcinski.pl\/wp-content\/uploads\/2019\/07\/IMG_1596_Fotor-1024x642.jpg 1024w, https:\/\/marekkuchcinski.pl\/wp-content\/uploads\/2019\/07\/IMG_1596_Fotor-300x188.jpg 300w, https:\/\/marekkuchcinski.pl\/wp-content\/uploads\/2019\/07\/IMG_1596_Fotor-768x482.jpg 768w, https:\/\/marekkuchcinski.pl\/wp-content\/uploads\/2019\/07\/IMG_1596_Fotor.jpg 2048w\" sizes=\"(max-width: 1024px) 100vw, 1024px\" \/><\/figure><\/li><\/ul>\n\n\n\n<figure class=\"wp-block-image\"><img loading=\"lazy\" decoding=\"async\" width=\"960\" height=\"640\" src=\"https:\/\/marekkuchcinski.pl\/wp-content\/uploads\/2019\/07\/65317619_2347921435424072_3862443318830956544_n.jpg\" alt=\"\" class=\"wp-image-16681\" srcset=\"https:\/\/marekkuchcinski.pl\/wp-content\/uploads\/2019\/07\/65317619_2347921435424072_3862443318830956544_n.jpg 960w, https:\/\/marekkuchcinski.pl\/wp-content\/uploads\/2019\/07\/65317619_2347921435424072_3862443318830956544_n-300x200.jpg 300w, https:\/\/marekkuchcinski.pl\/wp-content\/uploads\/2019\/07\/65317619_2347921435424072_3862443318830956544_n-768x512.jpg 768w\" sizes=\"(max-width: 960px) 100vw, 960px\" \/><\/figure>\n\n\n\n<figure class=\"wp-block-image\"><img loading=\"lazy\" decoding=\"async\" width=\"1024\" height=\"683\" src=\"https:\/\/marekkuchcinski.pl\/wp-content\/uploads\/2019\/07\/IMG_1837_Fotor-1024x683.jpg\" alt=\"\" class=\"wp-image-16685\" srcset=\"https:\/\/marekkuchcinski.pl\/wp-content\/uploads\/2019\/07\/IMG_1837_Fotor-1024x683.jpg 1024w, https:\/\/marekkuchcinski.pl\/wp-content\/uploads\/2019\/07\/IMG_1837_Fotor-300x200.jpg 300w, https:\/\/marekkuchcinski.pl\/wp-content\/uploads\/2019\/07\/IMG_1837_Fotor-768x512.jpg 768w, https:\/\/marekkuchcinski.pl\/wp-content\/uploads\/2019\/07\/IMG_1837_Fotor.jpg 2048w\" sizes=\"(max-width: 1024px) 100vw, 1024px\" \/><\/figure>\n\n\n\n<figure class=\"wp-block-image\"><img loading=\"lazy\" decoding=\"async\" width=\"1024\" height=\"683\" src=\"https:\/\/marekkuchcinski.pl\/wp-content\/uploads\/2019\/07\/IMG_1813_Fotor-1024x683.jpg\" alt=\"\" class=\"wp-image-16687\" srcset=\"https:\/\/marekkuchcinski.pl\/wp-content\/uploads\/2019\/07\/IMG_1813_Fotor-1024x683.jpg 1024w, https:\/\/marekkuchcinski.pl\/wp-content\/uploads\/2019\/07\/IMG_1813_Fotor-300x200.jpg 300w, https:\/\/marekkuchcinski.pl\/wp-content\/uploads\/2019\/07\/IMG_1813_Fotor-768x512.jpg 768w, https:\/\/marekkuchcinski.pl\/wp-content\/uploads\/2019\/07\/IMG_1813_Fotor.jpg 2048w\" sizes=\"(max-width: 1024px) 100vw, 1024px\" \/><\/figure>\n\n\n\n<figure class=\"wp-block-image\"><img loading=\"lazy\" decoding=\"async\" width=\"800\" height=\"555\" src=\"https:\/\/marekkuchcinski.pl\/wp-content\/uploads\/2019\/07\/MMA_8264.view_.jpg\" alt=\"\" class=\"wp-image-16638\" srcset=\"https:\/\/marekkuchcinski.pl\/wp-content\/uploads\/2019\/07\/MMA_8264.view_.jpg 800w, https:\/\/marekkuchcinski.pl\/wp-content\/uploads\/2019\/07\/MMA_8264.view_-300x208.jpg 300w, https:\/\/marekkuchcinski.pl\/wp-content\/uploads\/2019\/07\/MMA_8264.view_-768x533.jpg 768w\" sizes=\"(max-width: 800px) 100vw, 800px\" \/><figcaption>Foto: Marta Marchlewska<\/figcaption><\/figure>\n\n\n\n<figure class=\"wp-block-image\"><img loading=\"lazy\" decoding=\"async\" width=\"800\" height=\"533\" src=\"https:\/\/marekkuchcinski.pl\/wp-content\/uploads\/2019\/07\/M.view_.jpg\" alt=\"\" class=\"wp-image-16637\" srcset=\"https:\/\/marekkuchcinski.pl\/wp-content\/uploads\/2019\/07\/M.view_.jpg 800w, https:\/\/marekkuchcinski.pl\/wp-content\/uploads\/2019\/07\/M.view_-300x200.jpg 300w, https:\/\/marekkuchcinski.pl\/wp-content\/uploads\/2019\/07\/M.view_-768x512.jpg 768w\" sizes=\"(max-width: 800px) 100vw, 800px\" \/><figcaption>Foto: Marta Marchlewska<\/figcaption><\/figure>","protected":false},"excerpt":{"rendered":"<p>W niedziel\u0119 w Lublinie, z udzia\u0142em m.in. marsza\u0142ka Sejmu, marsza\u0142ka Senatu, premiera, parlamentarzyst\u00f3w, ministr\u00f3w oraz zagranicznych go\u015bci odby\u0142y si\u0119 uroczysto\u015bci zwi\u0105zane z 450-leciaem zawarcia unii pomi\u0119dzy Polsk\u0105 a Litw\u0105. Unia Lubelska by\u0142a epokowym wydarzeniem, kt\u00f3re na wiele lat okre\u015bli\u0142o porz\u0105dek polityczny i \u0142ad spo\u0142eczny w Europie \u015arodkowej i Wschodniej. Dzi\u0119ki niej powsta\u0142a bowiem Rzeczpospolita Obojga [&hellip;]<\/p>","protected":false},"author":6,"featured_media":16588,"comment_status":"open","ping_status":"open","sticky":false,"template":"","format":"standard","meta":{"ngg_post_thumbnail":0,"footnotes":""},"categories":[77,50,3],"tags":[],"class_list":["post-16582","post","type-post","status-publish","format-standard","has-post-thumbnail","hentry","category-wazne-daty","category-wspolpraca-miedzynarodowa","category-wydarzenia"],"yoast_head":"<!-- This site is optimized with the Yoast SEO plugin v24.7 - https:\/\/yoast.com\/wordpress\/plugins\/seo\/ -->\n<title>Marek Kuchci\u0144ski w Lublinie: 450 lat temu Polska i Litwa zawar\u0142y uni\u0119, w kt\u00f3rej dostrzec mo\u017cna wiele wzorc\u00f3w dla wsp\u00f3\u0142czesnej polityki mi\u0119dzynarodowej &#8211; Marek Kuchci\u0144ski<\/title>\n<meta name=\"robots\" content=\"index, follow, max-snippet:-1, max-image-preview:large, max-video-preview:-1\" \/>\n<link rel=\"canonical\" href=\"https:\/\/marekkuchcinski.pl\/ro\/wydarzenia\/marek-kuchcinski-w-lublinie-450-lat-temu-polska-i-litwa-zawarly-unie-w-ktorej-dostrzec-mozna-wiele-wzorcow-dla-wspolczesnej-polityki-miedzynarodowej\/\" \/>\n<meta property=\"og:locale\" content=\"ro_RO\" \/>\n<meta property=\"og:type\" content=\"article\" \/>\n<meta property=\"og:title\" content=\"Marek Kuchci\u0144ski w Lublinie: 450 lat temu Polska i Litwa zawar\u0142y uni\u0119, w kt\u00f3rej dostrzec mo\u017cna wiele wzorc\u00f3w dla wsp\u00f3\u0142czesnej polityki mi\u0119dzynarodowej &#8211; Marek Kuchci\u0144ski\" \/>\n<meta property=\"og:description\" content=\"W niedziel\u0119 w Lublinie, z udzia\u0142em m.in. marsza\u0142ka Sejmu, marsza\u0142ka Senatu, premiera, parlamentarzyst\u00f3w, ministr\u00f3w oraz zagranicznych go\u015bci odby\u0142y si\u0119 uroczysto\u015bci zwi\u0105zane z 450-leciaem zawarcia unii pomi\u0119dzy Polsk\u0105 a Litw\u0105. Unia Lubelska by\u0142a epokowym wydarzeniem, kt\u00f3re na wiele lat okre\u015bli\u0142o porz\u0105dek polityczny i \u0142ad spo\u0142eczny w Europie \u015arodkowej i Wschodniej. Dzi\u0119ki niej powsta\u0142a bowiem Rzeczpospolita Obojga [&hellip;]\" \/>\n<meta property=\"og:url\" content=\"https:\/\/marekkuchcinski.pl\/ro\/wydarzenia\/marek-kuchcinski-w-lublinie-450-lat-temu-polska-i-litwa-zawarly-unie-w-ktorej-dostrzec-mozna-wiele-wzorcow-dla-wspolczesnej-polityki-miedzynarodowej\/\" \/>\n<meta property=\"og:site_name\" content=\"Marek Kuchci\u0144ski\" \/>\n<meta property=\"article:published_time\" content=\"2019-07-01T12:04:51+00:00\" \/>\n<meta property=\"article:modified_time\" content=\"2019-07-01T18:37:48+00:00\" \/>\n<meta property=\"og:image\" content=\"https:\/\/marekkuchcinski.pl\/wp-content\/uploads\/2019\/07\/IMG_2354.jpg\" \/>\n\t<meta property=\"og:image:width\" content=\"2048\" \/>\n\t<meta property=\"og:image:height\" content=\"1293\" \/>\n\t<meta property=\"og:image:type\" content=\"image\/jpeg\" \/>\n<meta name=\"author\" content=\"admin\" \/>\n<meta name=\"twitter:card\" content=\"summary_large_image\" \/>\n<meta name=\"twitter:label1\" content=\"Scris de\" \/>\n\t<meta name=\"twitter:data1\" content=\"admin\" \/>\n\t<meta name=\"twitter:label2\" content=\"Timp estimat pentru citire\" \/>\n\t<meta name=\"twitter:data2\" content=\"5 minutes\" \/>\n<script type=\"application\/ld+json\" class=\"yoast-schema-graph\">{\"@context\":\"https:\/\/schema.org\",\"@graph\":[{\"@type\":\"Article\",\"@id\":\"https:\/\/marekkuchcinski.pl\/en\/wydarzenia\/marek-kuchcinski-w-lublinie-450-lat-temu-polska-i-litwa-zawarly-unie-w-ktorej-dostrzec-mozna-wiele-wzorcow-dla-wspolczesnej-polityki-miedzynarodowej\/#article\",\"isPartOf\":{\"@id\":\"https:\/\/marekkuchcinski.pl\/en\/wydarzenia\/marek-kuchcinski-w-lublinie-450-lat-temu-polska-i-litwa-zawarly-unie-w-ktorej-dostrzec-mozna-wiele-wzorcow-dla-wspolczesnej-polityki-miedzynarodowej\/\"},\"author\":{\"name\":\"admin\",\"@id\":\"https:\/\/marekkuchcinski.pl\/#\/schema\/person\/6f62700996b4d950b6ea2d1183b6c6be\"},\"headline\":\"Marek Kuchci\u0144ski w Lublinie: 450 lat temu Polska i Litwa zawar\u0142y uni\u0119, w kt\u00f3rej dostrzec mo\u017cna wiele wzorc\u00f3w dla wsp\u00f3\u0142czesnej polityki mi\u0119dzynarodowej\",\"datePublished\":\"2019-07-01T12:04:51+00:00\",\"dateModified\":\"2019-07-01T18:37:48+00:00\",\"mainEntityOfPage\":{\"@id\":\"https:\/\/marekkuchcinski.pl\/en\/wydarzenia\/marek-kuchcinski-w-lublinie-450-lat-temu-polska-i-litwa-zawarly-unie-w-ktorej-dostrzec-mozna-wiele-wzorcow-dla-wspolczesnej-polityki-miedzynarodowej\/\"},\"wordCount\":1062,\"commentCount\":0,\"publisher\":{\"@id\":\"https:\/\/marekkuchcinski.pl\/#organization\"},\"image\":{\"@id\":\"https:\/\/marekkuchcinski.pl\/en\/wydarzenia\/marek-kuchcinski-w-lublinie-450-lat-temu-polska-i-litwa-zawarly-unie-w-ktorej-dostrzec-mozna-wiele-wzorcow-dla-wspolczesnej-polityki-miedzynarodowej\/#primaryimage\"},\"thumbnailUrl\":\"https:\/\/marekkuchcinski.pl\/wp-content\/uploads\/2019\/07\/IMG_2354.jpg\",\"articleSection\":[\"Wa\u017cne daty\",\"Wsp\u00f3\u0142praca mi\u0119dzynarodowa\",\"Wydarzenia\"],\"inLanguage\":\"ro-RO\",\"potentialAction\":[{\"@type\":\"CommentAction\",\"name\":\"Comment\",\"target\":[\"https:\/\/marekkuchcinski.pl\/en\/wydarzenia\/marek-kuchcinski-w-lublinie-450-lat-temu-polska-i-litwa-zawarly-unie-w-ktorej-dostrzec-mozna-wiele-wzorcow-dla-wspolczesnej-polityki-miedzynarodowej\/#respond\"]}]},{\"@type\":\"WebPage\",\"@id\":\"https:\/\/marekkuchcinski.pl\/en\/wydarzenia\/marek-kuchcinski-w-lublinie-450-lat-temu-polska-i-litwa-zawarly-unie-w-ktorej-dostrzec-mozna-wiele-wzorcow-dla-wspolczesnej-polityki-miedzynarodowej\/\",\"url\":\"https:\/\/marekkuchcinski.pl\/en\/wydarzenia\/marek-kuchcinski-w-lublinie-450-lat-temu-polska-i-litwa-zawarly-unie-w-ktorej-dostrzec-mozna-wiele-wzorcow-dla-wspolczesnej-polityki-miedzynarodowej\/\",\"name\":\"Marek Kuchci\u0144ski w Lublinie: 450 lat temu Polska i Litwa zawar\u0142y uni\u0119, w kt\u00f3rej dostrzec mo\u017cna wiele wzorc\u00f3w dla wsp\u00f3\u0142czesnej polityki mi\u0119dzynarodowej &#8211; Marek Kuchci\u0144ski\",\"isPartOf\":{\"@id\":\"https:\/\/marekkuchcinski.pl\/#website\"},\"primaryImageOfPage\":{\"@id\":\"https:\/\/marekkuchcinski.pl\/en\/wydarzenia\/marek-kuchcinski-w-lublinie-450-lat-temu-polska-i-litwa-zawarly-unie-w-ktorej-dostrzec-mozna-wiele-wzorcow-dla-wspolczesnej-polityki-miedzynarodowej\/#primaryimage\"},\"image\":{\"@id\":\"https:\/\/marekkuchcinski.pl\/en\/wydarzenia\/marek-kuchcinski-w-lublinie-450-lat-temu-polska-i-litwa-zawarly-unie-w-ktorej-dostrzec-mozna-wiele-wzorcow-dla-wspolczesnej-polityki-miedzynarodowej\/#primaryimage\"},\"thumbnailUrl\":\"https:\/\/marekkuchcinski.pl\/wp-content\/uploads\/2019\/07\/IMG_2354.jpg\",\"datePublished\":\"2019-07-01T12:04:51+00:00\",\"dateModified\":\"2019-07-01T18:37:48+00:00\",\"breadcrumb\":{\"@id\":\"https:\/\/marekkuchcinski.pl\/en\/wydarzenia\/marek-kuchcinski-w-lublinie-450-lat-temu-polska-i-litwa-zawarly-unie-w-ktorej-dostrzec-mozna-wiele-wzorcow-dla-wspolczesnej-polityki-miedzynarodowej\/#breadcrumb\"},\"inLanguage\":\"ro-RO\",\"potentialAction\":[{\"@type\":\"ReadAction\",\"target\":[\"https:\/\/marekkuchcinski.pl\/en\/wydarzenia\/marek-kuchcinski-w-lublinie-450-lat-temu-polska-i-litwa-zawarly-unie-w-ktorej-dostrzec-mozna-wiele-wzorcow-dla-wspolczesnej-polityki-miedzynarodowej\/\"]}]},{\"@type\":\"ImageObject\",\"inLanguage\":\"ro-RO\",\"@id\":\"https:\/\/marekkuchcinski.pl\/en\/wydarzenia\/marek-kuchcinski-w-lublinie-450-lat-temu-polska-i-litwa-zawarly-unie-w-ktorej-dostrzec-mozna-wiele-wzorcow-dla-wspolczesnej-polityki-miedzynarodowej\/#primaryimage\",\"url\":\"https:\/\/marekkuchcinski.pl\/wp-content\/uploads\/2019\/07\/IMG_2354.jpg\",\"contentUrl\":\"https:\/\/marekkuchcinski.pl\/wp-content\/uploads\/2019\/07\/IMG_2354.jpg\",\"width\":2048,\"height\":1293},{\"@type\":\"BreadcrumbList\",\"@id\":\"https:\/\/marekkuchcinski.pl\/en\/wydarzenia\/marek-kuchcinski-w-lublinie-450-lat-temu-polska-i-litwa-zawarly-unie-w-ktorej-dostrzec-mozna-wiele-wzorcow-dla-wspolczesnej-polityki-miedzynarodowej\/#breadcrumb\",\"itemListElement\":[{\"@type\":\"ListItem\",\"position\":1,\"name\":\"Strona g\u0142\u00f3wna\",\"item\":\"https:\/\/marekkuchcinski.pl\/\"},{\"@type\":\"ListItem\",\"position\":2,\"name\":\"Marek Kuchci\u0144ski w Lublinie: 450 lat temu Polska i Litwa zawar\u0142y uni\u0119, w kt\u00f3rej dostrzec mo\u017cna wiele wzorc\u00f3w dla wsp\u00f3\u0142czesnej polityki mi\u0119dzynarodowej\"}]},{\"@type\":\"WebSite\",\"@id\":\"https:\/\/marekkuchcinski.pl\/#website\",\"url\":\"https:\/\/marekkuchcinski.pl\/\",\"name\":\"Marek Kuchci\u0144ski\",\"description\":\"Pose\u0142 na sejm RP &ndash; okr\u0119g nr 22\",\"publisher\":{\"@id\":\"https:\/\/marekkuchcinski.pl\/#organization\"},\"potentialAction\":[{\"@type\":\"SearchAction\",\"target\":{\"@type\":\"EntryPoint\",\"urlTemplate\":\"https:\/\/marekkuchcinski.pl\/?s={search_term_string}\"},\"query-input\":{\"@type\":\"PropertyValueSpecification\",\"valueRequired\":true,\"valueName\":\"search_term_string\"}}],\"inLanguage\":\"ro-RO\"},{\"@type\":\"Organization\",\"@id\":\"https:\/\/marekkuchcinski.pl\/#organization\",\"name\":\"Marek Kuchci\u0144ski\",\"url\":\"https:\/\/marekkuchcinski.pl\/\",\"logo\":{\"@type\":\"ImageObject\",\"inLanguage\":\"ro-RO\",\"@id\":\"https:\/\/marekkuchcinski.pl\/#\/schema\/logo\/image\/\",\"url\":\"https:\/\/marekkuchcinski.pl\/wp-content\/uploads\/2022\/09\/Marek.jpg\",\"contentUrl\":\"https:\/\/marekkuchcinski.pl\/wp-content\/uploads\/2022\/09\/Marek.jpg\",\"width\":1600,\"height\":971,\"caption\":\"Marek Kuchci\u0144ski\"},\"image\":{\"@id\":\"https:\/\/marekkuchcinski.pl\/#\/schema\/logo\/image\/\"}},{\"@type\":\"Person\",\"@id\":\"https:\/\/marekkuchcinski.pl\/#\/schema\/person\/6f62700996b4d950b6ea2d1183b6c6be\",\"name\":\"admin\",\"image\":{\"@type\":\"ImageObject\",\"inLanguage\":\"ro-RO\",\"@id\":\"https:\/\/marekkuchcinski.pl\/#\/schema\/person\/image\/\",\"url\":\"https:\/\/secure.gravatar.com\/avatar\/4bab693b9d55c3d6b52c0296a8765085?s=96&d=mm&r=g\",\"contentUrl\":\"https:\/\/secure.gravatar.com\/avatar\/4bab693b9d55c3d6b52c0296a8765085?s=96&d=mm&r=g\",\"caption\":\"admin\"},\"url\":\"https:\/\/marekkuchcinski.pl\/ro\/author\/marta-olejnik\/\"}]}<\/script>\n<!-- \/ Yoast SEO plugin. -->","yoast_head_json":{"title":"Marek Kuchci\u0144ski w Lublinie: 450 lat temu Polska i Litwa zawar\u0142y uni\u0119, w kt\u00f3rej dostrzec mo\u017cna wiele wzorc\u00f3w dla wsp\u00f3\u0142czesnej polityki mi\u0119dzynarodowej &#8211; Marek Kuchci\u0144ski","robots":{"index":"index","follow":"follow","max-snippet":"max-snippet:-1","max-image-preview":"max-image-preview:large","max-video-preview":"max-video-preview:-1"},"canonical":"https:\/\/marekkuchcinski.pl\/ro\/wydarzenia\/marek-kuchcinski-w-lublinie-450-lat-temu-polska-i-litwa-zawarly-unie-w-ktorej-dostrzec-mozna-wiele-wzorcow-dla-wspolczesnej-polityki-miedzynarodowej\/","og_locale":"ro_RO","og_type":"article","og_title":"Marek Kuchci\u0144ski w Lublinie: 450 lat temu Polska i Litwa zawar\u0142y uni\u0119, w kt\u00f3rej dostrzec mo\u017cna wiele wzorc\u00f3w dla wsp\u00f3\u0142czesnej polityki mi\u0119dzynarodowej &#8211; Marek Kuchci\u0144ski","og_description":"W niedziel\u0119 w Lublinie, z udzia\u0142em m.in. marsza\u0142ka Sejmu, marsza\u0142ka Senatu, premiera, parlamentarzyst\u00f3w, ministr\u00f3w oraz zagranicznych go\u015bci odby\u0142y si\u0119 uroczysto\u015bci zwi\u0105zane z 450-leciaem zawarcia unii pomi\u0119dzy Polsk\u0105 a Litw\u0105. Unia Lubelska by\u0142a epokowym wydarzeniem, kt\u00f3re na wiele lat okre\u015bli\u0142o porz\u0105dek polityczny i \u0142ad spo\u0142eczny w Europie \u015arodkowej i Wschodniej. Dzi\u0119ki niej powsta\u0142a bowiem Rzeczpospolita Obojga [&hellip;]","og_url":"https:\/\/marekkuchcinski.pl\/ro\/wydarzenia\/marek-kuchcinski-w-lublinie-450-lat-temu-polska-i-litwa-zawarly-unie-w-ktorej-dostrzec-mozna-wiele-wzorcow-dla-wspolczesnej-polityki-miedzynarodowej\/","og_site_name":"Marek Kuchci\u0144ski","article_published_time":"2019-07-01T12:04:51+00:00","article_modified_time":"2019-07-01T18:37:48+00:00","og_image":[{"width":2048,"height":1293,"url":"https:\/\/marekkuchcinski.pl\/wp-content\/uploads\/2019\/07\/IMG_2354.jpg","type":"image\/jpeg"}],"author":"admin","twitter_card":"summary_large_image","twitter_misc":{"Scris de":"admin","Timp estimat pentru citire":"5 minutes"},"schema":{"@context":"https:\/\/schema.org","@graph":[{"@type":"Article","@id":"https:\/\/marekkuchcinski.pl\/en\/wydarzenia\/marek-kuchcinski-w-lublinie-450-lat-temu-polska-i-litwa-zawarly-unie-w-ktorej-dostrzec-mozna-wiele-wzorcow-dla-wspolczesnej-polityki-miedzynarodowej\/#article","isPartOf":{"@id":"https:\/\/marekkuchcinski.pl\/en\/wydarzenia\/marek-kuchcinski-w-lublinie-450-lat-temu-polska-i-litwa-zawarly-unie-w-ktorej-dostrzec-mozna-wiele-wzorcow-dla-wspolczesnej-polityki-miedzynarodowej\/"},"author":{"name":"admin","@id":"https:\/\/marekkuchcinski.pl\/#\/schema\/person\/6f62700996b4d950b6ea2d1183b6c6be"},"headline":"Marek Kuchci\u0144ski w Lublinie: 450 lat temu Polska i Litwa zawar\u0142y uni\u0119, w kt\u00f3rej dostrzec mo\u017cna wiele wzorc\u00f3w dla wsp\u00f3\u0142czesnej polityki mi\u0119dzynarodowej","datePublished":"2019-07-01T12:04:51+00:00","dateModified":"2019-07-01T18:37:48+00:00","mainEntityOfPage":{"@id":"https:\/\/marekkuchcinski.pl\/en\/wydarzenia\/marek-kuchcinski-w-lublinie-450-lat-temu-polska-i-litwa-zawarly-unie-w-ktorej-dostrzec-mozna-wiele-wzorcow-dla-wspolczesnej-polityki-miedzynarodowej\/"},"wordCount":1062,"commentCount":0,"publisher":{"@id":"https:\/\/marekkuchcinski.pl\/#organization"},"image":{"@id":"https:\/\/marekkuchcinski.pl\/en\/wydarzenia\/marek-kuchcinski-w-lublinie-450-lat-temu-polska-i-litwa-zawarly-unie-w-ktorej-dostrzec-mozna-wiele-wzorcow-dla-wspolczesnej-polityki-miedzynarodowej\/#primaryimage"},"thumbnailUrl":"https:\/\/marekkuchcinski.pl\/wp-content\/uploads\/2019\/07\/IMG_2354.jpg","articleSection":["Wa\u017cne daty","Wsp\u00f3\u0142praca mi\u0119dzynarodowa","Wydarzenia"],"inLanguage":"ro-RO","potentialAction":[{"@type":"CommentAction","name":"Comment","target":["https:\/\/marekkuchcinski.pl\/en\/wydarzenia\/marek-kuchcinski-w-lublinie-450-lat-temu-polska-i-litwa-zawarly-unie-w-ktorej-dostrzec-mozna-wiele-wzorcow-dla-wspolczesnej-polityki-miedzynarodowej\/#respond"]}]},{"@type":"WebPage","@id":"https:\/\/marekkuchcinski.pl\/en\/wydarzenia\/marek-kuchcinski-w-lublinie-450-lat-temu-polska-i-litwa-zawarly-unie-w-ktorej-dostrzec-mozna-wiele-wzorcow-dla-wspolczesnej-polityki-miedzynarodowej\/","url":"https:\/\/marekkuchcinski.pl\/en\/wydarzenia\/marek-kuchcinski-w-lublinie-450-lat-temu-polska-i-litwa-zawarly-unie-w-ktorej-dostrzec-mozna-wiele-wzorcow-dla-wspolczesnej-polityki-miedzynarodowej\/","name":"Marek Kuchci\u0144ski w Lublinie: 450 lat temu Polska i Litwa zawar\u0142y uni\u0119, w kt\u00f3rej dostrzec mo\u017cna wiele wzorc\u00f3w dla wsp\u00f3\u0142czesnej polityki mi\u0119dzynarodowej &#8211; Marek Kuchci\u0144ski","isPartOf":{"@id":"https:\/\/marekkuchcinski.pl\/#website"},"primaryImageOfPage":{"@id":"https:\/\/marekkuchcinski.pl\/en\/wydarzenia\/marek-kuchcinski-w-lublinie-450-lat-temu-polska-i-litwa-zawarly-unie-w-ktorej-dostrzec-mozna-wiele-wzorcow-dla-wspolczesnej-polityki-miedzynarodowej\/#primaryimage"},"image":{"@id":"https:\/\/marekkuchcinski.pl\/en\/wydarzenia\/marek-kuchcinski-w-lublinie-450-lat-temu-polska-i-litwa-zawarly-unie-w-ktorej-dostrzec-mozna-wiele-wzorcow-dla-wspolczesnej-polityki-miedzynarodowej\/#primaryimage"},"thumbnailUrl":"https:\/\/marekkuchcinski.pl\/wp-content\/uploads\/2019\/07\/IMG_2354.jpg","datePublished":"2019-07-01T12:04:51+00:00","dateModified":"2019-07-01T18:37:48+00:00","breadcrumb":{"@id":"https:\/\/marekkuchcinski.pl\/en\/wydarzenia\/marek-kuchcinski-w-lublinie-450-lat-temu-polska-i-litwa-zawarly-unie-w-ktorej-dostrzec-mozna-wiele-wzorcow-dla-wspolczesnej-polityki-miedzynarodowej\/#breadcrumb"},"inLanguage":"ro-RO","potentialAction":[{"@type":"ReadAction","target":["https:\/\/marekkuchcinski.pl\/en\/wydarzenia\/marek-kuchcinski-w-lublinie-450-lat-temu-polska-i-litwa-zawarly-unie-w-ktorej-dostrzec-mozna-wiele-wzorcow-dla-wspolczesnej-polityki-miedzynarodowej\/"]}]},{"@type":"ImageObject","inLanguage":"ro-RO","@id":"https:\/\/marekkuchcinski.pl\/en\/wydarzenia\/marek-kuchcinski-w-lublinie-450-lat-temu-polska-i-litwa-zawarly-unie-w-ktorej-dostrzec-mozna-wiele-wzorcow-dla-wspolczesnej-polityki-miedzynarodowej\/#primaryimage","url":"https:\/\/marekkuchcinski.pl\/wp-content\/uploads\/2019\/07\/IMG_2354.jpg","contentUrl":"https:\/\/marekkuchcinski.pl\/wp-content\/uploads\/2019\/07\/IMG_2354.jpg","width":2048,"height":1293},{"@type":"BreadcrumbList","@id":"https:\/\/marekkuchcinski.pl\/en\/wydarzenia\/marek-kuchcinski-w-lublinie-450-lat-temu-polska-i-litwa-zawarly-unie-w-ktorej-dostrzec-mozna-wiele-wzorcow-dla-wspolczesnej-polityki-miedzynarodowej\/#breadcrumb","itemListElement":[{"@type":"ListItem","position":1,"name":"Strona g\u0142\u00f3wna","item":"https:\/\/marekkuchcinski.pl\/"},{"@type":"ListItem","position":2,"name":"Marek Kuchci\u0144ski w Lublinie: 450 lat temu Polska i Litwa zawar\u0142y uni\u0119, w kt\u00f3rej dostrzec mo\u017cna wiele wzorc\u00f3w dla wsp\u00f3\u0142czesnej polityki mi\u0119dzynarodowej"}]},{"@type":"WebSite","@id":"https:\/\/marekkuchcinski.pl\/#website","url":"https:\/\/marekkuchcinski.pl\/","name":"Marek Kuchci\u0144ski","description":"Pose\u0142 na sejm RP &ndash; okr\u0119g nr 22","publisher":{"@id":"https:\/\/marekkuchcinski.pl\/#organization"},"potentialAction":[{"@type":"SearchAction","target":{"@type":"EntryPoint","urlTemplate":"https:\/\/marekkuchcinski.pl\/?s={search_term_string}"},"query-input":{"@type":"PropertyValueSpecification","valueRequired":true,"valueName":"search_term_string"}}],"inLanguage":"ro-RO"},{"@type":"Organization","@id":"https:\/\/marekkuchcinski.pl\/#organization","name":"Marek Kuchci\u0144ski","url":"https:\/\/marekkuchcinski.pl\/","logo":{"@type":"ImageObject","inLanguage":"ro-RO","@id":"https:\/\/marekkuchcinski.pl\/#\/schema\/logo\/image\/","url":"https:\/\/marekkuchcinski.pl\/wp-content\/uploads\/2022\/09\/Marek.jpg","contentUrl":"https:\/\/marekkuchcinski.pl\/wp-content\/uploads\/2022\/09\/Marek.jpg","width":1600,"height":971,"caption":"Marek Kuchci\u0144ski"},"image":{"@id":"https:\/\/marekkuchcinski.pl\/#\/schema\/logo\/image\/"}},{"@type":"Person","@id":"https:\/\/marekkuchcinski.pl\/#\/schema\/person\/6f62700996b4d950b6ea2d1183b6c6be","name":"admin","image":{"@type":"ImageObject","inLanguage":"ro-RO","@id":"https:\/\/marekkuchcinski.pl\/#\/schema\/person\/image\/","url":"https:\/\/secure.gravatar.com\/avatar\/4bab693b9d55c3d6b52c0296a8765085?s=96&d=mm&r=g","contentUrl":"https:\/\/secure.gravatar.com\/avatar\/4bab693b9d55c3d6b52c0296a8765085?s=96&d=mm&r=g","caption":"admin"},"url":"https:\/\/marekkuchcinski.pl\/ro\/author\/marta-olejnik\/"}]}},"_links":{"self":[{"href":"https:\/\/marekkuchcinski.pl\/ro\/wp-json\/wp\/v2\/posts\/16582","targetHints":{"allow":["GET"]}}],"collection":[{"href":"https:\/\/marekkuchcinski.pl\/ro\/wp-json\/wp\/v2\/posts"}],"about":[{"href":"https:\/\/marekkuchcinski.pl\/ro\/wp-json\/wp\/v2\/types\/post"}],"author":[{"embeddable":true,"href":"https:\/\/marekkuchcinski.pl\/ro\/wp-json\/wp\/v2\/users\/6"}],"replies":[{"embeddable":true,"href":"https:\/\/marekkuchcinski.pl\/ro\/wp-json\/wp\/v2\/comments?post=16582"}],"version-history":[{"count":29,"href":"https:\/\/marekkuchcinski.pl\/ro\/wp-json\/wp\/v2\/posts\/16582\/revisions"}],"predecessor-version":[{"id":16693,"href":"https:\/\/marekkuchcinski.pl\/ro\/wp-json\/wp\/v2\/posts\/16582\/revisions\/16693"}],"wp:featuredmedia":[{"embeddable":true,"href":"https:\/\/marekkuchcinski.pl\/ro\/wp-json\/wp\/v2\/media\/16588"}],"wp:attachment":[{"href":"https:\/\/marekkuchcinski.pl\/ro\/wp-json\/wp\/v2\/media?parent=16582"}],"wp:term":[{"taxonomy":"category","embeddable":true,"href":"https:\/\/marekkuchcinski.pl\/ro\/wp-json\/wp\/v2\/categories?post=16582"},{"taxonomy":"post_tag","embeddable":true,"href":"https:\/\/marekkuchcinski.pl\/ro\/wp-json\/wp\/v2\/tags?post=16582"}],"curies":[{"name":"wp","href":"https:\/\/api.w.org\/{rel}","templated":true}]}}