{"id":16552,"date":"2019-06-28T19:18:58","date_gmt":"2019-06-28T17:18:58","guid":{"rendered":"https:\/\/marekkuchcinski.pl\/?p=16552"},"modified":"2019-07-02T20:43:26","modified_gmt":"2019-07-02T18:43:26","slug":"poprad-spotkanie-przewodniczacych-parlamentow-grupy-wyszehradzkiej","status":"publish","type":"post","link":"https:\/\/marekkuchcinski.pl\/ro\/wydarzenia\/poprad-spotkanie-przewodniczacych-parlamentow-grupy-wyszehradzkiej\/","title":{"rendered":"Poprad: Reuniunea pre\u0219edin\u021bilor parlamentelor de la Visegrad"},"content":{"rendered":"<p>Sunt \u00een favoarea unei perspective de viitor \u0219i a construirii viitorului UE pe baza unei Europe a patriei, a solidarit\u0103\u021bii \u0219i a statelor suverane. Pentru noi, \u021b\u0103rile care abia \u00een ultimii 30 de ani \u0219i-au reconstruit con\u0219tiin\u021ba patriotic\u0103, acest lucru este de mare importan\u021b\u0103\", a declarat Marek Kuchci\u0144ski, pre\u0219edintele Sejm, \u00een timpul unei reuniuni (27 iunie) a \u0219efilor de parlamente din \u021b\u0103rile Grupului de la Visegrad la Poprad, \u00een Slovacia. Politicieni din Polonia, Republica Ceh\u0103, Slovacia \u0219i Ungaria au discutat despre viitorul UE \u00een contextul recentelor alegeri pentru Parlamentul European \u0219i au f\u0103cut un bilan\u021b al pre\u0219edin\u021biei Slovaciei \u00een cadrul Grupului celor patru de la Vi\u0219egrad. De la 1 iulie, Praga va stabili direc\u021bia activit\u0103\u021bilor V4. - Voi \u00eencuraja Grupul de la Visegrad s\u0103 vorbeasc\u0103 pe o singur\u0103 voce, inclusiv \u00een dimensiunea parlamentar\u0103 - a declarat mare\u0219alul Kuchci\u0144ski \u00eenaintea reuniunii de la Poprad. De asemenea, acesta a subliniat c\u0103, atunci c\u00e2nd Grupul de la Vi\u0219egrad ac\u021bioneaz\u0103 \u00eempreun\u0103, acesta \"constituie o unitate, creeaz\u0103 for\u021b\u0103\". El a ad\u0103ugat c\u0103 vocea grupului V4 este luat\u0103 \u00een considerare \u0219i auzit\u0103 \u00een \u00eentreaga Uniune European\u0103 \u0219i c\u0103 Visegrad este un exemplu pentru ceilal\u021bi.<\/p>\n\n\n\n<p>\u00cen cadrul reuniunii pre\u0219edin\u021bilor, Marek Kuchci\u0144ski a declarat c\u0103 Grupul de la Visegrad, \u00een dimensiunea sa parlamentar\u0103, creeaz\u0103 o baz\u0103 pentru o cooperare mai str\u00e2ns\u0103 \u0219i se al\u0103tur\u0103 astfel construc\u021biei unei mai bune cooper\u0103ri a statelor \u00een cadrul Uniunii Europene. De asemenea, el a subliniat c\u0103 prezen\u021ba ridicat\u0103 la alegerile europarlamentare a f\u0103cut ca mandatul parlamentarilor din \u021b\u0103rile V4 s\u0103 fie mai puternic, ceea ce le confer\u0103 un drept mai mare de a cere corec\u021biile necesare \u00een func\u021bionarea \u0219i operarea Uniunii.<\/p>\n\n\n\n<p>- Acest lucru este legat de necesitatea de a prezenta o pozi\u021bie clar\u0103. Ar fi recomandabil ca noi, ca Grup de la Visegrad, s\u0103 avem o pozi\u021bie \u0219i mai apropiat\u0103 nu numai \u00een ceea ce prive\u0219te chestiunile fundamentale care ne-au integrat', a precizat mare\u0219alul Kuchci\u0144ski. \u00cen acest sens, a fost de acord cu pre\u0219edintele Parlamentului ungar, Laszlo K\u00f6v\u00e9r, care a cerut ca Grupul s\u0103 fie unanim \u00een alegerea celor mai importante pozi\u021bii ale UE.<\/p>\n\n\n\n<p>Adjunctul mare\u0219alului Micha\u0142 Sewery\u0144ski, reprezentant al Senatului, a subliniat c\u0103 rezultatele alegerilor europarlamentare au ar\u0103tat c\u0103 mandatul a fost acordat partidelor care doreau schimbarea \u0219i nu continuarea politicilor actuale. Datorit\u0103 acestui fapt, dezbaterea privind viitorul comunit\u0103\u021bii poate reveni \u00een Uniunea European\u0103. Gazda reuniunii de la Poprad, pre\u0219edintele Consiliului Na\u021bional, Andrej Danko, a subliniat importan\u021ba cooper\u0103rii parlamentare a \u021b\u0103rilor din Grupul de la Visegrad, \u00een special \u00een ceea ce prive\u0219te chestiunile legate de UE. El a \u00eenaintat o propunere de a stabili \u00eent\u00e2lniri regulate ale parlamentarilor.<\/p>\n\n\n\n<p>La r\u00e2ndul s\u0103u, pre\u0219edintele Camerei Deputa\u021bilor din Cehia, Radek Vondracek, a remarcat c\u0103 \u021b\u0103rile V4 au reu\u0219it s\u0103 le arate partenerilor lor din Uniune c\u0103 \u021b\u0103rile de la Vi\u0219egrad sunt constructive \u0219i c\u0103 au o viziune care poate ajuta comunitatea european\u0103. Acesta a evaluat foarte bine cooperarea \u00een cadrul grupului. - Ar trebui s\u0103 cooper\u0103m \u00een cadrul alegerilor candida\u021bilor pentru cele mai importante func\u021bii din Uniunea European\u0103 - a declarat Radek Vondraczek. Opinia sa a fost \u00eemp\u0103rt\u0103\u0219it\u0103 de pre\u0219edintele Adun\u0103rii Na\u021bionale Maghiare, care a subliniat c\u0103 grupul V4 ar trebui s\u0103 coopereze \u00eendeaproape \u00een timpul alegerilor pentru cele mai importante func\u021bii din UE. El a subliniat c\u0103 \u021b\u0103rile noastre sunt cele care rezolv\u0103 problemele, iar sursa problemelor sunt \u021b\u0103rile vest-europene care iau decizii nechibzuite.<\/p>\n\n\n\n<p>Participan\u021bii la reuniune au apreciat \u00een mod deosebit pre\u0219edin\u021bia slovac\u0103 a V4, subliniind intensificarea reuniunilor la mai multe niveluri, inclusiv la nivel parlamentar. Succesul pre\u0219edin\u021biei slovace a fost definit \u0219i de reuniunile \u00een formula extins\u0103, at\u00e2t cu \u021b\u0103rile Benelux, c\u00e2t \u0219i cu Fran\u021ba \u0219i Germania.<\/p>\n\n\n\n<p><strong><em>Discursul pre\u0219edintelui Sejm Marek Kuchci\u0144ski <\/em><\/strong><strong><em>reuniunea pre\u0219edin\u021bilor parlamentelor V4 <\/em><\/strong><\/p>\n\n\n\n<p><strong><em>Poprad,\n27 iunie 2019.<\/em><\/strong><\/p>\n\n\n\n<p><strong><em>Viitorul\nUE: Uniunea dup\u0103 alegerile europene din 2019<\/em><\/strong><\/p>\n\n\n\n<p><strong>Stimate domnule pre\u0219edinte,<\/strong><\/p>\n\n\n\n<p><strong>Doamnelor \u0219i domnilor,<\/strong><\/p>\n\n\n\n<p><strong>V\u0103 mul\u021bumesc foarte mult pentru organizare\no alt\u0103 reuniune a delega\u021biilor noastre sub pre\u0219edin\u021bia slovac\u0103. V\u0103 felicit\ncolegului meu, domnul pre\u0219edinte, pentru un an de pre\u0219edin\u021bie foarte, foarte reu\u0219it, nu\nnu numai datorit\u0103 variet\u0103\u021bii \u00eent\u00e2lnirilor \u0219i a diversit\u0103\u021bii locurilor de desf\u0103\u0219urare, ci \u0219i datorit\u0103\ndin cauza gamei de probleme specifice pe care le-am ridicat, ceea ce este destul de dificil.\nsitua\u021bia \u00een care pre\u0219edin\u021bia are loc \u00een timpul campaniei electorale pentru Parlamentul European, \u00een care aceste\nalegerile pentru Parlamentul European la care particip\u0103 aceste \u021b\u0103ri. A fost un mare succes. Mi se pare c\u0103\nMi se pare c\u0103 putem spune cu \u00eendr\u0103zneal\u0103, \u00een calitate de Grup de la Visegrad, la nivel parlamentar, c\u0103 suntem\nCred c\u0103 putem spune cu certitudine, \u00een calitate de Grup de la Visegrad la nivel parlamentar, c\u0103, \u00eentr-un fel, cre\u0103m terenul pentru o cooperare mai str\u00e2ns\u0103.\n\u00eentre \u021b\u0103rile noastre \u0219i, \u00een acest fel, contribuim la crearea unui teren pentru o cooperare mai str\u00e2ns\u0103 \u0219i mai bun\u0103.\n\u00cen acest fel, punem bazele unei cooper\u0103ri mai str\u00e2nse \u0219i mai bune \u00een cadrul Uniunii Europene.\nSuntem con\u0219tien\u021bi, dup\u0103 cum \u0219tim, c\u0103 exist\u0103 destul de multe probleme \u00een acest sens.<\/strong><\/p>\n\n\n\n<p><strong>A\u0219 dori s\u0103 subliniez c\u00e2teva puncte\npe scurt, f\u0103c\u00e2nd referire la unele dintre cele deja men\u021bionate.<\/strong><\/p>\n\n\n\n<p><strong>\u00cen primul r\u00e2nd, din punctul de vedere al\nDin perspectiva Sejm-ului polonez, putem observa o polarizare destul de clar\u0103 a for\u021belor \u00een Uniunea European\u0103. Noi putem\nPutem spune c\u0103 alegerile europene, care tocmai au avut loc, semnific\u0103 o anumit\u0103\nAlegerile europene, care tocmai au avut loc, marcheaz\u0103 o anumit\u0103 nou\u0103 ordine \u0219i, \u00een acela\u0219i timp, \u00eenceputul unei noi situa\u021bii. Nu numai c\u0103 este\nAcest lucru nu se datoreaz\u0103 doar particip\u0103rii uria\u0219e, care nu a mai fost v\u0103zut\u0103 p\u00e2n\u0103 acum, ci \u0219i\ntrebuie s\u0103 lu\u0103m \u00een considerare faptul c\u0103 societ\u0103\u021bile noastre, cet\u0103\u021benii \u021b\u0103rilor noastre\nun interes mult mai mare fa\u021b\u0103 de afacerile europene, dar, \u00een opinia mea, acest lucru d\u0103 \u0219i o\nun motiv pentru a proclama c\u0103 mandatul nostru este astfel mai puternic. Cu c\u00e2t este mai mare\ncu at\u00e2t mai puternic este mandatul, astfel \u00eenc\u00e2t avem un drept mai mare de a cere\ndup\u0103 p\u0103rerea mea, corec\u021biile necesare \u00een ceea ce prive\u0219te activitatea \u0219i func\u021bionarea Uniunii Europene. Aceasta\nAcest lucru implic\u0103 necesitatea de a prezenta o pozi\u021bie clar\u0103, o pozi\u021bie mai clar\u0103\npozi\u021bie \u0219i - acesta este al doilea punct - cred c\u0103 ar fi bine, chiar ar fi\nAr fi chiar recomandabil ca noi, Grupul de la Visegrad, s\u0103 avem\no pozi\u021bie similar\u0103, o pozi\u021bie similar\u0103 nu numai \u00een ceea ce prive\u0219te problemele fundamentale care au\nnu numai \u00een ceea ce prive\u0219te problemele fundamentale care ne-au integrat, cum ar fi migra\u021bia sau problemele de securitate, terorismul etc,\nsau eforturile de men\u021binere a politicii agricole comune sau a politicii de coeziune, dar\ndar \u0219i \u00een alte domenii. Aici, a\u0219 vrea s\u0103 sugerez, s\u0103 propun ca noi\nde asemenea, \u00een ceea ce prive\u0219te chestiunea la care a f\u0103cut referire dl Weber \u0219i\ndomnilor, s\u0103 r\u0103m\u00e2nem uni\u021bi \u0219i \u00een aceast\u0103 problem\u0103 - problema alegerii\ndintre cele mai importante posturi din Uniunea European\u0103. \u0218efii no\u0219tri de stat fac destul de\nfac o treab\u0103 destul de bun\u0103 aici \u0219i cred c\u0103 ar fi nevoie de sprijin pentru aceste activit\u0103\u021bi din partea noastr\u0103.\naceste activit\u0103\u021bi. Dac\u0103 Grupul de la Vi\u0219egrad opteaz\u0103 pentru un candidat, unul pentru Comisia European\u0103\nComisia European\u0103, altul pentru \u0219eful Parlamentului \u0219i a\u0219a mai departe, atunci se va\no voce foarte mare \u0219i puternic auzit\u0103 \u0219i sunt de acord c\u0103 nu ar trebui s\u0103 ne\ng\u00e2ndesc cu t\u0103rie la oamenii sau politicienii care au avut p\u00e2n\u0103 acum\nne-au f\u0103cut r\u0103u. <\/strong><\/p>\n\n\n\n<p><strong>Cred c\u0103 este posibil s\u0103 vedem \u00een acest\nperspectiv\u0103 - anul acesta s\u0103rb\u0103torim mai multe anivers\u0103ri, de asemenea, treizeci de ani\nde schimbare, toamna na\u021biunilor: Revolu\u021bia de catifea, schimb\u0103rile din Polonia, Ungaria \u0219i a\u0219a mai departe. Cred c\u0103 da,\nCred c\u0103 putem spune aici c\u0103 \u00een \u021b\u0103rile noastre, \u00een partea noastr\u0103\nEuropa, Europa Central\u0103 \u0219i de Est, avem de-a face cu o situa\u021bie foarte interesant\u0103.\nsitua\u021bie. \u00cenainte de 1989, c\u00e2nd continentul nostru era \u00eemp\u0103r\u021bit \u00een dou\u0103 tabere,\ntab\u0103ra socialismului totalitar \u0219i lumea liber\u0103, democratic\u0103, am v\u0103zut\nfoarte clar c\u0103 diver\u0219i intelectuali de st\u00e2nga ai vremii au avut tendin\u021ba de a ap\u0103ra\nprima, de\u0219i, dac\u0103 ar putea, ar alege s\u0103 tr\u0103iasc\u0103 \u00een aceast\u0103\nlume liber\u0103 \u0219i democratic\u0103. Ast\u0103zi, aceast\u0103 linie de demarca\u021bie este pu\u021bin diferit\u0103\n\u00een mod diferit \u0219i se poate spune c\u0103 se aplic\u0103 \u00een toate \u021b\u0103rile \u0219i societ\u0103\u021bile, deoarece\nunii doresc s\u0103 men\u021bin\u0103 Uniunea European\u0103 \u0219i s\u0103 func\u021bioneze \u00een cadrul\nUnii doresc s\u0103 p\u0103streze Uniunea European\u0103 \u0219i s\u0103 func\u021bioneze \u00een cadrul statelor na\u021bionale, \u00een timp ce al\u021bii doresc s\u0103 se \u00eendrepte spre federalizare. Vedem aceasta ca pe o viziune a unei reveniri la o societate cosmopolit\u0103.\ncomunitate suprana\u021bional\u0103. Eu sunt foarte puternic \u00een favoarea c\u0103ut\u0103rii de c\u0103tre noi a unui viitor \u0219i\nviitor \u0219i de a construi viitorul Uniunii Europene pe baza unei Europe a patriei,\nO Europ\u0103 a statelor suverane bazat\u0103 pe solidaritate, de\u0219i sunt con\u0219tient c\u0103 o astfel de form\u0103 este foarte complicat\u0103.\neste foarte complicat. Cu toate acestea, ea are, mai ales pentru noi, statele,\ncare de treizeci de ani nu fac dec\u00e2t s\u0103-\u0219i reconstruiasc\u0103 con\u0219tiin\u021ba patriotic\u0103, este de mare importan\u021b\u0103.\nsemnifica\u021bie. Credem c\u0103 societ\u0103\u021bile de sintez\u0103, cele din Europa de Vest, cele\nau experimentat deja libertatea de mai multe genera\u021bii, nu au aceast\u0103 con\u0219tiin\u021b\u0103. Eu cred c\u0103\nSarcina noastr\u0103 este de a-i convinge, de a le ar\u0103ta c\u0103 respectul pentru\nrespectul reciproc poate fi construit pe baza respectului pentru suveranitatea \u021b\u0103rilor noastre.<\/strong><\/p>\n\n\n\n<p><strong>Cred c\u0103 este foarte important s\u0103\ns\u0103 consolideze importan\u021ba parlamentelor statelor membre \u0219i a parlamentelor, a Camerelor Parlamentului\n\u0219i Senatul. Cred c\u0103 aici ar trebui s\u0103 avem discu\u021bii \u0219i dezbateri, astfel \u00eenc\u00e2t s\u0103 avem\ncel pu\u021bin oportunit\u0103\u021bi mai bune de influen\u021b\u0103 \u00een cazul unor chestiuni precum\ntratarea inadecvat\u0103 a problemelor legate de a\u0219a-numitul \"cartona\u0219 galben\", cazul\nCazul lucr\u0103torilor delega\u021bi este un exemplu \u00een acest sens. Cred c\u0103 ar trebui s\u0103 fim mai\ns\u0103 prezinte mai ferm aceast\u0103 problem\u0103. <\/strong><\/p>\n\n\n\n<p><strong>Problema securit\u0103\u021bii - sunt de acord.\nSunt de acord, problema securit\u0103\u021bii este una dintre cele mai importante probleme fundamentale pentru Uniunea European\u0103.\nCu toate acestea, a\u0219 dori s\u0103 spun c\u0103, din perspectiva Poloniei \u0219i a\ndin punctul de vedere al Parlamentului polonez, vedem securitatea \u00een consolidarea Alian\u021bei Nord-Atlantice.\nProblema NATO este, \u00een opinia noastr\u0103, o problem\u0103 fundamental\u0103 \u00een acest caz. F\u0103r\u0103 a ne consolida pozi\u021bia \u00een Atlanticul de Nord\nf\u0103r\u0103 a deveni parte a Alian\u021bei Nord-Atlantice, vom fi brusc sub presiunea diferitelor amenin\u021b\u0103ri,\ncare provin nu numai din sferele amenin\u021b\u0103toare ale celor mai puternice din punct de vedere economic \u0219i militar.\n\u021b\u0103rile cele mai puternice din punct de vedere economic \u0219i militar, dar \u0219i de la diver\u0219i vecini ai no\u0219tri. Aceasta, \u00een opinia mea <\/strong><strong>ar trebui<\/strong><strong> Trebuie s\u0103 avem grij\u0103 s\u0103 evit\u0103m\ngre\u0219elile care au avut loc \u00een prima jum\u0103tate a secolului XX. M\u0103 refer aici la\ncele dou\u0103 mari r\u0103zboaie. <\/strong><\/p>\n\n\n\n<p><strong>De asemenea, sus\u021binem\npentru a men\u021bine, pentru a convinge Uniunea European\u0103 de politica sa de extindere, de\no politic\u0103 a u\u0219ilor deschise. Cred c\u0103 acest lucru se datoreaz\u0103 naturii lucrurilor. Dac\u0103 noi\ns\u0103 \u00een\u021beleag\u0103 solidaritatea ca fiind capacitatea de a \u00eemp\u0103r\u021bi cu cei afla\u021bi \u00een nevoie\nDac\u0103 \u00een\u021belegem solidaritatea ca fiind capacitatea de a \u00eemp\u0103r\u021bi cu cei afla\u021bi \u00een nevoie ceea ce avem la dispozi\u021bie, s\u0103 o numim bog\u0103\u021bia noastr\u0103.\nEuropa, chiar dac\u0103 numai \u00een cercurile cre\u0219tine. Sf\u00e2ntul P\u0103rinte Ioan Paul al II-lea a spus\nSf\u00e2ntul P\u0103rinte Ioan Paul al II-lea a spus adesea c\u0103 Europa ar trebui s\u0103 respire cu doi pl\u0103m\u00e2ni: unul oriental \u0219i unul occidental.\nPrin urmare, cred c\u0103 aceasta este o chestiune fundamental\u0103 pentru noi.<\/strong><\/p>\n\n\n\n<p><strong>Putem vedea \u00een mod clar c\u0103 \u00een ultima vreme\nani, interesul politic a fost concentrat pe zona mediteranean\u0103.\nMediteran\u0103. Desigur, este o problem\u0103 important\u0103, dar este totu\u0219i\no problem\u0103 care prive\u0219te deja alte continente, Africa de Nord \u0219i Asia Mic\u0103.\nAsia Mic\u0103. \u00cen schimb, continu\u0103m s\u0103 ne l\u0103s\u0103m vecinii de la grani\u021ba de est \u00een \u00eentuneric.\n\u00een spatele frontierei de est. Sunt con\u0219tient c\u0103 aceasta este o situa\u021bie foarte dificil\u0103, dar\ndup\u0103 p\u0103rerea mea, este de asemenea datoria noastr\u0103 moral\u0103 s\u0103 insist\u0103m ca\npolitica u\u0219ilor deschise fa\u021b\u0103 de ace\u0219tia ar trebui s\u0103 fie continuat\u0103. <\/strong><\/p>\n\n\n\n<p><strong>\u00cenc\u0103 o dat\u0103, a\u0219 dori s\u0103 v\u0103 mul\u021bumesc\npentru aceste reuniuni \u0219i pentru numeroasele propuneri. M\u0103 voi referi doar la una dintre ele, propunerea de a\nM\u0103 voi referi doar la una dintre ele, propunerea de a stabili reuniuni permanente, ciclice. Cred c\u0103 aceasta este o propunere bun\u0103.\nNe afl\u0103m \u00eentr-un stadiu de cooperare \u00een care o mai bun\u0103 sistematizare a activit\u0103\u021bii noastre la nivel parlamentar\nla nivelul delega\u021biilor parlamentare, dar \u0219i la nivelul comisiilor, ne-ar putea u\u0219ura munca.\ns\u0103 aprofundeze problemele \u0219i s\u0103 trag\u0103 concluzii mai bune. Cred c\u0103 este, de asemenea, o propunere bun\u0103 ca cel pu\u021bin o parte din\npropunerea este ca, cel pu\u021bin la anumite reuniuni, parlamentele noastre s\u0103 fie reprezentate de opozi\u021bie.\ncel pu\u021bin la anumite reuniuni. Cred c\u0103 ne afl\u0103m \u00eentr-o astfel de etap\u0103 a nivelului\nde democra\u021bie consolidat\u0103 \u00een \u021b\u0103rile noastre c\u0103 putem reflecta asupra acestei probleme.\nCred c\u0103 ne afl\u0103m \u00eentr-un asemenea stadiu de consolidare a democra\u021biei \u00een \u021b\u0103rile noastre \u00eenc\u00e2t putem s\u0103 ne g\u00e2ndim la aceast\u0103 chestiune. <\/strong><\/p>\n\n\n\n<p><em>Foto: \u0141ukasz B\u0142asikiewicz<\/em><\/p>\n\n\n\n<figure class=\"wp-block-image\"><img fetchpriority=\"high\" decoding=\"async\" width=\"800\" height=\"533\" src=\"https:\/\/marekkuchcinski.pl\/wp-content\/uploads\/2019\/06\/LB1_5687.view_.jpg\" alt=\"\" class=\"wp-image-16553\" srcset=\"https:\/\/marekkuchcinski.pl\/wp-content\/uploads\/2019\/06\/LB1_5687.view_.jpg 800w, https:\/\/marekkuchcinski.pl\/wp-content\/uploads\/2019\/06\/LB1_5687.view_-300x200.jpg 300w, https:\/\/marekkuchcinski.pl\/wp-content\/uploads\/2019\/06\/LB1_5687.view_-768x512.jpg 768w\" sizes=\"(max-width: 800px) 100vw, 800px\" \/><\/figure>\n\n\n\n<figure class=\"wp-block-image\"><img decoding=\"async\" width=\"800\" height=\"533\" src=\"https:\/\/marekkuchcinski.pl\/wp-content\/uploads\/2019\/06\/LB1_5508.view_.jpg\" alt=\"\" class=\"wp-image-16554\" srcset=\"https:\/\/marekkuchcinski.pl\/wp-content\/uploads\/2019\/06\/LB1_5508.view_.jpg 800w, https:\/\/marekkuchcinski.pl\/wp-content\/uploads\/2019\/06\/LB1_5508.view_-300x200.jpg 300w, https:\/\/marekkuchcinski.pl\/wp-content\/uploads\/2019\/06\/LB1_5508.view_-768x512.jpg 768w\" sizes=\"(max-width: 800px) 100vw, 800px\" \/><\/figure>\n\n\n\n<figure class=\"wp-block-image\"><img decoding=\"async\" width=\"1024\" height=\"683\" src=\"https:\/\/marekkuchcinski.pl\/wp-content\/uploads\/2019\/06\/LB1_5766-1024x683.jpeg\" alt=\"\" class=\"wp-image-16555\" srcset=\"https:\/\/marekkuchcinski.pl\/wp-content\/uploads\/2019\/06\/LB1_5766-1024x683.jpeg 1024w, https:\/\/marekkuchcinski.pl\/wp-content\/uploads\/2019\/06\/LB1_5766-300x200.jpeg 300w, https:\/\/marekkuchcinski.pl\/wp-content\/uploads\/2019\/06\/LB1_5766-768x512.jpeg 768w, https:\/\/marekkuchcinski.pl\/wp-content\/uploads\/2019\/06\/LB1_5766.jpeg 2048w\" sizes=\"(max-width: 1024px) 100vw, 1024px\" \/><\/figure>","protected":false},"excerpt":{"rendered":"<p>Opowiadam si\u0119, za tym, \u017ceby\u015bmy szukali przysz\u0142o\u015bci i budowali przysz\u0142o\u015b\u0107 UE w oparciu o Europ\u0119 ojczyzn, solidarnych i suwerennych pa\u0144stw. Dla nas pa\u0144stw, kt\u00f3re dopiero od 30 lat odbudowuj\u0105 swoj\u0105 \u015bwiadomo\u015b\u0107 patriotyczn\u0105, ma to ogromne znaczenie \u2013 powiedzia\u0142 marsza\u0142ek Sejmu Marek Kuchci\u0144ski podczas spotkania (27.06) szef\u00f3w parlament\u00f3w kraj\u00f3w Grupy Wyszehradzkiej w Popradzie na S\u0142owacji. Politycy [&hellip;]<\/p>","protected":false},"author":6,"featured_media":16555,"comment_status":"open","ping_status":"open","sticky":false,"template":"","format":"standard","meta":{"ngg_post_thumbnail":0,"footnotes":""},"categories":[50,3],"tags":[],"class_list":["post-16552","post","type-post","status-publish","format-standard","has-post-thumbnail","hentry","category-wspolpraca-miedzynarodowa","category-wydarzenia"],"yoast_head":"<!-- This site is optimized with the Yoast SEO plugin v24.7 - https:\/\/yoast.com\/wordpress\/plugins\/seo\/ -->\n<title>Poprad: spotkanie Przewodnicz\u0105cych Parlament\u00f3w Grupy Wyszehradzkiej &#8211; Marek Kuchci\u0144ski<\/title>\n<meta name=\"robots\" content=\"index, follow, max-snippet:-1, max-image-preview:large, max-video-preview:-1\" \/>\n<link rel=\"canonical\" href=\"https:\/\/marekkuchcinski.pl\/ro\/wydarzenia\/poprad-spotkanie-przewodniczacych-parlamentow-grupy-wyszehradzkiej\/\" \/>\n<meta property=\"og:locale\" content=\"ro_RO\" \/>\n<meta property=\"og:type\" content=\"article\" \/>\n<meta property=\"og:title\" content=\"Poprad: spotkanie Przewodnicz\u0105cych Parlament\u00f3w Grupy Wyszehradzkiej &#8211; Marek Kuchci\u0144ski\" \/>\n<meta property=\"og:description\" content=\"Opowiadam si\u0119, za tym, \u017ceby\u015bmy szukali przysz\u0142o\u015bci i budowali przysz\u0142o\u015b\u0107 UE w oparciu o Europ\u0119 ojczyzn, solidarnych i suwerennych pa\u0144stw. Dla nas pa\u0144stw, kt\u00f3re dopiero od 30 lat odbudowuj\u0105 swoj\u0105 \u015bwiadomo\u015b\u0107 patriotyczn\u0105, ma to ogromne znaczenie \u2013 powiedzia\u0142 marsza\u0142ek Sejmu Marek Kuchci\u0144ski podczas spotkania (27.06) szef\u00f3w parlament\u00f3w kraj\u00f3w Grupy Wyszehradzkiej w Popradzie na S\u0142owacji. Politycy [&hellip;]\" \/>\n<meta property=\"og:url\" content=\"https:\/\/marekkuchcinski.pl\/ro\/wydarzenia\/poprad-spotkanie-przewodniczacych-parlamentow-grupy-wyszehradzkiej\/\" \/>\n<meta property=\"og:site_name\" content=\"Marek Kuchci\u0144ski\" \/>\n<meta property=\"article:published_time\" content=\"2019-06-28T17:18:58+00:00\" \/>\n<meta property=\"article:modified_time\" content=\"2019-07-02T18:43:26+00:00\" \/>\n<meta property=\"og:image\" content=\"https:\/\/marekkuchcinski.pl\/wp-content\/uploads\/2019\/06\/LB1_5766.jpeg\" \/>\n\t<meta property=\"og:image:width\" content=\"2048\" \/>\n\t<meta property=\"og:image:height\" content=\"1365\" \/>\n\t<meta property=\"og:image:type\" content=\"image\/jpeg\" \/>\n<meta name=\"author\" content=\"admin\" \/>\n<meta name=\"twitter:card\" content=\"summary_large_image\" \/>\n<meta name=\"twitter:label1\" content=\"Scris de\" \/>\n\t<meta name=\"twitter:data1\" content=\"admin\" \/>\n\t<meta name=\"twitter:label2\" content=\"Timp estimat pentru citire\" \/>\n\t<meta name=\"twitter:data2\" content=\"9 minutes\" \/>\n<script type=\"application\/ld+json\" class=\"yoast-schema-graph\">{\"@context\":\"https:\/\/schema.org\",\"@graph\":[{\"@type\":\"Article\",\"@id\":\"https:\/\/marekkuchcinski.pl\/ro\/wydarzenia\/poprad-spotkanie-przewodniczacych-parlamentow-grupy-wyszehradzkiej\/#article\",\"isPartOf\":{\"@id\":\"https:\/\/marekkuchcinski.pl\/ro\/wydarzenia\/poprad-spotkanie-przewodniczacych-parlamentow-grupy-wyszehradzkiej\/\"},\"author\":{\"name\":\"admin\",\"@id\":\"https:\/\/marekkuchcinski.pl\/#\/schema\/person\/6f62700996b4d950b6ea2d1183b6c6be\"},\"headline\":\"Poprad: spotkanie Przewodnicz\u0105cych Parlament\u00f3w Grupy Wyszehradzkiej\",\"datePublished\":\"2019-06-28T17:18:58+00:00\",\"dateModified\":\"2019-07-02T18:43:26+00:00\",\"mainEntityOfPage\":{\"@id\":\"https:\/\/marekkuchcinski.pl\/ro\/wydarzenia\/poprad-spotkanie-przewodniczacych-parlamentow-grupy-wyszehradzkiej\/\"},\"wordCount\":1906,\"commentCount\":0,\"publisher\":{\"@id\":\"https:\/\/marekkuchcinski.pl\/#organization\"},\"image\":{\"@id\":\"https:\/\/marekkuchcinski.pl\/ro\/wydarzenia\/poprad-spotkanie-przewodniczacych-parlamentow-grupy-wyszehradzkiej\/#primaryimage\"},\"thumbnailUrl\":\"https:\/\/marekkuchcinski.pl\/wp-content\/uploads\/2019\/06\/LB1_5766.jpeg\",\"articleSection\":[\"Wsp\u00f3\u0142praca mi\u0119dzynarodowa\",\"Wydarzenia\"],\"inLanguage\":\"ro-RO\",\"potentialAction\":[{\"@type\":\"CommentAction\",\"name\":\"Comment\",\"target\":[\"https:\/\/marekkuchcinski.pl\/ro\/wydarzenia\/poprad-spotkanie-przewodniczacych-parlamentow-grupy-wyszehradzkiej\/#respond\"]}]},{\"@type\":\"WebPage\",\"@id\":\"https:\/\/marekkuchcinski.pl\/ro\/wydarzenia\/poprad-spotkanie-przewodniczacych-parlamentow-grupy-wyszehradzkiej\/\",\"url\":\"https:\/\/marekkuchcinski.pl\/ro\/wydarzenia\/poprad-spotkanie-przewodniczacych-parlamentow-grupy-wyszehradzkiej\/\",\"name\":\"Poprad: spotkanie Przewodnicz\u0105cych Parlament\u00f3w Grupy Wyszehradzkiej &#8211; Marek Kuchci\u0144ski\",\"isPartOf\":{\"@id\":\"https:\/\/marekkuchcinski.pl\/#website\"},\"primaryImageOfPage\":{\"@id\":\"https:\/\/marekkuchcinski.pl\/ro\/wydarzenia\/poprad-spotkanie-przewodniczacych-parlamentow-grupy-wyszehradzkiej\/#primaryimage\"},\"image\":{\"@id\":\"https:\/\/marekkuchcinski.pl\/ro\/wydarzenia\/poprad-spotkanie-przewodniczacych-parlamentow-grupy-wyszehradzkiej\/#primaryimage\"},\"thumbnailUrl\":\"https:\/\/marekkuchcinski.pl\/wp-content\/uploads\/2019\/06\/LB1_5766.jpeg\",\"datePublished\":\"2019-06-28T17:18:58+00:00\",\"dateModified\":\"2019-07-02T18:43:26+00:00\",\"breadcrumb\":{\"@id\":\"https:\/\/marekkuchcinski.pl\/ro\/wydarzenia\/poprad-spotkanie-przewodniczacych-parlamentow-grupy-wyszehradzkiej\/#breadcrumb\"},\"inLanguage\":\"ro-RO\",\"potentialAction\":[{\"@type\":\"ReadAction\",\"target\":[\"https:\/\/marekkuchcinski.pl\/ro\/wydarzenia\/poprad-spotkanie-przewodniczacych-parlamentow-grupy-wyszehradzkiej\/\"]}]},{\"@type\":\"ImageObject\",\"inLanguage\":\"ro-RO\",\"@id\":\"https:\/\/marekkuchcinski.pl\/ro\/wydarzenia\/poprad-spotkanie-przewodniczacych-parlamentow-grupy-wyszehradzkiej\/#primaryimage\",\"url\":\"https:\/\/marekkuchcinski.pl\/wp-content\/uploads\/2019\/06\/LB1_5766.jpeg\",\"contentUrl\":\"https:\/\/marekkuchcinski.pl\/wp-content\/uploads\/2019\/06\/LB1_5766.jpeg\",\"width\":2048,\"height\":1365},{\"@type\":\"BreadcrumbList\",\"@id\":\"https:\/\/marekkuchcinski.pl\/ro\/wydarzenia\/poprad-spotkanie-przewodniczacych-parlamentow-grupy-wyszehradzkiej\/#breadcrumb\",\"itemListElement\":[{\"@type\":\"ListItem\",\"position\":1,\"name\":\"Strona g\u0142\u00f3wna\",\"item\":\"https:\/\/marekkuchcinski.pl\/\"},{\"@type\":\"ListItem\",\"position\":2,\"name\":\"Poprad: spotkanie Przewodnicz\u0105cych Parlament\u00f3w Grupy Wyszehradzkiej\"}]},{\"@type\":\"WebSite\",\"@id\":\"https:\/\/marekkuchcinski.pl\/#website\",\"url\":\"https:\/\/marekkuchcinski.pl\/\",\"name\":\"Marek Kuchci\u0144ski\",\"description\":\"Pose\u0142 na sejm RP &ndash; okr\u0119g nr 22\",\"publisher\":{\"@id\":\"https:\/\/marekkuchcinski.pl\/#organization\"},\"potentialAction\":[{\"@type\":\"SearchAction\",\"target\":{\"@type\":\"EntryPoint\",\"urlTemplate\":\"https:\/\/marekkuchcinski.pl\/?s={search_term_string}\"},\"query-input\":{\"@type\":\"PropertyValueSpecification\",\"valueRequired\":true,\"valueName\":\"search_term_string\"}}],\"inLanguage\":\"ro-RO\"},{\"@type\":\"Organization\",\"@id\":\"https:\/\/marekkuchcinski.pl\/#organization\",\"name\":\"Marek Kuchci\u0144ski\",\"url\":\"https:\/\/marekkuchcinski.pl\/\",\"logo\":{\"@type\":\"ImageObject\",\"inLanguage\":\"ro-RO\",\"@id\":\"https:\/\/marekkuchcinski.pl\/#\/schema\/logo\/image\/\",\"url\":\"https:\/\/marekkuchcinski.pl\/wp-content\/uploads\/2022\/09\/Marek.jpg\",\"contentUrl\":\"https:\/\/marekkuchcinski.pl\/wp-content\/uploads\/2022\/09\/Marek.jpg\",\"width\":1600,\"height\":971,\"caption\":\"Marek Kuchci\u0144ski\"},\"image\":{\"@id\":\"https:\/\/marekkuchcinski.pl\/#\/schema\/logo\/image\/\"}},{\"@type\":\"Person\",\"@id\":\"https:\/\/marekkuchcinski.pl\/#\/schema\/person\/6f62700996b4d950b6ea2d1183b6c6be\",\"name\":\"admin\",\"image\":{\"@type\":\"ImageObject\",\"inLanguage\":\"ro-RO\",\"@id\":\"https:\/\/marekkuchcinski.pl\/#\/schema\/person\/image\/\",\"url\":\"https:\/\/secure.gravatar.com\/avatar\/4bab693b9d55c3d6b52c0296a8765085?s=96&d=mm&r=g\",\"contentUrl\":\"https:\/\/secure.gravatar.com\/avatar\/4bab693b9d55c3d6b52c0296a8765085?s=96&d=mm&r=g\",\"caption\":\"admin\"},\"url\":\"https:\/\/marekkuchcinski.pl\/ro\/author\/marta-olejnik\/\"}]}<\/script>\n<!-- \/ Yoast SEO plugin. -->","yoast_head_json":{"title":"Poprad: spotkanie Przewodnicz\u0105cych Parlament\u00f3w Grupy Wyszehradzkiej &#8211; Marek Kuchci\u0144ski","robots":{"index":"index","follow":"follow","max-snippet":"max-snippet:-1","max-image-preview":"max-image-preview:large","max-video-preview":"max-video-preview:-1"},"canonical":"https:\/\/marekkuchcinski.pl\/ro\/wydarzenia\/poprad-spotkanie-przewodniczacych-parlamentow-grupy-wyszehradzkiej\/","og_locale":"ro_RO","og_type":"article","og_title":"Poprad: spotkanie Przewodnicz\u0105cych Parlament\u00f3w Grupy Wyszehradzkiej &#8211; Marek Kuchci\u0144ski","og_description":"Opowiadam si\u0119, za tym, \u017ceby\u015bmy szukali przysz\u0142o\u015bci i budowali przysz\u0142o\u015b\u0107 UE w oparciu o Europ\u0119 ojczyzn, solidarnych i suwerennych pa\u0144stw. Dla nas pa\u0144stw, kt\u00f3re dopiero od 30 lat odbudowuj\u0105 swoj\u0105 \u015bwiadomo\u015b\u0107 patriotyczn\u0105, ma to ogromne znaczenie \u2013 powiedzia\u0142 marsza\u0142ek Sejmu Marek Kuchci\u0144ski podczas spotkania (27.06) szef\u00f3w parlament\u00f3w kraj\u00f3w Grupy Wyszehradzkiej w Popradzie na S\u0142owacji. Politycy [&hellip;]","og_url":"https:\/\/marekkuchcinski.pl\/ro\/wydarzenia\/poprad-spotkanie-przewodniczacych-parlamentow-grupy-wyszehradzkiej\/","og_site_name":"Marek Kuchci\u0144ski","article_published_time":"2019-06-28T17:18:58+00:00","article_modified_time":"2019-07-02T18:43:26+00:00","og_image":[{"width":2048,"height":1365,"url":"https:\/\/marekkuchcinski.pl\/wp-content\/uploads\/2019\/06\/LB1_5766.jpeg","type":"image\/jpeg"}],"author":"admin","twitter_card":"summary_large_image","twitter_misc":{"Scris de":"admin","Timp estimat pentru citire":"9 minutes"},"schema":{"@context":"https:\/\/schema.org","@graph":[{"@type":"Article","@id":"https:\/\/marekkuchcinski.pl\/ro\/wydarzenia\/poprad-spotkanie-przewodniczacych-parlamentow-grupy-wyszehradzkiej\/#article","isPartOf":{"@id":"https:\/\/marekkuchcinski.pl\/ro\/wydarzenia\/poprad-spotkanie-przewodniczacych-parlamentow-grupy-wyszehradzkiej\/"},"author":{"name":"admin","@id":"https:\/\/marekkuchcinski.pl\/#\/schema\/person\/6f62700996b4d950b6ea2d1183b6c6be"},"headline":"Poprad: spotkanie Przewodnicz\u0105cych Parlament\u00f3w Grupy Wyszehradzkiej","datePublished":"2019-06-28T17:18:58+00:00","dateModified":"2019-07-02T18:43:26+00:00","mainEntityOfPage":{"@id":"https:\/\/marekkuchcinski.pl\/ro\/wydarzenia\/poprad-spotkanie-przewodniczacych-parlamentow-grupy-wyszehradzkiej\/"},"wordCount":1906,"commentCount":0,"publisher":{"@id":"https:\/\/marekkuchcinski.pl\/#organization"},"image":{"@id":"https:\/\/marekkuchcinski.pl\/ro\/wydarzenia\/poprad-spotkanie-przewodniczacych-parlamentow-grupy-wyszehradzkiej\/#primaryimage"},"thumbnailUrl":"https:\/\/marekkuchcinski.pl\/wp-content\/uploads\/2019\/06\/LB1_5766.jpeg","articleSection":["Wsp\u00f3\u0142praca mi\u0119dzynarodowa","Wydarzenia"],"inLanguage":"ro-RO","potentialAction":[{"@type":"CommentAction","name":"Comment","target":["https:\/\/marekkuchcinski.pl\/ro\/wydarzenia\/poprad-spotkanie-przewodniczacych-parlamentow-grupy-wyszehradzkiej\/#respond"]}]},{"@type":"WebPage","@id":"https:\/\/marekkuchcinski.pl\/ro\/wydarzenia\/poprad-spotkanie-przewodniczacych-parlamentow-grupy-wyszehradzkiej\/","url":"https:\/\/marekkuchcinski.pl\/ro\/wydarzenia\/poprad-spotkanie-przewodniczacych-parlamentow-grupy-wyszehradzkiej\/","name":"Poprad: spotkanie Przewodnicz\u0105cych Parlament\u00f3w Grupy Wyszehradzkiej &#8211; Marek Kuchci\u0144ski","isPartOf":{"@id":"https:\/\/marekkuchcinski.pl\/#website"},"primaryImageOfPage":{"@id":"https:\/\/marekkuchcinski.pl\/ro\/wydarzenia\/poprad-spotkanie-przewodniczacych-parlamentow-grupy-wyszehradzkiej\/#primaryimage"},"image":{"@id":"https:\/\/marekkuchcinski.pl\/ro\/wydarzenia\/poprad-spotkanie-przewodniczacych-parlamentow-grupy-wyszehradzkiej\/#primaryimage"},"thumbnailUrl":"https:\/\/marekkuchcinski.pl\/wp-content\/uploads\/2019\/06\/LB1_5766.jpeg","datePublished":"2019-06-28T17:18:58+00:00","dateModified":"2019-07-02T18:43:26+00:00","breadcrumb":{"@id":"https:\/\/marekkuchcinski.pl\/ro\/wydarzenia\/poprad-spotkanie-przewodniczacych-parlamentow-grupy-wyszehradzkiej\/#breadcrumb"},"inLanguage":"ro-RO","potentialAction":[{"@type":"ReadAction","target":["https:\/\/marekkuchcinski.pl\/ro\/wydarzenia\/poprad-spotkanie-przewodniczacych-parlamentow-grupy-wyszehradzkiej\/"]}]},{"@type":"ImageObject","inLanguage":"ro-RO","@id":"https:\/\/marekkuchcinski.pl\/ro\/wydarzenia\/poprad-spotkanie-przewodniczacych-parlamentow-grupy-wyszehradzkiej\/#primaryimage","url":"https:\/\/marekkuchcinski.pl\/wp-content\/uploads\/2019\/06\/LB1_5766.jpeg","contentUrl":"https:\/\/marekkuchcinski.pl\/wp-content\/uploads\/2019\/06\/LB1_5766.jpeg","width":2048,"height":1365},{"@type":"BreadcrumbList","@id":"https:\/\/marekkuchcinski.pl\/ro\/wydarzenia\/poprad-spotkanie-przewodniczacych-parlamentow-grupy-wyszehradzkiej\/#breadcrumb","itemListElement":[{"@type":"ListItem","position":1,"name":"Strona g\u0142\u00f3wna","item":"https:\/\/marekkuchcinski.pl\/"},{"@type":"ListItem","position":2,"name":"Poprad: spotkanie Przewodnicz\u0105cych Parlament\u00f3w Grupy Wyszehradzkiej"}]},{"@type":"WebSite","@id":"https:\/\/marekkuchcinski.pl\/#website","url":"https:\/\/marekkuchcinski.pl\/","name":"Marek Kuchci\u0144ski","description":"Pose\u0142 na sejm RP &ndash; okr\u0119g nr 22","publisher":{"@id":"https:\/\/marekkuchcinski.pl\/#organization"},"potentialAction":[{"@type":"SearchAction","target":{"@type":"EntryPoint","urlTemplate":"https:\/\/marekkuchcinski.pl\/?s={search_term_string}"},"query-input":{"@type":"PropertyValueSpecification","valueRequired":true,"valueName":"search_term_string"}}],"inLanguage":"ro-RO"},{"@type":"Organization","@id":"https:\/\/marekkuchcinski.pl\/#organization","name":"Marek Kuchci\u0144ski","url":"https:\/\/marekkuchcinski.pl\/","logo":{"@type":"ImageObject","inLanguage":"ro-RO","@id":"https:\/\/marekkuchcinski.pl\/#\/schema\/logo\/image\/","url":"https:\/\/marekkuchcinski.pl\/wp-content\/uploads\/2022\/09\/Marek.jpg","contentUrl":"https:\/\/marekkuchcinski.pl\/wp-content\/uploads\/2022\/09\/Marek.jpg","width":1600,"height":971,"caption":"Marek Kuchci\u0144ski"},"image":{"@id":"https:\/\/marekkuchcinski.pl\/#\/schema\/logo\/image\/"}},{"@type":"Person","@id":"https:\/\/marekkuchcinski.pl\/#\/schema\/person\/6f62700996b4d950b6ea2d1183b6c6be","name":"admin","image":{"@type":"ImageObject","inLanguage":"ro-RO","@id":"https:\/\/marekkuchcinski.pl\/#\/schema\/person\/image\/","url":"https:\/\/secure.gravatar.com\/avatar\/4bab693b9d55c3d6b52c0296a8765085?s=96&d=mm&r=g","contentUrl":"https:\/\/secure.gravatar.com\/avatar\/4bab693b9d55c3d6b52c0296a8765085?s=96&d=mm&r=g","caption":"admin"},"url":"https:\/\/marekkuchcinski.pl\/ro\/author\/marta-olejnik\/"}]}},"_links":{"self":[{"href":"https:\/\/marekkuchcinski.pl\/ro\/wp-json\/wp\/v2\/posts\/16552","targetHints":{"allow":["GET"]}}],"collection":[{"href":"https:\/\/marekkuchcinski.pl\/ro\/wp-json\/wp\/v2\/posts"}],"about":[{"href":"https:\/\/marekkuchcinski.pl\/ro\/wp-json\/wp\/v2\/types\/post"}],"author":[{"embeddable":true,"href":"https:\/\/marekkuchcinski.pl\/ro\/wp-json\/wp\/v2\/users\/6"}],"replies":[{"embeddable":true,"href":"https:\/\/marekkuchcinski.pl\/ro\/wp-json\/wp\/v2\/comments?post=16552"}],"version-history":[{"count":10,"href":"https:\/\/marekkuchcinski.pl\/ro\/wp-json\/wp\/v2\/posts\/16552\/revisions"}],"predecessor-version":[{"id":16743,"href":"https:\/\/marekkuchcinski.pl\/ro\/wp-json\/wp\/v2\/posts\/16552\/revisions\/16743"}],"wp:featuredmedia":[{"embeddable":true,"href":"https:\/\/marekkuchcinski.pl\/ro\/wp-json\/wp\/v2\/media\/16555"}],"wp:attachment":[{"href":"https:\/\/marekkuchcinski.pl\/ro\/wp-json\/wp\/v2\/media?parent=16552"}],"wp:term":[{"taxonomy":"category","embeddable":true,"href":"https:\/\/marekkuchcinski.pl\/ro\/wp-json\/wp\/v2\/categories?post=16552"},{"taxonomy":"post_tag","embeddable":true,"href":"https:\/\/marekkuchcinski.pl\/ro\/wp-json\/wp\/v2\/tags?post=16552"}],"curies":[{"name":"wp","href":"https:\/\/api.w.org\/{rel}","templated":true}]}}