{"id":16388,"date":"2019-06-24T11:28:56","date_gmt":"2019-06-24T09:28:56","guid":{"rendered":"https:\/\/marekkuchcinski.pl\/?p=16388"},"modified":"2019-06-26T11:28:39","modified_gmt":"2019-06-26T09:28:39","slug":"marszalek-sejmu-unia-lubelska-pokazuje-nam-dobitnie-jak-wspolnota-polityczna-moze-wzmacniac-narody-przy-jednoczesnym-szanowaniu-ich-tradycji-jednosc-wzmacnia-suwerennosc","status":"publish","type":"post","link":"https:\/\/marekkuchcinski.pl\/ro\/wydarzenia\/marszalek-sejmu-unia-lubelska-pokazuje-nam-dobitnie-jak-wspolnota-polityczna-moze-wzmacniac-narody-przy-jednoczesnym-szanowaniu-ich-tradycji-jednosc-wzmacnia-suwerennosc\/","title":{"rendered":"Pre\u0219edintele Sejm-ului: Uniunea de la Lublin ne arat\u0103 \u00een mod categoric cum comunitatea politic\u0103 poate consolida na\u021biunile, respect\u00e2nd \u00een acela\u0219i timp tradi\u021biile acestora. Unitatea \u00eent\u0103re\u0219te suveranitatea"},"content":{"rendered":"<p>\u00cen urm\u0103 cu 450 de ani, Coroana Regatului Polonez \u0219i Marele Ducat al Lituaniei, ghidate de principiul \"liber cu liber, egal cu egal\", au \u00eencheiat o uniune egal\u0103 a celor dou\u0103 state (\u0219i, prin urmare, na\u021biuni). S-a construit parlamentarismul modern. Ast\u0103zi, Uniunea de la Lublin ne arat\u0103 \u00een mod categoric cum o comunitate politic\u0103 poate consolida na\u021biunile, respect\u00e2nd \u00een acela\u0219i timp tradi\u021biile acestora.<\/p>\n\n\n\n<p>La Sejm-ul general de la Lublin din 1 iulie 1569\nS-a n\u0103scut unul dintre cele mai puternice \u0219i moderne state de pe continent \u0219i una dintre cele mai longevive uniuni existente\ncontinent \u0219i una dintre cele mai longevive uniuni. Actul de unire a adus \u00een fiin\u021b\u0103\no comunitate multina\u021bional\u0103 \u0219i multireligioas\u0103. Aceast\u0103 colec\u021bie de multe culturi a avut o puternic\u0103\nleg\u0103turi bazate pe valorile care \u00eei unesc pe oameni: toleran\u021b\u0103, respect, dialog.\nCa urmare a acestui acord, a fost \u00eenfiin\u021bat\u0103 Comunitatea Polono-Lituanian\u0103, care nu numai c\u0103 s-a dovedit a fi un\nnu numai c\u0103 s-a dovedit a fi un sanctuar al democra\u021biei, cum nu mai cunoscuse lumea la acea vreme, dar \u0219i un spa\u021biu \u00een care coexisten\u021ba era posibil\u0103.\na fost un spa\u021biu \u00een care Vestul \u0219i Estul au coexistat, cre\u00e2nd o nou\u0103 calitate civiliza\u021bional\u0103.\ncalitatea de civiliza\u021bie. Cultura, realiz\u0103rile \u0219i experien\u021ba Estului \u00eent\u00e2lnit\ncu progresul, energia \u0219i bog\u0103\u021bia Occidentului. Comunitatea Polono-Lituanian\u0103 a fost o \u021bar\u0103\no stare care transcende comunitatea de interese. A fost, de asemenea, un fel de Antemurale Christianitatis.\nAntemurale Christianitatis. Polonia \u0219i Lituania \u0219i-au unit for\u021bele intelectuale, economice \u0219i militare,\ndin punct de vedere economic \u0219i militar. Ridicat la Lublin, bastionul cre\u0219tinismului a fost o speran\u021b\u0103 pentru securitatea \u00eentregii Europe la acea vreme.\nsperan\u021b\u0103 pentru securitatea \u00eentregii Europe \u00een acel moment.<\/p>\n\n\n\n<p>\u00cen textul convenit de Seimas ale Poloniei \u0219i ale\nLituania \u00een 1569, citim c\u0103 Uniunea a f\u0103cut: \"<em>C\u0103 Regatul Poloniei \u0219i\nMarele Ducat al Lituaniei sunt un singur corp inseparabil \u0219i unit, iar\nRepublica Polon\u0103, nu separat\u0103, ci una \u0219i unit\u0103, care a fost\n\u0219i uni\u021bi \u00eentr-un singur popor<\/em>&#8222;.<\/p>\n\n\n\n<p>Acestea sunt cuvinte care sunt \u00eenc\u0103 relevante ast\u0103zi. Ele arat\u0103 unitate \u0219i\ncomunitate de valori, inclusiv de credin\u021b\u0103. Rolul celor dou\u0103 parlamente a fost, de asemenea, extrem de important,\ncare au fost capabili s\u0103 elaboreze o pozi\u021bie comun\u0103 \u0219i s\u0103 ia o decizie curajoas\u0103\nrezultate \u00een urma anilor de experien\u021b\u0103 \u0219i a negocierilor. <\/p>\n\n\n\n<p>Acest tip de comportament democratic este\nde care avem nevoie \u0219i ast\u0103zi. Vrem s\u0103 restabilim activitatea adun\u0103rilor parlamentare de\nPoloniei \u0219i Lituaniei, precum \u0219i a \u021b\u0103rilor \u00eenvecinate care au crescut din mo\u0219tenirea Uniunii, \u0219i s\u0103 activeze\ndiploma\u021bia parlamentar\u0103, \u00een special \u00een partea noastr\u0103 de Europ\u0103.<\/p>\n\n\n\n<p>Ast\u0103zi nu mai exist\u0103 acea Uniune, ci una diferit\u0103: European\u0103, avem de asemenea o Alian\u021b\u0103, dar deja una mult mai larg\u0103 - Alian\u021ba Nord-Atlantic\u0103. Cu toate acestea, acest lucru nu ne scute\u0219te de responsabilitatea unei cooper\u0103ri str\u00e2nse \u00eentre Lituania \u0219i Polonia, pentru schimbul de experien\u021b\u0103 la nivel parlamentar \u0219i guvernamental. Lec\u021bia din trecut este c\u0103 cooperarea dintre Polonia \u0219i Lituania consolideaz\u0103 poten\u021bialul politic al ambelor \u021b\u0103ri. Polonezii \u0219i lituanienii au fost capabili s\u0103 decid\u0103 soarta Europei \u00een trecut. Cu c\u00e2t contactele noastre sunt mai frecvente, cu at\u00e2t mai bun\u0103 este cooperarea. Referindu-ne la g\u00e2ndurile \u0219i activit\u0103\u021bile politice ale pre\u0219edintelui Lech Kaczynski, care a vizitat Lituania de 16 ori \u00een timpul pre\u0219edin\u021biei sale, ar trebui adoptat un principiu - construirea de acorduri interne \u00een cadrul unor structuri interna\u021bionale mai mari poate oferi Poloniei \u0219i Lituaniei o influen\u021b\u0103 mai puternic\u0103 asupra proceselor care au loc \u00een lumea contemporan\u0103. <\/p>\n\n\n\n<p>\u00cen ciuda trecerii a sute de ani, ne confrunt\u0103m cu\nprovoc\u0103ri similare cu cele cu care s-au confruntat parlamentele celor dou\u0103 na\u021biuni \u00een 1569: asigurarea\ntoleran\u021b\u0103 fa\u021b\u0103 de diferite religii, culturi \u0219i opinii politice. Solu\u021bii,\nbazate pe tradi\u021bia multina\u021bional\u0103 a monarhiei iagialoneze sunt o surs\u0103 bogat\u0103 de\nde inspira\u021bie ast\u0103zi. Prin urmare, aceast\u0103 aniversare ar trebui s\u0103 fie pentru noi\nun moment de reflec\u021bie, de m\u00e2ndrie \u0219i de credin\u021b\u0103 \u00een convingerea c\u0103 unitatea \u00eent\u0103re\u0219te suveranitatea.\nconsolideaz\u0103 suveranitatea.<\/p>\n\n\n\n<p> &nbsp;                                                                             <em>Marek Kuchci\u0144ski<\/em><\/p>\n\n\n\n<p style=\"color:#760c0c;text-align:center\" class=\"has-text-color\"><strong>Salut\u0103ri din partea Mare\u0219alului Marek Kuchcinski c\u0103tre Lituania <\/strong>(adresare c\u0103tre Seimas-ul lituanian)<\/p>\n\n\n\n<p><strong> Doamnelor \u0219i domnilor,<\/strong><\/p>\n\n\n\n<p>\u00cen urm\u0103 cu 450 de ani, str\u0103mo\u0219ii no\u0219tri au decis s\u0103\nde a uni Coroana Polonez\u0103 \u0219i Marele Ducat al Lituaniei \u00eentr-o uniune comun\u0103.\nComunitatea polono-lituanian\u0103. <\/p>\n\n\n\n<p>Ei au confirmat astfel voin\u021ba noastr\u0103\nsociet\u0103\u021bi s\u0103 consolideze cooperarea pe baza a sute de ani de experien\u021b\u0103 anterioar\u0103.\ncartier. A fost voin\u021ba de a \u00eencheia o uniune a celor liberi cu cei liberi \u0219i a celor egali cu cei egali, cu\nrespect\u00e2nd suveranitatea fiec\u0103ruia dintre statele unite \u00een cadrul uniunii. <\/p>\n\n\n\n<p>Aveam un consiliu comun, ales \u00een comun\nrege, care era \u0219i Mare Duce al Lituaniei, un Seimas comun, o politic\u0103 extern\u0103 comun\u0103 \u0219i o ap\u0103rare comun\u0103.\npolitica extern\u0103 \u0219i ap\u0103rarea comun\u0103. \u0218i \u00een acela\u0219i timp am avut armate separate.\n- Armata Coroanei \u0219i armata lituanian\u0103, trezorerii de stat separate, birouri centrale, sisteme juridice \u0219i limbi oficiale.\nsistemele juridice \u0219i limbile oficiale. <\/p>\n\n\n\n<p>Dar de c\u00e2te ori eram \u00eempreun\u0103, eram\nputernic, iar rolul \u0219i vocea noastr\u0103 \u00een Europa au fost importante \u0219i serioase.<\/p>\n\n\n\n<p>Ast\u0103zi, s\u0103 fim \u0219i noi \u00eempreun\u0103 - uni\u021bi \u00een\nvalori comune: libertate, suveranitate \u0219i democra\u021bie. <\/p>\n\n\n\n<p>Tr\u0103iasc\u0103 Polonia, tr\u0103iasc\u0103 Lituania! Pentru secolele ce vor urma<\/p>\n\n\n\n<p style=\"color:#760d0d;text-align:center\" class=\"has-text-color\"><strong>13 iunie 2019. Parlamentul polonez a luat <\/strong><a href=\"http:\/\/orka.sejm.gov.pl\/opinie8.nsf\/nazwa\/3536_u\/$file\/3536_u.pdf\"><strong>Rezolu\u021bia privind cea de-a 450-a aniversare a uniunii polono-lituaniene<\/strong><\/a><\/p>\n\n\n\n<div class=\"wp-block-file\"><a href=\"https:\/\/marekkuchcinski.pl\/wp-content\/uploads\/2019\/06\/Uchwa\u0142a-w-sprawie-450.-rocznicy-unii-polsko-litewskiej-1.pdf\">Rezolu\u021bie:<\/a><a href=\"https:\/\/marekkuchcinski.pl\/wp-content\/uploads\/2019\/06\/Uchwa\u0142a-w-sprawie-450.-rocznicy-unii-polsko-litewskiej-1.pdf\" class=\"wp-block-file__button\" download>Desc\u0103rca\u021bi<\/a><\/div>\n\n\n\n<p>De asemenea, Seimas-ul lituanian a adoptat \u00een unanimitate o rezolu\u021bie pentru a marca cea de-a 450-a aniversare a Unirii de la Lublin. <\/p>\n\n\n\n<figure class=\"wp-block-image\"><img fetchpriority=\"high\" decoding=\"async\" width=\"948\" height=\"632\" src=\"https:\/\/marekkuchcinski.pl\/wp-content\/uploads\/2019\/06\/mulu.jpg\" alt=\"\" class=\"wp-image-16389\" srcset=\"https:\/\/marekkuchcinski.pl\/wp-content\/uploads\/2019\/06\/mulu.jpg 948w, https:\/\/marekkuchcinski.pl\/wp-content\/uploads\/2019\/06\/mulu-300x200.jpg 300w, https:\/\/marekkuchcinski.pl\/wp-content\/uploads\/2019\/06\/mulu-768x512.jpg 768w\" sizes=\"(max-width: 948px) 100vw, 948px\" \/><figcaption>Mare\u0219alul Sejm-ului Marek Kuchci\u0144ski cu Mare\u0219alul Seimas-ului Viktoras Pranckietis la Actul Unirii de la Lublin (pergament \u00een polonez\u0103 72 x 45 cm + 10 cm. Invocare \u00eenscris\u0103 cu majuscule. 78 de \u0219tampile pe 47 de corzi)<br><br><\/figcaption><\/figure>\n\n\n\n<p>O ceremonie de comemorare va avea loc la Lublin duminic\u0103, 30 iunie. Printre participan\u021bi se vor num\u0103ra: Pre\u0219edin\u021bii Sejm-ului \u0219i Senatului, pre\u0219edintele Seimas-ului \u0219i \u00eenal\u021bi oficiali guvernamentali, precum \u0219i o serie de invita\u021bi str\u0103ini, inclusiv delega\u021bii din Lituania, Letonia, Estonia, Republica Ceh\u0103 \u0219i Ungaria.<\/p>","protected":false},"excerpt":{"rendered":"<p>450 lat temu Korona Kr\u00f3lestwa Polskiego i Wielkie Ksi\u0119stwo Litewskie kieruj\u0105c si\u0119 zasad\u0105 \u201ewolni z wolnymi, r\u00f3wni z r\u00f3wnymi\u201d, zawar\u0142y r\u00f3wnoprawny zwi\u0105zek obojga pa\u0144stw (i w konsekwencji narod\u00f3w). Zbudowano nowoczesny parlamentaryzm. Dzi\u015b Unia Lubelska pokazuje nam dobitnie, jak wsp\u00f3lnota polityczna mo\u017ce wzmacnia\u0107 narody, przy jednoczesnym szanowaniu ich tradycji. Na sejmie walnym w Lublinie 1 lipca [&hellip;]<\/p>","protected":false},"author":6,"featured_media":16389,"comment_status":"open","ping_status":"open","sticky":false,"template":"","format":"standard","meta":{"ngg_post_thumbnail":0,"footnotes":""},"categories":[82,77,50,3],"tags":[],"class_list":["post-16388","post","type-post","status-publish","format-standard","has-post-thumbnail","hentry","category-prawo-i-sprawiedliwosc","category-wazne-daty","category-wspolpraca-miedzynarodowa","category-wydarzenia"],"yoast_head":"<!-- This site is optimized with the Yoast SEO plugin v24.7 - https:\/\/yoast.com\/wordpress\/plugins\/seo\/ -->\n<title>Marsza\u0142ek Sejmu: Unia Lubelska pokazuje nam dobitnie, jak wsp\u00f3lnota polityczna mo\u017ce wzmacnia\u0107 narody, przy jednoczesnym szanowaniu ich tradycji. Jedno\u015b\u0107 wzmacnia suwerenno\u015b\u0107 &#8211; Marek Kuchci\u0144ski<\/title>\n<meta name=\"robots\" content=\"index, follow, max-snippet:-1, max-image-preview:large, max-video-preview:-1\" \/>\n<link rel=\"canonical\" href=\"https:\/\/marekkuchcinski.pl\/ro\/wydarzenia\/marszalek-sejmu-unia-lubelska-pokazuje-nam-dobitnie-jak-wspolnota-polityczna-moze-wzmacniac-narody-przy-jednoczesnym-szanowaniu-ich-tradycji-jednosc-wzmacnia-suwerennosc\/\" \/>\n<meta property=\"og:locale\" content=\"ro_RO\" \/>\n<meta property=\"og:type\" content=\"article\" \/>\n<meta property=\"og:title\" content=\"Marsza\u0142ek Sejmu: Unia Lubelska pokazuje nam dobitnie, jak wsp\u00f3lnota polityczna mo\u017ce wzmacnia\u0107 narody, przy jednoczesnym szanowaniu ich tradycji. Jedno\u015b\u0107 wzmacnia suwerenno\u015b\u0107 &#8211; Marek Kuchci\u0144ski\" \/>\n<meta property=\"og:description\" content=\"450 lat temu Korona Kr\u00f3lestwa Polskiego i Wielkie Ksi\u0119stwo Litewskie kieruj\u0105c si\u0119 zasad\u0105 \u201ewolni z wolnymi, r\u00f3wni z r\u00f3wnymi\u201d, zawar\u0142y r\u00f3wnoprawny zwi\u0105zek obojga pa\u0144stw (i w konsekwencji narod\u00f3w). Zbudowano nowoczesny parlamentaryzm. Dzi\u015b Unia Lubelska pokazuje nam dobitnie, jak wsp\u00f3lnota polityczna mo\u017ce wzmacnia\u0107 narody, przy jednoczesnym szanowaniu ich tradycji. Na sejmie walnym w Lublinie 1 lipca [&hellip;]\" \/>\n<meta property=\"og:url\" content=\"https:\/\/marekkuchcinski.pl\/ro\/wydarzenia\/marszalek-sejmu-unia-lubelska-pokazuje-nam-dobitnie-jak-wspolnota-polityczna-moze-wzmacniac-narody-przy-jednoczesnym-szanowaniu-ich-tradycji-jednosc-wzmacnia-suwerennosc\/\" \/>\n<meta property=\"og:site_name\" content=\"Marek Kuchci\u0144ski\" \/>\n<meta property=\"article:published_time\" content=\"2019-06-24T09:28:56+00:00\" \/>\n<meta property=\"article:modified_time\" content=\"2019-06-26T09:28:39+00:00\" \/>\n<meta property=\"og:image\" content=\"https:\/\/marekkuchcinski.pl\/wp-content\/uploads\/2019\/06\/mulu.jpg\" \/>\n\t<meta property=\"og:image:width\" content=\"948\" \/>\n\t<meta property=\"og:image:height\" content=\"632\" \/>\n\t<meta property=\"og:image:type\" content=\"image\/jpeg\" \/>\n<meta name=\"author\" content=\"admin\" \/>\n<meta name=\"twitter:card\" content=\"summary_large_image\" \/>\n<meta name=\"twitter:label1\" content=\"Scris de\" \/>\n\t<meta name=\"twitter:data1\" content=\"admin\" \/>\n\t<meta name=\"twitter:label2\" content=\"Timp estimat pentru citire\" \/>\n\t<meta name=\"twitter:data2\" content=\"4 minutes\" \/>\n<script type=\"application\/ld+json\" class=\"yoast-schema-graph\">{\"@context\":\"https:\/\/schema.org\",\"@graph\":[{\"@type\":\"Article\",\"@id\":\"https:\/\/marekkuchcinski.pl\/sk\/wydarzenia\/marszalek-sejmu-unia-lubelska-pokazuje-nam-dobitnie-jak-wspolnota-polityczna-moze-wzmacniac-narody-przy-jednoczesnym-szanowaniu-ich-tradycji-jednosc-wzmacnia-suwerennosc\/#article\",\"isPartOf\":{\"@id\":\"https:\/\/marekkuchcinski.pl\/sk\/wydarzenia\/marszalek-sejmu-unia-lubelska-pokazuje-nam-dobitnie-jak-wspolnota-polityczna-moze-wzmacniac-narody-przy-jednoczesnym-szanowaniu-ich-tradycji-jednosc-wzmacnia-suwerennosc\/\"},\"author\":{\"name\":\"admin\",\"@id\":\"https:\/\/marekkuchcinski.pl\/#\/schema\/person\/6f62700996b4d950b6ea2d1183b6c6be\"},\"headline\":\"Marsza\u0142ek Sejmu: Unia Lubelska pokazuje nam dobitnie, jak wsp\u00f3lnota polityczna mo\u017ce wzmacnia\u0107 narody, przy jednoczesnym szanowaniu ich tradycji. Jedno\u015b\u0107 wzmacnia suwerenno\u015b\u0107\",\"datePublished\":\"2019-06-24T09:28:56+00:00\",\"dateModified\":\"2019-06-26T09:28:39+00:00\",\"mainEntityOfPage\":{\"@id\":\"https:\/\/marekkuchcinski.pl\/sk\/wydarzenia\/marszalek-sejmu-unia-lubelska-pokazuje-nam-dobitnie-jak-wspolnota-polityczna-moze-wzmacniac-narody-przy-jednoczesnym-szanowaniu-ich-tradycji-jednosc-wzmacnia-suwerennosc\/\"},\"wordCount\":916,\"commentCount\":0,\"publisher\":{\"@id\":\"https:\/\/marekkuchcinski.pl\/#organization\"},\"image\":{\"@id\":\"https:\/\/marekkuchcinski.pl\/sk\/wydarzenia\/marszalek-sejmu-unia-lubelska-pokazuje-nam-dobitnie-jak-wspolnota-polityczna-moze-wzmacniac-narody-przy-jednoczesnym-szanowaniu-ich-tradycji-jednosc-wzmacnia-suwerennosc\/#primaryimage\"},\"thumbnailUrl\":\"https:\/\/marekkuchcinski.pl\/wp-content\/uploads\/2019\/06\/mulu.jpg\",\"articleSection\":[\"Prawo i Sprawiedliwo\u015b\u0107\",\"Wa\u017cne daty\",\"Wsp\u00f3\u0142praca mi\u0119dzynarodowa\",\"Wydarzenia\"],\"inLanguage\":\"ro-RO\",\"potentialAction\":[{\"@type\":\"CommentAction\",\"name\":\"Comment\",\"target\":[\"https:\/\/marekkuchcinski.pl\/sk\/wydarzenia\/marszalek-sejmu-unia-lubelska-pokazuje-nam-dobitnie-jak-wspolnota-polityczna-moze-wzmacniac-narody-przy-jednoczesnym-szanowaniu-ich-tradycji-jednosc-wzmacnia-suwerennosc\/#respond\"]}]},{\"@type\":\"WebPage\",\"@id\":\"https:\/\/marekkuchcinski.pl\/sk\/wydarzenia\/marszalek-sejmu-unia-lubelska-pokazuje-nam-dobitnie-jak-wspolnota-polityczna-moze-wzmacniac-narody-przy-jednoczesnym-szanowaniu-ich-tradycji-jednosc-wzmacnia-suwerennosc\/\",\"url\":\"https:\/\/marekkuchcinski.pl\/sk\/wydarzenia\/marszalek-sejmu-unia-lubelska-pokazuje-nam-dobitnie-jak-wspolnota-polityczna-moze-wzmacniac-narody-przy-jednoczesnym-szanowaniu-ich-tradycji-jednosc-wzmacnia-suwerennosc\/\",\"name\":\"Marsza\u0142ek Sejmu: Unia Lubelska pokazuje nam dobitnie, jak wsp\u00f3lnota polityczna mo\u017ce wzmacnia\u0107 narody, przy jednoczesnym szanowaniu ich tradycji. Jedno\u015b\u0107 wzmacnia suwerenno\u015b\u0107 &#8211; Marek Kuchci\u0144ski\",\"isPartOf\":{\"@id\":\"https:\/\/marekkuchcinski.pl\/#website\"},\"primaryImageOfPage\":{\"@id\":\"https:\/\/marekkuchcinski.pl\/sk\/wydarzenia\/marszalek-sejmu-unia-lubelska-pokazuje-nam-dobitnie-jak-wspolnota-polityczna-moze-wzmacniac-narody-przy-jednoczesnym-szanowaniu-ich-tradycji-jednosc-wzmacnia-suwerennosc\/#primaryimage\"},\"image\":{\"@id\":\"https:\/\/marekkuchcinski.pl\/sk\/wydarzenia\/marszalek-sejmu-unia-lubelska-pokazuje-nam-dobitnie-jak-wspolnota-polityczna-moze-wzmacniac-narody-przy-jednoczesnym-szanowaniu-ich-tradycji-jednosc-wzmacnia-suwerennosc\/#primaryimage\"},\"thumbnailUrl\":\"https:\/\/marekkuchcinski.pl\/wp-content\/uploads\/2019\/06\/mulu.jpg\",\"datePublished\":\"2019-06-24T09:28:56+00:00\",\"dateModified\":\"2019-06-26T09:28:39+00:00\",\"breadcrumb\":{\"@id\":\"https:\/\/marekkuchcinski.pl\/sk\/wydarzenia\/marszalek-sejmu-unia-lubelska-pokazuje-nam-dobitnie-jak-wspolnota-polityczna-moze-wzmacniac-narody-przy-jednoczesnym-szanowaniu-ich-tradycji-jednosc-wzmacnia-suwerennosc\/#breadcrumb\"},\"inLanguage\":\"ro-RO\",\"potentialAction\":[{\"@type\":\"ReadAction\",\"target\":[\"https:\/\/marekkuchcinski.pl\/sk\/wydarzenia\/marszalek-sejmu-unia-lubelska-pokazuje-nam-dobitnie-jak-wspolnota-polityczna-moze-wzmacniac-narody-przy-jednoczesnym-szanowaniu-ich-tradycji-jednosc-wzmacnia-suwerennosc\/\"]}]},{\"@type\":\"ImageObject\",\"inLanguage\":\"ro-RO\",\"@id\":\"https:\/\/marekkuchcinski.pl\/sk\/wydarzenia\/marszalek-sejmu-unia-lubelska-pokazuje-nam-dobitnie-jak-wspolnota-polityczna-moze-wzmacniac-narody-przy-jednoczesnym-szanowaniu-ich-tradycji-jednosc-wzmacnia-suwerennosc\/#primaryimage\",\"url\":\"https:\/\/marekkuchcinski.pl\/wp-content\/uploads\/2019\/06\/mulu.jpg\",\"contentUrl\":\"https:\/\/marekkuchcinski.pl\/wp-content\/uploads\/2019\/06\/mulu.jpg\",\"width\":948,\"height\":632},{\"@type\":\"BreadcrumbList\",\"@id\":\"https:\/\/marekkuchcinski.pl\/sk\/wydarzenia\/marszalek-sejmu-unia-lubelska-pokazuje-nam-dobitnie-jak-wspolnota-polityczna-moze-wzmacniac-narody-przy-jednoczesnym-szanowaniu-ich-tradycji-jednosc-wzmacnia-suwerennosc\/#breadcrumb\",\"itemListElement\":[{\"@type\":\"ListItem\",\"position\":1,\"name\":\"Strona g\u0142\u00f3wna\",\"item\":\"https:\/\/marekkuchcinski.pl\/\"},{\"@type\":\"ListItem\",\"position\":2,\"name\":\"Marsza\u0142ek Sejmu: Unia Lubelska pokazuje nam dobitnie, jak wsp\u00f3lnota polityczna mo\u017ce wzmacnia\u0107 narody, przy jednoczesnym szanowaniu ich tradycji. Jedno\u015b\u0107 wzmacnia suwerenno\u015b\u0107\"}]},{\"@type\":\"WebSite\",\"@id\":\"https:\/\/marekkuchcinski.pl\/#website\",\"url\":\"https:\/\/marekkuchcinski.pl\/\",\"name\":\"Marek Kuchci\u0144ski\",\"description\":\"Pose\u0142 na sejm RP &ndash; okr\u0119g nr 22\",\"publisher\":{\"@id\":\"https:\/\/marekkuchcinski.pl\/#organization\"},\"potentialAction\":[{\"@type\":\"SearchAction\",\"target\":{\"@type\":\"EntryPoint\",\"urlTemplate\":\"https:\/\/marekkuchcinski.pl\/?s={search_term_string}\"},\"query-input\":{\"@type\":\"PropertyValueSpecification\",\"valueRequired\":true,\"valueName\":\"search_term_string\"}}],\"inLanguage\":\"ro-RO\"},{\"@type\":\"Organization\",\"@id\":\"https:\/\/marekkuchcinski.pl\/#organization\",\"name\":\"Marek Kuchci\u0144ski\",\"url\":\"https:\/\/marekkuchcinski.pl\/\",\"logo\":{\"@type\":\"ImageObject\",\"inLanguage\":\"ro-RO\",\"@id\":\"https:\/\/marekkuchcinski.pl\/#\/schema\/logo\/image\/\",\"url\":\"https:\/\/marekkuchcinski.pl\/wp-content\/uploads\/2022\/09\/Marek.jpg\",\"contentUrl\":\"https:\/\/marekkuchcinski.pl\/wp-content\/uploads\/2022\/09\/Marek.jpg\",\"width\":1600,\"height\":971,\"caption\":\"Marek Kuchci\u0144ski\"},\"image\":{\"@id\":\"https:\/\/marekkuchcinski.pl\/#\/schema\/logo\/image\/\"}},{\"@type\":\"Person\",\"@id\":\"https:\/\/marekkuchcinski.pl\/#\/schema\/person\/6f62700996b4d950b6ea2d1183b6c6be\",\"name\":\"admin\",\"image\":{\"@type\":\"ImageObject\",\"inLanguage\":\"ro-RO\",\"@id\":\"https:\/\/marekkuchcinski.pl\/#\/schema\/person\/image\/\",\"url\":\"https:\/\/secure.gravatar.com\/avatar\/4bab693b9d55c3d6b52c0296a8765085?s=96&d=mm&r=g\",\"contentUrl\":\"https:\/\/secure.gravatar.com\/avatar\/4bab693b9d55c3d6b52c0296a8765085?s=96&d=mm&r=g\",\"caption\":\"admin\"},\"url\":\"https:\/\/marekkuchcinski.pl\/ro\/author\/marta-olejnik\/\"}]}<\/script>\n<!-- \/ Yoast SEO plugin. -->","yoast_head_json":{"title":"Marsza\u0142ek Sejmu: Unia Lubelska pokazuje nam dobitnie, jak wsp\u00f3lnota polityczna mo\u017ce wzmacnia\u0107 narody, przy jednoczesnym szanowaniu ich tradycji. Jedno\u015b\u0107 wzmacnia suwerenno\u015b\u0107 &#8211; Marek Kuchci\u0144ski","robots":{"index":"index","follow":"follow","max-snippet":"max-snippet:-1","max-image-preview":"max-image-preview:large","max-video-preview":"max-video-preview:-1"},"canonical":"https:\/\/marekkuchcinski.pl\/ro\/wydarzenia\/marszalek-sejmu-unia-lubelska-pokazuje-nam-dobitnie-jak-wspolnota-polityczna-moze-wzmacniac-narody-przy-jednoczesnym-szanowaniu-ich-tradycji-jednosc-wzmacnia-suwerennosc\/","og_locale":"ro_RO","og_type":"article","og_title":"Marsza\u0142ek Sejmu: Unia Lubelska pokazuje nam dobitnie, jak wsp\u00f3lnota polityczna mo\u017ce wzmacnia\u0107 narody, przy jednoczesnym szanowaniu ich tradycji. Jedno\u015b\u0107 wzmacnia suwerenno\u015b\u0107 &#8211; Marek Kuchci\u0144ski","og_description":"450 lat temu Korona Kr\u00f3lestwa Polskiego i Wielkie Ksi\u0119stwo Litewskie kieruj\u0105c si\u0119 zasad\u0105 \u201ewolni z wolnymi, r\u00f3wni z r\u00f3wnymi\u201d, zawar\u0142y r\u00f3wnoprawny zwi\u0105zek obojga pa\u0144stw (i w konsekwencji narod\u00f3w). Zbudowano nowoczesny parlamentaryzm. Dzi\u015b Unia Lubelska pokazuje nam dobitnie, jak wsp\u00f3lnota polityczna mo\u017ce wzmacnia\u0107 narody, przy jednoczesnym szanowaniu ich tradycji. Na sejmie walnym w Lublinie 1 lipca [&hellip;]","og_url":"https:\/\/marekkuchcinski.pl\/ro\/wydarzenia\/marszalek-sejmu-unia-lubelska-pokazuje-nam-dobitnie-jak-wspolnota-polityczna-moze-wzmacniac-narody-przy-jednoczesnym-szanowaniu-ich-tradycji-jednosc-wzmacnia-suwerennosc\/","og_site_name":"Marek Kuchci\u0144ski","article_published_time":"2019-06-24T09:28:56+00:00","article_modified_time":"2019-06-26T09:28:39+00:00","og_image":[{"width":948,"height":632,"url":"https:\/\/marekkuchcinski.pl\/wp-content\/uploads\/2019\/06\/mulu.jpg","type":"image\/jpeg"}],"author":"admin","twitter_card":"summary_large_image","twitter_misc":{"Scris de":"admin","Timp estimat pentru citire":"4 minutes"},"schema":{"@context":"https:\/\/schema.org","@graph":[{"@type":"Article","@id":"https:\/\/marekkuchcinski.pl\/sk\/wydarzenia\/marszalek-sejmu-unia-lubelska-pokazuje-nam-dobitnie-jak-wspolnota-polityczna-moze-wzmacniac-narody-przy-jednoczesnym-szanowaniu-ich-tradycji-jednosc-wzmacnia-suwerennosc\/#article","isPartOf":{"@id":"https:\/\/marekkuchcinski.pl\/sk\/wydarzenia\/marszalek-sejmu-unia-lubelska-pokazuje-nam-dobitnie-jak-wspolnota-polityczna-moze-wzmacniac-narody-przy-jednoczesnym-szanowaniu-ich-tradycji-jednosc-wzmacnia-suwerennosc\/"},"author":{"name":"admin","@id":"https:\/\/marekkuchcinski.pl\/#\/schema\/person\/6f62700996b4d950b6ea2d1183b6c6be"},"headline":"Marsza\u0142ek Sejmu: Unia Lubelska pokazuje nam dobitnie, jak wsp\u00f3lnota polityczna mo\u017ce wzmacnia\u0107 narody, przy jednoczesnym szanowaniu ich tradycji. Jedno\u015b\u0107 wzmacnia suwerenno\u015b\u0107","datePublished":"2019-06-24T09:28:56+00:00","dateModified":"2019-06-26T09:28:39+00:00","mainEntityOfPage":{"@id":"https:\/\/marekkuchcinski.pl\/sk\/wydarzenia\/marszalek-sejmu-unia-lubelska-pokazuje-nam-dobitnie-jak-wspolnota-polityczna-moze-wzmacniac-narody-przy-jednoczesnym-szanowaniu-ich-tradycji-jednosc-wzmacnia-suwerennosc\/"},"wordCount":916,"commentCount":0,"publisher":{"@id":"https:\/\/marekkuchcinski.pl\/#organization"},"image":{"@id":"https:\/\/marekkuchcinski.pl\/sk\/wydarzenia\/marszalek-sejmu-unia-lubelska-pokazuje-nam-dobitnie-jak-wspolnota-polityczna-moze-wzmacniac-narody-przy-jednoczesnym-szanowaniu-ich-tradycji-jednosc-wzmacnia-suwerennosc\/#primaryimage"},"thumbnailUrl":"https:\/\/marekkuchcinski.pl\/wp-content\/uploads\/2019\/06\/mulu.jpg","articleSection":["Prawo i Sprawiedliwo\u015b\u0107","Wa\u017cne daty","Wsp\u00f3\u0142praca mi\u0119dzynarodowa","Wydarzenia"],"inLanguage":"ro-RO","potentialAction":[{"@type":"CommentAction","name":"Comment","target":["https:\/\/marekkuchcinski.pl\/sk\/wydarzenia\/marszalek-sejmu-unia-lubelska-pokazuje-nam-dobitnie-jak-wspolnota-polityczna-moze-wzmacniac-narody-przy-jednoczesnym-szanowaniu-ich-tradycji-jednosc-wzmacnia-suwerennosc\/#respond"]}]},{"@type":"WebPage","@id":"https:\/\/marekkuchcinski.pl\/sk\/wydarzenia\/marszalek-sejmu-unia-lubelska-pokazuje-nam-dobitnie-jak-wspolnota-polityczna-moze-wzmacniac-narody-przy-jednoczesnym-szanowaniu-ich-tradycji-jednosc-wzmacnia-suwerennosc\/","url":"https:\/\/marekkuchcinski.pl\/sk\/wydarzenia\/marszalek-sejmu-unia-lubelska-pokazuje-nam-dobitnie-jak-wspolnota-polityczna-moze-wzmacniac-narody-przy-jednoczesnym-szanowaniu-ich-tradycji-jednosc-wzmacnia-suwerennosc\/","name":"Marsza\u0142ek Sejmu: Unia Lubelska pokazuje nam dobitnie, jak wsp\u00f3lnota polityczna mo\u017ce wzmacnia\u0107 narody, przy jednoczesnym szanowaniu ich tradycji. Jedno\u015b\u0107 wzmacnia suwerenno\u015b\u0107 &#8211; Marek Kuchci\u0144ski","isPartOf":{"@id":"https:\/\/marekkuchcinski.pl\/#website"},"primaryImageOfPage":{"@id":"https:\/\/marekkuchcinski.pl\/sk\/wydarzenia\/marszalek-sejmu-unia-lubelska-pokazuje-nam-dobitnie-jak-wspolnota-polityczna-moze-wzmacniac-narody-przy-jednoczesnym-szanowaniu-ich-tradycji-jednosc-wzmacnia-suwerennosc\/#primaryimage"},"image":{"@id":"https:\/\/marekkuchcinski.pl\/sk\/wydarzenia\/marszalek-sejmu-unia-lubelska-pokazuje-nam-dobitnie-jak-wspolnota-polityczna-moze-wzmacniac-narody-przy-jednoczesnym-szanowaniu-ich-tradycji-jednosc-wzmacnia-suwerennosc\/#primaryimage"},"thumbnailUrl":"https:\/\/marekkuchcinski.pl\/wp-content\/uploads\/2019\/06\/mulu.jpg","datePublished":"2019-06-24T09:28:56+00:00","dateModified":"2019-06-26T09:28:39+00:00","breadcrumb":{"@id":"https:\/\/marekkuchcinski.pl\/sk\/wydarzenia\/marszalek-sejmu-unia-lubelska-pokazuje-nam-dobitnie-jak-wspolnota-polityczna-moze-wzmacniac-narody-przy-jednoczesnym-szanowaniu-ich-tradycji-jednosc-wzmacnia-suwerennosc\/#breadcrumb"},"inLanguage":"ro-RO","potentialAction":[{"@type":"ReadAction","target":["https:\/\/marekkuchcinski.pl\/sk\/wydarzenia\/marszalek-sejmu-unia-lubelska-pokazuje-nam-dobitnie-jak-wspolnota-polityczna-moze-wzmacniac-narody-przy-jednoczesnym-szanowaniu-ich-tradycji-jednosc-wzmacnia-suwerennosc\/"]}]},{"@type":"ImageObject","inLanguage":"ro-RO","@id":"https:\/\/marekkuchcinski.pl\/sk\/wydarzenia\/marszalek-sejmu-unia-lubelska-pokazuje-nam-dobitnie-jak-wspolnota-polityczna-moze-wzmacniac-narody-przy-jednoczesnym-szanowaniu-ich-tradycji-jednosc-wzmacnia-suwerennosc\/#primaryimage","url":"https:\/\/marekkuchcinski.pl\/wp-content\/uploads\/2019\/06\/mulu.jpg","contentUrl":"https:\/\/marekkuchcinski.pl\/wp-content\/uploads\/2019\/06\/mulu.jpg","width":948,"height":632},{"@type":"BreadcrumbList","@id":"https:\/\/marekkuchcinski.pl\/sk\/wydarzenia\/marszalek-sejmu-unia-lubelska-pokazuje-nam-dobitnie-jak-wspolnota-polityczna-moze-wzmacniac-narody-przy-jednoczesnym-szanowaniu-ich-tradycji-jednosc-wzmacnia-suwerennosc\/#breadcrumb","itemListElement":[{"@type":"ListItem","position":1,"name":"Strona g\u0142\u00f3wna","item":"https:\/\/marekkuchcinski.pl\/"},{"@type":"ListItem","position":2,"name":"Marsza\u0142ek Sejmu: Unia Lubelska pokazuje nam dobitnie, jak wsp\u00f3lnota polityczna mo\u017ce wzmacnia\u0107 narody, przy jednoczesnym szanowaniu ich tradycji. Jedno\u015b\u0107 wzmacnia suwerenno\u015b\u0107"}]},{"@type":"WebSite","@id":"https:\/\/marekkuchcinski.pl\/#website","url":"https:\/\/marekkuchcinski.pl\/","name":"Marek Kuchci\u0144ski","description":"Pose\u0142 na sejm RP &ndash; okr\u0119g nr 22","publisher":{"@id":"https:\/\/marekkuchcinski.pl\/#organization"},"potentialAction":[{"@type":"SearchAction","target":{"@type":"EntryPoint","urlTemplate":"https:\/\/marekkuchcinski.pl\/?s={search_term_string}"},"query-input":{"@type":"PropertyValueSpecification","valueRequired":true,"valueName":"search_term_string"}}],"inLanguage":"ro-RO"},{"@type":"Organization","@id":"https:\/\/marekkuchcinski.pl\/#organization","name":"Marek Kuchci\u0144ski","url":"https:\/\/marekkuchcinski.pl\/","logo":{"@type":"ImageObject","inLanguage":"ro-RO","@id":"https:\/\/marekkuchcinski.pl\/#\/schema\/logo\/image\/","url":"https:\/\/marekkuchcinski.pl\/wp-content\/uploads\/2022\/09\/Marek.jpg","contentUrl":"https:\/\/marekkuchcinski.pl\/wp-content\/uploads\/2022\/09\/Marek.jpg","width":1600,"height":971,"caption":"Marek Kuchci\u0144ski"},"image":{"@id":"https:\/\/marekkuchcinski.pl\/#\/schema\/logo\/image\/"}},{"@type":"Person","@id":"https:\/\/marekkuchcinski.pl\/#\/schema\/person\/6f62700996b4d950b6ea2d1183b6c6be","name":"admin","image":{"@type":"ImageObject","inLanguage":"ro-RO","@id":"https:\/\/marekkuchcinski.pl\/#\/schema\/person\/image\/","url":"https:\/\/secure.gravatar.com\/avatar\/4bab693b9d55c3d6b52c0296a8765085?s=96&d=mm&r=g","contentUrl":"https:\/\/secure.gravatar.com\/avatar\/4bab693b9d55c3d6b52c0296a8765085?s=96&d=mm&r=g","caption":"admin"},"url":"https:\/\/marekkuchcinski.pl\/ro\/author\/marta-olejnik\/"}]}},"_links":{"self":[{"href":"https:\/\/marekkuchcinski.pl\/ro\/wp-json\/wp\/v2\/posts\/16388","targetHints":{"allow":["GET"]}}],"collection":[{"href":"https:\/\/marekkuchcinski.pl\/ro\/wp-json\/wp\/v2\/posts"}],"about":[{"href":"https:\/\/marekkuchcinski.pl\/ro\/wp-json\/wp\/v2\/types\/post"}],"author":[{"embeddable":true,"href":"https:\/\/marekkuchcinski.pl\/ro\/wp-json\/wp\/v2\/users\/6"}],"replies":[{"embeddable":true,"href":"https:\/\/marekkuchcinski.pl\/ro\/wp-json\/wp\/v2\/comments?post=16388"}],"version-history":[{"count":8,"href":"https:\/\/marekkuchcinski.pl\/ro\/wp-json\/wp\/v2\/posts\/16388\/revisions"}],"predecessor-version":[{"id":16547,"href":"https:\/\/marekkuchcinski.pl\/ro\/wp-json\/wp\/v2\/posts\/16388\/revisions\/16547"}],"wp:featuredmedia":[{"embeddable":true,"href":"https:\/\/marekkuchcinski.pl\/ro\/wp-json\/wp\/v2\/media\/16389"}],"wp:attachment":[{"href":"https:\/\/marekkuchcinski.pl\/ro\/wp-json\/wp\/v2\/media?parent=16388"}],"wp:term":[{"taxonomy":"category","embeddable":true,"href":"https:\/\/marekkuchcinski.pl\/ro\/wp-json\/wp\/v2\/categories?post=16388"},{"taxonomy":"post_tag","embeddable":true,"href":"https:\/\/marekkuchcinski.pl\/ro\/wp-json\/wp\/v2\/tags?post=16388"}],"curies":[{"name":"wp","href":"https:\/\/api.w.org\/{rel}","templated":true}]}}