{"id":16265,"date":"2019-06-08T16:48:51","date_gmt":"2019-06-08T14:48:51","guid":{"rendered":"https:\/\/marekkuchcinski.pl\/?p=16265"},"modified":"2019-06-08T16:48:51","modified_gmt":"2019-06-08T14:48:51","slug":"kongres-polska-wielki-projekt-marszalek-sejmu-wreczyl-medal-odwaga-i-wiarygodnosc","status":"publish","type":"post","link":"https:\/\/marekkuchcinski.pl\/ro\/wydarzenia\/kongres-polska-wielki-projekt-marszalek-sejmu-wreczyl-medal-odwaga-i-wiarygodnosc\/","title":{"rendered":"Congresul \"Marele Proiect Polonia\": Pre\u0219edintele Sejm-ului a \u00eenm\u00e2nat medalia \"Curaj \u0219i credibilitate\""},"content":{"rendered":"<p>\u00cen cadrul celui de-al nou\u0103lea Congres \"Marele Proiect Polonia\", care s-a deschis vineri la Arcadele Kubicki din capital\u0103, pre\u0219edintele Sejm-ului, Marek Kuchci\u0144ski, i-a \u00eenm\u00e2nat domnului Fabio Biondi medalia \"Curaj \u0219i credibilitate\". - Maestrul Fabio Biondi prime\u0219te Medalia \"Curaj \u0219i credibilitate\" \u00eentr-un an special - anul Stanislaw Moniuszko, instituit de Sejm-ul Republicii Polone \u0219i proclamat \u00een acela\u0219i timp de UNESCO la cererea a trei \u021b\u0103ri: Polonia, Lituania \u0219i Belarus. V\u0103 suntem recunosc\u0103tori, Maestre, pentru angajamentul dumneavoastr\u0103 \u0219i pentru preg\u0103tirea \u0219i excelenta interpretare a concertului \"Halka\" \u00een luna ianuarie a acestui an \u00een Marele Teatru al Operei Na\u021bionale din Var\u0219ovia. V\u0103 suntem recunosc\u0103tori pentru faptul c\u0103 a\u021bi fost prezent din punct de vedere artistic \u00een Polonia timp de mai mul\u021bi ani\", a declarat pre\u0219edintele Sejm-ului.<\/p>\n\n\n\n<p>La ceremonie au mai participat, printre al\u021bii: Julia Przy\u0142\u0119bska - pre\u0219edintele Tribunalului Constitu\u021bional, Wanda Zwinogrodzka \u0219i Jaros\u0142aw Sellin - mini\u0219trii adjunc\u021bi ai Culturii \u0219i Patrimoniului Na\u021bional, Dr. Artur Szklener - directorul Institutului Na\u021bional Fryderyk Chopin \u0219i Stanis\u0142aw Leszczy\u0144ski - directorul artistic al Festivalului \"Chopin \u0219i Europa sa\".<\/p>\n\n\n\n<p>Fabio Biondi este unul dintre cei mai importan\u021bi interpre\u021bi de muzic\u0103 veche. A creat, pe instrumente de epoc\u0103, ansamblul Europa Galante, al c\u0103rui lider este. \u00cen luna ianuarie a acestui an, orchestra a sus\u021binut un concert \u00een Marele Teatru al Operei Na\u021bionale pentru a inaugura anul Stanislaw Moniuszko. Atunci a avut loc un concert al piesei Halka \u00een limba italian\u0103. Aceast\u0103 versiune a operei a avut premiera \u00een cadrul festivalului \"Chopin \u0219i Europa sa\" de anul trecut. A primit recenzii excelente la vremea respectiv\u0103, dobor\u00e2nd recorduri de popularitate.<\/p>\n\n\n\n<p>Medalia \"Curaj \u0219i credibilitate\" a fost acordat\u0103 timp de cinci ani. Numele s\u0103u este o trimitere la sloganul electoral din 2005 al regretatului Lech Kaczy\u0144ski. Laurea\u021bii s\u0103i sunt cei care lucreaz\u0103 \u00een mod activ \u00een beneficiul Congresului \u0219i al imaginii Poloniei \u0219i a cet\u0103\u021benilor s\u0103i \u00een lume. Primul laureat care a primit aceast\u0103 medalie a fost profesorul Ewa Thomson. Pe list\u0103 se afl\u0103 \u0219i personalit\u0103\u021bi precum Sir Roger Scruton sau Anca Maria-Cernea.<\/p>\n\n\n\n<p>Principalul organizator al congresului este Funda\u021bia Poland Great Project. Coorganizatorii sunt Institutul pentru Ini\u021biative Publice, Centrul pentru G\u00e2ndire Politic\u0103, Asocia\u021bia Creatorilor pentru Republica Polon\u0103 \u0219i Asocia\u021bia Tineri pentru Polonia. Congresul se desf\u0103\u0219oar\u0103 sub patronajul onorific al pre\u0219edintelui Andrzej Duda. Ideea congresului - a\u0219a cum au indicat organizatorii - este de a dezbate provoc\u0103rile strategice de dezvoltare cu care se va confrunta Polonia \u00een urm\u0103toarele decenii. Congresul a fost \u00eemp\u0103r\u021bit \u00een mai multe grupuri de discu\u021bii tematice.<br>Printre vorbitorii din acest an se num\u0103r\u0103 ministrul afacerilor externe, Prof. Jacek Czaputowicz, Prof. Zdzis\u0142aw Krasnod\u0119bski, Prof. Ryszard Legutko, Prof. Andrzej Zybertowicz \u0219i Prof. Zbigniew Stawrowski. Prelegerea introductiv\u0103 a fost \u021binut\u0103 de prim-ministrul Mateusz Morawiecki.<\/p>\n\n\n\n<p><em>CIS<\/em><\/p>\n\n\n\n<p><em>Foto: Rafa\u0142 Zambrzycki<\/em><\/p>\n\n\n\n<figure class=\"wp-block-image\"><img fetchpriority=\"high\" decoding=\"async\" width=\"800\" height=\"533\" src=\"https:\/\/marekkuchcinski.pl\/wp-content\/uploads\/2019\/06\/RZ__4223.view_.jpg\" alt=\"\" class=\"wp-image-16267\" srcset=\"https:\/\/marekkuchcinski.pl\/wp-content\/uploads\/2019\/06\/RZ__4223.view_.jpg 800w, https:\/\/marekkuchcinski.pl\/wp-content\/uploads\/2019\/06\/RZ__4223.view_-300x200.jpg 300w, https:\/\/marekkuchcinski.pl\/wp-content\/uploads\/2019\/06\/RZ__4223.view_-768x512.jpg 768w\" sizes=\"(max-width: 800px) 100vw, 800px\" \/><\/figure>\n\n\n\n<figure class=\"wp-block-image\"><img decoding=\"async\" width=\"800\" height=\"533\" src=\"https:\/\/marekkuchcinski.pl\/wp-content\/uploads\/2019\/06\/RZ__4174.view_.jpg\" alt=\"\" class=\"wp-image-16271\" srcset=\"https:\/\/marekkuchcinski.pl\/wp-content\/uploads\/2019\/06\/RZ__4174.view_.jpg 800w, https:\/\/marekkuchcinski.pl\/wp-content\/uploads\/2019\/06\/RZ__4174.view_-300x200.jpg 300w, https:\/\/marekkuchcinski.pl\/wp-content\/uploads\/2019\/06\/RZ__4174.view_-768x512.jpg 768w\" sizes=\"(max-width: 800px) 100vw, 800px\" \/><\/figure>","protected":false},"excerpt":{"rendered":"<p>Podczas IX Kongresu \u201ePolska Wielki Projekt\u201d, kt\u00f3ry w pi\u0105tek rozpocz\u0105\u0142 si\u0119 w sto\u0142ecznych Arkadach Kubickiego, marsza\u0142ek Sejmu Marek Kuchci\u0144ski wr\u0119czy\u0142 Medal \u201eOdwaga i Wiarygodno\u015b\u0107\u201d Panu Fabio Biondi. \u2013 Maestro Fabio Biondi otrzymuje Medal \u201eOdwaga i Wiarygodno\u015b\u0107\u201d w roku szczeg\u00f3lnym \u2013 roku Stanis\u0142awa Moniuszki ustanowionym przez Sejm Rzeczypospolitej, a jednocze\u015bnie og\u0142oszonym przez UNESCO na wniosek trzech [&hellip;]<\/p>","protected":false},"author":6,"featured_media":16271,"comment_status":"open","ping_status":"open","sticky":false,"template":"","format":"standard","meta":{"ngg_post_thumbnail":0,"footnotes":""},"categories":[3],"tags":[],"class_list":["post-16265","post","type-post","status-publish","format-standard","has-post-thumbnail","hentry","category-wydarzenia"],"yoast_head":"<!-- This site is optimized with the Yoast SEO plugin v24.7 - https:\/\/yoast.com\/wordpress\/plugins\/seo\/ -->\n<title>Kongres \u201ePolska Wielki Projekt\u201d: Marsza\u0142ek Sejmu wr\u0119czy\u0142 medal \u201eOdwaga i Wiarygodno\u015b\u0107\u201d &#8211; Marek Kuchci\u0144ski<\/title>\n<meta name=\"robots\" content=\"index, follow, max-snippet:-1, max-image-preview:large, max-video-preview:-1\" \/>\n<link rel=\"canonical\" href=\"https:\/\/marekkuchcinski.pl\/ro\/wydarzenia\/kongres-polska-wielki-projekt-marszalek-sejmu-wreczyl-medal-odwaga-i-wiarygodnosc\/\" \/>\n<meta property=\"og:locale\" content=\"ro_RO\" \/>\n<meta property=\"og:type\" content=\"article\" \/>\n<meta property=\"og:title\" content=\"Kongres \u201ePolska Wielki Projekt\u201d: Marsza\u0142ek Sejmu wr\u0119czy\u0142 medal \u201eOdwaga i Wiarygodno\u015b\u0107\u201d &#8211; Marek Kuchci\u0144ski\" \/>\n<meta property=\"og:description\" content=\"Podczas IX Kongresu \u201ePolska Wielki Projekt\u201d, kt\u00f3ry w pi\u0105tek rozpocz\u0105\u0142 si\u0119 w sto\u0142ecznych Arkadach Kubickiego, marsza\u0142ek Sejmu Marek Kuchci\u0144ski wr\u0119czy\u0142 Medal \u201eOdwaga i Wiarygodno\u015b\u0107\u201d Panu Fabio Biondi. \u2013 Maestro Fabio Biondi otrzymuje Medal \u201eOdwaga i Wiarygodno\u015b\u0107\u201d w roku szczeg\u00f3lnym \u2013 roku Stanis\u0142awa Moniuszki ustanowionym przez Sejm Rzeczypospolitej, a jednocze\u015bnie og\u0142oszonym przez UNESCO na wniosek trzech [&hellip;]\" \/>\n<meta property=\"og:url\" content=\"https:\/\/marekkuchcinski.pl\/ro\/wydarzenia\/kongres-polska-wielki-projekt-marszalek-sejmu-wreczyl-medal-odwaga-i-wiarygodnosc\/\" \/>\n<meta property=\"og:site_name\" content=\"Marek Kuchci\u0144ski\" \/>\n<meta property=\"article:published_time\" content=\"2019-06-08T14:48:51+00:00\" \/>\n<meta property=\"og:image\" content=\"https:\/\/marekkuchcinski.pl\/wp-content\/uploads\/2019\/06\/RZ__4174.view_.jpg\" \/>\n\t<meta property=\"og:image:width\" content=\"800\" \/>\n\t<meta property=\"og:image:height\" content=\"533\" \/>\n\t<meta property=\"og:image:type\" content=\"image\/jpeg\" \/>\n<meta name=\"author\" content=\"admin\" \/>\n<meta name=\"twitter:card\" content=\"summary_large_image\" \/>\n<meta name=\"twitter:label1\" content=\"Scris de\" \/>\n\t<meta name=\"twitter:data1\" content=\"admin\" \/>\n\t<meta name=\"twitter:label2\" content=\"Timp estimat pentru citire\" \/>\n\t<meta name=\"twitter:data2\" content=\"2 minutes\" \/>\n<script type=\"application\/ld+json\" class=\"yoast-schema-graph\">{\"@context\":\"https:\/\/schema.org\",\"@graph\":[{\"@type\":\"Article\",\"@id\":\"https:\/\/marekkuchcinski.pl\/ro\/wydarzenia\/kongres-polska-wielki-projekt-marszalek-sejmu-wreczyl-medal-odwaga-i-wiarygodnosc\/#article\",\"isPartOf\":{\"@id\":\"https:\/\/marekkuchcinski.pl\/ro\/wydarzenia\/kongres-polska-wielki-projekt-marszalek-sejmu-wreczyl-medal-odwaga-i-wiarygodnosc\/\"},\"author\":{\"name\":\"admin\",\"@id\":\"https:\/\/marekkuchcinski.pl\/#\/schema\/person\/6f62700996b4d950b6ea2d1183b6c6be\"},\"headline\":\"Kongres \u201ePolska Wielki Projekt\u201d: Marsza\u0142ek Sejmu wr\u0119czy\u0142 medal \u201eOdwaga i Wiarygodno\u015b\u0107\u201d\",\"datePublished\":\"2019-06-08T14:48:51+00:00\",\"mainEntityOfPage\":{\"@id\":\"https:\/\/marekkuchcinski.pl\/ro\/wydarzenia\/kongres-polska-wielki-projekt-marszalek-sejmu-wreczyl-medal-odwaga-i-wiarygodnosc\/\"},\"wordCount\":445,\"commentCount\":0,\"publisher\":{\"@id\":\"https:\/\/marekkuchcinski.pl\/#organization\"},\"image\":{\"@id\":\"https:\/\/marekkuchcinski.pl\/ro\/wydarzenia\/kongres-polska-wielki-projekt-marszalek-sejmu-wreczyl-medal-odwaga-i-wiarygodnosc\/#primaryimage\"},\"thumbnailUrl\":\"https:\/\/marekkuchcinski.pl\/wp-content\/uploads\/2019\/06\/RZ__4174.view_.jpg\",\"articleSection\":[\"Wydarzenia\"],\"inLanguage\":\"ro-RO\",\"potentialAction\":[{\"@type\":\"CommentAction\",\"name\":\"Comment\",\"target\":[\"https:\/\/marekkuchcinski.pl\/ro\/wydarzenia\/kongres-polska-wielki-projekt-marszalek-sejmu-wreczyl-medal-odwaga-i-wiarygodnosc\/#respond\"]}]},{\"@type\":\"WebPage\",\"@id\":\"https:\/\/marekkuchcinski.pl\/ro\/wydarzenia\/kongres-polska-wielki-projekt-marszalek-sejmu-wreczyl-medal-odwaga-i-wiarygodnosc\/\",\"url\":\"https:\/\/marekkuchcinski.pl\/ro\/wydarzenia\/kongres-polska-wielki-projekt-marszalek-sejmu-wreczyl-medal-odwaga-i-wiarygodnosc\/\",\"name\":\"Kongres \u201ePolska Wielki Projekt\u201d: Marsza\u0142ek Sejmu wr\u0119czy\u0142 medal \u201eOdwaga i Wiarygodno\u015b\u0107\u201d &#8211; Marek Kuchci\u0144ski\",\"isPartOf\":{\"@id\":\"https:\/\/marekkuchcinski.pl\/#website\"},\"primaryImageOfPage\":{\"@id\":\"https:\/\/marekkuchcinski.pl\/ro\/wydarzenia\/kongres-polska-wielki-projekt-marszalek-sejmu-wreczyl-medal-odwaga-i-wiarygodnosc\/#primaryimage\"},\"image\":{\"@id\":\"https:\/\/marekkuchcinski.pl\/ro\/wydarzenia\/kongres-polska-wielki-projekt-marszalek-sejmu-wreczyl-medal-odwaga-i-wiarygodnosc\/#primaryimage\"},\"thumbnailUrl\":\"https:\/\/marekkuchcinski.pl\/wp-content\/uploads\/2019\/06\/RZ__4174.view_.jpg\",\"datePublished\":\"2019-06-08T14:48:51+00:00\",\"breadcrumb\":{\"@id\":\"https:\/\/marekkuchcinski.pl\/ro\/wydarzenia\/kongres-polska-wielki-projekt-marszalek-sejmu-wreczyl-medal-odwaga-i-wiarygodnosc\/#breadcrumb\"},\"inLanguage\":\"ro-RO\",\"potentialAction\":[{\"@type\":\"ReadAction\",\"target\":[\"https:\/\/marekkuchcinski.pl\/ro\/wydarzenia\/kongres-polska-wielki-projekt-marszalek-sejmu-wreczyl-medal-odwaga-i-wiarygodnosc\/\"]}]},{\"@type\":\"ImageObject\",\"inLanguage\":\"ro-RO\",\"@id\":\"https:\/\/marekkuchcinski.pl\/ro\/wydarzenia\/kongres-polska-wielki-projekt-marszalek-sejmu-wreczyl-medal-odwaga-i-wiarygodnosc\/#primaryimage\",\"url\":\"https:\/\/marekkuchcinski.pl\/wp-content\/uploads\/2019\/06\/RZ__4174.view_.jpg\",\"contentUrl\":\"https:\/\/marekkuchcinski.pl\/wp-content\/uploads\/2019\/06\/RZ__4174.view_.jpg\",\"width\":800,\"height\":533},{\"@type\":\"BreadcrumbList\",\"@id\":\"https:\/\/marekkuchcinski.pl\/ro\/wydarzenia\/kongres-polska-wielki-projekt-marszalek-sejmu-wreczyl-medal-odwaga-i-wiarygodnosc\/#breadcrumb\",\"itemListElement\":[{\"@type\":\"ListItem\",\"position\":1,\"name\":\"Strona g\u0142\u00f3wna\",\"item\":\"https:\/\/marekkuchcinski.pl\/\"},{\"@type\":\"ListItem\",\"position\":2,\"name\":\"Kongres \u201ePolska Wielki Projekt\u201d: Marsza\u0142ek Sejmu wr\u0119czy\u0142 medal \u201eOdwaga i Wiarygodno\u015b\u0107\u201d\"}]},{\"@type\":\"WebSite\",\"@id\":\"https:\/\/marekkuchcinski.pl\/#website\",\"url\":\"https:\/\/marekkuchcinski.pl\/\",\"name\":\"Marek Kuchci\u0144ski\",\"description\":\"Pose\u0142 na sejm RP &ndash; okr\u0119g nr 22\",\"publisher\":{\"@id\":\"https:\/\/marekkuchcinski.pl\/#organization\"},\"potentialAction\":[{\"@type\":\"SearchAction\",\"target\":{\"@type\":\"EntryPoint\",\"urlTemplate\":\"https:\/\/marekkuchcinski.pl\/?s={search_term_string}\"},\"query-input\":{\"@type\":\"PropertyValueSpecification\",\"valueRequired\":true,\"valueName\":\"search_term_string\"}}],\"inLanguage\":\"ro-RO\"},{\"@type\":\"Organization\",\"@id\":\"https:\/\/marekkuchcinski.pl\/#organization\",\"name\":\"Marek Kuchci\u0144ski\",\"url\":\"https:\/\/marekkuchcinski.pl\/\",\"logo\":{\"@type\":\"ImageObject\",\"inLanguage\":\"ro-RO\",\"@id\":\"https:\/\/marekkuchcinski.pl\/#\/schema\/logo\/image\/\",\"url\":\"https:\/\/marekkuchcinski.pl\/wp-content\/uploads\/2022\/09\/Marek.jpg\",\"contentUrl\":\"https:\/\/marekkuchcinski.pl\/wp-content\/uploads\/2022\/09\/Marek.jpg\",\"width\":1600,\"height\":971,\"caption\":\"Marek Kuchci\u0144ski\"},\"image\":{\"@id\":\"https:\/\/marekkuchcinski.pl\/#\/schema\/logo\/image\/\"}},{\"@type\":\"Person\",\"@id\":\"https:\/\/marekkuchcinski.pl\/#\/schema\/person\/6f62700996b4d950b6ea2d1183b6c6be\",\"name\":\"admin\",\"image\":{\"@type\":\"ImageObject\",\"inLanguage\":\"ro-RO\",\"@id\":\"https:\/\/marekkuchcinski.pl\/#\/schema\/person\/image\/\",\"url\":\"https:\/\/secure.gravatar.com\/avatar\/4bab693b9d55c3d6b52c0296a8765085?s=96&d=mm&r=g\",\"contentUrl\":\"https:\/\/secure.gravatar.com\/avatar\/4bab693b9d55c3d6b52c0296a8765085?s=96&d=mm&r=g\",\"caption\":\"admin\"},\"url\":\"https:\/\/marekkuchcinski.pl\/ro\/author\/marta-olejnik\/\"}]}<\/script>\n<!-- \/ Yoast SEO plugin. -->","yoast_head_json":{"title":"Kongres \u201ePolska Wielki Projekt\u201d: Marsza\u0142ek Sejmu wr\u0119czy\u0142 medal \u201eOdwaga i Wiarygodno\u015b\u0107\u201d &#8211; Marek Kuchci\u0144ski","robots":{"index":"index","follow":"follow","max-snippet":"max-snippet:-1","max-image-preview":"max-image-preview:large","max-video-preview":"max-video-preview:-1"},"canonical":"https:\/\/marekkuchcinski.pl\/ro\/wydarzenia\/kongres-polska-wielki-projekt-marszalek-sejmu-wreczyl-medal-odwaga-i-wiarygodnosc\/","og_locale":"ro_RO","og_type":"article","og_title":"Kongres \u201ePolska Wielki Projekt\u201d: Marsza\u0142ek Sejmu wr\u0119czy\u0142 medal \u201eOdwaga i Wiarygodno\u015b\u0107\u201d &#8211; Marek Kuchci\u0144ski","og_description":"Podczas IX Kongresu \u201ePolska Wielki Projekt\u201d, kt\u00f3ry w pi\u0105tek rozpocz\u0105\u0142 si\u0119 w sto\u0142ecznych Arkadach Kubickiego, marsza\u0142ek Sejmu Marek Kuchci\u0144ski wr\u0119czy\u0142 Medal \u201eOdwaga i Wiarygodno\u015b\u0107\u201d Panu Fabio Biondi. \u2013 Maestro Fabio Biondi otrzymuje Medal \u201eOdwaga i Wiarygodno\u015b\u0107\u201d w roku szczeg\u00f3lnym \u2013 roku Stanis\u0142awa Moniuszki ustanowionym przez Sejm Rzeczypospolitej, a jednocze\u015bnie og\u0142oszonym przez UNESCO na wniosek trzech [&hellip;]","og_url":"https:\/\/marekkuchcinski.pl\/ro\/wydarzenia\/kongres-polska-wielki-projekt-marszalek-sejmu-wreczyl-medal-odwaga-i-wiarygodnosc\/","og_site_name":"Marek Kuchci\u0144ski","article_published_time":"2019-06-08T14:48:51+00:00","og_image":[{"width":800,"height":533,"url":"https:\/\/marekkuchcinski.pl\/wp-content\/uploads\/2019\/06\/RZ__4174.view_.jpg","type":"image\/jpeg"}],"author":"admin","twitter_card":"summary_large_image","twitter_misc":{"Scris de":"admin","Timp estimat pentru citire":"2 minutes"},"schema":{"@context":"https:\/\/schema.org","@graph":[{"@type":"Article","@id":"https:\/\/marekkuchcinski.pl\/ro\/wydarzenia\/kongres-polska-wielki-projekt-marszalek-sejmu-wreczyl-medal-odwaga-i-wiarygodnosc\/#article","isPartOf":{"@id":"https:\/\/marekkuchcinski.pl\/ro\/wydarzenia\/kongres-polska-wielki-projekt-marszalek-sejmu-wreczyl-medal-odwaga-i-wiarygodnosc\/"},"author":{"name":"admin","@id":"https:\/\/marekkuchcinski.pl\/#\/schema\/person\/6f62700996b4d950b6ea2d1183b6c6be"},"headline":"Kongres \u201ePolska Wielki Projekt\u201d: Marsza\u0142ek Sejmu wr\u0119czy\u0142 medal \u201eOdwaga i Wiarygodno\u015b\u0107\u201d","datePublished":"2019-06-08T14:48:51+00:00","mainEntityOfPage":{"@id":"https:\/\/marekkuchcinski.pl\/ro\/wydarzenia\/kongres-polska-wielki-projekt-marszalek-sejmu-wreczyl-medal-odwaga-i-wiarygodnosc\/"},"wordCount":445,"commentCount":0,"publisher":{"@id":"https:\/\/marekkuchcinski.pl\/#organization"},"image":{"@id":"https:\/\/marekkuchcinski.pl\/ro\/wydarzenia\/kongres-polska-wielki-projekt-marszalek-sejmu-wreczyl-medal-odwaga-i-wiarygodnosc\/#primaryimage"},"thumbnailUrl":"https:\/\/marekkuchcinski.pl\/wp-content\/uploads\/2019\/06\/RZ__4174.view_.jpg","articleSection":["Wydarzenia"],"inLanguage":"ro-RO","potentialAction":[{"@type":"CommentAction","name":"Comment","target":["https:\/\/marekkuchcinski.pl\/ro\/wydarzenia\/kongres-polska-wielki-projekt-marszalek-sejmu-wreczyl-medal-odwaga-i-wiarygodnosc\/#respond"]}]},{"@type":"WebPage","@id":"https:\/\/marekkuchcinski.pl\/ro\/wydarzenia\/kongres-polska-wielki-projekt-marszalek-sejmu-wreczyl-medal-odwaga-i-wiarygodnosc\/","url":"https:\/\/marekkuchcinski.pl\/ro\/wydarzenia\/kongres-polska-wielki-projekt-marszalek-sejmu-wreczyl-medal-odwaga-i-wiarygodnosc\/","name":"Kongres \u201ePolska Wielki Projekt\u201d: Marsza\u0142ek Sejmu wr\u0119czy\u0142 medal \u201eOdwaga i Wiarygodno\u015b\u0107\u201d &#8211; Marek Kuchci\u0144ski","isPartOf":{"@id":"https:\/\/marekkuchcinski.pl\/#website"},"primaryImageOfPage":{"@id":"https:\/\/marekkuchcinski.pl\/ro\/wydarzenia\/kongres-polska-wielki-projekt-marszalek-sejmu-wreczyl-medal-odwaga-i-wiarygodnosc\/#primaryimage"},"image":{"@id":"https:\/\/marekkuchcinski.pl\/ro\/wydarzenia\/kongres-polska-wielki-projekt-marszalek-sejmu-wreczyl-medal-odwaga-i-wiarygodnosc\/#primaryimage"},"thumbnailUrl":"https:\/\/marekkuchcinski.pl\/wp-content\/uploads\/2019\/06\/RZ__4174.view_.jpg","datePublished":"2019-06-08T14:48:51+00:00","breadcrumb":{"@id":"https:\/\/marekkuchcinski.pl\/ro\/wydarzenia\/kongres-polska-wielki-projekt-marszalek-sejmu-wreczyl-medal-odwaga-i-wiarygodnosc\/#breadcrumb"},"inLanguage":"ro-RO","potentialAction":[{"@type":"ReadAction","target":["https:\/\/marekkuchcinski.pl\/ro\/wydarzenia\/kongres-polska-wielki-projekt-marszalek-sejmu-wreczyl-medal-odwaga-i-wiarygodnosc\/"]}]},{"@type":"ImageObject","inLanguage":"ro-RO","@id":"https:\/\/marekkuchcinski.pl\/ro\/wydarzenia\/kongres-polska-wielki-projekt-marszalek-sejmu-wreczyl-medal-odwaga-i-wiarygodnosc\/#primaryimage","url":"https:\/\/marekkuchcinski.pl\/wp-content\/uploads\/2019\/06\/RZ__4174.view_.jpg","contentUrl":"https:\/\/marekkuchcinski.pl\/wp-content\/uploads\/2019\/06\/RZ__4174.view_.jpg","width":800,"height":533},{"@type":"BreadcrumbList","@id":"https:\/\/marekkuchcinski.pl\/ro\/wydarzenia\/kongres-polska-wielki-projekt-marszalek-sejmu-wreczyl-medal-odwaga-i-wiarygodnosc\/#breadcrumb","itemListElement":[{"@type":"ListItem","position":1,"name":"Strona g\u0142\u00f3wna","item":"https:\/\/marekkuchcinski.pl\/"},{"@type":"ListItem","position":2,"name":"Kongres \u201ePolska Wielki Projekt\u201d: Marsza\u0142ek Sejmu wr\u0119czy\u0142 medal \u201eOdwaga i Wiarygodno\u015b\u0107\u201d"}]},{"@type":"WebSite","@id":"https:\/\/marekkuchcinski.pl\/#website","url":"https:\/\/marekkuchcinski.pl\/","name":"Marek Kuchci\u0144ski","description":"Pose\u0142 na sejm RP &ndash; okr\u0119g nr 22","publisher":{"@id":"https:\/\/marekkuchcinski.pl\/#organization"},"potentialAction":[{"@type":"SearchAction","target":{"@type":"EntryPoint","urlTemplate":"https:\/\/marekkuchcinski.pl\/?s={search_term_string}"},"query-input":{"@type":"PropertyValueSpecification","valueRequired":true,"valueName":"search_term_string"}}],"inLanguage":"ro-RO"},{"@type":"Organization","@id":"https:\/\/marekkuchcinski.pl\/#organization","name":"Marek Kuchci\u0144ski","url":"https:\/\/marekkuchcinski.pl\/","logo":{"@type":"ImageObject","inLanguage":"ro-RO","@id":"https:\/\/marekkuchcinski.pl\/#\/schema\/logo\/image\/","url":"https:\/\/marekkuchcinski.pl\/wp-content\/uploads\/2022\/09\/Marek.jpg","contentUrl":"https:\/\/marekkuchcinski.pl\/wp-content\/uploads\/2022\/09\/Marek.jpg","width":1600,"height":971,"caption":"Marek Kuchci\u0144ski"},"image":{"@id":"https:\/\/marekkuchcinski.pl\/#\/schema\/logo\/image\/"}},{"@type":"Person","@id":"https:\/\/marekkuchcinski.pl\/#\/schema\/person\/6f62700996b4d950b6ea2d1183b6c6be","name":"admin","image":{"@type":"ImageObject","inLanguage":"ro-RO","@id":"https:\/\/marekkuchcinski.pl\/#\/schema\/person\/image\/","url":"https:\/\/secure.gravatar.com\/avatar\/4bab693b9d55c3d6b52c0296a8765085?s=96&d=mm&r=g","contentUrl":"https:\/\/secure.gravatar.com\/avatar\/4bab693b9d55c3d6b52c0296a8765085?s=96&d=mm&r=g","caption":"admin"},"url":"https:\/\/marekkuchcinski.pl\/ro\/author\/marta-olejnik\/"}]}},"_links":{"self":[{"href":"https:\/\/marekkuchcinski.pl\/ro\/wp-json\/wp\/v2\/posts\/16265","targetHints":{"allow":["GET"]}}],"collection":[{"href":"https:\/\/marekkuchcinski.pl\/ro\/wp-json\/wp\/v2\/posts"}],"about":[{"href":"https:\/\/marekkuchcinski.pl\/ro\/wp-json\/wp\/v2\/types\/post"}],"author":[{"embeddable":true,"href":"https:\/\/marekkuchcinski.pl\/ro\/wp-json\/wp\/v2\/users\/6"}],"replies":[{"embeddable":true,"href":"https:\/\/marekkuchcinski.pl\/ro\/wp-json\/wp\/v2\/comments?post=16265"}],"version-history":[{"count":2,"href":"https:\/\/marekkuchcinski.pl\/ro\/wp-json\/wp\/v2\/posts\/16265\/revisions"}],"predecessor-version":[{"id":16272,"href":"https:\/\/marekkuchcinski.pl\/ro\/wp-json\/wp\/v2\/posts\/16265\/revisions\/16272"}],"wp:featuredmedia":[{"embeddable":true,"href":"https:\/\/marekkuchcinski.pl\/ro\/wp-json\/wp\/v2\/media\/16271"}],"wp:attachment":[{"href":"https:\/\/marekkuchcinski.pl\/ro\/wp-json\/wp\/v2\/media?parent=16265"}],"wp:term":[{"taxonomy":"category","embeddable":true,"href":"https:\/\/marekkuchcinski.pl\/ro\/wp-json\/wp\/v2\/categories?post=16265"},{"taxonomy":"post_tag","embeddable":true,"href":"https:\/\/marekkuchcinski.pl\/ro\/wp-json\/wp\/v2\/tags?post=16265"}],"curies":[{"name":"wp","href":"https:\/\/api.w.org\/{rel}","templated":true}]}}