{"id":15787,"date":"2019-05-31T11:18:03","date_gmt":"2019-05-31T09:18:03","guid":{"rendered":"https:\/\/marekkuchcinski.pl\/?p=15787"},"modified":"2019-06-01T00:30:23","modified_gmt":"2019-05-31T22:30:23","slug":"premiera-reprintu-strychu-kulturalnego-podziemnego-pisma-pod-redakcja-marka-kuchcinskiego","status":"publish","type":"post","link":"https:\/\/marekkuchcinski.pl\/ro\/wydarzenia\/premiera-reprintu-strychu-kulturalnego-podziemnego-pisma-pod-redakcja-marka-kuchcinskiego\/","title":{"rendered":"Premiera reedit\u0103rii \"Strych Kulturalny\" - o revist\u0103 underground editat\u0103 de Marek Kuchci\u0144ski"},"content":{"rendered":"<p><strong>'Mansarda cultural\u0103' a fost retip\u0103rit\u0103, cu\npremiera va avea loc duminic\u0103, 2 iunie, la Muzeul Na\u021bional al Regiunii Przemysl.\nPrzemysl. Acesta este un eveniment special, puternic \u00eempletit cu celebr\u0103rile aniversare.\naniversarea alegerilor din iunie '89.<\/strong><\/p>\n\n\n\n<p>Podul este asociat cu un loc misterios, oarecum ascuns.\nde la un vizitator ocazional. \u00cen acela\u0219i timp, st\u00e2rne\u0219te curiozitatea cu privire la ceea ce ascunde,\neste o promisiune a ceva interzis, o oaz\u0103 de lucruri, g\u00e2nduri, \u00eenchipuiri care au\ns-au oprit pentru o clip\u0103 \u00een c\u0103l\u0103toria lor \u00eentre lumea real\u0103.\nExperien\u021bele adunate \u00een pod cap\u0103t\u0103 un nou sens \u0219i se \u00eentorc din nou la\noameni. Iat\u0103 ce a fost Mansarda Cultural\u0103: un ziar clandestin care a fost creat\n\u00een pod, \u00een capetele oamenilor care caut\u0103 refugiu dintr-o lume ostil\u0103.\nlume. <\/p>\n\n\n\n<p> \"Numele revistei se referea la mo\u0219tenirea genera\u021biilor; pr\u0103fuit\u0103, abandonat\u0103 undeva \u00eentr-un pod, \u0219i f\u0103r\u0103 de care viziunea comunit\u0103\u021bii ar fi totu\u0219i una incomplet\u0103. Pentru unii, a fost o ocazie de a se \u00eent\u00e2lni cu arta, pentru al\u021bii, un g\u00e2nd nou, o idee. Mansarda Cultural\u0103 nu este, a\u0219adar, doar numele unei reviste literare \u0219i artistice, ci \u0219i un loc de \u00eent\u00e2lnire pentru un grup de prieteni care creeaz\u0103 un circuit cultural independent. Este o mansard\u0103 adaptat\u0103 a unei case unifamiliale, plin\u0103 de lucr\u0103ri de arti\u0219ti, tablouri \u0219i c\u0103r\u021bi, de unde se puteau vedea dealurile din jur. \u00cen fa\u021ba casei, o livad\u0103 veche de meri \u00eentin\u0219i de c\u00e2teva zeci de ani, cu o paji\u0219te multifloral\u0103 necosit\u0103. Mult\u0103 verdea\u021b\u0103 peste tot. Din perspectiva mansardei (\"loft\"), am privit lumea din jurul nostru, f\u0103r\u0103 a uita de existen\u021ba \"subteranului\". A\u0219a c\u0103 tr\u0103iam o via\u021b\u0103 oarecum dualist\u0103: munceam, ne ocupam de treburile cotidiene conform regulilor comuniste, dar al\u0103turi spiritual - ceva mult mai important\", scrie Marek Kuchci\u0144ski, gazda mansardei \u0219i unul dintre redactorii \"Strych\", \u00een introducerea la reeditare. (\"SK\" a mai fost editat de Jan Musia\u0142, Mirek Koco\u0142, apoi de Mariusz Ko\u015bciuk). <\/p>\n\n\n\n<p>Profesorul Jaros\u0142aw Piekalkiewicz, de exemplu, nu se teme de compara\u021bii \u00eendr\u0103zne\u021be: \"Mansarda a fost mai important\u0103 dec\u00e2t pare la prima vedere. Atmosfera acestor adun\u0103ri mi-a amintit de adun\u0103rile mele din armata de cas\u0103. \u00cen pod, ca \u0219i \u00een AK, ne sim\u021beam liberi. Desigur, \u00een timpul r\u0103zboiului am riscat mult mai mult, din cauza torturii \u0219i a mor\u021bii, dar pentru noi, ca \u0219i pentru membrii mansardei, \"Polonia nu este \u00eenc\u0103 moart\u0103, at\u00e2ta timp c\u00e2t noi suntem \u00een via\u021b\u0103\". Membrii mansardei riscau s\u0103 fie h\u0103r\u021bui\u021bi de autorit\u0103\u021bi, de comuni\u0219ti, poate chiar aresta\u021bi \u0219i, cu siguran\u021b\u0103, s\u0103 aib\u0103 dificult\u0103\u021bi \u00een carier\u0103. La fel ca \u0219i noi ceilal\u021bi din Armata Na\u021bional\u0103, ei erau o minoritate, deoarece majoritatea polonezilor considerau c\u0103 era necesar s\u0103 tr\u0103iasc\u0103.\"<\/p>\n\n\n\n<p>Ast\u0103zi, nu numai istorici eminen\u021bi, ci \u0219i intelectuali \u0219i filosofi pot fi \u00eentreba\u021bi despre istoria Aticului. Roger Scruton, autor a peste 30 de c\u0103r\u021bi, este unul dintre ace\u0219tia.<\/p>\n\n\n\n<p>\"\u00cen anii 1980, perioada Solidarit\u0103\u021bii era deja o amintire, iar legea mar\u021bial\u0103 a redus Polonia la un fel de t\u0103cere somnambulic\u0103. Am c\u0103l\u0103torit \u00een c\u0103utarea unor grupuri mici de oameni care doreau s\u0103 discute, s\u0103 \u00eenve\u021be, s\u0103 pun\u0103 \u00eentreb\u0103ri \u0219i s\u0103 recupereze m\u0103car o parte din via\u021ba intelectual\u0103 care a \u00eenflorit c\u00e2ndva \u00een Polonia\". - \u00ee\u0219i aminte\u0219te Scruton, care la Przemy\u015bl a dat peste un cerc de persoane asociate cu \"Strysz Cultural\". \"Se \u00eent\u00e2lneau, nu ca prietenii no\u0219tri din Cehia, \u00een vreun subsol sau \u00een vreo camer\u0103 de cazane din subteran, ci pe acoperi\u0219ul cl\u0103dirilor, ca \u0219i cum nu le-ar fi p\u0103sat cine \u00eei putea vedea. Grupul lor de discu\u021bii a fost descris ca fiind o mansard\u0103, un loc sub acoperi\u0219, iar c\u00e2nd i-am \u00eent\u00e2lnit m-am trezit \u00eentr-o societate deschis\u0103 de oameni normali, mic-burghezi, care erau hot\u0103r\u00e2\u021bi s\u0103 tr\u0103iasc\u0103, s\u0103 picteze, s\u0103 scrie \u0219i s\u0103 discute, ca \u0219i cum partidul nu ar fi fost nimic mai mult dec\u00e2t un flux de ap\u0103 murdar\u0103 care curge \u00een canalizarea de dedesubt. \u00cen fruntea lor se afla Marek Kuchcinski, un fost student la istoria artei care a tr\u0103it \u00een afara sistemului \u0219i care credea cu ardoare \u00een cultur\u0103 ca eliberare a spiritului \u0219i sfidare a ordinii totalitare. Scriitori, pictori, profesori se adunau \u00een jurul lui \u0219i datorit\u0103 lui am putut organiza o serie de vizite ale intelectualilor occidentali pentru a discuta cele mai importante probleme ale zilei \u00een aceste mansarde\", poveste\u0219te Roger Scruton.<\/p>\n\n\n\n<p>Este dificil de afirmat f\u0103r\u0103 echivoc ce a fost \"Mansarda cultural\u0103\" \u0219i ce impact a avut asupra\ncon\u0219tiin\u021ba multor oameni a fost \"podul cultural\". Profesorul Krzysztof\nDybciak, istoric \u0219i teoretician al literaturii, eseist \u0219i autor de poezii, \u00ee\u0219i aminte\u0219te de\nevenimente culturale, denumite uneori \"Strychowy Spotkania\" \u0219i<\/p>\n\n\n\n<p>numere de reviste: \"Erau fenomene originale pe harta culturii independente care existau \u00een afara structurilor statului comunist. Una dintre tr\u0103s\u0103turile neobi\u0219nuite a fost fenomenul de atragere a contribuitorilor nu numai din Polonia. La acea vreme, era cu adev\u0103rat excep\u021bional ca at\u00e2t de mul\u021bi arti\u0219ti \u0219i intelectuali britanici s\u0103 concerteze \u00eentr-un ora\u0219 mic (dup\u0103 standardele europene), chiar la grani\u021ba cu Imperiul R\u0103ului. Iar Przemy\u015bl a fost gazda unui num\u0103r nu mic de arti\u0219ti; profesorii Mark Lilla \u0219i Roger Scruton sunt figuri importante \u00een domeniul \u0219tiin\u021belor umaniste din lume. Cu toate acestea, cuno\u0219tin\u021bele despre un fenomen at\u00e2t de valoros al culturii libere din anii 1980 sunt pu\u021bine.\" <\/p>\n\n\n\n<p>Acest gol \u00een memoria colectiv\u0103 va fi umplut de o reeditare publicat\u0103 \u00een colaborare cu Institutul Memoriei Na\u021bionale. Are 450 de pagini \u0219i con\u021bine 6 \"mansarde culturale\" din anii 1980 \u0219i 1990 \u0219i una care nu a fost publicat\u0103 niciodat\u0103.<\/p>\n\n\n\n<p><em>Marta Olejnik<\/em><\/p>\n\n\n\n<figure class=\"wp-block-image\"><img fetchpriority=\"high\" decoding=\"async\" width=\"1024\" height=\"695\" src=\"https:\/\/marekkuchcinski.pl\/wp-content\/uploads\/2019\/05\/MK-strych-1024x695.jpg\" alt=\"\" class=\"wp-image-15788\" srcset=\"https:\/\/marekkuchcinski.pl\/wp-content\/uploads\/2019\/05\/MK-strych-1024x695.jpg 1024w, https:\/\/marekkuchcinski.pl\/wp-content\/uploads\/2019\/05\/MK-strych-300x204.jpg 300w, https:\/\/marekkuchcinski.pl\/wp-content\/uploads\/2019\/05\/MK-strych-768x521.jpg 768w, https:\/\/marekkuchcinski.pl\/wp-content\/uploads\/2019\/05\/MK-strych.jpg 1391w\" sizes=\"(max-width: 1024px) 100vw, 1024px\" \/><figcaption><em>Marek Kuchcinski peste matrice, 1988 <\/em><\/figcaption><\/figure>\n\n\n\n<p><\/p>","protected":false},"excerpt":{"rendered":"<p>\u201eStrych Kulturalny&#8221; doczeka\u0142 si\u0119 reprintu, kt\u00f3rego premiera odb\u0119dzie si\u0119 w niedziel\u0119, 2 czerwca w Muzeum Narodowym Ziemi Przemyskiej. To wydarzenie szczeg\u00f3lne, silnie splecione z uroczysto\u015bciami rocznicowymi zwi\u0105zanymi z wyborami czerwcowymi &#8217;89. Strych kojarzy si\u0119 z miejscem tajemniczym, nieco ukrytym przed przypadkowym go\u015bciem. Jednocze\u015bnie budzi zaciekawienie tym, co skrywa, jest obietnic\u0105 czego\u015b zakazanego, oaz\u0105 rzeczy, my\u015bli, [&hellip;]<\/p>","protected":false},"author":6,"featured_media":15788,"comment_status":"open","ping_status":"open","sticky":false,"template":"","format":"standard","meta":{"ngg_post_thumbnail":0,"footnotes":""},"categories":[49,77,3],"tags":[],"class_list":["post-15787","post","type-post","status-publish","format-standard","has-post-thumbnail","hentry","category-podkarpacie","category-wazne-daty","category-wydarzenia"],"yoast_head":"<!-- This site is optimized with the Yoast SEO plugin v24.7 - https:\/\/yoast.com\/wordpress\/plugins\/seo\/ -->\n<title>Premiera reprintu \u201eStrychu Kulturalnego&quot; - podziemnego pisma pod redakcj\u0105 Marka Kuchci\u0144skiego &#8211; Marek Kuchci\u0144ski<\/title>\n<meta name=\"robots\" content=\"index, follow, max-snippet:-1, max-image-preview:large, max-video-preview:-1\" \/>\n<link rel=\"canonical\" href=\"https:\/\/marekkuchcinski.pl\/ro\/wydarzenia\/premiera-reprintu-strychu-kulturalnego-podziemnego-pisma-pod-redakcja-marka-kuchcinskiego\/\" \/>\n<meta property=\"og:locale\" content=\"ro_RO\" \/>\n<meta property=\"og:type\" content=\"article\" \/>\n<meta property=\"og:title\" content=\"Premiera reprintu \u201eStrychu Kulturalnego&quot; - podziemnego pisma pod redakcj\u0105 Marka Kuchci\u0144skiego &#8211; Marek Kuchci\u0144ski\" \/>\n<meta property=\"og:description\" content=\"\u201eStrych Kulturalny&#8221; doczeka\u0142 si\u0119 reprintu, kt\u00f3rego premiera odb\u0119dzie si\u0119 w niedziel\u0119, 2 czerwca w Muzeum Narodowym Ziemi Przemyskiej. To wydarzenie szczeg\u00f3lne, silnie splecione z uroczysto\u015bciami rocznicowymi zwi\u0105zanymi z wyborami czerwcowymi &#8217;89. Strych kojarzy si\u0119 z miejscem tajemniczym, nieco ukrytym przed przypadkowym go\u015bciem. Jednocze\u015bnie budzi zaciekawienie tym, co skrywa, jest obietnic\u0105 czego\u015b zakazanego, oaz\u0105 rzeczy, my\u015bli, [&hellip;]\" \/>\n<meta property=\"og:url\" content=\"https:\/\/marekkuchcinski.pl\/ro\/wydarzenia\/premiera-reprintu-strychu-kulturalnego-podziemnego-pisma-pod-redakcja-marka-kuchcinskiego\/\" \/>\n<meta property=\"og:site_name\" content=\"Marek Kuchci\u0144ski\" \/>\n<meta property=\"article:published_time\" content=\"2019-05-31T09:18:03+00:00\" \/>\n<meta property=\"article:modified_time\" content=\"2019-05-31T22:30:23+00:00\" \/>\n<meta property=\"og:image\" content=\"https:\/\/marekkuchcinski.pl\/wp-content\/uploads\/2019\/05\/MK-strych.jpg\" \/>\n\t<meta property=\"og:image:width\" content=\"1391\" \/>\n\t<meta property=\"og:image:height\" content=\"944\" \/>\n\t<meta property=\"og:image:type\" content=\"image\/jpeg\" \/>\n<meta name=\"author\" content=\"admin\" \/>\n<meta name=\"twitter:card\" content=\"summary_large_image\" \/>\n<meta name=\"twitter:label1\" content=\"Scris de\" \/>\n\t<meta name=\"twitter:data1\" content=\"admin\" \/>\n\t<meta name=\"twitter:label2\" content=\"Timp estimat pentru citire\" \/>\n\t<meta name=\"twitter:data2\" content=\"4 minutes\" \/>\n<script type=\"application\/ld+json\" class=\"yoast-schema-graph\">{\"@context\":\"https:\/\/schema.org\",\"@graph\":[{\"@type\":\"Article\",\"@id\":\"https:\/\/marekkuchcinski.pl\/sk\/wydarzenia\/premiera-reprintu-strychu-kulturalnego-podziemnego-pisma-pod-redakcja-marka-kuchcinskiego\/#article\",\"isPartOf\":{\"@id\":\"https:\/\/marekkuchcinski.pl\/sk\/wydarzenia\/premiera-reprintu-strychu-kulturalnego-podziemnego-pisma-pod-redakcja-marka-kuchcinskiego\/\"},\"author\":{\"name\":\"admin\",\"@id\":\"https:\/\/marekkuchcinski.pl\/#\/schema\/person\/6f62700996b4d950b6ea2d1183b6c6be\"},\"headline\":\"Premiera reprintu \u201eStrychu Kulturalnego&#8221; &#8211; podziemnego pisma pod redakcj\u0105 Marka Kuchci\u0144skiego\",\"datePublished\":\"2019-05-31T09:18:03+00:00\",\"dateModified\":\"2019-05-31T22:30:23+00:00\",\"mainEntityOfPage\":{\"@id\":\"https:\/\/marekkuchcinski.pl\/sk\/wydarzenia\/premiera-reprintu-strychu-kulturalnego-podziemnego-pisma-pod-redakcja-marka-kuchcinskiego\/\"},\"wordCount\":868,\"commentCount\":0,\"publisher\":{\"@id\":\"https:\/\/marekkuchcinski.pl\/#organization\"},\"image\":{\"@id\":\"https:\/\/marekkuchcinski.pl\/sk\/wydarzenia\/premiera-reprintu-strychu-kulturalnego-podziemnego-pisma-pod-redakcja-marka-kuchcinskiego\/#primaryimage\"},\"thumbnailUrl\":\"https:\/\/marekkuchcinski.pl\/wp-content\/uploads\/2019\/05\/MK-strych.jpg\",\"articleSection\":[\"Podkarpacie\",\"Wa\u017cne daty\",\"Wydarzenia\"],\"inLanguage\":\"ro-RO\",\"potentialAction\":[{\"@type\":\"CommentAction\",\"name\":\"Comment\",\"target\":[\"https:\/\/marekkuchcinski.pl\/sk\/wydarzenia\/premiera-reprintu-strychu-kulturalnego-podziemnego-pisma-pod-redakcja-marka-kuchcinskiego\/#respond\"]}]},{\"@type\":\"WebPage\",\"@id\":\"https:\/\/marekkuchcinski.pl\/sk\/wydarzenia\/premiera-reprintu-strychu-kulturalnego-podziemnego-pisma-pod-redakcja-marka-kuchcinskiego\/\",\"url\":\"https:\/\/marekkuchcinski.pl\/sk\/wydarzenia\/premiera-reprintu-strychu-kulturalnego-podziemnego-pisma-pod-redakcja-marka-kuchcinskiego\/\",\"name\":\"Premiera reprintu \u201eStrychu Kulturalnego\\\" - podziemnego pisma pod redakcj\u0105 Marka Kuchci\u0144skiego &#8211; Marek Kuchci\u0144ski\",\"isPartOf\":{\"@id\":\"https:\/\/marekkuchcinski.pl\/#website\"},\"primaryImageOfPage\":{\"@id\":\"https:\/\/marekkuchcinski.pl\/sk\/wydarzenia\/premiera-reprintu-strychu-kulturalnego-podziemnego-pisma-pod-redakcja-marka-kuchcinskiego\/#primaryimage\"},\"image\":{\"@id\":\"https:\/\/marekkuchcinski.pl\/sk\/wydarzenia\/premiera-reprintu-strychu-kulturalnego-podziemnego-pisma-pod-redakcja-marka-kuchcinskiego\/#primaryimage\"},\"thumbnailUrl\":\"https:\/\/marekkuchcinski.pl\/wp-content\/uploads\/2019\/05\/MK-strych.jpg\",\"datePublished\":\"2019-05-31T09:18:03+00:00\",\"dateModified\":\"2019-05-31T22:30:23+00:00\",\"breadcrumb\":{\"@id\":\"https:\/\/marekkuchcinski.pl\/sk\/wydarzenia\/premiera-reprintu-strychu-kulturalnego-podziemnego-pisma-pod-redakcja-marka-kuchcinskiego\/#breadcrumb\"},\"inLanguage\":\"ro-RO\",\"potentialAction\":[{\"@type\":\"ReadAction\",\"target\":[\"https:\/\/marekkuchcinski.pl\/sk\/wydarzenia\/premiera-reprintu-strychu-kulturalnego-podziemnego-pisma-pod-redakcja-marka-kuchcinskiego\/\"]}]},{\"@type\":\"ImageObject\",\"inLanguage\":\"ro-RO\",\"@id\":\"https:\/\/marekkuchcinski.pl\/sk\/wydarzenia\/premiera-reprintu-strychu-kulturalnego-podziemnego-pisma-pod-redakcja-marka-kuchcinskiego\/#primaryimage\",\"url\":\"https:\/\/marekkuchcinski.pl\/wp-content\/uploads\/2019\/05\/MK-strych.jpg\",\"contentUrl\":\"https:\/\/marekkuchcinski.pl\/wp-content\/uploads\/2019\/05\/MK-strych.jpg\",\"width\":1391,\"height\":944},{\"@type\":\"BreadcrumbList\",\"@id\":\"https:\/\/marekkuchcinski.pl\/sk\/wydarzenia\/premiera-reprintu-strychu-kulturalnego-podziemnego-pisma-pod-redakcja-marka-kuchcinskiego\/#breadcrumb\",\"itemListElement\":[{\"@type\":\"ListItem\",\"position\":1,\"name\":\"Strona g\u0142\u00f3wna\",\"item\":\"https:\/\/marekkuchcinski.pl\/\"},{\"@type\":\"ListItem\",\"position\":2,\"name\":\"Premiera reprintu \u201eStrychu Kulturalnego&#8221; &#8211; podziemnego pisma pod redakcj\u0105 Marka Kuchci\u0144skiego\"}]},{\"@type\":\"WebSite\",\"@id\":\"https:\/\/marekkuchcinski.pl\/#website\",\"url\":\"https:\/\/marekkuchcinski.pl\/\",\"name\":\"Marek Kuchci\u0144ski\",\"description\":\"Pose\u0142 na sejm RP &ndash; okr\u0119g nr 22\",\"publisher\":{\"@id\":\"https:\/\/marekkuchcinski.pl\/#organization\"},\"potentialAction\":[{\"@type\":\"SearchAction\",\"target\":{\"@type\":\"EntryPoint\",\"urlTemplate\":\"https:\/\/marekkuchcinski.pl\/?s={search_term_string}\"},\"query-input\":{\"@type\":\"PropertyValueSpecification\",\"valueRequired\":true,\"valueName\":\"search_term_string\"}}],\"inLanguage\":\"ro-RO\"},{\"@type\":\"Organization\",\"@id\":\"https:\/\/marekkuchcinski.pl\/#organization\",\"name\":\"Marek Kuchci\u0144ski\",\"url\":\"https:\/\/marekkuchcinski.pl\/\",\"logo\":{\"@type\":\"ImageObject\",\"inLanguage\":\"ro-RO\",\"@id\":\"https:\/\/marekkuchcinski.pl\/#\/schema\/logo\/image\/\",\"url\":\"https:\/\/marekkuchcinski.pl\/wp-content\/uploads\/2022\/09\/Marek.jpg\",\"contentUrl\":\"https:\/\/marekkuchcinski.pl\/wp-content\/uploads\/2022\/09\/Marek.jpg\",\"width\":1600,\"height\":971,\"caption\":\"Marek Kuchci\u0144ski\"},\"image\":{\"@id\":\"https:\/\/marekkuchcinski.pl\/#\/schema\/logo\/image\/\"}},{\"@type\":\"Person\",\"@id\":\"https:\/\/marekkuchcinski.pl\/#\/schema\/person\/6f62700996b4d950b6ea2d1183b6c6be\",\"name\":\"admin\",\"image\":{\"@type\":\"ImageObject\",\"inLanguage\":\"ro-RO\",\"@id\":\"https:\/\/marekkuchcinski.pl\/#\/schema\/person\/image\/\",\"url\":\"https:\/\/secure.gravatar.com\/avatar\/4bab693b9d55c3d6b52c0296a8765085?s=96&d=mm&r=g\",\"contentUrl\":\"https:\/\/secure.gravatar.com\/avatar\/4bab693b9d55c3d6b52c0296a8765085?s=96&d=mm&r=g\",\"caption\":\"admin\"},\"url\":\"https:\/\/marekkuchcinski.pl\/ro\/author\/marta-olejnik\/\"}]}<\/script>\n<!-- \/ Yoast SEO plugin. -->","yoast_head_json":{"title":"Premiera reprintu \u201eStrychu Kulturalnego\" - podziemnego pisma pod redakcj\u0105 Marka Kuchci\u0144skiego &#8211; Marek Kuchci\u0144ski","robots":{"index":"index","follow":"follow","max-snippet":"max-snippet:-1","max-image-preview":"max-image-preview:large","max-video-preview":"max-video-preview:-1"},"canonical":"https:\/\/marekkuchcinski.pl\/ro\/wydarzenia\/premiera-reprintu-strychu-kulturalnego-podziemnego-pisma-pod-redakcja-marka-kuchcinskiego\/","og_locale":"ro_RO","og_type":"article","og_title":"Premiera reprintu \u201eStrychu Kulturalnego\" - podziemnego pisma pod redakcj\u0105 Marka Kuchci\u0144skiego &#8211; Marek Kuchci\u0144ski","og_description":"\u201eStrych Kulturalny&#8221; doczeka\u0142 si\u0119 reprintu, kt\u00f3rego premiera odb\u0119dzie si\u0119 w niedziel\u0119, 2 czerwca w Muzeum Narodowym Ziemi Przemyskiej. To wydarzenie szczeg\u00f3lne, silnie splecione z uroczysto\u015bciami rocznicowymi zwi\u0105zanymi z wyborami czerwcowymi &#8217;89. Strych kojarzy si\u0119 z miejscem tajemniczym, nieco ukrytym przed przypadkowym go\u015bciem. Jednocze\u015bnie budzi zaciekawienie tym, co skrywa, jest obietnic\u0105 czego\u015b zakazanego, oaz\u0105 rzeczy, my\u015bli, [&hellip;]","og_url":"https:\/\/marekkuchcinski.pl\/ro\/wydarzenia\/premiera-reprintu-strychu-kulturalnego-podziemnego-pisma-pod-redakcja-marka-kuchcinskiego\/","og_site_name":"Marek Kuchci\u0144ski","article_published_time":"2019-05-31T09:18:03+00:00","article_modified_time":"2019-05-31T22:30:23+00:00","og_image":[{"width":1391,"height":944,"url":"https:\/\/marekkuchcinski.pl\/wp-content\/uploads\/2019\/05\/MK-strych.jpg","type":"image\/jpeg"}],"author":"admin","twitter_card":"summary_large_image","twitter_misc":{"Scris de":"admin","Timp estimat pentru citire":"4 minutes"},"schema":{"@context":"https:\/\/schema.org","@graph":[{"@type":"Article","@id":"https:\/\/marekkuchcinski.pl\/sk\/wydarzenia\/premiera-reprintu-strychu-kulturalnego-podziemnego-pisma-pod-redakcja-marka-kuchcinskiego\/#article","isPartOf":{"@id":"https:\/\/marekkuchcinski.pl\/sk\/wydarzenia\/premiera-reprintu-strychu-kulturalnego-podziemnego-pisma-pod-redakcja-marka-kuchcinskiego\/"},"author":{"name":"admin","@id":"https:\/\/marekkuchcinski.pl\/#\/schema\/person\/6f62700996b4d950b6ea2d1183b6c6be"},"headline":"Premiera reprintu \u201eStrychu Kulturalnego&#8221; &#8211; podziemnego pisma pod redakcj\u0105 Marka Kuchci\u0144skiego","datePublished":"2019-05-31T09:18:03+00:00","dateModified":"2019-05-31T22:30:23+00:00","mainEntityOfPage":{"@id":"https:\/\/marekkuchcinski.pl\/sk\/wydarzenia\/premiera-reprintu-strychu-kulturalnego-podziemnego-pisma-pod-redakcja-marka-kuchcinskiego\/"},"wordCount":868,"commentCount":0,"publisher":{"@id":"https:\/\/marekkuchcinski.pl\/#organization"},"image":{"@id":"https:\/\/marekkuchcinski.pl\/sk\/wydarzenia\/premiera-reprintu-strychu-kulturalnego-podziemnego-pisma-pod-redakcja-marka-kuchcinskiego\/#primaryimage"},"thumbnailUrl":"https:\/\/marekkuchcinski.pl\/wp-content\/uploads\/2019\/05\/MK-strych.jpg","articleSection":["Podkarpacie","Wa\u017cne daty","Wydarzenia"],"inLanguage":"ro-RO","potentialAction":[{"@type":"CommentAction","name":"Comment","target":["https:\/\/marekkuchcinski.pl\/sk\/wydarzenia\/premiera-reprintu-strychu-kulturalnego-podziemnego-pisma-pod-redakcja-marka-kuchcinskiego\/#respond"]}]},{"@type":"WebPage","@id":"https:\/\/marekkuchcinski.pl\/sk\/wydarzenia\/premiera-reprintu-strychu-kulturalnego-podziemnego-pisma-pod-redakcja-marka-kuchcinskiego\/","url":"https:\/\/marekkuchcinski.pl\/sk\/wydarzenia\/premiera-reprintu-strychu-kulturalnego-podziemnego-pisma-pod-redakcja-marka-kuchcinskiego\/","name":"Premiera reprintu \u201eStrychu Kulturalnego\" - podziemnego pisma pod redakcj\u0105 Marka Kuchci\u0144skiego &#8211; Marek Kuchci\u0144ski","isPartOf":{"@id":"https:\/\/marekkuchcinski.pl\/#website"},"primaryImageOfPage":{"@id":"https:\/\/marekkuchcinski.pl\/sk\/wydarzenia\/premiera-reprintu-strychu-kulturalnego-podziemnego-pisma-pod-redakcja-marka-kuchcinskiego\/#primaryimage"},"image":{"@id":"https:\/\/marekkuchcinski.pl\/sk\/wydarzenia\/premiera-reprintu-strychu-kulturalnego-podziemnego-pisma-pod-redakcja-marka-kuchcinskiego\/#primaryimage"},"thumbnailUrl":"https:\/\/marekkuchcinski.pl\/wp-content\/uploads\/2019\/05\/MK-strych.jpg","datePublished":"2019-05-31T09:18:03+00:00","dateModified":"2019-05-31T22:30:23+00:00","breadcrumb":{"@id":"https:\/\/marekkuchcinski.pl\/sk\/wydarzenia\/premiera-reprintu-strychu-kulturalnego-podziemnego-pisma-pod-redakcja-marka-kuchcinskiego\/#breadcrumb"},"inLanguage":"ro-RO","potentialAction":[{"@type":"ReadAction","target":["https:\/\/marekkuchcinski.pl\/sk\/wydarzenia\/premiera-reprintu-strychu-kulturalnego-podziemnego-pisma-pod-redakcja-marka-kuchcinskiego\/"]}]},{"@type":"ImageObject","inLanguage":"ro-RO","@id":"https:\/\/marekkuchcinski.pl\/sk\/wydarzenia\/premiera-reprintu-strychu-kulturalnego-podziemnego-pisma-pod-redakcja-marka-kuchcinskiego\/#primaryimage","url":"https:\/\/marekkuchcinski.pl\/wp-content\/uploads\/2019\/05\/MK-strych.jpg","contentUrl":"https:\/\/marekkuchcinski.pl\/wp-content\/uploads\/2019\/05\/MK-strych.jpg","width":1391,"height":944},{"@type":"BreadcrumbList","@id":"https:\/\/marekkuchcinski.pl\/sk\/wydarzenia\/premiera-reprintu-strychu-kulturalnego-podziemnego-pisma-pod-redakcja-marka-kuchcinskiego\/#breadcrumb","itemListElement":[{"@type":"ListItem","position":1,"name":"Strona g\u0142\u00f3wna","item":"https:\/\/marekkuchcinski.pl\/"},{"@type":"ListItem","position":2,"name":"Premiera reprintu \u201eStrychu Kulturalnego&#8221; &#8211; podziemnego pisma pod redakcj\u0105 Marka Kuchci\u0144skiego"}]},{"@type":"WebSite","@id":"https:\/\/marekkuchcinski.pl\/#website","url":"https:\/\/marekkuchcinski.pl\/","name":"Marek Kuchci\u0144ski","description":"Pose\u0142 na sejm RP &ndash; okr\u0119g nr 22","publisher":{"@id":"https:\/\/marekkuchcinski.pl\/#organization"},"potentialAction":[{"@type":"SearchAction","target":{"@type":"EntryPoint","urlTemplate":"https:\/\/marekkuchcinski.pl\/?s={search_term_string}"},"query-input":{"@type":"PropertyValueSpecification","valueRequired":true,"valueName":"search_term_string"}}],"inLanguage":"ro-RO"},{"@type":"Organization","@id":"https:\/\/marekkuchcinski.pl\/#organization","name":"Marek Kuchci\u0144ski","url":"https:\/\/marekkuchcinski.pl\/","logo":{"@type":"ImageObject","inLanguage":"ro-RO","@id":"https:\/\/marekkuchcinski.pl\/#\/schema\/logo\/image\/","url":"https:\/\/marekkuchcinski.pl\/wp-content\/uploads\/2022\/09\/Marek.jpg","contentUrl":"https:\/\/marekkuchcinski.pl\/wp-content\/uploads\/2022\/09\/Marek.jpg","width":1600,"height":971,"caption":"Marek Kuchci\u0144ski"},"image":{"@id":"https:\/\/marekkuchcinski.pl\/#\/schema\/logo\/image\/"}},{"@type":"Person","@id":"https:\/\/marekkuchcinski.pl\/#\/schema\/person\/6f62700996b4d950b6ea2d1183b6c6be","name":"admin","image":{"@type":"ImageObject","inLanguage":"ro-RO","@id":"https:\/\/marekkuchcinski.pl\/#\/schema\/person\/image\/","url":"https:\/\/secure.gravatar.com\/avatar\/4bab693b9d55c3d6b52c0296a8765085?s=96&d=mm&r=g","contentUrl":"https:\/\/secure.gravatar.com\/avatar\/4bab693b9d55c3d6b52c0296a8765085?s=96&d=mm&r=g","caption":"admin"},"url":"https:\/\/marekkuchcinski.pl\/ro\/author\/marta-olejnik\/"}]}},"_links":{"self":[{"href":"https:\/\/marekkuchcinski.pl\/ro\/wp-json\/wp\/v2\/posts\/15787","targetHints":{"allow":["GET"]}}],"collection":[{"href":"https:\/\/marekkuchcinski.pl\/ro\/wp-json\/wp\/v2\/posts"}],"about":[{"href":"https:\/\/marekkuchcinski.pl\/ro\/wp-json\/wp\/v2\/types\/post"}],"author":[{"embeddable":true,"href":"https:\/\/marekkuchcinski.pl\/ro\/wp-json\/wp\/v2\/users\/6"}],"replies":[{"embeddable":true,"href":"https:\/\/marekkuchcinski.pl\/ro\/wp-json\/wp\/v2\/comments?post=15787"}],"version-history":[{"count":10,"href":"https:\/\/marekkuchcinski.pl\/ro\/wp-json\/wp\/v2\/posts\/15787\/revisions"}],"predecessor-version":[{"id":15844,"href":"https:\/\/marekkuchcinski.pl\/ro\/wp-json\/wp\/v2\/posts\/15787\/revisions\/15844"}],"wp:featuredmedia":[{"embeddable":true,"href":"https:\/\/marekkuchcinski.pl\/ro\/wp-json\/wp\/v2\/media\/15788"}],"wp:attachment":[{"href":"https:\/\/marekkuchcinski.pl\/ro\/wp-json\/wp\/v2\/media?parent=15787"}],"wp:term":[{"taxonomy":"category","embeddable":true,"href":"https:\/\/marekkuchcinski.pl\/ro\/wp-json\/wp\/v2\/categories?post=15787"},{"taxonomy":"post_tag","embeddable":true,"href":"https:\/\/marekkuchcinski.pl\/ro\/wp-json\/wp\/v2\/tags?post=15787"}],"curies":[{"name":"wp","href":"https:\/\/api.w.org\/{rel}","templated":true}]}}