{"id":15694,"date":"2019-05-28T16:29:39","date_gmt":"2019-05-28T14:29:39","guid":{"rendered":"https:\/\/marekkuchcinski.pl\/?p=15694"},"modified":"2019-05-29T09:19:41","modified_gmt":"2019-05-29T07:19:41","slug":"15694","status":"publish","type":"post","link":"https:\/\/marekkuchcinski.pl\/ro\/wydarzenia\/15694\/","title":{"rendered":"IPN acord\u0103 distinc\u021bii de \"Custode al Memoriei Na\u021bionale\""},"content":{"rendered":"<p>Vai de na\u021biunea care nu se \u00eengrije\u0219te s\u0103 p\u0103streze monumentele trecutului, ea \u00ee\u0219i scrie singur\u0103 o sentin\u021b\u0103 de os\u00e2nd\u0103!\", sunt cuvintele Sf\u00e2ntului Rafael Kalinowski, insurgentul revoltatului din ianuarie, care inspir\u0103 ideea premiului acordat de Institutul Memoriei Na\u021bionale. <\/p>\n\n\n\n<p>Acest lucru se datoreaz\u0103 faptului c\u0103 titlul de Custode al Amintirilor este acordat persoanelor care se dedic\u0103 Poloniei - cultiv\u00e2ndu-i tradi\u021biile, istoria, protej\u00e2nd de uitare patrimoniul na\u021bional al unei \u021b\u0103ri care a suferit parti\u021bii, r\u0103zboaie \u0219i ocupa\u021bii. <\/p>\n\n\n\n<p>Pre\u0219edintele Sejm-ului, Marek Kuchci\u0144ski, a luat parte la o ceremonie\nla Castelul Regal, \u00een timpul c\u0103reia, pentru a 18-a oar\u0103, \"Kustosz\nCustode al Memoriei Na\u021bionale\" a fost acordat pentru a 18-a oar\u0103. Laurea\u021bii din acest an sunt: Prof. Wanda P\u00f3\u0142tawska, Janusz\nHoroszkiewicz, Marek Strok, Societatea polonez\u0103 pentru \u00eengrijirea mormintelor militare\ndin Lviv, \u0219i - postum - Ryszard Kaczorowski.<\/p>\n\n\n\n<p>- Secolul XX a vrut s\u0103 ne condamne la moarte, s\u0103 ne fac\u0103 un\no na\u021biune de renega\u021bi. Dar noi nu am devenit ei, pentru c\u0103 \u00eentotdeauna au existat cei care\nla astfel de planuri: nu. Iar ast\u0103zi astfel de oameni sunt p\u0103str\u0103torii memoriei na\u021bionale\", a declarat\na declarat \u0219eful Institutului de Memorie Na\u021bional\u0103 (IPN), Jaros\u0142aw Szarek, care a \u00eenm\u00e2nat premiile.\npremii, <\/p>\n\n\n\n<p><strong>Wanda P\u00f3\u0142tawska<\/strong> este psihiatru, \u00een timpul r\u0103zboiului a fost prizonier\u0103 \u00een lag\u0103rul de concentrare nazist german de la Ravensbrueck (\u00een noiembrie 1941, c\u00e2nd avea 20 de ani, a fost condamnat\u0103 la moarte acolo, unde a fost supus\u0103 unor experimente pseudo-medicale), iar dup\u0103 r\u0103zboi s-a \u00eemprietenit cu Karol Wojtyla - din 1978, Papa Ioan Paul al II-lea. <\/p>\n\n\n\n<p>Aruncat\u0103 \u00een timpul ocupa\u021biei germane din lumea \u00eenconjur\u0103toare a iubirii \u0219i prieteniei \u00een atmosfera cruzimii din \u00eenchisoarea Gestapo \u0219i a mahmurelii naziste, nu a sim\u021bit ur\u0103, ci o imens\u0103 uimire: cum este posibil ca omul s\u0103 aplice omului o astfel de suferin\u021b\u0103 omului Identitatea omului este dat\u0103 de r\u0103d\u0103cini \u0219i doar atunci c\u00e2nd ai r\u0103d\u0103cini cre\u0219ti, f\u0103r\u0103 r\u0103d\u0103cini cazi\", a scris IPN.<\/p>\n\n\n\n<p><strong>Janusz Horoszkiewicz<\/strong>  Cu banii \u0219i m\u00e2inile sale, a ridicat peste 40 de cruci \u00een memoria polonezilor uci\u0219i \u00een Volhynia. Pe l\u00e2ng\u0103 aceste cruci, datorit\u0103 eforturilor lui Janusz Horoszkiewicz, au fost dezvelite numeroase pl\u0103ci \u00een locurile memoriale poloneze, \u00een memoria victimelor genocidului din 1943. De remarcat \u00een mod special placa dezvelit\u0103 \u00een biserica ortodox\u0103 din satul Butejki, \u00een memoria lui Petr Bazeluk - un justi\u021biar ucrainean care \u0219i-a riscat propria via\u021b\u0103 pentru a-i salva pe vecinul s\u0103u polonez Mieczys\u0142aw S\u0142ojewski \u0219i pe fiul s\u0103u Edward de la moarte \u00een m\u00e2inile Armatei Insurgente Ucrainene.<\/p>\n\n\n\n<p>IPN subliniaz\u0103 c\u0103 acesta este \"un gardian ferm al poporului polonez\".\nmo\u0219tenire \u00een Volhynia, un avocat \u0219i predicator al reconcilierii \u00een adev\u0103rul na\u021biunilor polonez\u0103 \u0219i ucrainean\u0103\".\nNa\u021biunile polonez\u0103 \u0219i ucrainean\u0103\".<\/p>\n\n\n\n<p><strong>Marek Strok<\/strong> este un expert \u0219i cercet\u0103tor de excep\u021bie \u00een ceea ce prive\u0219te Revolta de la Var\u0219ovia. \"Fascina\u021bia sa pentru soarta solda\u021bilor din Statul Subteran polonez a dat na\u0219tere celei mai complete colec\u021bii de biografii ale insurgen\u021bilor de la Var\u0219ovia, de nepre\u021buit pentru orice istoric care se ocup\u0103 de istoria revoltei armate de acum 75 de ani. De\u0219i este un entuziast autodidact, Marek Strok are o produc\u021bie \u0219tiin\u021bific\u0103 \u0219i istoric\u0103 enorm\u0103, iar \u00een ceea ce prive\u0219te atelierul istoric nu este cu nimic mai prejos dec\u00e2t profesioni\u0219tii. Timp de c\u00e2teva zeci de ani, cooper\u00e2nd \u00eendeaproape cu cercurile insurgente, a documentat istoria Var\u0219oviei subterane \u0219i insurgente\", a scris IPN despre el.<\/p>\n\n\n\n<p><strong>Societatea polonez\u0103 pentru \u00eengrijirea mormintelor militare din Lviv<\/strong> este, la r\u00e2ndul s\u0103u, o organiza\u021bie a c\u0103rei sarcin\u0103 principal\u0103 \u0219i cea mai important\u0103 \u00een primii ani a devenit reconstruc\u021bia Cimitirului Ap\u0103r\u0103torilor din Lw\u00f3w, cunoscut \u0219i sub numele de Cimitirul Vulturilor. Aceast\u0103 necropol\u0103 este o parte separat\u0103 a Cimitirului Lychakiv, unde se afl\u0103 mormintele ap\u0103r\u0103torilor polonezi din Lwow, uci\u0219i \u00een 1918-20. Cimitirul a fost devastat \u00een anii '70 din ordinul autorit\u0103\u021bilor URSS. Reconstruc\u021bia necropolei a \u00eenceput \u00een 1989; a fost redeschis\u0103 \u00een mod ceremonial la 24 iunie 2005. \u00cen prezent, Societatea polonez\u0103 pentru \u00eengrijirea mormintelor militare, condus\u0103 de Janusz Balicki, se ocup\u0103 de el, precum \u0219i de alte locuri de comemorare a memoriei na\u021bionale poloneze din vecin\u0103tatea Lvivului, cum ar fi Zadw\u00f3rz.<\/p>\n\n\n\n<p><strong>Ryszard Kaczorowski<\/strong> a fost pre\u0219edinte al Poloniei \u00een exil \u00een 1989-1990; dup\u0103 alegerea lui Lech Wa\u0142\u0119sa \u00een func\u021bia de pre\u0219edinte, a transferat \u00eensemnele puterii preziden\u021biale din cea de-a doua Republic\u0103 \u00een m\u00e2inile acestuia. A murit la 10 aprilie 2010 \u00een urma pr\u0103bu\u0219irii unui avion Tu-154 l\u00e2ng\u0103 Smolensk.<\/p>\n\n\n\n<p><em>mo, sursa IPN<\/em><\/p>\n\n\n\n<p><em>Foto: Marta Olejnik<\/em><\/p>\n\n\n\n<ul class=\"wp-block-gallery columns-1 is-cropped wp-block-gallery-1 is-layout-flex wp-block-gallery-is-layout-flex\"><li class=\"blocks-gallery-item\"><figure><img fetchpriority=\"high\" decoding=\"async\" width=\"1024\" height=\"685\" src=\"https:\/\/marekkuchcinski.pl\/wp-content\/uploads\/2019\/05\/1a-1024x685.jpg\" alt=\"\" data-id=\"15695\" data-link=\"https:\/\/marekkuchcinski.pl\/?attachment_id=15695\" class=\"wp-image-15695\" srcset=\"https:\/\/marekkuchcinski.pl\/wp-content\/uploads\/2019\/05\/1a-1024x685.jpg 1024w, https:\/\/marekkuchcinski.pl\/wp-content\/uploads\/2019\/05\/1a-300x201.jpg 300w, https:\/\/marekkuchcinski.pl\/wp-content\/uploads\/2019\/05\/1a-768x514.jpg 768w, https:\/\/marekkuchcinski.pl\/wp-content\/uploads\/2019\/05\/1a.jpg 2048w\" sizes=\"(max-width: 1024px) 100vw, 1024px\" \/><\/figure><\/li><li class=\"blocks-gallery-item\"><figure><img decoding=\"async\" width=\"1024\" height=\"720\" src=\"https:\/\/marekkuchcinski.pl\/wp-content\/uploads\/2019\/05\/3-1024x720.jpg\" alt=\"\" data-id=\"15696\" data-link=\"https:\/\/marekkuchcinski.pl\/?attachment_id=15696\" class=\"wp-image-15696\" srcset=\"https:\/\/marekkuchcinski.pl\/wp-content\/uploads\/2019\/05\/3-1024x720.jpg 1024w, https:\/\/marekkuchcinski.pl\/wp-content\/uploads\/2019\/05\/3-300x211.jpg 300w, https:\/\/marekkuchcinski.pl\/wp-content\/uploads\/2019\/05\/3-768x540.jpg 768w, https:\/\/marekkuchcinski.pl\/wp-content\/uploads\/2019\/05\/3.jpg 2048w\" sizes=\"(max-width: 1024px) 100vw, 1024px\" \/><\/figure><\/li><li class=\"blocks-gallery-item\"><figure><img decoding=\"async\" width=\"1024\" height=\"683\" src=\"https:\/\/marekkuchcinski.pl\/wp-content\/uploads\/2019\/05\/4-1-1024x683.jpg\" alt=\"\" data-id=\"15697\" data-link=\"https:\/\/marekkuchcinski.pl\/?attachment_id=15697\" class=\"wp-image-15697\" srcset=\"https:\/\/marekkuchcinski.pl\/wp-content\/uploads\/2019\/05\/4-1-1024x683.jpg 1024w, https:\/\/marekkuchcinski.pl\/wp-content\/uploads\/2019\/05\/4-1-300x200.jpg 300w, https:\/\/marekkuchcinski.pl\/wp-content\/uploads\/2019\/05\/4-1-768x512.jpg 768w, https:\/\/marekkuchcinski.pl\/wp-content\/uploads\/2019\/05\/4-1.jpg 2048w\" sizes=\"(max-width: 1024px) 100vw, 1024px\" \/><\/figure><\/li><li class=\"blocks-gallery-item\"><figure><img loading=\"lazy\" decoding=\"async\" width=\"1024\" height=\"683\" src=\"https:\/\/marekkuchcinski.pl\/wp-content\/uploads\/2019\/05\/5-1-1024x683.jpg\" alt=\"\" data-id=\"15698\" data-link=\"https:\/\/marekkuchcinski.pl\/?attachment_id=15698\" class=\"wp-image-15698\" srcset=\"https:\/\/marekkuchcinski.pl\/wp-content\/uploads\/2019\/05\/5-1-1024x683.jpg 1024w, https:\/\/marekkuchcinski.pl\/wp-content\/uploads\/2019\/05\/5-1-300x200.jpg 300w, https:\/\/marekkuchcinski.pl\/wp-content\/uploads\/2019\/05\/5-1-768x512.jpg 768w, https:\/\/marekkuchcinski.pl\/wp-content\/uploads\/2019\/05\/5-1.jpg 2048w\" sizes=\"(max-width: 1024px) 100vw, 1024px\" \/><\/figure><\/li><li class=\"blocks-gallery-item\"><figure><img loading=\"lazy\" decoding=\"async\" width=\"1024\" height=\"683\" src=\"https:\/\/marekkuchcinski.pl\/wp-content\/uploads\/2019\/05\/6-1-1024x683.jpg\" alt=\"\" data-id=\"15699\" data-link=\"https:\/\/marekkuchcinski.pl\/?attachment_id=15699\" class=\"wp-image-15699\" srcset=\"https:\/\/marekkuchcinski.pl\/wp-content\/uploads\/2019\/05\/6-1-1024x683.jpg 1024w, https:\/\/marekkuchcinski.pl\/wp-content\/uploads\/2019\/05\/6-1-300x200.jpg 300w, https:\/\/marekkuchcinski.pl\/wp-content\/uploads\/2019\/05\/6-1-768x512.jpg 768w, https:\/\/marekkuchcinski.pl\/wp-content\/uploads\/2019\/05\/6-1.jpg 2048w\" sizes=\"(max-width: 1024px) 100vw, 1024px\" \/><\/figure><\/li><li class=\"blocks-gallery-item\"><figure><img loading=\"lazy\" decoding=\"async\" width=\"1024\" height=\"683\" src=\"https:\/\/marekkuchcinski.pl\/wp-content\/uploads\/2019\/05\/7-1-1024x683.jpg\" alt=\"\" data-id=\"15700\" data-link=\"https:\/\/marekkuchcinski.pl\/?attachment_id=15700\" class=\"wp-image-15700\" srcset=\"https:\/\/marekkuchcinski.pl\/wp-content\/uploads\/2019\/05\/7-1-1024x683.jpg 1024w, https:\/\/marekkuchcinski.pl\/wp-content\/uploads\/2019\/05\/7-1-300x200.jpg 300w, https:\/\/marekkuchcinski.pl\/wp-content\/uploads\/2019\/05\/7-1-768x512.jpg 768w, https:\/\/marekkuchcinski.pl\/wp-content\/uploads\/2019\/05\/7-1.jpg 2048w\" sizes=\"(max-width: 1024px) 100vw, 1024px\" \/><\/figure><\/li><li class=\"blocks-gallery-item\"><figure><img loading=\"lazy\" decoding=\"async\" width=\"1024\" height=\"689\" src=\"https:\/\/marekkuchcinski.pl\/wp-content\/uploads\/2019\/05\/8-2-1024x689.jpg\" alt=\"\" data-id=\"15701\" data-link=\"https:\/\/marekkuchcinski.pl\/?attachment_id=15701\" class=\"wp-image-15701\" srcset=\"https:\/\/marekkuchcinski.pl\/wp-content\/uploads\/2019\/05\/8-2-1024x689.jpg 1024w, https:\/\/marekkuchcinski.pl\/wp-content\/uploads\/2019\/05\/8-2-300x202.jpg 300w, https:\/\/marekkuchcinski.pl\/wp-content\/uploads\/2019\/05\/8-2-768x517.jpg 768w, https:\/\/marekkuchcinski.pl\/wp-content\/uploads\/2019\/05\/8-2.jpg 2048w\" sizes=\"(max-width: 1024px) 100vw, 1024px\" \/><\/figure><\/li><li class=\"blocks-gallery-item\"><figure><img loading=\"lazy\" decoding=\"async\" width=\"1024\" height=\"697\" src=\"https:\/\/marekkuchcinski.pl\/wp-content\/uploads\/2019\/05\/9-1-1024x697.jpg\" alt=\"\" data-id=\"15702\" data-link=\"https:\/\/marekkuchcinski.pl\/?attachment_id=15702\" class=\"wp-image-15702\" srcset=\"https:\/\/marekkuchcinski.pl\/wp-content\/uploads\/2019\/05\/9-1-1024x697.jpg 1024w, https:\/\/marekkuchcinski.pl\/wp-content\/uploads\/2019\/05\/9-1-300x204.jpg 300w, https:\/\/marekkuchcinski.pl\/wp-content\/uploads\/2019\/05\/9-1-768x523.jpg 768w, https:\/\/marekkuchcinski.pl\/wp-content\/uploads\/2019\/05\/9-1.jpg 2048w\" sizes=\"(max-width: 1024px) 100vw, 1024px\" \/><\/figure><\/li><li class=\"blocks-gallery-item\"><figure><img loading=\"lazy\" decoding=\"async\" width=\"1024\" height=\"683\" src=\"https:\/\/marekkuchcinski.pl\/wp-content\/uploads\/2019\/05\/10-1-1024x683.jpg\" alt=\"\" data-id=\"15703\" data-link=\"https:\/\/marekkuchcinski.pl\/?attachment_id=15703\" class=\"wp-image-15703\" srcset=\"https:\/\/marekkuchcinski.pl\/wp-content\/uploads\/2019\/05\/10-1-1024x683.jpg 1024w, https:\/\/marekkuchcinski.pl\/wp-content\/uploads\/2019\/05\/10-1-300x200.jpg 300w, https:\/\/marekkuchcinski.pl\/wp-content\/uploads\/2019\/05\/10-1-768x512.jpg 768w, https:\/\/marekkuchcinski.pl\/wp-content\/uploads\/2019\/05\/10-1.jpg 2048w\" sizes=\"(max-width: 1024px) 100vw, 1024px\" \/><\/figure><\/li><li class=\"blocks-gallery-item\"><figure><img loading=\"lazy\" decoding=\"async\" width=\"1024\" height=\"696\" src=\"https:\/\/marekkuchcinski.pl\/wp-content\/uploads\/2019\/05\/11-1-1024x696.jpg\" alt=\"\" data-id=\"15704\" data-link=\"https:\/\/marekkuchcinski.pl\/?attachment_id=15704\" class=\"wp-image-15704\" srcset=\"https:\/\/marekkuchcinski.pl\/wp-content\/uploads\/2019\/05\/11-1-1024x696.jpg 1024w, https:\/\/marekkuchcinski.pl\/wp-content\/uploads\/2019\/05\/11-1-300x204.jpg 300w, https:\/\/marekkuchcinski.pl\/wp-content\/uploads\/2019\/05\/11-1-768x522.jpg 768w, https:\/\/marekkuchcinski.pl\/wp-content\/uploads\/2019\/05\/11-1.jpg 2048w\" sizes=\"(max-width: 1024px) 100vw, 1024px\" \/><\/figure><\/li><li class=\"blocks-gallery-item\"><figure><img loading=\"lazy\" decoding=\"async\" width=\"1024\" height=\"683\" src=\"https:\/\/marekkuchcinski.pl\/wp-content\/uploads\/2019\/05\/12-1024x683.jpg\" alt=\"\" data-id=\"15705\" data-link=\"https:\/\/marekkuchcinski.pl\/?attachment_id=15705\" class=\"wp-image-15705\" srcset=\"https:\/\/marekkuchcinski.pl\/wp-content\/uploads\/2019\/05\/12-1024x683.jpg 1024w, https:\/\/marekkuchcinski.pl\/wp-content\/uploads\/2019\/05\/12-300x200.jpg 300w, https:\/\/marekkuchcinski.pl\/wp-content\/uploads\/2019\/05\/12-768x512.jpg 768w, https:\/\/marekkuchcinski.pl\/wp-content\/uploads\/2019\/05\/12.jpg 2048w\" sizes=\"(max-width: 1024px) 100vw, 1024px\" \/><\/figure><\/li><li class=\"blocks-gallery-item\"><figure><img loading=\"lazy\" decoding=\"async\" width=\"1024\" height=\"683\" src=\"https:\/\/marekkuchcinski.pl\/wp-content\/uploads\/2019\/05\/13-1024x683.jpg\" alt=\"\" data-id=\"15706\" data-link=\"https:\/\/marekkuchcinski.pl\/?attachment_id=15706\" class=\"wp-image-15706\" srcset=\"https:\/\/marekkuchcinski.pl\/wp-content\/uploads\/2019\/05\/13-1024x683.jpg 1024w, https:\/\/marekkuchcinski.pl\/wp-content\/uploads\/2019\/05\/13-300x200.jpg 300w, https:\/\/marekkuchcinski.pl\/wp-content\/uploads\/2019\/05\/13-768x512.jpg 768w, https:\/\/marekkuchcinski.pl\/wp-content\/uploads\/2019\/05\/13.jpg 2048w\" sizes=\"(max-width: 1024px) 100vw, 1024px\" \/><\/figure><\/li><li class=\"blocks-gallery-item\"><figure><img loading=\"lazy\" decoding=\"async\" width=\"1024\" height=\"683\" src=\"https:\/\/marekkuchcinski.pl\/wp-content\/uploads\/2019\/05\/14-2-1024x683.jpg\" alt=\"\" data-id=\"15707\" data-link=\"https:\/\/marekkuchcinski.pl\/?attachment_id=15707\" class=\"wp-image-15707\" srcset=\"https:\/\/marekkuchcinski.pl\/wp-content\/uploads\/2019\/05\/14-2-1024x683.jpg 1024w, https:\/\/marekkuchcinski.pl\/wp-content\/uploads\/2019\/05\/14-2-300x200.jpg 300w, https:\/\/marekkuchcinski.pl\/wp-content\/uploads\/2019\/05\/14-2-768x512.jpg 768w, https:\/\/marekkuchcinski.pl\/wp-content\/uploads\/2019\/05\/14-2.jpg 2048w\" sizes=\"(max-width: 1024px) 100vw, 1024px\" \/><\/figure><\/li><li class=\"blocks-gallery-item\"><figure><img loading=\"lazy\" decoding=\"async\" width=\"1024\" height=\"682\" src=\"https:\/\/marekkuchcinski.pl\/wp-content\/uploads\/2019\/05\/15-1024x682.jpg\" alt=\"\" data-id=\"15708\" data-link=\"https:\/\/marekkuchcinski.pl\/?attachment_id=15708\" class=\"wp-image-15708\" srcset=\"https:\/\/marekkuchcinski.pl\/wp-content\/uploads\/2019\/05\/15-1024x682.jpg 1024w, https:\/\/marekkuchcinski.pl\/wp-content\/uploads\/2019\/05\/15-300x200.jpg 300w, https:\/\/marekkuchcinski.pl\/wp-content\/uploads\/2019\/05\/15-768x512.jpg 768w, https:\/\/marekkuchcinski.pl\/wp-content\/uploads\/2019\/05\/15.jpg 2048w\" sizes=\"(max-width: 1024px) 100vw, 1024px\" \/><\/figure><\/li><li class=\"blocks-gallery-item\"><figure><img loading=\"lazy\" decoding=\"async\" width=\"1024\" height=\"683\" src=\"https:\/\/marekkuchcinski.pl\/wp-content\/uploads\/2019\/05\/16-1024x683.jpg\" alt=\"\" data-id=\"15709\" data-link=\"https:\/\/marekkuchcinski.pl\/?attachment_id=15709\" class=\"wp-image-15709\" srcset=\"https:\/\/marekkuchcinski.pl\/wp-content\/uploads\/2019\/05\/16-1024x683.jpg 1024w, https:\/\/marekkuchcinski.pl\/wp-content\/uploads\/2019\/05\/16-300x200.jpg 300w, https:\/\/marekkuchcinski.pl\/wp-content\/uploads\/2019\/05\/16-768x512.jpg 768w, https:\/\/marekkuchcinski.pl\/wp-content\/uploads\/2019\/05\/16.jpg 2048w\" sizes=\"(max-width: 1024px) 100vw, 1024px\" \/><\/figure><\/li><li class=\"blocks-gallery-item\"><figure><img loading=\"lazy\" decoding=\"async\" width=\"1024\" height=\"683\" src=\"https:\/\/marekkuchcinski.pl\/wp-content\/uploads\/2019\/05\/17-1024x683.jpg\" alt=\"\" data-id=\"15710\" data-link=\"https:\/\/marekkuchcinski.pl\/?attachment_id=15710\" class=\"wp-image-15710\" srcset=\"https:\/\/marekkuchcinski.pl\/wp-content\/uploads\/2019\/05\/17-1024x683.jpg 1024w, https:\/\/marekkuchcinski.pl\/wp-content\/uploads\/2019\/05\/17-300x200.jpg 300w, https:\/\/marekkuchcinski.pl\/wp-content\/uploads\/2019\/05\/17-768x512.jpg 768w, https:\/\/marekkuchcinski.pl\/wp-content\/uploads\/2019\/05\/17.jpg 2048w\" sizes=\"(max-width: 1024px) 100vw, 1024px\" \/><\/figure><\/li><li class=\"blocks-gallery-item\"><figure><img loading=\"lazy\" decoding=\"async\" width=\"1024\" height=\"683\" src=\"https:\/\/marekkuchcinski.pl\/wp-content\/uploads\/2019\/05\/18-1024x683.jpg\" alt=\"\" data-id=\"15711\" data-link=\"https:\/\/marekkuchcinski.pl\/?attachment_id=15711\" class=\"wp-image-15711\" srcset=\"https:\/\/marekkuchcinski.pl\/wp-content\/uploads\/2019\/05\/18-1024x683.jpg 1024w, https:\/\/marekkuchcinski.pl\/wp-content\/uploads\/2019\/05\/18-300x200.jpg 300w, https:\/\/marekkuchcinski.pl\/wp-content\/uploads\/2019\/05\/18-768x512.jpg 768w, https:\/\/marekkuchcinski.pl\/wp-content\/uploads\/2019\/05\/18.jpg 2048w\" sizes=\"(max-width: 1024px) 100vw, 1024px\" \/><\/figure><\/li><li class=\"blocks-gallery-item\"><figure><img loading=\"lazy\" decoding=\"async\" width=\"1024\" height=\"683\" src=\"https:\/\/marekkuchcinski.pl\/wp-content\/uploads\/2019\/05\/19-1024x683.jpg\" alt=\"\" data-id=\"15712\" data-link=\"https:\/\/marekkuchcinski.pl\/?attachment_id=15712\" class=\"wp-image-15712\" srcset=\"https:\/\/marekkuchcinski.pl\/wp-content\/uploads\/2019\/05\/19-1024x683.jpg 1024w, https:\/\/marekkuchcinski.pl\/wp-content\/uploads\/2019\/05\/19-300x200.jpg 300w, https:\/\/marekkuchcinski.pl\/wp-content\/uploads\/2019\/05\/19-768x512.jpg 768w, https:\/\/marekkuchcinski.pl\/wp-content\/uploads\/2019\/05\/19.jpg 2048w\" sizes=\"(max-width: 1024px) 100vw, 1024px\" \/><\/figure><\/li><li class=\"blocks-gallery-item\"><figure><img loading=\"lazy\" decoding=\"async\" width=\"1024\" height=\"683\" src=\"https:\/\/marekkuchcinski.pl\/wp-content\/uploads\/2019\/05\/20-1024x683.jpg\" alt=\"\" data-id=\"15713\" data-link=\"https:\/\/marekkuchcinski.pl\/?attachment_id=15713\" class=\"wp-image-15713\" srcset=\"https:\/\/marekkuchcinski.pl\/wp-content\/uploads\/2019\/05\/20-1024x683.jpg 1024w, https:\/\/marekkuchcinski.pl\/wp-content\/uploads\/2019\/05\/20-300x200.jpg 300w, https:\/\/marekkuchcinski.pl\/wp-content\/uploads\/2019\/05\/20-768x512.jpg 768w, https:\/\/marekkuchcinski.pl\/wp-content\/uploads\/2019\/05\/20.jpg 2048w\" sizes=\"(max-width: 1024px) 100vw, 1024px\" \/><\/figure><\/li><li class=\"blocks-gallery-item\"><figure><img loading=\"lazy\" decoding=\"async\" width=\"1024\" height=\"683\" src=\"https:\/\/marekkuchcinski.pl\/wp-content\/uploads\/2019\/05\/21-1024x683.jpg\" alt=\"\" data-id=\"15714\" data-link=\"https:\/\/marekkuchcinski.pl\/?attachment_id=15714\" class=\"wp-image-15714\" srcset=\"https:\/\/marekkuchcinski.pl\/wp-content\/uploads\/2019\/05\/21-1024x683.jpg 1024w, https:\/\/marekkuchcinski.pl\/wp-content\/uploads\/2019\/05\/21-300x200.jpg 300w, https:\/\/marekkuchcinski.pl\/wp-content\/uploads\/2019\/05\/21-768x512.jpg 768w, https:\/\/marekkuchcinski.pl\/wp-content\/uploads\/2019\/05\/21.jpg 2048w\" sizes=\"(max-width: 1024px) 100vw, 1024px\" \/><\/figure><\/li><li class=\"blocks-gallery-item\"><figure><img loading=\"lazy\" decoding=\"async\" width=\"1024\" height=\"683\" src=\"https:\/\/marekkuchcinski.pl\/wp-content\/uploads\/2019\/05\/23-1024x683.jpg\" alt=\"\" data-id=\"15716\" data-link=\"https:\/\/marekkuchcinski.pl\/?attachment_id=15716\" class=\"wp-image-15716\" srcset=\"https:\/\/marekkuchcinski.pl\/wp-content\/uploads\/2019\/05\/23-1024x683.jpg 1024w, https:\/\/marekkuchcinski.pl\/wp-content\/uploads\/2019\/05\/23-300x200.jpg 300w, https:\/\/marekkuchcinski.pl\/wp-content\/uploads\/2019\/05\/23-768x512.jpg 768w, https:\/\/marekkuchcinski.pl\/wp-content\/uploads\/2019\/05\/23.jpg 2048w\" sizes=\"(max-width: 1024px) 100vw, 1024px\" \/><\/figure><\/li><li class=\"blocks-gallery-item\"><figure><img loading=\"lazy\" decoding=\"async\" width=\"1024\" height=\"683\" src=\"https:\/\/marekkuchcinski.pl\/wp-content\/uploads\/2019\/05\/24-1024x683.jpg\" alt=\"\" data-id=\"15718\" data-link=\"https:\/\/marekkuchcinski.pl\/?attachment_id=15718\" class=\"wp-image-15718\" srcset=\"https:\/\/marekkuchcinski.pl\/wp-content\/uploads\/2019\/05\/24-1024x683.jpg 1024w, https:\/\/marekkuchcinski.pl\/wp-content\/uploads\/2019\/05\/24-300x200.jpg 300w, https:\/\/marekkuchcinski.pl\/wp-content\/uploads\/2019\/05\/24-768x512.jpg 768w, https:\/\/marekkuchcinski.pl\/wp-content\/uploads\/2019\/05\/24.jpg 2048w\" sizes=\"(max-width: 1024px) 100vw, 1024px\" \/><\/figure><\/li><li class=\"blocks-gallery-item\"><figure><img loading=\"lazy\" decoding=\"async\" width=\"1024\" height=\"683\" src=\"https:\/\/marekkuchcinski.pl\/wp-content\/uploads\/2019\/05\/25-1024x683.jpg\" alt=\"\" data-id=\"15720\" data-link=\"https:\/\/marekkuchcinski.pl\/?attachment_id=15720\" class=\"wp-image-15720\" srcset=\"https:\/\/marekkuchcinski.pl\/wp-content\/uploads\/2019\/05\/25-1024x683.jpg 1024w, https:\/\/marekkuchcinski.pl\/wp-content\/uploads\/2019\/05\/25-300x200.jpg 300w, https:\/\/marekkuchcinski.pl\/wp-content\/uploads\/2019\/05\/25-768x512.jpg 768w, https:\/\/marekkuchcinski.pl\/wp-content\/uploads\/2019\/05\/25.jpg 2048w\" sizes=\"(max-width: 1024px) 100vw, 1024px\" \/><\/figure><\/li><li class=\"blocks-gallery-item\"><figure><img loading=\"lazy\" decoding=\"async\" width=\"1024\" height=\"683\" src=\"https:\/\/marekkuchcinski.pl\/wp-content\/uploads\/2019\/05\/26-1-1024x683.jpg\" alt=\"\" data-id=\"15721\" data-link=\"https:\/\/marekkuchcinski.pl\/?attachment_id=15721\" class=\"wp-image-15721\" srcset=\"https:\/\/marekkuchcinski.pl\/wp-content\/uploads\/2019\/05\/26-1-1024x683.jpg 1024w, https:\/\/marekkuchcinski.pl\/wp-content\/uploads\/2019\/05\/26-1-300x200.jpg 300w, https:\/\/marekkuchcinski.pl\/wp-content\/uploads\/2019\/05\/26-1-768x512.jpg 768w, https:\/\/marekkuchcinski.pl\/wp-content\/uploads\/2019\/05\/26-1.jpg 2048w\" sizes=\"(max-width: 1024px) 100vw, 1024px\" \/><\/figure><\/li><li class=\"blocks-gallery-item\"><figure><img loading=\"lazy\" decoding=\"async\" width=\"1024\" height=\"665\" src=\"https:\/\/marekkuchcinski.pl\/wp-content\/uploads\/2019\/05\/28-1024x665.jpg\" alt=\"\" data-id=\"15724\" data-link=\"https:\/\/marekkuchcinski.pl\/bez-kategorii\/15694\/attachment\/28\/\" class=\"wp-image-15724\" srcset=\"https:\/\/marekkuchcinski.pl\/wp-content\/uploads\/2019\/05\/28-1024x665.jpg 1024w, https:\/\/marekkuchcinski.pl\/wp-content\/uploads\/2019\/05\/28-300x195.jpg 300w, https:\/\/marekkuchcinski.pl\/wp-content\/uploads\/2019\/05\/28-768x498.jpg 768w, https:\/\/marekkuchcinski.pl\/wp-content\/uploads\/2019\/05\/28.jpg 2048w\" sizes=\"(max-width: 1024px) 100vw, 1024px\" \/><\/figure><\/li><\/ul>","protected":false},"excerpt":{"rendered":"<p>Biada narodowi, kt\u00f3ry o zachowanie pami\u0105tek przesz\u0142o\u015bci si\u0119 nie stara; wyrok zguby w\u00f3wczas dla siebie pisze \u2013 te s\u0142owa \u015bw. Rafa\u0142a Kalinowskiego, powsta\u0144ca styczniowego, &nbsp;przy\u015bwiecaj\u0105 idei nagrody przyznawanej przez Instytut Pami\u0119ci Narodowej. Kustosza Pami\u0119ci otrzymuj\u0105 bowiem osoby, kt\u00f3re po\u015bwi\u0119caj\u0105 si\u0119 dla Polski \u2013 kultywuj\u0105 jej tradycj\u0119, histori\u0119, chroni\u0105 od zapomnienia narodowe dziedzictwo kraju, kt\u00f3ry wycierpia\u0142 [&hellip;]<\/p>","protected":false},"author":6,"featured_media":15723,"comment_status":"open","ping_status":"open","sticky":false,"template":"","format":"standard","meta":{"ngg_post_thumbnail":0,"footnotes":""},"categories":[3],"tags":[],"class_list":["post-15694","post","type-post","status-publish","format-standard","has-post-thumbnail","hentry","category-wydarzenia"],"yoast_head":"<!-- This site is optimized with the Yoast SEO plugin v24.7 - https:\/\/yoast.com\/wordpress\/plugins\/seo\/ -->\n<title>IPN przyzna\u0142 Nagrody &quot;Kustosz Pami\u0119ci Narodowej&quot; &#8211; Marek Kuchci\u0144ski<\/title>\n<meta name=\"robots\" content=\"index, follow, max-snippet:-1, max-image-preview:large, max-video-preview:-1\" \/>\n<link rel=\"canonical\" href=\"https:\/\/marekkuchcinski.pl\/ro\/wydarzenia\/15694\/\" \/>\n<meta property=\"og:locale\" content=\"ro_RO\" \/>\n<meta property=\"og:type\" content=\"article\" \/>\n<meta property=\"og:title\" content=\"IPN przyzna\u0142 Nagrody &quot;Kustosz Pami\u0119ci Narodowej&quot; &#8211; Marek Kuchci\u0144ski\" \/>\n<meta property=\"og:description\" content=\"Biada narodowi, kt\u00f3ry o zachowanie pami\u0105tek przesz\u0142o\u015bci si\u0119 nie stara; wyrok zguby w\u00f3wczas dla siebie pisze \u2013 te s\u0142owa \u015bw. Rafa\u0142a Kalinowskiego, powsta\u0144ca styczniowego, &nbsp;przy\u015bwiecaj\u0105 idei nagrody przyznawanej przez Instytut Pami\u0119ci Narodowej. Kustosza Pami\u0119ci otrzymuj\u0105 bowiem osoby, kt\u00f3re po\u015bwi\u0119caj\u0105 si\u0119 dla Polski \u2013 kultywuj\u0105 jej tradycj\u0119, histori\u0119, chroni\u0105 od zapomnienia narodowe dziedzictwo kraju, kt\u00f3ry wycierpia\u0142 [&hellip;]\" \/>\n<meta property=\"og:url\" content=\"https:\/\/marekkuchcinski.pl\/ro\/wydarzenia\/15694\/\" \/>\n<meta property=\"og:site_name\" content=\"Marek Kuchci\u0144ski\" \/>\n<meta property=\"article:published_time\" content=\"2019-05-28T14:29:39+00:00\" \/>\n<meta property=\"article:modified_time\" content=\"2019-05-29T07:19:41+00:00\" \/>\n<meta property=\"og:image\" content=\"https:\/\/marekkuchcinski.pl\/wp-content\/uploads\/2019\/05\/1a-1.jpg\" \/>\n\t<meta property=\"og:image:width\" content=\"2048\" \/>\n\t<meta property=\"og:image:height\" content=\"1371\" \/>\n\t<meta property=\"og:image:type\" content=\"image\/jpeg\" \/>\n<meta name=\"author\" content=\"admin\" \/>\n<meta name=\"twitter:card\" content=\"summary_large_image\" \/>\n<meta name=\"twitter:label1\" content=\"Scris de\" \/>\n\t<meta name=\"twitter:data1\" content=\"admin\" \/>\n\t<meta name=\"twitter:label2\" content=\"Timp estimat pentru citire\" \/>\n\t<meta name=\"twitter:data2\" content=\"3 minutes\" \/>\n<script type=\"application\/ld+json\" class=\"yoast-schema-graph\">{\"@context\":\"https:\/\/schema.org\",\"@graph\":[{\"@type\":\"Article\",\"@id\":\"https:\/\/marekkuchcinski.pl\/cs\/wydarzenia\/15694\/#article\",\"isPartOf\":{\"@id\":\"https:\/\/marekkuchcinski.pl\/cs\/wydarzenia\/15694\/\"},\"author\":{\"name\":\"admin\",\"@id\":\"https:\/\/marekkuchcinski.pl\/#\/schema\/person\/6f62700996b4d950b6ea2d1183b6c6be\"},\"headline\":\"IPN przyzna\u0142 Nagrody &#8222;Kustosz Pami\u0119ci Narodowej&#8221;\",\"datePublished\":\"2019-05-28T14:29:39+00:00\",\"dateModified\":\"2019-05-29T07:19:41+00:00\",\"mainEntityOfPage\":{\"@id\":\"https:\/\/marekkuchcinski.pl\/cs\/wydarzenia\/15694\/\"},\"wordCount\":701,\"commentCount\":0,\"publisher\":{\"@id\":\"https:\/\/marekkuchcinski.pl\/#organization\"},\"image\":{\"@id\":\"https:\/\/marekkuchcinski.pl\/cs\/wydarzenia\/15694\/#primaryimage\"},\"thumbnailUrl\":\"https:\/\/marekkuchcinski.pl\/wp-content\/uploads\/2019\/05\/1a-1.jpg\",\"articleSection\":[\"Wydarzenia\"],\"inLanguage\":\"ro-RO\",\"potentialAction\":[{\"@type\":\"CommentAction\",\"name\":\"Comment\",\"target\":[\"https:\/\/marekkuchcinski.pl\/cs\/wydarzenia\/15694\/#respond\"]}]},{\"@type\":\"WebPage\",\"@id\":\"https:\/\/marekkuchcinski.pl\/cs\/wydarzenia\/15694\/\",\"url\":\"https:\/\/marekkuchcinski.pl\/cs\/wydarzenia\/15694\/\",\"name\":\"IPN przyzna\u0142 Nagrody \\\"Kustosz Pami\u0119ci Narodowej\\\" &#8211; Marek Kuchci\u0144ski\",\"isPartOf\":{\"@id\":\"https:\/\/marekkuchcinski.pl\/#website\"},\"primaryImageOfPage\":{\"@id\":\"https:\/\/marekkuchcinski.pl\/cs\/wydarzenia\/15694\/#primaryimage\"},\"image\":{\"@id\":\"https:\/\/marekkuchcinski.pl\/cs\/wydarzenia\/15694\/#primaryimage\"},\"thumbnailUrl\":\"https:\/\/marekkuchcinski.pl\/wp-content\/uploads\/2019\/05\/1a-1.jpg\",\"datePublished\":\"2019-05-28T14:29:39+00:00\",\"dateModified\":\"2019-05-29T07:19:41+00:00\",\"breadcrumb\":{\"@id\":\"https:\/\/marekkuchcinski.pl\/cs\/wydarzenia\/15694\/#breadcrumb\"},\"inLanguage\":\"ro-RO\",\"potentialAction\":[{\"@type\":\"ReadAction\",\"target\":[\"https:\/\/marekkuchcinski.pl\/cs\/wydarzenia\/15694\/\"]}]},{\"@type\":\"ImageObject\",\"inLanguage\":\"ro-RO\",\"@id\":\"https:\/\/marekkuchcinski.pl\/cs\/wydarzenia\/15694\/#primaryimage\",\"url\":\"https:\/\/marekkuchcinski.pl\/wp-content\/uploads\/2019\/05\/1a-1.jpg\",\"contentUrl\":\"https:\/\/marekkuchcinski.pl\/wp-content\/uploads\/2019\/05\/1a-1.jpg\",\"width\":2048,\"height\":1371},{\"@type\":\"BreadcrumbList\",\"@id\":\"https:\/\/marekkuchcinski.pl\/cs\/wydarzenia\/15694\/#breadcrumb\",\"itemListElement\":[{\"@type\":\"ListItem\",\"position\":1,\"name\":\"Strona g\u0142\u00f3wna\",\"item\":\"https:\/\/marekkuchcinski.pl\/\"},{\"@type\":\"ListItem\",\"position\":2,\"name\":\"IPN przyzna\u0142 Nagrody &#8220;Kustosz Pami\u0119ci Narodowej&#8221;\"}]},{\"@type\":\"WebSite\",\"@id\":\"https:\/\/marekkuchcinski.pl\/#website\",\"url\":\"https:\/\/marekkuchcinski.pl\/\",\"name\":\"Marek Kuchci\u0144ski\",\"description\":\"Pose\u0142 na sejm RP &ndash; okr\u0119g nr 22\",\"publisher\":{\"@id\":\"https:\/\/marekkuchcinski.pl\/#organization\"},\"potentialAction\":[{\"@type\":\"SearchAction\",\"target\":{\"@type\":\"EntryPoint\",\"urlTemplate\":\"https:\/\/marekkuchcinski.pl\/?s={search_term_string}\"},\"query-input\":{\"@type\":\"PropertyValueSpecification\",\"valueRequired\":true,\"valueName\":\"search_term_string\"}}],\"inLanguage\":\"ro-RO\"},{\"@type\":\"Organization\",\"@id\":\"https:\/\/marekkuchcinski.pl\/#organization\",\"name\":\"Marek Kuchci\u0144ski\",\"url\":\"https:\/\/marekkuchcinski.pl\/\",\"logo\":{\"@type\":\"ImageObject\",\"inLanguage\":\"ro-RO\",\"@id\":\"https:\/\/marekkuchcinski.pl\/#\/schema\/logo\/image\/\",\"url\":\"https:\/\/marekkuchcinski.pl\/wp-content\/uploads\/2022\/09\/Marek.jpg\",\"contentUrl\":\"https:\/\/marekkuchcinski.pl\/wp-content\/uploads\/2022\/09\/Marek.jpg\",\"width\":1600,\"height\":971,\"caption\":\"Marek Kuchci\u0144ski\"},\"image\":{\"@id\":\"https:\/\/marekkuchcinski.pl\/#\/schema\/logo\/image\/\"}},{\"@type\":\"Person\",\"@id\":\"https:\/\/marekkuchcinski.pl\/#\/schema\/person\/6f62700996b4d950b6ea2d1183b6c6be\",\"name\":\"admin\",\"image\":{\"@type\":\"ImageObject\",\"inLanguage\":\"ro-RO\",\"@id\":\"https:\/\/marekkuchcinski.pl\/#\/schema\/person\/image\/\",\"url\":\"https:\/\/secure.gravatar.com\/avatar\/4bab693b9d55c3d6b52c0296a8765085?s=96&d=mm&r=g\",\"contentUrl\":\"https:\/\/secure.gravatar.com\/avatar\/4bab693b9d55c3d6b52c0296a8765085?s=96&d=mm&r=g\",\"caption\":\"admin\"},\"url\":\"https:\/\/marekkuchcinski.pl\/ro\/author\/marta-olejnik\/\"}]}<\/script>\n<!-- \/ Yoast SEO plugin. -->","yoast_head_json":{"title":"IPN przyzna\u0142 Nagrody \"Kustosz Pami\u0119ci Narodowej\" &#8211; Marek Kuchci\u0144ski","robots":{"index":"index","follow":"follow","max-snippet":"max-snippet:-1","max-image-preview":"max-image-preview:large","max-video-preview":"max-video-preview:-1"},"canonical":"https:\/\/marekkuchcinski.pl\/ro\/wydarzenia\/15694\/","og_locale":"ro_RO","og_type":"article","og_title":"IPN przyzna\u0142 Nagrody \"Kustosz Pami\u0119ci Narodowej\" &#8211; Marek Kuchci\u0144ski","og_description":"Biada narodowi, kt\u00f3ry o zachowanie pami\u0105tek przesz\u0142o\u015bci si\u0119 nie stara; wyrok zguby w\u00f3wczas dla siebie pisze \u2013 te s\u0142owa \u015bw. Rafa\u0142a Kalinowskiego, powsta\u0144ca styczniowego, &nbsp;przy\u015bwiecaj\u0105 idei nagrody przyznawanej przez Instytut Pami\u0119ci Narodowej. Kustosza Pami\u0119ci otrzymuj\u0105 bowiem osoby, kt\u00f3re po\u015bwi\u0119caj\u0105 si\u0119 dla Polski \u2013 kultywuj\u0105 jej tradycj\u0119, histori\u0119, chroni\u0105 od zapomnienia narodowe dziedzictwo kraju, kt\u00f3ry wycierpia\u0142 [&hellip;]","og_url":"https:\/\/marekkuchcinski.pl\/ro\/wydarzenia\/15694\/","og_site_name":"Marek Kuchci\u0144ski","article_published_time":"2019-05-28T14:29:39+00:00","article_modified_time":"2019-05-29T07:19:41+00:00","og_image":[{"width":2048,"height":1371,"url":"https:\/\/marekkuchcinski.pl\/wp-content\/uploads\/2019\/05\/1a-1.jpg","type":"image\/jpeg"}],"author":"admin","twitter_card":"summary_large_image","twitter_misc":{"Scris de":"admin","Timp estimat pentru citire":"3 minutes"},"schema":{"@context":"https:\/\/schema.org","@graph":[{"@type":"Article","@id":"https:\/\/marekkuchcinski.pl\/cs\/wydarzenia\/15694\/#article","isPartOf":{"@id":"https:\/\/marekkuchcinski.pl\/cs\/wydarzenia\/15694\/"},"author":{"name":"admin","@id":"https:\/\/marekkuchcinski.pl\/#\/schema\/person\/6f62700996b4d950b6ea2d1183b6c6be"},"headline":"IPN przyzna\u0142 Nagrody &#8222;Kustosz Pami\u0119ci Narodowej&#8221;","datePublished":"2019-05-28T14:29:39+00:00","dateModified":"2019-05-29T07:19:41+00:00","mainEntityOfPage":{"@id":"https:\/\/marekkuchcinski.pl\/cs\/wydarzenia\/15694\/"},"wordCount":701,"commentCount":0,"publisher":{"@id":"https:\/\/marekkuchcinski.pl\/#organization"},"image":{"@id":"https:\/\/marekkuchcinski.pl\/cs\/wydarzenia\/15694\/#primaryimage"},"thumbnailUrl":"https:\/\/marekkuchcinski.pl\/wp-content\/uploads\/2019\/05\/1a-1.jpg","articleSection":["Wydarzenia"],"inLanguage":"ro-RO","potentialAction":[{"@type":"CommentAction","name":"Comment","target":["https:\/\/marekkuchcinski.pl\/cs\/wydarzenia\/15694\/#respond"]}]},{"@type":"WebPage","@id":"https:\/\/marekkuchcinski.pl\/cs\/wydarzenia\/15694\/","url":"https:\/\/marekkuchcinski.pl\/cs\/wydarzenia\/15694\/","name":"IPN przyzna\u0142 Nagrody \"Kustosz Pami\u0119ci Narodowej\" &#8211; Marek Kuchci\u0144ski","isPartOf":{"@id":"https:\/\/marekkuchcinski.pl\/#website"},"primaryImageOfPage":{"@id":"https:\/\/marekkuchcinski.pl\/cs\/wydarzenia\/15694\/#primaryimage"},"image":{"@id":"https:\/\/marekkuchcinski.pl\/cs\/wydarzenia\/15694\/#primaryimage"},"thumbnailUrl":"https:\/\/marekkuchcinski.pl\/wp-content\/uploads\/2019\/05\/1a-1.jpg","datePublished":"2019-05-28T14:29:39+00:00","dateModified":"2019-05-29T07:19:41+00:00","breadcrumb":{"@id":"https:\/\/marekkuchcinski.pl\/cs\/wydarzenia\/15694\/#breadcrumb"},"inLanguage":"ro-RO","potentialAction":[{"@type":"ReadAction","target":["https:\/\/marekkuchcinski.pl\/cs\/wydarzenia\/15694\/"]}]},{"@type":"ImageObject","inLanguage":"ro-RO","@id":"https:\/\/marekkuchcinski.pl\/cs\/wydarzenia\/15694\/#primaryimage","url":"https:\/\/marekkuchcinski.pl\/wp-content\/uploads\/2019\/05\/1a-1.jpg","contentUrl":"https:\/\/marekkuchcinski.pl\/wp-content\/uploads\/2019\/05\/1a-1.jpg","width":2048,"height":1371},{"@type":"BreadcrumbList","@id":"https:\/\/marekkuchcinski.pl\/cs\/wydarzenia\/15694\/#breadcrumb","itemListElement":[{"@type":"ListItem","position":1,"name":"Strona g\u0142\u00f3wna","item":"https:\/\/marekkuchcinski.pl\/"},{"@type":"ListItem","position":2,"name":"IPN przyzna\u0142 Nagrody &#8220;Kustosz Pami\u0119ci Narodowej&#8221;"}]},{"@type":"WebSite","@id":"https:\/\/marekkuchcinski.pl\/#website","url":"https:\/\/marekkuchcinski.pl\/","name":"Marek Kuchci\u0144ski","description":"Pose\u0142 na sejm RP &ndash; okr\u0119g nr 22","publisher":{"@id":"https:\/\/marekkuchcinski.pl\/#organization"},"potentialAction":[{"@type":"SearchAction","target":{"@type":"EntryPoint","urlTemplate":"https:\/\/marekkuchcinski.pl\/?s={search_term_string}"},"query-input":{"@type":"PropertyValueSpecification","valueRequired":true,"valueName":"search_term_string"}}],"inLanguage":"ro-RO"},{"@type":"Organization","@id":"https:\/\/marekkuchcinski.pl\/#organization","name":"Marek Kuchci\u0144ski","url":"https:\/\/marekkuchcinski.pl\/","logo":{"@type":"ImageObject","inLanguage":"ro-RO","@id":"https:\/\/marekkuchcinski.pl\/#\/schema\/logo\/image\/","url":"https:\/\/marekkuchcinski.pl\/wp-content\/uploads\/2022\/09\/Marek.jpg","contentUrl":"https:\/\/marekkuchcinski.pl\/wp-content\/uploads\/2022\/09\/Marek.jpg","width":1600,"height":971,"caption":"Marek Kuchci\u0144ski"},"image":{"@id":"https:\/\/marekkuchcinski.pl\/#\/schema\/logo\/image\/"}},{"@type":"Person","@id":"https:\/\/marekkuchcinski.pl\/#\/schema\/person\/6f62700996b4d950b6ea2d1183b6c6be","name":"admin","image":{"@type":"ImageObject","inLanguage":"ro-RO","@id":"https:\/\/marekkuchcinski.pl\/#\/schema\/person\/image\/","url":"https:\/\/secure.gravatar.com\/avatar\/4bab693b9d55c3d6b52c0296a8765085?s=96&d=mm&r=g","contentUrl":"https:\/\/secure.gravatar.com\/avatar\/4bab693b9d55c3d6b52c0296a8765085?s=96&d=mm&r=g","caption":"admin"},"url":"https:\/\/marekkuchcinski.pl\/ro\/author\/marta-olejnik\/"}]}},"_links":{"self":[{"href":"https:\/\/marekkuchcinski.pl\/ro\/wp-json\/wp\/v2\/posts\/15694","targetHints":{"allow":["GET"]}}],"collection":[{"href":"https:\/\/marekkuchcinski.pl\/ro\/wp-json\/wp\/v2\/posts"}],"about":[{"href":"https:\/\/marekkuchcinski.pl\/ro\/wp-json\/wp\/v2\/types\/post"}],"author":[{"embeddable":true,"href":"https:\/\/marekkuchcinski.pl\/ro\/wp-json\/wp\/v2\/users\/6"}],"replies":[{"embeddable":true,"href":"https:\/\/marekkuchcinski.pl\/ro\/wp-json\/wp\/v2\/comments?post=15694"}],"version-history":[{"count":7,"href":"https:\/\/marekkuchcinski.pl\/ro\/wp-json\/wp\/v2\/posts\/15694\/revisions"}],"predecessor-version":[{"id":15764,"href":"https:\/\/marekkuchcinski.pl\/ro\/wp-json\/wp\/v2\/posts\/15694\/revisions\/15764"}],"wp:featuredmedia":[{"embeddable":true,"href":"https:\/\/marekkuchcinski.pl\/ro\/wp-json\/wp\/v2\/media\/15723"}],"wp:attachment":[{"href":"https:\/\/marekkuchcinski.pl\/ro\/wp-json\/wp\/v2\/media?parent=15694"}],"wp:term":[{"taxonomy":"category","embeddable":true,"href":"https:\/\/marekkuchcinski.pl\/ro\/wp-json\/wp\/v2\/categories?post=15694"},{"taxonomy":"post_tag","embeddable":true,"href":"https:\/\/marekkuchcinski.pl\/ro\/wp-json\/wp\/v2\/tags?post=15694"}],"curies":[{"name":"wp","href":"https:\/\/api.w.org\/{rel}","templated":true}]}}