{"id":15573,"date":"2019-05-23T15:15:41","date_gmt":"2019-05-23T13:15:41","guid":{"rendered":"https:\/\/marekkuchcinski.pl\/?p=15573"},"modified":"2019-05-23T15:15:43","modified_gmt":"2019-05-23T13:15:43","slug":"dobra-sytuacja-spoleczno-gospodarcza-przed-wyborami-do-parlamentu-europejskiego","status":"publish","type":"post","link":"https:\/\/marekkuchcinski.pl\/ro\/wydarzenia\/dobra-sytuacja-spoleczno-gospodarcza-przed-wyborami-do-parlamentu-europejskiego\/","title":{"rendered":"Situa\u021bie socio-economic\u0103 bun\u0103 \u00eenainte de alegerile pentru Parlamentul European"},"content":{"rendered":"<p><strong>Procentul celor care se declar\u0103 dispu\u0219i s\u0103 voteze pentru partidul Lege \u0219i Justi\u021bie la alegerile pentru Sejm a crescut cu 4 puncte procentuale (media \u00een luna mai era de aproximativ 44%). Potrivit sondajelor telefonice \u0219i online realizate de IBRIS, TNS, Ariadna, procentul celor care se declar\u0103 dispu\u0219i s\u0103 voteze pentru PO (23%) nu s-a schimbat; iar pentru a treia lun\u0103 consecutiv, sprijinul pentru Prim\u0103verii a sc\u0103zut (la 8% \u00een mai).<\/strong><\/p>\n\n\n\n<p>La alegerile europarlamentare, PiS are un\navantaj de 3 puncte procentuale fa\u021b\u0103 de Coali\u021bia European\u0103 (media ultimelor 5 ani).\nIBRIS, Ariadna, Kantar, anchete privind schimb\u0103rile sociale).<\/p>\n\n\n\n<p>De asemenea, s-a \u00eenregistrat o cre\u0219tere a indicelui actual al \u00eencrederii consumatorilor\n(sondaj CSO) - \u00een luna mai la 8,3 puncte (+1,1 puncte). Acesta este cel mai mare rezultat\n\u00een istoria sondajului (din 2004). De asemenea, optimismul consumatorilor a crescut vertiginos\n- cu 1,4 puncte, ajung\u00e2nd la 4,9 puncte (sondaj OSC).<\/p>\n\n\n\n<p>Principalii factori de cre\u0219tere sunt \u00eembun\u0103t\u0103\u021birea ratingurilor economiei \u021b\u0103rii \u0219i declinul\nperspectivele de cre\u0219tere a \u0219omajului. Consumatorii sunt mai predispu\u0219i s\u0103 se declare optimi\u0219ti dec\u00e2t\npesimism din mai 2017.<\/p>\n\n\n\n<p>De asemenea, merit\u0103 remarcat faptul c\u0103 dinamica v\u00e2nz\u0103rilor \u00een aprilie\neste cea mai mare din ultimii opt ani (rezultate raportate de Biroul Central de Statistic\u0103), mult peste cea de\na\u0219tept\u0103rile anali\u0219tilor de pia\u021b\u0103. Acest lucru este un rezultat al st\u0103rii bune a economiei, a veniturilor\n(sc\u0103derea \u0219omajului, pia\u021ba muncii favorabil\u0103 pentru angaja\u021bi). Rezultate\nv\u00e2nz\u0103rile sunt foarte bune, indiferent de efectul cump\u0103r\u0103turilor de Cr\u0103ciun. Astfel\nRezultatul este un indicator dur al unei bune politici economice \u0219i sociale.<\/p>\n\n\n\n<p>Reamintim c\u0103, \u00een prezent, conturile pensionarilor sunt creditate cu bani \u00een cadrul celei de-a 13-a pensii... De asemenea, urmeaz\u0103 o prelungire a programului 500 plus (din iulie)! <\/p>\n\n\n\n<p><em>mo<\/em><\/p>\n\n\n\n<p><\/p>","protected":false},"excerpt":{"rendered":"<p>O 4 punkty proc. wzr\u00f3s\u0142 odsetek deklaruj\u0105cych ch\u0119\u0107 g\u0142osowania na Prawo i Sprawiedliwo\u015b\u0107 w wyborach do Sejmu (\u015brednia w maju ok 44 proc.). Wed\u0142ug bada\u0144 telefonicznych i internetowych, przeprowadzonych przez IBRIS, TNS, Ariadna nie zmieni\u0142 si\u0119 odsetek deklaruj\u0105cych ch\u0119\u0107 g\u0142osowania na PO (23 proc.); a trzeci miesi\u0105c z kolei spad\u0142o poparcie Wiosny (do 8 proc. [&hellip;]<\/p>","protected":false},"author":6,"featured_media":15578,"comment_status":"open","ping_status":"open","sticky":false,"template":"","format":"standard","meta":{"ngg_post_thumbnail":0,"footnotes":""},"categories":[83,49,82,3],"tags":[],"class_list":["post-15573","post","type-post","status-publish","format-standard","has-post-thumbnail","hentry","category-badania-spoleczne","category-podkarpacie","category-prawo-i-sprawiedliwosc","category-wydarzenia"],"yoast_head":"<!-- This site is optimized with the Yoast SEO plugin v24.7 - https:\/\/yoast.com\/wordpress\/plugins\/seo\/ -->\n<title>Dobra sytuacja spo\u0142eczno-gospodarcza przed wyborami do Parlamentu Europejskiego &#8211; Marek Kuchci\u0144ski<\/title>\n<meta name=\"robots\" content=\"index, follow, max-snippet:-1, max-image-preview:large, max-video-preview:-1\" \/>\n<link rel=\"canonical\" href=\"https:\/\/marekkuchcinski.pl\/ro\/wydarzenia\/dobra-sytuacja-spoleczno-gospodarcza-przed-wyborami-do-parlamentu-europejskiego\/\" \/>\n<meta property=\"og:locale\" content=\"ro_RO\" \/>\n<meta property=\"og:type\" content=\"article\" \/>\n<meta property=\"og:title\" content=\"Dobra sytuacja spo\u0142eczno-gospodarcza przed wyborami do Parlamentu Europejskiego &#8211; Marek Kuchci\u0144ski\" \/>\n<meta property=\"og:description\" content=\"O 4 punkty proc. wzr\u00f3s\u0142 odsetek deklaruj\u0105cych ch\u0119\u0107 g\u0142osowania na Prawo i Sprawiedliwo\u015b\u0107 w wyborach do Sejmu (\u015brednia w maju ok 44 proc.). Wed\u0142ug bada\u0144 telefonicznych i internetowych, przeprowadzonych przez IBRIS, TNS, Ariadna nie zmieni\u0142 si\u0119 odsetek deklaruj\u0105cych ch\u0119\u0107 g\u0142osowania na PO (23 proc.); a trzeci miesi\u0105c z kolei spad\u0142o poparcie Wiosny (do 8 proc. [&hellip;]\" \/>\n<meta property=\"og:url\" content=\"https:\/\/marekkuchcinski.pl\/ro\/wydarzenia\/dobra-sytuacja-spoleczno-gospodarcza-przed-wyborami-do-parlamentu-europejskiego\/\" \/>\n<meta property=\"og:site_name\" content=\"Marek Kuchci\u0144ski\" \/>\n<meta property=\"article:published_time\" content=\"2019-05-23T13:15:41+00:00\" \/>\n<meta property=\"article:modified_time\" content=\"2019-05-23T13:15:43+00:00\" \/>\n<meta property=\"og:image\" content=\"https:\/\/marekkuchcinski.pl\/wp-content\/uploads\/2019\/05\/received_308044190069462-1024x673-1.jpeg\" \/>\n\t<meta property=\"og:image:width\" content=\"1024\" \/>\n\t<meta property=\"og:image:height\" content=\"673\" \/>\n\t<meta property=\"og:image:type\" content=\"image\/jpeg\" \/>\n<meta name=\"author\" content=\"admin\" \/>\n<meta name=\"twitter:card\" content=\"summary_large_image\" \/>\n<meta name=\"twitter:label1\" content=\"Scris de\" \/>\n\t<meta name=\"twitter:data1\" content=\"admin\" \/>\n\t<meta name=\"twitter:label2\" content=\"Timp estimat pentru citire\" \/>\n\t<meta name=\"twitter:data2\" content=\"1 minute\" \/>\n<script type=\"application\/ld+json\" class=\"yoast-schema-graph\">{\"@context\":\"https:\/\/schema.org\",\"@graph\":[{\"@type\":\"Article\",\"@id\":\"https:\/\/marekkuchcinski.pl\/en\/wydarzenia\/dobra-sytuacja-spoleczno-gospodarcza-przed-wyborami-do-parlamentu-europejskiego\/#article\",\"isPartOf\":{\"@id\":\"https:\/\/marekkuchcinski.pl\/en\/wydarzenia\/dobra-sytuacja-spoleczno-gospodarcza-przed-wyborami-do-parlamentu-europejskiego\/\"},\"author\":{\"name\":\"admin\",\"@id\":\"https:\/\/marekkuchcinski.pl\/#\/schema\/person\/6f62700996b4d950b6ea2d1183b6c6be\"},\"headline\":\"Dobra sytuacja spo\u0142eczno-gospodarcza przed wyborami do Parlamentu Europejskiego\",\"datePublished\":\"2019-05-23T13:15:41+00:00\",\"dateModified\":\"2019-05-23T13:15:43+00:00\",\"mainEntityOfPage\":{\"@id\":\"https:\/\/marekkuchcinski.pl\/en\/wydarzenia\/dobra-sytuacja-spoleczno-gospodarcza-przed-wyborami-do-parlamentu-europejskiego\/\"},\"wordCount\":254,\"commentCount\":0,\"publisher\":{\"@id\":\"https:\/\/marekkuchcinski.pl\/#organization\"},\"image\":{\"@id\":\"https:\/\/marekkuchcinski.pl\/en\/wydarzenia\/dobra-sytuacja-spoleczno-gospodarcza-przed-wyborami-do-parlamentu-europejskiego\/#primaryimage\"},\"thumbnailUrl\":\"https:\/\/marekkuchcinski.pl\/wp-content\/uploads\/2019\/05\/received_308044190069462-1024x673-1.jpeg\",\"articleSection\":[\"Badania spo\u0142eczne\",\"Podkarpacie\",\"Prawo i Sprawiedliwo\u015b\u0107\",\"Wydarzenia\"],\"inLanguage\":\"ro-RO\",\"potentialAction\":[{\"@type\":\"CommentAction\",\"name\":\"Comment\",\"target\":[\"https:\/\/marekkuchcinski.pl\/en\/wydarzenia\/dobra-sytuacja-spoleczno-gospodarcza-przed-wyborami-do-parlamentu-europejskiego\/#respond\"]}]},{\"@type\":\"WebPage\",\"@id\":\"https:\/\/marekkuchcinski.pl\/en\/wydarzenia\/dobra-sytuacja-spoleczno-gospodarcza-przed-wyborami-do-parlamentu-europejskiego\/\",\"url\":\"https:\/\/marekkuchcinski.pl\/en\/wydarzenia\/dobra-sytuacja-spoleczno-gospodarcza-przed-wyborami-do-parlamentu-europejskiego\/\",\"name\":\"Dobra sytuacja spo\u0142eczno-gospodarcza przed wyborami do Parlamentu Europejskiego &#8211; Marek Kuchci\u0144ski\",\"isPartOf\":{\"@id\":\"https:\/\/marekkuchcinski.pl\/#website\"},\"primaryImageOfPage\":{\"@id\":\"https:\/\/marekkuchcinski.pl\/en\/wydarzenia\/dobra-sytuacja-spoleczno-gospodarcza-przed-wyborami-do-parlamentu-europejskiego\/#primaryimage\"},\"image\":{\"@id\":\"https:\/\/marekkuchcinski.pl\/en\/wydarzenia\/dobra-sytuacja-spoleczno-gospodarcza-przed-wyborami-do-parlamentu-europejskiego\/#primaryimage\"},\"thumbnailUrl\":\"https:\/\/marekkuchcinski.pl\/wp-content\/uploads\/2019\/05\/received_308044190069462-1024x673-1.jpeg\",\"datePublished\":\"2019-05-23T13:15:41+00:00\",\"dateModified\":\"2019-05-23T13:15:43+00:00\",\"breadcrumb\":{\"@id\":\"https:\/\/marekkuchcinski.pl\/en\/wydarzenia\/dobra-sytuacja-spoleczno-gospodarcza-przed-wyborami-do-parlamentu-europejskiego\/#breadcrumb\"},\"inLanguage\":\"ro-RO\",\"potentialAction\":[{\"@type\":\"ReadAction\",\"target\":[\"https:\/\/marekkuchcinski.pl\/en\/wydarzenia\/dobra-sytuacja-spoleczno-gospodarcza-przed-wyborami-do-parlamentu-europejskiego\/\"]}]},{\"@type\":\"ImageObject\",\"inLanguage\":\"ro-RO\",\"@id\":\"https:\/\/marekkuchcinski.pl\/en\/wydarzenia\/dobra-sytuacja-spoleczno-gospodarcza-przed-wyborami-do-parlamentu-europejskiego\/#primaryimage\",\"url\":\"https:\/\/marekkuchcinski.pl\/wp-content\/uploads\/2019\/05\/received_308044190069462-1024x673-1.jpeg\",\"contentUrl\":\"https:\/\/marekkuchcinski.pl\/wp-content\/uploads\/2019\/05\/received_308044190069462-1024x673-1.jpeg\",\"width\":1024,\"height\":673},{\"@type\":\"BreadcrumbList\",\"@id\":\"https:\/\/marekkuchcinski.pl\/en\/wydarzenia\/dobra-sytuacja-spoleczno-gospodarcza-przed-wyborami-do-parlamentu-europejskiego\/#breadcrumb\",\"itemListElement\":[{\"@type\":\"ListItem\",\"position\":1,\"name\":\"Strona g\u0142\u00f3wna\",\"item\":\"https:\/\/marekkuchcinski.pl\/\"},{\"@type\":\"ListItem\",\"position\":2,\"name\":\"Dobra sytuacja spo\u0142eczno-gospodarcza przed wyborami do Parlamentu Europejskiego\"}]},{\"@type\":\"WebSite\",\"@id\":\"https:\/\/marekkuchcinski.pl\/#website\",\"url\":\"https:\/\/marekkuchcinski.pl\/\",\"name\":\"Marek Kuchci\u0144ski\",\"description\":\"Pose\u0142 na sejm RP &ndash; okr\u0119g nr 22\",\"publisher\":{\"@id\":\"https:\/\/marekkuchcinski.pl\/#organization\"},\"potentialAction\":[{\"@type\":\"SearchAction\",\"target\":{\"@type\":\"EntryPoint\",\"urlTemplate\":\"https:\/\/marekkuchcinski.pl\/?s={search_term_string}\"},\"query-input\":{\"@type\":\"PropertyValueSpecification\",\"valueRequired\":true,\"valueName\":\"search_term_string\"}}],\"inLanguage\":\"ro-RO\"},{\"@type\":\"Organization\",\"@id\":\"https:\/\/marekkuchcinski.pl\/#organization\",\"name\":\"Marek Kuchci\u0144ski\",\"url\":\"https:\/\/marekkuchcinski.pl\/\",\"logo\":{\"@type\":\"ImageObject\",\"inLanguage\":\"ro-RO\",\"@id\":\"https:\/\/marekkuchcinski.pl\/#\/schema\/logo\/image\/\",\"url\":\"https:\/\/marekkuchcinski.pl\/wp-content\/uploads\/2022\/09\/Marek.jpg\",\"contentUrl\":\"https:\/\/marekkuchcinski.pl\/wp-content\/uploads\/2022\/09\/Marek.jpg\",\"width\":1600,\"height\":971,\"caption\":\"Marek Kuchci\u0144ski\"},\"image\":{\"@id\":\"https:\/\/marekkuchcinski.pl\/#\/schema\/logo\/image\/\"}},{\"@type\":\"Person\",\"@id\":\"https:\/\/marekkuchcinski.pl\/#\/schema\/person\/6f62700996b4d950b6ea2d1183b6c6be\",\"name\":\"admin\",\"image\":{\"@type\":\"ImageObject\",\"inLanguage\":\"ro-RO\",\"@id\":\"https:\/\/marekkuchcinski.pl\/#\/schema\/person\/image\/\",\"url\":\"https:\/\/secure.gravatar.com\/avatar\/4bab693b9d55c3d6b52c0296a8765085?s=96&d=mm&r=g\",\"contentUrl\":\"https:\/\/secure.gravatar.com\/avatar\/4bab693b9d55c3d6b52c0296a8765085?s=96&d=mm&r=g\",\"caption\":\"admin\"},\"url\":\"https:\/\/marekkuchcinski.pl\/ro\/author\/marta-olejnik\/\"}]}<\/script>\n<!-- \/ Yoast SEO plugin. -->","yoast_head_json":{"title":"Dobra sytuacja spo\u0142eczno-gospodarcza przed wyborami do Parlamentu Europejskiego &#8211; Marek Kuchci\u0144ski","robots":{"index":"index","follow":"follow","max-snippet":"max-snippet:-1","max-image-preview":"max-image-preview:large","max-video-preview":"max-video-preview:-1"},"canonical":"https:\/\/marekkuchcinski.pl\/ro\/wydarzenia\/dobra-sytuacja-spoleczno-gospodarcza-przed-wyborami-do-parlamentu-europejskiego\/","og_locale":"ro_RO","og_type":"article","og_title":"Dobra sytuacja spo\u0142eczno-gospodarcza przed wyborami do Parlamentu Europejskiego &#8211; Marek Kuchci\u0144ski","og_description":"O 4 punkty proc. wzr\u00f3s\u0142 odsetek deklaruj\u0105cych ch\u0119\u0107 g\u0142osowania na Prawo i Sprawiedliwo\u015b\u0107 w wyborach do Sejmu (\u015brednia w maju ok 44 proc.). Wed\u0142ug bada\u0144 telefonicznych i internetowych, przeprowadzonych przez IBRIS, TNS, Ariadna nie zmieni\u0142 si\u0119 odsetek deklaruj\u0105cych ch\u0119\u0107 g\u0142osowania na PO (23 proc.); a trzeci miesi\u0105c z kolei spad\u0142o poparcie Wiosny (do 8 proc. [&hellip;]","og_url":"https:\/\/marekkuchcinski.pl\/ro\/wydarzenia\/dobra-sytuacja-spoleczno-gospodarcza-przed-wyborami-do-parlamentu-europejskiego\/","og_site_name":"Marek Kuchci\u0144ski","article_published_time":"2019-05-23T13:15:41+00:00","article_modified_time":"2019-05-23T13:15:43+00:00","og_image":[{"width":1024,"height":673,"url":"https:\/\/marekkuchcinski.pl\/wp-content\/uploads\/2019\/05\/received_308044190069462-1024x673-1.jpeg","type":"image\/jpeg"}],"author":"admin","twitter_card":"summary_large_image","twitter_misc":{"Scris de":"admin","Timp estimat pentru citire":"1 minute"},"schema":{"@context":"https:\/\/schema.org","@graph":[{"@type":"Article","@id":"https:\/\/marekkuchcinski.pl\/en\/wydarzenia\/dobra-sytuacja-spoleczno-gospodarcza-przed-wyborami-do-parlamentu-europejskiego\/#article","isPartOf":{"@id":"https:\/\/marekkuchcinski.pl\/en\/wydarzenia\/dobra-sytuacja-spoleczno-gospodarcza-przed-wyborami-do-parlamentu-europejskiego\/"},"author":{"name":"admin","@id":"https:\/\/marekkuchcinski.pl\/#\/schema\/person\/6f62700996b4d950b6ea2d1183b6c6be"},"headline":"Dobra sytuacja spo\u0142eczno-gospodarcza przed wyborami do Parlamentu Europejskiego","datePublished":"2019-05-23T13:15:41+00:00","dateModified":"2019-05-23T13:15:43+00:00","mainEntityOfPage":{"@id":"https:\/\/marekkuchcinski.pl\/en\/wydarzenia\/dobra-sytuacja-spoleczno-gospodarcza-przed-wyborami-do-parlamentu-europejskiego\/"},"wordCount":254,"commentCount":0,"publisher":{"@id":"https:\/\/marekkuchcinski.pl\/#organization"},"image":{"@id":"https:\/\/marekkuchcinski.pl\/en\/wydarzenia\/dobra-sytuacja-spoleczno-gospodarcza-przed-wyborami-do-parlamentu-europejskiego\/#primaryimage"},"thumbnailUrl":"https:\/\/marekkuchcinski.pl\/wp-content\/uploads\/2019\/05\/received_308044190069462-1024x673-1.jpeg","articleSection":["Badania spo\u0142eczne","Podkarpacie","Prawo i Sprawiedliwo\u015b\u0107","Wydarzenia"],"inLanguage":"ro-RO","potentialAction":[{"@type":"CommentAction","name":"Comment","target":["https:\/\/marekkuchcinski.pl\/en\/wydarzenia\/dobra-sytuacja-spoleczno-gospodarcza-przed-wyborami-do-parlamentu-europejskiego\/#respond"]}]},{"@type":"WebPage","@id":"https:\/\/marekkuchcinski.pl\/en\/wydarzenia\/dobra-sytuacja-spoleczno-gospodarcza-przed-wyborami-do-parlamentu-europejskiego\/","url":"https:\/\/marekkuchcinski.pl\/en\/wydarzenia\/dobra-sytuacja-spoleczno-gospodarcza-przed-wyborami-do-parlamentu-europejskiego\/","name":"Dobra sytuacja spo\u0142eczno-gospodarcza przed wyborami do Parlamentu Europejskiego &#8211; Marek Kuchci\u0144ski","isPartOf":{"@id":"https:\/\/marekkuchcinski.pl\/#website"},"primaryImageOfPage":{"@id":"https:\/\/marekkuchcinski.pl\/en\/wydarzenia\/dobra-sytuacja-spoleczno-gospodarcza-przed-wyborami-do-parlamentu-europejskiego\/#primaryimage"},"image":{"@id":"https:\/\/marekkuchcinski.pl\/en\/wydarzenia\/dobra-sytuacja-spoleczno-gospodarcza-przed-wyborami-do-parlamentu-europejskiego\/#primaryimage"},"thumbnailUrl":"https:\/\/marekkuchcinski.pl\/wp-content\/uploads\/2019\/05\/received_308044190069462-1024x673-1.jpeg","datePublished":"2019-05-23T13:15:41+00:00","dateModified":"2019-05-23T13:15:43+00:00","breadcrumb":{"@id":"https:\/\/marekkuchcinski.pl\/en\/wydarzenia\/dobra-sytuacja-spoleczno-gospodarcza-przed-wyborami-do-parlamentu-europejskiego\/#breadcrumb"},"inLanguage":"ro-RO","potentialAction":[{"@type":"ReadAction","target":["https:\/\/marekkuchcinski.pl\/en\/wydarzenia\/dobra-sytuacja-spoleczno-gospodarcza-przed-wyborami-do-parlamentu-europejskiego\/"]}]},{"@type":"ImageObject","inLanguage":"ro-RO","@id":"https:\/\/marekkuchcinski.pl\/en\/wydarzenia\/dobra-sytuacja-spoleczno-gospodarcza-przed-wyborami-do-parlamentu-europejskiego\/#primaryimage","url":"https:\/\/marekkuchcinski.pl\/wp-content\/uploads\/2019\/05\/received_308044190069462-1024x673-1.jpeg","contentUrl":"https:\/\/marekkuchcinski.pl\/wp-content\/uploads\/2019\/05\/received_308044190069462-1024x673-1.jpeg","width":1024,"height":673},{"@type":"BreadcrumbList","@id":"https:\/\/marekkuchcinski.pl\/en\/wydarzenia\/dobra-sytuacja-spoleczno-gospodarcza-przed-wyborami-do-parlamentu-europejskiego\/#breadcrumb","itemListElement":[{"@type":"ListItem","position":1,"name":"Strona g\u0142\u00f3wna","item":"https:\/\/marekkuchcinski.pl\/"},{"@type":"ListItem","position":2,"name":"Dobra sytuacja spo\u0142eczno-gospodarcza przed wyborami do Parlamentu Europejskiego"}]},{"@type":"WebSite","@id":"https:\/\/marekkuchcinski.pl\/#website","url":"https:\/\/marekkuchcinski.pl\/","name":"Marek Kuchci\u0144ski","description":"Pose\u0142 na sejm RP &ndash; okr\u0119g nr 22","publisher":{"@id":"https:\/\/marekkuchcinski.pl\/#organization"},"potentialAction":[{"@type":"SearchAction","target":{"@type":"EntryPoint","urlTemplate":"https:\/\/marekkuchcinski.pl\/?s={search_term_string}"},"query-input":{"@type":"PropertyValueSpecification","valueRequired":true,"valueName":"search_term_string"}}],"inLanguage":"ro-RO"},{"@type":"Organization","@id":"https:\/\/marekkuchcinski.pl\/#organization","name":"Marek Kuchci\u0144ski","url":"https:\/\/marekkuchcinski.pl\/","logo":{"@type":"ImageObject","inLanguage":"ro-RO","@id":"https:\/\/marekkuchcinski.pl\/#\/schema\/logo\/image\/","url":"https:\/\/marekkuchcinski.pl\/wp-content\/uploads\/2022\/09\/Marek.jpg","contentUrl":"https:\/\/marekkuchcinski.pl\/wp-content\/uploads\/2022\/09\/Marek.jpg","width":1600,"height":971,"caption":"Marek Kuchci\u0144ski"},"image":{"@id":"https:\/\/marekkuchcinski.pl\/#\/schema\/logo\/image\/"}},{"@type":"Person","@id":"https:\/\/marekkuchcinski.pl\/#\/schema\/person\/6f62700996b4d950b6ea2d1183b6c6be","name":"admin","image":{"@type":"ImageObject","inLanguage":"ro-RO","@id":"https:\/\/marekkuchcinski.pl\/#\/schema\/person\/image\/","url":"https:\/\/secure.gravatar.com\/avatar\/4bab693b9d55c3d6b52c0296a8765085?s=96&d=mm&r=g","contentUrl":"https:\/\/secure.gravatar.com\/avatar\/4bab693b9d55c3d6b52c0296a8765085?s=96&d=mm&r=g","caption":"admin"},"url":"https:\/\/marekkuchcinski.pl\/ro\/author\/marta-olejnik\/"}]}},"_links":{"self":[{"href":"https:\/\/marekkuchcinski.pl\/ro\/wp-json\/wp\/v2\/posts\/15573","targetHints":{"allow":["GET"]}}],"collection":[{"href":"https:\/\/marekkuchcinski.pl\/ro\/wp-json\/wp\/v2\/posts"}],"about":[{"href":"https:\/\/marekkuchcinski.pl\/ro\/wp-json\/wp\/v2\/types\/post"}],"author":[{"embeddable":true,"href":"https:\/\/marekkuchcinski.pl\/ro\/wp-json\/wp\/v2\/users\/6"}],"replies":[{"embeddable":true,"href":"https:\/\/marekkuchcinski.pl\/ro\/wp-json\/wp\/v2\/comments?post=15573"}],"version-history":[{"count":4,"href":"https:\/\/marekkuchcinski.pl\/ro\/wp-json\/wp\/v2\/posts\/15573\/revisions"}],"predecessor-version":[{"id":15580,"href":"https:\/\/marekkuchcinski.pl\/ro\/wp-json\/wp\/v2\/posts\/15573\/revisions\/15580"}],"wp:featuredmedia":[{"embeddable":true,"href":"https:\/\/marekkuchcinski.pl\/ro\/wp-json\/wp\/v2\/media\/15578"}],"wp:attachment":[{"href":"https:\/\/marekkuchcinski.pl\/ro\/wp-json\/wp\/v2\/media?parent=15573"}],"wp:term":[{"taxonomy":"category","embeddable":true,"href":"https:\/\/marekkuchcinski.pl\/ro\/wp-json\/wp\/v2\/categories?post=15573"},{"taxonomy":"post_tag","embeddable":true,"href":"https:\/\/marekkuchcinski.pl\/ro\/wp-json\/wp\/v2\/tags?post=15573"}],"curies":[{"name":"wp","href":"https:\/\/api.w.org\/{rel}","templated":true}]}}