{"id":15545,"date":"2019-05-19T16:06:10","date_gmt":"2019-05-19T14:06:10","guid":{"rendered":"https:\/\/marekkuchcinski.pl\/?p=15545"},"modified":"2019-05-19T16:21:14","modified_gmt":"2019-05-19T14:21:14","slug":"i-forum-polsko-wegierskie-z-udzialem-marszalka-sejmu-w-trosce-o-poprawe-jakosci-zycia-w-europie-srodkowej","status":"publish","type":"post","link":"https:\/\/marekkuchcinski.pl\/ro\/wydarzenia\/i-forum-polsko-wegierskie-z-udzialem-marszalka-sejmu-w-trosce-o-poprawe-jakosci-zycia-w-europie-srodkowej\/","title":{"rendered":"Primul Forum polono-ungar cu participarea pre\u0219edintelui Sejm-ului. \"De dragul \u00eembun\u0103t\u0103\u021birii calit\u0103\u021bii vie\u021bii \u00een Europa Central\u0103\"."},"content":{"rendered":"<p>\u00cen perioada 18-19 mai, Stary S\u0105cz a devenit locul de desf\u0103\u0219urare a unei dezbateri privind rela\u021biile polono-ungare, cooperarea existent\u0103 \u00eentre cele dou\u0103 \u021b\u0103ri \u0219i modalit\u0103\u021bile de a o revigora prin prisma considera\u021biilor geopolitice. Principalele teme ale evenimentului au fost activit\u0103\u021bile comune \u00een domeniile economiei, politicii externe, culturii, securit\u0103\u021bii \u0219i politicii sociale.<\/p>\n\n\n\n<p>Centrul Ada Sari pentru Cultur\u0103 \u0219i Arte \u0219i Biroul pentru Ora\u0219 \u0219i Municipalitate din Stary S\u0105cz au g\u0103zduit personalit\u0103\u021bi importante din politica \u0219i mediul de afaceri polonez \u0219i maghiar, diploma\u021bi, reprezentan\u021bi ai autorit\u0103\u021bilor locale, organiza\u021bii neguvernamentale \u0219i exper\u021bi din centre interna\u021bionale de cercetare, grupuri de reflec\u021bie \u0219i centre. Au venit aproximativ 250 de participan\u021bi din Polonia, Ungaria \u0219i alte \u021b\u0103ri din regiune.<\/p>\n\n\n\n<p>Forumul a inclus 10 mese rotunde \u0219i ateliere tematice. Punctul culminant al evenimentului a fost sesiunea plenar\u0103 \"De dragul \u00eembun\u0103t\u0103\u021birii calit\u0103\u021bii vie\u021bii \u00een Europa Central\u0103. Fundamentele pentru construirea unui stat social\", cu participarea pre\u0219edintelui Sejm Marek Kuchcinski \u0219i a pre\u0219edintelui Comisiei pentru afaceri europene a Adun\u0103rii Na\u021bionale Maghiare, Rich\u00e1rd H\u00f6rcsik. Pre\u0219edintele Sejm-ului a subliniat c\u0103 sistemul construit pe baza cre\u0219tinismului este cel mai important pentru civiliza\u021bia noastr\u0103. - Atrag aten\u021bia asupra unui domeniu axiologic - conceptul de libertate. \u00cen urm\u0103 cu 30 de ani, am luptat pentru ea \u0219i am c\u00e2\u0219tigat-o. F\u0103r\u0103 libertate, inclusiv cea spiritual\u0103, nu putem vorbi de o form\u0103 de prosperitate. O pia\u021b\u0103 f\u0103r\u0103 suflet nu este doar un joc de tipul \"cine c\u00e2\u0219tig\u0103 c\u00e2t c\u00e2\u0219tig\u0103\", a declarat Marek Kuchci\u0144ski.<\/p>\n\n\n\n<p>La r\u00e2ndul s\u0103u, pre\u0219edintele H\u00f6rcsik a subliniat - relu\u00e2nd cuvintele premierului ungar Viktor Orb\u00e1n - c\u0103 regiunea celor Patru de la Vi\u0219egrad nu poate fi ignorat\u0103 \u00een procesul de schimbare \u0219i dezvoltare a Uniunii Europene. - Viitorul Europei este Europa Central\u0103. Merit\u0103 s\u0103 ne amintim cuvintele p\u0103rintelui fondator al Uniunii, Robert Schuman, care a spus c\u0103 fie Europa va fi cre\u0219tin\u0103, fie nu va fi nimic\", a subliniat politicianul maghiar.<\/p>\n\n\n\n<p>Stary S\u0105cz, ora\u0219ul gazd\u0103 al primului Forum, nu a fost ales \u00eent\u00e2mpl\u0103tor. Sf\u00e2nta patroan\u0103 a ora\u0219ului este fiica regelui Ungariei - Sf\u00e2nta Kinga, \"mama\" rela\u021biilor polono-maghiare care dureaz\u0103 de aproape o mie de ani. - Acesta este un loc \u00een care istoria rela\u021biilor dintre cele dou\u0103 \u021b\u0103ri este foarte puternic resim\u021bit\u0103 \u0219i ne ofer\u0103 o \u0219ans\u0103 de a ne inspira din ceea ce este mai bun din istoria noastr\u0103\", a apreciat pre\u0219edintele Consiliului de Program al Forumului Economic de la Krynica, Zygmunt Berdychowski, co-organizator al Forumului.<\/p>\n\n\n\n<p>\u00cen prima zi a Forumului, \u00een cadrul unei ceremonii de gal\u0103 au fost premiate personalit\u0103\u021bi \u0219i institu\u021bii remarcabile din Polonia \u0219i Ungaria care au contribuit la promovarea valorilor comune \u00een Europa \u0219i \u00een lume \u0219i care au influen\u021bat dezvoltarea cooper\u0103rii \u0219i \u00een\u021belegerii \u00eentre cele dou\u0103 na\u021biuni. Premiul pentru angajamentul fa\u021b\u0103 de marele proiect: Europa Carpa\u021bilor \u0219i activit\u0103\u021bile pentru investi\u021bii transfrontaliere Via Carpatia a fost acordat pre\u0219edintelui Sejm Marek Kuchcinski. - Merit\u0103 s\u0103 cooper\u0103m cu Ungaria, pentru c\u0103 una dintre r\u0103d\u0103cinile istoriei noastre parlamentare este bula maghiar\u0103 de aur din 1267, care a acordat privilegii nobilimii maghiare, iar mai t\u00e2rziu nobilimea noastr\u0103 a \u00eenceput s\u0103 le cear\u0103 de la regele Ludovic al Ungariei, ceea ce a avut loc la Ko\u0161ice c\u00e2teva decenii mai t\u00e2rziu. Am creat apoi Republica Parlamentar\u0103 \u0219i istoria parlamentarismului, despre care Ioan Paul al II-lea spunea: \"de la Uniunea din Lublin la Uniunea European\u0103\". Aceasta este o onoare pentru \u00eentreaga echip\u0103 care lucreaz\u0103 de mul\u021bi ani pentru Carpathian Europe\", a declarat pre\u0219edintele Sejm-ului.<\/p>\n\n\n\n<p>De asemenea, premiul a fost acordat consulului general al Ungariei, Adrienne K\u00f6rmendy, pentru \u00eentreaga sa activitate de consolidare a rela\u021biilor polono-ungare. Premiile separate \"Regio Tandem\" au fost acordate reprezentan\u021bilor ora\u0219elor \u0219i municipalit\u0103\u021bilor care coopereaz\u0103 \u00eentr-un mod special cu omologii lor maghiari \u0219i polonezi, contribuind astfel la consolidarea rela\u021biilor dintre Polonia \u0219i Ungaria. Au fost premia\u021bi primarul ora\u0219ului Krosno, Piotr Przytocki, \u0219i Ferenc Ruzsics, primarul ora\u0219ului Keszthely. \u00cen aceste ora\u0219e au fost realizate cele mai bune proiecte de \u00eenfr\u0103\u021bire.<\/p>\n\n\n\n<p>Cooperarea parlamentar\u0103 dintre Polonia \u0219i Ungaria a fost, de asemenea, men\u021bionat\u0103 \u00een programul Forumului. Dup\u0103 cum a evaluat mare\u0219alul Kuchci\u0144ski, funda\u021biile sale au fost re\u00eennoite. - Suntem \u00een UE de 15 ani, dar cooperarea polono-ungar\u0103 a \u00eenceput abia acum patru ani. Grupul de la Vi\u0219egrad a fost activ, dar efectul nu a fost acolo. Discut\u0103m de mul\u021bi ani despre necesitatea de a construi o comunicare Nord-Sud \u00een Europa Central\u0103, nu doar Est-Vest. Acest lucru este de recuperare. Dorim ca to\u021bi polonezii s\u0103 beneficieze de bunurile comune ale Uniunii Europene la fel de mult ca \u0219i ceilal\u021bi.<\/p>\n\n\n\n<p>Pe l\u00e2ng\u0103 discu\u021biile de grup privind, printre altele: investi\u021biile \u00een \u0219tiin\u021b\u0103, educa\u021bie \u0219i infrastructur\u0103, interesele politice comune ale Var\u0219oviei \u0219i Budapestei, modalit\u0103\u021bile de protejare a patrimoniului natural comun al Carpa\u021bilor, beneficiile cooper\u0103rii interna\u021bionale \u00eentre ora\u0219e \u0219i municipalit\u0103\u021bi \u0219i schimbul de experien\u021b\u0103 \u00een ceea ce prive\u0219te investi\u021biile directe \u0219i indirecte \u00een regiuni, au avut loc \u0219i ateliere de lucru tematice care au avut ca scop cunoa\u0219terea punctelor forte \u0219i a punctelor slabe ale ini\u021biativelor \u00een curs de desf\u0103\u0219urare \u00een cadrul ora\u0219elor \u00eenfr\u0103\u021bite polono-ungare. Desertul muzical al primei zile a Forumului a fost un spectacol artistic sus\u021binut de forma\u021bia Embassy Folk.<\/p>\n\n\n\n<p>Cea de-a doua zi a Forumului a fost marcat\u0103 de dezbateri pe teme precum cunoa\u0219terea reciproc\u0103 prin cultur\u0103, schimbul de experien\u021b\u0103 \u00een materie de investi\u021bii \u00een regiuni, modalit\u0103\u021bi de promovare eficient\u0103 a turismului, cu invitatul special Tomasz Sakiewicz, \u0219i cooperarea dintre cele dou\u0103 \u021b\u0103ri \u00een domeniul inov\u0103rii.<\/p>\n\n\n\n<p>\u00cen acea zi, pre\u0219edintele Sejm-ului a vizitat Limanowa, la cel mai mare Cimitir de R\u0103zboi din zon\u0103, nr. 368 de pe Jablonec, unde au fost \u00eenmorm\u00e2nta\u021bi participan\u021bii la luptele pentru dealul fortificat de ru\u0219i, printre care \u0219i colonelul maghiar, comandantul husarilor Othmar Muhr. Exist\u0103, de asemenea, o capel\u0103-mausoleu neorenascentist\u0103 care \u00eei poart\u0103 numele \u0219i un monument \u00een memoria sa, la care pre\u0219edintele Sejm-ului a depus flori. Aceasta a fost urmat\u0103 de o slujb\u0103 la altarul papal din Stary S\u0105cz \u0219i de un concert sus\u021binut de forma\u021bia Jozsef Terek and Friends.<\/p>\n\n\n\n<p>Primul Forum Polonia-Ungaria este un r\u0103spuns la nevoia de a crea un spa\u021biu de \u00eent\u00e2lnire pentru comunitatea interna\u021bional\u0103 a liderilor din \u021b\u0103rile din regiune, cu scopul de a intensifica investi\u021biile, de a atrage afaceri, precum \u0219i de a sprijini cercetarea \u0219i schimburile culturale \u00een Europa Central\u0103.<\/p>\n\n\n\n<p><em>CIS<\/em><\/p>\n\n\n\n<p><em>Foto: \u0141ukasz B\u0142asikiewicz<\/em><\/p>\n\n\n\n<figure class=\"wp-block-image\"><img fetchpriority=\"high\" decoding=\"async\" width=\"1024\" height=\"682\" src=\"https:\/\/marekkuchcinski.pl\/wp-content\/uploads\/2019\/05\/D63_mxCX4AAAkd2-1024x682.jpg\" alt=\"\" class=\"wp-image-15546\" srcset=\"https:\/\/marekkuchcinski.pl\/wp-content\/uploads\/2019\/05\/D63_mxCX4AAAkd2-1024x682.jpg 1024w, https:\/\/marekkuchcinski.pl\/wp-content\/uploads\/2019\/05\/D63_mxCX4AAAkd2-300x200.jpg 300w, https:\/\/marekkuchcinski.pl\/wp-content\/uploads\/2019\/05\/D63_mxCX4AAAkd2-768x511.jpg 768w, https:\/\/marekkuchcinski.pl\/wp-content\/uploads\/2019\/05\/D63_mxCX4AAAkd2.jpg 1200w\" sizes=\"(max-width: 1024px) 100vw, 1024px\" \/><\/figure>\n\n\n\n<figure class=\"wp-block-image\"><img decoding=\"async\" width=\"800\" height=\"533\" src=\"https:\/\/marekkuchcinski.pl\/wp-content\/uploads\/2019\/05\/resize_LB1_1976.view_.jpg\" alt=\"\" class=\"wp-image-15547\" srcset=\"https:\/\/marekkuchcinski.pl\/wp-content\/uploads\/2019\/05\/resize_LB1_1976.view_.jpg 800w, https:\/\/marekkuchcinski.pl\/wp-content\/uploads\/2019\/05\/resize_LB1_1976.view_-300x200.jpg 300w, https:\/\/marekkuchcinski.pl\/wp-content\/uploads\/2019\/05\/resize_LB1_1976.view_-768x512.jpg 768w\" sizes=\"(max-width: 800px) 100vw, 800px\" \/><\/figure>\n\n\n\n<figure class=\"wp-block-image\"><img decoding=\"async\" width=\"800\" height=\"533\" src=\"https:\/\/marekkuchcinski.pl\/wp-content\/uploads\/2019\/05\/resize_LB1_1743.view_.jpg\" alt=\"\" class=\"wp-image-15549\" srcset=\"https:\/\/marekkuchcinski.pl\/wp-content\/uploads\/2019\/05\/resize_LB1_1743.view_.jpg 800w, https:\/\/marekkuchcinski.pl\/wp-content\/uploads\/2019\/05\/resize_LB1_1743.view_-300x200.jpg 300w, https:\/\/marekkuchcinski.pl\/wp-content\/uploads\/2019\/05\/resize_LB1_1743.view_-768x512.jpg 768w\" sizes=\"(max-width: 800px) 100vw, 800px\" \/><\/figure>\n\n\n\n<figure class=\"wp-block-image\"><img loading=\"lazy\" decoding=\"async\" width=\"800\" height=\"532\" src=\"https:\/\/marekkuchcinski.pl\/wp-content\/uploads\/2019\/05\/resize_LB1_1479.view_.jpg\" alt=\"\" class=\"wp-image-15550\" srcset=\"https:\/\/marekkuchcinski.pl\/wp-content\/uploads\/2019\/05\/resize_LB1_1479.view_.jpg 800w, https:\/\/marekkuchcinski.pl\/wp-content\/uploads\/2019\/05\/resize_LB1_1479.view_-300x200.jpg 300w, https:\/\/marekkuchcinski.pl\/wp-content\/uploads\/2019\/05\/resize_LB1_1479.view_-768x511.jpg 768w\" sizes=\"(max-width: 800px) 100vw, 800px\" \/><\/figure>\n\n\n\n<figure class=\"wp-block-image\"><img loading=\"lazy\" decoding=\"async\" width=\"800\" height=\"533\" src=\"https:\/\/marekkuchcinski.pl\/wp-content\/uploads\/2019\/05\/LB1_2458.view_.jpg\" alt=\"\" class=\"wp-image-15553\" srcset=\"https:\/\/marekkuchcinski.pl\/wp-content\/uploads\/2019\/05\/LB1_2458.view_.jpg 800w, https:\/\/marekkuchcinski.pl\/wp-content\/uploads\/2019\/05\/LB1_2458.view_-300x200.jpg 300w, https:\/\/marekkuchcinski.pl\/wp-content\/uploads\/2019\/05\/LB1_2458.view_-768x512.jpg 768w\" sizes=\"(max-width: 800px) 100vw, 800px\" \/><\/figure>\n\n\n\n<figure class=\"wp-block-image\"><img loading=\"lazy\" decoding=\"async\" width=\"800\" height=\"533\" src=\"https:\/\/marekkuchcinski.pl\/wp-content\/uploads\/2019\/05\/LB1_2517.view_.jpg\" alt=\"\" class=\"wp-image-15558\" srcset=\"https:\/\/marekkuchcinski.pl\/wp-content\/uploads\/2019\/05\/LB1_2517.view_.jpg 800w, https:\/\/marekkuchcinski.pl\/wp-content\/uploads\/2019\/05\/LB1_2517.view_-300x200.jpg 300w, https:\/\/marekkuchcinski.pl\/wp-content\/uploads\/2019\/05\/LB1_2517.view_-768x512.jpg 768w\" sizes=\"(max-width: 800px) 100vw, 800px\" \/><\/figure>\n\n\n\n<figure class=\"wp-block-image\"><img loading=\"lazy\" decoding=\"async\" width=\"800\" height=\"533\" src=\"https:\/\/marekkuchcinski.pl\/wp-content\/uploads\/2019\/05\/LB1_2350.view_.jpg\" alt=\"\" class=\"wp-image-15557\" srcset=\"https:\/\/marekkuchcinski.pl\/wp-content\/uploads\/2019\/05\/LB1_2350.view_.jpg 800w, https:\/\/marekkuchcinski.pl\/wp-content\/uploads\/2019\/05\/LB1_2350.view_-300x200.jpg 300w, https:\/\/marekkuchcinski.pl\/wp-content\/uploads\/2019\/05\/LB1_2350.view_-768x512.jpg 768w\" sizes=\"(max-width: 800px) 100vw, 800px\" \/><\/figure>\n\n\n\n<figure class=\"wp-block-image\"><img decoding=\"async\" src=\"blob:https:\/\/marekkuchcinski.pl\/36110189-a518-4227-83e0-1e371cd2684a\" alt=\"\"\/><\/figure>","protected":false},"excerpt":{"rendered":"<p>W dniach 18-19 maja Stary S\u0105cz sta\u0142 si\u0119 miejscem debaty o relacjach polsko-w\u0119gierskich, dotychczasowej wsp\u00f3\u0142pracy obu kraj\u00f3w i sposobach jej o\u017cywienia przez pryzmat uwarunkowa\u0144 geopolitycznych. Tematami przewodnimi wydarzenia by\u0142y wsp\u00f3lne dzia\u0142ania w obszarze gospodarki, polityki zagranicznej, kultury, bezpiecze\u0144stwa oraz polityki spo\u0142ecznej. W Centrum Kultury i Sztuki im. Ady Sari oraz w Urz\u0119dzie Miasta i Gminy [&hellip;]<\/p>","protected":false},"author":6,"featured_media":15547,"comment_status":"open","ping_status":"open","sticky":false,"template":"","format":"standard","meta":{"ngg_post_thumbnail":0,"footnotes":""},"categories":[50,3],"tags":[],"class_list":["post-15545","post","type-post","status-publish","format-standard","has-post-thumbnail","hentry","category-wspolpraca-miedzynarodowa","category-wydarzenia"],"yoast_head":"<!-- This site is optimized with the Yoast SEO plugin v24.7 - https:\/\/yoast.com\/wordpress\/plugins\/seo\/ -->\n<title>I Forum Polsko-W\u0119gierskie z udzia\u0142em Marsza\u0142ka Sejmu. \u201eW trosce o popraw\u0119 jako\u015bci \u017cycia w Europie \u015arodkowej&quot; &#8211; Marek Kuchci\u0144ski<\/title>\n<meta name=\"robots\" content=\"index, follow, max-snippet:-1, max-image-preview:large, max-video-preview:-1\" \/>\n<link rel=\"canonical\" href=\"https:\/\/marekkuchcinski.pl\/ro\/wydarzenia\/i-forum-polsko-wegierskie-z-udzialem-marszalka-sejmu-w-trosce-o-poprawe-jakosci-zycia-w-europie-srodkowej\/\" \/>\n<meta property=\"og:locale\" content=\"ro_RO\" \/>\n<meta property=\"og:type\" content=\"article\" \/>\n<meta property=\"og:title\" content=\"I Forum Polsko-W\u0119gierskie z udzia\u0142em Marsza\u0142ka Sejmu. \u201eW trosce o popraw\u0119 jako\u015bci \u017cycia w Europie \u015arodkowej&quot; &#8211; Marek Kuchci\u0144ski\" \/>\n<meta property=\"og:description\" content=\"W dniach 18-19 maja Stary S\u0105cz sta\u0142 si\u0119 miejscem debaty o relacjach polsko-w\u0119gierskich, dotychczasowej wsp\u00f3\u0142pracy obu kraj\u00f3w i sposobach jej o\u017cywienia przez pryzmat uwarunkowa\u0144 geopolitycznych. Tematami przewodnimi wydarzenia by\u0142y wsp\u00f3lne dzia\u0142ania w obszarze gospodarki, polityki zagranicznej, kultury, bezpiecze\u0144stwa oraz polityki spo\u0142ecznej. W Centrum Kultury i Sztuki im. Ady Sari oraz w Urz\u0119dzie Miasta i Gminy [&hellip;]\" \/>\n<meta property=\"og:url\" content=\"https:\/\/marekkuchcinski.pl\/ro\/wydarzenia\/i-forum-polsko-wegierskie-z-udzialem-marszalka-sejmu-w-trosce-o-poprawe-jakosci-zycia-w-europie-srodkowej\/\" \/>\n<meta property=\"og:site_name\" content=\"Marek Kuchci\u0144ski\" \/>\n<meta property=\"article:published_time\" content=\"2019-05-19T14:06:10+00:00\" \/>\n<meta property=\"article:modified_time\" content=\"2019-05-19T14:21:14+00:00\" \/>\n<meta property=\"og:image\" content=\"https:\/\/marekkuchcinski.pl\/wp-content\/uploads\/2019\/05\/resize_LB1_1976.view_.jpg\" \/>\n\t<meta property=\"og:image:width\" content=\"800\" \/>\n\t<meta property=\"og:image:height\" content=\"533\" \/>\n\t<meta property=\"og:image:type\" content=\"image\/jpeg\" \/>\n<meta name=\"author\" content=\"admin\" \/>\n<meta name=\"twitter:card\" content=\"summary_large_image\" \/>\n<meta name=\"twitter:label1\" content=\"Scris de\" \/>\n\t<meta name=\"twitter:data1\" content=\"admin\" \/>\n\t<meta name=\"twitter:label2\" content=\"Timp estimat pentru citire\" \/>\n\t<meta name=\"twitter:data2\" content=\"5 minutes\" \/>\n<script type=\"application\/ld+json\" class=\"yoast-schema-graph\">{\"@context\":\"https:\/\/schema.org\",\"@graph\":[{\"@type\":\"Article\",\"@id\":\"https:\/\/marekkuchcinski.pl\/sk\/wydarzenia\/i-forum-polsko-wegierskie-z-udzialem-marszalka-sejmu-w-trosce-o-poprawe-jakosci-zycia-w-europie-srodkowej\/#article\",\"isPartOf\":{\"@id\":\"https:\/\/marekkuchcinski.pl\/sk\/wydarzenia\/i-forum-polsko-wegierskie-z-udzialem-marszalka-sejmu-w-trosce-o-poprawe-jakosci-zycia-w-europie-srodkowej\/\"},\"author\":{\"name\":\"admin\",\"@id\":\"https:\/\/marekkuchcinski.pl\/#\/schema\/person\/6f62700996b4d950b6ea2d1183b6c6be\"},\"headline\":\"I Forum Polsko-W\u0119gierskie z udzia\u0142em Marsza\u0142ka Sejmu. \u201eW trosce o popraw\u0119 jako\u015bci \u017cycia w Europie \u015arodkowej&#8221;\",\"datePublished\":\"2019-05-19T14:06:10+00:00\",\"dateModified\":\"2019-05-19T14:21:14+00:00\",\"mainEntityOfPage\":{\"@id\":\"https:\/\/marekkuchcinski.pl\/sk\/wydarzenia\/i-forum-polsko-wegierskie-z-udzialem-marszalka-sejmu-w-trosce-o-poprawe-jakosci-zycia-w-europie-srodkowej\/\"},\"wordCount\":1067,\"commentCount\":0,\"publisher\":{\"@id\":\"https:\/\/marekkuchcinski.pl\/#organization\"},\"image\":{\"@id\":\"https:\/\/marekkuchcinski.pl\/sk\/wydarzenia\/i-forum-polsko-wegierskie-z-udzialem-marszalka-sejmu-w-trosce-o-poprawe-jakosci-zycia-w-europie-srodkowej\/#primaryimage\"},\"thumbnailUrl\":\"https:\/\/marekkuchcinski.pl\/wp-content\/uploads\/2019\/05\/resize_LB1_1976.view_.jpg\",\"articleSection\":[\"Wsp\u00f3\u0142praca mi\u0119dzynarodowa\",\"Wydarzenia\"],\"inLanguage\":\"ro-RO\",\"potentialAction\":[{\"@type\":\"CommentAction\",\"name\":\"Comment\",\"target\":[\"https:\/\/marekkuchcinski.pl\/sk\/wydarzenia\/i-forum-polsko-wegierskie-z-udzialem-marszalka-sejmu-w-trosce-o-poprawe-jakosci-zycia-w-europie-srodkowej\/#respond\"]}]},{\"@type\":\"WebPage\",\"@id\":\"https:\/\/marekkuchcinski.pl\/sk\/wydarzenia\/i-forum-polsko-wegierskie-z-udzialem-marszalka-sejmu-w-trosce-o-poprawe-jakosci-zycia-w-europie-srodkowej\/\",\"url\":\"https:\/\/marekkuchcinski.pl\/sk\/wydarzenia\/i-forum-polsko-wegierskie-z-udzialem-marszalka-sejmu-w-trosce-o-poprawe-jakosci-zycia-w-europie-srodkowej\/\",\"name\":\"I Forum Polsko-W\u0119gierskie z udzia\u0142em Marsza\u0142ka Sejmu. \u201eW trosce o popraw\u0119 jako\u015bci \u017cycia w Europie \u015arodkowej\\\" &#8211; Marek Kuchci\u0144ski\",\"isPartOf\":{\"@id\":\"https:\/\/marekkuchcinski.pl\/#website\"},\"primaryImageOfPage\":{\"@id\":\"https:\/\/marekkuchcinski.pl\/sk\/wydarzenia\/i-forum-polsko-wegierskie-z-udzialem-marszalka-sejmu-w-trosce-o-poprawe-jakosci-zycia-w-europie-srodkowej\/#primaryimage\"},\"image\":{\"@id\":\"https:\/\/marekkuchcinski.pl\/sk\/wydarzenia\/i-forum-polsko-wegierskie-z-udzialem-marszalka-sejmu-w-trosce-o-poprawe-jakosci-zycia-w-europie-srodkowej\/#primaryimage\"},\"thumbnailUrl\":\"https:\/\/marekkuchcinski.pl\/wp-content\/uploads\/2019\/05\/resize_LB1_1976.view_.jpg\",\"datePublished\":\"2019-05-19T14:06:10+00:00\",\"dateModified\":\"2019-05-19T14:21:14+00:00\",\"breadcrumb\":{\"@id\":\"https:\/\/marekkuchcinski.pl\/sk\/wydarzenia\/i-forum-polsko-wegierskie-z-udzialem-marszalka-sejmu-w-trosce-o-poprawe-jakosci-zycia-w-europie-srodkowej\/#breadcrumb\"},\"inLanguage\":\"ro-RO\",\"potentialAction\":[{\"@type\":\"ReadAction\",\"target\":[\"https:\/\/marekkuchcinski.pl\/sk\/wydarzenia\/i-forum-polsko-wegierskie-z-udzialem-marszalka-sejmu-w-trosce-o-poprawe-jakosci-zycia-w-europie-srodkowej\/\"]}]},{\"@type\":\"ImageObject\",\"inLanguage\":\"ro-RO\",\"@id\":\"https:\/\/marekkuchcinski.pl\/sk\/wydarzenia\/i-forum-polsko-wegierskie-z-udzialem-marszalka-sejmu-w-trosce-o-poprawe-jakosci-zycia-w-europie-srodkowej\/#primaryimage\",\"url\":\"https:\/\/marekkuchcinski.pl\/wp-content\/uploads\/2019\/05\/resize_LB1_1976.view_.jpg\",\"contentUrl\":\"https:\/\/marekkuchcinski.pl\/wp-content\/uploads\/2019\/05\/resize_LB1_1976.view_.jpg\",\"width\":800,\"height\":533},{\"@type\":\"BreadcrumbList\",\"@id\":\"https:\/\/marekkuchcinski.pl\/sk\/wydarzenia\/i-forum-polsko-wegierskie-z-udzialem-marszalka-sejmu-w-trosce-o-poprawe-jakosci-zycia-w-europie-srodkowej\/#breadcrumb\",\"itemListElement\":[{\"@type\":\"ListItem\",\"position\":1,\"name\":\"Strona g\u0142\u00f3wna\",\"item\":\"https:\/\/marekkuchcinski.pl\/\"},{\"@type\":\"ListItem\",\"position\":2,\"name\":\"I Forum Polsko-W\u0119gierskie z udzia\u0142em Marsza\u0142ka Sejmu. \u201eW trosce o popraw\u0119 jako\u015bci \u017cycia w Europie \u015arodkowej&#8221;\"}]},{\"@type\":\"WebSite\",\"@id\":\"https:\/\/marekkuchcinski.pl\/#website\",\"url\":\"https:\/\/marekkuchcinski.pl\/\",\"name\":\"Marek Kuchci\u0144ski\",\"description\":\"Pose\u0142 na sejm RP &ndash; okr\u0119g nr 22\",\"publisher\":{\"@id\":\"https:\/\/marekkuchcinski.pl\/#organization\"},\"potentialAction\":[{\"@type\":\"SearchAction\",\"target\":{\"@type\":\"EntryPoint\",\"urlTemplate\":\"https:\/\/marekkuchcinski.pl\/?s={search_term_string}\"},\"query-input\":{\"@type\":\"PropertyValueSpecification\",\"valueRequired\":true,\"valueName\":\"search_term_string\"}}],\"inLanguage\":\"ro-RO\"},{\"@type\":\"Organization\",\"@id\":\"https:\/\/marekkuchcinski.pl\/#organization\",\"name\":\"Marek Kuchci\u0144ski\",\"url\":\"https:\/\/marekkuchcinski.pl\/\",\"logo\":{\"@type\":\"ImageObject\",\"inLanguage\":\"ro-RO\",\"@id\":\"https:\/\/marekkuchcinski.pl\/#\/schema\/logo\/image\/\",\"url\":\"https:\/\/marekkuchcinski.pl\/wp-content\/uploads\/2022\/09\/Marek.jpg\",\"contentUrl\":\"https:\/\/marekkuchcinski.pl\/wp-content\/uploads\/2022\/09\/Marek.jpg\",\"width\":1600,\"height\":971,\"caption\":\"Marek Kuchci\u0144ski\"},\"image\":{\"@id\":\"https:\/\/marekkuchcinski.pl\/#\/schema\/logo\/image\/\"}},{\"@type\":\"Person\",\"@id\":\"https:\/\/marekkuchcinski.pl\/#\/schema\/person\/6f62700996b4d950b6ea2d1183b6c6be\",\"name\":\"admin\",\"image\":{\"@type\":\"ImageObject\",\"inLanguage\":\"ro-RO\",\"@id\":\"https:\/\/marekkuchcinski.pl\/#\/schema\/person\/image\/\",\"url\":\"https:\/\/secure.gravatar.com\/avatar\/4bab693b9d55c3d6b52c0296a8765085?s=96&d=mm&r=g\",\"contentUrl\":\"https:\/\/secure.gravatar.com\/avatar\/4bab693b9d55c3d6b52c0296a8765085?s=96&d=mm&r=g\",\"caption\":\"admin\"},\"url\":\"https:\/\/marekkuchcinski.pl\/ro\/author\/marta-olejnik\/\"}]}<\/script>\n<!-- \/ Yoast SEO plugin. -->","yoast_head_json":{"title":"I Forum Polsko-W\u0119gierskie z udzia\u0142em Marsza\u0142ka Sejmu. \u201eW trosce o popraw\u0119 jako\u015bci \u017cycia w Europie \u015arodkowej\" &#8211; Marek Kuchci\u0144ski","robots":{"index":"index","follow":"follow","max-snippet":"max-snippet:-1","max-image-preview":"max-image-preview:large","max-video-preview":"max-video-preview:-1"},"canonical":"https:\/\/marekkuchcinski.pl\/ro\/wydarzenia\/i-forum-polsko-wegierskie-z-udzialem-marszalka-sejmu-w-trosce-o-poprawe-jakosci-zycia-w-europie-srodkowej\/","og_locale":"ro_RO","og_type":"article","og_title":"I Forum Polsko-W\u0119gierskie z udzia\u0142em Marsza\u0142ka Sejmu. \u201eW trosce o popraw\u0119 jako\u015bci \u017cycia w Europie \u015arodkowej\" &#8211; Marek Kuchci\u0144ski","og_description":"W dniach 18-19 maja Stary S\u0105cz sta\u0142 si\u0119 miejscem debaty o relacjach polsko-w\u0119gierskich, dotychczasowej wsp\u00f3\u0142pracy obu kraj\u00f3w i sposobach jej o\u017cywienia przez pryzmat uwarunkowa\u0144 geopolitycznych. Tematami przewodnimi wydarzenia by\u0142y wsp\u00f3lne dzia\u0142ania w obszarze gospodarki, polityki zagranicznej, kultury, bezpiecze\u0144stwa oraz polityki spo\u0142ecznej. W Centrum Kultury i Sztuki im. Ady Sari oraz w Urz\u0119dzie Miasta i Gminy [&hellip;]","og_url":"https:\/\/marekkuchcinski.pl\/ro\/wydarzenia\/i-forum-polsko-wegierskie-z-udzialem-marszalka-sejmu-w-trosce-o-poprawe-jakosci-zycia-w-europie-srodkowej\/","og_site_name":"Marek Kuchci\u0144ski","article_published_time":"2019-05-19T14:06:10+00:00","article_modified_time":"2019-05-19T14:21:14+00:00","og_image":[{"width":800,"height":533,"url":"https:\/\/marekkuchcinski.pl\/wp-content\/uploads\/2019\/05\/resize_LB1_1976.view_.jpg","type":"image\/jpeg"}],"author":"admin","twitter_card":"summary_large_image","twitter_misc":{"Scris de":"admin","Timp estimat pentru citire":"5 minutes"},"schema":{"@context":"https:\/\/schema.org","@graph":[{"@type":"Article","@id":"https:\/\/marekkuchcinski.pl\/sk\/wydarzenia\/i-forum-polsko-wegierskie-z-udzialem-marszalka-sejmu-w-trosce-o-poprawe-jakosci-zycia-w-europie-srodkowej\/#article","isPartOf":{"@id":"https:\/\/marekkuchcinski.pl\/sk\/wydarzenia\/i-forum-polsko-wegierskie-z-udzialem-marszalka-sejmu-w-trosce-o-poprawe-jakosci-zycia-w-europie-srodkowej\/"},"author":{"name":"admin","@id":"https:\/\/marekkuchcinski.pl\/#\/schema\/person\/6f62700996b4d950b6ea2d1183b6c6be"},"headline":"I Forum Polsko-W\u0119gierskie z udzia\u0142em Marsza\u0142ka Sejmu. \u201eW trosce o popraw\u0119 jako\u015bci \u017cycia w Europie \u015arodkowej&#8221;","datePublished":"2019-05-19T14:06:10+00:00","dateModified":"2019-05-19T14:21:14+00:00","mainEntityOfPage":{"@id":"https:\/\/marekkuchcinski.pl\/sk\/wydarzenia\/i-forum-polsko-wegierskie-z-udzialem-marszalka-sejmu-w-trosce-o-poprawe-jakosci-zycia-w-europie-srodkowej\/"},"wordCount":1067,"commentCount":0,"publisher":{"@id":"https:\/\/marekkuchcinski.pl\/#organization"},"image":{"@id":"https:\/\/marekkuchcinski.pl\/sk\/wydarzenia\/i-forum-polsko-wegierskie-z-udzialem-marszalka-sejmu-w-trosce-o-poprawe-jakosci-zycia-w-europie-srodkowej\/#primaryimage"},"thumbnailUrl":"https:\/\/marekkuchcinski.pl\/wp-content\/uploads\/2019\/05\/resize_LB1_1976.view_.jpg","articleSection":["Wsp\u00f3\u0142praca mi\u0119dzynarodowa","Wydarzenia"],"inLanguage":"ro-RO","potentialAction":[{"@type":"CommentAction","name":"Comment","target":["https:\/\/marekkuchcinski.pl\/sk\/wydarzenia\/i-forum-polsko-wegierskie-z-udzialem-marszalka-sejmu-w-trosce-o-poprawe-jakosci-zycia-w-europie-srodkowej\/#respond"]}]},{"@type":"WebPage","@id":"https:\/\/marekkuchcinski.pl\/sk\/wydarzenia\/i-forum-polsko-wegierskie-z-udzialem-marszalka-sejmu-w-trosce-o-poprawe-jakosci-zycia-w-europie-srodkowej\/","url":"https:\/\/marekkuchcinski.pl\/sk\/wydarzenia\/i-forum-polsko-wegierskie-z-udzialem-marszalka-sejmu-w-trosce-o-poprawe-jakosci-zycia-w-europie-srodkowej\/","name":"I Forum Polsko-W\u0119gierskie z udzia\u0142em Marsza\u0142ka Sejmu. \u201eW trosce o popraw\u0119 jako\u015bci \u017cycia w Europie \u015arodkowej\" &#8211; Marek Kuchci\u0144ski","isPartOf":{"@id":"https:\/\/marekkuchcinski.pl\/#website"},"primaryImageOfPage":{"@id":"https:\/\/marekkuchcinski.pl\/sk\/wydarzenia\/i-forum-polsko-wegierskie-z-udzialem-marszalka-sejmu-w-trosce-o-poprawe-jakosci-zycia-w-europie-srodkowej\/#primaryimage"},"image":{"@id":"https:\/\/marekkuchcinski.pl\/sk\/wydarzenia\/i-forum-polsko-wegierskie-z-udzialem-marszalka-sejmu-w-trosce-o-poprawe-jakosci-zycia-w-europie-srodkowej\/#primaryimage"},"thumbnailUrl":"https:\/\/marekkuchcinski.pl\/wp-content\/uploads\/2019\/05\/resize_LB1_1976.view_.jpg","datePublished":"2019-05-19T14:06:10+00:00","dateModified":"2019-05-19T14:21:14+00:00","breadcrumb":{"@id":"https:\/\/marekkuchcinski.pl\/sk\/wydarzenia\/i-forum-polsko-wegierskie-z-udzialem-marszalka-sejmu-w-trosce-o-poprawe-jakosci-zycia-w-europie-srodkowej\/#breadcrumb"},"inLanguage":"ro-RO","potentialAction":[{"@type":"ReadAction","target":["https:\/\/marekkuchcinski.pl\/sk\/wydarzenia\/i-forum-polsko-wegierskie-z-udzialem-marszalka-sejmu-w-trosce-o-poprawe-jakosci-zycia-w-europie-srodkowej\/"]}]},{"@type":"ImageObject","inLanguage":"ro-RO","@id":"https:\/\/marekkuchcinski.pl\/sk\/wydarzenia\/i-forum-polsko-wegierskie-z-udzialem-marszalka-sejmu-w-trosce-o-poprawe-jakosci-zycia-w-europie-srodkowej\/#primaryimage","url":"https:\/\/marekkuchcinski.pl\/wp-content\/uploads\/2019\/05\/resize_LB1_1976.view_.jpg","contentUrl":"https:\/\/marekkuchcinski.pl\/wp-content\/uploads\/2019\/05\/resize_LB1_1976.view_.jpg","width":800,"height":533},{"@type":"BreadcrumbList","@id":"https:\/\/marekkuchcinski.pl\/sk\/wydarzenia\/i-forum-polsko-wegierskie-z-udzialem-marszalka-sejmu-w-trosce-o-poprawe-jakosci-zycia-w-europie-srodkowej\/#breadcrumb","itemListElement":[{"@type":"ListItem","position":1,"name":"Strona g\u0142\u00f3wna","item":"https:\/\/marekkuchcinski.pl\/"},{"@type":"ListItem","position":2,"name":"I Forum Polsko-W\u0119gierskie z udzia\u0142em Marsza\u0142ka Sejmu. \u201eW trosce o popraw\u0119 jako\u015bci \u017cycia w Europie \u015arodkowej&#8221;"}]},{"@type":"WebSite","@id":"https:\/\/marekkuchcinski.pl\/#website","url":"https:\/\/marekkuchcinski.pl\/","name":"Marek Kuchci\u0144ski","description":"Pose\u0142 na sejm RP &ndash; okr\u0119g nr 22","publisher":{"@id":"https:\/\/marekkuchcinski.pl\/#organization"},"potentialAction":[{"@type":"SearchAction","target":{"@type":"EntryPoint","urlTemplate":"https:\/\/marekkuchcinski.pl\/?s={search_term_string}"},"query-input":{"@type":"PropertyValueSpecification","valueRequired":true,"valueName":"search_term_string"}}],"inLanguage":"ro-RO"},{"@type":"Organization","@id":"https:\/\/marekkuchcinski.pl\/#organization","name":"Marek Kuchci\u0144ski","url":"https:\/\/marekkuchcinski.pl\/","logo":{"@type":"ImageObject","inLanguage":"ro-RO","@id":"https:\/\/marekkuchcinski.pl\/#\/schema\/logo\/image\/","url":"https:\/\/marekkuchcinski.pl\/wp-content\/uploads\/2022\/09\/Marek.jpg","contentUrl":"https:\/\/marekkuchcinski.pl\/wp-content\/uploads\/2022\/09\/Marek.jpg","width":1600,"height":971,"caption":"Marek Kuchci\u0144ski"},"image":{"@id":"https:\/\/marekkuchcinski.pl\/#\/schema\/logo\/image\/"}},{"@type":"Person","@id":"https:\/\/marekkuchcinski.pl\/#\/schema\/person\/6f62700996b4d950b6ea2d1183b6c6be","name":"admin","image":{"@type":"ImageObject","inLanguage":"ro-RO","@id":"https:\/\/marekkuchcinski.pl\/#\/schema\/person\/image\/","url":"https:\/\/secure.gravatar.com\/avatar\/4bab693b9d55c3d6b52c0296a8765085?s=96&d=mm&r=g","contentUrl":"https:\/\/secure.gravatar.com\/avatar\/4bab693b9d55c3d6b52c0296a8765085?s=96&d=mm&r=g","caption":"admin"},"url":"https:\/\/marekkuchcinski.pl\/ro\/author\/marta-olejnik\/"}]}},"_links":{"self":[{"href":"https:\/\/marekkuchcinski.pl\/ro\/wp-json\/wp\/v2\/posts\/15545","targetHints":{"allow":["GET"]}}],"collection":[{"href":"https:\/\/marekkuchcinski.pl\/ro\/wp-json\/wp\/v2\/posts"}],"about":[{"href":"https:\/\/marekkuchcinski.pl\/ro\/wp-json\/wp\/v2\/types\/post"}],"author":[{"embeddable":true,"href":"https:\/\/marekkuchcinski.pl\/ro\/wp-json\/wp\/v2\/users\/6"}],"replies":[{"embeddable":true,"href":"https:\/\/marekkuchcinski.pl\/ro\/wp-json\/wp\/v2\/comments?post=15545"}],"version-history":[{"count":6,"href":"https:\/\/marekkuchcinski.pl\/ro\/wp-json\/wp\/v2\/posts\/15545\/revisions"}],"predecessor-version":[{"id":15561,"href":"https:\/\/marekkuchcinski.pl\/ro\/wp-json\/wp\/v2\/posts\/15545\/revisions\/15561"}],"wp:featuredmedia":[{"embeddable":true,"href":"https:\/\/marekkuchcinski.pl\/ro\/wp-json\/wp\/v2\/media\/15547"}],"wp:attachment":[{"href":"https:\/\/marekkuchcinski.pl\/ro\/wp-json\/wp\/v2\/media?parent=15545"}],"wp:term":[{"taxonomy":"category","embeddable":true,"href":"https:\/\/marekkuchcinski.pl\/ro\/wp-json\/wp\/v2\/categories?post=15545"},{"taxonomy":"post_tag","embeddable":true,"href":"https:\/\/marekkuchcinski.pl\/ro\/wp-json\/wp\/v2\/tags?post=15545"}],"curies":[{"name":"wp","href":"https:\/\/api.w.org\/{rel}","templated":true}]}}