{"id":15540,"date":"2019-05-17T12:49:13","date_gmt":"2019-05-17T10:49:13","guid":{"rendered":"https:\/\/marekkuchcinski.pl\/?p=15540"},"modified":"2019-05-17T12:49:14","modified_gmt":"2019-05-17T10:49:14","slug":"podsumowanie-81-posiedzenia-sejmu","status":"publish","type":"post","link":"https:\/\/marekkuchcinski.pl\/ro\/wiesci-z-sejmu\/podsumowanie-81-posiedzenia-sejmu\/","title":{"rendered":"Rezumatul celei de-a 81-a \u0219edin\u021be a Sejm-ului"},"content":{"rendered":"<p>Deputa\u021bii au adoptat joi o lege important\u0103 din punct de vedere social - un amendament la Codul Penal care prevede o protec\u021bie sporit\u0103 a minorilor \u00eempotriva infrac\u021biunilor sexuale. De asemenea, Camera a adoptat o rezolu\u021bie cu ocazia celei de-a 40-a anivers\u0103ri a primului pelerinaj al lui Ioan Paul al II-lea \u00een Polonia \u0219i a celei de-a 30-a anivers\u0103ri a rena\u0219terii Senatului polonez. <\/p>\n\n\n\n<p><strong>Decizii importante ale Sejm-ului<\/strong><\/p>\n\n\n\n<p><strong>Sejm-ul a adoptat un proiect de lege al guvernului care spore\u0219te protec\u021bia minorilor \u00eempotriva infrac\u021biunilor sexuale. Potrivit modific\u0103rii adoptate a legii \u00een Codul penal, violul unui copil nu va fi supus prescrip\u021biei.<\/strong> P\u00e2n\u0103 \u00een prezent, termenul de prescrip\u021bie pentru violul unui minor cu v\u00e2rsta sub 15 ani este de 20 de ani sau de 30 de ani, dac\u0103 a fost ini\u021biat\u0103 o procedur\u0103 \u00een acest interval de timp. <strong>V\u00e2rsta de protec\u021bie penal\u0103 pentru copii a fost ridicat\u0103 de la 15 la 16 ani.<\/strong>\u00a0\u00cen acela\u0219i timp, a fost introdus\u0103 posibilitatea ca instan\u021ba s\u0103 renun\u021be la aplicarea pedepsei atunci c\u00e2nd diferen\u021ba de v\u00e2rst\u0103 este mic\u0103. De asemenea, amendamentul a m\u0103rit pedepsele pentru pedofilie.<strong>Violatorul de copii risc\u0103 \u00eentre cinci \u0219i 30 de ani de \u00eenchisoare.<\/strong>\u00a0Dac\u0103, pe de alt\u0103 parte, minorul se afla \u00een custodia autorului, atunci pedeapsa mai mic\u0103 va fi majorat\u0103 la opt ani. Dac\u0103, pe de alt\u0103 parte, consecin\u021ba violului este moartea copilului, pedeapsa va fi \u00eenchisoarea pe via\u021b\u0103. \u00cen prezent, pedeapsa pentru violul unui copil este de la 3 la 15 ani, iar atunci c\u00e2nd f\u0103pta\u0219ul a ac\u021bionat cu o cruzime deosebit\u0103 - de la 5 la 15 ani. Prevederile legii adoptate men\u021bioneaz\u0103, de asemenea, o cre\u0219tere a pedepselor pentru abuzul sexual asupra copiilor. P\u00e2n\u0103 acum, acestea variau de la 2 la 12 ani de \u00eenchisoare, iar acum de la 2 la 15 ani. \u00cen plus,\u00a0<strong>Autorii infrac\u021biunilor de pedofilie violent\u0103 nu vor putea p\u0103r\u0103si \u00eenchisoarea la eliberarea anticipat\u0103<\/strong>. \u00cen cele mai grave cazuri, instan\u021ba va putea exclude posibilitatea unei eliber\u0103ri condi\u021bionate anticipate.<\/p>\n\n\n\n<p>\u00cen conformitate cu amendamentul adoptat, a fost extins\u0103 sfera de cuprindere a informa\u021biilor divulgate \u00een a\u0219a-numitul registru al pedofililor, care va fi completat cu ocupa\u021bia \u00eenv\u0103\u021bat\u0103 \u0219i urm\u0103rit\u0103 de autorul infrac\u021biunii \u00een momentul comiterii acesteia. Alte modific\u0103ri \u00een reforma Codului Penal se refer\u0103, printre altele, la flexibilizarea pedepselor. Acest lucru a oferit instan\u021belor posibilitatea de a judeca \u00een conformitate cu un sim\u021b al justi\u021biei \u0219i propor\u021bional cu gravitatea vinov\u0103\u021biei. P\u00e2n\u0103 \u00een prezent, judec\u0103torii au avut la dispozi\u021bie o gam\u0103 limitat\u0103 de pedepse pentru cele mai grave infrac\u021biuni: p\u00e2n\u0103 la 15 ani de \u00eenchisoare, o pedeaps\u0103 separat\u0103 de 25 de ani de \u00eenchisoare \u0219i \u00eenchisoare pe via\u021b\u0103. Astfel, ace\u0219tia nu puteau impune, de exemplu, o pedeaps\u0103 de 18 sau 27 de ani de \u00eenchisoare, chiar dac\u0103 aceasta ar fi fost adecvat\u0103. Prin urmare, conform amendamentului, eliminarea pedepsei separate de 25 de ani de \u00eenchisoare \u0219i introducerea unor pedepse flexibile: de la 15 zile la 30 de ani de \u00eenchisoare \u0219i \u00eenchisoare pe via\u021b\u0103. Proiectul de lege va merge acum la Senat.<\/p>\n\n\n\n<p><strong>Legile guvernamentale adoptate<\/strong><\/p>\n\n\n\n<p>Pe ordinea de zi a Parlamentului se aflau&nbsp;<strong>10 proiecte de lege guvernamentale<\/strong>&nbsp;privind, pe r\u00e2nd: un amendament la Legea privind Codul familiei \u0219i al tutelei \u0219i la Legea privind Codul de procedur\u0103 civil\u0103; un amendament la Legea privind drepturile pacientului \u0219i Ombudsmanul pentru drepturile pacientului; un proiect de lege privind desf\u0103\u0219urarea activit\u0103\u021bii economice \u00een domeniul fabric\u0103rii \u0219i comercializ\u0103rii de explozivi, arme, muni\u021bii \u0219i produse \u0219i tehnologii de uz militar sau poli\u021bienesc; un amendament la Legea privind planurile de capital pentru angaja\u021bi; un amendament la Legea privind Agen\u021bia Spa\u021bial\u0103 Polonez\u0103 \u0219i un amendament la Legea privind departamentele administrative guvernamentale;&nbsp;<strong>Proiectul de lege privind Fondul de dezvoltare a serviciilor de transport cu autobuzul cu caracter de utilitate public\u0103<\/strong>; un amendament la Legea - Codul penal \u0219i alte legi; un amendament la Legea privind stocul na\u021bional de proprietate \u0219i alte legi; un proiect de lege de modificare a Legii privind serviciile de s\u0103n\u0103tate finan\u021bate din fonduri publice \u0219i alte legi;&nbsp;<strong>Modificarea Legii privind rambursarea medicamentelor \u0219i a produselor alimentare pentru utiliz\u0103ri dietetice speciale<\/strong>\u0219i dispozitive medicale \u0219i anumite alte legi. Toate proiectele de lege au fost adoptate. Acestea vor fi acum examinate de Senat.<\/p>\n\n\n\n<p>De asemenea, Sejm a examinat \u0219i adoptat dou\u0103 proiecte de lege ale Senatului: Codul de procedur\u0103 administrativ\u0103 \u0219i Legea coopera\u021biei, care va merge \u00een continuare la Senat.<\/p>\n\n\n\n<p>\u00cen cadrul reuniunii a avut loc, de asemenea, depunerea jur\u0103m\u00e2ntului de c\u0103tre pre\u0219edintele Oficiului pentru protec\u021bia datelor cu caracter personal, Jan Nowak, care \u0219i-a \u00eenceput astfel \u00een mod oficial mandatul.<\/p>\n\n\n\n<p>\u00cen aceast\u0103 zi, deputa\u021bii au ascultat \u0219i informa\u021bii de la ministrul adjunct al Afacerilor Interne \u0219i Administra\u021biei, Jaros\u0142aw Zieli\u0144ski, cu privire la implementarea \u00een 2017 a Programului de modernizare a Poli\u021biei, a G\u0103rzii de Frontier\u0103, a Serviciului de Stat de Pompieri \u0219i a Serviciului de Stat de Protec\u021bie \u00een perioada 2017-2020, \u00eempreun\u0103 cu pozi\u021bia Comisiei pentru administra\u021bie \u0219i afaceri interne. Obiectivul strategic al programului a fost de a crea condi\u021bii optime pentru ca serviciile responsabile de securitate \u0219i ordine public\u0103 s\u0103 \u00ee\u0219i \u00eendeplineasc\u0103 sarcinile statutare. Programul se bazeaz\u0103 pe trei piloni: \u00eenlocuirea \u0219i modernizarea echipamentelor, investi\u021bii \u00een infrastructur\u0103, precum \u0219i o cre\u0219tere a salariilor ofi\u021berilor \u0219i angaja\u021bilor civili din aceste servicii. Sejm a adoptat informa\u021biile.<\/p>\n\n\n\n<p>Deputa\u021bii au dezb\u0103tut, de asemenea, dou\u0103 mo\u021biuni: a \u0219efului poli\u021biei, \u00een vederea ob\u021binerii acordului Sejm-ului pentru urm\u0103rirea penal\u0103 a Joannei Schmidt pentru o infrac\u021biune, \u0219i a unui procuror privat, \u00een vederea ob\u021binerii acordului Sejm-ului pentru urm\u0103rirea penal\u0103 a lui Slawomir Nitras. Sejm-ul le-a aprobat. Acestea vor fi acum trimise la Senat pentru deliberare.<\/p>\n\n\n\n<p><strong>I Lecturi<\/strong><\/p>\n\n\n\n<p>Un proiect a fost trimis la Comisia pentru Conturi Publice&nbsp;<strong>modificarea legii privind impozitul pe mo\u0219teniri \u0219i dona\u021bii. Prevede scutirea de impozit pentru dob\u00e2ndirea prin mo\u0219tenire sau dona\u021bie a bunurilor sau a drepturilor de proprietate de c\u0103tre persoanele care locuiesc sau au locuit \u00eentr-o familie de plasament sau \u00eentr-un orfelinat familial.<\/strong>cu condi\u021bia ca donatorul sau testatorul s\u0103 fi fost o persoan\u0103 care a format o familie adoptiv\u0103 sau care a condus un orfelinat familial \u00een care locuia persoana donat\u0103 sau testatorul.<\/p>\n\n\n\n<p><strong>Finalizarea lucr\u0103rilor parlamentare<\/strong><\/p>\n\n\n\n<p>\u00cen plus, Sejm a adoptat amendamentele Senatului la cinci amendamente la legile privind: Legea po\u0219tei, Legea privind poli\u021bia \u0219i alte legi, Legea privind cardul polonez, Legea privind transportul rutier \u0219i alte legi, Codul muncii \u0219i alte legi. Legile vor fi acum trimise pre\u0219edintelui pentru semnare.<\/p>\n\n\n\n<p><em>CIS<\/em><\/p>\n\n\n\n<p><em>Foto: Rafa\u0142 Zambrzycki<\/em><\/p>","protected":false},"excerpt":{"rendered":"<p>W czwartek pos\u0142owie uchwalili wa\u017cn\u0105 spo\u0142ecznie ustaw\u0119 \u2013 nowelizacj\u0119 Kodeksu karnego, zak\u0142adaj\u0105c\u0105 zwi\u0119kszon\u0105 ochron\u0119 ma\u0142oletnich przed przest\u0119pczo\u015bci\u0105 seksualn\u0105. Izba przyj\u0119\u0142a te\u017c uchwa\u0142\u0119 w 40. rocznic\u0119 pierwszej pielgrzymki Jana Paw\u0142a II do Polski oraz w 30. rocznic\u0119 odrodzenia Senatu RP. Wa\u017cne decyzje Sejmu Sejm uchwali\u0142 rz\u0105dow\u0105 ustaw\u0119 zwi\u0119kszaj\u0105c\u0105 ochron\u0119 ma\u0142oletnich przed przest\u0119pczo\u015bci\u0105 seksualn\u0105. Zgodnie z przyj\u0119t\u0105 [&hellip;]<\/p>","protected":false},"author":6,"featured_media":15542,"comment_status":"open","ping_status":"open","sticky":false,"template":"","format":"standard","meta":{"ngg_post_thumbnail":0,"footnotes":""},"categories":[81],"tags":[],"class_list":["post-15540","post","type-post","status-publish","format-standard","has-post-thumbnail","hentry","category-wiesci-z-sejmu"],"yoast_head":"<!-- This site is optimized with the Yoast SEO plugin v24.7 - https:\/\/yoast.com\/wordpress\/plugins\/seo\/ -->\n<title>Podsumowanie 81. posiedzenia Sejmu &#8211; Marek Kuchci\u0144ski<\/title>\n<meta name=\"robots\" content=\"index, follow, max-snippet:-1, max-image-preview:large, max-video-preview:-1\" \/>\n<link rel=\"canonical\" href=\"https:\/\/marekkuchcinski.pl\/ro\/wiesci-z-sejmu\/podsumowanie-81-posiedzenia-sejmu\/\" \/>\n<meta property=\"og:locale\" content=\"ro_RO\" \/>\n<meta property=\"og:type\" content=\"article\" \/>\n<meta property=\"og:title\" content=\"Podsumowanie 81. posiedzenia Sejmu &#8211; Marek Kuchci\u0144ski\" \/>\n<meta property=\"og:description\" content=\"W czwartek pos\u0142owie uchwalili wa\u017cn\u0105 spo\u0142ecznie ustaw\u0119 \u2013 nowelizacj\u0119 Kodeksu karnego, zak\u0142adaj\u0105c\u0105 zwi\u0119kszon\u0105 ochron\u0119 ma\u0142oletnich przed przest\u0119pczo\u015bci\u0105 seksualn\u0105. Izba przyj\u0119\u0142a te\u017c uchwa\u0142\u0119 w 40. rocznic\u0119 pierwszej pielgrzymki Jana Paw\u0142a II do Polski oraz w 30. rocznic\u0119 odrodzenia Senatu RP. Wa\u017cne decyzje Sejmu Sejm uchwali\u0142 rz\u0105dow\u0105 ustaw\u0119 zwi\u0119kszaj\u0105c\u0105 ochron\u0119 ma\u0142oletnich przed przest\u0119pczo\u015bci\u0105 seksualn\u0105. Zgodnie z przyj\u0119t\u0105 [&hellip;]\" \/>\n<meta property=\"og:url\" content=\"https:\/\/marekkuchcinski.pl\/ro\/wiesci-z-sejmu\/podsumowanie-81-posiedzenia-sejmu\/\" \/>\n<meta property=\"og:site_name\" content=\"Marek Kuchci\u0144ski\" \/>\n<meta property=\"article:published_time\" content=\"2019-05-17T10:49:13+00:00\" \/>\n<meta property=\"article:modified_time\" content=\"2019-05-17T10:49:14+00:00\" \/>\n<meta property=\"og:image\" content=\"https:\/\/marekkuchcinski.pl\/wp-content\/uploads\/2019\/05\/RZ__7334.view_.jpg\" \/>\n\t<meta property=\"og:image:width\" content=\"800\" \/>\n\t<meta property=\"og:image:height\" content=\"533\" \/>\n\t<meta property=\"og:image:type\" content=\"image\/jpeg\" \/>\n<meta name=\"author\" content=\"admin\" \/>\n<meta name=\"twitter:card\" content=\"summary_large_image\" \/>\n<meta name=\"twitter:label1\" content=\"Scris de\" \/>\n\t<meta name=\"twitter:data1\" content=\"admin\" \/>\n\t<meta name=\"twitter:label2\" content=\"Timp estimat pentru citire\" \/>\n\t<meta name=\"twitter:data2\" content=\"5 minutes\" \/>\n<script type=\"application\/ld+json\" class=\"yoast-schema-graph\">{\"@context\":\"https:\/\/schema.org\",\"@graph\":[{\"@type\":\"Article\",\"@id\":\"https:\/\/marekkuchcinski.pl\/wiesci-z-sejmu\/podsumowanie-81-posiedzenia-sejmu\/#article\",\"isPartOf\":{\"@id\":\"https:\/\/marekkuchcinski.pl\/wiesci-z-sejmu\/podsumowanie-81-posiedzenia-sejmu\/\"},\"author\":{\"name\":\"admin\",\"@id\":\"https:\/\/marekkuchcinski.pl\/#\/schema\/person\/6f62700996b4d950b6ea2d1183b6c6be\"},\"headline\":\"Podsumowanie 81. posiedzenia Sejmu\",\"datePublished\":\"2019-05-17T10:49:13+00:00\",\"dateModified\":\"2019-05-17T10:49:14+00:00\",\"mainEntityOfPage\":{\"@id\":\"https:\/\/marekkuchcinski.pl\/wiesci-z-sejmu\/podsumowanie-81-posiedzenia-sejmu\/\"},\"wordCount\":980,\"commentCount\":0,\"publisher\":{\"@id\":\"https:\/\/marekkuchcinski.pl\/#organization\"},\"image\":{\"@id\":\"https:\/\/marekkuchcinski.pl\/wiesci-z-sejmu\/podsumowanie-81-posiedzenia-sejmu\/#primaryimage\"},\"thumbnailUrl\":\"https:\/\/marekkuchcinski.pl\/wp-content\/uploads\/2019\/05\/RZ__7334.view_.jpg\",\"articleSection\":[\"Wie\u015bci z Sejmu\"],\"inLanguage\":\"ro-RO\",\"potentialAction\":[{\"@type\":\"CommentAction\",\"name\":\"Comment\",\"target\":[\"https:\/\/marekkuchcinski.pl\/wiesci-z-sejmu\/podsumowanie-81-posiedzenia-sejmu\/#respond\"]}]},{\"@type\":\"WebPage\",\"@id\":\"https:\/\/marekkuchcinski.pl\/wiesci-z-sejmu\/podsumowanie-81-posiedzenia-sejmu\/\",\"url\":\"https:\/\/marekkuchcinski.pl\/wiesci-z-sejmu\/podsumowanie-81-posiedzenia-sejmu\/\",\"name\":\"Podsumowanie 81. posiedzenia Sejmu &#8211; Marek Kuchci\u0144ski\",\"isPartOf\":{\"@id\":\"https:\/\/marekkuchcinski.pl\/#website\"},\"primaryImageOfPage\":{\"@id\":\"https:\/\/marekkuchcinski.pl\/wiesci-z-sejmu\/podsumowanie-81-posiedzenia-sejmu\/#primaryimage\"},\"image\":{\"@id\":\"https:\/\/marekkuchcinski.pl\/wiesci-z-sejmu\/podsumowanie-81-posiedzenia-sejmu\/#primaryimage\"},\"thumbnailUrl\":\"https:\/\/marekkuchcinski.pl\/wp-content\/uploads\/2019\/05\/RZ__7334.view_.jpg\",\"datePublished\":\"2019-05-17T10:49:13+00:00\",\"dateModified\":\"2019-05-17T10:49:14+00:00\",\"breadcrumb\":{\"@id\":\"https:\/\/marekkuchcinski.pl\/wiesci-z-sejmu\/podsumowanie-81-posiedzenia-sejmu\/#breadcrumb\"},\"inLanguage\":\"ro-RO\",\"potentialAction\":[{\"@type\":\"ReadAction\",\"target\":[\"https:\/\/marekkuchcinski.pl\/wiesci-z-sejmu\/podsumowanie-81-posiedzenia-sejmu\/\"]}]},{\"@type\":\"ImageObject\",\"inLanguage\":\"ro-RO\",\"@id\":\"https:\/\/marekkuchcinski.pl\/wiesci-z-sejmu\/podsumowanie-81-posiedzenia-sejmu\/#primaryimage\",\"url\":\"https:\/\/marekkuchcinski.pl\/wp-content\/uploads\/2019\/05\/RZ__7334.view_.jpg\",\"contentUrl\":\"https:\/\/marekkuchcinski.pl\/wp-content\/uploads\/2019\/05\/RZ__7334.view_.jpg\",\"width\":800,\"height\":533},{\"@type\":\"BreadcrumbList\",\"@id\":\"https:\/\/marekkuchcinski.pl\/wiesci-z-sejmu\/podsumowanie-81-posiedzenia-sejmu\/#breadcrumb\",\"itemListElement\":[{\"@type\":\"ListItem\",\"position\":1,\"name\":\"Strona g\u0142\u00f3wna\",\"item\":\"https:\/\/marekkuchcinski.pl\/\"},{\"@type\":\"ListItem\",\"position\":2,\"name\":\"Podsumowanie 81. posiedzenia Sejmu\"}]},{\"@type\":\"WebSite\",\"@id\":\"https:\/\/marekkuchcinski.pl\/#website\",\"url\":\"https:\/\/marekkuchcinski.pl\/\",\"name\":\"Marek Kuchci\u0144ski\",\"description\":\"Pose\u0142 na sejm RP &ndash; okr\u0119g nr 22\",\"publisher\":{\"@id\":\"https:\/\/marekkuchcinski.pl\/#organization\"},\"potentialAction\":[{\"@type\":\"SearchAction\",\"target\":{\"@type\":\"EntryPoint\",\"urlTemplate\":\"https:\/\/marekkuchcinski.pl\/?s={search_term_string}\"},\"query-input\":{\"@type\":\"PropertyValueSpecification\",\"valueRequired\":true,\"valueName\":\"search_term_string\"}}],\"inLanguage\":\"ro-RO\"},{\"@type\":\"Organization\",\"@id\":\"https:\/\/marekkuchcinski.pl\/#organization\",\"name\":\"Marek Kuchci\u0144ski\",\"url\":\"https:\/\/marekkuchcinski.pl\/\",\"logo\":{\"@type\":\"ImageObject\",\"inLanguage\":\"ro-RO\",\"@id\":\"https:\/\/marekkuchcinski.pl\/#\/schema\/logo\/image\/\",\"url\":\"https:\/\/marekkuchcinski.pl\/wp-content\/uploads\/2022\/09\/Marek.jpg\",\"contentUrl\":\"https:\/\/marekkuchcinski.pl\/wp-content\/uploads\/2022\/09\/Marek.jpg\",\"width\":1600,\"height\":971,\"caption\":\"Marek Kuchci\u0144ski\"},\"image\":{\"@id\":\"https:\/\/marekkuchcinski.pl\/#\/schema\/logo\/image\/\"}},{\"@type\":\"Person\",\"@id\":\"https:\/\/marekkuchcinski.pl\/#\/schema\/person\/6f62700996b4d950b6ea2d1183b6c6be\",\"name\":\"admin\",\"image\":{\"@type\":\"ImageObject\",\"inLanguage\":\"ro-RO\",\"@id\":\"https:\/\/marekkuchcinski.pl\/#\/schema\/person\/image\/\",\"url\":\"https:\/\/secure.gravatar.com\/avatar\/4bab693b9d55c3d6b52c0296a8765085?s=96&d=mm&r=g\",\"contentUrl\":\"https:\/\/secure.gravatar.com\/avatar\/4bab693b9d55c3d6b52c0296a8765085?s=96&d=mm&r=g\",\"caption\":\"admin\"},\"url\":\"https:\/\/marekkuchcinski.pl\/ro\/author\/marta-olejnik\/\"}]}<\/script>\n<!-- \/ Yoast SEO plugin. -->","yoast_head_json":{"title":"Podsumowanie 81. posiedzenia Sejmu &#8211; Marek Kuchci\u0144ski","robots":{"index":"index","follow":"follow","max-snippet":"max-snippet:-1","max-image-preview":"max-image-preview:large","max-video-preview":"max-video-preview:-1"},"canonical":"https:\/\/marekkuchcinski.pl\/ro\/wiesci-z-sejmu\/podsumowanie-81-posiedzenia-sejmu\/","og_locale":"ro_RO","og_type":"article","og_title":"Podsumowanie 81. posiedzenia Sejmu &#8211; Marek Kuchci\u0144ski","og_description":"W czwartek pos\u0142owie uchwalili wa\u017cn\u0105 spo\u0142ecznie ustaw\u0119 \u2013 nowelizacj\u0119 Kodeksu karnego, zak\u0142adaj\u0105c\u0105 zwi\u0119kszon\u0105 ochron\u0119 ma\u0142oletnich przed przest\u0119pczo\u015bci\u0105 seksualn\u0105. Izba przyj\u0119\u0142a te\u017c uchwa\u0142\u0119 w 40. rocznic\u0119 pierwszej pielgrzymki Jana Paw\u0142a II do Polski oraz w 30. rocznic\u0119 odrodzenia Senatu RP. Wa\u017cne decyzje Sejmu Sejm uchwali\u0142 rz\u0105dow\u0105 ustaw\u0119 zwi\u0119kszaj\u0105c\u0105 ochron\u0119 ma\u0142oletnich przed przest\u0119pczo\u015bci\u0105 seksualn\u0105. Zgodnie z przyj\u0119t\u0105 [&hellip;]","og_url":"https:\/\/marekkuchcinski.pl\/ro\/wiesci-z-sejmu\/podsumowanie-81-posiedzenia-sejmu\/","og_site_name":"Marek Kuchci\u0144ski","article_published_time":"2019-05-17T10:49:13+00:00","article_modified_time":"2019-05-17T10:49:14+00:00","og_image":[{"width":800,"height":533,"url":"https:\/\/marekkuchcinski.pl\/wp-content\/uploads\/2019\/05\/RZ__7334.view_.jpg","type":"image\/jpeg"}],"author":"admin","twitter_card":"summary_large_image","twitter_misc":{"Scris de":"admin","Timp estimat pentru citire":"5 minutes"},"schema":{"@context":"https:\/\/schema.org","@graph":[{"@type":"Article","@id":"https:\/\/marekkuchcinski.pl\/wiesci-z-sejmu\/podsumowanie-81-posiedzenia-sejmu\/#article","isPartOf":{"@id":"https:\/\/marekkuchcinski.pl\/wiesci-z-sejmu\/podsumowanie-81-posiedzenia-sejmu\/"},"author":{"name":"admin","@id":"https:\/\/marekkuchcinski.pl\/#\/schema\/person\/6f62700996b4d950b6ea2d1183b6c6be"},"headline":"Podsumowanie 81. posiedzenia Sejmu","datePublished":"2019-05-17T10:49:13+00:00","dateModified":"2019-05-17T10:49:14+00:00","mainEntityOfPage":{"@id":"https:\/\/marekkuchcinski.pl\/wiesci-z-sejmu\/podsumowanie-81-posiedzenia-sejmu\/"},"wordCount":980,"commentCount":0,"publisher":{"@id":"https:\/\/marekkuchcinski.pl\/#organization"},"image":{"@id":"https:\/\/marekkuchcinski.pl\/wiesci-z-sejmu\/podsumowanie-81-posiedzenia-sejmu\/#primaryimage"},"thumbnailUrl":"https:\/\/marekkuchcinski.pl\/wp-content\/uploads\/2019\/05\/RZ__7334.view_.jpg","articleSection":["Wie\u015bci z Sejmu"],"inLanguage":"ro-RO","potentialAction":[{"@type":"CommentAction","name":"Comment","target":["https:\/\/marekkuchcinski.pl\/wiesci-z-sejmu\/podsumowanie-81-posiedzenia-sejmu\/#respond"]}]},{"@type":"WebPage","@id":"https:\/\/marekkuchcinski.pl\/wiesci-z-sejmu\/podsumowanie-81-posiedzenia-sejmu\/","url":"https:\/\/marekkuchcinski.pl\/wiesci-z-sejmu\/podsumowanie-81-posiedzenia-sejmu\/","name":"Podsumowanie 81. posiedzenia Sejmu &#8211; Marek Kuchci\u0144ski","isPartOf":{"@id":"https:\/\/marekkuchcinski.pl\/#website"},"primaryImageOfPage":{"@id":"https:\/\/marekkuchcinski.pl\/wiesci-z-sejmu\/podsumowanie-81-posiedzenia-sejmu\/#primaryimage"},"image":{"@id":"https:\/\/marekkuchcinski.pl\/wiesci-z-sejmu\/podsumowanie-81-posiedzenia-sejmu\/#primaryimage"},"thumbnailUrl":"https:\/\/marekkuchcinski.pl\/wp-content\/uploads\/2019\/05\/RZ__7334.view_.jpg","datePublished":"2019-05-17T10:49:13+00:00","dateModified":"2019-05-17T10:49:14+00:00","breadcrumb":{"@id":"https:\/\/marekkuchcinski.pl\/wiesci-z-sejmu\/podsumowanie-81-posiedzenia-sejmu\/#breadcrumb"},"inLanguage":"ro-RO","potentialAction":[{"@type":"ReadAction","target":["https:\/\/marekkuchcinski.pl\/wiesci-z-sejmu\/podsumowanie-81-posiedzenia-sejmu\/"]}]},{"@type":"ImageObject","inLanguage":"ro-RO","@id":"https:\/\/marekkuchcinski.pl\/wiesci-z-sejmu\/podsumowanie-81-posiedzenia-sejmu\/#primaryimage","url":"https:\/\/marekkuchcinski.pl\/wp-content\/uploads\/2019\/05\/RZ__7334.view_.jpg","contentUrl":"https:\/\/marekkuchcinski.pl\/wp-content\/uploads\/2019\/05\/RZ__7334.view_.jpg","width":800,"height":533},{"@type":"BreadcrumbList","@id":"https:\/\/marekkuchcinski.pl\/wiesci-z-sejmu\/podsumowanie-81-posiedzenia-sejmu\/#breadcrumb","itemListElement":[{"@type":"ListItem","position":1,"name":"Strona g\u0142\u00f3wna","item":"https:\/\/marekkuchcinski.pl\/"},{"@type":"ListItem","position":2,"name":"Podsumowanie 81. posiedzenia Sejmu"}]},{"@type":"WebSite","@id":"https:\/\/marekkuchcinski.pl\/#website","url":"https:\/\/marekkuchcinski.pl\/","name":"Marek Kuchci\u0144ski","description":"Pose\u0142 na sejm RP &ndash; okr\u0119g nr 22","publisher":{"@id":"https:\/\/marekkuchcinski.pl\/#organization"},"potentialAction":[{"@type":"SearchAction","target":{"@type":"EntryPoint","urlTemplate":"https:\/\/marekkuchcinski.pl\/?s={search_term_string}"},"query-input":{"@type":"PropertyValueSpecification","valueRequired":true,"valueName":"search_term_string"}}],"inLanguage":"ro-RO"},{"@type":"Organization","@id":"https:\/\/marekkuchcinski.pl\/#organization","name":"Marek Kuchci\u0144ski","url":"https:\/\/marekkuchcinski.pl\/","logo":{"@type":"ImageObject","inLanguage":"ro-RO","@id":"https:\/\/marekkuchcinski.pl\/#\/schema\/logo\/image\/","url":"https:\/\/marekkuchcinski.pl\/wp-content\/uploads\/2022\/09\/Marek.jpg","contentUrl":"https:\/\/marekkuchcinski.pl\/wp-content\/uploads\/2022\/09\/Marek.jpg","width":1600,"height":971,"caption":"Marek Kuchci\u0144ski"},"image":{"@id":"https:\/\/marekkuchcinski.pl\/#\/schema\/logo\/image\/"}},{"@type":"Person","@id":"https:\/\/marekkuchcinski.pl\/#\/schema\/person\/6f62700996b4d950b6ea2d1183b6c6be","name":"admin","image":{"@type":"ImageObject","inLanguage":"ro-RO","@id":"https:\/\/marekkuchcinski.pl\/#\/schema\/person\/image\/","url":"https:\/\/secure.gravatar.com\/avatar\/4bab693b9d55c3d6b52c0296a8765085?s=96&d=mm&r=g","contentUrl":"https:\/\/secure.gravatar.com\/avatar\/4bab693b9d55c3d6b52c0296a8765085?s=96&d=mm&r=g","caption":"admin"},"url":"https:\/\/marekkuchcinski.pl\/ro\/author\/marta-olejnik\/"}]}},"_links":{"self":[{"href":"https:\/\/marekkuchcinski.pl\/ro\/wp-json\/wp\/v2\/posts\/15540","targetHints":{"allow":["GET"]}}],"collection":[{"href":"https:\/\/marekkuchcinski.pl\/ro\/wp-json\/wp\/v2\/posts"}],"about":[{"href":"https:\/\/marekkuchcinski.pl\/ro\/wp-json\/wp\/v2\/types\/post"}],"author":[{"embeddable":true,"href":"https:\/\/marekkuchcinski.pl\/ro\/wp-json\/wp\/v2\/users\/6"}],"replies":[{"embeddable":true,"href":"https:\/\/marekkuchcinski.pl\/ro\/wp-json\/wp\/v2\/comments?post=15540"}],"version-history":[{"count":2,"href":"https:\/\/marekkuchcinski.pl\/ro\/wp-json\/wp\/v2\/posts\/15540\/revisions"}],"predecessor-version":[{"id":15543,"href":"https:\/\/marekkuchcinski.pl\/ro\/wp-json\/wp\/v2\/posts\/15540\/revisions\/15543"}],"wp:featuredmedia":[{"embeddable":true,"href":"https:\/\/marekkuchcinski.pl\/ro\/wp-json\/wp\/v2\/media\/15542"}],"wp:attachment":[{"href":"https:\/\/marekkuchcinski.pl\/ro\/wp-json\/wp\/v2\/media?parent=15540"}],"wp:term":[{"taxonomy":"category","embeddable":true,"href":"https:\/\/marekkuchcinski.pl\/ro\/wp-json\/wp\/v2\/categories?post=15540"},{"taxonomy":"post_tag","embeddable":true,"href":"https:\/\/marekkuchcinski.pl\/ro\/wp-json\/wp\/v2\/tags?post=15540"}],"curies":[{"name":"wp","href":"https:\/\/api.w.org\/{rel}","templated":true}]}}