{"id":15466,"date":"2019-05-13T16:15:03","date_gmt":"2019-05-13T14:15:03","guid":{"rendered":"https:\/\/marekkuchcinski.pl\/?p=15466"},"modified":"2019-05-13T16:31:18","modified_gmt":"2019-05-13T14:31:18","slug":"15466","status":"publish","type":"post","link":"https:\/\/marekkuchcinski.pl\/ro\/wydarzenia\/15466\/","title":{"rendered":"\u00cent\u00e2lnirea anual\u0103 a pre\u0219edintelui Sejm-ului cu corpul diplomatic"},"content":{"rendered":"<p>Cu ocazia Zilei Na\u021bionale a Constitu\u021biei din 3 mai, pre\u0219edintele Sejm-ului, Marek Kuchci\u0144ski, s-a \u00eent\u00e2lnit luni, \u00een Sala Coloanelor, cu corpul diplomatic. Mul\u021bumind diploma\u021bilor pentru prezen\u021ba lor, pre\u0219edintele Sejm-ului a amintit anivers\u0103ri importante pentru Parlament: 450 de ani de la aderarea la Uniunea de la Lublin \u00een 1569 \u0219i 100 de ani de la proclamarea Zilei Constitu\u021biei din 3 mai, \u00een februarie 1919. - Parlamentul modern este o parte fundamental\u0103 a sistemului politic al Republicii Polone. Anul trecut, cu ocazia s\u0103rb\u0103toririi celei de-a 550-a anivers\u0103ri a parlamentarismului polonez, au avut loc numeroase \u00eent\u00e2lniri, simpozioane \u0219i conferin\u021be, care au ar\u0103tat c\u0103 adoptarea Constitu\u021biei din 3 mai 1791 este considerat\u0103 at\u00e2t de politicieni, c\u00e2t \u0219i de cet\u0103\u021beni ca fiind cea mai remarcabil\u0103 realizare a parlamentarismului polonez\", a declarat mare\u0219alul Kuchci\u0144ski. El a reamintit c\u0103 la 30 iunie va avea loc la Lublin o celebrare comun\u0103 polono-lituanian\u0103 a celei de-a 450-a anivers\u0103ri a Unirii de la Lublin. &nbsp;<\/p>\n\n\n\n<p>La reuniune au participat, de asemenea, Ryszard Terlecki, vicepre\u0219edinte al Sejm, Agnieszka Kaczmarska, \u0219efa Cancelariei Sejm, \u00eempreun\u0103 cu adjunc\u021bii s\u0103i, \u0219i decanul Corpului Diplomatic, Arhiepiscopul Salvatore Pennacchio, Nun\u021biu Apostolic.<\/p>\n\n\n\n<p>\u00cen discursul s\u0103u, pre\u0219edintele Sejm-ului s-a referit la cea de-a 15-a aniversare a ader\u0103rii Poloniei \u0219i a altor \u021b\u0103ri din Europa Central\u0103 la Uniunea European\u0103 \u0219i la cea de-a 20-a aniversare a ader\u0103rii lor la NATO. - Mai presus de toate, acesta este sf\u00e2r\u0219itul diviz\u0103rii postbelice a Europei. \u0218i sper c\u0103 \u00een viitorul apropiat \u0219i alte state din partea noastr\u0103 de Europ\u0103 vor fi admise at\u00e2t \u00een Alian\u021ba Nord-Atlantic\u0103, c\u00e2t \u0219i \u00een UE.<\/p>\n\n\n\n<p>\u00cen cadrul reuniunii, nu au lipsit referirile la evenimentele puse \u00een aplicare de Sejm. Pre\u0219edintele Kuchci\u0144ski a atras aten\u021bia asupra ini\u021biativei din 2016 a Sejm-ului de a convoca summiturile pre\u0219edin\u021bilor parlamentelor din Europa Central\u0103 \u0219i de Est, ale c\u0103ror sesiuni au loc anual la Var\u0219ovia. - \u00cen prezent, preg\u0103tirile pentru cel de-al patrulea summit, care va avea loc \u00een perioada 4-5 iunie, sunt \u00een curs de desf\u0103\u0219urare. Prin urmare, mul\u021bi dintre dumneavoastr\u0103 ne ve\u021bi \u00eent\u00e2lni la summit. Summit-ul este important pentru noi din cauza datei. \u00cen urm\u0103 cu 30 de ani, la 4 iunie, Polonia a organizat primele alegeri par\u021bial libere pentru Sejm \u0219i alegeri complet libere pentru Senat. \u00cen Polonia, na\u021biunea a dorit o schimbare istoric\u0103 fundamental\u0103 \u0219i a exprimat acest lucru la urnele de vot\", a apreciat pre\u0219edintele Sejm-ului. &nbsp;<\/p>\n\n\n\n<p>De asemenea, Marek Kuchci\u0144ski a reamintit c\u0103 Sejm-ul sprijin\u0103 \u00eentotdeauna cooperarea \u00een cadrul grupurilor bilaterale de prietenie. El a subliniat, de asemenea, importan\u021ba ini\u021biativelor interna\u021bionale, cum ar fi ini\u021biativa celor trei ora\u0219e, precum \u0219i a cooper\u0103rii interna\u021bionale cu parlamentele altor \u021b\u0103ri, nu numai europene, sau participarea delega\u021biilor poloneze la reuniunile NATO, Consiliului Europei, OSCE, Grupului de la Vi\u0219egrad \u0219i ale Europei Carpatice. - Activitatea noastr\u0103 diplomatic\u0103 se dezvolt\u0103 dincolo de sfera cooper\u0103rii pur parlamentare. Aceasta se exprim\u0103 \u0219i \u00een cooperarea dintre statele carpatice. Un element al acestui demers este Conferin\u021ba Europa Carpa\u021bilor, care se desf\u0103\u0219oar\u0103 periodic \u00een multe locuri din Polonia. Recent, la Krasiczyn, organiz\u0103m urm\u0103torul la Krynica, \u00een cadrul Forumului Economic, \u00een perioada 4-6 septembrie, la care v\u0103 invit cordial - a spus mare\u0219alul Kuchci\u0144ski.<\/p>\n\n\n\n<p>De mul\u021bi ani, au loc \u00een mod regulat \u00eent\u00e2lniri \u00eentre membrii corpului diplomatic \u0219i pre\u0219edintele Sejm-ului. Acestea reprezint\u0103 o oportunitate de a discuta probleme actuale, activit\u0103\u021bile Sejm-ului \u00een domeniul cooper\u0103rii interna\u021bionale, precum \u0219i discu\u021bii informale.<\/p>\n\n\n\n<p><\/p>\n\n\n\n<p><strong>Discursul integral al pre\u0219edintelui Sejm, Marek Kuchci\u0144ski:<\/strong><\/p>\n\n\n\n<p>Excelen\u021ba Voastr\u0103, Arhiepiscop, Decan al Corpului Diplomatic din Polonia,<\/p>\n\n\n\n<p>Excelen\u021be, distinse doamne \u0219i domni ambasadori,<\/p>\n\n\n\n<p>\tBine a\u021bi venit \u0219i v\u0103 mul\u021bumesc c\u0103 a\u021bi acceptat invita\u021bia la Sejm, la \u0219edin\u021ba de ast\u0103zi. <strong>o \u00eent\u00e2lnire care are loc \u00eentr-un an de mari anivers\u0103ri<\/strong> istoria parlamentarismului, cu ocazia \u00eemplinirii a 450 de ani de la Unirea de la Lublin, care a avut loc \u00een 1569. <\/p>\n\n\n\n<p> &nbsp;&nbsp;&nbsp;&nbsp;&nbsp;&nbsp;&nbsp;<strong>Fostul parlament <\/strong>A \u00eendeplinit rolul de a reprezenta na\u021biunea politic\u0103, care fusese constituit\u0103 de nobilime \u00eenc\u0103 din Evul Mediu, \u00eencep\u00e2nd cu domnia regelui Casimir cel Mare, pentru ca apoi s\u0103 \u00ee\u0219i asume func\u021bii legislative \u0219i de control sub Ludovic al Ungariei, Ladislau Jagiello \u0219i Casimir Jagiellonul. <strong>Parlamentul de ast\u0103zi<\/strong> este o parte fundamental\u0103 a sistemului politic al Republicii Polone, care determin\u0103 caracterul democratic al acesteia. <\/p>\n\n\n\n<p>Anul trecut, cu ocazia s\u0103rb\u0103toririi a 550 de ani de la na\u0219terea parlamentarilor polonezi, au avut loc numeroase \u00eent\u00e2lniri, simpozioane \u0219i conferin\u021be, care au ar\u0103tat c\u0103 adoptarea Constitu\u021biei din 3 mai 1791 este considerat\u0103 cea mai important\u0103 realizare a parlamentarismului polonez.<\/p>\n\n\n\n<p>\t<strong>Constitu\u021bia din 3 mai<\/strong> a fost un act at\u00e2t de important pentru polonezi \u00eenc\u00e2t, \u00een februarie 1919, Adunarea Legislativ\u0103, a c\u0103rei 100-a aniversare o s\u0103rb\u0103torim acum, a declarat ziua de 3 mai drept s\u0103rb\u0103toare na\u021bional\u0103. <\/p>\n\n\n\n<p>Constitu\u021bia a fost o lucrare comun\u0103 a reprezentan\u021bilor na\u021biunilor care tr\u0103iau \u00eentr-un singur stat - Comunitatea Polono-Lituanian\u0103. Ast\u0103zi, 3 mai, Ziua Constitu\u021biei este, de asemenea, o s\u0103rb\u0103toare \u00een Lituania.<\/p>\n\n\n\n<p>\t<strong>\u00cen 1569, Polonia \u0219i Lituania au fost unite prin Uniunea de la Lublin.<\/strong> - o uniune statal\u0103 egal\u0103 \u0219i voluntar\u0103. Cea de-a 450-a aniversare va fi s\u0103rb\u0103torit\u0103 \u00een comun la 30 iunie la Lublin. I-am invitat la festivit\u0103\u021bi pe pre\u0219edin\u021bii parlamentelor din \u021b\u0103rile ale c\u0103ror p\u0103m\u00e2nturi \u0219i popoare f\u0103ceau parte, la acea vreme, tot din Comunitatea Polono-Lituanian\u0103. A\u0219 dori s\u0103 v\u0103 invit \u0219i pe dumneavoastr\u0103, reprezentan\u021bi ai corpului diplomatic, s\u0103 lua\u021bi parte la acest eveniment. &nbsp;<\/p>\n\n\n\n<p>\tDoamnelor \u0219i domnilor, cred c\u0103 putem merge mai departe \u00een mod natural aici <strong>de la Uniunea din Lublin la Uniunea European\u0103.<\/strong> <\/p>\n\n\n\n<p>Anul acesta s\u0103rb\u0103torim <strong>cea de-a 15-a aniversare a ader\u0103rii Poloniei \u0219i a altor \u021b\u0103ri din Europa Central\u0103 la Uniunea European\u0103 \u0219i cea de-a 20-a aniversare a ader\u0103rii Poloniei la NATO<\/strong>. Acest lucru are o semnifica\u021bie istoric\u0103 \u00een toate sensurile, mai ales c\u0103 marcheaz\u0103 sf\u00e2r\u0219itul diviz\u0103rii postbelice a Europei. \u0218i sper c\u0103 \u00een viitorul apropiat \u0219i alte \u021b\u0103ri din partea noastr\u0103 de Europ\u0103 vor fi admise at\u00e2t \u00een NATO, c\u00e2t \u0219i \u00een UE.<br><\/p>\n\n\n\n<p>A\u0219 dori s\u0103 amintesc un eveniment recent, Conferin\u021ba pre\u0219edin\u021bilor parlamentelor UE de la Viena. Acesta reflect\u0103 un r\u0103spuns flexibil la problemele care apar \u0219i \u00eencearc\u0103 s\u0103 le rezolve \u00een mod constructiv. <\/p>\n\n\n\n<p>\tParlamentul polonez pre\u021buie\u0219te orice form\u0103 de cooperare interna\u021bional\u0103, dar sus\u021binem cu real\u0103 satisfac\u021bie ini\u021biativele multilaterale. M\u0103 g\u00e2ndesc aici la ini\u021biativa din 2016 de convocare a <strong>Summitul pre\u0219edin\u021bilor de parlamente din Europa Central\u0103 \u0219i de Est<\/strong>. Reuniunea la nivel \u00eenalt are loc anual la Var\u0219ovia. Preg\u0103tirile sunt \u00een curs de desf\u0103\u0219urare pentru cel de-al patrulea summit, care va avea loc \u00een perioada 4-5 iunie. Prin urmare, ne vom \u00eent\u00e2lni cu mul\u021bi dintre dumneavoastr\u0103 la summit, atunci c\u00e2nd v\u0103 ve\u021bi \u00eenso\u021bi delega\u021biile.<\/p>\n\n\n\n<p>\tSummitul este important \u0219i din perspectiva datei de 4 iunie 1989, c\u00e2nd, \u00een urm\u0103 cu 30 de ani, \u00een Polonia au avut loc primele alegeri parlamentare par\u021bial libere. \u00cen acel an, au avut loc schimb\u0103ri \u0219i \u00een Ungaria \u0219i \u00een Cehoslovacia de atunci, sub forma Revolu\u021biei de catifea. Aceste evenimente au avut loc \u00eenainte de c\u0103derea Zidului Berlinului. <br><\/p>\n\n\n\n<p>\u00cen Polonia, na\u021biunea a dorit o schimbare istoric\u0103 \u0219i \u0219i-a exprimat acest lucru f\u0103r\u0103 echivoc la urnele de vot. <br><\/p>\n\n\n\n<p>De asemenea, merit\u0103 s\u0103 men\u021bion\u0103m Ini\u021biativa celor trei Marocuri, care concentreaz\u0103, ca \u00eentr-o lentil\u0103, ceea ce este cel mai important: ideea de integrare cu m\u0103suri de asigurare a securit\u0103\u021bii statelor \u0219i na\u021biunilor, inclusiv securitatea energetic\u0103 \u0219i dezvoltarea re\u021belelor de comunica\u021bii.<br><\/p>\n\n\n\n<p>Sejm-ul polonez dezvolt\u0103 diploma\u021bia parlamentar\u0103 \u00een toate domeniile posibile \u0219i importante. Un exemplu este sesiunea de prim\u0103var\u0103 de anul trecut a Adun\u0103rii Parlamentare a NATO de la Var\u0219ovia. Sesiunea a decurs bine \u0219i a fost un succes. <\/p>\n\n\n\n<p>\tA\u0219 dori, de asemenea, s\u0103 subliniez activitatea delega\u021biilor parlamentare poloneze la NATO, Consiliul Europei \u0219i OSCE. Ne trimitem delega\u021bii pentru a observa alegerile \u00een multe \u021b\u0103ri. <\/p>\n\n\n\n<p>(PL) Dle pre\u0219edinte, delega\u021bia polonez\u0103 la Adunarea Parlamentar\u0103 a Consiliului Europei a ini\u021biat adoptarea unei rezolu\u021bii privind returnarea de c\u0103tre Rusia a epavei avionului pr\u0103bu\u0219it \u00een accidentul aviatic de la Smolensk. Aceast\u0103 chestiune este \u00eenc\u0103 nerezolvat\u0103.<\/p>\n\n\n\n<p>\tImplicat activ <strong>Adun\u0103rile parlamentare<\/strong>. \u00cen luna noiembrie a anului trecut a avut loc Adunarea trilateral\u0103 Polonia-Lituania-Ucraina. Iar \u00een luna februarie a acestui an, dup\u0103 o pauz\u0103 de 10 ani, a avut loc o sesiune a Adun\u0103rii Parlamentare a Seimului \u0219i Senatului Poloniei \u0219i a Seimului Lituaniei.<\/p>\n\n\n\n<p>\tO nou\u0103 Adunare parlamentar\u0103 polono-georgian\u0103 s-a al\u0103turat recent listei de adun\u0103ri. Prima sa sesiune a avut loc \u00een luna februarie a acestui an \u0219i a fost precedat\u0103 de vizita mea \u00een Georgia \u00een noiembrie 2018. <\/p>\n\n\n\n<p>\tCooperarea dintre Adunarea Parlamentar\u0103 Polonia-Moldova, care s-a reunit pentru a cincea oar\u0103 \u00een iulie 2018, de data aceasta la Chi\u0219in\u0103u, merge de asemenea bine. De asemenea, continu\u0103m cooperarea parlamentar\u0103 polono-ucrainean\u0103, dup\u0103 cum o demonstreaz\u0103 cea de-a 11-a sesiune a Adun\u0103rii Parlamentare a Poloniei \u0219i Ucrainei, care a avut loc \u00een luna martie a acestui an la Kiev, \u0219i cooperarea \u00een cadrul grupurilor parlamentare bilaterale.<\/p>\n\n\n\n<p>\tAm ve\u0219ti extrem de bune de raportat \u00een leg\u0103tur\u0103 cu cooperarea noastr\u0103 \u00een domeniul <strong>Grupul de la Vi\u0219egrad<\/strong>Ne-am \u00eent\u00e2lnit de trei ori \u00een timpul pre\u0219edin\u021biei slovace, la nivelul pre\u0219edin\u021bilor de parlamente. Ne-am \u00eent\u00e2lnit de trei ori \u00een timpul pre\u0219edin\u021biei slovace la nivel de pre\u0219edin\u021bi de parlamente, iar formula reuniunii este \u00een mod constant extins\u0103 pentru a include noi \u021b\u0103ri, ceea ce poate fi o dovad\u0103 a atractivit\u0103\u021bii sale pentru regiune. <\/p>\n\n\n\n<p>\tCooperarea str\u00e2ns\u0103 \u00een cadrul Grupului de la Visegrad nu elimin\u0103 sau limiteaz\u0103 cooperarea bilateral\u0103 \u00eentre parlamentele individuale de la Visegrad. Continu\u0103m s\u0103 ne \u00eent\u00e2lnim cu Prezidiile Sejm-ului \u0219i Camerei Deputa\u021bilor din Republica Ceh\u0103, iar rela\u021biile cu Parlamentul maghiar sunt \u00een mod constant foarte active, incluz\u00e2nd \u00eent\u00e2lniri strict parlamentare, dar \u0219i evenimente de natur\u0103 mai larg\u0103, cum ar fi participarea mea la o conferin\u021b\u0103 la Adunarea Na\u021bional\u0103 Maghiar\u0103 pentru a marca centenarul independen\u021bei Poloniei.<br><\/p>\n\n\n\n<p>Cooperarea noastr\u0103 afecteaz\u0103, de asemenea, domenii extraparlamentare, care se exprim\u0103, de exemplu, \u00een cooperarea dintre \u021b\u0103rile carpatice. Un element permanent \u0219i \u00een curs de dezvoltare al acestei cooper\u0103ri este conferin\u021ba <strong>Europa carpatic\u0103.<\/strong> Edi\u021bia din acest an, cu o tem\u0103 bogat\u0103, a avut loc \u00een februarie la Krasiczyn. Continu\u0103m \u00eent\u00e2lnirile din septembrie din seria Europa Carpa\u021bilor la Krynica Zdr\u00f3j, \u00een cadrul Forumului Economic (3-5 septembrie 2019). \u0218i v\u0103 invit\u0103m s\u0103 participa\u021bi.<br><\/p>\n\n\n\n<p>Unul dintre rezultatele cre\u0219terii importan\u021bei regiunii Europei Centrale \u0219i a cooper\u0103rii multilaterale din Carpa\u021bi este stabilirea unui acord de lucru de c\u0103tre un grup de universit\u0103\u021bi din \u021b\u0103rile carpatice - V4 plus Rom\u00e2nia \u0219i Ucraina. Acesta a adoptat denumirea latin\u0103 Collegium Carpathicum. Sus\u021binem acest tip de activitate \u00een regiune.<br><\/p>\n\n\n\n<p>\tCooperarea bilateral\u0103 prin intermediul reuniunilor bilaterale este, de asemenea, important\u0103. Un exemplu de astfel de ini\u021biativ\u0103 este cel de-al 6-lea Forum parlamentar Polonia-Spania, desf\u0103\u0219urat anul trecut la Santiago de Compostela.<\/p>\n\n\n\n<p>O cooperare vibrant\u0103 \u0219i dinamic\u0103 leag\u0103 Sejm-ul polonez de parlamentele din \u021b\u0103rile din Balcani. A\u0219 dori s\u0103 subliniez participarea activ\u0103 a pre\u0219edin\u021bilor \u0219i a reprezentan\u021bilor parlamentelor la summiturile de la Var\u0219ovia, care \u00eencurajeaz\u0103 \u00eent\u00e2lnirile \u0219i consult\u0103rile bilaterale. Cooperarea parlamentar\u0103 \u0219i participarea la reuniuni multilaterale de natur\u0103 politic\u0103 \u0219i istoric\u0103 este foarte dinamic\u0103. A\u0219 dori s\u0103 v\u0103 informez c\u0103, pe l\u00e2ng\u0103 cooperarea existent\u0103 a grupurilor bilaterale, am ad\u0103ugat o nou\u0103 form\u0103 de cooperare, \u0219i anume Grupul parlamentar regional polono-balcanic, care a fost \u00eenfiin\u021bat \u00een luna ianuarie a acestui an. \u00cen martie, o delega\u021bie a grupului a vizitat Serbia \u0219i Macedonia de Nord.<\/p>\n\n\n\n<p>\t\u00centotdeauna am sus\u021binut cu t\u0103rie cooperarea \u00een cadrul grupurilor bilaterale de prietenie. \u00cen mod constant se \u00eenfiin\u021beaz\u0103 noi grupuri, iar \u00een prezent exist\u0103 85 de grupuri \u00een Parlament. <\/p>\n\n\n\n<p>\u00cen ultimele 12 luni, Sejm-ul a g\u0103zduit multe vizite, dar delega\u021biile noastre au vizitat \u0219i parlamente prietene. Cooperarea a inclus, printre altele, parlamentele din Albania, Arabia Saudit\u0103, Armenia, Australia, Belarus, Bulgaria, Croa\u021bia, Muntenegru, Republica Ceh\u0103, Filipine, Iran, Irlanda, Kazahstan, Macedonia de Nord, Maroc, Mongolia, Germania, Norvegia, Slovacia, Confedera\u021bia Elve\u021bian\u0103, Ucraina \u0219i Vietnam. <\/p>\n\n\n\n<p>\tDin lista evolu\u021biilor \u00een rela\u021biile cu alte \u021b\u0103ri, a\u0219 dori s\u0103 men\u021bionez activitatea \u00een rela\u021biile cu Parlamentul japonez, precum \u0219i organizarea Zilei Asia-Pacific.<\/p>\n\n\n\n<p>\tCooperarea noastr\u0103 interna\u021bional\u0103 merge dincolo de dimensiunea pur parlamentar\u0103. \u00cen ultimele 12 luni, m-am \u00eent\u00e2lnit cu \u0219efii de stat \u0219i de guvern din: Republica Ceh\u0103, Slovacia, Ungaria, Lituania, Georgia \u0219i pre\u0219edin\u021bii parlamentelor din aceste \u021b\u0103ri, precum \u0219i: Senatul Rom\u00e2niei, Consiliul de Stat al Sloveniei, Consiliul Republicii Belarus \u0219i Riksdag-ul suedez.<\/p>\n\n\n\n<p> Excelen\u021bele Voastre, doamnelor \u0219i domnilor, informa\u021biile prezentate indic\u0103 doar c\u00e2teva vizite, \u00eent\u00e2lniri, conferin\u021be. Le-am men\u021bionat \u00een principal pe cele care confirm\u0103 \u0219i ilustreaz\u0103 o anumit\u0103 tendin\u021b\u0103 sau direc\u021bie. M\u0103 bucur c\u0103 am putut face acest lucru \u00een cadrul festivit\u0103\u021bilor prilejuite de s\u0103rb\u0103toarea noastr\u0103 na\u021bional\u0103, la care a\u021bi venit s\u0103 omagia\u021bi \u00eempreun\u0103 aceast\u0103 mare oper\u0103 a parlamentarismului polonez \u0219i s\u0103 v\u0103 exprima\u021bi prietenia \u0219i sprijinul pentru Polonia, pentru care v\u0103 mul\u021bumesc din suflet.<\/p>\n\n\n\n<p><em>Foto: Rafa\u0142 Zambrzycki<\/em><\/p>\n\n\n\n<figure class=\"wp-block-image\"><img fetchpriority=\"high\" decoding=\"async\" width=\"800\" height=\"533\" src=\"https:\/\/marekkuchcinski.pl\/wp-content\/uploads\/2019\/05\/RZ__6011.view_.jpg\" alt=\"\" class=\"wp-image-15467\" srcset=\"https:\/\/marekkuchcinski.pl\/wp-content\/uploads\/2019\/05\/RZ__6011.view_.jpg 800w, https:\/\/marekkuchcinski.pl\/wp-content\/uploads\/2019\/05\/RZ__6011.view_-300x200.jpg 300w, https:\/\/marekkuchcinski.pl\/wp-content\/uploads\/2019\/05\/RZ__6011.view_-768x512.jpg 768w\" sizes=\"(max-width: 800px) 100vw, 800px\" \/><\/figure>\n\n\n\n<figure class=\"wp-block-image\"><img decoding=\"async\" width=\"1024\" height=\"683\" src=\"https:\/\/marekkuchcinski.pl\/wp-content\/uploads\/2019\/05\/RZ__5985-1024x683.jpeg\" alt=\"\" class=\"wp-image-15471\" srcset=\"https:\/\/marekkuchcinski.pl\/wp-content\/uploads\/2019\/05\/RZ__5985-1024x683.jpeg 1024w, https:\/\/marekkuchcinski.pl\/wp-content\/uploads\/2019\/05\/RZ__5985-300x200.jpeg 300w, https:\/\/marekkuchcinski.pl\/wp-content\/uploads\/2019\/05\/RZ__5985-768x512.jpeg 768w, https:\/\/marekkuchcinski.pl\/wp-content\/uploads\/2019\/05\/RZ__5985.jpeg 2048w\" sizes=\"(max-width: 1024px) 100vw, 1024px\" \/><\/figure>\n\n\n\n<figure class=\"wp-block-image\"><img decoding=\"async\" width=\"1024\" height=\"683\" src=\"https:\/\/marekkuchcinski.pl\/wp-content\/uploads\/2019\/05\/60057138_2735601806481159_3430266499573481472_n-1024x683.jpg\" alt=\"\" class=\"wp-image-15474\" srcset=\"https:\/\/marekkuchcinski.pl\/wp-content\/uploads\/2019\/05\/60057138_2735601806481159_3430266499573481472_n-1024x683.jpg 1024w, https:\/\/marekkuchcinski.pl\/wp-content\/uploads\/2019\/05\/60057138_2735601806481159_3430266499573481472_n-300x200.jpg 300w, https:\/\/marekkuchcinski.pl\/wp-content\/uploads\/2019\/05\/60057138_2735601806481159_3430266499573481472_n-768x512.jpg 768w, https:\/\/marekkuchcinski.pl\/wp-content\/uploads\/2019\/05\/60057138_2735601806481159_3430266499573481472_n.jpg 2048w\" sizes=\"(max-width: 1024px) 100vw, 1024px\" \/><\/figure>","protected":false},"excerpt":{"rendered":"<p>Z okazji \u015awi\u0119ta Narodowego Konstytucji 3 Maja marsza\u0142ek Sejmu Marek Kuchci\u0144ski spotka\u0142 si\u0119 w poniedzia\u0142ek w Sali Kolumnowej z korpusem dyplomatycznym. Dzi\u0119kuj\u0105c dyplomatom za obecno\u015b\u0107 Marsza\u0142ek Sejmu wskaza\u0142 na wa\u017cne dla Izby rocznice: 450-lecia przyst\u0105pienia do Unii Lubelskiej w 1569 roku oraz 100-lecia og\u0142oszenia Dnia Konstytucji 3 Maja w lutym 1919 r. \u2013 Wsp\u00f3\u0142czesny Parlament [&hellip;]<\/p>","protected":false},"author":6,"featured_media":15467,"comment_status":"open","ping_status":"open","sticky":false,"template":"","format":"standard","meta":{"ngg_post_thumbnail":0,"footnotes":""},"categories":[81,50,3],"tags":[],"class_list":["post-15466","post","type-post","status-publish","format-standard","has-post-thumbnail","hentry","category-wiesci-z-sejmu","category-wspolpraca-miedzynarodowa","category-wydarzenia"],"yoast_head":"<!-- This site is optimized with the Yoast SEO plugin v24.7 - https:\/\/yoast.com\/wordpress\/plugins\/seo\/ -->\n<title>Doroczne spotkanie marsza\u0142ka Sejmu z korpusem dyplomatycznym &#8211; Marek Kuchci\u0144ski<\/title>\n<meta name=\"robots\" content=\"index, follow, max-snippet:-1, max-image-preview:large, max-video-preview:-1\" \/>\n<link rel=\"canonical\" href=\"https:\/\/marekkuchcinski.pl\/ro\/wydarzenia\/15466\/\" \/>\n<meta property=\"og:locale\" content=\"ro_RO\" \/>\n<meta property=\"og:type\" content=\"article\" \/>\n<meta property=\"og:title\" content=\"Doroczne spotkanie marsza\u0142ka Sejmu z korpusem dyplomatycznym &#8211; Marek Kuchci\u0144ski\" \/>\n<meta property=\"og:description\" content=\"Z okazji \u015awi\u0119ta Narodowego Konstytucji 3 Maja marsza\u0142ek Sejmu Marek Kuchci\u0144ski spotka\u0142 si\u0119 w poniedzia\u0142ek w Sali Kolumnowej z korpusem dyplomatycznym. Dzi\u0119kuj\u0105c dyplomatom za obecno\u015b\u0107 Marsza\u0142ek Sejmu wskaza\u0142 na wa\u017cne dla Izby rocznice: 450-lecia przyst\u0105pienia do Unii Lubelskiej w 1569 roku oraz 100-lecia og\u0142oszenia Dnia Konstytucji 3 Maja w lutym 1919 r. \u2013 Wsp\u00f3\u0142czesny Parlament [&hellip;]\" \/>\n<meta property=\"og:url\" content=\"https:\/\/marekkuchcinski.pl\/ro\/wydarzenia\/15466\/\" \/>\n<meta property=\"og:site_name\" content=\"Marek Kuchci\u0144ski\" \/>\n<meta property=\"article:published_time\" content=\"2019-05-13T14:15:03+00:00\" \/>\n<meta property=\"article:modified_time\" content=\"2019-05-13T14:31:18+00:00\" \/>\n<meta property=\"og:image\" content=\"https:\/\/marekkuchcinski.pl\/wp-content\/uploads\/2019\/05\/RZ__6011.view_.jpg\" \/>\n\t<meta property=\"og:image:width\" content=\"800\" \/>\n\t<meta property=\"og:image:height\" content=\"533\" \/>\n\t<meta property=\"og:image:type\" content=\"image\/jpeg\" \/>\n<meta name=\"author\" content=\"admin\" \/>\n<meta name=\"twitter:card\" content=\"summary_large_image\" \/>\n<meta name=\"twitter:label1\" content=\"Scris de\" \/>\n\t<meta name=\"twitter:data1\" content=\"admin\" \/>\n\t<meta name=\"twitter:label2\" content=\"Timp estimat pentru citire\" \/>\n\t<meta name=\"twitter:data2\" content=\"10 minutes\" \/>\n<script type=\"application\/ld+json\" class=\"yoast-schema-graph\">{\"@context\":\"https:\/\/schema.org\",\"@graph\":[{\"@type\":\"Article\",\"@id\":\"https:\/\/marekkuchcinski.pl\/hu\/wydarzenia\/15466\/#article\",\"isPartOf\":{\"@id\":\"https:\/\/marekkuchcinski.pl\/hu\/wydarzenia\/15466\/\"},\"author\":{\"name\":\"admin\",\"@id\":\"https:\/\/marekkuchcinski.pl\/#\/schema\/person\/6f62700996b4d950b6ea2d1183b6c6be\"},\"headline\":\"Doroczne spotkanie marsza\u0142ka Sejmu z korpusem dyplomatycznym\",\"datePublished\":\"2019-05-13T14:15:03+00:00\",\"dateModified\":\"2019-05-13T14:31:18+00:00\",\"mainEntityOfPage\":{\"@id\":\"https:\/\/marekkuchcinski.pl\/hu\/wydarzenia\/15466\/\"},\"wordCount\":2042,\"commentCount\":0,\"publisher\":{\"@id\":\"https:\/\/marekkuchcinski.pl\/#organization\"},\"image\":{\"@id\":\"https:\/\/marekkuchcinski.pl\/hu\/wydarzenia\/15466\/#primaryimage\"},\"thumbnailUrl\":\"https:\/\/marekkuchcinski.pl\/wp-content\/uploads\/2019\/05\/RZ__6011.view_.jpg\",\"articleSection\":[\"Wie\u015bci z Sejmu\",\"Wsp\u00f3\u0142praca mi\u0119dzynarodowa\",\"Wydarzenia\"],\"inLanguage\":\"ro-RO\",\"potentialAction\":[{\"@type\":\"CommentAction\",\"name\":\"Comment\",\"target\":[\"https:\/\/marekkuchcinski.pl\/hu\/wydarzenia\/15466\/#respond\"]}]},{\"@type\":\"WebPage\",\"@id\":\"https:\/\/marekkuchcinski.pl\/hu\/wydarzenia\/15466\/\",\"url\":\"https:\/\/marekkuchcinski.pl\/hu\/wydarzenia\/15466\/\",\"name\":\"Doroczne spotkanie marsza\u0142ka Sejmu z korpusem dyplomatycznym &#8211; Marek Kuchci\u0144ski\",\"isPartOf\":{\"@id\":\"https:\/\/marekkuchcinski.pl\/#website\"},\"primaryImageOfPage\":{\"@id\":\"https:\/\/marekkuchcinski.pl\/hu\/wydarzenia\/15466\/#primaryimage\"},\"image\":{\"@id\":\"https:\/\/marekkuchcinski.pl\/hu\/wydarzenia\/15466\/#primaryimage\"},\"thumbnailUrl\":\"https:\/\/marekkuchcinski.pl\/wp-content\/uploads\/2019\/05\/RZ__6011.view_.jpg\",\"datePublished\":\"2019-05-13T14:15:03+00:00\",\"dateModified\":\"2019-05-13T14:31:18+00:00\",\"breadcrumb\":{\"@id\":\"https:\/\/marekkuchcinski.pl\/hu\/wydarzenia\/15466\/#breadcrumb\"},\"inLanguage\":\"ro-RO\",\"potentialAction\":[{\"@type\":\"ReadAction\",\"target\":[\"https:\/\/marekkuchcinski.pl\/hu\/wydarzenia\/15466\/\"]}]},{\"@type\":\"ImageObject\",\"inLanguage\":\"ro-RO\",\"@id\":\"https:\/\/marekkuchcinski.pl\/hu\/wydarzenia\/15466\/#primaryimage\",\"url\":\"https:\/\/marekkuchcinski.pl\/wp-content\/uploads\/2019\/05\/RZ__6011.view_.jpg\",\"contentUrl\":\"https:\/\/marekkuchcinski.pl\/wp-content\/uploads\/2019\/05\/RZ__6011.view_.jpg\",\"width\":800,\"height\":533},{\"@type\":\"BreadcrumbList\",\"@id\":\"https:\/\/marekkuchcinski.pl\/hu\/wydarzenia\/15466\/#breadcrumb\",\"itemListElement\":[{\"@type\":\"ListItem\",\"position\":1,\"name\":\"Strona g\u0142\u00f3wna\",\"item\":\"https:\/\/marekkuchcinski.pl\/\"},{\"@type\":\"ListItem\",\"position\":2,\"name\":\"Doroczne spotkanie marsza\u0142ka Sejmu z korpusem dyplomatycznym\"}]},{\"@type\":\"WebSite\",\"@id\":\"https:\/\/marekkuchcinski.pl\/#website\",\"url\":\"https:\/\/marekkuchcinski.pl\/\",\"name\":\"Marek Kuchci\u0144ski\",\"description\":\"Pose\u0142 na sejm RP &ndash; okr\u0119g nr 22\",\"publisher\":{\"@id\":\"https:\/\/marekkuchcinski.pl\/#organization\"},\"potentialAction\":[{\"@type\":\"SearchAction\",\"target\":{\"@type\":\"EntryPoint\",\"urlTemplate\":\"https:\/\/marekkuchcinski.pl\/?s={search_term_string}\"},\"query-input\":{\"@type\":\"PropertyValueSpecification\",\"valueRequired\":true,\"valueName\":\"search_term_string\"}}],\"inLanguage\":\"ro-RO\"},{\"@type\":\"Organization\",\"@id\":\"https:\/\/marekkuchcinski.pl\/#organization\",\"name\":\"Marek Kuchci\u0144ski\",\"url\":\"https:\/\/marekkuchcinski.pl\/\",\"logo\":{\"@type\":\"ImageObject\",\"inLanguage\":\"ro-RO\",\"@id\":\"https:\/\/marekkuchcinski.pl\/#\/schema\/logo\/image\/\",\"url\":\"https:\/\/marekkuchcinski.pl\/wp-content\/uploads\/2022\/09\/Marek.jpg\",\"contentUrl\":\"https:\/\/marekkuchcinski.pl\/wp-content\/uploads\/2022\/09\/Marek.jpg\",\"width\":1600,\"height\":971,\"caption\":\"Marek Kuchci\u0144ski\"},\"image\":{\"@id\":\"https:\/\/marekkuchcinski.pl\/#\/schema\/logo\/image\/\"}},{\"@type\":\"Person\",\"@id\":\"https:\/\/marekkuchcinski.pl\/#\/schema\/person\/6f62700996b4d950b6ea2d1183b6c6be\",\"name\":\"admin\",\"image\":{\"@type\":\"ImageObject\",\"inLanguage\":\"ro-RO\",\"@id\":\"https:\/\/marekkuchcinski.pl\/#\/schema\/person\/image\/\",\"url\":\"https:\/\/secure.gravatar.com\/avatar\/4bab693b9d55c3d6b52c0296a8765085?s=96&d=mm&r=g\",\"contentUrl\":\"https:\/\/secure.gravatar.com\/avatar\/4bab693b9d55c3d6b52c0296a8765085?s=96&d=mm&r=g\",\"caption\":\"admin\"},\"url\":\"https:\/\/marekkuchcinski.pl\/ro\/author\/marta-olejnik\/\"}]}<\/script>\n<!-- \/ Yoast SEO plugin. -->","yoast_head_json":{"title":"Doroczne spotkanie marsza\u0142ka Sejmu z korpusem dyplomatycznym &#8211; Marek Kuchci\u0144ski","robots":{"index":"index","follow":"follow","max-snippet":"max-snippet:-1","max-image-preview":"max-image-preview:large","max-video-preview":"max-video-preview:-1"},"canonical":"https:\/\/marekkuchcinski.pl\/ro\/wydarzenia\/15466\/","og_locale":"ro_RO","og_type":"article","og_title":"Doroczne spotkanie marsza\u0142ka Sejmu z korpusem dyplomatycznym &#8211; Marek Kuchci\u0144ski","og_description":"Z okazji \u015awi\u0119ta Narodowego Konstytucji 3 Maja marsza\u0142ek Sejmu Marek Kuchci\u0144ski spotka\u0142 si\u0119 w poniedzia\u0142ek w Sali Kolumnowej z korpusem dyplomatycznym. Dzi\u0119kuj\u0105c dyplomatom za obecno\u015b\u0107 Marsza\u0142ek Sejmu wskaza\u0142 na wa\u017cne dla Izby rocznice: 450-lecia przyst\u0105pienia do Unii Lubelskiej w 1569 roku oraz 100-lecia og\u0142oszenia Dnia Konstytucji 3 Maja w lutym 1919 r. \u2013 Wsp\u00f3\u0142czesny Parlament [&hellip;]","og_url":"https:\/\/marekkuchcinski.pl\/ro\/wydarzenia\/15466\/","og_site_name":"Marek Kuchci\u0144ski","article_published_time":"2019-05-13T14:15:03+00:00","article_modified_time":"2019-05-13T14:31:18+00:00","og_image":[{"width":800,"height":533,"url":"https:\/\/marekkuchcinski.pl\/wp-content\/uploads\/2019\/05\/RZ__6011.view_.jpg","type":"image\/jpeg"}],"author":"admin","twitter_card":"summary_large_image","twitter_misc":{"Scris de":"admin","Timp estimat pentru citire":"10 minutes"},"schema":{"@context":"https:\/\/schema.org","@graph":[{"@type":"Article","@id":"https:\/\/marekkuchcinski.pl\/hu\/wydarzenia\/15466\/#article","isPartOf":{"@id":"https:\/\/marekkuchcinski.pl\/hu\/wydarzenia\/15466\/"},"author":{"name":"admin","@id":"https:\/\/marekkuchcinski.pl\/#\/schema\/person\/6f62700996b4d950b6ea2d1183b6c6be"},"headline":"Doroczne spotkanie marsza\u0142ka Sejmu z korpusem dyplomatycznym","datePublished":"2019-05-13T14:15:03+00:00","dateModified":"2019-05-13T14:31:18+00:00","mainEntityOfPage":{"@id":"https:\/\/marekkuchcinski.pl\/hu\/wydarzenia\/15466\/"},"wordCount":2042,"commentCount":0,"publisher":{"@id":"https:\/\/marekkuchcinski.pl\/#organization"},"image":{"@id":"https:\/\/marekkuchcinski.pl\/hu\/wydarzenia\/15466\/#primaryimage"},"thumbnailUrl":"https:\/\/marekkuchcinski.pl\/wp-content\/uploads\/2019\/05\/RZ__6011.view_.jpg","articleSection":["Wie\u015bci z Sejmu","Wsp\u00f3\u0142praca mi\u0119dzynarodowa","Wydarzenia"],"inLanguage":"ro-RO","potentialAction":[{"@type":"CommentAction","name":"Comment","target":["https:\/\/marekkuchcinski.pl\/hu\/wydarzenia\/15466\/#respond"]}]},{"@type":"WebPage","@id":"https:\/\/marekkuchcinski.pl\/hu\/wydarzenia\/15466\/","url":"https:\/\/marekkuchcinski.pl\/hu\/wydarzenia\/15466\/","name":"Doroczne spotkanie marsza\u0142ka Sejmu z korpusem dyplomatycznym &#8211; Marek Kuchci\u0144ski","isPartOf":{"@id":"https:\/\/marekkuchcinski.pl\/#website"},"primaryImageOfPage":{"@id":"https:\/\/marekkuchcinski.pl\/hu\/wydarzenia\/15466\/#primaryimage"},"image":{"@id":"https:\/\/marekkuchcinski.pl\/hu\/wydarzenia\/15466\/#primaryimage"},"thumbnailUrl":"https:\/\/marekkuchcinski.pl\/wp-content\/uploads\/2019\/05\/RZ__6011.view_.jpg","datePublished":"2019-05-13T14:15:03+00:00","dateModified":"2019-05-13T14:31:18+00:00","breadcrumb":{"@id":"https:\/\/marekkuchcinski.pl\/hu\/wydarzenia\/15466\/#breadcrumb"},"inLanguage":"ro-RO","potentialAction":[{"@type":"ReadAction","target":["https:\/\/marekkuchcinski.pl\/hu\/wydarzenia\/15466\/"]}]},{"@type":"ImageObject","inLanguage":"ro-RO","@id":"https:\/\/marekkuchcinski.pl\/hu\/wydarzenia\/15466\/#primaryimage","url":"https:\/\/marekkuchcinski.pl\/wp-content\/uploads\/2019\/05\/RZ__6011.view_.jpg","contentUrl":"https:\/\/marekkuchcinski.pl\/wp-content\/uploads\/2019\/05\/RZ__6011.view_.jpg","width":800,"height":533},{"@type":"BreadcrumbList","@id":"https:\/\/marekkuchcinski.pl\/hu\/wydarzenia\/15466\/#breadcrumb","itemListElement":[{"@type":"ListItem","position":1,"name":"Strona g\u0142\u00f3wna","item":"https:\/\/marekkuchcinski.pl\/"},{"@type":"ListItem","position":2,"name":"Doroczne spotkanie marsza\u0142ka Sejmu z korpusem dyplomatycznym"}]},{"@type":"WebSite","@id":"https:\/\/marekkuchcinski.pl\/#website","url":"https:\/\/marekkuchcinski.pl\/","name":"Marek Kuchci\u0144ski","description":"Pose\u0142 na sejm RP &ndash; okr\u0119g nr 22","publisher":{"@id":"https:\/\/marekkuchcinski.pl\/#organization"},"potentialAction":[{"@type":"SearchAction","target":{"@type":"EntryPoint","urlTemplate":"https:\/\/marekkuchcinski.pl\/?s={search_term_string}"},"query-input":{"@type":"PropertyValueSpecification","valueRequired":true,"valueName":"search_term_string"}}],"inLanguage":"ro-RO"},{"@type":"Organization","@id":"https:\/\/marekkuchcinski.pl\/#organization","name":"Marek Kuchci\u0144ski","url":"https:\/\/marekkuchcinski.pl\/","logo":{"@type":"ImageObject","inLanguage":"ro-RO","@id":"https:\/\/marekkuchcinski.pl\/#\/schema\/logo\/image\/","url":"https:\/\/marekkuchcinski.pl\/wp-content\/uploads\/2022\/09\/Marek.jpg","contentUrl":"https:\/\/marekkuchcinski.pl\/wp-content\/uploads\/2022\/09\/Marek.jpg","width":1600,"height":971,"caption":"Marek Kuchci\u0144ski"},"image":{"@id":"https:\/\/marekkuchcinski.pl\/#\/schema\/logo\/image\/"}},{"@type":"Person","@id":"https:\/\/marekkuchcinski.pl\/#\/schema\/person\/6f62700996b4d950b6ea2d1183b6c6be","name":"admin","image":{"@type":"ImageObject","inLanguage":"ro-RO","@id":"https:\/\/marekkuchcinski.pl\/#\/schema\/person\/image\/","url":"https:\/\/secure.gravatar.com\/avatar\/4bab693b9d55c3d6b52c0296a8765085?s=96&d=mm&r=g","contentUrl":"https:\/\/secure.gravatar.com\/avatar\/4bab693b9d55c3d6b52c0296a8765085?s=96&d=mm&r=g","caption":"admin"},"url":"https:\/\/marekkuchcinski.pl\/ro\/author\/marta-olejnik\/"}]}},"_links":{"self":[{"href":"https:\/\/marekkuchcinski.pl\/ro\/wp-json\/wp\/v2\/posts\/15466","targetHints":{"allow":["GET"]}}],"collection":[{"href":"https:\/\/marekkuchcinski.pl\/ro\/wp-json\/wp\/v2\/posts"}],"about":[{"href":"https:\/\/marekkuchcinski.pl\/ro\/wp-json\/wp\/v2\/types\/post"}],"author":[{"embeddable":true,"href":"https:\/\/marekkuchcinski.pl\/ro\/wp-json\/wp\/v2\/users\/6"}],"replies":[{"embeddable":true,"href":"https:\/\/marekkuchcinski.pl\/ro\/wp-json\/wp\/v2\/comments?post=15466"}],"version-history":[{"count":5,"href":"https:\/\/marekkuchcinski.pl\/ro\/wp-json\/wp\/v2\/posts\/15466\/revisions"}],"predecessor-version":[{"id":15475,"href":"https:\/\/marekkuchcinski.pl\/ro\/wp-json\/wp\/v2\/posts\/15466\/revisions\/15475"}],"wp:featuredmedia":[{"embeddable":true,"href":"https:\/\/marekkuchcinski.pl\/ro\/wp-json\/wp\/v2\/media\/15467"}],"wp:attachment":[{"href":"https:\/\/marekkuchcinski.pl\/ro\/wp-json\/wp\/v2\/media?parent=15466"}],"wp:term":[{"taxonomy":"category","embeddable":true,"href":"https:\/\/marekkuchcinski.pl\/ro\/wp-json\/wp\/v2\/categories?post=15466"},{"taxonomy":"post_tag","embeddable":true,"href":"https:\/\/marekkuchcinski.pl\/ro\/wp-json\/wp\/v2\/tags?post=15466"}],"curies":[{"name":"wp","href":"https:\/\/api.w.org\/{rel}","templated":true}]}}