{"id":15401,"date":"2019-05-13T11:13:07","date_gmt":"2019-05-13T09:13:07","guid":{"rendered":"https:\/\/marekkuchcinski.pl\/?p=15401"},"modified":"2019-05-13T14:11:15","modified_gmt":"2019-05-13T12:11:15","slug":"muzeum-narodowe-ziemi-przemyskiej-zapomniana-wojna-polsko-ukrainska-1918-1919","status":"publish","type":"post","link":"https:\/\/marekkuchcinski.pl\/ro\/wydarzenia\/muzeum-narodowe-ziemi-przemyskiej-zapomniana-wojna-polsko-ukrainska-1918-1919\/","title":{"rendered":"Muzeul Na\u021bional al Regiunii Przemysl: R\u0103zboiul polono-ucrainean uitat 1918-1919"},"content":{"rendered":"<p>Foto: Marta Olejnik<\/p>\n\n\n\n<ul class=\"wp-block-gallery columns-1 is-cropped wp-block-gallery-1 is-layout-flex wp-block-gallery-is-layout-flex\"><li class=\"blocks-gallery-item\"><figure><img fetchpriority=\"high\" decoding=\"async\" width=\"1024\" height=\"683\" src=\"https:\/\/marekkuchcinski.pl\/wp-content\/uploads\/2019\/05\/IMG_0091-1024x683.jpg\" alt=\"\" data-id=\"15402\" data-link=\"https:\/\/marekkuchcinski.pl\/?attachment_id=15402\" class=\"wp-image-15402\" srcset=\"https:\/\/marekkuchcinski.pl\/wp-content\/uploads\/2019\/05\/IMG_0091-1024x683.jpg 1024w, https:\/\/marekkuchcinski.pl\/wp-content\/uploads\/2019\/05\/IMG_0091-300x200.jpg 300w, https:\/\/marekkuchcinski.pl\/wp-content\/uploads\/2019\/05\/IMG_0091-768x512.jpg 768w, https:\/\/marekkuchcinski.pl\/wp-content\/uploads\/2019\/05\/IMG_0091.jpg 2048w\" sizes=\"(max-width: 1024px) 100vw, 1024px\" \/><\/figure><\/li><li class=\"blocks-gallery-item\"><figure><img decoding=\"async\" width=\"1024\" height=\"705\" src=\"https:\/\/marekkuchcinski.pl\/wp-content\/uploads\/2019\/05\/IMG_0092-1024x705.jpg\" alt=\"\" data-id=\"15403\" data-link=\"https:\/\/marekkuchcinski.pl\/?attachment_id=15403\" class=\"wp-image-15403\" srcset=\"https:\/\/marekkuchcinski.pl\/wp-content\/uploads\/2019\/05\/IMG_0092-1024x705.jpg 1024w, https:\/\/marekkuchcinski.pl\/wp-content\/uploads\/2019\/05\/IMG_0092-300x207.jpg 300w, https:\/\/marekkuchcinski.pl\/wp-content\/uploads\/2019\/05\/IMG_0092-768x529.jpg 768w, https:\/\/marekkuchcinski.pl\/wp-content\/uploads\/2019\/05\/IMG_0092.jpg 2048w\" sizes=\"(max-width: 1024px) 100vw, 1024px\" \/><\/figure><\/li><li class=\"blocks-gallery-item\"><figure><img decoding=\"async\" width=\"1024\" height=\"829\" src=\"https:\/\/marekkuchcinski.pl\/wp-content\/uploads\/2019\/05\/IMG_0089-1024x829.jpg\" alt=\"\" data-id=\"15404\" data-link=\"https:\/\/marekkuchcinski.pl\/?attachment_id=15404\" class=\"wp-image-15404\" srcset=\"https:\/\/marekkuchcinski.pl\/wp-content\/uploads\/2019\/05\/IMG_0089-1024x829.jpg 1024w, https:\/\/marekkuchcinski.pl\/wp-content\/uploads\/2019\/05\/IMG_0089-300x243.jpg 300w, https:\/\/marekkuchcinski.pl\/wp-content\/uploads\/2019\/05\/IMG_0089-768x622.jpg 768w, https:\/\/marekkuchcinski.pl\/wp-content\/uploads\/2019\/05\/IMG_0089.jpg 2048w\" sizes=\"(max-width: 1024px) 100vw, 1024px\" \/><\/figure><\/li><li class=\"blocks-gallery-item\"><figure><img loading=\"lazy\" decoding=\"async\" width=\"1024\" height=\"683\" src=\"https:\/\/marekkuchcinski.pl\/wp-content\/uploads\/2019\/05\/IMG_0086-1024x683.jpg\" alt=\"\" data-id=\"15405\" data-link=\"https:\/\/marekkuchcinski.pl\/?attachment_id=15405\" class=\"wp-image-15405\" srcset=\"https:\/\/marekkuchcinski.pl\/wp-content\/uploads\/2019\/05\/IMG_0086-1024x683.jpg 1024w, https:\/\/marekkuchcinski.pl\/wp-content\/uploads\/2019\/05\/IMG_0086-300x200.jpg 300w, https:\/\/marekkuchcinski.pl\/wp-content\/uploads\/2019\/05\/IMG_0086-768x512.jpg 768w, https:\/\/marekkuchcinski.pl\/wp-content\/uploads\/2019\/05\/IMG_0086.jpg 2048w\" sizes=\"(max-width: 1024px) 100vw, 1024px\" \/><\/figure><\/li><li class=\"blocks-gallery-item\"><figure><img loading=\"lazy\" decoding=\"async\" width=\"1024\" height=\"683\" src=\"https:\/\/marekkuchcinski.pl\/wp-content\/uploads\/2019\/05\/IMG_0078-1024x683.jpg\" alt=\"\" data-id=\"15406\" data-link=\"https:\/\/marekkuchcinski.pl\/?attachment_id=15406\" class=\"wp-image-15406\" srcset=\"https:\/\/marekkuchcinski.pl\/wp-content\/uploads\/2019\/05\/IMG_0078-1024x683.jpg 1024w, https:\/\/marekkuchcinski.pl\/wp-content\/uploads\/2019\/05\/IMG_0078-300x200.jpg 300w, https:\/\/marekkuchcinski.pl\/wp-content\/uploads\/2019\/05\/IMG_0078-768x512.jpg 768w, https:\/\/marekkuchcinski.pl\/wp-content\/uploads\/2019\/05\/IMG_0078.jpg 2048w\" sizes=\"(max-width: 1024px) 100vw, 1024px\" \/><\/figure><\/li><li class=\"blocks-gallery-item\"><figure><img loading=\"lazy\" decoding=\"async\" width=\"1024\" height=\"683\" src=\"https:\/\/marekkuchcinski.pl\/wp-content\/uploads\/2019\/05\/IMG_0075-1024x683.jpg\" alt=\"\" data-id=\"15407\" data-link=\"https:\/\/marekkuchcinski.pl\/?attachment_id=15407\" class=\"wp-image-15407\" srcset=\"https:\/\/marekkuchcinski.pl\/wp-content\/uploads\/2019\/05\/IMG_0075-1024x683.jpg 1024w, https:\/\/marekkuchcinski.pl\/wp-content\/uploads\/2019\/05\/IMG_0075-300x200.jpg 300w, https:\/\/marekkuchcinski.pl\/wp-content\/uploads\/2019\/05\/IMG_0075-768x512.jpg 768w, https:\/\/marekkuchcinski.pl\/wp-content\/uploads\/2019\/05\/IMG_0075.jpg 2048w\" sizes=\"(max-width: 1024px) 100vw, 1024px\" \/><\/figure><\/li><li class=\"blocks-gallery-item\"><figure><img loading=\"lazy\" decoding=\"async\" width=\"1024\" height=\"686\" src=\"https:\/\/marekkuchcinski.pl\/wp-content\/uploads\/2019\/05\/IMG_0073-1024x686.jpg\" alt=\"\" data-id=\"15408\" data-link=\"https:\/\/marekkuchcinski.pl\/?attachment_id=15408\" class=\"wp-image-15408\" srcset=\"https:\/\/marekkuchcinski.pl\/wp-content\/uploads\/2019\/05\/IMG_0073-1024x686.jpg 1024w, https:\/\/marekkuchcinski.pl\/wp-content\/uploads\/2019\/05\/IMG_0073-300x201.jpg 300w, https:\/\/marekkuchcinski.pl\/wp-content\/uploads\/2019\/05\/IMG_0073-768x514.jpg 768w, https:\/\/marekkuchcinski.pl\/wp-content\/uploads\/2019\/05\/IMG_0073.jpg 2048w\" sizes=\"(max-width: 1024px) 100vw, 1024px\" \/><\/figure><\/li><li class=\"blocks-gallery-item\"><figure><img loading=\"lazy\" decoding=\"async\" width=\"1024\" height=\"683\" src=\"https:\/\/marekkuchcinski.pl\/wp-content\/uploads\/2019\/05\/IMG_0063-1024x683.jpg\" alt=\"\" data-id=\"15411\" data-link=\"https:\/\/marekkuchcinski.pl\/?attachment_id=15411\" class=\"wp-image-15411\" srcset=\"https:\/\/marekkuchcinski.pl\/wp-content\/uploads\/2019\/05\/IMG_0063-1024x683.jpg 1024w, https:\/\/marekkuchcinski.pl\/wp-content\/uploads\/2019\/05\/IMG_0063-300x200.jpg 300w, https:\/\/marekkuchcinski.pl\/wp-content\/uploads\/2019\/05\/IMG_0063-768x512.jpg 768w, https:\/\/marekkuchcinski.pl\/wp-content\/uploads\/2019\/05\/IMG_0063.jpg 2048w\" sizes=\"(max-width: 1024px) 100vw, 1024px\" \/><\/figure><\/li><li class=\"blocks-gallery-item\"><figure><img loading=\"lazy\" decoding=\"async\" width=\"1024\" height=\"683\" src=\"https:\/\/marekkuchcinski.pl\/wp-content\/uploads\/2019\/05\/IMG_0051-1024x683.jpg\" alt=\"\" data-id=\"15412\" data-link=\"https:\/\/marekkuchcinski.pl\/?attachment_id=15412\" class=\"wp-image-15412\" srcset=\"https:\/\/marekkuchcinski.pl\/wp-content\/uploads\/2019\/05\/IMG_0051-1024x683.jpg 1024w, https:\/\/marekkuchcinski.pl\/wp-content\/uploads\/2019\/05\/IMG_0051-300x200.jpg 300w, https:\/\/marekkuchcinski.pl\/wp-content\/uploads\/2019\/05\/IMG_0051-768x512.jpg 768w, https:\/\/marekkuchcinski.pl\/wp-content\/uploads\/2019\/05\/IMG_0051.jpg 2048w\" sizes=\"(max-width: 1024px) 100vw, 1024px\" \/><\/figure><\/li><li class=\"blocks-gallery-item\"><figure><img loading=\"lazy\" decoding=\"async\" width=\"1024\" height=\"692\" src=\"https:\/\/marekkuchcinski.pl\/wp-content\/uploads\/2019\/05\/IMG_0043-1024x692.jpg\" alt=\"\" data-id=\"15413\" data-link=\"https:\/\/marekkuchcinski.pl\/?attachment_id=15413\" class=\"wp-image-15413\" srcset=\"https:\/\/marekkuchcinski.pl\/wp-content\/uploads\/2019\/05\/IMG_0043-1024x692.jpg 1024w, https:\/\/marekkuchcinski.pl\/wp-content\/uploads\/2019\/05\/IMG_0043-300x203.jpg 300w, https:\/\/marekkuchcinski.pl\/wp-content\/uploads\/2019\/05\/IMG_0043-768x519.jpg 768w, https:\/\/marekkuchcinski.pl\/wp-content\/uploads\/2019\/05\/IMG_0043.jpg 2048w\" sizes=\"(max-width: 1024px) 100vw, 1024px\" \/><\/figure><\/li><li class=\"blocks-gallery-item\"><figure><img loading=\"lazy\" decoding=\"async\" width=\"1024\" height=\"683\" src=\"https:\/\/marekkuchcinski.pl\/wp-content\/uploads\/2019\/05\/IMG_0040-1024x683.jpg\" alt=\"\" data-id=\"15414\" data-link=\"https:\/\/marekkuchcinski.pl\/?attachment_id=15414\" class=\"wp-image-15414\" srcset=\"https:\/\/marekkuchcinski.pl\/wp-content\/uploads\/2019\/05\/IMG_0040-1024x683.jpg 1024w, https:\/\/marekkuchcinski.pl\/wp-content\/uploads\/2019\/05\/IMG_0040-300x200.jpg 300w, https:\/\/marekkuchcinski.pl\/wp-content\/uploads\/2019\/05\/IMG_0040-768x512.jpg 768w, https:\/\/marekkuchcinski.pl\/wp-content\/uploads\/2019\/05\/IMG_0040.jpg 2048w\" sizes=\"(max-width: 1024px) 100vw, 1024px\" \/><\/figure><\/li><li class=\"blocks-gallery-item\"><figure><img loading=\"lazy\" decoding=\"async\" width=\"1024\" height=\"683\" src=\"https:\/\/marekkuchcinski.pl\/wp-content\/uploads\/2019\/05\/IMG_0035-1024x683.jpg\" alt=\"\" data-id=\"15416\" data-link=\"https:\/\/marekkuchcinski.pl\/?attachment_id=15416\" class=\"wp-image-15416\" srcset=\"https:\/\/marekkuchcinski.pl\/wp-content\/uploads\/2019\/05\/IMG_0035-1024x683.jpg 1024w, https:\/\/marekkuchcinski.pl\/wp-content\/uploads\/2019\/05\/IMG_0035-300x200.jpg 300w, https:\/\/marekkuchcinski.pl\/wp-content\/uploads\/2019\/05\/IMG_0035-768x512.jpg 768w, https:\/\/marekkuchcinski.pl\/wp-content\/uploads\/2019\/05\/IMG_0035.jpg 2048w\" sizes=\"(max-width: 1024px) 100vw, 1024px\" \/><\/figure><\/li><\/ul>\n\n\n\n<p>Uitat sau necunoscut?<\/p>\n\n\n\n<p>Aceasta este cea mai frecvent\u0103 \u00eentrebare care \u00eenso\u021be\u0219te expozi\u021bia care poate fi vizitat\u0103 din 5 aprilie la Muzeul Na\u021bional al Regiunii Przemysl. Cred c\u0103 este vorba de ambele. Oarecum uitat, dar \u00een mare parte necunoscut. Este cunoscut\u0103 \u00een cercurile istoricilor \u0219i speciali\u0219tilor, \u00een timp ce \u00een cercurile sociale mai largi familiaritatea ei se \u00eenv\u00e2rte mai degrab\u0103 \u00een jurul anului 1918, iar \u00een noiembrie, cu ocazia Zilei Independen\u021bei, ne amintim de aceste evenimente ca \u0219i cum ar fi o obliga\u021bie. Cea de-a 100-a aniversare a acestui r\u0103zboi ne-a obligat s\u0103 le reamintim oamenilor \u0219i, pe c\u00e2t posibil, s\u0103 \u00eel facem mai bine cunoscut. Pentru a st\u00e2rni interesul, exist\u0103 un fragment la scar\u0103 1:1 al unui vagon de artilerie al trenului blindat \"Bold\", care a devenit cel mai vizibil accent al expozi\u021biei. A doua ca m\u0103rime este expozi\u021bia amplas\u0103rii mitralierei Schwarzlose, care se refer\u0103 la o situa\u021bie specific\u0103: solda\u021bii Regimentului 2 de pu\u0219ca\u0219i din Lviv \u00een luptele de pe Persenkovka. O serie de artefacte din colec\u021bia de faleristic\u0103 a muzeului, cum ar fi insignele anumitor sec\u021bii ale ap\u0103r\u0103rii din Lviv \u00een timpul luptelor din noiembrie: Gara Central\u0103, Compania Schramm, etc. uniforme legionare, arme \u0219i echipament militar. O bogat\u0103 parte descriptiv\u0103 pe mai mult de treizeci de h\u0103r\u021bi serve\u0219te la aprofundarea cuno\u0219tin\u021belor. Ofer\u0103 cuno\u0219tin\u021be generale despre conflict, subliniind \u00een acela\u0219i timp anumite episoade ale r\u0103zboiului, cum ar fi Legiunea voluntar\u0103 a femeilor, istoria Regimentelor 1 \u0219i 2 de pu\u0219ca\u0219i din Lw\u00f3w, Orl\u0119ta. Kamienie na Szaniec Lwowskie, Mama \u0219i fiul despre Aleksandra Zag\u00f3rska \u0219i fiul ei Jerzy Bitschan, toate sec\u021biunile ap\u0103r\u0103rii ora\u0219ului Lw\u00f3w, vehiculele blindate ale acestui conflict, elefan\u021bii acestui r\u0103zboi, adic\u0103 trenurile blindate, etc. O mare aten\u021bie este acordat\u0103 \u0219i avia\u021biei din acest r\u0103zboi, \u00een special aerodromurilor de la Levandivka \u0219i Hurechk de l\u00e2ng\u0103 Przemy\u015bl. Dou\u0103 monitoare care prezint\u0103 episoade individuale ale r\u0103zboiului v\u0103 ofer\u0103 posibilitatea de a arunca o privire asupra bogatei iconografii a acestui conflict. O caracteristic\u0103 special\u0103 este harta mare de 3 x 4 m a ora\u0219ului Lviv, amplasat\u0103 pe podea. Acesta ofer\u0103 posibilitatea de a face un fel de plimbare \u00een jurul ora\u0219ului Lviv. Harta prezint\u0103 sec\u021biuni individuale ale ap\u0103r\u0103rii poloneze din ora\u0219, precum \u0219i cele mai faimoase locuri de lupt\u0103, cum ar fi Persenkowka - reduta mor\u021bii, Muntele Execu\u021biei, Lewandowka, reduta lui Pi\u0142sudski, Cetatea, Direc\u021bia C\u0103ilor Ferate, Seimul Na\u021bional, \u0218coala Sienkiewicz, Pia\u021ba Bem, \u0218coala Kadet etc. Lw\u00f3w Semper Fidelis este unul dintre cele trei ora\u0219e, al\u0103turi de Var\u0219ovia \u0219i Verdun, care au fost decorate cu Ordinul Virtuti Militari. Locuitorii s\u0103i au fost eroii colectivi ai acestui r\u0103zboi fratricid, care nu s-a \u00eencheiat deloc \u00een noiembrie. Acesta a fost sf\u00e2r\u0219itul primei etape, care a durat de la 1 la 22 noiembrie, cunoscut\u0103 sub numele de \"luna rutenilor\". \u00cen a doua etap\u0103, trupele ucrainene au \u00eenceput un asediu regulat al ora\u0219ului, c\u0103ut\u00e2nd cu orice pre\u021b s\u0103 rup\u0103 linia de comunica\u021bii care lega Lw\u00f3w de Przemy\u015bl. A treia etap\u0103 a fost ofensiva polonez\u0103, care a durat din aprilie p\u00e2n\u0103 \u00een iulie 1919. Aceasta a adus, p\u00e2n\u0103 la urm\u0103, o deplasare a frontului pe linia Zbrucz, dup\u0103 lupte grele.<\/p>\n\n\n\n<p>Expozi\u021bia este un omagiu adus participan\u021bilor \u0219i victimelor acelui r\u0103zboi. Este o \u00eencercare de a reaminti cel pu\u021bin c\u00e2teva locuri, cum ar fi Persenkovka, \u0219i oameni, cum ar fi Iwo Na\u0142\u0119cz Ska\u0142kowski, a c\u0103ror memorie a disp\u0103rut din p\u0103cate. \u00centr-un ora\u0219 ca Przemy\u015bl, ale c\u0103rui leg\u0103turi istorice cu Lviv au fost \u00eentotdeauna foarte puternice, amintirea acestui trecut comun pare evident\u0103. Ni se pare c\u0103 ar putea servi \u0219i ca o bun\u0103 introducere la vizitarea obiectivelor turistice din Lviv \u00een perioada urm\u0103toare de vacan\u021b\u0103, de s\u0103rb\u0103tori.<\/p>\n\n\n\n<p><em>Lucjan Fac<\/em><\/p>","protected":false},"excerpt":{"rendered":"<p>fot. Marta Olejnik Zapomniana czy nieznana? To najcz\u0119\u015bciej zadawane pytanie towarzysz\u0105ce wystawie jak\u0105 od 5 kwietnia mo\u017cemy ogl\u0105da\u0107 w Muzeum Narodowym Ziemi Przemyskiej. My\u015bl\u0119, \u017ce i jedno i drugie. Troch\u0119 zapomniana, ale w bardzo du\u017cym stopniu nieznana. Znana jest w kr\u0119gach historyk\u00f3w i specjalist\u00f3w, w szerszych kr\u0119gach spo\u0142ecznych jej znajomo\u015b\u0107 raczej obraca si\u0119 wok\u00f3\u0142 roku [&hellip;]<\/p>","protected":false},"author":6,"featured_media":15415,"comment_status":"open","ping_status":"open","sticky":false,"template":"","format":"standard","meta":{"ngg_post_thumbnail":0,"footnotes":""},"categories":[49,77,3],"tags":[],"class_list":["post-15401","post","type-post","status-publish","format-standard","has-post-thumbnail","hentry","category-podkarpacie","category-wazne-daty","category-wydarzenia"],"yoast_head":"<!-- This site is optimized with the Yoast SEO plugin v24.7 - https:\/\/yoast.com\/wordpress\/plugins\/seo\/ -->\n<title>Muzeum Narodowe Ziemi Przemyskiej: Zapomniana Wojna Polsko-Ukrai\u0144ska 1918-1919 &#8211; Marek Kuchci\u0144ski<\/title>\n<meta name=\"robots\" content=\"index, follow, max-snippet:-1, max-image-preview:large, max-video-preview:-1\" \/>\n<link rel=\"canonical\" href=\"https:\/\/marekkuchcinski.pl\/ro\/wydarzenia\/muzeum-narodowe-ziemi-przemyskiej-zapomniana-wojna-polsko-ukrainska-1918-1919\/\" \/>\n<meta property=\"og:locale\" content=\"ro_RO\" \/>\n<meta property=\"og:type\" content=\"article\" \/>\n<meta property=\"og:title\" content=\"Muzeum Narodowe Ziemi Przemyskiej: Zapomniana Wojna Polsko-Ukrai\u0144ska 1918-1919 &#8211; Marek Kuchci\u0144ski\" \/>\n<meta property=\"og:description\" content=\"fot. Marta Olejnik Zapomniana czy nieznana? To najcz\u0119\u015bciej zadawane pytanie towarzysz\u0105ce wystawie jak\u0105 od 5 kwietnia mo\u017cemy ogl\u0105da\u0107 w Muzeum Narodowym Ziemi Przemyskiej. My\u015bl\u0119, \u017ce i jedno i drugie. Troch\u0119 zapomniana, ale w bardzo du\u017cym stopniu nieznana. Znana jest w kr\u0119gach historyk\u00f3w i specjalist\u00f3w, w szerszych kr\u0119gach spo\u0142ecznych jej znajomo\u015b\u0107 raczej obraca si\u0119 wok\u00f3\u0142 roku [&hellip;]\" \/>\n<meta property=\"og:url\" content=\"https:\/\/marekkuchcinski.pl\/ro\/wydarzenia\/muzeum-narodowe-ziemi-przemyskiej-zapomniana-wojna-polsko-ukrainska-1918-1919\/\" \/>\n<meta property=\"og:site_name\" content=\"Marek Kuchci\u0144ski\" \/>\n<meta property=\"article:published_time\" content=\"2019-05-13T09:13:07+00:00\" \/>\n<meta property=\"article:modified_time\" content=\"2019-05-13T12:11:15+00:00\" \/>\n<meta property=\"og:image\" content=\"https:\/\/marekkuchcinski.pl\/wp-content\/uploads\/2019\/05\/IMG_0043-1.jpg\" \/>\n\t<meta property=\"og:image:width\" content=\"2048\" \/>\n\t<meta property=\"og:image:height\" content=\"1384\" \/>\n\t<meta property=\"og:image:type\" content=\"image\/jpeg\" \/>\n<meta name=\"author\" content=\"admin\" \/>\n<meta name=\"twitter:card\" content=\"summary_large_image\" \/>\n<meta name=\"twitter:label1\" content=\"Scris de\" \/>\n\t<meta name=\"twitter:data1\" content=\"admin\" \/>\n\t<meta name=\"twitter:label2\" content=\"Timp estimat pentru citire\" \/>\n\t<meta name=\"twitter:data2\" content=\"3 minutes\" \/>\n<script type=\"application\/ld+json\" class=\"yoast-schema-graph\">{\"@context\":\"https:\/\/schema.org\",\"@graph\":[{\"@type\":\"Article\",\"@id\":\"https:\/\/marekkuchcinski.pl\/uk\/wydarzenia\/muzeum-narodowe-ziemi-przemyskiej-zapomniana-wojna-polsko-ukrainska-1918-1919\/#article\",\"isPartOf\":{\"@id\":\"https:\/\/marekkuchcinski.pl\/uk\/wydarzenia\/muzeum-narodowe-ziemi-przemyskiej-zapomniana-wojna-polsko-ukrainska-1918-1919\/\"},\"author\":{\"name\":\"admin\",\"@id\":\"https:\/\/marekkuchcinski.pl\/#\/schema\/person\/6f62700996b4d950b6ea2d1183b6c6be\"},\"headline\":\"Muzeum Narodowe Ziemi Przemyskiej: Zapomniana Wojna Polsko-Ukrai\u0144ska 1918-1919\",\"datePublished\":\"2019-05-13T09:13:07+00:00\",\"dateModified\":\"2019-05-13T12:11:15+00:00\",\"mainEntityOfPage\":{\"@id\":\"https:\/\/marekkuchcinski.pl\/uk\/wydarzenia\/muzeum-narodowe-ziemi-przemyskiej-zapomniana-wojna-polsko-ukrainska-1918-1919\/\"},\"wordCount\":599,\"commentCount\":0,\"publisher\":{\"@id\":\"https:\/\/marekkuchcinski.pl\/#organization\"},\"image\":{\"@id\":\"https:\/\/marekkuchcinski.pl\/uk\/wydarzenia\/muzeum-narodowe-ziemi-przemyskiej-zapomniana-wojna-polsko-ukrainska-1918-1919\/#primaryimage\"},\"thumbnailUrl\":\"https:\/\/marekkuchcinski.pl\/wp-content\/uploads\/2019\/05\/IMG_0043-1.jpg\",\"articleSection\":[\"Podkarpacie\",\"Wa\u017cne daty\",\"Wydarzenia\"],\"inLanguage\":\"ro-RO\",\"potentialAction\":[{\"@type\":\"CommentAction\",\"name\":\"Comment\",\"target\":[\"https:\/\/marekkuchcinski.pl\/uk\/wydarzenia\/muzeum-narodowe-ziemi-przemyskiej-zapomniana-wojna-polsko-ukrainska-1918-1919\/#respond\"]}]},{\"@type\":\"WebPage\",\"@id\":\"https:\/\/marekkuchcinski.pl\/uk\/wydarzenia\/muzeum-narodowe-ziemi-przemyskiej-zapomniana-wojna-polsko-ukrainska-1918-1919\/\",\"url\":\"https:\/\/marekkuchcinski.pl\/uk\/wydarzenia\/muzeum-narodowe-ziemi-przemyskiej-zapomniana-wojna-polsko-ukrainska-1918-1919\/\",\"name\":\"Muzeum Narodowe Ziemi Przemyskiej: Zapomniana Wojna Polsko-Ukrai\u0144ska 1918-1919 &#8211; Marek Kuchci\u0144ski\",\"isPartOf\":{\"@id\":\"https:\/\/marekkuchcinski.pl\/#website\"},\"primaryImageOfPage\":{\"@id\":\"https:\/\/marekkuchcinski.pl\/uk\/wydarzenia\/muzeum-narodowe-ziemi-przemyskiej-zapomniana-wojna-polsko-ukrainska-1918-1919\/#primaryimage\"},\"image\":{\"@id\":\"https:\/\/marekkuchcinski.pl\/uk\/wydarzenia\/muzeum-narodowe-ziemi-przemyskiej-zapomniana-wojna-polsko-ukrainska-1918-1919\/#primaryimage\"},\"thumbnailUrl\":\"https:\/\/marekkuchcinski.pl\/wp-content\/uploads\/2019\/05\/IMG_0043-1.jpg\",\"datePublished\":\"2019-05-13T09:13:07+00:00\",\"dateModified\":\"2019-05-13T12:11:15+00:00\",\"breadcrumb\":{\"@id\":\"https:\/\/marekkuchcinski.pl\/uk\/wydarzenia\/muzeum-narodowe-ziemi-przemyskiej-zapomniana-wojna-polsko-ukrainska-1918-1919\/#breadcrumb\"},\"inLanguage\":\"ro-RO\",\"potentialAction\":[{\"@type\":\"ReadAction\",\"target\":[\"https:\/\/marekkuchcinski.pl\/uk\/wydarzenia\/muzeum-narodowe-ziemi-przemyskiej-zapomniana-wojna-polsko-ukrainska-1918-1919\/\"]}]},{\"@type\":\"ImageObject\",\"inLanguage\":\"ro-RO\",\"@id\":\"https:\/\/marekkuchcinski.pl\/uk\/wydarzenia\/muzeum-narodowe-ziemi-przemyskiej-zapomniana-wojna-polsko-ukrainska-1918-1919\/#primaryimage\",\"url\":\"https:\/\/marekkuchcinski.pl\/wp-content\/uploads\/2019\/05\/IMG_0043-1.jpg\",\"contentUrl\":\"https:\/\/marekkuchcinski.pl\/wp-content\/uploads\/2019\/05\/IMG_0043-1.jpg\",\"width\":2048,\"height\":1384},{\"@type\":\"BreadcrumbList\",\"@id\":\"https:\/\/marekkuchcinski.pl\/uk\/wydarzenia\/muzeum-narodowe-ziemi-przemyskiej-zapomniana-wojna-polsko-ukrainska-1918-1919\/#breadcrumb\",\"itemListElement\":[{\"@type\":\"ListItem\",\"position\":1,\"name\":\"Strona g\u0142\u00f3wna\",\"item\":\"https:\/\/marekkuchcinski.pl\/\"},{\"@type\":\"ListItem\",\"position\":2,\"name\":\"Muzeum Narodowe Ziemi Przemyskiej: Zapomniana Wojna Polsko-Ukrai\u0144ska 1918-1919\"}]},{\"@type\":\"WebSite\",\"@id\":\"https:\/\/marekkuchcinski.pl\/#website\",\"url\":\"https:\/\/marekkuchcinski.pl\/\",\"name\":\"Marek Kuchci\u0144ski\",\"description\":\"Pose\u0142 na sejm RP &ndash; okr\u0119g nr 22\",\"publisher\":{\"@id\":\"https:\/\/marekkuchcinski.pl\/#organization\"},\"potentialAction\":[{\"@type\":\"SearchAction\",\"target\":{\"@type\":\"EntryPoint\",\"urlTemplate\":\"https:\/\/marekkuchcinski.pl\/?s={search_term_string}\"},\"query-input\":{\"@type\":\"PropertyValueSpecification\",\"valueRequired\":true,\"valueName\":\"search_term_string\"}}],\"inLanguage\":\"ro-RO\"},{\"@type\":\"Organization\",\"@id\":\"https:\/\/marekkuchcinski.pl\/#organization\",\"name\":\"Marek Kuchci\u0144ski\",\"url\":\"https:\/\/marekkuchcinski.pl\/\",\"logo\":{\"@type\":\"ImageObject\",\"inLanguage\":\"ro-RO\",\"@id\":\"https:\/\/marekkuchcinski.pl\/#\/schema\/logo\/image\/\",\"url\":\"https:\/\/marekkuchcinski.pl\/wp-content\/uploads\/2022\/09\/Marek.jpg\",\"contentUrl\":\"https:\/\/marekkuchcinski.pl\/wp-content\/uploads\/2022\/09\/Marek.jpg\",\"width\":1600,\"height\":971,\"caption\":\"Marek Kuchci\u0144ski\"},\"image\":{\"@id\":\"https:\/\/marekkuchcinski.pl\/#\/schema\/logo\/image\/\"}},{\"@type\":\"Person\",\"@id\":\"https:\/\/marekkuchcinski.pl\/#\/schema\/person\/6f62700996b4d950b6ea2d1183b6c6be\",\"name\":\"admin\",\"image\":{\"@type\":\"ImageObject\",\"inLanguage\":\"ro-RO\",\"@id\":\"https:\/\/marekkuchcinski.pl\/#\/schema\/person\/image\/\",\"url\":\"https:\/\/secure.gravatar.com\/avatar\/4bab693b9d55c3d6b52c0296a8765085?s=96&d=mm&r=g\",\"contentUrl\":\"https:\/\/secure.gravatar.com\/avatar\/4bab693b9d55c3d6b52c0296a8765085?s=96&d=mm&r=g\",\"caption\":\"admin\"},\"url\":\"https:\/\/marekkuchcinski.pl\/ro\/author\/marta-olejnik\/\"}]}<\/script>\n<!-- \/ Yoast SEO plugin. -->","yoast_head_json":{"title":"Muzeum Narodowe Ziemi Przemyskiej: Zapomniana Wojna Polsko-Ukrai\u0144ska 1918-1919 &#8211; Marek Kuchci\u0144ski","robots":{"index":"index","follow":"follow","max-snippet":"max-snippet:-1","max-image-preview":"max-image-preview:large","max-video-preview":"max-video-preview:-1"},"canonical":"https:\/\/marekkuchcinski.pl\/ro\/wydarzenia\/muzeum-narodowe-ziemi-przemyskiej-zapomniana-wojna-polsko-ukrainska-1918-1919\/","og_locale":"ro_RO","og_type":"article","og_title":"Muzeum Narodowe Ziemi Przemyskiej: Zapomniana Wojna Polsko-Ukrai\u0144ska 1918-1919 &#8211; Marek Kuchci\u0144ski","og_description":"fot. Marta Olejnik Zapomniana czy nieznana? To najcz\u0119\u015bciej zadawane pytanie towarzysz\u0105ce wystawie jak\u0105 od 5 kwietnia mo\u017cemy ogl\u0105da\u0107 w Muzeum Narodowym Ziemi Przemyskiej. My\u015bl\u0119, \u017ce i jedno i drugie. Troch\u0119 zapomniana, ale w bardzo du\u017cym stopniu nieznana. Znana jest w kr\u0119gach historyk\u00f3w i specjalist\u00f3w, w szerszych kr\u0119gach spo\u0142ecznych jej znajomo\u015b\u0107 raczej obraca si\u0119 wok\u00f3\u0142 roku [&hellip;]","og_url":"https:\/\/marekkuchcinski.pl\/ro\/wydarzenia\/muzeum-narodowe-ziemi-przemyskiej-zapomniana-wojna-polsko-ukrainska-1918-1919\/","og_site_name":"Marek Kuchci\u0144ski","article_published_time":"2019-05-13T09:13:07+00:00","article_modified_time":"2019-05-13T12:11:15+00:00","og_image":[{"width":2048,"height":1384,"url":"https:\/\/marekkuchcinski.pl\/wp-content\/uploads\/2019\/05\/IMG_0043-1.jpg","type":"image\/jpeg"}],"author":"admin","twitter_card":"summary_large_image","twitter_misc":{"Scris de":"admin","Timp estimat pentru citire":"3 minutes"},"schema":{"@context":"https:\/\/schema.org","@graph":[{"@type":"Article","@id":"https:\/\/marekkuchcinski.pl\/uk\/wydarzenia\/muzeum-narodowe-ziemi-przemyskiej-zapomniana-wojna-polsko-ukrainska-1918-1919\/#article","isPartOf":{"@id":"https:\/\/marekkuchcinski.pl\/uk\/wydarzenia\/muzeum-narodowe-ziemi-przemyskiej-zapomniana-wojna-polsko-ukrainska-1918-1919\/"},"author":{"name":"admin","@id":"https:\/\/marekkuchcinski.pl\/#\/schema\/person\/6f62700996b4d950b6ea2d1183b6c6be"},"headline":"Muzeum Narodowe Ziemi Przemyskiej: Zapomniana Wojna Polsko-Ukrai\u0144ska 1918-1919","datePublished":"2019-05-13T09:13:07+00:00","dateModified":"2019-05-13T12:11:15+00:00","mainEntityOfPage":{"@id":"https:\/\/marekkuchcinski.pl\/uk\/wydarzenia\/muzeum-narodowe-ziemi-przemyskiej-zapomniana-wojna-polsko-ukrainska-1918-1919\/"},"wordCount":599,"commentCount":0,"publisher":{"@id":"https:\/\/marekkuchcinski.pl\/#organization"},"image":{"@id":"https:\/\/marekkuchcinski.pl\/uk\/wydarzenia\/muzeum-narodowe-ziemi-przemyskiej-zapomniana-wojna-polsko-ukrainska-1918-1919\/#primaryimage"},"thumbnailUrl":"https:\/\/marekkuchcinski.pl\/wp-content\/uploads\/2019\/05\/IMG_0043-1.jpg","articleSection":["Podkarpacie","Wa\u017cne daty","Wydarzenia"],"inLanguage":"ro-RO","potentialAction":[{"@type":"CommentAction","name":"Comment","target":["https:\/\/marekkuchcinski.pl\/uk\/wydarzenia\/muzeum-narodowe-ziemi-przemyskiej-zapomniana-wojna-polsko-ukrainska-1918-1919\/#respond"]}]},{"@type":"WebPage","@id":"https:\/\/marekkuchcinski.pl\/uk\/wydarzenia\/muzeum-narodowe-ziemi-przemyskiej-zapomniana-wojna-polsko-ukrainska-1918-1919\/","url":"https:\/\/marekkuchcinski.pl\/uk\/wydarzenia\/muzeum-narodowe-ziemi-przemyskiej-zapomniana-wojna-polsko-ukrainska-1918-1919\/","name":"Muzeum Narodowe Ziemi Przemyskiej: Zapomniana Wojna Polsko-Ukrai\u0144ska 1918-1919 &#8211; Marek Kuchci\u0144ski","isPartOf":{"@id":"https:\/\/marekkuchcinski.pl\/#website"},"primaryImageOfPage":{"@id":"https:\/\/marekkuchcinski.pl\/uk\/wydarzenia\/muzeum-narodowe-ziemi-przemyskiej-zapomniana-wojna-polsko-ukrainska-1918-1919\/#primaryimage"},"image":{"@id":"https:\/\/marekkuchcinski.pl\/uk\/wydarzenia\/muzeum-narodowe-ziemi-przemyskiej-zapomniana-wojna-polsko-ukrainska-1918-1919\/#primaryimage"},"thumbnailUrl":"https:\/\/marekkuchcinski.pl\/wp-content\/uploads\/2019\/05\/IMG_0043-1.jpg","datePublished":"2019-05-13T09:13:07+00:00","dateModified":"2019-05-13T12:11:15+00:00","breadcrumb":{"@id":"https:\/\/marekkuchcinski.pl\/uk\/wydarzenia\/muzeum-narodowe-ziemi-przemyskiej-zapomniana-wojna-polsko-ukrainska-1918-1919\/#breadcrumb"},"inLanguage":"ro-RO","potentialAction":[{"@type":"ReadAction","target":["https:\/\/marekkuchcinski.pl\/uk\/wydarzenia\/muzeum-narodowe-ziemi-przemyskiej-zapomniana-wojna-polsko-ukrainska-1918-1919\/"]}]},{"@type":"ImageObject","inLanguage":"ro-RO","@id":"https:\/\/marekkuchcinski.pl\/uk\/wydarzenia\/muzeum-narodowe-ziemi-przemyskiej-zapomniana-wojna-polsko-ukrainska-1918-1919\/#primaryimage","url":"https:\/\/marekkuchcinski.pl\/wp-content\/uploads\/2019\/05\/IMG_0043-1.jpg","contentUrl":"https:\/\/marekkuchcinski.pl\/wp-content\/uploads\/2019\/05\/IMG_0043-1.jpg","width":2048,"height":1384},{"@type":"BreadcrumbList","@id":"https:\/\/marekkuchcinski.pl\/uk\/wydarzenia\/muzeum-narodowe-ziemi-przemyskiej-zapomniana-wojna-polsko-ukrainska-1918-1919\/#breadcrumb","itemListElement":[{"@type":"ListItem","position":1,"name":"Strona g\u0142\u00f3wna","item":"https:\/\/marekkuchcinski.pl\/"},{"@type":"ListItem","position":2,"name":"Muzeum Narodowe Ziemi Przemyskiej: Zapomniana Wojna Polsko-Ukrai\u0144ska 1918-1919"}]},{"@type":"WebSite","@id":"https:\/\/marekkuchcinski.pl\/#website","url":"https:\/\/marekkuchcinski.pl\/","name":"Marek Kuchci\u0144ski","description":"Pose\u0142 na sejm RP &ndash; okr\u0119g nr 22","publisher":{"@id":"https:\/\/marekkuchcinski.pl\/#organization"},"potentialAction":[{"@type":"SearchAction","target":{"@type":"EntryPoint","urlTemplate":"https:\/\/marekkuchcinski.pl\/?s={search_term_string}"},"query-input":{"@type":"PropertyValueSpecification","valueRequired":true,"valueName":"search_term_string"}}],"inLanguage":"ro-RO"},{"@type":"Organization","@id":"https:\/\/marekkuchcinski.pl\/#organization","name":"Marek Kuchci\u0144ski","url":"https:\/\/marekkuchcinski.pl\/","logo":{"@type":"ImageObject","inLanguage":"ro-RO","@id":"https:\/\/marekkuchcinski.pl\/#\/schema\/logo\/image\/","url":"https:\/\/marekkuchcinski.pl\/wp-content\/uploads\/2022\/09\/Marek.jpg","contentUrl":"https:\/\/marekkuchcinski.pl\/wp-content\/uploads\/2022\/09\/Marek.jpg","width":1600,"height":971,"caption":"Marek Kuchci\u0144ski"},"image":{"@id":"https:\/\/marekkuchcinski.pl\/#\/schema\/logo\/image\/"}},{"@type":"Person","@id":"https:\/\/marekkuchcinski.pl\/#\/schema\/person\/6f62700996b4d950b6ea2d1183b6c6be","name":"admin","image":{"@type":"ImageObject","inLanguage":"ro-RO","@id":"https:\/\/marekkuchcinski.pl\/#\/schema\/person\/image\/","url":"https:\/\/secure.gravatar.com\/avatar\/4bab693b9d55c3d6b52c0296a8765085?s=96&d=mm&r=g","contentUrl":"https:\/\/secure.gravatar.com\/avatar\/4bab693b9d55c3d6b52c0296a8765085?s=96&d=mm&r=g","caption":"admin"},"url":"https:\/\/marekkuchcinski.pl\/ro\/author\/marta-olejnik\/"}]}},"_links":{"self":[{"href":"https:\/\/marekkuchcinski.pl\/ro\/wp-json\/wp\/v2\/posts\/15401","targetHints":{"allow":["GET"]}}],"collection":[{"href":"https:\/\/marekkuchcinski.pl\/ro\/wp-json\/wp\/v2\/posts"}],"about":[{"href":"https:\/\/marekkuchcinski.pl\/ro\/wp-json\/wp\/v2\/types\/post"}],"author":[{"embeddable":true,"href":"https:\/\/marekkuchcinski.pl\/ro\/wp-json\/wp\/v2\/users\/6"}],"replies":[{"embeddable":true,"href":"https:\/\/marekkuchcinski.pl\/ro\/wp-json\/wp\/v2\/comments?post=15401"}],"version-history":[{"count":2,"href":"https:\/\/marekkuchcinski.pl\/ro\/wp-json\/wp\/v2\/posts\/15401\/revisions"}],"predecessor-version":[{"id":15456,"href":"https:\/\/marekkuchcinski.pl\/ro\/wp-json\/wp\/v2\/posts\/15401\/revisions\/15456"}],"wp:featuredmedia":[{"embeddable":true,"href":"https:\/\/marekkuchcinski.pl\/ro\/wp-json\/wp\/v2\/media\/15415"}],"wp:attachment":[{"href":"https:\/\/marekkuchcinski.pl\/ro\/wp-json\/wp\/v2\/media?parent=15401"}],"wp:term":[{"taxonomy":"category","embeddable":true,"href":"https:\/\/marekkuchcinski.pl\/ro\/wp-json\/wp\/v2\/categories?post=15401"},{"taxonomy":"post_tag","embeddable":true,"href":"https:\/\/marekkuchcinski.pl\/ro\/wp-json\/wp\/v2\/tags?post=15401"}],"curies":[{"name":"wp","href":"https:\/\/api.w.org\/{rel}","templated":true}]}}