{"id":15306,"date":"2019-05-12T08:40:24","date_gmt":"2019-05-12T06:40:24","guid":{"rendered":"https:\/\/marekkuchcinski.pl\/?p=15306"},"modified":"2019-05-12T08:44:58","modified_gmt":"2019-05-12T06:44:58","slug":"15306","status":"publish","type":"post","link":"https:\/\/marekkuchcinski.pl\/ro\/wydarzenia\/15306\/","title":{"rendered":"Inaugurarea celei de-a 58-a edi\u021bii a Festivalului de Muzic\u0103 de la \u0141a\u0144cut"},"content":{"rendered":"<p>\u00cen timpul inaugur\u0103rii celei de-a 58-a edi\u021bii a Festivalului de Muzic\u0103 de la \u0141a\u0144cut, Marek Kuchci\u0144ski, Mare\u0219alul Sejm-ului, Marek Kuchci\u0144ski, a declarat c\u0103 tradi\u021biile muzicale au fost legate de castel - un simbol al mo\u0219tenirii noastre istorice \u0219i, de asemenea, o comoar\u0103 a arhitecturii poloneze - aproape de la crearea sa.  - M\u0103 bucur c\u0103 \u00een aceast\u0103 atmosfer\u0103 unic\u0103, care permite ascult\u0103torilor s\u0103 se mute \u00eentr-o lume unic\u0103 de frumuse\u021be artistic\u0103, aten\u021bia melomanilor se \u00eendreapt\u0103 c\u0103tre evenimente \u00een cadrul c\u0103rora personalit\u0103\u021bi remarcabile prezint\u0103 capodopere ale literaturii muzicale mondiale.  Nivelul ridicat \u0219i decorul magnific fac din fiecare concert o s\u0103rb\u0103toare individual\u0103\", a subliniat el. <\/p>\n\n\n\n<p>Marek Kuchci\u0144ski a remarcat c\u0103, prin rolul s\u0103u imens \u00een diseminarea culturii muzicale, festivalul contribuie la patrimoniul polonez, dar \u0219i la cel european. \u00cen acela\u0219i timp, devine o frumoas\u0103 vitrin\u0103 a Podkarpacie.<\/p>\n\n\n\n<p>Festivalul de la Castelul \u0141a\u0144cut, una dintre cele mai frumoase re\u0219edin\u021be magnatice din Europa, este organizat de 60 de ani. Tradi\u021biile muzicale ale localului dateaz\u0103 din secolul al XVIII-lea. \u00cen 1961, ele au fost re\u00eenviate datorit\u0103 Filarmonicii de Stat din Rzesz\u00f3w. Festivalul atrage c\u00e2nt\u0103re\u021bi instrumenti\u0219ti remarcabili \u0219i vedete ale scenei, precum \u0219i concerte ale unor orchestre \u0219i ansambluri de camer\u0103 renumite, sesiuni academice \u0219i ateliere de muzic\u0103, \u00een timp ce reputa\u021bia sa este sporit\u0103 de prezen\u021ba unor nume eminente precum Piotr Becza\u0142a, Rafa\u0142 Blechacz \u0219i Jos\u00e9 Carreras.<\/p>\n\n\n\n<p>Festivalul s-a deschis cu un spectacol al grupului <strong>C\u00c2NT\u0102RE\u021aII REGELUI. <\/strong><\/p>\n\n\n\n<p><em>Foto: Marta Olejnik<\/em><\/p>\n\n\n\n<ul class=\"wp-block-gallery columns-1 is-cropped wp-block-gallery-1 is-layout-flex wp-block-gallery-is-layout-flex\"><li class=\"blocks-gallery-item\"><figure><img fetchpriority=\"high\" decoding=\"async\" width=\"1024\" height=\"683\" src=\"https:\/\/marekkuchcinski.pl\/wp-content\/uploads\/2019\/05\/IMG_0462-1024x683.jpg\" alt=\"\" data-id=\"15307\" data-link=\"https:\/\/marekkuchcinski.pl\/?attachment_id=15307\" class=\"wp-image-15307\" srcset=\"https:\/\/marekkuchcinski.pl\/wp-content\/uploads\/2019\/05\/IMG_0462-1024x683.jpg 1024w, https:\/\/marekkuchcinski.pl\/wp-content\/uploads\/2019\/05\/IMG_0462-300x200.jpg 300w, https:\/\/marekkuchcinski.pl\/wp-content\/uploads\/2019\/05\/IMG_0462-768x512.jpg 768w, https:\/\/marekkuchcinski.pl\/wp-content\/uploads\/2019\/05\/IMG_0462.jpg 2048w\" sizes=\"(max-width: 1024px) 100vw, 1024px\" \/><\/figure><\/li><li class=\"blocks-gallery-item\"><figure><img decoding=\"async\" width=\"1024\" height=\"683\" src=\"https:\/\/marekkuchcinski.pl\/wp-content\/uploads\/2019\/05\/IMG_0571-1024x683.jpg\" alt=\"\" data-id=\"15308\" data-link=\"https:\/\/marekkuchcinski.pl\/?attachment_id=15308\" class=\"wp-image-15308\" srcset=\"https:\/\/marekkuchcinski.pl\/wp-content\/uploads\/2019\/05\/IMG_0571-1024x683.jpg 1024w, https:\/\/marekkuchcinski.pl\/wp-content\/uploads\/2019\/05\/IMG_0571-300x200.jpg 300w, https:\/\/marekkuchcinski.pl\/wp-content\/uploads\/2019\/05\/IMG_0571-768x512.jpg 768w, https:\/\/marekkuchcinski.pl\/wp-content\/uploads\/2019\/05\/IMG_0571.jpg 2048w\" sizes=\"(max-width: 1024px) 100vw, 1024px\" \/><\/figure><\/li><li class=\"blocks-gallery-item\"><figure><img decoding=\"async\" width=\"1024\" height=\"683\" src=\"https:\/\/marekkuchcinski.pl\/wp-content\/uploads\/2019\/05\/IMG_0510-1024x683.jpg\" alt=\"\" data-id=\"15309\" data-link=\"https:\/\/marekkuchcinski.pl\/?attachment_id=15309\" class=\"wp-image-15309\" srcset=\"https:\/\/marekkuchcinski.pl\/wp-content\/uploads\/2019\/05\/IMG_0510-1024x683.jpg 1024w, https:\/\/marekkuchcinski.pl\/wp-content\/uploads\/2019\/05\/IMG_0510-300x200.jpg 300w, https:\/\/marekkuchcinski.pl\/wp-content\/uploads\/2019\/05\/IMG_0510-768x512.jpg 768w, https:\/\/marekkuchcinski.pl\/wp-content\/uploads\/2019\/05\/IMG_0510.jpg 2048w\" sizes=\"(max-width: 1024px) 100vw, 1024px\" \/><\/figure><\/li><li class=\"blocks-gallery-item\"><figure><img decoding=\"async\" src=\"blob:https:\/\/marekkuchcinski.pl\/22854e35-c3f6-47e0-8515-48423998fa4e\"\/><\/figure><\/li><li class=\"blocks-gallery-item\"><figure><img loading=\"lazy\" decoding=\"async\" width=\"1024\" height=\"686\" src=\"https:\/\/marekkuchcinski.pl\/wp-content\/uploads\/2019\/05\/IMG_0584-1024x686.jpg\" alt=\"\" data-id=\"15311\" data-link=\"https:\/\/marekkuchcinski.pl\/?attachment_id=15311\" class=\"wp-image-15311\" srcset=\"https:\/\/marekkuchcinski.pl\/wp-content\/uploads\/2019\/05\/IMG_0584-1024x686.jpg 1024w, https:\/\/marekkuchcinski.pl\/wp-content\/uploads\/2019\/05\/IMG_0584-300x201.jpg 300w, https:\/\/marekkuchcinski.pl\/wp-content\/uploads\/2019\/05\/IMG_0584-768x514.jpg 768w, https:\/\/marekkuchcinski.pl\/wp-content\/uploads\/2019\/05\/IMG_0584.jpg 2048w\" sizes=\"(max-width: 1024px) 100vw, 1024px\" \/><\/figure><\/li><li class=\"blocks-gallery-item\"><figure><img loading=\"lazy\" decoding=\"async\" width=\"1024\" height=\"683\" src=\"https:\/\/marekkuchcinski.pl\/wp-content\/uploads\/2019\/05\/IMG_0400-1-1024x683.jpg\" alt=\"\" data-id=\"15321\" data-link=\"https:\/\/marekkuchcinski.pl\/?attachment_id=15321\" class=\"wp-image-15321\" srcset=\"https:\/\/marekkuchcinski.pl\/wp-content\/uploads\/2019\/05\/IMG_0400-1-1024x683.jpg 1024w, https:\/\/marekkuchcinski.pl\/wp-content\/uploads\/2019\/05\/IMG_0400-1-300x200.jpg 300w, https:\/\/marekkuchcinski.pl\/wp-content\/uploads\/2019\/05\/IMG_0400-1-768x512.jpg 768w, https:\/\/marekkuchcinski.pl\/wp-content\/uploads\/2019\/05\/IMG_0400-1.jpg 2048w\" sizes=\"(max-width: 1024px) 100vw, 1024px\" \/><\/figure><\/li><\/ul>\n\n\n\n<figure class=\"wp-block-image\"><img loading=\"lazy\" decoding=\"async\" width=\"1024\" height=\"721\" src=\"https:\/\/marekkuchcinski.pl\/wp-content\/uploads\/2019\/05\/IMG_0493-1024x721.jpg\" alt=\"\" class=\"wp-image-15324\" srcset=\"https:\/\/marekkuchcinski.pl\/wp-content\/uploads\/2019\/05\/IMG_0493-1024x721.jpg 1024w, https:\/\/marekkuchcinski.pl\/wp-content\/uploads\/2019\/05\/IMG_0493-300x211.jpg 300w, https:\/\/marekkuchcinski.pl\/wp-content\/uploads\/2019\/05\/IMG_0493-768x541.jpg 768w, https:\/\/marekkuchcinski.pl\/wp-content\/uploads\/2019\/05\/IMG_0493.jpg 2048w\" sizes=\"(max-width: 1024px) 100vw, 1024px\" \/><\/figure>","protected":false},"excerpt":{"rendered":"<p>Podczas inauguracji 58. Festiwalu Muzycznego w \u0141a\u0144cucie marsza\u0142ek Sejmu Marek Kuchci\u0144ski m\u00f3wi\u0142, \u017ce z zamkiem \u2013 symbolem naszego dziedzictwa historycznego, a zarazem&nbsp; skarbem polskiej architektury \u2013 tradycje muzyczne \u0142\u0105czy\u0142y si\u0119 niemal od chwili powstania.&nbsp; \u2013 Ciesz\u0119 si\u0119, \u017ce w tej niepowtarzalnej atmosferze, pozwalaj\u0105cej s\u0142uchaczom przenie\u015b\u0107 si\u0119 w wyj\u0105tkowy \u015bwiat artystycznego pi\u0119kna, uwaga meloman\u00f3w kieruje si\u0119 [&hellip;]<\/p>","protected":false},"author":6,"featured_media":15309,"comment_status":"open","ping_status":"open","sticky":false,"template":"","format":"standard","meta":{"ngg_post_thumbnail":0,"footnotes":""},"categories":[49,3],"tags":[],"class_list":["post-15306","post","type-post","status-publish","format-standard","has-post-thumbnail","hentry","category-podkarpacie","category-wydarzenia"],"yoast_head":"<!-- This site is optimized with the Yoast SEO plugin v24.7 - https:\/\/yoast.com\/wordpress\/plugins\/seo\/ -->\n<title>Inauguracja 58. Festiwalu Muzycznego w \u0141a\u0144cucie &#8211; Marek Kuchci\u0144ski<\/title>\n<meta name=\"robots\" content=\"index, follow, max-snippet:-1, max-image-preview:large, max-video-preview:-1\" \/>\n<link rel=\"canonical\" href=\"https:\/\/marekkuchcinski.pl\/ro\/wydarzenia\/15306\/\" \/>\n<meta property=\"og:locale\" content=\"ro_RO\" \/>\n<meta property=\"og:type\" content=\"article\" \/>\n<meta property=\"og:title\" content=\"Inauguracja 58. Festiwalu Muzycznego w \u0141a\u0144cucie &#8211; Marek Kuchci\u0144ski\" \/>\n<meta property=\"og:description\" content=\"Podczas inauguracji 58. Festiwalu Muzycznego w \u0141a\u0144cucie marsza\u0142ek Sejmu Marek Kuchci\u0144ski m\u00f3wi\u0142, \u017ce z zamkiem \u2013 symbolem naszego dziedzictwa historycznego, a zarazem&nbsp; skarbem polskiej architektury \u2013 tradycje muzyczne \u0142\u0105czy\u0142y si\u0119 niemal od chwili powstania.&nbsp; \u2013 Ciesz\u0119 si\u0119, \u017ce w tej niepowtarzalnej atmosferze, pozwalaj\u0105cej s\u0142uchaczom przenie\u015b\u0107 si\u0119 w wyj\u0105tkowy \u015bwiat artystycznego pi\u0119kna, uwaga meloman\u00f3w kieruje si\u0119 [&hellip;]\" \/>\n<meta property=\"og:url\" content=\"https:\/\/marekkuchcinski.pl\/ro\/wydarzenia\/15306\/\" \/>\n<meta property=\"og:site_name\" content=\"Marek Kuchci\u0144ski\" \/>\n<meta property=\"article:published_time\" content=\"2019-05-12T06:40:24+00:00\" \/>\n<meta property=\"article:modified_time\" content=\"2019-05-12T06:44:58+00:00\" \/>\n<meta property=\"og:image\" content=\"https:\/\/marekkuchcinski.pl\/wp-content\/uploads\/2019\/05\/IMG_0510.jpg\" \/>\n\t<meta property=\"og:image:width\" content=\"2048\" \/>\n\t<meta property=\"og:image:height\" content=\"1365\" \/>\n\t<meta property=\"og:image:type\" content=\"image\/jpeg\" \/>\n<meta name=\"author\" content=\"admin\" \/>\n<meta name=\"twitter:card\" content=\"summary_large_image\" \/>\n<meta name=\"twitter:label1\" content=\"Scris de\" \/>\n\t<meta name=\"twitter:data1\" content=\"admin\" \/>\n\t<meta name=\"twitter:label2\" content=\"Timp estimat pentru citire\" \/>\n\t<meta name=\"twitter:data2\" content=\"1 minute\" \/>\n<script type=\"application\/ld+json\" class=\"yoast-schema-graph\">{\"@context\":\"https:\/\/schema.org\",\"@graph\":[{\"@type\":\"Article\",\"@id\":\"https:\/\/marekkuchcinski.pl\/hu\/wydarzenia\/15306\/#article\",\"isPartOf\":{\"@id\":\"https:\/\/marekkuchcinski.pl\/hu\/wydarzenia\/15306\/\"},\"author\":{\"name\":\"admin\",\"@id\":\"https:\/\/marekkuchcinski.pl\/#\/schema\/person\/6f62700996b4d950b6ea2d1183b6c6be\"},\"headline\":\"Inauguracja 58. Festiwalu Muzycznego w \u0141a\u0144cucie\",\"datePublished\":\"2019-05-12T06:40:24+00:00\",\"dateModified\":\"2019-05-12T06:44:58+00:00\",\"mainEntityOfPage\":{\"@id\":\"https:\/\/marekkuchcinski.pl\/hu\/wydarzenia\/15306\/\"},\"wordCount\":227,\"commentCount\":0,\"publisher\":{\"@id\":\"https:\/\/marekkuchcinski.pl\/#organization\"},\"image\":{\"@id\":\"https:\/\/marekkuchcinski.pl\/hu\/wydarzenia\/15306\/#primaryimage\"},\"thumbnailUrl\":\"https:\/\/marekkuchcinski.pl\/wp-content\/uploads\/2019\/05\/IMG_0510.jpg\",\"articleSection\":[\"Podkarpacie\",\"Wydarzenia\"],\"inLanguage\":\"ro-RO\",\"potentialAction\":[{\"@type\":\"CommentAction\",\"name\":\"Comment\",\"target\":[\"https:\/\/marekkuchcinski.pl\/hu\/wydarzenia\/15306\/#respond\"]}]},{\"@type\":\"WebPage\",\"@id\":\"https:\/\/marekkuchcinski.pl\/hu\/wydarzenia\/15306\/\",\"url\":\"https:\/\/marekkuchcinski.pl\/hu\/wydarzenia\/15306\/\",\"name\":\"Inauguracja 58. Festiwalu Muzycznego w \u0141a\u0144cucie &#8211; Marek Kuchci\u0144ski\",\"isPartOf\":{\"@id\":\"https:\/\/marekkuchcinski.pl\/#website\"},\"primaryImageOfPage\":{\"@id\":\"https:\/\/marekkuchcinski.pl\/hu\/wydarzenia\/15306\/#primaryimage\"},\"image\":{\"@id\":\"https:\/\/marekkuchcinski.pl\/hu\/wydarzenia\/15306\/#primaryimage\"},\"thumbnailUrl\":\"https:\/\/marekkuchcinski.pl\/wp-content\/uploads\/2019\/05\/IMG_0510.jpg\",\"datePublished\":\"2019-05-12T06:40:24+00:00\",\"dateModified\":\"2019-05-12T06:44:58+00:00\",\"breadcrumb\":{\"@id\":\"https:\/\/marekkuchcinski.pl\/hu\/wydarzenia\/15306\/#breadcrumb\"},\"inLanguage\":\"ro-RO\",\"potentialAction\":[{\"@type\":\"ReadAction\",\"target\":[\"https:\/\/marekkuchcinski.pl\/hu\/wydarzenia\/15306\/\"]}]},{\"@type\":\"ImageObject\",\"inLanguage\":\"ro-RO\",\"@id\":\"https:\/\/marekkuchcinski.pl\/hu\/wydarzenia\/15306\/#primaryimage\",\"url\":\"https:\/\/marekkuchcinski.pl\/wp-content\/uploads\/2019\/05\/IMG_0510.jpg\",\"contentUrl\":\"https:\/\/marekkuchcinski.pl\/wp-content\/uploads\/2019\/05\/IMG_0510.jpg\",\"width\":2048,\"height\":1365},{\"@type\":\"BreadcrumbList\",\"@id\":\"https:\/\/marekkuchcinski.pl\/hu\/wydarzenia\/15306\/#breadcrumb\",\"itemListElement\":[{\"@type\":\"ListItem\",\"position\":1,\"name\":\"Strona g\u0142\u00f3wna\",\"item\":\"https:\/\/marekkuchcinski.pl\/\"},{\"@type\":\"ListItem\",\"position\":2,\"name\":\"Inauguracja 58. Festiwalu Muzycznego w \u0141a\u0144cucie\"}]},{\"@type\":\"WebSite\",\"@id\":\"https:\/\/marekkuchcinski.pl\/#website\",\"url\":\"https:\/\/marekkuchcinski.pl\/\",\"name\":\"Marek Kuchci\u0144ski\",\"description\":\"Pose\u0142 na sejm RP &ndash; okr\u0119g nr 22\",\"publisher\":{\"@id\":\"https:\/\/marekkuchcinski.pl\/#organization\"},\"potentialAction\":[{\"@type\":\"SearchAction\",\"target\":{\"@type\":\"EntryPoint\",\"urlTemplate\":\"https:\/\/marekkuchcinski.pl\/?s={search_term_string}\"},\"query-input\":{\"@type\":\"PropertyValueSpecification\",\"valueRequired\":true,\"valueName\":\"search_term_string\"}}],\"inLanguage\":\"ro-RO\"},{\"@type\":\"Organization\",\"@id\":\"https:\/\/marekkuchcinski.pl\/#organization\",\"name\":\"Marek Kuchci\u0144ski\",\"url\":\"https:\/\/marekkuchcinski.pl\/\",\"logo\":{\"@type\":\"ImageObject\",\"inLanguage\":\"ro-RO\",\"@id\":\"https:\/\/marekkuchcinski.pl\/#\/schema\/logo\/image\/\",\"url\":\"https:\/\/marekkuchcinski.pl\/wp-content\/uploads\/2022\/09\/Marek.jpg\",\"contentUrl\":\"https:\/\/marekkuchcinski.pl\/wp-content\/uploads\/2022\/09\/Marek.jpg\",\"width\":1600,\"height\":971,\"caption\":\"Marek Kuchci\u0144ski\"},\"image\":{\"@id\":\"https:\/\/marekkuchcinski.pl\/#\/schema\/logo\/image\/\"}},{\"@type\":\"Person\",\"@id\":\"https:\/\/marekkuchcinski.pl\/#\/schema\/person\/6f62700996b4d950b6ea2d1183b6c6be\",\"name\":\"admin\",\"image\":{\"@type\":\"ImageObject\",\"inLanguage\":\"ro-RO\",\"@id\":\"https:\/\/marekkuchcinski.pl\/#\/schema\/person\/image\/\",\"url\":\"https:\/\/secure.gravatar.com\/avatar\/4bab693b9d55c3d6b52c0296a8765085?s=96&d=mm&r=g\",\"contentUrl\":\"https:\/\/secure.gravatar.com\/avatar\/4bab693b9d55c3d6b52c0296a8765085?s=96&d=mm&r=g\",\"caption\":\"admin\"},\"url\":\"https:\/\/marekkuchcinski.pl\/ro\/author\/marta-olejnik\/\"}]}<\/script>\n<!-- \/ Yoast SEO plugin. -->","yoast_head_json":{"title":"Inauguracja 58. Festiwalu Muzycznego w \u0141a\u0144cucie &#8211; Marek Kuchci\u0144ski","robots":{"index":"index","follow":"follow","max-snippet":"max-snippet:-1","max-image-preview":"max-image-preview:large","max-video-preview":"max-video-preview:-1"},"canonical":"https:\/\/marekkuchcinski.pl\/ro\/wydarzenia\/15306\/","og_locale":"ro_RO","og_type":"article","og_title":"Inauguracja 58. Festiwalu Muzycznego w \u0141a\u0144cucie &#8211; Marek Kuchci\u0144ski","og_description":"Podczas inauguracji 58. Festiwalu Muzycznego w \u0141a\u0144cucie marsza\u0142ek Sejmu Marek Kuchci\u0144ski m\u00f3wi\u0142, \u017ce z zamkiem \u2013 symbolem naszego dziedzictwa historycznego, a zarazem&nbsp; skarbem polskiej architektury \u2013 tradycje muzyczne \u0142\u0105czy\u0142y si\u0119 niemal od chwili powstania.&nbsp; \u2013 Ciesz\u0119 si\u0119, \u017ce w tej niepowtarzalnej atmosferze, pozwalaj\u0105cej s\u0142uchaczom przenie\u015b\u0107 si\u0119 w wyj\u0105tkowy \u015bwiat artystycznego pi\u0119kna, uwaga meloman\u00f3w kieruje si\u0119 [&hellip;]","og_url":"https:\/\/marekkuchcinski.pl\/ro\/wydarzenia\/15306\/","og_site_name":"Marek Kuchci\u0144ski","article_published_time":"2019-05-12T06:40:24+00:00","article_modified_time":"2019-05-12T06:44:58+00:00","og_image":[{"width":2048,"height":1365,"url":"https:\/\/marekkuchcinski.pl\/wp-content\/uploads\/2019\/05\/IMG_0510.jpg","type":"image\/jpeg"}],"author":"admin","twitter_card":"summary_large_image","twitter_misc":{"Scris de":"admin","Timp estimat pentru citire":"1 minute"},"schema":{"@context":"https:\/\/schema.org","@graph":[{"@type":"Article","@id":"https:\/\/marekkuchcinski.pl\/hu\/wydarzenia\/15306\/#article","isPartOf":{"@id":"https:\/\/marekkuchcinski.pl\/hu\/wydarzenia\/15306\/"},"author":{"name":"admin","@id":"https:\/\/marekkuchcinski.pl\/#\/schema\/person\/6f62700996b4d950b6ea2d1183b6c6be"},"headline":"Inauguracja 58. Festiwalu Muzycznego w \u0141a\u0144cucie","datePublished":"2019-05-12T06:40:24+00:00","dateModified":"2019-05-12T06:44:58+00:00","mainEntityOfPage":{"@id":"https:\/\/marekkuchcinski.pl\/hu\/wydarzenia\/15306\/"},"wordCount":227,"commentCount":0,"publisher":{"@id":"https:\/\/marekkuchcinski.pl\/#organization"},"image":{"@id":"https:\/\/marekkuchcinski.pl\/hu\/wydarzenia\/15306\/#primaryimage"},"thumbnailUrl":"https:\/\/marekkuchcinski.pl\/wp-content\/uploads\/2019\/05\/IMG_0510.jpg","articleSection":["Podkarpacie","Wydarzenia"],"inLanguage":"ro-RO","potentialAction":[{"@type":"CommentAction","name":"Comment","target":["https:\/\/marekkuchcinski.pl\/hu\/wydarzenia\/15306\/#respond"]}]},{"@type":"WebPage","@id":"https:\/\/marekkuchcinski.pl\/hu\/wydarzenia\/15306\/","url":"https:\/\/marekkuchcinski.pl\/hu\/wydarzenia\/15306\/","name":"Inauguracja 58. Festiwalu Muzycznego w \u0141a\u0144cucie &#8211; Marek Kuchci\u0144ski","isPartOf":{"@id":"https:\/\/marekkuchcinski.pl\/#website"},"primaryImageOfPage":{"@id":"https:\/\/marekkuchcinski.pl\/hu\/wydarzenia\/15306\/#primaryimage"},"image":{"@id":"https:\/\/marekkuchcinski.pl\/hu\/wydarzenia\/15306\/#primaryimage"},"thumbnailUrl":"https:\/\/marekkuchcinski.pl\/wp-content\/uploads\/2019\/05\/IMG_0510.jpg","datePublished":"2019-05-12T06:40:24+00:00","dateModified":"2019-05-12T06:44:58+00:00","breadcrumb":{"@id":"https:\/\/marekkuchcinski.pl\/hu\/wydarzenia\/15306\/#breadcrumb"},"inLanguage":"ro-RO","potentialAction":[{"@type":"ReadAction","target":["https:\/\/marekkuchcinski.pl\/hu\/wydarzenia\/15306\/"]}]},{"@type":"ImageObject","inLanguage":"ro-RO","@id":"https:\/\/marekkuchcinski.pl\/hu\/wydarzenia\/15306\/#primaryimage","url":"https:\/\/marekkuchcinski.pl\/wp-content\/uploads\/2019\/05\/IMG_0510.jpg","contentUrl":"https:\/\/marekkuchcinski.pl\/wp-content\/uploads\/2019\/05\/IMG_0510.jpg","width":2048,"height":1365},{"@type":"BreadcrumbList","@id":"https:\/\/marekkuchcinski.pl\/hu\/wydarzenia\/15306\/#breadcrumb","itemListElement":[{"@type":"ListItem","position":1,"name":"Strona g\u0142\u00f3wna","item":"https:\/\/marekkuchcinski.pl\/"},{"@type":"ListItem","position":2,"name":"Inauguracja 58. Festiwalu Muzycznego w \u0141a\u0144cucie"}]},{"@type":"WebSite","@id":"https:\/\/marekkuchcinski.pl\/#website","url":"https:\/\/marekkuchcinski.pl\/","name":"Marek Kuchci\u0144ski","description":"Pose\u0142 na sejm RP &ndash; okr\u0119g nr 22","publisher":{"@id":"https:\/\/marekkuchcinski.pl\/#organization"},"potentialAction":[{"@type":"SearchAction","target":{"@type":"EntryPoint","urlTemplate":"https:\/\/marekkuchcinski.pl\/?s={search_term_string}"},"query-input":{"@type":"PropertyValueSpecification","valueRequired":true,"valueName":"search_term_string"}}],"inLanguage":"ro-RO"},{"@type":"Organization","@id":"https:\/\/marekkuchcinski.pl\/#organization","name":"Marek Kuchci\u0144ski","url":"https:\/\/marekkuchcinski.pl\/","logo":{"@type":"ImageObject","inLanguage":"ro-RO","@id":"https:\/\/marekkuchcinski.pl\/#\/schema\/logo\/image\/","url":"https:\/\/marekkuchcinski.pl\/wp-content\/uploads\/2022\/09\/Marek.jpg","contentUrl":"https:\/\/marekkuchcinski.pl\/wp-content\/uploads\/2022\/09\/Marek.jpg","width":1600,"height":971,"caption":"Marek Kuchci\u0144ski"},"image":{"@id":"https:\/\/marekkuchcinski.pl\/#\/schema\/logo\/image\/"}},{"@type":"Person","@id":"https:\/\/marekkuchcinski.pl\/#\/schema\/person\/6f62700996b4d950b6ea2d1183b6c6be","name":"admin","image":{"@type":"ImageObject","inLanguage":"ro-RO","@id":"https:\/\/marekkuchcinski.pl\/#\/schema\/person\/image\/","url":"https:\/\/secure.gravatar.com\/avatar\/4bab693b9d55c3d6b52c0296a8765085?s=96&d=mm&r=g","contentUrl":"https:\/\/secure.gravatar.com\/avatar\/4bab693b9d55c3d6b52c0296a8765085?s=96&d=mm&r=g","caption":"admin"},"url":"https:\/\/marekkuchcinski.pl\/ro\/author\/marta-olejnik\/"}]}},"_links":{"self":[{"href":"https:\/\/marekkuchcinski.pl\/ro\/wp-json\/wp\/v2\/posts\/15306","targetHints":{"allow":["GET"]}}],"collection":[{"href":"https:\/\/marekkuchcinski.pl\/ro\/wp-json\/wp\/v2\/posts"}],"about":[{"href":"https:\/\/marekkuchcinski.pl\/ro\/wp-json\/wp\/v2\/types\/post"}],"author":[{"embeddable":true,"href":"https:\/\/marekkuchcinski.pl\/ro\/wp-json\/wp\/v2\/users\/6"}],"replies":[{"embeddable":true,"href":"https:\/\/marekkuchcinski.pl\/ro\/wp-json\/wp\/v2\/comments?post=15306"}],"version-history":[{"count":9,"href":"https:\/\/marekkuchcinski.pl\/ro\/wp-json\/wp\/v2\/posts\/15306\/revisions"}],"predecessor-version":[{"id":15326,"href":"https:\/\/marekkuchcinski.pl\/ro\/wp-json\/wp\/v2\/posts\/15306\/revisions\/15326"}],"wp:featuredmedia":[{"embeddable":true,"href":"https:\/\/marekkuchcinski.pl\/ro\/wp-json\/wp\/v2\/media\/15309"}],"wp:attachment":[{"href":"https:\/\/marekkuchcinski.pl\/ro\/wp-json\/wp\/v2\/media?parent=15306"}],"wp:term":[{"taxonomy":"category","embeddable":true,"href":"https:\/\/marekkuchcinski.pl\/ro\/wp-json\/wp\/v2\/categories?post=15306"},{"taxonomy":"post_tag","embeddable":true,"href":"https:\/\/marekkuchcinski.pl\/ro\/wp-json\/wp\/v2\/tags?post=15306"}],"curies":[{"name":"wp","href":"https:\/\/api.w.org\/{rel}","templated":true}]}}