{"id":15003,"date":"2019-04-15T20:18:38","date_gmt":"2019-04-15T18:18:38","guid":{"rendered":"https:\/\/marekkuchcinski.pl\/?p=15003"},"modified":"2019-04-21T20:21:26","modified_gmt":"2019-04-21T18:21:26","slug":"sto-lat-temu-urodzil-sie-wojciech-bogumil-jastrzebowski-tworca-konstytucji-dla-europy","status":"publish","type":"post","link":"https:\/\/marekkuchcinski.pl\/ro\/wazne-daty\/sto-lat-temu-urodzil-sie-wojciech-bogumil-jastrzebowski-tworca-konstytucji-dla-europy\/","title":{"rendered":"\u00cen urm\u0103 cu o sut\u0103 de ani se n\u0103\u0219tea Wojciech Bogumi\u0142 Jastrz\u0119bowski, autorul \"Constitu\u021biei pentru Europa\"."},"content":{"rendered":"<p>La 15 aprilie 1819 s-a n\u0103scut Wojciech Bogumi\u0142 Jastrz\u0119bowski, autorul documentului din 3 mai 1831: \"Wolne chwilerza \u017co\u0142nierza polskiego, czyli my\u015bli o wiecznym pokoju mi\u0119dzy narodami ucywilizowanymi\". Partea sa esen\u021bial\u0103 a fost Constitu\u021bia pentru Europa. \u00cen tratatul s\u0103u, Jastrz\u0119bowski a scris despre Europa, care urma s\u0103 fie o federa\u021bie de na\u021biuni vorbind limbi diferite, dar supuse acelora\u0219i principii politice generale. Era important pentru Jastrz\u0119bowski, un t\u00e2n\u0103r erudit la acea vreme \u0219i participant la R\u0103scoala din noiembrie, s\u0103 p\u0103streze distinc\u021biile na\u021bionale. El a scris despre unificare ca despre o \u0219ans\u0103 pentru pace. Viziunea sa a fost par\u021bial utopic\u0103 \u0219i este dificil s\u0103 o prezent\u0103m acum \u00een mod direct ca subiect de discu\u021bie despre viitorul lumii moderne. Cu toate acestea, este clar c\u0103, chiar \u0219i \u00een timpul luptei pentru independen\u021b\u0103 din secolul al XIX-lea, polonezii se g\u00e2ndeau la binele mai larg, la viitorul continentului, nu doar la propriile sfere smulse din m\u00e2inile partizanilor \u00een b\u0103t\u0103lii s\u00e2ngeroase.<\/p>\n\n\n\n<p>A\u0219adar, nu trebuie s\u0103 folosim doar exemplele istorice citate de \u021b\u0103rile vest-europene, care adesea \u00eencearc\u0103 s\u0103 introduc\u0103 o nara\u021biune care limiteaz\u0103 vocea celor care dezbat, reamintindu-le c\u0103 ata\u0219amentul fa\u021b\u0103 de propriul popor, fa\u021b\u0103 de tradi\u021bii, fa\u021b\u0103 de diferen\u021be a fost un subiect intens dezb\u0103tut timp de secole.<\/p>","protected":false},"excerpt":{"rendered":"<p>15 kwietnia 1819 r. urodzi\u0142 si\u0119 Wojciech Bogumi\u0142 Jastrz\u0119bowski, autor dokumentu z 3 maja 1831 roku: \u201eWolne chwile \u017co\u0142nierza polskiego, czyli my\u015bli o wiecznym pokoju mi\u0119dzy narodami ucywilizowanymi\u201d. Jego zasadnicz\u0105 cz\u0119\u015b\u0107 stanowi\u0142a Konstytucja dla Europy. Jastrz\u0119bowski w swoim traktacie pisa\u0142 o Europie, kt\u00f3ra ma by\u0107 federacj\u0105 narod\u00f3w m\u00f3wi\u0105cych r\u00f3\u017cnymi j\u0119zykami, lecz podlegaj\u0105cych tym samym og\u00f3lnym [&hellip;]<\/p>","protected":false},"author":6,"featured_media":15005,"comment_status":"open","ping_status":"open","sticky":false,"template":"","format":"standard","meta":{"ngg_post_thumbnail":0,"footnotes":""},"categories":[77],"tags":[],"class_list":["post-15003","post","type-post","status-publish","format-standard","has-post-thumbnail","hentry","category-wazne-daty"],"yoast_head":"<!-- This site is optimized with the Yoast SEO plugin v24.7 - https:\/\/yoast.com\/wordpress\/plugins\/seo\/ -->\n<title>Sto lat temu urodzi\u0142 si\u0119 Wojciech Bogumi\u0142 Jastrz\u0119bowski, tw\u00f3rca &quot;Konstytucji dla Europy&quot; &#8211; Marek Kuchci\u0144ski<\/title>\n<meta name=\"robots\" content=\"index, follow, max-snippet:-1, max-image-preview:large, max-video-preview:-1\" \/>\n<link rel=\"canonical\" href=\"https:\/\/marekkuchcinski.pl\/ro\/wazne-daty\/sto-lat-temu-urodzil-sie-wojciech-bogumil-jastrzebowski-tworca-konstytucji-dla-europy\/\" \/>\n<meta property=\"og:locale\" content=\"ro_RO\" \/>\n<meta property=\"og:type\" content=\"article\" \/>\n<meta property=\"og:title\" content=\"Sto lat temu urodzi\u0142 si\u0119 Wojciech Bogumi\u0142 Jastrz\u0119bowski, tw\u00f3rca &quot;Konstytucji dla Europy&quot; &#8211; Marek Kuchci\u0144ski\" \/>\n<meta property=\"og:description\" content=\"15 kwietnia 1819 r. urodzi\u0142 si\u0119 Wojciech Bogumi\u0142 Jastrz\u0119bowski, autor dokumentu z 3 maja 1831 roku: \u201eWolne chwile \u017co\u0142nierza polskiego, czyli my\u015bli o wiecznym pokoju mi\u0119dzy narodami ucywilizowanymi\u201d. Jego zasadnicz\u0105 cz\u0119\u015b\u0107 stanowi\u0142a Konstytucja dla Europy. Jastrz\u0119bowski w swoim traktacie pisa\u0142 o Europie, kt\u00f3ra ma by\u0107 federacj\u0105 narod\u00f3w m\u00f3wi\u0105cych r\u00f3\u017cnymi j\u0119zykami, lecz podlegaj\u0105cych tym samym og\u00f3lnym [&hellip;]\" \/>\n<meta property=\"og:url\" content=\"https:\/\/marekkuchcinski.pl\/ro\/wazne-daty\/sto-lat-temu-urodzil-sie-wojciech-bogumil-jastrzebowski-tworca-konstytucji-dla-europy\/\" \/>\n<meta property=\"og:site_name\" content=\"Marek Kuchci\u0144ski\" \/>\n<meta property=\"article:published_time\" content=\"2019-04-15T18:18:38+00:00\" \/>\n<meta property=\"article:modified_time\" content=\"2019-04-21T18:21:26+00:00\" \/>\n<meta property=\"og:image\" content=\"https:\/\/marekkuchcinski.pl\/wp-content\/uploads\/2019\/04\/Wojciech_Jastrze\u0328bowski.jpg\" \/>\n\t<meta property=\"og:image:width\" content=\"703\" \/>\n\t<meta property=\"og:image:height\" content=\"820\" \/>\n\t<meta property=\"og:image:type\" content=\"image\/jpeg\" \/>\n<meta name=\"author\" content=\"admin\" \/>\n<meta name=\"twitter:card\" content=\"summary_large_image\" \/>\n<meta name=\"twitter:label1\" content=\"Scris de\" \/>\n\t<meta name=\"twitter:data1\" content=\"admin\" \/>\n\t<meta name=\"twitter:label2\" content=\"Timp estimat pentru citire\" \/>\n\t<meta name=\"twitter:data2\" content=\"1 minute\" \/>\n<script type=\"application\/ld+json\" class=\"yoast-schema-graph\">{\"@context\":\"https:\/\/schema.org\",\"@graph\":[{\"@type\":\"Article\",\"@id\":\"https:\/\/marekkuchcinski.pl\/cs\/wazne-daty\/sto-lat-temu-urodzil-sie-wojciech-bogumil-jastrzebowski-tworca-konstytucji-dla-europy\/#article\",\"isPartOf\":{\"@id\":\"https:\/\/marekkuchcinski.pl\/cs\/wazne-daty\/sto-lat-temu-urodzil-sie-wojciech-bogumil-jastrzebowski-tworca-konstytucji-dla-europy\/\"},\"author\":{\"name\":\"admin\",\"@id\":\"https:\/\/marekkuchcinski.pl\/#\/schema\/person\/6f62700996b4d950b6ea2d1183b6c6be\"},\"headline\":\"Sto lat temu urodzi\u0142 si\u0119 Wojciech Bogumi\u0142 Jastrz\u0119bowski, tw\u00f3rca &#8222;Konstytucji dla Europy&#8221;\",\"datePublished\":\"2019-04-15T18:18:38+00:00\",\"dateModified\":\"2019-04-21T18:21:26+00:00\",\"mainEntityOfPage\":{\"@id\":\"https:\/\/marekkuchcinski.pl\/cs\/wazne-daty\/sto-lat-temu-urodzil-sie-wojciech-bogumil-jastrzebowski-tworca-konstytucji-dla-europy\/\"},\"wordCount\":217,\"commentCount\":0,\"publisher\":{\"@id\":\"https:\/\/marekkuchcinski.pl\/#organization\"},\"image\":{\"@id\":\"https:\/\/marekkuchcinski.pl\/cs\/wazne-daty\/sto-lat-temu-urodzil-sie-wojciech-bogumil-jastrzebowski-tworca-konstytucji-dla-europy\/#primaryimage\"},\"thumbnailUrl\":\"https:\/\/marekkuchcinski.pl\/wp-content\/uploads\/2019\/04\/Wojciech_Jastrze\u0328bowski.jpg\",\"articleSection\":[\"Wa\u017cne daty\"],\"inLanguage\":\"ro-RO\",\"potentialAction\":[{\"@type\":\"CommentAction\",\"name\":\"Comment\",\"target\":[\"https:\/\/marekkuchcinski.pl\/cs\/wazne-daty\/sto-lat-temu-urodzil-sie-wojciech-bogumil-jastrzebowski-tworca-konstytucji-dla-europy\/#respond\"]}]},{\"@type\":\"WebPage\",\"@id\":\"https:\/\/marekkuchcinski.pl\/cs\/wazne-daty\/sto-lat-temu-urodzil-sie-wojciech-bogumil-jastrzebowski-tworca-konstytucji-dla-europy\/\",\"url\":\"https:\/\/marekkuchcinski.pl\/cs\/wazne-daty\/sto-lat-temu-urodzil-sie-wojciech-bogumil-jastrzebowski-tworca-konstytucji-dla-europy\/\",\"name\":\"Sto lat temu urodzi\u0142 si\u0119 Wojciech Bogumi\u0142 Jastrz\u0119bowski, tw\u00f3rca \\\"Konstytucji dla Europy\\\" &#8211; Marek Kuchci\u0144ski\",\"isPartOf\":{\"@id\":\"https:\/\/marekkuchcinski.pl\/#website\"},\"primaryImageOfPage\":{\"@id\":\"https:\/\/marekkuchcinski.pl\/cs\/wazne-daty\/sto-lat-temu-urodzil-sie-wojciech-bogumil-jastrzebowski-tworca-konstytucji-dla-europy\/#primaryimage\"},\"image\":{\"@id\":\"https:\/\/marekkuchcinski.pl\/cs\/wazne-daty\/sto-lat-temu-urodzil-sie-wojciech-bogumil-jastrzebowski-tworca-konstytucji-dla-europy\/#primaryimage\"},\"thumbnailUrl\":\"https:\/\/marekkuchcinski.pl\/wp-content\/uploads\/2019\/04\/Wojciech_Jastrze\u0328bowski.jpg\",\"datePublished\":\"2019-04-15T18:18:38+00:00\",\"dateModified\":\"2019-04-21T18:21:26+00:00\",\"breadcrumb\":{\"@id\":\"https:\/\/marekkuchcinski.pl\/cs\/wazne-daty\/sto-lat-temu-urodzil-sie-wojciech-bogumil-jastrzebowski-tworca-konstytucji-dla-europy\/#breadcrumb\"},\"inLanguage\":\"ro-RO\",\"potentialAction\":[{\"@type\":\"ReadAction\",\"target\":[\"https:\/\/marekkuchcinski.pl\/cs\/wazne-daty\/sto-lat-temu-urodzil-sie-wojciech-bogumil-jastrzebowski-tworca-konstytucji-dla-europy\/\"]}]},{\"@type\":\"ImageObject\",\"inLanguage\":\"ro-RO\",\"@id\":\"https:\/\/marekkuchcinski.pl\/cs\/wazne-daty\/sto-lat-temu-urodzil-sie-wojciech-bogumil-jastrzebowski-tworca-konstytucji-dla-europy\/#primaryimage\",\"url\":\"https:\/\/marekkuchcinski.pl\/wp-content\/uploads\/2019\/04\/Wojciech_Jastrze\u0328bowski.jpg\",\"contentUrl\":\"https:\/\/marekkuchcinski.pl\/wp-content\/uploads\/2019\/04\/Wojciech_Jastrze\u0328bowski.jpg\",\"width\":703,\"height\":820},{\"@type\":\"BreadcrumbList\",\"@id\":\"https:\/\/marekkuchcinski.pl\/cs\/wazne-daty\/sto-lat-temu-urodzil-sie-wojciech-bogumil-jastrzebowski-tworca-konstytucji-dla-europy\/#breadcrumb\",\"itemListElement\":[{\"@type\":\"ListItem\",\"position\":1,\"name\":\"Strona g\u0142\u00f3wna\",\"item\":\"https:\/\/marekkuchcinski.pl\/\"},{\"@type\":\"ListItem\",\"position\":2,\"name\":\"Sto lat temu urodzi\u0142 si\u0119 Wojciech Bogumi\u0142 Jastrz\u0119bowski, tw\u00f3rca &#8220;Konstytucji dla Europy&#8221;\"}]},{\"@type\":\"WebSite\",\"@id\":\"https:\/\/marekkuchcinski.pl\/#website\",\"url\":\"https:\/\/marekkuchcinski.pl\/\",\"name\":\"Marek Kuchci\u0144ski\",\"description\":\"Pose\u0142 na sejm RP &ndash; okr\u0119g nr 22\",\"publisher\":{\"@id\":\"https:\/\/marekkuchcinski.pl\/#organization\"},\"potentialAction\":[{\"@type\":\"SearchAction\",\"target\":{\"@type\":\"EntryPoint\",\"urlTemplate\":\"https:\/\/marekkuchcinski.pl\/?s={search_term_string}\"},\"query-input\":{\"@type\":\"PropertyValueSpecification\",\"valueRequired\":true,\"valueName\":\"search_term_string\"}}],\"inLanguage\":\"ro-RO\"},{\"@type\":\"Organization\",\"@id\":\"https:\/\/marekkuchcinski.pl\/#organization\",\"name\":\"Marek Kuchci\u0144ski\",\"url\":\"https:\/\/marekkuchcinski.pl\/\",\"logo\":{\"@type\":\"ImageObject\",\"inLanguage\":\"ro-RO\",\"@id\":\"https:\/\/marekkuchcinski.pl\/#\/schema\/logo\/image\/\",\"url\":\"https:\/\/marekkuchcinski.pl\/wp-content\/uploads\/2022\/09\/Marek.jpg\",\"contentUrl\":\"https:\/\/marekkuchcinski.pl\/wp-content\/uploads\/2022\/09\/Marek.jpg\",\"width\":1600,\"height\":971,\"caption\":\"Marek Kuchci\u0144ski\"},\"image\":{\"@id\":\"https:\/\/marekkuchcinski.pl\/#\/schema\/logo\/image\/\"}},{\"@type\":\"Person\",\"@id\":\"https:\/\/marekkuchcinski.pl\/#\/schema\/person\/6f62700996b4d950b6ea2d1183b6c6be\",\"name\":\"admin\",\"image\":{\"@type\":\"ImageObject\",\"inLanguage\":\"ro-RO\",\"@id\":\"https:\/\/marekkuchcinski.pl\/#\/schema\/person\/image\/\",\"url\":\"https:\/\/secure.gravatar.com\/avatar\/4bab693b9d55c3d6b52c0296a8765085?s=96&d=mm&r=g\",\"contentUrl\":\"https:\/\/secure.gravatar.com\/avatar\/4bab693b9d55c3d6b52c0296a8765085?s=96&d=mm&r=g\",\"caption\":\"admin\"},\"url\":\"https:\/\/marekkuchcinski.pl\/ro\/author\/marta-olejnik\/\"}]}<\/script>\n<!-- \/ Yoast SEO plugin. -->","yoast_head_json":{"title":"Sto lat temu urodzi\u0142 si\u0119 Wojciech Bogumi\u0142 Jastrz\u0119bowski, tw\u00f3rca \"Konstytucji dla Europy\" &#8211; Marek Kuchci\u0144ski","robots":{"index":"index","follow":"follow","max-snippet":"max-snippet:-1","max-image-preview":"max-image-preview:large","max-video-preview":"max-video-preview:-1"},"canonical":"https:\/\/marekkuchcinski.pl\/ro\/wazne-daty\/sto-lat-temu-urodzil-sie-wojciech-bogumil-jastrzebowski-tworca-konstytucji-dla-europy\/","og_locale":"ro_RO","og_type":"article","og_title":"Sto lat temu urodzi\u0142 si\u0119 Wojciech Bogumi\u0142 Jastrz\u0119bowski, tw\u00f3rca \"Konstytucji dla Europy\" &#8211; Marek Kuchci\u0144ski","og_description":"15 kwietnia 1819 r. urodzi\u0142 si\u0119 Wojciech Bogumi\u0142 Jastrz\u0119bowski, autor dokumentu z 3 maja 1831 roku: \u201eWolne chwile \u017co\u0142nierza polskiego, czyli my\u015bli o wiecznym pokoju mi\u0119dzy narodami ucywilizowanymi\u201d. Jego zasadnicz\u0105 cz\u0119\u015b\u0107 stanowi\u0142a Konstytucja dla Europy. Jastrz\u0119bowski w swoim traktacie pisa\u0142 o Europie, kt\u00f3ra ma by\u0107 federacj\u0105 narod\u00f3w m\u00f3wi\u0105cych r\u00f3\u017cnymi j\u0119zykami, lecz podlegaj\u0105cych tym samym og\u00f3lnym [&hellip;]","og_url":"https:\/\/marekkuchcinski.pl\/ro\/wazne-daty\/sto-lat-temu-urodzil-sie-wojciech-bogumil-jastrzebowski-tworca-konstytucji-dla-europy\/","og_site_name":"Marek Kuchci\u0144ski","article_published_time":"2019-04-15T18:18:38+00:00","article_modified_time":"2019-04-21T18:21:26+00:00","og_image":[{"width":703,"height":820,"url":"https:\/\/marekkuchcinski.pl\/wp-content\/uploads\/2019\/04\/Wojciech_Jastrze\u0328bowski.jpg","type":"image\/jpeg"}],"author":"admin","twitter_card":"summary_large_image","twitter_misc":{"Scris de":"admin","Timp estimat pentru citire":"1 minute"},"schema":{"@context":"https:\/\/schema.org","@graph":[{"@type":"Article","@id":"https:\/\/marekkuchcinski.pl\/cs\/wazne-daty\/sto-lat-temu-urodzil-sie-wojciech-bogumil-jastrzebowski-tworca-konstytucji-dla-europy\/#article","isPartOf":{"@id":"https:\/\/marekkuchcinski.pl\/cs\/wazne-daty\/sto-lat-temu-urodzil-sie-wojciech-bogumil-jastrzebowski-tworca-konstytucji-dla-europy\/"},"author":{"name":"admin","@id":"https:\/\/marekkuchcinski.pl\/#\/schema\/person\/6f62700996b4d950b6ea2d1183b6c6be"},"headline":"Sto lat temu urodzi\u0142 si\u0119 Wojciech Bogumi\u0142 Jastrz\u0119bowski, tw\u00f3rca &#8222;Konstytucji dla Europy&#8221;","datePublished":"2019-04-15T18:18:38+00:00","dateModified":"2019-04-21T18:21:26+00:00","mainEntityOfPage":{"@id":"https:\/\/marekkuchcinski.pl\/cs\/wazne-daty\/sto-lat-temu-urodzil-sie-wojciech-bogumil-jastrzebowski-tworca-konstytucji-dla-europy\/"},"wordCount":217,"commentCount":0,"publisher":{"@id":"https:\/\/marekkuchcinski.pl\/#organization"},"image":{"@id":"https:\/\/marekkuchcinski.pl\/cs\/wazne-daty\/sto-lat-temu-urodzil-sie-wojciech-bogumil-jastrzebowski-tworca-konstytucji-dla-europy\/#primaryimage"},"thumbnailUrl":"https:\/\/marekkuchcinski.pl\/wp-content\/uploads\/2019\/04\/Wojciech_Jastrze\u0328bowski.jpg","articleSection":["Wa\u017cne daty"],"inLanguage":"ro-RO","potentialAction":[{"@type":"CommentAction","name":"Comment","target":["https:\/\/marekkuchcinski.pl\/cs\/wazne-daty\/sto-lat-temu-urodzil-sie-wojciech-bogumil-jastrzebowski-tworca-konstytucji-dla-europy\/#respond"]}]},{"@type":"WebPage","@id":"https:\/\/marekkuchcinski.pl\/cs\/wazne-daty\/sto-lat-temu-urodzil-sie-wojciech-bogumil-jastrzebowski-tworca-konstytucji-dla-europy\/","url":"https:\/\/marekkuchcinski.pl\/cs\/wazne-daty\/sto-lat-temu-urodzil-sie-wojciech-bogumil-jastrzebowski-tworca-konstytucji-dla-europy\/","name":"Sto lat temu urodzi\u0142 si\u0119 Wojciech Bogumi\u0142 Jastrz\u0119bowski, tw\u00f3rca \"Konstytucji dla Europy\" &#8211; Marek Kuchci\u0144ski","isPartOf":{"@id":"https:\/\/marekkuchcinski.pl\/#website"},"primaryImageOfPage":{"@id":"https:\/\/marekkuchcinski.pl\/cs\/wazne-daty\/sto-lat-temu-urodzil-sie-wojciech-bogumil-jastrzebowski-tworca-konstytucji-dla-europy\/#primaryimage"},"image":{"@id":"https:\/\/marekkuchcinski.pl\/cs\/wazne-daty\/sto-lat-temu-urodzil-sie-wojciech-bogumil-jastrzebowski-tworca-konstytucji-dla-europy\/#primaryimage"},"thumbnailUrl":"https:\/\/marekkuchcinski.pl\/wp-content\/uploads\/2019\/04\/Wojciech_Jastrze\u0328bowski.jpg","datePublished":"2019-04-15T18:18:38+00:00","dateModified":"2019-04-21T18:21:26+00:00","breadcrumb":{"@id":"https:\/\/marekkuchcinski.pl\/cs\/wazne-daty\/sto-lat-temu-urodzil-sie-wojciech-bogumil-jastrzebowski-tworca-konstytucji-dla-europy\/#breadcrumb"},"inLanguage":"ro-RO","potentialAction":[{"@type":"ReadAction","target":["https:\/\/marekkuchcinski.pl\/cs\/wazne-daty\/sto-lat-temu-urodzil-sie-wojciech-bogumil-jastrzebowski-tworca-konstytucji-dla-europy\/"]}]},{"@type":"ImageObject","inLanguage":"ro-RO","@id":"https:\/\/marekkuchcinski.pl\/cs\/wazne-daty\/sto-lat-temu-urodzil-sie-wojciech-bogumil-jastrzebowski-tworca-konstytucji-dla-europy\/#primaryimage","url":"https:\/\/marekkuchcinski.pl\/wp-content\/uploads\/2019\/04\/Wojciech_Jastrze\u0328bowski.jpg","contentUrl":"https:\/\/marekkuchcinski.pl\/wp-content\/uploads\/2019\/04\/Wojciech_Jastrze\u0328bowski.jpg","width":703,"height":820},{"@type":"BreadcrumbList","@id":"https:\/\/marekkuchcinski.pl\/cs\/wazne-daty\/sto-lat-temu-urodzil-sie-wojciech-bogumil-jastrzebowski-tworca-konstytucji-dla-europy\/#breadcrumb","itemListElement":[{"@type":"ListItem","position":1,"name":"Strona g\u0142\u00f3wna","item":"https:\/\/marekkuchcinski.pl\/"},{"@type":"ListItem","position":2,"name":"Sto lat temu urodzi\u0142 si\u0119 Wojciech Bogumi\u0142 Jastrz\u0119bowski, tw\u00f3rca &#8220;Konstytucji dla Europy&#8221;"}]},{"@type":"WebSite","@id":"https:\/\/marekkuchcinski.pl\/#website","url":"https:\/\/marekkuchcinski.pl\/","name":"Marek Kuchci\u0144ski","description":"Pose\u0142 na sejm RP &ndash; okr\u0119g nr 22","publisher":{"@id":"https:\/\/marekkuchcinski.pl\/#organization"},"potentialAction":[{"@type":"SearchAction","target":{"@type":"EntryPoint","urlTemplate":"https:\/\/marekkuchcinski.pl\/?s={search_term_string}"},"query-input":{"@type":"PropertyValueSpecification","valueRequired":true,"valueName":"search_term_string"}}],"inLanguage":"ro-RO"},{"@type":"Organization","@id":"https:\/\/marekkuchcinski.pl\/#organization","name":"Marek Kuchci\u0144ski","url":"https:\/\/marekkuchcinski.pl\/","logo":{"@type":"ImageObject","inLanguage":"ro-RO","@id":"https:\/\/marekkuchcinski.pl\/#\/schema\/logo\/image\/","url":"https:\/\/marekkuchcinski.pl\/wp-content\/uploads\/2022\/09\/Marek.jpg","contentUrl":"https:\/\/marekkuchcinski.pl\/wp-content\/uploads\/2022\/09\/Marek.jpg","width":1600,"height":971,"caption":"Marek Kuchci\u0144ski"},"image":{"@id":"https:\/\/marekkuchcinski.pl\/#\/schema\/logo\/image\/"}},{"@type":"Person","@id":"https:\/\/marekkuchcinski.pl\/#\/schema\/person\/6f62700996b4d950b6ea2d1183b6c6be","name":"admin","image":{"@type":"ImageObject","inLanguage":"ro-RO","@id":"https:\/\/marekkuchcinski.pl\/#\/schema\/person\/image\/","url":"https:\/\/secure.gravatar.com\/avatar\/4bab693b9d55c3d6b52c0296a8765085?s=96&d=mm&r=g","contentUrl":"https:\/\/secure.gravatar.com\/avatar\/4bab693b9d55c3d6b52c0296a8765085?s=96&d=mm&r=g","caption":"admin"},"url":"https:\/\/marekkuchcinski.pl\/ro\/author\/marta-olejnik\/"}]}},"_links":{"self":[{"href":"https:\/\/marekkuchcinski.pl\/ro\/wp-json\/wp\/v2\/posts\/15003","targetHints":{"allow":["GET"]}}],"collection":[{"href":"https:\/\/marekkuchcinski.pl\/ro\/wp-json\/wp\/v2\/posts"}],"about":[{"href":"https:\/\/marekkuchcinski.pl\/ro\/wp-json\/wp\/v2\/types\/post"}],"author":[{"embeddable":true,"href":"https:\/\/marekkuchcinski.pl\/ro\/wp-json\/wp\/v2\/users\/6"}],"replies":[{"embeddable":true,"href":"https:\/\/marekkuchcinski.pl\/ro\/wp-json\/wp\/v2\/comments?post=15003"}],"version-history":[{"count":2,"href":"https:\/\/marekkuchcinski.pl\/ro\/wp-json\/wp\/v2\/posts\/15003\/revisions"}],"predecessor-version":[{"id":15006,"href":"https:\/\/marekkuchcinski.pl\/ro\/wp-json\/wp\/v2\/posts\/15003\/revisions\/15006"}],"wp:featuredmedia":[{"embeddable":true,"href":"https:\/\/marekkuchcinski.pl\/ro\/wp-json\/wp\/v2\/media\/15005"}],"wp:attachment":[{"href":"https:\/\/marekkuchcinski.pl\/ro\/wp-json\/wp\/v2\/media?parent=15003"}],"wp:term":[{"taxonomy":"category","embeddable":true,"href":"https:\/\/marekkuchcinski.pl\/ro\/wp-json\/wp\/v2\/categories?post=15003"},{"taxonomy":"post_tag","embeddable":true,"href":"https:\/\/marekkuchcinski.pl\/ro\/wp-json\/wp\/v2\/tags?post=15003"}],"curies":[{"name":"wp","href":"https:\/\/api.w.org\/{rel}","templated":true}]}}