{"id":14983,"date":"2019-04-20T09:46:43","date_gmt":"2019-04-20T07:46:43","guid":{"rendered":"https:\/\/marekkuchcinski.pl\/?p=14983"},"modified":"2019-04-20T09:46:44","modified_gmt":"2019-04-20T07:46:44","slug":"zyczenia-z-okazji-swiat-wielkiej-nocy","status":"publish","type":"post","link":"https:\/\/marekkuchcinski.pl\/ro\/wydarzenia\/zyczenia-z-okazji-swiat-wielkiej-nocy\/","title":{"rendered":"Ur\u0103ri de Pa\u0219te"},"content":{"rendered":"<p class=\"wp-block-paragraph\" style=\"text-align:center\">S\u0103 ave\u021bi un Cr\u0103ciun fericit <\/p>\n\n\n\n<p class=\"wp-block-paragraph\" style=\"text-align:center\">\u00cenvierea. <\/p>\n\n\n\n<p class=\"wp-block-paragraph\" style=\"text-align:center\">Fie ca atmosfera de s\u0103rb\u0103toare <\/p>\n\n\n\n<p class=\"wp-block-paragraph\" style=\"text-align:center\">va prevala \u00een casele noastre<\/p>\n\n\n\n<p class=\"wp-block-paragraph\" style=\"text-align:center\">\u0219i s\u0103 ne fac\u0103 s\u0103 reflect\u0103m <\/p>\n\n\n\n<p class=\"wp-block-paragraph\" style=\"text-align:center\">peste rena\u0219terea vie\u021bii, <\/p>\n\n\n\n<p class=\"wp-block-paragraph\" style=\"text-align:center\">inspir\u0103 speran\u021b\u0103 \u0219i bun\u0103tate reciproc\u0103<\/p>\n\n\n\n<p class=\"wp-block-paragraph\"><\/p>\n\n\n\n<p class=\"wp-block-paragraph\">Marek Kuchci\u0144ski, pre\u0219edinte al Sejm-ului<\/p>\n\n\n\n<figure class=\"wp-block-image\"><img fetchpriority=\"high\" decoding=\"async\" width=\"1024\" height=\"724\" src=\"https:\/\/marekkuchcinski.pl\/wp-content\/uploads\/2019\/04\/kartka-1024x724.jpg\" alt=\"\" class=\"wp-image-14984\" srcset=\"https:\/\/marekkuchcinski.pl\/wp-content\/uploads\/2019\/04\/kartka-1024x724.jpg 1024w, https:\/\/marekkuchcinski.pl\/wp-content\/uploads\/2019\/04\/kartka-300x212.jpg 300w, https:\/\/marekkuchcinski.pl\/wp-content\/uploads\/2019\/04\/kartka-768x543.jpg 768w, https:\/\/marekkuchcinski.pl\/wp-content\/uploads\/2019\/04\/kartka.jpg 1754w\" sizes=\"(max-width: 1024px) 100vw, 1024px\" \/><\/figure>","protected":false},"excerpt":{"rendered":"<p>Radosnego prze\u017cywania \u015awi\u0105t Zmartwychwstania Pa\u0144skiego. Niech \u015bwi\u0105teczny nastr\u00f3j zapanuje w naszych domach i sk\u0142oni nas do zadumy nad odradzaj\u0105cym si\u0119 \u017cyciem, budzi nadziej\u0119 i wzajemn\u0105 \u017cyczliwo\u015b\u0107 Marek Kuchci\u0144ski, marsza\u0142ek Sejmu<\/p>","protected":false},"author":6,"featured_media":14984,"comment_status":"open","ping_status":"open","sticky":false,"template":"","format":"standard","meta":{"ngg_post_thumbnail":0,"footnotes":""},"categories":[3],"tags":[],"class_list":["post-14983","post","type-post","status-publish","format-standard","has-post-thumbnail","hentry","category-wydarzenia"],"_links":{"self":[{"href":"https:\/\/marekkuchcinski.pl\/ro\/wp-json\/wp\/v2\/posts\/14983","targetHints":{"allow":["GET"]}}],"collection":[{"href":"https:\/\/marekkuchcinski.pl\/ro\/wp-json\/wp\/v2\/posts"}],"about":[{"href":"https:\/\/marekkuchcinski.pl\/ro\/wp-json\/wp\/v2\/types\/post"}],"author":[{"embeddable":true,"href":"https:\/\/marekkuchcinski.pl\/ro\/wp-json\/wp\/v2\/users\/6"}],"replies":[{"embeddable":true,"href":"https:\/\/marekkuchcinski.pl\/ro\/wp-json\/wp\/v2\/comments?post=14983"}],"version-history":[{"count":1,"href":"https:\/\/marekkuchcinski.pl\/ro\/wp-json\/wp\/v2\/posts\/14983\/revisions"}],"predecessor-version":[{"id":14985,"href":"https:\/\/marekkuchcinski.pl\/ro\/wp-json\/wp\/v2\/posts\/14983\/revisions\/14985"}],"wp:featuredmedia":[{"embeddable":true,"href":"https:\/\/marekkuchcinski.pl\/ro\/wp-json\/wp\/v2\/media\/14984"}],"wp:attachment":[{"href":"https:\/\/marekkuchcinski.pl\/ro\/wp-json\/wp\/v2\/media?parent=14983"}],"wp:term":[{"taxonomy":"category","embeddable":true,"href":"https:\/\/marekkuchcinski.pl\/ro\/wp-json\/wp\/v2\/categories?post=14983"},{"taxonomy":"post_tag","embeddable":true,"href":"https:\/\/marekkuchcinski.pl\/ro\/wp-json\/wp\/v2\/tags?post=14983"}],"curies":[{"name":"wp","href":"https:\/\/api.w.org\/{rel}","templated":true}]}}