{"id":14887,"date":"2019-04-15T13:13:57","date_gmt":"2019-04-15T11:13:57","guid":{"rendered":"https:\/\/marekkuchcinski.pl\/?p=14887"},"modified":"2019-04-15T13:13:58","modified_gmt":"2019-04-15T11:13:58","slug":"biezaca-kadencja-sejmu-polityczna-droga-i-reakcja-na-prasowe-insynuacje-wywiad-marszalka-sejmu-dla-tygodnika-sieci","status":"publish","type":"post","link":"https:\/\/marekkuchcinski.pl\/ro\/wydarzenia\/biezaca-kadencja-sejmu-polityczna-droga-i-reakcja-na-prasowe-insynuacje-wywiad-marszalka-sejmu-dla-tygodnika-sieci\/","title":{"rendered":"Actuala legislatur\u0103 a Sejm-ului, calea politic\u0103 \u0219i reac\u021bia la insinu\u0103rile presei. Interviu acordat de pre\u0219edintele Sejm-ului pentru s\u0103pt\u0103m\u00e2nalul \"Sieci\""},"content":{"rendered":"<p>Pre\u0219edintele Sejm-ului, Marek Kuchci\u0144ski, vorbe\u0219te \u00eentr-un interviu acordat s\u0103pt\u0103m\u00e2nalului \"Sieci\" despre o legislatur\u0103 parlamentar\u0103 de referin\u021b\u0103, deciziile cheie \u0219i provoc\u0103rile pe care le presupune conducerea Camerei. \u00centr-un interviu cu Marcin Wikla \u0219i Marek Piza, el vorbe\u0219te, de asemenea, despre protestul din 2016 \u0219i despre respectarea grani\u021belor infran\u0219abile. Marek Kuchcinski \u00ee\u0219i aminte\u0219te, de asemenea, traseul s\u0103u politic. Tot \u00een cadrul interviului, un r\u0103spuns ferm din partea pre\u0219edintelui Sejm-ului la insinu\u0103rile cuprinse \u00een publica\u021biile referitoare la acuza\u021biile de ordin moral.<\/p>\n\n\n\n<p>- Personalit\u0103\u021bile publice sunt atacate \u00eentr-un mod din ce \u00een ce mai pu\u021bin selectiv. Cred c\u0103 este necesar s\u0103 reac\u021bion\u0103m\", subliniaz\u0103 Marek Kuchci\u0144ski. \u00cen opinia pre\u0219edintelui Sejm-ului, persoanele care influen\u021beaz\u0103 formarea opiniei publice trebuie s\u0103 respecte cuv\u00e2ntul. - Dac\u0103 astfel de acuza\u021bii sunt f\u0103cute \u00een public, trebuie s\u0103 existe dovezi serioase. \u00cen acest caz este o insinuare supt\u0103 de pe un deget\", sus\u021bine el. Potrivit lui Marek Kuchcinski, aceast\u0103 ac\u021biune a avut ca scop sl\u0103birea pozi\u021biei Sejm-ului polonez. - Am fost expus la diverse calomnii timp de zeci de ani. Politica este uneori dificil\u0103, uneori conflictual\u0103, provoc\u00e2nd diverse comportamente. De data aceasta, \u00eens\u0103, au fost dep\u0103\u0219ite toate limitele, care oricum sunt mult mai flexibile \u00een cazul politicienilor. Una este s\u0103 ai parte de polemici ascu\u021bite - chiar foarte ascu\u021bite - \u0219i cu totul altceva s\u0103 ai parte de minciuni \u0219i calomnii de genul celor care au fost aruncate asupra mea. Am sim\u021bit c\u0103 nu puteam l\u0103sa acest lucru s\u0103 r\u0103m\u00e2n\u0103 nepedepsit, at\u00e2t pentru binele familiei mele, c\u00e2t \u0219i pentru binele institu\u021biei pe care o conduc. Dac\u0103 activitatea \u00een parlament este dezorganizat\u0103 sau dac\u0103 autoritatea sa este diminuat\u0103, acest lucru va fi \u00een beneficiul adversarilor no\u0219tri din \u021bar\u0103 \u0219i din str\u0103in\u0103tate, care nu doresc s\u0103 facem schimb\u0103ri \u00een Polonia\", explic\u0103 pre\u0219edintele Sejm-ului.<\/p>\n\n\n\n<p>\u00cen cadrul interviului au fost adresate \u0219i \u00eentreb\u0103ri despre momentele cheie ale activit\u0103\u021bii Parlamentului, precum \u0219i despre provoc\u0103rile \u0219i dezbaterile cele mai dificile. - Cu siguran\u021b\u0103 cele mai importante, adic\u0103 adoptarea bugetului \u0219i dezbaterile privind sarcinile politicii externe poloneze, sau cele mai importante reforme: cea judiciar\u0103, a educa\u021biei, a administra\u021biei fiscale, \u00een care CIT a fost redus de la 19 la 9%, programe pro-familie cu 500+ \u00een prim-plan, reducerea v\u00e2rstei de pensionare - men\u021bioneaz\u0103 Marek Kuchci\u0144ski. El vorbe\u0219te, de asemenea, despre mo\u021biunile minoritare, care, \u00een opinia sa, au devenit mai pu\u021bin substan\u021biale \u00een ultimii ani. \u00cen acela\u0219i timp, el recunoa\u0219te c\u0103 au existat unele mo\u021biuni interesante, justificate cu o solu\u021bie diferit\u0103 de cea propus\u0103 de guvern, \u0219i c\u0103 a fost posibil s\u0103 existe o discu\u021bie serioas\u0103 pe marginea lor.<\/p>\n\n\n\n<p>\u00cen contextul evenimentelor din Parlament din decembrie 2016. Pre\u0219edintele Sejm-ului \u00ee\u0219i exprim\u0103 opinia c\u0103 acestea au fost activit\u0103\u021bi parlamentare pentru a distrage aten\u021bia de la legile \u00een curs. - \u0218i a fost, printre altele, despre buget \u0219i despre retragerea pensiilor mari de la poli\u021bia secret\u0103, \u0219i pentru asta ne atac\u0103 \u0219i ast\u0103zi. \u00cen cele din urm\u0103, acest lucru a \u00eenceput s\u0103 dep\u0103\u0219easc\u0103 limitele seriozit\u0103\u021bii parlamentare\", spune el. Potrivit lui Marek Kuchci\u0144ski, aceasta a fost de natura unei ac\u021biuni deliberate de perturbare a activit\u0103\u021bii Sejm-ului, de obstruc\u021bionare \u00een momentul adopt\u0103rii unor legi cruciale din punctul de vedere al interesului statului. - Pre\u0219edintele Sejm-ului este responsabil pentru supravegherea \u0219i coordonarea activit\u0103\u021bii Camerei. Nu po\u021bi permite ca anumite norme s\u0103 fie dep\u0103\u0219ite, pentru c\u0103 \u00eentr-o clip\u0103 te po\u021bi afla la grani\u021ba \u00een spatele c\u0103reia se afl\u0103 doar haosul\", explic\u0103 Marek Kuchci\u0144ski.  - G\u00e2ndindu-m\u0103 ast\u0103zi la aceste evenimente, \u0219tiu c\u0103 s-a luat decizia corect\u0103\", subliniaz\u0103 el.<\/p>\n\n\n\n<p>Referindu-se la un alt moment dificil din actuala legislatur\u0103 a Sejm-ului - protestul persoanelor cu dizabilit\u0103\u021bi - pre\u0219edintele Sejm-ului aminte\u0219te c\u0103 participan\u021bii la Adunarea Parlamentar\u0103 NATO, care se aflau \u00een vizit\u0103 la Wiejska \u00een acel moment, au fost surprin\u0219i de ceea ce au g\u0103sit \u00een cl\u0103direa principal\u0103 a parlamentului. - Ei au \u00een\u021beles c\u0103 cineva poate lupta pentru o cauz\u0103 just\u0103, c\u0103 forma acestei lupte poate fi ferm\u0103, dar blocarea cl\u0103dirii nu se \u00eencadreaz\u0103 \u00een cadrul democra\u021biei pe care o \u00een\u021beleg ei. Au \u00eentrebat direct de ce permitem o asemenea libertate \u00een zona noastr\u0103\", subliniaz\u0103 el. - Acest lucru este de neconceput \u00een multe parlamente\", subliniaz\u0103 Marek Kuchci\u0144ski.<\/p>\n\n\n\n<p>Interviul din s\u0103pt\u0103m\u00e2nal este, de asemenea, un fel de c\u0103l\u0103torie \u00een trecut, prin activitatea de opozi\u021bie \u0219i parcursul politic al lui Marek Kuchci\u0144ski. - Eram un om foarte t\u00e2n\u0103r, modest, care visa s\u0103 tr\u0103iasc\u0103 \u00eentr-o \u021bar\u0103 liber\u0103\", spune el. El subliniaz\u0103 c\u0103 a fost atras de forma\u021biunea politic\u0103 la care este asociat datorit\u0103 sistemului axiologic al acesteia, \u00een care fiin\u021ba uman\u0103 este principalul punct de referin\u021b\u0103, dar \u0219i datorit\u0103 unui stat puternic care func\u021bioneaz\u0103 eficient. - Dar \u0219i marea veselie r\u0103sp\u00e2ndit\u0103 de Lech \u0219i Jaros\u0142aw Kaczy\u0144ski, oameni extraordinari cu o viziune pentru Polonia. La acea vreme, la sf\u00e2r\u0219itul anilor '80 \u0219i \u00eenceputul anilor '90, acest lucru lipsea\", explic\u0103 el.<\/p>\n\n\n\n<p>Amintindu-\u0219i de implicarea sa \u00een perioada comunist\u0103 \u00een \"extinderea spa\u021biilor de libertate \u00een lumea socialist\u0103\", pre\u0219edintele Sejm-ului vorbe\u0219te, printre altele, despre contactele cu arti\u0219ti, savan\u021bi \u0219i filosofi din str\u0103in\u0103tate, printre care \u0219i profesorul Roger Scruton. Marek Kuchcinski anun\u021b\u0103 c\u0103 se va afla \u00een cur\u00e2nd din nou \u00een Polonia - la Summitul parlamentar al statelor din Europa Central\u0103 \u0219i de Est, care va fi organizat din nou \u00een Sejm \u0219i Senat la \u00eenceputul lunii iunie.<\/p>\n\n\n\n<p><em>Sursa: s\u0103pt\u0103m\u00e2nalul \"Sieci\", 15 aprilie nr. 15 (333).<\/em><\/p>\n\n\n\n<p><em>Foto: Rafa\u0142 Zambrzycki\/ Sejm<\/em><\/p>","protected":false},"excerpt":{"rendered":"<p>O prze\u0142omowej kadencji parlamentu, kluczowych decyzjach i wyzwaniach zwi\u0105zanych z kierowaniem Izb\u0105 m\u00f3wi marsza\u0142ek Sejmu Marek Kuchci\u0144ski w wywiadzie dla tygodnika &#8222;Sieci&#8221;. W rozmowie z Marcinem Wik\u0142\u0105 i Markiem Pyz\u0105 tak\u017ce o prote\u015bcie z 2016 r. i przestrzeganiu nieprzekraczalnych granic. Marek Kuchci\u0144ski wspomina te\u017c swoj\u0105 polityczn\u0105 drog\u0119. W rozmowie r\u00f3wnie\u017c stanowcza odpowied\u017a Marsza\u0142ka Sejmu na [&hellip;]<\/p>","protected":false},"author":6,"featured_media":14889,"comment_status":"open","ping_status":"open","sticky":false,"template":"","format":"standard","meta":{"ngg_post_thumbnail":0,"footnotes":""},"categories":[82,81,3],"tags":[],"class_list":["post-14887","post","type-post","status-publish","format-standard","has-post-thumbnail","hentry","category-prawo-i-sprawiedliwosc","category-wiesci-z-sejmu","category-wydarzenia"],"yoast_head":"<!-- This site is optimized with the Yoast SEO plugin v24.7 - https:\/\/yoast.com\/wordpress\/plugins\/seo\/ -->\n<title>Bie\u017c\u0105ca kadencja Sejmu, polityczna droga i reakcja na prasowe insynuacje. Wywiad Marsza\u0142ka Sejmu dla tygodnika \u201eSieci\u201d &#8211; Marek Kuchci\u0144ski<\/title>\n<meta name=\"robots\" content=\"index, follow, max-snippet:-1, max-image-preview:large, max-video-preview:-1\" \/>\n<link rel=\"canonical\" href=\"https:\/\/marekkuchcinski.pl\/ro\/wydarzenia\/biezaca-kadencja-sejmu-polityczna-droga-i-reakcja-na-prasowe-insynuacje-wywiad-marszalka-sejmu-dla-tygodnika-sieci\/\" \/>\n<meta property=\"og:locale\" content=\"ro_RO\" \/>\n<meta property=\"og:type\" content=\"article\" \/>\n<meta property=\"og:title\" content=\"Bie\u017c\u0105ca kadencja Sejmu, polityczna droga i reakcja na prasowe insynuacje. Wywiad Marsza\u0142ka Sejmu dla tygodnika \u201eSieci\u201d &#8211; Marek Kuchci\u0144ski\" \/>\n<meta property=\"og:description\" content=\"O prze\u0142omowej kadencji parlamentu, kluczowych decyzjach i wyzwaniach zwi\u0105zanych z kierowaniem Izb\u0105 m\u00f3wi marsza\u0142ek Sejmu Marek Kuchci\u0144ski w wywiadzie dla tygodnika &#8222;Sieci&#8221;. W rozmowie z Marcinem Wik\u0142\u0105 i Markiem Pyz\u0105 tak\u017ce o prote\u015bcie z 2016 r. i przestrzeganiu nieprzekraczalnych granic. Marek Kuchci\u0144ski wspomina te\u017c swoj\u0105 polityczn\u0105 drog\u0119. W rozmowie r\u00f3wnie\u017c stanowcza odpowied\u017a Marsza\u0142ka Sejmu na [&hellip;]\" \/>\n<meta property=\"og:url\" content=\"https:\/\/marekkuchcinski.pl\/ro\/wydarzenia\/biezaca-kadencja-sejmu-polityczna-droga-i-reakcja-na-prasowe-insynuacje-wywiad-marszalka-sejmu-dla-tygodnika-sieci\/\" \/>\n<meta property=\"og:site_name\" content=\"Marek Kuchci\u0144ski\" \/>\n<meta property=\"article:published_time\" content=\"2019-04-15T11:13:57+00:00\" \/>\n<meta property=\"article:modified_time\" content=\"2019-04-15T11:13:58+00:00\" \/>\n<meta property=\"og:image\" content=\"https:\/\/marekkuchcinski.pl\/wp-content\/uploads\/2019\/04\/wsieci.jpg\" \/>\n\t<meta property=\"og:image:width\" content=\"800\" \/>\n\t<meta property=\"og:image:height\" content=\"533\" \/>\n\t<meta property=\"og:image:type\" content=\"image\/jpeg\" \/>\n<meta name=\"author\" content=\"admin\" \/>\n<meta name=\"twitter:card\" content=\"summary_large_image\" \/>\n<meta name=\"twitter:label1\" content=\"Scris de\" \/>\n\t<meta name=\"twitter:data1\" content=\"admin\" \/>\n\t<meta name=\"twitter:label2\" content=\"Timp estimat pentru citire\" \/>\n\t<meta name=\"twitter:data2\" content=\"4 minutes\" \/>\n<script type=\"application\/ld+json\" class=\"yoast-schema-graph\">{\"@context\":\"https:\/\/schema.org\",\"@graph\":[{\"@type\":\"Article\",\"@id\":\"https:\/\/marekkuchcinski.pl\/sk\/wydarzenia\/biezaca-kadencja-sejmu-polityczna-droga-i-reakcja-na-prasowe-insynuacje-wywiad-marszalka-sejmu-dla-tygodnika-sieci\/#article\",\"isPartOf\":{\"@id\":\"https:\/\/marekkuchcinski.pl\/sk\/wydarzenia\/biezaca-kadencja-sejmu-polityczna-droga-i-reakcja-na-prasowe-insynuacje-wywiad-marszalka-sejmu-dla-tygodnika-sieci\/\"},\"author\":{\"name\":\"admin\",\"@id\":\"https:\/\/marekkuchcinski.pl\/#\/schema\/person\/6f62700996b4d950b6ea2d1183b6c6be\"},\"headline\":\"Bie\u017c\u0105ca kadencja Sejmu, polityczna droga i reakcja na prasowe insynuacje. Wywiad Marsza\u0142ka Sejmu dla tygodnika \u201eSieci\u201d\",\"datePublished\":\"2019-04-15T11:13:57+00:00\",\"dateModified\":\"2019-04-15T11:13:58+00:00\",\"mainEntityOfPage\":{\"@id\":\"https:\/\/marekkuchcinski.pl\/sk\/wydarzenia\/biezaca-kadencja-sejmu-polityczna-droga-i-reakcja-na-prasowe-insynuacje-wywiad-marszalka-sejmu-dla-tygodnika-sieci\/\"},\"wordCount\":865,\"commentCount\":0,\"publisher\":{\"@id\":\"https:\/\/marekkuchcinski.pl\/#organization\"},\"image\":{\"@id\":\"https:\/\/marekkuchcinski.pl\/sk\/wydarzenia\/biezaca-kadencja-sejmu-polityczna-droga-i-reakcja-na-prasowe-insynuacje-wywiad-marszalka-sejmu-dla-tygodnika-sieci\/#primaryimage\"},\"thumbnailUrl\":\"https:\/\/marekkuchcinski.pl\/wp-content\/uploads\/2019\/04\/wsieci.jpg\",\"articleSection\":[\"Prawo i Sprawiedliwo\u015b\u0107\",\"Wie\u015bci z Sejmu\",\"Wydarzenia\"],\"inLanguage\":\"ro-RO\",\"potentialAction\":[{\"@type\":\"CommentAction\",\"name\":\"Comment\",\"target\":[\"https:\/\/marekkuchcinski.pl\/sk\/wydarzenia\/biezaca-kadencja-sejmu-polityczna-droga-i-reakcja-na-prasowe-insynuacje-wywiad-marszalka-sejmu-dla-tygodnika-sieci\/#respond\"]}]},{\"@type\":\"WebPage\",\"@id\":\"https:\/\/marekkuchcinski.pl\/sk\/wydarzenia\/biezaca-kadencja-sejmu-polityczna-droga-i-reakcja-na-prasowe-insynuacje-wywiad-marszalka-sejmu-dla-tygodnika-sieci\/\",\"url\":\"https:\/\/marekkuchcinski.pl\/sk\/wydarzenia\/biezaca-kadencja-sejmu-polityczna-droga-i-reakcja-na-prasowe-insynuacje-wywiad-marszalka-sejmu-dla-tygodnika-sieci\/\",\"name\":\"Bie\u017c\u0105ca kadencja Sejmu, polityczna droga i reakcja na prasowe insynuacje. Wywiad Marsza\u0142ka Sejmu dla tygodnika \u201eSieci\u201d &#8211; Marek Kuchci\u0144ski\",\"isPartOf\":{\"@id\":\"https:\/\/marekkuchcinski.pl\/#website\"},\"primaryImageOfPage\":{\"@id\":\"https:\/\/marekkuchcinski.pl\/sk\/wydarzenia\/biezaca-kadencja-sejmu-polityczna-droga-i-reakcja-na-prasowe-insynuacje-wywiad-marszalka-sejmu-dla-tygodnika-sieci\/#primaryimage\"},\"image\":{\"@id\":\"https:\/\/marekkuchcinski.pl\/sk\/wydarzenia\/biezaca-kadencja-sejmu-polityczna-droga-i-reakcja-na-prasowe-insynuacje-wywiad-marszalka-sejmu-dla-tygodnika-sieci\/#primaryimage\"},\"thumbnailUrl\":\"https:\/\/marekkuchcinski.pl\/wp-content\/uploads\/2019\/04\/wsieci.jpg\",\"datePublished\":\"2019-04-15T11:13:57+00:00\",\"dateModified\":\"2019-04-15T11:13:58+00:00\",\"breadcrumb\":{\"@id\":\"https:\/\/marekkuchcinski.pl\/sk\/wydarzenia\/biezaca-kadencja-sejmu-polityczna-droga-i-reakcja-na-prasowe-insynuacje-wywiad-marszalka-sejmu-dla-tygodnika-sieci\/#breadcrumb\"},\"inLanguage\":\"ro-RO\",\"potentialAction\":[{\"@type\":\"ReadAction\",\"target\":[\"https:\/\/marekkuchcinski.pl\/sk\/wydarzenia\/biezaca-kadencja-sejmu-polityczna-droga-i-reakcja-na-prasowe-insynuacje-wywiad-marszalka-sejmu-dla-tygodnika-sieci\/\"]}]},{\"@type\":\"ImageObject\",\"inLanguage\":\"ro-RO\",\"@id\":\"https:\/\/marekkuchcinski.pl\/sk\/wydarzenia\/biezaca-kadencja-sejmu-polityczna-droga-i-reakcja-na-prasowe-insynuacje-wywiad-marszalka-sejmu-dla-tygodnika-sieci\/#primaryimage\",\"url\":\"https:\/\/marekkuchcinski.pl\/wp-content\/uploads\/2019\/04\/wsieci.jpg\",\"contentUrl\":\"https:\/\/marekkuchcinski.pl\/wp-content\/uploads\/2019\/04\/wsieci.jpg\",\"width\":800,\"height\":533},{\"@type\":\"BreadcrumbList\",\"@id\":\"https:\/\/marekkuchcinski.pl\/sk\/wydarzenia\/biezaca-kadencja-sejmu-polityczna-droga-i-reakcja-na-prasowe-insynuacje-wywiad-marszalka-sejmu-dla-tygodnika-sieci\/#breadcrumb\",\"itemListElement\":[{\"@type\":\"ListItem\",\"position\":1,\"name\":\"Strona g\u0142\u00f3wna\",\"item\":\"https:\/\/marekkuchcinski.pl\/\"},{\"@type\":\"ListItem\",\"position\":2,\"name\":\"Bie\u017c\u0105ca kadencja Sejmu, polityczna droga i reakcja na prasowe insynuacje. Wywiad Marsza\u0142ka Sejmu dla tygodnika \u201eSieci\u201d\"}]},{\"@type\":\"WebSite\",\"@id\":\"https:\/\/marekkuchcinski.pl\/#website\",\"url\":\"https:\/\/marekkuchcinski.pl\/\",\"name\":\"Marek Kuchci\u0144ski\",\"description\":\"Pose\u0142 na sejm RP &ndash; okr\u0119g nr 22\",\"publisher\":{\"@id\":\"https:\/\/marekkuchcinski.pl\/#organization\"},\"potentialAction\":[{\"@type\":\"SearchAction\",\"target\":{\"@type\":\"EntryPoint\",\"urlTemplate\":\"https:\/\/marekkuchcinski.pl\/?s={search_term_string}\"},\"query-input\":{\"@type\":\"PropertyValueSpecification\",\"valueRequired\":true,\"valueName\":\"search_term_string\"}}],\"inLanguage\":\"ro-RO\"},{\"@type\":\"Organization\",\"@id\":\"https:\/\/marekkuchcinski.pl\/#organization\",\"name\":\"Marek Kuchci\u0144ski\",\"url\":\"https:\/\/marekkuchcinski.pl\/\",\"logo\":{\"@type\":\"ImageObject\",\"inLanguage\":\"ro-RO\",\"@id\":\"https:\/\/marekkuchcinski.pl\/#\/schema\/logo\/image\/\",\"url\":\"https:\/\/marekkuchcinski.pl\/wp-content\/uploads\/2022\/09\/Marek.jpg\",\"contentUrl\":\"https:\/\/marekkuchcinski.pl\/wp-content\/uploads\/2022\/09\/Marek.jpg\",\"width\":1600,\"height\":971,\"caption\":\"Marek Kuchci\u0144ski\"},\"image\":{\"@id\":\"https:\/\/marekkuchcinski.pl\/#\/schema\/logo\/image\/\"}},{\"@type\":\"Person\",\"@id\":\"https:\/\/marekkuchcinski.pl\/#\/schema\/person\/6f62700996b4d950b6ea2d1183b6c6be\",\"name\":\"admin\",\"image\":{\"@type\":\"ImageObject\",\"inLanguage\":\"ro-RO\",\"@id\":\"https:\/\/marekkuchcinski.pl\/#\/schema\/person\/image\/\",\"url\":\"https:\/\/secure.gravatar.com\/avatar\/4bab693b9d55c3d6b52c0296a8765085?s=96&d=mm&r=g\",\"contentUrl\":\"https:\/\/secure.gravatar.com\/avatar\/4bab693b9d55c3d6b52c0296a8765085?s=96&d=mm&r=g\",\"caption\":\"admin\"},\"url\":\"https:\/\/marekkuchcinski.pl\/ro\/author\/marta-olejnik\/\"}]}<\/script>\n<!-- \/ Yoast SEO plugin. -->","yoast_head_json":{"title":"Bie\u017c\u0105ca kadencja Sejmu, polityczna droga i reakcja na prasowe insynuacje. Wywiad Marsza\u0142ka Sejmu dla tygodnika \u201eSieci\u201d &#8211; Marek Kuchci\u0144ski","robots":{"index":"index","follow":"follow","max-snippet":"max-snippet:-1","max-image-preview":"max-image-preview:large","max-video-preview":"max-video-preview:-1"},"canonical":"https:\/\/marekkuchcinski.pl\/ro\/wydarzenia\/biezaca-kadencja-sejmu-polityczna-droga-i-reakcja-na-prasowe-insynuacje-wywiad-marszalka-sejmu-dla-tygodnika-sieci\/","og_locale":"ro_RO","og_type":"article","og_title":"Bie\u017c\u0105ca kadencja Sejmu, polityczna droga i reakcja na prasowe insynuacje. Wywiad Marsza\u0142ka Sejmu dla tygodnika \u201eSieci\u201d &#8211; Marek Kuchci\u0144ski","og_description":"O prze\u0142omowej kadencji parlamentu, kluczowych decyzjach i wyzwaniach zwi\u0105zanych z kierowaniem Izb\u0105 m\u00f3wi marsza\u0142ek Sejmu Marek Kuchci\u0144ski w wywiadzie dla tygodnika &#8222;Sieci&#8221;. W rozmowie z Marcinem Wik\u0142\u0105 i Markiem Pyz\u0105 tak\u017ce o prote\u015bcie z 2016 r. i przestrzeganiu nieprzekraczalnych granic. Marek Kuchci\u0144ski wspomina te\u017c swoj\u0105 polityczn\u0105 drog\u0119. W rozmowie r\u00f3wnie\u017c stanowcza odpowied\u017a Marsza\u0142ka Sejmu na [&hellip;]","og_url":"https:\/\/marekkuchcinski.pl\/ro\/wydarzenia\/biezaca-kadencja-sejmu-polityczna-droga-i-reakcja-na-prasowe-insynuacje-wywiad-marszalka-sejmu-dla-tygodnika-sieci\/","og_site_name":"Marek Kuchci\u0144ski","article_published_time":"2019-04-15T11:13:57+00:00","article_modified_time":"2019-04-15T11:13:58+00:00","og_image":[{"width":800,"height":533,"url":"https:\/\/marekkuchcinski.pl\/wp-content\/uploads\/2019\/04\/wsieci.jpg","type":"image\/jpeg"}],"author":"admin","twitter_card":"summary_large_image","twitter_misc":{"Scris de":"admin","Timp estimat pentru citire":"4 minutes"},"schema":{"@context":"https:\/\/schema.org","@graph":[{"@type":"Article","@id":"https:\/\/marekkuchcinski.pl\/sk\/wydarzenia\/biezaca-kadencja-sejmu-polityczna-droga-i-reakcja-na-prasowe-insynuacje-wywiad-marszalka-sejmu-dla-tygodnika-sieci\/#article","isPartOf":{"@id":"https:\/\/marekkuchcinski.pl\/sk\/wydarzenia\/biezaca-kadencja-sejmu-polityczna-droga-i-reakcja-na-prasowe-insynuacje-wywiad-marszalka-sejmu-dla-tygodnika-sieci\/"},"author":{"name":"admin","@id":"https:\/\/marekkuchcinski.pl\/#\/schema\/person\/6f62700996b4d950b6ea2d1183b6c6be"},"headline":"Bie\u017c\u0105ca kadencja Sejmu, polityczna droga i reakcja na prasowe insynuacje. Wywiad Marsza\u0142ka Sejmu dla tygodnika \u201eSieci\u201d","datePublished":"2019-04-15T11:13:57+00:00","dateModified":"2019-04-15T11:13:58+00:00","mainEntityOfPage":{"@id":"https:\/\/marekkuchcinski.pl\/sk\/wydarzenia\/biezaca-kadencja-sejmu-polityczna-droga-i-reakcja-na-prasowe-insynuacje-wywiad-marszalka-sejmu-dla-tygodnika-sieci\/"},"wordCount":865,"commentCount":0,"publisher":{"@id":"https:\/\/marekkuchcinski.pl\/#organization"},"image":{"@id":"https:\/\/marekkuchcinski.pl\/sk\/wydarzenia\/biezaca-kadencja-sejmu-polityczna-droga-i-reakcja-na-prasowe-insynuacje-wywiad-marszalka-sejmu-dla-tygodnika-sieci\/#primaryimage"},"thumbnailUrl":"https:\/\/marekkuchcinski.pl\/wp-content\/uploads\/2019\/04\/wsieci.jpg","articleSection":["Prawo i Sprawiedliwo\u015b\u0107","Wie\u015bci z Sejmu","Wydarzenia"],"inLanguage":"ro-RO","potentialAction":[{"@type":"CommentAction","name":"Comment","target":["https:\/\/marekkuchcinski.pl\/sk\/wydarzenia\/biezaca-kadencja-sejmu-polityczna-droga-i-reakcja-na-prasowe-insynuacje-wywiad-marszalka-sejmu-dla-tygodnika-sieci\/#respond"]}]},{"@type":"WebPage","@id":"https:\/\/marekkuchcinski.pl\/sk\/wydarzenia\/biezaca-kadencja-sejmu-polityczna-droga-i-reakcja-na-prasowe-insynuacje-wywiad-marszalka-sejmu-dla-tygodnika-sieci\/","url":"https:\/\/marekkuchcinski.pl\/sk\/wydarzenia\/biezaca-kadencja-sejmu-polityczna-droga-i-reakcja-na-prasowe-insynuacje-wywiad-marszalka-sejmu-dla-tygodnika-sieci\/","name":"Bie\u017c\u0105ca kadencja Sejmu, polityczna droga i reakcja na prasowe insynuacje. Wywiad Marsza\u0142ka Sejmu dla tygodnika \u201eSieci\u201d &#8211; Marek Kuchci\u0144ski","isPartOf":{"@id":"https:\/\/marekkuchcinski.pl\/#website"},"primaryImageOfPage":{"@id":"https:\/\/marekkuchcinski.pl\/sk\/wydarzenia\/biezaca-kadencja-sejmu-polityczna-droga-i-reakcja-na-prasowe-insynuacje-wywiad-marszalka-sejmu-dla-tygodnika-sieci\/#primaryimage"},"image":{"@id":"https:\/\/marekkuchcinski.pl\/sk\/wydarzenia\/biezaca-kadencja-sejmu-polityczna-droga-i-reakcja-na-prasowe-insynuacje-wywiad-marszalka-sejmu-dla-tygodnika-sieci\/#primaryimage"},"thumbnailUrl":"https:\/\/marekkuchcinski.pl\/wp-content\/uploads\/2019\/04\/wsieci.jpg","datePublished":"2019-04-15T11:13:57+00:00","dateModified":"2019-04-15T11:13:58+00:00","breadcrumb":{"@id":"https:\/\/marekkuchcinski.pl\/sk\/wydarzenia\/biezaca-kadencja-sejmu-polityczna-droga-i-reakcja-na-prasowe-insynuacje-wywiad-marszalka-sejmu-dla-tygodnika-sieci\/#breadcrumb"},"inLanguage":"ro-RO","potentialAction":[{"@type":"ReadAction","target":["https:\/\/marekkuchcinski.pl\/sk\/wydarzenia\/biezaca-kadencja-sejmu-polityczna-droga-i-reakcja-na-prasowe-insynuacje-wywiad-marszalka-sejmu-dla-tygodnika-sieci\/"]}]},{"@type":"ImageObject","inLanguage":"ro-RO","@id":"https:\/\/marekkuchcinski.pl\/sk\/wydarzenia\/biezaca-kadencja-sejmu-polityczna-droga-i-reakcja-na-prasowe-insynuacje-wywiad-marszalka-sejmu-dla-tygodnika-sieci\/#primaryimage","url":"https:\/\/marekkuchcinski.pl\/wp-content\/uploads\/2019\/04\/wsieci.jpg","contentUrl":"https:\/\/marekkuchcinski.pl\/wp-content\/uploads\/2019\/04\/wsieci.jpg","width":800,"height":533},{"@type":"BreadcrumbList","@id":"https:\/\/marekkuchcinski.pl\/sk\/wydarzenia\/biezaca-kadencja-sejmu-polityczna-droga-i-reakcja-na-prasowe-insynuacje-wywiad-marszalka-sejmu-dla-tygodnika-sieci\/#breadcrumb","itemListElement":[{"@type":"ListItem","position":1,"name":"Strona g\u0142\u00f3wna","item":"https:\/\/marekkuchcinski.pl\/"},{"@type":"ListItem","position":2,"name":"Bie\u017c\u0105ca kadencja Sejmu, polityczna droga i reakcja na prasowe insynuacje. Wywiad Marsza\u0142ka Sejmu dla tygodnika \u201eSieci\u201d"}]},{"@type":"WebSite","@id":"https:\/\/marekkuchcinski.pl\/#website","url":"https:\/\/marekkuchcinski.pl\/","name":"Marek Kuchci\u0144ski","description":"Pose\u0142 na sejm RP &ndash; okr\u0119g nr 22","publisher":{"@id":"https:\/\/marekkuchcinski.pl\/#organization"},"potentialAction":[{"@type":"SearchAction","target":{"@type":"EntryPoint","urlTemplate":"https:\/\/marekkuchcinski.pl\/?s={search_term_string}"},"query-input":{"@type":"PropertyValueSpecification","valueRequired":true,"valueName":"search_term_string"}}],"inLanguage":"ro-RO"},{"@type":"Organization","@id":"https:\/\/marekkuchcinski.pl\/#organization","name":"Marek Kuchci\u0144ski","url":"https:\/\/marekkuchcinski.pl\/","logo":{"@type":"ImageObject","inLanguage":"ro-RO","@id":"https:\/\/marekkuchcinski.pl\/#\/schema\/logo\/image\/","url":"https:\/\/marekkuchcinski.pl\/wp-content\/uploads\/2022\/09\/Marek.jpg","contentUrl":"https:\/\/marekkuchcinski.pl\/wp-content\/uploads\/2022\/09\/Marek.jpg","width":1600,"height":971,"caption":"Marek Kuchci\u0144ski"},"image":{"@id":"https:\/\/marekkuchcinski.pl\/#\/schema\/logo\/image\/"}},{"@type":"Person","@id":"https:\/\/marekkuchcinski.pl\/#\/schema\/person\/6f62700996b4d950b6ea2d1183b6c6be","name":"admin","image":{"@type":"ImageObject","inLanguage":"ro-RO","@id":"https:\/\/marekkuchcinski.pl\/#\/schema\/person\/image\/","url":"https:\/\/secure.gravatar.com\/avatar\/4bab693b9d55c3d6b52c0296a8765085?s=96&d=mm&r=g","contentUrl":"https:\/\/secure.gravatar.com\/avatar\/4bab693b9d55c3d6b52c0296a8765085?s=96&d=mm&r=g","caption":"admin"},"url":"https:\/\/marekkuchcinski.pl\/ro\/author\/marta-olejnik\/"}]}},"_links":{"self":[{"href":"https:\/\/marekkuchcinski.pl\/ro\/wp-json\/wp\/v2\/posts\/14887","targetHints":{"allow":["GET"]}}],"collection":[{"href":"https:\/\/marekkuchcinski.pl\/ro\/wp-json\/wp\/v2\/posts"}],"about":[{"href":"https:\/\/marekkuchcinski.pl\/ro\/wp-json\/wp\/v2\/types\/post"}],"author":[{"embeddable":true,"href":"https:\/\/marekkuchcinski.pl\/ro\/wp-json\/wp\/v2\/users\/6"}],"replies":[{"embeddable":true,"href":"https:\/\/marekkuchcinski.pl\/ro\/wp-json\/wp\/v2\/comments?post=14887"}],"version-history":[{"count":3,"href":"https:\/\/marekkuchcinski.pl\/ro\/wp-json\/wp\/v2\/posts\/14887\/revisions"}],"predecessor-version":[{"id":14891,"href":"https:\/\/marekkuchcinski.pl\/ro\/wp-json\/wp\/v2\/posts\/14887\/revisions\/14891"}],"wp:featuredmedia":[{"embeddable":true,"href":"https:\/\/marekkuchcinski.pl\/ro\/wp-json\/wp\/v2\/media\/14889"}],"wp:attachment":[{"href":"https:\/\/marekkuchcinski.pl\/ro\/wp-json\/wp\/v2\/media?parent=14887"}],"wp:term":[{"taxonomy":"category","embeddable":true,"href":"https:\/\/marekkuchcinski.pl\/ro\/wp-json\/wp\/v2\/categories?post=14887"},{"taxonomy":"post_tag","embeddable":true,"href":"https:\/\/marekkuchcinski.pl\/ro\/wp-json\/wp\/v2\/tags?post=14887"}],"curies":[{"name":"wp","href":"https:\/\/api.w.org\/{rel}","templated":true}]}}