{"id":14714,"date":"2019-04-12T10:20:16","date_gmt":"2019-04-12T08:20:16","guid":{"rendered":"https:\/\/marekkuchcinski.pl\/?p=14714"},"modified":"2019-04-12T13:37:59","modified_gmt":"2019-04-12T11:37:59","slug":"rzad-prawa-i-sprawiedliwosci-wzmacnia-klase-srednia-wyklad-premiera-morawieckiego-w-tk","status":"publish","type":"post","link":"https:\/\/marekkuchcinski.pl\/ro\/wydarzenia\/rzad-prawa-i-sprawiedliwosci-wzmacnia-klase-srednia-wyklad-premiera-morawieckiego-w-tk\/","title":{"rendered":"Guvernul Lege \u0219i Justi\u021bie consolideaz\u0103 clasa de mijloc. Prelegerea premierului Morawiecki la TK"},"content":{"rendered":"<p class=\"wp-block-paragraph\">\u0218eful guvernului a \u021binut o prelegere la Curtea Constitu\u021bional\u0103\n\u00eendrept\u0103\u021bit. \"Capitalism democratic pentru to\u021bi, nu pentru c\u00e2\u021biva\".&nbsp;<\/p>\n\n\n\n<p class=\"wp-block-paragraph\">Primul ministru a subliniat c\u0103 guvernul ia m\u0103suri pentru a\npentru a cre\u0219te raza de ac\u021biune a clasei de mijloc din Polonia. Dup\u0103 cum a subliniat, este necesar s\u0103 se caute un\na\u0219a-numita a treia cale - capitalismul democratic. Acesta este un tip de\norganizarea statului \u0219i a pie\u021bei, care, p\u0103str\u00e2nd economia capitalist\u0103, consolideaz\u0103 democra\u021bia.\nconsolideaz\u0103 democra\u021bia. Capitalismul democratic este cel care st\u0103 la baza succesului economic al\nsuccesul economic al \u021b\u0103rilor occidentale\", a declarat Mateusz\nMorawiecki. Consolidarea principiilor democratice ale pie\u021bei libere este cea mai bun\u0103 solu\u021bie.\nidee pentru dezvoltarea economic\u0103\", a ad\u0103ugat acesta.<\/p>\n\n\n\n<p class=\"wp-block-paragraph\">Primul ministru a subliniat c\u0103 guvernul p\u0103streaz\u0103 moneda polonez\u0103 ca pe o\nun element important al politicii economice. Dup\u0103 cum a apreciat, adoptarea euro \u0219i efectele\nunei astfel de mi\u0219c\u0103ri va depinde de nivelul de dezvoltare economic\u0103 a unei anumite \u021b\u0103ri \u0219i de structura economiei sale.\ndezvoltarea economic\u0103 a unei anumite \u021b\u0103ri \u0219i structura economiei acesteia.<\/p>\n\n\n\n<p class=\"wp-block-paragraph\">\u0218eful guvernului a subliniat c\u0103 Polonia, prin votul s\u0103u la Consiliul European\nConsiliul European \u00eencearc\u0103 s\u0103 combat\u0103 paradisurile fiscale, care sunt exploatate\nde c\u0103tre marile corpora\u021bii.<\/p>\n\n\n\n<p class=\"wp-block-paragraph\">Mateusz Morawiecki a reamintit c\u0103 Comisia European\u0103 vorbe\u0219te foarte pozitiv despre modelul nostru economic \u0219i social, care a eradicat s\u0103r\u0103cia \u00een r\u00e2ndul copiilor \u0219i a adus grupurile excluse \u00een cadrul societ\u0103\u021bii.<\/p>\n\n\n\n<p class=\"wp-block-paragraph\"><em>sursa: KPRM<\/em><\/p>\n\n\n\n<p class=\"wp-block-paragraph\"><em>Foto: Marta Olejnik<\/em><\/p>\n\n\n\n<p class=\"wp-block-paragraph\"><\/p>\n\n\n\n<figure class=\"wp-block-image\"><img fetchpriority=\"high\" decoding=\"async\" width=\"1024\" height=\"683\" src=\"https:\/\/marekkuchcinski.pl\/wp-content\/uploads\/2019\/04\/IMG_9234-1024x683.jpg\" alt=\"\" class=\"wp-image-14718\" srcset=\"https:\/\/marekkuchcinski.pl\/wp-content\/uploads\/2019\/04\/IMG_9234-1024x683.jpg 1024w, https:\/\/marekkuchcinski.pl\/wp-content\/uploads\/2019\/04\/IMG_9234-300x200.jpg 300w, https:\/\/marekkuchcinski.pl\/wp-content\/uploads\/2019\/04\/IMG_9234-768x512.jpg 768w, https:\/\/marekkuchcinski.pl\/wp-content\/uploads\/2019\/04\/IMG_9234.jpg 2048w\" sizes=\"(max-width: 1024px) 100vw, 1024px\" \/><\/figure>\n\n\n\n<figure class=\"wp-block-image\"><img decoding=\"async\" width=\"1024\" height=\"858\" src=\"https:\/\/marekkuchcinski.pl\/wp-content\/uploads\/2019\/04\/IMG_9110-1024x858.jpg\" alt=\"\" class=\"wp-image-14719\" srcset=\"https:\/\/marekkuchcinski.pl\/wp-content\/uploads\/2019\/04\/IMG_9110-1024x858.jpg 1024w, https:\/\/marekkuchcinski.pl\/wp-content\/uploads\/2019\/04\/IMG_9110-300x251.jpg 300w, https:\/\/marekkuchcinski.pl\/wp-content\/uploads\/2019\/04\/IMG_9110-768x643.jpg 768w, https:\/\/marekkuchcinski.pl\/wp-content\/uploads\/2019\/04\/IMG_9110.jpg 2048w\" sizes=\"(max-width: 1024px) 100vw, 1024px\" \/><\/figure>\n\n\n\n<figure class=\"wp-block-image\"><img decoding=\"async\" width=\"1024\" height=\"725\" src=\"https:\/\/marekkuchcinski.pl\/wp-content\/uploads\/2019\/04\/IMG_9117-1024x725.jpg\" alt=\"\" class=\"wp-image-14720\" srcset=\"https:\/\/marekkuchcinski.pl\/wp-content\/uploads\/2019\/04\/IMG_9117-1024x725.jpg 1024w, https:\/\/marekkuchcinski.pl\/wp-content\/uploads\/2019\/04\/IMG_9117-300x212.jpg 300w, https:\/\/marekkuchcinski.pl\/wp-content\/uploads\/2019\/04\/IMG_9117-768x544.jpg 768w, https:\/\/marekkuchcinski.pl\/wp-content\/uploads\/2019\/04\/IMG_9117.jpg 2048w\" sizes=\"(max-width: 1024px) 100vw, 1024px\" \/><\/figure>\n\n\n\n<figure class=\"wp-block-image\"><img loading=\"lazy\" decoding=\"async\" width=\"1024\" height=\"746\" src=\"https:\/\/marekkuchcinski.pl\/wp-content\/uploads\/2019\/04\/IMG_9118-1024x746.jpg\" alt=\"\" class=\"wp-image-14721\" srcset=\"https:\/\/marekkuchcinski.pl\/wp-content\/uploads\/2019\/04\/IMG_9118-1024x746.jpg 1024w, https:\/\/marekkuchcinski.pl\/wp-content\/uploads\/2019\/04\/IMG_9118-300x219.jpg 300w, https:\/\/marekkuchcinski.pl\/wp-content\/uploads\/2019\/04\/IMG_9118-768x559.jpg 768w, https:\/\/marekkuchcinski.pl\/wp-content\/uploads\/2019\/04\/IMG_9118.jpg 2048w\" sizes=\"(max-width: 1024px) 100vw, 1024px\" \/><\/figure>\n\n\n\n<figure class=\"wp-block-image\"><img loading=\"lazy\" decoding=\"async\" width=\"1024\" height=\"681\" src=\"https:\/\/marekkuchcinski.pl\/wp-content\/uploads\/2019\/04\/IMG_9162-1024x681.jpg\" alt=\"\" class=\"wp-image-14722\" srcset=\"https:\/\/marekkuchcinski.pl\/wp-content\/uploads\/2019\/04\/IMG_9162-1024x681.jpg 1024w, https:\/\/marekkuchcinski.pl\/wp-content\/uploads\/2019\/04\/IMG_9162-300x199.jpg 300w, https:\/\/marekkuchcinski.pl\/wp-content\/uploads\/2019\/04\/IMG_9162-768x511.jpg 768w, https:\/\/marekkuchcinski.pl\/wp-content\/uploads\/2019\/04\/IMG_9162.jpg 2048w\" sizes=\"(max-width: 1024px) 100vw, 1024px\" \/><\/figure>\n\n\n\n<figure class=\"wp-block-image\"><img loading=\"lazy\" decoding=\"async\" width=\"1024\" height=\"706\" src=\"https:\/\/marekkuchcinski.pl\/wp-content\/uploads\/2019\/04\/IMG_9172-1024x706.jpg\" alt=\"\" class=\"wp-image-14723\" srcset=\"https:\/\/marekkuchcinski.pl\/wp-content\/uploads\/2019\/04\/IMG_9172-1024x706.jpg 1024w, https:\/\/marekkuchcinski.pl\/wp-content\/uploads\/2019\/04\/IMG_9172-300x207.jpg 300w, https:\/\/marekkuchcinski.pl\/wp-content\/uploads\/2019\/04\/IMG_9172-768x530.jpg 768w, https:\/\/marekkuchcinski.pl\/wp-content\/uploads\/2019\/04\/IMG_9172.jpg 2048w\" sizes=\"(max-width: 1024px) 100vw, 1024px\" \/><\/figure>\n\n\n\n<figure class=\"wp-block-image\"><img loading=\"lazy\" decoding=\"async\" width=\"1024\" height=\"692\" src=\"https:\/\/marekkuchcinski.pl\/wp-content\/uploads\/2019\/04\/IMG_9176-1024x692.jpg\" alt=\"\" class=\"wp-image-14724\" srcset=\"https:\/\/marekkuchcinski.pl\/wp-content\/uploads\/2019\/04\/IMG_9176-1024x692.jpg 1024w, https:\/\/marekkuchcinski.pl\/wp-content\/uploads\/2019\/04\/IMG_9176-300x203.jpg 300w, https:\/\/marekkuchcinski.pl\/wp-content\/uploads\/2019\/04\/IMG_9176-768x519.jpg 768w, https:\/\/marekkuchcinski.pl\/wp-content\/uploads\/2019\/04\/IMG_9176.jpg 2048w\" sizes=\"(max-width: 1024px) 100vw, 1024px\" \/><\/figure>\n\n\n\n<figure class=\"wp-block-image\"><img loading=\"lazy\" decoding=\"async\" width=\"1024\" height=\"707\" src=\"https:\/\/marekkuchcinski.pl\/wp-content\/uploads\/2019\/04\/IMG_9263-1024x707.jpg\" alt=\"\" class=\"wp-image-14725\" srcset=\"https:\/\/marekkuchcinski.pl\/wp-content\/uploads\/2019\/04\/IMG_9263-1024x707.jpg 1024w, https:\/\/marekkuchcinski.pl\/wp-content\/uploads\/2019\/04\/IMG_9263-300x207.jpg 300w, https:\/\/marekkuchcinski.pl\/wp-content\/uploads\/2019\/04\/IMG_9263-768x530.jpg 768w, https:\/\/marekkuchcinski.pl\/wp-content\/uploads\/2019\/04\/IMG_9263.jpg 2048w\" sizes=\"(max-width: 1024px) 100vw, 1024px\" \/><\/figure>\n\n\n\n<figure class=\"wp-block-image\"><img loading=\"lazy\" decoding=\"async\" width=\"1024\" height=\"683\" src=\"https:\/\/marekkuchcinski.pl\/wp-content\/uploads\/2019\/04\/IMG_9301-1024x683.jpg\" alt=\"\" class=\"wp-image-14726\" srcset=\"https:\/\/marekkuchcinski.pl\/wp-content\/uploads\/2019\/04\/IMG_9301-1024x683.jpg 1024w, https:\/\/marekkuchcinski.pl\/wp-content\/uploads\/2019\/04\/IMG_9301-300x200.jpg 300w, https:\/\/marekkuchcinski.pl\/wp-content\/uploads\/2019\/04\/IMG_9301-768x512.jpg 768w, https:\/\/marekkuchcinski.pl\/wp-content\/uploads\/2019\/04\/IMG_9301.jpg 2048w\" sizes=\"(max-width: 1024px) 100vw, 1024px\" \/><\/figure>","protected":false},"excerpt":{"rendered":"<p>Szef rz\u0105du wyg\u0142osi\u0142 w Trybunale Konstytucyjnym wyk\u0142ad pt.&nbsp;\u201eDemokratyczny kapitalizm dla wszystkich, a nie dla nielicznych\u201d.&nbsp; Premier podkre\u015bli\u0142, \u017ce rz\u0105d podejmuje dzia\u0142ania maj\u0105ce na celu wzrost zasi\u0119gu klasy \u015bredniej w Polsce. Jak zaznaczy\u0142, nale\u017cy poszukiwa\u0107 tzw. trzeciej drogi \u2013 kapitalizmu demokratycznego. Chodzi o taki rodzaj organizacji pa\u0144stwa i rynku, kt\u00f3ry z zachowaniem kapitalistycznej gospodarki wzmacnia demokracj\u0119.&nbsp;To [&hellip;]<\/p>\n","protected":false},"author":6,"featured_media":0,"comment_status":"open","ping_status":"open","sticky":false,"template":"","format":"standard","meta":{"ngg_post_thumbnail":0,"footnotes":""},"categories":[82,3],"tags":[],"class_list":["post-14714","post","type-post","status-publish","format-standard","hentry","category-prawo-i-sprawiedliwosc","category-wydarzenia"],"_links":{"self":[{"href":"https:\/\/marekkuchcinski.pl\/ro\/wp-json\/wp\/v2\/posts\/14714","targetHints":{"allow":["GET"]}}],"collection":[{"href":"https:\/\/marekkuchcinski.pl\/ro\/wp-json\/wp\/v2\/posts"}],"about":[{"href":"https:\/\/marekkuchcinski.pl\/ro\/wp-json\/wp\/v2\/types\/post"}],"author":[{"embeddable":true,"href":"https:\/\/marekkuchcinski.pl\/ro\/wp-json\/wp\/v2\/users\/6"}],"replies":[{"embeddable":true,"href":"https:\/\/marekkuchcinski.pl\/ro\/wp-json\/wp\/v2\/comments?post=14714"}],"version-history":[{"count":4,"href":"https:\/\/marekkuchcinski.pl\/ro\/wp-json\/wp\/v2\/posts\/14714\/revisions"}],"predecessor-version":[{"id":14727,"href":"https:\/\/marekkuchcinski.pl\/ro\/wp-json\/wp\/v2\/posts\/14714\/revisions\/14727"}],"wp:attachment":[{"href":"https:\/\/marekkuchcinski.pl\/ro\/wp-json\/wp\/v2\/media?parent=14714"}],"wp:term":[{"taxonomy":"category","embeddable":true,"href":"https:\/\/marekkuchcinski.pl\/ro\/wp-json\/wp\/v2\/categories?post=14714"},{"taxonomy":"post_tag","embeddable":true,"href":"https:\/\/marekkuchcinski.pl\/ro\/wp-json\/wp\/v2\/tags?post=14714"}],"curies":[{"name":"wp","href":"https:\/\/api.w.org\/{rel}","templated":true}]}}