{"id":14701,"date":"2019-04-12T12:01:19","date_gmt":"2019-04-12T10:01:19","guid":{"rendered":"https:\/\/marekkuchcinski.pl\/?p=14701"},"modified":"2019-04-12T13:55:19","modified_gmt":"2019-04-12T11:55:19","slug":"wielkanocne-spotkanie-prawa-i-sprawiedliwosci","status":"publish","type":"post","link":"https:\/\/marekkuchcinski.pl\/ro\/wydarzenia\/wielkanocne-spotkanie-prawa-i-sprawiedliwosci\/","title":{"rendered":"Reuniunea de Pa\u0219te a Partidului Lege \u0219i Justi\u021bie"},"content":{"rendered":"<p class=\"wp-block-paragraph\">Parlamentarii de la Lege \u0219i Justi\u021bie s-au \u00eent\u00e2lnit la Sejm pentru a-\u0219i face ur\u0103ri de Pa\u0219te. Pre\u0219edintele Lege \u0219i Justi\u021bie, Jaros\u0142aw Kaczy\u0144ski, a subliniat c\u0103 acestea au fost s\u0103rb\u0103tori speciale, deoarece erau apropiate de activitatea care reprezint\u0103 sensul partidelor politice, \u0219i anume campania electoral\u0103. <\/p>\n\n\n\n<p class=\"wp-block-paragraph\">El le-a urat celor prezen\u021bi ca aceast\u0103 perioad\u0103 s\u0103 fie plin\u0103 de evenimente bune, de munc\u0103, de speran\u021b\u0103 \u0219i de determinare, care s\u0103 aduc\u0103 rezultate de succes pentru Lege \u0219i Justi\u021bie.  <\/p>\n\n\n\n<figure class=\"wp-block-image\"><img fetchpriority=\"high\" decoding=\"async\" width=\"1024\" height=\"655\" src=\"https:\/\/marekkuchcinski.pl\/wp-content\/uploads\/2019\/04\/IMG_9362-1024x655.jpg\" alt=\"\" class=\"wp-image-14707\" srcset=\"https:\/\/marekkuchcinski.pl\/wp-content\/uploads\/2019\/04\/IMG_9362-1024x655.jpg 1024w, https:\/\/marekkuchcinski.pl\/wp-content\/uploads\/2019\/04\/IMG_9362-300x192.jpg 300w, https:\/\/marekkuchcinski.pl\/wp-content\/uploads\/2019\/04\/IMG_9362-768x492.jpg 768w, https:\/\/marekkuchcinski.pl\/wp-content\/uploads\/2019\/04\/IMG_9362.jpg 2048w\" sizes=\"(max-width: 1024px) 100vw, 1024px\" \/><\/figure>\n\n\n\n<figure class=\"wp-block-image\"><img decoding=\"async\" width=\"1024\" height=\"761\" src=\"https:\/\/marekkuchcinski.pl\/wp-content\/uploads\/2019\/04\/na-wwew-jako-1024x761.jpg\" alt=\"\" class=\"wp-image-14730\" srcset=\"https:\/\/marekkuchcinski.pl\/wp-content\/uploads\/2019\/04\/na-wwew-jako-1024x761.jpg 1024w, https:\/\/marekkuchcinski.pl\/wp-content\/uploads\/2019\/04\/na-wwew-jako-300x223.jpg 300w, https:\/\/marekkuchcinski.pl\/wp-content\/uploads\/2019\/04\/na-wwew-jako-768x571.jpg 768w, https:\/\/marekkuchcinski.pl\/wp-content\/uploads\/2019\/04\/na-wwew-jako.jpg 2048w\" sizes=\"(max-width: 1024px) 100vw, 1024px\" \/><\/figure>","protected":false},"excerpt":{"rendered":"<p>Parlamentarzy\u015bci Prawa i Sprawiedliwo\u015bci spotkali si\u0119 w Sejmie, by z\u0142o\u017cy\u0107 sobie wielkanocne \u017cyczenia. Prezes PiS Jaros\u0142aw Kaczy\u0144ski podkre\u015bla\u0142, \u017ce s\u0105 to \u015bwi\u0119ta szczeg\u00f3lne, bo blisko dzia\u0142alno\u015bci, kt\u00f3ra jest sensem partii politycznych, czyli kampanii wyborczej. Zebranym \u017cyczy\u0142, by ten czas by\u0142 pe\u0142en dobrych wydarze\u0144, pracy, nadziei i determinacji, kt\u00f3re przynios\u0105 pomy\u015blne dla PiS-u efekty.<\/p>","protected":false},"author":6,"featured_media":14706,"comment_status":"open","ping_status":"open","sticky":false,"template":"","format":"standard","meta":{"ngg_post_thumbnail":0,"footnotes":""},"categories":[82,3],"tags":[],"class_list":["post-14701","post","type-post","status-publish","format-standard","has-post-thumbnail","hentry","category-prawo-i-sprawiedliwosc","category-wydarzenia"],"_links":{"self":[{"href":"https:\/\/marekkuchcinski.pl\/ro\/wp-json\/wp\/v2\/posts\/14701","targetHints":{"allow":["GET"]}}],"collection":[{"href":"https:\/\/marekkuchcinski.pl\/ro\/wp-json\/wp\/v2\/posts"}],"about":[{"href":"https:\/\/marekkuchcinski.pl\/ro\/wp-json\/wp\/v2\/types\/post"}],"author":[{"embeddable":true,"href":"https:\/\/marekkuchcinski.pl\/ro\/wp-json\/wp\/v2\/users\/6"}],"replies":[{"embeddable":true,"href":"https:\/\/marekkuchcinski.pl\/ro\/wp-json\/wp\/v2\/comments?post=14701"}],"version-history":[{"count":5,"href":"https:\/\/marekkuchcinski.pl\/ro\/wp-json\/wp\/v2\/posts\/14701\/revisions"}],"predecessor-version":[{"id":14731,"href":"https:\/\/marekkuchcinski.pl\/ro\/wp-json\/wp\/v2\/posts\/14701\/revisions\/14731"}],"wp:featuredmedia":[{"embeddable":true,"href":"https:\/\/marekkuchcinski.pl\/ro\/wp-json\/wp\/v2\/media\/14706"}],"wp:attachment":[{"href":"https:\/\/marekkuchcinski.pl\/ro\/wp-json\/wp\/v2\/media?parent=14701"}],"wp:term":[{"taxonomy":"category","embeddable":true,"href":"https:\/\/marekkuchcinski.pl\/ro\/wp-json\/wp\/v2\/categories?post=14701"},{"taxonomy":"post_tag","embeddable":true,"href":"https:\/\/marekkuchcinski.pl\/ro\/wp-json\/wp\/v2\/tags?post=14701"}],"curies":[{"name":"wp","href":"https:\/\/api.w.org\/{rel}","templated":true}]}}