{"id":14596,"date":"2019-04-09T11:16:25","date_gmt":"2019-04-09T09:16:25","guid":{"rendered":"https:\/\/marekkuchcinski.pl\/?p=14596"},"modified":"2019-04-09T11:16:39","modified_gmt":"2019-04-09T09:16:39","slug":"wieden-pierwszy-dzien-konferencji-przewodniczacych-parlamentow-ue-z-udzialem-marszalka-sejmu","status":"publish","type":"post","link":"https:\/\/marekkuchcinski.pl\/ro\/wspolpraca-miedzynarodowa\/wieden-pierwszy-dzien-konferencji-przewodniczacych-parlamentow-ue-z-udzialem-marszalka-sejmu\/","title":{"rendered":"Viena: prima zi a Conferin\u021bei pre\u0219edin\u021bilor parlamentelor UE, cu participarea pre\u0219edintelui Sejm-ului"},"content":{"rendered":"<p>Rela\u021biile dintre Uniunea European\u0103 \u0219i vecinii s\u0103i, alegerile pentru Parlamentul European din luna mai, cooperarea dintre parlamentele na\u021bionale \u0219i institu\u021biile europene - acestea sunt principalele subiecte ale Conferin\u021bei pre\u0219edin\u021bilor parlamentelor din Uniunea European\u0103, care s-a deschis luni la Viena. Parlamentul polonez din capitala austriac\u0103 este reprezentat de pre\u0219edin\u021bii Sejm \u0219i Senatului, Marek Kuchci\u0144ski \u0219i Stanis\u0142aw Karczewski. Conferin\u021ba este un forum anual pentru un schimb de opinii cu privire la sarcinile parlamentelor na\u021bionale \u00een cadrul structurii europene, la cooperarea interparlamentar\u0103 \u00een materie de UE \u0219i la provoc\u0103rile cu care se confrunt\u0103 Comunitatea.<\/p>\n\n\n\n<p>Discu\u021bia s-a deschis cu discursurile lui Wolfgang Sobotka, pre\u0219edintele Consiliului Na\u021bional Austriac, \u0219i Ingo App\u00e9, pre\u0219edintele Consiliului Federal Austriac. Pre\u0219edintele App\u00e9 a vorbit despre nevoia de cooperare \u00een fa\u021ba provoc\u0103rilor cu care se confrunt\u0103 Comunitatea. - Sunt vremuri tulburi pentru Uniunea European\u0103. \u00cen principal prin Brexit, dar \u0219i prin alte probleme, cum ar fi schimb\u0103rile climatice sau migra\u021bia. Solu\u021biile pot fi g\u0103site doar dac\u0103 avem un dialog interparlamentar - a subliniat el. La r\u00e2ndul s\u0103u, Wolfgang Sobotka a atras aten\u021bia asupra importan\u021bei Balcanilor de Vest pentru Uniunea European\u0103. - Apropierea lor de Comunitate aduce o stabilitate durabil\u0103. Parlamentele na\u021bionale joac\u0103 un rol important \u00een procesul de preaderare, a spus el. Mairead McGuinness a luat, de asemenea, cuv\u00e2ntul \u00een deschiderea reuniunii. Prim-vicepre\u0219edintele PE a vorbit despre importan\u021ba viitoarelor alegeri pentru Parlamentul European \u0219i a subliniat importan\u021ba implic\u0103rii parlamentelor na\u021bionale \u00een procesul electoral.<\/p>\n\n\n\n<p>- Aceasta este o a\u0219teptare puternic\u0103 a tuturor statelor: spiritul european trebuie s\u0103 fie ridicat, astfel \u00eenc\u00e2t Uniunea s\u0103 \u00ee\u0219i consolideze cooperarea\", a declarat pre\u0219edintele Sejm-ului pentru jurnali\u0219ti \u00een timpul unei pauze din cadrul conferin\u021bei. Marek Kuchci\u0144ski a ad\u0103ugat c\u0103, \u00een timpul discu\u021biilor, politicienii au acordat aten\u021bie unit\u0103\u021bii \u0219i diversit\u0103\u021bii ca surs\u0103 de for\u021b\u0103 a statelor membre ale UE. De asemenea, el a subliniat c\u0103 Polonia particip\u0103 activ la construirea de bune rela\u021bii \u00een regiune \u00een diferite formate, inclusiv \u00een cadrul Grupului de la Vi\u0219egrad, Parteneriatul Estic, Europa Carpatic\u0103, Acordul de la Bucure\u0219ti sau cele trei ora\u0219e.<\/p>\n\n\n\n<p>Partea de luni a conferin\u021bei a fost, \u00een primul r\u00e2nd, o oportunitate de a dezbate vecin\u0103tatea Uniunii Europene. Andrej Danko, pre\u0219edintele Consiliului Na\u021bional al Republicii Slovace, a subliniat \u00een aceast\u0103 parte a sesiunii importan\u021ba integr\u0103rii Balcanilor de Vest \u00een UE. Unul dintre subiectele principale ale discursului s\u0103u a fost, de asemenea, securitatea european\u0103. - Trebuie s\u0103 \u00eencepem s\u0103 analiz\u0103m aceast\u0103 problem\u0103 \u00een mod cuprinz\u0103tor, iar Uniunea trebuie s\u0103 joace un rol semnificativ \u00een acest sens\", a precizat politicianul slovac. Nikos Voutsis, pre\u0219edintele Parlamentului grec, a acordat, de asemenea, prioritate apropierii \u021b\u0103rilor din Balcani de UE. Pre\u0219edintele Camerei Deputa\u021bilor din Italia, Robert Fico, a subliniat problema migra\u021biei, afirm\u00e2nd c\u0103 \u021b\u0103rile UE trebuie s\u0103 coopereze \u00een aceast\u0103 privin\u021b\u0103. De asemenea, a atras aten\u021bia asupra necesit\u0103\u021bii de cooperare \u00een ceea ce prive\u0219te controlul frontierelor externe ale Comunit\u0103\u021bii. \u00cen cadrul dezbaterii a luat cuv\u00e2ntul \u0219i pre\u0219edintele Senatului. Stanis\u0142aw Karczewski a declarat c\u0103 crearea perspectivei de aderare pentru na\u021biunile vecine este cel mai eficient instrument de influen\u021b\u0103 a Uniunii asupra celor din jur.<\/p>\n\n\n\n<p>\u00cen marja primei zile a Summitului parlamentar, Marek Kuchci\u0144ski a avut o \u00eent\u00e2lnire bilateral\u0103 cu Viktoras Pranckietis, pre\u0219edintele Seimas al Republicii Lituania. Conversa\u021bia a vizat s\u0103rb\u0103torirea \u00een comun a unor anivers\u0103ri istorice importante, inclusiv a 450 de ani de la semnarea Unirii de la Lublin. &nbsp;<\/p>\n\n\n\n<p>Reuniunea continu\u0103 mar\u021bi. Pre\u0219edin\u021bii parlamentelor UE vor discuta despre alegerile europarlamentare din luna mai \u0219i despre dezvoltarea cooper\u0103rii dintre parlamentele na\u021bionale \u0219i institu\u021biile europene. Unul dintre principalii vorbitori din aceast\u0103 parte a conferin\u021bei va fi pre\u0219edintele Sejm-ului, Marek Kuchci\u0144ski. Printre ceilal\u021bi vorbitori se vor num\u0103ra Wolfgang Sch\u00e4uble, pre\u0219edintele Bundestagului german, Ankie Broekers-Knol, pre\u0219edintele Senatului olandez \u0219i G\u00e9rard Larcher, pre\u0219edintele Senatului francez. De asemenea, sunt planificate \u0219i alte \u00eent\u00e2lniri bilaterale \u00eentre pre\u0219edintele Sejm \u0219i pre\u0219edin\u021bii parlamentelor europene.<\/p>\n\n\n\n<p>\u00cenainte de a ajunge la Viena, delega\u021bia polonez\u0103 a vizitat monumentele comemorative de la complexul Mauthausen-Gusen al fostelor lag\u0103re de concentrare naziste germane. La mausoleul KZ Gusen, r\u0103m\u0103\u0219i\u021bele unui crematoriu \u00een care au murit peste 37.000 de persoane \u00een timpul celui de-al Doilea R\u0103zboi Mondial, mare\u0219alii au depus flori \u0219i s-au \u00eenscris \u00een cartea memorial\u0103. \"Profund mi\u0219cat de enormitatea tragediei care a avut loc \u00een lag\u0103rul mor\u021bii de la Gusen, aduc un omagiu tuturor victimelor, inclusiv miilor de polonezi care \u0219i-au pierdut via\u021ba acolo\", a scris Marek Kuchci\u0144ski. \u00centr-o conversa\u021bie cu presa, pre\u0219edintele Sejm-ului a subliniat, la r\u00e2ndul s\u0103u, c\u0103 este important ca Polonia \u0219i lumea s\u0103-\u0219i aminteasc\u0103 despre lag\u0103rul de concentrare de la Gusen. - Acesta este al doilea Katyn pentru Polonia \u0219i pentru alte na\u021bionalit\u0103\u021bi, nu numai din Europa\", a spus el.<\/p>\n\n\n\n<p>\u00cen continuare, Marek Kuchci\u0144ski \u0219i Stanis\u0142aw Karczewski au depus flori la monumentul prizonierilor polonezi care au murit \u00een ghetourile de la Bergkristall \u0219i la monumentul victimelor poloneze din lag\u0103rul de concentrare de la Mauthausen. De asemenea, au aprins lum\u00e2n\u0103ri \u00een fa\u021ba unor pl\u0103ci care comemoreaz\u0103 cerceta\u0219ii polonezi, medicii polonezi \u0219i pe Henryk S\u0142awik, care a murit \u00een lag\u0103r \u00een 1944 \u0219i care, \u00eenainte de aceasta, \u00eempreun\u0103 cu colaboratorii s\u0103i, a salvat mul\u021bi polonezi \u0219i evrei de la moarte \u00een Ungaria.<\/p>\n\n\n\n<p>Polonezii au constituit cel mai mare grup de prizonieri din complexul Mauthausen-Gusen al fostelor lag\u0103re de concentrare naziste germane \u00eentre 1940 \u0219i 1945. Mauthausen-Gusen era cunoscut ca \"lag\u0103rul de concentrare pentru intelectualitatea polonez\u0103\", deoarece ad\u0103postea, printre altele, persoane arestate \u00een cadrul Intelligenzaktion, genocidul planificat de germani \u00eempotriva elitei poloneze din teritoriile celei de-a doua Republici Poloneze anexate la Reich.<\/p>\n\n\n\n<p><em>CIS<\/em><\/p>\n\n\n\n<p><em>Foto: \u0141ukasz B\u0142asikiewicz<\/em><\/p>\n\n\n\n<ul class=\"wp-block-gallery columns-2 is-cropped wp-block-gallery-1 is-layout-flex wp-block-gallery-is-layout-flex\"><li class=\"blocks-gallery-item\"><figure><img fetchpriority=\"high\" decoding=\"async\" width=\"800\" height=\"533\" src=\"https:\/\/marekkuchcinski.pl\/wp-content\/uploads\/2019\/04\/w9.jpg\" alt=\"\" data-id=\"14598\" data-link=\"https:\/\/marekkuchcinski.pl\/?attachment_id=14598\" class=\"wp-image-14598\" srcset=\"https:\/\/marekkuchcinski.pl\/wp-content\/uploads\/2019\/04\/w9.jpg 800w, https:\/\/marekkuchcinski.pl\/wp-content\/uploads\/2019\/04\/w9-300x200.jpg 300w, https:\/\/marekkuchcinski.pl\/wp-content\/uploads\/2019\/04\/w9-768x512.jpg 768w\" sizes=\"(max-width: 800px) 100vw, 800px\" \/><\/figure><\/li><li class=\"blocks-gallery-item\"><figure><img decoding=\"async\" width=\"800\" height=\"533\" src=\"https:\/\/marekkuchcinski.pl\/wp-content\/uploads\/2019\/04\/w8.jpg\" alt=\"\" data-id=\"14599\" data-link=\"https:\/\/marekkuchcinski.pl\/?attachment_id=14599\" class=\"wp-image-14599\" srcset=\"https:\/\/marekkuchcinski.pl\/wp-content\/uploads\/2019\/04\/w8.jpg 800w, https:\/\/marekkuchcinski.pl\/wp-content\/uploads\/2019\/04\/w8-300x200.jpg 300w, https:\/\/marekkuchcinski.pl\/wp-content\/uploads\/2019\/04\/w8-768x512.jpg 768w\" sizes=\"(max-width: 800px) 100vw, 800px\" \/><\/figure><\/li><li class=\"blocks-gallery-item\"><figure><img decoding=\"async\" width=\"800\" height=\"533\" src=\"https:\/\/marekkuchcinski.pl\/wp-content\/uploads\/2019\/04\/w7.jpg\" alt=\"\" data-id=\"14600\" data-link=\"https:\/\/marekkuchcinski.pl\/?attachment_id=14600\" class=\"wp-image-14600\" srcset=\"https:\/\/marekkuchcinski.pl\/wp-content\/uploads\/2019\/04\/w7.jpg 800w, https:\/\/marekkuchcinski.pl\/wp-content\/uploads\/2019\/04\/w7-300x200.jpg 300w, https:\/\/marekkuchcinski.pl\/wp-content\/uploads\/2019\/04\/w7-768x512.jpg 768w\" sizes=\"(max-width: 800px) 100vw, 800px\" \/><\/figure><\/li><li class=\"blocks-gallery-item\"><figure><img loading=\"lazy\" decoding=\"async\" width=\"800\" height=\"533\" src=\"https:\/\/marekkuchcinski.pl\/wp-content\/uploads\/2019\/04\/w6.jpg\" alt=\"\" data-id=\"14601\" data-link=\"https:\/\/marekkuchcinski.pl\/?attachment_id=14601\" class=\"wp-image-14601\" srcset=\"https:\/\/marekkuchcinski.pl\/wp-content\/uploads\/2019\/04\/w6.jpg 800w, https:\/\/marekkuchcinski.pl\/wp-content\/uploads\/2019\/04\/w6-300x200.jpg 300w, https:\/\/marekkuchcinski.pl\/wp-content\/uploads\/2019\/04\/w6-768x512.jpg 768w\" sizes=\"(max-width: 800px) 100vw, 800px\" \/><\/figure><\/li><li class=\"blocks-gallery-item\"><figure><img loading=\"lazy\" decoding=\"async\" width=\"800\" height=\"533\" src=\"https:\/\/marekkuchcinski.pl\/wp-content\/uploads\/2019\/04\/w5.jpg\" alt=\"\" data-id=\"14602\" data-link=\"https:\/\/marekkuchcinski.pl\/?attachment_id=14602\" class=\"wp-image-14602\" srcset=\"https:\/\/marekkuchcinski.pl\/wp-content\/uploads\/2019\/04\/w5.jpg 800w, https:\/\/marekkuchcinski.pl\/wp-content\/uploads\/2019\/04\/w5-300x200.jpg 300w, https:\/\/marekkuchcinski.pl\/wp-content\/uploads\/2019\/04\/w5-768x512.jpg 768w\" sizes=\"(max-width: 800px) 100vw, 800px\" \/><\/figure><\/li><li class=\"blocks-gallery-item\"><figure><img loading=\"lazy\" decoding=\"async\" width=\"800\" height=\"533\" src=\"https:\/\/marekkuchcinski.pl\/wp-content\/uploads\/2019\/04\/W3.jpg\" alt=\"\" data-id=\"14603\" data-link=\"https:\/\/marekkuchcinski.pl\/?attachment_id=14603\" class=\"wp-image-14603\" srcset=\"https:\/\/marekkuchcinski.pl\/wp-content\/uploads\/2019\/04\/W3.jpg 800w, https:\/\/marekkuchcinski.pl\/wp-content\/uploads\/2019\/04\/W3-300x200.jpg 300w, https:\/\/marekkuchcinski.pl\/wp-content\/uploads\/2019\/04\/W3-768x512.jpg 768w\" sizes=\"(max-width: 800px) 100vw, 800px\" \/><\/figure><\/li><li class=\"blocks-gallery-item\"><figure><img loading=\"lazy\" decoding=\"async\" width=\"800\" height=\"533\" src=\"https:\/\/marekkuchcinski.pl\/wp-content\/uploads\/2019\/04\/w2.jpg\" alt=\"\" data-id=\"14604\" data-link=\"https:\/\/marekkuchcinski.pl\/?attachment_id=14604\" class=\"wp-image-14604\" srcset=\"https:\/\/marekkuchcinski.pl\/wp-content\/uploads\/2019\/04\/w2.jpg 800w, https:\/\/marekkuchcinski.pl\/wp-content\/uploads\/2019\/04\/w2-300x200.jpg 300w, https:\/\/marekkuchcinski.pl\/wp-content\/uploads\/2019\/04\/w2-768x512.jpg 768w\" sizes=\"(max-width: 800px) 100vw, 800px\" \/><\/figure><\/li><li class=\"blocks-gallery-item\"><figure><img loading=\"lazy\" decoding=\"async\" width=\"1024\" height=\"682\" src=\"https:\/\/marekkuchcinski.pl\/wp-content\/uploads\/2019\/04\/W-1-1024x682.jpg\" alt=\"\" data-id=\"14605\" data-link=\"https:\/\/marekkuchcinski.pl\/?attachment_id=14605\" class=\"wp-image-14605\" srcset=\"https:\/\/marekkuchcinski.pl\/wp-content\/uploads\/2019\/04\/W-1-1024x682.jpg 1024w, https:\/\/marekkuchcinski.pl\/wp-content\/uploads\/2019\/04\/W-1-300x200.jpg 300w, https:\/\/marekkuchcinski.pl\/wp-content\/uploads\/2019\/04\/W-1-768x511.jpg 768w, https:\/\/marekkuchcinski.pl\/wp-content\/uploads\/2019\/04\/W-1.jpg 2048w\" sizes=\"(max-width: 1024px) 100vw, 1024px\" \/><\/figure><\/li><li class=\"blocks-gallery-item\"><figure><img loading=\"lazy\" decoding=\"async\" width=\"1024\" height=\"683\" src=\"https:\/\/marekkuchcinski.pl\/wp-content\/uploads\/2019\/04\/w4-1024x683.jpg\" alt=\"\" data-id=\"14606\" data-link=\"https:\/\/marekkuchcinski.pl\/?attachment_id=14606\" class=\"wp-image-14606\" srcset=\"https:\/\/marekkuchcinski.pl\/wp-content\/uploads\/2019\/04\/w4-1024x683.jpg 1024w, https:\/\/marekkuchcinski.pl\/wp-content\/uploads\/2019\/04\/w4-300x200.jpg 300w, https:\/\/marekkuchcinski.pl\/wp-content\/uploads\/2019\/04\/w4-768x512.jpg 768w, https:\/\/marekkuchcinski.pl\/wp-content\/uploads\/2019\/04\/w4.jpg 1080w\" sizes=\"(max-width: 1024px) 100vw, 1024px\" \/><\/figure><\/li><\/ul>","protected":false},"excerpt":{"rendered":"<p>Relacje Unii Europejskiej z s\u0105siadami, majowe wybory do Parlamentu Europejskiego, wsp\u00f3\u0142praca parlament\u00f3w narodowych i instytucji europejskich \u2013 to g\u0142\u00f3wne tematy Konferencji Przewodnicz\u0105cych Parlament\u00f3w Unii Europejskiej, kt\u00f3ra rozpocz\u0119\u0142a si\u0119 w poniedzia\u0142ek w Wiedniu. Polski parlament w stolicy Austrii reprezentuj\u0105 marsza\u0142kowie Sejmu i Senatu Marek Kuchci\u0144ski i Stanis\u0142aw Karczewski. Konferencja jest corocznym forum wymiany zda\u0144 na temat [&hellip;]<\/p>","protected":false},"author":6,"featured_media":14605,"comment_status":"open","ping_status":"open","sticky":false,"template":"","format":"standard","meta":{"ngg_post_thumbnail":0,"footnotes":""},"categories":[81,50],"tags":[],"class_list":["post-14596","post","type-post","status-publish","format-standard","has-post-thumbnail","hentry","category-wiesci-z-sejmu","category-wspolpraca-miedzynarodowa"],"yoast_head":"<!-- This site is optimized with the Yoast SEO plugin v24.7 - https:\/\/yoast.com\/wordpress\/plugins\/seo\/ -->\n<title>Wiede\u0144: pierwszy dzie\u0144 Konferencji Przewodnicz\u0105cych Parlament\u00f3w UE z udzia\u0142em marsza\u0142ka Sejmu &#8211; Marek Kuchci\u0144ski<\/title>\n<meta name=\"robots\" content=\"index, follow, max-snippet:-1, max-image-preview:large, max-video-preview:-1\" \/>\n<link rel=\"canonical\" href=\"https:\/\/marekkuchcinski.pl\/ro\/wspolpraca-miedzynarodowa\/wieden-pierwszy-dzien-konferencji-przewodniczacych-parlamentow-ue-z-udzialem-marszalka-sejmu\/\" \/>\n<meta property=\"og:locale\" content=\"ro_RO\" \/>\n<meta property=\"og:type\" content=\"article\" \/>\n<meta property=\"og:title\" content=\"Wiede\u0144: pierwszy dzie\u0144 Konferencji Przewodnicz\u0105cych Parlament\u00f3w UE z udzia\u0142em marsza\u0142ka Sejmu &#8211; Marek Kuchci\u0144ski\" \/>\n<meta property=\"og:description\" content=\"Relacje Unii Europejskiej z s\u0105siadami, majowe wybory do Parlamentu Europejskiego, wsp\u00f3\u0142praca parlament\u00f3w narodowych i instytucji europejskich \u2013 to g\u0142\u00f3wne tematy Konferencji Przewodnicz\u0105cych Parlament\u00f3w Unii Europejskiej, kt\u00f3ra rozpocz\u0119\u0142a si\u0119 w poniedzia\u0142ek w Wiedniu. Polski parlament w stolicy Austrii reprezentuj\u0105 marsza\u0142kowie Sejmu i Senatu Marek Kuchci\u0144ski i Stanis\u0142aw Karczewski. Konferencja jest corocznym forum wymiany zda\u0144 na temat [&hellip;]\" \/>\n<meta property=\"og:url\" content=\"https:\/\/marekkuchcinski.pl\/ro\/wspolpraca-miedzynarodowa\/wieden-pierwszy-dzien-konferencji-przewodniczacych-parlamentow-ue-z-udzialem-marszalka-sejmu\/\" \/>\n<meta property=\"og:site_name\" content=\"Marek Kuchci\u0144ski\" \/>\n<meta property=\"article:published_time\" content=\"2019-04-09T09:16:25+00:00\" \/>\n<meta property=\"article:modified_time\" content=\"2019-04-09T09:16:39+00:00\" \/>\n<meta property=\"og:image\" content=\"https:\/\/marekkuchcinski.pl\/wp-content\/uploads\/2019\/04\/W-1.jpg\" \/>\n\t<meta property=\"og:image:width\" content=\"2048\" \/>\n\t<meta property=\"og:image:height\" content=\"1363\" \/>\n\t<meta property=\"og:image:type\" content=\"image\/jpeg\" \/>\n<meta name=\"author\" content=\"admin\" \/>\n<meta name=\"twitter:card\" content=\"summary_large_image\" \/>\n<meta name=\"twitter:label1\" content=\"Scris de\" \/>\n\t<meta name=\"twitter:data1\" content=\"admin\" \/>\n\t<meta name=\"twitter:label2\" content=\"Timp estimat pentru citire\" \/>\n\t<meta name=\"twitter:data2\" content=\"5 minutes\" \/>\n<script type=\"application\/ld+json\" class=\"yoast-schema-graph\">{\"@context\":\"https:\/\/schema.org\",\"@graph\":[{\"@type\":\"Article\",\"@id\":\"https:\/\/marekkuchcinski.pl\/en\/wspolpraca-miedzynarodowa\/wieden-pierwszy-dzien-konferencji-przewodniczacych-parlamentow-ue-z-udzialem-marszalka-sejmu\/#article\",\"isPartOf\":{\"@id\":\"https:\/\/marekkuchcinski.pl\/en\/wspolpraca-miedzynarodowa\/wieden-pierwszy-dzien-konferencji-przewodniczacych-parlamentow-ue-z-udzialem-marszalka-sejmu\/\"},\"author\":{\"name\":\"admin\",\"@id\":\"https:\/\/marekkuchcinski.pl\/#\/schema\/person\/6f62700996b4d950b6ea2d1183b6c6be\"},\"headline\":\"Wiede\u0144: pierwszy dzie\u0144 Konferencji Przewodnicz\u0105cych Parlament\u00f3w UE z udzia\u0142em marsza\u0142ka Sejmu\",\"datePublished\":\"2019-04-09T09:16:25+00:00\",\"dateModified\":\"2019-04-09T09:16:39+00:00\",\"mainEntityOfPage\":{\"@id\":\"https:\/\/marekkuchcinski.pl\/en\/wspolpraca-miedzynarodowa\/wieden-pierwszy-dzien-konferencji-przewodniczacych-parlamentow-ue-z-udzialem-marszalka-sejmu\/\"},\"wordCount\":935,\"commentCount\":0,\"publisher\":{\"@id\":\"https:\/\/marekkuchcinski.pl\/#organization\"},\"image\":{\"@id\":\"https:\/\/marekkuchcinski.pl\/en\/wspolpraca-miedzynarodowa\/wieden-pierwszy-dzien-konferencji-przewodniczacych-parlamentow-ue-z-udzialem-marszalka-sejmu\/#primaryimage\"},\"thumbnailUrl\":\"https:\/\/marekkuchcinski.pl\/wp-content\/uploads\/2019\/04\/W-1.jpg\",\"articleSection\":[\"Wie\u015bci z Sejmu\",\"Wsp\u00f3\u0142praca mi\u0119dzynarodowa\"],\"inLanguage\":\"ro-RO\",\"potentialAction\":[{\"@type\":\"CommentAction\",\"name\":\"Comment\",\"target\":[\"https:\/\/marekkuchcinski.pl\/en\/wspolpraca-miedzynarodowa\/wieden-pierwszy-dzien-konferencji-przewodniczacych-parlamentow-ue-z-udzialem-marszalka-sejmu\/#respond\"]}]},{\"@type\":\"WebPage\",\"@id\":\"https:\/\/marekkuchcinski.pl\/en\/wspolpraca-miedzynarodowa\/wieden-pierwszy-dzien-konferencji-przewodniczacych-parlamentow-ue-z-udzialem-marszalka-sejmu\/\",\"url\":\"https:\/\/marekkuchcinski.pl\/en\/wspolpraca-miedzynarodowa\/wieden-pierwszy-dzien-konferencji-przewodniczacych-parlamentow-ue-z-udzialem-marszalka-sejmu\/\",\"name\":\"Wiede\u0144: pierwszy dzie\u0144 Konferencji Przewodnicz\u0105cych Parlament\u00f3w UE z udzia\u0142em marsza\u0142ka Sejmu &#8211; Marek Kuchci\u0144ski\",\"isPartOf\":{\"@id\":\"https:\/\/marekkuchcinski.pl\/#website\"},\"primaryImageOfPage\":{\"@id\":\"https:\/\/marekkuchcinski.pl\/en\/wspolpraca-miedzynarodowa\/wieden-pierwszy-dzien-konferencji-przewodniczacych-parlamentow-ue-z-udzialem-marszalka-sejmu\/#primaryimage\"},\"image\":{\"@id\":\"https:\/\/marekkuchcinski.pl\/en\/wspolpraca-miedzynarodowa\/wieden-pierwszy-dzien-konferencji-przewodniczacych-parlamentow-ue-z-udzialem-marszalka-sejmu\/#primaryimage\"},\"thumbnailUrl\":\"https:\/\/marekkuchcinski.pl\/wp-content\/uploads\/2019\/04\/W-1.jpg\",\"datePublished\":\"2019-04-09T09:16:25+00:00\",\"dateModified\":\"2019-04-09T09:16:39+00:00\",\"breadcrumb\":{\"@id\":\"https:\/\/marekkuchcinski.pl\/en\/wspolpraca-miedzynarodowa\/wieden-pierwszy-dzien-konferencji-przewodniczacych-parlamentow-ue-z-udzialem-marszalka-sejmu\/#breadcrumb\"},\"inLanguage\":\"ro-RO\",\"potentialAction\":[{\"@type\":\"ReadAction\",\"target\":[\"https:\/\/marekkuchcinski.pl\/en\/wspolpraca-miedzynarodowa\/wieden-pierwszy-dzien-konferencji-przewodniczacych-parlamentow-ue-z-udzialem-marszalka-sejmu\/\"]}]},{\"@type\":\"ImageObject\",\"inLanguage\":\"ro-RO\",\"@id\":\"https:\/\/marekkuchcinski.pl\/en\/wspolpraca-miedzynarodowa\/wieden-pierwszy-dzien-konferencji-przewodniczacych-parlamentow-ue-z-udzialem-marszalka-sejmu\/#primaryimage\",\"url\":\"https:\/\/marekkuchcinski.pl\/wp-content\/uploads\/2019\/04\/W-1.jpg\",\"contentUrl\":\"https:\/\/marekkuchcinski.pl\/wp-content\/uploads\/2019\/04\/W-1.jpg\",\"width\":2048,\"height\":1363},{\"@type\":\"BreadcrumbList\",\"@id\":\"https:\/\/marekkuchcinski.pl\/en\/wspolpraca-miedzynarodowa\/wieden-pierwszy-dzien-konferencji-przewodniczacych-parlamentow-ue-z-udzialem-marszalka-sejmu\/#breadcrumb\",\"itemListElement\":[{\"@type\":\"ListItem\",\"position\":1,\"name\":\"Strona g\u0142\u00f3wna\",\"item\":\"https:\/\/marekkuchcinski.pl\/\"},{\"@type\":\"ListItem\",\"position\":2,\"name\":\"Wiede\u0144: pierwszy dzie\u0144 Konferencji Przewodnicz\u0105cych Parlament\u00f3w UE z udzia\u0142em marsza\u0142ka Sejmu\"}]},{\"@type\":\"WebSite\",\"@id\":\"https:\/\/marekkuchcinski.pl\/#website\",\"url\":\"https:\/\/marekkuchcinski.pl\/\",\"name\":\"Marek Kuchci\u0144ski\",\"description\":\"Pose\u0142 na sejm RP &ndash; okr\u0119g nr 22\",\"publisher\":{\"@id\":\"https:\/\/marekkuchcinski.pl\/#organization\"},\"potentialAction\":[{\"@type\":\"SearchAction\",\"target\":{\"@type\":\"EntryPoint\",\"urlTemplate\":\"https:\/\/marekkuchcinski.pl\/?s={search_term_string}\"},\"query-input\":{\"@type\":\"PropertyValueSpecification\",\"valueRequired\":true,\"valueName\":\"search_term_string\"}}],\"inLanguage\":\"ro-RO\"},{\"@type\":\"Organization\",\"@id\":\"https:\/\/marekkuchcinski.pl\/#organization\",\"name\":\"Marek Kuchci\u0144ski\",\"url\":\"https:\/\/marekkuchcinski.pl\/\",\"logo\":{\"@type\":\"ImageObject\",\"inLanguage\":\"ro-RO\",\"@id\":\"https:\/\/marekkuchcinski.pl\/#\/schema\/logo\/image\/\",\"url\":\"https:\/\/marekkuchcinski.pl\/wp-content\/uploads\/2022\/09\/Marek.jpg\",\"contentUrl\":\"https:\/\/marekkuchcinski.pl\/wp-content\/uploads\/2022\/09\/Marek.jpg\",\"width\":1600,\"height\":971,\"caption\":\"Marek Kuchci\u0144ski\"},\"image\":{\"@id\":\"https:\/\/marekkuchcinski.pl\/#\/schema\/logo\/image\/\"}},{\"@type\":\"Person\",\"@id\":\"https:\/\/marekkuchcinski.pl\/#\/schema\/person\/6f62700996b4d950b6ea2d1183b6c6be\",\"name\":\"admin\",\"image\":{\"@type\":\"ImageObject\",\"inLanguage\":\"ro-RO\",\"@id\":\"https:\/\/marekkuchcinski.pl\/#\/schema\/person\/image\/\",\"url\":\"https:\/\/secure.gravatar.com\/avatar\/4bab693b9d55c3d6b52c0296a8765085?s=96&d=mm&r=g\",\"contentUrl\":\"https:\/\/secure.gravatar.com\/avatar\/4bab693b9d55c3d6b52c0296a8765085?s=96&d=mm&r=g\",\"caption\":\"admin\"},\"url\":\"https:\/\/marekkuchcinski.pl\/ro\/author\/marta-olejnik\/\"}]}<\/script>\n<!-- \/ Yoast SEO plugin. -->","yoast_head_json":{"title":"Wiede\u0144: pierwszy dzie\u0144 Konferencji Przewodnicz\u0105cych Parlament\u00f3w UE z udzia\u0142em marsza\u0142ka Sejmu &#8211; Marek Kuchci\u0144ski","robots":{"index":"index","follow":"follow","max-snippet":"max-snippet:-1","max-image-preview":"max-image-preview:large","max-video-preview":"max-video-preview:-1"},"canonical":"https:\/\/marekkuchcinski.pl\/ro\/wspolpraca-miedzynarodowa\/wieden-pierwszy-dzien-konferencji-przewodniczacych-parlamentow-ue-z-udzialem-marszalka-sejmu\/","og_locale":"ro_RO","og_type":"article","og_title":"Wiede\u0144: pierwszy dzie\u0144 Konferencji Przewodnicz\u0105cych Parlament\u00f3w UE z udzia\u0142em marsza\u0142ka Sejmu &#8211; Marek Kuchci\u0144ski","og_description":"Relacje Unii Europejskiej z s\u0105siadami, majowe wybory do Parlamentu Europejskiego, wsp\u00f3\u0142praca parlament\u00f3w narodowych i instytucji europejskich \u2013 to g\u0142\u00f3wne tematy Konferencji Przewodnicz\u0105cych Parlament\u00f3w Unii Europejskiej, kt\u00f3ra rozpocz\u0119\u0142a si\u0119 w poniedzia\u0142ek w Wiedniu. Polski parlament w stolicy Austrii reprezentuj\u0105 marsza\u0142kowie Sejmu i Senatu Marek Kuchci\u0144ski i Stanis\u0142aw Karczewski. Konferencja jest corocznym forum wymiany zda\u0144 na temat [&hellip;]","og_url":"https:\/\/marekkuchcinski.pl\/ro\/wspolpraca-miedzynarodowa\/wieden-pierwszy-dzien-konferencji-przewodniczacych-parlamentow-ue-z-udzialem-marszalka-sejmu\/","og_site_name":"Marek Kuchci\u0144ski","article_published_time":"2019-04-09T09:16:25+00:00","article_modified_time":"2019-04-09T09:16:39+00:00","og_image":[{"width":2048,"height":1363,"url":"https:\/\/marekkuchcinski.pl\/wp-content\/uploads\/2019\/04\/W-1.jpg","type":"image\/jpeg"}],"author":"admin","twitter_card":"summary_large_image","twitter_misc":{"Scris de":"admin","Timp estimat pentru citire":"5 minutes"},"schema":{"@context":"https:\/\/schema.org","@graph":[{"@type":"Article","@id":"https:\/\/marekkuchcinski.pl\/en\/wspolpraca-miedzynarodowa\/wieden-pierwszy-dzien-konferencji-przewodniczacych-parlamentow-ue-z-udzialem-marszalka-sejmu\/#article","isPartOf":{"@id":"https:\/\/marekkuchcinski.pl\/en\/wspolpraca-miedzynarodowa\/wieden-pierwszy-dzien-konferencji-przewodniczacych-parlamentow-ue-z-udzialem-marszalka-sejmu\/"},"author":{"name":"admin","@id":"https:\/\/marekkuchcinski.pl\/#\/schema\/person\/6f62700996b4d950b6ea2d1183b6c6be"},"headline":"Wiede\u0144: pierwszy dzie\u0144 Konferencji Przewodnicz\u0105cych Parlament\u00f3w UE z udzia\u0142em marsza\u0142ka Sejmu","datePublished":"2019-04-09T09:16:25+00:00","dateModified":"2019-04-09T09:16:39+00:00","mainEntityOfPage":{"@id":"https:\/\/marekkuchcinski.pl\/en\/wspolpraca-miedzynarodowa\/wieden-pierwszy-dzien-konferencji-przewodniczacych-parlamentow-ue-z-udzialem-marszalka-sejmu\/"},"wordCount":935,"commentCount":0,"publisher":{"@id":"https:\/\/marekkuchcinski.pl\/#organization"},"image":{"@id":"https:\/\/marekkuchcinski.pl\/en\/wspolpraca-miedzynarodowa\/wieden-pierwszy-dzien-konferencji-przewodniczacych-parlamentow-ue-z-udzialem-marszalka-sejmu\/#primaryimage"},"thumbnailUrl":"https:\/\/marekkuchcinski.pl\/wp-content\/uploads\/2019\/04\/W-1.jpg","articleSection":["Wie\u015bci z Sejmu","Wsp\u00f3\u0142praca mi\u0119dzynarodowa"],"inLanguage":"ro-RO","potentialAction":[{"@type":"CommentAction","name":"Comment","target":["https:\/\/marekkuchcinski.pl\/en\/wspolpraca-miedzynarodowa\/wieden-pierwszy-dzien-konferencji-przewodniczacych-parlamentow-ue-z-udzialem-marszalka-sejmu\/#respond"]}]},{"@type":"WebPage","@id":"https:\/\/marekkuchcinski.pl\/en\/wspolpraca-miedzynarodowa\/wieden-pierwszy-dzien-konferencji-przewodniczacych-parlamentow-ue-z-udzialem-marszalka-sejmu\/","url":"https:\/\/marekkuchcinski.pl\/en\/wspolpraca-miedzynarodowa\/wieden-pierwszy-dzien-konferencji-przewodniczacych-parlamentow-ue-z-udzialem-marszalka-sejmu\/","name":"Wiede\u0144: pierwszy dzie\u0144 Konferencji Przewodnicz\u0105cych Parlament\u00f3w UE z udzia\u0142em marsza\u0142ka Sejmu &#8211; Marek Kuchci\u0144ski","isPartOf":{"@id":"https:\/\/marekkuchcinski.pl\/#website"},"primaryImageOfPage":{"@id":"https:\/\/marekkuchcinski.pl\/en\/wspolpraca-miedzynarodowa\/wieden-pierwszy-dzien-konferencji-przewodniczacych-parlamentow-ue-z-udzialem-marszalka-sejmu\/#primaryimage"},"image":{"@id":"https:\/\/marekkuchcinski.pl\/en\/wspolpraca-miedzynarodowa\/wieden-pierwszy-dzien-konferencji-przewodniczacych-parlamentow-ue-z-udzialem-marszalka-sejmu\/#primaryimage"},"thumbnailUrl":"https:\/\/marekkuchcinski.pl\/wp-content\/uploads\/2019\/04\/W-1.jpg","datePublished":"2019-04-09T09:16:25+00:00","dateModified":"2019-04-09T09:16:39+00:00","breadcrumb":{"@id":"https:\/\/marekkuchcinski.pl\/en\/wspolpraca-miedzynarodowa\/wieden-pierwszy-dzien-konferencji-przewodniczacych-parlamentow-ue-z-udzialem-marszalka-sejmu\/#breadcrumb"},"inLanguage":"ro-RO","potentialAction":[{"@type":"ReadAction","target":["https:\/\/marekkuchcinski.pl\/en\/wspolpraca-miedzynarodowa\/wieden-pierwszy-dzien-konferencji-przewodniczacych-parlamentow-ue-z-udzialem-marszalka-sejmu\/"]}]},{"@type":"ImageObject","inLanguage":"ro-RO","@id":"https:\/\/marekkuchcinski.pl\/en\/wspolpraca-miedzynarodowa\/wieden-pierwszy-dzien-konferencji-przewodniczacych-parlamentow-ue-z-udzialem-marszalka-sejmu\/#primaryimage","url":"https:\/\/marekkuchcinski.pl\/wp-content\/uploads\/2019\/04\/W-1.jpg","contentUrl":"https:\/\/marekkuchcinski.pl\/wp-content\/uploads\/2019\/04\/W-1.jpg","width":2048,"height":1363},{"@type":"BreadcrumbList","@id":"https:\/\/marekkuchcinski.pl\/en\/wspolpraca-miedzynarodowa\/wieden-pierwszy-dzien-konferencji-przewodniczacych-parlamentow-ue-z-udzialem-marszalka-sejmu\/#breadcrumb","itemListElement":[{"@type":"ListItem","position":1,"name":"Strona g\u0142\u00f3wna","item":"https:\/\/marekkuchcinski.pl\/"},{"@type":"ListItem","position":2,"name":"Wiede\u0144: pierwszy dzie\u0144 Konferencji Przewodnicz\u0105cych Parlament\u00f3w UE z udzia\u0142em marsza\u0142ka Sejmu"}]},{"@type":"WebSite","@id":"https:\/\/marekkuchcinski.pl\/#website","url":"https:\/\/marekkuchcinski.pl\/","name":"Marek Kuchci\u0144ski","description":"Pose\u0142 na sejm RP &ndash; okr\u0119g nr 22","publisher":{"@id":"https:\/\/marekkuchcinski.pl\/#organization"},"potentialAction":[{"@type":"SearchAction","target":{"@type":"EntryPoint","urlTemplate":"https:\/\/marekkuchcinski.pl\/?s={search_term_string}"},"query-input":{"@type":"PropertyValueSpecification","valueRequired":true,"valueName":"search_term_string"}}],"inLanguage":"ro-RO"},{"@type":"Organization","@id":"https:\/\/marekkuchcinski.pl\/#organization","name":"Marek Kuchci\u0144ski","url":"https:\/\/marekkuchcinski.pl\/","logo":{"@type":"ImageObject","inLanguage":"ro-RO","@id":"https:\/\/marekkuchcinski.pl\/#\/schema\/logo\/image\/","url":"https:\/\/marekkuchcinski.pl\/wp-content\/uploads\/2022\/09\/Marek.jpg","contentUrl":"https:\/\/marekkuchcinski.pl\/wp-content\/uploads\/2022\/09\/Marek.jpg","width":1600,"height":971,"caption":"Marek Kuchci\u0144ski"},"image":{"@id":"https:\/\/marekkuchcinski.pl\/#\/schema\/logo\/image\/"}},{"@type":"Person","@id":"https:\/\/marekkuchcinski.pl\/#\/schema\/person\/6f62700996b4d950b6ea2d1183b6c6be","name":"admin","image":{"@type":"ImageObject","inLanguage":"ro-RO","@id":"https:\/\/marekkuchcinski.pl\/#\/schema\/person\/image\/","url":"https:\/\/secure.gravatar.com\/avatar\/4bab693b9d55c3d6b52c0296a8765085?s=96&d=mm&r=g","contentUrl":"https:\/\/secure.gravatar.com\/avatar\/4bab693b9d55c3d6b52c0296a8765085?s=96&d=mm&r=g","caption":"admin"},"url":"https:\/\/marekkuchcinski.pl\/ro\/author\/marta-olejnik\/"}]}},"_links":{"self":[{"href":"https:\/\/marekkuchcinski.pl\/ro\/wp-json\/wp\/v2\/posts\/14596","targetHints":{"allow":["GET"]}}],"collection":[{"href":"https:\/\/marekkuchcinski.pl\/ro\/wp-json\/wp\/v2\/posts"}],"about":[{"href":"https:\/\/marekkuchcinski.pl\/ro\/wp-json\/wp\/v2\/types\/post"}],"author":[{"embeddable":true,"href":"https:\/\/marekkuchcinski.pl\/ro\/wp-json\/wp\/v2\/users\/6"}],"replies":[{"embeddable":true,"href":"https:\/\/marekkuchcinski.pl\/ro\/wp-json\/wp\/v2\/comments?post=14596"}],"version-history":[{"count":3,"href":"https:\/\/marekkuchcinski.pl\/ro\/wp-json\/wp\/v2\/posts\/14596\/revisions"}],"predecessor-version":[{"id":14608,"href":"https:\/\/marekkuchcinski.pl\/ro\/wp-json\/wp\/v2\/posts\/14596\/revisions\/14608"}],"wp:featuredmedia":[{"embeddable":true,"href":"https:\/\/marekkuchcinski.pl\/ro\/wp-json\/wp\/v2\/media\/14605"}],"wp:attachment":[{"href":"https:\/\/marekkuchcinski.pl\/ro\/wp-json\/wp\/v2\/media?parent=14596"}],"wp:term":[{"taxonomy":"category","embeddable":true,"href":"https:\/\/marekkuchcinski.pl\/ro\/wp-json\/wp\/v2\/categories?post=14596"},{"taxonomy":"post_tag","embeddable":true,"href":"https:\/\/marekkuchcinski.pl\/ro\/wp-json\/wp\/v2\/tags?post=14596"}],"curies":[{"name":"wp","href":"https:\/\/api.w.org\/{rel}","templated":true}]}}