{"id":14590,"date":"2019-04-07T20:04:14","date_gmt":"2019-04-07T18:04:14","guid":{"rendered":"https:\/\/marekkuchcinski.pl\/?p=14590"},"modified":"2019-04-07T20:04:16","modified_gmt":"2019-04-07T18:04:16","slug":"xxi-sejmik-folklorystyczny-zwiazany-z-obchodami-swiat-wielkanocnych","status":"publish","type":"post","link":"https:\/\/marekkuchcinski.pl\/ro\/bez-kategorii\/lms\/xxi-sejmik-folklorystyczny-zwiazany-z-obchodami-swiat-wielkanocnych\/","title":{"rendered":"A XXI-a edi\u021bie a Ansamblului folcloric de Pa\u0219ti"},"content":{"rendered":"<p class=\"wp-block-paragraph\"><strong><em>Domnul<br> Waclaw Pawlowski<br> Primarul comunei Krzywcza <br> <\/em><\/strong><\/p>\n\n\n\n<p class=\"wp-block-paragraph\"><em>Drag\u0103\nDomnul primar,<\/em><\/p>\n\n\n\n<p class=\"wp-block-paragraph\"><em>A\u0219 dori s\u0103 v\u0103 mul\u021bumesc sincer pentru\npentru c\u0103 m-a\u021bi invitat la cel de-al 21-lea Forum de folclor de la Pa\u0219te.\nPa\u0219te. Neput\u00e2nd fi prezent, a\u0219 dori s\u0103 profit de aceast\u0103 ocazie pentru a transmite salut\u0103rile mele c\u0103tre\npentru to\u021bi participan\u021bii.<\/em><\/p>\n\n\n\n<p class=\"wp-block-paragraph\"><em>Pa\u0219tele este un moment special,\nc\u00e2nd ritualurile religioase simbolice, tradi\u021biile populare \u0219i rena\u0219terea naturii\nse unesc \u00eentr-unul singur. Obiceiuri str\u0103vechi comemoreaz\u0103 evenimente cre\u0219tine importante\nevenimente, precum \u0219i pentru a eviden\u021bia transform\u0103rile naturale care au loc <br>\n\u00een lumea natural\u0103. <\/em><\/p>\n\n\n\n<p class=\"wp-block-paragraph\"><em>M\u0103 bucur c\u0103 \u00een fiecare an\nForumul de folclor, \u00een cadrul c\u0103ruia cei mai mici au ocazia s\u0103 \u00eenve\u021be despre obiceiuri str\u0103vechi.\nposibilitatea de a \u00eenv\u0103\u021ba despre obiceiurile str\u0103vechi. La urma urmei, aceasta este o parte important\u0103 a patrimoniului nostru.\ncare a fost transmis\u0103 genera\u021biei urm\u0103toare timp de secole.  V\u0103 rug\u0103m s\u0103 accepta\u021bi cele mai calde ur\u0103ri\no atmosfer\u0103 pl\u0103cut\u0103 \u0219i mult\u0103 distrac\u021bie. Felicit\u0103ri c\u00e2\u0219tig\u0103torilor concursurilor de Pa\u0219te.<\/em><\/p>\n\n\n\n<p class=\"wp-block-paragraph\"><em>Cu ocazia s\u0103rb\u0103torilor care se apropie, v\u0103 doresc\ns\u0103 v\u0103 bucura\u021bi de acest moment special <br>\n\u00eentr-un spirit de bucurie, \u00een\u021belegere reciproc\u0103\n\u0219i speran\u021b\u0103. <\/em><\/p>\n\n\n\n<p class=\"wp-block-paragraph\"><em>V\u0103 salut\u0103m cu drag \u0219i v\u0103 transmitem cele mai bune g\u00e2nduri.\nrespect.<\/em><\/p>\n\n\n\n<p class=\"wp-block-paragraph\"><em>&nbsp;&nbsp;&nbsp; Marek Kuchci\u0144ski&nbsp; <\/em><\/p>","protected":false},"excerpt":{"rendered":"<p>Pan Wac\u0142aw Paw\u0142owski W\u00f3jt Gminy Krzywcza Szanowny Panie W\u00f3jcie, pragn\u0119 serdecznie podzi\u0119kowa\u0107 za zaproszenie na XXI Sejmik Folklorystyczny zwi\u0105zany z obchodami \u015awi\u0105t Wielkanocnych. Nie mog\u0105c wzi\u0105\u0107 w nim udzia\u0142u, t\u0105 drog\u0105 chcia\u0142bym pozdrowi\u0107 wszystkich uczestnik\u00f3w. \u015awi\u0119ta wielkanocne to wyj\u0105tkowy czas, kiedy symboliczne obrz\u0119dy religijne, tradycja ludowa i odradzaj\u0105ca przyroda splataj\u0105 si\u0119 w jedno. Dawne zwyczaje [&hellip;]<\/p>\n","protected":false},"author":6,"featured_media":14113,"comment_status":"open","ping_status":"open","sticky":false,"template":"","format":"standard","meta":{"ngg_post_thumbnail":0,"footnotes":""},"categories":[104],"tags":[],"class_list":["post-14590","post","type-post","status-publish","format-standard","has-post-thumbnail","hentry","category-lms"],"_links":{"self":[{"href":"https:\/\/marekkuchcinski.pl\/ro\/wp-json\/wp\/v2\/posts\/14590","targetHints":{"allow":["GET"]}}],"collection":[{"href":"https:\/\/marekkuchcinski.pl\/ro\/wp-json\/wp\/v2\/posts"}],"about":[{"href":"https:\/\/marekkuchcinski.pl\/ro\/wp-json\/wp\/v2\/types\/post"}],"author":[{"embeddable":true,"href":"https:\/\/marekkuchcinski.pl\/ro\/wp-json\/wp\/v2\/users\/6"}],"replies":[{"embeddable":true,"href":"https:\/\/marekkuchcinski.pl\/ro\/wp-json\/wp\/v2\/comments?post=14590"}],"version-history":[{"count":1,"href":"https:\/\/marekkuchcinski.pl\/ro\/wp-json\/wp\/v2\/posts\/14590\/revisions"}],"predecessor-version":[{"id":14591,"href":"https:\/\/marekkuchcinski.pl\/ro\/wp-json\/wp\/v2\/posts\/14590\/revisions\/14591"}],"wp:featuredmedia":[{"embeddable":true,"href":"https:\/\/marekkuchcinski.pl\/ro\/wp-json\/wp\/v2\/media\/14113"}],"wp:attachment":[{"href":"https:\/\/marekkuchcinski.pl\/ro\/wp-json\/wp\/v2\/media?parent=14590"}],"wp:term":[{"taxonomy":"category","embeddable":true,"href":"https:\/\/marekkuchcinski.pl\/ro\/wp-json\/wp\/v2\/categories?post=14590"},{"taxonomy":"post_tag","embeddable":true,"href":"https:\/\/marekkuchcinski.pl\/ro\/wp-json\/wp\/v2\/tags?post=14590"}],"curies":[{"name":"wp","href":"https:\/\/api.w.org\/{rel}","templated":true}]}}