{"id":14587,"date":"2019-04-07T19:59:43","date_gmt":"2019-04-07T17:59:43","guid":{"rendered":"https:\/\/marekkuchcinski.pl\/?p=14587"},"modified":"2019-04-07T20:06:19","modified_gmt":"2019-04-07T18:06:19","slug":"uroczyste-obchody-upamietniajace-9-rocznice-tragedii-smolenskiej-i-79-rocznice-mordu-katynskiego","status":"publish","type":"post","link":"https:\/\/marekkuchcinski.pl\/ro\/bez-kategorii\/lms\/uroczyste-obchody-upamietniajace-9-rocznice-tragedii-smolenskiej-i-79-rocznice-mordu-katynskiego\/","title":{"rendered":"Comemorarea solemn\u0103 a celei de-a 9-a anivers\u0103ri a tragediei de la Smolensk \u0219i a 79-a aniversare a masacrului de la Katyn"},"content":{"rendered":"<p><strong>&nbsp;&nbsp; Dna Barbara Bartu\u015b<\/strong><\/p>\n\n\n\n<p><strong>&nbsp;&nbsp; Membru al Parlamentului polonez<\/strong><\/p>\n\n\n\n<p><strong>&nbsp;&nbsp; Consiliul districtual <\/strong><\/p>\n\n\n\n<p><strong>&nbsp;&nbsp; Drept \u0219i justi\u021bie <\/strong><\/p>\n\n\n\n<p><strong>&nbsp;&nbsp; \u00een Gorlice<\/strong><\/p>\n\n\n\n<p><strong>&nbsp;&nbsp; Asocia\u021bia Ora\u0219ul nostru <\/strong><\/p>\n\n\n\n<p>Doamnelor \u0219i domnilor, <\/p>\n\n\n\n<p>v\u0103 mul\u021bumim pentru invita\u021bia la comemorarea solemn\u0103 a celei de-a 9-a anivers\u0103ri a\ntragediei de la Smolensk \u0219i a 79-a aniversare a masacrului de la Katyn. <\/p>\n\n\n\n<p><a>Reveria rug\u0103toare unific\u0103 \u00eentr-un mod unic pe\ncredincio\u0219i, p<\/a>evenimentul este o reamintire a ideilor noastre comune \u0219i o reflec\u021bie asupra\nIstoria noastr\u0103 dificil\u0103, precum \u0219i oamenii care au fost uni\u021bi de grija pentru binele\npatriei \u0219i devotamentul fa\u021b\u0103 de valorile patriotice. <\/p>\n\n\n\n<p>\u00cen aceast\u0103 zi aniversar\u0103, \u00eel comemor\u0103m pe regretatul pre\u0219edinte al Republicii Polone, profesorul Lech\nKaczy\u0144ski \u0219i so\u021bia sa Maria \u0219i toate victimele catastrofei de la Smolensk\nCatastrofa de la Smolensk. Mai mult dec\u00e2t de obicei, sim\u021bim golul l\u0103sat de prietenii no\u0219tri, dragi inimilor noastre\nprieteni \u0219i colegi dragi inimilor noastre. Moartea lor tragic\u0103 a fost, de asemenea\nne face s\u0103 reflect\u0103m la mo\u0219tenirea lor. <\/p>\n\n\n\n<p>Mo\u0219tenirea l\u0103sat\u0103 de regretatul Lech Kaczy\u0144ski este o surs\u0103 de inspira\u021bie pentru noi,\n\u0219i, \u00een acela\u0219i timp, o obliga\u021bie fa\u021b\u0103 de trecut, fa\u021b\u0103 de cei care au luptat pentru\nlibertate. Cu un respect \u0219i mai mare ne plec\u0103m capetele \u00een fa\u021ba victimelor masacrului de la Katyn - asasinate de NKVD \u00een Polonia.\nMasacrul de la Katyn - Polonezi uci\u0219i de NKVD. <\/p>\n\n\n\n<p>A\u0219 dori s\u0103 mul\u021bumesc organizatorilor comemor\u0103rilor solemne de la Gorlice.\npentru cultivarea memoriei eroilor no\u0219tri. <\/p>\n\n\n\n<p>&nbsp;&nbsp;&nbsp;&nbsp;&nbsp;&nbsp;&nbsp;&nbsp;&nbsp;&nbsp;&nbsp;&nbsp;&nbsp;&nbsp;&nbsp;&nbsp;&nbsp;&nbsp;&nbsp;&nbsp;&nbsp;&nbsp;&nbsp;&nbsp;&nbsp;&nbsp;&nbsp;&nbsp;&nbsp;&nbsp;&nbsp;&nbsp;&nbsp;&nbsp;&nbsp;&nbsp;&nbsp;&nbsp;&nbsp;&nbsp;&nbsp;&nbsp;&nbsp;&nbsp;&nbsp;&nbsp;&nbsp;&nbsp;&nbsp;&nbsp;&nbsp;&nbsp;&nbsp;&nbsp;&nbsp;&nbsp;&nbsp;&nbsp;&nbsp;&nbsp;&nbsp;&nbsp;&nbsp;&nbsp;&nbsp;&nbsp;&nbsp;&nbsp;&nbsp;&nbsp;&nbsp;&nbsp;&nbsp;&nbsp;&nbsp;&nbsp;&nbsp;&nbsp;&nbsp;&nbsp;&nbsp;&nbsp; Z\ncele mai bune salut\u0103ri <\/p>\n\n\n\n<p>&nbsp;&nbsp;&nbsp;&nbsp;&nbsp;&nbsp;&nbsp;&nbsp;&nbsp;&nbsp;&nbsp;&nbsp;&nbsp;&nbsp;&nbsp;&nbsp;&nbsp;&nbsp;&nbsp;&nbsp;&nbsp;&nbsp;&nbsp;&nbsp;&nbsp;&nbsp;&nbsp;&nbsp;&nbsp;&nbsp;&nbsp;&nbsp;&nbsp;&nbsp;&nbsp;&nbsp;&nbsp;&nbsp;&nbsp;&nbsp;&nbsp;&nbsp;&nbsp;&nbsp;&nbsp;&nbsp;&nbsp;&nbsp;&nbsp;&nbsp;&nbsp;&nbsp;&nbsp;&nbsp;&nbsp;&nbsp;&nbsp;&nbsp;&nbsp;&nbsp;&nbsp;&nbsp;&nbsp;&nbsp;&nbsp;&nbsp;\n&nbsp;&nbsp;&nbsp;&nbsp;&nbsp;&nbsp;&nbsp;&nbsp;&nbsp;&nbsp;&nbsp;&nbsp;&nbsp;&nbsp;&nbsp;&nbsp;&nbsp;&nbsp;&nbsp;Marek\nKuchci\u0144ski <\/p>","protected":false},"excerpt":{"rendered":"<p>&nbsp;&nbsp; Pani Barbara Bartu\u015b &nbsp;&nbsp; Pose\u0142 na Sejm RP &nbsp;&nbsp; Zarz\u0105d Powiatowy &nbsp;&nbsp; Prawa i Sprawiedliwo\u015bci &nbsp;&nbsp; w Gorlicach &nbsp;&nbsp; Stowarzyszenie \u201eNasze Miasto\u201d Szanowni Pa\u0144stwo, dzi\u0119kuj\u0119 za zaproszenie na uroczyste obchody upami\u0119tniaj\u0105ce 9. rocznic\u0119 tragedii smole\u0144skiej i 79. rocznic\u0119 mordu katy\u0144skiego. Modlitewna zaduma w wyj\u0105tkowy spos\u00f3b jednoczy wiernych, przypomina wsp\u00f3lne idee i sk\u0142ania do g\u0142\u0119bokich [&hellip;]<\/p>","protected":false},"author":6,"featured_media":14113,"comment_status":"open","ping_status":"open","sticky":false,"template":"","format":"standard","meta":{"ngg_post_thumbnail":0,"footnotes":""},"categories":[104],"tags":[],"class_list":["post-14587","post","type-post","status-publish","format-standard","has-post-thumbnail","hentry","category-lms"],"yoast_head":"<!-- This site is optimized with the Yoast SEO plugin v24.7 - https:\/\/yoast.com\/wordpress\/plugins\/seo\/ -->\n<title>Uroczyste obchody upami\u0119tniaj\u0105ce 9. rocznic\u0119 tragedii smole\u0144skiej i 79. rocznic\u0119 mordu katy\u0144skiego &#8211; Marek Kuchci\u0144ski<\/title>\n<meta name=\"robots\" content=\"index, follow, max-snippet:-1, max-image-preview:large, max-video-preview:-1\" \/>\n<link rel=\"canonical\" href=\"https:\/\/marekkuchcinski.pl\/ro\/bez-kategorii\/lms\/uroczyste-obchody-upamietniajace-9-rocznice-tragedii-smolenskiej-i-79-rocznice-mordu-katynskiego\/\" \/>\n<meta property=\"og:locale\" content=\"ro_RO\" \/>\n<meta property=\"og:type\" content=\"article\" \/>\n<meta property=\"og:title\" content=\"Uroczyste obchody upami\u0119tniaj\u0105ce 9. rocznic\u0119 tragedii smole\u0144skiej i 79. rocznic\u0119 mordu katy\u0144skiego &#8211; Marek Kuchci\u0144ski\" \/>\n<meta property=\"og:description\" content=\"&nbsp;&nbsp; Pani Barbara Bartu\u015b &nbsp;&nbsp; Pose\u0142 na Sejm RP &nbsp;&nbsp; Zarz\u0105d Powiatowy &nbsp;&nbsp; Prawa i Sprawiedliwo\u015bci &nbsp;&nbsp; w Gorlicach &nbsp;&nbsp; Stowarzyszenie \u201eNasze Miasto\u201d Szanowni Pa\u0144stwo, dzi\u0119kuj\u0119 za zaproszenie na uroczyste obchody upami\u0119tniaj\u0105ce 9. rocznic\u0119 tragedii smole\u0144skiej i 79. rocznic\u0119 mordu katy\u0144skiego. Modlitewna zaduma w wyj\u0105tkowy spos\u00f3b jednoczy wiernych, przypomina wsp\u00f3lne idee i sk\u0142ania do g\u0142\u0119bokich [&hellip;]\" \/>\n<meta property=\"og:url\" content=\"https:\/\/marekkuchcinski.pl\/ro\/bez-kategorii\/lms\/uroczyste-obchody-upamietniajace-9-rocznice-tragedii-smolenskiej-i-79-rocznice-mordu-katynskiego\/\" \/>\n<meta property=\"og:site_name\" content=\"Marek Kuchci\u0144ski\" \/>\n<meta property=\"article:published_time\" content=\"2019-04-07T17:59:43+00:00\" \/>\n<meta property=\"article:modified_time\" content=\"2019-04-07T18:06:19+00:00\" \/>\n<meta property=\"og:image\" content=\"https:\/\/marekkuchcinski.pl\/wp-content\/uploads\/2019\/03\/\u00a9_DSCF6504.jpg\" \/>\n\t<meta property=\"og:image:width\" content=\"2048\" \/>\n\t<meta property=\"og:image:height\" content=\"1955\" \/>\n\t<meta property=\"og:image:type\" content=\"image\/jpeg\" \/>\n<meta name=\"author\" content=\"admin\" \/>\n<meta name=\"twitter:card\" content=\"summary_large_image\" \/>\n<meta name=\"twitter:label1\" content=\"Scris de\" \/>\n\t<meta name=\"twitter:data1\" content=\"admin\" \/>\n\t<meta name=\"twitter:label2\" content=\"Timp estimat pentru citire\" \/>\n\t<meta name=\"twitter:data2\" content=\"2 minutes\" \/>\n<script type=\"application\/ld+json\" class=\"yoast-schema-graph\">{\"@context\":\"https:\/\/schema.org\",\"@graph\":[{\"@type\":\"Article\",\"@id\":\"https:\/\/marekkuchcinski.pl\/hu\/bez-kategorii\/lms\/uroczyste-obchody-upamietniajace-9-rocznice-tragedii-smolenskiej-i-79-rocznice-mordu-katynskiego\/#article\",\"isPartOf\":{\"@id\":\"https:\/\/marekkuchcinski.pl\/hu\/bez-kategorii\/lms\/uroczyste-obchody-upamietniajace-9-rocznice-tragedii-smolenskiej-i-79-rocznice-mordu-katynskiego\/\"},\"author\":{\"name\":\"admin\",\"@id\":\"https:\/\/marekkuchcinski.pl\/#\/schema\/person\/6f62700996b4d950b6ea2d1183b6c6be\"},\"headline\":\"Uroczyste obchody upami\u0119tniaj\u0105ce 9. rocznic\u0119 tragedii smole\u0144skiej i 79. rocznic\u0119 mordu katy\u0144skiego\",\"datePublished\":\"2019-04-07T17:59:43+00:00\",\"dateModified\":\"2019-04-07T18:06:19+00:00\",\"mainEntityOfPage\":{\"@id\":\"https:\/\/marekkuchcinski.pl\/hu\/bez-kategorii\/lms\/uroczyste-obchody-upamietniajace-9-rocznice-tragedii-smolenskiej-i-79-rocznice-mordu-katynskiego\/\"},\"wordCount\":398,\"commentCount\":0,\"publisher\":{\"@id\":\"https:\/\/marekkuchcinski.pl\/#organization\"},\"image\":{\"@id\":\"https:\/\/marekkuchcinski.pl\/hu\/bez-kategorii\/lms\/uroczyste-obchody-upamietniajace-9-rocznice-tragedii-smolenskiej-i-79-rocznice-mordu-katynskiego\/#primaryimage\"},\"thumbnailUrl\":\"https:\/\/marekkuchcinski.pl\/wp-content\/uploads\/2019\/03\/\u00a9_DSCF6504.jpg\",\"articleSection\":[\"Listy Marsza\u0142ka Sejmu\"],\"inLanguage\":\"ro-RO\",\"potentialAction\":[{\"@type\":\"CommentAction\",\"name\":\"Comment\",\"target\":[\"https:\/\/marekkuchcinski.pl\/hu\/bez-kategorii\/lms\/uroczyste-obchody-upamietniajace-9-rocznice-tragedii-smolenskiej-i-79-rocznice-mordu-katynskiego\/#respond\"]}]},{\"@type\":\"WebPage\",\"@id\":\"https:\/\/marekkuchcinski.pl\/hu\/bez-kategorii\/lms\/uroczyste-obchody-upamietniajace-9-rocznice-tragedii-smolenskiej-i-79-rocznice-mordu-katynskiego\/\",\"url\":\"https:\/\/marekkuchcinski.pl\/hu\/bez-kategorii\/lms\/uroczyste-obchody-upamietniajace-9-rocznice-tragedii-smolenskiej-i-79-rocznice-mordu-katynskiego\/\",\"name\":\"Uroczyste obchody upami\u0119tniaj\u0105ce 9. rocznic\u0119 tragedii smole\u0144skiej i 79. rocznic\u0119 mordu katy\u0144skiego &#8211; Marek Kuchci\u0144ski\",\"isPartOf\":{\"@id\":\"https:\/\/marekkuchcinski.pl\/#website\"},\"primaryImageOfPage\":{\"@id\":\"https:\/\/marekkuchcinski.pl\/hu\/bez-kategorii\/lms\/uroczyste-obchody-upamietniajace-9-rocznice-tragedii-smolenskiej-i-79-rocznice-mordu-katynskiego\/#primaryimage\"},\"image\":{\"@id\":\"https:\/\/marekkuchcinski.pl\/hu\/bez-kategorii\/lms\/uroczyste-obchody-upamietniajace-9-rocznice-tragedii-smolenskiej-i-79-rocznice-mordu-katynskiego\/#primaryimage\"},\"thumbnailUrl\":\"https:\/\/marekkuchcinski.pl\/wp-content\/uploads\/2019\/03\/\u00a9_DSCF6504.jpg\",\"datePublished\":\"2019-04-07T17:59:43+00:00\",\"dateModified\":\"2019-04-07T18:06:19+00:00\",\"breadcrumb\":{\"@id\":\"https:\/\/marekkuchcinski.pl\/hu\/bez-kategorii\/lms\/uroczyste-obchody-upamietniajace-9-rocznice-tragedii-smolenskiej-i-79-rocznice-mordu-katynskiego\/#breadcrumb\"},\"inLanguage\":\"ro-RO\",\"potentialAction\":[{\"@type\":\"ReadAction\",\"target\":[\"https:\/\/marekkuchcinski.pl\/hu\/bez-kategorii\/lms\/uroczyste-obchody-upamietniajace-9-rocznice-tragedii-smolenskiej-i-79-rocznice-mordu-katynskiego\/\"]}]},{\"@type\":\"ImageObject\",\"inLanguage\":\"ro-RO\",\"@id\":\"https:\/\/marekkuchcinski.pl\/hu\/bez-kategorii\/lms\/uroczyste-obchody-upamietniajace-9-rocznice-tragedii-smolenskiej-i-79-rocznice-mordu-katynskiego\/#primaryimage\",\"url\":\"https:\/\/marekkuchcinski.pl\/wp-content\/uploads\/2019\/03\/\u00a9_DSCF6504.jpg\",\"contentUrl\":\"https:\/\/marekkuchcinski.pl\/wp-content\/uploads\/2019\/03\/\u00a9_DSCF6504.jpg\",\"width\":2048,\"height\":1955},{\"@type\":\"BreadcrumbList\",\"@id\":\"https:\/\/marekkuchcinski.pl\/hu\/bez-kategorii\/lms\/uroczyste-obchody-upamietniajace-9-rocznice-tragedii-smolenskiej-i-79-rocznice-mordu-katynskiego\/#breadcrumb\",\"itemListElement\":[{\"@type\":\"ListItem\",\"position\":1,\"name\":\"Strona g\u0142\u00f3wna\",\"item\":\"https:\/\/marekkuchcinski.pl\/\"},{\"@type\":\"ListItem\",\"position\":2,\"name\":\"Uroczyste obchody upami\u0119tniaj\u0105ce 9. rocznic\u0119 tragedii smole\u0144skiej i 79. rocznic\u0119 mordu katy\u0144skiego\"}]},{\"@type\":\"WebSite\",\"@id\":\"https:\/\/marekkuchcinski.pl\/#website\",\"url\":\"https:\/\/marekkuchcinski.pl\/\",\"name\":\"Marek Kuchci\u0144ski\",\"description\":\"Pose\u0142 na sejm RP &ndash; okr\u0119g nr 22\",\"publisher\":{\"@id\":\"https:\/\/marekkuchcinski.pl\/#organization\"},\"potentialAction\":[{\"@type\":\"SearchAction\",\"target\":{\"@type\":\"EntryPoint\",\"urlTemplate\":\"https:\/\/marekkuchcinski.pl\/?s={search_term_string}\"},\"query-input\":{\"@type\":\"PropertyValueSpecification\",\"valueRequired\":true,\"valueName\":\"search_term_string\"}}],\"inLanguage\":\"ro-RO\"},{\"@type\":\"Organization\",\"@id\":\"https:\/\/marekkuchcinski.pl\/#organization\",\"name\":\"Marek Kuchci\u0144ski\",\"url\":\"https:\/\/marekkuchcinski.pl\/\",\"logo\":{\"@type\":\"ImageObject\",\"inLanguage\":\"ro-RO\",\"@id\":\"https:\/\/marekkuchcinski.pl\/#\/schema\/logo\/image\/\",\"url\":\"https:\/\/marekkuchcinski.pl\/wp-content\/uploads\/2022\/09\/Marek.jpg\",\"contentUrl\":\"https:\/\/marekkuchcinski.pl\/wp-content\/uploads\/2022\/09\/Marek.jpg\",\"width\":1600,\"height\":971,\"caption\":\"Marek Kuchci\u0144ski\"},\"image\":{\"@id\":\"https:\/\/marekkuchcinski.pl\/#\/schema\/logo\/image\/\"}},{\"@type\":\"Person\",\"@id\":\"https:\/\/marekkuchcinski.pl\/#\/schema\/person\/6f62700996b4d950b6ea2d1183b6c6be\",\"name\":\"admin\",\"image\":{\"@type\":\"ImageObject\",\"inLanguage\":\"ro-RO\",\"@id\":\"https:\/\/marekkuchcinski.pl\/#\/schema\/person\/image\/\",\"url\":\"https:\/\/secure.gravatar.com\/avatar\/4bab693b9d55c3d6b52c0296a8765085?s=96&d=mm&r=g\",\"contentUrl\":\"https:\/\/secure.gravatar.com\/avatar\/4bab693b9d55c3d6b52c0296a8765085?s=96&d=mm&r=g\",\"caption\":\"admin\"},\"url\":\"https:\/\/marekkuchcinski.pl\/ro\/author\/marta-olejnik\/\"}]}<\/script>\n<!-- \/ Yoast SEO plugin. -->","yoast_head_json":{"title":"Uroczyste obchody upami\u0119tniaj\u0105ce 9. rocznic\u0119 tragedii smole\u0144skiej i 79. rocznic\u0119 mordu katy\u0144skiego &#8211; Marek Kuchci\u0144ski","robots":{"index":"index","follow":"follow","max-snippet":"max-snippet:-1","max-image-preview":"max-image-preview:large","max-video-preview":"max-video-preview:-1"},"canonical":"https:\/\/marekkuchcinski.pl\/ro\/bez-kategorii\/lms\/uroczyste-obchody-upamietniajace-9-rocznice-tragedii-smolenskiej-i-79-rocznice-mordu-katynskiego\/","og_locale":"ro_RO","og_type":"article","og_title":"Uroczyste obchody upami\u0119tniaj\u0105ce 9. rocznic\u0119 tragedii smole\u0144skiej i 79. rocznic\u0119 mordu katy\u0144skiego &#8211; Marek Kuchci\u0144ski","og_description":"&nbsp;&nbsp; Pani Barbara Bartu\u015b &nbsp;&nbsp; Pose\u0142 na Sejm RP &nbsp;&nbsp; Zarz\u0105d Powiatowy &nbsp;&nbsp; Prawa i Sprawiedliwo\u015bci &nbsp;&nbsp; w Gorlicach &nbsp;&nbsp; Stowarzyszenie \u201eNasze Miasto\u201d Szanowni Pa\u0144stwo, dzi\u0119kuj\u0119 za zaproszenie na uroczyste obchody upami\u0119tniaj\u0105ce 9. rocznic\u0119 tragedii smole\u0144skiej i 79. rocznic\u0119 mordu katy\u0144skiego. Modlitewna zaduma w wyj\u0105tkowy spos\u00f3b jednoczy wiernych, przypomina wsp\u00f3lne idee i sk\u0142ania do g\u0142\u0119bokich [&hellip;]","og_url":"https:\/\/marekkuchcinski.pl\/ro\/bez-kategorii\/lms\/uroczyste-obchody-upamietniajace-9-rocznice-tragedii-smolenskiej-i-79-rocznice-mordu-katynskiego\/","og_site_name":"Marek Kuchci\u0144ski","article_published_time":"2019-04-07T17:59:43+00:00","article_modified_time":"2019-04-07T18:06:19+00:00","og_image":[{"width":2048,"height":1955,"url":"https:\/\/marekkuchcinski.pl\/wp-content\/uploads\/2019\/03\/\u00a9_DSCF6504.jpg","type":"image\/jpeg"}],"author":"admin","twitter_card":"summary_large_image","twitter_misc":{"Scris de":"admin","Timp estimat pentru citire":"2 minutes"},"schema":{"@context":"https:\/\/schema.org","@graph":[{"@type":"Article","@id":"https:\/\/marekkuchcinski.pl\/hu\/bez-kategorii\/lms\/uroczyste-obchody-upamietniajace-9-rocznice-tragedii-smolenskiej-i-79-rocznice-mordu-katynskiego\/#article","isPartOf":{"@id":"https:\/\/marekkuchcinski.pl\/hu\/bez-kategorii\/lms\/uroczyste-obchody-upamietniajace-9-rocznice-tragedii-smolenskiej-i-79-rocznice-mordu-katynskiego\/"},"author":{"name":"admin","@id":"https:\/\/marekkuchcinski.pl\/#\/schema\/person\/6f62700996b4d950b6ea2d1183b6c6be"},"headline":"Uroczyste obchody upami\u0119tniaj\u0105ce 9. rocznic\u0119 tragedii smole\u0144skiej i 79. rocznic\u0119 mordu katy\u0144skiego","datePublished":"2019-04-07T17:59:43+00:00","dateModified":"2019-04-07T18:06:19+00:00","mainEntityOfPage":{"@id":"https:\/\/marekkuchcinski.pl\/hu\/bez-kategorii\/lms\/uroczyste-obchody-upamietniajace-9-rocznice-tragedii-smolenskiej-i-79-rocznice-mordu-katynskiego\/"},"wordCount":398,"commentCount":0,"publisher":{"@id":"https:\/\/marekkuchcinski.pl\/#organization"},"image":{"@id":"https:\/\/marekkuchcinski.pl\/hu\/bez-kategorii\/lms\/uroczyste-obchody-upamietniajace-9-rocznice-tragedii-smolenskiej-i-79-rocznice-mordu-katynskiego\/#primaryimage"},"thumbnailUrl":"https:\/\/marekkuchcinski.pl\/wp-content\/uploads\/2019\/03\/\u00a9_DSCF6504.jpg","articleSection":["Listy Marsza\u0142ka Sejmu"],"inLanguage":"ro-RO","potentialAction":[{"@type":"CommentAction","name":"Comment","target":["https:\/\/marekkuchcinski.pl\/hu\/bez-kategorii\/lms\/uroczyste-obchody-upamietniajace-9-rocznice-tragedii-smolenskiej-i-79-rocznice-mordu-katynskiego\/#respond"]}]},{"@type":"WebPage","@id":"https:\/\/marekkuchcinski.pl\/hu\/bez-kategorii\/lms\/uroczyste-obchody-upamietniajace-9-rocznice-tragedii-smolenskiej-i-79-rocznice-mordu-katynskiego\/","url":"https:\/\/marekkuchcinski.pl\/hu\/bez-kategorii\/lms\/uroczyste-obchody-upamietniajace-9-rocznice-tragedii-smolenskiej-i-79-rocznice-mordu-katynskiego\/","name":"Uroczyste obchody upami\u0119tniaj\u0105ce 9. rocznic\u0119 tragedii smole\u0144skiej i 79. rocznic\u0119 mordu katy\u0144skiego &#8211; Marek Kuchci\u0144ski","isPartOf":{"@id":"https:\/\/marekkuchcinski.pl\/#website"},"primaryImageOfPage":{"@id":"https:\/\/marekkuchcinski.pl\/hu\/bez-kategorii\/lms\/uroczyste-obchody-upamietniajace-9-rocznice-tragedii-smolenskiej-i-79-rocznice-mordu-katynskiego\/#primaryimage"},"image":{"@id":"https:\/\/marekkuchcinski.pl\/hu\/bez-kategorii\/lms\/uroczyste-obchody-upamietniajace-9-rocznice-tragedii-smolenskiej-i-79-rocznice-mordu-katynskiego\/#primaryimage"},"thumbnailUrl":"https:\/\/marekkuchcinski.pl\/wp-content\/uploads\/2019\/03\/\u00a9_DSCF6504.jpg","datePublished":"2019-04-07T17:59:43+00:00","dateModified":"2019-04-07T18:06:19+00:00","breadcrumb":{"@id":"https:\/\/marekkuchcinski.pl\/hu\/bez-kategorii\/lms\/uroczyste-obchody-upamietniajace-9-rocznice-tragedii-smolenskiej-i-79-rocznice-mordu-katynskiego\/#breadcrumb"},"inLanguage":"ro-RO","potentialAction":[{"@type":"ReadAction","target":["https:\/\/marekkuchcinski.pl\/hu\/bez-kategorii\/lms\/uroczyste-obchody-upamietniajace-9-rocznice-tragedii-smolenskiej-i-79-rocznice-mordu-katynskiego\/"]}]},{"@type":"ImageObject","inLanguage":"ro-RO","@id":"https:\/\/marekkuchcinski.pl\/hu\/bez-kategorii\/lms\/uroczyste-obchody-upamietniajace-9-rocznice-tragedii-smolenskiej-i-79-rocznice-mordu-katynskiego\/#primaryimage","url":"https:\/\/marekkuchcinski.pl\/wp-content\/uploads\/2019\/03\/\u00a9_DSCF6504.jpg","contentUrl":"https:\/\/marekkuchcinski.pl\/wp-content\/uploads\/2019\/03\/\u00a9_DSCF6504.jpg","width":2048,"height":1955},{"@type":"BreadcrumbList","@id":"https:\/\/marekkuchcinski.pl\/hu\/bez-kategorii\/lms\/uroczyste-obchody-upamietniajace-9-rocznice-tragedii-smolenskiej-i-79-rocznice-mordu-katynskiego\/#breadcrumb","itemListElement":[{"@type":"ListItem","position":1,"name":"Strona g\u0142\u00f3wna","item":"https:\/\/marekkuchcinski.pl\/"},{"@type":"ListItem","position":2,"name":"Uroczyste obchody upami\u0119tniaj\u0105ce 9. rocznic\u0119 tragedii smole\u0144skiej i 79. rocznic\u0119 mordu katy\u0144skiego"}]},{"@type":"WebSite","@id":"https:\/\/marekkuchcinski.pl\/#website","url":"https:\/\/marekkuchcinski.pl\/","name":"Marek Kuchci\u0144ski","description":"Pose\u0142 na sejm RP &ndash; okr\u0119g nr 22","publisher":{"@id":"https:\/\/marekkuchcinski.pl\/#organization"},"potentialAction":[{"@type":"SearchAction","target":{"@type":"EntryPoint","urlTemplate":"https:\/\/marekkuchcinski.pl\/?s={search_term_string}"},"query-input":{"@type":"PropertyValueSpecification","valueRequired":true,"valueName":"search_term_string"}}],"inLanguage":"ro-RO"},{"@type":"Organization","@id":"https:\/\/marekkuchcinski.pl\/#organization","name":"Marek Kuchci\u0144ski","url":"https:\/\/marekkuchcinski.pl\/","logo":{"@type":"ImageObject","inLanguage":"ro-RO","@id":"https:\/\/marekkuchcinski.pl\/#\/schema\/logo\/image\/","url":"https:\/\/marekkuchcinski.pl\/wp-content\/uploads\/2022\/09\/Marek.jpg","contentUrl":"https:\/\/marekkuchcinski.pl\/wp-content\/uploads\/2022\/09\/Marek.jpg","width":1600,"height":971,"caption":"Marek Kuchci\u0144ski"},"image":{"@id":"https:\/\/marekkuchcinski.pl\/#\/schema\/logo\/image\/"}},{"@type":"Person","@id":"https:\/\/marekkuchcinski.pl\/#\/schema\/person\/6f62700996b4d950b6ea2d1183b6c6be","name":"admin","image":{"@type":"ImageObject","inLanguage":"ro-RO","@id":"https:\/\/marekkuchcinski.pl\/#\/schema\/person\/image\/","url":"https:\/\/secure.gravatar.com\/avatar\/4bab693b9d55c3d6b52c0296a8765085?s=96&d=mm&r=g","contentUrl":"https:\/\/secure.gravatar.com\/avatar\/4bab693b9d55c3d6b52c0296a8765085?s=96&d=mm&r=g","caption":"admin"},"url":"https:\/\/marekkuchcinski.pl\/ro\/author\/marta-olejnik\/"}]}},"_links":{"self":[{"href":"https:\/\/marekkuchcinski.pl\/ro\/wp-json\/wp\/v2\/posts\/14587","targetHints":{"allow":["GET"]}}],"collection":[{"href":"https:\/\/marekkuchcinski.pl\/ro\/wp-json\/wp\/v2\/posts"}],"about":[{"href":"https:\/\/marekkuchcinski.pl\/ro\/wp-json\/wp\/v2\/types\/post"}],"author":[{"embeddable":true,"href":"https:\/\/marekkuchcinski.pl\/ro\/wp-json\/wp\/v2\/users\/6"}],"replies":[{"embeddable":true,"href":"https:\/\/marekkuchcinski.pl\/ro\/wp-json\/wp\/v2\/comments?post=14587"}],"version-history":[{"count":1,"href":"https:\/\/marekkuchcinski.pl\/ro\/wp-json\/wp\/v2\/posts\/14587\/revisions"}],"predecessor-version":[{"id":14588,"href":"https:\/\/marekkuchcinski.pl\/ro\/wp-json\/wp\/v2\/posts\/14587\/revisions\/14588"}],"wp:featuredmedia":[{"embeddable":true,"href":"https:\/\/marekkuchcinski.pl\/ro\/wp-json\/wp\/v2\/media\/14113"}],"wp:attachment":[{"href":"https:\/\/marekkuchcinski.pl\/ro\/wp-json\/wp\/v2\/media?parent=14587"}],"wp:term":[{"taxonomy":"category","embeddable":true,"href":"https:\/\/marekkuchcinski.pl\/ro\/wp-json\/wp\/v2\/categories?post=14587"},{"taxonomy":"post_tag","embeddable":true,"href":"https:\/\/marekkuchcinski.pl\/ro\/wp-json\/wp\/v2\/tags?post=14587"}],"curies":[{"name":"wp","href":"https:\/\/api.w.org\/{rel}","templated":true}]}}