{"id":14586,"date":"2019-04-07T20:06:46","date_gmt":"2019-04-07T18:06:46","guid":{"rendered":"https:\/\/marekkuchcinski.pl\/?p=14586"},"modified":"2019-04-07T20:06:47","modified_gmt":"2019-04-07T18:06:47","slug":"uroczystosc-odsloniecia-pomnika-sp-pawla-wypycha","status":"publish","type":"post","link":"https:\/\/marekkuchcinski.pl\/ro\/bez-kategorii\/lms\/uroczystosc-odsloniecia-pomnika-sp-pawla-wypycha\/","title":{"rendered":"Ceremonia de dezvelire a statuii regretatului Pawel Wypych"},"content":{"rendered":"<p class=\"wp-block-paragraph\"><em><strong>Dna <\/strong><\/em><strong><em>Ma\u0142gorzata Wypych<\/em><\/strong><\/p>\n\n\n\n<p class=\"wp-block-paragraph\"><strong><em> Membru al Parlamentului polonez<\/em><\/strong><\/p>\n\n\n\n<p class=\"wp-block-paragraph\"><em>&nbsp;&nbsp;&nbsp;&nbsp;&nbsp;&nbsp;&nbsp;&nbsp;&nbsp;&nbsp;&nbsp; Drag\u0103\nDoamn\u0103,<\/em><\/p>\n\n\n\n<p class=\"wp-block-paragraph\"><em>&nbsp;&nbsp;&nbsp;&nbsp;&nbsp;&nbsp;&nbsp;&nbsp;&nbsp;&nbsp;&nbsp; foarte\nV\u0103 mul\u021bumesc c\u0103 m-a\u021bi invitat la ceremonia de dezvelire a statuii regretatului Pawe\u0142 Wypych.\nRegret c\u0103 angajamentele anterioare nu \u00eemi permit s\u0103 particip la aceast\u0103\neveniment.<\/em><\/p>\n\n\n\n<p class=\"wp-block-paragraph\"><em>\u00cen memoria colegilor \u0219i cunoscu\u021bilor s\u0103i, Pawe\u0142 Wypych a r\u0103mas ca un\no persoan\u0103 foarte muncitoare \u0219i energic\u0103, care \u0219i-a asumat \u00eendatoririle cu mare responsabilitate \u0219i angajament.\n\u0219i-a asumat responsabilit\u0103\u021bile. Apreciat \u0219i respectat de cei implica\u021bi \u00een via\u021ba public\u0103\nApreciat \u0219i respectat de cei implica\u021bi \u00een via\u021ba public\u0103, a fost considerat un politician echilibrat \u0219i prudent, dar \u0219i deschis fa\u021b\u0103 de oameni.\ndeschis c\u0103tre oameni. A fost apreciat pentru inteligen\u021ba sa, curiozitatea sa fa\u021b\u0103 de lume \u0219i marea sa bun\u0103tate.\n<\/em><\/p>\n\n\n\n<p class=\"wp-block-paragraph\"><em>&nbsp;&nbsp;&nbsp;&nbsp;&nbsp;&nbsp;&nbsp;&nbsp;&nbsp;&nbsp;&nbsp; Cu ajutorul lui\nperseveren\u021b\u0103 \u0219i s\u00e2rguin\u021b\u0103, ne-a convins \u00eentotdeauna c\u0103 nu exist\u0103 probleme. <br>\nA reu\u0219it s\u0103 conving\u0103 pe toat\u0103 lumea cu entuziasmul \u0219i onestitatea sa, inclusiv pe cei care nu-i \u00eemp\u0103rt\u0103\u0219eau opiniile politice.\ntoat\u0103 lumea, inclusiv pe cei care nu-i \u00eemp\u0103rt\u0103\u0219eau opiniile politice. De-a lungul\nDe-a lungul vie\u021bii sale, a fost pasionat \u0219i de ac\u021biunea social\u0103.<\/em><\/p>\n\n\n\n<p class=\"wp-block-paragraph\"><em>&nbsp;&nbsp;&nbsp;&nbsp;&nbsp;&nbsp;&nbsp;&nbsp;&nbsp;&nbsp;&nbsp; Pawe\u0142\nWypych a fost, f\u0103r\u0103 \u00eendoial\u0103, o figur\u0103 care, scriind diferitele pagini ale vie\u021bii sale,\nbine \u00een\u021beles esen\u021ba binelui comun. \u00cen calitate de cerceta\u0219, oficial al administra\u021biei locale \u0219i politician\nprin atitudinea \u0219i faptele sale, a transmis \u00eentotdeauna un mesaj important - trebuie s\u0103 ai curaj\ns\u0103 lucr\u0103m cu curaj, cu convingerea c\u0103 eforturile noastre vor avea cel mai mare sens,\natunci c\u00e2nd serve\u0219te binelui celorlal\u021bi. <\/em><\/p>\n\n\n\n<p class=\"wp-block-paragraph\"><em>&nbsp;&nbsp;&nbsp;&nbsp;&nbsp;&nbsp;&nbsp;&nbsp;&nbsp;&nbsp;&nbsp; Ad\u00e2nc\ncred c\u0103 monumentul din Oss\u00f3w nu va comemora doar figura lui Pawe\u0142 Wypch,\ndar va r\u0103m\u00e2ne, de asemenea, o expresie a recuno\u0219tin\u021bei pentru tot ceea ce a f\u0103cut cu un sentiment de\nresponsabilitate pentru binele comun \u0219i pentru Patria noastr\u0103.<\/em><\/p>\n\n\n\n<p class=\"wp-block-paragraph\"><em>&nbsp;&nbsp;&nbsp;&nbsp;&nbsp;&nbsp;&nbsp;&nbsp;&nbsp;&nbsp;&nbsp;&nbsp;&nbsp;&nbsp;&nbsp;&nbsp;&nbsp;&nbsp;&nbsp;&nbsp;&nbsp;&nbsp;&nbsp;&nbsp;&nbsp;&nbsp;&nbsp;&nbsp;&nbsp;&nbsp;&nbsp;&nbsp;&nbsp;&nbsp;&nbsp;&nbsp;&nbsp;&nbsp;&nbsp;&nbsp;&nbsp;&nbsp;&nbsp;&nbsp;&nbsp;&nbsp;&nbsp;&nbsp;&nbsp;&nbsp;&nbsp;&nbsp;&nbsp;&nbsp;&nbsp;&nbsp;&nbsp;&nbsp;&nbsp;&nbsp;&nbsp;&nbsp;&nbsp;&nbsp;&nbsp;&nbsp;&nbsp;&nbsp;&nbsp;&nbsp;&nbsp;&nbsp;&nbsp;&nbsp;&nbsp;&nbsp;&nbsp;&nbsp;&nbsp;&nbsp;&nbsp;&nbsp; Z\ncele mai bune salut\u0103ri<\/em><\/p>\n\n\n\n<p class=\"wp-block-paragraph\"><em>&nbsp;&nbsp;&nbsp;&nbsp;&nbsp;&nbsp;&nbsp;&nbsp;&nbsp;&nbsp;&nbsp;&nbsp;&nbsp;&nbsp;&nbsp;&nbsp;&nbsp;&nbsp;&nbsp;&nbsp;&nbsp;&nbsp;&nbsp;&nbsp;&nbsp;&nbsp;&nbsp;&nbsp;&nbsp;&nbsp;&nbsp;&nbsp;&nbsp;&nbsp;&nbsp;&nbsp;&nbsp;&nbsp;&nbsp;&nbsp;&nbsp;&nbsp;&nbsp;&nbsp;&nbsp;&nbsp;&nbsp;&nbsp;&nbsp;&nbsp;&nbsp;&nbsp;&nbsp;&nbsp;&nbsp;&nbsp;&nbsp;&nbsp;&nbsp;&nbsp;&nbsp;&nbsp;&nbsp;&nbsp;&nbsp;&nbsp;&nbsp;&nbsp;&nbsp;&nbsp;&nbsp;&nbsp;&nbsp;&nbsp;&nbsp;&nbsp;&nbsp;&nbsp;&nbsp;&nbsp;&nbsp;&nbsp; &nbsp; Marek Kuchci\u0144ski<\/em><\/p>","protected":false},"excerpt":{"rendered":"<p>Pani Ma\u0142gorzata Wypych Pose\u0142 na Sejm RP &nbsp;&nbsp;&nbsp;&nbsp;&nbsp;&nbsp;&nbsp;&nbsp;&nbsp;&nbsp;&nbsp; Szanowna Pani Pose\u0142, &nbsp;&nbsp;&nbsp;&nbsp;&nbsp;&nbsp;&nbsp;&nbsp;&nbsp;&nbsp;&nbsp; bardzo dzi\u0119kuj\u0119 za zaproszenie na uroczysto\u015b\u0107 ods\u0142oni\u0119cia pomnika \u015bp. Paw\u0142a Wypycha. \u017ba\u0142uj\u0119, \u017ce wcze\u015bniejsze zobowi\u0105zania nie pozwalaj\u0105 mi na udzia\u0142 w tym wydarzeniu. W pami\u0119ci swoich koleg\u00f3w i znajomych Pawe\u0142 Wypych zapisa\u0142 si\u0119 jako cz\u0142owiek bardzo pracowity i pe\u0142en energii, kt\u00f3ry z wielk\u0105 [&hellip;]<\/p>\n","protected":false},"author":6,"featured_media":0,"comment_status":"open","ping_status":"open","sticky":false,"template":"","format":"standard","meta":{"ngg_post_thumbnail":0,"footnotes":""},"categories":[104],"tags":[],"class_list":["post-14586","post","type-post","status-publish","format-standard","hentry","category-lms"],"_links":{"self":[{"href":"https:\/\/marekkuchcinski.pl\/ro\/wp-json\/wp\/v2\/posts\/14586","targetHints":{"allow":["GET"]}}],"collection":[{"href":"https:\/\/marekkuchcinski.pl\/ro\/wp-json\/wp\/v2\/posts"}],"about":[{"href":"https:\/\/marekkuchcinski.pl\/ro\/wp-json\/wp\/v2\/types\/post"}],"author":[{"embeddable":true,"href":"https:\/\/marekkuchcinski.pl\/ro\/wp-json\/wp\/v2\/users\/6"}],"replies":[{"embeddable":true,"href":"https:\/\/marekkuchcinski.pl\/ro\/wp-json\/wp\/v2\/comments?post=14586"}],"version-history":[{"count":1,"href":"https:\/\/marekkuchcinski.pl\/ro\/wp-json\/wp\/v2\/posts\/14586\/revisions"}],"predecessor-version":[{"id":14593,"href":"https:\/\/marekkuchcinski.pl\/ro\/wp-json\/wp\/v2\/posts\/14586\/revisions\/14593"}],"wp:attachment":[{"href":"https:\/\/marekkuchcinski.pl\/ro\/wp-json\/wp\/v2\/media?parent=14586"}],"wp:term":[{"taxonomy":"category","embeddable":true,"href":"https:\/\/marekkuchcinski.pl\/ro\/wp-json\/wp\/v2\/categories?post=14586"},{"taxonomy":"post_tag","embeddable":true,"href":"https:\/\/marekkuchcinski.pl\/ro\/wp-json\/wp\/v2\/tags?post=14586"}],"curies":[{"name":"wp","href":"https:\/\/api.w.org\/{rel}","templated":true}]}}