{"id":14517,"date":"2019-04-04T21:16:09","date_gmt":"2019-04-04T19:16:09","guid":{"rendered":"https:\/\/marekkuchcinski.pl\/?p=14517"},"modified":"2019-04-10T13:00:26","modified_gmt":"2019-04-10T11:00:26","slug":"sejm-uchwalil-trzynasta-emeryture-marszalek-kuchcinski-dotrzymujemy-slowa-wychodzimy-naprzeciw-wieloletnim-zaniedbaniom-wobec-osob-starszych","status":"publish","type":"post","link":"https:\/\/marekkuchcinski.pl\/ro\/wydarzenia\/sejm-uchwalil-trzynasta-emeryture-marszalek-kuchcinski-dotrzymujemy-slowa-wychodzimy-naprzeciw-wieloletnim-zaniedbaniom-wobec-osob-starszych\/","title":{"rendered":"Sejm-ul a adoptat \"a treisprezecea pensie\". Speaker Kuchci\u0144ski: Ne \u021binem de cuv\u00e2nt. Ne ocup\u0103m de neglijarea de lung\u0103 durat\u0103 a persoanelor \u00een v\u00e2rst\u0103"},"content":{"rendered":"<p><strong>\u00cen cadrul celei de-a 79-a sesiuni, Sejm a adoptat legea \"Pensie plus\". Beneficiul destinat pensionarilor const\u0103 \u00eentr-o plat\u0103 unic\u0103 a celei de-a treisprezecea pensii de 1 100 PLN brut (888,25 PLN net).&nbsp;<\/strong><\/p>\n\n\n\n<p>\u00cen expunerea de motive a legii, Ministerul Familiei explic\u0103 faptul c\u0103 scopul acestei presta\u021bii unice \u00een bani, pe l\u00e2ng\u0103 ajutorarea pensionarilor, este \u00een special reducerea diferen\u021belor de bun\u0103stare din societate. \u00cen ciuda faptului c\u0103 \u00een ultimii ani au fost f\u0103cute multe modific\u0103ri pentru a proteja nivelul presta\u021biilor de pensie, aceast\u0103 asisten\u021b\u0103 este considerat\u0103 \u00eenc\u0103 insuficient\u0103. Cea de-a 13-a pensie va merge la peste 9,8 milioane de seniori, dintre care aproape 7 milioane de pensionari \u0219i peste 2,5 milioane de pensionari de invaliditate. <\/p>\n\n\n\n<p>La c\u00e2teva zeci de minute dup\u0103 ce proiectul de lege a fost adoptat de parlament, pre\u0219edintele Sejm-ului, \u00eenso\u021bit de pre\u0219edintele Senatului \u0219i de primul ministru, s-a \u00eent\u00e2lnit cu seniorii din Jasieniec. Marek Kuchci\u0144ski a spus c\u0103 partidul Lege \u0219i Justi\u021bie se \u021bine de cuv\u00e2nt, se g\u00e2nde\u0219te la prezent, dar \u0219i la genera\u021biile viitoare.  <\/p>\n\n\n\n<p>- Treisprezece este un omagiu adus p\u0103rin\u021bilor \u0219i bunicilor no\u0219tri, genera\u021biilor care ne-au crescut pentru func\u021biile \u0219i responsabilit\u0103\u021bile de ast\u0103zi. C\u0103ut\u0103m o re\u021bet\u0103 pentru a-i sprijini pe cei care au cea mai mare nevoie. Lech Kaczy\u0144ski spunea cu mul\u021bi ani \u00een urm\u0103 c\u0103 \u00ee\u0219i imagina solidaritatea ca fiind capacitatea de a \u00eemp\u0103rt\u0103\u0219i. Persoanele \u00een v\u00e2rst\u0103 care locuiesc \u00een diferite p\u0103r\u021bi ale Poloniei nu au beneficiat p\u00e2n\u0103 acum de sprijin. Lege \u0219i Justi\u021bie se ocup\u0103 de aceast\u0103 \u00eent\u00e2rziere de lung\u0103 durat\u0103\", a subliniat Kuchci\u0144ski. <br><\/p>\n\n\n\n<p>V\u00e2rstnicii sunt un grup care are nevoie \u00een mod special de asisten\u021b\u0103 din partea statului. Ministerul Familiei, lu\u00e2nd \u00een considerare schimb\u0103rile demografice care au loc \u00een societatea polonez\u0103, implementeaz\u0103 \u00een mod consecvent politica privind persoanele \u00een v\u00e2rst\u0103 prin introducerea unor programe menite s\u0103 sprijine \u0219i s\u0103 dezvolte persoanele \u00een v\u00e2rst\u0103, cum ar fi:<\/p>\n\n\n\n<p class=\"has-text-color has-vivid-red-color\"><strong>Restaurarea de\nV\u00e2rsta de pensionare: 60 pentru femei, 65 pentru b\u0103rba\u021bi<\/strong><\/p>\n\n\n\n<p>Legea specific\u0103 doar v\u00e2rsta minim\u0103 la care se poate face\ndreptul la pensie. Acesta permite fiec\u0103rei persoane asigurate s\u0103 decid\u0103\ns\u0103 decid\u0103 singuri c\u00e2nd \u00eenceteaz\u0103 s\u0103 mai lucreze <\/p>\n\n\n\n<p class=\"has-text-color has-vivid-red-color\"><strong>Proiectul \"Medicamente 75 Plus\", adic\u0103 medicamente gratuite pentru persoanele \u00een v\u00e2rst\u0103\npeste 75 de ani<\/strong><\/p>\n\n\n\n<ul class=\"wp-block-list\"><li><strong>2,2 milioane de euro&nbsp;<\/strong>seniorii au beneficiat deja\nde la medicamente gratuite<\/li><li><strong>564 milioane de euro\nPLN<\/strong>&nbsp;pentru punerea \u00een aplicare a\nproiect \u00een 2017<\/li><li><strong>40 de milioane de euro&nbsp;<\/strong>pachete de medicamente gratuite eliberate\npentru persoanele \u00een v\u00e2rst\u0103<\/li><li><strong>15<\/strong>&nbsp;<strong>milioane de euro<\/strong>&nbsp;completat\nre\u021bete cu codul de eligibilitate \"S\"<\/li><li><strong>1530 articole<\/strong>&nbsp;pe lista de medicamente\n75 plus<\/li><\/ul>\n\n\n\n<p class=\"has-text-color has-vivid-red-color\"><strong>Programul multianual\n\"Senior Plus\" 2015 - 2020<\/strong><\/p>\n\n\n\n<p>Programul se adreseaz\u0103 autorit\u0103\u021bilor locale\nautorit\u0103\u021bile locale. Obiectivul s\u0103u este de a cre\u0219te participarea activ\u0103 la via\u021ba social\u0103.\nvia\u021ba social\u0103 a seniorilor prin dezvoltarea unei re\u021bele de centre de zi \u0219i cluburi \"Senior+\".\n\"Senior+\"<strong><\/strong><\/p>\n\n\n\n<p class=\"has-text-color has-vivid-red-color\"><strong>Programul Accesibilitate Plus <\/strong><\/p>\n\n\n\n<p><strong>23 de miliarde de euro<\/strong> PLN a fost alocat, printre altele, pentru\neliminarea barierelor arhitecturale. Scopul proiectului este de a \u00eembun\u0103t\u0103\u021bi condi\u021biile de trai.\ncondi\u021bii de via\u021b\u0103 pentru persoanele \u00een v\u00e2rst\u0103, fragile \u0219i cu handicap<\/p>\n\n\n\n<p class=\"has-text-color has-vivid-red-color\"><strong>Valorificarea pensiilor <\/strong><\/p>\n\n\n\n<p>Cele mai mici presta\u021bii vor fi majorate\nla 1100 PLN (de la 1029,80 PLN) \u0219i, respectiv, la 825 PLN (\u00een cazul celei mai mici pensii de invaliditate par\u021bial\u0103).\ndin cauza incapacit\u0103\u021bii par\u021biale de munc\u0103)<\/p>\n\n\n\n<p>Pensiile pl\u0103tite de ZUS vor cre\u0219te cu indicele de valorificare - 2,86%, dar nu mai pu\u021bin de 70 PLN. <\/p>\n\n\n\n<p class=\"has-text-color has-vivid-red-color\"><strong>Re\u00eenfiin\u021barea PKS<\/strong><\/p>\n\n\n\n<p>Legea care restabile\u0219te serviciile de transport cu autobuzul va intra \u00een vigoare la sf\u00e2r\u0219itul anului\nAprilie\/mai anul acesta. Urm\u0103toarele persoane vor trebui s\u0103 participe activ la punerea \u00een aplicare a acestuia\nautorit\u0103\u021bile locale.<\/p>\n\n\n\n<p>Lupta \u00eempotriva excluziunii din domeniul transporturilor va fi pus\u0103 \u00een aplicare \u00een dou\u0103 moduri:\nprin intermediul Fondului rutier \u0219i refacerea leg\u0103turilor de transport acolo unde acestea\nau fost eliminate din cauza lipsei de viabilitate.<em><strong><\/strong><\/em><\/p>\n\n\n\n<p class=\"has-text-color has-vivid-red-color\"><strong>\"Politica social\u0103 pentru persoanele v\u00e2rstnice 2030\". <\/strong><\/p>\n\n\n\n<p><strong>Adoptat\u0103 de Consiliul de Mini\u0219tri la 26\nOctombrie 2018, <\/strong><strong>document\nprevede:<\/strong><\/p>\n\n\n\n<ul class=\"wp-block-list\"><li>Conturarea unei percep\u021bii pozitive a b\u0103tr\u00e2ne\u021bii \u00een societate.<\/li><li>S\u0103 participe la via\u021ba comunit\u0103\u021bii \u0219i s\u0103 sprijine toate formele de activit\u0103\u021bi civice, sociale, culturale, artistice, sportive \u0219i religioase.<\/li><li>Crearea unor condi\u021bii care s\u0103 fac\u0103 posibil\u0103 exploatarea poten\u021bialului persoanelor \u00een v\u00e2rst\u0103 ca participan\u021bi activi la via\u021ba economic\u0103 \u0219i pe pia\u021ba muncii, adaptate la capacit\u0103\u021bile lor psiho-fizice \u0219i la situa\u021bia lor familial\u0103.<\/li><li>Promovarea s\u0103n\u0103t\u0103\u021bii, prevenirea bolilor, accesul la diagnostic, tratament \u0219i reabilitare.<\/li><li>Cre\u0219terea siguran\u021bei fizice - abordarea abuzului \u0219i neglij\u0103rii persoanelor \u00een v\u00e2rst\u0103.<\/li><li>Crearea condi\u021biilor pentru solidaritate \u0219i integrare \u00eentre genera\u021bii.<\/li><li>Ac\u021biuni de educa\u021bie pentru b\u0103tr\u00e2ne\u021be (personalul medical \u0219i de \u00eengrijire), pentru b\u0103tr\u00e2ne\u021be (societatea \u00een ansamblu), prin b\u0103tr\u00e2ne\u021be (de la cea mai t\u00e2n\u0103r\u0103 genera\u021bie) \u0219i educa\u021bie la b\u0103tr\u00e2ne\u021be (persoanele \u00een v\u00e2rst\u0103).&nbsp;<\/li><li>Reducerea gradului de dependen\u021b\u0103 fa\u021b\u0103 de ceilal\u021bi prin facilitarea accesului la servicii care sporesc independen\u021ba \u0219i adaptarea mediului de via\u021b\u0103 la capacit\u0103\u021bile func\u021bionale ale persoanelor \u00een v\u00e2rst\u0103 dependente.<\/li><li>Asigurarea accesului optim la servicii de s\u0103n\u0103tate, de reabilitare \u0219i de \u00eengrijire adaptate la nevoile persoanelor \u00een v\u00e2rst\u0103 dependente.<\/li><li>O re\u021bea de servicii comunitare \u0219i institu\u021bionale oferite persoanelor v\u00e2rstnice dependente.<\/li><li>Un sistem de sprijin pentru \u00eengrijitorii informali ai persoanelor v\u00e2rstnice dependente de c\u0103tre institu\u021biile publice.&nbsp;<\/li><\/ul>\n\n\n\n<p><em>text\/fotografie de Marta Olejnik<\/em><\/p>\n\n\n\n<figure class=\"wp-block-image\"><img fetchpriority=\"high\" decoding=\"async\" width=\"1024\" height=\"683\" src=\"https:\/\/marekkuchcinski.pl\/wp-content\/uploads\/2019\/04\/IMG_2015-1024x683.jpeg\" alt=\"\" class=\"wp-image-14521\" srcset=\"https:\/\/marekkuchcinski.pl\/wp-content\/uploads\/2019\/04\/IMG_2015-1024x683.jpeg 1024w, https:\/\/marekkuchcinski.pl\/wp-content\/uploads\/2019\/04\/IMG_2015-300x200.jpeg 300w, https:\/\/marekkuchcinski.pl\/wp-content\/uploads\/2019\/04\/IMG_2015-768x512.jpeg 768w, https:\/\/marekkuchcinski.pl\/wp-content\/uploads\/2019\/04\/IMG_2015.jpeg 2048w\" sizes=\"(max-width: 1024px) 100vw, 1024px\" \/><\/figure>\n\n\n\n<figure class=\"wp-block-image\"><img decoding=\"async\" width=\"1024\" height=\"722\" src=\"https:\/\/marekkuchcinski.pl\/wp-content\/uploads\/2019\/04\/IMG_2032-1024x722.jpeg\" alt=\"\" class=\"wp-image-14523\" srcset=\"https:\/\/marekkuchcinski.pl\/wp-content\/uploads\/2019\/04\/IMG_2032-1024x722.jpeg 1024w, https:\/\/marekkuchcinski.pl\/wp-content\/uploads\/2019\/04\/IMG_2032-300x211.jpeg 300w, https:\/\/marekkuchcinski.pl\/wp-content\/uploads\/2019\/04\/IMG_2032-768x541.jpeg 768w, https:\/\/marekkuchcinski.pl\/wp-content\/uploads\/2019\/04\/IMG_2032.jpeg 2048w\" sizes=\"(max-width: 1024px) 100vw, 1024px\" \/><\/figure>\n\n\n\n<figure class=\"wp-block-image\"><img decoding=\"async\" width=\"1024\" height=\"721\" src=\"https:\/\/marekkuchcinski.pl\/wp-content\/uploads\/2019\/04\/IMG_2072-1024x721.jpg\" alt=\"\" class=\"wp-image-14525\" srcset=\"https:\/\/marekkuchcinski.pl\/wp-content\/uploads\/2019\/04\/IMG_2072-1024x721.jpg 1024w, https:\/\/marekkuchcinski.pl\/wp-content\/uploads\/2019\/04\/IMG_2072-300x211.jpg 300w, https:\/\/marekkuchcinski.pl\/wp-content\/uploads\/2019\/04\/IMG_2072-768x541.jpg 768w, https:\/\/marekkuchcinski.pl\/wp-content\/uploads\/2019\/04\/IMG_2072.jpg 2048w\" sizes=\"(max-width: 1024px) 100vw, 1024px\" \/><\/figure>\n\n\n\n<figure class=\"wp-block-image\"><img loading=\"lazy\" decoding=\"async\" width=\"1024\" height=\"732\" src=\"https:\/\/marekkuchcinski.pl\/wp-content\/uploads\/2019\/04\/IMG_2191-1024x732.jpg\" alt=\"\" class=\"wp-image-14527\" srcset=\"https:\/\/marekkuchcinski.pl\/wp-content\/uploads\/2019\/04\/IMG_2191-1024x732.jpg 1024w, https:\/\/marekkuchcinski.pl\/wp-content\/uploads\/2019\/04\/IMG_2191-300x214.jpg 300w, https:\/\/marekkuchcinski.pl\/wp-content\/uploads\/2019\/04\/IMG_2191-768x549.jpg 768w, https:\/\/marekkuchcinski.pl\/wp-content\/uploads\/2019\/04\/IMG_2191.jpg 2048w\" sizes=\"(max-width: 1024px) 100vw, 1024px\" \/><\/figure>\n\n\n\n<figure class=\"wp-block-image\"><img loading=\"lazy\" decoding=\"async\" width=\"982\" height=\"1024\" src=\"https:\/\/marekkuchcinski.pl\/wp-content\/uploads\/2019\/04\/IMG_2263-982x1024.jpg\" alt=\"\" class=\"wp-image-14533\" srcset=\"https:\/\/marekkuchcinski.pl\/wp-content\/uploads\/2019\/04\/IMG_2263-982x1024.jpg 982w, https:\/\/marekkuchcinski.pl\/wp-content\/uploads\/2019\/04\/IMG_2263-288x300.jpg 288w, https:\/\/marekkuchcinski.pl\/wp-content\/uploads\/2019\/04\/IMG_2263-768x801.jpg 768w, https:\/\/marekkuchcinski.pl\/wp-content\/uploads\/2019\/04\/IMG_2263.jpg 1964w\" sizes=\"(max-width: 982px) 100vw, 982px\" \/><\/figure>\n\n\n\n<figure class=\"wp-block-image\"><img loading=\"lazy\" decoding=\"async\" width=\"970\" height=\"1024\" src=\"https:\/\/marekkuchcinski.pl\/wp-content\/uploads\/2019\/04\/IMG_2266-970x1024.jpg\" alt=\"\" class=\"wp-image-14534\" srcset=\"https:\/\/marekkuchcinski.pl\/wp-content\/uploads\/2019\/04\/IMG_2266-970x1024.jpg 970w, https:\/\/marekkuchcinski.pl\/wp-content\/uploads\/2019\/04\/IMG_2266-284x300.jpg 284w, https:\/\/marekkuchcinski.pl\/wp-content\/uploads\/2019\/04\/IMG_2266-768x811.jpg 768w, https:\/\/marekkuchcinski.pl\/wp-content\/uploads\/2019\/04\/IMG_2266.jpg 1940w\" sizes=\"(max-width: 970px) 100vw, 970px\" \/><\/figure>\n\n\n\n<figure class=\"wp-block-image\"><img loading=\"lazy\" decoding=\"async\" width=\"1024\" height=\"678\" src=\"https:\/\/marekkuchcinski.pl\/wp-content\/uploads\/2019\/04\/IMG_2289-1024x678.jpg\" alt=\"\" class=\"wp-image-14535\" srcset=\"https:\/\/marekkuchcinski.pl\/wp-content\/uploads\/2019\/04\/IMG_2289-1024x678.jpg 1024w, https:\/\/marekkuchcinski.pl\/wp-content\/uploads\/2019\/04\/IMG_2289-300x199.jpg 300w, https:\/\/marekkuchcinski.pl\/wp-content\/uploads\/2019\/04\/IMG_2289-768x509.jpg 768w, https:\/\/marekkuchcinski.pl\/wp-content\/uploads\/2019\/04\/IMG_2289.jpg 2048w\" sizes=\"(max-width: 1024px) 100vw, 1024px\" \/><\/figure>\n\n\n\n<figure class=\"wp-block-image\"><img loading=\"lazy\" decoding=\"async\" width=\"1024\" height=\"710\" src=\"https:\/\/marekkuchcinski.pl\/wp-content\/uploads\/2019\/04\/IMG_2258-1024x710.jpg\" alt=\"\" class=\"wp-image-14530\" srcset=\"https:\/\/marekkuchcinski.pl\/wp-content\/uploads\/2019\/04\/IMG_2258-1024x710.jpg 1024w, https:\/\/marekkuchcinski.pl\/wp-content\/uploads\/2019\/04\/IMG_2258-300x208.jpg 300w, https:\/\/marekkuchcinski.pl\/wp-content\/uploads\/2019\/04\/IMG_2258-768x532.jpg 768w, https:\/\/marekkuchcinski.pl\/wp-content\/uploads\/2019\/04\/IMG_2258.jpg 2048w\" sizes=\"(max-width: 1024px) 100vw, 1024px\" \/><\/figure>\n\n\n\n<figure class=\"wp-block-image\"><img loading=\"lazy\" decoding=\"async\" width=\"1024\" height=\"658\" src=\"https:\/\/marekkuchcinski.pl\/wp-content\/uploads\/2019\/04\/IMG_2383-1024x658.jpg\" alt=\"\" class=\"wp-image-14548\" srcset=\"https:\/\/marekkuchcinski.pl\/wp-content\/uploads\/2019\/04\/IMG_2383-1024x658.jpg 1024w, https:\/\/marekkuchcinski.pl\/wp-content\/uploads\/2019\/04\/IMG_2383-300x193.jpg 300w, https:\/\/marekkuchcinski.pl\/wp-content\/uploads\/2019\/04\/IMG_2383-768x494.jpg 768w, https:\/\/marekkuchcinski.pl\/wp-content\/uploads\/2019\/04\/IMG_2383.jpg 2048w\" sizes=\"(max-width: 1024px) 100vw, 1024px\" \/><\/figure>\n\n\n\n<figure class=\"wp-block-image\"><img loading=\"lazy\" decoding=\"async\" width=\"1024\" height=\"673\" src=\"https:\/\/marekkuchcinski.pl\/wp-content\/uploads\/2019\/04\/IMG_2385-1024x673.jpg\" alt=\"\" class=\"wp-image-14549\" srcset=\"https:\/\/marekkuchcinski.pl\/wp-content\/uploads\/2019\/04\/IMG_2385-1024x673.jpg 1024w, https:\/\/marekkuchcinski.pl\/wp-content\/uploads\/2019\/04\/IMG_2385-300x197.jpg 300w, https:\/\/marekkuchcinski.pl\/wp-content\/uploads\/2019\/04\/IMG_2385-768x505.jpg 768w, https:\/\/marekkuchcinski.pl\/wp-content\/uploads\/2019\/04\/IMG_2385.jpg 2048w\" sizes=\"(max-width: 1024px) 100vw, 1024px\" \/><\/figure>\n\n\n\n<figure class=\"wp-block-image\"><img loading=\"lazy\" decoding=\"async\" width=\"1024\" height=\"682\" src=\"https:\/\/marekkuchcinski.pl\/wp-content\/uploads\/2019\/04\/IMG_2433-1024x682.jpg\" alt=\"\" class=\"wp-image-14555\" srcset=\"https:\/\/marekkuchcinski.pl\/wp-content\/uploads\/2019\/04\/IMG_2433-1024x682.jpg 1024w, https:\/\/marekkuchcinski.pl\/wp-content\/uploads\/2019\/04\/IMG_2433-300x200.jpg 300w, https:\/\/marekkuchcinski.pl\/wp-content\/uploads\/2019\/04\/IMG_2433-768x511.jpg 768w, https:\/\/marekkuchcinski.pl\/wp-content\/uploads\/2019\/04\/IMG_2433.jpg 2048w\" sizes=\"(max-width: 1024px) 100vw, 1024px\" \/><\/figure>\n\n\n\n<figure class=\"wp-block-image\"><img loading=\"lazy\" decoding=\"async\" width=\"1024\" height=\"683\" src=\"https:\/\/marekkuchcinski.pl\/wp-content\/uploads\/2019\/04\/IMG_2451-1024x683.jpg\" alt=\"\" class=\"wp-image-14556\" srcset=\"https:\/\/marekkuchcinski.pl\/wp-content\/uploads\/2019\/04\/IMG_2451-1024x683.jpg 1024w, https:\/\/marekkuchcinski.pl\/wp-content\/uploads\/2019\/04\/IMG_2451-300x200.jpg 300w, https:\/\/marekkuchcinski.pl\/wp-content\/uploads\/2019\/04\/IMG_2451-768x512.jpg 768w, https:\/\/marekkuchcinski.pl\/wp-content\/uploads\/2019\/04\/IMG_2451.jpg 2048w\" sizes=\"(max-width: 1024px) 100vw, 1024px\" \/><\/figure>\n\n\n\n<figure class=\"wp-block-image\"><img loading=\"lazy\" decoding=\"async\" width=\"1024\" height=\"657\" src=\"https:\/\/marekkuchcinski.pl\/wp-content\/uploads\/2019\/04\/IMG_2380-1024x657.jpg\" alt=\"\" class=\"wp-image-14546\" srcset=\"https:\/\/marekkuchcinski.pl\/wp-content\/uploads\/2019\/04\/IMG_2380-1024x657.jpg 1024w, https:\/\/marekkuchcinski.pl\/wp-content\/uploads\/2019\/04\/IMG_2380-300x192.jpg 300w, https:\/\/marekkuchcinski.pl\/wp-content\/uploads\/2019\/04\/IMG_2380-768x493.jpg 768w, https:\/\/marekkuchcinski.pl\/wp-content\/uploads\/2019\/04\/IMG_2380.jpg 2048w\" sizes=\"(max-width: 1024px) 100vw, 1024px\" \/><\/figure>\n\n\n\n<figure class=\"wp-block-image\"><img loading=\"lazy\" decoding=\"async\" width=\"1024\" height=\"683\" src=\"https:\/\/marekkuchcinski.pl\/wp-content\/uploads\/2019\/04\/IMG_1978-1024x683.jpeg\" alt=\"\" class=\"wp-image-14518\" srcset=\"https:\/\/marekkuchcinski.pl\/wp-content\/uploads\/2019\/04\/IMG_1978-1024x683.jpeg 1024w, https:\/\/marekkuchcinski.pl\/wp-content\/uploads\/2019\/04\/IMG_1978-300x200.jpeg 300w, https:\/\/marekkuchcinski.pl\/wp-content\/uploads\/2019\/04\/IMG_1978-768x512.jpeg 768w, https:\/\/marekkuchcinski.pl\/wp-content\/uploads\/2019\/04\/IMG_1978.jpeg 2048w\" sizes=\"(max-width: 1024px) 100vw, 1024px\" \/><\/figure>","protected":false},"excerpt":{"rendered":"<p>Na 79. posiedzeniu Sejm przyj\u0105\u0142 ustaw\u0119 \u201eEmerytura plus\u201d. \u015awiadczenie skierowane do emeryt\u00f3w i rencist\u00f3w polega na wyp\u0142acaniu jednorazowo trzynastej emerytury w wysoko\u015bci &nbsp;1100 z\u0142 brutto (888,25 z\u0142 netto).&nbsp; W uzasadnieniu do ustawy Ministerstwo Rodziny obja\u015bnia, \u017ce celem jednorazowego \u015bwiadczenia pieni\u0119\u017cnego, obok pomocy dla emeryt\u00f3w i rencist\u00f3w, ma by\u0107 w szczeg\u00f3lno\u015bci zmniejszenie r\u00f3\u017cnic maj\u0105tkowych w spo\u0142ecze\u0144stwie. [&hellip;]<\/p>","protected":false},"author":6,"featured_media":14575,"comment_status":"open","ping_status":"open","sticky":false,"template":"","format":"standard","meta":{"ngg_post_thumbnail":0,"footnotes":""},"categories":[82,81,3],"tags":[],"class_list":["post-14517","post","type-post","status-publish","format-standard","has-post-thumbnail","hentry","category-prawo-i-sprawiedliwosc","category-wiesci-z-sejmu","category-wydarzenia"],"yoast_head":"<!-- This site is optimized with the Yoast SEO plugin v24.7 - https:\/\/yoast.com\/wordpress\/plugins\/seo\/ -->\n<title>Sejm uchwali\u0142 &quot;trzynast\u0105 emerytur\u0119&quot;. Marsza\u0142ek Kuchci\u0144ski: Dotrzymujemy s\u0142owa. Wychodzimy naprzeciw wieloletnim zaniedbaniom wobec os\u00f3b starszych &#8211; Marek Kuchci\u0144ski<\/title>\n<meta name=\"robots\" content=\"index, follow, max-snippet:-1, max-image-preview:large, max-video-preview:-1\" \/>\n<link rel=\"canonical\" href=\"https:\/\/marekkuchcinski.pl\/ro\/wydarzenia\/sejm-uchwalil-trzynasta-emeryture-marszalek-kuchcinski-dotrzymujemy-slowa-wychodzimy-naprzeciw-wieloletnim-zaniedbaniom-wobec-osob-starszych\/\" \/>\n<meta property=\"og:locale\" content=\"ro_RO\" \/>\n<meta property=\"og:type\" content=\"article\" \/>\n<meta property=\"og:title\" content=\"Sejm uchwali\u0142 &quot;trzynast\u0105 emerytur\u0119&quot;. Marsza\u0142ek Kuchci\u0144ski: Dotrzymujemy s\u0142owa. Wychodzimy naprzeciw wieloletnim zaniedbaniom wobec os\u00f3b starszych &#8211; Marek Kuchci\u0144ski\" \/>\n<meta property=\"og:description\" content=\"Na 79. posiedzeniu Sejm przyj\u0105\u0142 ustaw\u0119 \u201eEmerytura plus\u201d. \u015awiadczenie skierowane do emeryt\u00f3w i rencist\u00f3w polega na wyp\u0142acaniu jednorazowo trzynastej emerytury w wysoko\u015bci &nbsp;1100 z\u0142 brutto (888,25 z\u0142 netto).&nbsp; W uzasadnieniu do ustawy Ministerstwo Rodziny obja\u015bnia, \u017ce celem jednorazowego \u015bwiadczenia pieni\u0119\u017cnego, obok pomocy dla emeryt\u00f3w i rencist\u00f3w, ma by\u0107 w szczeg\u00f3lno\u015bci zmniejszenie r\u00f3\u017cnic maj\u0105tkowych w spo\u0142ecze\u0144stwie. [&hellip;]\" \/>\n<meta property=\"og:url\" content=\"https:\/\/marekkuchcinski.pl\/ro\/wydarzenia\/sejm-uchwalil-trzynasta-emeryture-marszalek-kuchcinski-dotrzymujemy-slowa-wychodzimy-naprzeciw-wieloletnim-zaniedbaniom-wobec-osob-starszych\/\" \/>\n<meta property=\"og:site_name\" content=\"Marek Kuchci\u0144ski\" \/>\n<meta property=\"article:published_time\" content=\"2019-04-04T19:16:09+00:00\" \/>\n<meta property=\"article:modified_time\" content=\"2019-04-10T11:00:26+00:00\" \/>\n<meta property=\"og:image\" content=\"https:\/\/marekkuchcinski.pl\/wp-content\/uploads\/2019\/04\/PSX_20190404_230243.jpg\" \/>\n\t<meta property=\"og:image:width\" content=\"2048\" \/>\n\t<meta property=\"og:image:height\" content=\"1434\" \/>\n\t<meta property=\"og:image:type\" content=\"image\/jpeg\" \/>\n<meta name=\"author\" content=\"admin\" \/>\n<meta name=\"twitter:card\" content=\"summary_large_image\" \/>\n<meta name=\"twitter:label1\" content=\"Scris de\" \/>\n\t<meta name=\"twitter:data1\" content=\"admin\" \/>\n\t<meta name=\"twitter:label2\" content=\"Timp estimat pentru citire\" \/>\n\t<meta name=\"twitter:data2\" content=\"4 minutes\" \/>\n<script type=\"application\/ld+json\" class=\"yoast-schema-graph\">{\"@context\":\"https:\/\/schema.org\",\"@graph\":[{\"@type\":\"Article\",\"@id\":\"https:\/\/marekkuchcinski.pl\/sk\/wydarzenia\/sejm-uchwalil-trzynasta-emeryture-marszalek-kuchcinski-dotrzymujemy-slowa-wychodzimy-naprzeciw-wieloletnim-zaniedbaniom-wobec-osob-starszych\/#article\",\"isPartOf\":{\"@id\":\"https:\/\/marekkuchcinski.pl\/sk\/wydarzenia\/sejm-uchwalil-trzynasta-emeryture-marszalek-kuchcinski-dotrzymujemy-slowa-wychodzimy-naprzeciw-wieloletnim-zaniedbaniom-wobec-osob-starszych\/\"},\"author\":{\"name\":\"admin\",\"@id\":\"https:\/\/marekkuchcinski.pl\/#\/schema\/person\/6f62700996b4d950b6ea2d1183b6c6be\"},\"headline\":\"Sejm uchwali\u0142 &#8222;trzynast\u0105 emerytur\u0119&#8221;. Marsza\u0142ek Kuchci\u0144ski: Dotrzymujemy s\u0142owa. Wychodzimy naprzeciw wieloletnim zaniedbaniom wobec os\u00f3b starszych\",\"datePublished\":\"2019-04-04T19:16:09+00:00\",\"dateModified\":\"2019-04-10T11:00:26+00:00\",\"mainEntityOfPage\":{\"@id\":\"https:\/\/marekkuchcinski.pl\/sk\/wydarzenia\/sejm-uchwalil-trzynasta-emeryture-marszalek-kuchcinski-dotrzymujemy-slowa-wychodzimy-naprzeciw-wieloletnim-zaniedbaniom-wobec-osob-starszych\/\"},\"wordCount\":834,\"commentCount\":0,\"publisher\":{\"@id\":\"https:\/\/marekkuchcinski.pl\/#organization\"},\"image\":{\"@id\":\"https:\/\/marekkuchcinski.pl\/sk\/wydarzenia\/sejm-uchwalil-trzynasta-emeryture-marszalek-kuchcinski-dotrzymujemy-slowa-wychodzimy-naprzeciw-wieloletnim-zaniedbaniom-wobec-osob-starszych\/#primaryimage\"},\"thumbnailUrl\":\"https:\/\/marekkuchcinski.pl\/wp-content\/uploads\/2019\/04\/PSX_20190404_230243.jpg\",\"articleSection\":[\"Prawo i Sprawiedliwo\u015b\u0107\",\"Wie\u015bci z Sejmu\",\"Wydarzenia\"],\"inLanguage\":\"ro-RO\",\"potentialAction\":[{\"@type\":\"CommentAction\",\"name\":\"Comment\",\"target\":[\"https:\/\/marekkuchcinski.pl\/sk\/wydarzenia\/sejm-uchwalil-trzynasta-emeryture-marszalek-kuchcinski-dotrzymujemy-slowa-wychodzimy-naprzeciw-wieloletnim-zaniedbaniom-wobec-osob-starszych\/#respond\"]}]},{\"@type\":\"WebPage\",\"@id\":\"https:\/\/marekkuchcinski.pl\/sk\/wydarzenia\/sejm-uchwalil-trzynasta-emeryture-marszalek-kuchcinski-dotrzymujemy-slowa-wychodzimy-naprzeciw-wieloletnim-zaniedbaniom-wobec-osob-starszych\/\",\"url\":\"https:\/\/marekkuchcinski.pl\/sk\/wydarzenia\/sejm-uchwalil-trzynasta-emeryture-marszalek-kuchcinski-dotrzymujemy-slowa-wychodzimy-naprzeciw-wieloletnim-zaniedbaniom-wobec-osob-starszych\/\",\"name\":\"Sejm uchwali\u0142 \\\"trzynast\u0105 emerytur\u0119\\\". Marsza\u0142ek Kuchci\u0144ski: Dotrzymujemy s\u0142owa. Wychodzimy naprzeciw wieloletnim zaniedbaniom wobec os\u00f3b starszych &#8211; Marek Kuchci\u0144ski\",\"isPartOf\":{\"@id\":\"https:\/\/marekkuchcinski.pl\/#website\"},\"primaryImageOfPage\":{\"@id\":\"https:\/\/marekkuchcinski.pl\/sk\/wydarzenia\/sejm-uchwalil-trzynasta-emeryture-marszalek-kuchcinski-dotrzymujemy-slowa-wychodzimy-naprzeciw-wieloletnim-zaniedbaniom-wobec-osob-starszych\/#primaryimage\"},\"image\":{\"@id\":\"https:\/\/marekkuchcinski.pl\/sk\/wydarzenia\/sejm-uchwalil-trzynasta-emeryture-marszalek-kuchcinski-dotrzymujemy-slowa-wychodzimy-naprzeciw-wieloletnim-zaniedbaniom-wobec-osob-starszych\/#primaryimage\"},\"thumbnailUrl\":\"https:\/\/marekkuchcinski.pl\/wp-content\/uploads\/2019\/04\/PSX_20190404_230243.jpg\",\"datePublished\":\"2019-04-04T19:16:09+00:00\",\"dateModified\":\"2019-04-10T11:00:26+00:00\",\"breadcrumb\":{\"@id\":\"https:\/\/marekkuchcinski.pl\/sk\/wydarzenia\/sejm-uchwalil-trzynasta-emeryture-marszalek-kuchcinski-dotrzymujemy-slowa-wychodzimy-naprzeciw-wieloletnim-zaniedbaniom-wobec-osob-starszych\/#breadcrumb\"},\"inLanguage\":\"ro-RO\",\"potentialAction\":[{\"@type\":\"ReadAction\",\"target\":[\"https:\/\/marekkuchcinski.pl\/sk\/wydarzenia\/sejm-uchwalil-trzynasta-emeryture-marszalek-kuchcinski-dotrzymujemy-slowa-wychodzimy-naprzeciw-wieloletnim-zaniedbaniom-wobec-osob-starszych\/\"]}]},{\"@type\":\"ImageObject\",\"inLanguage\":\"ro-RO\",\"@id\":\"https:\/\/marekkuchcinski.pl\/sk\/wydarzenia\/sejm-uchwalil-trzynasta-emeryture-marszalek-kuchcinski-dotrzymujemy-slowa-wychodzimy-naprzeciw-wieloletnim-zaniedbaniom-wobec-osob-starszych\/#primaryimage\",\"url\":\"https:\/\/marekkuchcinski.pl\/wp-content\/uploads\/2019\/04\/PSX_20190404_230243.jpg\",\"contentUrl\":\"https:\/\/marekkuchcinski.pl\/wp-content\/uploads\/2019\/04\/PSX_20190404_230243.jpg\",\"width\":2048,\"height\":1434},{\"@type\":\"BreadcrumbList\",\"@id\":\"https:\/\/marekkuchcinski.pl\/sk\/wydarzenia\/sejm-uchwalil-trzynasta-emeryture-marszalek-kuchcinski-dotrzymujemy-slowa-wychodzimy-naprzeciw-wieloletnim-zaniedbaniom-wobec-osob-starszych\/#breadcrumb\",\"itemListElement\":[{\"@type\":\"ListItem\",\"position\":1,\"name\":\"Strona g\u0142\u00f3wna\",\"item\":\"https:\/\/marekkuchcinski.pl\/\"},{\"@type\":\"ListItem\",\"position\":2,\"name\":\"Sejm uchwali\u0142 &#8220;trzynast\u0105 emerytur\u0119&#8221;. Marsza\u0142ek Kuchci\u0144ski: Dotrzymujemy s\u0142owa. Wychodzimy naprzeciw wieloletnim zaniedbaniom wobec os\u00f3b starszych\"}]},{\"@type\":\"WebSite\",\"@id\":\"https:\/\/marekkuchcinski.pl\/#website\",\"url\":\"https:\/\/marekkuchcinski.pl\/\",\"name\":\"Marek Kuchci\u0144ski\",\"description\":\"Pose\u0142 na sejm RP &ndash; okr\u0119g nr 22\",\"publisher\":{\"@id\":\"https:\/\/marekkuchcinski.pl\/#organization\"},\"potentialAction\":[{\"@type\":\"SearchAction\",\"target\":{\"@type\":\"EntryPoint\",\"urlTemplate\":\"https:\/\/marekkuchcinski.pl\/?s={search_term_string}\"},\"query-input\":{\"@type\":\"PropertyValueSpecification\",\"valueRequired\":true,\"valueName\":\"search_term_string\"}}],\"inLanguage\":\"ro-RO\"},{\"@type\":\"Organization\",\"@id\":\"https:\/\/marekkuchcinski.pl\/#organization\",\"name\":\"Marek Kuchci\u0144ski\",\"url\":\"https:\/\/marekkuchcinski.pl\/\",\"logo\":{\"@type\":\"ImageObject\",\"inLanguage\":\"ro-RO\",\"@id\":\"https:\/\/marekkuchcinski.pl\/#\/schema\/logo\/image\/\",\"url\":\"https:\/\/marekkuchcinski.pl\/wp-content\/uploads\/2022\/09\/Marek.jpg\",\"contentUrl\":\"https:\/\/marekkuchcinski.pl\/wp-content\/uploads\/2022\/09\/Marek.jpg\",\"width\":1600,\"height\":971,\"caption\":\"Marek Kuchci\u0144ski\"},\"image\":{\"@id\":\"https:\/\/marekkuchcinski.pl\/#\/schema\/logo\/image\/\"}},{\"@type\":\"Person\",\"@id\":\"https:\/\/marekkuchcinski.pl\/#\/schema\/person\/6f62700996b4d950b6ea2d1183b6c6be\",\"name\":\"admin\",\"image\":{\"@type\":\"ImageObject\",\"inLanguage\":\"ro-RO\",\"@id\":\"https:\/\/marekkuchcinski.pl\/#\/schema\/person\/image\/\",\"url\":\"https:\/\/secure.gravatar.com\/avatar\/4bab693b9d55c3d6b52c0296a8765085?s=96&d=mm&r=g\",\"contentUrl\":\"https:\/\/secure.gravatar.com\/avatar\/4bab693b9d55c3d6b52c0296a8765085?s=96&d=mm&r=g\",\"caption\":\"admin\"},\"url\":\"https:\/\/marekkuchcinski.pl\/ro\/author\/marta-olejnik\/\"}]}<\/script>\n<!-- \/ Yoast SEO plugin. -->","yoast_head_json":{"title":"Sejm uchwali\u0142 \"trzynast\u0105 emerytur\u0119\". Marsza\u0142ek Kuchci\u0144ski: Dotrzymujemy s\u0142owa. Wychodzimy naprzeciw wieloletnim zaniedbaniom wobec os\u00f3b starszych &#8211; Marek Kuchci\u0144ski","robots":{"index":"index","follow":"follow","max-snippet":"max-snippet:-1","max-image-preview":"max-image-preview:large","max-video-preview":"max-video-preview:-1"},"canonical":"https:\/\/marekkuchcinski.pl\/ro\/wydarzenia\/sejm-uchwalil-trzynasta-emeryture-marszalek-kuchcinski-dotrzymujemy-slowa-wychodzimy-naprzeciw-wieloletnim-zaniedbaniom-wobec-osob-starszych\/","og_locale":"ro_RO","og_type":"article","og_title":"Sejm uchwali\u0142 \"trzynast\u0105 emerytur\u0119\". Marsza\u0142ek Kuchci\u0144ski: Dotrzymujemy s\u0142owa. Wychodzimy naprzeciw wieloletnim zaniedbaniom wobec os\u00f3b starszych &#8211; Marek Kuchci\u0144ski","og_description":"Na 79. posiedzeniu Sejm przyj\u0105\u0142 ustaw\u0119 \u201eEmerytura plus\u201d. \u015awiadczenie skierowane do emeryt\u00f3w i rencist\u00f3w polega na wyp\u0142acaniu jednorazowo trzynastej emerytury w wysoko\u015bci &nbsp;1100 z\u0142 brutto (888,25 z\u0142 netto).&nbsp; W uzasadnieniu do ustawy Ministerstwo Rodziny obja\u015bnia, \u017ce celem jednorazowego \u015bwiadczenia pieni\u0119\u017cnego, obok pomocy dla emeryt\u00f3w i rencist\u00f3w, ma by\u0107 w szczeg\u00f3lno\u015bci zmniejszenie r\u00f3\u017cnic maj\u0105tkowych w spo\u0142ecze\u0144stwie. [&hellip;]","og_url":"https:\/\/marekkuchcinski.pl\/ro\/wydarzenia\/sejm-uchwalil-trzynasta-emeryture-marszalek-kuchcinski-dotrzymujemy-slowa-wychodzimy-naprzeciw-wieloletnim-zaniedbaniom-wobec-osob-starszych\/","og_site_name":"Marek Kuchci\u0144ski","article_published_time":"2019-04-04T19:16:09+00:00","article_modified_time":"2019-04-10T11:00:26+00:00","og_image":[{"width":2048,"height":1434,"url":"https:\/\/marekkuchcinski.pl\/wp-content\/uploads\/2019\/04\/PSX_20190404_230243.jpg","type":"image\/jpeg"}],"author":"admin","twitter_card":"summary_large_image","twitter_misc":{"Scris de":"admin","Timp estimat pentru citire":"4 minutes"},"schema":{"@context":"https:\/\/schema.org","@graph":[{"@type":"Article","@id":"https:\/\/marekkuchcinski.pl\/sk\/wydarzenia\/sejm-uchwalil-trzynasta-emeryture-marszalek-kuchcinski-dotrzymujemy-slowa-wychodzimy-naprzeciw-wieloletnim-zaniedbaniom-wobec-osob-starszych\/#article","isPartOf":{"@id":"https:\/\/marekkuchcinski.pl\/sk\/wydarzenia\/sejm-uchwalil-trzynasta-emeryture-marszalek-kuchcinski-dotrzymujemy-slowa-wychodzimy-naprzeciw-wieloletnim-zaniedbaniom-wobec-osob-starszych\/"},"author":{"name":"admin","@id":"https:\/\/marekkuchcinski.pl\/#\/schema\/person\/6f62700996b4d950b6ea2d1183b6c6be"},"headline":"Sejm uchwali\u0142 &#8222;trzynast\u0105 emerytur\u0119&#8221;. Marsza\u0142ek Kuchci\u0144ski: Dotrzymujemy s\u0142owa. Wychodzimy naprzeciw wieloletnim zaniedbaniom wobec os\u00f3b starszych","datePublished":"2019-04-04T19:16:09+00:00","dateModified":"2019-04-10T11:00:26+00:00","mainEntityOfPage":{"@id":"https:\/\/marekkuchcinski.pl\/sk\/wydarzenia\/sejm-uchwalil-trzynasta-emeryture-marszalek-kuchcinski-dotrzymujemy-slowa-wychodzimy-naprzeciw-wieloletnim-zaniedbaniom-wobec-osob-starszych\/"},"wordCount":834,"commentCount":0,"publisher":{"@id":"https:\/\/marekkuchcinski.pl\/#organization"},"image":{"@id":"https:\/\/marekkuchcinski.pl\/sk\/wydarzenia\/sejm-uchwalil-trzynasta-emeryture-marszalek-kuchcinski-dotrzymujemy-slowa-wychodzimy-naprzeciw-wieloletnim-zaniedbaniom-wobec-osob-starszych\/#primaryimage"},"thumbnailUrl":"https:\/\/marekkuchcinski.pl\/wp-content\/uploads\/2019\/04\/PSX_20190404_230243.jpg","articleSection":["Prawo i Sprawiedliwo\u015b\u0107","Wie\u015bci z Sejmu","Wydarzenia"],"inLanguage":"ro-RO","potentialAction":[{"@type":"CommentAction","name":"Comment","target":["https:\/\/marekkuchcinski.pl\/sk\/wydarzenia\/sejm-uchwalil-trzynasta-emeryture-marszalek-kuchcinski-dotrzymujemy-slowa-wychodzimy-naprzeciw-wieloletnim-zaniedbaniom-wobec-osob-starszych\/#respond"]}]},{"@type":"WebPage","@id":"https:\/\/marekkuchcinski.pl\/sk\/wydarzenia\/sejm-uchwalil-trzynasta-emeryture-marszalek-kuchcinski-dotrzymujemy-slowa-wychodzimy-naprzeciw-wieloletnim-zaniedbaniom-wobec-osob-starszych\/","url":"https:\/\/marekkuchcinski.pl\/sk\/wydarzenia\/sejm-uchwalil-trzynasta-emeryture-marszalek-kuchcinski-dotrzymujemy-slowa-wychodzimy-naprzeciw-wieloletnim-zaniedbaniom-wobec-osob-starszych\/","name":"Sejm uchwali\u0142 \"trzynast\u0105 emerytur\u0119\". Marsza\u0142ek Kuchci\u0144ski: Dotrzymujemy s\u0142owa. Wychodzimy naprzeciw wieloletnim zaniedbaniom wobec os\u00f3b starszych &#8211; Marek Kuchci\u0144ski","isPartOf":{"@id":"https:\/\/marekkuchcinski.pl\/#website"},"primaryImageOfPage":{"@id":"https:\/\/marekkuchcinski.pl\/sk\/wydarzenia\/sejm-uchwalil-trzynasta-emeryture-marszalek-kuchcinski-dotrzymujemy-slowa-wychodzimy-naprzeciw-wieloletnim-zaniedbaniom-wobec-osob-starszych\/#primaryimage"},"image":{"@id":"https:\/\/marekkuchcinski.pl\/sk\/wydarzenia\/sejm-uchwalil-trzynasta-emeryture-marszalek-kuchcinski-dotrzymujemy-slowa-wychodzimy-naprzeciw-wieloletnim-zaniedbaniom-wobec-osob-starszych\/#primaryimage"},"thumbnailUrl":"https:\/\/marekkuchcinski.pl\/wp-content\/uploads\/2019\/04\/PSX_20190404_230243.jpg","datePublished":"2019-04-04T19:16:09+00:00","dateModified":"2019-04-10T11:00:26+00:00","breadcrumb":{"@id":"https:\/\/marekkuchcinski.pl\/sk\/wydarzenia\/sejm-uchwalil-trzynasta-emeryture-marszalek-kuchcinski-dotrzymujemy-slowa-wychodzimy-naprzeciw-wieloletnim-zaniedbaniom-wobec-osob-starszych\/#breadcrumb"},"inLanguage":"ro-RO","potentialAction":[{"@type":"ReadAction","target":["https:\/\/marekkuchcinski.pl\/sk\/wydarzenia\/sejm-uchwalil-trzynasta-emeryture-marszalek-kuchcinski-dotrzymujemy-slowa-wychodzimy-naprzeciw-wieloletnim-zaniedbaniom-wobec-osob-starszych\/"]}]},{"@type":"ImageObject","inLanguage":"ro-RO","@id":"https:\/\/marekkuchcinski.pl\/sk\/wydarzenia\/sejm-uchwalil-trzynasta-emeryture-marszalek-kuchcinski-dotrzymujemy-slowa-wychodzimy-naprzeciw-wieloletnim-zaniedbaniom-wobec-osob-starszych\/#primaryimage","url":"https:\/\/marekkuchcinski.pl\/wp-content\/uploads\/2019\/04\/PSX_20190404_230243.jpg","contentUrl":"https:\/\/marekkuchcinski.pl\/wp-content\/uploads\/2019\/04\/PSX_20190404_230243.jpg","width":2048,"height":1434},{"@type":"BreadcrumbList","@id":"https:\/\/marekkuchcinski.pl\/sk\/wydarzenia\/sejm-uchwalil-trzynasta-emeryture-marszalek-kuchcinski-dotrzymujemy-slowa-wychodzimy-naprzeciw-wieloletnim-zaniedbaniom-wobec-osob-starszych\/#breadcrumb","itemListElement":[{"@type":"ListItem","position":1,"name":"Strona g\u0142\u00f3wna","item":"https:\/\/marekkuchcinski.pl\/"},{"@type":"ListItem","position":2,"name":"Sejm uchwali\u0142 &#8220;trzynast\u0105 emerytur\u0119&#8221;. Marsza\u0142ek Kuchci\u0144ski: Dotrzymujemy s\u0142owa. Wychodzimy naprzeciw wieloletnim zaniedbaniom wobec os\u00f3b starszych"}]},{"@type":"WebSite","@id":"https:\/\/marekkuchcinski.pl\/#website","url":"https:\/\/marekkuchcinski.pl\/","name":"Marek Kuchci\u0144ski","description":"Pose\u0142 na sejm RP &ndash; okr\u0119g nr 22","publisher":{"@id":"https:\/\/marekkuchcinski.pl\/#organization"},"potentialAction":[{"@type":"SearchAction","target":{"@type":"EntryPoint","urlTemplate":"https:\/\/marekkuchcinski.pl\/?s={search_term_string}"},"query-input":{"@type":"PropertyValueSpecification","valueRequired":true,"valueName":"search_term_string"}}],"inLanguage":"ro-RO"},{"@type":"Organization","@id":"https:\/\/marekkuchcinski.pl\/#organization","name":"Marek Kuchci\u0144ski","url":"https:\/\/marekkuchcinski.pl\/","logo":{"@type":"ImageObject","inLanguage":"ro-RO","@id":"https:\/\/marekkuchcinski.pl\/#\/schema\/logo\/image\/","url":"https:\/\/marekkuchcinski.pl\/wp-content\/uploads\/2022\/09\/Marek.jpg","contentUrl":"https:\/\/marekkuchcinski.pl\/wp-content\/uploads\/2022\/09\/Marek.jpg","width":1600,"height":971,"caption":"Marek Kuchci\u0144ski"},"image":{"@id":"https:\/\/marekkuchcinski.pl\/#\/schema\/logo\/image\/"}},{"@type":"Person","@id":"https:\/\/marekkuchcinski.pl\/#\/schema\/person\/6f62700996b4d950b6ea2d1183b6c6be","name":"admin","image":{"@type":"ImageObject","inLanguage":"ro-RO","@id":"https:\/\/marekkuchcinski.pl\/#\/schema\/person\/image\/","url":"https:\/\/secure.gravatar.com\/avatar\/4bab693b9d55c3d6b52c0296a8765085?s=96&d=mm&r=g","contentUrl":"https:\/\/secure.gravatar.com\/avatar\/4bab693b9d55c3d6b52c0296a8765085?s=96&d=mm&r=g","caption":"admin"},"url":"https:\/\/marekkuchcinski.pl\/ro\/author\/marta-olejnik\/"}]}},"_links":{"self":[{"href":"https:\/\/marekkuchcinski.pl\/ro\/wp-json\/wp\/v2\/posts\/14517","targetHints":{"allow":["GET"]}}],"collection":[{"href":"https:\/\/marekkuchcinski.pl\/ro\/wp-json\/wp\/v2\/posts"}],"about":[{"href":"https:\/\/marekkuchcinski.pl\/ro\/wp-json\/wp\/v2\/types\/post"}],"author":[{"embeddable":true,"href":"https:\/\/marekkuchcinski.pl\/ro\/wp-json\/wp\/v2\/users\/6"}],"replies":[{"embeddable":true,"href":"https:\/\/marekkuchcinski.pl\/ro\/wp-json\/wp\/v2\/comments?post=14517"}],"version-history":[{"count":17,"href":"https:\/\/marekkuchcinski.pl\/ro\/wp-json\/wp\/v2\/posts\/14517\/revisions"}],"predecessor-version":[{"id":14628,"href":"https:\/\/marekkuchcinski.pl\/ro\/wp-json\/wp\/v2\/posts\/14517\/revisions\/14628"}],"wp:featuredmedia":[{"embeddable":true,"href":"https:\/\/marekkuchcinski.pl\/ro\/wp-json\/wp\/v2\/media\/14575"}],"wp:attachment":[{"href":"https:\/\/marekkuchcinski.pl\/ro\/wp-json\/wp\/v2\/media?parent=14517"}],"wp:term":[{"taxonomy":"category","embeddable":true,"href":"https:\/\/marekkuchcinski.pl\/ro\/wp-json\/wp\/v2\/categories?post=14517"},{"taxonomy":"post_tag","embeddable":true,"href":"https:\/\/marekkuchcinski.pl\/ro\/wp-json\/wp\/v2\/tags?post=14517"}],"curies":[{"name":"wp","href":"https:\/\/api.w.org\/{rel}","templated":true}]}}