{"id":14407,"date":"2019-04-02T17:09:22","date_gmt":"2019-04-02T15:09:22","guid":{"rendered":"https:\/\/marekkuchcinski.pl\/?p=14407"},"modified":"2019-04-02T22:38:39","modified_gmt":"2019-04-02T20:38:39","slug":"pis-skutecznie-pomaga-ludziom-i-ogranicza-biede-i-nierownosci","status":"publish","type":"post","link":"https:\/\/marekkuchcinski.pl\/ro\/wydarzenia\/pis-skutecznie-pomaga-ludziom-i-ogranicza-biede-i-nierownosci\/","title":{"rendered":"Polonia este un lider \u00een ceea ce prive\u0219te egalizarea standardelor de via\u021b\u0103. PiS reduce efectiv diferen\u021bele dintre boga\u021bi \u0219i s\u0103raci"},"content":{"rendered":"<p><strong>Raportul organiza\u021biei umanitare Oxfam \"The Commitment to Reducing Inequality Index 2018\", realizat de organiza\u021bia umanitar\u0103 Oxfam arat\u0103 c\u0103 Polonia se afl\u0103 pe primul loc \u00een ceea ce prive\u0219te reducerea decalajului dintre s\u0103raci \u0219i boga\u021bi.<\/strong> <\/p>\n\n\n\n<p><strong>Trei ani de program emblematic al Dreptului \u0219i Justi\u021biei - 500 plus -<\/strong>&nbsp;<strong>confirm\u0103 legitimitatea programului, a\u0219a c\u0103 guvernul face un pas mai departe \u0219i ofer\u0103 un supliment de 500 PLN nu doar pentru primul copil, ci pentru fiecare copil.<\/strong><\/p>\n\n\n\n<p>Reamintim c\u0103 \u00een 2018 a fost introdus\u0103 \u0219i canapeaua 300 plus - care reprezint\u0103 o injec\u021bie financiar\u0103 pentru familiile cu copii care \u00eencep anul \u0219colar sau programul Mama 4 plus - pentru femeile care au crescut cel pu\u021bin patru copii.<\/p>\n\n\n\n<p>\u00cen sesiunea din 3-4 aprilie, Sejm-ul va examina \u0219i un proiect de lege al Ministerului Afacerilor Familiei, Muncii \u0219i Politicii Sociale, care prevede acordarea unui sprijin pentru persoanele \u00een v\u00e2rst\u0103 - pensionari \u0219i pensionari de invaliditate - \u0219i anume a celei de-a treisprezecea pensii, care se va ridica la 1100 PLN brut (888,25 PLN net). Proiectul prive\u0219te milioane de oameni. Mul\u021bi dintre ei, \u00een ciuda faptului c\u0103 au muncit aproape toat\u0103 via\u021ba, \u00ee\u0219i num\u0103r\u0103 cu grij\u0103 zlotul - \u00eel cheltuiesc pentru s\u0103n\u0103tate sau \u00ee\u0219i ajut\u0103 familia...<\/p>\n\n\n\n<p>\u00cen expunerea de motive a legii, ministerul explic\u0103 faptul c\u0103 scopul acestei presta\u021bii unice \u00een numerar, pe l\u00e2ng\u0103 ajutorarea pensionarilor, este \u00een special reducerea disparit\u0103\u021bilor de avere \u00een societate. De\u0219i \u00een ultimii ani au fost f\u0103cute multe modific\u0103ri pentru a proteja nivelul presta\u021biilor de pensie, aceast\u0103 asisten\u021b\u0103 este considerat\u0103 \u00eenc\u0103 insuficient\u0103.<\/p>\n\n\n\n<p>\u00cen cazul \u00een care parlamentul va sus\u021bine proiectul \u0219i pre\u0219edintele \u00eel va semna, cea de-a treisprezecea plat\u0103 va fi efectuat\u0103 la 1 mai anul acesta.<\/p>\n\n\n\n<p>Merit\u0103 s\u0103-i lini\u0219tim pe cei care sunt negativi \u0219i \u00eengrijora\u021bi de\ndac\u0103 bugetul de stat poate sus\u021bine aceste promisiuni \u0219i pentru a contesta acuza\u021biile c\u0103\nguvernul d\u0103 banii contribuabililor.&nbsp;<\/p>\n\n\n\n<p>Ei bine, veniturile bugetare ale Poloniei se ridic\u0103 la 380,1 miliarde PLN (estimate\nDatele Ministerului Finan\u021belor din 7 februarie 2019). Doar 59,9 miliarde PLN\nprovine din impozitele pe persoane fizice, adic\u0103 din statistica Smith.<\/p>\n\n\n\n<p>\u00cen \u021b\u0103ri precum Germania sau Suedia, sprijinul financiar\n\u00cen \u021b\u0103ri precum Germania sau Suedia, sprijinul financiar pentru familiile cu copii nu este tratat ca o poman\u0103, ci ca o politic\u0103 \u00een\u021beleapt\u0103 \u00een favoarea familiei.\nAcest lucru este deosebit de important \u00een contextul sc\u0103derii popula\u021biei Europei.\npopula\u021bia este \u00een sc\u0103dere.<\/p>\n\n\n\n<p><strong>Prin urmare, este necesar s\u0103 privim politica de stat ca pe o preocupare pentru cei mai tineri de ast\u0103zi \u0219i ca pe o bun\u0103 investi\u021bie \u00een viitorul nostru.<\/strong><\/p>\n\n\n\n<p><\/p>\n\n\n\n<p><em>Text Marta Olejnik<\/em><\/p>\n\n\n\n<figure class=\"wp-block-image\"><img fetchpriority=\"high\" decoding=\"async\" width=\"801\" height=\"451\" src=\"https:\/\/marekkuchcinski.pl\/wp-content\/uploads\/2019\/04\/image-3.png\" alt=\"\" class=\"wp-image-14410\" srcset=\"https:\/\/marekkuchcinski.pl\/wp-content\/uploads\/2019\/04\/image-3.png 801w, https:\/\/marekkuchcinski.pl\/wp-content\/uploads\/2019\/04\/image-3-300x169.png 300w, https:\/\/marekkuchcinski.pl\/wp-content\/uploads\/2019\/04\/image-3-768x432.png 768w\" sizes=\"(max-width: 801px) 100vw, 801px\" \/><\/figure>\n\n\n\n<p><\/p>\n\n\n\n<figure class=\"wp-block-image\"><img decoding=\"async\" width=\"801\" height=\"451\" src=\"https:\/\/marekkuchcinski.pl\/wp-content\/uploads\/2019\/04\/image-1.png\" alt=\"\" class=\"wp-image-14408\" srcset=\"https:\/\/marekkuchcinski.pl\/wp-content\/uploads\/2019\/04\/image-1.png 801w, https:\/\/marekkuchcinski.pl\/wp-content\/uploads\/2019\/04\/image-1-300x169.png 300w, https:\/\/marekkuchcinski.pl\/wp-content\/uploads\/2019\/04\/image-1-768x432.png 768w\" sizes=\"(max-width: 801px) 100vw, 801px\" \/><\/figure>\n\n\n\n<figure class=\"wp-block-image\"><img decoding=\"async\" width=\"801\" height=\"451\" src=\"https:\/\/marekkuchcinski.pl\/wp-content\/uploads\/2019\/04\/image.png\" alt=\"\" class=\"wp-image-14418\" srcset=\"https:\/\/marekkuchcinski.pl\/wp-content\/uploads\/2019\/04\/image.png 801w, https:\/\/marekkuchcinski.pl\/wp-content\/uploads\/2019\/04\/image-300x169.png 300w, https:\/\/marekkuchcinski.pl\/wp-content\/uploads\/2019\/04\/image-768x432.png 768w\" sizes=\"(max-width: 801px) 100vw, 801px\" \/><\/figure>\n\n\n\n<figure class=\"wp-block-image\"><img loading=\"lazy\" decoding=\"async\" width=\"801\" height=\"451\" src=\"https:\/\/marekkuchcinski.pl\/wp-content\/uploads\/2019\/04\/image-2.png\" alt=\"\" class=\"wp-image-14409\" srcset=\"https:\/\/marekkuchcinski.pl\/wp-content\/uploads\/2019\/04\/image-2.png 801w, https:\/\/marekkuchcinski.pl\/wp-content\/uploads\/2019\/04\/image-2-300x169.png 300w, https:\/\/marekkuchcinski.pl\/wp-content\/uploads\/2019\/04\/image-2-768x432.png 768w\" sizes=\"(max-width: 801px) 100vw, 801px\" \/><\/figure>\n\n\n\n<figure class=\"wp-block-image\"><img loading=\"lazy\" decoding=\"async\" width=\"801\" height=\"451\" src=\"https:\/\/marekkuchcinski.pl\/wp-content\/uploads\/2019\/04\/image-4.png\" alt=\"\" class=\"wp-image-14411\" srcset=\"https:\/\/marekkuchcinski.pl\/wp-content\/uploads\/2019\/04\/image-4.png 801w, https:\/\/marekkuchcinski.pl\/wp-content\/uploads\/2019\/04\/image-4-300x169.png 300w, https:\/\/marekkuchcinski.pl\/wp-content\/uploads\/2019\/04\/image-4-768x432.png 768w\" sizes=\"(max-width: 801px) 100vw, 801px\" \/><\/figure>\n\n\n\n<figure class=\"wp-block-image\"><img loading=\"lazy\" decoding=\"async\" width=\"800\" height=\"451\" src=\"https:\/\/marekkuchcinski.pl\/wp-content\/uploads\/2019\/04\/image-5.png\" alt=\"\" class=\"wp-image-14412\" srcset=\"https:\/\/marekkuchcinski.pl\/wp-content\/uploads\/2019\/04\/image-5.png 800w, https:\/\/marekkuchcinski.pl\/wp-content\/uploads\/2019\/04\/image-5-300x169.png 300w, https:\/\/marekkuchcinski.pl\/wp-content\/uploads\/2019\/04\/image-5-768x433.png 768w\" sizes=\"(max-width: 800px) 100vw, 800px\" \/><\/figure>\n\n\n\n<figure class=\"wp-block-image\"><img loading=\"lazy\" decoding=\"async\" width=\"801\" height=\"450\" src=\"https:\/\/marekkuchcinski.pl\/wp-content\/uploads\/2019\/04\/image-6.png\" alt=\"\" class=\"wp-image-14413\" srcset=\"https:\/\/marekkuchcinski.pl\/wp-content\/uploads\/2019\/04\/image-6.png 801w, https:\/\/marekkuchcinski.pl\/wp-content\/uploads\/2019\/04\/image-6-300x169.png 300w, https:\/\/marekkuchcinski.pl\/wp-content\/uploads\/2019\/04\/image-6-768x431.png 768w\" sizes=\"(max-width: 801px) 100vw, 801px\" \/><\/figure>\n\n\n\n<figure class=\"wp-block-image\"><img loading=\"lazy\" decoding=\"async\" width=\"800\" height=\"450\" src=\"https:\/\/marekkuchcinski.pl\/wp-content\/uploads\/2019\/04\/image-7.png\" alt=\"\" class=\"wp-image-14414\" srcset=\"https:\/\/marekkuchcinski.pl\/wp-content\/uploads\/2019\/04\/image-7.png 800w, https:\/\/marekkuchcinski.pl\/wp-content\/uploads\/2019\/04\/image-7-300x169.png 300w, https:\/\/marekkuchcinski.pl\/wp-content\/uploads\/2019\/04\/image-7-768x432.png 768w\" sizes=\"(max-width: 800px) 100vw, 800px\" \/><\/figure>\n\n\n\n<figure class=\"wp-block-image\"><img loading=\"lazy\" decoding=\"async\" width=\"800\" height=\"450\" src=\"https:\/\/marekkuchcinski.pl\/wp-content\/uploads\/2019\/04\/image-8.png\" alt=\"\" class=\"wp-image-14415\" srcset=\"https:\/\/marekkuchcinski.pl\/wp-content\/uploads\/2019\/04\/image-8.png 800w, https:\/\/marekkuchcinski.pl\/wp-content\/uploads\/2019\/04\/image-8-300x169.png 300w, https:\/\/marekkuchcinski.pl\/wp-content\/uploads\/2019\/04\/image-8-768x432.png 768w\" sizes=\"(max-width: 800px) 100vw, 800px\" \/><\/figure>\n\n\n\n<figure class=\"wp-block-image\"><img loading=\"lazy\" decoding=\"async\" width=\"800\" height=\"450\" src=\"https:\/\/marekkuchcinski.pl\/wp-content\/uploads\/2019\/04\/image-10.png\" alt=\"\" class=\"wp-image-14417\" srcset=\"https:\/\/marekkuchcinski.pl\/wp-content\/uploads\/2019\/04\/image-10.png 800w, https:\/\/marekkuchcinski.pl\/wp-content\/uploads\/2019\/04\/image-10-300x169.png 300w, https:\/\/marekkuchcinski.pl\/wp-content\/uploads\/2019\/04\/image-10-768x432.png 768w\" sizes=\"(max-width: 800px) 100vw, 800px\" \/><\/figure>","protected":false},"excerpt":{"rendered":"<p>Z raportu organizacji humanitarnej Oxfam &#8222;The Commitment to Reducing Inequality Index 2018&#8221; wynika, \u017ce Polska jest na pierwszym miejscu pod wzgl\u0119dem niwelowania r\u00f3\u017cnic mi\u0119dzy biednymi a bogatymi. Trzy lata flagowego programu Prawa i Sprawiedliwo\u015bci \u2013 500 plus&nbsp;\u2013&nbsp;potwierdzaj\u0105 zasadno\u015b\u0107 programu, rz\u0105d idzie wi\u0119c za ciosem i oferuje 500 z\u0142 dodatku nie tylko na pierwsze, ale na [&hellip;]<\/p>","protected":false},"author":6,"featured_media":14440,"comment_status":"open","ping_status":"open","sticky":false,"template":"","format":"standard","meta":{"ngg_post_thumbnail":0,"footnotes":""},"categories":[82,81,3],"tags":[],"class_list":["post-14407","post","type-post","status-publish","format-standard","has-post-thumbnail","hentry","category-prawo-i-sprawiedliwosc","category-wiesci-z-sejmu","category-wydarzenia"],"yoast_head":"<!-- This site is optimized with the Yoast SEO plugin v24.7 - https:\/\/yoast.com\/wordpress\/plugins\/seo\/ -->\n<title>Polska liderem w wyr\u00f3wnywaniu poziomu \u017cycia. PiS skutecznie zmniejsza r\u00f3\u017cnice mi\u0119dzy biednymi a bogatymi &#8211; Marek Kuchci\u0144ski<\/title>\n<meta name=\"robots\" content=\"index, follow, max-snippet:-1, max-image-preview:large, max-video-preview:-1\" \/>\n<link rel=\"canonical\" href=\"https:\/\/marekkuchcinski.pl\/ro\/wydarzenia\/pis-skutecznie-pomaga-ludziom-i-ogranicza-biede-i-nierownosci\/\" \/>\n<meta property=\"og:locale\" content=\"ro_RO\" \/>\n<meta property=\"og:type\" content=\"article\" \/>\n<meta property=\"og:title\" content=\"Polska liderem w wyr\u00f3wnywaniu poziomu \u017cycia. PiS skutecznie zmniejsza r\u00f3\u017cnice mi\u0119dzy biednymi a bogatymi &#8211; Marek Kuchci\u0144ski\" \/>\n<meta property=\"og:description\" content=\"Z raportu organizacji humanitarnej Oxfam &#8222;The Commitment to Reducing Inequality Index 2018&#8221; wynika, \u017ce Polska jest na pierwszym miejscu pod wzgl\u0119dem niwelowania r\u00f3\u017cnic mi\u0119dzy biednymi a bogatymi. Trzy lata flagowego programu Prawa i Sprawiedliwo\u015bci \u2013 500 plus&nbsp;\u2013&nbsp;potwierdzaj\u0105 zasadno\u015b\u0107 programu, rz\u0105d idzie wi\u0119c za ciosem i oferuje 500 z\u0142 dodatku nie tylko na pierwsze, ale na [&hellip;]\" \/>\n<meta property=\"og:url\" content=\"https:\/\/marekkuchcinski.pl\/ro\/wydarzenia\/pis-skutecznie-pomaga-ludziom-i-ogranicza-biede-i-nierownosci\/\" \/>\n<meta property=\"og:site_name\" content=\"Marek Kuchci\u0144ski\" \/>\n<meta property=\"article:published_time\" content=\"2019-04-02T15:09:22+00:00\" \/>\n<meta property=\"article:modified_time\" content=\"2019-04-02T20:38:39+00:00\" \/>\n<meta property=\"og:image\" content=\"https:\/\/marekkuchcinski.pl\/wp-content\/uploads\/2019\/04\/Rodzina-500-rodzina.jpg\" \/>\n\t<meta property=\"og:image:width\" content=\"842\" \/>\n\t<meta property=\"og:image:height\" content=\"595\" \/>\n\t<meta property=\"og:image:type\" content=\"image\/jpeg\" \/>\n<meta name=\"author\" content=\"admin\" \/>\n<meta name=\"twitter:card\" content=\"summary_large_image\" \/>\n<meta name=\"twitter:label1\" content=\"Scris de\" \/>\n\t<meta name=\"twitter:data1\" content=\"admin\" \/>\n\t<meta name=\"twitter:label2\" content=\"Timp estimat pentru citire\" \/>\n\t<meta name=\"twitter:data2\" content=\"2 minutes\" \/>\n<script type=\"application\/ld+json\" class=\"yoast-schema-graph\">{\"@context\":\"https:\/\/schema.org\",\"@graph\":[{\"@type\":\"Article\",\"@id\":\"https:\/\/marekkuchcinski.pl\/wydarzenia\/pis-skutecznie-pomaga-ludziom-i-ogranicza-biede-i-nierownosci\/#article\",\"isPartOf\":{\"@id\":\"https:\/\/marekkuchcinski.pl\/wydarzenia\/pis-skutecznie-pomaga-ludziom-i-ogranicza-biede-i-nierownosci\/\"},\"author\":{\"name\":\"admin\",\"@id\":\"https:\/\/marekkuchcinski.pl\/#\/schema\/person\/6f62700996b4d950b6ea2d1183b6c6be\"},\"headline\":\"Polska liderem w wyr\u00f3wnywaniu poziomu \u017cycia. PiS skutecznie zmniejsza r\u00f3\u017cnice mi\u0119dzy biednymi a bogatymi\",\"datePublished\":\"2019-04-02T15:09:22+00:00\",\"dateModified\":\"2019-04-02T20:38:39+00:00\",\"mainEntityOfPage\":{\"@id\":\"https:\/\/marekkuchcinski.pl\/wydarzenia\/pis-skutecznie-pomaga-ludziom-i-ogranicza-biede-i-nierownosci\/\"},\"wordCount\":390,\"commentCount\":0,\"publisher\":{\"@id\":\"https:\/\/marekkuchcinski.pl\/#organization\"},\"image\":{\"@id\":\"https:\/\/marekkuchcinski.pl\/wydarzenia\/pis-skutecznie-pomaga-ludziom-i-ogranicza-biede-i-nierownosci\/#primaryimage\"},\"thumbnailUrl\":\"https:\/\/marekkuchcinski.pl\/wp-content\/uploads\/2019\/04\/Rodzina-500-rodzina.jpg\",\"articleSection\":[\"Prawo i Sprawiedliwo\u015b\u0107\",\"Wie\u015bci z Sejmu\",\"Wydarzenia\"],\"inLanguage\":\"ro-RO\",\"potentialAction\":[{\"@type\":\"CommentAction\",\"name\":\"Comment\",\"target\":[\"https:\/\/marekkuchcinski.pl\/wydarzenia\/pis-skutecznie-pomaga-ludziom-i-ogranicza-biede-i-nierownosci\/#respond\"]}]},{\"@type\":\"WebPage\",\"@id\":\"https:\/\/marekkuchcinski.pl\/wydarzenia\/pis-skutecznie-pomaga-ludziom-i-ogranicza-biede-i-nierownosci\/\",\"url\":\"https:\/\/marekkuchcinski.pl\/wydarzenia\/pis-skutecznie-pomaga-ludziom-i-ogranicza-biede-i-nierownosci\/\",\"name\":\"Polska liderem w wyr\u00f3wnywaniu poziomu \u017cycia. PiS skutecznie zmniejsza r\u00f3\u017cnice mi\u0119dzy biednymi a bogatymi &#8211; Marek Kuchci\u0144ski\",\"isPartOf\":{\"@id\":\"https:\/\/marekkuchcinski.pl\/#website\"},\"primaryImageOfPage\":{\"@id\":\"https:\/\/marekkuchcinski.pl\/wydarzenia\/pis-skutecznie-pomaga-ludziom-i-ogranicza-biede-i-nierownosci\/#primaryimage\"},\"image\":{\"@id\":\"https:\/\/marekkuchcinski.pl\/wydarzenia\/pis-skutecznie-pomaga-ludziom-i-ogranicza-biede-i-nierownosci\/#primaryimage\"},\"thumbnailUrl\":\"https:\/\/marekkuchcinski.pl\/wp-content\/uploads\/2019\/04\/Rodzina-500-rodzina.jpg\",\"datePublished\":\"2019-04-02T15:09:22+00:00\",\"dateModified\":\"2019-04-02T20:38:39+00:00\",\"breadcrumb\":{\"@id\":\"https:\/\/marekkuchcinski.pl\/wydarzenia\/pis-skutecznie-pomaga-ludziom-i-ogranicza-biede-i-nierownosci\/#breadcrumb\"},\"inLanguage\":\"ro-RO\",\"potentialAction\":[{\"@type\":\"ReadAction\",\"target\":[\"https:\/\/marekkuchcinski.pl\/wydarzenia\/pis-skutecznie-pomaga-ludziom-i-ogranicza-biede-i-nierownosci\/\"]}]},{\"@type\":\"ImageObject\",\"inLanguage\":\"ro-RO\",\"@id\":\"https:\/\/marekkuchcinski.pl\/wydarzenia\/pis-skutecznie-pomaga-ludziom-i-ogranicza-biede-i-nierownosci\/#primaryimage\",\"url\":\"https:\/\/marekkuchcinski.pl\/wp-content\/uploads\/2019\/04\/Rodzina-500-rodzina.jpg\",\"contentUrl\":\"https:\/\/marekkuchcinski.pl\/wp-content\/uploads\/2019\/04\/Rodzina-500-rodzina.jpg\",\"width\":842,\"height\":595},{\"@type\":\"BreadcrumbList\",\"@id\":\"https:\/\/marekkuchcinski.pl\/wydarzenia\/pis-skutecznie-pomaga-ludziom-i-ogranicza-biede-i-nierownosci\/#breadcrumb\",\"itemListElement\":[{\"@type\":\"ListItem\",\"position\":1,\"name\":\"Strona g\u0142\u00f3wna\",\"item\":\"https:\/\/marekkuchcinski.pl\/\"},{\"@type\":\"ListItem\",\"position\":2,\"name\":\"Polska liderem w wyr\u00f3wnywaniu poziomu \u017cycia. PiS skutecznie zmniejsza r\u00f3\u017cnice mi\u0119dzy biednymi a bogatymi\"}]},{\"@type\":\"WebSite\",\"@id\":\"https:\/\/marekkuchcinski.pl\/#website\",\"url\":\"https:\/\/marekkuchcinski.pl\/\",\"name\":\"Marek Kuchci\u0144ski\",\"description\":\"Pose\u0142 na sejm RP &ndash; okr\u0119g nr 22\",\"publisher\":{\"@id\":\"https:\/\/marekkuchcinski.pl\/#organization\"},\"potentialAction\":[{\"@type\":\"SearchAction\",\"target\":{\"@type\":\"EntryPoint\",\"urlTemplate\":\"https:\/\/marekkuchcinski.pl\/?s={search_term_string}\"},\"query-input\":{\"@type\":\"PropertyValueSpecification\",\"valueRequired\":true,\"valueName\":\"search_term_string\"}}],\"inLanguage\":\"ro-RO\"},{\"@type\":\"Organization\",\"@id\":\"https:\/\/marekkuchcinski.pl\/#organization\",\"name\":\"Marek Kuchci\u0144ski\",\"url\":\"https:\/\/marekkuchcinski.pl\/\",\"logo\":{\"@type\":\"ImageObject\",\"inLanguage\":\"ro-RO\",\"@id\":\"https:\/\/marekkuchcinski.pl\/#\/schema\/logo\/image\/\",\"url\":\"https:\/\/marekkuchcinski.pl\/wp-content\/uploads\/2022\/09\/Marek.jpg\",\"contentUrl\":\"https:\/\/marekkuchcinski.pl\/wp-content\/uploads\/2022\/09\/Marek.jpg\",\"width\":1600,\"height\":971,\"caption\":\"Marek Kuchci\u0144ski\"},\"image\":{\"@id\":\"https:\/\/marekkuchcinski.pl\/#\/schema\/logo\/image\/\"}},{\"@type\":\"Person\",\"@id\":\"https:\/\/marekkuchcinski.pl\/#\/schema\/person\/6f62700996b4d950b6ea2d1183b6c6be\",\"name\":\"admin\",\"image\":{\"@type\":\"ImageObject\",\"inLanguage\":\"ro-RO\",\"@id\":\"https:\/\/marekkuchcinski.pl\/#\/schema\/person\/image\/\",\"url\":\"https:\/\/secure.gravatar.com\/avatar\/4bab693b9d55c3d6b52c0296a8765085?s=96&d=mm&r=g\",\"contentUrl\":\"https:\/\/secure.gravatar.com\/avatar\/4bab693b9d55c3d6b52c0296a8765085?s=96&d=mm&r=g\",\"caption\":\"admin\"},\"url\":\"https:\/\/marekkuchcinski.pl\/ro\/author\/marta-olejnik\/\"}]}<\/script>\n<!-- \/ Yoast SEO plugin. -->","yoast_head_json":{"title":"Polska liderem w wyr\u00f3wnywaniu poziomu \u017cycia. PiS skutecznie zmniejsza r\u00f3\u017cnice mi\u0119dzy biednymi a bogatymi &#8211; Marek Kuchci\u0144ski","robots":{"index":"index","follow":"follow","max-snippet":"max-snippet:-1","max-image-preview":"max-image-preview:large","max-video-preview":"max-video-preview:-1"},"canonical":"https:\/\/marekkuchcinski.pl\/ro\/wydarzenia\/pis-skutecznie-pomaga-ludziom-i-ogranicza-biede-i-nierownosci\/","og_locale":"ro_RO","og_type":"article","og_title":"Polska liderem w wyr\u00f3wnywaniu poziomu \u017cycia. PiS skutecznie zmniejsza r\u00f3\u017cnice mi\u0119dzy biednymi a bogatymi &#8211; Marek Kuchci\u0144ski","og_description":"Z raportu organizacji humanitarnej Oxfam &#8222;The Commitment to Reducing Inequality Index 2018&#8221; wynika, \u017ce Polska jest na pierwszym miejscu pod wzgl\u0119dem niwelowania r\u00f3\u017cnic mi\u0119dzy biednymi a bogatymi. Trzy lata flagowego programu Prawa i Sprawiedliwo\u015bci \u2013 500 plus&nbsp;\u2013&nbsp;potwierdzaj\u0105 zasadno\u015b\u0107 programu, rz\u0105d idzie wi\u0119c za ciosem i oferuje 500 z\u0142 dodatku nie tylko na pierwsze, ale na [&hellip;]","og_url":"https:\/\/marekkuchcinski.pl\/ro\/wydarzenia\/pis-skutecznie-pomaga-ludziom-i-ogranicza-biede-i-nierownosci\/","og_site_name":"Marek Kuchci\u0144ski","article_published_time":"2019-04-02T15:09:22+00:00","article_modified_time":"2019-04-02T20:38:39+00:00","og_image":[{"width":842,"height":595,"url":"https:\/\/marekkuchcinski.pl\/wp-content\/uploads\/2019\/04\/Rodzina-500-rodzina.jpg","type":"image\/jpeg"}],"author":"admin","twitter_card":"summary_large_image","twitter_misc":{"Scris de":"admin","Timp estimat pentru citire":"2 minutes"},"schema":{"@context":"https:\/\/schema.org","@graph":[{"@type":"Article","@id":"https:\/\/marekkuchcinski.pl\/wydarzenia\/pis-skutecznie-pomaga-ludziom-i-ogranicza-biede-i-nierownosci\/#article","isPartOf":{"@id":"https:\/\/marekkuchcinski.pl\/wydarzenia\/pis-skutecznie-pomaga-ludziom-i-ogranicza-biede-i-nierownosci\/"},"author":{"name":"admin","@id":"https:\/\/marekkuchcinski.pl\/#\/schema\/person\/6f62700996b4d950b6ea2d1183b6c6be"},"headline":"Polska liderem w wyr\u00f3wnywaniu poziomu \u017cycia. PiS skutecznie zmniejsza r\u00f3\u017cnice mi\u0119dzy biednymi a bogatymi","datePublished":"2019-04-02T15:09:22+00:00","dateModified":"2019-04-02T20:38:39+00:00","mainEntityOfPage":{"@id":"https:\/\/marekkuchcinski.pl\/wydarzenia\/pis-skutecznie-pomaga-ludziom-i-ogranicza-biede-i-nierownosci\/"},"wordCount":390,"commentCount":0,"publisher":{"@id":"https:\/\/marekkuchcinski.pl\/#organization"},"image":{"@id":"https:\/\/marekkuchcinski.pl\/wydarzenia\/pis-skutecznie-pomaga-ludziom-i-ogranicza-biede-i-nierownosci\/#primaryimage"},"thumbnailUrl":"https:\/\/marekkuchcinski.pl\/wp-content\/uploads\/2019\/04\/Rodzina-500-rodzina.jpg","articleSection":["Prawo i Sprawiedliwo\u015b\u0107","Wie\u015bci z Sejmu","Wydarzenia"],"inLanguage":"ro-RO","potentialAction":[{"@type":"CommentAction","name":"Comment","target":["https:\/\/marekkuchcinski.pl\/wydarzenia\/pis-skutecznie-pomaga-ludziom-i-ogranicza-biede-i-nierownosci\/#respond"]}]},{"@type":"WebPage","@id":"https:\/\/marekkuchcinski.pl\/wydarzenia\/pis-skutecznie-pomaga-ludziom-i-ogranicza-biede-i-nierownosci\/","url":"https:\/\/marekkuchcinski.pl\/wydarzenia\/pis-skutecznie-pomaga-ludziom-i-ogranicza-biede-i-nierownosci\/","name":"Polska liderem w wyr\u00f3wnywaniu poziomu \u017cycia. PiS skutecznie zmniejsza r\u00f3\u017cnice mi\u0119dzy biednymi a bogatymi &#8211; Marek Kuchci\u0144ski","isPartOf":{"@id":"https:\/\/marekkuchcinski.pl\/#website"},"primaryImageOfPage":{"@id":"https:\/\/marekkuchcinski.pl\/wydarzenia\/pis-skutecznie-pomaga-ludziom-i-ogranicza-biede-i-nierownosci\/#primaryimage"},"image":{"@id":"https:\/\/marekkuchcinski.pl\/wydarzenia\/pis-skutecznie-pomaga-ludziom-i-ogranicza-biede-i-nierownosci\/#primaryimage"},"thumbnailUrl":"https:\/\/marekkuchcinski.pl\/wp-content\/uploads\/2019\/04\/Rodzina-500-rodzina.jpg","datePublished":"2019-04-02T15:09:22+00:00","dateModified":"2019-04-02T20:38:39+00:00","breadcrumb":{"@id":"https:\/\/marekkuchcinski.pl\/wydarzenia\/pis-skutecznie-pomaga-ludziom-i-ogranicza-biede-i-nierownosci\/#breadcrumb"},"inLanguage":"ro-RO","potentialAction":[{"@type":"ReadAction","target":["https:\/\/marekkuchcinski.pl\/wydarzenia\/pis-skutecznie-pomaga-ludziom-i-ogranicza-biede-i-nierownosci\/"]}]},{"@type":"ImageObject","inLanguage":"ro-RO","@id":"https:\/\/marekkuchcinski.pl\/wydarzenia\/pis-skutecznie-pomaga-ludziom-i-ogranicza-biede-i-nierownosci\/#primaryimage","url":"https:\/\/marekkuchcinski.pl\/wp-content\/uploads\/2019\/04\/Rodzina-500-rodzina.jpg","contentUrl":"https:\/\/marekkuchcinski.pl\/wp-content\/uploads\/2019\/04\/Rodzina-500-rodzina.jpg","width":842,"height":595},{"@type":"BreadcrumbList","@id":"https:\/\/marekkuchcinski.pl\/wydarzenia\/pis-skutecznie-pomaga-ludziom-i-ogranicza-biede-i-nierownosci\/#breadcrumb","itemListElement":[{"@type":"ListItem","position":1,"name":"Strona g\u0142\u00f3wna","item":"https:\/\/marekkuchcinski.pl\/"},{"@type":"ListItem","position":2,"name":"Polska liderem w wyr\u00f3wnywaniu poziomu \u017cycia. PiS skutecznie zmniejsza r\u00f3\u017cnice mi\u0119dzy biednymi a bogatymi"}]},{"@type":"WebSite","@id":"https:\/\/marekkuchcinski.pl\/#website","url":"https:\/\/marekkuchcinski.pl\/","name":"Marek Kuchci\u0144ski","description":"Pose\u0142 na sejm RP &ndash; okr\u0119g nr 22","publisher":{"@id":"https:\/\/marekkuchcinski.pl\/#organization"},"potentialAction":[{"@type":"SearchAction","target":{"@type":"EntryPoint","urlTemplate":"https:\/\/marekkuchcinski.pl\/?s={search_term_string}"},"query-input":{"@type":"PropertyValueSpecification","valueRequired":true,"valueName":"search_term_string"}}],"inLanguage":"ro-RO"},{"@type":"Organization","@id":"https:\/\/marekkuchcinski.pl\/#organization","name":"Marek Kuchci\u0144ski","url":"https:\/\/marekkuchcinski.pl\/","logo":{"@type":"ImageObject","inLanguage":"ro-RO","@id":"https:\/\/marekkuchcinski.pl\/#\/schema\/logo\/image\/","url":"https:\/\/marekkuchcinski.pl\/wp-content\/uploads\/2022\/09\/Marek.jpg","contentUrl":"https:\/\/marekkuchcinski.pl\/wp-content\/uploads\/2022\/09\/Marek.jpg","width":1600,"height":971,"caption":"Marek Kuchci\u0144ski"},"image":{"@id":"https:\/\/marekkuchcinski.pl\/#\/schema\/logo\/image\/"}},{"@type":"Person","@id":"https:\/\/marekkuchcinski.pl\/#\/schema\/person\/6f62700996b4d950b6ea2d1183b6c6be","name":"admin","image":{"@type":"ImageObject","inLanguage":"ro-RO","@id":"https:\/\/marekkuchcinski.pl\/#\/schema\/person\/image\/","url":"https:\/\/secure.gravatar.com\/avatar\/4bab693b9d55c3d6b52c0296a8765085?s=96&d=mm&r=g","contentUrl":"https:\/\/secure.gravatar.com\/avatar\/4bab693b9d55c3d6b52c0296a8765085?s=96&d=mm&r=g","caption":"admin"},"url":"https:\/\/marekkuchcinski.pl\/ro\/author\/marta-olejnik\/"}]}},"_links":{"self":[{"href":"https:\/\/marekkuchcinski.pl\/ro\/wp-json\/wp\/v2\/posts\/14407","targetHints":{"allow":["GET"]}}],"collection":[{"href":"https:\/\/marekkuchcinski.pl\/ro\/wp-json\/wp\/v2\/posts"}],"about":[{"href":"https:\/\/marekkuchcinski.pl\/ro\/wp-json\/wp\/v2\/types\/post"}],"author":[{"embeddable":true,"href":"https:\/\/marekkuchcinski.pl\/ro\/wp-json\/wp\/v2\/users\/6"}],"replies":[{"embeddable":true,"href":"https:\/\/marekkuchcinski.pl\/ro\/wp-json\/wp\/v2\/comments?post=14407"}],"version-history":[{"count":14,"href":"https:\/\/marekkuchcinski.pl\/ro\/wp-json\/wp\/v2\/posts\/14407\/revisions"}],"predecessor-version":[{"id":14454,"href":"https:\/\/marekkuchcinski.pl\/ro\/wp-json\/wp\/v2\/posts\/14407\/revisions\/14454"}],"wp:featuredmedia":[{"embeddable":true,"href":"https:\/\/marekkuchcinski.pl\/ro\/wp-json\/wp\/v2\/media\/14440"}],"wp:attachment":[{"href":"https:\/\/marekkuchcinski.pl\/ro\/wp-json\/wp\/v2\/media?parent=14407"}],"wp:term":[{"taxonomy":"category","embeddable":true,"href":"https:\/\/marekkuchcinski.pl\/ro\/wp-json\/wp\/v2\/categories?post=14407"},{"taxonomy":"post_tag","embeddable":true,"href":"https:\/\/marekkuchcinski.pl\/ro\/wp-json\/wp\/v2\/tags?post=14407"}],"curies":[{"name":"wp","href":"https:\/\/api.w.org\/{rel}","templated":true}]}}