{"id":14400,"date":"2019-04-02T12:14:34","date_gmt":"2019-04-02T10:14:34","guid":{"rendered":"https:\/\/marekkuchcinski.pl\/?p=14400"},"modified":"2019-04-02T14:07:44","modified_gmt":"2019-04-02T12:07:44","slug":"emerytura-plus-dalsze-uszczelnianie-vat-walka-z-mafia-lekowa-zapowiedz-79-posiedzenia-sejmu%ef%bb%bf","status":"publish","type":"post","link":"https:\/\/marekkuchcinski.pl\/ro\/wydarzenia\/emerytura-plus-dalsze-uszczelnianie-vat-walka-z-mafia-lekowa-zapowiedz-79-posiedzenia-sejmu%ef%bb%bf\/","title":{"rendered":"\"Pensia Plus\", \u00een\u0103sprirea \u00een continuare a TVA, lupta \u00eempotriva mafiei drogurilor. Anun\u021bul celei de-a 79-a sesiuni a Sejm-ului"},"content":{"rendered":"<p class=\"wp-block-paragraph\">Miercuri, 3 aprilie, la ora 10:00, va \u00eencepe cea de-a 79-a \u0219edin\u021b\u0103 a Sejm-ului. Principalul punct de pe ordinea de zi va fi proiectul \"Emerytura Plus\", adic\u0103 un sprijin suplimentar pentru pensionari \u00een 2019. Pe ordinea de zi figureaz\u0103, de asemenea, alte propuneri de \u00een\u0103sprire a TVA-ului \u0219i o propunere de combatere a mafiei drogurilor. De asemenea, deputa\u021bii europeni vor lucra la ratificarea protocolului de aderare a Macedoniei de Nord la NATO. <\/p>\n\n\n\n<p class=\"wp-block-paragraph\">Potrivit proiectului prezentat de guvern privind asigurarea de servicii de&nbsp;<strong>\"Emerytura Plus\", \u00een acest an to\u021bi pensionarii vor primi o pensie suplimentar\u0103 de 1100 PLN brut, sau 888,25 PLN pe m\u00e2n\u0103<\/strong>. Sprijinul va fi pl\u0103tit automat, f\u0103r\u0103 documente inutile, indiferent de valoarea presta\u021biilor primite. Cea de-a 13-a pensie va merge la&nbsp;<strong>peste 9,8 milioane de persoane \u00een v\u00e2rst\u0103, dintre care aproape 7 milioane de pensionari \u0219i peste 2,5 milioane de pensionari de invaliditate<\/strong>. Beneficiul va fi utilizat de persoanele care fac parte din sistemul general de asigur\u0103ri, de fermierii din Fondul de asigur\u0103ri sociale agricole, de persoanele \u00een uniform\u0103, de invalizii \u0219i pensionarii de r\u0103zboi \u0219i de persoanele care primesc indemniza\u021bii pentru profesori, indemniza\u021bii \u0219i presta\u021bii de prepensionare sau pensii sociale. Guvernul subliniaz\u0103 c\u0103, pentru a \u00eembun\u0103t\u0103\u021bi situa\u021bia pensionarilor \u0219i securitatea financiar\u0103 a acestora, \u00een 2019, pentru prima dat\u0103 \u00een ultimii 30 de ani, se implementeaz\u0103 o tripl\u0103 ac\u021biune pentru persoanele v\u00e2rstnice:&nbsp;<strong>ajustarea pensiei pe cote, reducerea PIT \u0219i beneficiul \"Pensie Plus\".<\/strong>.<\/p>\n\n\n\n<p class=\"wp-block-paragraph\"><strong>Crearea unei baze de date unice privind persoanele impozabile \u00een materie de TVA<\/strong>&nbsp;\u00ee\u0219i asum\u0103 propunerea de modificare a Legii privind taxa pe bunuri \u0219i servicii. Aceast\u0103 propunere a guvernului face parte din punerea \u00een aplicare a expunerii premierului Mateusz Morawiecki. Scopul noilor solu\u021bii este&nbsp;<strong>\u00een\u0103sprirea \u00een continuare a sistemului de TVA<\/strong>. Acestea vor contribui, de asemenea, la consolidarea concuren\u021bei loiale \u00eentre antreprenori \u0219i la reducerea pie\u021bei gri. Potrivit proiectului, o list\u0103 a contribuabililor la TVA va fi disponibil\u0103 pe site-ul Ministerului Finan\u021belor. Registrul este de a<strong>reducerea la minimum a riscului ca contribuabilii s\u0103 participe involuntar la caruselul TVA<\/strong>.<\/p>\n\n\n\n<p class=\"wp-block-paragraph\"><strong>S\u0103 se pun\u0103 cap\u0103t exporturilor ilegale de medicamente din Polonia<\/strong>&nbsp;- Acesta ar trebui s\u0103 fie efectul propunerilor guvernamentale de modificare a Legii farmaceutice \u0219i a Legii privind activitatea medical\u0103. Scopul este&nbsp;<strong>o lupt\u0103 eficient\u0103 \u00eempotriva mafiei drogurilor.<\/strong>Proiectul prevede sanc\u021biuni mai severe pentru exportul ilegal de medicamente. Aceasta introduce o interdic\u021bie privind aprovizionarea angrosi\u0219tilor farmaceutici cu medicamente de la comercian\u021bii cu am\u0103nuntul,<a href=\"http:\/\/m.in\/\" target=\"_blank\" rel=\"noreferrer noopener\">inter alia<\/a>. \u00een farmacii. Achizi\u021bionarea, cedarea, exportul sau depozitarea unui medicament \u00eempotriva legii se pedepse\u0219te cu \u00eenchisoare de la 3 luni la 5 ani. Pentru infrac\u021biunile de mare amploare, de la 6 luni la 8 ani \u0219i dac\u0103 infrac\u021biunea implic\u0103&nbsp;<strong>a unui medicament care risc\u0103 s\u0103 nu fie disponibil \u00een Polonia va fi pedepsit cu \u00eenchisoare de la unu la 10 ani<\/strong>.<\/p>\n\n\n\n<p class=\"wp-block-paragraph\">Sejm-ul se va ocupa de un proiect privind&nbsp;<strong>ratificarea Protocolului la Tratatul Atlanticului de Nord privind aderarea Macedoniei de Nord<\/strong>, semnat la Bruxelles la 6 februarie 2019. Guvernul reaminte\u0219te c\u0103 politica de extindere a NATO r\u0103m\u00e2ne fundamental\u0103 pentru cre\u0219terea zonei de securitate \u0219i stabilitate \u00een interiorul \u0219i \u00een jurul frontierelor Europei. \u00cen evaluarea guvernului&nbsp;<strong>aderarea Macedoniei de Nord la NATO ar trebui s\u0103 aduc\u0103 o stabilitate tangibil\u0103 \u00een \u00eentreaga regiune a Balcanilor de Vest \u0219i o schimbare pozitiv\u0103 a mediului de securitate din jurul Poloniei<\/strong>.<\/p>\n\n\n\n<p class=\"wp-block-paragraph\">\u00cen cadrul celei de-a 79-a \u0219edin\u021be, Sejm-ul va examina \u0219i o mo\u021biune de cenzur\u0103 \u00eempotriva ministrului Agriculturii \u0219i Dezvolt\u0103rii Rurale.<\/p>\n\n\n\n<p class=\"wp-block-paragraph\">La voturile programate pentru cea de-a doua zi de \u0219edin\u021b\u0103, Camera va lua&nbsp;<a href=\"http:\/\/m.in\/\" target=\"_blank\" rel=\"noreferrer noopener\">inter alia<\/a>. decizie de numire a pre\u0219edintelui Oficiului pentru protec\u021bia datelor cu caracter personal.<\/p>\n\n\n\n<p class=\"wp-block-paragraph\">Ordinea complet\u0103 a celei de-a 79-a sesiuni a Sejm-ului:&nbsp;<a href=\"http:\/\/www.sejm.gov.pl\/Sejm8.nsf\/PorzadekObrad.xsp\" target=\"_blank\" rel=\"noreferrer noopener\">http:\/\/www.sejm.gov.pl\/Sejm8.nsf\/PorzadekObrad.xsp<\/a><\/p>\n\n\n\n<p class=\"wp-block-paragraph\">Previzualizare video pe Youtube:&nbsp;<a href=\"https:\/\/www.youtube.com\/watch?v=ou9nhlm9EZQ&amp;feature=youtu.be&amp;fbclid=IwAR3Dx6DkhlrJ-jpMTVnJ5wwpzlTscYtWMQ9QLaOIWtrE5fwYIlPqEz5PbZw\" target=\"_blank\" rel=\"noreferrer noopener\">https:\/\/www.youtube.com\/watch?v=ou9nhlm9EZQ&amp;feature=youtu.be&amp;fbclid=IwAR3Dx6DkhlrJ-jpMTVnJ5wwpzlTscYtWMQ9QLaOIWtrE5fwYIlPqEz5PbZw<\/a><\/p>\n\n\n\n<p class=\"wp-block-paragraph\">Link c\u0103tre comunicare pe site-ul Sejm:<a rel=\"noreferrer noopener\" href=\"http:\/\/sejm.gov.pl\/Sejm8.nsf\/komunikat.xsp?documentId=C39276B74F52C96DC12583CC003D02C9\" target=\"_blank\">&nbsp;http:\/\/sejm.gov.pl\/Sejm8.nsf\/komunikat.xsp?documentId=C39276B74F52C96DC12583CC003D02C9<\/a><\/p>\n\n\n\n<figure class=\"wp-block-image\"><img fetchpriority=\"high\" decoding=\"async\" width=\"1024\" height=\"722\" src=\"https:\/\/marekkuchcinski.pl\/wp-content\/uploads\/2019\/04\/na-www-sejm-1-1024x722.jpg\" alt=\"\" class=\"wp-image-14437\" srcset=\"https:\/\/marekkuchcinski.pl\/wp-content\/uploads\/2019\/04\/na-www-sejm-1-1024x722.jpg 1024w, https:\/\/marekkuchcinski.pl\/wp-content\/uploads\/2019\/04\/na-www-sejm-1-300x212.jpg 300w, https:\/\/marekkuchcinski.pl\/wp-content\/uploads\/2019\/04\/na-www-sejm-1-768x542.jpg 768w, https:\/\/marekkuchcinski.pl\/wp-content\/uploads\/2019\/04\/na-www-sejm-1.jpg 2048w\" sizes=\"(max-width: 1024px) 100vw, 1024px\" \/><figcaption><em>Sejm al Republicii Polone\/ foto: Marta Olejnik<\/em><\/figcaption><\/figure>","protected":false},"excerpt":{"rendered":"<p>W \u015brod\u0119 3 kwietnia o godz. 10:00 rozpocznie si\u0119 79. posiedzenie Sejmu. G\u0142\u00f3wnym punktem obrad b\u0119dzie projekt \u201eEmerytura Plus\u201d, czyli dodatkowe wsparcie dla emeryt\u00f3w i rencist\u00f3w w 2019 r. W porz\u0105dku posiedzenia tak\u017ce m.in. kolejne propozycje dotycz\u0105ce uszczelniania VAT i projekt uderzaj\u0105cy w mafi\u0119 lekow\u0105. Pos\u0142owie b\u0119d\u0105 te\u017c pracowa\u0107 nad ratyfikacj\u0105 protoko\u0142u ws. akcesji Macedonii [&hellip;]<\/p>\n","protected":false},"author":6,"featured_media":14436,"comment_status":"open","ping_status":"open","sticky":false,"template":"","format":"standard","meta":{"ngg_post_thumbnail":0,"footnotes":""},"categories":[82,81,3],"tags":[],"class_list":["post-14400","post","type-post","status-publish","format-standard","has-post-thumbnail","hentry","category-prawo-i-sprawiedliwosc","category-wiesci-z-sejmu","category-wydarzenia"],"_links":{"self":[{"href":"https:\/\/marekkuchcinski.pl\/ro\/wp-json\/wp\/v2\/posts\/14400","targetHints":{"allow":["GET"]}}],"collection":[{"href":"https:\/\/marekkuchcinski.pl\/ro\/wp-json\/wp\/v2\/posts"}],"about":[{"href":"https:\/\/marekkuchcinski.pl\/ro\/wp-json\/wp\/v2\/types\/post"}],"author":[{"embeddable":true,"href":"https:\/\/marekkuchcinski.pl\/ro\/wp-json\/wp\/v2\/users\/6"}],"replies":[{"embeddable":true,"href":"https:\/\/marekkuchcinski.pl\/ro\/wp-json\/wp\/v2\/comments?post=14400"}],"version-history":[{"count":5,"href":"https:\/\/marekkuchcinski.pl\/ro\/wp-json\/wp\/v2\/posts\/14400\/revisions"}],"predecessor-version":[{"id":14438,"href":"https:\/\/marekkuchcinski.pl\/ro\/wp-json\/wp\/v2\/posts\/14400\/revisions\/14438"}],"wp:featuredmedia":[{"embeddable":true,"href":"https:\/\/marekkuchcinski.pl\/ro\/wp-json\/wp\/v2\/media\/14436"}],"wp:attachment":[{"href":"https:\/\/marekkuchcinski.pl\/ro\/wp-json\/wp\/v2\/media?parent=14400"}],"wp:term":[{"taxonomy":"category","embeddable":true,"href":"https:\/\/marekkuchcinski.pl\/ro\/wp-json\/wp\/v2\/categories?post=14400"},{"taxonomy":"post_tag","embeddable":true,"href":"https:\/\/marekkuchcinski.pl\/ro\/wp-json\/wp\/v2\/tags?post=14400"}],"curies":[{"name":"wp","href":"https:\/\/api.w.org\/{rel}","templated":true}]}}