{"id":14234,"date":"2019-03-29T13:16:52","date_gmt":"2019-03-29T12:16:52","guid":{"rendered":"https:\/\/marekkuchcinski.pl\/?p=14234"},"modified":"2019-03-29T14:45:54","modified_gmt":"2019-03-29T13:45:54","slug":"5-kaczynskiego-bardzo-pozytywny-odbior-polakow-i-nadzieja-na-lepsze-jutro","status":"publish","type":"post","link":"https:\/\/marekkuchcinski.pl\/ro\/wydarzenia\/5-kaczynskiego-bardzo-pozytywny-odbior-polakow-i-nadzieja-na-lepsze-jutro\/","title":{"rendered":"Top cinci al lui Kaczy\u0144ski - primire pozitiv\u0103 \u0219i mare credit"},"content":{"rendered":"<p>45% dintre cei chestiona\u021bi de CBOS cred c\u0103 statul polonez \u00ee\u0219i poate permite s\u0103 pun\u0103 \u00een aplicare cele cinci m\u0103suri ale lui Kaczy\u0144ski. Percep\u021bia public\u0103 a programelor anun\u021bate este foarte bun\u0103, iar cea mai mare not\u0103 este acordat\u0103 sprijinului pentru persoanele \u00een v\u00e2rst\u0103 - pensionari - \u0219i anume cea de-a treisprezecea pensie, care va fi de 1.100 PLN brut (888,25 PLN net). <\/p>\n\n\n\n<p>Proiectul de lege al Ministerului Familiei, Muncii \u0219i Politicii Sociale afecteaz\u0103 milioane de oameni. Mul\u021bi dintre ei, \u00een ciuda faptului c\u0103 au muncit cea mai mare parte a vie\u021bii lor, \u00ee\u0219i num\u0103r\u0103 cu grij\u0103 zlotul - cheltuindu-l pentru s\u0103n\u0103tate sau pentru a-\u0219i ajuta familia...<\/p>\n\n\n\n<p>\u00cen expunerea de motive a legii, ministerul explic\u0103 faptul c\u0103 scopul acestei presta\u021bii unice \u00een numerar, pe l\u00e2ng\u0103 ajutorarea pensionarilor, este \u00een special reducerea disparit\u0103\u021bilor de avere \u00een societate. De\u0219i \u00een ultimii ani au fost f\u0103cute multe modific\u0103ri pentru a proteja nivelul presta\u021biilor de pensie, aceast\u0103 asisten\u021b\u0103 este considerat\u0103 \u00eenc\u0103 insuficient\u0103.<\/p>\n\n\n\n<p> \u00cen cazul \u00een care parlamentul va sus\u021bine proiectul \u0219i pre\u0219edintele \u00eel va semna, cea de-a treisprezecea plat\u0103 va fi efectuat\u0103 la 1 mai anul acesta.  <\/p>\n\n\n\n<p><\/p>\n\n\n\n<figure class=\"wp-block-image\"><img fetchpriority=\"high\" decoding=\"async\" width=\"1024\" height=\"661\" src=\"https:\/\/marekkuchcinski.pl\/wp-content\/uploads\/2019\/03\/CBOS-500-plus-1024x661.png\" alt=\"\" class=\"wp-image-14235\" srcset=\"https:\/\/marekkuchcinski.pl\/wp-content\/uploads\/2019\/03\/CBOS-500-plus-1024x661.png 1024w, https:\/\/marekkuchcinski.pl\/wp-content\/uploads\/2019\/03\/CBOS-500-plus-300x194.png 300w, https:\/\/marekkuchcinski.pl\/wp-content\/uploads\/2019\/03\/CBOS-500-plus-768x496.png 768w, https:\/\/marekkuchcinski.pl\/wp-content\/uploads\/2019\/03\/CBOS-500-plus.png 1028w\" sizes=\"(max-width: 1024px) 100vw, 1024px\" \/><\/figure>\n\n\n\n<figure class=\"wp-block-embed is-type-rich is-provider-marek-kuchcinski\"><div class=\"wp-block-embed__wrapper\">\n<blockquote class=\"wp-embedded-content\" data-secret=\"uxMRpOUno6\"><a href=\"https:\/\/marekkuchcinski.pl\/ro\/prawo-i-sprawiedliwosc\/dobry-program-laczy-polakow-piatke-kaczynskiego-pozytywnie-ocenia-zarowno-wiekszosc-wyborcow-pis\/\">Un program bun \u00eei une\u0219te pe polonezi. Cele cinci ale lui Kaczy\u0144ski sunt v\u0103zute pozitiv at\u00e2t de majoritatea aleg\u0103torilor PiS, c\u00e2t \u0219i de cei ai PO<\/a><\/blockquote><iframe class=\"wp-embedded-content\" sandbox=\"allow-scripts\" security=\"restricted\" style=\"position: absolute; clip: rect(1px, 1px, 1px, 1px);\" title=\"&quot;Un program bun \u00eei une\u0219te pe polonezi. Cele cinci ale lui Kaczynski sunt evaluate pozitiv at\u00e2t de majoritatea aleg\u0103torilor PiS, c\u00e2t \u0219i de cei ai PO.&quot; - Marek Kuchcinski\" src=\"https:\/\/marekkuchcinski.pl\/prawo-i-sprawiedliwosc\/dobry-program-laczy-polakow-piatke-kaczynskiego-pozytywnie-ocenia-zarowno-wiekszosc-wyborcow-pis\/embed\/#?secret=uxMRpOUno6\" data-secret=\"uxMRpOUno6\" width=\"600\" height=\"338\" frameborder=\"0\" marginwidth=\"0\" marginheight=\"0\" scrolling=\"no\"><\/iframe>\n<\/div><\/figure>\n\n\n\n<ul class=\"wp-block-gallery columns-1 is-cropped wp-block-gallery-1 is-layout-flex wp-block-gallery-is-layout-flex\"><li class=\"blocks-gallery-item\"><figure><img decoding=\"async\" width=\"1024\" height=\"665\" src=\"https:\/\/marekkuchcinski.pl\/wp-content\/uploads\/2019\/03\/jk-5-plus-1-1024x665.jpg\" alt=\"\" data-id=\"14238\" data-link=\"https:\/\/marekkuchcinski.pl\/?attachment_id=14238\" class=\"wp-image-14238\" srcset=\"https:\/\/marekkuchcinski.pl\/wp-content\/uploads\/2019\/03\/jk-5-plus-1.jpg 1024w, https:\/\/marekkuchcinski.pl\/wp-content\/uploads\/2019\/03\/jk-5-plus-1-300x195.jpg 300w, https:\/\/marekkuchcinski.pl\/wp-content\/uploads\/2019\/03\/jk-5-plus-1-768x499.jpg 768w\" sizes=\"(max-width: 1024px) 100vw, 1024px\" \/><figcaption>Jaroslaw Kaczynski \u00een timpul prezent\u0103rii noului Cinci. Var\u0219ovia, Expo, februarie 2019<br>Foto: Marta Olejnik<\/figcaption><\/figure><\/li><\/ul>","protected":false},"excerpt":{"rendered":"<p>45 proc. ankietowanych przez CBOS uwa\u017ca, \u017ce pa\u0144stwo polskie sta\u0107 na realizacj\u0119 Pi\u0105tki Kaczy\u0144skiego. Spo\u0142eczny odbi\u00f3r zapowiadanych program\u00f3w jest bardzo dobry, a najwy\u017cej ocenia si\u0119 wsparcie dla ludzi starszych &#8211; emeryt\u00f3w i rencist\u00f3w &#8211; czyli trzynast\u0105 emerytur\u0119, kt\u00f3ra wyniesie 1100 z\u0142 brutto (888,25 z\u0142 netto). Projekt ustawy Ministerstwa Rodziny, Pracy i Polityki Spo\u0142ecznej dotyczy milion\u00f3w [&hellip;]<\/p>","protected":false},"author":6,"featured_media":14237,"comment_status":"open","ping_status":"open","sticky":false,"template":"","format":"standard","meta":{"ngg_post_thumbnail":0,"footnotes":""},"categories":[3],"tags":[],"class_list":["post-14234","post","type-post","status-publish","format-standard","has-post-thumbnail","hentry","category-wydarzenia"],"yoast_head":"<!-- This site is optimized with the Yoast SEO plugin v24.7 - https:\/\/yoast.com\/wordpress\/plugins\/seo\/ -->\n<title>Pi\u0105tka Kaczy\u0144skiego - pozytywny odbi\u00f3r i du\u017cy kredyt zaufania &#8211; Marek Kuchci\u0144ski<\/title>\n<meta name=\"robots\" content=\"index, follow, max-snippet:-1, max-image-preview:large, max-video-preview:-1\" \/>\n<link rel=\"canonical\" href=\"https:\/\/marekkuchcinski.pl\/ro\/wydarzenia\/5-kaczynskiego-bardzo-pozytywny-odbior-polakow-i-nadzieja-na-lepsze-jutro\/\" \/>\n<meta property=\"og:locale\" content=\"ro_RO\" \/>\n<meta property=\"og:type\" content=\"article\" \/>\n<meta property=\"og:title\" content=\"Pi\u0105tka Kaczy\u0144skiego - pozytywny odbi\u00f3r i du\u017cy kredyt zaufania &#8211; Marek Kuchci\u0144ski\" \/>\n<meta property=\"og:description\" content=\"45 proc. ankietowanych przez CBOS uwa\u017ca, \u017ce pa\u0144stwo polskie sta\u0107 na realizacj\u0119 Pi\u0105tki Kaczy\u0144skiego. Spo\u0142eczny odbi\u00f3r zapowiadanych program\u00f3w jest bardzo dobry, a najwy\u017cej ocenia si\u0119 wsparcie dla ludzi starszych &#8211; emeryt\u00f3w i rencist\u00f3w &#8211; czyli trzynast\u0105 emerytur\u0119, kt\u00f3ra wyniesie 1100 z\u0142 brutto (888,25 z\u0142 netto). Projekt ustawy Ministerstwa Rodziny, Pracy i Polityki Spo\u0142ecznej dotyczy milion\u00f3w [&hellip;]\" \/>\n<meta property=\"og:url\" content=\"https:\/\/marekkuchcinski.pl\/ro\/wydarzenia\/5-kaczynskiego-bardzo-pozytywny-odbior-polakow-i-nadzieja-na-lepsze-jutro\/\" \/>\n<meta property=\"og:site_name\" content=\"Marek Kuchci\u0144ski\" \/>\n<meta property=\"article:published_time\" content=\"2019-03-29T12:16:52+00:00\" \/>\n<meta property=\"article:modified_time\" content=\"2019-03-29T13:45:54+00:00\" \/>\n<meta property=\"og:image\" content=\"https:\/\/marekkuchcinski.pl\/wp-content\/uploads\/2019\/03\/jk-5-plus.jpg\" \/>\n\t<meta property=\"og:image:width\" content=\"1024\" \/>\n\t<meta property=\"og:image:height\" content=\"665\" \/>\n\t<meta property=\"og:image:type\" content=\"image\/jpeg\" \/>\n<meta name=\"author\" content=\"admin\" \/>\n<meta name=\"twitter:card\" content=\"summary_large_image\" \/>\n<meta name=\"twitter:label1\" content=\"Scris de\" \/>\n\t<meta name=\"twitter:data1\" content=\"admin\" \/>\n\t<meta name=\"twitter:label2\" content=\"Timp estimat pentru citire\" \/>\n\t<meta name=\"twitter:data2\" content=\"1 minute\" \/>\n<script type=\"application\/ld+json\" class=\"yoast-schema-graph\">{\"@context\":\"https:\/\/schema.org\",\"@graph\":[{\"@type\":\"Article\",\"@id\":\"https:\/\/marekkuchcinski.pl\/en\/wydarzenia\/5-kaczynskiego-bardzo-pozytywny-odbior-polakow-i-nadzieja-na-lepsze-jutro\/#article\",\"isPartOf\":{\"@id\":\"https:\/\/marekkuchcinski.pl\/en\/wydarzenia\/5-kaczynskiego-bardzo-pozytywny-odbior-polakow-i-nadzieja-na-lepsze-jutro\/\"},\"author\":{\"name\":\"admin\",\"@id\":\"https:\/\/marekkuchcinski.pl\/#\/schema\/person\/6f62700996b4d950b6ea2d1183b6c6be\"},\"headline\":\"Pi\u0105tka Kaczy\u0144skiego &#8211; pozytywny odbi\u00f3r i du\u017cy kredyt zaufania\",\"datePublished\":\"2019-03-29T12:16:52+00:00\",\"dateModified\":\"2019-03-29T13:45:54+00:00\",\"mainEntityOfPage\":{\"@id\":\"https:\/\/marekkuchcinski.pl\/en\/wydarzenia\/5-kaczynskiego-bardzo-pozytywny-odbior-polakow-i-nadzieja-na-lepsze-jutro\/\"},\"wordCount\":199,\"commentCount\":0,\"publisher\":{\"@id\":\"https:\/\/marekkuchcinski.pl\/#organization\"},\"image\":{\"@id\":\"https:\/\/marekkuchcinski.pl\/en\/wydarzenia\/5-kaczynskiego-bardzo-pozytywny-odbior-polakow-i-nadzieja-na-lepsze-jutro\/#primaryimage\"},\"thumbnailUrl\":\"https:\/\/marekkuchcinski.pl\/wp-content\/uploads\/2019\/03\/jk-5-plus.jpg\",\"articleSection\":[\"Wydarzenia\"],\"inLanguage\":\"ro-RO\",\"potentialAction\":[{\"@type\":\"CommentAction\",\"name\":\"Comment\",\"target\":[\"https:\/\/marekkuchcinski.pl\/en\/wydarzenia\/5-kaczynskiego-bardzo-pozytywny-odbior-polakow-i-nadzieja-na-lepsze-jutro\/#respond\"]}]},{\"@type\":\"WebPage\",\"@id\":\"https:\/\/marekkuchcinski.pl\/en\/wydarzenia\/5-kaczynskiego-bardzo-pozytywny-odbior-polakow-i-nadzieja-na-lepsze-jutro\/\",\"url\":\"https:\/\/marekkuchcinski.pl\/en\/wydarzenia\/5-kaczynskiego-bardzo-pozytywny-odbior-polakow-i-nadzieja-na-lepsze-jutro\/\",\"name\":\"Pi\u0105tka Kaczy\u0144skiego - pozytywny odbi\u00f3r i du\u017cy kredyt zaufania &#8211; Marek Kuchci\u0144ski\",\"isPartOf\":{\"@id\":\"https:\/\/marekkuchcinski.pl\/#website\"},\"primaryImageOfPage\":{\"@id\":\"https:\/\/marekkuchcinski.pl\/en\/wydarzenia\/5-kaczynskiego-bardzo-pozytywny-odbior-polakow-i-nadzieja-na-lepsze-jutro\/#primaryimage\"},\"image\":{\"@id\":\"https:\/\/marekkuchcinski.pl\/en\/wydarzenia\/5-kaczynskiego-bardzo-pozytywny-odbior-polakow-i-nadzieja-na-lepsze-jutro\/#primaryimage\"},\"thumbnailUrl\":\"https:\/\/marekkuchcinski.pl\/wp-content\/uploads\/2019\/03\/jk-5-plus.jpg\",\"datePublished\":\"2019-03-29T12:16:52+00:00\",\"dateModified\":\"2019-03-29T13:45:54+00:00\",\"breadcrumb\":{\"@id\":\"https:\/\/marekkuchcinski.pl\/en\/wydarzenia\/5-kaczynskiego-bardzo-pozytywny-odbior-polakow-i-nadzieja-na-lepsze-jutro\/#breadcrumb\"},\"inLanguage\":\"ro-RO\",\"potentialAction\":[{\"@type\":\"ReadAction\",\"target\":[\"https:\/\/marekkuchcinski.pl\/en\/wydarzenia\/5-kaczynskiego-bardzo-pozytywny-odbior-polakow-i-nadzieja-na-lepsze-jutro\/\"]}]},{\"@type\":\"ImageObject\",\"inLanguage\":\"ro-RO\",\"@id\":\"https:\/\/marekkuchcinski.pl\/en\/wydarzenia\/5-kaczynskiego-bardzo-pozytywny-odbior-polakow-i-nadzieja-na-lepsze-jutro\/#primaryimage\",\"url\":\"https:\/\/marekkuchcinski.pl\/wp-content\/uploads\/2019\/03\/jk-5-plus.jpg\",\"contentUrl\":\"https:\/\/marekkuchcinski.pl\/wp-content\/uploads\/2019\/03\/jk-5-plus.jpg\",\"width\":1024,\"height\":665},{\"@type\":\"BreadcrumbList\",\"@id\":\"https:\/\/marekkuchcinski.pl\/en\/wydarzenia\/5-kaczynskiego-bardzo-pozytywny-odbior-polakow-i-nadzieja-na-lepsze-jutro\/#breadcrumb\",\"itemListElement\":[{\"@type\":\"ListItem\",\"position\":1,\"name\":\"Strona g\u0142\u00f3wna\",\"item\":\"https:\/\/marekkuchcinski.pl\/\"},{\"@type\":\"ListItem\",\"position\":2,\"name\":\"Pi\u0105tka Kaczy\u0144skiego &#8211; pozytywny odbi\u00f3r i du\u017cy kredyt zaufania\"}]},{\"@type\":\"WebSite\",\"@id\":\"https:\/\/marekkuchcinski.pl\/#website\",\"url\":\"https:\/\/marekkuchcinski.pl\/\",\"name\":\"Marek Kuchci\u0144ski\",\"description\":\"Pose\u0142 na sejm RP &ndash; okr\u0119g nr 22\",\"publisher\":{\"@id\":\"https:\/\/marekkuchcinski.pl\/#organization\"},\"potentialAction\":[{\"@type\":\"SearchAction\",\"target\":{\"@type\":\"EntryPoint\",\"urlTemplate\":\"https:\/\/marekkuchcinski.pl\/?s={search_term_string}\"},\"query-input\":{\"@type\":\"PropertyValueSpecification\",\"valueRequired\":true,\"valueName\":\"search_term_string\"}}],\"inLanguage\":\"ro-RO\"},{\"@type\":\"Organization\",\"@id\":\"https:\/\/marekkuchcinski.pl\/#organization\",\"name\":\"Marek Kuchci\u0144ski\",\"url\":\"https:\/\/marekkuchcinski.pl\/\",\"logo\":{\"@type\":\"ImageObject\",\"inLanguage\":\"ro-RO\",\"@id\":\"https:\/\/marekkuchcinski.pl\/#\/schema\/logo\/image\/\",\"url\":\"https:\/\/marekkuchcinski.pl\/wp-content\/uploads\/2022\/09\/Marek.jpg\",\"contentUrl\":\"https:\/\/marekkuchcinski.pl\/wp-content\/uploads\/2022\/09\/Marek.jpg\",\"width\":1600,\"height\":971,\"caption\":\"Marek Kuchci\u0144ski\"},\"image\":{\"@id\":\"https:\/\/marekkuchcinski.pl\/#\/schema\/logo\/image\/\"}},{\"@type\":\"Person\",\"@id\":\"https:\/\/marekkuchcinski.pl\/#\/schema\/person\/6f62700996b4d950b6ea2d1183b6c6be\",\"name\":\"admin\",\"image\":{\"@type\":\"ImageObject\",\"inLanguage\":\"ro-RO\",\"@id\":\"https:\/\/marekkuchcinski.pl\/#\/schema\/person\/image\/\",\"url\":\"https:\/\/secure.gravatar.com\/avatar\/4bab693b9d55c3d6b52c0296a8765085?s=96&d=mm&r=g\",\"contentUrl\":\"https:\/\/secure.gravatar.com\/avatar\/4bab693b9d55c3d6b52c0296a8765085?s=96&d=mm&r=g\",\"caption\":\"admin\"},\"url\":\"https:\/\/marekkuchcinski.pl\/ro\/author\/marta-olejnik\/\"}]}<\/script>\n<!-- \/ Yoast SEO plugin. -->","yoast_head_json":{"title":"Pi\u0105tka Kaczy\u0144skiego - pozytywny odbi\u00f3r i du\u017cy kredyt zaufania &#8211; Marek Kuchci\u0144ski","robots":{"index":"index","follow":"follow","max-snippet":"max-snippet:-1","max-image-preview":"max-image-preview:large","max-video-preview":"max-video-preview:-1"},"canonical":"https:\/\/marekkuchcinski.pl\/ro\/wydarzenia\/5-kaczynskiego-bardzo-pozytywny-odbior-polakow-i-nadzieja-na-lepsze-jutro\/","og_locale":"ro_RO","og_type":"article","og_title":"Pi\u0105tka Kaczy\u0144skiego - pozytywny odbi\u00f3r i du\u017cy kredyt zaufania &#8211; Marek Kuchci\u0144ski","og_description":"45 proc. ankietowanych przez CBOS uwa\u017ca, \u017ce pa\u0144stwo polskie sta\u0107 na realizacj\u0119 Pi\u0105tki Kaczy\u0144skiego. Spo\u0142eczny odbi\u00f3r zapowiadanych program\u00f3w jest bardzo dobry, a najwy\u017cej ocenia si\u0119 wsparcie dla ludzi starszych &#8211; emeryt\u00f3w i rencist\u00f3w &#8211; czyli trzynast\u0105 emerytur\u0119, kt\u00f3ra wyniesie 1100 z\u0142 brutto (888,25 z\u0142 netto). Projekt ustawy Ministerstwa Rodziny, Pracy i Polityki Spo\u0142ecznej dotyczy milion\u00f3w [&hellip;]","og_url":"https:\/\/marekkuchcinski.pl\/ro\/wydarzenia\/5-kaczynskiego-bardzo-pozytywny-odbior-polakow-i-nadzieja-na-lepsze-jutro\/","og_site_name":"Marek Kuchci\u0144ski","article_published_time":"2019-03-29T12:16:52+00:00","article_modified_time":"2019-03-29T13:45:54+00:00","og_image":[{"width":1024,"height":665,"url":"https:\/\/marekkuchcinski.pl\/wp-content\/uploads\/2019\/03\/jk-5-plus.jpg","type":"image\/jpeg"}],"author":"admin","twitter_card":"summary_large_image","twitter_misc":{"Scris de":"admin","Timp estimat pentru citire":"1 minute"},"schema":{"@context":"https:\/\/schema.org","@graph":[{"@type":"Article","@id":"https:\/\/marekkuchcinski.pl\/en\/wydarzenia\/5-kaczynskiego-bardzo-pozytywny-odbior-polakow-i-nadzieja-na-lepsze-jutro\/#article","isPartOf":{"@id":"https:\/\/marekkuchcinski.pl\/en\/wydarzenia\/5-kaczynskiego-bardzo-pozytywny-odbior-polakow-i-nadzieja-na-lepsze-jutro\/"},"author":{"name":"admin","@id":"https:\/\/marekkuchcinski.pl\/#\/schema\/person\/6f62700996b4d950b6ea2d1183b6c6be"},"headline":"Pi\u0105tka Kaczy\u0144skiego &#8211; pozytywny odbi\u00f3r i du\u017cy kredyt zaufania","datePublished":"2019-03-29T12:16:52+00:00","dateModified":"2019-03-29T13:45:54+00:00","mainEntityOfPage":{"@id":"https:\/\/marekkuchcinski.pl\/en\/wydarzenia\/5-kaczynskiego-bardzo-pozytywny-odbior-polakow-i-nadzieja-na-lepsze-jutro\/"},"wordCount":199,"commentCount":0,"publisher":{"@id":"https:\/\/marekkuchcinski.pl\/#organization"},"image":{"@id":"https:\/\/marekkuchcinski.pl\/en\/wydarzenia\/5-kaczynskiego-bardzo-pozytywny-odbior-polakow-i-nadzieja-na-lepsze-jutro\/#primaryimage"},"thumbnailUrl":"https:\/\/marekkuchcinski.pl\/wp-content\/uploads\/2019\/03\/jk-5-plus.jpg","articleSection":["Wydarzenia"],"inLanguage":"ro-RO","potentialAction":[{"@type":"CommentAction","name":"Comment","target":["https:\/\/marekkuchcinski.pl\/en\/wydarzenia\/5-kaczynskiego-bardzo-pozytywny-odbior-polakow-i-nadzieja-na-lepsze-jutro\/#respond"]}]},{"@type":"WebPage","@id":"https:\/\/marekkuchcinski.pl\/en\/wydarzenia\/5-kaczynskiego-bardzo-pozytywny-odbior-polakow-i-nadzieja-na-lepsze-jutro\/","url":"https:\/\/marekkuchcinski.pl\/en\/wydarzenia\/5-kaczynskiego-bardzo-pozytywny-odbior-polakow-i-nadzieja-na-lepsze-jutro\/","name":"Pi\u0105tka Kaczy\u0144skiego - pozytywny odbi\u00f3r i du\u017cy kredyt zaufania &#8211; Marek Kuchci\u0144ski","isPartOf":{"@id":"https:\/\/marekkuchcinski.pl\/#website"},"primaryImageOfPage":{"@id":"https:\/\/marekkuchcinski.pl\/en\/wydarzenia\/5-kaczynskiego-bardzo-pozytywny-odbior-polakow-i-nadzieja-na-lepsze-jutro\/#primaryimage"},"image":{"@id":"https:\/\/marekkuchcinski.pl\/en\/wydarzenia\/5-kaczynskiego-bardzo-pozytywny-odbior-polakow-i-nadzieja-na-lepsze-jutro\/#primaryimage"},"thumbnailUrl":"https:\/\/marekkuchcinski.pl\/wp-content\/uploads\/2019\/03\/jk-5-plus.jpg","datePublished":"2019-03-29T12:16:52+00:00","dateModified":"2019-03-29T13:45:54+00:00","breadcrumb":{"@id":"https:\/\/marekkuchcinski.pl\/en\/wydarzenia\/5-kaczynskiego-bardzo-pozytywny-odbior-polakow-i-nadzieja-na-lepsze-jutro\/#breadcrumb"},"inLanguage":"ro-RO","potentialAction":[{"@type":"ReadAction","target":["https:\/\/marekkuchcinski.pl\/en\/wydarzenia\/5-kaczynskiego-bardzo-pozytywny-odbior-polakow-i-nadzieja-na-lepsze-jutro\/"]}]},{"@type":"ImageObject","inLanguage":"ro-RO","@id":"https:\/\/marekkuchcinski.pl\/en\/wydarzenia\/5-kaczynskiego-bardzo-pozytywny-odbior-polakow-i-nadzieja-na-lepsze-jutro\/#primaryimage","url":"https:\/\/marekkuchcinski.pl\/wp-content\/uploads\/2019\/03\/jk-5-plus.jpg","contentUrl":"https:\/\/marekkuchcinski.pl\/wp-content\/uploads\/2019\/03\/jk-5-plus.jpg","width":1024,"height":665},{"@type":"BreadcrumbList","@id":"https:\/\/marekkuchcinski.pl\/en\/wydarzenia\/5-kaczynskiego-bardzo-pozytywny-odbior-polakow-i-nadzieja-na-lepsze-jutro\/#breadcrumb","itemListElement":[{"@type":"ListItem","position":1,"name":"Strona g\u0142\u00f3wna","item":"https:\/\/marekkuchcinski.pl\/"},{"@type":"ListItem","position":2,"name":"Pi\u0105tka Kaczy\u0144skiego &#8211; pozytywny odbi\u00f3r i du\u017cy kredyt zaufania"}]},{"@type":"WebSite","@id":"https:\/\/marekkuchcinski.pl\/#website","url":"https:\/\/marekkuchcinski.pl\/","name":"Marek Kuchci\u0144ski","description":"Pose\u0142 na sejm RP &ndash; okr\u0119g nr 22","publisher":{"@id":"https:\/\/marekkuchcinski.pl\/#organization"},"potentialAction":[{"@type":"SearchAction","target":{"@type":"EntryPoint","urlTemplate":"https:\/\/marekkuchcinski.pl\/?s={search_term_string}"},"query-input":{"@type":"PropertyValueSpecification","valueRequired":true,"valueName":"search_term_string"}}],"inLanguage":"ro-RO"},{"@type":"Organization","@id":"https:\/\/marekkuchcinski.pl\/#organization","name":"Marek Kuchci\u0144ski","url":"https:\/\/marekkuchcinski.pl\/","logo":{"@type":"ImageObject","inLanguage":"ro-RO","@id":"https:\/\/marekkuchcinski.pl\/#\/schema\/logo\/image\/","url":"https:\/\/marekkuchcinski.pl\/wp-content\/uploads\/2022\/09\/Marek.jpg","contentUrl":"https:\/\/marekkuchcinski.pl\/wp-content\/uploads\/2022\/09\/Marek.jpg","width":1600,"height":971,"caption":"Marek Kuchci\u0144ski"},"image":{"@id":"https:\/\/marekkuchcinski.pl\/#\/schema\/logo\/image\/"}},{"@type":"Person","@id":"https:\/\/marekkuchcinski.pl\/#\/schema\/person\/6f62700996b4d950b6ea2d1183b6c6be","name":"admin","image":{"@type":"ImageObject","inLanguage":"ro-RO","@id":"https:\/\/marekkuchcinski.pl\/#\/schema\/person\/image\/","url":"https:\/\/secure.gravatar.com\/avatar\/4bab693b9d55c3d6b52c0296a8765085?s=96&d=mm&r=g","contentUrl":"https:\/\/secure.gravatar.com\/avatar\/4bab693b9d55c3d6b52c0296a8765085?s=96&d=mm&r=g","caption":"admin"},"url":"https:\/\/marekkuchcinski.pl\/ro\/author\/marta-olejnik\/"}]}},"_links":{"self":[{"href":"https:\/\/marekkuchcinski.pl\/ro\/wp-json\/wp\/v2\/posts\/14234","targetHints":{"allow":["GET"]}}],"collection":[{"href":"https:\/\/marekkuchcinski.pl\/ro\/wp-json\/wp\/v2\/posts"}],"about":[{"href":"https:\/\/marekkuchcinski.pl\/ro\/wp-json\/wp\/v2\/types\/post"}],"author":[{"embeddable":true,"href":"https:\/\/marekkuchcinski.pl\/ro\/wp-json\/wp\/v2\/users\/6"}],"replies":[{"embeddable":true,"href":"https:\/\/marekkuchcinski.pl\/ro\/wp-json\/wp\/v2\/comments?post=14234"}],"version-history":[{"count":21,"href":"https:\/\/marekkuchcinski.pl\/ro\/wp-json\/wp\/v2\/posts\/14234\/revisions"}],"predecessor-version":[{"id":14265,"href":"https:\/\/marekkuchcinski.pl\/ro\/wp-json\/wp\/v2\/posts\/14234\/revisions\/14265"}],"wp:featuredmedia":[{"embeddable":true,"href":"https:\/\/marekkuchcinski.pl\/ro\/wp-json\/wp\/v2\/media\/14237"}],"wp:attachment":[{"href":"https:\/\/marekkuchcinski.pl\/ro\/wp-json\/wp\/v2\/media?parent=14234"}],"wp:term":[{"taxonomy":"category","embeddable":true,"href":"https:\/\/marekkuchcinski.pl\/ro\/wp-json\/wp\/v2\/categories?post=14234"},{"taxonomy":"post_tag","embeddable":true,"href":"https:\/\/marekkuchcinski.pl\/ro\/wp-json\/wp\/v2\/tags?post=14234"}],"curies":[{"name":"wp","href":"https:\/\/api.w.org\/{rel}","templated":true}]}}