{"id":13934,"date":"2019-03-21T12:57:33","date_gmt":"2019-03-21T11:57:33","guid":{"rendered":"https:\/\/marekkuchcinski.pl\/?p=13934"},"modified":"2019-03-22T13:42:39","modified_gmt":"2019-03-22T12:42:39","slug":"marszalek-sejmu-odslonil-tablice-ku-pamieci-profesora-uniwersytetu-gdanskiego-prezydenta-lacha-kaczynskiego","status":"publish","type":"post","link":"https:\/\/marekkuchcinski.pl\/ro\/wazne-daty\/marszalek-sejmu-odslonil-tablice-ku-pamieci-profesora-uniwersytetu-gdanskiego-prezydenta-lacha-kaczynskiego\/","title":{"rendered":"Pre\u0219edintele Sejm-ului a dezvelit o plac\u0103 \u00een memoria pre\u0219edintelui Lach Kaczynski, profesor la Universitatea din Gdansk"},"content":{"rendered":"<p><strong>Universitatea din Gda\u0144sk a intrat \u00een anul de \u00eenceput al celebr\u0103rii celei de-a 50-a anivers\u0103ri. Dup\u0103 cum a spus pre\u0219edintele Sejm Marek Kuchci\u0144ski: Universitatea nu \u0219i-a uitat profesorul, rectorul Facult\u0103\u021bii de Drept, care i-a dedicat 28 de ani din via\u021b\u0103. Politician, om de \u0219tiin\u021b\u0103 \u0219i teoretician remarcabil al dreptului muncii, Alma Mater l-a onorat cu o plac\u0103 comemorativ\u0103.<\/strong><\/p>\n<p>Unul dintre ini\u021biatorii pl\u0103cii, Tomasz Rakowski, pre\u0219edintele Funda\u021biei Identitate \u0219i Solidaritate, a sus\u021binut c\u0103 drumul frumos \u0219i demn al lui Lech Kaczy\u0144ski - de la activitatea de opozi\u021bie anticomunist\u0103, la co-fondarea Solidarit\u0103\u021bii, trec\u00e2nd prin activitatea parlamentar\u0103, pre\u0219edin\u021bia Oficiului Suprem de Audit (NIK), portofoliul de ministru al justi\u021biei, fotoliul de primar al Var\u0219oviei \u0219i pre\u0219edinte al Poloniei - merit\u0103 s\u0103 fie onorat \u0219i comemorat.<\/p>\n<p>- Lech Kaczy\u0144ski poate fi cu siguran\u021b\u0103 o surs\u0103 de inspira\u021bie \u0219i un model pentru studen\u021bii \u0219i personalul universit\u0103\u021bii. Un t\u00e2n\u0103r doctorand \u00een v\u00e2rst\u0103 de 20 de ani, angajat al Universit\u0103\u021bii din Gdansk - o universitate de stat, \u00eentr-un ora\u0219 care \u00ee\u0219i aminte\u0219te \u00eenc\u0103 de teroare, de masacrul muncitorilor din 1970... Nu urmeaz\u0103 mul\u021bimea, ci vocea inimii sale, risc\u00e2ndu-\u0219i cariera. Pentru sindicatele libere de pe litoral, el este o comoar\u0103 nepre\u021buit\u0103. Un avocat, un expert remarcabil \u00een dreptul muncii. Erau pu\u021bini astfel de oameni pe atunci, \u0219i erau \u0219i mai pu\u021bini cei care erau dispu\u0219i s\u0103 se expun\u0103 riscului de a lucra pentru opozi\u021bie. Ca s\u0103 nu spun: deloc. El \u00eei ajut\u0103 pe lucr\u0103tori, f\u0103c\u00e2ndu-i con\u0219tien\u021bi de drepturile lor. Scrie scrisori, apeluri, pl\u00e2ngeri, \u00eei ajut\u0103 pe cei reprima\u021bi. \u00ce\u0219i asum\u0103 riscuri. Nu a fost nevoit s\u0103 o fac\u0103. Ar fi putut s\u0103 se \u00eenchid\u0103 \u00eentre zidurile sigure ale unei cariere universitare, dar a ales o cale diferit\u0103. A\u0219a se na\u0219te Solidaritatea\", a spus Rakowski.<\/p>\n<p>Un alt ini\u021biator al pl\u0103cii, doctorandul profesorului Lech Kaczy\u0144ski, \u00een prezent decan al Facult\u0103\u021bii de Drept \u0219i Administra\u021bie de la UG, Jakub Stelina, a citit o scrisoare de la Jaros\u0142aw Kaczy\u0144ski. De asemenea, a subliniat c\u0103 profesorul Lech Kaczy\u0144ski nu a fost doar un politician, ci \u0219i un om de \u0219tiin\u021b\u0103 - un teoretician remarcabil al dreptului muncii, care a avut o contribu\u021bie uria\u0219\u0103 la dezvoltarea acestui domeniu al dreptului.<\/p>\n<p>Merit\u0103 s\u0103 ne amintim c\u0103 Lech Kaczy\u0144ski a rupt omnipoten\u021ba statului. Acesta a ar\u0103tat c\u0103 un lucr\u0103tor poate solicita echitate \u00een ceea ce prive\u0219te angajarea, condi\u021bii favorabile pentru el \u00eensu\u0219i sau poate primi o pensie social\u0103 atunci c\u00e2nd nu poate lucra.<\/p>\n<p>Fratele lui Lech Kaczy\u0144ski, Jaros\u0142aw, \u0219i Sejm-ul polonez au fost reprezenta\u021bi de pre\u0219edintele Sejm-ului, Marek Kuchci\u0144ski. - Universitatea a fost foarte important\u0103 pentru el, iar comunitatea \u0219tiin\u021bific\u0103 - a\u0219a cum spunea Jaros\u0142aw Kaczy\u0144ski - mediul s\u0103u natural. De\u0219i \u00een aceast\u0103 perioad\u0103 a fost absorbit \u0219i de problemele publice. \u0218i \u00een cele din urm\u0103 l-au absorbit pe deplin, p\u00e2n\u0103 la sf\u00e2r\u0219itul tragic\", a spus pre\u0219edintele Sejm-ului. Marek Kuchci\u0144ski a subliniat c\u0103, chiar \u0219i \u00een ultimele luni \u00eenainte de decesul s\u0103u subit, Lech Kaczy\u0144ski pl\u0103nuia s\u0103 se \u00eentoarc\u0103 la universitate.<\/p>\n<p>Pre\u0219edintele Republicii Polone, Andrzej Duda, a adresat o scrisoare participan\u021bilor la ceremonie. \u00cen aceasta, el a scris c\u0103 Lech Kaczy\u0144ski este amintit ca un om de stat \u0219i func\u021bionar public remarcabil care a servit \u00eentotdeauna bine Republica \u0219i compatrio\u021bii s\u0103i. Dar el este amintit \u0219i \u00een leag\u0103nul Solidarit\u0103\u021bii, deoarece timp de aproape 30 de ani a lucrat aici ca profesor \u0219i cercet\u0103tor. \u00cen cadrul Universit\u0103\u021bii din Gda\u0144sk, a ob\u021binut diplome academice succesive \u0219i, \u00een acela\u0219i timp, a desf\u0103\u0219urat activit\u0103\u021bi sociale \u0219i de opozi\u021bie foarte active. Cuno\u0219tin\u021bele sale excep\u021bionale \u00een domeniul dreptului muncii au fost puse \u00een practic\u0103, permi\u021b\u00e2ndu-i s\u0103 sprijine mi\u0219carea sindical\u0103 cu cuno\u0219tin\u021be, experien\u021b\u0103 \u0219i consiliere. (...)<\/p>\n<p>For\u021ba \u0219i curajul profesorului Lech Kaczy\u0144ski par s\u0103 d\u0103inuie \u00eenc\u0103 \u00eentre zidurile universit\u0103\u021bii. Rectorul s\u0103u - Prof. Jerzy Piotr Gwizda\u0142a - a declarat c\u0103 universitatea nu se teme de provoc\u0103ri. - Declar\u0103m munca eficient\u0103, curajul de a g\u00e2ndi, deschiderea fa\u021b\u0103 de ceilal\u021bi \u0219i fa\u021b\u0103 de lume. Pentru \u00een\u021belegerea misiunii noastre comune \u0219i a sarcinilor noastre de zi cu zi, a\u0219 dori s\u0103 mul\u021bumesc \u00eentregii comunit\u0103\u021bi a Universit\u0103\u021bii noastre \u0219i tuturor celor care, \u00een ultimii 50 de ani, \u00eempreun\u0103 cu comunitatea academic\u0103, au construit prestigiul \u0219i pozi\u021bia Universit\u0103\u021bii noastre - a sus\u021binut el.<\/p>\n<p>La ceremonie au participat parlamentari, reprezentan\u021bi ai autorit\u0103\u021bilor de stat, locale \u0219i biserice\u0219ti, corpul diplomatic, rectori de universit\u0103\u021bi, reprezentan\u021bi ai institu\u021biilor \u0219tiin\u021bifice, ai institu\u021biilor publice \u0219i ai companiilor din Pomerania, precum \u0219i comunitatea academic\u0103 a Universit\u0103\u021bii din Gdansk.<\/p>\n<p><em>text\/ foto Marta Olejnik\/ KS<\/em><\/p>\n<p><a href=\"https:\/\/marekkuchcinski.pl\/wp-content\/uploads\/2019\/03\/IMG_9263.jpg\"><img fetchpriority=\"high\" decoding=\"async\" class=\"alignnone size-full wp-image-13937\" src=\"https:\/\/marekkuchcinski.pl\/wp-content\/uploads\/2019\/03\/IMG_9263.jpg\" alt=\"IMG_9263\" width=\"5821\" height=\"3971\" srcset=\"https:\/\/marekkuchcinski.pl\/wp-content\/uploads\/2019\/03\/IMG_9263.jpg 2048w, https:\/\/marekkuchcinski.pl\/wp-content\/uploads\/2019\/03\/IMG_9263-300x205.jpg 300w, https:\/\/marekkuchcinski.pl\/wp-content\/uploads\/2019\/03\/IMG_9263-768x524.jpg 768w, https:\/\/marekkuchcinski.pl\/wp-content\/uploads\/2019\/03\/IMG_9263-1024x699.jpg 1024w\" sizes=\"(max-width: 5821px) 100vw, 5821px\" \/><\/a> <a href=\"https:\/\/marekkuchcinski.pl\/wp-content\/uploads\/2019\/03\/IMG_9312.jpg\"><img decoding=\"async\" class=\"alignnone size-full wp-image-13938\" src=\"https:\/\/marekkuchcinski.pl\/wp-content\/uploads\/2019\/03\/IMG_9312.jpg\" alt=\"IMG_9312\" width=\"4311\" height=\"2947\" srcset=\"https:\/\/marekkuchcinski.pl\/wp-content\/uploads\/2019\/03\/IMG_9312.jpg 2048w, https:\/\/marekkuchcinski.pl\/wp-content\/uploads\/2019\/03\/IMG_9312-300x205.jpg 300w, https:\/\/marekkuchcinski.pl\/wp-content\/uploads\/2019\/03\/IMG_9312-768x525.jpg 768w, https:\/\/marekkuchcinski.pl\/wp-content\/uploads\/2019\/03\/IMG_9312-1024x700.jpg 1024w\" sizes=\"(max-width: 4311px) 100vw, 4311px\" \/><\/a> <a href=\"https:\/\/marekkuchcinski.pl\/wp-content\/uploads\/2019\/03\/IMG_9303.jpg\"><img decoding=\"async\" class=\"alignnone size-full wp-image-13997\" src=\"https:\/\/marekkuchcinski.pl\/wp-content\/uploads\/2019\/03\/IMG_9303.jpg\" alt=\"IMG_9303\" width=\"5541\" height=\"3381\" srcset=\"https:\/\/marekkuchcinski.pl\/wp-content\/uploads\/2019\/03\/IMG_9303.jpg 2048w, https:\/\/marekkuchcinski.pl\/wp-content\/uploads\/2019\/03\/IMG_9303-300x183.jpg 300w, https:\/\/marekkuchcinski.pl\/wp-content\/uploads\/2019\/03\/IMG_9303-768x469.jpg 768w, https:\/\/marekkuchcinski.pl\/wp-content\/uploads\/2019\/03\/IMG_9303-1024x625.jpg 1024w\" sizes=\"(max-width: 5541px) 100vw, 5541px\" \/><\/a><a href=\"https:\/\/marekkuchcinski.pl\/wp-content\/uploads\/2019\/03\/IMG_9337.jpg\"><img loading=\"lazy\" decoding=\"async\" class=\"alignnone size-full wp-image-13941\" src=\"https:\/\/marekkuchcinski.pl\/wp-content\/uploads\/2019\/03\/IMG_9337.jpg\" alt=\"IMG_9337\" width=\"6240\" height=\"4160\" srcset=\"https:\/\/marekkuchcinski.pl\/wp-content\/uploads\/2019\/03\/IMG_9337.jpg 2048w, https:\/\/marekkuchcinski.pl\/wp-content\/uploads\/2019\/03\/IMG_9337-300x200.jpg 300w, https:\/\/marekkuchcinski.pl\/wp-content\/uploads\/2019\/03\/IMG_9337-768x512.jpg 768w, https:\/\/marekkuchcinski.pl\/wp-content\/uploads\/2019\/03\/IMG_9337-1024x683.jpg 1024w\" sizes=\"(max-width: 6240px) 100vw, 6240px\" \/><\/a> <a href=\"https:\/\/marekkuchcinski.pl\/wp-content\/uploads\/2019\/03\/IMG_9345.jpg\"><img loading=\"lazy\" decoding=\"async\" class=\"alignnone size-full wp-image-13947\" src=\"https:\/\/marekkuchcinski.pl\/wp-content\/uploads\/2019\/03\/IMG_9345.jpg\" alt=\"IMG_9345\" width=\"5145\" height=\"3351\" srcset=\"https:\/\/marekkuchcinski.pl\/wp-content\/uploads\/2019\/03\/IMG_9345.jpg 2048w, https:\/\/marekkuchcinski.pl\/wp-content\/uploads\/2019\/03\/IMG_9345-300x195.jpg 300w, https:\/\/marekkuchcinski.pl\/wp-content\/uploads\/2019\/03\/IMG_9345-768x500.jpg 768w, https:\/\/marekkuchcinski.pl\/wp-content\/uploads\/2019\/03\/IMG_9345-1024x667.jpg 1024w\" sizes=\"(max-width: 5145px) 100vw, 5145px\" \/><\/a> <a href=\"https:\/\/marekkuchcinski.pl\/wp-content\/uploads\/2019\/03\/IMG_9352.jpg\"><img loading=\"lazy\" decoding=\"async\" class=\"alignnone size-full wp-image-13951\" src=\"https:\/\/marekkuchcinski.pl\/wp-content\/uploads\/2019\/03\/IMG_9352.jpg\" alt=\"IMG_9352\" width=\"4893\" height=\"3069\" srcset=\"https:\/\/marekkuchcinski.pl\/wp-content\/uploads\/2019\/03\/IMG_9352.jpg 2048w, https:\/\/marekkuchcinski.pl\/wp-content\/uploads\/2019\/03\/IMG_9352-300x188.jpg 300w, https:\/\/marekkuchcinski.pl\/wp-content\/uploads\/2019\/03\/IMG_9352-768x482.jpg 768w, https:\/\/marekkuchcinski.pl\/wp-content\/uploads\/2019\/03\/IMG_9352-1024x642.jpg 1024w\" sizes=\"(max-width: 4893px) 100vw, 4893px\" \/><\/a> <a href=\"https:\/\/marekkuchcinski.pl\/wp-content\/uploads\/2019\/03\/IMG_9371.jpg\"><img loading=\"lazy\" decoding=\"async\" class=\"alignnone size-full wp-image-13952\" src=\"https:\/\/marekkuchcinski.pl\/wp-content\/uploads\/2019\/03\/IMG_9371.jpg\" alt=\"IMG_9371\" width=\"6046\" height=\"4143\" srcset=\"https:\/\/marekkuchcinski.pl\/wp-content\/uploads\/2019\/03\/IMG_9371.jpg 2048w, https:\/\/marekkuchcinski.pl\/wp-content\/uploads\/2019\/03\/IMG_9371-300x206.jpg 300w, https:\/\/marekkuchcinski.pl\/wp-content\/uploads\/2019\/03\/IMG_9371-768x526.jpg 768w, https:\/\/marekkuchcinski.pl\/wp-content\/uploads\/2019\/03\/IMG_9371-1024x702.jpg 1024w\" sizes=\"(max-width: 6046px) 100vw, 6046px\" \/><\/a> <a href=\"https:\/\/marekkuchcinski.pl\/wp-content\/uploads\/2019\/03\/IMG_9374.jpg\"><img loading=\"lazy\" decoding=\"async\" class=\"alignnone size-full wp-image-13954\" src=\"https:\/\/marekkuchcinski.pl\/wp-content\/uploads\/2019\/03\/IMG_9374.jpg\" alt=\"IMG_9374\" width=\"6022\" height=\"3771\" srcset=\"https:\/\/marekkuchcinski.pl\/wp-content\/uploads\/2019\/03\/IMG_9374.jpg 2048w, https:\/\/marekkuchcinski.pl\/wp-content\/uploads\/2019\/03\/IMG_9374-300x188.jpg 300w, https:\/\/marekkuchcinski.pl\/wp-content\/uploads\/2019\/03\/IMG_9374-768x481.jpg 768w, https:\/\/marekkuchcinski.pl\/wp-content\/uploads\/2019\/03\/IMG_9374-1024x641.jpg 1024w\" sizes=\"(max-width: 6022px) 100vw, 6022px\" \/><\/a> <a href=\"https:\/\/marekkuchcinski.pl\/wp-content\/uploads\/2019\/03\/IMG_9377.jpg\"><img loading=\"lazy\" decoding=\"async\" class=\"alignnone size-full wp-image-13956\" src=\"https:\/\/marekkuchcinski.pl\/wp-content\/uploads\/2019\/03\/IMG_9377.jpg\" alt=\"IMG_9377\" width=\"5300\" height=\"3420\" srcset=\"https:\/\/marekkuchcinski.pl\/wp-content\/uploads\/2019\/03\/IMG_9377.jpg 2048w, https:\/\/marekkuchcinski.pl\/wp-content\/uploads\/2019\/03\/IMG_9377-300x194.jpg 300w, https:\/\/marekkuchcinski.pl\/wp-content\/uploads\/2019\/03\/IMG_9377-768x496.jpg 768w, https:\/\/marekkuchcinski.pl\/wp-content\/uploads\/2019\/03\/IMG_9377-1024x661.jpg 1024w\" sizes=\"(max-width: 5300px) 100vw, 5300px\" \/><\/a> <a href=\"https:\/\/marekkuchcinski.pl\/wp-content\/uploads\/2019\/03\/IMG_9577.jpg\"><img loading=\"lazy\" decoding=\"async\" class=\"alignnone size-full wp-image-13965\" src=\"https:\/\/marekkuchcinski.pl\/wp-content\/uploads\/2019\/03\/IMG_9577.jpg\" alt=\"IMG_9577\" width=\"5113\" height=\"3556\" srcset=\"https:\/\/marekkuchcinski.pl\/wp-content\/uploads\/2019\/03\/IMG_9577.jpg 2048w, https:\/\/marekkuchcinski.pl\/wp-content\/uploads\/2019\/03\/IMG_9577-300x209.jpg 300w, https:\/\/marekkuchcinski.pl\/wp-content\/uploads\/2019\/03\/IMG_9577-768x534.jpg 768w, https:\/\/marekkuchcinski.pl\/wp-content\/uploads\/2019\/03\/IMG_9577-1024x712.jpg 1024w\" sizes=\"(max-width: 5113px) 100vw, 5113px\" \/><\/a> <a href=\"https:\/\/marekkuchcinski.pl\/wp-content\/uploads\/2019\/03\/IMG_9595.jpg\"><img loading=\"lazy\" decoding=\"async\" class=\"alignnone size-full wp-image-13967\" src=\"https:\/\/marekkuchcinski.pl\/wp-content\/uploads\/2019\/03\/IMG_9595.jpg\" alt=\"IMG_9595\" width=\"4948\" height=\"3535\" srcset=\"https:\/\/marekkuchcinski.pl\/wp-content\/uploads\/2019\/03\/IMG_9595.jpg 2048w, https:\/\/marekkuchcinski.pl\/wp-content\/uploads\/2019\/03\/IMG_9595-300x214.jpg 300w, https:\/\/marekkuchcinski.pl\/wp-content\/uploads\/2019\/03\/IMG_9595-768x549.jpg 768w, https:\/\/marekkuchcinski.pl\/wp-content\/uploads\/2019\/03\/IMG_9595-1024x732.jpg 1024w\" sizes=\"(max-width: 4948px) 100vw, 4948px\" \/><\/a> <a href=\"https:\/\/marekkuchcinski.pl\/wp-content\/uploads\/2019\/03\/IMG_9644.jpg\"><img loading=\"lazy\" decoding=\"async\" class=\"alignnone size-full wp-image-13969\" src=\"https:\/\/marekkuchcinski.pl\/wp-content\/uploads\/2019\/03\/IMG_9644.jpg\" alt=\"IMG_9644\" width=\"5335\" height=\"3868\" srcset=\"https:\/\/marekkuchcinski.pl\/wp-content\/uploads\/2019\/03\/IMG_9644.jpg 2048w, https:\/\/marekkuchcinski.pl\/wp-content\/uploads\/2019\/03\/IMG_9644-300x218.jpg 300w, https:\/\/marekkuchcinski.pl\/wp-content\/uploads\/2019\/03\/IMG_9644-768x557.jpg 768w, https:\/\/marekkuchcinski.pl\/wp-content\/uploads\/2019\/03\/IMG_9644-1024x742.jpg 1024w\" sizes=\"(max-width: 5335px) 100vw, 5335px\" \/><\/a> <a href=\"https:\/\/marekkuchcinski.pl\/wp-content\/uploads\/2019\/03\/IMG_9701.jpg\"><img loading=\"lazy\" decoding=\"async\" class=\"alignnone size-full wp-image-13972\" src=\"https:\/\/marekkuchcinski.pl\/wp-content\/uploads\/2019\/03\/IMG_9701.jpg\" alt=\"IMG_9701\" width=\"3516\" height=\"2477\" srcset=\"https:\/\/marekkuchcinski.pl\/wp-content\/uploads\/2019\/03\/IMG_9701.jpg 2048w, https:\/\/marekkuchcinski.pl\/wp-content\/uploads\/2019\/03\/IMG_9701-300x211.jpg 300w, https:\/\/marekkuchcinski.pl\/wp-content\/uploads\/2019\/03\/IMG_9701-768x541.jpg 768w, https:\/\/marekkuchcinski.pl\/wp-content\/uploads\/2019\/03\/IMG_9701-1024x721.jpg 1024w\" sizes=\"(max-width: 3516px) 100vw, 3516px\" \/><\/a> <a href=\"https:\/\/marekkuchcinski.pl\/wp-content\/uploads\/2019\/03\/IMG_9730.jpg\"><img loading=\"lazy\" decoding=\"async\" class=\"alignnone size-full wp-image-13973\" src=\"https:\/\/marekkuchcinski.pl\/wp-content\/uploads\/2019\/03\/IMG_9730.jpg\" alt=\"IMG_9730\" width=\"6121\" height=\"4078\" srcset=\"https:\/\/marekkuchcinski.pl\/wp-content\/uploads\/2019\/03\/IMG_9730.jpg 2048w, https:\/\/marekkuchcinski.pl\/wp-content\/uploads\/2019\/03\/IMG_9730-300x200.jpg 300w, https:\/\/marekkuchcinski.pl\/wp-content\/uploads\/2019\/03\/IMG_9730-768x512.jpg 768w, https:\/\/marekkuchcinski.pl\/wp-content\/uploads\/2019\/03\/IMG_9730-1024x682.jpg 1024w\" sizes=\"(max-width: 6121px) 100vw, 6121px\" \/><\/a> <a href=\"https:\/\/marekkuchcinski.pl\/wp-content\/uploads\/2019\/03\/IMG_9745.jpg\"><img loading=\"lazy\" decoding=\"async\" class=\"alignnone size-full wp-image-13975\" src=\"https:\/\/marekkuchcinski.pl\/wp-content\/uploads\/2019\/03\/IMG_9745.jpg\" alt=\"IMG_9745\" width=\"4981\" height=\"3076\" srcset=\"https:\/\/marekkuchcinski.pl\/wp-content\/uploads\/2019\/03\/IMG_9745.jpg 2048w, https:\/\/marekkuchcinski.pl\/wp-content\/uploads\/2019\/03\/IMG_9745-300x185.jpg 300w, https:\/\/marekkuchcinski.pl\/wp-content\/uploads\/2019\/03\/IMG_9745-768x474.jpg 768w, https:\/\/marekkuchcinski.pl\/wp-content\/uploads\/2019\/03\/IMG_9745-1024x632.jpg 1024w\" sizes=\"(max-width: 4981px) 100vw, 4981px\" \/><\/a> <a href=\"https:\/\/marekkuchcinski.pl\/wp-content\/uploads\/2019\/03\/IMG_9750.jpg\"><img loading=\"lazy\" decoding=\"async\" class=\"alignnone size-full wp-image-13977\" src=\"https:\/\/marekkuchcinski.pl\/wp-content\/uploads\/2019\/03\/IMG_9750.jpg\" alt=\"IMG_9750\" width=\"4824\" height=\"2834\" srcset=\"https:\/\/marekkuchcinski.pl\/wp-content\/uploads\/2019\/03\/IMG_9750.jpg 2048w, https:\/\/marekkuchcinski.pl\/wp-content\/uploads\/2019\/03\/IMG_9750-300x176.jpg 300w, https:\/\/marekkuchcinski.pl\/wp-content\/uploads\/2019\/03\/IMG_9750-768x451.jpg 768w, https:\/\/marekkuchcinski.pl\/wp-content\/uploads\/2019\/03\/IMG_9750-1024x602.jpg 1024w\" sizes=\"(max-width: 4824px) 100vw, 4824px\" \/><\/a> <a href=\"https:\/\/marekkuchcinski.pl\/wp-content\/uploads\/2019\/03\/IMG_9752.jpg\"><img loading=\"lazy\" decoding=\"async\" class=\"alignnone size-full wp-image-13978\" src=\"https:\/\/marekkuchcinski.pl\/wp-content\/uploads\/2019\/03\/IMG_9752.jpg\" alt=\"IMG_9752\" width=\"4426\" height=\"2936\" srcset=\"https:\/\/marekkuchcinski.pl\/wp-content\/uploads\/2019\/03\/IMG_9752.jpg 2048w, https:\/\/marekkuchcinski.pl\/wp-content\/uploads\/2019\/03\/IMG_9752-300x199.jpg 300w, https:\/\/marekkuchcinski.pl\/wp-content\/uploads\/2019\/03\/IMG_9752-768x509.jpg 768w, https:\/\/marekkuchcinski.pl\/wp-content\/uploads\/2019\/03\/IMG_9752-1024x679.jpg 1024w\" sizes=\"(max-width: 4426px) 100vw, 4426px\" \/><\/a><a href=\"https:\/\/marekkuchcinski.pl\/wp-content\/uploads\/2019\/03\/IMG_9789-1.jpg\"><img loading=\"lazy\" decoding=\"async\" class=\"alignnone size-full wp-image-14040\" src=\"https:\/\/marekkuchcinski.pl\/wp-content\/uploads\/2019\/03\/IMG_9789-1.jpg\" alt=\"IMG_9789\" width=\"4903\" height=\"3112\" srcset=\"https:\/\/marekkuchcinski.pl\/wp-content\/uploads\/2019\/03\/IMG_9789-1.jpg 2048w, https:\/\/marekkuchcinski.pl\/wp-content\/uploads\/2019\/03\/IMG_9789-1-300x190.jpg 300w, https:\/\/marekkuchcinski.pl\/wp-content\/uploads\/2019\/03\/IMG_9789-1-768x487.jpg 768w, https:\/\/marekkuchcinski.pl\/wp-content\/uploads\/2019\/03\/IMG_9789-1-1024x650.jpg 1024w\" sizes=\"(max-width: 4903px) 100vw, 4903px\" \/><\/a> <a href=\"https:\/\/marekkuchcinski.pl\/wp-content\/uploads\/2019\/03\/IMG_9801.jpg\"><img loading=\"lazy\" decoding=\"async\" class=\"alignnone size-full wp-image-13983\" src=\"https:\/\/marekkuchcinski.pl\/wp-content\/uploads\/2019\/03\/IMG_9801.jpg\" alt=\"IMG_9801\" width=\"5208\" height=\"3365\" srcset=\"https:\/\/marekkuchcinski.pl\/wp-content\/uploads\/2019\/03\/IMG_9801.jpg 2048w, https:\/\/marekkuchcinski.pl\/wp-content\/uploads\/2019\/03\/IMG_9801-300x194.jpg 300w, https:\/\/marekkuchcinski.pl\/wp-content\/uploads\/2019\/03\/IMG_9801-768x496.jpg 768w, https:\/\/marekkuchcinski.pl\/wp-content\/uploads\/2019\/03\/IMG_9801-1024x662.jpg 1024w\" sizes=\"(max-width: 5208px) 100vw, 5208px\" \/><\/a> <a href=\"https:\/\/marekkuchcinski.pl\/wp-content\/uploads\/2019\/03\/IMG_9898.jpg\"><img loading=\"lazy\" decoding=\"async\" class=\"alignnone size-full wp-image-13986\" src=\"https:\/\/marekkuchcinski.pl\/wp-content\/uploads\/2019\/03\/IMG_9898.jpg\" alt=\"IMG_9898\" width=\"5742\" height=\"3748\" srcset=\"https:\/\/marekkuchcinski.pl\/wp-content\/uploads\/2019\/03\/IMG_9898.jpg 2048w, https:\/\/marekkuchcinski.pl\/wp-content\/uploads\/2019\/03\/IMG_9898-300x196.jpg 300w, https:\/\/marekkuchcinski.pl\/wp-content\/uploads\/2019\/03\/IMG_9898-768x501.jpg 768w, https:\/\/marekkuchcinski.pl\/wp-content\/uploads\/2019\/03\/IMG_9898-1024x668.jpg 1024w\" sizes=\"(max-width: 5742px) 100vw, 5742px\" \/><\/a> Pre\u0219edintele Funda\u021biei Identitate \u0219i Solidaritate Tomasz Rakowski<a href=\"https:\/\/marekkuchcinski.pl\/wp-content\/uploads\/2019\/03\/IMG_9918.jpg\"> <img loading=\"lazy\" decoding=\"async\" class=\"alignnone size-full wp-image-13989\" src=\"https:\/\/marekkuchcinski.pl\/wp-content\/uploads\/2019\/03\/IMG_9918.jpg\" alt=\"IMG_9918\" width=\"4914\" height=\"3264\" srcset=\"https:\/\/marekkuchcinski.pl\/wp-content\/uploads\/2019\/03\/IMG_9918.jpg 2048w, https:\/\/marekkuchcinski.pl\/wp-content\/uploads\/2019\/03\/IMG_9918-300x199.jpg 300w, https:\/\/marekkuchcinski.pl\/wp-content\/uploads\/2019\/03\/IMG_9918-768x510.jpg 768w, https:\/\/marekkuchcinski.pl\/wp-content\/uploads\/2019\/03\/IMG_9918-1024x680.jpg 1024w\" sizes=\"(max-width: 4914px) 100vw, 4914px\" \/><\/a> Placa \u00een onoarea profesorului Lech Kaczy\u0144ski a fost sfin\u021bit\u0103 de Arhiepiscopul Slawoj Leszek G\u0142\u00f3d\u017a<a href=\"https:\/\/marekkuchcinski.pl\/wp-content\/uploads\/2019\/03\/IMG_9928.jpg\"><img loading=\"lazy\" decoding=\"async\" class=\"alignnone size-full wp-image-13992\" src=\"https:\/\/marekkuchcinski.pl\/wp-content\/uploads\/2019\/03\/IMG_9928.jpg\" alt=\"IMG_9928\" width=\"5076\" height=\"3664\" srcset=\"https:\/\/marekkuchcinski.pl\/wp-content\/uploads\/2019\/03\/IMG_9928.jpg 2048w, https:\/\/marekkuchcinski.pl\/wp-content\/uploads\/2019\/03\/IMG_9928-300x217.jpg 300w, https:\/\/marekkuchcinski.pl\/wp-content\/uploads\/2019\/03\/IMG_9928-768x554.jpg 768w, https:\/\/marekkuchcinski.pl\/wp-content\/uploads\/2019\/03\/IMG_9928-1024x739.jpg 1024w\" sizes=\"(max-width: 5076px) 100vw, 5076px\" \/><\/a><a href=\"https:\/\/marekkuchcinski.pl\/wp-content\/uploads\/2019\/03\/IMG_9949.jpg\"><img loading=\"lazy\" decoding=\"async\" class=\"alignnone size-full wp-image-14041\" src=\"https:\/\/marekkuchcinski.pl\/wp-content\/uploads\/2019\/03\/IMG_9949.jpg\" alt=\"IMG_9949\" width=\"2673\" height=\"3403\" srcset=\"https:\/\/marekkuchcinski.pl\/wp-content\/uploads\/2019\/03\/IMG_9949.jpg 1609w, https:\/\/marekkuchcinski.pl\/wp-content\/uploads\/2019\/03\/IMG_9949-236x300.jpg 236w, https:\/\/marekkuchcinski.pl\/wp-content\/uploads\/2019\/03\/IMG_9949-768x978.jpg 768w, https:\/\/marekkuchcinski.pl\/wp-content\/uploads\/2019\/03\/IMG_9949-804x1024.jpg 804w\" sizes=\"(max-width: 2673px) 100vw, 2673px\" \/><\/a><a href=\"https:\/\/marekkuchcinski.pl\/wp-content\/uploads\/2019\/03\/IMG_9987-1.jpg\"><img loading=\"lazy\" decoding=\"async\" class=\"alignnone size-full wp-image-14003\" src=\"https:\/\/marekkuchcinski.pl\/wp-content\/uploads\/2019\/03\/IMG_9987-1.jpg\" alt=\"IMG_9987\" width=\"3970\" height=\"2759\" srcset=\"https:\/\/marekkuchcinski.pl\/wp-content\/uploads\/2019\/03\/IMG_9987-1.jpg 2048w, https:\/\/marekkuchcinski.pl\/wp-content\/uploads\/2019\/03\/IMG_9987-1-300x208.jpg 300w, https:\/\/marekkuchcinski.pl\/wp-content\/uploads\/2019\/03\/IMG_9987-1-768x534.jpg 768w, https:\/\/marekkuchcinski.pl\/wp-content\/uploads\/2019\/03\/IMG_9987-1-1024x712.jpg 1024w\" sizes=\"(max-width: 3970px) 100vw, 3970px\" \/><\/a><a href=\"https:\/\/marekkuchcinski.pl\/wp-content\/uploads\/2019\/03\/LK.jpg\"><img loading=\"lazy\" decoding=\"async\" class=\"alignnone size-full wp-image-14011\" src=\"https:\/\/marekkuchcinski.pl\/wp-content\/uploads\/2019\/03\/LK.jpg\" alt=\"LK\" width=\"1843\" height=\"2410\" srcset=\"https:\/\/marekkuchcinski.pl\/wp-content\/uploads\/2019\/03\/LK.jpg 1566w, https:\/\/marekkuchcinski.pl\/wp-content\/uploads\/2019\/03\/LK-229x300.jpg 229w, https:\/\/marekkuchcinski.pl\/wp-content\/uploads\/2019\/03\/LK-768x1004.jpg 768w, https:\/\/marekkuchcinski.pl\/wp-content\/uploads\/2019\/03\/LK-783x1024.jpg 783w\" sizes=\"(max-width: 1843px) 100vw, 1843px\" \/><\/a><\/p>","protected":false},"excerpt":{"rendered":"<p>Uniwersytet Gda\u0144ski wkroczy\u0142 w rok rozpocz\u0119cia obchod\u00f3w 50-lecia swojego istnienia. Jak powiedzia\u0142 marsza\u0142ek Sejmu Marek Kuchci\u0144ski: Uczelnia nie zapomnia\u0142a o swoim Profesorze, rektorze Wydzia\u0142u Prawa, kt\u00f3ry po\u015bwi\u0119ci\u0142 jej\u00a028 lat swojego \u017cycia. Polityka, naukowca, wybitnego teoretyka prawa pracy Jego Alma Mater\u00a0uhonorowa\u0142a pami\u0105tkow\u0105 tablic\u0105. Jeden z inicjator\u00f3w tablicy, prezes Fundacji \u201eTo\u017csamo\u015b\u0107 i Solidarno\u015b\u0107\u201d Tomasz Rakowski uzasadnia\u0142, \u017ce [&hellip;]<\/p>","protected":false},"author":6,"featured_media":14012,"comment_status":"open","ping_status":"open","sticky":false,"template":"","format":"standard","meta":{"ngg_post_thumbnail":0,"footnotes":""},"categories":[82,77,3],"tags":[],"class_list":["post-13934","post","type-post","status-publish","format-standard","has-post-thumbnail","hentry","category-prawo-i-sprawiedliwosc","category-wazne-daty","category-wydarzenia"],"yoast_head":"<!-- This site is optimized with the Yoast SEO plugin v24.7 - https:\/\/yoast.com\/wordpress\/plugins\/seo\/ -->\n<title>Marsza\u0142ek Sejmu ods\u0142oni\u0142 tablic\u0119 ku pami\u0119ci profesora Uniwersytetu Gda\u0144skiego \u2013 prezydenta Lacha Kaczy\u0144skiego &#8211; Marek Kuchci\u0144ski<\/title>\n<meta name=\"robots\" content=\"index, follow, max-snippet:-1, max-image-preview:large, max-video-preview:-1\" \/>\n<link rel=\"canonical\" href=\"https:\/\/marekkuchcinski.pl\/ro\/wazne-daty\/marszalek-sejmu-odslonil-tablice-ku-pamieci-profesora-uniwersytetu-gdanskiego-prezydenta-lacha-kaczynskiego\/\" \/>\n<meta property=\"og:locale\" content=\"ro_RO\" \/>\n<meta property=\"og:type\" content=\"article\" \/>\n<meta property=\"og:title\" content=\"Marsza\u0142ek Sejmu ods\u0142oni\u0142 tablic\u0119 ku pami\u0119ci profesora Uniwersytetu Gda\u0144skiego \u2013 prezydenta Lacha Kaczy\u0144skiego &#8211; Marek Kuchci\u0144ski\" \/>\n<meta property=\"og:description\" content=\"Uniwersytet Gda\u0144ski wkroczy\u0142 w rok rozpocz\u0119cia obchod\u00f3w 50-lecia swojego istnienia. Jak powiedzia\u0142 marsza\u0142ek Sejmu Marek Kuchci\u0144ski: Uczelnia nie zapomnia\u0142a o swoim Profesorze, rektorze Wydzia\u0142u Prawa, kt\u00f3ry po\u015bwi\u0119ci\u0142 jej\u00a028 lat swojego \u017cycia. Polityka, naukowca, wybitnego teoretyka prawa pracy Jego Alma Mater\u00a0uhonorowa\u0142a pami\u0105tkow\u0105 tablic\u0105. Jeden z inicjator\u00f3w tablicy, prezes Fundacji \u201eTo\u017csamo\u015b\u0107 i Solidarno\u015b\u0107\u201d Tomasz Rakowski uzasadnia\u0142, \u017ce [&hellip;]\" \/>\n<meta property=\"og:url\" content=\"https:\/\/marekkuchcinski.pl\/ro\/wazne-daty\/marszalek-sejmu-odslonil-tablice-ku-pamieci-profesora-uniwersytetu-gdanskiego-prezydenta-lacha-kaczynskiego\/\" \/>\n<meta property=\"og:site_name\" content=\"Marek Kuchci\u0144ski\" \/>\n<meta property=\"article:published_time\" content=\"2019-03-21T11:57:33+00:00\" \/>\n<meta property=\"article:modified_time\" content=\"2019-03-22T12:42:39+00:00\" \/>\n<meta property=\"og:image\" content=\"https:\/\/marekkuchcinski.pl\/wp-content\/uploads\/2019\/03\/m-i-lk.jpg\" \/>\n\t<meta property=\"og:image:width\" content=\"2048\" \/>\n\t<meta property=\"og:image:height\" content=\"1143\" \/>\n\t<meta property=\"og:image:type\" content=\"image\/jpeg\" \/>\n<meta name=\"author\" content=\"admin\" \/>\n<meta name=\"twitter:card\" content=\"summary_large_image\" \/>\n<meta name=\"twitter:label1\" content=\"Scris de\" \/>\n\t<meta name=\"twitter:data1\" content=\"admin\" \/>\n\t<meta name=\"twitter:label2\" content=\"Timp estimat pentru citire\" \/>\n\t<meta name=\"twitter:data2\" content=\"4 minutes\" \/>\n<script type=\"application\/ld+json\" class=\"yoast-schema-graph\">{\"@context\":\"https:\/\/schema.org\",\"@graph\":[{\"@type\":\"Article\",\"@id\":\"https:\/\/marekkuchcinski.pl\/en\/wazne-daty\/marszalek-sejmu-odslonil-tablice-ku-pamieci-profesora-uniwersytetu-gdanskiego-prezydenta-lacha-kaczynskiego\/#article\",\"isPartOf\":{\"@id\":\"https:\/\/marekkuchcinski.pl\/en\/wazne-daty\/marszalek-sejmu-odslonil-tablice-ku-pamieci-profesora-uniwersytetu-gdanskiego-prezydenta-lacha-kaczynskiego\/\"},\"author\":{\"name\":\"admin\",\"@id\":\"https:\/\/marekkuchcinski.pl\/#\/schema\/person\/6f62700996b4d950b6ea2d1183b6c6be\"},\"headline\":\"Marsza\u0142ek Sejmu ods\u0142oni\u0142 tablic\u0119 ku pami\u0119ci profesora Uniwersytetu Gda\u0144skiego \u2013 prezydenta Lacha Kaczy\u0144skiego\",\"datePublished\":\"2019-03-21T11:57:33+00:00\",\"dateModified\":\"2019-03-22T12:42:39+00:00\",\"mainEntityOfPage\":{\"@id\":\"https:\/\/marekkuchcinski.pl\/en\/wazne-daty\/marszalek-sejmu-odslonil-tablice-ku-pamieci-profesora-uniwersytetu-gdanskiego-prezydenta-lacha-kaczynskiego\/\"},\"wordCount\":732,\"commentCount\":0,\"publisher\":{\"@id\":\"https:\/\/marekkuchcinski.pl\/#organization\"},\"image\":{\"@id\":\"https:\/\/marekkuchcinski.pl\/en\/wazne-daty\/marszalek-sejmu-odslonil-tablice-ku-pamieci-profesora-uniwersytetu-gdanskiego-prezydenta-lacha-kaczynskiego\/#primaryimage\"},\"thumbnailUrl\":\"https:\/\/marekkuchcinski.pl\/wp-content\/uploads\/2019\/03\/m-i-lk.jpg\",\"articleSection\":[\"Prawo i Sprawiedliwo\u015b\u0107\",\"Wa\u017cne daty\",\"Wydarzenia\"],\"inLanguage\":\"ro-RO\",\"potentialAction\":[{\"@type\":\"CommentAction\",\"name\":\"Comment\",\"target\":[\"https:\/\/marekkuchcinski.pl\/en\/wazne-daty\/marszalek-sejmu-odslonil-tablice-ku-pamieci-profesora-uniwersytetu-gdanskiego-prezydenta-lacha-kaczynskiego\/#respond\"]}]},{\"@type\":\"WebPage\",\"@id\":\"https:\/\/marekkuchcinski.pl\/en\/wazne-daty\/marszalek-sejmu-odslonil-tablice-ku-pamieci-profesora-uniwersytetu-gdanskiego-prezydenta-lacha-kaczynskiego\/\",\"url\":\"https:\/\/marekkuchcinski.pl\/en\/wazne-daty\/marszalek-sejmu-odslonil-tablice-ku-pamieci-profesora-uniwersytetu-gdanskiego-prezydenta-lacha-kaczynskiego\/\",\"name\":\"Marsza\u0142ek Sejmu ods\u0142oni\u0142 tablic\u0119 ku pami\u0119ci profesora Uniwersytetu Gda\u0144skiego \u2013 prezydenta Lacha Kaczy\u0144skiego &#8211; Marek Kuchci\u0144ski\",\"isPartOf\":{\"@id\":\"https:\/\/marekkuchcinski.pl\/#website\"},\"primaryImageOfPage\":{\"@id\":\"https:\/\/marekkuchcinski.pl\/en\/wazne-daty\/marszalek-sejmu-odslonil-tablice-ku-pamieci-profesora-uniwersytetu-gdanskiego-prezydenta-lacha-kaczynskiego\/#primaryimage\"},\"image\":{\"@id\":\"https:\/\/marekkuchcinski.pl\/en\/wazne-daty\/marszalek-sejmu-odslonil-tablice-ku-pamieci-profesora-uniwersytetu-gdanskiego-prezydenta-lacha-kaczynskiego\/#primaryimage\"},\"thumbnailUrl\":\"https:\/\/marekkuchcinski.pl\/wp-content\/uploads\/2019\/03\/m-i-lk.jpg\",\"datePublished\":\"2019-03-21T11:57:33+00:00\",\"dateModified\":\"2019-03-22T12:42:39+00:00\",\"breadcrumb\":{\"@id\":\"https:\/\/marekkuchcinski.pl\/en\/wazne-daty\/marszalek-sejmu-odslonil-tablice-ku-pamieci-profesora-uniwersytetu-gdanskiego-prezydenta-lacha-kaczynskiego\/#breadcrumb\"},\"inLanguage\":\"ro-RO\",\"potentialAction\":[{\"@type\":\"ReadAction\",\"target\":[\"https:\/\/marekkuchcinski.pl\/en\/wazne-daty\/marszalek-sejmu-odslonil-tablice-ku-pamieci-profesora-uniwersytetu-gdanskiego-prezydenta-lacha-kaczynskiego\/\"]}]},{\"@type\":\"ImageObject\",\"inLanguage\":\"ro-RO\",\"@id\":\"https:\/\/marekkuchcinski.pl\/en\/wazne-daty\/marszalek-sejmu-odslonil-tablice-ku-pamieci-profesora-uniwersytetu-gdanskiego-prezydenta-lacha-kaczynskiego\/#primaryimage\",\"url\":\"https:\/\/marekkuchcinski.pl\/wp-content\/uploads\/2019\/03\/m-i-lk.jpg\",\"contentUrl\":\"https:\/\/marekkuchcinski.pl\/wp-content\/uploads\/2019\/03\/m-i-lk.jpg\",\"width\":2048,\"height\":1143},{\"@type\":\"BreadcrumbList\",\"@id\":\"https:\/\/marekkuchcinski.pl\/en\/wazne-daty\/marszalek-sejmu-odslonil-tablice-ku-pamieci-profesora-uniwersytetu-gdanskiego-prezydenta-lacha-kaczynskiego\/#breadcrumb\",\"itemListElement\":[{\"@type\":\"ListItem\",\"position\":1,\"name\":\"Strona g\u0142\u00f3wna\",\"item\":\"https:\/\/marekkuchcinski.pl\/\"},{\"@type\":\"ListItem\",\"position\":2,\"name\":\"Marsza\u0142ek Sejmu ods\u0142oni\u0142 tablic\u0119 ku pami\u0119ci profesora Uniwersytetu Gda\u0144skiego \u2013 prezydenta Lacha Kaczy\u0144skiego\"}]},{\"@type\":\"WebSite\",\"@id\":\"https:\/\/marekkuchcinski.pl\/#website\",\"url\":\"https:\/\/marekkuchcinski.pl\/\",\"name\":\"Marek Kuchci\u0144ski\",\"description\":\"Pose\u0142 na sejm RP &ndash; okr\u0119g nr 22\",\"publisher\":{\"@id\":\"https:\/\/marekkuchcinski.pl\/#organization\"},\"potentialAction\":[{\"@type\":\"SearchAction\",\"target\":{\"@type\":\"EntryPoint\",\"urlTemplate\":\"https:\/\/marekkuchcinski.pl\/?s={search_term_string}\"},\"query-input\":{\"@type\":\"PropertyValueSpecification\",\"valueRequired\":true,\"valueName\":\"search_term_string\"}}],\"inLanguage\":\"ro-RO\"},{\"@type\":\"Organization\",\"@id\":\"https:\/\/marekkuchcinski.pl\/#organization\",\"name\":\"Marek Kuchci\u0144ski\",\"url\":\"https:\/\/marekkuchcinski.pl\/\",\"logo\":{\"@type\":\"ImageObject\",\"inLanguage\":\"ro-RO\",\"@id\":\"https:\/\/marekkuchcinski.pl\/#\/schema\/logo\/image\/\",\"url\":\"https:\/\/marekkuchcinski.pl\/wp-content\/uploads\/2022\/09\/Marek.jpg\",\"contentUrl\":\"https:\/\/marekkuchcinski.pl\/wp-content\/uploads\/2022\/09\/Marek.jpg\",\"width\":1600,\"height\":971,\"caption\":\"Marek Kuchci\u0144ski\"},\"image\":{\"@id\":\"https:\/\/marekkuchcinski.pl\/#\/schema\/logo\/image\/\"}},{\"@type\":\"Person\",\"@id\":\"https:\/\/marekkuchcinski.pl\/#\/schema\/person\/6f62700996b4d950b6ea2d1183b6c6be\",\"name\":\"admin\",\"image\":{\"@type\":\"ImageObject\",\"inLanguage\":\"ro-RO\",\"@id\":\"https:\/\/marekkuchcinski.pl\/#\/schema\/person\/image\/\",\"url\":\"https:\/\/secure.gravatar.com\/avatar\/4bab693b9d55c3d6b52c0296a8765085?s=96&d=mm&r=g\",\"contentUrl\":\"https:\/\/secure.gravatar.com\/avatar\/4bab693b9d55c3d6b52c0296a8765085?s=96&d=mm&r=g\",\"caption\":\"admin\"},\"url\":\"https:\/\/marekkuchcinski.pl\/ro\/author\/marta-olejnik\/\"}]}<\/script>\n<!-- \/ Yoast SEO plugin. -->","yoast_head_json":{"title":"Marsza\u0142ek Sejmu ods\u0142oni\u0142 tablic\u0119 ku pami\u0119ci profesora Uniwersytetu Gda\u0144skiego \u2013 prezydenta Lacha Kaczy\u0144skiego &#8211; Marek Kuchci\u0144ski","robots":{"index":"index","follow":"follow","max-snippet":"max-snippet:-1","max-image-preview":"max-image-preview:large","max-video-preview":"max-video-preview:-1"},"canonical":"https:\/\/marekkuchcinski.pl\/ro\/wazne-daty\/marszalek-sejmu-odslonil-tablice-ku-pamieci-profesora-uniwersytetu-gdanskiego-prezydenta-lacha-kaczynskiego\/","og_locale":"ro_RO","og_type":"article","og_title":"Marsza\u0142ek Sejmu ods\u0142oni\u0142 tablic\u0119 ku pami\u0119ci profesora Uniwersytetu Gda\u0144skiego \u2013 prezydenta Lacha Kaczy\u0144skiego &#8211; Marek Kuchci\u0144ski","og_description":"Uniwersytet Gda\u0144ski wkroczy\u0142 w rok rozpocz\u0119cia obchod\u00f3w 50-lecia swojego istnienia. Jak powiedzia\u0142 marsza\u0142ek Sejmu Marek Kuchci\u0144ski: Uczelnia nie zapomnia\u0142a o swoim Profesorze, rektorze Wydzia\u0142u Prawa, kt\u00f3ry po\u015bwi\u0119ci\u0142 jej\u00a028 lat swojego \u017cycia. Polityka, naukowca, wybitnego teoretyka prawa pracy Jego Alma Mater\u00a0uhonorowa\u0142a pami\u0105tkow\u0105 tablic\u0105. Jeden z inicjator\u00f3w tablicy, prezes Fundacji \u201eTo\u017csamo\u015b\u0107 i Solidarno\u015b\u0107\u201d Tomasz Rakowski uzasadnia\u0142, \u017ce [&hellip;]","og_url":"https:\/\/marekkuchcinski.pl\/ro\/wazne-daty\/marszalek-sejmu-odslonil-tablice-ku-pamieci-profesora-uniwersytetu-gdanskiego-prezydenta-lacha-kaczynskiego\/","og_site_name":"Marek Kuchci\u0144ski","article_published_time":"2019-03-21T11:57:33+00:00","article_modified_time":"2019-03-22T12:42:39+00:00","og_image":[{"width":2048,"height":1143,"url":"https:\/\/marekkuchcinski.pl\/wp-content\/uploads\/2019\/03\/m-i-lk.jpg","type":"image\/jpeg"}],"author":"admin","twitter_card":"summary_large_image","twitter_misc":{"Scris de":"admin","Timp estimat pentru citire":"4 minutes"},"schema":{"@context":"https:\/\/schema.org","@graph":[{"@type":"Article","@id":"https:\/\/marekkuchcinski.pl\/en\/wazne-daty\/marszalek-sejmu-odslonil-tablice-ku-pamieci-profesora-uniwersytetu-gdanskiego-prezydenta-lacha-kaczynskiego\/#article","isPartOf":{"@id":"https:\/\/marekkuchcinski.pl\/en\/wazne-daty\/marszalek-sejmu-odslonil-tablice-ku-pamieci-profesora-uniwersytetu-gdanskiego-prezydenta-lacha-kaczynskiego\/"},"author":{"name":"admin","@id":"https:\/\/marekkuchcinski.pl\/#\/schema\/person\/6f62700996b4d950b6ea2d1183b6c6be"},"headline":"Marsza\u0142ek Sejmu ods\u0142oni\u0142 tablic\u0119 ku pami\u0119ci profesora Uniwersytetu Gda\u0144skiego \u2013 prezydenta Lacha Kaczy\u0144skiego","datePublished":"2019-03-21T11:57:33+00:00","dateModified":"2019-03-22T12:42:39+00:00","mainEntityOfPage":{"@id":"https:\/\/marekkuchcinski.pl\/en\/wazne-daty\/marszalek-sejmu-odslonil-tablice-ku-pamieci-profesora-uniwersytetu-gdanskiego-prezydenta-lacha-kaczynskiego\/"},"wordCount":732,"commentCount":0,"publisher":{"@id":"https:\/\/marekkuchcinski.pl\/#organization"},"image":{"@id":"https:\/\/marekkuchcinski.pl\/en\/wazne-daty\/marszalek-sejmu-odslonil-tablice-ku-pamieci-profesora-uniwersytetu-gdanskiego-prezydenta-lacha-kaczynskiego\/#primaryimage"},"thumbnailUrl":"https:\/\/marekkuchcinski.pl\/wp-content\/uploads\/2019\/03\/m-i-lk.jpg","articleSection":["Prawo i Sprawiedliwo\u015b\u0107","Wa\u017cne daty","Wydarzenia"],"inLanguage":"ro-RO","potentialAction":[{"@type":"CommentAction","name":"Comment","target":["https:\/\/marekkuchcinski.pl\/en\/wazne-daty\/marszalek-sejmu-odslonil-tablice-ku-pamieci-profesora-uniwersytetu-gdanskiego-prezydenta-lacha-kaczynskiego\/#respond"]}]},{"@type":"WebPage","@id":"https:\/\/marekkuchcinski.pl\/en\/wazne-daty\/marszalek-sejmu-odslonil-tablice-ku-pamieci-profesora-uniwersytetu-gdanskiego-prezydenta-lacha-kaczynskiego\/","url":"https:\/\/marekkuchcinski.pl\/en\/wazne-daty\/marszalek-sejmu-odslonil-tablice-ku-pamieci-profesora-uniwersytetu-gdanskiego-prezydenta-lacha-kaczynskiego\/","name":"Marsza\u0142ek Sejmu ods\u0142oni\u0142 tablic\u0119 ku pami\u0119ci profesora Uniwersytetu Gda\u0144skiego \u2013 prezydenta Lacha Kaczy\u0144skiego &#8211; Marek Kuchci\u0144ski","isPartOf":{"@id":"https:\/\/marekkuchcinski.pl\/#website"},"primaryImageOfPage":{"@id":"https:\/\/marekkuchcinski.pl\/en\/wazne-daty\/marszalek-sejmu-odslonil-tablice-ku-pamieci-profesora-uniwersytetu-gdanskiego-prezydenta-lacha-kaczynskiego\/#primaryimage"},"image":{"@id":"https:\/\/marekkuchcinski.pl\/en\/wazne-daty\/marszalek-sejmu-odslonil-tablice-ku-pamieci-profesora-uniwersytetu-gdanskiego-prezydenta-lacha-kaczynskiego\/#primaryimage"},"thumbnailUrl":"https:\/\/marekkuchcinski.pl\/wp-content\/uploads\/2019\/03\/m-i-lk.jpg","datePublished":"2019-03-21T11:57:33+00:00","dateModified":"2019-03-22T12:42:39+00:00","breadcrumb":{"@id":"https:\/\/marekkuchcinski.pl\/en\/wazne-daty\/marszalek-sejmu-odslonil-tablice-ku-pamieci-profesora-uniwersytetu-gdanskiego-prezydenta-lacha-kaczynskiego\/#breadcrumb"},"inLanguage":"ro-RO","potentialAction":[{"@type":"ReadAction","target":["https:\/\/marekkuchcinski.pl\/en\/wazne-daty\/marszalek-sejmu-odslonil-tablice-ku-pamieci-profesora-uniwersytetu-gdanskiego-prezydenta-lacha-kaczynskiego\/"]}]},{"@type":"ImageObject","inLanguage":"ro-RO","@id":"https:\/\/marekkuchcinski.pl\/en\/wazne-daty\/marszalek-sejmu-odslonil-tablice-ku-pamieci-profesora-uniwersytetu-gdanskiego-prezydenta-lacha-kaczynskiego\/#primaryimage","url":"https:\/\/marekkuchcinski.pl\/wp-content\/uploads\/2019\/03\/m-i-lk.jpg","contentUrl":"https:\/\/marekkuchcinski.pl\/wp-content\/uploads\/2019\/03\/m-i-lk.jpg","width":2048,"height":1143},{"@type":"BreadcrumbList","@id":"https:\/\/marekkuchcinski.pl\/en\/wazne-daty\/marszalek-sejmu-odslonil-tablice-ku-pamieci-profesora-uniwersytetu-gdanskiego-prezydenta-lacha-kaczynskiego\/#breadcrumb","itemListElement":[{"@type":"ListItem","position":1,"name":"Strona g\u0142\u00f3wna","item":"https:\/\/marekkuchcinski.pl\/"},{"@type":"ListItem","position":2,"name":"Marsza\u0142ek Sejmu ods\u0142oni\u0142 tablic\u0119 ku pami\u0119ci profesora Uniwersytetu Gda\u0144skiego \u2013 prezydenta Lacha Kaczy\u0144skiego"}]},{"@type":"WebSite","@id":"https:\/\/marekkuchcinski.pl\/#website","url":"https:\/\/marekkuchcinski.pl\/","name":"Marek Kuchci\u0144ski","description":"Pose\u0142 na sejm RP &ndash; okr\u0119g nr 22","publisher":{"@id":"https:\/\/marekkuchcinski.pl\/#organization"},"potentialAction":[{"@type":"SearchAction","target":{"@type":"EntryPoint","urlTemplate":"https:\/\/marekkuchcinski.pl\/?s={search_term_string}"},"query-input":{"@type":"PropertyValueSpecification","valueRequired":true,"valueName":"search_term_string"}}],"inLanguage":"ro-RO"},{"@type":"Organization","@id":"https:\/\/marekkuchcinski.pl\/#organization","name":"Marek Kuchci\u0144ski","url":"https:\/\/marekkuchcinski.pl\/","logo":{"@type":"ImageObject","inLanguage":"ro-RO","@id":"https:\/\/marekkuchcinski.pl\/#\/schema\/logo\/image\/","url":"https:\/\/marekkuchcinski.pl\/wp-content\/uploads\/2022\/09\/Marek.jpg","contentUrl":"https:\/\/marekkuchcinski.pl\/wp-content\/uploads\/2022\/09\/Marek.jpg","width":1600,"height":971,"caption":"Marek Kuchci\u0144ski"},"image":{"@id":"https:\/\/marekkuchcinski.pl\/#\/schema\/logo\/image\/"}},{"@type":"Person","@id":"https:\/\/marekkuchcinski.pl\/#\/schema\/person\/6f62700996b4d950b6ea2d1183b6c6be","name":"admin","image":{"@type":"ImageObject","inLanguage":"ro-RO","@id":"https:\/\/marekkuchcinski.pl\/#\/schema\/person\/image\/","url":"https:\/\/secure.gravatar.com\/avatar\/4bab693b9d55c3d6b52c0296a8765085?s=96&d=mm&r=g","contentUrl":"https:\/\/secure.gravatar.com\/avatar\/4bab693b9d55c3d6b52c0296a8765085?s=96&d=mm&r=g","caption":"admin"},"url":"https:\/\/marekkuchcinski.pl\/ro\/author\/marta-olejnik\/"}]}},"_links":{"self":[{"href":"https:\/\/marekkuchcinski.pl\/ro\/wp-json\/wp\/v2\/posts\/13934","targetHints":{"allow":["GET"]}}],"collection":[{"href":"https:\/\/marekkuchcinski.pl\/ro\/wp-json\/wp\/v2\/posts"}],"about":[{"href":"https:\/\/marekkuchcinski.pl\/ro\/wp-json\/wp\/v2\/types\/post"}],"author":[{"embeddable":true,"href":"https:\/\/marekkuchcinski.pl\/ro\/wp-json\/wp\/v2\/users\/6"}],"replies":[{"embeddable":true,"href":"https:\/\/marekkuchcinski.pl\/ro\/wp-json\/wp\/v2\/comments?post=13934"}],"version-history":[{"count":31,"href":"https:\/\/marekkuchcinski.pl\/ro\/wp-json\/wp\/v2\/posts\/13934\/revisions"}],"predecessor-version":[{"id":14042,"href":"https:\/\/marekkuchcinski.pl\/ro\/wp-json\/wp\/v2\/posts\/13934\/revisions\/14042"}],"wp:featuredmedia":[{"embeddable":true,"href":"https:\/\/marekkuchcinski.pl\/ro\/wp-json\/wp\/v2\/media\/14012"}],"wp:attachment":[{"href":"https:\/\/marekkuchcinski.pl\/ro\/wp-json\/wp\/v2\/media?parent=13934"}],"wp:term":[{"taxonomy":"category","embeddable":true,"href":"https:\/\/marekkuchcinski.pl\/ro\/wp-json\/wp\/v2\/categories?post=13934"},{"taxonomy":"post_tag","embeddable":true,"href":"https:\/\/marekkuchcinski.pl\/ro\/wp-json\/wp\/v2\/tags?post=13934"}],"curies":[{"name":"wp","href":"https:\/\/api.w.org\/{rel}","templated":true}]}}