{"id":13849,"date":"2019-03-16T15:30:44","date_gmt":"2019-03-16T14:30:44","guid":{"rendered":"https:\/\/marekkuchcinski.pl\/?p=13849"},"modified":"2019-03-16T15:55:07","modified_gmt":"2019-03-16T14:55:07","slug":"wyniki-badan-kantar-potwierdzaja-pozytywny-odbior-piatki-kaczynskiego","status":"publish","type":"post","link":"https:\/\/marekkuchcinski.pl\/ro\/wydarzenia\/wyniki-badan-kantar-potwierdzaja-pozytywny-odbior-piatki-kaczynskiego\/","title":{"rendered":"\u00cen martie, num\u0103rul celor dispu\u0219i s\u0103 voteze pentru Lege \u0219i Justi\u021bie a crescut"},"content":{"rendered":"<h4 class=\"entry-title\">Studiul Kantar Public (8-13 martie) confirm\u0103 percep\u021bia pozitiv\u0103 a publicului fa\u021b\u0103 de Kaczynski's Five. Dac\u0103 alegerile pentru Sejm ar fi avut loc \u00een luna martie, rezultatele ar fi fost urm\u0103toarele:<\/h4>\n<p style=\"text-align: center;\"><span style=\"color: #ad1f1f;\"><strong>45,8% dintre responden\u021bi ar vota pentru PiS, 24,1 pentru PO, 5,7 pentru Prim\u0103verii, 5,7 pentru PSL (...)<\/strong><\/span><\/p>\n<p><a href=\"https:\/\/marekkuchcinski.pl\/wp-content\/uploads\/2019\/03\/jotpeg.jpg\"><img fetchpriority=\"high\" decoding=\"async\" class=\"alignnone size-full wp-image-13850\" src=\"https:\/\/marekkuchcinski.pl\/wp-content\/uploads\/2019\/03\/jotpeg.jpg\" alt=\"jotpeg\" width=\"1336\" height=\"766\" srcset=\"https:\/\/marekkuchcinski.pl\/wp-content\/uploads\/2019\/03\/jotpeg.jpg 1336w, https:\/\/marekkuchcinski.pl\/wp-content\/uploads\/2019\/03\/jotpeg-300x172.jpg 300w, https:\/\/marekkuchcinski.pl\/wp-content\/uploads\/2019\/03\/jotpeg-768x440.jpg 768w, https:\/\/marekkuchcinski.pl\/wp-content\/uploads\/2019\/03\/jotpeg-1024x587.jpg 1024w\" sizes=\"(max-width: 1336px) 100vw, 1336px\" \/><\/a><\/p>\n<p style=\"text-align: center;\"><span style=\"color: #ad1f1f;\"><strong>Kantar confirm\u0103 un sondaj CBOS anterior favorabil PiS<\/strong><\/span><\/p>\n<blockquote class=\"wp-embedded-content\" data-secret=\"7UDJlrUtA2\"><p><a href=\"https:\/\/marekkuchcinski.pl\/ro\/prawo-i-sprawiedliwosc\/dobry-program-laczy-polakow-piatke-kaczynskiego-pozytywnie-ocenia-zarowno-wiekszosc-wyborcow-pis\/\">Un program bun \u00eei une\u0219te pe polonezi. Cele cinci ale lui Kaczy\u0144ski sunt v\u0103zute pozitiv at\u00e2t de majoritatea aleg\u0103torilor PiS, c\u00e2t \u0219i de cei ai PO<\/a><\/p><\/blockquote>\n<p><iframe class=\"wp-embedded-content\" sandbox=\"allow-scripts\" security=\"restricted\" style=\"position: absolute; clip: rect(1px, 1px, 1px, 1px);\" title=\"&quot;Un program bun \u00eei une\u0219te pe polonezi. Cele cinci ale lui Kaczynski sunt evaluate pozitiv at\u00e2t de majoritatea aleg\u0103torilor PiS, c\u00e2t \u0219i de cei ai PO.&quot; - Marek Kuchcinski\" src=\"https:\/\/marekkuchcinski.pl\/prawo-i-sprawiedliwosc\/dobry-program-laczy-polakow-piatke-kaczynskiego-pozytywnie-ocenia-zarowno-wiekszosc-wyborcow-pis\/embed\/#?secret=7UDJlrUtA2\" data-secret=\"7UDJlrUtA2\" width=\"600\" height=\"338\" frameborder=\"0\" marginwidth=\"0\" marginheight=\"0\" scrolling=\"no\"><\/iframe><\/p>\n<p><a href=\"https:\/\/marekkuchcinski.pl\/wp-content\/uploads\/2019\/03\/IMG_8183.jpg\"><img decoding=\"async\" class=\"alignnone size-full wp-image-13852\" src=\"https:\/\/marekkuchcinski.pl\/wp-content\/uploads\/2019\/03\/IMG_8183.jpg\" alt=\"IMG_8183\" width=\"3531\" height=\"2485\" srcset=\"https:\/\/marekkuchcinski.pl\/wp-content\/uploads\/2019\/03\/IMG_8183.jpg 2048w, https:\/\/marekkuchcinski.pl\/wp-content\/uploads\/2019\/03\/IMG_8183-300x211.jpg 300w, https:\/\/marekkuchcinski.pl\/wp-content\/uploads\/2019\/03\/IMG_8183-768x540.jpg 768w, https:\/\/marekkuchcinski.pl\/wp-content\/uploads\/2019\/03\/IMG_8183-1024x721.jpg 1024w\" sizes=\"(max-width: 3531px) 100vw, 3531px\" \/><\/a><em>Pre\u0219edintele partidului Lege \u0219i Justi\u021bie, Jaros\u0142aw Kaczy\u0144ski, \u00een timpul conven\u021biei din Podkarpacie - martie 2019,\u00a0<\/em><em>foto mo<\/em><\/p>\n<p>&nbsp;<\/p>","protected":false},"excerpt":{"rendered":"<p>Badania\u00a0Kantar Public (8-13 marca) potwierdzaj\u0105 pozytywny odbi\u00f3r \u201ePi\u0105tki Kaczy\u0144skiego\u201d przez spo\u0142ecze\u0144stwo. Gdyby wybory do Sejmu odby\u0142y si\u0119 w marcu, ich wyniki wygl\u0105da\u0142yby\u00a0nast\u0119puj\u0105co: Na PiS zag\u0142osowa\u0142oby &#8211;\u00a045,8 proc. badanych, na PO &#8211; 24,1, na Wiosn\u0119 &#8211; 5,7, PSL &#8211; 5,7 (&#8230;) Kantar potwierdza wcze\u015bniejsze, korzystne dla PiS, badania CBOS-u Dobry program \u0142\u0105czy Polak\u00f3w. Pi\u0105tk\u0119 Kaczy\u0144skiego pozytywnie [&hellip;]<\/p>","protected":false},"author":6,"featured_media":13866,"comment_status":"open","ping_status":"open","sticky":false,"template":"","format":"standard","meta":{"ngg_post_thumbnail":0,"footnotes":""},"categories":[82,81,3],"tags":[],"class_list":["post-13849","post","type-post","status-publish","format-standard","has-post-thumbnail","hentry","category-prawo-i-sprawiedliwosc","category-wiesci-z-sejmu","category-wydarzenia"],"yoast_head":"<!-- This site is optimized with the Yoast SEO plugin v24.7 - https:\/\/yoast.com\/wordpress\/plugins\/seo\/ -->\n<title>W marcu wzros\u0142o grono ch\u0119tnych do g\u0142osowania na Prawo i Sprawiedliwo\u015b\u0107 &#8211; Marek Kuchci\u0144ski<\/title>\n<meta name=\"robots\" content=\"index, follow, max-snippet:-1, max-image-preview:large, max-video-preview:-1\" \/>\n<link rel=\"canonical\" href=\"https:\/\/marekkuchcinski.pl\/ro\/wydarzenia\/wyniki-badan-kantar-potwierdzaja-pozytywny-odbior-piatki-kaczynskiego\/\" \/>\n<meta property=\"og:locale\" content=\"ro_RO\" \/>\n<meta property=\"og:type\" content=\"article\" \/>\n<meta property=\"og:title\" content=\"W marcu wzros\u0142o grono ch\u0119tnych do g\u0142osowania na Prawo i Sprawiedliwo\u015b\u0107 &#8211; Marek Kuchci\u0144ski\" \/>\n<meta property=\"og:description\" content=\"Badania\u00a0Kantar Public (8-13 marca) potwierdzaj\u0105 pozytywny odbi\u00f3r \u201ePi\u0105tki Kaczy\u0144skiego\u201d przez spo\u0142ecze\u0144stwo. Gdyby wybory do Sejmu odby\u0142y si\u0119 w marcu, ich wyniki wygl\u0105da\u0142yby\u00a0nast\u0119puj\u0105co: Na PiS zag\u0142osowa\u0142oby &#8211;\u00a045,8 proc. badanych, na PO &#8211; 24,1, na Wiosn\u0119 &#8211; 5,7, PSL &#8211; 5,7 (&#8230;) Kantar potwierdza wcze\u015bniejsze, korzystne dla PiS, badania CBOS-u Dobry program \u0142\u0105czy Polak\u00f3w. Pi\u0105tk\u0119 Kaczy\u0144skiego pozytywnie [&hellip;]\" \/>\n<meta property=\"og:url\" content=\"https:\/\/marekkuchcinski.pl\/ro\/wydarzenia\/wyniki-badan-kantar-potwierdzaja-pozytywny-odbior-piatki-kaczynskiego\/\" \/>\n<meta property=\"og:site_name\" content=\"Marek Kuchci\u0144ski\" \/>\n<meta property=\"article:published_time\" content=\"2019-03-16T14:30:44+00:00\" \/>\n<meta property=\"article:modified_time\" content=\"2019-03-16T14:55:07+00:00\" \/>\n<meta property=\"og:image\" content=\"https:\/\/marekkuchcinski.pl\/wp-content\/uploads\/2019\/03\/JK-P.jpg\" \/>\n\t<meta property=\"og:image:width\" content=\"2048\" \/>\n\t<meta property=\"og:image:height\" content=\"1404\" \/>\n\t<meta property=\"og:image:type\" content=\"image\/jpeg\" \/>\n<meta name=\"author\" content=\"admin\" \/>\n<meta name=\"twitter:card\" content=\"summary_large_image\" \/>\n<meta name=\"twitter:label1\" content=\"Scris de\" \/>\n\t<meta name=\"twitter:data1\" content=\"admin\" \/>\n<script type=\"application\/ld+json\" class=\"yoast-schema-graph\">{\"@context\":\"https:\/\/schema.org\",\"@graph\":[{\"@type\":\"Article\",\"@id\":\"https:\/\/marekkuchcinski.pl\/sk\/wydarzenia\/wyniki-badan-kantar-potwierdzaja-pozytywny-odbior-piatki-kaczynskiego\/#article\",\"isPartOf\":{\"@id\":\"https:\/\/marekkuchcinski.pl\/sk\/wydarzenia\/wyniki-badan-kantar-potwierdzaja-pozytywny-odbior-piatki-kaczynskiego\/\"},\"author\":{\"name\":\"admin\",\"@id\":\"https:\/\/marekkuchcinski.pl\/#\/schema\/person\/6f62700996b4d950b6ea2d1183b6c6be\"},\"headline\":\"W marcu wzros\u0142o grono ch\u0119tnych do g\u0142osowania na Prawo i Sprawiedliwo\u015b\u0107\",\"datePublished\":\"2019-03-16T14:30:44+00:00\",\"dateModified\":\"2019-03-16T14:55:07+00:00\",\"mainEntityOfPage\":{\"@id\":\"https:\/\/marekkuchcinski.pl\/sk\/wydarzenia\/wyniki-badan-kantar-potwierdzaja-pozytywny-odbior-piatki-kaczynskiego\/\"},\"wordCount\":93,\"commentCount\":0,\"publisher\":{\"@id\":\"https:\/\/marekkuchcinski.pl\/#organization\"},\"image\":{\"@id\":\"https:\/\/marekkuchcinski.pl\/sk\/wydarzenia\/wyniki-badan-kantar-potwierdzaja-pozytywny-odbior-piatki-kaczynskiego\/#primaryimage\"},\"thumbnailUrl\":\"https:\/\/marekkuchcinski.pl\/wp-content\/uploads\/2019\/03\/JK-P.jpg\",\"articleSection\":[\"Prawo i Sprawiedliwo\u015b\u0107\",\"Wie\u015bci z Sejmu\",\"Wydarzenia\"],\"inLanguage\":\"ro-RO\",\"potentialAction\":[{\"@type\":\"CommentAction\",\"name\":\"Comment\",\"target\":[\"https:\/\/marekkuchcinski.pl\/sk\/wydarzenia\/wyniki-badan-kantar-potwierdzaja-pozytywny-odbior-piatki-kaczynskiego\/#respond\"]}]},{\"@type\":\"WebPage\",\"@id\":\"https:\/\/marekkuchcinski.pl\/sk\/wydarzenia\/wyniki-badan-kantar-potwierdzaja-pozytywny-odbior-piatki-kaczynskiego\/\",\"url\":\"https:\/\/marekkuchcinski.pl\/sk\/wydarzenia\/wyniki-badan-kantar-potwierdzaja-pozytywny-odbior-piatki-kaczynskiego\/\",\"name\":\"W marcu wzros\u0142o grono ch\u0119tnych do g\u0142osowania na Prawo i Sprawiedliwo\u015b\u0107 &#8211; Marek Kuchci\u0144ski\",\"isPartOf\":{\"@id\":\"https:\/\/marekkuchcinski.pl\/#website\"},\"primaryImageOfPage\":{\"@id\":\"https:\/\/marekkuchcinski.pl\/sk\/wydarzenia\/wyniki-badan-kantar-potwierdzaja-pozytywny-odbior-piatki-kaczynskiego\/#primaryimage\"},\"image\":{\"@id\":\"https:\/\/marekkuchcinski.pl\/sk\/wydarzenia\/wyniki-badan-kantar-potwierdzaja-pozytywny-odbior-piatki-kaczynskiego\/#primaryimage\"},\"thumbnailUrl\":\"https:\/\/marekkuchcinski.pl\/wp-content\/uploads\/2019\/03\/JK-P.jpg\",\"datePublished\":\"2019-03-16T14:30:44+00:00\",\"dateModified\":\"2019-03-16T14:55:07+00:00\",\"breadcrumb\":{\"@id\":\"https:\/\/marekkuchcinski.pl\/sk\/wydarzenia\/wyniki-badan-kantar-potwierdzaja-pozytywny-odbior-piatki-kaczynskiego\/#breadcrumb\"},\"inLanguage\":\"ro-RO\",\"potentialAction\":[{\"@type\":\"ReadAction\",\"target\":[\"https:\/\/marekkuchcinski.pl\/sk\/wydarzenia\/wyniki-badan-kantar-potwierdzaja-pozytywny-odbior-piatki-kaczynskiego\/\"]}]},{\"@type\":\"ImageObject\",\"inLanguage\":\"ro-RO\",\"@id\":\"https:\/\/marekkuchcinski.pl\/sk\/wydarzenia\/wyniki-badan-kantar-potwierdzaja-pozytywny-odbior-piatki-kaczynskiego\/#primaryimage\",\"url\":\"https:\/\/marekkuchcinski.pl\/wp-content\/uploads\/2019\/03\/JK-P.jpg\",\"contentUrl\":\"https:\/\/marekkuchcinski.pl\/wp-content\/uploads\/2019\/03\/JK-P.jpg\",\"width\":2048,\"height\":1404},{\"@type\":\"BreadcrumbList\",\"@id\":\"https:\/\/marekkuchcinski.pl\/sk\/wydarzenia\/wyniki-badan-kantar-potwierdzaja-pozytywny-odbior-piatki-kaczynskiego\/#breadcrumb\",\"itemListElement\":[{\"@type\":\"ListItem\",\"position\":1,\"name\":\"Strona g\u0142\u00f3wna\",\"item\":\"https:\/\/marekkuchcinski.pl\/\"},{\"@type\":\"ListItem\",\"position\":2,\"name\":\"W marcu wzros\u0142o grono ch\u0119tnych do g\u0142osowania na Prawo i Sprawiedliwo\u015b\u0107\"}]},{\"@type\":\"WebSite\",\"@id\":\"https:\/\/marekkuchcinski.pl\/#website\",\"url\":\"https:\/\/marekkuchcinski.pl\/\",\"name\":\"Marek Kuchci\u0144ski\",\"description\":\"Pose\u0142 na sejm RP &ndash; okr\u0119g nr 22\",\"publisher\":{\"@id\":\"https:\/\/marekkuchcinski.pl\/#organization\"},\"potentialAction\":[{\"@type\":\"SearchAction\",\"target\":{\"@type\":\"EntryPoint\",\"urlTemplate\":\"https:\/\/marekkuchcinski.pl\/?s={search_term_string}\"},\"query-input\":{\"@type\":\"PropertyValueSpecification\",\"valueRequired\":true,\"valueName\":\"search_term_string\"}}],\"inLanguage\":\"ro-RO\"},{\"@type\":\"Organization\",\"@id\":\"https:\/\/marekkuchcinski.pl\/#organization\",\"name\":\"Marek Kuchci\u0144ski\",\"url\":\"https:\/\/marekkuchcinski.pl\/\",\"logo\":{\"@type\":\"ImageObject\",\"inLanguage\":\"ro-RO\",\"@id\":\"https:\/\/marekkuchcinski.pl\/#\/schema\/logo\/image\/\",\"url\":\"https:\/\/marekkuchcinski.pl\/wp-content\/uploads\/2022\/09\/Marek.jpg\",\"contentUrl\":\"https:\/\/marekkuchcinski.pl\/wp-content\/uploads\/2022\/09\/Marek.jpg\",\"width\":1600,\"height\":971,\"caption\":\"Marek Kuchci\u0144ski\"},\"image\":{\"@id\":\"https:\/\/marekkuchcinski.pl\/#\/schema\/logo\/image\/\"}},{\"@type\":\"Person\",\"@id\":\"https:\/\/marekkuchcinski.pl\/#\/schema\/person\/6f62700996b4d950b6ea2d1183b6c6be\",\"name\":\"admin\",\"image\":{\"@type\":\"ImageObject\",\"inLanguage\":\"ro-RO\",\"@id\":\"https:\/\/marekkuchcinski.pl\/#\/schema\/person\/image\/\",\"url\":\"https:\/\/secure.gravatar.com\/avatar\/4bab693b9d55c3d6b52c0296a8765085?s=96&d=mm&r=g\",\"contentUrl\":\"https:\/\/secure.gravatar.com\/avatar\/4bab693b9d55c3d6b52c0296a8765085?s=96&d=mm&r=g\",\"caption\":\"admin\"},\"url\":\"https:\/\/marekkuchcinski.pl\/ro\/author\/marta-olejnik\/\"}]}<\/script>\n<!-- \/ Yoast SEO plugin. -->","yoast_head_json":{"title":"W marcu wzros\u0142o grono ch\u0119tnych do g\u0142osowania na Prawo i Sprawiedliwo\u015b\u0107 &#8211; Marek Kuchci\u0144ski","robots":{"index":"index","follow":"follow","max-snippet":"max-snippet:-1","max-image-preview":"max-image-preview:large","max-video-preview":"max-video-preview:-1"},"canonical":"https:\/\/marekkuchcinski.pl\/ro\/wydarzenia\/wyniki-badan-kantar-potwierdzaja-pozytywny-odbior-piatki-kaczynskiego\/","og_locale":"ro_RO","og_type":"article","og_title":"W marcu wzros\u0142o grono ch\u0119tnych do g\u0142osowania na Prawo i Sprawiedliwo\u015b\u0107 &#8211; Marek Kuchci\u0144ski","og_description":"Badania\u00a0Kantar Public (8-13 marca) potwierdzaj\u0105 pozytywny odbi\u00f3r \u201ePi\u0105tki Kaczy\u0144skiego\u201d przez spo\u0142ecze\u0144stwo. Gdyby wybory do Sejmu odby\u0142y si\u0119 w marcu, ich wyniki wygl\u0105da\u0142yby\u00a0nast\u0119puj\u0105co: Na PiS zag\u0142osowa\u0142oby &#8211;\u00a045,8 proc. badanych, na PO &#8211; 24,1, na Wiosn\u0119 &#8211; 5,7, PSL &#8211; 5,7 (&#8230;) Kantar potwierdza wcze\u015bniejsze, korzystne dla PiS, badania CBOS-u Dobry program \u0142\u0105czy Polak\u00f3w. Pi\u0105tk\u0119 Kaczy\u0144skiego pozytywnie [&hellip;]","og_url":"https:\/\/marekkuchcinski.pl\/ro\/wydarzenia\/wyniki-badan-kantar-potwierdzaja-pozytywny-odbior-piatki-kaczynskiego\/","og_site_name":"Marek Kuchci\u0144ski","article_published_time":"2019-03-16T14:30:44+00:00","article_modified_time":"2019-03-16T14:55:07+00:00","og_image":[{"width":2048,"height":1404,"url":"https:\/\/marekkuchcinski.pl\/wp-content\/uploads\/2019\/03\/JK-P.jpg","type":"image\/jpeg"}],"author":"admin","twitter_card":"summary_large_image","twitter_misc":{"Scris de":"admin"},"schema":{"@context":"https:\/\/schema.org","@graph":[{"@type":"Article","@id":"https:\/\/marekkuchcinski.pl\/sk\/wydarzenia\/wyniki-badan-kantar-potwierdzaja-pozytywny-odbior-piatki-kaczynskiego\/#article","isPartOf":{"@id":"https:\/\/marekkuchcinski.pl\/sk\/wydarzenia\/wyniki-badan-kantar-potwierdzaja-pozytywny-odbior-piatki-kaczynskiego\/"},"author":{"name":"admin","@id":"https:\/\/marekkuchcinski.pl\/#\/schema\/person\/6f62700996b4d950b6ea2d1183b6c6be"},"headline":"W marcu wzros\u0142o grono ch\u0119tnych do g\u0142osowania na Prawo i Sprawiedliwo\u015b\u0107","datePublished":"2019-03-16T14:30:44+00:00","dateModified":"2019-03-16T14:55:07+00:00","mainEntityOfPage":{"@id":"https:\/\/marekkuchcinski.pl\/sk\/wydarzenia\/wyniki-badan-kantar-potwierdzaja-pozytywny-odbior-piatki-kaczynskiego\/"},"wordCount":93,"commentCount":0,"publisher":{"@id":"https:\/\/marekkuchcinski.pl\/#organization"},"image":{"@id":"https:\/\/marekkuchcinski.pl\/sk\/wydarzenia\/wyniki-badan-kantar-potwierdzaja-pozytywny-odbior-piatki-kaczynskiego\/#primaryimage"},"thumbnailUrl":"https:\/\/marekkuchcinski.pl\/wp-content\/uploads\/2019\/03\/JK-P.jpg","articleSection":["Prawo i Sprawiedliwo\u015b\u0107","Wie\u015bci z Sejmu","Wydarzenia"],"inLanguage":"ro-RO","potentialAction":[{"@type":"CommentAction","name":"Comment","target":["https:\/\/marekkuchcinski.pl\/sk\/wydarzenia\/wyniki-badan-kantar-potwierdzaja-pozytywny-odbior-piatki-kaczynskiego\/#respond"]}]},{"@type":"WebPage","@id":"https:\/\/marekkuchcinski.pl\/sk\/wydarzenia\/wyniki-badan-kantar-potwierdzaja-pozytywny-odbior-piatki-kaczynskiego\/","url":"https:\/\/marekkuchcinski.pl\/sk\/wydarzenia\/wyniki-badan-kantar-potwierdzaja-pozytywny-odbior-piatki-kaczynskiego\/","name":"W marcu wzros\u0142o grono ch\u0119tnych do g\u0142osowania na Prawo i Sprawiedliwo\u015b\u0107 &#8211; Marek Kuchci\u0144ski","isPartOf":{"@id":"https:\/\/marekkuchcinski.pl\/#website"},"primaryImageOfPage":{"@id":"https:\/\/marekkuchcinski.pl\/sk\/wydarzenia\/wyniki-badan-kantar-potwierdzaja-pozytywny-odbior-piatki-kaczynskiego\/#primaryimage"},"image":{"@id":"https:\/\/marekkuchcinski.pl\/sk\/wydarzenia\/wyniki-badan-kantar-potwierdzaja-pozytywny-odbior-piatki-kaczynskiego\/#primaryimage"},"thumbnailUrl":"https:\/\/marekkuchcinski.pl\/wp-content\/uploads\/2019\/03\/JK-P.jpg","datePublished":"2019-03-16T14:30:44+00:00","dateModified":"2019-03-16T14:55:07+00:00","breadcrumb":{"@id":"https:\/\/marekkuchcinski.pl\/sk\/wydarzenia\/wyniki-badan-kantar-potwierdzaja-pozytywny-odbior-piatki-kaczynskiego\/#breadcrumb"},"inLanguage":"ro-RO","potentialAction":[{"@type":"ReadAction","target":["https:\/\/marekkuchcinski.pl\/sk\/wydarzenia\/wyniki-badan-kantar-potwierdzaja-pozytywny-odbior-piatki-kaczynskiego\/"]}]},{"@type":"ImageObject","inLanguage":"ro-RO","@id":"https:\/\/marekkuchcinski.pl\/sk\/wydarzenia\/wyniki-badan-kantar-potwierdzaja-pozytywny-odbior-piatki-kaczynskiego\/#primaryimage","url":"https:\/\/marekkuchcinski.pl\/wp-content\/uploads\/2019\/03\/JK-P.jpg","contentUrl":"https:\/\/marekkuchcinski.pl\/wp-content\/uploads\/2019\/03\/JK-P.jpg","width":2048,"height":1404},{"@type":"BreadcrumbList","@id":"https:\/\/marekkuchcinski.pl\/sk\/wydarzenia\/wyniki-badan-kantar-potwierdzaja-pozytywny-odbior-piatki-kaczynskiego\/#breadcrumb","itemListElement":[{"@type":"ListItem","position":1,"name":"Strona g\u0142\u00f3wna","item":"https:\/\/marekkuchcinski.pl\/"},{"@type":"ListItem","position":2,"name":"W marcu wzros\u0142o grono ch\u0119tnych do g\u0142osowania na Prawo i Sprawiedliwo\u015b\u0107"}]},{"@type":"WebSite","@id":"https:\/\/marekkuchcinski.pl\/#website","url":"https:\/\/marekkuchcinski.pl\/","name":"Marek Kuchci\u0144ski","description":"Pose\u0142 na sejm RP &ndash; okr\u0119g nr 22","publisher":{"@id":"https:\/\/marekkuchcinski.pl\/#organization"},"potentialAction":[{"@type":"SearchAction","target":{"@type":"EntryPoint","urlTemplate":"https:\/\/marekkuchcinski.pl\/?s={search_term_string}"},"query-input":{"@type":"PropertyValueSpecification","valueRequired":true,"valueName":"search_term_string"}}],"inLanguage":"ro-RO"},{"@type":"Organization","@id":"https:\/\/marekkuchcinski.pl\/#organization","name":"Marek Kuchci\u0144ski","url":"https:\/\/marekkuchcinski.pl\/","logo":{"@type":"ImageObject","inLanguage":"ro-RO","@id":"https:\/\/marekkuchcinski.pl\/#\/schema\/logo\/image\/","url":"https:\/\/marekkuchcinski.pl\/wp-content\/uploads\/2022\/09\/Marek.jpg","contentUrl":"https:\/\/marekkuchcinski.pl\/wp-content\/uploads\/2022\/09\/Marek.jpg","width":1600,"height":971,"caption":"Marek Kuchci\u0144ski"},"image":{"@id":"https:\/\/marekkuchcinski.pl\/#\/schema\/logo\/image\/"}},{"@type":"Person","@id":"https:\/\/marekkuchcinski.pl\/#\/schema\/person\/6f62700996b4d950b6ea2d1183b6c6be","name":"admin","image":{"@type":"ImageObject","inLanguage":"ro-RO","@id":"https:\/\/marekkuchcinski.pl\/#\/schema\/person\/image\/","url":"https:\/\/secure.gravatar.com\/avatar\/4bab693b9d55c3d6b52c0296a8765085?s=96&d=mm&r=g","contentUrl":"https:\/\/secure.gravatar.com\/avatar\/4bab693b9d55c3d6b52c0296a8765085?s=96&d=mm&r=g","caption":"admin"},"url":"https:\/\/marekkuchcinski.pl\/ro\/author\/marta-olejnik\/"}]}},"_links":{"self":[{"href":"https:\/\/marekkuchcinski.pl\/ro\/wp-json\/wp\/v2\/posts\/13849","targetHints":{"allow":["GET"]}}],"collection":[{"href":"https:\/\/marekkuchcinski.pl\/ro\/wp-json\/wp\/v2\/posts"}],"about":[{"href":"https:\/\/marekkuchcinski.pl\/ro\/wp-json\/wp\/v2\/types\/post"}],"author":[{"embeddable":true,"href":"https:\/\/marekkuchcinski.pl\/ro\/wp-json\/wp\/v2\/users\/6"}],"replies":[{"embeddable":true,"href":"https:\/\/marekkuchcinski.pl\/ro\/wp-json\/wp\/v2\/comments?post=13849"}],"version-history":[{"count":13,"href":"https:\/\/marekkuchcinski.pl\/ro\/wp-json\/wp\/v2\/posts\/13849\/revisions"}],"predecessor-version":[{"id":13865,"href":"https:\/\/marekkuchcinski.pl\/ro\/wp-json\/wp\/v2\/posts\/13849\/revisions\/13865"}],"wp:featuredmedia":[{"embeddable":true,"href":"https:\/\/marekkuchcinski.pl\/ro\/wp-json\/wp\/v2\/media\/13866"}],"wp:attachment":[{"href":"https:\/\/marekkuchcinski.pl\/ro\/wp-json\/wp\/v2\/media?parent=13849"}],"wp:term":[{"taxonomy":"category","embeddable":true,"href":"https:\/\/marekkuchcinski.pl\/ro\/wp-json\/wp\/v2\/categories?post=13849"},{"taxonomy":"post_tag","embeddable":true,"href":"https:\/\/marekkuchcinski.pl\/ro\/wp-json\/wp\/v2\/tags?post=13849"}],"curies":[{"name":"wp","href":"https:\/\/api.w.org\/{rel}","templated":true}]}}