{"id":13836,"date":"2019-03-17T23:22:24","date_gmt":"2019-03-17T22:22:24","guid":{"rendered":"https:\/\/marekkuchcinski.pl\/?p=13836"},"modified":"2019-03-20T22:49:17","modified_gmt":"2019-03-20T21:49:17","slug":"78-posiedzenie-sejmu","status":"publish","type":"post","link":"https:\/\/marekkuchcinski.pl\/ro\/wiesci-z-sejmu\/78-posiedzenie-sejmu\/","title":{"rendered":"Cea de-a 78-a \u0219edin\u021b\u0103 a Sejm-ului"},"content":{"rendered":"<p dir=\"ltr\"><strong>Cele mai importante momente ale celei de-a 78-a \u0219edin\u021be a Sejm-ului au fost, printre altele, expunerea ministrului de externe \u0219i trecerea, printre altele, a..:<\/strong><\/p>\n<ul>\n<li dir=\"ltr\"><strong>Legea privind sprijinul pentru activitatea \u0219tiin\u021bific\u0103 din partea Fondului pentru \u0219tiin\u021ba polonez\u0103\u00a0<\/strong><\/li>\n<li dir=\"ltr\"><strong>Lege privind extinderea drepturilor veteranilor de r\u0103zboi \u0219i ale victimelor represiunilor \u0219i privind acordarea unui supliment de pensie de 850 PLN pe an pentru invalizii de r\u0103zboi\u00a0<\/strong><\/li>\n<li dir=\"ltr\"><strong>legile preg\u0103tite de guvern \u00een cazul unui a\u0219a-numit Brexit dur<\/strong><\/li>\n<li dir=\"ltr\"><strong>Legea privind supravegherea pie\u021bei financiare\u00a0<\/strong><\/li>\n<\/ul>\n<p dir=\"ltr\"><span style=\"color: #ad1856;\"><strong>Jacek Czaputowicz, \u00een prezen\u021ba pre\u0219edintelui Republicii Polone, a informat \u00cenalta Camer\u0103 cu privire la sarcinile politicii externe poloneze pentru anul 2019. Cele mai importante obiective ale sale sunt:<\/strong><\/span><\/p>\n<ul>\n<li dir=\"ltr\">s\u0103 lucreze pentru a restabili \u00eencrederea cet\u0103\u021benilor \u00een institu\u021biile <span class=\"PrettyLink-prefix\">UE<\/span><\/li>\n<li dir=\"ltr\">repunerea \u00een drepturi a\u00a0<span class=\"PrettyLink-prefix\">Uniunea European\u0103\u00a0<\/span>legitimitate deplin\u0103, incontestabil\u0103<\/li>\n<li dir=\"ltr\"><span class=\"PrettyLink-prefix\">refacerea capacit\u0103\u021bii <span class=\"PrettyLink-value\">UE<\/span> pentru a aborda problemele reale ale oamenilor\u00a0<\/span><\/li>\n<li dir=\"ltr\">parteneriatul strategic, extinderea prezen\u021bei militare americane \u00een Polonia ca parte a consolid\u0103rii flancului estic al NATO<\/li>\n<li dir=\"ltr\">discu\u021bii privind repara\u021biile de r\u0103zboi<\/li>\n<li dir=\"ltr\">solicit\u00e2nd Rusiei s\u0103 pun\u0103 \u00een aplicare rezolu\u021bia Adun\u0103rii Parlamentare a Consiliului Europei, \u0219i anume s\u0103 predea Polonia epava avionului preziden\u021bial Tu-154<\/li>\n<li dir=\"ltr\">buna cooperare cu Israelul \u0219i combaterea stereotipurilor<\/li>\n<li dir=\"ltr\">cooperarea regional\u0103 \u00een Europa Central\u0103, \u00een cadrul V4 \u0219i cu Germania<\/li>\n<li dir=\"ltr\">consolidarea rela\u021biilor cu \u021b\u0103rile asiatice<\/li>\n<li dir=\"ltr\">ajutor umanitar<\/li>\n<\/ul>\n<p><span style=\"color: #ad1856;\"><strong>Ministrul a amintit, de asemenea, anivers\u0103rile importante pe care Polonia le va s\u0103rb\u0103tori \u00een 2019:<\/strong><\/span><\/p>\n<ul>\n<li>20. Aderarea Poloniei la NATO<\/li>\n<li>15. Aderarea Poloniei la <span class=\"PrettyLink-prefix\">UE<\/span><\/li>\n<li>A 30-a victorie a Solidarit\u0103\u021bii \u00een alegerile din 4 iunie 1989.<\/li>\n<li>450 de ani de la \u00eenfiin\u021barea Uniunii Polono-Lituaniene<\/li>\n<li>75 de ani de la Revolta de la Var\u0219ovia<\/li>\n<li>80 de ani de la izbucnirea celui de-al Doilea R\u0103zboi Mondial<\/li>\n<\/ul>\n<p dir=\"ltr\">Sejm-ul a adoptat <strong><span style=\"color: #000000;\">Legea privind sprijinirea activit\u0103\u021bii \u0219tiin\u021bifice din Fondul pentru \u0219tiin\u021ba polonez\u0103<\/span>.<\/strong> Acesta are \u00een vedere introducerea unui nou mecanism de finan\u021bare pentru cercetarea \u0219tiin\u021bific\u0103 \u0219i comercializarea acesteia. Aceasta ar trebui s\u0103 fie una dintre modalit\u0103\u021bile de rezolvare a problemei comercializ\u0103rii reduse a ideilor care ar trebui aplicate la producerea de produse inovatoare \u0219i competitive.<\/p>\n<p dir=\"ltr\">Parlamentul a decis\u00a0<strong>privind extinderea drepturilor veteranilor de r\u0103zboi \u0219i ale victimelor represiunii \u0219i acordarea unui supliment anual de 850 PLN la pensia de invaliditate de r\u0103zboi<\/strong>. Modific\u0103rile se refer\u0103, printre altele, la drepturile veteranilor \u0219i ale persoanelor care sunt victime ale r\u0103zboiului \u0219i ale represiunii postbelice. Invalizii de r\u0103zboi \u0219i invalizii militari care locuiesc \u00een str\u0103in\u0103tate vor putea, de asemenea, s\u0103 primeasc\u0103 beneficii.<\/p>\n<p dir=\"ltr\">Sejm-ul a adoptat\u00a0<strong>legile preg\u0103tite de guvern \u00een cazul unui a\u0219a-numit Brexit dur.<\/strong>\u00a0Noile reglement\u0103ri se refer\u0103, printre altele, la dispozi\u021biile care definesc principiile de \u0219edere \u00een Polonia a cet\u0103\u021benilor britanici, recunoa\u0219terea calific\u0103rilor profesionale dob\u00e2ndite \u00een Regatul Unit, protejarea intereselor clien\u021bilor polonezi ai institu\u021biilor financiare cu sediul \u00een Regatul Unit.<\/p>\n<p dir=\"ltr\">Sejm-ul a adoptat n<strong>modificarea Legii privind supravegherea pie\u021bei financiare.<\/strong> \u00a0Scopul modific\u0103rilor este de a asigura punerea \u00een aplicare efectiv\u0103 a Regulamentului UE din 12 decembrie 2017 privind instituirea unui cadru general pentru securitizare.<\/p>\n<p dir=\"ltr\">Deputa\u021bii europeni au trecut <strong>o lege care s\u0103 con\u021bin\u0103 norme privind desemnarea europarlamentarilor ale\u0219i la alegerile din mai<\/strong>A fost introdus\u0103 o solu\u021bie prin care, dintre candida\u021bii din comisia cu un loc corespunz\u0103tor celui de-al 52-lea cvorum electoral, candidatul considerat de legislativ ca av\u00e2nd cea mai mic\u0103 legitimitate de a ocupa un loc este cel care a primit cel mai mic num\u0103r de voturi.<\/p>\n<p dir=\"ltr\">Sejm <strong>a modificat o serie de legi pentru a spori controlul asupra exercit\u0103rii profesiei de consilier \u00een materie de restructurare<\/strong>. Prin decizia Camerei, consilierii vor fi, de asemenea, supu\u0219i supravegherii ministrului justi\u021biei. Modificarea are ca scop, printre altele, consolidarea supravegherii activit\u0103\u021bilor consilierilor de restructurare, precum \u0219i cre\u0219terea transparen\u021bei sistemului de numire a acestora.<\/p>\n<p dir=\"ltr\">Sejm a modificat\u00a0<strong>Legea privind circula\u021bia rutier\u0103 \u0219i Codul penal.<\/strong> Scopul modific\u0103rilor adoptate este de a contracara contrafacerea odometrelor. Prevederile propuse acoper\u0103 o lacun\u0103 din lege, care face imposibil\u0103 identificarea unui falsificator de odometru \u00een cazul \u00een care vehiculul oferit nu este al primului proprietar. \u00cen plus, amendamentul urm\u0103re\u0219te s\u0103 elimine practica de a oferi servicii de subestimare a kilometrajului unui vehicul.<\/p>\n<p dir=\"ltr\">Sejm-ul a adoptat\u00a0<strong>modific\u0103ri ale Regulamentului de procedur\u0103 al Camerei<\/strong>. Printre altele, amendamentul prevede o mai mare accesibilitate la procedurile parlamentare prin producerea de transcrieri complete ale \u0219edin\u021belor subcomisiilor parlamentare.<\/p>\n<p dir=\"ltr\">Adoptat\u0103 <strong>Modificarea legii privind schimbul de informa\u021bii fiscale<\/strong> cu alte \u021b\u0103ri modific\u0103 normele \u0219i procedura pentru schimbul de informa\u021bii fiscale. Legea adapteaz\u0103 legisla\u021bia polonez\u0103 la reglement\u0103rile UE.<\/p>\n<p dir=\"ltr\">Sejm a modificat\u00a0<strong>legea drumurilor publice<\/strong>care va permite selectarea unei entit\u0103\u021bi publice care s\u0103 construiasc\u0103 noul sistem electronic de taxare. Modificarea pune bazele pentru desemnarea unei entit\u0103\u021bi publice care s\u0103 furnizeze servicii legate de sistemele TIC pentru colectarea electronic\u0103 a taxelor de drum.<\/p>\n<p dir=\"ltr\"><strong>Cercurile de gospodine din mediul rural vor putea func\u021biona nu numai \u00een sate<\/strong>dar \u0219i pe teritoriul satelor din interiorul ora\u0219elor \u0219i \u00een ora\u0219ele cu o popula\u021bie de p\u00e2n\u0103 la 5.000 de locuitori, legea modificat\u0103 cu privire la KGW prevede. Amendamentul modific\u0103 Legea privind cercurile de gospodine din mediul rural, adoptat\u0103 \u00een noiembrie 2018, care a conferit cercurilor personalitate juridic\u0103 \u0219i le-a permis s\u0103 desf\u0103\u0219oare activit\u0103\u021bi economice. Cercurile, \u00eenfiin\u021bate \u00een temeiul acestei legi, trebuie s\u0103 fie \u00eenregistrate la Agen\u021bia pentru restructurarea \u0219i modernizarea agriculturii.<\/p>\n<p><em>foto de marta olejnik<\/em><a href=\"https:\/\/marekkuchcinski.pl\/wp-content\/uploads\/2019\/03\/e3.jpg\"><img fetchpriority=\"high\" decoding=\"async\" class=\"alignnone size-full wp-image-13841\" src=\"https:\/\/marekkuchcinski.pl\/wp-content\/uploads\/2019\/03\/e3.jpg\" alt=\"e3\" width=\"2853\" height=\"3517\" srcset=\"https:\/\/marekkuchcinski.pl\/wp-content\/uploads\/2019\/03\/e3.jpg 1661w, https:\/\/marekkuchcinski.pl\/wp-content\/uploads\/2019\/03\/e3-243x300.jpg 243w, https:\/\/marekkuchcinski.pl\/wp-content\/uploads\/2019\/03\/e3-768x947.jpg 768w, https:\/\/marekkuchcinski.pl\/wp-content\/uploads\/2019\/03\/e3-831x1024.jpg 831w\" sizes=\"(max-width: 2853px) 100vw, 2853px\" \/><\/a> <a href=\"https:\/\/marekkuchcinski.pl\/wp-content\/uploads\/2019\/03\/e6.jpg\"><img decoding=\"async\" class=\"alignnone size-full wp-image-13842\" src=\"https:\/\/marekkuchcinski.pl\/wp-content\/uploads\/2019\/03\/e6.jpg\" alt=\"e6\" width=\"2896\" height=\"1924\" srcset=\"https:\/\/marekkuchcinski.pl\/wp-content\/uploads\/2019\/03\/e6.jpg 2048w, https:\/\/marekkuchcinski.pl\/wp-content\/uploads\/2019\/03\/e6-300x199.jpg 300w, https:\/\/marekkuchcinski.pl\/wp-content\/uploads\/2019\/03\/e6-768x510.jpg 768w, https:\/\/marekkuchcinski.pl\/wp-content\/uploads\/2019\/03\/e6-1024x680.jpg 1024w\" sizes=\"(max-width: 2896px) 100vw, 2896px\" \/><\/a><a href=\"https:\/\/marekkuchcinski.pl\/wp-content\/uploads\/2019\/03\/IMG_8960.jpg\"><img decoding=\"async\" class=\"alignnone size-full wp-image-13844\" src=\"https:\/\/marekkuchcinski.pl\/wp-content\/uploads\/2019\/03\/IMG_8960.jpg\" alt=\"IMG_8960\" width=\"5234\" height=\"2966\" srcset=\"https:\/\/marekkuchcinski.pl\/wp-content\/uploads\/2019\/03\/IMG_8960.jpg 2048w, https:\/\/marekkuchcinski.pl\/wp-content\/uploads\/2019\/03\/IMG_8960-300x170.jpg 300w, https:\/\/marekkuchcinski.pl\/wp-content\/uploads\/2019\/03\/IMG_8960-768x435.jpg 768w, https:\/\/marekkuchcinski.pl\/wp-content\/uploads\/2019\/03\/IMG_8960-1024x580.jpg 1024w\" sizes=\"(max-width: 5234px) 100vw, 5234px\" \/><\/a><\/p>","protected":false},"excerpt":{"rendered":"<p>Najwa\u017cniejszymi punktami 78. posiedzenia Sejmu by\u0142y expos\u00e9 ministra spraw zagranicznych oraz uchwalenie m.in.: ustawy o wspieraniu dzia\u0142alno\u015bci naukowej z Funduszu Polskiej Nauki\u00a0 ustawy o poszerzeniu uprawnie\u0144 kombatant\u00f3w i os\u00f3b b\u0119d\u0105cych ofiarami represji oraz o przyznaniu inwalidom wojennym corocznie 850 z\u0142 dodatku do renty\u00a0 ustaw przygotowanych przez rz\u0105d na wypadek tzw. twardego Brexitu ustawy o nadzorze [&hellip;]<\/p>","protected":false},"author":6,"featured_media":13839,"comment_status":"open","ping_status":"open","sticky":false,"template":"","format":"standard","meta":{"ngg_post_thumbnail":0,"footnotes":""},"categories":[82,81,3],"tags":[],"class_list":["post-13836","post","type-post","status-publish","format-standard","has-post-thumbnail","hentry","category-prawo-i-sprawiedliwosc","category-wiesci-z-sejmu","category-wydarzenia"],"yoast_head":"<!-- This site is optimized with the Yoast SEO plugin v24.7 - https:\/\/yoast.com\/wordpress\/plugins\/seo\/ -->\n<title>78. posiedzenie Sejmu &#8211; Marek Kuchci\u0144ski<\/title>\n<meta name=\"robots\" content=\"index, follow, max-snippet:-1, max-image-preview:large, max-video-preview:-1\" \/>\n<link rel=\"canonical\" href=\"https:\/\/marekkuchcinski.pl\/ro\/wiesci-z-sejmu\/78-posiedzenie-sejmu\/\" \/>\n<meta property=\"og:locale\" content=\"ro_RO\" \/>\n<meta property=\"og:type\" content=\"article\" \/>\n<meta property=\"og:title\" content=\"78. posiedzenie Sejmu &#8211; Marek Kuchci\u0144ski\" \/>\n<meta property=\"og:description\" content=\"Najwa\u017cniejszymi punktami 78. posiedzenia Sejmu by\u0142y expos\u00e9 ministra spraw zagranicznych oraz uchwalenie m.in.: ustawy o wspieraniu dzia\u0142alno\u015bci naukowej z Funduszu Polskiej Nauki\u00a0 ustawy o poszerzeniu uprawnie\u0144 kombatant\u00f3w i os\u00f3b b\u0119d\u0105cych ofiarami represji oraz o przyznaniu inwalidom wojennym corocznie 850 z\u0142 dodatku do renty\u00a0 ustaw przygotowanych przez rz\u0105d na wypadek tzw. twardego Brexitu ustawy o nadzorze [&hellip;]\" \/>\n<meta property=\"og:url\" content=\"https:\/\/marekkuchcinski.pl\/ro\/wiesci-z-sejmu\/78-posiedzenie-sejmu\/\" \/>\n<meta property=\"og:site_name\" content=\"Marek Kuchci\u0144ski\" \/>\n<meta property=\"article:published_time\" content=\"2019-03-17T22:22:24+00:00\" \/>\n<meta property=\"article:modified_time\" content=\"2019-03-20T21:49:17+00:00\" \/>\n<meta property=\"og:image\" content=\"https:\/\/marekkuchcinski.pl\/wp-content\/uploads\/2019\/03\/e2.jpg\" \/>\n\t<meta property=\"og:image:width\" content=\"1587\" \/>\n\t<meta property=\"og:image:height\" content=\"2048\" \/>\n\t<meta property=\"og:image:type\" content=\"image\/jpeg\" \/>\n<meta name=\"author\" content=\"admin\" \/>\n<meta name=\"twitter:card\" content=\"summary_large_image\" \/>\n<meta name=\"twitter:label1\" content=\"Scris de\" \/>\n\t<meta name=\"twitter:data1\" content=\"admin\" \/>\n\t<meta name=\"twitter:label2\" content=\"Timp estimat pentru citire\" \/>\n\t<meta name=\"twitter:data2\" content=\"4 minutes\" \/>\n<script type=\"application\/ld+json\" class=\"yoast-schema-graph\">{\"@context\":\"https:\/\/schema.org\",\"@graph\":[{\"@type\":\"Article\",\"@id\":\"https:\/\/marekkuchcinski.pl\/ro\/wiesci-z-sejmu\/78-posiedzenie-sejmu\/#article\",\"isPartOf\":{\"@id\":\"https:\/\/marekkuchcinski.pl\/ro\/wiesci-z-sejmu\/78-posiedzenie-sejmu\/\"},\"author\":{\"name\":\"admin\",\"@id\":\"https:\/\/marekkuchcinski.pl\/#\/schema\/person\/6f62700996b4d950b6ea2d1183b6c6be\"},\"headline\":\"78. posiedzenie Sejmu\",\"datePublished\":\"2019-03-17T22:22:24+00:00\",\"dateModified\":\"2019-03-20T21:49:17+00:00\",\"mainEntityOfPage\":{\"@id\":\"https:\/\/marekkuchcinski.pl\/ro\/wiesci-z-sejmu\/78-posiedzenie-sejmu\/\"},\"wordCount\":841,\"commentCount\":0,\"publisher\":{\"@id\":\"https:\/\/marekkuchcinski.pl\/#organization\"},\"image\":{\"@id\":\"https:\/\/marekkuchcinski.pl\/ro\/wiesci-z-sejmu\/78-posiedzenie-sejmu\/#primaryimage\"},\"thumbnailUrl\":\"https:\/\/marekkuchcinski.pl\/wp-content\/uploads\/2019\/03\/e2.jpg\",\"articleSection\":[\"Prawo i Sprawiedliwo\u015b\u0107\",\"Wie\u015bci z Sejmu\",\"Wydarzenia\"],\"inLanguage\":\"ro-RO\",\"potentialAction\":[{\"@type\":\"CommentAction\",\"name\":\"Comment\",\"target\":[\"https:\/\/marekkuchcinski.pl\/ro\/wiesci-z-sejmu\/78-posiedzenie-sejmu\/#respond\"]}]},{\"@type\":\"WebPage\",\"@id\":\"https:\/\/marekkuchcinski.pl\/ro\/wiesci-z-sejmu\/78-posiedzenie-sejmu\/\",\"url\":\"https:\/\/marekkuchcinski.pl\/ro\/wiesci-z-sejmu\/78-posiedzenie-sejmu\/\",\"name\":\"78. posiedzenie Sejmu &#8211; Marek Kuchci\u0144ski\",\"isPartOf\":{\"@id\":\"https:\/\/marekkuchcinski.pl\/#website\"},\"primaryImageOfPage\":{\"@id\":\"https:\/\/marekkuchcinski.pl\/ro\/wiesci-z-sejmu\/78-posiedzenie-sejmu\/#primaryimage\"},\"image\":{\"@id\":\"https:\/\/marekkuchcinski.pl\/ro\/wiesci-z-sejmu\/78-posiedzenie-sejmu\/#primaryimage\"},\"thumbnailUrl\":\"https:\/\/marekkuchcinski.pl\/wp-content\/uploads\/2019\/03\/e2.jpg\",\"datePublished\":\"2019-03-17T22:22:24+00:00\",\"dateModified\":\"2019-03-20T21:49:17+00:00\",\"breadcrumb\":{\"@id\":\"https:\/\/marekkuchcinski.pl\/ro\/wiesci-z-sejmu\/78-posiedzenie-sejmu\/#breadcrumb\"},\"inLanguage\":\"ro-RO\",\"potentialAction\":[{\"@type\":\"ReadAction\",\"target\":[\"https:\/\/marekkuchcinski.pl\/ro\/wiesci-z-sejmu\/78-posiedzenie-sejmu\/\"]}]},{\"@type\":\"ImageObject\",\"inLanguage\":\"ro-RO\",\"@id\":\"https:\/\/marekkuchcinski.pl\/ro\/wiesci-z-sejmu\/78-posiedzenie-sejmu\/#primaryimage\",\"url\":\"https:\/\/marekkuchcinski.pl\/wp-content\/uploads\/2019\/03\/e2.jpg\",\"contentUrl\":\"https:\/\/marekkuchcinski.pl\/wp-content\/uploads\/2019\/03\/e2.jpg\",\"width\":1587,\"height\":2048},{\"@type\":\"BreadcrumbList\",\"@id\":\"https:\/\/marekkuchcinski.pl\/ro\/wiesci-z-sejmu\/78-posiedzenie-sejmu\/#breadcrumb\",\"itemListElement\":[{\"@type\":\"ListItem\",\"position\":1,\"name\":\"Strona g\u0142\u00f3wna\",\"item\":\"https:\/\/marekkuchcinski.pl\/\"},{\"@type\":\"ListItem\",\"position\":2,\"name\":\"78. posiedzenie Sejmu\"}]},{\"@type\":\"WebSite\",\"@id\":\"https:\/\/marekkuchcinski.pl\/#website\",\"url\":\"https:\/\/marekkuchcinski.pl\/\",\"name\":\"Marek Kuchci\u0144ski\",\"description\":\"Pose\u0142 na sejm RP &ndash; okr\u0119g nr 22\",\"publisher\":{\"@id\":\"https:\/\/marekkuchcinski.pl\/#organization\"},\"potentialAction\":[{\"@type\":\"SearchAction\",\"target\":{\"@type\":\"EntryPoint\",\"urlTemplate\":\"https:\/\/marekkuchcinski.pl\/?s={search_term_string}\"},\"query-input\":{\"@type\":\"PropertyValueSpecification\",\"valueRequired\":true,\"valueName\":\"search_term_string\"}}],\"inLanguage\":\"ro-RO\"},{\"@type\":\"Organization\",\"@id\":\"https:\/\/marekkuchcinski.pl\/#organization\",\"name\":\"Marek Kuchci\u0144ski\",\"url\":\"https:\/\/marekkuchcinski.pl\/\",\"logo\":{\"@type\":\"ImageObject\",\"inLanguage\":\"ro-RO\",\"@id\":\"https:\/\/marekkuchcinski.pl\/#\/schema\/logo\/image\/\",\"url\":\"https:\/\/marekkuchcinski.pl\/wp-content\/uploads\/2022\/09\/Marek.jpg\",\"contentUrl\":\"https:\/\/marekkuchcinski.pl\/wp-content\/uploads\/2022\/09\/Marek.jpg\",\"width\":1600,\"height\":971,\"caption\":\"Marek Kuchci\u0144ski\"},\"image\":{\"@id\":\"https:\/\/marekkuchcinski.pl\/#\/schema\/logo\/image\/\"}},{\"@type\":\"Person\",\"@id\":\"https:\/\/marekkuchcinski.pl\/#\/schema\/person\/6f62700996b4d950b6ea2d1183b6c6be\",\"name\":\"admin\",\"image\":{\"@type\":\"ImageObject\",\"inLanguage\":\"ro-RO\",\"@id\":\"https:\/\/marekkuchcinski.pl\/#\/schema\/person\/image\/\",\"url\":\"https:\/\/secure.gravatar.com\/avatar\/4bab693b9d55c3d6b52c0296a8765085?s=96&d=mm&r=g\",\"contentUrl\":\"https:\/\/secure.gravatar.com\/avatar\/4bab693b9d55c3d6b52c0296a8765085?s=96&d=mm&r=g\",\"caption\":\"admin\"},\"url\":\"https:\/\/marekkuchcinski.pl\/ro\/author\/marta-olejnik\/\"}]}<\/script>\n<!-- \/ Yoast SEO plugin. -->","yoast_head_json":{"title":"78. posiedzenie Sejmu &#8211; Marek Kuchci\u0144ski","robots":{"index":"index","follow":"follow","max-snippet":"max-snippet:-1","max-image-preview":"max-image-preview:large","max-video-preview":"max-video-preview:-1"},"canonical":"https:\/\/marekkuchcinski.pl\/ro\/wiesci-z-sejmu\/78-posiedzenie-sejmu\/","og_locale":"ro_RO","og_type":"article","og_title":"78. posiedzenie Sejmu &#8211; Marek Kuchci\u0144ski","og_description":"Najwa\u017cniejszymi punktami 78. posiedzenia Sejmu by\u0142y expos\u00e9 ministra spraw zagranicznych oraz uchwalenie m.in.: ustawy o wspieraniu dzia\u0142alno\u015bci naukowej z Funduszu Polskiej Nauki\u00a0 ustawy o poszerzeniu uprawnie\u0144 kombatant\u00f3w i os\u00f3b b\u0119d\u0105cych ofiarami represji oraz o przyznaniu inwalidom wojennym corocznie 850 z\u0142 dodatku do renty\u00a0 ustaw przygotowanych przez rz\u0105d na wypadek tzw. twardego Brexitu ustawy o nadzorze [&hellip;]","og_url":"https:\/\/marekkuchcinski.pl\/ro\/wiesci-z-sejmu\/78-posiedzenie-sejmu\/","og_site_name":"Marek Kuchci\u0144ski","article_published_time":"2019-03-17T22:22:24+00:00","article_modified_time":"2019-03-20T21:49:17+00:00","og_image":[{"width":1587,"height":2048,"url":"https:\/\/marekkuchcinski.pl\/wp-content\/uploads\/2019\/03\/e2.jpg","type":"image\/jpeg"}],"author":"admin","twitter_card":"summary_large_image","twitter_misc":{"Scris de":"admin","Timp estimat pentru citire":"4 minutes"},"schema":{"@context":"https:\/\/schema.org","@graph":[{"@type":"Article","@id":"https:\/\/marekkuchcinski.pl\/ro\/wiesci-z-sejmu\/78-posiedzenie-sejmu\/#article","isPartOf":{"@id":"https:\/\/marekkuchcinski.pl\/ro\/wiesci-z-sejmu\/78-posiedzenie-sejmu\/"},"author":{"name":"admin","@id":"https:\/\/marekkuchcinski.pl\/#\/schema\/person\/6f62700996b4d950b6ea2d1183b6c6be"},"headline":"78. posiedzenie Sejmu","datePublished":"2019-03-17T22:22:24+00:00","dateModified":"2019-03-20T21:49:17+00:00","mainEntityOfPage":{"@id":"https:\/\/marekkuchcinski.pl\/ro\/wiesci-z-sejmu\/78-posiedzenie-sejmu\/"},"wordCount":841,"commentCount":0,"publisher":{"@id":"https:\/\/marekkuchcinski.pl\/#organization"},"image":{"@id":"https:\/\/marekkuchcinski.pl\/ro\/wiesci-z-sejmu\/78-posiedzenie-sejmu\/#primaryimage"},"thumbnailUrl":"https:\/\/marekkuchcinski.pl\/wp-content\/uploads\/2019\/03\/e2.jpg","articleSection":["Prawo i Sprawiedliwo\u015b\u0107","Wie\u015bci z Sejmu","Wydarzenia"],"inLanguage":"ro-RO","potentialAction":[{"@type":"CommentAction","name":"Comment","target":["https:\/\/marekkuchcinski.pl\/ro\/wiesci-z-sejmu\/78-posiedzenie-sejmu\/#respond"]}]},{"@type":"WebPage","@id":"https:\/\/marekkuchcinski.pl\/ro\/wiesci-z-sejmu\/78-posiedzenie-sejmu\/","url":"https:\/\/marekkuchcinski.pl\/ro\/wiesci-z-sejmu\/78-posiedzenie-sejmu\/","name":"78. posiedzenie Sejmu &#8211; Marek Kuchci\u0144ski","isPartOf":{"@id":"https:\/\/marekkuchcinski.pl\/#website"},"primaryImageOfPage":{"@id":"https:\/\/marekkuchcinski.pl\/ro\/wiesci-z-sejmu\/78-posiedzenie-sejmu\/#primaryimage"},"image":{"@id":"https:\/\/marekkuchcinski.pl\/ro\/wiesci-z-sejmu\/78-posiedzenie-sejmu\/#primaryimage"},"thumbnailUrl":"https:\/\/marekkuchcinski.pl\/wp-content\/uploads\/2019\/03\/e2.jpg","datePublished":"2019-03-17T22:22:24+00:00","dateModified":"2019-03-20T21:49:17+00:00","breadcrumb":{"@id":"https:\/\/marekkuchcinski.pl\/ro\/wiesci-z-sejmu\/78-posiedzenie-sejmu\/#breadcrumb"},"inLanguage":"ro-RO","potentialAction":[{"@type":"ReadAction","target":["https:\/\/marekkuchcinski.pl\/ro\/wiesci-z-sejmu\/78-posiedzenie-sejmu\/"]}]},{"@type":"ImageObject","inLanguage":"ro-RO","@id":"https:\/\/marekkuchcinski.pl\/ro\/wiesci-z-sejmu\/78-posiedzenie-sejmu\/#primaryimage","url":"https:\/\/marekkuchcinski.pl\/wp-content\/uploads\/2019\/03\/e2.jpg","contentUrl":"https:\/\/marekkuchcinski.pl\/wp-content\/uploads\/2019\/03\/e2.jpg","width":1587,"height":2048},{"@type":"BreadcrumbList","@id":"https:\/\/marekkuchcinski.pl\/ro\/wiesci-z-sejmu\/78-posiedzenie-sejmu\/#breadcrumb","itemListElement":[{"@type":"ListItem","position":1,"name":"Strona g\u0142\u00f3wna","item":"https:\/\/marekkuchcinski.pl\/"},{"@type":"ListItem","position":2,"name":"78. posiedzenie Sejmu"}]},{"@type":"WebSite","@id":"https:\/\/marekkuchcinski.pl\/#website","url":"https:\/\/marekkuchcinski.pl\/","name":"Marek Kuchci\u0144ski","description":"Pose\u0142 na sejm RP &ndash; okr\u0119g nr 22","publisher":{"@id":"https:\/\/marekkuchcinski.pl\/#organization"},"potentialAction":[{"@type":"SearchAction","target":{"@type":"EntryPoint","urlTemplate":"https:\/\/marekkuchcinski.pl\/?s={search_term_string}"},"query-input":{"@type":"PropertyValueSpecification","valueRequired":true,"valueName":"search_term_string"}}],"inLanguage":"ro-RO"},{"@type":"Organization","@id":"https:\/\/marekkuchcinski.pl\/#organization","name":"Marek Kuchci\u0144ski","url":"https:\/\/marekkuchcinski.pl\/","logo":{"@type":"ImageObject","inLanguage":"ro-RO","@id":"https:\/\/marekkuchcinski.pl\/#\/schema\/logo\/image\/","url":"https:\/\/marekkuchcinski.pl\/wp-content\/uploads\/2022\/09\/Marek.jpg","contentUrl":"https:\/\/marekkuchcinski.pl\/wp-content\/uploads\/2022\/09\/Marek.jpg","width":1600,"height":971,"caption":"Marek Kuchci\u0144ski"},"image":{"@id":"https:\/\/marekkuchcinski.pl\/#\/schema\/logo\/image\/"}},{"@type":"Person","@id":"https:\/\/marekkuchcinski.pl\/#\/schema\/person\/6f62700996b4d950b6ea2d1183b6c6be","name":"admin","image":{"@type":"ImageObject","inLanguage":"ro-RO","@id":"https:\/\/marekkuchcinski.pl\/#\/schema\/person\/image\/","url":"https:\/\/secure.gravatar.com\/avatar\/4bab693b9d55c3d6b52c0296a8765085?s=96&d=mm&r=g","contentUrl":"https:\/\/secure.gravatar.com\/avatar\/4bab693b9d55c3d6b52c0296a8765085?s=96&d=mm&r=g","caption":"admin"},"url":"https:\/\/marekkuchcinski.pl\/ro\/author\/marta-olejnik\/"}]}},"_links":{"self":[{"href":"https:\/\/marekkuchcinski.pl\/ro\/wp-json\/wp\/v2\/posts\/13836","targetHints":{"allow":["GET"]}}],"collection":[{"href":"https:\/\/marekkuchcinski.pl\/ro\/wp-json\/wp\/v2\/posts"}],"about":[{"href":"https:\/\/marekkuchcinski.pl\/ro\/wp-json\/wp\/v2\/types\/post"}],"author":[{"embeddable":true,"href":"https:\/\/marekkuchcinski.pl\/ro\/wp-json\/wp\/v2\/users\/6"}],"replies":[{"embeddable":true,"href":"https:\/\/marekkuchcinski.pl\/ro\/wp-json\/wp\/v2\/comments?post=13836"}],"version-history":[{"count":20,"href":"https:\/\/marekkuchcinski.pl\/ro\/wp-json\/wp\/v2\/posts\/13836\/revisions"}],"predecessor-version":[{"id":13932,"href":"https:\/\/marekkuchcinski.pl\/ro\/wp-json\/wp\/v2\/posts\/13836\/revisions\/13932"}],"wp:featuredmedia":[{"embeddable":true,"href":"https:\/\/marekkuchcinski.pl\/ro\/wp-json\/wp\/v2\/media\/13839"}],"wp:attachment":[{"href":"https:\/\/marekkuchcinski.pl\/ro\/wp-json\/wp\/v2\/media?parent=13836"}],"wp:term":[{"taxonomy":"category","embeddable":true,"href":"https:\/\/marekkuchcinski.pl\/ro\/wp-json\/wp\/v2\/categories?post=13836"},{"taxonomy":"post_tag","embeddable":true,"href":"https:\/\/marekkuchcinski.pl\/ro\/wp-json\/wp\/v2\/tags?post=13836"}],"curies":[{"name":"wp","href":"https:\/\/api.w.org\/{rel}","templated":true}]}}