{"id":13621,"date":"2019-03-11T11:55:55","date_gmt":"2019-03-11T10:55:55","guid":{"rendered":"https:\/\/marekkuchcinski.pl\/?p=13621"},"modified":"2019-03-11T12:02:23","modified_gmt":"2019-03-11T11:02:23","slug":"marek-kuchcinski-mozemy-pozwolic-by-reprezentowali-nas-ci-ktorzy-sa-skuteczni-kampanii-przede-wszystkim-ci-ktorzy-sa-kompetentni","status":"publish","type":"post","link":"https:\/\/marekkuchcinski.pl\/ro\/wydarzenia\/marek-kuchcinski-mozemy-pozwolic-by-reprezentowali-nas-ci-ktorzy-sa-skuteczni-kampanii-przede-wszystkim-ci-ktorzy-sa-kompetentni\/","title":{"rendered":"Marek Kuchci\u0144ski: Nu ne putem permite s\u0103 fim reprezenta\u021bi \u00een PE doar de cei care sunt eficien\u021bi doar \u00een campanie, dar mai ales de cei care sunt competen\u021bi"},"content":{"rendered":"<p>- Nu suntem doar inima Europei din punct de vedere geografic. Privind din perspectiva a peste dou\u0103 mii de ani de civiliza\u021bie european\u0103, vorbim despre r\u0103d\u0103cinile pe care a crescut Uniunea, bazate pe valorile cre\u0219tine, filosofia greac\u0103 \u0219i dreptul roman. Acestea sunt referin\u021bele care modeleaz\u0103 programul nostru \u0219i trebuie s\u0103 le reamintim', a declarat Marek Kuchci\u0144ski la TVP 3 Rzesz\u00f3w \u00een Jasionka.<\/p>\n<p>Unul dintre punctele din declara\u021bia european\u0103 a Partidului Lege \u0219i Justi\u021bie este problema securit\u0103\u021bii - at\u00e2t \u00een ceea ce prive\u0219te protec\u021bia frontierelor, c\u00e2t \u0219i securitatea energetic\u0103. Mai multe puncte eviden\u021biaz\u0103 o Europ\u0103 a egalit\u0103\u021bii de \u0219anse \u0219i a dezvolt\u0103rii durabile.<\/p>\n<p>- \u00cen opinia mea, ar trebui s\u0103 fim clari: f\u0103r\u0103 o Europ\u0103 bazat\u0103 pe solidaritate \u0219i dezvoltare durabil\u0103, vom tr\u0103i \u00eentr-o lume f\u0103r\u0103 echilibru, \u00een care cei mai puternici \u00eei exploateaz\u0103 pe cei mai slabi\", a subliniat Kuchci\u0144ski.<\/p>\n<p>Pre\u0219edintele Sejm-ului a subliniat c\u0103 e Europa este important\u0103 pentru a avea o politic\u0103 agricol\u0103 comun\u0103; acces egal la bunurile \u0219i produsele fabricate de companiile europene, dar nu de calitate inferioar\u0103, de exemplu, Germaniei sau Fran\u021bei. La r\u00e2ndul s\u0103u, o Europ\u0103 puternic\u0103 trebuie s\u0103 se bazeze pe principiul \"liber cu cei liberi, egal cu cei egali\".<\/p>\n<p>\u00centrebat despre 500 plus, Marek Kuchci\u0144ski a explicat c\u0103 este vorba despre un program care consolideaz\u0103 politica pro-familie, men\u021bin\u00e2ndu-se la nivelul altor \u021b\u0103ri din UE, cum ar fi Suedia sau Spania. Pre\u0219edintele Parlamentului s-a referit, de asemenea, la sprijinul pentru dezvoltarea antreprenoriatului. - Reducerea impozitului pe profit la 9% este cel mai mare eveniment din Europa din acest punct de vedere, a spus el. De asemenea, el a subliniat marea importan\u021b\u0103 pentru egalitatea de \u0219anse pe care o va aduce renun\u021barea la PIT pentru tineri - p\u00e2n\u0103 la v\u00e2rsta de 26 de ani - sau refacerea comunica\u021biilor, \u00een special \u00een mediul rural, \u00een ora\u0219ele mici.<\/p>\n<p>Referindu-se la \u00eentrebarea despre lista Podkarpackie pentru PE, a subliniat c\u0103 pe aceasta se afl\u0103 cei mai buni candida\u021bi, cum ar fi Tomasz Por\u0119ba, care \u0219i-a demonstrat eficien\u021ba \u00een PE de mul\u021bi ani, iar lista este menit\u0103 s\u0103 promoveze aceast\u0103 parte a Poloniei \u00een \u021bar\u0103 \u0219i \u00een Europa. - V\u0103 rug\u0103m s\u0103 v\u0103 aminti\u021bi c\u0103, atunci c\u00e2nd am aderat la UE, mai mult de 60 % din puterile autorit\u0103\u021bilor na\u021bionale, inclusiv ale Sejm-ului \u0219i Senatului, au fost transferate Uniunii Europene. Nu ne putem permite s\u0103 fim reprezenta\u021bi doar de cei care sunt eficien\u021bi \u00een campanie, dar mai ales de cei care sunt competen\u021bi\", a argumentat pre\u0219edintele Parlamentului.<\/p>\n<p>interviu disponibil la adresa: https:\/\/rzeszow.tvp.pl\/41674201\/marek-kuchcinski-marszalek-sejmu-rp<\/p>\n<p><em>Foto: Marta Olejnik\/ KS<\/em><a href=\"https:\/\/marekkuchcinski.pl\/wp-content\/uploads\/2019\/03\/IMG_8037-2.jpg\"><img fetchpriority=\"high\" decoding=\"async\" class=\"alignnone size-full wp-image-13624\" src=\"https:\/\/marekkuchcinski.pl\/wp-content\/uploads\/2019\/03\/IMG_8037-2.jpg\" alt=\"IMG_8037 2\" width=\"5185\" height=\"3579\" srcset=\"https:\/\/marekkuchcinski.pl\/wp-content\/uploads\/2019\/03\/IMG_8037-2.jpg 2048w, https:\/\/marekkuchcinski.pl\/wp-content\/uploads\/2019\/03\/IMG_8037-2-300x207.jpg 300w, https:\/\/marekkuchcinski.pl\/wp-content\/uploads\/2019\/03\/IMG_8037-2-768x530.jpg 768w, https:\/\/marekkuchcinski.pl\/wp-content\/uploads\/2019\/03\/IMG_8037-2-1024x707.jpg 1024w\" sizes=\"(max-width: 5185px) 100vw, 5185px\" \/><\/a><a href=\"https:\/\/marekkuchcinski.pl\/wp-content\/uploads\/2019\/03\/IMG_8013.jpg\"><img decoding=\"async\" class=\"alignnone size-full wp-image-13630\" src=\"https:\/\/marekkuchcinski.pl\/wp-content\/uploads\/2019\/03\/IMG_8013.jpg\" alt=\"IMG_8013\" width=\"5483\" height=\"3955\" srcset=\"https:\/\/marekkuchcinski.pl\/wp-content\/uploads\/2019\/03\/IMG_8013.jpg 2048w, https:\/\/marekkuchcinski.pl\/wp-content\/uploads\/2019\/03\/IMG_8013-300x216.jpg 300w, https:\/\/marekkuchcinski.pl\/wp-content\/uploads\/2019\/03\/IMG_8013-768x554.jpg 768w, https:\/\/marekkuchcinski.pl\/wp-content\/uploads\/2019\/03\/IMG_8013-1024x739.jpg 1024w\" sizes=\"(max-width: 5483px) 100vw, 5483px\" \/><\/a><\/p>","protected":false},"excerpt":{"rendered":"<p>&#8211; Jeste\u015bmy sercem Europy nie tylko geograficznie. Patrz\u0105c z perspektywy ponad dw\u00f3ch tysi\u0119cy lat cywilizacji europejskiej, m\u00f3wimy o korzeniach, na kt\u00f3rych wyros\u0142a Unia oparta na warto\u015bciach chrze\u015bcija\u0144skich, filozofii greckiej i prawie rzymskim. To s\u0105 odniesienia, kt\u00f3re kszta\u0142tuj\u0105 nasz program i musimy je przypomina\u0107 \u2013 powiedzia\u0142 w Jasionce TVP 3 Rzesz\u00f3w Marek Kuchci\u0144ski. Jednym z punkt\u00f3w [&hellip;]<\/p>","protected":false},"author":6,"featured_media":13624,"comment_status":"open","ping_status":"open","sticky":false,"template":"","format":"standard","meta":{"ngg_post_thumbnail":0,"footnotes":""},"categories":[49,82,3],"tags":[],"class_list":["post-13621","post","type-post","status-publish","format-standard","has-post-thumbnail","hentry","category-podkarpacie","category-prawo-i-sprawiedliwosc","category-wydarzenia"],"yoast_head":"<!-- This site is optimized with the Yoast SEO plugin v24.7 - https:\/\/yoast.com\/wordpress\/plugins\/seo\/ -->\n<title>Marek Kuchci\u0144ski: Nie mo\u017cemy sobie pozwoli\u0107 na to, by w PE reprezentowali nas wy\u0142\u0105cznie ci, kt\u00f3rzy s\u0105 skuteczni tylko w kampanii, ale przede wszystkim ci, kt\u00f3rzy s\u0105 kompetentni &#8211; Marek Kuchci\u0144ski<\/title>\n<meta name=\"robots\" content=\"index, follow, max-snippet:-1, max-image-preview:large, max-video-preview:-1\" \/>\n<link rel=\"canonical\" href=\"https:\/\/marekkuchcinski.pl\/ro\/wydarzenia\/marek-kuchcinski-mozemy-pozwolic-by-reprezentowali-nas-ci-ktorzy-sa-skuteczni-kampanii-przede-wszystkim-ci-ktorzy-sa-kompetentni\/\" \/>\n<meta property=\"og:locale\" content=\"ro_RO\" \/>\n<meta property=\"og:type\" content=\"article\" \/>\n<meta property=\"og:title\" content=\"Marek Kuchci\u0144ski: Nie mo\u017cemy sobie pozwoli\u0107 na to, by w PE reprezentowali nas wy\u0142\u0105cznie ci, kt\u00f3rzy s\u0105 skuteczni tylko w kampanii, ale przede wszystkim ci, kt\u00f3rzy s\u0105 kompetentni &#8211; Marek Kuchci\u0144ski\" \/>\n<meta property=\"og:description\" content=\"&#8211; Jeste\u015bmy sercem Europy nie tylko geograficznie. Patrz\u0105c z perspektywy ponad dw\u00f3ch tysi\u0119cy lat cywilizacji europejskiej, m\u00f3wimy o korzeniach, na kt\u00f3rych wyros\u0142a Unia oparta na warto\u015bciach chrze\u015bcija\u0144skich, filozofii greckiej i prawie rzymskim. To s\u0105 odniesienia, kt\u00f3re kszta\u0142tuj\u0105 nasz program i musimy je przypomina\u0107 \u2013 powiedzia\u0142 w Jasionce TVP 3 Rzesz\u00f3w Marek Kuchci\u0144ski. Jednym z punkt\u00f3w [&hellip;]\" \/>\n<meta property=\"og:url\" content=\"https:\/\/marekkuchcinski.pl\/ro\/wydarzenia\/marek-kuchcinski-mozemy-pozwolic-by-reprezentowali-nas-ci-ktorzy-sa-skuteczni-kampanii-przede-wszystkim-ci-ktorzy-sa-kompetentni\/\" \/>\n<meta property=\"og:site_name\" content=\"Marek Kuchci\u0144ski\" \/>\n<meta property=\"article:published_time\" content=\"2019-03-11T10:55:55+00:00\" \/>\n<meta property=\"article:modified_time\" content=\"2019-03-11T11:02:23+00:00\" \/>\n<meta property=\"og:image\" content=\"https:\/\/marekkuchcinski.pl\/wp-content\/uploads\/2019\/03\/IMG_8037-2.jpg\" \/>\n\t<meta property=\"og:image:width\" content=\"2048\" \/>\n\t<meta property=\"og:image:height\" content=\"1414\" \/>\n\t<meta property=\"og:image:type\" content=\"image\/jpeg\" \/>\n<meta name=\"author\" content=\"admin\" \/>\n<meta name=\"twitter:card\" content=\"summary_large_image\" \/>\n<meta name=\"twitter:label1\" content=\"Scris de\" \/>\n\t<meta name=\"twitter:data1\" content=\"admin\" \/>\n\t<meta name=\"twitter:label2\" content=\"Timp estimat pentru citire\" \/>\n\t<meta name=\"twitter:data2\" content=\"2 minutes\" \/>\n<script type=\"application\/ld+json\" class=\"yoast-schema-graph\">{\"@context\":\"https:\/\/schema.org\",\"@graph\":[{\"@type\":\"Article\",\"@id\":\"https:\/\/marekkuchcinski.pl\/wydarzenia\/marek-kuchcinski-mozemy-pozwolic-by-reprezentowali-nas-ci-ktorzy-sa-skuteczni-kampanii-przede-wszystkim-ci-ktorzy-sa-kompetentni\/#article\",\"isPartOf\":{\"@id\":\"https:\/\/marekkuchcinski.pl\/wydarzenia\/marek-kuchcinski-mozemy-pozwolic-by-reprezentowali-nas-ci-ktorzy-sa-skuteczni-kampanii-przede-wszystkim-ci-ktorzy-sa-kompetentni\/\"},\"author\":{\"name\":\"admin\",\"@id\":\"https:\/\/marekkuchcinski.pl\/#\/schema\/person\/6f62700996b4d950b6ea2d1183b6c6be\"},\"headline\":\"Marek Kuchci\u0144ski: Nie mo\u017cemy sobie pozwoli\u0107 na to, by w PE reprezentowali nas wy\u0142\u0105cznie ci, kt\u00f3rzy s\u0105 skuteczni tylko w kampanii, ale przede wszystkim ci, kt\u00f3rzy s\u0105 kompetentni\",\"datePublished\":\"2019-03-11T10:55:55+00:00\",\"dateModified\":\"2019-03-11T11:02:23+00:00\",\"mainEntityOfPage\":{\"@id\":\"https:\/\/marekkuchcinski.pl\/wydarzenia\/marek-kuchcinski-mozemy-pozwolic-by-reprezentowali-nas-ci-ktorzy-sa-skuteczni-kampanii-przede-wszystkim-ci-ktorzy-sa-kompetentni\/\"},\"wordCount\":443,\"commentCount\":0,\"publisher\":{\"@id\":\"https:\/\/marekkuchcinski.pl\/#organization\"},\"image\":{\"@id\":\"https:\/\/marekkuchcinski.pl\/wydarzenia\/marek-kuchcinski-mozemy-pozwolic-by-reprezentowali-nas-ci-ktorzy-sa-skuteczni-kampanii-przede-wszystkim-ci-ktorzy-sa-kompetentni\/#primaryimage\"},\"thumbnailUrl\":\"https:\/\/marekkuchcinski.pl\/wp-content\/uploads\/2019\/03\/IMG_8037-2.jpg\",\"articleSection\":[\"Podkarpacie\",\"Prawo i Sprawiedliwo\u015b\u0107\",\"Wydarzenia\"],\"inLanguage\":\"ro-RO\",\"potentialAction\":[{\"@type\":\"CommentAction\",\"name\":\"Comment\",\"target\":[\"https:\/\/marekkuchcinski.pl\/wydarzenia\/marek-kuchcinski-mozemy-pozwolic-by-reprezentowali-nas-ci-ktorzy-sa-skuteczni-kampanii-przede-wszystkim-ci-ktorzy-sa-kompetentni\/#respond\"]}]},{\"@type\":\"WebPage\",\"@id\":\"https:\/\/marekkuchcinski.pl\/wydarzenia\/marek-kuchcinski-mozemy-pozwolic-by-reprezentowali-nas-ci-ktorzy-sa-skuteczni-kampanii-przede-wszystkim-ci-ktorzy-sa-kompetentni\/\",\"url\":\"https:\/\/marekkuchcinski.pl\/wydarzenia\/marek-kuchcinski-mozemy-pozwolic-by-reprezentowali-nas-ci-ktorzy-sa-skuteczni-kampanii-przede-wszystkim-ci-ktorzy-sa-kompetentni\/\",\"name\":\"Marek Kuchci\u0144ski: Nie mo\u017cemy sobie pozwoli\u0107 na to, by w PE reprezentowali nas wy\u0142\u0105cznie ci, kt\u00f3rzy s\u0105 skuteczni tylko w kampanii, ale przede wszystkim ci, kt\u00f3rzy s\u0105 kompetentni &#8211; Marek Kuchci\u0144ski\",\"isPartOf\":{\"@id\":\"https:\/\/marekkuchcinski.pl\/#website\"},\"primaryImageOfPage\":{\"@id\":\"https:\/\/marekkuchcinski.pl\/wydarzenia\/marek-kuchcinski-mozemy-pozwolic-by-reprezentowali-nas-ci-ktorzy-sa-skuteczni-kampanii-przede-wszystkim-ci-ktorzy-sa-kompetentni\/#primaryimage\"},\"image\":{\"@id\":\"https:\/\/marekkuchcinski.pl\/wydarzenia\/marek-kuchcinski-mozemy-pozwolic-by-reprezentowali-nas-ci-ktorzy-sa-skuteczni-kampanii-przede-wszystkim-ci-ktorzy-sa-kompetentni\/#primaryimage\"},\"thumbnailUrl\":\"https:\/\/marekkuchcinski.pl\/wp-content\/uploads\/2019\/03\/IMG_8037-2.jpg\",\"datePublished\":\"2019-03-11T10:55:55+00:00\",\"dateModified\":\"2019-03-11T11:02:23+00:00\",\"breadcrumb\":{\"@id\":\"https:\/\/marekkuchcinski.pl\/wydarzenia\/marek-kuchcinski-mozemy-pozwolic-by-reprezentowali-nas-ci-ktorzy-sa-skuteczni-kampanii-przede-wszystkim-ci-ktorzy-sa-kompetentni\/#breadcrumb\"},\"inLanguage\":\"ro-RO\",\"potentialAction\":[{\"@type\":\"ReadAction\",\"target\":[\"https:\/\/marekkuchcinski.pl\/wydarzenia\/marek-kuchcinski-mozemy-pozwolic-by-reprezentowali-nas-ci-ktorzy-sa-skuteczni-kampanii-przede-wszystkim-ci-ktorzy-sa-kompetentni\/\"]}]},{\"@type\":\"ImageObject\",\"inLanguage\":\"ro-RO\",\"@id\":\"https:\/\/marekkuchcinski.pl\/wydarzenia\/marek-kuchcinski-mozemy-pozwolic-by-reprezentowali-nas-ci-ktorzy-sa-skuteczni-kampanii-przede-wszystkim-ci-ktorzy-sa-kompetentni\/#primaryimage\",\"url\":\"https:\/\/marekkuchcinski.pl\/wp-content\/uploads\/2019\/03\/IMG_8037-2.jpg\",\"contentUrl\":\"https:\/\/marekkuchcinski.pl\/wp-content\/uploads\/2019\/03\/IMG_8037-2.jpg\",\"width\":2048,\"height\":1414},{\"@type\":\"BreadcrumbList\",\"@id\":\"https:\/\/marekkuchcinski.pl\/wydarzenia\/marek-kuchcinski-mozemy-pozwolic-by-reprezentowali-nas-ci-ktorzy-sa-skuteczni-kampanii-przede-wszystkim-ci-ktorzy-sa-kompetentni\/#breadcrumb\",\"itemListElement\":[{\"@type\":\"ListItem\",\"position\":1,\"name\":\"Strona g\u0142\u00f3wna\",\"item\":\"https:\/\/marekkuchcinski.pl\/\"},{\"@type\":\"ListItem\",\"position\":2,\"name\":\"Marek Kuchci\u0144ski: Nie mo\u017cemy sobie pozwoli\u0107 na to, by w PE reprezentowali nas wy\u0142\u0105cznie ci, kt\u00f3rzy s\u0105 skuteczni tylko w kampanii, ale przede wszystkim ci, kt\u00f3rzy s\u0105 kompetentni\"}]},{\"@type\":\"WebSite\",\"@id\":\"https:\/\/marekkuchcinski.pl\/#website\",\"url\":\"https:\/\/marekkuchcinski.pl\/\",\"name\":\"Marek Kuchci\u0144ski\",\"description\":\"Pose\u0142 na sejm RP &ndash; okr\u0119g nr 22\",\"publisher\":{\"@id\":\"https:\/\/marekkuchcinski.pl\/#organization\"},\"potentialAction\":[{\"@type\":\"SearchAction\",\"target\":{\"@type\":\"EntryPoint\",\"urlTemplate\":\"https:\/\/marekkuchcinski.pl\/?s={search_term_string}\"},\"query-input\":{\"@type\":\"PropertyValueSpecification\",\"valueRequired\":true,\"valueName\":\"search_term_string\"}}],\"inLanguage\":\"ro-RO\"},{\"@type\":\"Organization\",\"@id\":\"https:\/\/marekkuchcinski.pl\/#organization\",\"name\":\"Marek Kuchci\u0144ski\",\"url\":\"https:\/\/marekkuchcinski.pl\/\",\"logo\":{\"@type\":\"ImageObject\",\"inLanguage\":\"ro-RO\",\"@id\":\"https:\/\/marekkuchcinski.pl\/#\/schema\/logo\/image\/\",\"url\":\"https:\/\/marekkuchcinski.pl\/wp-content\/uploads\/2022\/09\/Marek.jpg\",\"contentUrl\":\"https:\/\/marekkuchcinski.pl\/wp-content\/uploads\/2022\/09\/Marek.jpg\",\"width\":1600,\"height\":971,\"caption\":\"Marek Kuchci\u0144ski\"},\"image\":{\"@id\":\"https:\/\/marekkuchcinski.pl\/#\/schema\/logo\/image\/\"}},{\"@type\":\"Person\",\"@id\":\"https:\/\/marekkuchcinski.pl\/#\/schema\/person\/6f62700996b4d950b6ea2d1183b6c6be\",\"name\":\"admin\",\"image\":{\"@type\":\"ImageObject\",\"inLanguage\":\"ro-RO\",\"@id\":\"https:\/\/marekkuchcinski.pl\/#\/schema\/person\/image\/\",\"url\":\"https:\/\/secure.gravatar.com\/avatar\/4bab693b9d55c3d6b52c0296a8765085?s=96&d=mm&r=g\",\"contentUrl\":\"https:\/\/secure.gravatar.com\/avatar\/4bab693b9d55c3d6b52c0296a8765085?s=96&d=mm&r=g\",\"caption\":\"admin\"},\"url\":\"https:\/\/marekkuchcinski.pl\/ro\/author\/marta-olejnik\/\"}]}<\/script>\n<!-- \/ Yoast SEO plugin. -->","yoast_head_json":{"title":"Marek Kuchci\u0144ski: Nie mo\u017cemy sobie pozwoli\u0107 na to, by w PE reprezentowali nas wy\u0142\u0105cznie ci, kt\u00f3rzy s\u0105 skuteczni tylko w kampanii, ale przede wszystkim ci, kt\u00f3rzy s\u0105 kompetentni &#8211; Marek Kuchci\u0144ski","robots":{"index":"index","follow":"follow","max-snippet":"max-snippet:-1","max-image-preview":"max-image-preview:large","max-video-preview":"max-video-preview:-1"},"canonical":"https:\/\/marekkuchcinski.pl\/ro\/wydarzenia\/marek-kuchcinski-mozemy-pozwolic-by-reprezentowali-nas-ci-ktorzy-sa-skuteczni-kampanii-przede-wszystkim-ci-ktorzy-sa-kompetentni\/","og_locale":"ro_RO","og_type":"article","og_title":"Marek Kuchci\u0144ski: Nie mo\u017cemy sobie pozwoli\u0107 na to, by w PE reprezentowali nas wy\u0142\u0105cznie ci, kt\u00f3rzy s\u0105 skuteczni tylko w kampanii, ale przede wszystkim ci, kt\u00f3rzy s\u0105 kompetentni &#8211; Marek Kuchci\u0144ski","og_description":"&#8211; Jeste\u015bmy sercem Europy nie tylko geograficznie. Patrz\u0105c z perspektywy ponad dw\u00f3ch tysi\u0119cy lat cywilizacji europejskiej, m\u00f3wimy o korzeniach, na kt\u00f3rych wyros\u0142a Unia oparta na warto\u015bciach chrze\u015bcija\u0144skich, filozofii greckiej i prawie rzymskim. To s\u0105 odniesienia, kt\u00f3re kszta\u0142tuj\u0105 nasz program i musimy je przypomina\u0107 \u2013 powiedzia\u0142 w Jasionce TVP 3 Rzesz\u00f3w Marek Kuchci\u0144ski. Jednym z punkt\u00f3w [&hellip;]","og_url":"https:\/\/marekkuchcinski.pl\/ro\/wydarzenia\/marek-kuchcinski-mozemy-pozwolic-by-reprezentowali-nas-ci-ktorzy-sa-skuteczni-kampanii-przede-wszystkim-ci-ktorzy-sa-kompetentni\/","og_site_name":"Marek Kuchci\u0144ski","article_published_time":"2019-03-11T10:55:55+00:00","article_modified_time":"2019-03-11T11:02:23+00:00","og_image":[{"width":2048,"height":1414,"url":"https:\/\/marekkuchcinski.pl\/wp-content\/uploads\/2019\/03\/IMG_8037-2.jpg","type":"image\/jpeg"}],"author":"admin","twitter_card":"summary_large_image","twitter_misc":{"Scris de":"admin","Timp estimat pentru citire":"2 minutes"},"schema":{"@context":"https:\/\/schema.org","@graph":[{"@type":"Article","@id":"https:\/\/marekkuchcinski.pl\/wydarzenia\/marek-kuchcinski-mozemy-pozwolic-by-reprezentowali-nas-ci-ktorzy-sa-skuteczni-kampanii-przede-wszystkim-ci-ktorzy-sa-kompetentni\/#article","isPartOf":{"@id":"https:\/\/marekkuchcinski.pl\/wydarzenia\/marek-kuchcinski-mozemy-pozwolic-by-reprezentowali-nas-ci-ktorzy-sa-skuteczni-kampanii-przede-wszystkim-ci-ktorzy-sa-kompetentni\/"},"author":{"name":"admin","@id":"https:\/\/marekkuchcinski.pl\/#\/schema\/person\/6f62700996b4d950b6ea2d1183b6c6be"},"headline":"Marek Kuchci\u0144ski: Nie mo\u017cemy sobie pozwoli\u0107 na to, by w PE reprezentowali nas wy\u0142\u0105cznie ci, kt\u00f3rzy s\u0105 skuteczni tylko w kampanii, ale przede wszystkim ci, kt\u00f3rzy s\u0105 kompetentni","datePublished":"2019-03-11T10:55:55+00:00","dateModified":"2019-03-11T11:02:23+00:00","mainEntityOfPage":{"@id":"https:\/\/marekkuchcinski.pl\/wydarzenia\/marek-kuchcinski-mozemy-pozwolic-by-reprezentowali-nas-ci-ktorzy-sa-skuteczni-kampanii-przede-wszystkim-ci-ktorzy-sa-kompetentni\/"},"wordCount":443,"commentCount":0,"publisher":{"@id":"https:\/\/marekkuchcinski.pl\/#organization"},"image":{"@id":"https:\/\/marekkuchcinski.pl\/wydarzenia\/marek-kuchcinski-mozemy-pozwolic-by-reprezentowali-nas-ci-ktorzy-sa-skuteczni-kampanii-przede-wszystkim-ci-ktorzy-sa-kompetentni\/#primaryimage"},"thumbnailUrl":"https:\/\/marekkuchcinski.pl\/wp-content\/uploads\/2019\/03\/IMG_8037-2.jpg","articleSection":["Podkarpacie","Prawo i Sprawiedliwo\u015b\u0107","Wydarzenia"],"inLanguage":"ro-RO","potentialAction":[{"@type":"CommentAction","name":"Comment","target":["https:\/\/marekkuchcinski.pl\/wydarzenia\/marek-kuchcinski-mozemy-pozwolic-by-reprezentowali-nas-ci-ktorzy-sa-skuteczni-kampanii-przede-wszystkim-ci-ktorzy-sa-kompetentni\/#respond"]}]},{"@type":"WebPage","@id":"https:\/\/marekkuchcinski.pl\/wydarzenia\/marek-kuchcinski-mozemy-pozwolic-by-reprezentowali-nas-ci-ktorzy-sa-skuteczni-kampanii-przede-wszystkim-ci-ktorzy-sa-kompetentni\/","url":"https:\/\/marekkuchcinski.pl\/wydarzenia\/marek-kuchcinski-mozemy-pozwolic-by-reprezentowali-nas-ci-ktorzy-sa-skuteczni-kampanii-przede-wszystkim-ci-ktorzy-sa-kompetentni\/","name":"Marek Kuchci\u0144ski: Nie mo\u017cemy sobie pozwoli\u0107 na to, by w PE reprezentowali nas wy\u0142\u0105cznie ci, kt\u00f3rzy s\u0105 skuteczni tylko w kampanii, ale przede wszystkim ci, kt\u00f3rzy s\u0105 kompetentni &#8211; Marek Kuchci\u0144ski","isPartOf":{"@id":"https:\/\/marekkuchcinski.pl\/#website"},"primaryImageOfPage":{"@id":"https:\/\/marekkuchcinski.pl\/wydarzenia\/marek-kuchcinski-mozemy-pozwolic-by-reprezentowali-nas-ci-ktorzy-sa-skuteczni-kampanii-przede-wszystkim-ci-ktorzy-sa-kompetentni\/#primaryimage"},"image":{"@id":"https:\/\/marekkuchcinski.pl\/wydarzenia\/marek-kuchcinski-mozemy-pozwolic-by-reprezentowali-nas-ci-ktorzy-sa-skuteczni-kampanii-przede-wszystkim-ci-ktorzy-sa-kompetentni\/#primaryimage"},"thumbnailUrl":"https:\/\/marekkuchcinski.pl\/wp-content\/uploads\/2019\/03\/IMG_8037-2.jpg","datePublished":"2019-03-11T10:55:55+00:00","dateModified":"2019-03-11T11:02:23+00:00","breadcrumb":{"@id":"https:\/\/marekkuchcinski.pl\/wydarzenia\/marek-kuchcinski-mozemy-pozwolic-by-reprezentowali-nas-ci-ktorzy-sa-skuteczni-kampanii-przede-wszystkim-ci-ktorzy-sa-kompetentni\/#breadcrumb"},"inLanguage":"ro-RO","potentialAction":[{"@type":"ReadAction","target":["https:\/\/marekkuchcinski.pl\/wydarzenia\/marek-kuchcinski-mozemy-pozwolic-by-reprezentowali-nas-ci-ktorzy-sa-skuteczni-kampanii-przede-wszystkim-ci-ktorzy-sa-kompetentni\/"]}]},{"@type":"ImageObject","inLanguage":"ro-RO","@id":"https:\/\/marekkuchcinski.pl\/wydarzenia\/marek-kuchcinski-mozemy-pozwolic-by-reprezentowali-nas-ci-ktorzy-sa-skuteczni-kampanii-przede-wszystkim-ci-ktorzy-sa-kompetentni\/#primaryimage","url":"https:\/\/marekkuchcinski.pl\/wp-content\/uploads\/2019\/03\/IMG_8037-2.jpg","contentUrl":"https:\/\/marekkuchcinski.pl\/wp-content\/uploads\/2019\/03\/IMG_8037-2.jpg","width":2048,"height":1414},{"@type":"BreadcrumbList","@id":"https:\/\/marekkuchcinski.pl\/wydarzenia\/marek-kuchcinski-mozemy-pozwolic-by-reprezentowali-nas-ci-ktorzy-sa-skuteczni-kampanii-przede-wszystkim-ci-ktorzy-sa-kompetentni\/#breadcrumb","itemListElement":[{"@type":"ListItem","position":1,"name":"Strona g\u0142\u00f3wna","item":"https:\/\/marekkuchcinski.pl\/"},{"@type":"ListItem","position":2,"name":"Marek Kuchci\u0144ski: Nie mo\u017cemy sobie pozwoli\u0107 na to, by w PE reprezentowali nas wy\u0142\u0105cznie ci, kt\u00f3rzy s\u0105 skuteczni tylko w kampanii, ale przede wszystkim ci, kt\u00f3rzy s\u0105 kompetentni"}]},{"@type":"WebSite","@id":"https:\/\/marekkuchcinski.pl\/#website","url":"https:\/\/marekkuchcinski.pl\/","name":"Marek Kuchci\u0144ski","description":"Pose\u0142 na sejm RP &ndash; okr\u0119g nr 22","publisher":{"@id":"https:\/\/marekkuchcinski.pl\/#organization"},"potentialAction":[{"@type":"SearchAction","target":{"@type":"EntryPoint","urlTemplate":"https:\/\/marekkuchcinski.pl\/?s={search_term_string}"},"query-input":{"@type":"PropertyValueSpecification","valueRequired":true,"valueName":"search_term_string"}}],"inLanguage":"ro-RO"},{"@type":"Organization","@id":"https:\/\/marekkuchcinski.pl\/#organization","name":"Marek Kuchci\u0144ski","url":"https:\/\/marekkuchcinski.pl\/","logo":{"@type":"ImageObject","inLanguage":"ro-RO","@id":"https:\/\/marekkuchcinski.pl\/#\/schema\/logo\/image\/","url":"https:\/\/marekkuchcinski.pl\/wp-content\/uploads\/2022\/09\/Marek.jpg","contentUrl":"https:\/\/marekkuchcinski.pl\/wp-content\/uploads\/2022\/09\/Marek.jpg","width":1600,"height":971,"caption":"Marek Kuchci\u0144ski"},"image":{"@id":"https:\/\/marekkuchcinski.pl\/#\/schema\/logo\/image\/"}},{"@type":"Person","@id":"https:\/\/marekkuchcinski.pl\/#\/schema\/person\/6f62700996b4d950b6ea2d1183b6c6be","name":"admin","image":{"@type":"ImageObject","inLanguage":"ro-RO","@id":"https:\/\/marekkuchcinski.pl\/#\/schema\/person\/image\/","url":"https:\/\/secure.gravatar.com\/avatar\/4bab693b9d55c3d6b52c0296a8765085?s=96&d=mm&r=g","contentUrl":"https:\/\/secure.gravatar.com\/avatar\/4bab693b9d55c3d6b52c0296a8765085?s=96&d=mm&r=g","caption":"admin"},"url":"https:\/\/marekkuchcinski.pl\/ro\/author\/marta-olejnik\/"}]}},"_links":{"self":[{"href":"https:\/\/marekkuchcinski.pl\/ro\/wp-json\/wp\/v2\/posts\/13621","targetHints":{"allow":["GET"]}}],"collection":[{"href":"https:\/\/marekkuchcinski.pl\/ro\/wp-json\/wp\/v2\/posts"}],"about":[{"href":"https:\/\/marekkuchcinski.pl\/ro\/wp-json\/wp\/v2\/types\/post"}],"author":[{"embeddable":true,"href":"https:\/\/marekkuchcinski.pl\/ro\/wp-json\/wp\/v2\/users\/6"}],"replies":[{"embeddable":true,"href":"https:\/\/marekkuchcinski.pl\/ro\/wp-json\/wp\/v2\/comments?post=13621"}],"version-history":[{"count":6,"href":"https:\/\/marekkuchcinski.pl\/ro\/wp-json\/wp\/v2\/posts\/13621\/revisions"}],"predecessor-version":[{"id":13645,"href":"https:\/\/marekkuchcinski.pl\/ro\/wp-json\/wp\/v2\/posts\/13621\/revisions\/13645"}],"wp:featuredmedia":[{"embeddable":true,"href":"https:\/\/marekkuchcinski.pl\/ro\/wp-json\/wp\/v2\/media\/13624"}],"wp:attachment":[{"href":"https:\/\/marekkuchcinski.pl\/ro\/wp-json\/wp\/v2\/media?parent=13621"}],"wp:term":[{"taxonomy":"category","embeddable":true,"href":"https:\/\/marekkuchcinski.pl\/ro\/wp-json\/wp\/v2\/categories?post=13621"},{"taxonomy":"post_tag","embeddable":true,"href":"https:\/\/marekkuchcinski.pl\/ro\/wp-json\/wp\/v2\/tags?post=13621"}],"curies":[{"name":"wp","href":"https:\/\/api.w.org\/{rel}","templated":true}]}}