{"id":13544,"date":"2019-03-10T11:50:42","date_gmt":"2019-03-10T10:50:42","guid":{"rendered":"https:\/\/marekkuchcinski.pl\/?p=13544"},"modified":"2019-03-11T15:53:23","modified_gmt":"2019-03-11T14:53:23","slug":"powrot-unii-europejskiej-wartosci-zabieganie-o-interesy-polskich-rolnikow-obrona-prawa-rodzicow-wychowania-dzieci-obrona-rownego-traktowania-polskich-firm-korzystny-dla-polski-budzet-konwe","status":"publish","type":"post","link":"https:\/\/marekkuchcinski.pl\/ro\/wydarzenia\/powrot-unii-europejskiej-wartosci-zabieganie-o-interesy-polskich-rolnikow-obrona-prawa-rodzicow-wychowania-dzieci-obrona-rownego-traktowania-polskich-firm-korzystny-dla-polski-budzet-konwe\/","title":{"rendered":"\u00centoarcerea Uniunii Europene la valorile sale, ap\u0103rarea intereselor fermierilor polonezi, ap\u0103rarea dreptului p\u0103rin\u021bilor de a-\u0219i cre\u0219te copiii, ap\u0103rarea tratamentului egal pentru companiile poloneze, un buget \u00een beneficiul Poloniei - conven\u021bia electoral\u0103 a PiS PE \u00een regiunea Podkarpacie"},"content":{"rendered":"<p><strong>\u00cen regiunea sa natal\u0103, Podkarpacie, Partidul Lege \u0219i Justi\u021bie \u0219i-a lansat campania pentru alegerile europarlamentare din luna mai. <\/strong><\/p>\n<p>Printre cei care candideaz\u0103 pentru primul loc se num\u0103r\u0103 vicepremierul Beata Szyd\u0142o, \u0219eful Ministerului de Interne Joachim Brudzi\u0144ski, vicepre\u0219edintele Senatului Adam Bielan, Jacek Saryusz-Wolski, Witold Waszczykowski, El\u017cbieta Kruk, Karol Karski, Zdzis\u0142aw Krasnod\u0119bski, ministrul Educa\u021biei Anna Zalewska \u0219i Anna Fotyga.<br \/>\nLa conven\u021bia de ieri, Partidul Lege \u0219i Justi\u021bie a prezentat obiectivele \u0219i ideile cu care vrea s\u0103 intre \u00een aceste alegeri: readucerea Uniunii Europene la valorile sale, curtarea intereselor fermierilor polonezi, ap\u0103rarea dreptului p\u0103rin\u021bilor de a-\u0219i cre\u0219te copiii, ap\u0103rarea unui tratament egal pentru companiile poloneze, un buget favorabil Poloniei.<\/p>\n<p>Primul care a luat cuv\u00e2ntul a fost pre\u0219edintele partidului Lege \u0219i Justi\u021bie, Jaroslaw Kaczynski, care a subliniat c\u0103 partidul s\u0103u mizeaz\u0103 pe familie, dar trebuie s\u0103 fim aten\u021bi la un mare pericol - cum ar fi atacul comis asupra copiilor. - Ei atac\u0103 politica noastr\u0103 social\u0103, spun\u00e2nd c\u0103 este vorba de poman\u0103. Fie nu vor s\u0103 \u00een\u021beleag\u0103, fie chiar nu \u00een\u021beleg care sunt cele dou\u0103 mari obiective ale acestei politici\", a spus Kaczy\u0144ski.<\/p>\n<p>\u00cen acela\u0219i timp, acesta a subliniat c\u0103 s\u0103r\u0103cia, \u0219i \u00een special s\u0103r\u0103cia, umile\u0219te \u0219i, \u00een multe cazuri, \u00eei r\u0103pe\u0219te demnitatea. - Acesta este un aspect pe care am reu\u0219it s\u0103 \u00eel reducem \u0219i pe care vom continua s\u0103 \u00eel reducem. Aceast\u0103 restaurare a demnit\u0103\u021bii poporului polonez este marele nostru obiectiv. Adversarii no\u0219tri nu \u00een\u021beleg acest obiectiv\", a subliniat el.<\/p>\n<p>Pre\u0219edintele Legisla\u021biei \u0219i Justi\u021biei a ad\u0103ugat c\u0103 programe precum programul 500 plus - inclusiv pentru primul copil - pot fi v\u0103zute ca o investi\u021bie. Dup\u0103 cum a subliniat acesta, aceste fonduri sunt de foarte multe ori destinate educa\u021biei copiilor sau \u00eembun\u0103t\u0103\u021birii situa\u021biei familiilor, precum \u0219i oferirii unei \u0219anse de a crede \u00een viitor. - Aceasta este o investi\u021bie uria\u0219\u0103 \u00een viitorul nostru, dar \u0219i \u00een prezentul nostru, pentru c\u0103 func\u021bioneaz\u0103 chiar acum, a subliniat el. - Dac\u0103 adversarii no\u0219tri vor c\u00e2\u0219tiga alegerile, vor lua mai \u00eent\u00e2i ceea ce am dat, \u00eencep\u00e2nd cu 500 plus \u0219i termin\u00e2nd cu pensiile anticipate. Vor lua pentru c\u0103, chiar dac\u0103 nu ar vrea s\u0103 ia, nu pot guverna\", a argumentat el.<\/p>\n<p>- Trebuie s\u0103 lup\u021bi, s\u0103 lup\u021bi \u0219i s\u0103 lup\u021bi. Trebuie s\u0103 mu\u0219ca\u021bi din iarb\u0103 \u0219i astfel s\u0103 c\u00e2\u0219tiga\u021bi - pentru Polonia, pentru polonezi, pentru familiile poloneze \u0219i pentru noi\", a declarat liderul Lege \u0219i Justi\u021bie.<\/p>\n<p>Mateusz Morawiecki, la r\u00e2ndul s\u0103u, a sus\u021binut c\u0103 vrea s\u0103 fie prim-ministru pentru clasa de mijloc din ce \u00een ce mai ad\u00e2ncit\u0103 a Poloniei, pentru polonezii din ora\u0219e, sate \u0219i comune, pentru oamenii care muncesc, pentru cei care au nevoie de sprijin, \u0219i nu pentru elita sau pentru puternicii acestei lumi, pentru c\u0103 ace\u0219tia - a\u0219a cum a subliniat premierul - se vor descurca.<\/p>\n<p>Potrivit lui Morawiecki, pentru partidul Lege \u0219i Justi\u021bie, europenismul \u00eenseamn\u0103 o via\u021b\u0103 mai bun\u0103 pentru polonezi. - Concuren\u021bii no\u0219tri politici \u00een\u021beleg europenismul ca pe o revolu\u021bie a obiceiurilor, ca pe implementarea unor nout\u0103\u021bi morale, o revolu\u021bie cultural\u0103, o viziune asupra lumii', a spus el.<\/p>\n<p>- Vom reprezenta \u00eentr-adev\u0103r interesele poloneze \u00een Uniunea European\u0103\". -a spus \u0219eful guvernului. - Vrem s\u0103 influen\u021b\u0103m soarta Europei. Am reu\u0219it foarte mult datorit\u0103 Grupului de la Vi\u0219egrad. Pentru a opri aceast\u0103 politic\u0103 nebun\u0103<br \/>\nlegate de refugia\u021bi, de migran\u021bi. Ar\u0103t\u0103m cum s\u0103 model\u0103m politicile \u00eentregii Uniuni Europene, p\u0103str\u00e2ndu-le \u00een acela\u0219i timp pe ale noastre.<br \/>\nIdentitatea \u0219i interesele poloneze. Acesta este angajamentul nostru \u0219i asta este ceea ce vom face\", a anun\u021bat el.<\/p>\n<p>Prim-ministrul a remarcat c\u0103 Polonia nu numai c\u0103 beneficiaz\u0103 de pe urma UE, dar \u00eei ofer\u0103 \u0219i ea \u00eens\u0103\u0219i foarte multe. - D\u0103m foarte mult Uniunii Europene \u0219i nu suntem recunosc\u0103tori UE doar pentru ceea ce primim. Ast\u0103zi ar\u0103t\u0103m cum s\u0103 gestion\u0103m sistemul fiscal, cum s\u0103 oferim modernitate, un salt \u00een modernitate combinat cu ap\u0103rarea tradi\u021biilor familiilor poloneze \u0219i un program social bogat\", a spus el.<\/p>\n<p>Dup\u0103 cum a subliniat, \u00eenainte de alegerile europarlamentare, avem \u00een vedere dou\u0103 viziuni ale Europei: o Europ\u0103 a patriei sau o Europ\u0103 f\u0103r\u0103 patrie. - Pentru mine, Europa este puternic\u0103 prin diversitatea sa, noi aducem multe Europei. Bog\u0103\u021bia Europei provine din diferite valori, for\u021be, sucuri vitale, propuneri, proiecte venite din diferite \u021b\u0103ri, inclusiv din Polonia\", a subliniat Morawiecki.<\/p>\n<p>Tomasz Por\u0119ba, \u0219eful staff-ului electoral al Partidului Lege \u0219i Justi\u021bie (PiS), care a petrecut mul\u021bi ani \u00een PE milit\u00e2nd, printre altele, pentru construc\u021bia rutei de transport Via Carpatia, a subliniat c\u0103 guvernul PiS propune o filozofie a dezvolt\u0103rii durabile, adic\u0103 investirea \u00een dezvoltarea \u00eentregii \u021b\u0103ri, nu doar a unor locuri sau ora\u0219e selectate.<\/p>\n<p>El a subliniat c\u0103 conven\u021bia PiS are loc \u00een Podkarpacie, deoarece aceasta este regiunea \u00een care se v\u0103d cel mai bine cele dou\u0103 filosofii de guvernare, reprezentate de guvernele de coali\u021bie PO-PSL \u0219i guvernele PiS. Potrivit acestuia, aceast\u0103 filozofie a fost juxtapus\u0103 \u00een 2015 cu filozofia de dezvoltare durabil\u0103 propus\u0103 de guvernul PiS. - Ne propunem s\u0103 investim \u00een \u00eentreaga Polonie. Ne propunem s\u0103 investim \u0219i s\u0103 pariem pe dezvoltarea \u00eentregii \u021b\u0103ri, nu doar a unor locuri selectate, a unor ora\u0219e selectate', a subliniat Por\u0119ba.<\/p>\n<p>Acesta este format din 12 puncte, la fel ca cele 12 stele mariane din steagul UE.<\/p>\n<ul>\n<li>\u00cen primul r\u00e2nd, vom ac\u021biona pentru ca UE s\u0103 revin\u0103 la valorile pe care le-au proclamat fondatorii s\u0103i \u0219i care trebuiau s\u0103 devin\u0103 fundamentul dezvolt\u0103rii sale.<\/li>\n<li>\u00a0\u00cen al doilea r\u00e2nd, protejarea dreptului p\u0103rin\u021bilor de a-\u0219i cre\u0219te copiii.<\/li>\n<li>\u00a0\u00cen al treilea r\u00e2nd, vom urm\u0103ri \u00een mod activ interesele fermierilor polonezi \u00een cadrul forumului UE.<\/li>\n<li>\u00cen al patrulea r\u00e2nd, vom negocia un nou buget favorabil Poloniei.<br \/>\nUE.<\/li>\n<li>\u00cen al cincilea r\u00e2nd, vom ap\u0103ra tratamentul egal al \u00eentreprinderilor poloneze pe pia\u021ba<br \/>\nPia\u021ba european\u0103.<\/li>\n<li>\u00cen al \u0219aselea r\u00e2nd, vom continua s\u0103 milit\u0103m eficient pentru<br \/>\nsecuritatea \u0219i protec\u021bia frontierelor externe ale UE.<\/li>\n<li>Ne vom lupta pentru a ne asigura c\u0103 consumatorii din \u00eentreaga Europ\u0103 sunt<br \/>\ntrata\u021bi \u00een mod egal \u0219i au avut acces la produse \u0219i bunuri de aceea\u0219i calitate.<br \/>\ncalitate.<\/li>\n<li>Lege \u0219i Justi\u021bie va \u00eencerca s\u0103 elimine standardele duble \u00een ceea ce prive\u0219te tratamentul statului \u00een cadrul UE.<\/li>\n<li>Ne vom str\u0103dui s\u0103 ne asigur\u0103m c\u0103 politica european\u0103 \u00een domeniul climei \u021bine cont de interesele poloneze.<\/li>\n<li>\u00cen al zecelea r\u00e2nd, o politic\u0103 de coeziune puternic\u0103, ca baz\u0103 pentru o dezvoltare rapid\u0103 \u0219i solidar\u0103 a UE.<\/li>\n<li>Vrem ca Europa s\u0103 ajute \u00een zonele de conflict.<\/li>\n<li>Ne opunem imigra\u021biei ilegale.<\/li>\n<\/ul>\n<p>Politicianul a subliniat c\u0103, pentru ca aceste puncte s\u0103 se realizeze \u0219i s\u0103 reu\u0219easc\u0103 s\u0103 conving\u0103 partenerii din Europa c\u0103 aceasta este calea corect\u0103 de urmat \u00een UE, PiS are nevoie de:<\/p>\n<ul>\n<li>angajamentul, sprijinul \u0219i \u00eencrederea \u00een noi c\u0103 ne \u00eendrept\u0103m \u00een aceast\u0103 direc\u021bie, astfel \u00eenc\u00e2t viitorul Poloniei s\u0103 fie acela al unei patrii puternice, bine organizate \u0219i func\u021bionale.<\/li>\n<\/ul>\n<p>Urm\u0103toarele locuri pe lista pentru PE sunt ocupate de: Bogdan Rzo\u0144ca, Ewa Leniart, Piotr Pilch \u0219i Krystyna Wr\u00f3blewska.<\/p>\n<p><em>text\/ foto Marta Olejnik\/ KS<\/em><\/p>\n<p><a href=\"https:\/\/marekkuchcinski.pl\/wp-content\/uploads\/2019\/03\/IMG_8102-1.jpg\"><img fetchpriority=\"high\" decoding=\"async\" class=\"alignnone size-full wp-image-13581\" src=\"https:\/\/marekkuchcinski.pl\/wp-content\/uploads\/2019\/03\/IMG_8102-1.jpg\" alt=\"IMG_8102\" width=\"4631\" height=\"3152\" srcset=\"https:\/\/marekkuchcinski.pl\/wp-content\/uploads\/2019\/03\/IMG_8102-1.jpg 2048w, https:\/\/marekkuchcinski.pl\/wp-content\/uploads\/2019\/03\/IMG_8102-1-300x204.jpg 300w, https:\/\/marekkuchcinski.pl\/wp-content\/uploads\/2019\/03\/IMG_8102-1-768x523.jpg 768w, https:\/\/marekkuchcinski.pl\/wp-content\/uploads\/2019\/03\/IMG_8102-1-1024x697.jpg 1024w\" sizes=\"(max-width: 4631px) 100vw, 4631px\" \/><\/a><a href=\"https:\/\/marekkuchcinski.pl\/wp-content\/uploads\/2019\/03\/IMG_8134.jpg\"><img decoding=\"async\" class=\"alignnone size-full wp-image-13594\" src=\"https:\/\/marekkuchcinski.pl\/wp-content\/uploads\/2019\/03\/IMG_8134.jpg\" alt=\"IMG_8134\" width=\"4746\" height=\"3057\" srcset=\"https:\/\/marekkuchcinski.pl\/wp-content\/uploads\/2019\/03\/IMG_8134.jpg 2048w, https:\/\/marekkuchcinski.pl\/wp-content\/uploads\/2019\/03\/IMG_8134-300x193.jpg 300w, https:\/\/marekkuchcinski.pl\/wp-content\/uploads\/2019\/03\/IMG_8134-768x495.jpg 768w, https:\/\/marekkuchcinski.pl\/wp-content\/uploads\/2019\/03\/IMG_8134-1024x660.jpg 1024w\" sizes=\"(max-width: 4746px) 100vw, 4746px\" \/><\/a><a href=\"https:\/\/marekkuchcinski.pl\/wp-content\/uploads\/2019\/03\/IMG_8118-1.jpg\"><img decoding=\"async\" class=\"alignnone size-full wp-image-13592\" src=\"https:\/\/marekkuchcinski.pl\/wp-content\/uploads\/2019\/03\/IMG_8118-1.jpg\" alt=\"IMG_8118\" width=\"5529\" height=\"3635\" srcset=\"https:\/\/marekkuchcinski.pl\/wp-content\/uploads\/2019\/03\/IMG_8118-1.jpg 2048w, https:\/\/marekkuchcinski.pl\/wp-content\/uploads\/2019\/03\/IMG_8118-1-300x197.jpg 300w, https:\/\/marekkuchcinski.pl\/wp-content\/uploads\/2019\/03\/IMG_8118-1-768x505.jpg 768w, https:\/\/marekkuchcinski.pl\/wp-content\/uploads\/2019\/03\/IMG_8118-1-1024x673.jpg 1024w\" sizes=\"(max-width: 5529px) 100vw, 5529px\" \/><\/a><a href=\"https:\/\/marekkuchcinski.pl\/wp-content\/uploads\/2019\/03\/IMG_8111.jpg\"><img loading=\"lazy\" decoding=\"async\" class=\"alignnone size-full wp-image-13590\" src=\"https:\/\/marekkuchcinski.pl\/wp-content\/uploads\/2019\/03\/IMG_8111.jpg\" alt=\"IMG_8111\" width=\"5509\" height=\"3836\" srcset=\"https:\/\/marekkuchcinski.pl\/wp-content\/uploads\/2019\/03\/IMG_8111.jpg 2048w, https:\/\/marekkuchcinski.pl\/wp-content\/uploads\/2019\/03\/IMG_8111-300x209.jpg 300w, https:\/\/marekkuchcinski.pl\/wp-content\/uploads\/2019\/03\/IMG_8111-768x535.jpg 768w, https:\/\/marekkuchcinski.pl\/wp-content\/uploads\/2019\/03\/IMG_8111-1024x713.jpg 1024w\" sizes=\"(max-width: 5509px) 100vw, 5509px\" \/><\/a><a href=\"https:\/\/marekkuchcinski.pl\/wp-content\/uploads\/2019\/03\/IMG_8020.jpg\"><img loading=\"lazy\" decoding=\"async\" class=\"alignnone size-full wp-image-13614\" src=\"https:\/\/marekkuchcinski.pl\/wp-content\/uploads\/2019\/03\/IMG_8020.jpg\" alt=\"IMG_8020\" width=\"5852\" height=\"3712\" srcset=\"https:\/\/marekkuchcinski.pl\/wp-content\/uploads\/2019\/03\/IMG_8020.jpg 2048w, https:\/\/marekkuchcinski.pl\/wp-content\/uploads\/2019\/03\/IMG_8020-300x190.jpg 300w, https:\/\/marekkuchcinski.pl\/wp-content\/uploads\/2019\/03\/IMG_8020-768x487.jpg 768w, https:\/\/marekkuchcinski.pl\/wp-content\/uploads\/2019\/03\/IMG_8020-1024x650.jpg 1024w\" sizes=\"(max-width: 5852px) 100vw, 5852px\" \/><\/a><a href=\"https:\/\/marekkuchcinski.pl\/wp-content\/uploads\/2019\/03\/IMG_8108-2.jpg\"><img loading=\"lazy\" decoding=\"async\" class=\"alignnone size-full wp-image-13580\" src=\"https:\/\/marekkuchcinski.pl\/wp-content\/uploads\/2019\/03\/IMG_8108-2.jpg\" alt=\"IMG_8108 2\" width=\"5210\" height=\"3435\" srcset=\"https:\/\/marekkuchcinski.pl\/wp-content\/uploads\/2019\/03\/IMG_8108-2.jpg 2048w, https:\/\/marekkuchcinski.pl\/wp-content\/uploads\/2019\/03\/IMG_8108-2-300x198.jpg 300w, https:\/\/marekkuchcinski.pl\/wp-content\/uploads\/2019\/03\/IMG_8108-2-768x506.jpg 768w, https:\/\/marekkuchcinski.pl\/wp-content\/uploads\/2019\/03\/IMG_8108-2-1024x675.jpg 1024w\" sizes=\"(max-width: 5210px) 100vw, 5210px\" \/><\/a><a href=\"https:\/\/marekkuchcinski.pl\/wp-content\/uploads\/2019\/03\/IMG_8248.jpg\"><img loading=\"lazy\" decoding=\"async\" class=\"alignnone size-full wp-image-13545\" src=\"https:\/\/marekkuchcinski.pl\/wp-content\/uploads\/2019\/03\/IMG_8248.jpg\" alt=\"IMG_8248\" width=\"5042\" height=\"3374\" srcset=\"https:\/\/marekkuchcinski.pl\/wp-content\/uploads\/2019\/03\/IMG_8248.jpg 2048w, https:\/\/marekkuchcinski.pl\/wp-content\/uploads\/2019\/03\/IMG_8248-300x201.jpg 300w, https:\/\/marekkuchcinski.pl\/wp-content\/uploads\/2019\/03\/IMG_8248-768x514.jpg 768w, https:\/\/marekkuchcinski.pl\/wp-content\/uploads\/2019\/03\/IMG_8248-1024x685.jpg 1024w\" sizes=\"(max-width: 5042px) 100vw, 5042px\" \/><\/a> <a href=\"https:\/\/marekkuchcinski.pl\/wp-content\/uploads\/2019\/03\/IMG_8261.jpg\"><img loading=\"lazy\" decoding=\"async\" class=\"alignnone size-full wp-image-13546\" src=\"https:\/\/marekkuchcinski.pl\/wp-content\/uploads\/2019\/03\/IMG_8261.jpg\" alt=\"IMG_8261\" width=\"4522\" height=\"3091\" srcset=\"https:\/\/marekkuchcinski.pl\/wp-content\/uploads\/2019\/03\/IMG_8261.jpg 2048w, https:\/\/marekkuchcinski.pl\/wp-content\/uploads\/2019\/03\/IMG_8261-300x205.jpg 300w, https:\/\/marekkuchcinski.pl\/wp-content\/uploads\/2019\/03\/IMG_8261-768x525.jpg 768w, https:\/\/marekkuchcinski.pl\/wp-content\/uploads\/2019\/03\/IMG_8261-1024x700.jpg 1024w\" sizes=\"(max-width: 4522px) 100vw, 4522px\" \/><\/a> <a href=\"https:\/\/marekkuchcinski.pl\/wp-content\/uploads\/2019\/03\/IMG_8289.jpg\"><img loading=\"lazy\" decoding=\"async\" class=\"alignnone size-full wp-image-13549\" src=\"https:\/\/marekkuchcinski.pl\/wp-content\/uploads\/2019\/03\/IMG_8289.jpg\" alt=\"IMG_8289\" width=\"5097\" height=\"3417\" srcset=\"https:\/\/marekkuchcinski.pl\/wp-content\/uploads\/2019\/03\/IMG_8289.jpg 2048w, https:\/\/marekkuchcinski.pl\/wp-content\/uploads\/2019\/03\/IMG_8289-300x201.jpg 300w, https:\/\/marekkuchcinski.pl\/wp-content\/uploads\/2019\/03\/IMG_8289-768x515.jpg 768w, https:\/\/marekkuchcinski.pl\/wp-content\/uploads\/2019\/03\/IMG_8289-1024x686.jpg 1024w\" sizes=\"(max-width: 5097px) 100vw, 5097px\" \/><\/a> <a href=\"https:\/\/marekkuchcinski.pl\/wp-content\/uploads\/2019\/03\/IMG_8271.jpg\"><img loading=\"lazy\" decoding=\"async\" class=\"alignnone size-full wp-image-13649\" src=\"https:\/\/marekkuchcinski.pl\/wp-content\/uploads\/2019\/03\/IMG_8271.jpg\" alt=\"IMG_8271\" width=\"2261\" height=\"1624\" srcset=\"https:\/\/marekkuchcinski.pl\/wp-content\/uploads\/2019\/03\/IMG_8271.jpg 2048w, https:\/\/marekkuchcinski.pl\/wp-content\/uploads\/2019\/03\/IMG_8271-300x215.jpg 300w, https:\/\/marekkuchcinski.pl\/wp-content\/uploads\/2019\/03\/IMG_8271-768x552.jpg 768w, https:\/\/marekkuchcinski.pl\/wp-content\/uploads\/2019\/03\/IMG_8271-1024x736.jpg 1024w\" sizes=\"(max-width: 2261px) 100vw, 2261px\" \/><\/a><a href=\"https:\/\/marekkuchcinski.pl\/wp-content\/uploads\/2019\/03\/IMG_8292.jpg\"><img loading=\"lazy\" decoding=\"async\" class=\"alignnone size-full wp-image-13551\" src=\"https:\/\/marekkuchcinski.pl\/wp-content\/uploads\/2019\/03\/IMG_8292.jpg\" alt=\"IMG_8292\" width=\"5126\" height=\"3676\" srcset=\"https:\/\/marekkuchcinski.pl\/wp-content\/uploads\/2019\/03\/IMG_8292.jpg 2048w, https:\/\/marekkuchcinski.pl\/wp-content\/uploads\/2019\/03\/IMG_8292-300x215.jpg 300w, https:\/\/marekkuchcinski.pl\/wp-content\/uploads\/2019\/03\/IMG_8292-768x551.jpg 768w, https:\/\/marekkuchcinski.pl\/wp-content\/uploads\/2019\/03\/IMG_8292-1024x734.jpg 1024w\" sizes=\"(max-width: 5126px) 100vw, 5126px\" \/><\/a><a href=\"https:\/\/marekkuchcinski.pl\/wp-content\/uploads\/2019\/03\/IMG_8095.jpg\"><img loading=\"lazy\" decoding=\"async\" class=\"alignnone size-full wp-image-13618\" src=\"https:\/\/marekkuchcinski.pl\/wp-content\/uploads\/2019\/03\/IMG_8095.jpg\" alt=\"IMG_8095\" width=\"4299\" height=\"3092\" srcset=\"https:\/\/marekkuchcinski.pl\/wp-content\/uploads\/2019\/03\/IMG_8095.jpg 2048w, https:\/\/marekkuchcinski.pl\/wp-content\/uploads\/2019\/03\/IMG_8095-300x216.jpg 300w, https:\/\/marekkuchcinski.pl\/wp-content\/uploads\/2019\/03\/IMG_8095-768x552.jpg 768w, https:\/\/marekkuchcinski.pl\/wp-content\/uploads\/2019\/03\/IMG_8095-1024x736.jpg 1024w\" sizes=\"(max-width: 4299px) 100vw, 4299px\" \/><\/a> <a href=\"https:\/\/marekkuchcinski.pl\/wp-content\/uploads\/2019\/03\/IMG_8210.jpg\"><img loading=\"lazy\" decoding=\"async\" class=\"alignnone size-full wp-image-13555\" src=\"https:\/\/marekkuchcinski.pl\/wp-content\/uploads\/2019\/03\/IMG_8210.jpg\" alt=\"IMG_8210\" width=\"5083\" height=\"3260\" srcset=\"https:\/\/marekkuchcinski.pl\/wp-content\/uploads\/2019\/03\/IMG_8210.jpg 2048w, https:\/\/marekkuchcinski.pl\/wp-content\/uploads\/2019\/03\/IMG_8210-300x192.jpg 300w, https:\/\/marekkuchcinski.pl\/wp-content\/uploads\/2019\/03\/IMG_8210-768x493.jpg 768w, https:\/\/marekkuchcinski.pl\/wp-content\/uploads\/2019\/03\/IMG_8210-1024x657.jpg 1024w\" sizes=\"(max-width: 5083px) 100vw, 5083px\" \/><\/a> <a href=\"https:\/\/marekkuchcinski.pl\/wp-content\/uploads\/2019\/03\/IMG_8192.jpg\"><img loading=\"lazy\" decoding=\"async\" class=\"alignnone size-full wp-image-13556\" src=\"https:\/\/marekkuchcinski.pl\/wp-content\/uploads\/2019\/03\/IMG_8192.jpg\" alt=\"IMG_8192\" width=\"4945\" height=\"3332\" srcset=\"https:\/\/marekkuchcinski.pl\/wp-content\/uploads\/2019\/03\/IMG_8192.jpg 2048w, https:\/\/marekkuchcinski.pl\/wp-content\/uploads\/2019\/03\/IMG_8192-300x202.jpg 300w, https:\/\/marekkuchcinski.pl\/wp-content\/uploads\/2019\/03\/IMG_8192-768x517.jpg 768w, https:\/\/marekkuchcinski.pl\/wp-content\/uploads\/2019\/03\/IMG_8192-1024x690.jpg 1024w\" sizes=\"(max-width: 4945px) 100vw, 4945px\" \/><\/a> <a href=\"https:\/\/marekkuchcinski.pl\/wp-content\/uploads\/2019\/03\/IMG_8148.jpg\"><img loading=\"lazy\" decoding=\"async\" class=\"alignnone size-full wp-image-13557\" src=\"https:\/\/marekkuchcinski.pl\/wp-content\/uploads\/2019\/03\/IMG_8148.jpg\" alt=\"IMG_8148\" width=\"5370\" height=\"3726\" srcset=\"https:\/\/marekkuchcinski.pl\/wp-content\/uploads\/2019\/03\/IMG_8148.jpg 2048w, https:\/\/marekkuchcinski.pl\/wp-content\/uploads\/2019\/03\/IMG_8148-300x208.jpg 300w, https:\/\/marekkuchcinski.pl\/wp-content\/uploads\/2019\/03\/IMG_8148-768x533.jpg 768w, https:\/\/marekkuchcinski.pl\/wp-content\/uploads\/2019\/03\/IMG_8148-1024x711.jpg 1024w\" sizes=\"(max-width: 5370px) 100vw, 5370px\" \/><\/a> <a href=\"https:\/\/marekkuchcinski.pl\/wp-content\/uploads\/2019\/03\/IMG_8041.jpg\"><img loading=\"lazy\" decoding=\"async\" class=\"alignnone size-full wp-image-13567\" src=\"https:\/\/marekkuchcinski.pl\/wp-content\/uploads\/2019\/03\/IMG_8041.jpg\" alt=\"IMG_8041\" width=\"5921\" height=\"3894\" srcset=\"https:\/\/marekkuchcinski.pl\/wp-content\/uploads\/2019\/03\/IMG_8041.jpg 2048w, https:\/\/marekkuchcinski.pl\/wp-content\/uploads\/2019\/03\/IMG_8041-300x197.jpg 300w, https:\/\/marekkuchcinski.pl\/wp-content\/uploads\/2019\/03\/IMG_8041-768x505.jpg 768w, https:\/\/marekkuchcinski.pl\/wp-content\/uploads\/2019\/03\/IMG_8041-1024x673.jpg 1024w\" sizes=\"(max-width: 5921px) 100vw, 5921px\" \/><\/a><a href=\"https:\/\/marekkuchcinski.pl\/wp-content\/uploads\/2019\/03\/IMG_8129.jpg\"><img loading=\"lazy\" decoding=\"async\" class=\"alignnone size-full wp-image-13558\" src=\"https:\/\/marekkuchcinski.pl\/wp-content\/uploads\/2019\/03\/IMG_8129.jpg\" alt=\"IMG_8129\" width=\"6240\" height=\"4160\" srcset=\"https:\/\/marekkuchcinski.pl\/wp-content\/uploads\/2019\/03\/IMG_8129.jpg 2048w, https:\/\/marekkuchcinski.pl\/wp-content\/uploads\/2019\/03\/IMG_8129-300x200.jpg 300w, https:\/\/marekkuchcinski.pl\/wp-content\/uploads\/2019\/03\/IMG_8129-768x512.jpg 768w, https:\/\/marekkuchcinski.pl\/wp-content\/uploads\/2019\/03\/IMG_8129-1024x683.jpg 1024w\" sizes=\"(max-width: 6240px) 100vw, 6240px\" \/><\/a> <a href=\"https:\/\/marekkuchcinski.pl\/wp-content\/uploads\/2019\/03\/IMG_8105.jpg\"><img loading=\"lazy\" decoding=\"async\" class=\"alignnone size-full wp-image-13562\" src=\"https:\/\/marekkuchcinski.pl\/wp-content\/uploads\/2019\/03\/IMG_8105.jpg\" alt=\"IMG_8105\" width=\"5628\" height=\"3966\" srcset=\"https:\/\/marekkuchcinski.pl\/wp-content\/uploads\/2019\/03\/IMG_8105.jpg 2048w, https:\/\/marekkuchcinski.pl\/wp-content\/uploads\/2019\/03\/IMG_8105-300x211.jpg 300w, https:\/\/marekkuchcinski.pl\/wp-content\/uploads\/2019\/03\/IMG_8105-768x541.jpg 768w, https:\/\/marekkuchcinski.pl\/wp-content\/uploads\/2019\/03\/IMG_8105-1024x722.jpg 1024w\" sizes=\"(max-width: 5628px) 100vw, 5628px\" \/><\/a> <a href=\"https:\/\/marekkuchcinski.pl\/wp-content\/uploads\/2019\/03\/IMG_8056.jpg\"><img loading=\"lazy\" decoding=\"async\" class=\"alignnone size-full wp-image-13566\" src=\"https:\/\/marekkuchcinski.pl\/wp-content\/uploads\/2019\/03\/IMG_8056.jpg\" alt=\"IMG_8056\" width=\"5354\" height=\"3807\" srcset=\"https:\/\/marekkuchcinski.pl\/wp-content\/uploads\/2019\/03\/IMG_8056.jpg 2048w, https:\/\/marekkuchcinski.pl\/wp-content\/uploads\/2019\/03\/IMG_8056-300x213.jpg 300w, https:\/\/marekkuchcinski.pl\/wp-content\/uploads\/2019\/03\/IMG_8056-768x546.jpg 768w, https:\/\/marekkuchcinski.pl\/wp-content\/uploads\/2019\/03\/IMG_8056-1024x728.jpg 1024w\" sizes=\"(max-width: 5354px) 100vw, 5354px\" \/><\/a> <a href=\"https:\/\/marekkuchcinski.pl\/wp-content\/uploads\/2019\/03\/IMG_7981.jpg\"><img loading=\"lazy\" decoding=\"async\" class=\"alignnone size-full wp-image-13571\" src=\"https:\/\/marekkuchcinski.pl\/wp-content\/uploads\/2019\/03\/IMG_7981.jpg\" alt=\"IMG_7981\" width=\"4254\" height=\"2919\" srcset=\"https:\/\/marekkuchcinski.pl\/wp-content\/uploads\/2019\/03\/IMG_7981.jpg 2048w, https:\/\/marekkuchcinski.pl\/wp-content\/uploads\/2019\/03\/IMG_7981-300x206.jpg 300w, https:\/\/marekkuchcinski.pl\/wp-content\/uploads\/2019\/03\/IMG_7981-768x527.jpg 768w, https:\/\/marekkuchcinski.pl\/wp-content\/uploads\/2019\/03\/IMG_7981-1024x703.jpg 1024w\" sizes=\"(max-width: 4254px) 100vw, 4254px\" \/><\/a><a href=\"https:\/\/marekkuchcinski.pl\/wp-content\/uploads\/2019\/03\/IMG_8161.jpg\"><img loading=\"lazy\" decoding=\"async\" class=\"alignnone size-full wp-image-13611\" src=\"https:\/\/marekkuchcinski.pl\/wp-content\/uploads\/2019\/03\/IMG_8161.jpg\" alt=\"IMG_8161\" width=\"4894\" height=\"3032\" srcset=\"https:\/\/marekkuchcinski.pl\/wp-content\/uploads\/2019\/03\/IMG_8161.jpg 2048w, https:\/\/marekkuchcinski.pl\/wp-content\/uploads\/2019\/03\/IMG_8161-300x186.jpg 300w, https:\/\/marekkuchcinski.pl\/wp-content\/uploads\/2019\/03\/IMG_8161-768x476.jpg 768w, https:\/\/marekkuchcinski.pl\/wp-content\/uploads\/2019\/03\/IMG_8161-1024x634.jpg 1024w\" sizes=\"(max-width: 4894px) 100vw, 4894px\" \/><\/a><a href=\"https:\/\/marekkuchcinski.pl\/wp-content\/uploads\/2019\/03\/IMG_8139.jpg\"><img loading=\"lazy\" decoding=\"async\" class=\"alignnone size-full wp-image-13574\" src=\"https:\/\/marekkuchcinski.pl\/wp-content\/uploads\/2019\/03\/IMG_8139.jpg\" alt=\"IMG_8139\" width=\"5176\" height=\"3453\" srcset=\"https:\/\/marekkuchcinski.pl\/wp-content\/uploads\/2019\/03\/IMG_8139.jpg 2048w, https:\/\/marekkuchcinski.pl\/wp-content\/uploads\/2019\/03\/IMG_8139-300x200.jpg 300w, https:\/\/marekkuchcinski.pl\/wp-content\/uploads\/2019\/03\/IMG_8139-768x512.jpg 768w, https:\/\/marekkuchcinski.pl\/wp-content\/uploads\/2019\/03\/IMG_8139-1024x683.jpg 1024w\" sizes=\"(max-width: 5176px) 100vw, 5176px\" \/><\/a> <a href=\"https:\/\/marekkuchcinski.pl\/wp-content\/uploads\/2019\/03\/IMG_8217.jpg\"><img loading=\"lazy\" decoding=\"async\" class=\"alignnone size-full wp-image-13578\" src=\"https:\/\/marekkuchcinski.pl\/wp-content\/uploads\/2019\/03\/IMG_8217.jpg\" alt=\"IMG_8217\" width=\"3106\" height=\"2224\" srcset=\"https:\/\/marekkuchcinski.pl\/wp-content\/uploads\/2019\/03\/IMG_8217.jpg 2048w, https:\/\/marekkuchcinski.pl\/wp-content\/uploads\/2019\/03\/IMG_8217-300x215.jpg 300w, https:\/\/marekkuchcinski.pl\/wp-content\/uploads\/2019\/03\/IMG_8217-768x550.jpg 768w, https:\/\/marekkuchcinski.pl\/wp-content\/uploads\/2019\/03\/IMG_8217-1024x733.jpg 1024w\" sizes=\"(max-width: 3106px) 100vw, 3106px\" \/><\/a> <a href=\"https:\/\/marekkuchcinski.pl\/wp-content\/uploads\/2019\/03\/IMG_7988.jpg\"><img loading=\"lazy\" decoding=\"async\" class=\"alignnone size-full wp-image-13583\" src=\"https:\/\/marekkuchcinski.pl\/wp-content\/uploads\/2019\/03\/IMG_7988.jpg\" alt=\"IMG_7988\" width=\"4193\" height=\"2674\" srcset=\"https:\/\/marekkuchcinski.pl\/wp-content\/uploads\/2019\/03\/IMG_7988.jpg 2048w, https:\/\/marekkuchcinski.pl\/wp-content\/uploads\/2019\/03\/IMG_7988-300x191.jpg 300w, https:\/\/marekkuchcinski.pl\/wp-content\/uploads\/2019\/03\/IMG_7988-768x490.jpg 768w, https:\/\/marekkuchcinski.pl\/wp-content\/uploads\/2019\/03\/IMG_7988-1024x653.jpg 1024w\" sizes=\"(max-width: 4193px) 100vw, 4193px\" \/><\/a><a href=\"https:\/\/marekkuchcinski.pl\/wp-content\/uploads\/2019\/03\/IMG_7996.jpg\"><img loading=\"lazy\" decoding=\"async\" class=\"alignnone size-full wp-image-13595\" src=\"https:\/\/marekkuchcinski.pl\/wp-content\/uploads\/2019\/03\/IMG_7996.jpg\" alt=\"IMG_7996\" width=\"5658\" height=\"3618\" srcset=\"https:\/\/marekkuchcinski.pl\/wp-content\/uploads\/2019\/03\/IMG_7996.jpg 2048w, https:\/\/marekkuchcinski.pl\/wp-content\/uploads\/2019\/03\/IMG_7996-300x192.jpg 300w, https:\/\/marekkuchcinski.pl\/wp-content\/uploads\/2019\/03\/IMG_7996-768x491.jpg 768w, https:\/\/marekkuchcinski.pl\/wp-content\/uploads\/2019\/03\/IMG_7996-1024x655.jpg 1024w\" sizes=\"(max-width: 5658px) 100vw, 5658px\" \/><\/a> <a href=\"https:\/\/marekkuchcinski.pl\/wp-content\/uploads\/2019\/03\/IMG_8067.jpg\"><img loading=\"lazy\" decoding=\"async\" class=\"alignnone size-full wp-image-13564\" src=\"https:\/\/marekkuchcinski.pl\/wp-content\/uploads\/2019\/03\/IMG_8067.jpg\" alt=\"IMG_8067\" width=\"5138\" height=\"3083\" srcset=\"https:\/\/marekkuchcinski.pl\/wp-content\/uploads\/2019\/03\/IMG_8067.jpg 2048w, https:\/\/marekkuchcinski.pl\/wp-content\/uploads\/2019\/03\/IMG_8067-300x180.jpg 300w, https:\/\/marekkuchcinski.pl\/wp-content\/uploads\/2019\/03\/IMG_8067-768x461.jpg 768w, https:\/\/marekkuchcinski.pl\/wp-content\/uploads\/2019\/03\/IMG_8067-1024x614.jpg 1024w\" sizes=\"(max-width: 5138px) 100vw, 5138px\" \/><\/a><a href=\"https:\/\/marekkuchcinski.pl\/wp-content\/uploads\/2019\/03\/IMG_8154.jpg\"><img loading=\"lazy\" decoding=\"async\" class=\"alignnone size-full wp-image-13613\" src=\"https:\/\/marekkuchcinski.pl\/wp-content\/uploads\/2019\/03\/IMG_8154.jpg\" alt=\"IMG_8154\" width=\"5107\" height=\"3478\" srcset=\"https:\/\/marekkuchcinski.pl\/wp-content\/uploads\/2019\/03\/IMG_8154.jpg 2048w, https:\/\/marekkuchcinski.pl\/wp-content\/uploads\/2019\/03\/IMG_8154-300x204.jpg 300w, https:\/\/marekkuchcinski.pl\/wp-content\/uploads\/2019\/03\/IMG_8154-768x523.jpg 768w, https:\/\/marekkuchcinski.pl\/wp-content\/uploads\/2019\/03\/IMG_8154-1024x697.jpg 1024w\" sizes=\"(max-width: 5107px) 100vw, 5107px\" \/><\/a><\/p>","protected":false},"excerpt":{"rendered":"<p>W swoim mateczniku &#8211; na Podkarpaciu &#8211; Prawo i Sprawiedliwo\u015b\u0107 rozpocz\u0119\u0142o kampani\u0119 do majowych wybor\u00f3w do Europarlamentu. W\u015br\u00f3d os\u00f3b startuj\u0105cych z pierwszego miejsca s\u0105 mi.in.: wicepremier Beata Szyd\u0142o, Szef MSWiA Joachim Brudzi\u0144ski, wicemarsza\u0142ek Senatu Adam Bielan, Jacek Saryusz-Wolski, Witold Waszczykowski, El\u017cbieta Kruk, Karol Karski, Zdzis\u0142aw Krasnod\u0119bski, minister edukacji Anna Zalewska i Anna Fotyga. Na wczorajszej [&hellip;]<\/p>","protected":false},"author":6,"featured_media":13581,"comment_status":"open","ping_status":"open","sticky":false,"template":"","format":"standard","meta":{"ngg_post_thumbnail":0,"footnotes":""},"categories":[49,82,3],"tags":[],"class_list":["post-13544","post","type-post","status-publish","format-standard","has-post-thumbnail","hentry","category-podkarpacie","category-prawo-i-sprawiedliwosc","category-wydarzenia"],"yoast_head":"<!-- This site is optimized with the Yoast SEO plugin v24.7 - https:\/\/yoast.com\/wordpress\/plugins\/seo\/ -->\n<title>Powr\u00f3t Unii Europejskiej do warto\u015bci, zabieganie o interesy polskich rolnik\u00f3w, obrona prawa rodzic\u00f3w do wychowania dzieci, obrona r\u00f3wnego traktowania polskich firm, korzystny dla Polski bud\u017cet - konwencja wyborcza do PE PiS na Podkarpaciu &#8211; Marek Kuchci\u0144ski<\/title>\n<meta name=\"robots\" content=\"index, follow, max-snippet:-1, max-image-preview:large, max-video-preview:-1\" \/>\n<link rel=\"canonical\" href=\"https:\/\/marekkuchcinski.pl\/ro\/wydarzenia\/powrot-unii-europejskiej-wartosci-zabieganie-o-interesy-polskich-rolnikow-obrona-prawa-rodzicow-wychowania-dzieci-obrona-rownego-traktowania-polskich-firm-korzystny-dla-polski-budzet-konwe\/\" \/>\n<meta property=\"og:locale\" content=\"ro_RO\" \/>\n<meta property=\"og:type\" content=\"article\" \/>\n<meta property=\"og:title\" content=\"Powr\u00f3t Unii Europejskiej do warto\u015bci, zabieganie o interesy polskich rolnik\u00f3w, obrona prawa rodzic\u00f3w do wychowania dzieci, obrona r\u00f3wnego traktowania polskich firm, korzystny dla Polski bud\u017cet - konwencja wyborcza do PE PiS na Podkarpaciu &#8211; Marek Kuchci\u0144ski\" \/>\n<meta property=\"og:description\" content=\"W swoim mateczniku &#8211; na Podkarpaciu &#8211; Prawo i Sprawiedliwo\u015b\u0107 rozpocz\u0119\u0142o kampani\u0119 do majowych wybor\u00f3w do Europarlamentu. W\u015br\u00f3d os\u00f3b startuj\u0105cych z pierwszego miejsca s\u0105 mi.in.: wicepremier Beata Szyd\u0142o, Szef MSWiA Joachim Brudzi\u0144ski, wicemarsza\u0142ek Senatu Adam Bielan, Jacek Saryusz-Wolski, Witold Waszczykowski, El\u017cbieta Kruk, Karol Karski, Zdzis\u0142aw Krasnod\u0119bski, minister edukacji Anna Zalewska i Anna Fotyga. Na wczorajszej [&hellip;]\" \/>\n<meta property=\"og:url\" content=\"https:\/\/marekkuchcinski.pl\/ro\/wydarzenia\/powrot-unii-europejskiej-wartosci-zabieganie-o-interesy-polskich-rolnikow-obrona-prawa-rodzicow-wychowania-dzieci-obrona-rownego-traktowania-polskich-firm-korzystny-dla-polski-budzet-konwe\/\" \/>\n<meta property=\"og:site_name\" content=\"Marek Kuchci\u0144ski\" \/>\n<meta property=\"article:published_time\" content=\"2019-03-10T10:50:42+00:00\" \/>\n<meta property=\"article:modified_time\" content=\"2019-03-11T14:53:23+00:00\" \/>\n<meta property=\"og:image\" content=\"https:\/\/marekkuchcinski.pl\/wp-content\/uploads\/2019\/03\/IMG_8102-1.jpg\" \/>\n\t<meta property=\"og:image:width\" content=\"2048\" \/>\n\t<meta property=\"og:image:height\" content=\"1394\" \/>\n\t<meta property=\"og:image:type\" content=\"image\/jpeg\" \/>\n<meta name=\"author\" content=\"admin\" \/>\n<meta name=\"twitter:card\" content=\"summary_large_image\" \/>\n<meta name=\"twitter:label1\" content=\"Scris de\" \/>\n\t<meta name=\"twitter:data1\" content=\"admin\" \/>\n\t<meta name=\"twitter:label2\" content=\"Timp estimat pentru citire\" \/>\n\t<meta name=\"twitter:data2\" content=\"5 minutes\" \/>\n<script type=\"application\/ld+json\" class=\"yoast-schema-graph\">{\"@context\":\"https:\/\/schema.org\",\"@graph\":[{\"@type\":\"Article\",\"@id\":\"https:\/\/marekkuchcinski.pl\/wydarzenia\/powrot-unii-europejskiej-wartosci-zabieganie-o-interesy-polskich-rolnikow-obrona-prawa-rodzicow-wychowania-dzieci-obrona-rownego-traktowania-polskich-firm-korzystny-dla-polski-budzet-konwe\/#article\",\"isPartOf\":{\"@id\":\"https:\/\/marekkuchcinski.pl\/wydarzenia\/powrot-unii-europejskiej-wartosci-zabieganie-o-interesy-polskich-rolnikow-obrona-prawa-rodzicow-wychowania-dzieci-obrona-rownego-traktowania-polskich-firm-korzystny-dla-polski-budzet-konwe\/\"},\"author\":{\"name\":\"admin\",\"@id\":\"https:\/\/marekkuchcinski.pl\/#\/schema\/person\/6f62700996b4d950b6ea2d1183b6c6be\"},\"headline\":\"Powr\u00f3t Unii Europejskiej do warto\u015bci, zabieganie o interesy polskich rolnik\u00f3w, obrona prawa rodzic\u00f3w do wychowania dzieci, obrona r\u00f3wnego traktowania polskich firm, korzystny dla Polski bud\u017cet &#8211; konwencja wyborcza do PE PiS na Podkarpaciu\",\"datePublished\":\"2019-03-10T10:50:42+00:00\",\"dateModified\":\"2019-03-11T14:53:23+00:00\",\"mainEntityOfPage\":{\"@id\":\"https:\/\/marekkuchcinski.pl\/wydarzenia\/powrot-unii-europejskiej-wartosci-zabieganie-o-interesy-polskich-rolnikow-obrona-prawa-rodzicow-wychowania-dzieci-obrona-rownego-traktowania-polskich-firm-korzystny-dla-polski-budzet-konwe\/\"},\"wordCount\":1118,\"commentCount\":0,\"publisher\":{\"@id\":\"https:\/\/marekkuchcinski.pl\/#organization\"},\"image\":{\"@id\":\"https:\/\/marekkuchcinski.pl\/wydarzenia\/powrot-unii-europejskiej-wartosci-zabieganie-o-interesy-polskich-rolnikow-obrona-prawa-rodzicow-wychowania-dzieci-obrona-rownego-traktowania-polskich-firm-korzystny-dla-polski-budzet-konwe\/#primaryimage\"},\"thumbnailUrl\":\"https:\/\/marekkuchcinski.pl\/wp-content\/uploads\/2019\/03\/IMG_8102-1.jpg\",\"articleSection\":[\"Podkarpacie\",\"Prawo i Sprawiedliwo\u015b\u0107\",\"Wydarzenia\"],\"inLanguage\":\"ro-RO\",\"potentialAction\":[{\"@type\":\"CommentAction\",\"name\":\"Comment\",\"target\":[\"https:\/\/marekkuchcinski.pl\/wydarzenia\/powrot-unii-europejskiej-wartosci-zabieganie-o-interesy-polskich-rolnikow-obrona-prawa-rodzicow-wychowania-dzieci-obrona-rownego-traktowania-polskich-firm-korzystny-dla-polski-budzet-konwe\/#respond\"]}]},{\"@type\":\"WebPage\",\"@id\":\"https:\/\/marekkuchcinski.pl\/wydarzenia\/powrot-unii-europejskiej-wartosci-zabieganie-o-interesy-polskich-rolnikow-obrona-prawa-rodzicow-wychowania-dzieci-obrona-rownego-traktowania-polskich-firm-korzystny-dla-polski-budzet-konwe\/\",\"url\":\"https:\/\/marekkuchcinski.pl\/wydarzenia\/powrot-unii-europejskiej-wartosci-zabieganie-o-interesy-polskich-rolnikow-obrona-prawa-rodzicow-wychowania-dzieci-obrona-rownego-traktowania-polskich-firm-korzystny-dla-polski-budzet-konwe\/\",\"name\":\"Powr\u00f3t Unii Europejskiej do warto\u015bci, zabieganie o interesy polskich rolnik\u00f3w, obrona prawa rodzic\u00f3w do wychowania dzieci, obrona r\u00f3wnego traktowania polskich firm, korzystny dla Polski bud\u017cet - konwencja wyborcza do PE PiS na Podkarpaciu &#8211; Marek Kuchci\u0144ski\",\"isPartOf\":{\"@id\":\"https:\/\/marekkuchcinski.pl\/#website\"},\"primaryImageOfPage\":{\"@id\":\"https:\/\/marekkuchcinski.pl\/wydarzenia\/powrot-unii-europejskiej-wartosci-zabieganie-o-interesy-polskich-rolnikow-obrona-prawa-rodzicow-wychowania-dzieci-obrona-rownego-traktowania-polskich-firm-korzystny-dla-polski-budzet-konwe\/#primaryimage\"},\"image\":{\"@id\":\"https:\/\/marekkuchcinski.pl\/wydarzenia\/powrot-unii-europejskiej-wartosci-zabieganie-o-interesy-polskich-rolnikow-obrona-prawa-rodzicow-wychowania-dzieci-obrona-rownego-traktowania-polskich-firm-korzystny-dla-polski-budzet-konwe\/#primaryimage\"},\"thumbnailUrl\":\"https:\/\/marekkuchcinski.pl\/wp-content\/uploads\/2019\/03\/IMG_8102-1.jpg\",\"datePublished\":\"2019-03-10T10:50:42+00:00\",\"dateModified\":\"2019-03-11T14:53:23+00:00\",\"breadcrumb\":{\"@id\":\"https:\/\/marekkuchcinski.pl\/wydarzenia\/powrot-unii-europejskiej-wartosci-zabieganie-o-interesy-polskich-rolnikow-obrona-prawa-rodzicow-wychowania-dzieci-obrona-rownego-traktowania-polskich-firm-korzystny-dla-polski-budzet-konwe\/#breadcrumb\"},\"inLanguage\":\"ro-RO\",\"potentialAction\":[{\"@type\":\"ReadAction\",\"target\":[\"https:\/\/marekkuchcinski.pl\/wydarzenia\/powrot-unii-europejskiej-wartosci-zabieganie-o-interesy-polskich-rolnikow-obrona-prawa-rodzicow-wychowania-dzieci-obrona-rownego-traktowania-polskich-firm-korzystny-dla-polski-budzet-konwe\/\"]}]},{\"@type\":\"ImageObject\",\"inLanguage\":\"ro-RO\",\"@id\":\"https:\/\/marekkuchcinski.pl\/wydarzenia\/powrot-unii-europejskiej-wartosci-zabieganie-o-interesy-polskich-rolnikow-obrona-prawa-rodzicow-wychowania-dzieci-obrona-rownego-traktowania-polskich-firm-korzystny-dla-polski-budzet-konwe\/#primaryimage\",\"url\":\"https:\/\/marekkuchcinski.pl\/wp-content\/uploads\/2019\/03\/IMG_8102-1.jpg\",\"contentUrl\":\"https:\/\/marekkuchcinski.pl\/wp-content\/uploads\/2019\/03\/IMG_8102-1.jpg\",\"width\":2048,\"height\":1394},{\"@type\":\"BreadcrumbList\",\"@id\":\"https:\/\/marekkuchcinski.pl\/wydarzenia\/powrot-unii-europejskiej-wartosci-zabieganie-o-interesy-polskich-rolnikow-obrona-prawa-rodzicow-wychowania-dzieci-obrona-rownego-traktowania-polskich-firm-korzystny-dla-polski-budzet-konwe\/#breadcrumb\",\"itemListElement\":[{\"@type\":\"ListItem\",\"position\":1,\"name\":\"Strona g\u0142\u00f3wna\",\"item\":\"https:\/\/marekkuchcinski.pl\/\"},{\"@type\":\"ListItem\",\"position\":2,\"name\":\"Powr\u00f3t Unii Europejskiej do warto\u015bci, zabieganie o interesy polskich rolnik\u00f3w, obrona prawa rodzic\u00f3w do wychowania dzieci, obrona r\u00f3wnego traktowania polskich firm, korzystny dla Polski bud\u017cet &#8211; konwencja wyborcza do PE PiS na Podkarpaciu\"}]},{\"@type\":\"WebSite\",\"@id\":\"https:\/\/marekkuchcinski.pl\/#website\",\"url\":\"https:\/\/marekkuchcinski.pl\/\",\"name\":\"Marek Kuchci\u0144ski\",\"description\":\"Pose\u0142 na sejm RP &ndash; okr\u0119g nr 22\",\"publisher\":{\"@id\":\"https:\/\/marekkuchcinski.pl\/#organization\"},\"potentialAction\":[{\"@type\":\"SearchAction\",\"target\":{\"@type\":\"EntryPoint\",\"urlTemplate\":\"https:\/\/marekkuchcinski.pl\/?s={search_term_string}\"},\"query-input\":{\"@type\":\"PropertyValueSpecification\",\"valueRequired\":true,\"valueName\":\"search_term_string\"}}],\"inLanguage\":\"ro-RO\"},{\"@type\":\"Organization\",\"@id\":\"https:\/\/marekkuchcinski.pl\/#organization\",\"name\":\"Marek Kuchci\u0144ski\",\"url\":\"https:\/\/marekkuchcinski.pl\/\",\"logo\":{\"@type\":\"ImageObject\",\"inLanguage\":\"ro-RO\",\"@id\":\"https:\/\/marekkuchcinski.pl\/#\/schema\/logo\/image\/\",\"url\":\"https:\/\/marekkuchcinski.pl\/wp-content\/uploads\/2022\/09\/Marek.jpg\",\"contentUrl\":\"https:\/\/marekkuchcinski.pl\/wp-content\/uploads\/2022\/09\/Marek.jpg\",\"width\":1600,\"height\":971,\"caption\":\"Marek Kuchci\u0144ski\"},\"image\":{\"@id\":\"https:\/\/marekkuchcinski.pl\/#\/schema\/logo\/image\/\"}},{\"@type\":\"Person\",\"@id\":\"https:\/\/marekkuchcinski.pl\/#\/schema\/person\/6f62700996b4d950b6ea2d1183b6c6be\",\"name\":\"admin\",\"image\":{\"@type\":\"ImageObject\",\"inLanguage\":\"ro-RO\",\"@id\":\"https:\/\/marekkuchcinski.pl\/#\/schema\/person\/image\/\",\"url\":\"https:\/\/secure.gravatar.com\/avatar\/4bab693b9d55c3d6b52c0296a8765085?s=96&d=mm&r=g\",\"contentUrl\":\"https:\/\/secure.gravatar.com\/avatar\/4bab693b9d55c3d6b52c0296a8765085?s=96&d=mm&r=g\",\"caption\":\"admin\"},\"url\":\"https:\/\/marekkuchcinski.pl\/ro\/author\/marta-olejnik\/\"}]}<\/script>\n<!-- \/ Yoast SEO plugin. -->","yoast_head_json":{"title":"Powr\u00f3t Unii Europejskiej do warto\u015bci, zabieganie o interesy polskich rolnik\u00f3w, obrona prawa rodzic\u00f3w do wychowania dzieci, obrona r\u00f3wnego traktowania polskich firm, korzystny dla Polski bud\u017cet - konwencja wyborcza do PE PiS na Podkarpaciu &#8211; Marek Kuchci\u0144ski","robots":{"index":"index","follow":"follow","max-snippet":"max-snippet:-1","max-image-preview":"max-image-preview:large","max-video-preview":"max-video-preview:-1"},"canonical":"https:\/\/marekkuchcinski.pl\/ro\/wydarzenia\/powrot-unii-europejskiej-wartosci-zabieganie-o-interesy-polskich-rolnikow-obrona-prawa-rodzicow-wychowania-dzieci-obrona-rownego-traktowania-polskich-firm-korzystny-dla-polski-budzet-konwe\/","og_locale":"ro_RO","og_type":"article","og_title":"Powr\u00f3t Unii Europejskiej do warto\u015bci, zabieganie o interesy polskich rolnik\u00f3w, obrona prawa rodzic\u00f3w do wychowania dzieci, obrona r\u00f3wnego traktowania polskich firm, korzystny dla Polski bud\u017cet - konwencja wyborcza do PE PiS na Podkarpaciu &#8211; Marek Kuchci\u0144ski","og_description":"W swoim mateczniku &#8211; na Podkarpaciu &#8211; Prawo i Sprawiedliwo\u015b\u0107 rozpocz\u0119\u0142o kampani\u0119 do majowych wybor\u00f3w do Europarlamentu. W\u015br\u00f3d os\u00f3b startuj\u0105cych z pierwszego miejsca s\u0105 mi.in.: wicepremier Beata Szyd\u0142o, Szef MSWiA Joachim Brudzi\u0144ski, wicemarsza\u0142ek Senatu Adam Bielan, Jacek Saryusz-Wolski, Witold Waszczykowski, El\u017cbieta Kruk, Karol Karski, Zdzis\u0142aw Krasnod\u0119bski, minister edukacji Anna Zalewska i Anna Fotyga. Na wczorajszej [&hellip;]","og_url":"https:\/\/marekkuchcinski.pl\/ro\/wydarzenia\/powrot-unii-europejskiej-wartosci-zabieganie-o-interesy-polskich-rolnikow-obrona-prawa-rodzicow-wychowania-dzieci-obrona-rownego-traktowania-polskich-firm-korzystny-dla-polski-budzet-konwe\/","og_site_name":"Marek Kuchci\u0144ski","article_published_time":"2019-03-10T10:50:42+00:00","article_modified_time":"2019-03-11T14:53:23+00:00","og_image":[{"width":2048,"height":1394,"url":"https:\/\/marekkuchcinski.pl\/wp-content\/uploads\/2019\/03\/IMG_8102-1.jpg","type":"image\/jpeg"}],"author":"admin","twitter_card":"summary_large_image","twitter_misc":{"Scris de":"admin","Timp estimat pentru citire":"5 minutes"},"schema":{"@context":"https:\/\/schema.org","@graph":[{"@type":"Article","@id":"https:\/\/marekkuchcinski.pl\/wydarzenia\/powrot-unii-europejskiej-wartosci-zabieganie-o-interesy-polskich-rolnikow-obrona-prawa-rodzicow-wychowania-dzieci-obrona-rownego-traktowania-polskich-firm-korzystny-dla-polski-budzet-konwe\/#article","isPartOf":{"@id":"https:\/\/marekkuchcinski.pl\/wydarzenia\/powrot-unii-europejskiej-wartosci-zabieganie-o-interesy-polskich-rolnikow-obrona-prawa-rodzicow-wychowania-dzieci-obrona-rownego-traktowania-polskich-firm-korzystny-dla-polski-budzet-konwe\/"},"author":{"name":"admin","@id":"https:\/\/marekkuchcinski.pl\/#\/schema\/person\/6f62700996b4d950b6ea2d1183b6c6be"},"headline":"Powr\u00f3t Unii Europejskiej do warto\u015bci, zabieganie o interesy polskich rolnik\u00f3w, obrona prawa rodzic\u00f3w do wychowania dzieci, obrona r\u00f3wnego traktowania polskich firm, korzystny dla Polski bud\u017cet &#8211; konwencja wyborcza do PE PiS na Podkarpaciu","datePublished":"2019-03-10T10:50:42+00:00","dateModified":"2019-03-11T14:53:23+00:00","mainEntityOfPage":{"@id":"https:\/\/marekkuchcinski.pl\/wydarzenia\/powrot-unii-europejskiej-wartosci-zabieganie-o-interesy-polskich-rolnikow-obrona-prawa-rodzicow-wychowania-dzieci-obrona-rownego-traktowania-polskich-firm-korzystny-dla-polski-budzet-konwe\/"},"wordCount":1118,"commentCount":0,"publisher":{"@id":"https:\/\/marekkuchcinski.pl\/#organization"},"image":{"@id":"https:\/\/marekkuchcinski.pl\/wydarzenia\/powrot-unii-europejskiej-wartosci-zabieganie-o-interesy-polskich-rolnikow-obrona-prawa-rodzicow-wychowania-dzieci-obrona-rownego-traktowania-polskich-firm-korzystny-dla-polski-budzet-konwe\/#primaryimage"},"thumbnailUrl":"https:\/\/marekkuchcinski.pl\/wp-content\/uploads\/2019\/03\/IMG_8102-1.jpg","articleSection":["Podkarpacie","Prawo i Sprawiedliwo\u015b\u0107","Wydarzenia"],"inLanguage":"ro-RO","potentialAction":[{"@type":"CommentAction","name":"Comment","target":["https:\/\/marekkuchcinski.pl\/wydarzenia\/powrot-unii-europejskiej-wartosci-zabieganie-o-interesy-polskich-rolnikow-obrona-prawa-rodzicow-wychowania-dzieci-obrona-rownego-traktowania-polskich-firm-korzystny-dla-polski-budzet-konwe\/#respond"]}]},{"@type":"WebPage","@id":"https:\/\/marekkuchcinski.pl\/wydarzenia\/powrot-unii-europejskiej-wartosci-zabieganie-o-interesy-polskich-rolnikow-obrona-prawa-rodzicow-wychowania-dzieci-obrona-rownego-traktowania-polskich-firm-korzystny-dla-polski-budzet-konwe\/","url":"https:\/\/marekkuchcinski.pl\/wydarzenia\/powrot-unii-europejskiej-wartosci-zabieganie-o-interesy-polskich-rolnikow-obrona-prawa-rodzicow-wychowania-dzieci-obrona-rownego-traktowania-polskich-firm-korzystny-dla-polski-budzet-konwe\/","name":"Powr\u00f3t Unii Europejskiej do warto\u015bci, zabieganie o interesy polskich rolnik\u00f3w, obrona prawa rodzic\u00f3w do wychowania dzieci, obrona r\u00f3wnego traktowania polskich firm, korzystny dla Polski bud\u017cet - konwencja wyborcza do PE PiS na Podkarpaciu &#8211; Marek Kuchci\u0144ski","isPartOf":{"@id":"https:\/\/marekkuchcinski.pl\/#website"},"primaryImageOfPage":{"@id":"https:\/\/marekkuchcinski.pl\/wydarzenia\/powrot-unii-europejskiej-wartosci-zabieganie-o-interesy-polskich-rolnikow-obrona-prawa-rodzicow-wychowania-dzieci-obrona-rownego-traktowania-polskich-firm-korzystny-dla-polski-budzet-konwe\/#primaryimage"},"image":{"@id":"https:\/\/marekkuchcinski.pl\/wydarzenia\/powrot-unii-europejskiej-wartosci-zabieganie-o-interesy-polskich-rolnikow-obrona-prawa-rodzicow-wychowania-dzieci-obrona-rownego-traktowania-polskich-firm-korzystny-dla-polski-budzet-konwe\/#primaryimage"},"thumbnailUrl":"https:\/\/marekkuchcinski.pl\/wp-content\/uploads\/2019\/03\/IMG_8102-1.jpg","datePublished":"2019-03-10T10:50:42+00:00","dateModified":"2019-03-11T14:53:23+00:00","breadcrumb":{"@id":"https:\/\/marekkuchcinski.pl\/wydarzenia\/powrot-unii-europejskiej-wartosci-zabieganie-o-interesy-polskich-rolnikow-obrona-prawa-rodzicow-wychowania-dzieci-obrona-rownego-traktowania-polskich-firm-korzystny-dla-polski-budzet-konwe\/#breadcrumb"},"inLanguage":"ro-RO","potentialAction":[{"@type":"ReadAction","target":["https:\/\/marekkuchcinski.pl\/wydarzenia\/powrot-unii-europejskiej-wartosci-zabieganie-o-interesy-polskich-rolnikow-obrona-prawa-rodzicow-wychowania-dzieci-obrona-rownego-traktowania-polskich-firm-korzystny-dla-polski-budzet-konwe\/"]}]},{"@type":"ImageObject","inLanguage":"ro-RO","@id":"https:\/\/marekkuchcinski.pl\/wydarzenia\/powrot-unii-europejskiej-wartosci-zabieganie-o-interesy-polskich-rolnikow-obrona-prawa-rodzicow-wychowania-dzieci-obrona-rownego-traktowania-polskich-firm-korzystny-dla-polski-budzet-konwe\/#primaryimage","url":"https:\/\/marekkuchcinski.pl\/wp-content\/uploads\/2019\/03\/IMG_8102-1.jpg","contentUrl":"https:\/\/marekkuchcinski.pl\/wp-content\/uploads\/2019\/03\/IMG_8102-1.jpg","width":2048,"height":1394},{"@type":"BreadcrumbList","@id":"https:\/\/marekkuchcinski.pl\/wydarzenia\/powrot-unii-europejskiej-wartosci-zabieganie-o-interesy-polskich-rolnikow-obrona-prawa-rodzicow-wychowania-dzieci-obrona-rownego-traktowania-polskich-firm-korzystny-dla-polski-budzet-konwe\/#breadcrumb","itemListElement":[{"@type":"ListItem","position":1,"name":"Strona g\u0142\u00f3wna","item":"https:\/\/marekkuchcinski.pl\/"},{"@type":"ListItem","position":2,"name":"Powr\u00f3t Unii Europejskiej do warto\u015bci, zabieganie o interesy polskich rolnik\u00f3w, obrona prawa rodzic\u00f3w do wychowania dzieci, obrona r\u00f3wnego traktowania polskich firm, korzystny dla Polski bud\u017cet &#8211; konwencja wyborcza do PE PiS na Podkarpaciu"}]},{"@type":"WebSite","@id":"https:\/\/marekkuchcinski.pl\/#website","url":"https:\/\/marekkuchcinski.pl\/","name":"Marek Kuchci\u0144ski","description":"Pose\u0142 na sejm RP &ndash; okr\u0119g nr 22","publisher":{"@id":"https:\/\/marekkuchcinski.pl\/#organization"},"potentialAction":[{"@type":"SearchAction","target":{"@type":"EntryPoint","urlTemplate":"https:\/\/marekkuchcinski.pl\/?s={search_term_string}"},"query-input":{"@type":"PropertyValueSpecification","valueRequired":true,"valueName":"search_term_string"}}],"inLanguage":"ro-RO"},{"@type":"Organization","@id":"https:\/\/marekkuchcinski.pl\/#organization","name":"Marek Kuchci\u0144ski","url":"https:\/\/marekkuchcinski.pl\/","logo":{"@type":"ImageObject","inLanguage":"ro-RO","@id":"https:\/\/marekkuchcinski.pl\/#\/schema\/logo\/image\/","url":"https:\/\/marekkuchcinski.pl\/wp-content\/uploads\/2022\/09\/Marek.jpg","contentUrl":"https:\/\/marekkuchcinski.pl\/wp-content\/uploads\/2022\/09\/Marek.jpg","width":1600,"height":971,"caption":"Marek Kuchci\u0144ski"},"image":{"@id":"https:\/\/marekkuchcinski.pl\/#\/schema\/logo\/image\/"}},{"@type":"Person","@id":"https:\/\/marekkuchcinski.pl\/#\/schema\/person\/6f62700996b4d950b6ea2d1183b6c6be","name":"admin","image":{"@type":"ImageObject","inLanguage":"ro-RO","@id":"https:\/\/marekkuchcinski.pl\/#\/schema\/person\/image\/","url":"https:\/\/secure.gravatar.com\/avatar\/4bab693b9d55c3d6b52c0296a8765085?s=96&d=mm&r=g","contentUrl":"https:\/\/secure.gravatar.com\/avatar\/4bab693b9d55c3d6b52c0296a8765085?s=96&d=mm&r=g","caption":"admin"},"url":"https:\/\/marekkuchcinski.pl\/ro\/author\/marta-olejnik\/"}]}},"_links":{"self":[{"href":"https:\/\/marekkuchcinski.pl\/ro\/wp-json\/wp\/v2\/posts\/13544","targetHints":{"allow":["GET"]}}],"collection":[{"href":"https:\/\/marekkuchcinski.pl\/ro\/wp-json\/wp\/v2\/posts"}],"about":[{"href":"https:\/\/marekkuchcinski.pl\/ro\/wp-json\/wp\/v2\/types\/post"}],"author":[{"embeddable":true,"href":"https:\/\/marekkuchcinski.pl\/ro\/wp-json\/wp\/v2\/users\/6"}],"replies":[{"embeddable":true,"href":"https:\/\/marekkuchcinski.pl\/ro\/wp-json\/wp\/v2\/comments?post=13544"}],"version-history":[{"count":30,"href":"https:\/\/marekkuchcinski.pl\/ro\/wp-json\/wp\/v2\/posts\/13544\/revisions"}],"predecessor-version":[{"id":13651,"href":"https:\/\/marekkuchcinski.pl\/ro\/wp-json\/wp\/v2\/posts\/13544\/revisions\/13651"}],"wp:featuredmedia":[{"embeddable":true,"href":"https:\/\/marekkuchcinski.pl\/ro\/wp-json\/wp\/v2\/media\/13581"}],"wp:attachment":[{"href":"https:\/\/marekkuchcinski.pl\/ro\/wp-json\/wp\/v2\/media?parent=13544"}],"wp:term":[{"taxonomy":"category","embeddable":true,"href":"https:\/\/marekkuchcinski.pl\/ro\/wp-json\/wp\/v2\/categories?post=13544"},{"taxonomy":"post_tag","embeddable":true,"href":"https:\/\/marekkuchcinski.pl\/ro\/wp-json\/wp\/v2\/tags?post=13544"}],"curies":[{"name":"wp","href":"https:\/\/api.w.org\/{rel}","templated":true}]}}